{"id":12263,"date":"2023-07-21T21:28:58","date_gmt":"2023-07-21T21:28:58","guid":{"rendered":"https:\/\/goroskop.tv\/ge\/ritter-der-schwerter-als-person-vertikal-und\/"},"modified":"2023-07-21T21:28:58","modified_gmt":"2023-07-21T21:28:58","slug":"ritter-der-schwerter-als-person-vertikal-und","status":"publish","type":"post","link":"https:\/\/goroskop.tv\/ge\/ritter-der-schwerter-als-person-vertikal-und\/","title":{"rendered":"Ritter der Schwerter als Person: Vertikal und"},"content":{"rendered":"<p> <\/p>\n<h2><span class=\"ez-toc-section\" id=\"Ritter_der_Schwerter_als_Person_Vertikal_und\"><\/span><span class=\"ez-toc-section\" id=\"Caballero_de_Espadas_como_Persona_Vertical_y\"><\/span>  Ritter der Schwerter als Person: Vertikal und<span class=\"ez-toc-section-end\"><\/span><span class=\"ez-toc-section-end\"><\/span><\/h2>\n<p>Der Ritter der Schwerter ist eine Person, die ein Gef\u00fchl kontrollierter St\u00e4rke und Entschlossenheit ausstrahlt. <\/p>\n<p>  Sie sind ein strategischer Denker, der schwierige Aufgaben mit unersch\u00fctterlicher Konzentration und klaren Gedanken angehen kann. <\/p>\n<p>Er ist ein \u00e4u\u00dferst unabh\u00e4ngiger Mensch, der keine Angst davor hat, Herausforderungen anzunehmen und sich im Angesicht von Widrigkeiten zu behaupten.<\/p>\n<h2><span class=\"ez-toc-section\" id=\"Ritter_der_Schwerter_als_Person\"><\/span><span class=\"ez-toc-section\" id=\"Caballero_de_espadas_como_persona\"><\/span>Ritter der Schwerter als Person<span class=\"ez-toc-section-end\"><\/span><span class=\"ez-toc-section-end\"><\/span><\/h2>\n<p>Als mutiger und energischer Mensch ist der Ritter der Schwerter immer bereit f\u00fcr eine neue und aufregende Erfahrung und ist nie frei von Gefahren. <\/p>\n<p>Diera Person ist sehr selbstbewusst, charmant und positiv und stets bereit, sich neuen Herausforderungen zu stellen und der Welt einen bleibenden Eindruck zu hinterlassen. <\/p>\n<p>Sie haben keine Angst davor, Ver\u00e4nderungen und Unsicherheiten hinzunehmen, da sie von Natur aus mutig sind und kein Problem damit haben.<\/p>\n<p>Der Ritter der Schwerter ist ein treuer Freund und leidenschaftlich in seinen Beziehungen, und er ist immer da, um den Menschen, die ihm am Herzen liegen, Unterst\u00fctzung und Ermutigung zu geben. <\/p>\n<p>  Sie sind bekannt f\u00fcr ihren Einfallsreichtum und ihre F\u00e4higkeit, einen Raum mit grenzenloser Energie und Begeisterung zu beleben. <\/p>\n<p>Andererseits sind sie auch in der Lage, r\u00fccksichtslos und unbesonnen zu handeln und oft zu handeln, ohne die Auswirkungen ihres Handelns genau zu verstehen.<\/p>\n<p>Bei der Arbeit ist der Ritter der Schwerter ein geborener Anf\u00fchrer, der Menschen inspiriert und ermutigt, ihre Ziele zu erreichen, indem er ein Beispiel gibt, dem sie folgen k\u00f6nnen. <\/p>\n<p>Sie sind sehr zielorientiert und haben eine starke Arbeitsmoral;  Daher streben sie stets nach neuen Leistungsniveaus. <\/p>\n<p>  Sie sind au\u00dferdem au\u00dfergew\u00f6hnliche Kommunikatoren, die ihre Ansichten effektiv kommunizieren und Menschen dazu motivieren, das, was sie sagen, in die Tat umzusetzen.<\/p>\n<p>Verwandt: <span style=\"text-decoration: underline;\">Ritter der Schwerter als Gef\u00fchle in Liebe und Beziehungen<\/span><\/p>\n<h2><span class=\"ez-toc-section\" id=\"Ritter_der_Schwerter_als_Person_Auf_den_Kopf_gestellt\"><\/span><span class=\"ez-toc-section\" id=\"Caballero_de_espadas_como_persona_al_reves\"><\/span>Ritter der Schwerter als Person: Auf den Kopf gestellt<span class=\"ez-toc-section-end\"><\/span><span class=\"ez-toc-section-end\"><\/span><\/h2>\n<p>In der umgekehrten Position kann der Ritter der Schwerter \u00fcberm\u00e4\u00dfig aggressiv werden, impulsiv handeln und voreilige Entscheidungen treffen, ohne die Konsequenzen vollst\u00e4ndig abzuw\u00e4gen. <\/p>\n<p>  Sie k\u00f6nnen auch arrogant und herablassend werden, ohne R\u00fccksicht auf die Gef\u00fchle und Meinungen anderer. <\/p>\n<p>Dieses Verhalten kann zu angespannten Beziehungen und Schwierigkeiten sowohl im pers\u00f6nlichen als auch im beruflichen Bereich f\u00fchren.<\/p>\n<p>Wenn es um ihr Privatleben geht, kann es f\u00fcr diejenigen, die den Ritter der Schwerter umgekehrt haben, schwierig sein, ihr emotionales Gleichgewicht zu bewahren, was zu Wutausbr\u00fcchen und Frustration f\u00fchrt. <\/p>\n<p>Sie k\u00f6nnen auch schnell unruhig und gelangweilt werden und suchen nach neuen und aufregenden Aktivit\u00e4ten, um ihren Drang nach Aufregung und neuen Herausforderungen zu stillen.<\/p>\n<p>Bei der Arbeit ist eine Person, die den Ritter der Schwerter in umgekehrter Position tr\u00e4gt, m\u00f6glicherweise zu sehr mit ihren Zielen besch\u00e4ftigt und l\u00e4sst dabei die Anforderungen und Ansichten ihrer Kollegen und Teammitglieder au\u00dfer Acht. <\/p>\n<p>M\u00f6glicherweise f\u00e4llt es ihnen auch schwer, ihren Fokus und ihre Richtung beizubehalten, und es mangelt ihnen daher an der Leidenschaft und dem Antrieb, die zum Erreichen ihrer Ziele erforderlich sind.<\/p>\n<h2><span class=\"ez-toc-section\" id=\"Abschluss\"><\/span><span class=\"ez-toc-section\" id=\"Conclusion\"><\/span>Abschluss<span class=\"ez-toc-section-end\"><\/span><span class=\"ez-toc-section-end\"><\/span><\/h2>\n<p>Der Ritter der Schwerter ist sehr selbstbewusst und dynamisch und kann andere inspirieren und gro\u00dfe Wirkung erzielen. <\/p>\n<p>In der aufrechten Position sind sie leidenschaftlich und abenteuerlustig, in der umgekehrten Position k\u00f6nnen sie jedoch \u00fcberm\u00e4\u00dfig aggressiv und impulsiv werden, was zu Schwierigkeiten in ihren Beziehungen und im Privatleben f\u00fchrt. <\/p>\n<p>Um sein volles Potenzial auszusch\u00f6pfen, muss der Ritter der Schwerter ein gesundes Gleichgewicht zwischen seiner Abenteuerlust und seinen Interaktionen mit anderen finden.<\/p>\n<p>Wir hoffen, dass Ihnen unser Artikel Ritter der Schwerter als Person: Vertikal und alles rund um Horoskop, Tarot, Rituale und alles, was damit zusammenh\u00e4ngt, gefallen hat &#8230;<\/p>\n<figure class=\"wp-block-table is-style-regular\">\n<\/figure>\n<p>Interessante Dinge, um die Bedeutung zu kennen: Rituale  <\/p>\n<p>Auch hier hinterlassen wir Themen im Zusammenhang mit: Rituale <\/p>\n<\/p>\n<p><\/p>\n<p>Wir hoffen, dass Ihnen unser Artikel Ritter der Schwerter als Person: Vertikal und<br \/>\n und alles rund um Horoskope, Tarot, Rituale und alles, was damit zusammenh\u00e4ngt, gefallen hat &#8230;<\/p>\n<figure class=\"wp-block-table is-style-regular\">\n<table style=\"width: 284px; height: 157px;\">\n<tbody>\n<tr>\n<td class=\"has-text-align-center\" data-align=\"center\"><img loading=\"lazy\" decoding=\"async\" class=\"alignleft\" src=\" https:\/\/goroskop.tv\/wp-content\/uploads\/2023\/05\/rituales4.jpg \" alt=\" Ritter der Schwerter als Person: Vertikal und\n \" width=\"65\" height=\"95\" title=\"\"><img loading=\"lazy\" decoding=\"async\" class=\"alignleft\" style=\"width: 60px;\" src=\" https:\/\/goroskop.tv\/wp-content\/uploads\/2023\/05\/rituales5.jpg \" alt=\" Ritter der Schwerter als Person: Vertikal und\n \" width=\"195\" height=\"300\" title=\"\"><img decoding=\"async\" class=\"alignleft\" style=\"width: 60px;\" src=\" https:\/\/goroskop.tv\/wp-content\/uploads\/2023\/05\/rituales6.webp \" alt=\" Ritter der Schwerter als Person: Vertikal und\n \" title=\"\"><\/td>\n<\/td>\n<\/tr>\n<\/tbody>\n<\/table>\n<\/figure>\n<p>Interessante Dinge, um die Bedeutung zu kennen: <a href=\"https:\/\/de.wikipedia.org\/wiki\/Rituale\" target=\"_blank\" rel=\"nofollow noopener\"> Rituale <\/a> <\/p>\n<p>Auch hier hinterlassen wir Themen im Zusammenhang mit: <a href=\" https:\/\/goroskop.tv\/ge\/was-ziehe-ich-an-um-einen-skorpion-mann-anzulocken\/\">Rituale<\/a> <\/p>\n<div id=\"ez-toc-container\" class=\"ez-toc-v2_0_82_2 ez-toc-wrap-center counter-hierarchy ez-toc-counter ez-toc-grey ez-toc-container-direction\">\n<div class=\"ez-toc-title-container\">\n<div class=\"ez-toc-title ez-toc-toggle\" style=\"cursor:pointer\">Table of Contents<\/div>\n<span class=\"ez-toc-title-toggle\"><a href=\"#\" class=\"ez-toc-pull-right ez-toc-btn ez-toc-btn-xs ez-toc-btn-default ez-toc-toggle\" aria-label=\"Alternar tabla de contenidos\"><span class=\"ez-toc-js-icon-con\"><span class=\"\"><span class=\"eztoc-hide\" style=\"display:none;\">Toggle<\/span><span class=\"ez-toc-icon-toggle-span\"><svg style=\"fill: #999;color:#999\" xmlns=\"http:\/\/www.w3.org\/2000\/svg\" class=\"list-377408\" width=\"20px\" height=\"20px\" viewBox=\"0 0 24 24\" fill=\"none\"><path d=\"M6 6H4v2h2V6zm14 0H8v2h12V6zM4 11h2v2H4v-2zm16 0H8v2h12v-2zM4 16h2v2H4v-2zm16 0H8v2h12v-2z\" fill=\"currentColor\"><\/path><\/svg><svg style=\"fill: #999;color:#999\" class=\"arrow-unsorted-368013\" xmlns=\"http:\/\/www.w3.org\/2000\/svg\" width=\"10px\" height=\"10px\" viewBox=\"0 0 24 24\" version=\"1.2\" baseProfile=\"tiny\"><path d=\"M18.2 9.3l-6.2-6.3-6.2 6.3c-.2.2-.3.4-.3.7s.1.5.3.7c.2.2.4.3.7.3h11c.3 0 .5-.1.7-.3.2-.2.3-.5.3-.7s-.1-.5-.3-.7zM5.8 14.7l6.2 6.3 6.2-6.3c.2-.2.3-.5.3-.7s-.1-.5-.3-.7c-.2-.2-.4-.3-.7-.3h-11c-.3 0-.5.1-.7.3-.2.2-.3.5-.3.7s.1.5.3.7z\"\/><\/svg><\/span><\/span><\/span><\/a><\/span><\/div>\n<nav><ul class='ez-toc-list ez-toc-list-level-1 eztoc-toggle-hide-by-default' ><li class='ez-toc-page-1 ez-toc-heading-level-2'><a class=\"ez-toc-link ez-toc-heading-1\" href=\"https:\/\/goroskop.tv\/ge\/ritter-der-schwerter-als-person-vertikal-und\/#Ritter_der_Schwerter_als_Person_Vertikal_und\" >Ritter der Schwerter als Person: Vertikal und<\/a><\/li><li class='ez-toc-page-1 ez-toc-heading-level-2'><a class=\"ez-toc-link ez-toc-heading-2\" href=\"https:\/\/goroskop.tv\/ge\/ritter-der-schwerter-als-person-vertikal-und\/#Ritter_der_Schwerter_als_Person\" >Ritter der Schwerter als Person<\/a><\/li><li class='ez-toc-page-1 ez-toc-heading-level-2'><a class=\"ez-toc-link ez-toc-heading-3\" href=\"https:\/\/goroskop.tv\/ge\/ritter-der-schwerter-als-person-vertikal-und\/#Ritter_der_Schwerter_als_Person_Auf_den_Kopf_gestellt\" >Ritter der Schwerter als Person: Auf den Kopf gestellt<\/a><\/li><li class='ez-toc-page-1 ez-toc-heading-level-2'><a class=\"ez-toc-link ez-toc-heading-4\" href=\"https:\/\/goroskop.tv\/ge\/ritter-der-schwerter-als-person-vertikal-und\/#Abschluss\" >Abschluss<\/a><\/li><\/ul><\/nav><\/div>\n","protected":false},"excerpt":{"rendered":"<p>Ritter der Schwerter als Person: Vertikal und Der Ritter der Schwerter ist eine Person, die ein Gef\u00fchl kontrollierter St\u00e4rke und Entschlossenheit ausstrahlt. Sie sind ein strategischer Denker, der schwierige Aufgaben mit unersch\u00fctterlicher Konzentration und klaren Gedanken angehen kann. Er ist ein \u00e4u\u00dferst unabh\u00e4ngiger Mensch, der keine Angst davor hat, Herausforderungen anzunehmen und sich im Angesicht &hellip;<\/p>\n","protected":false},"author":1,"featured_media":20,"comment_status":"closed","ping_status":"closed","sticky":false,"template":"","format":"standard","meta":{"footnotes":""},"categories":[10],"tags":[231,31,326,1926,1784,132,5669],"class_list":["post-12263","post","type-post","status-publish","format-standard","has-post-thumbnail","hentry","category-rituale","tag-als","tag-der","tag-person","tag-ritter","tag-schwerter","tag-und","tag-vertikal"],"_links":{"self":[{"href":"https:\/\/goroskop.tv\/ge\/wp-json\/wp\/v2\/posts\/12263","targetHints":{"allow":["GET"]}}],"collection":[{"href":"https:\/\/goroskop.tv\/ge\/wp-json\/wp\/v2\/posts"}],"about":[{"href":"https:\/\/goroskop.tv\/ge\/wp-json\/wp\/v2\/types\/post"}],"author":[{"embeddable":true,"href":"https:\/\/goroskop.tv\/ge\/wp-json\/wp\/v2\/users\/1"}],"replies":[{"embeddable":true,"href":"https:\/\/goroskop.tv\/ge\/wp-json\/wp\/v2\/comments?post=12263"}],"version-history":[{"count":0,"href":"https:\/\/goroskop.tv\/ge\/wp-json\/wp\/v2\/posts\/12263\/revisions"}],"wp:featuredmedia":[{"embeddable":true,"href":"https:\/\/goroskop.tv\/ge\/wp-json\/wp\/v2\/media\/20"}],"wp:attachment":[{"href":"https:\/\/goroskop.tv\/ge\/wp-json\/wp\/v2\/media?parent=12263"}],"wp:term":[{"taxonomy":"category","embeddable":true,"href":"https:\/\/goroskop.tv\/ge\/wp-json\/wp\/v2\/categories?post=12263"},{"taxonomy":"post_tag","embeddable":true,"href":"https:\/\/goroskop.tv\/ge\/wp-json\/wp\/v2\/tags?post=12263"}],"curies":[{"name":"wp","href":"https:\/\/api.w.org\/{rel}","templated":true}]}}