{"id":2390,"date":"2023-07-20T06:30:50","date_gmt":"2023-07-20T06:30:50","guid":{"rendered":"https:\/\/goroskop.tv\/ge\/wann-steht-die-sonne-uber-dem-wendekreis-des-krebses\/"},"modified":"2023-07-20T06:30:50","modified_gmt":"2023-07-20T06:30:50","slug":"wann-steht-die-sonne-uber-dem-wendekreis-des-krebses","status":"publish","type":"post","link":"https:\/\/goroskop.tv\/ge\/wann-steht-die-sonne-uber-dem-wendekreis-des-krebses\/","title":{"rendered":"Wann steht die Sonne \u00fcber dem Wendekreis des Krebses?"},"content":{"rendered":"<p><\/p>\n<h2><span class=\"ez-toc-section\" id=\"Wann_steht_die_Sonne_uber_dem_Wendekreis_des_Krebses\"><\/span><span class=\"ez-toc-section\" id=\"%C2%BFCuando_esta_el_sol_sobre_el_tropico_de_cancer\"><\/span>  Wann steht die Sonne \u00fcber dem Wendekreis des Krebses?<span class=\"ez-toc-section-end\"><\/span><span class=\"ez-toc-section-end\"><\/span><\/h2>\n<p>Die Sommersonnenwende findet auf der Nordhalbkugel typischerweise am 21. Juni statt, wenn die Sonne direkt \u00fcber dem Wendekreis des Krebses steht. <\/p>\n<p>  Die Wintersonnenwende findet auf der S\u00fcdhalbkugel statt, wenn die Sonne direkt \u00fcber dem Wendekreis des Steinbocks steht.<\/p>\n<h2><span class=\"ez-toc-section\" id=\"Wann_steht_der_Wendekreis_des_Steinbocks_im_Einklang_mit_der_Sonne\"><\/span><span class=\"ez-toc-section\" id=\"%C2%BFCuando_esta_el_Tropico_de_Capricornio_arriba_con_el_sol\"><\/span><span id=\"ezoic-pub-ad-placeholder-144\" class=\"ezoic-adpicker-ad\"><\/span><span class=\"ezoic-ad ezoic-at-0 box-4 box-4144 adtester-container adtester-container-144\" data-ez-name=\"hiszodiac_com-box-4\"><span id=\"div-gpt-ad-hiszodiac_com-box-4-0\" ezaw=\"336\" ezah=\"280\" style=\"position:relative;z-index:0;display:inline-block;padding:0;width:100%;max-width:1200px;margin-left:auto!important;margin-right:auto!important;min-height:280px;min-width:336px\" class=\"ezoic-ad\"><\/span><\/span>Wann steht der Wendekreis des Steinbocks im Einklang mit der Sonne?<span class=\"ez-toc-section-end\"><\/span><span class=\"ez-toc-section-end\"><\/span><\/h2>\n<p>Der s\u00fcdlichste Breitengrad, auf dem die Sonne mittags hoch erscheinen kann, liegt am Wendekreis des Steinbocks, der 23 26\u2032 22\u2033 (23,4394) s\u00fcdlich des \u00c4quators liegt. <\/p>\n<p>  Zur Sonnenwende im Dezember, wenn die S\u00fcdhalbkugel am st\u00e4rksten zur Sonne geneigt ist, findet dieses Ereignis statt. <\/p>\n<p>  Alles zwischen den Wendekreisen des Krebses und des Steinbocks wird auf der Erde als \u201eTropen\u201c bezeichnet.<\/p>\n<p>Zugang:<\/p>\n<ul>\n<li>Erhalten Sie Funktionen mit WMS<\/li>\n<li>Erhalten Sie Funktionen mit WFS<\/li>\n<\/ul>\n<h2><span class=\"ez-toc-section\" id=\"Wo_wird_die_Sonne_am_21_Marz_direkt_uber_Ihnen_stehen\"><\/span><span class=\"ez-toc-section\" id=\"El_21_de_marzo_%C2%BFdonde_estara_el_sol_directamente_sobre_su_cabeza\"><\/span><span id=\"ezoic-pub-ad-placeholder-145\" class=\"ezoic-adpicker-ad\"><\/span><span class=\"ezoic-ad ezoic-at-0 banner-1 banner-1145 adtester-container adtester-container-145\" data-ez-name=\"hiszodiac_com-banner-1\"><span id=\"div-gpt-ad-hiszodiac_com-banner-1-0\" ezaw=\"728\" ezah=\"90\" style=\"position:relative;z-index:0;display:inline-block;padding:0;width:100%;max-width:1200px;margin-left:auto!important;margin-right:auto!important;min-height:90px;min-width:728px\" class=\"ezoic-ad\"><\/span><\/span>Wo wird die Sonne am 21. M\u00e4rz direkt \u00fcber Ihnen stehen?<span class=\"ez-toc-section-end\"><\/span><span class=\"ez-toc-section-end\"><\/span><\/h2>\n<p>Die Fr\u00fchlings-Tagundnachtgleiche findet am 21. M\u00e4rz statt, und die Herbst-Tagundnachtgleiche findet jeweils am 23. September statt (Herbst-Tagundnachtgleiche). <\/p>\n<p>  Am \u00c4quator, wenn die Sonne direkt \u00fcber uns steht, gibt es 12 Stunden Tag und 12 Stunden Nacht.<\/p>\n<h2><span class=\"ez-toc-section\" id=\"Zu_welcher_Tageszeit_geht_die_Sonne_auf\"><\/span><span class=\"ez-toc-section\" id=\"%C2%BFA_que_hora_del_dia_esta_el_sol_arriba\"><\/span><span id=\"ezoic-pub-ad-placeholder-146\" class=\"ezoic-adpicker-ad\"><\/span>Zu welcher Tageszeit geht die Sonne auf?<span class=\"ez-toc-section-end\"><\/span><span class=\"ez-toc-section-end\"><\/span><\/h2>\n<p>Nachdem Sie im Popup-Men\u00fc Physische Geographie ausgew\u00e4hlt haben,<\/p>\n<p>Sie k\u00f6nnen mit der rechten Maustaste auf die Karte klicken.<\/p>\n<h4><span class=\"ez-toc-section\" id=\"TagundnachtgleicheSonnenwenden_Es_mussen_drei_Diagramme_angezeigt_werden_beide_Tagundnachtgleichen_mussen_angezeigt_werden\"><\/span><span class=\"ez-toc-section\" id=\"Equinocciosolsticios_Deben_mostrarse_tres_graficos_los_dos_equinoccios_deben\"><\/span><span id=\"ezoic-pub-ad-placeholder-158\" class=\"ezoic-adpicker-ad\"><\/span><span class=\"ezoic-ad ezoic-at-0 large-mobile-banner-2 large-mobile-banner-2158 adtester-container adtester-container-158\" data-ez-name=\"hiszodiac_com-large-mobile-banner-2\"><span id=\"div-gpt-ad-hiszodiac_com-large-mobile-banner-2-0\" ezaw=\"336\" ezah=\"280\" style=\"position:relative;z-index:0;display:inline-block;padding:0;width:100%;max-width:1200px;margin-left:auto!important;margin-right:auto!important;min-height:280px;min-width:336px\" class=\"ezoic-ad\"><\/span><\/span>Tagundnachtgleiche\/Sonnenwenden: Es m\u00fcssen drei Diagramme angezeigt werden (beide Tagundnachtgleichen m\u00fcssen angezeigt werden).<span class=\"ez-toc-section-end\"><\/span><span class=\"ez-toc-section-end\"><\/span><\/h4>\n<p>die Sonne), es kann jedoch nur zwei geben, wenn innerhalb der<\/p>\n<p>Zirkumpolarkreise<\/p>\n<h4><span class=\"ez-toc-section\" id=\"Alle_heute_und_die_Tagundnachtgleiche_und_Sonnenwende\"><\/span><span class=\"ez-toc-section\" id=\"Todos_hoy_y_los_equinoccios_y_solsticios\"><\/span><span id=\"ezoic-pub-ad-placeholder-159\" class=\"ezoic-adpicker-ad\"><\/span>Alle: heute und die Tagundnachtgleiche und Sonnenwende<span class=\"ez-toc-section-end\"><\/span><span class=\"ez-toc-section-end\"><\/span><\/h4>\n<p>In dieser Abbildung einer Polarkarte wird der Azimut zur Sonne entlang der Radien dargestellt.<\/p>\n<p>das Diagramm und die Angaben der kleinen Kreise der Sonnenh\u00f6he.<\/p>\n<p>Zur Mittagszeit steht die Sonne an ihrem h\u00f6chsten Punkt, dem Punkt, der dem Horizont am n\u00e4chsten ist.<\/p>\n<p>in der Mitte des Diagramms.<\/p>\n<p>Die Juni-Sonnenwende wird auf der Nordkurve und auf der S\u00fcdkurve fallen<\/p>\n<p>wird die Sonnenwende im Dezember sein, und zwischen den beiden Tagundnachtgleichen wird es sein<\/p>\n<p>die Sonnenwenden des Diagramms.<\/p>\n<p>Nur an Orten auf halber Strecke zwischen den beiden Wendekreisen kann die Sonne direkt \u00fcber uns stehen.<\/p>\n<p>Nur w\u00e4hrend der Sonnenwende wird es in den Tropen sein;  in allen anderen Regionen dazwischen<\/p>\n<p>Am \u00c4quator wird es in den Tropen zwei Tage lang warm sein.<\/p>\n<p>oben in der<\/p>\n<p>Doppelte Tagundnachtgleiche<\/p>\n<p>Zur Tagundnachtgleiche geht die Sonne \u00fcberall auf der Erde im Osten auf und im Westen unter.<\/p>\n<p>Westen.<\/p>\n<p>Sie k\u00f6nnen dies mit dem Unterschied in vergleichen<\/p>\n<p>Tagesstunden<\/p>\n<p>Sonnenstrahlung aus dem Weltraum, die das Klima beeinflusst und<\/p>\n<p>Die Vegetation h\u00e4ngt von der L\u00e4nge des Tageslichts, dem Sonnenstand usw. ab<\/p>\n<p>dass es Wolken gibt<\/p>\n<h4><span class=\"ez-toc-section\" id=\"Wahrend_der_Juni-Sonnenwende_geht_die_Sonne_nie_unter_und_dreht_sich_einmal_um_die_Erde\"><\/span><span class=\"ez-toc-section\" id=\"El_sol_nunca_se_pone_y_gira_alrededor_de_la_tierra_una_vez_durante_el_solsticio_de_junio\"><\/span><span id=\"ezoic-pub-ad-placeholder-160\" class=\"ezoic-adpicker-ad\"><\/span>W\u00e4hrend der Juni-Sonnenwende geht die Sonne nie unter und dreht sich einmal um die Erde.<span class=\"ez-toc-section-end\"><\/span><span class=\"ez-toc-section-end\"><\/span><\/h4>\n<p>Transit.<\/p>\n<h4><span class=\"ez-toc-section\" id=\"Das_Muster_der_beiden_Tagundnachtgleichen_dunkelgrun_mit_der_Sonne\"><\/span><span class=\"ez-toc-section\" id=\"El_patron_de_los_dos_equinoccios_verde_oscuro_con_el_sol\"><\/span><span id=\"ezoic-pub-ad-placeholder-161\" class=\"ezoic-adpicker-ad\"><\/span>Das Muster der beiden Tagundnachtgleichen (dunkelgr\u00fcn) mit der Sonne<span class=\"ez-toc-section-end\"><\/span><span class=\"ez-toc-section-end\"><\/span><\/h4>\n<p>\u00dcberall auf der Erde geht die Sonne im Osten auf und im Westen unter (gilt f\u00fcr jeden Breitengrad).<\/p>\n<p>Land.<\/p>\n<ul>\n<li>Zur Dezembersonnenwende geht die Sonne nie auf.<\/li>\n<li>Die Sonne geht im Nordosten (60) zur Juni-Sonnenwende auf (blau).<\/li>\n<\/ul>\n<p>Grad) und<\/p>\n<p>findet im Nordwesten (300 Grad) statt.<\/p>\n<p>Mittags geht es fast direkt \u00fcber uns hinweg.<\/p>\n<p>(eigentlich sind es etwa 75 Grad),<\/p>\n<p>An diesem Tag w\u00fcrde die Sonne genau \u00fcber dem Wendekreis des Krebses stehen.<\/p>\n<h4><span class=\"ez-toc-section\" id=\"Das_Muster_der_beiden_Tagundnachtgleichen_dunkelgrun_mit_der_Sonne-2\"><\/span><span class=\"ez-toc-section\" id=\"El_patron_de_los_dos_equinoccios_verde_oscuro_con_el_sol-2\"><\/span><span id=\"ezoic-pub-ad-placeholder-162\" class=\"ezoic-adpicker-ad\"><\/span>Das Muster der beiden Tagundnachtgleichen (dunkelgr\u00fcn) mit der Sonne<span class=\"ez-toc-section-end\"><\/span><span class=\"ez-toc-section-end\"><\/span><\/h4>\n<p>\u00dcberall auf der Erde geht die Sonne im Osten auf und im Westen unter.<\/p>\n<p>der Planet heute.<\/p>\n<h4><span class=\"ez-toc-section\" id=\"Die_Sonne_geht_am_21_Dezember_im_Sudosten_auf_Cyan\"><\/span><span class=\"ez-toc-section\" id=\"El_sol_sale_por_el_sureste_el_21_de_diciembre_cian\"><\/span>Die Sonne geht am 21. Dezember im S\u00fcdosten auf (Cyan).<span class=\"ez-toc-section-end\"><\/span><span class=\"ez-toc-section-end\"><\/span><\/h4>\n<p>(120 \u00b0C) und<\/p>\n<p>findet im S\u00fcdwesten statt (240 Grad).<\/p>\n<p>Es kann maximal erreicht werden<\/p>\n<p>Mittags 30 Grad \u00fcber dem Horizont.<\/p>\n<p>ideale Zeit f\u00fcr<\/p>\n<p>Fotografie.<\/p>\n<h4><span class=\"ez-toc-section\" id=\"Mittags_steht_die_Sonne_immer_im_Suden_was_uberall_auf_der_Welt_der_Fall_ist\"><\/span><span class=\"ez-toc-section\" id=\"Al_mediodia_el_sol_siempre_esta_al_sur_lo_que_ocurre_en_todo_el_mundo\"><\/span>Mittags steht die Sonne immer im S\u00fcden, was \u00fcberall auf der Welt der Fall ist.<span class=\"ez-toc-section-end\"><\/span><span class=\"ez-toc-section-end\"><\/span><\/h4>\n<p>n\u00f6rdlich des Wendekreises des Krebses.<\/p>\n<h4><span class=\"ez-toc-section\" id=\"Zur_Juni-Sonnenwende_steht_die_Sonne_immer_im_Norden_und_nie\"><\/span><span class=\"ez-toc-section\" id=\"El_sol_siempre_esta_al_norte_en_el_solsticio_de_junio_y_nunca\"><\/span>Zur Juni-Sonnenwende steht die Sonne immer im Norden und nie<span class=\"ez-toc-section-end\"><\/span><span class=\"ez-toc-section-end\"><\/span><\/h4>\n<p>Unmittelbar dar\u00fcber herrscht Stille.<\/p>\n<h4><span class=\"ez-toc-section\" id=\"Das_Muster_der_beiden_Tagundnachtgleichen_dunkelgrun_mit_der_Sonne-3\"><\/span><span class=\"ez-toc-section\" id=\"El_patron_de_los_dos_equinoccios_verde_oscuro_con_el_sol-3\"><\/span>Das Muster der beiden Tagundnachtgleichen (dunkelgr\u00fcn) mit der Sonne<span class=\"ez-toc-section-end\"><\/span><span class=\"ez-toc-section-end\"><\/span><\/h4>\n<p>\u00dcberall auf der Erde geht die Sonne im Osten auf und im Westen unter.<\/p>\n<p>Land.<\/p>\n<p>Mittags steht die Sonne direkt \u00fcber uns.<\/p>\n<h4><span class=\"ez-toc-section\" id=\"Zur_Sonnenwende_im_Dezember_steht_die_Sonne_immer_im_Suden\"><\/span><span class=\"ez-toc-section\" id=\"El_sol_siempre_esta_al_sur_en_el_solsticio_de_diciembre_y\"><\/span>Zur Sonnenwende im Dezember steht die Sonne immer im S\u00fcden<span class=\"ez-toc-section-end\"><\/span><span class=\"ez-toc-section-end\"><\/span><\/h4>\n<p>es geht nie direkt nach oben.<\/p>\n<h4><span class=\"ez-toc-section\" id=\"Jeden_Tag_im_Jahr_gibt_es_am_Aquator_12_Stunden_Tageslicht\"><\/span><span class=\"ez-toc-section\" id=\"Todos_los_dias_del_ano_hay_12_horas_de_luz_en_el_ecuador\"><\/span>Jeden Tag im Jahr gibt es am \u00c4quator 12 Stunden Tageslicht.<span class=\"ez-toc-section-end\"><\/span><span class=\"ez-toc-section-end\"><\/span><\/h4>\n<p>Die heutige Position, die bei Aufforderung zwischen der Sonnenwende und der Tagundnachtgleiche liegt, wird in Rot angezeigt.<\/p>\n<p>Tagundnachtgleiche.<\/p>\n<h2><span class=\"ez-toc-section\" id=\"Steht_die_Sonne_am_21_Juni_am_Wendekreis_des_Krebses\"><\/span><span class=\"ez-toc-section\" id=\"%C2%BFEl_21_de_junio_estara_el_sol_en_el_Tropico_de_Cancer\"><\/span><span id=\"ezoic-pub-ad-placeholder-147\" class=\"ezoic-adpicker-ad\"><\/span><span class=\"ezoic-ad ezoic-at-0 leader-1 leader-1147 adtester-container adtester-container-147\" data-ez-name=\"hiszodiac_com-leader-1\"><span id=\"div-gpt-ad-hiszodiac_com-leader-1-0\" ezaw=\"250\" ezah=\"250\" style=\"position:relative;z-index:0;display:inline-block;padding:0;width:100%;max-width:1200px;margin-left:auto!important;margin-right:auto!important;min-height:90px;min-width:728px\" class=\"ezoic-ad\"><\/span><\/span>Steht die Sonne am 21. Juni am Wendekreis des Krebses?<span class=\"ez-toc-section-end\"><\/span><span class=\"ez-toc-section-end\"><\/span><\/h2>\n<p>Die Sommersonnenwende, die am 21. Juni stattfindet, ist der l\u00e4ngste Tag. <\/p>\n<p>  Lange Tage sind eine Sache, aber die Sommersonnenwende ist so viel mehr als nur ein langer Tag.<\/p>\n<h3><span class=\"ez-toc-section\" id=\"Was_ist_die_Sommersonnenwende\"><\/span><span class=\"ez-toc-section\" id=\"%C2%BFQue_es_el_solsticio_de_verano\"><\/span><span id=\"ezoic-pub-ad-placeholder-149\" class=\"ezoic-adpicker-ad\"><\/span><span class=\"ezoic-ad ezoic-at-0 leader-3 leader-3149 adtester-container adtester-container-149\" data-ez-name=\"hiszodiac_com-leader-3\"><span id=\"div-gpt-ad-hiszodiac_com-leader-3-0\" ezaw=\"300\" ezah=\"250\" style=\"position:relative;z-index:0;display:inline-block;padding:0;min-height:250px;min-width:300px\" class=\"ezoic-ad\"><\/span><\/span>Was ist die Sommersonnenwende?<span class=\"ez-toc-section-end\"><\/span><span class=\"ez-toc-section-end\"><\/span><\/h3>\n<p>Aufgrund der Neigung der Erdachse tritt dieses j\u00e4hrliche Ph\u00e4nomen tats\u00e4chlich dann auf, wenn die Nordhalbkugel des Planeten das direkteste Sonnenlicht (23,4 Grad) erh\u00e4lt. <\/p>\n<p>  Am 21. Juni scheint die Sonne direkt \u00fcber dem Wendekreis des Krebses.<\/p>\n<p>Die n\u00f6rdliche Hemisph\u00e4re erh\u00e4lt von M\u00e4rz bis September mehr Sonnenlicht als die s\u00fcdliche Hemisph\u00e4re.<\/p>\n<p>Der l\u00e4ngste Tag des Jahres ist der 21. Juni, wenn das direkte Sonnenlicht die Nordhalbkugel mit maximaler Intensit\u00e4t erreicht. <\/p>\n<p>  Nach dieser Zeit dreht sich der Sonnenlauf weiter nach S\u00fcden und am 22. Dezember erleben wir die Wintersonnenwende.<\/p>\n<h2><span class=\"ez-toc-section\" id=\"Wo_wird_die_Sonne_am_21_Dezember_direkt_uber_Ihnen_stehen\"><\/span><span class=\"ez-toc-section\" id=\"El_21_de_diciembre_%C2%BFdonde_estara_el_sol_directamente_sobre_su_cabeza\"><\/span><span id=\"ezoic-pub-ad-placeholder-148\" class=\"ezoic-adpicker-ad\"><\/span><span class=\"ezoic-ad ezoic-at-0 leader-2 leader-2148 adtester-container adtester-container-148\" data-ez-name=\"hiszodiac_com-leader-2\"><span id=\"div-gpt-ad-hiszodiac_com-leader-2-0\" ezaw=\"300\" ezah=\"250\" style=\"position:relative;z-index:0;display:inline-block;padding:0;min-height:250px;min-width:300px\" class=\"ezoic-ad\"><\/span><\/span>Wo wird die Sonne am 21. Dezember direkt \u00fcber Ihnen stehen?<span class=\"ez-toc-section-end\"><\/span><span class=\"ez-toc-section-end\"><\/span><\/h2>\n<p>Am 21. Dezember stehen die Sonnenstrahlen direkt \u00fcber dem Wendekreis des Steinbocks, einer Breitengradlinie, die auf einer Breite von 23,5 s\u00fcdlich durch Brasilien, S\u00fcdafrika und Australien verl\u00e4uft. <\/p>\n<p>  W\u00e4re die Erdachse nicht geneigt, g\u00e4be es keine Jahreszeiten. <\/p>\n<p>  Das ganze Jahr \u00fcber w\u00fcrde der \u00c4quator direkt \u00fcber den Sonnenstrahlen liegen.<\/p>\n<h2><span class=\"ez-toc-section\" id=\"In_welchem_%E2%80%8B%E2%80%8BMonat_ist_der_Aquator_oben\"><\/span><span class=\"ez-toc-section\" id=\"%C2%BFEn_que_mes_esta_el_ecuador_arriba\"><\/span><span id=\"ezoic-pub-ad-placeholder-153\" class=\"ezoic-adpicker-ad\"><\/span>In welchem \u200b\u200bMonat ist der \u00c4quator oben?<span class=\"ez-toc-section-end\"><\/span><span class=\"ez-toc-section-end\"><\/span><\/h2>\n<p>Eine Sonnen-Tagundnachtgleiche tritt auf, wenn die Sonne direkt \u00fcber dem \u00c4quator erscheint, wenn sie die Erdoberfl\u00e4che passiert (und nicht n\u00f6rdlich oder s\u00fcdlich des \u00c4quators). <\/p>\n<p>  Am Tag der Tagundnachtgleiche scheint die Sonne \u201eim Osten\u201c aufzugehen und \u201eim Westen\u201c unterzugehen. <\/p>\n<p>  Dies findet jedes Jahr um den 20. M\u00e4rz und 23. September statt.<\/p>\n<p>Eine echte Tagundnachtgleiche tritt auf, wenn die Ebene des Erd\u00e4quators durch den geometrischen Mittelpunkt der Sonnenscheibe verl\u00e4uft, um genauer zu sein. <\/p>\n<p>  Mit anderen Worten: Dies ist der Zeitpunkt, an dem die Rotationsachse der Erde direkt senkrecht zur Verbindungslinie zwischen Sonne und Erde steht und weder zur Sonne noch von ihr weg neigt. <\/p>\n<p>  In j\u00fcngster Zeit wird die Tagundnachtgleiche offiziell durch den gleichm\u00e4\u00dfigeren ekliptischen L\u00e4ngengrad der Sonne und nicht durch ihre Deklination bestimmt, da der Mond (und in geringerem Ma\u00dfe auch die Planeten) dazu f\u00fchrt, dass die Umlaufbahn der Erde leicht von einer perfekten Ellipse abweicht. <\/p>\n<p>  Der scheinbare geozentrische L\u00e4ngengrad der Sonne wird jetzt w\u00e4hrend der Zeitpunkte der Tagundnachtgleiche zwischen 0 und 180 definiert.<\/p>\n<h2><span class=\"ez-toc-section\" id=\"Auf_welchem_%E2%80%8B%E2%80%8BBreitengrad_steht_die_Sonne_am_21_Juni\"><\/span><span class=\"ez-toc-section\" id=\"%C2%BFA_que_latitud_estara_el_sol_el_21_de_junio\"><\/span><span id=\"ezoic-pub-ad-placeholder-154\" class=\"ezoic-adpicker-ad\"><\/span><span class=\"ezoic-ad ezoic-at-0 leader-4 leader-4154 adtester-container adtester-container-154\" data-ez-name=\"hiszodiac_com-leader-4\"><span id=\"div-gpt-ad-hiszodiac_com-leader-4-0\" ezaw=\"336\" ezah=\"280\" style=\"position:relative;z-index:0;display:inline-block;padding:0;width:100%;max-width:1200px;margin-left:auto!important;margin-right:auto!important;min-height:280px;min-width:336px\" class=\"ezoic-ad\"><\/span><\/span>Auf welchem \u200b\u200bBreitengrad steht die Sonne am 21. Juni?<span class=\"ez-toc-section-end\"><\/span><span class=\"ez-toc-section-end\"><\/span><\/h2>\n<p>Die Sonne wird am 21. Juni bei 90 Grad scheinen, wenn sie direkt \u00fcber uns bei 23,5 Grad Nord steht und sich nicht nur bis zum Nordpol (66,5 Grad vom Wendekreis des Krebses entfernt), sondern auch 23,5 Grad (insgesamt 90 Grad) dar\u00fcber hinaus erstreckt Pol auf der R\u00fcckseite des Polarkreises (66,5 Grad).<\/p>\n<h2><span class=\"ez-toc-section\" id=\"Wo_sind_am_21_Juni_die_grellen_Sonnenstrahlen\"><\/span><span class=\"ez-toc-section\" id=\"El_21_de_junio_%C2%BFdonde_estan_los_resplandores_del_sol\"><\/span><span id=\"ezoic-pub-ad-placeholder-155\" class=\"ezoic-adpicker-ad\"><\/span>Wo sind am 21. Juni die grellen Sonnenstrahlen?<span class=\"ez-toc-section-end\"><\/span><span class=\"ez-toc-section-end\"><\/span><\/h2>\n<p>Am 21. Juni befinden sich die Sonnenstrahlen direkt \u00fcber dem Wendekreis des Krebses, einer Breitengradlinie, die durch Mexiko, Sahara-Afrika und Indien auf einer Breite von 23,5 n\u00f6rdlicher Breite verl\u00e4uft.<\/p>\n<h2><span class=\"ez-toc-section\" id=\"Die_Sommersonnenwende_wird_am_21_Juni_gefeiert\"><\/span><span class=\"ez-toc-section\" id=\"El_solsticio_de_verano_se_celebra_el_21_de_junio\"><\/span><span id=\"ezoic-pub-ad-placeholder-156\" class=\"ezoic-adpicker-ad\"><\/span><span class=\"ezoic-ad ezoic-at-0 mobile-leaderboard-1 mobile-leaderboard-1156 adtester-container adtester-container-156\" data-ez-name=\"hiszodiac_com-mobile-leaderboard-1\"><span id=\"div-gpt-ad-hiszodiac_com-mobile-leaderboard-1-0\" ezaw=\"468\" ezah=\"60\" style=\"position:relative;z-index:0;display:inline-block;padding:0;width:100%;max-width:1200px;margin-left:auto!important;margin-right:auto!important;min-height:90px;min-width:728px\" class=\"ezoic-ad\"><\/span><\/span>Die Sommersonnenwende wird am 21. Juni gefeiert.<span class=\"ez-toc-section-end\"><\/span><span class=\"ez-toc-section-end\"><\/span><\/h2>\n<p>Der l\u00e4ngste Tag findet auf der Nordhalbkugel zur Sommersonnenwende statt, auch Junisonnenwende genannt, w\u00e4hrend der k\u00fcrzeste Tag auf der S\u00fcdhalbkugel liegt. <\/p>\n<p>  Dieser Tag markiert auch den Beginn des Sommers auf der Nordhalbkugel und des Winters auf der S\u00fcdhalbkugel.<\/p>\n<p>Wir hoffen, Ihnen hat unser Artikel Wann steht die Sonne \u00fcber dem Wendekreis des Krebses gefallen? und alles rund um Horoskope, Tarot, Rituale und alles, was damit zusammenh\u00e4ngt.<\/p>\n<figure class=\"wp-block-table is-style-regular\">\n<\/figure>\n<p>Interessante Dinge, um die Bedeutung zu kennen: Tarot  <\/p>\n<p>Auch hier hinterlassen wir Themen im Zusammenhang mit: Tarot<\/p>\n<\/p>\n<p><\/p>\n<p>Wir hoffen, dass Ihnen unser Artikel Wann steht die Sonne \u00fcber dem Wendekreis des Krebses?<br \/>\n und alles rund um Horoskope, Tarot, Rituale und alles, was damit zusammenh\u00e4ngt, gefallen hat &#8230;<\/p>\n<figure class=\"wp-block-table is-style-regular\">\n<table style=\"width: 284px; height: 157px;\">\n<tbody>\n<tr>\n<td class=\"has-text-align-center\" data-align=\"center\"><img loading=\"lazy\" decoding=\"async\" class=\"alignleft\" src=\" https:\/\/goroskop.tv\/wp-content\/uploads\/2023\/05\/tarot1.jpg \" alt=\" Wann steht die Sonne \u00fcber dem Wendekreis des Krebses?\n \" width=\"65\" height=\"95\" title=\"\"><img loading=\"lazy\" decoding=\"async\" class=\"alignleft\" style=\"width: 60px;\" src=\" https:\/\/goroskop.tv\/wp-content\/uploads\/2023\/05\/tarot2.jpg \" alt=\" Wann steht die Sonne \u00fcber dem Wendekreis des Krebses?\n \" width=\"195\" height=\"300\" title=\"\"><img decoding=\"async\" class=\"alignleft\" style=\"width: 60px;\" src=\" https:\/\/goroskop.tv\/wp-content\/uploads\/2023\/05\/tarot3.jpg \" alt=\" Wann steht die Sonne \u00fcber dem Wendekreis des Krebses?\n \" title=\"\"><\/td>\n<\/tr>\n<\/tbody>\n<\/table>\n<\/figure>\n<p>Interessante Dinge, um die Bedeutung zu kennen: <a href=\"https:\/\/de.wikipedia.org\/wiki\/Tarot\" target=\"_blank\" rel=\"nofollow noopener\"> Tarot <\/a> <\/p>\n<p>Auch hier hinterlassen wir Themen im Zusammenhang mit: <a href=\" https:\/\/goroskop.tv\/ge\/wer-kommt-mit-krebs-besser-zurecht\/\">Tarot<\/a><\/p>\n<div id=\"ez-toc-container\" class=\"ez-toc-v2_0_82_2 ez-toc-wrap-center counter-hierarchy ez-toc-counter ez-toc-grey ez-toc-container-direction\">\n<div class=\"ez-toc-title-container\">\n<div class=\"ez-toc-title ez-toc-toggle\" style=\"cursor:pointer\">Table of Contents<\/div>\n<span class=\"ez-toc-title-toggle\"><a href=\"#\" class=\"ez-toc-pull-right ez-toc-btn ez-toc-btn-xs ez-toc-btn-default ez-toc-toggle\" aria-label=\"Alternar tabla de contenidos\"><span class=\"ez-toc-js-icon-con\"><span class=\"\"><span class=\"eztoc-hide\" style=\"display:none;\">Toggle<\/span><span class=\"ez-toc-icon-toggle-span\"><svg style=\"fill: #999;color:#999\" xmlns=\"http:\/\/www.w3.org\/2000\/svg\" class=\"list-377408\" width=\"20px\" height=\"20px\" viewBox=\"0 0 24 24\" fill=\"none\"><path d=\"M6 6H4v2h2V6zm14 0H8v2h12V6zM4 11h2v2H4v-2zm16 0H8v2h12v-2zM4 16h2v2H4v-2zm16 0H8v2h12v-2z\" fill=\"currentColor\"><\/path><\/svg><svg style=\"fill: #999;color:#999\" class=\"arrow-unsorted-368013\" xmlns=\"http:\/\/www.w3.org\/2000\/svg\" width=\"10px\" height=\"10px\" viewBox=\"0 0 24 24\" version=\"1.2\" baseProfile=\"tiny\"><path d=\"M18.2 9.3l-6.2-6.3-6.2 6.3c-.2.2-.3.4-.3.7s.1.5.3.7c.2.2.4.3.7.3h11c.3 0 .5-.1.7-.3.2-.2.3-.5.3-.7s-.1-.5-.3-.7zM5.8 14.7l6.2 6.3 6.2-6.3c.2-.2.3-.5.3-.7s-.1-.5-.3-.7c-.2-.2-.4-.3-.7-.3h-11c-.3 0-.5.1-.7.3-.2.2-.3.5-.3.7s.1.5.3.7z\"\/><\/svg><\/span><\/span><\/span><\/a><\/span><\/div>\n<nav><ul class='ez-toc-list ez-toc-list-level-1 eztoc-toggle-hide-by-default' ><li class='ez-toc-page-1 ez-toc-heading-level-2'><a class=\"ez-toc-link ez-toc-heading-1\" href=\"https:\/\/goroskop.tv\/ge\/wann-steht-die-sonne-uber-dem-wendekreis-des-krebses\/#Wann_steht_die_Sonne_uber_dem_Wendekreis_des_Krebses\" >Wann steht die Sonne \u00fcber dem Wendekreis des Krebses?<\/a><\/li><li class='ez-toc-page-1 ez-toc-heading-level-2'><a class=\"ez-toc-link ez-toc-heading-2\" href=\"https:\/\/goroskop.tv\/ge\/wann-steht-die-sonne-uber-dem-wendekreis-des-krebses\/#Wann_steht_der_Wendekreis_des_Steinbocks_im_Einklang_mit_der_Sonne\" >Wann steht der Wendekreis des Steinbocks im Einklang mit der Sonne?<\/a><\/li><li class='ez-toc-page-1 ez-toc-heading-level-2'><a class=\"ez-toc-link ez-toc-heading-3\" href=\"https:\/\/goroskop.tv\/ge\/wann-steht-die-sonne-uber-dem-wendekreis-des-krebses\/#Wo_wird_die_Sonne_am_21_Marz_direkt_uber_Ihnen_stehen\" >Wo wird die Sonne am 21. M\u00e4rz direkt \u00fcber Ihnen stehen?<\/a><\/li><li class='ez-toc-page-1 ez-toc-heading-level-2'><a class=\"ez-toc-link ez-toc-heading-4\" href=\"https:\/\/goroskop.tv\/ge\/wann-steht-die-sonne-uber-dem-wendekreis-des-krebses\/#Zu_welcher_Tageszeit_geht_die_Sonne_auf\" >Zu welcher Tageszeit geht die Sonne auf?<\/a><ul class='ez-toc-list-level-4' ><li class='ez-toc-heading-level-4'><ul class='ez-toc-list-level-4' ><li class='ez-toc-heading-level-4'><a class=\"ez-toc-link ez-toc-heading-5\" href=\"https:\/\/goroskop.tv\/ge\/wann-steht-die-sonne-uber-dem-wendekreis-des-krebses\/#TagundnachtgleicheSonnenwenden_Es_mussen_drei_Diagramme_angezeigt_werden_beide_Tagundnachtgleichen_mussen_angezeigt_werden\" >Tagundnachtgleiche\/Sonnenwenden: Es m\u00fcssen drei Diagramme angezeigt werden (beide Tagundnachtgleichen m\u00fcssen angezeigt werden).<\/a><\/li><li class='ez-toc-page-1 ez-toc-heading-level-4'><a class=\"ez-toc-link ez-toc-heading-6\" href=\"https:\/\/goroskop.tv\/ge\/wann-steht-die-sonne-uber-dem-wendekreis-des-krebses\/#Alle_heute_und_die_Tagundnachtgleiche_und_Sonnenwende\" >Alle: heute und die Tagundnachtgleiche und Sonnenwende<\/a><\/li><li class='ez-toc-page-1 ez-toc-heading-level-4'><a class=\"ez-toc-link ez-toc-heading-7\" href=\"https:\/\/goroskop.tv\/ge\/wann-steht-die-sonne-uber-dem-wendekreis-des-krebses\/#Wahrend_der_Juni-Sonnenwende_geht_die_Sonne_nie_unter_und_dreht_sich_einmal_um_die_Erde\" >W\u00e4hrend der Juni-Sonnenwende geht die Sonne nie unter und dreht sich einmal um die Erde.<\/a><\/li><li class='ez-toc-page-1 ez-toc-heading-level-4'><a class=\"ez-toc-link ez-toc-heading-8\" href=\"https:\/\/goroskop.tv\/ge\/wann-steht-die-sonne-uber-dem-wendekreis-des-krebses\/#Das_Muster_der_beiden_Tagundnachtgleichen_dunkelgrun_mit_der_Sonne\" >Das Muster der beiden Tagundnachtgleichen (dunkelgr\u00fcn) mit der Sonne<\/a><\/li><li class='ez-toc-page-1 ez-toc-heading-level-4'><a class=\"ez-toc-link ez-toc-heading-9\" href=\"https:\/\/goroskop.tv\/ge\/wann-steht-die-sonne-uber-dem-wendekreis-des-krebses\/#Das_Muster_der_beiden_Tagundnachtgleichen_dunkelgrun_mit_der_Sonne-2\" >Das Muster der beiden Tagundnachtgleichen (dunkelgr\u00fcn) mit der Sonne<\/a><\/li><li class='ez-toc-page-1 ez-toc-heading-level-4'><a class=\"ez-toc-link ez-toc-heading-10\" href=\"https:\/\/goroskop.tv\/ge\/wann-steht-die-sonne-uber-dem-wendekreis-des-krebses\/#Die_Sonne_geht_am_21_Dezember_im_Sudosten_auf_Cyan\" >Die Sonne geht am 21. Dezember im S\u00fcdosten auf (Cyan).<\/a><\/li><li class='ez-toc-page-1 ez-toc-heading-level-4'><a class=\"ez-toc-link ez-toc-heading-11\" href=\"https:\/\/goroskop.tv\/ge\/wann-steht-die-sonne-uber-dem-wendekreis-des-krebses\/#Mittags_steht_die_Sonne_immer_im_Suden_was_uberall_auf_der_Welt_der_Fall_ist\" >Mittags steht die Sonne immer im S\u00fcden, was \u00fcberall auf der Welt der Fall ist.<\/a><\/li><li class='ez-toc-page-1 ez-toc-heading-level-4'><a class=\"ez-toc-link ez-toc-heading-12\" href=\"https:\/\/goroskop.tv\/ge\/wann-steht-die-sonne-uber-dem-wendekreis-des-krebses\/#Zur_Juni-Sonnenwende_steht_die_Sonne_immer_im_Norden_und_nie\" >Zur Juni-Sonnenwende steht die Sonne immer im Norden und nie<\/a><\/li><li class='ez-toc-page-1 ez-toc-heading-level-4'><a class=\"ez-toc-link ez-toc-heading-13\" href=\"https:\/\/goroskop.tv\/ge\/wann-steht-die-sonne-uber-dem-wendekreis-des-krebses\/#Das_Muster_der_beiden_Tagundnachtgleichen_dunkelgrun_mit_der_Sonne-3\" >Das Muster der beiden Tagundnachtgleichen (dunkelgr\u00fcn) mit der Sonne<\/a><\/li><li class='ez-toc-page-1 ez-toc-heading-level-4'><a class=\"ez-toc-link ez-toc-heading-14\" href=\"https:\/\/goroskop.tv\/ge\/wann-steht-die-sonne-uber-dem-wendekreis-des-krebses\/#Zur_Sonnenwende_im_Dezember_steht_die_Sonne_immer_im_Suden\" >Zur Sonnenwende im Dezember steht die Sonne immer im S\u00fcden<\/a><\/li><li class='ez-toc-page-1 ez-toc-heading-level-4'><a class=\"ez-toc-link ez-toc-heading-15\" href=\"https:\/\/goroskop.tv\/ge\/wann-steht-die-sonne-uber-dem-wendekreis-des-krebses\/#Jeden_Tag_im_Jahr_gibt_es_am_Aquator_12_Stunden_Tageslicht\" >Jeden Tag im Jahr gibt es am \u00c4quator 12 Stunden Tageslicht.<\/a><\/li><\/ul><\/li><\/ul><\/li><li class='ez-toc-page-1 ez-toc-heading-level-2'><a class=\"ez-toc-link ez-toc-heading-16\" href=\"https:\/\/goroskop.tv\/ge\/wann-steht-die-sonne-uber-dem-wendekreis-des-krebses\/#Steht_die_Sonne_am_21_Juni_am_Wendekreis_des_Krebses\" >Steht die Sonne am 21. Juni am Wendekreis des Krebses?<\/a><ul class='ez-toc-list-level-3' ><li class='ez-toc-heading-level-3'><a class=\"ez-toc-link ez-toc-heading-17\" href=\"https:\/\/goroskop.tv\/ge\/wann-steht-die-sonne-uber-dem-wendekreis-des-krebses\/#Was_ist_die_Sommersonnenwende\" >Was ist die Sommersonnenwende?<\/a><\/li><\/ul><\/li><li class='ez-toc-page-1 ez-toc-heading-level-2'><a class=\"ez-toc-link ez-toc-heading-18\" href=\"https:\/\/goroskop.tv\/ge\/wann-steht-die-sonne-uber-dem-wendekreis-des-krebses\/#Wo_wird_die_Sonne_am_21_Dezember_direkt_uber_Ihnen_stehen\" >Wo wird die Sonne am 21. Dezember direkt \u00fcber Ihnen stehen?<\/a><\/li><li class='ez-toc-page-1 ez-toc-heading-level-2'><a class=\"ez-toc-link ez-toc-heading-19\" href=\"https:\/\/goroskop.tv\/ge\/wann-steht-die-sonne-uber-dem-wendekreis-des-krebses\/#In_welchem_%E2%80%8B%E2%80%8BMonat_ist_der_Aquator_oben\" >In welchem \u200b\u200bMonat ist der \u00c4quator oben?<\/a><\/li><li class='ez-toc-page-1 ez-toc-heading-level-2'><a class=\"ez-toc-link ez-toc-heading-20\" href=\"https:\/\/goroskop.tv\/ge\/wann-steht-die-sonne-uber-dem-wendekreis-des-krebses\/#Auf_welchem_%E2%80%8B%E2%80%8BBreitengrad_steht_die_Sonne_am_21_Juni\" >Auf welchem \u200b\u200bBreitengrad steht die Sonne am 21. Juni?<\/a><\/li><li class='ez-toc-page-1 ez-toc-heading-level-2'><a class=\"ez-toc-link ez-toc-heading-21\" href=\"https:\/\/goroskop.tv\/ge\/wann-steht-die-sonne-uber-dem-wendekreis-des-krebses\/#Wo_sind_am_21_Juni_die_grellen_Sonnenstrahlen\" >Wo sind am 21. Juni die grellen Sonnenstrahlen?<\/a><\/li><li class='ez-toc-page-1 ez-toc-heading-level-2'><a class=\"ez-toc-link ez-toc-heading-22\" href=\"https:\/\/goroskop.tv\/ge\/wann-steht-die-sonne-uber-dem-wendekreis-des-krebses\/#Die_Sommersonnenwende_wird_am_21_Juni_gefeiert\" >Die Sommersonnenwende wird am 21. Juni gefeiert.<\/a><\/li><\/ul><\/nav><\/div>\n","protected":false},"excerpt":{"rendered":"<p>Wann steht die Sonne \u00fcber dem Wendekreis des Krebses? Die Sommersonnenwende findet auf der Nordhalbkugel typischerweise am 21. Juni statt, wenn die Sonne direkt \u00fcber dem Wendekreis des Krebses steht. Die Wintersonnenwende findet auf der S\u00fcdhalbkugel statt, wenn die Sonne direkt \u00fcber dem Wendekreis des Steinbocks steht. Wann steht der Wendekreis des Steinbocks im Einklang &hellip;<\/p>\n","protected":false},"author":1,"featured_media":83,"comment_status":"closed","ping_status":"closed","sticky":false,"template":"","format":"standard","meta":{"footnotes":""},"categories":[9],"tags":[165,54,12,870,692,657,74,156,1530],"class_list":["post-2390","post","type-post","status-publish","format-standard","has-post-thumbnail","hentry","category-tarot","tag-dem","tag-des","tag-die","tag-krebses","tag-sonne","tag-steht","tag-uber","tag-wann","tag-wendekreis"],"_links":{"self":[{"href":"https:\/\/goroskop.tv\/ge\/wp-json\/wp\/v2\/posts\/2390","targetHints":{"allow":["GET"]}}],"collection":[{"href":"https:\/\/goroskop.tv\/ge\/wp-json\/wp\/v2\/posts"}],"about":[{"href":"https:\/\/goroskop.tv\/ge\/wp-json\/wp\/v2\/types\/post"}],"author":[{"embeddable":true,"href":"https:\/\/goroskop.tv\/ge\/wp-json\/wp\/v2\/users\/1"}],"replies":[{"embeddable":true,"href":"https:\/\/goroskop.tv\/ge\/wp-json\/wp\/v2\/comments?post=2390"}],"version-history":[{"count":0,"href":"https:\/\/goroskop.tv\/ge\/wp-json\/wp\/v2\/posts\/2390\/revisions"}],"wp:featuredmedia":[{"embeddable":true,"href":"https:\/\/goroskop.tv\/ge\/wp-json\/wp\/v2\/media\/83"}],"wp:attachment":[{"href":"https:\/\/goroskop.tv\/ge\/wp-json\/wp\/v2\/media?parent=2390"}],"wp:term":[{"taxonomy":"category","embeddable":true,"href":"https:\/\/goroskop.tv\/ge\/wp-json\/wp\/v2\/categories?post=2390"},{"taxonomy":"post_tag","embeddable":true,"href":"https:\/\/goroskop.tv\/ge\/wp-json\/wp\/v2\/tags?post=2390"}],"curies":[{"name":"wp","href":"https:\/\/api.w.org\/{rel}","templated":true}]}}