{"id":45884,"date":"2023-08-21T05:43:50","date_gmt":"2023-08-21T05:43:50","guid":{"rendered":"https:\/\/goroskop.tv\/ge\/tarot-bytes-folge-158-das-jahr-des-kaisers\/"},"modified":"2023-08-21T05:43:50","modified_gmt":"2023-08-21T05:43:50","slug":"tarot-bytes-folge-158-das-jahr-des-kaisers","status":"publish","type":"post","link":"https:\/\/goroskop.tv\/ge\/tarot-bytes-folge-158-das-jahr-des-kaisers\/","title":{"rendered":"Tarot Bytes Folge 158: Das Jahr des Kaisers"},"content":{"rendered":"<p><\/p>\n<h2><span class=\"ez-toc-section\" id=\"Tarot_Bytes_Folge_158_Das_Jahr_des_Kaisers\"><\/span><span class=\"ez-toc-section\" id=\"Tarot_Bytes_Episodio_158_El_ano_del_emperador\"><\/span>  Tarot Bytes Folge 158: Das Jahr des Kaisers<span class=\"ez-toc-section-end\"><\/span><span class=\"ez-toc-section-end\"><\/span><\/h2>\n<h2><span class=\"ez-toc-section\" id=\"Tarot_Bytes_Der_Podcast\"><\/span><span class=\"ez-toc-section\" id=\"Tarot_Bytes_El_Podcast\"><\/span><span style=\"color: #734092;\">Tarot Bytes: Der Podcast<\/span><span class=\"ez-toc-section-end\"><\/span><span class=\"ez-toc-section-end\"><\/span><\/h2>\n<p>Kurze Tarot-Lektionen f\u00fcr Anf\u00e4nger, erstellt von Theresa Reed, der Tarot-Lady<\/p>\n<p>Willkommen bei Tarot Bytes, dem Tarot-Podcast f\u00fcr Leute, die Tarot lernen m\u00f6chten \u2026 aber nicht den ganzen Tag Zeit haben. <\/p>\n<p>  Kurze und kurze Tarot-Lektionen.<\/p>\n<h2><span class=\"ez-toc-section\" id=\"Folge_158_Das_Jahr_des_Kaisers_mit_Shaheen_Miro\"><\/span><span class=\"ez-toc-section\" id=\"Episodio_158_El_ano_del_emperador_con_Shaheen_Miro\"><\/span>Folge 158: Das Jahr des Kaisers mit Shaheen Miro<span class=\"ez-toc-section-end\"><\/span><span class=\"ez-toc-section-end\"><\/span><\/h2>\n<p>2020 markiert das universelle Jahr des Kaisers. <\/p>\n<p>  Die Themen des Jahres: Sicherheit, Schutz und Patriarchat. <\/p>\n<p>  W\u00e4hrend der Kaiser die Vaterfigur symbolisieren kann, ist die dunkle Seite der Diktator. <\/p>\n<p>  In den Tarot Bytes dieser Woche spricht Shaheen Miro, Co-Autorin von \u201eTarot for Troubled Times\u201c, mit mir dar\u00fcber, wie man die Jahreszahl ermittelt, was das Jahr des Kaisers f\u00fcr uns kollektiv und pers\u00f6nlich bedeutet und wie man auf eine Art und Weise damit umgeht was f\u00fcr Sie aufgrund Ihrer Geburtskarte sinnvoll ist.<\/p>\n<p>Navigieren Sie mit Tarot und Shaheen durch die Stimmung dieses Jahres!<\/p>\n<p><strong>\u00dcber Shaheen:<\/strong><\/p>\n<p>Shaheen Miro ist eine intuitive Leserin, Teeblattleserin, Energiearbeiterin, Modedesignerin, K\u00fcnstlerin, Schriftstellerin und spirituelle Nomadin. <\/p>\n<p>  Er ist der Sch\u00f6pfer von <em>Das Mondnomaden-Orakel<\/em> und Co-Creador von <em>Tarot f\u00fcr unruhige Zeiten<\/em>.<\/p>\n<p>Shaheen schult Menschen durch spirituelle Praktiken wie spirituelle Reinigung, Schutz und intuitive Entwicklung zu einem achtsameren Leben.<\/p>\n<p>Sie k\u00f6nnen sich \u00fcber das Internet mit Shaheen verbinden:<\/p>\n<p>Website: Shaheen Mir\u00f3<\/p>\n<p>Instagram: @shaheenthedream<\/p>\n<p>Twitter: @ShaheenMiro<\/p>\n<p>Fb-Seite: Shaheen Miro Insights<\/p>\n<p>Y tambi\u00e9n-Correo: Shaheen@ShaheenMiroInsights.com<\/p>\n<p>Schnappen Sie sich Ihr Lieblingsdeck, setzen Sie Ihre Kopfh\u00f6rer auf und tauchen Sie ein!<\/p>\n<p>xo<\/p>\n<p>Da ist ein<\/p>\n<p>Abonnieren Sie iTunes, Google plus Play oder Stitcher oder verwenden Sie den gro\u00dfartigen Podcast-Player unten, um dieran Titel anzuh\u00f6ren. Sie:<\/p>\n<p>\u00a9 Theresa Reed |  Die Dame des Tarot 2020<\/p>\n<p>Sehen Sie sich hier alle vorherigen Tarot-Bytes-Lektionen an.<\/p>\n<p>Wir hoffen, Ihnen hat unser Artikel Tarot Bytes Episode 158: Das Jahr des Kaisers und alles rund um Horoskope, Tarot, Rituale und alles, was damit zusammenh\u00e4ngt, gefallen.<\/p>\n<figure class=\"wp-block-table is-style-regular\">\n<\/figure>\n<p>Interessante Dinge, um die Bedeutung zu kennen: Horoskop  <\/p>\n<p>Auch hier hinterlassen wir Themen im Zusammenhang mit: Horoskop<\/p>\n<\/p>\n<p><\/p>\n<p>Wir hoffen, dass Ihnen unser Artikel Tarot Bytes Folge 158: Das Jahr des Kaisers<br \/>\n und alles rund um Horoskope, Tarot, Rituale und alles, was damit zusammenh\u00e4ngt, gefallen hat &#8230;<\/p>\n<figure class=\"wp-block-table is-style-regular\">\n<table style=\"width: 284px; height: 157px;\">\n<tbody>\n<tr>\n<td class=\"has-text-align-center\" data-align=\"center\"><img loading=\"lazy\" decoding=\"async\" class=\"alignleft\" src=\" https:\/\/goroskop.tv\/wp-content\/uploads\/2023\/05\/horoscopodo9.jpg \" alt=\" Tarot Bytes Folge 158: Das Jahr des Kaisers\n \" width=\"65\" height=\"95\" title=\"\"><img loading=\"lazy\" decoding=\"async\" class=\"alignleft\" style=\"width: 60px;\" src=\" https:\/\/goroskop.tv\/wp-content\/uploads\/2023\/05\/horoscopodo8.webp \" alt=\" Tarot Bytes Folge 158: Das Jahr des Kaisers\n \" width=\"195\" height=\"300\" title=\"\"><img decoding=\"async\" class=\"alignleft\" style=\"width: 60px;\" src=\" https:\/\/goroskop.tv\/wp-content\/uploads\/2023\/05\/horoscopodo7.jpg \" alt=\" Tarot Bytes Folge 158: Das Jahr des Kaisers\n \" title=\"\"><\/td>\n<\/tr>\n<\/tbody>\n<\/table>\n<\/figure>\n<p>Interessante Dinge, um die Bedeutung zu kennen: <a href=\"https:\/\/de.wikipedia.org\/wiki\/Horoskop\" target=\"_blank\" rel=\"nofollow noopener\"> Horoskop <\/a> <\/p>\n<p>Auch hier hinterlassen wir Themen im Zusammenhang mit: <a href=\" https:\/\/goroskop.tv\/ge\/der-sexuelle-traum-den-er-letzte-nacht-mit-dir-hatte\/ \">Horoskop<\/a><\/p>\n<div id=\"ez-toc-container\" class=\"ez-toc-v2_0_82_2 ez-toc-wrap-center counter-hierarchy ez-toc-counter ez-toc-grey ez-toc-container-direction\">\n<div class=\"ez-toc-title-container\">\n<div class=\"ez-toc-title ez-toc-toggle\" style=\"cursor:pointer\">Table of Contents<\/div>\n<span class=\"ez-toc-title-toggle\"><a href=\"#\" class=\"ez-toc-pull-right ez-toc-btn ez-toc-btn-xs ez-toc-btn-default ez-toc-toggle\" aria-label=\"Alternar tabla de contenidos\"><span class=\"ez-toc-js-icon-con\"><span class=\"\"><span class=\"eztoc-hide\" style=\"display:none;\">Toggle<\/span><span class=\"ez-toc-icon-toggle-span\"><svg style=\"fill: #999;color:#999\" xmlns=\"http:\/\/www.w3.org\/2000\/svg\" class=\"list-377408\" width=\"20px\" height=\"20px\" viewBox=\"0 0 24 24\" fill=\"none\"><path d=\"M6 6H4v2h2V6zm14 0H8v2h12V6zM4 11h2v2H4v-2zm16 0H8v2h12v-2zM4 16h2v2H4v-2zm16 0H8v2h12v-2z\" fill=\"currentColor\"><\/path><\/svg><svg style=\"fill: #999;color:#999\" class=\"arrow-unsorted-368013\" xmlns=\"http:\/\/www.w3.org\/2000\/svg\" width=\"10px\" height=\"10px\" viewBox=\"0 0 24 24\" version=\"1.2\" baseProfile=\"tiny\"><path d=\"M18.2 9.3l-6.2-6.3-6.2 6.3c-.2.2-.3.4-.3.7s.1.5.3.7c.2.2.4.3.7.3h11c.3 0 .5-.1.7-.3.2-.2.3-.5.3-.7s-.1-.5-.3-.7zM5.8 14.7l6.2 6.3 6.2-6.3c.2-.2.3-.5.3-.7s-.1-.5-.3-.7c-.2-.2-.4-.3-.7-.3h-11c-.3 0-.5.1-.7.3-.2.2-.3.5-.3.7s.1.5.3.7z\"\/><\/svg><\/span><\/span><\/span><\/a><\/span><\/div>\n<nav><ul class='ez-toc-list ez-toc-list-level-1 eztoc-toggle-hide-by-default' ><li class='ez-toc-page-1 ez-toc-heading-level-2'><a class=\"ez-toc-link ez-toc-heading-1\" href=\"https:\/\/goroskop.tv\/ge\/tarot-bytes-folge-158-das-jahr-des-kaisers\/#Tarot_Bytes_Folge_158_Das_Jahr_des_Kaisers\" >Tarot Bytes Folge 158: Das Jahr des Kaisers<\/a><\/li><li class='ez-toc-page-1 ez-toc-heading-level-2'><a class=\"ez-toc-link ez-toc-heading-2\" href=\"https:\/\/goroskop.tv\/ge\/tarot-bytes-folge-158-das-jahr-des-kaisers\/#Tarot_Bytes_Der_Podcast\" >Tarot Bytes: Der Podcast<\/a><\/li><li class='ez-toc-page-1 ez-toc-heading-level-2'><a class=\"ez-toc-link ez-toc-heading-3\" href=\"https:\/\/goroskop.tv\/ge\/tarot-bytes-folge-158-das-jahr-des-kaisers\/#Folge_158_Das_Jahr_des_Kaisers_mit_Shaheen_Miro\" >Folge 158: Das Jahr des Kaisers mit Shaheen Miro<\/a><\/li><\/ul><\/nav><\/div>\n","protected":false},"excerpt":{"rendered":"<p>Tarot Bytes Folge 158: Das Jahr des Kaisers Tarot Bytes: Der Podcast Kurze Tarot-Lektionen f\u00fcr Anf\u00e4nger, erstellt von Theresa Reed, der Tarot-Lady Willkommen bei Tarot Bytes, dem Tarot-Podcast f\u00fcr Leute, die Tarot lernen m\u00f6chten \u2026 aber nicht den ganzen Tag Zeit haben. Kurze und kurze Tarot-Lektionen. Folge 158: Das Jahr des Kaisers mit Shaheen Miro &hellip;<\/p>\n","protected":false},"author":1,"featured_media":74,"comment_status":"closed","ping_status":"closed","sticky":false,"template":"","format":"standard","meta":{"footnotes":""},"categories":[8],"tags":[11831,21,54,5148,303,13961,275],"class_list":["post-45884","post","type-post","status-publish","format-standard","has-post-thumbnail","hentry","category-horoskop","tag-bytes","tag-das","tag-des","tag-folge","tag-jahr","tag-kaisers","tag-tarot"],"_links":{"self":[{"href":"https:\/\/goroskop.tv\/ge\/wp-json\/wp\/v2\/posts\/45884","targetHints":{"allow":["GET"]}}],"collection":[{"href":"https:\/\/goroskop.tv\/ge\/wp-json\/wp\/v2\/posts"}],"about":[{"href":"https:\/\/goroskop.tv\/ge\/wp-json\/wp\/v2\/types\/post"}],"author":[{"embeddable":true,"href":"https:\/\/goroskop.tv\/ge\/wp-json\/wp\/v2\/users\/1"}],"replies":[{"embeddable":true,"href":"https:\/\/goroskop.tv\/ge\/wp-json\/wp\/v2\/comments?post=45884"}],"version-history":[{"count":0,"href":"https:\/\/goroskop.tv\/ge\/wp-json\/wp\/v2\/posts\/45884\/revisions"}],"wp:featuredmedia":[{"embeddable":true,"href":"https:\/\/goroskop.tv\/ge\/wp-json\/wp\/v2\/media\/74"}],"wp:attachment":[{"href":"https:\/\/goroskop.tv\/ge\/wp-json\/wp\/v2\/media?parent=45884"}],"wp:term":[{"taxonomy":"category","embeddable":true,"href":"https:\/\/goroskop.tv\/ge\/wp-json\/wp\/v2\/categories?post=45884"},{"taxonomy":"post_tag","embeddable":true,"href":"https:\/\/goroskop.tv\/ge\/wp-json\/wp\/v2\/tags?post=45884"}],"curies":[{"name":"wp","href":"https:\/\/api.w.org\/{rel}","templated":true}]}}