{"id":10395,"date":"2023-07-24T03:20:20","date_gmt":"2023-07-24T03:20:20","guid":{"rendered":"https:\/\/goroskop.tv\/sw\/de-3-stjarntecknen-som-slutar-alska-nagon\/"},"modified":"2023-07-24T03:20:20","modified_gmt":"2023-07-24T03:20:20","slug":"de-3-stjarntecknen-som-slutar-alska-nagon","status":"publish","type":"post","link":"https:\/\/goroskop.tv\/sw\/de-3-stjarntecknen-som-slutar-alska-nagon\/","title":{"rendered":"De 3 stj\u00e4rntecknen som slutar \u00e4lska n\u00e5gon"},"content":{"rendered":"<p><\/p>\n<h2><span class=\"ez-toc-section\" id=\"De_3_stjarntecknen_som_slutar_alska_ett_ex\"><\/span><span class=\"ez-toc-section\" id=\"Los_3_signos_del_zodiaco_que_dejan_de_amar_a_un_ex\"><\/span>  De 3 stj\u00e4rntecknen som slutar \u00e4lska ett ex-<span class=\"ez-toc-section-end\"><\/span><span class=\"ez-toc-section-end\"><\/span><\/h2>\n<p>M\u00e5nen i Kr\u00e4ftan \u00e4r inte en krympande viol n\u00e4r det kommer till k\u00e4rlek och helande. <\/p>\n<p>  Denna transit \u00e4r h\u00e4r f\u00f6r det enda syftet att st\u00e4lla oss ansikte mot ansikte med det som g\u00f6r oss ont s\u00e5 att vi kan hitta en v\u00e4g ut ur den sm\u00e4rtan.<\/p>\n<p>Detta \u00e4r en av de mest k\u00e4nsliga k\u00e4nslighetsinducerande transiterna och \u00e4r en av de \u00abmagiska\u00bb kosmiska h\u00e4ndelserna som faktiskt kan hj\u00e4lpa oss att f\u00f6rst\u00e5 att vi m\u00e5ste l\u00e4ka om vi ska forts\u00e4tta. <\/p>\n<p>  Det h\u00e4r \u00e4r en tid av helande och den 21 augusti kommer de av oss som \u00e4r skadade att l\u00f6sa sm\u00e4rtan vi har levt med f\u00f6r l\u00e4nge.<\/p>\n<p>S\u00e5 l\u00e5t oss anv\u00e4nda denna transit, M\u00e5nen i Kr\u00e4ftan, som en str\u00e5le av hopp;  l\u00e5t oss se att vi inte definieras av sm\u00e4rtan vi har h\u00e5llit fast vid, och att vi, som om det vore idag, inte beh\u00f6ver h\u00e5lla lika h\u00e5rt fast vid sm\u00e4rtan som vi har kommit att betrakta som v\u00e5r dagliga existens.<\/p>\n<p>Det finns ingen anledning att h\u00e5lla p\u00e5 l\u00e4ngre;  Det \u00e4r officiellt dags att s\u00e4ga adj\u00f6 till ett minne som ger sm\u00e4rta och en tillvaro som definieras av hj\u00e4rtesorg. <\/p>\n<p class=\"article-body-related-links\"><strong>RELATERAT: Hur Mercury Retrogrades skuggperiod p\u00e5verkar varje stj\u00e4rnteckens relationshoroskop fr\u00e5n 22 augusti &#8211; 9 september 2022<\/strong><\/p>\n<p class=\"article-body-related-links\"><strong>RELATERAT: Veckans lyckligaste dag f\u00f6r varje stj\u00e4rntecken, 22-28 augusti 2022<\/strong><\/p>\n<p>Vi vet att vi har h\u00e5llit fast vid sm\u00e4rtan och att sl\u00e4ppa den har alltid varit ett alternativ, men m\u00e5nga av oss k\u00e4nner skuld f\u00f6r att sl\u00e4ppa taget om det f\u00f6rflutna som om vi visade n\u00e5gon form av illojalitet helt enkelt genom att vilja fly det. <\/p>\n<p>  Vi \u00e4r skyldiga ingenting till det f\u00f6rflutna, tecken.<\/p>\n<p>Det f\u00f6rflutna existerar inte l\u00e4ngre och ju mer vi h\u00e5ller fast vid det, s\u00e4rskilt om det f\u00f6rflutna har f\u00f6rvandlat oss till sinnesl\u00f6sa zombies, desto mer v\u00e4rdefull tid sl\u00f6sar vi bort. <\/p>\n<p>  Livet \u00e4r v\u00e4rdefullt och tiden \u00e4r begr\u00e4nsad. <\/p>\n<p>  Vakna upp och l\u00e5t M\u00e5nen i Kr\u00e4ftan g\u00f6ra sitt jobb. <\/p>\n<p>  L\u00e5t dig l\u00e4ka.<\/p>\n<h2><span class=\"ez-toc-section\" id=\"De_tre_stjarntecknen_som_slutar_alska_ett_ex-_under_Manen_i_Kraftan_fran_21_till_23_augusti_2022\"><\/span><span class=\"ez-toc-section\" id=\"Los_tres_signos_del_zodiaco_que_dejan_de_querer_a_un_ex_durante_la_Luna_en_Cancer_del_21_al_23_de_agosto_de_2022\"><\/span>De tre stj\u00e4rntecknen som slutar \u00e4lska ett ex- under M\u00e5nen i Kr\u00e4ftan fr\u00e5n 21 till 23 augusti 2022.<span class=\"ez-toc-section-end\"><\/span><span class=\"ez-toc-section-end\"><\/span><\/h2>\n<h3><span class=\"ez-toc-section\" id=\"1\"><\/span><span class=\"ez-toc-section\" id=\"1_Cancer\"><\/span>1. <span class=\"ez-toc-section-end\"><\/span><\/h3>\n<p>Cancer<span class=\"ez-toc-section-end\"><\/span>\n<\/p>\n<h3><span class=\"ez-toc-section\" id=\"21_juni_%E2%80%93_22_juli\"><\/span><span class=\"ez-toc-section\" id=\"21_de_junio_%E2%80%93_22_de_julio\"><\/span><em>(21 juni \u2013 22 juli)<\/em><span class=\"ez-toc-section-end\"><\/span><span class=\"ez-toc-section-end\"><\/span><\/h3>\n<p>Du har alltid reagerat omedelbart p\u00e5 m\u00e5nens rop i Kr\u00e4ftan, och idag kommer det inte att bli annorlunda;  det \u00e4r n\u00e5got i ditt liv som du har h\u00e5llit hemligt. <\/p>\n<p>  Ingen annan vet, men dina n\u00e4rmaste v\u00e4nner har alltid insett n\u00e5got;  Du \u00e4r mystisk och du skulle f\u00f6redra att de inser \u00abmysteriet\u00bb snarare \u00e4n den verkliga orsaken till din mystiska attityd, som \u00e4r att du fortfarande \u00e4r s\u00e5rad fr\u00e5n ett tidigare f\u00f6rh\u00e5llande och inte vet vad du ska g\u00f6ra med dessa k\u00e4nslor.<\/p>\n<p>Du kan inte se vad du f\u00e5r ut av allt detta, men du h\u00e5ller s\u00e5 h\u00e5rt fast vid tanken att du lider och att det h\u00e4r p\u00e5 n\u00e5got s\u00e4tt \u00e4r ditt kors. <\/p>\n<p>  Du \u00f6verv\u00e4gde inte ens att sl\u00e4ppa denna sm\u00e4rta f\u00f6rr\u00e4n nu, och nu n\u00e4r det verkar m\u00f6jligt bryr du dig mer och mer. <\/p>\n<p>  Det verkar som att detta kan vara ditt \u00f6gonblick, Cancer. <\/p>\n<p>  Det \u00e4r dags att sl\u00e4ppa taget om den h\u00e4r presenten fr\u00e5n det f\u00f6rflutna s\u00e5 att du kan kr\u00e4va tillbaka dig sj\u00e4lv.<\/p>\n<p class=\"article-body-related-links\"><strong>RELATERAT: 11 psykologiska knep f\u00f6r att f\u00e5 ditt ex- att \u00e5ngra att du f\u00f6rlorade dig<\/strong><\/p>\n<h3><span class=\"ez-toc-section\" id=\"2\"><\/span><span class=\"ez-toc-section\" id=\"2_Libra\"><\/span>2. <span class=\"ez-toc-section-end\"><\/span><\/h3>\n<p>Pund<span class=\"ez-toc-section-end\"><\/span>\n<\/p>\n<p><em>(23 september \u2013 22 oktober)<\/em><\/p>\n<p>Den enda anledningen till att du inte helt har sl\u00e4ppt taget om den enda presenten som f\u00f6rst\u00f6rde ditt hj\u00e4rta \u00e4r att du inte visste att det skulle vara en bra id\u00e9. <\/p>\n<p>  Du trodde att om du d\u00f6ljer de k\u00e4nslorna, kan du l\u00e4tt l\u00e5tsas att allt \u00e4r bra och forts\u00e4tta med ditt liv. <\/p>\n<p>  Men du m\u00f6tte aldrig denna hj\u00e4rtesorg;  du bara sk\u00f6t undan det som om det vore n\u00e5got hanterbart, vilket har visat sig vara om\u00f6jligt.<\/p>\n<p>Det enda s\u00e4ttet att hantera det \u00e4r att bli av med det, och det enda s\u00e4ttet att bli av med det \u00e4r att erk\u00e4nna dess v\u00e4rde i ditt liv. <\/p>\n<p>  N\u00e4r du v\u00e4l ser att din n\u00f6d \u00e4r v\u00e4rdel\u00f6s f\u00f6r dig kommer du att b\u00f6rja se den logiskt. <\/p>\n<p>  Denna gamla hj\u00e4rtesorg t\u00f6mmer bara din energi och f\u00f6rvandlar dig till en falsk person. <\/p>\n<p>  Om du n\u00e5gonsin vill \u00e4lska igen, d\u00e5 m\u00e5ste du ge plats \u00e5t den presenten genom att offra omr\u00e5det som nu hyser din \u00e5ngest. <\/p>\n<p>  Det \u00e4r dags att s\u00e4ga adj\u00f6, V\u00e5gen.<\/p>\n<p class=\"article-body-related-links\"><strong>RELATERAT: 15 giftiga saker du g\u00f6r f\u00f6r att du fortfarande \u00e4r k\u00e4r i ditt ex-<\/strong><\/p>\n<h3><span class=\"ez-toc-section\" id=\"3\"><\/span><span class=\"ez-toc-section\" id=\"3_Escorpio\"><\/span>3. <span class=\"ez-toc-section-end\"><\/span><\/h3>\n<p>skorpion<span class=\"ez-toc-section-end\"><\/span>\n<\/p>\n<p><em>(23 oktober \u2013 21 november)<\/em><\/p>\n<p>Du kan vara ganska stolt ibland, och den stoltheten har kostat dig;  du lever i \u00e5ngest f\u00f6r en r\u00f6relse av stolthet som du gjorde i det f\u00f6rflutna och det slutade med att du betalade dyrt f\u00f6r det. <\/p>\n<p>  Tiden har g\u00e5tt och det verkar som att du fortfarande h\u00e5ller fast vid sm\u00e4rtan av detta felsteg, och huvudproblemet h\u00e4r \u00e4r att du tar ansvar.<\/p>\n<h2><span class=\"ez-toc-section\" id=\"Relaterade_berattelser_fran_YourTango\"><\/span><span class=\"ez-toc-section\" id=\"Historias_relacionadas_de_YourTango\"><\/span>Relaterade ber\u00e4ttelser fr\u00e5n YourTango:<span class=\"ez-toc-section-end\"><\/span><span class=\"ez-toc-section-end\"><\/span><\/h2>\n<p>\u00c4ven om det alltid \u00e4r bra att ta ansvar, har du blivit skurken, och det \u00e4r inte vad du \u00e4r. <\/p>\n<p>  P\u00e5 n\u00e5gon djupt privat niv\u00e5 har du best\u00e4mt dig f\u00f6r att du f\u00f6rtj\u00e4nar den h\u00e4r typen av sm\u00e4rta och att om det inneb\u00e4r lidande f\u00f6r dig sj\u00e4lv, s\u00e5 \u00e4r det vad du ska g\u00f6ra. <\/p>\n<p>  Och sedan klickar M\u00e5nen i Kr\u00e4ftan och ger dig en uppfattning om hur du kan befria dig fr\u00e5n dessa mentala kedjor.<\/p>\n<p>Den h\u00e4r veckan kommer att visa dig att du inte beh\u00f6ver forts\u00e4tta med detta sj\u00e4lvbestraffning under resten av din existens. <\/p>\n<p>  Faktum \u00e4r att du \u00e4ntligen kommer att k\u00e4nna att det finns hopp f\u00f6r dig n\u00e4r du g\u00e5r igenom den h\u00e4r veckan. <\/p>\n<p>  G\u00f6r dig sj\u00e4lv en tj\u00e4nst och lyssna p\u00e5 den d\u00e4r inre r\u00f6sten&#8230; som skriker frihet.<\/p>\n<p class=\"article-body-related-links\"><strong>RELATERAT: Varf\u00f6r du beh\u00f6ver vara extremt f\u00f6rsiktig n\u00e4r du pratar om ditt ex-<\/strong><\/p>\n<p><em>Ruby Miranda tolkar I Ching, Tarot, Runor och Astrologi. <\/em><\/p>\n<p>  Hon ger privata l\u00e4sningar och har arbetat som en intuitiv l\u00e4sare i \u00f6ver 20 \u00e5r. <\/p>\n<p>Vi hoppas att du gillade v\u00e5r artikel De 3 stj\u00e4rntecknen som slutar \u00e4lska ett ex- och allt relaterat till horoskop, tarot, ritualer och allt relaterat.<\/p>\n<figure class=\"wp-block-table is-style-regular\">\n<\/figure>\n<p>Intressanta saker att veta inneb\u00f6rden: Horoskop  <\/p>\n<p>\u00c4ven h\u00e4r l\u00e4mnar vi \u00e4mnen relaterade till: Horoskop<\/p>\n<\/p>\n<p><\/p>\n<p>Vi hoppas att du gillade v\u00e5r artikel De 3 stj\u00e4rntecknen som slutar \u00e4lska n\u00e5gon<br \/>\n och allt om horoskop, tarot, ritualer och allt relaterat till det &#8230;<\/p>\n<figure class=\"wp-block-table is-style-regular\">\n<table style=\"width: 284px; height: 157px;\">\n<tbody>\n<tr>\n<td class=\"has-text-align-center\" data-align=\"center\"><img loading=\"lazy\" decoding=\"async\" class=\"alignleft\" src=\" https:\/\/goroskop.tv\/wp-content\/uploads\/2023\/05\/horoscopodo12.jpg \" alt=\" De 3 stj\u00e4rntecknen som slutar \u00e4lska n\u00e5gon\n \" width=\"65\" height=\"95\" title=\"\"><img loading=\"lazy\" decoding=\"async\" class=\"alignleft\" style=\"width: 60px;\" src=\" https:\/\/goroskop.tv\/wp-content\/uploads\/2023\/05\/horoscopodo11.jpg \" alt=\" De 3 stj\u00e4rntecknen som slutar \u00e4lska n\u00e5gon\n \" width=\"195\" height=\"300\" title=\"\"><img decoding=\"async\" class=\"alignleft\" style=\"width: 60px;\" src=\" https:\/\/goroskop.tv\/wp-content\/uploads\/2023\/05\/horoscopodo10.jpg \" alt=\" De 3 stj\u00e4rntecknen som slutar \u00e4lska n\u00e5gon\n \" title=\"\"><\/td>\n<\/tr>\n<\/tbody>\n<\/table>\n<\/figure>\n<p>Intressanta saker att veta inneb\u00f6rden: <a href=\"https:\/\/sv.wikipedia.org\/wiki\/Horoskop\" target=\"_blank\" rel=\"nofollow noopener\"> Horoskop <\/a> <\/p>\n<p>H\u00e4r l\u00e4mnar vi ocks\u00e5 \u00e4mnen relaterade till: <a href=\" https:\/\/goroskop.tv\/sw\/den-perfekta-kandispojkvannen-for-dig\/\">Horoskop<\/a> <\/p>\n<div id=\"ez-toc-container\" class=\"ez-toc-v2_0_82_2 ez-toc-wrap-center counter-hierarchy ez-toc-counter ez-toc-grey ez-toc-container-direction\">\n<div class=\"ez-toc-title-container\">\n<div class=\"ez-toc-title\" style=\"cursor:inherit\">Table of Contents<\/div>\n<span class=\"ez-toc-title-toggle\"><a href=\"#\" class=\"ez-toc-pull-right ez-toc-btn ez-toc-btn-xs ez-toc-btn-default ez-toc-toggle\" aria-label=\"Alternar tabla de contenidos\"><span class=\"ez-toc-js-icon-con\"><span class=\"\"><span class=\"eztoc-hide\" style=\"display:none;\">Toggle<\/span><span class=\"ez-toc-icon-toggle-span\"><svg style=\"fill: #999;color:#999\" xmlns=\"http:\/\/www.w3.org\/2000\/svg\" class=\"list-377408\" width=\"20px\" height=\"20px\" viewBox=\"0 0 24 24\" fill=\"none\"><path d=\"M6 6H4v2h2V6zm14 0H8v2h12V6zM4 11h2v2H4v-2zm16 0H8v2h12v-2zM4 16h2v2H4v-2zm16 0H8v2h12v-2z\" fill=\"currentColor\"><\/path><\/svg><svg style=\"fill: #999;color:#999\" class=\"arrow-unsorted-368013\" xmlns=\"http:\/\/www.w3.org\/2000\/svg\" width=\"10px\" height=\"10px\" viewBox=\"0 0 24 24\" version=\"1.2\" baseProfile=\"tiny\"><path d=\"M18.2 9.3l-6.2-6.3-6.2 6.3c-.2.2-.3.4-.3.7s.1.5.3.7c.2.2.4.3.7.3h11c.3 0 .5-.1.7-.3.2-.2.3-.5.3-.7s-.1-.5-.3-.7zM5.8 14.7l6.2 6.3 6.2-6.3c.2-.2.3-.5.3-.7s-.1-.5-.3-.7c-.2-.2-.4-.3-.7-.3h-11c-.3 0-.5.1-.7.3-.2.2-.3.5-.3.7s.1.5.3.7z\"\/><\/svg><\/span><\/span><\/span><\/a><\/span><\/div>\n<nav><ul class='ez-toc-list ez-toc-list-level-1 eztoc-toggle-hide-by-default' ><li class='ez-toc-page-1 ez-toc-heading-level-2'><a class=\"ez-toc-link ez-toc-heading-1\" href=\"https:\/\/goroskop.tv\/sw\/de-3-stjarntecknen-som-slutar-alska-nagon\/#De_3_stjarntecknen_som_slutar_alska_ett_ex\" >De 3 stj\u00e4rntecknen som slutar \u00e4lska ett ex-<\/a><\/li><li class='ez-toc-page-1 ez-toc-heading-level-2'><a class=\"ez-toc-link ez-toc-heading-2\" href=\"https:\/\/goroskop.tv\/sw\/de-3-stjarntecknen-som-slutar-alska-nagon\/#De_tre_stjarntecknen_som_slutar_alska_ett_ex-_under_Manen_i_Kraftan_fran_21_till_23_augusti_2022\" >De tre stj\u00e4rntecknen som slutar \u00e4lska ett ex- under M\u00e5nen i Kr\u00e4ftan fr\u00e5n 21 till 23 augusti 2022.<\/a><ul class='ez-toc-list-level-3' ><li class='ez-toc-heading-level-3'><a class=\"ez-toc-link ez-toc-heading-3\" href=\"https:\/\/goroskop.tv\/sw\/de-3-stjarntecknen-som-slutar-alska-nagon\/#1\" >1.<\/a><\/li><li class='ez-toc-page-1 ez-toc-heading-level-3'><a class=\"ez-toc-link ez-toc-heading-4\" href=\"https:\/\/goroskop.tv\/sw\/de-3-stjarntecknen-som-slutar-alska-nagon\/#21_juni_%E2%80%93_22_juli\" >(21 juni \u2013 22 juli)<\/a><\/li><li class='ez-toc-page-1 ez-toc-heading-level-3'><a class=\"ez-toc-link ez-toc-heading-5\" href=\"https:\/\/goroskop.tv\/sw\/de-3-stjarntecknen-som-slutar-alska-nagon\/#2\" >2.<\/a><\/li><li class='ez-toc-page-1 ez-toc-heading-level-3'><a class=\"ez-toc-link ez-toc-heading-6\" href=\"https:\/\/goroskop.tv\/sw\/de-3-stjarntecknen-som-slutar-alska-nagon\/#3\" >3.<\/a><\/li><\/ul><\/li><li class='ez-toc-page-1 ez-toc-heading-level-2'><a class=\"ez-toc-link ez-toc-heading-7\" href=\"https:\/\/goroskop.tv\/sw\/de-3-stjarntecknen-som-slutar-alska-nagon\/#Relaterade_berattelser_fran_YourTango\" >Relaterade ber\u00e4ttelser fr\u00e5n YourTango:<\/a><\/li><\/ul><\/nav><\/div>\n","protected":false},"excerpt":{"rendered":"<p>De 3 stj\u00e4rntecknen som slutar \u00e4lska ett ex- M\u00e5nen i Kr\u00e4ftan \u00e4r inte en krympande viol n\u00e4r det kommer till k\u00e4rlek och helande. Denna transit \u00e4r h\u00e4r f\u00f6r det enda syftet att st\u00e4lla oss ansikte mot ansikte med det som g\u00f6r oss ont s\u00e5 att vi kan hitta en v\u00e4g ut ur den sm\u00e4rtan. Detta &hellip;<\/p>\n","protected":false},"author":1,"featured_media":14,"comment_status":"closed","ping_status":"closed","sticky":false,"template":"","format":"standard","meta":{"footnotes":""},"categories":[2],"tags":[149,122,1346,16,190],"class_list":["post-10395","post","type-post","status-publish","format-standard","has-post-thumbnail","hentry","category-horoskop","tag-alska","tag-nagon","tag-slutar","tag-som","tag-stjarntecknen"],"_links":{"self":[{"href":"https:\/\/goroskop.tv\/sw\/wp-json\/wp\/v2\/posts\/10395","targetHints":{"allow":["GET"]}}],"collection":[{"href":"https:\/\/goroskop.tv\/sw\/wp-json\/wp\/v2\/posts"}],"about":[{"href":"https:\/\/goroskop.tv\/sw\/wp-json\/wp\/v2\/types\/post"}],"author":[{"embeddable":true,"href":"https:\/\/goroskop.tv\/sw\/wp-json\/wp\/v2\/users\/1"}],"replies":[{"embeddable":true,"href":"https:\/\/goroskop.tv\/sw\/wp-json\/wp\/v2\/comments?post=10395"}],"version-history":[{"count":0,"href":"https:\/\/goroskop.tv\/sw\/wp-json\/wp\/v2\/posts\/10395\/revisions"}],"wp:featuredmedia":[{"embeddable":true,"href":"https:\/\/goroskop.tv\/sw\/wp-json\/wp\/v2\/media\/14"}],"wp:attachment":[{"href":"https:\/\/goroskop.tv\/sw\/wp-json\/wp\/v2\/media?parent=10395"}],"wp:term":[{"taxonomy":"category","embeddable":true,"href":"https:\/\/goroskop.tv\/sw\/wp-json\/wp\/v2\/categories?post=10395"},{"taxonomy":"post_tag","embeddable":true,"href":"https:\/\/goroskop.tv\/sw\/wp-json\/wp\/v2\/tags?post=10395"}],"curies":[{"name":"wp","href":"https:\/\/api.w.org\/{rel}","templated":true}]}}