{"id":12388,"date":"2023-07-25T16:07:01","date_gmt":"2023-07-25T16:07:01","guid":{"rendered":"https:\/\/goroskop.tv\/sw\/arets-hjul-och-de-8-wiccans\/"},"modified":"2023-07-25T16:07:01","modified_gmt":"2023-07-25T16:07:01","slug":"arets-hjul-och-de-8-wiccans","status":"publish","type":"post","link":"https:\/\/goroskop.tv\/sw\/arets-hjul-och-de-8-wiccans\/","title":{"rendered":"\u00c5rets hjul och de 8 Wiccans"},"content":{"rendered":"<p><\/p>\n<h2><span class=\"ez-toc-section\" id=\"Arets_hjul_och_de_8_Wiccans\"><\/span><span class=\"ez-toc-section\" id=\"La_Rueda_del_Ano_y_los_8_Wiccan\"><\/span>  \u00c5rets hjul och de 8 Wiccans<span class=\"ez-toc-section-end\"><\/span><span class=\"ez-toc-section-end\"><\/span><\/h2>\n<p><em>Oavsett om du f\u00f6ljer Wicca-tron, h\u00e4nger med i dina astrologiska transiter eller helt enkelt \u00e4r medveten om \u00e5rstiderna, \u00e4r det enda vi alla uppm\u00e4rksammar \u00e5rets hjul.<\/em><\/p>\n<p><em>Sommar, vinter, h\u00f6st och v\u00e5r och alla vibbar och festligheter de f\u00f6r med sig.<\/em><em><\/em><\/p>\n<p><em>Varje religion har en annan visi\u00f3n av vad \u00e5rstiderna \u00e4r, men som religion och l\u00e4ror av alla slag, innerst inne,<\/em> d\u00e4r \u00e4r han <em>Endast sanningen. <\/em><\/p>\n<p>  Alla religioner har samma typ av information. <\/p>\n<p>  S\u00e5 som en kort sammanfattning har allt sin plats och tid i naturen.<\/p>\n<p><em>Vad ger den allm\u00e4nna strukturen f\u00f6r varje \u00e5r?<\/em> <em><\/em><\/p>\n<h3 id=\"h-spring\"><span class=\"ez-toc-section\" id=\"Var\"><\/span><span class=\"ez-toc-section\" id=\"Primavera\"><\/span>V\u00e5r<span class=\"ez-toc-section-end\"><\/span><span class=\"ez-toc-section-end\"><\/span><\/h3>\n<p>Tiden f\u00f6r nya b\u00f6rjan!  Kommer ur vilol\u00e4get!  F\u00e5 en chans att starta om helt!<\/p>\n<p>Tidig v\u00e5r, fr\u00e5n b\u00f6rjan av februari till mars, kan vara en tid d\u00e5 du k\u00e4nner dig mer \u00f6ppen och fridfull \u00e4n vanligt. <\/p>\n<p>  Vattumannen till Fiskarnas s\u00e4song handlar om att knyta ihop l\u00f6sa tr\u00e5dar och sluta fred med \u00e5ret som precis tog slut. <\/p>\n<p>  Det kan ocks\u00e5 vara en tid d\u00e5 dina psykiska f\u00f6rm\u00e5gor \u00e4r f\u00f6rh\u00f6jda. <\/p>\n<p>Den h\u00e4r tiden v\u00e4cker vanligtvis en k\u00e4nsla av kreativitet hos m\u00e4nniskor eftersom det finns optimism i luften.<\/p>\n<p>Det \u00e5rliga ny\u00e5ret \u00e4ger rum i december och \u00e5ret b\u00f6rjar i januari, som vi alla vet, men jag brukar se den h\u00e4r tiden som ett f\u00f6rspel till huvudevenemanget.<\/p>\n<p>En tid d\u00e5 m\u00e4nniskor kollektivt kan k\u00e4nna igen vart de vill att deras \u00e5r ska g\u00e5, s\u00e5 att de kan l\u00e4gga grunden.<\/p>\n<p>I slutet av mars st\u00e4mmer energierna.<\/p>\n<p>V\u00e4durs\u00e4songen b\u00f6rjar, i linje med v\u00e5rdagj\u00e4mningen\/Ostara (p\u00e5sk), och det nya \u00e5ret tar verkligen fart. <\/p>\n<p>  Saker och ting st\u00e4ller upp och g\u00e5r ig\u00e5ng, det k\u00e4nns ofta som att portarna sl\u00e5s upp och alla trycks ur sina sm\u00e5 pennor n\u00e4r loppet startar. <\/p>\n<p>  Det finns en k\u00e4nsla av sp\u00e4nning i luften n\u00e4r blommorna b\u00f6rjar blomma, solen g\u00e5r upp, frosten i luften b\u00f6rjar blekna till en svag kyla.<\/p>\n<p>Anv\u00e4nd denna tid f\u00f6r att manifestera. <\/p>\n<p>  Att vidta \u00e5tg\u00e4rder. <\/p>\n<p>  Det \u00e4r vad den gjordes f\u00f6r. <\/p>\n<h3 id=\"h-summer\"><span class=\"ez-toc-section\" id=\"Sommar\"><\/span><span class=\"ez-toc-section\" id=\"Verano\"><\/span>Sommar<span class=\"ez-toc-section-end\"><\/span><span class=\"ez-toc-section-end\"><\/span><\/h3>\n<p>Under den h\u00e4r tiden \u00e4r vi UPPTAGNA.<\/p>\n<p>M\u00e5nga g\u00e5nger kan m\u00e4nniskor tycka att de kallare och m\u00f6rkare \u00e5rstiderna \u00e4r mer utmanande, men sommarens aff\u00e4rsm\u00e4ssiga och ut\u00e5triktade karakt\u00e4r kan g\u00f6ra att den h\u00e4r tiden \u00e4r s\u00e4rskilt sv\u00e5r.<\/p>\n<p>De flesta retrograderna sker p\u00e5 sommaren. <\/p>\n<p>  Saturnus retrograderar i synnerhet, vilket g\u00f6r att fr\u00e5gor relaterade till den maskulina sidan av dig sj\u00e4lv kommer upp till ytan.<\/p>\n<p>Vila \u00e4r inte ett s\u00e4rskilt vanligt \u00e4mne p\u00e5 sommaren trots det \u00f6verfl\u00f6d av semester som folk brukar ta under den h\u00e4r tiden. <\/p>\n<p>  Den enda vila m\u00e4nniskor tenderar att ta \u00e4r genom sjukdom, f\u00f6r \u00e4ven p\u00e5 semestern \u00e4r sinnets pladder och \u00f6nskan att vara grundad i livserfarenhet n\u00e4rvarande.<\/p>\n<p>Midsommar\/Litha \u00e4r sabbaten f\u00f6r denna h\u00f6gtid d\u00e4r solen n\u00e5r sin h\u00f6gsta punkt. <\/p>\n<p>  Tonvikten ligger p\u00e5 medvetandet, livets vardag, det vi ser p\u00e5 ytan. <\/p>\n<p>  Vem finns i ditt liv?  Vad vaknar du f\u00f6r?  Lever du som du ville vara anpassad? <\/p>\n<h3 id=\"h-autumn\"><span class=\"ez-toc-section\" id=\"Host\"><\/span><span class=\"ez-toc-section\" id=\"Otono\"><\/span>H\u00f6st<span class=\"ez-toc-section-end\"><\/span><span class=\"ez-toc-section-end\"><\/span><\/h3>\n<p>September och fram\u00e5t \u00e4r n\u00e4r saker b\u00f6rjar blekna. <\/p>\n<p>  Imbolc \u00e4r den h\u00e4r s\u00e4songens huvudsakliga sabbat, d\u00e4r vi bakar br\u00f6d, sk\u00f6rdar sk\u00f6rden och b\u00f6rjar bos\u00e4tta oss ist\u00e4llet f\u00f6r j\u00e4kt. <\/p>\n<p>  N\u00e4r l\u00f6ven \u00e4ndrar f\u00e4rg och blir krispiga, blir luftens varma brummande krispiga, och ett \u00f6verfl\u00f6d av yllekl\u00e4der fyller butikerna \u2014 mammas s\u00e4song \u00e4r \u00f6ver oss.<\/p>\n<p>Tonen f\u00f6r den h\u00e4r s\u00e4songen \u00e4r f\u00f6r\u00e4ldraskap. <\/p>\n<p>  Ta hand om s\u00e5ren och ta vara p\u00e5 ett mer k\u00e4nslom\u00e4ssigt och k\u00e4nslosamt utrymme, ist\u00e4llet f\u00f6r att vara aktiv och f\u00f6retagsam. <\/p>\n<p>  Det h\u00e4r \u00e4r s\u00e4songen d\u00e4r skuggorna omfamnas och det inre arbetet st\u00e5r i fokus. <\/p>\n<p>  Dr\u00f6mmarna blir mer levande och historien \u00e4r mer sp\u00e4nnande.<\/p>\n<p>Samhain\/Halloween \u00e4r h\u00f6jden av skuggomfamning, och tradition spelar in.<\/p>\n<p>De mer andligt ben\u00e4gna vilar efter en l\u00e5ng s\u00e4song av extroversion.<\/p>\n<p>Nu \u00e4r det perfekta tillf\u00e4llet att reflektera \u00f6ver den tillv\u00e4xt du har haft i \u00e5r och ta hand om eventuella s\u00e5r du har f\u00e5tt. <\/p>\n<h3 id=\"h-winter\"><span class=\"ez-toc-section\" id=\"Vinter\"><\/span><span class=\"ez-toc-section\" id=\"Invierno\"><\/span>Vinter<span class=\"ez-toc-section-end\"><\/span><span class=\"ez-toc-section-end\"><\/span><\/h3>\n<p>N\u00e4r det konventionella numeriska \u00e5ret g\u00e5r mot sitt slut b\u00f6rjar festligheterna och gl\u00e4djen s\u00e4tta in.<\/p>\n<p>Det \u00e4r en tid att visa tacksamhet, r\u00e4kna dina v\u00e4lsignelser och erk\u00e4nna omr\u00e5den du vill arbeta med i framtiden.  Finns det ett tomrum som du \u00f6nskar att du hade fyllt?<\/p>\n<p>Det \u00e4r en tid att bjuda in dina n\u00e4ra och k\u00e4ra att dela ditt s\u00e4llskap och ta denna tid som en urs\u00e4kt f\u00f6r att koppla av med dina n\u00e4rmaste.<\/p>\n<p>Slappna av betyder: sl\u00e4pp h\u00e5ret.<\/p>\n<p>Jul \u00e4r en tid av v\u00e4rme och energi fr\u00e5n hj\u00e4rtats rymd. <\/p>\n<p>  \u00c5rets retrograder tenderar att ta slut, f\u00f6r det mesta.<\/p>\n<p>S\u00e4songens upp- och nedg\u00e5ngar k\u00e4nns med stor inverkan, men de avsl\u00f6jar f\u00f6r dig ditt livs potential.<\/p>\n<p>L\u00e5t oss nu fokusera p\u00e5 <em>\u00c5tta Wicca-sabbater<\/em>. <\/p>\n<h3 id=\"h-yule-winter-solstice\"><span class=\"ez-toc-section\" id=\"Jul_vintersolstand\"><\/span><span class=\"ez-toc-section\" id=\"Yule_solsticio_de_invierno\"><\/span>Jul, vintersolst\u00e5nd<span class=\"ez-toc-section-end\"><\/span><span class=\"ez-toc-section-end\"><\/span><\/h3>\n<p>Julen \u00e4ger rum i december, men datumet varierar n\u00e5got varje \u00e5r. <\/p>\n<p>  Det b\u00f6rjar p\u00e5 decembersolst\u00e5ndet och slutar 11 dagar senare. <\/p>\n<p>  Julen \u00e4ger vanligtvis rum under julen.<\/p>\n<p>Denna tid h\u00e4rstammar fr\u00e5n hednisk tid och har sedan dess blivit k\u00e4nd som \u00abjulens 12 dagar\u00bb.<\/p>\n<p>Under vintersolst\u00e5ndet har vi \u00abn\u00e5tt m\u00f6rkrets djup\u00bb, men det vi firar \u00e4r att ljuset kommer tillbaka. <\/p>\n<p>  M\u00f6rkret tj\u00e4nar sitt syfte medan det \u00e4r h\u00e4r.<\/p>\n<p>N\u00e5gra traditioner som m\u00e4nniskor g\u00f6r f\u00f6r att koppla ihop med h\u00f6gtiden inkluderar bakning, presentutdelning, dekoration av huset med murgr\u00f6na och j\u00e4rnek (f\u00f6r att bjuda in naturens tomtar att fira), och mest ikoniskt av allt, br\u00e4nning av julstocken. <\/p>\n<p>  Detta var i fokus f\u00f6r julen under hednisk tid, eftersom det ans\u00e5gs ceremoniellt. <\/p>\n<h3 id=\"h-brigid-otherwise-known-as-imbolc\"><span class=\"ez-toc-section\" id=\"Brigid_aven_kand_som_Imbolc\"><\/span><span class=\"ez-toc-section\" id=\"Brigid_tambien_conocida_como_Imbolc\"><\/span>Brigid (\u00e4ven k\u00e4nd som Imbolc)<span class=\"ez-toc-section-end\"><\/span><span class=\"ez-toc-section-end\"><\/span><\/h3>\n<p>Denna l\u00f6rdag \u00e4ger rum i b\u00f6rjan av februari, halvv\u00e4gs mellan vinter- och v\u00e5rdagj\u00e4mningen, och \u00e4r en f\u00f6rberedelse f\u00f6r v\u00e5ren.<\/p>\n<p>Det \u00e4r ett firande av ljusets \u00e5terkomst, n\u00e4r vi ser fram emot v\u00e5ren.<\/p>\n<p>Brigid var gudinnan i det f\u00f6rkristna Irland, k\u00e4nd som \u00aballtings naturliga moder\u00bb. <\/p>\n<p>  Den inneh\u00e5ller l\u00f6ftet om f\u00f6rnyelse och b\u00e4r p\u00e5 \u00e5terf\u00f6delsens optimism.<\/p>\n<p>Denna tid anv\u00e4nds f\u00f6r att sl\u00e4ppa taget om det gamla och s\u00e4tta intentioner f\u00f6r det nya.<\/p>\n<p>Traditioner runt den h\u00e4r tiden kan inkludera att bokstavligen plantera fr\u00f6n och bli gr\u00f6n, det kan inneb\u00e4ra v\u00e5rst\u00e4dning eller att s\u00e4tta upp m\u00e5l och g\u00f6ra \u00f6nskem\u00e5l f\u00f6r det kommande \u00e5ret.<\/p>\n<h3 id=\"h-ostara-spring-equinox\"><span class=\"ez-toc-section\" id=\"Ostara_vardagjamning\"><\/span><span class=\"ez-toc-section\" id=\"Ostara_equinoccio_de_primavera\"><\/span>Ostara, v\u00e5rdagj\u00e4mning<span class=\"ez-toc-section-end\"><\/span><span class=\"ez-toc-section-end\"><\/span><\/h3>\n<p>Ostara, nu k\u00e4nd som \u00abp\u00e5sk\u00bb, \u00e4r l\u00f6rdagen som markerar v\u00e5rdagj\u00e4mningen.<\/p>\n<p>Det firas som \u00f6gonblicket d\u00e5 m\u00f6rker och ljus, den maskulina och feminina v\u00e4rlden, det inre och det yttre \u00e4r i balans. <\/p>\n<p>  Det markerar ocks\u00e5 \u00f6gonblicket n\u00e4r ljuset b\u00f6rjar \u00abbesegra\u00bb m\u00f6rkret och dagarna blir l\u00e4ngre.<\/p>\n<p>Det firas som en b\u00f6rdig tid, perfekt f\u00f6r nya b\u00f6rjan. <\/p>\n<p>  D\u00e4r \u00e5tg\u00e4rder kan ta fart och f\u00f6rberedelser oms\u00e4tts i praktiken. <\/p>\n<p>  Denna energi anv\u00e4nds b\u00e4st genom att g\u00e5 ut ur huvudet och in i kroppen.<\/p>\n<h3 id=\"h-beltane-may-day-masculine-and-feminine-union\"><span class=\"ez-toc-section\" id=\"Beltane_maj_manlig_och_kvinnlig_forening\"><\/span><span class=\"ez-toc-section\" id=\"Beltane_primero_de_mayo_union_masculina_y_femenina\"><\/span>Beltane (maj) manlig och kvinnlig f\u00f6rening<span class=\"ez-toc-section-end\"><\/span><span class=\"ez-toc-section-end\"><\/span><\/h3>\n<p>Beltane \u00e4ger rum den 1 maj och \u00e4r k\u00e4nd som Mayday. <\/p>\n<p>  Den hedrar livet och representerar v\u00e5rens h\u00f6jdpunkt n\u00e4r den \u00f6verg\u00e5r till sommaren.<\/p>\n<p>Detta firas som f\u00f6reningen av det feminina och det maskulina och har varit en erk\u00e4nd h\u00e4ndelse i \u00e5rhundraden, med sin egen helgdag.<\/p>\n<p>Du kanske \u00e4r bekant med dans runt majst\u00e5ngen, fester och sociala evenemang, som \u00e4r ikoniska Mayday-firande. <\/p>\n<p>  Det \u00e4r k\u00e4nt som punkten d\u00e4r potential blir befruktning.<\/p>\n<p>M\u00e5nga m\u00e4nniskor ser maj som en gynnsam tid att gifta sig, eftersom det f\u00f6rr var d\u00e4r den hedniska motsvarigheten till \u00abhandfasting\u00bb \u00e4gde rum. <\/p>\n<p>  M\u00e4nniskor som inte har r\u00e5d med en vigselceremoni f\u00f6r hand kan \u00abhoppa p\u00e5 kvasten\u00bb, vilket inneb\u00e4r att flytta fr\u00e5n ett tidigare liv till ett nytt. ny. <\/p>\n<p>  Oavsett om du inkluderar elementet av \u00e4ktenskap i ditt umg\u00e4nge med Beltane eller inte, \u00e4r hoppa p\u00e5 kvasten som begrepp en bra metafor f\u00f6r vad denna sabbat representerar. <\/p>\n<h3 id=\"h-litha-summer-solstice\"><span class=\"ez-toc-section\" id=\"litha_sommarsolstandet\"><\/span><span class=\"ez-toc-section\" id=\"Litha_solsticio_de_verano\"><\/span>litha, sommarsolst\u00e5ndet<span class=\"ez-toc-section-end\"><\/span><span class=\"ez-toc-section-end\"><\/span><\/h3>\n<p>Litha \u00e4ger vanligtvis rum i slutet av juni och markerar midsommar. <\/p>\n<p>  Det \u00e4r k\u00e4nt som den tid d\u00e5 livet \u00e4r p\u00e5 topp och solen \u00e4r p\u00e5 h\u00f6jden av sin kraft. <\/p>\n<p>  Det \u00e4r en expansiv tid fylld av tillv\u00e4xt och liv.<\/p>\n<p>Den f\u00f6rutser ocks\u00e5 m\u00f6rkrets \u00e5terkomst. <\/p>\n<p>  Fr\u00e5n denna punkt b\u00f6rjar solen avta och n\u00e4tterna blir l\u00e4ngre, det \u00e4r en tid d\u00e5 vi kan f\u00f6rv\u00e4nta oss att \u00f6verg\u00e5 till en lugnare tid.<\/p>\n<p>Traditionellt \u00e4r historien bakom sommarsolst\u00e5ndet att detta \u00e4r den tid d\u00e5 ekkungen \u00e4r s\u00e5 rik p\u00e5 \u00f6verfl\u00f6d att han \u00f6verl\u00e4mnar sitt kungad\u00f6me till sin bror, Holly King. <\/p>\n<p>  Detta markerar b\u00f6rjan p\u00e5 den m\u00f6rka sidan av \u00e5ret.<\/p>\n<p>Det \u00e4r traditionellt att ha en l\u00e4gereld under denna tid f\u00f6r att representera solen p\u00e5 toppen av sin styrka.<\/p>\n<h3 id=\"h-lughnasadh-hope-and-fear-face-your-fears-protect-develop-your-own-abilities\"><span class=\"ez-toc-section\" id=\"Lughnasadh_hopp_och_radsla_mota_dina_radslor_skydda_utveckla_dina_egna_formagor\"><\/span><span class=\"ez-toc-section\" id=\"Lughnasadh_esperanza_y_miedo_enfrenta_tus_miedos_protege_desarrolla_tus_propias_habilidades\"><\/span>Lughnasadh (hopp och r\u00e4dsla): m\u00f6ta dina r\u00e4dslor, skydda, utveckla dina egna f\u00f6rm\u00e5gor<span class=\"ez-toc-section-end\"><\/span><span class=\"ez-toc-section-end\"><\/span><\/h3>\n<p>\u00c4ven k\u00e4nd som Lammas, denna sabbat \u00e4ger rum i b\u00f6rjan av augusti och representerar den f\u00f6rsta sk\u00f6rden. <\/p>\n<p>  Det \u00e4r ett \u00f6gonblick d\u00e5 vi tackar.<\/p>\n<p>F\u00f6r er som \u00e4r intresserade av grekisk mytologi \u00e4r det traditionellt k\u00e4nt som tiden d\u00e5 Persefone togs in i m\u00f6rkret. <\/p>\n<p>  Hon representerar s\u00e4den, som faller ner i den m\u00f6rka, g\u00f6mda jorden under vintern och \u00e5terkommer p\u00e5 v\u00e5ren som ny tillv\u00e4xt.<\/p>\n<p>Den centrala inneb\u00f6rden av denna l\u00f6rdag omfattar \u00e5rstidernas v\u00e4xling mot en mer ensam och inre tid efter sk\u00f6rden. <\/p>\n<p>  Medan vi fortfarande njuter och tackar solen och sk\u00f6rden \u00e4r vi redo f\u00f6r cykeln att b\u00f6rja igen. <\/p>\n<h3 id=\"h-mabon-autumn-equinox\"><span class=\"ez-toc-section\" id=\"Mabon_%E2%80%93_Hostdagjamning\"><\/span><span class=\"ez-toc-section\" id=\"Mabon_%E2%80%93_Equinoccio_de_otono\"><\/span>Mabon \u2013 H\u00f6stdagj\u00e4mning<span class=\"ez-toc-section-end\"><\/span><span class=\"ez-toc-section-end\"><\/span><\/h3>\n<p>Mabon \u00e4ger rum i slutet av september och \u00e4r \u00e4ven k\u00e4nd som h\u00f6stdagj\u00e4mningen.<\/p>\n<p>Detta \u00e4r den andra sk\u00f6rden och firas med den stora tacks\u00e4gelsefesten. <\/p>\n<p>  Den nygifta, nygifta Guden och gudinnan som vi firar p\u00e5 Mayday \u00e4r nu mogen, vuxen och full. <\/p>\n<p>  Det \u00e4r vilotiden efter sk\u00f6rdearbetet, d\u00e4r vi sk\u00f6rdar vad vi har s\u00e5tt och reflekterar \u00f6ver Imbolcs och Ostaras f\u00f6rhoppningar och str\u00e4vanden.<\/p>\n<p>Det \u00e4r en tid av fullbordan d\u00e4r vi uppmuntras att knyta ihop l\u00f6sa \u00e4ndar och sl\u00e4ppa allt vi inte l\u00e4ngre beh\u00f6ver b\u00e4ra med oss. <\/p>\n<h3 id=\"h-samhain-halloween\"><span class=\"ez-toc-section\" id=\"Samhain_Halloween\"><\/span><span class=\"ez-toc-section\" id=\"Samhain_Halloween\"><\/span>Samhain (Halloween)<span class=\"ez-toc-section-end\"><\/span><span class=\"ez-toc-section-end\"><\/span><\/h3>\n<p>Alla vet denna l\u00f6rdag. <\/p>\n<p>  Den \u00e4ger rum den 31 oktober och \u00e4r k\u00e4nd som \u00abHalloween\u00bb.<\/p>\n<p>Samhain \u00e4r uppdelningen av \u00e5ret mellan sommar och vinter. <\/p>\n<p>  Sl\u00f6jorna mellan den h\u00e4r v\u00e4rlden och den andra v\u00e4rlden s\u00e4gs vara mycket tunna, vilket till\u00e5ter caminar och energier att passera in i v\u00e5r medvetna v\u00e4rld.<\/p>\n<p>M\u00e4nniskor bar ursprungligen kostymer f\u00f6r att skydda sig sj\u00e4lva och skr\u00e4mma f\u00f6rbig\u00e5ende negativa caminar, men nu firas Halloween som n\u00e5got roligt och sp\u00e4nnande, vilket ger oss en chans att njuta av sp\u00e4nningen i att kl\u00e4 ut sig och njuta av skr\u00e4ckens m\u00f6rker med versaler.<\/p>\n<p>Detta \u00e4r ocks\u00e5 en tid att hedra de d\u00f6da och hylla f\u00f6rf\u00e4der som har g\u00e5tt vidare. <\/p>\n<p>  Vissa keltiska religioner skulle se Samhain som motsvarigheten till ett nytt \u00e5r.<\/p>\n<p>Det \u00e4r en tid p\u00e5 \u00e5ret d\u00e5 vi \u00e4r medvetna om att vi har g\u00e5tt in i den m\u00f6rkare sidan.<\/p>\n<p>Inre arbete uppmuntras och accepteras under denna tid, eftersom vi vet att vi kommer att dyka upp igen f\u00f6r att \u00e5terf\u00f6das till v\u00e5ren. <\/p>\n<p>N\u00e4r vi g\u00e5r in i det nya \u00e5ret och cykeln b\u00f6rjar igen, vad skulle du vilja g\u00f6ra? <\/p>\n<p>Vi hoppas att du gillade v\u00e5r artikel \u00c5rets hjul och de 8 Wiccans, allt relaterat till horoskopet, tarot, ritualer och allt relaterat.<\/p>\n<figure class=\"wp-block-table is-style-regular\">\n<\/figure>\n<p>Intressanta saker att veta inneb\u00f6rden: Horoskop  <\/p>\n<p>\u00c4ven h\u00e4r l\u00e4mnar vi \u00e4mnen relaterade till: Horoskop<\/p>\n<\/p>\n<p><\/p>\n<p>Vi hoppas att du gillade v\u00e5r artikel \u00c5rets hjul och de 8 Wiccans<br \/>\n och allt om horoskop, tarot, ritualer och allt relaterat till det &#8230;<\/p>\n<figure class=\"wp-block-table is-style-regular\">\n<table style=\"width: 284px; height: 157px;\">\n<tbody>\n<tr>\n<td class=\"has-text-align-center\" data-align=\"center\"><img loading=\"lazy\" decoding=\"async\" class=\"alignleft\" src=\" https:\/\/goroskop.tv\/wp-content\/uploads\/2023\/05\/horoscopodo12.jpg \" alt=\" \u00c5rets hjul och de 8 Wiccans\n \" width=\"65\" height=\"95\" title=\"\"><img loading=\"lazy\" decoding=\"async\" class=\"alignleft\" style=\"width: 60px;\" src=\" https:\/\/goroskop.tv\/wp-content\/uploads\/2023\/05\/horoscopodo11.jpg \" alt=\" \u00c5rets hjul och de 8 Wiccans\n \" width=\"195\" height=\"300\" title=\"\"><img decoding=\"async\" class=\"alignleft\" style=\"width: 60px;\" src=\" https:\/\/goroskop.tv\/wp-content\/uploads\/2023\/05\/horoscopodo10.jpg \" alt=\" \u00c5rets hjul och de 8 Wiccans\n \" title=\"\"><\/td>\n<\/tr>\n<\/tbody>\n<\/table>\n<\/figure>\n<p>Intressanta saker att veta inneb\u00f6rden: <a href=\"https:\/\/sv.wikipedia.org\/wiki\/Horoskop\" target=\"_blank\" rel=\"nofollow noopener\"> Horoskop <\/a> <\/p>\n<p>H\u00e4r l\u00e4mnar vi ocks\u00e5 \u00e4mnen relaterade till: <a href=\" https:\/\/goroskop.tv\/sw\/den-perfekta-kandispojkvannen-for-dig\/\">Horoskop<\/a> <\/p>\n<div id=\"ez-toc-container\" class=\"ez-toc-v2_0_82_2 ez-toc-wrap-center counter-hierarchy ez-toc-counter ez-toc-grey ez-toc-container-direction\">\n<div class=\"ez-toc-title-container\">\n<div class=\"ez-toc-title\" style=\"cursor:inherit\">Table of Contents<\/div>\n<span class=\"ez-toc-title-toggle\"><a href=\"#\" class=\"ez-toc-pull-right ez-toc-btn ez-toc-btn-xs ez-toc-btn-default ez-toc-toggle\" aria-label=\"Alternar tabla de contenidos\"><span class=\"ez-toc-js-icon-con\"><span class=\"\"><span class=\"eztoc-hide\" style=\"display:none;\">Toggle<\/span><span class=\"ez-toc-icon-toggle-span\"><svg style=\"fill: #999;color:#999\" xmlns=\"http:\/\/www.w3.org\/2000\/svg\" class=\"list-377408\" width=\"20px\" height=\"20px\" viewBox=\"0 0 24 24\" fill=\"none\"><path d=\"M6 6H4v2h2V6zm14 0H8v2h12V6zM4 11h2v2H4v-2zm16 0H8v2h12v-2zM4 16h2v2H4v-2zm16 0H8v2h12v-2z\" fill=\"currentColor\"><\/path><\/svg><svg style=\"fill: #999;color:#999\" class=\"arrow-unsorted-368013\" xmlns=\"http:\/\/www.w3.org\/2000\/svg\" width=\"10px\" height=\"10px\" viewBox=\"0 0 24 24\" version=\"1.2\" baseProfile=\"tiny\"><path d=\"M18.2 9.3l-6.2-6.3-6.2 6.3c-.2.2-.3.4-.3.7s.1.5.3.7c.2.2.4.3.7.3h11c.3 0 .5-.1.7-.3.2-.2.3-.5.3-.7s-.1-.5-.3-.7zM5.8 14.7l6.2 6.3 6.2-6.3c.2-.2.3-.5.3-.7s-.1-.5-.3-.7c-.2-.2-.4-.3-.7-.3h-11c-.3 0-.5.1-.7.3-.2.2-.3.5-.3.7s.1.5.3.7z\"\/><\/svg><\/span><\/span><\/span><\/a><\/span><\/div>\n<nav><ul class='ez-toc-list ez-toc-list-level-1 eztoc-toggle-hide-by-default' ><li class='ez-toc-page-1 ez-toc-heading-level-2'><a class=\"ez-toc-link ez-toc-heading-1\" href=\"https:\/\/goroskop.tv\/sw\/arets-hjul-och-de-8-wiccans\/#Arets_hjul_och_de_8_Wiccans\" >\u00c5rets hjul och de 8 Wiccans<\/a><ul class='ez-toc-list-level-3' ><li class='ez-toc-heading-level-3'><a class=\"ez-toc-link ez-toc-heading-2\" href=\"https:\/\/goroskop.tv\/sw\/arets-hjul-och-de-8-wiccans\/#Var\" >V\u00e5r<\/a><\/li><li class='ez-toc-page-1 ez-toc-heading-level-3'><a class=\"ez-toc-link ez-toc-heading-3\" href=\"https:\/\/goroskop.tv\/sw\/arets-hjul-och-de-8-wiccans\/#Sommar\" >Sommar<\/a><\/li><li class='ez-toc-page-1 ez-toc-heading-level-3'><a class=\"ez-toc-link ez-toc-heading-4\" href=\"https:\/\/goroskop.tv\/sw\/arets-hjul-och-de-8-wiccans\/#Host\" >H\u00f6st<\/a><\/li><li class='ez-toc-page-1 ez-toc-heading-level-3'><a class=\"ez-toc-link ez-toc-heading-5\" href=\"https:\/\/goroskop.tv\/sw\/arets-hjul-och-de-8-wiccans\/#Vinter\" >Vinter<\/a><\/li><li class='ez-toc-page-1 ez-toc-heading-level-3'><a class=\"ez-toc-link ez-toc-heading-6\" href=\"https:\/\/goroskop.tv\/sw\/arets-hjul-och-de-8-wiccans\/#Jul_vintersolstand\" >Jul, vintersolst\u00e5nd<\/a><\/li><li class='ez-toc-page-1 ez-toc-heading-level-3'><a class=\"ez-toc-link ez-toc-heading-7\" href=\"https:\/\/goroskop.tv\/sw\/arets-hjul-och-de-8-wiccans\/#Brigid_aven_kand_som_Imbolc\" >Brigid (\u00e4ven k\u00e4nd som Imbolc)<\/a><\/li><li class='ez-toc-page-1 ez-toc-heading-level-3'><a class=\"ez-toc-link ez-toc-heading-8\" href=\"https:\/\/goroskop.tv\/sw\/arets-hjul-och-de-8-wiccans\/#Ostara_vardagjamning\" >Ostara, v\u00e5rdagj\u00e4mning<\/a><\/li><li class='ez-toc-page-1 ez-toc-heading-level-3'><a class=\"ez-toc-link ez-toc-heading-9\" href=\"https:\/\/goroskop.tv\/sw\/arets-hjul-och-de-8-wiccans\/#Beltane_maj_manlig_och_kvinnlig_forening\" >Beltane (maj) manlig och kvinnlig f\u00f6rening<\/a><\/li><li class='ez-toc-page-1 ez-toc-heading-level-3'><a class=\"ez-toc-link ez-toc-heading-10\" href=\"https:\/\/goroskop.tv\/sw\/arets-hjul-och-de-8-wiccans\/#litha_sommarsolstandet\" >litha, sommarsolst\u00e5ndet<\/a><\/li><li class='ez-toc-page-1 ez-toc-heading-level-3'><a class=\"ez-toc-link ez-toc-heading-11\" href=\"https:\/\/goroskop.tv\/sw\/arets-hjul-och-de-8-wiccans\/#Lughnasadh_hopp_och_radsla_mota_dina_radslor_skydda_utveckla_dina_egna_formagor\" >Lughnasadh (hopp och r\u00e4dsla): m\u00f6ta dina r\u00e4dslor, skydda, utveckla dina egna f\u00f6rm\u00e5gor<\/a><\/li><li class='ez-toc-page-1 ez-toc-heading-level-3'><a class=\"ez-toc-link ez-toc-heading-12\" href=\"https:\/\/goroskop.tv\/sw\/arets-hjul-och-de-8-wiccans\/#Mabon_%E2%80%93_Hostdagjamning\" >Mabon \u2013 H\u00f6stdagj\u00e4mning<\/a><\/li><li class='ez-toc-page-1 ez-toc-heading-level-3'><a class=\"ez-toc-link ez-toc-heading-13\" href=\"https:\/\/goroskop.tv\/sw\/arets-hjul-och-de-8-wiccans\/#Samhain_Halloween\" >Samhain (Halloween)<\/a><\/li><\/ul><\/li><\/ul><\/nav><\/div>\n","protected":false},"excerpt":{"rendered":"<p>\u00c5rets hjul och de 8 Wiccans Oavsett om du f\u00f6ljer Wicca-tron, h\u00e4nger med i dina astrologiska transiter eller helt enkelt \u00e4r medveten om \u00e5rstiderna, \u00e4r det enda vi alla uppm\u00e4rksammar \u00e5rets hjul. Sommar, vinter, h\u00f6st och v\u00e5r och alla vibbar och festligheter de f\u00f6r med sig. Varje religion har en annan visi\u00f3n av vad \u00e5rstiderna &hellip;<\/p>\n","protected":false},"author":1,"featured_media":55,"comment_status":"closed","ping_status":"closed","sticky":false,"template":"","format":"standard","meta":{"footnotes":""},"categories":[2],"tags":[2694,4660,40,5687],"class_list":["post-12388","post","type-post","status-publish","format-standard","has-post-thumbnail","hentry","category-horoskop","tag-arets","tag-hjul","tag-och","tag-wiccans"],"_links":{"self":[{"href":"https:\/\/goroskop.tv\/sw\/wp-json\/wp\/v2\/posts\/12388","targetHints":{"allow":["GET"]}}],"collection":[{"href":"https:\/\/goroskop.tv\/sw\/wp-json\/wp\/v2\/posts"}],"about":[{"href":"https:\/\/goroskop.tv\/sw\/wp-json\/wp\/v2\/types\/post"}],"author":[{"embeddable":true,"href":"https:\/\/goroskop.tv\/sw\/wp-json\/wp\/v2\/users\/1"}],"replies":[{"embeddable":true,"href":"https:\/\/goroskop.tv\/sw\/wp-json\/wp\/v2\/comments?post=12388"}],"version-history":[{"count":0,"href":"https:\/\/goroskop.tv\/sw\/wp-json\/wp\/v2\/posts\/12388\/revisions"}],"wp:featuredmedia":[{"embeddable":true,"href":"https:\/\/goroskop.tv\/sw\/wp-json\/wp\/v2\/media\/55"}],"wp:attachment":[{"href":"https:\/\/goroskop.tv\/sw\/wp-json\/wp\/v2\/media?parent=12388"}],"wp:term":[{"taxonomy":"category","embeddable":true,"href":"https:\/\/goroskop.tv\/sw\/wp-json\/wp\/v2\/categories?post=12388"},{"taxonomy":"post_tag","embeddable":true,"href":"https:\/\/goroskop.tv\/sw\/wp-json\/wp\/v2\/tags?post=12388"}],"curies":[{"name":"wp","href":"https:\/\/api.w.org\/{rel}","templated":true}]}}