{"id":12566,"date":"2023-07-25T17:45:50","date_gmt":"2023-07-25T17:45:50","guid":{"rendered":"https:\/\/goroskop.tv\/sw\/veckovis-astrologi-fran-12-till-18\/"},"modified":"2023-07-25T17:45:50","modified_gmt":"2023-07-25T17:45:50","slug":"veckovis-astrologi-fran-12-till-18","status":"publish","type":"post","link":"https:\/\/goroskop.tv\/sw\/veckovis-astrologi-fran-12-till-18\/","title":{"rendered":"Veckovis astrologi: fr\u00e5n 12 till 18"},"content":{"rendered":"<p><\/p>\n<h2><span class=\"ez-toc-section\" id=\"Veckooversikt_over_astrologi_12-18_augusti\"><\/span><span class=\"ez-toc-section\" id=\"Resumen_semanal_de_astrologia_del_12_al_18_de_agosto_de\"><\/span>  Vecko\u00f6versikt \u00f6ver astrologi: 12-18 augusti,<span class=\"ez-toc-section-end\"><\/span><span class=\"ez-toc-section-end\"><\/span><\/h2>\n<p>Hej jordbor!<\/p>\n<p>Vi g\u00e5r in i den andra veckan i augusti med en explosion av f\u00f6rnyad energi och entusiasm. <\/p>\n<p>  Den sista av f\u00f6rm\u00f6rkelsecykeln \u00e4r \u00e4ntligen ute ur v\u00e5rt system, och nu m\u00e5ste vi bara m\u00f6ta f\u00f6r\u00e4ndringarna (eller acceptera dem, beroende p\u00e5 hur du ser p\u00e5 livet). <\/p>\n<p>  Vi hoppas att du har hittat platsen att omfamna dem, \u00e4ven om f\u00f6r\u00e4ndringarna \u00e4r permanenta. <\/p>\n<p>  Nu \u00e4r uppmaningen av karma, n\u00e4r vi g\u00e5r in i den h\u00e4r veckan och \u00f6verv\u00e4ger att st\u00e4nga n\u00e5gra gamla f\u00f6retag och avsluta n\u00e5gra cykler.<\/p>\n<p>Vi kommer att f\u00e5 hj\u00e4lp med att avsluta n\u00e5gra kapitel den h\u00e4r veckan under torsdagens Fullm\u00e5ne i Vattumannen. <\/p>\n<p>  Eftersom denna m\u00e5ne inte kommer f\u00f6rr\u00e4n p\u00e5 torsdag betyder det att vi har n\u00e4stan hela veckan som en fullm\u00e5nevecka. <\/p>\n<p>  Fullm\u00e5nezonen b\u00f6rjar p\u00e5 tisdag och slutar p\u00e5 Fiskm\u00e5nen p\u00e5 l\u00f6rdag.<\/p>\n<p>S\u00e5 du har n\u00e4stan hela veckan p\u00e5 dig att be om dina fullm\u00e5ne\u00f6nskningar. <\/p>\n<p>  Redigera dem f\u00f6r att slutf\u00f6ra problemen och se livets fr\u00e5gor fullbordas. <\/p>\n<p>  N\u00e4r du g\u00f6r det, g\u00f6r du plats p\u00e5 din tallrik f\u00f6r mer sp\u00e4nning. <\/p>\n<p>  Under fullm\u00e5nen i Vattumannens fasta tecken gynnas tanken p\u00e5 innovativa l\u00f6sningar. <\/p>\n<p>  Ju mer unik din plan \u00e4r, desto mer sannolikt \u00e4r det att du f\u00e5r en bra uppf\u00f6ljningsfrekvens.<\/p>\n<p>I slutet av veckan har vi passionerade Mars som arbetar i jordens f\u00f6r\u00e4nderliga tecken, Jungfrun. <\/p>\n<p>  Det h\u00e4r \u00e4r inte en plats d\u00e4r Mars frodas, eftersom Mars \u00e4r snabb att hoppa och Jungfrun \u00e4r&#8230; ja, nej. <\/p>\n<p>  Jungfrun \u00f6verv\u00e4ger noggrant allt innan man fattar ett slutgiltigt beslut.<\/p>\n<p><b>Titta p\u00e5 det h\u00e4r:<\/b> Mars in Virgo: Besatt av oklanderlig uppm\u00e4rksamhet p\u00e5 detaljer <\/p>\n<p>S\u00e5 Mars i Jungfrun \u00e4r n\u00e5got motsatt energi. <\/p>\n<p>  Men den goda nyheten \u00e4r att det betyder att du kommer att ha mer tid att genomf\u00f6ra de sp\u00e4nnande id\u00e9erna som Mars skickar dig. <\/p>\n<p>  Och du har fram till oktober p\u00e5 dig att anv\u00e4nda denna energi med den oklanderliga uppm\u00e4rksamhet p\u00e5 detaljer som Jungfrun kr\u00e4ver.<\/p>\n<p>H\u00e5ll dig uppdaterad med dina dagliga horoskop tillsammans med v\u00e5ra vanliga bloggfunktioner, s\u00e5 \u00e4r du redo f\u00f6r framg\u00e5ng.  Ha en v\u00e4lsignad vecka, v\u00e4nner!<\/p>\n<h2><span class=\"ez-toc-section\" id=\"Planetariska_platser_fran_12_till_18_augusti_2019\"><\/span><span class=\"ez-toc-section\" id=\"Ubicaciones_planetarias_del_12_al_18_de_agosto_de_2019\"><\/span><span>Planetariska platser fr\u00e5n 12 till 18 augusti 2019:<\/span><span class=\"ez-toc-section-end\"><\/span><span class=\"ez-toc-section-end\"><\/span><\/h2>\n<p>\u2022 <b>Sol<\/b>: Lejon (23 juli \u2013 23 augusti 2019)<\/p>\n<p>\u2022 <b>Merkurius<\/b>: Cancer (19 juli \u2013 11 augusti 2019)<\/p>\n<p>\u2022 <b>Venus<\/b>: Lejon (28 juli \u2013 21 augusti 2019)<\/p>\n<p>\u2022 <b>Mars<\/b>: Lejon (1 juli 2019 \u2013 18 augusti 2019);  Jungfrun (18 augusti 2019 \u2013 4 oktober 2019)<\/p>\n<p>\u2022 <b>Jupiter<\/b>: Skytten (Till 2 december 2019);  Retrograd: 10 april 2019 \u2013 11 augusti 2019<\/p>\n<p>\u2022 <b>Saturnus<\/b>: Stenbocken (till 22 mars 2020);  Retrograd: 29 april 2019 \u2013 17 september 2019<\/p>\n<p>\u2022 <b>Uranus<\/b>: Oxen (6 mars 2019 \u2013 19 augusti 2021);  Retrograd: 11 augusti 2019 \u2013 10 januari 2020<\/p>\n<p>\u2022 <b>Neptunus<\/b>: Fiskarna (till januari 2026)<\/p>\n<p>\u2022 <b>Pluto<\/b>: Stenbocken (Till 12 oktober 2024);  Retrograd: 24 april 2019 till 2 oktober 2019<\/p>\n<h2><span class=\"ez-toc-section\" id=\"Dagliga_ogonblicksbilder_fran_12_till_18_augusti_2019\"><\/span><span class=\"ez-toc-section\" id=\"Instantaneas_diarias_del_12_al_18_de_agosto_de_2019\"><\/span><span>Dagliga \u00f6gonblicksbilder fr\u00e5n 12 till 18 augusti 2019:<\/span><span class=\"ez-toc-section-end\"><\/span><span class=\"ez-toc-section-end\"><\/span><\/h2>\n<h4><span class=\"ez-toc-section\" id=\"Mandagen_den_12_augusti\"><\/span><span class=\"ez-toc-section\" id=\"lunes_12_de_agosto\"><\/span>M\u00e5ndagen den 12 augusti<span class=\"ez-toc-section-end\"><\/span><span class=\"ez-toc-section-end\"><\/span><\/h4>\n<p><b>Sol<\/b>: Leo \u2013 Ta initiativet till att v\u00e5rda k\u00e4rleken hemma och framg\u00e5ng kommer att f\u00f6lja \u00f6verallt<\/p>\n<p><b>M\u00e5ne<\/b>: Stenbocken: ta initiativ till n\u00e5got du vill ska h\u00e5lla.<\/p>\n<h4><span class=\"ez-toc-section\" id=\"Tisdagen_den_13_augusti\"><\/span><span class=\"ez-toc-section\" id=\"martes_13_de_agosto\"><\/span>Tisdagen den 13 augusti<span class=\"ez-toc-section-end\"><\/span><span class=\"ez-toc-section-end\"><\/span><\/h4>\n<p><b>Sol<\/b>: lejon<\/p>\n<p><b>M\u00e5ne<\/b>: Vattumannen: Anv\u00e4nd Einstein-liknande probleml\u00f6sning f\u00f6r att avsluta n\u00e5gra kapitel och f\u00e5 l\u00e4ttnad.<\/p>\n<h4><span class=\"ez-toc-section\" id=\"Onsdagen_den_14_augusti\"><\/span><span class=\"ez-toc-section\" id=\"miercoles_14_de_agosto\"><\/span>Onsdagen den 14 augusti<span class=\"ez-toc-section-end\"><\/span><span class=\"ez-toc-section-end\"><\/span><\/h4>\n<p><b>Sol<\/b>: lejon<\/p>\n<p><b>M\u00e5ne<\/b>: Akvarium<\/p>\n<p><b>transiter<\/b>:<\/p>\n<ul>\n<li><b>Sol i Lejonet konjunkt Venus i Lejonet<\/b> \u2013 H\u00e4r har vi den h\u00e4rliga solen som styr Lejonet som arbetar positivt med Venus i samma tecken.\n<p> Detta \u00e4r en glad konjunktion som uttrycker v\u00e4rme och sk\u00f6nhet i n\u00e4stan allt du g\u00f6r idag. <\/p>\n<p>  Relationer \u00e4r s\u00e4rskilt gynnade idag, och du kommer att finna att du lockar till dig underbara upplevelser som kommer att g\u00f6ra dig allm\u00e4nt lycklig. <\/p>\n<p>  Och om inte, g\u00e5 och hitta en!  M\u00f6jligheter i b\u00e5de k\u00e4rlek och pengar gynnas, och solen skiner p\u00e5 dem alla. <\/p>\n<p>  \u00c4r du uppm\u00e4rksam?<\/p>\n<\/li>\n<\/ul>\n<h4><span class=\"ez-toc-section\" id=\"Torsdagen_den_15_augusti\"><\/span><span class=\"ez-toc-section\" id=\"jueves_15_de_agosto\"><\/span>Torsdagen den 15 augusti<span class=\"ez-toc-section-end\"><\/span><span class=\"ez-toc-section-end\"><\/span><\/h4>\n<p><b>Sol<\/b>: lejon<\/p>\n<p><b>M\u00e5ne<\/b>: Fullm\u00e5ne i Vattumannen<\/p>\n<p><i>L\u00e4s detta:<\/i> Fullm\u00e5ne i Vattumannen \u2013 Rare is the New Black<\/p>\n<h4><span class=\"ez-toc-section\" id=\"Fredagen_den_16_augusti\"><\/span><span class=\"ez-toc-section\" id=\"viernes_16_de_agosto\"><\/span>Fredagen den 16 augusti<span class=\"ez-toc-section-end\"><\/span><span class=\"ez-toc-section-end\"><\/span><\/h4>\n<p><b>Sol<\/b>: lejon<\/p>\n<p><b>M\u00e5ne<\/b>: Fiskarna \u2013 Nya b\u00f6rjan som \u00e4r baserade p\u00e5 k\u00e4rlek gynnas.<\/p>\n<h4><span class=\"ez-toc-section\" id=\"Lordagen_den_17_augusti\"><\/span><span class=\"ez-toc-section\" id=\"sabado_17_de_agosto\"><\/span>L\u00f6rdagen den 17 augusti<span class=\"ez-toc-section-end\"><\/span><span class=\"ez-toc-section-end\"><\/span><\/h4>\n<p><b>Sol<\/b>: lejon<\/p>\n<p><b>M\u00e5ne<\/b>: fiskarna<\/p>\n<h4><span class=\"ez-toc-section\" id=\"Sondagen_den_18_augusti\"><\/span><span class=\"ez-toc-section\" id=\"domingo_18_de_agosto\"><\/span>S\u00f6ndagen den 18 augusti<span class=\"ez-toc-section-end\"><\/span><span class=\"ez-toc-section-end\"><\/span><\/h4>\n<p><b>Sol<\/b>: lejon<\/p>\n<p><b>M\u00e5ne<\/b>: V\u00e4duren \u2013 Den d\u00e4r lilla gnistan av passion du har m\u00e5ste sl\u00e4ppas l\u00f6s.<\/p>\n<p><b>transiter<\/b>:<\/p>\n<ul>\n<li><b>Mars g\u00e5r in i Jungfrun &#8211;<\/b> Detta \u00e4r passionerad Mars i detaljorienterad Jungfru.\n<p> Mars arbetar med modig energi, medan Jungfrun helt enkelt tar sin tid. <\/p>\n<p>  \u00c4ven om Mars inte precis \u00e4r bekv\u00e4m h\u00e4r, fungerar den h\u00e4r kombinationen f\u00f6r dig och dina l\u00e5ngsiktiga m\u00e5l. <\/p>\n<p>  Det \u00e4r dags att b\u00f6rja g\u00f6ra listor \u00f6ver saker som har med dina passioner att g\u00f6ra. <\/p>\n<p>  Vad vill du g\u00f6ra med ditt liv?  F\u00f6lj dessa passioner och inspirationen fr\u00e5n Mars f\u00f6r att kartl\u00e4gga dem, och utf\u00f6r dem sedan med Jungfruprecision.<\/p>\n<\/li>\n<\/ul>\n<h4><span class=\"ez-toc-section\" id=\"Vad_ar_det_i_stjarnorna_idag_Konsultera_ditt_gratis_dagliga_horoskop_har_pa_Astrology_Answers\"><\/span><span class=\"ez-toc-section\" id=\"%C2%BFQue_hay_en_las_estrellas_hoy_%C2%A1Consulte_su_horoscopo_diario_gratuito_aqui_en_Astrology_Answers\"><\/span>Vad \u00e4r det i stj\u00e4rnorna idag?  Konsultera ditt gratis dagliga horoskop, h\u00e4r p\u00e5 Astrology Answers!<span class=\"ez-toc-section-end\"><\/span><span class=\"ez-toc-section-end\"><\/span><\/h4>\n<p>Vi hoppas att du gillade v\u00e5r artikel Veckosammanfattning av astrologi: fr\u00e5n 12 till 18 augusti, och allt relaterat till horoskop, tarot, ritualer och allt relaterat.<\/p>\n<figure class=\"wp-block-table is-style-regular\">\n<\/figure>\n<p>Intressanta saker att veta inneb\u00f6rden: Horoskop  <\/p>\n<p>\u00c4ven h\u00e4r l\u00e4mnar vi \u00e4mnen relaterade till: Horoskop<\/p>\n<\/p>\n<p><\/p>\n<p>Vi hoppas att du gillade v\u00e5r artikel Veckovis astrologi: fr\u00e5n 12 till 18<br \/>\n och allt om horoskop, tarot, ritualer och allt relaterat till det &#8230;<\/p>\n<figure class=\"wp-block-table is-style-regular\">\n<table style=\"width: 284px; height: 157px;\">\n<tbody>\n<tr>\n<td class=\"has-text-align-center\" data-align=\"center\"><img loading=\"lazy\" decoding=\"async\" class=\"alignleft\" src=\" https:\/\/goroskop.tv\/wp-content\/uploads\/2023\/05\/horoscopodo12.jpg \" alt=\" Veckovis astrologi: fr\u00e5n 12 till 18\n \" width=\"65\" height=\"95\" title=\"\"><img loading=\"lazy\" decoding=\"async\" class=\"alignleft\" style=\"width: 60px;\" src=\" https:\/\/goroskop.tv\/wp-content\/uploads\/2023\/05\/horoscopodo11.jpg \" alt=\" Veckovis astrologi: fr\u00e5n 12 till 18\n \" width=\"195\" height=\"300\" title=\"\"><img decoding=\"async\" class=\"alignleft\" style=\"width: 60px;\" src=\" https:\/\/goroskop.tv\/wp-content\/uploads\/2023\/05\/horoscopodo10.jpg \" alt=\" Veckovis astrologi: fr\u00e5n 12 till 18\n \" title=\"\"><\/td>\n<\/tr>\n<\/tbody>\n<\/table>\n<\/figure>\n<p>Intressanta saker att veta inneb\u00f6rden: <a href=\"https:\/\/sv.wikipedia.org\/wiki\/Horoskop\" target=\"_blank\" rel=\"nofollow noopener\"> Horoskop <\/a> <\/p>\n<p>H\u00e4r l\u00e4mnar vi ocks\u00e5 \u00e4mnen relaterade till: <a href=\" https:\/\/goroskop.tv\/sw\/den-perfekta-kandispojkvannen-for-dig\/\">Horoskop<\/a> <\/p>\n<div id=\"ez-toc-container\" class=\"ez-toc-v2_0_82_2 ez-toc-wrap-center counter-hierarchy ez-toc-counter ez-toc-grey ez-toc-container-direction\">\n<div class=\"ez-toc-title-container\">\n<div class=\"ez-toc-title\" style=\"cursor:inherit\">Table of Contents<\/div>\n<span class=\"ez-toc-title-toggle\"><a href=\"#\" class=\"ez-toc-pull-right ez-toc-btn ez-toc-btn-xs ez-toc-btn-default ez-toc-toggle\" aria-label=\"Alternar tabla de contenidos\"><span class=\"ez-toc-js-icon-con\"><span class=\"\"><span class=\"eztoc-hide\" style=\"display:none;\">Toggle<\/span><span class=\"ez-toc-icon-toggle-span\"><svg style=\"fill: #999;color:#999\" xmlns=\"http:\/\/www.w3.org\/2000\/svg\" class=\"list-377408\" width=\"20px\" height=\"20px\" viewBox=\"0 0 24 24\" fill=\"none\"><path d=\"M6 6H4v2h2V6zm14 0H8v2h12V6zM4 11h2v2H4v-2zm16 0H8v2h12v-2zM4 16h2v2H4v-2zm16 0H8v2h12v-2z\" fill=\"currentColor\"><\/path><\/svg><svg style=\"fill: #999;color:#999\" class=\"arrow-unsorted-368013\" xmlns=\"http:\/\/www.w3.org\/2000\/svg\" width=\"10px\" height=\"10px\" viewBox=\"0 0 24 24\" version=\"1.2\" baseProfile=\"tiny\"><path d=\"M18.2 9.3l-6.2-6.3-6.2 6.3c-.2.2-.3.4-.3.7s.1.5.3.7c.2.2.4.3.7.3h11c.3 0 .5-.1.7-.3.2-.2.3-.5.3-.7s-.1-.5-.3-.7zM5.8 14.7l6.2 6.3 6.2-6.3c.2-.2.3-.5.3-.7s-.1-.5-.3-.7c-.2-.2-.4-.3-.7-.3h-11c-.3 0-.5.1-.7.3-.2.2-.3.5-.3.7s.1.5.3.7z\"\/><\/svg><\/span><\/span><\/span><\/a><\/span><\/div>\n<nav><ul class='ez-toc-list ez-toc-list-level-1 eztoc-toggle-hide-by-default' ><li class='ez-toc-page-1 ez-toc-heading-level-2'><a class=\"ez-toc-link ez-toc-heading-1\" href=\"https:\/\/goroskop.tv\/sw\/veckovis-astrologi-fran-12-till-18\/#Veckooversikt_over_astrologi_12-18_augusti\" >Vecko\u00f6versikt \u00f6ver astrologi: 12-18 augusti,<\/a><\/li><li class='ez-toc-page-1 ez-toc-heading-level-2'><a class=\"ez-toc-link ez-toc-heading-2\" href=\"https:\/\/goroskop.tv\/sw\/veckovis-astrologi-fran-12-till-18\/#Planetariska_platser_fran_12_till_18_augusti_2019\" >Planetariska platser fr\u00e5n 12 till 18 augusti 2019:<\/a><\/li><li class='ez-toc-page-1 ez-toc-heading-level-2'><a class=\"ez-toc-link ez-toc-heading-3\" href=\"https:\/\/goroskop.tv\/sw\/veckovis-astrologi-fran-12-till-18\/#Dagliga_ogonblicksbilder_fran_12_till_18_augusti_2019\" >Dagliga \u00f6gonblicksbilder fr\u00e5n 12 till 18 augusti 2019:<\/a><ul class='ez-toc-list-level-4' ><li class='ez-toc-heading-level-4'><ul class='ez-toc-list-level-4' ><li class='ez-toc-heading-level-4'><a class=\"ez-toc-link ez-toc-heading-4\" href=\"https:\/\/goroskop.tv\/sw\/veckovis-astrologi-fran-12-till-18\/#Mandagen_den_12_augusti\" >M\u00e5ndagen den 12 augusti<\/a><\/li><li class='ez-toc-page-1 ez-toc-heading-level-4'><a class=\"ez-toc-link ez-toc-heading-5\" href=\"https:\/\/goroskop.tv\/sw\/veckovis-astrologi-fran-12-till-18\/#Tisdagen_den_13_augusti\" >Tisdagen den 13 augusti<\/a><\/li><li class='ez-toc-page-1 ez-toc-heading-level-4'><a class=\"ez-toc-link ez-toc-heading-6\" href=\"https:\/\/goroskop.tv\/sw\/veckovis-astrologi-fran-12-till-18\/#Onsdagen_den_14_augusti\" >Onsdagen den 14 augusti<\/a><\/li><li class='ez-toc-page-1 ez-toc-heading-level-4'><a class=\"ez-toc-link ez-toc-heading-7\" href=\"https:\/\/goroskop.tv\/sw\/veckovis-astrologi-fran-12-till-18\/#Torsdagen_den_15_augusti\" >Torsdagen den 15 augusti<\/a><\/li><li class='ez-toc-page-1 ez-toc-heading-level-4'><a class=\"ez-toc-link ez-toc-heading-8\" href=\"https:\/\/goroskop.tv\/sw\/veckovis-astrologi-fran-12-till-18\/#Fredagen_den_16_augusti\" >Fredagen den 16 augusti<\/a><\/li><li class='ez-toc-page-1 ez-toc-heading-level-4'><a class=\"ez-toc-link ez-toc-heading-9\" href=\"https:\/\/goroskop.tv\/sw\/veckovis-astrologi-fran-12-till-18\/#Lordagen_den_17_augusti\" >L\u00f6rdagen den 17 augusti<\/a><\/li><li class='ez-toc-page-1 ez-toc-heading-level-4'><a class=\"ez-toc-link ez-toc-heading-10\" href=\"https:\/\/goroskop.tv\/sw\/veckovis-astrologi-fran-12-till-18\/#Sondagen_den_18_augusti\" >S\u00f6ndagen den 18 augusti<\/a><\/li><li class='ez-toc-page-1 ez-toc-heading-level-4'><a class=\"ez-toc-link ez-toc-heading-11\" href=\"https:\/\/goroskop.tv\/sw\/veckovis-astrologi-fran-12-till-18\/#Vad_ar_det_i_stjarnorna_idag_Konsultera_ditt_gratis_dagliga_horoskop_har_pa_Astrology_Answers\" >Vad \u00e4r det i stj\u00e4rnorna idag?  Konsultera ditt gratis dagliga horoskop, h\u00e4r p\u00e5 Astrology Answers!<\/a><\/li><\/ul><\/li><\/ul><\/li><\/ul><\/nav><\/div>\n","protected":false},"excerpt":{"rendered":"<p>Vecko\u00f6versikt \u00f6ver astrologi: 12-18 augusti, Hej jordbor! Vi g\u00e5r in i den andra veckan i augusti med en explosion av f\u00f6rnyad energi och entusiasm. Den sista av f\u00f6rm\u00f6rkelsecykeln \u00e4r \u00e4ntligen ute ur v\u00e5rt system, och nu m\u00e5ste vi bara m\u00f6ta f\u00f6r\u00e4ndringarna (eller acceptera dem, beroende p\u00e5 hur du ser p\u00e5 livet). Vi hoppas att du &hellip;<\/p>\n","protected":false},"author":1,"featured_media":0,"comment_status":"closed","ping_status":"closed","sticky":false,"template":"","format":"standard","meta":{"footnotes":""},"categories":[2],"tags":[212,439,1435],"class_list":["post-12566","post","type-post","status-publish","format-standard","hentry","category-horoskop","tag-astrologi","tag-fran","tag-veckovis"],"_links":{"self":[{"href":"https:\/\/goroskop.tv\/sw\/wp-json\/wp\/v2\/posts\/12566","targetHints":{"allow":["GET"]}}],"collection":[{"href":"https:\/\/goroskop.tv\/sw\/wp-json\/wp\/v2\/posts"}],"about":[{"href":"https:\/\/goroskop.tv\/sw\/wp-json\/wp\/v2\/types\/post"}],"author":[{"embeddable":true,"href":"https:\/\/goroskop.tv\/sw\/wp-json\/wp\/v2\/users\/1"}],"replies":[{"embeddable":true,"href":"https:\/\/goroskop.tv\/sw\/wp-json\/wp\/v2\/comments?post=12566"}],"version-history":[{"count":0,"href":"https:\/\/goroskop.tv\/sw\/wp-json\/wp\/v2\/posts\/12566\/revisions"}],"wp:attachment":[{"href":"https:\/\/goroskop.tv\/sw\/wp-json\/wp\/v2\/media?parent=12566"}],"wp:term":[{"taxonomy":"category","embeddable":true,"href":"https:\/\/goroskop.tv\/sw\/wp-json\/wp\/v2\/categories?post=12566"},{"taxonomy":"post_tag","embeddable":true,"href":"https:\/\/goroskop.tv\/sw\/wp-json\/wp\/v2\/tags?post=12566"}],"curies":[{"name":"wp","href":"https:\/\/api.w.org\/{rel}","templated":true}]}}