{"id":12843,"date":"2023-07-25T20:19:44","date_gmt":"2023-07-25T20:19:44","guid":{"rendered":"https:\/\/goroskop.tv\/sw\/bokrecension-fortsatt-konsten-att\/"},"modified":"2023-07-25T20:19:44","modified_gmt":"2023-07-25T20:19:44","slug":"bokrecension-fortsatt-konsten-att","status":"publish","type":"post","link":"https:\/\/goroskop.tv\/sw\/bokrecension-fortsatt-konsten-att\/","title":{"rendered":"Bokrecension: Forts\u00e4tt \u2013 konsten att"},"content":{"rendered":"<p><\/p>\n<h2><span class=\"ez-toc-section\" id=\"Bokrecension_Fortsatt_%E2%80%93_konsten_att\"><\/span><span class=\"ez-toc-section\" id=\"Resena_del_libro_Keep_Going_%E2%80%93_El_arte_de\"><\/span>  Bokrecension: Forts\u00e4tt \u2013 konsten att<span class=\"ez-toc-section-end\"><\/span><span class=\"ez-toc-section-end\"><\/span><\/h2>\n<p><em>Pandemin forts\u00e4tter att ta en f\u00f6r\u00f6dande v\u00e4gtull p\u00e5 m\u00e4nniskoliv, ekonomisk vitalitet och mentalt v\u00e4lbefinnande. <\/em><\/p>\n<p>  Till skillnad fr\u00e5n destruktiva h\u00e4ndelser som har begr\u00e4nsad effekt och effekt, som tsunamin som drabbade Japan den 11 mars 2011, eller attackerna den 11 september 2001 i USA, kvarst\u00e5r pandemin och forts\u00e4tter att p\u00e5verka v\u00e5ra liv i mer \u00e4n ett \u00e5r. <\/p>\n<p>efter att de f\u00f6rsta infektionerna rapporterats, utan n\u00e5got omedelbart slut i sikte.<\/p>\n<p><em>Den p\u00e5g\u00e5ende skadan och stressen av covid-viruset kr\u00e4ver lika mycket mental och andlig hj\u00e4lp som behovet av vaccinationer f\u00f6r att hj\u00e4lpa fysiskt. <\/em><\/p>\n<p>  Med denna oro i \u00e5tanke vill jag dela med mig av en bok som \u00e4r l\u00e4mplig f\u00f6r dessa sv\u00e5ra tider. <\/p>\n<p>  Den har titeln Keep Going: The Art of Perseverance av Joseph M Marshall III.<\/p>\n<h3 id=\"h-joseph-m-marshall-iii\"><span class=\"ez-toc-section\" id=\"Joseph_M_Marshall_III\"><\/span><span class=\"ez-toc-section\" id=\"Jose_M_Marshall_III\"><\/span>Joseph M Marshall III<span class=\"ez-toc-section-end\"><\/span><span class=\"ez-toc-section-end\"><\/span><\/h3>\n<p>Joseph M Marshall III \u00e4r en historiker, l\u00e4rare, f\u00f6rfattare, sk\u00e5despelare och offentlig talare som fostrades upp av sina morf\u00f6r\u00e4ldrar p\u00e5 Lakotaindianernas traditionella s\u00e4tt. <\/p>\n<p>  Han har skrivit flera b\u00f6cker:<\/p>\n<ul>\n<li>I Crazy Horses fotsp\u00e5r<\/li>\n<li>Walking with Grandpa: The Wisdom of the Lakota Elders<\/li>\n<li>Crazy Horse&#8217;s Ride: A Lakota Story<\/li>\n<li>Lakota Way: Stories and Lessons to Live By<\/li>\n<li>The Day the World Ended at the Little Bighorn: A Lakota Story<\/li>\n<li>To You We Will Return: Lessons from the Lakota on Our Planet<\/li>\n<li>G\u00e5 tillbaka till Lakota Way: Ancient Values \u200b\u200bf\u00f6r att r\u00e4dda en modern v\u00e4rld<\/li>\n<\/ul>\n<p>Alla hennes b\u00f6cker har f\u00e5tt mycket ber\u00f6m (4 till 5 stj\u00e4rnor av 5) i Amazon-recensioner och \u00e4r v\u00e4l v\u00e4rda att l\u00e4sa. <\/p>\n<p>  Boken jag vill fokusera p\u00e5 \u00e4r Keep Going, som \u00e4r skriven som en dialog mellan Marshall och hans farfar.<\/p>\n<h3 id=\"h-about-the-book\"><span class=\"ez-toc-section\" id=\"Om_boken\"><\/span><span class=\"ez-toc-section\" id=\"Acerca_del_libro\"><\/span>Om boken<span class=\"ez-toc-section-end\"><\/span><span class=\"ez-toc-section-end\"><\/span><\/h3>\n<p>Fr\u00e5n insidans framsida av dammskyddet med inbunden utg\u00e5va:<\/p>\n<p><em>N\u00e4r en ung mans far d\u00f6r v\u00e4nder han sig till sin vise farfar f\u00f6r att f\u00e5 tr\u00f6st. <\/em><\/p>\n<p>  Tillsammans sitter de under ett poppeltr\u00e4d och morfar delar med sig av sin syn p\u00e5 livet, den uth\u00e5llighet det kr\u00e4ver och njutningen och sm\u00e4rtan av resan.<\/p>\n<p><em>Den unge mannen \u00e4r Joseph Marshall III, den b\u00e4sts\u00e4ljande f\u00f6rfattaren till The Lakota Way: De innerliga och tankev\u00e4ckande l\u00e4rdomarna som f\u00f6rmedlas av hans Lakota-farfar kommer att ge tr\u00f6st och inspiration till alla som l\u00e4ngtar efter en st\u00f6rre f\u00f6rst\u00e5else f\u00f6r livets utmaningar.<\/em><\/p>\n<p><em>Med dialog, ber\u00e4ttelser och minnen fokuserar varje avsnitt p\u00e5 en del av Marshalls prosadikt \u00abKeep Going\u00bb och ger kommentarer till texten. <\/em><\/p>\n<p>  Alla som st\u00f6ter p\u00e5 denna gripande guide kommer att h\u00e4mta tr\u00f6st, insikt och styrka fr\u00e5n farfars visdomsord, precis som Marshall sj\u00e4lv gjorde.<\/p>\n<p>Boken har en prolog, sex kapitel och en avslutning. <\/p>\n<p>  Det \u00e4r inte en s\u00e4rskilt l\u00e5ng text och konversationsstilen g\u00f6r den underh\u00e5llande och l\u00e4ttl\u00e4st. <\/p>\n<p>  Prologen b\u00f6rjar boken med att den unge mannen, Jeremy (Marshalls fiktiva stand-in), st\u00e4ller \u00abThe Question\u00bb:<\/p>\n<p><em>Farfar, varf\u00f6r \u00e4r livet s\u00e5 sv\u00e5rt?  (5)<\/em><\/p>\n<p>I kapitel ett b\u00f6rjar morfar sitt svar med att s\u00e4ga:<\/p>\n<p><em>\u00abJag \u00e4r en gammal man\u00bb, sa han. <\/em><\/p>\n<p>  \u201dJag har sett n\u00e5got av livet, men jag vet inte om det finns ett svar som tillfredsst\u00e4ller dig. <\/p>\n<p>  Jag tror att det finns m\u00e5nga svar som v\u00e4ntar p\u00e5 att du ska hitta dem. <\/p>\n<p>  Och jag vet det h\u00e4r: livet \u00e4r inte l\u00e4tt. <\/p>\n<p>  Men det \u00e4r s\u00e5 det \u00e4r och vi kan inte \u00e4ndra dem. <\/p>\n<p>  Allt vi kan g\u00f6ra \u00e4r att f\u00f6rs\u00f6ka f\u00f6rst\u00e5 det.\u00bb <\/p>\n<p>  (7)<\/p>\n<p>Han avslutar detta kapitel med dialogen mellan Jeremy och hans farfar och skriver:<\/p>\n<p><em>Jeremy t\u00e4nkte ett \u00f6gonblick: \u201dIbland m\u00e5ste vi st\u00e5 ut med m\u00f6rkret och vad det inneh\u00e5ller. <\/em><\/p>\n<p>  Om vi \u200b\u200bg\u00f6r det s\u00e5 uppskattar vi ljuset. <\/p>\n<p>  S\u00e5 mannen som inte ville g\u00e5 in i skogen f\u00f6rs\u00f6kte f\u00f6rneka att skuggor \u00e4r en del av livet\u201d, best\u00e4mde Jeremey.<\/p>\n<p><em>\u00abSANN. <\/em><\/p>\n<p>  Dessutom gav han efter f\u00f6r sina r\u00e4dslor och f\u00f6rnekade sig sj\u00e4lv upplevelsen av att m\u00f6ta dem\u201d, svarade den gamle mannen. <\/p>\n<p>  \u00abS\u00e5 han l\u00e4rde sig fel l\u00e4xa. <\/p>\n<p>  Det g\u00f6r vi alla d\u00e5 och d\u00e5. <\/p>\n<p>  Ist\u00e4llet f\u00f6r att oroa mig f\u00f6r hur jag ska klara mig utan din mormor, kommer jag att g\u00f6ra det b\u00e4sta av den tid vi har kvar tillsammans och tacka morfar f\u00f6r det liv han har gett oss.\u00bb <\/p>\n<p>  (19)<\/p>\n<p>De \u00e5terst\u00e5ende kapitlen inneh\u00e5ller dialog som tar l\u00e4sarna, tillsammans med Jeremy, genom de gemensamma strider och verkligheter vi alla st\u00e5r inf\u00f6r. <\/p>\n<p>  Inv\u00e4vda i kapitlen finns nyckelcitat som visas \u00f6verst p\u00e5 sidorna i boken, som:<\/p>\n<p><em>\u00abDu bad inte om att bli f\u00f6dd, men du \u00e4r h\u00e4r.\u00bb  (23)<\/em><\/p>\n<p><em>\u00abDu m\u00e5ste resa dig i stormen. <\/em><\/p>\n<p>  Du m\u00e5ste m\u00f6ta vinden och kylan och m\u00f6rkret&#8230;\u201d (59)<\/p>\n<p><em>\u00abVarje steg, hur sv\u00e5rt det \u00e4n \u00e4r, \u00e4r ett steg till mot toppen av kullen&#8230;\u00bb (88)<\/em><\/p>\n<p>F\u00f6rhoppningsvis kommer boken att ge ett anv\u00e4ndbart budskap under en tid av m\u00f6rker, och p\u00e5minna oss om att om vi h\u00e5ller ut har vi m\u00f6jlighet att uppleva hopp, gl\u00e4dje och medk\u00e4nsla;  och uppskattar dem desto mer f\u00f6r att de har h\u00e5llit ut genom dessa sv\u00e5ra tider.<\/p>\n<h3 id=\"h-amazon-reviews\"><span class=\"ez-toc-section\" id=\"Amazon_recensioner\"><\/span><span class=\"ez-toc-section\" id=\"Resenas_de_Amazon\"><\/span>Amazon recensioner<span class=\"ez-toc-section-end\"><\/span><span class=\"ez-toc-section-end\"><\/span><\/h3>\n<p>Den h\u00e4r boken har ett 5-stj\u00e4rnigt betyg av 158 recensioner (n\u00e4r den h\u00e4r artikeln skrevs), h\u00e4r \u00e4r tv\u00e5:<\/p>\n<p><em>En fantastisk l\u00e4sning f\u00f6r alla som k\u00e4nner sig \u00f6verv\u00e4ldigade av livets pr\u00f6vningar. <\/em><\/p>\n<p>  En sammanst\u00e4llning av ber\u00e4ttelser som uttrycker hopp, f\u00f6rst\u00e5else och uth\u00e5llighet. <\/p>\n<p>  En v\u00e4n gav mig ett exemplar efter att jag fick diagnosen cancer, och jag gillade den s\u00e5 mycket att jag k\u00f6pte ett eget exemplar f\u00f6r att dela med andra. <\/p>\n<p>  (Jet)<\/p>\n<p><em>Den h\u00e4r boken \u00e4r MYCKET upplyftande och jag rekommenderar den f\u00f6r ALLA \u00e5ldrar. <\/em><\/p>\n<p>  Jag har kommit att \u00e4lska indianernas l\u00e4ror l\u00e5ngt f\u00f6re den h\u00e4r boken. <\/p>\n<p>  Jag best\u00e4llde inte bara exemplar till mina v\u00e4nner, utan jag l\u00e4ste ocks\u00e5 den h\u00e4r boken f\u00f6r min 5-\u00e5rige son eftersom han verkligen f\u00f6rst\u00e5r ber\u00e4ttelserna och jag hoppas att han beh\u00e5ller de stora v\u00e4rdena i den h\u00e4r boken. <\/p>\n<p>  Den \u00e4r v\u00e4ldigt kort (knappt 100 sidor) men den har vida \u00f6verskridit v\u00e4rdet av en 1000+ sidors bok som jag har l\u00e4st fr\u00e5n inspirerande talare och till och med pastorer. <\/p>\n<p>  Tryck fram\u00e5t \u00e4ven om det bara \u00e4r ett steg till \u00e4n du tror att du klarar av. <\/p>\n<p>  Den h\u00e4r boken har ett BRA s\u00e4tt att f\u00f6rklara varf\u00f6r livet inte \u00e4r l\u00e4tt, men resan och sv\u00e5righeterna \u00e4r det som conformar v\u00e5r karakt\u00e4r till att vara starka individer. <\/p>\n<p>  (J Bizzle)<\/p>\n<h3 id=\"h-highly-recommended\"><span class=\"ez-toc-section\" id=\"Hogt_rekommenderad\"><\/span><span class=\"ez-toc-section\" id=\"Muy_recomendable\"><\/span>H\u00f6gt rekommenderad<span class=\"ez-toc-section-end\"><\/span><span class=\"ez-toc-section-end\"><\/span><\/h3>\n<p>Jag rekommenderar den h\u00e4r boken. <\/p>\n<p>  Den var till stor hj\u00e4lp under en sv\u00e5r period i mitt liv mellan 2009 och 2011, och jag nj\u00f6t av att l\u00e4sa den igen f\u00f6r den h\u00e4r artikeln, s\u00e5 jag delar den med dig i hopp om att den ska ge dig inspiration att hj\u00e4lpa dig genom dessa sv\u00e5ra tider.<\/p>\n<p>Vi hoppas att du gillade v\u00e5r artikel Bokrecension: Forts\u00e4tt \u2013 Konsten att och allt relaterat till horoskop, tarot, ritualer och allt relaterat.<\/p>\n<figure class=\"wp-block-table is-style-regular\">\n<\/figure>\n<p>Intressanta saker att veta inneb\u00f6rden: Horoskop  <\/p>\n<p>\u00c4ven h\u00e4r l\u00e4mnar vi \u00e4mnen relaterade till: Horoskop<\/p>\n<\/p>\n<p><\/p>\n<p>Vi hoppas att du gillade v\u00e5r artikel Bokrecension: Forts\u00e4tt \u2013 konsten att<br \/>\n och allt om horoskop, tarot, ritualer och allt relaterat till det &#8230;<\/p>\n<figure class=\"wp-block-table is-style-regular\">\n<table style=\"width: 284px; height: 157px;\">\n<tbody>\n<tr>\n<td class=\"has-text-align-center\" data-align=\"center\"><img loading=\"lazy\" decoding=\"async\" class=\"alignleft\" src=\" https:\/\/goroskop.tv\/wp-content\/uploads\/2023\/05\/horoscopodo12.jpg \" alt=\" Bokrecension: Forts\u00e4tt \u2013 konsten att\n \" width=\"65\" height=\"95\" title=\"\"><img loading=\"lazy\" decoding=\"async\" class=\"alignleft\" style=\"width: 60px;\" src=\" https:\/\/goroskop.tv\/wp-content\/uploads\/2023\/05\/horoscopodo11.jpg \" alt=\" Bokrecension: Forts\u00e4tt \u2013 konsten att\n \" width=\"195\" height=\"300\" title=\"\"><img decoding=\"async\" class=\"alignleft\" style=\"width: 60px;\" src=\" https:\/\/goroskop.tv\/wp-content\/uploads\/2023\/05\/horoscopodo10.jpg \" alt=\" Bokrecension: Forts\u00e4tt \u2013 konsten att\n \" title=\"\"><\/td>\n<\/tr>\n<\/tbody>\n<\/table>\n<\/figure>\n<p>Intressanta saker att veta inneb\u00f6rden: <a href=\"https:\/\/sv.wikipedia.org\/wiki\/Horoskop\" target=\"_blank\" rel=\"nofollow noopener\"> Horoskop <\/a> <\/p>\n<p>H\u00e4r l\u00e4mnar vi ocks\u00e5 \u00e4mnen relaterade till: <a href=\" https:\/\/goroskop.tv\/sw\/den-perfekta-kandispojkvannen-for-dig\/\">Horoskop<\/a> <\/p>\n<div id=\"ez-toc-container\" class=\"ez-toc-v2_0_82_2 ez-toc-wrap-center counter-hierarchy ez-toc-counter ez-toc-grey ez-toc-container-direction\">\n<div class=\"ez-toc-title-container\">\n<div class=\"ez-toc-title\" style=\"cursor:inherit\">Table of Contents<\/div>\n<span class=\"ez-toc-title-toggle\"><a href=\"#\" class=\"ez-toc-pull-right ez-toc-btn ez-toc-btn-xs ez-toc-btn-default ez-toc-toggle\" aria-label=\"Alternar tabla de contenidos\"><span class=\"ez-toc-js-icon-con\"><span class=\"\"><span class=\"eztoc-hide\" style=\"display:none;\">Toggle<\/span><span class=\"ez-toc-icon-toggle-span\"><svg style=\"fill: #999;color:#999\" xmlns=\"http:\/\/www.w3.org\/2000\/svg\" class=\"list-377408\" width=\"20px\" height=\"20px\" viewBox=\"0 0 24 24\" fill=\"none\"><path d=\"M6 6H4v2h2V6zm14 0H8v2h12V6zM4 11h2v2H4v-2zm16 0H8v2h12v-2zM4 16h2v2H4v-2zm16 0H8v2h12v-2z\" fill=\"currentColor\"><\/path><\/svg><svg style=\"fill: #999;color:#999\" class=\"arrow-unsorted-368013\" xmlns=\"http:\/\/www.w3.org\/2000\/svg\" width=\"10px\" height=\"10px\" viewBox=\"0 0 24 24\" version=\"1.2\" baseProfile=\"tiny\"><path d=\"M18.2 9.3l-6.2-6.3-6.2 6.3c-.2.2-.3.4-.3.7s.1.5.3.7c.2.2.4.3.7.3h11c.3 0 .5-.1.7-.3.2-.2.3-.5.3-.7s-.1-.5-.3-.7zM5.8 14.7l6.2 6.3 6.2-6.3c.2-.2.3-.5.3-.7s-.1-.5-.3-.7c-.2-.2-.4-.3-.7-.3h-11c-.3 0-.5.1-.7.3-.2.2-.3.5-.3.7s.1.5.3.7z\"\/><\/svg><\/span><\/span><\/span><\/a><\/span><\/div>\n<nav><ul class='ez-toc-list ez-toc-list-level-1 eztoc-toggle-hide-by-default' ><li class='ez-toc-page-1 ez-toc-heading-level-2'><a class=\"ez-toc-link ez-toc-heading-1\" href=\"https:\/\/goroskop.tv\/sw\/bokrecension-fortsatt-konsten-att\/#Bokrecension_Fortsatt_%E2%80%93_konsten_att\" >Bokrecension: Forts\u00e4tt \u2013 konsten att<\/a><ul class='ez-toc-list-level-3' ><li class='ez-toc-heading-level-3'><a class=\"ez-toc-link ez-toc-heading-2\" href=\"https:\/\/goroskop.tv\/sw\/bokrecension-fortsatt-konsten-att\/#Joseph_M_Marshall_III\" >Joseph M Marshall III<\/a><\/li><li class='ez-toc-page-1 ez-toc-heading-level-3'><a class=\"ez-toc-link ez-toc-heading-3\" href=\"https:\/\/goroskop.tv\/sw\/bokrecension-fortsatt-konsten-att\/#Om_boken\" >Om boken<\/a><\/li><li class='ez-toc-page-1 ez-toc-heading-level-3'><a class=\"ez-toc-link ez-toc-heading-4\" href=\"https:\/\/goroskop.tv\/sw\/bokrecension-fortsatt-konsten-att\/#Amazon_recensioner\" >Amazon recensioner<\/a><\/li><li class='ez-toc-page-1 ez-toc-heading-level-3'><a class=\"ez-toc-link ez-toc-heading-5\" href=\"https:\/\/goroskop.tv\/sw\/bokrecension-fortsatt-konsten-att\/#Hogt_rekommenderad\" >H\u00f6gt rekommenderad<\/a><\/li><\/ul><\/li><\/ul><\/nav><\/div>\n","protected":false},"excerpt":{"rendered":"<p>Bokrecension: Forts\u00e4tt \u2013 konsten att Pandemin forts\u00e4tter att ta en f\u00f6r\u00f6dande v\u00e4gtull p\u00e5 m\u00e4nniskoliv, ekonomisk vitalitet och mentalt v\u00e4lbefinnande. Till skillnad fr\u00e5n destruktiva h\u00e4ndelser som har begr\u00e4nsad effekt och effekt, som tsunamin som drabbade Japan den 11 mars 2011, eller attackerna den 11 september 2001 i USA, kvarst\u00e5r pandemin och forts\u00e4tter att p\u00e5verka v\u00e5ra liv &hellip;<\/p>\n","protected":false},"author":1,"featured_media":13,"comment_status":"closed","ping_status":"closed","sticky":false,"template":"","format":"standard","meta":{"footnotes":""},"categories":[2],"tags":[48,3886,3165,5852],"class_list":["post-12843","post","type-post","status-publish","format-standard","has-post-thumbnail","hentry","category-horoskop","tag-att","tag-bokrecension","tag-fortsatt","tag-konsten"],"_links":{"self":[{"href":"https:\/\/goroskop.tv\/sw\/wp-json\/wp\/v2\/posts\/12843","targetHints":{"allow":["GET"]}}],"collection":[{"href":"https:\/\/goroskop.tv\/sw\/wp-json\/wp\/v2\/posts"}],"about":[{"href":"https:\/\/goroskop.tv\/sw\/wp-json\/wp\/v2\/types\/post"}],"author":[{"embeddable":true,"href":"https:\/\/goroskop.tv\/sw\/wp-json\/wp\/v2\/users\/1"}],"replies":[{"embeddable":true,"href":"https:\/\/goroskop.tv\/sw\/wp-json\/wp\/v2\/comments?post=12843"}],"version-history":[{"count":0,"href":"https:\/\/goroskop.tv\/sw\/wp-json\/wp\/v2\/posts\/12843\/revisions"}],"wp:featuredmedia":[{"embeddable":true,"href":"https:\/\/goroskop.tv\/sw\/wp-json\/wp\/v2\/media\/13"}],"wp:attachment":[{"href":"https:\/\/goroskop.tv\/sw\/wp-json\/wp\/v2\/media?parent=12843"}],"wp:term":[{"taxonomy":"category","embeddable":true,"href":"https:\/\/goroskop.tv\/sw\/wp-json\/wp\/v2\/categories?post=12843"},{"taxonomy":"post_tag","embeddable":true,"href":"https:\/\/goroskop.tv\/sw\/wp-json\/wp\/v2\/tags?post=12843"}],"curies":[{"name":"wp","href":"https:\/\/api.w.org\/{rel}","templated":true}]}}