{"id":1444,"date":"2023-07-21T01:37:00","date_gmt":"2023-07-21T01:37:00","guid":{"rendered":"https:\/\/goroskop.tv\/sw\/hur-lange-varar-manifestationen-9-faktorer\/"},"modified":"2023-07-21T01:37:00","modified_gmt":"2023-07-21T01:37:00","slug":"hur-lange-varar-manifestationen-9-faktorer","status":"publish","type":"post","link":"https:\/\/goroskop.tv\/sw\/hur-lange-varar-manifestationen-9-faktorer\/","title":{"rendered":"Hur l\u00e4nge varar manifestationen (9 faktorer)"},"content":{"rendered":"<p><\/p>\n<h2><span class=\"ez-toc-section\" id=\"Hur_lange_varar_manifestationen_9_faktorer\"><\/span><span class=\"ez-toc-section\" id=\"%C2%BFCuanto_dura_la_manifestacion_9_factores\"><\/span>  Hur l\u00e4nge varar manifestationen (9 faktorer)<span class=\"ez-toc-section-end\"><\/span><span class=\"ez-toc-section-end\"><\/span><\/h2>\n<figure class=\"wp-block-image aligncenter size-full\"><\/figure>\n<p>Allt i universum \u00e4r gjort av energi. <\/p>\n<p>  Energi fl\u00f6dar i str\u00f6mmar och m\u00f6nster, s\u00e5 kallade frekvenser och vibrationer. <\/p>\n<p>Manifestationen anv\u00e4nder lagen om attraktion, som s\u00e4ger att lika lockar lika. <\/p>\n<p>  Vad du \u00e4n resonerar med, lockar du in i ditt liv. <\/p>\n<p>  Dina tankar, \u00f6vertygelser och k\u00e4nslor attraherar din yttre verklighet. <\/p>\n<p>Av denna anledning h\u00f6r du ofta tales\u00e4tt som: \u00abDin atmosf\u00e4r attraherar din stam\u00bb. <\/p>\n<p>  M\u00e5nga subtila faktorer avg\u00f6r hur l\u00e5ng tid det tar f\u00f6r din manifestation att f\u00f6rverkligas.<\/p>\n<p><strong>N\u00e4r du har bem\u00e4strat konsten att manifestera kan det ta en dag eller \u00e4nnu mindre f\u00f6r din manifestation att komma till st\u00e5nd. <\/strong><\/p>\n<p>  De subtila detaljerna som best\u00e4mmer hastigheten p\u00e5 din manifestation \u00e4r dina \u00f6vertygelser, ditt sj\u00e4lvf\u00f6rtroende, din frekvens, dina k\u00e4nslor och mentala vanor, och till och med din kost!<\/p>\n<p>Ju mer du tr\u00e4nar p\u00e5 att manifestera, desto b\u00e4ttre blir du p\u00e5 det. <\/p>\n<p>  Ofta \u00e4r det n\u00f6dv\u00e4ndigt att flytta undermedvetna block och k\u00e4nna igen dina d\u00f6da fl\u00e4ckar, men allt \u00e4r m\u00f6jligt n\u00e4r du investerar din tid och energi i det. <\/p>\n<p>Att manifestera sig liknar en muskel: om du aldrig anv\u00e4nder den kommer den inte att v\u00e4xa. <\/p>\n<p>  Om du anv\u00e4nder den ofta v\u00e4xer den och blir starkare. <\/p>\n<p><em>Om du har sv\u00e5rt att manifestera, anv\u00e4nd tipsen nedan, och du kommer att bli f\u00f6rv\u00e5nad \u00f6ver hur snabbt dina manifestationer kommer till liv!<\/em><\/p>\n<h2 class=\"wp-block-heading\"><span class=\"ez-toc-section\" id=\"9_faktorer_for_hur_lang_tid_manifestationen_tar\"><\/span><span class=\"ez-toc-section\" id=\"9_factores_de_cuanto_tiempo_toma_la_manifestacion\"><\/span>9 faktorer f\u00f6r hur l\u00e5ng tid manifestationen tar<span class=\"ez-toc-section-end\"><\/span><span class=\"ez-toc-section-end\"><\/span><\/h2>\n<figure class=\"wp-block-image aligncenter size-full\"><\/figure>\n<p>M\u00e5nga synska och ockulta vetenskapsm\u00e4n har sagt att manifestationen \u00e4r n\u00e4stan omedelbar p\u00e5 h\u00f6gre tillvaroplan. <\/p>\n<p>  S\u00e5 fort du f\u00f6rest\u00e4ller dig n\u00e5got drar du det till dig. <\/p>\n<p>H\u00e4r p\u00e5 planeten Jorden, i fysisk verklighet, tar manifestation tid eftersom materia \u00e4r den t\u00e4taste formen av energi.  Kan du f\u00f6rest\u00e4lla dig vad som skulle h\u00e4nda om alla dina slumpm\u00e4ssiga tankar blev sanna omedelbart?<\/p>\n<p>Om du vill bem\u00e4stra konsten att manifestera och \u00f6ka hastigheten p\u00e5 dina manifestationer, kommer f\u00f6ljande consejos att visa dig var du kan g\u00e5 fel och peka dig i r\u00e4tt riktning.<\/p>\n<h3 class=\"wp-block-heading\"><span class=\"ez-toc-section\" id=\"1\"><\/span><span class=\"ez-toc-section\" id=\"1_Tus_cuerdas_emocionales\"><\/span>1. <span class=\"ez-toc-section-end\"><\/span><\/h3>\n<p>dina k\u00e4nslom\u00e4ssiga str\u00e4ngar<span class=\"ez-toc-section-end\"><\/span>\n<\/p>\n<p>Om du har starka k\u00e4nslom\u00e4ssiga band till vissa m\u00e4nniskor eller platser kan det sakta ner manifestationsprocessen. <\/p>\n<p>Anta till exempel att du vill flytta \u00f6ver landet, och du har spelat ut det, men undermedvetet vill du inte l\u00e4mna dina v\u00e4nner och familj bakom dig. <\/p>\n<p>  I s\u00e5 fall kan du vara k\u00e4nslom\u00e4ssigt f\u00e4st vid din nuvarande plats. <\/p>\n<p>Eller om du manifesterar en ny pojkv\u00e4n, men samtidigt, mycket av din energi och dina tankar g\u00e5r till din tidigare \u00e4lskare, har du v\u00e4ldigt lite energi kvar f\u00f6r att manifestera det \u00f6nskade resultatet.<\/p>\n<p>Sl\u00e5 inte upp dig sj\u00e4lv om du uppt\u00e4cker att detta \u00e4r sant f\u00f6r dig. <\/p>\n<p>  De flesta av oss har samtidigt motsatta \u00f6nskningar, och det \u00e4r helt normalt. <\/p>\n<p>Om du k\u00e4nner att din inre konflikt st\u00f6r dig, kan du leta efter psykologiska tekniker som hj\u00e4lper dig att ta itu med detta problem, som Teal Swan. <em>delar fungerar<\/em>.<\/p>\n<h3 class=\"wp-block-heading\"><span class=\"ez-toc-section\" id=\"2\"><\/span>2. <\/p>\n<span class=\"ez-toc-section-end\"><\/span><\/h3>\n<p>Dina begr\u00e4nsande \u00f6vertygelser\n<\/p>\n<p>Vi plockar upp f\u00f6rest\u00e4llningar fr\u00e5n samh\u00e4llet och fr\u00e5n v\u00e5ra f\u00f6r\u00e4ldrar n\u00e4r vi v\u00e4xer upp, och med tiden blir de djupt rotade i v\u00e5rt undermedvetna. <\/p>\n<p>  De kan ha varit sanningsenliga i n\u00e5got sammanhang eller till och med v\u00e4rdefulla f\u00f6r oss vid en viss tidpunkt, men nu kunde de h\u00e5lla oss tillbaka.<\/p>\n<p>Vi tror ofta p\u00e5 saker som begr\u00e4nsar oss och hindrar oss fr\u00e5n att n\u00e5 v\u00e5r fulla potential. <\/p>\n<p>Vanliga begr\u00e4nsande f\u00f6rest\u00e4llningar inkluderar: \u00ab<em>Jag \u00e4r inte v\u00e4rd att lyckas<\/em>\u201d, <em>\u00abJag har misslyckats m\u00e5nga g\u00e5nger tidigare, det betyder att jag kommer att misslyckas i framtiden<\/em>\u201d, \u201c<em>Alla de rika \u00e4r onda.<\/em>,\u00bb och andra.<\/p>\n<p>Begr\u00e4nsande \u00f6vertygelser \u00e4r hinder p\u00e5 din v\u00e4g till lycka och effektiv manifestation. <\/p>\n<p>  Ett av de b\u00e4sta verktygen f\u00f6r att bearbeta begr\u00e4nsande f\u00f6rest\u00e4llningar \u00e4r kognitiv beteendeterapi. <\/p>\n<p>  Du kan hitta m\u00e5nga arbetsblad och guider p\u00e5 n\u00e4tet. <\/p>\n<p>Du kan ocks\u00e5 h\u00e4nvisa till arbetsboken <em>Tr\u00e4na om din hj\u00e4rna: Kognitiv beteendeterapi p\u00e5 7 veckor<\/em>Skrivet av professor Seth J. <\/p>\n<p>Gillihan.<\/p>\n<h3 class=\"wp-block-heading\"><span class=\"ez-toc-section\" id=\"3\"><\/span><span class=\"ez-toc-section\" id=\"3_Tu_Frecuencia\"><\/span>3. <span class=\"ez-toc-section-end\"><\/span><\/h3>\n<p>din frekvens<span class=\"ez-toc-section-end\"><\/span>\n<\/p>\n<p>Din vibrationsfrekvens avg\u00f6r din f\u00f6rm\u00e5ga att manifestera. <\/p>\n<p>  Ju h\u00f6gre frekvens vi har, desto mer kan vi manifestera v\u00e5ra dr\u00f6mmar och m\u00e5l, och desto snabbare kommer det att fungera. <\/p>\n<p>Du kan unders\u00f6ka k\u00e4nslornas vibrationsskala och j\u00e4mf\u00f6ra den med de k\u00e4nslor du k\u00e4nner oftast. <\/p>\n<p>  Detta hj\u00e4lper dig att avg\u00f6ra om du \u00e4r p\u00e5 r\u00e4tt v\u00e4g. <\/p>\n<p>  F\u00f6rutom k\u00e4nslor best\u00e4ms din frekvens av dina tankar, handlingar, milj\u00f6 och kost.<\/p>\n<p>Om du spenderar mycket tid med giftiga eller negativa m\u00e4nniskor, \u00e4gnar dig \u00e5t drama och rykten eller konsumerar mycket media, kan allt detta avsev\u00e4rt minska din frekvens och minska dina manifestationsf\u00f6rm\u00e5ga. <\/p>\n<p>Unders\u00f6k s\u00e4tt som kan hj\u00e4lpa dig att \u00f6ka din frekvens och g\u00f6r dem dagligen!<\/p>\n<h3 class=\"wp-block-heading\"><span class=\"ez-toc-section\" id=\"4\"><\/span><span class=\"ez-toc-section\" id=\"4_Tu_entorno\"><\/span>4. <span class=\"ez-toc-section-end\"><\/span><\/h3>\n<p>din milj\u00f6<span class=\"ez-toc-section-end\"><\/span>\n<\/p>\n<p>Om du \u00e4r omgiven av negativa m\u00e4nniskor som ofta klagar, om du inte investerar tid f\u00f6r att dekorera, st\u00e4da och harmonisera ditt boende, kan du avsev\u00e4rt sakta ner din manifestationshastighet. <\/p>\n<p>Din milj\u00f6 \u00e4r en \u00e5terspegling av din inre v\u00e4rld och vice versa. <\/p>\n<p>F\u00f6r att f\u00f6rb\u00e4ttra dina manifestationsf\u00f6rm\u00e5ga, ta dig tid att dekorera ditt utrymme enligt din smak och k\u00e4nsla f\u00f6r sk\u00f6nhet. <\/p>\n<p>  Ju mer du blir inspirerad och upplyft av din omgivning, desto b\u00e4ttre kommer du att manifestera.<\/p>\n<h3 class=\"wp-block-heading\"><span class=\"ez-toc-section\" id=\"5\"><\/span><span class=\"ez-toc-section\" id=\"5_Tu_Confianza\"><\/span>5. <span class=\"ez-toc-section-end\"><\/span><\/h3>\n<p>Ditt sj\u00e4lvf\u00f6rtroende<span class=\"ez-toc-section-end\"><\/span>\n<\/p>\n<p>Om du s\u00e4ger dina affirmationer och g\u00f6r manifestationsritualer men tvivlar p\u00e5 om de fungerar, g\u00f6r du dig sj\u00e4lv en bj\u00f6rntj\u00e4nst. <\/p>\n<p>Ju mer du litar p\u00e5 universum, desto mer kommer du att \u00f6ppna dig f\u00f6r att ta emot v\u00e4lsignelser!  Dina manifestationsf\u00f6rm\u00e5ga \u00e4r proportionella mot din f\u00f6rm\u00e5ga att lita p\u00e5! <\/p>\n<p>Om du k\u00e4mpar med detta, f\u00f6rs\u00f6k anv\u00e4nda affirmationer och \u00f6va tacksamhet eftersom detta kommer att anpassa dig till det k\u00e4nslom\u00e4ssiga tillst\u00e5ndet att ta emot.<\/p>\n<h3 class=\"wp-block-heading\"><span class=\"ez-toc-section\" id=\"6\"><\/span><span class=\"ez-toc-section\" id=\"6_Tus_habitos_mentales\"><\/span>6. <span class=\"ez-toc-section-end\"><\/span><\/h3>\n<p>dina mentala vanor<span class=\"ez-toc-section-end\"><\/span>\n<\/p>\n<p>Dina mentala vanor avg\u00f6r framg\u00e5ngen och hastigheten p\u00e5 dina manifestationer. <\/p>\n<p>  Om du \u00e4r van vid negativa tankem\u00f6nster manifesterar du f\u00f6rmodligen undermedvetet fler problem. <\/p>\n<p>L\u00e4r dig att se saker fr\u00e5n den ljusa sidan och \u00f6verv\u00e4g att k\u00e4rleksfullt tysta din inre kritiker. <\/p>\n<p>T\u00e4nk p\u00e5 ett nytt s\u00e4tt att tala till dig sj\u00e4lv: med k\u00e4rlek, v\u00e4nlighet och medk\u00e4nsla, hur du skulle tala till n\u00e5gon du \u00e4lskar och bryr dig om, och du kommer att sluta manifestera ditt dr\u00f6mliv.<\/p>\n<h3 class=\"wp-block-heading\"><span class=\"ez-toc-section\" id=\"7\"><\/span><span class=\"ez-toc-section\" id=\"7_Tus_emociones\"><\/span>7. <span class=\"ez-toc-section-end\"><\/span><\/h3>\n<p>dina k\u00e4nslor<span class=\"ez-toc-section-end\"><\/span>\n<\/p>\n<p>Allt vi k\u00e4nner under hela v\u00e5ra liv finns kvar i minnet och cellerna i v\u00e5r kropp. <\/p>\n<p>  Emotionellt traumatiska och sm\u00e4rtsamma stunder finns kvar i v\u00e5r kropp och energif\u00e4lt. <\/p>\n<p>Om du har m\u00e5nga obearbetade trauman kan du ha ett alltf\u00f6r k\u00e4nsligt nervsystem, vilket bromsar din manifestationsf\u00f6rm\u00e5ga.<\/p>\n<p>Om detta g\u00e4ller dig, \u00f6verv\u00e4g att arbeta med en terapeut eller shaman eller ta Geraldine Orzcos 30-dagars Emotional Mastery Challenge.<\/p>\n<h3 class=\"wp-block-heading\"><span class=\"ez-toc-section\" id=\"8\"><\/span>8. <\/p>\n<span class=\"ez-toc-section-end\"><\/span><\/h3>\n<p>din kost\n<\/p>\n<p>Din kost kan verka oviktig n\u00e4r det g\u00e4ller att manifestera;  det spelar dock en viktig roll. <\/p>\n<p>Din kost p\u00e5verkar ditt hormonsystem och nervsystem, tillsammans med alla andra system i din kropp. <\/p>\n<p>  V\u00e5ra hormoner skapar grunden f\u00f6r v\u00e5ra k\u00e4nslor och d\u00e4rf\u00f6r v\u00e5r f\u00f6rm\u00e5ga att manifestera. <\/p>\n<p>Unders\u00f6k din kost noggrant och \u00f6verv\u00e4g hur balanserad den \u00e4r. <\/p>\n<p>  Din fysiska kropp \u00e4r n\u00e4ra kopplad till ditt energif\u00e4lt och din andliga kropp. <\/p>\n<p>Om du har sv\u00e5rt med dina manifestationsf\u00f6rm\u00e5ga, \u00f6verv\u00e4g att rena din kropp och eliminera eller minska ditt sockerintag, s\u00e5v\u00e4l som gluten, mejeriprodukter och r\u00f6tt k\u00f6tt, s\u00e4rskilt fl\u00e4sk.<\/p>\n<h3 class=\"wp-block-heading\"><span class=\"ez-toc-section\" id=\"9\"><\/span><span class=\"ez-toc-section\" id=\"9_Gratitud\"><\/span>9. <span class=\"ez-toc-section-end\"><\/span><\/h3>\n<p>Tacksamhet<span class=\"ez-toc-section-end\"><\/span>\n<\/p>\n<p>Tacksamhet \u00e4r den centrala pelaren i manifestationen. <\/p>\n<p>  Om du inte uppskattar de saker du redan har, skjuter du bort dina v\u00e4lsignelser \u00e4nnu l\u00e4ngre. <\/p>\n<p>N\u00e4r vi b\u00f6rjar manifestera \u00e4r det vanligt att vi fokuserar p\u00e5 vad vi saknar i v\u00e5ra liv och vad vi vill attrahera. <\/p>\n<p>Men n\u00e4r du flyttar ditt fokus fr\u00e5n saker du inte har till saker du redan har, anpassar du dig till \u00abhar redan\u00bb-frekvensen.<\/p>\n<p>T\u00e4nk p\u00e5 att ge n\u00e5gon en julklapp: om mottagaren inte visade n\u00e5gra tecken p\u00e5 gl\u00e4dje \u00f6ver det och ist\u00e4llet f\u00f6r att tacka sa du: \u00ab\u00c4r det det?\u201d Skulle du vilja ge honom fler presenter? <\/p>\n<p>T\u00e4nk nu p\u00e5 n\u00e5gon som uttrycker k\u00e4nslor, tacksamhet och djup uppskattning f\u00f6r din g\u00e5va och hur bra den f\u00e5r dig att m\u00e5. <\/p>\n<p>  Detta fungerar p\u00e5 samma s\u00e4tt med energin du skickar ut i universum n\u00e4r du k\u00e4nner tacksamhet.<\/p>\n<p>G\u00f6r tacksamhet till en del av din dagliga praktik, och om id\u00e9n resonerar med dig, skapa en tacksamhetsdagbok, d\u00e4r du varje dag tar anteckningar om de saker du \u00e4r tacksam f\u00f6r.<\/p>\n<h2 class=\"wp-block-heading\"><span class=\"ez-toc-section\" id=\"Sammanfattning\"><\/span><span class=\"ez-toc-section\" id=\"Resumen\"><\/span>Sammanfattning<span class=\"ez-toc-section-end\"><\/span><span class=\"ez-toc-section-end\"><\/span><\/h2>\n<p>William Arthur Ward har sagt: \u00abOm du kan f\u00f6rest\u00e4lla dig det, kan du uppn\u00e5 det. <\/p>\n<p>  Om du kan dr\u00f6mma det, kan du f\u00e5 det.\u00bb <\/p>\n<p>Om du verkligen tror p\u00e5 dig sj\u00e4lv kan du uppn\u00e5 alla dina dr\u00f6mmar. <\/p>\n<p>  Attraktionslagen hj\u00e4lper dig att uppn\u00e5 dina m\u00e5l, \u00f6nskningar och avsikter genom att locka in n\u00f6dv\u00e4ndiga situationer, f\u00f6rh\u00e5llanden och m\u00e4nniskor i ditt liv. <\/p>\n<p>Om du tar fullt ansvar f\u00f6r ditt liv och f\u00f6ljer r\u00e5den ovan, kommer dina manifestationer att b\u00f6rja komma till dig n\u00e4stan omedelbart.<\/p>\n<p>Vi hoppas att du gillade v\u00e5r artikel Hur l\u00e4nge varar manifestationen (9 faktorer) och allt relaterat till horoskop, tarot, ritualer och allt relaterat&#8230;<\/p>\n<figure class=\"wp-block-table is-style-regular\">\n<\/figure>\n<p>Intressanta saker att veta inneb\u00f6rden: Ritualer  <\/p>\n<p>\u00c4ven h\u00e4r l\u00e4mnar vi \u00e4mnen relaterade till: Ritualer <\/p>\n<\/p>\n<ul class=\"ez-toc-list ez-toc-list-level-1 eztoc-visibility-hide-by-default\">\n<li class=\"ez-toc-page-1 ez-toc-heading-level-2\">  Hur l\u00e4nge varar manifestationen (9 faktorer)\n <\/li>\n<li class=\"ez-toc-page-1 ez-toc-heading-level-2\">9 faktorer f\u00f6r hur l\u00e5ng tid manifestationen tar\n<ul class=\"ez-toc-list-level-3\">\n<li class=\"ez-toc-heading-level-3\">1. Dina k\u00e4nslom\u00e4ssiga sladdar<\/li>\n<li class=\"ez-toc-page-1 ez-toc-heading-level-3\">2. .ai-rotate  .ai-rotate-hidden  .ai-rotate-hidden-2  .ai-list-data, .ai-ip-data, .ai-filter-check, .ai-fallback, .ai-list-block, .ai-list-block-ip, .ai -list-block-filter  .ai-list-data, .ai-ip-data, .ai-filter-check, .ai-fallback  window.demandSupply &#038;&#038; demandSupply.aparece &#038;&#038; demandSupply. aparece.displayAd(&#8216;goroskop.tv_fluid_lb+sq_2new&#8217;) window.demandSupply &#038;&#038; demandSupply.aparece &#038;&#038; demandSupply.aparece.displayAd(&#8216;goroskop.tv_fluid_lb+sq_3new&#8217;) Dina begr\u00e4nsande \u00f6vertygelser<\/li>\n<li class=\"ez-toc-page-1 ez-toc-heading-level-3\">3. Din frekvens<\/li>\n<li class=\"ez-toc-page-1 ez-toc-heading-level-3\">4. Din milj\u00f6<\/li>\n<li class=\"ez-toc-page-1 ez-toc-heading-level-3\">5. Ditt f\u00f6rtroende<\/li>\n<li class=\"ez-toc-page-1 ez-toc-heading-level-3\">6. Dina mentala vanor<\/li>\n<li class=\"ez-toc-page-1 ez-toc-heading-level-3\">7. Dina k\u00e4nslor<\/li>\n<li class=\"ez-toc-page-1 ez-toc-heading-level-3\">8. .ai-rotate  .ai-rotate-hidden  .ai-rotate-hidden-2  .ai-list-data, .ai-ip-data, .ai-filter-check, .ai-fallback, .ai-list-block, .ai-list-block-ip, .ai -list-block-filter  .ai-list-data, .ai-ip-data, .ai-filter-check, .ai-fallback  window.demandSupply &#038;&#038; demandSupply.aparece &#038;&#038; demandSupply. aparece.displayAd(&#8216;goroskop.tv_fluid_lb+sq_3new&#8217;) window.demandSupply &#038;&#038; demandSupply.aparece &#038;&#038; demandSupply.aparece.displayAd(&#8216;goroskop.tv_fluid_lb+sq_1new&#8217;) Din kost<\/li>\n<li class=\"ez-toc-page-1 ez-toc-heading-level-3\">9. Tacksamhet<\/li>\n<\/ul>\n<\/li>\n<li class=\"ez-toc-page-1 ez-toc-heading-level-2\">Sammanfattning<\/li>\n<\/ul>\n<p><\/p>\n<p>Vi hoppas att du gillade v\u00e5r artikel Hur l\u00e4nge varar manifestationen (9 faktorer)<br \/>\n och allt om horoskop, tarot, ritualer och allt relaterat till det &#8230;<\/p>\n<figure class=\"wp-block-table is-style-regular\">\n<table style=\"width: 284px; height: 157px;\">\n<tbody>\n<tr>\n<td class=\"has-text-align-center\" data-align=\"center\"><img loading=\"lazy\" decoding=\"async\" class=\"alignleft\" src=\" https:\/\/goroskop.tv\/wp-content\/uploads\/2023\/05\/rituales1.jpg \" alt=\" Hur l\u00e4nge varar manifestationen (9 faktorer)\n \" width=\"65\" height=\"95\" title=\"\"><img loading=\"lazy\" decoding=\"async\" class=\"alignleft\" style=\"width: 60px;\" src=\" https:\/\/goroskop.tv\/wp-content\/uploads\/2023\/05\/rituales2.jpg \" alt=\" Hur l\u00e4nge varar manifestationen (9 faktorer)\n \" width=\"195\" height=\"300\" title=\"\"><img decoding=\"async\" class=\"alignleft\" style=\"width: 60px;\" src=\" https:\/\/goroskop.tv\/wp-content\/uploads\/2023\/05\/rituales3.jpg \" alt=\" Hur l\u00e4nge varar manifestationen (9 faktorer)\n \" title=\"\"><\/td>\n<\/tr>\n<\/tbody>\n<\/table>\n<\/figure>\n<p>Intressanta saker att veta inneb\u00f6rden: <a href=\"https:\/\/sv.wikipedia.org\/wiki\/Ritualer\" target=\"_blank\" rel=\"nofollow noopener\"> Ritualer <\/a> <\/p>\n<p>H\u00e4r l\u00e4mnar vi ocks\u00e5 \u00e4mnen relaterade till: <a href=\" https:\/\/goroskop.tv\/sw\/karriarguide-for-stjarntecken-den-basta\/\">Ritualer<\/a><\/p>\n<div id=\"ez-toc-container\" class=\"ez-toc-v2_0_82_2 ez-toc-wrap-center counter-hierarchy ez-toc-counter ez-toc-grey ez-toc-container-direction\">\n<div class=\"ez-toc-title-container\">\n<div class=\"ez-toc-title\" style=\"cursor:inherit\">Table of Contents<\/div>\n<span class=\"ez-toc-title-toggle\"><a href=\"#\" class=\"ez-toc-pull-right ez-toc-btn ez-toc-btn-xs ez-toc-btn-default ez-toc-toggle\" aria-label=\"Alternar tabla de contenidos\"><span class=\"ez-toc-js-icon-con\"><span class=\"\"><span class=\"eztoc-hide\" style=\"display:none;\">Toggle<\/span><span class=\"ez-toc-icon-toggle-span\"><svg style=\"fill: #999;color:#999\" xmlns=\"http:\/\/www.w3.org\/2000\/svg\" class=\"list-377408\" width=\"20px\" height=\"20px\" viewBox=\"0 0 24 24\" fill=\"none\"><path d=\"M6 6H4v2h2V6zm14 0H8v2h12V6zM4 11h2v2H4v-2zm16 0H8v2h12v-2zM4 16h2v2H4v-2zm16 0H8v2h12v-2z\" fill=\"currentColor\"><\/path><\/svg><svg style=\"fill: #999;color:#999\" class=\"arrow-unsorted-368013\" xmlns=\"http:\/\/www.w3.org\/2000\/svg\" width=\"10px\" height=\"10px\" viewBox=\"0 0 24 24\" version=\"1.2\" baseProfile=\"tiny\"><path d=\"M18.2 9.3l-6.2-6.3-6.2 6.3c-.2.2-.3.4-.3.7s.1.5.3.7c.2.2.4.3.7.3h11c.3 0 .5-.1.7-.3.2-.2.3-.5.3-.7s-.1-.5-.3-.7zM5.8 14.7l6.2 6.3 6.2-6.3c.2-.2.3-.5.3-.7s-.1-.5-.3-.7c-.2-.2-.4-.3-.7-.3h-11c-.3 0-.5.1-.7.3-.2.2-.3.5-.3.7s.1.5.3.7z\"\/><\/svg><\/span><\/span><\/span><\/a><\/span><\/div>\n<nav><ul class='ez-toc-list ez-toc-list-level-1 eztoc-toggle-hide-by-default' ><li class='ez-toc-page-1 ez-toc-heading-level-2'><a class=\"ez-toc-link ez-toc-heading-1\" href=\"https:\/\/goroskop.tv\/sw\/hur-lange-varar-manifestationen-9-faktorer\/#Hur_lange_varar_manifestationen_9_faktorer\" >Hur l\u00e4nge varar manifestationen (9 faktorer)<\/a><\/li><li class='ez-toc-page-1 ez-toc-heading-level-2'><a class=\"ez-toc-link ez-toc-heading-2\" href=\"https:\/\/goroskop.tv\/sw\/hur-lange-varar-manifestationen-9-faktorer\/#9_faktorer_for_hur_lang_tid_manifestationen_tar\" >9 faktorer f\u00f6r hur l\u00e5ng tid manifestationen tar<\/a><ul class='ez-toc-list-level-3' ><li class='ez-toc-heading-level-3'><a class=\"ez-toc-link ez-toc-heading-3\" href=\"https:\/\/goroskop.tv\/sw\/hur-lange-varar-manifestationen-9-faktorer\/#1\" >1.<\/a><\/li><li class='ez-toc-page-1 ez-toc-heading-level-3'><a class=\"ez-toc-link ez-toc-heading-4\" href=\"https:\/\/goroskop.tv\/sw\/hur-lange-varar-manifestationen-9-faktorer\/#2\" >2.<\/a><\/li><li class='ez-toc-page-1 ez-toc-heading-level-3'><a class=\"ez-toc-link ez-toc-heading-5\" href=\"https:\/\/goroskop.tv\/sw\/hur-lange-varar-manifestationen-9-faktorer\/#3\" >3.<\/a><\/li><li class='ez-toc-page-1 ez-toc-heading-level-3'><a class=\"ez-toc-link ez-toc-heading-6\" href=\"https:\/\/goroskop.tv\/sw\/hur-lange-varar-manifestationen-9-faktorer\/#4\" >4.<\/a><\/li><li class='ez-toc-page-1 ez-toc-heading-level-3'><a class=\"ez-toc-link ez-toc-heading-7\" href=\"https:\/\/goroskop.tv\/sw\/hur-lange-varar-manifestationen-9-faktorer\/#5\" >5.<\/a><\/li><li class='ez-toc-page-1 ez-toc-heading-level-3'><a class=\"ez-toc-link ez-toc-heading-8\" href=\"https:\/\/goroskop.tv\/sw\/hur-lange-varar-manifestationen-9-faktorer\/#6\" >6.<\/a><\/li><li class='ez-toc-page-1 ez-toc-heading-level-3'><a class=\"ez-toc-link ez-toc-heading-9\" href=\"https:\/\/goroskop.tv\/sw\/hur-lange-varar-manifestationen-9-faktorer\/#7\" >7.<\/a><\/li><li class='ez-toc-page-1 ez-toc-heading-level-3'><a class=\"ez-toc-link ez-toc-heading-10\" href=\"https:\/\/goroskop.tv\/sw\/hur-lange-varar-manifestationen-9-faktorer\/#8\" >8.<\/a><\/li><li class='ez-toc-page-1 ez-toc-heading-level-3'><a class=\"ez-toc-link ez-toc-heading-11\" href=\"https:\/\/goroskop.tv\/sw\/hur-lange-varar-manifestationen-9-faktorer\/#9\" >9.<\/a><\/li><\/ul><\/li><li class='ez-toc-page-1 ez-toc-heading-level-2'><a class=\"ez-toc-link ez-toc-heading-12\" href=\"https:\/\/goroskop.tv\/sw\/hur-lange-varar-manifestationen-9-faktorer\/#Sammanfattning\" >Sammanfattning<\/a><\/li><\/ul><\/nav><\/div>\n","protected":false},"excerpt":{"rendered":"<p>Hur l\u00e4nge varar manifestationen (9 faktorer) Allt i universum \u00e4r gjort av energi. Energi fl\u00f6dar i str\u00f6mmar och m\u00f6nster, s\u00e5 kallade frekvenser och vibrationer. Manifestationen anv\u00e4nder lagen om attraktion, som s\u00e4ger att lika lockar lika. Vad du \u00e4n resonerar med, lockar du in i ditt liv. Dina tankar, \u00f6vertygelser och k\u00e4nslor attraherar din yttre verklighet. &hellip;<\/p>\n","protected":false},"author":1,"featured_media":98,"comment_status":"closed","ping_status":"closed","sticky":false,"template":"","format":"standard","meta":{"footnotes":""},"categories":[3],"tags":[1150,23,92,1149,1148],"class_list":["post-1444","post","type-post","status-publish","format-standard","has-post-thumbnail","hentry","category-ritualer","tag-faktorer","tag-hur","tag-lange","tag-manifestationen","tag-varar"],"_links":{"self":[{"href":"https:\/\/goroskop.tv\/sw\/wp-json\/wp\/v2\/posts\/1444","targetHints":{"allow":["GET"]}}],"collection":[{"href":"https:\/\/goroskop.tv\/sw\/wp-json\/wp\/v2\/posts"}],"about":[{"href":"https:\/\/goroskop.tv\/sw\/wp-json\/wp\/v2\/types\/post"}],"author":[{"embeddable":true,"href":"https:\/\/goroskop.tv\/sw\/wp-json\/wp\/v2\/users\/1"}],"replies":[{"embeddable":true,"href":"https:\/\/goroskop.tv\/sw\/wp-json\/wp\/v2\/comments?post=1444"}],"version-history":[{"count":0,"href":"https:\/\/goroskop.tv\/sw\/wp-json\/wp\/v2\/posts\/1444\/revisions"}],"wp:featuredmedia":[{"embeddable":true,"href":"https:\/\/goroskop.tv\/sw\/wp-json\/wp\/v2\/media\/98"}],"wp:attachment":[{"href":"https:\/\/goroskop.tv\/sw\/wp-json\/wp\/v2\/media?parent=1444"}],"wp:term":[{"taxonomy":"category","embeddable":true,"href":"https:\/\/goroskop.tv\/sw\/wp-json\/wp\/v2\/categories?post=1444"},{"taxonomy":"post_tag","embeddable":true,"href":"https:\/\/goroskop.tv\/sw\/wp-json\/wp\/v2\/tags?post=1444"}],"curies":[{"name":"wp","href":"https:\/\/api.w.org\/{rel}","templated":true}]}}