{"id":14541,"date":"2023-08-15T15:50:10","date_gmt":"2023-08-15T15:50:10","guid":{"rendered":"https:\/\/goroskop.tv\/sw\/filmrecension-var-sommar\/"},"modified":"2023-08-15T15:50:10","modified_gmt":"2023-08-15T15:50:10","slug":"filmrecension-var-sommar","status":"publish","type":"post","link":"https:\/\/goroskop.tv\/sw\/filmrecension-var-sommar\/","title":{"rendered":"Filmrecension: V\u00e5r, sommar,"},"content":{"rendered":"<p><\/p>\n<h2><span class=\"ez-toc-section\" id=\"Filmrecension_var_sommar_host_vinter%E2%80%A6\"><\/span><span class=\"ez-toc-section\" id=\"Resena_de_la_pelicula_primavera_verano_otono_invierno%E2%80%A6\"><\/span>  Filmrecension: v\u00e5r, sommar, h\u00f6st, vinter&#8230;<span class=\"ez-toc-section-end\"><\/span><span class=\"ez-toc-section-end\"><\/span><\/h2>\n<p><em>I ih\u00e5llande sv\u00e5ra tider, som de vi upplever p\u00e5 grund av den p\u00e5g\u00e5ende pandemin, \u00e4r det s\u00e4rskilt v\u00e4rdefullt att hitta underh\u00e5llning som kan lyfta oss k\u00e4nslom\u00e4ssigt och andligt. <\/em><\/p>\n<p>  Den h\u00e4r artikeln kommer att granska den sydkoreanska filmen Spring, Summer, Fall, Winter &#8230; and Spring, som sl\u00e4pptes 2003.<\/p>\n<h3 id=\"h-synopsis\"><span class=\"ez-toc-section\" id=\"Synopsis\"><\/span><span class=\"ez-toc-section\" id=\"Sinopsis\"><\/span>Synopsis<span class=\"ez-toc-section-end\"><\/span><span class=\"ez-toc-section-end\"><\/span><\/h3>\n<p>Filmen, av den sydkoreanske regiss\u00f6ren Kim Ki-duk, handlar om en buddhistisk munk under hela sitt liv, uppdelad i de fyra \u00e5rstiderna: v\u00e5r (barndom), sommar (ungdom), h\u00f6st (vuxen) och vinter (livsslut). ).  liv).<\/p>\n<p>Ber\u00e4ttelsen ber\u00e4ttas ur tv\u00e5 synvinklar, den om en m\u00e4stermunk och hans l\u00e4rjunge. <\/p>\n<p>  L\u00e4rjungen \u00e4r ett barn som representerar v\u00e5ren medan l\u00e4raren, i b\u00f6rjan av filmen, representerar h\u00f6sten. <\/p>\n<p>  Ber\u00e4ttelsen ber\u00e4ttas med vacker largometraje som anpassar varje s\u00e4song, visuellt, med varje steg i ber\u00e4ttelsen om den v\u00e4xande l\u00e4rjungen.<\/p>\n<h3 id=\"h-spring\"><span class=\"ez-toc-section\" id=\"Var\"><\/span><span class=\"ez-toc-section\" id=\"Primavera\"><\/span>V\u00e5r<span class=\"ez-toc-section-end\"><\/span><span class=\"ez-toc-section-end\"><\/span><\/h3>\n<p>Filmens f\u00f6rsta akt visar hur den unge l\u00e4rjungen pl\u00e5gar tre djur och hur l\u00e4raren l\u00e4r pojken medk\u00e4nsla genom att skickligt ge honom den upplevelse han tillfogade djuren.<\/p>\n<h3 id=\"h-summer\"><span class=\"ez-toc-section\" id=\"Sommar\"><\/span><span class=\"ez-toc-section\" id=\"Verano\"><\/span>Sommar<span class=\"ez-toc-section-end\"><\/span><span class=\"ez-toc-section-end\"><\/span><\/h3>\n<p>Den andra akten i filmen visar l\u00e4rjungen som ton\u00e5ring. <\/p>\n<p>  En mamma med sin ton\u00e5rsdotter kommer till klostret i hopp om att bota sin sjuka dotter. <\/p>\n<p>  De tv\u00e5 unga m\u00e4nnen blir f\u00f6r\u00e4lskade och l\u00e4rjungen l\u00e4mnar klostret.<\/p>\n<h3 id=\"h-fall\"><span class=\"ez-toc-section\" id=\"Falla\"><\/span><span class=\"ez-toc-section\" id=\"Caer\"><\/span>Falla<span class=\"ez-toc-section-end\"><\/span><span class=\"ez-toc-section-end\"><\/span><\/h3>\n<p>L\u00e4rjungen \u00e5terv\u00e4nder till klostret efter att ha m\u00f6rdat sin fru, den unga kvinnan som han rymde med, i ett anfall av svartsjuka f\u00f6r hennes \u00e4ktenskapsbrott. <\/p>\n<p>  Han f\u00f6rs\u00f6ker beg\u00e5 sj\u00e4lvmord, men hans herre till\u00e5ter det inte. <\/p>\n<p>  Han arresteras och f\u00f6rs till f\u00e4ngelse.<\/p>\n<h3 id=\"h-winter\"><span class=\"ez-toc-section\" id=\"Vinter\"><\/span><span class=\"ez-toc-section\" id=\"Invierno\"><\/span>Vinter<span class=\"ez-toc-section-end\"><\/span><span class=\"ez-toc-section-end\"><\/span><\/h3>\n<p>L\u00e4rjungen \u00e5terv\u00e4nder till klostret efter att ha blivit frigiven p\u00e5 villkorlig dom;  hans herre har sedan dess d\u00f6tt och klostret har ingen vaktm\u00e4stare. <\/p>\n<p>  Han \u00f6vertar rollen som sin herre och blir klostrets nya herre. <\/p>\n<p>  Inte l\u00e5ngt efter kommer en kvinna med ett litet barn och \u00f6verger honom vid klostret.<\/p>\n<h3 id=\"h-spring-1\"><span class=\"ez-toc-section\" id=\"%E2%80%A6_Var\"><\/span><span class=\"ez-toc-section\" id=\"%E2%80%A6_Primavera\"><\/span>\u2026 V\u00e5r<span class=\"ez-toc-section-end\"><\/span><span class=\"ez-toc-section-end\"><\/span><\/h3>\n<p>Den lille pojken blir den nya l\u00e4rjungen och cykeln b\u00f6rjar p\u00e5 nytt.<\/p>\n<h3 id=\"h-why-this-movie-now\"><span class=\"ez-toc-section\" id=\"Varfor_denna_largometraje_nu\"><\/span><span class=\"ez-toc-section\" id=\"%C2%BFPor_que_esta_pelicula_ahora\"><\/span>Varf\u00f6r denna largometraje nu?<span class=\"ez-toc-section-end\"><\/span><span class=\"ez-toc-section-end\"><\/span><\/h3>\n<p>N\u00e4r vi h\u00f6r tales\u00e4ttet, \u00abdet finns inget nytt under solen\u00bb;  det f\u00f6rs ofta i arv f\u00f6r att indikera m\u00f6nster i livet som vi alla upprepar, individuellt och som m\u00e4nsklighet, som aldrig f\u00f6r\u00e4ndras, \u00e4ven om \u00abtiderna har f\u00f6r\u00e4ndrats\u00bb. <\/p>\n<p>  Den h\u00e4r filmen f\u00f6rmedlar kraftfullt de val vi g\u00f6r och vilka konsekvenser de leder till, vilket visar sig vara ganska f\u00f6ruts\u00e4gbart om ett beslut fattas p\u00e5 ett visst s\u00e4tt i avg\u00f6rande \u00f6gonblick.<\/p>\n<p>Det som \u00e4r v\u00e4rdefullt att f\u00f6rst\u00e5 i filmen \u00e4r vilka konsekvenser som kan l\u00e4ras ut och vilka som kommer fr\u00e5n val och livserfarenhet. <\/p>\n<p>  I den st\u00f6rsta skalan verkar budskapet vara \u00ablivet g\u00e5r vidare\u00bb. <\/p>\n<p>  \u00abKameralinsen\u00bb fokuserar p\u00e5 munken och hans l\u00e4rjunge, som blir munk sent i sitt eget liv, och hur processen att bli munk utspelar sig p\u00e5 ett, v\u00e4l, idealiserat s\u00e4tt.<\/p>\n<p>Vad vi inte vet \u00e4r historien om den \u00e4ldre munken i b\u00f6rjan av historien och vad som kommer att bli historien om den unge l\u00e4rjungen i slutet av filmen. <\/p>\n<p>  Vi kan anta att att bli munk inneb\u00e4r att leva och uppleva livets tragedi, med extrema stunder av lycka och f\u00f6rtvivlan.<\/p>\n<p>Vi k\u00e4nner inte till historien om modern och dottern, f\u00f6rutom n\u00e4r hon korsar v\u00e4gar med munken och hans l\u00e4rjunge. <\/p>\n<p>  Faktum \u00e4r att bakgrunden f\u00f6r kvinnorna inte \u00e4r s\u00e4rskilt lovande, men den \u00e4r inte mindre korrekt eller l\u00e4mplig. <\/p>\n<p>  Vi f\u00f6rst\u00e5r inte historien om den unge mannen som rymmer med den unga kvinnan och lever ett lyckligt liv. <\/p>\n<p>  Det finns, men det \u00e4r inte historien om den h\u00e4r filmen.<\/p>\n<p>Filmens budskap \u00e4r inte fatalismen i detta specifika resultat, utan snarare att livet best\u00e5r av cykler, och var och en kommer att presentera gemensamma teman som alla kommer att uppleva och m\u00f6ta sina inre val. <\/p>\n<p>  Vissa m\u00f6nster definierar vissa arketyper. <\/p>\n<p>  De \u00abg\u00f6r en sak till vad den \u00e4r\u00bb.<\/p>\n<p>Den f\u00f6rsta sanningen av buddhismens fyra \u00e4dla sanningar \u00e4r \u00ablidande, sm\u00e4rta och el\u00e4nde finns i livet\u00bb och vi m\u00e5ste alla m\u00f6ta dessa sanningar och \u00f6vervinna dem f\u00f6r att leva ett tillfredsst\u00e4llande liv i denna inkarnation. <\/p>\n<p>  De andra tre sanningarna \u00e4r:<\/p>\n<ul>\n<li>Sanningen om orsaken till lidandet.<\/li>\n<li>Sanningen om lidandets slut<\/li>\n<li>Och sanningen om v\u00e4gen som leder till slutet p\u00e5 lidandet<\/li>\n<\/ul>\n<p>Lidande \u00f6vervinns genom att hitta och f\u00f6lja den \u00e5ttafaldiga v\u00e4gen:<\/p>\n<ul>\n<li>korrekt f\u00f6rst\u00e5else,<\/li>\n<li>r\u00e4tt t\u00e4nkande,<\/li>\n<li>r\u00e4tt tal,<\/li>\n<li>Bra action,<\/li>\n<li>r\u00e4tt f\u00f6rs\u00f6rjning,<\/li>\n<li>r\u00e4tt anstr\u00e4ngning,<\/li>\n<li>R\u00e4tt uppm\u00e4rksamhet och<\/li>\n<li>r\u00e4tt koncentration<\/li>\n<\/ul>\n<p>Eller, uttryckt p\u00e5 ett annat s\u00e4tt, \u00abingen testar sin karakt\u00e4r n\u00e4r det g\u00e5r bra.\u00bb<\/p>\n<h3 id=\"h-highly-recommended\"><span class=\"ez-toc-section\" id=\"Hogt_rekommenderad\"><\/span><span class=\"ez-toc-section\" id=\"Muy_recomendable\"><\/span>H\u00f6gt rekommenderad<span class=\"ez-toc-section-end\"><\/span><span class=\"ez-toc-section-end\"><\/span><\/h3>\n<p>Jag rekommenderar starkt den h\u00e4r filmen, b\u00e5de som andlig r\u00e5dgivare och som filmk\u00e4nnare. <\/p>\n<p>  Det \u00e4r ingen l\u00e4tt largometraje att sv\u00e4lja och den kan sl\u00e5 ett djupt ackord, vilket den borde, om den ses i dessa tider. <\/p>\n<p>  Denna pandemi \u00e4r bara en av m\u00e5nga i m\u00e4nsklighetens historia, och vi hanterar den p\u00e5 ungef\u00e4r samma s\u00e4tt som pandemier har hanterats tidigare. <\/p>\n<p>  Det finns ett \u00abpandemim\u00f6nster\u00bb med olika roller etablerade och var och en av oss spelar den korrekta rollen som vi karmiskt beh\u00f6ver.<\/p>\n<p>Det \u00e4r viktigt att komma ih\u00e5g att filmen kan skrivas p\u00e5 m\u00e5nga olika s\u00e4tt med m\u00e5nga olika resultat, som alla skulle vara giltiga. <\/p>\n<p>  Men valen av denna largometraje av denna regiss\u00f6r ville f\u00e5nga essensen av mognadsstadierna, som \u00e4r fixerade som m\u00e4nskliga utvecklingsm\u00f6nster: okunnighet (barndom\/v\u00e5r), medvetenhet utan erfarenhet (ungdom\/sommar), konsekvenser (vuxen\/h\u00f6st). ), och medvetenhet (\u00e5lderdom\/vinter)&#8230; och f\u00f6rnyelse av processen (ny v\u00e5r).<\/p>\n<p>Vi hoppas att du gillade v\u00e5r artikel Recension av filmen: v\u00e5r, sommar, h\u00f6st, vinter&#8230; och allt relaterat till horoskop, tarot, ritualer och allt relaterat&#8230;<\/p>\n<figure class=\"wp-block-table is-style-regular\">\n<\/figure>\n<p>Intressanta saker att veta inneb\u00f6rden: Horoskop  <\/p>\n<p>\u00c4ven h\u00e4r l\u00e4mnar vi \u00e4mnen relaterade till: Horoskop<\/p>\n<\/p>\n<p><\/p>\n<p>Vi hoppas att du gillade v\u00e5r artikel Filmrecension: V\u00e5r, sommar,<br \/>\n och allt om horoskop, tarot, ritualer och allt relaterat till det &#8230;<\/p>\n<figure class=\"wp-block-table is-style-regular\">\n<table style=\"width: 284px; height: 157px;\">\n<tbody>\n<tr>\n<td class=\"has-text-align-center\" data-align=\"center\"><img loading=\"lazy\" decoding=\"async\" class=\"alignleft\" src=\" https:\/\/goroskop.tv\/wp-content\/uploads\/2023\/05\/horoscopodo12.jpg \" alt=\" Filmrecension: V\u00e5r, sommar,\n \" width=\"65\" height=\"95\" title=\"\"><img loading=\"lazy\" decoding=\"async\" class=\"alignleft\" style=\"width: 60px;\" src=\" https:\/\/goroskop.tv\/wp-content\/uploads\/2023\/05\/horoscopodo11.jpg \" alt=\" Filmrecension: V\u00e5r, sommar,\n \" width=\"195\" height=\"300\" title=\"\"><img decoding=\"async\" class=\"alignleft\" style=\"width: 60px;\" src=\" https:\/\/goroskop.tv\/wp-content\/uploads\/2023\/05\/horoscopodo10.jpg \" alt=\" Filmrecension: V\u00e5r, sommar,\n \" title=\"\"><\/td>\n<\/tr>\n<\/tbody>\n<\/table>\n<\/figure>\n<p>Intressanta saker att veta inneb\u00f6rden: <a href=\"https:\/\/sv.wikipedia.org\/wiki\/Horoskop\" target=\"_blank\" rel=\"nofollow noopener\"> Horoskop <\/a> <\/p>\n<p>H\u00e4r l\u00e4mnar vi ocks\u00e5 \u00e4mnen relaterade till: <a href=\" https:\/\/goroskop.tv\/sw\/den-perfekta-kandispojkvannen-for-dig\/\">Horoskop<\/a> <\/p>\n<div id=\"ez-toc-container\" class=\"ez-toc-v2_0_82_2 ez-toc-wrap-center counter-hierarchy ez-toc-counter ez-toc-grey ez-toc-container-direction\">\n<div class=\"ez-toc-title-container\">\n<div class=\"ez-toc-title\" style=\"cursor:inherit\">Table of Contents<\/div>\n<span class=\"ez-toc-title-toggle\"><a href=\"#\" class=\"ez-toc-pull-right ez-toc-btn ez-toc-btn-xs ez-toc-btn-default ez-toc-toggle\" aria-label=\"Alternar tabla de contenidos\"><span class=\"ez-toc-js-icon-con\"><span class=\"\"><span class=\"eztoc-hide\" style=\"display:none;\">Toggle<\/span><span class=\"ez-toc-icon-toggle-span\"><svg style=\"fill: #999;color:#999\" xmlns=\"http:\/\/www.w3.org\/2000\/svg\" class=\"list-377408\" width=\"20px\" height=\"20px\" viewBox=\"0 0 24 24\" fill=\"none\"><path d=\"M6 6H4v2h2V6zm14 0H8v2h12V6zM4 11h2v2H4v-2zm16 0H8v2h12v-2zM4 16h2v2H4v-2zm16 0H8v2h12v-2z\" fill=\"currentColor\"><\/path><\/svg><svg style=\"fill: #999;color:#999\" class=\"arrow-unsorted-368013\" xmlns=\"http:\/\/www.w3.org\/2000\/svg\" width=\"10px\" height=\"10px\" viewBox=\"0 0 24 24\" version=\"1.2\" baseProfile=\"tiny\"><path d=\"M18.2 9.3l-6.2-6.3-6.2 6.3c-.2.2-.3.4-.3.7s.1.5.3.7c.2.2.4.3.7.3h11c.3 0 .5-.1.7-.3.2-.2.3-.5.3-.7s-.1-.5-.3-.7zM5.8 14.7l6.2 6.3 6.2-6.3c.2-.2.3-.5.3-.7s-.1-.5-.3-.7c-.2-.2-.4-.3-.7-.3h-11c-.3 0-.5.1-.7.3-.2.2-.3.5-.3.7s.1.5.3.7z\"\/><\/svg><\/span><\/span><\/span><\/a><\/span><\/div>\n<nav><ul class='ez-toc-list ez-toc-list-level-1 eztoc-toggle-hide-by-default' ><li class='ez-toc-page-1 ez-toc-heading-level-2'><a class=\"ez-toc-link ez-toc-heading-1\" href=\"https:\/\/goroskop.tv\/sw\/filmrecension-var-sommar\/#Filmrecension_var_sommar_host_vinter%E2%80%A6\" >Filmrecension: v\u00e5r, sommar, h\u00f6st, vinter&#8230;<\/a><ul class='ez-toc-list-level-3' ><li class='ez-toc-heading-level-3'><a class=\"ez-toc-link ez-toc-heading-2\" href=\"https:\/\/goroskop.tv\/sw\/filmrecension-var-sommar\/#Synopsis\" >Synopsis<\/a><\/li><li class='ez-toc-page-1 ez-toc-heading-level-3'><a class=\"ez-toc-link ez-toc-heading-3\" href=\"https:\/\/goroskop.tv\/sw\/filmrecension-var-sommar\/#Var\" >V\u00e5r<\/a><\/li><li class='ez-toc-page-1 ez-toc-heading-level-3'><a class=\"ez-toc-link ez-toc-heading-4\" href=\"https:\/\/goroskop.tv\/sw\/filmrecension-var-sommar\/#Sommar\" >Sommar<\/a><\/li><li class='ez-toc-page-1 ez-toc-heading-level-3'><a class=\"ez-toc-link ez-toc-heading-5\" href=\"https:\/\/goroskop.tv\/sw\/filmrecension-var-sommar\/#Falla\" >Falla<\/a><\/li><li class='ez-toc-page-1 ez-toc-heading-level-3'><a class=\"ez-toc-link ez-toc-heading-6\" href=\"https:\/\/goroskop.tv\/sw\/filmrecension-var-sommar\/#Vinter\" >Vinter<\/a><\/li><li class='ez-toc-page-1 ez-toc-heading-level-3'><a class=\"ez-toc-link ez-toc-heading-7\" href=\"https:\/\/goroskop.tv\/sw\/filmrecension-var-sommar\/#%E2%80%A6_Var\" >\u2026 V\u00e5r<\/a><\/li><li class='ez-toc-page-1 ez-toc-heading-level-3'><a class=\"ez-toc-link ez-toc-heading-8\" href=\"https:\/\/goroskop.tv\/sw\/filmrecension-var-sommar\/#Varfor_denna_largometraje_nu\" >Varf\u00f6r denna largometraje nu?<\/a><\/li><li class='ez-toc-page-1 ez-toc-heading-level-3'><a class=\"ez-toc-link ez-toc-heading-9\" href=\"https:\/\/goroskop.tv\/sw\/filmrecension-var-sommar\/#Hogt_rekommenderad\" >H\u00f6gt rekommenderad<\/a><\/li><\/ul><\/li><\/ul><\/nav><\/div>\n","protected":false},"excerpt":{"rendered":"<p>Filmrecension: v\u00e5r, sommar, h\u00f6st, vinter&#8230; I ih\u00e5llande sv\u00e5ra tider, som de vi upplever p\u00e5 grund av den p\u00e5g\u00e5ende pandemin, \u00e4r det s\u00e4rskilt v\u00e4rdefullt att hitta underh\u00e5llning som kan lyfta oss k\u00e4nslom\u00e4ssigt och andligt. Den h\u00e4r artikeln kommer att granska den sydkoreanska filmen Spring, Summer, Fall, Winter &#8230; and Spring, som sl\u00e4pptes 2003. Synopsis Filmen, av &hellip;<\/p>\n","protected":false},"author":1,"featured_media":79,"comment_status":"closed","ping_status":"closed","sticky":false,"template":"","format":"standard","meta":{"footnotes":""},"categories":[2],"tags":[5759,1626,132],"class_list":["post-14541","post","type-post","status-publish","format-standard","has-post-thumbnail","hentry","category-horoskop","tag-filmrecension","tag-sommar","tag-var"],"_links":{"self":[{"href":"https:\/\/goroskop.tv\/sw\/wp-json\/wp\/v2\/posts\/14541","targetHints":{"allow":["GET"]}}],"collection":[{"href":"https:\/\/goroskop.tv\/sw\/wp-json\/wp\/v2\/posts"}],"about":[{"href":"https:\/\/goroskop.tv\/sw\/wp-json\/wp\/v2\/types\/post"}],"author":[{"embeddable":true,"href":"https:\/\/goroskop.tv\/sw\/wp-json\/wp\/v2\/users\/1"}],"replies":[{"embeddable":true,"href":"https:\/\/goroskop.tv\/sw\/wp-json\/wp\/v2\/comments?post=14541"}],"version-history":[{"count":0,"href":"https:\/\/goroskop.tv\/sw\/wp-json\/wp\/v2\/posts\/14541\/revisions"}],"wp:featuredmedia":[{"embeddable":true,"href":"https:\/\/goroskop.tv\/sw\/wp-json\/wp\/v2\/media\/79"}],"wp:attachment":[{"href":"https:\/\/goroskop.tv\/sw\/wp-json\/wp\/v2\/media?parent=14541"}],"wp:term":[{"taxonomy":"category","embeddable":true,"href":"https:\/\/goroskop.tv\/sw\/wp-json\/wp\/v2\/categories?post=14541"},{"taxonomy":"post_tag","embeddable":true,"href":"https:\/\/goroskop.tv\/sw\/wp-json\/wp\/v2\/tags?post=14541"}],"curies":[{"name":"wp","href":"https:\/\/api.w.org\/{rel}","templated":true}]}}