{"id":15554,"date":"2023-08-15T19:42:52","date_gmt":"2023-08-15T19:42:52","guid":{"rendered":"https:\/\/goroskop.tv\/sw\/5-juni-stjarntecken-kannetecken\/"},"modified":"2023-08-15T19:42:52","modified_gmt":"2023-08-15T19:42:52","slug":"5-juni-stjarntecken-kannetecken","status":"publish","type":"post","link":"https:\/\/goroskop.tv\/sw\/5-juni-stjarntecken-kannetecken\/","title":{"rendered":"5 juni Stj\u00e4rntecken: K\u00e4nnetecken"},"content":{"rendered":"<p><\/p>\n<h2><span class=\"ez-toc-section\" id=\"5_juni_Stjarntecken_Kannetecken_och\"><\/span><span class=\"ez-toc-section\" id=\"5_de_Junio_%E2%80%8B%E2%80%8BSigno_del_Zodiaco_Caracteristicas_y\"><\/span>  5 juni Stj\u00e4rntecken: K\u00e4nnetecken och<span class=\"ez-toc-section-end\"><\/span><span class=\"ez-toc-section-end\"><\/span><\/h2>\n<p>\t\t\t\t\t\t\t\tVekke Sind st\u00f6ttar l\u00e4sarna. <\/p>\n<p>  N\u00e4r du k\u00f6per v\u00eda l\u00e4nkar p\u00e5 v\u00e5r webbplats kan vi tj\u00e4na en affiliate-provision. <\/p>\n<p>  L\u00e4s mer.<\/p>\n<p>Stj\u00e4rntecknet f\u00f6r 5 juni faller under stj\u00e4rnbilden Tvillingarna och representerar personer f\u00f6dda mellan 21 maj och 20 juni. <\/p>\n<p>Tvillingarna \u00e4r zodiakens tredje tecken och symboliseras av tvillingarna. <\/p>\n<p>  M\u00e4nniskor f\u00f6dda under detta tecken \u00e4r k\u00e4nda f\u00f6r sin s\u00e4llskapliga natur, intelligens och nyfikenhet. <\/p>\n<p>De \u00e4r m\u00e5ngsidiga och anpassningsbara, vilket g\u00f6r dem till utm\u00e4rkta kommunikat\u00f6rer och probleml\u00f6sare.<\/p>\n<p>Stj\u00e4rntecknet 5 juni \u00e4r k\u00e4nt f\u00f6r sin idealistiska och kommunikativa natur. <\/p>\n<p>  Tvillingarnas styrande planet \u00e4r Merkurius, som \u00e4r f\u00f6rknippad med kommunikation, intellekt och hastighet. <\/p>\n<p>  M\u00e4nniskor som \u00e4r f\u00f6dda under detta tecken \u00e4r vanligtvis stora pratare och t\u00e4nkare, och de tycker om att l\u00e4ra sig nya saker. <\/p>\n<p>De \u00e4r ocks\u00e5 k\u00e4nda f\u00f6r sin f\u00f6rm\u00e5ga att anpassa sig till olika situationer och m\u00e4nniskor, vilket g\u00f6r dem till utm\u00e4rkta kommunikat\u00f6rer och probleml\u00f6sare. <\/p>\n<p>  Tvillingarna \u00e4r ett lufttecken, vilket betyder att m\u00e4nniskor som \u00e4r f\u00f6dda under detta tecken vanligtvis \u00e4r v\u00e4ldigt s\u00e4llskapliga och tycker om att vara runt andra.<\/p>\n<h2 class=\"wp-block-heading\"><span class=\"ez-toc-section\" id=\"Vilket_ar_stjarntecknet_for_nagon_som_ar_fodd_den_5_juni\"><\/span><span class=\"ez-toc-section\" id=\"%C2%BFCual_es_el_signo_zodiacal_de_alguien_nacido_el_5_de_junio\"><\/span><span id=\"what_is_the_zodiac_sign_of_someone_born_june_5\">Vilket \u00e4r stj\u00e4rntecknet f\u00f6r n\u00e5gon som \u00e4r f\u00f6dd den 5 juni?<\/span><span class=\"ez-toc-section-end\"><\/span><span class=\"ez-toc-section-end\"><\/span><\/h2>\n<figure class=\"wp-block-image size-full\"><\/figure>\n<p>M\u00e4nniskor f\u00f6dda den 5 juni tillh\u00f6r stj\u00e4rntecknet Tvillingarna. <\/p>\n<p>Tvillingarna \u00e4r det tredje astrologiska tecknet i zodiakens cykel, representerat av tvillingarnas symbol. <\/p>\n<p>  Det \u00e4r ett lufttecken och styrs av planeten Merkurius. <\/p>\n<p>  M\u00e4nniskor f\u00f6dda under detta tecken \u00e4r k\u00e4nda f\u00f6r sina splittrade personligheter, snabba f\u00f6rst\u00e5nd och utm\u00e4rkta kommunikationsf\u00f6rm\u00e5ga.<\/p>\n<p>Tvillingarna \u00e4r ett av zodiakens mest m\u00e5ngsidiga och anpassningsbara tecken. <\/p>\n<p>  M\u00e4nniskor f\u00f6dda under detta tecken \u00e4r k\u00e4nda f\u00f6r sin k\u00e4rlek till f\u00f6r\u00e4ndring och sin f\u00f6rm\u00e5ga att snabbt anpassa sig till nya situationer. <\/p>\n<p>  De \u00e4r nyfikna, intelligenta och \u00e4r alltid ivriga att l\u00e4ra sig nya saker. <\/p>\n<p>De har en naturlig talang f\u00f6r kommunikation och \u00e4r utm\u00e4rkta p\u00e5 att uttrycka sina tankar och id\u00e9er.<\/p>\n<p>5 juni Tvillingarna \u00e4r sociala fj\u00e4rilar som \u00e4lskar att vara runt m\u00e4nniskor. <\/p>\n<p>  De \u00e4r charmiga, kvicka och har ett stort sinne f\u00f6r humor. <\/p>\n<p>  De \u00e4r alltid redo f\u00f6r ett bra samtal och kan bli v\u00e4nner med n\u00e4stan vem som helst. <\/p>\n<p>De \u00e4r ocks\u00e5 mycket tillgivna och \u00e4lskar att visa sin k\u00e4rlek och uppskattning f\u00f6r m\u00e4nniskorna i deras liv.<\/p>\n<p>N\u00e4r det g\u00e4ller karri\u00e4r \u00e4r Tvillingarna den 5 juni v\u00e4l l\u00e4mpade f\u00f6r jobb som kr\u00e4ver utm\u00e4rkta kommunikationsf\u00f6rm\u00e5ga, s\u00e5som undervisning, skrivande eller att tala inf\u00f6r publik. <\/p>\n<p>  De \u00e4r ocks\u00e5 bra p\u00e5 multitasking och kan hantera flera uppgifter samtidigt utan att k\u00e4nna sig \u00f6verv\u00e4ldigade. <\/p>\n<p>De trivs i milj\u00f6er som \u00e4r snabba och st\u00e4ndigt f\u00f6r\u00e4nderliga.<\/p>\n<p>I allm\u00e4nhet \u00e4r Tvillingarna den 5 juni intelligenta, nyfikna och anpassningsbara m\u00e4nniskor som \u00e4lskar att vara runt m\u00e4nniskor. <\/p>\n<p>  De har en naturlig talang f\u00f6r kommunikation och \u00e4r utm\u00e4rkta p\u00e5 att uttrycka sina tankar och id\u00e9er.<\/p>\n<p>    De \u00e4r l\u00e4mpliga f\u00f6r karri\u00e4rer som kr\u00e4ver utm\u00e4rkta kommunikationsf\u00f6rm\u00e5ga och trivs i snabba milj\u00f6er.<\/p>\n<h2 class=\"wp-block-heading\"><span class=\"ez-toc-section\" id=\"5_juni_Stjarnteckens_personlighetsdrag\"><\/span><span class=\"ez-toc-section\" id=\"Rasgos_de_personalidad_del_signo_zodiacal_del_5_de_junio\"><\/span><span id=\"personality_traits_of_june_5_zodiac_sign\">5 juni Stj\u00e4rnteckens personlighetsdrag<\/span><span class=\"ez-toc-section-end\"><\/span><span class=\"ez-toc-section-end\"><\/span><\/h2>\n<figure class=\"wp-block-image size-full\"><\/figure>\n<p>M\u00e4nniskor f\u00f6dda den 5 juni f\u00f6ds under stj\u00e4rntecknet Tvillingarna. <\/p>\n<p>  De \u00e4r k\u00e4nda f\u00f6r sin \u00e4ventyrliga och f\u00e4ngslande personlighet. <\/p>\n<p>  De \u00e4r uttrycksfulla och s\u00e4llan sj\u00e4lvcensurerade, inte r\u00e4dda f\u00f6r att visa sina k\u00e4nslor och g\u00f6ra dem till sina. <\/p>\n<p>De \u00e4r fast beslutna att p\u00e5verka livet, \u00e4ven om det bara \u00e4r f\u00f6r de som st\u00e5r dem n\u00e4ra.<\/p>\n<h3 class=\"wp-block-heading\"><span class=\"ez-toc-section\" id=\"efectiva_egenskaper\"><\/span><span class=\"ez-toc-section\" id=\"Rasgos_positivos\"><\/span><span id=\"positive_traits\">efectiva egenskaper<\/span><span class=\"ez-toc-section-end\"><\/span><span class=\"ez-toc-section-end\"><\/span><\/h3>\n<p>5 juni Tvillingarna \u00e4r k\u00e4nda f\u00f6r sina efectiva egenskaper, inklusive:<\/p>\n<ul>\n<li><strong>Intellektuell<\/strong>: 5 juni Tvillingarna \u00e4r mycket intelligenta och kunniga.\n<p> De har en naturlig nyfikenhet och passion f\u00f6r l\u00e4rande, vilket g\u00f6r dem till fantastiska samtalspartners.<\/p>\n<\/li>\n<li><strong>k\u00e4nslig och sn\u00e4ll<\/strong>: De \u00e4r k\u00e4nsliga f\u00f6r andras behov och k\u00e4nslor och \u00e4r alltid villiga att hj\u00e4lpa till.\n<p> De \u00e4r sn\u00e4lla och gener\u00f6sa och letar alltid efter s\u00e4tt att g\u00f6ra v\u00e4rlden till en b\u00e4ttre plats.<\/p>\n<\/li>\n<li><strong>kreativa och uttrycksfulla<\/strong>: 5 juni Tvillingarna har en naturlig talang f\u00f6r konsten.\n<p> De \u00e4r kreativa och uttrycksfulla, med en k\u00e4rlek till musik, konst och litteratur.<\/p>\n<\/li>\n<li><strong>charmig och lekfull<\/strong>: De har en charmig och lekfull personlighet som g\u00f6r det l\u00e4tt att komma \u00f6verens med dem.\n<p> De har ett stort sinne f\u00f6r humor och \u00e4lskar att f\u00e5 andra att skratta.<\/p>\n<\/li>\n<li><strong>v\u00e4nlig och fridfull<\/strong>: De \u00e4r v\u00e4nliga och fridfulla, letar alltid efter s\u00e4tt att f\u00f6rena m\u00e4nniskor och skapa harmoni.<\/li>\n<\/ul>\n<h3 class=\"wp-block-heading\"><span class=\"ez-toc-section\" id=\"negativa_egenskaper\"><\/span><span class=\"ez-toc-section\" id=\"Rasgos_negativos\"><\/span><span id=\"negative_traits\">negativa egenskaper<\/span><span class=\"ez-toc-section-end\"><\/span><span class=\"ez-toc-section-end\"><\/span><\/h3>\n<p>5 juni Tvillingar har ocks\u00e5 negativa egenskaper, inklusive:<\/p>\n<ul>\n<li><strong>rastl\u00f6s och m\u00e5ngsidig<\/strong>: De har en rastl\u00f6s och m\u00e5ngsidig personlighet som kan g\u00f6ra det sv\u00e5rt f\u00f6r dem att engagera sig i en sak under en l\u00e4ngre tid.<\/li>\n<li><strong>l\u00e4tt att distrahera<\/strong>: 5 juni Tvillingarna kan l\u00e4tt distraheras och kan ha problem med att koncentrera sig p\u00e5 en uppgift under en l\u00e4ngre tid.<\/li>\n<li><strong>Kommunikationsproblem<\/strong>: Ibland kan de ha sv\u00e5righeter med kommunikation, s\u00e4rskilt n\u00e4r det g\u00e4ller att uttrycka sina k\u00e4nslor och k\u00e4nslor.<\/li>\n<\/ul>\n<p>5 juni Tvillingarna \u00e4r k\u00e4nda f\u00f6r sina \u00e4ventyrliga, uttrycksfulla och f\u00e4ngslande personligheter. <\/p>\n<p>  De har en naturlig nyfikenhet och passion f\u00f6r l\u00e4rande, vilket g\u00f6r dem till fantastiska samtalspartners. <\/p>\n<p>  De \u00e4r k\u00e4nsliga, varmhj\u00e4rtade och letar alltid efter s\u00e4tt att g\u00f6ra v\u00e4rlden till en b\u00e4ttre plats. <\/p>\n<p>D\u00e4remot kan de vara rastl\u00f6sa, l\u00e4tta att distraheras och ibland ha sv\u00e5rt att kommunicera.<\/p>\n<h2 class=\"wp-block-heading\"><span class=\"ez-toc-section\" id=\"5_juni_Stjarntecken_och_karlek\"><\/span><span class=\"ez-toc-section\" id=\"5_de_junio_Signo_del_Zodiaco_y_Amor\"><\/span><span id=\"june_5_zodiac_sign_and_love\">5 juni Stj\u00e4rntecken och k\u00e4rlek<\/span><span class=\"ez-toc-section-end\"><\/span><span class=\"ez-toc-section-end\"><\/span><\/h2>\n<p>M\u00e4nniskor f\u00f6dda den 5 juni tillh\u00f6r stj\u00e4rntecknet Tvillingarna, som \u00e4r k\u00e4nt f\u00f6r sin kommunikativa och uttrycksfulla natur. <\/p>\n<p>  N\u00e4r det kommer till k\u00e4rlek \u00e4r de som \u00e4r f\u00f6dda den h\u00e4r dagen charmiga och kvicka, vilket g\u00f6r dem oemotst\u00e5ndliga f\u00f6r m\u00e5nga. <\/p>\n<p>Men deras rastl\u00f6sa och m\u00e5ngsidiga natur kan g\u00f6ra det sv\u00e5rt att beh\u00e5lla sin uppm\u00e4rksamhet under l\u00e5nga perioder.<\/p>\n<h3 class=\"wp-block-heading\"><span class=\"ez-toc-section\" id=\"Kompatibilitet\"><\/span><span class=\"ez-toc-section\" id=\"Compatibilidad\"><\/span><span id=\"compatibility\">Kompatibilitet<\/span><span class=\"ez-toc-section-end\"><\/span><span class=\"ez-toc-section-end\"><\/span><\/h3>\n<figure class=\"wp-block-image size-full\"><\/figure>\n<p>5 juni m\u00e4nniskor \u00e4r mest kompatibla med m\u00e4nniskor f\u00f6dda under stj\u00e4rntecknen Vattumannen, V\u00e4duren, Lejonet, V\u00e5gen, Skytten och andra Tvillingar. <\/p>\n<p>  Dessa tecken delar samma k\u00e4rlek till \u00e4ventyr, kommunikation och intellektuell stimulans.<\/p>\n<p>\u00c5 andra sidan kan m\u00e4nniskor den 5 juni ha sv\u00e5righeter i relationer med dem som \u00e4r f\u00f6dda under Oxens, Kr\u00e4ftans, Skorpionens, Stenbockens och Fiskarnas tecken. <\/p>\n<p>  Dessa tecken kan ha sv\u00e5rt att h\u00e4nga med i den spontana och rastl\u00f6sa naturen hos individer fr\u00e5n 5 juni.<\/p>\n<h3 class=\"wp-block-heading\"><span class=\"ez-toc-section\" id=\"Romantiska_drag\"><\/span><span class=\"ez-toc-section\" id=\"Rasgos_Romanticos\"><\/span><span id=\"romantic_traits\">Romantiska drag<\/span><span class=\"ez-toc-section-end\"><\/span><span class=\"ez-toc-section-end\"><\/span><\/h3>\n<p>N\u00e4r det kommer till romantik \u00e4r 5 juni-personer k\u00e4nda f\u00f6r sin kreativa och uttrycksfulla natur. <\/p>\n<p>  De tycker om att anv\u00e4nda sina kommunikationsf\u00f6rm\u00e5ga f\u00f6r att uttrycka sina k\u00e4nslor och f\u00e5 sina partners att k\u00e4nna sig speciella. <\/p>\n<p>  5 juni m\u00e4nniskor \u00e4r ocks\u00e5 lojala och nyfikna partners som alltid letar efter s\u00e4tt att h\u00e5lla gnistan vid liv.<\/p>\n<h3 class=\"wp-block-heading\"><span class=\"ez-toc-section\" id=\"styrkor_i_relationer\"><\/span><span class=\"ez-toc-section\" id=\"Fortalezas_en_las_relaciones\"><\/span><span id=\"strengths_in_relationships\">styrkor i relationer<\/span><span class=\"ez-toc-section-end\"><\/span><span class=\"ez-toc-section-end\"><\/span><\/h3>\n<p>5 juni m\u00e4nniskor \u00e4r utm\u00e4rkta kommunikat\u00f6rer, vilket g\u00f6r dem till fantastiska partners i alla relationer. <\/p>\n<p>  De \u00e4r ocks\u00e5 charmiga och kvicka, vilket g\u00f6r dem l\u00e4tta att bli k\u00e4ra i. <\/p>\n<p>  5 juni m\u00e4nniskor \u00e4r kreativa och uttrycksfulla, vilket g\u00f6r dem till utm\u00e4rkta matcher f\u00f6r m\u00e4nniskor som gillar konst.<\/p>\n<h3 class=\"wp-block-heading\"><span class=\"ez-toc-section\" id=\"Svagheter_i_relationer\"><\/span><span class=\"ez-toc-section\" id=\"Debilidades_en_las_relaciones\"><\/span><span id=\"weaknesses_in_relationships\">Svagheter i relationer<\/span><span class=\"ez-toc-section-end\"><\/span><span class=\"ez-toc-section-end\"><\/span><\/h3>\n<p>5 juni personer kan ha sv\u00e5rt med engagemang p\u00e5 grund av sin rastl\u00f6sa och m\u00e5ngsidiga natur. <\/p>\n<p>  De kan ocks\u00e5 k\u00e4mpa med negativa egenskaper som ytlighet, obeslutsamhet, impulsivitet, skvaller och op\u00e5litlighet. <\/p>\n<p>Den 5 juni kan m\u00e4nniskor ocks\u00e5 ha sv\u00e5rt att uppr\u00e4tth\u00e5lla l\u00e5ngvariga relationer p\u00e5 grund av deras behov av intellektuell stimulans och \u00e4ventyr.<\/p>\n<p>5 juni m\u00e4nniskor \u00e4r charmiga, kommunikativa och kreativa partners som alltid letar efter s\u00e4tt att h\u00e5lla gnistan vid liv. <\/p>\n<p>  Din rastl\u00f6sa och m\u00e5ngsidiga natur kan dock g\u00f6ra det sv\u00e5rt att uppr\u00e4tth\u00e5lla l\u00e5ngsiktiga relationer.<\/p>\n<h2 class=\"wp-block-heading\"><span class=\"ez-toc-section\" id=\"Symboliken_for_stjarntecknet_den_5_juni\"><\/span><span class=\"ez-toc-section\" id=\"Simbolismo_del_signo_zodiacal_del_5_de_junio\"><\/span><span id=\"june_5_zodiac_sign_symbolism\">Symboliken f\u00f6r stj\u00e4rntecknet den 5 juni<\/span><span class=\"ez-toc-section-end\"><\/span><span class=\"ez-toc-section-end\"><\/span><\/h2>\n<h3 class=\"wp-block-heading\"><span class=\"ez-toc-section\" id=\"Symbol_och_farg\"><\/span><span class=\"ez-toc-section\" id=\"Simbolo_y_Color\"><\/span><span id=\"symbol_and_color\">Symbol och f\u00e4rg<\/span><span class=\"ez-toc-section-end\"><\/span><span class=\"ez-toc-section-end\"><\/span><\/h3>\n<figure class=\"wp-block-image size-full\"><\/figure>\n<p>Stj\u00e4rntecknet den 5 juni \u00e4r Tvillingarna, representerade av Tvillingar. <\/p>\n<p>  Tvillingsymbolen antyder dualiteten och m\u00e5ngsidigheten hos Gemini-personligheten. <\/p>\n<p>  Tvillingarna \u00e4r k\u00e4nda f\u00f6r sin f\u00f6rm\u00e5ga att anpassa sig till olika situationer och sin k\u00e4rlek till kommunikation och intellektuella syssels\u00e4ttningar.<\/p>\n<p>F\u00e4rgen f\u00f6rknippad med 5 juni \u00e4r r\u00f6d, vilket symboliserar passion, energi och impulsivitet.<\/p>\n<h3 class=\"wp-block-heading\"><span class=\"ez-toc-section\" id=\"Lyckotal\"><\/span><span class=\"ez-toc-section\" id=\"Numeros_de_la_suerte\"><\/span><span id=\"lucky_numbers\">Lyckotal<\/span><span class=\"ez-toc-section-end\"><\/span><span class=\"ez-toc-section-end\"><\/span><\/h3>\n<p>Lyckotalen f\u00f6r 5 juni \u00e4r 5, 14, 23, 32, 41 och 50. <\/p>\n<p>Dessa siffror \u00e4r f\u00f6rknippade med praktisk, nyfikenhet och charm.<\/p>\n<h3 class=\"wp-block-heading\"><span class=\"ez-toc-section\" id=\"Styrkor_och_svagheter\"><\/span><span class=\"ez-toc-section\" id=\"Fortalezas_y_debilidades\"><\/span><span id=\"strengths_and_weaknesses\">Styrkor och svagheter<\/span><span class=\"ez-toc-section-end\"><\/span><span class=\"ez-toc-section-end\"><\/span><\/h3>\n<p>Tvillingar f\u00f6dda den 5 juni har en m\u00e4ngd olika styrkor och svagheter. <\/p>\n<p>  De \u00e4r praktiska och har en stor k\u00e4nsla f\u00f6r nyfikenhet, vilket g\u00f6r dem till utm\u00e4rkta probleml\u00f6sare. <\/p>\n<p>  De \u00e4r ocks\u00e5 charmiga och har ett s\u00e4tt att kommunicera som drar folk till sig.<\/p>\n<p>Men deras svagheter inkluderar att vara obeslutsam och ha en tendens att vara rastl\u00f6s. <\/p>\n<p>  De kan ocks\u00e5 vara ytliga och inkonsekventa.<\/p>\n<h3 class=\"wp-block-heading\"><span class=\"ez-toc-section\" id=\"planeter\"><\/span><span class=\"ez-toc-section\" id=\"planetas\"><\/span><span id=\"planets\">planeter<\/span><span class=\"ez-toc-section-end\"><\/span><span class=\"ez-toc-section-end\"><\/span><\/h3>\n<p>Den h\u00e4rskande planeten den 5 juni \u00e4r Merkurius, som \u00e4r f\u00f6rknippad med kommunikation, intellekt och anpassningsf\u00f6rm\u00e5ga. <\/p>\n<p>  Venus, Mars, Jupiter, Saturnus, Uranus, Neptunus och Pluto spelar ocks\u00e5 en roll i stj\u00e4rntecknet den 5 juni.<\/p>\n<h3 class=\"wp-block-heading\"><span class=\"ez-toc-section\" id=\"Element_och_konstellationer\"><\/span><span class=\"ez-toc-section\" id=\"Elementos_y_Constelaciones\"><\/span><span id=\"elements_and_constellations\">Element och konstellationer<\/span><span class=\"ez-toc-section-end\"><\/span><span class=\"ez-toc-section-end\"><\/span><\/h3>\n<p>Stj\u00e4rntecknet f\u00f6r den 5 juni tillh\u00f6r gruppen lufttecken, d\u00e4r \u00e4ven V\u00e5gen och Vattumannen ing\u00e5r. <\/p>\n<p>  Luftskyltar \u00e4r k\u00e4nda f\u00f6r sitt intellekt, kommunikationsf\u00f6rm\u00e5ga och sociala natur.<\/p>\n<p>Tvillingkonstellationen \u00e4r en av zodiakens tolv stj\u00e4rnbilder. <\/p>\n<p>  Den ligger p\u00e5 norra halvklotet och \u00e4r l\u00e4tt att k\u00e4nna igen p\u00e5 sina tv\u00e5 ljusaste stj\u00e4rnor, Castor och Pollux. <\/p>\n<p>  Konstellationen \u00e4r f\u00f6rknippad med m\u00e5ngsidighet och anpassningsf\u00f6rm\u00e5ga, vilket \u00e4r egenskaper som ocks\u00e5 \u00e4r f\u00f6rknippade med Gemini-personligheten.<\/p>\n<p>Stj\u00e4rntecknet f\u00f6r 5 juni \u00e4r f\u00f6rknippat med praktisk, nyfikenhet och charm. <\/p>\n<p>Tvillingar f\u00f6dda denna dag har en m\u00e4ngd olika styrkor och svagheter och styrs av Merkurius och f\u00f6rknippas med luftteckengruppen. <\/p>\n<p>  Tvillingkonstellationen \u00e4r f\u00f6rknippad med m\u00e5ngsidighet och anpassningsf\u00f6rm\u00e5ga, vilket \u00e4r egenskaper som ocks\u00e5 \u00e4r f\u00f6rknippade med Tvillingarnas personlighet.<\/p>\n<h2 class=\"wp-block-heading\"><span class=\"ez-toc-section\" id=\"Personlighetsdrag\"><\/span><span class=\"ez-toc-section\" id=\"Rasgos_de_personalidad\"><\/span><span id=\"personality_traits\">Personlighetsdrag<\/span><span class=\"ez-toc-section-end\"><\/span><span class=\"ez-toc-section-end\"><\/span><\/h2>\n<figure class=\"wp-block-image size-full\"><\/figure>\n<p>M\u00e4nniskor f\u00f6dda den 5 juni \u00e4r k\u00e4nda f\u00f6r sina \u00e4ventyrliga och f\u00e4ngslande personligheter. <\/p>\n<p>  De \u00e4r uttrycksfulla och s\u00e4llan sj\u00e4lvcensurerade, inte r\u00e4dda f\u00f6r att visa sina k\u00e4nslor och g\u00f6ra dem till sina. <\/p>\n<p>  De \u00e4r fast beslutna att p\u00e5verka livet, \u00e4ven om det bara \u00e4r f\u00f6r de som st\u00e5r dem n\u00e4ra.<\/p>\n<p>5 juni individer \u00e4r ut\u00e5triktade och s\u00e4llskapliga, med en naturlig talang f\u00f6r kommunikation och f\u00f6rm\u00e5gan att charma omgivningen. <\/p>\n<p>  De \u00e4r nyfikna och alltid \u00f6ppna f\u00f6r nya upplevelser, vilket ibland kan leda till impulsivitet och en ben\u00e4genhet att ta risker.<\/p>\n<p>Tvillingarna \u00e4r stj\u00e4rntecknet f\u00f6r dem som \u00e4r f\u00f6dda den 5 juni, vilket betyder att de har en dubbel natur. <\/p>\n<p>  De beskrivs ofta som att de har tv\u00e5 sidor av sin personlighet, vilket ibland kan orsaka f\u00f6rvirring bland omgivningen. <\/p>\n<p>  Men denna dualitet \u00e4r ocks\u00e5 det som g\u00f6r dem s\u00e5 m\u00e5ngsidiga och anpassningsbara.<\/p>\n<p>5 juni personer \u00e4r ocks\u00e5 k\u00e4nda f\u00f6r sin intelligens och snabba intelligens. <\/p>\n<p>  De har en naturlig f\u00f6rm\u00e5ga att ta till sig information och kan ofta hittas engagerade i intellektuella debatter och diskussioner. <\/p>\n<p>  De \u00e4r kreativa och fantasifulla, med en k\u00e4rlek till konst, musik och litteratur.<\/p>\n<p>N\u00e4r det g\u00e4ller relationer dras de som \u00e4r f\u00f6dda den 5 juni ofta till dj\u00e4rva och sj\u00e4lvs\u00e4kra m\u00e4nniskor, som de som \u00e4r f\u00f6dda under stj\u00e4rntecknet Leo. <\/p>\n<p>  De \u00e4r ocks\u00e5 kompatibla med V\u00e4duren, som delar sin k\u00e4rlek till sp\u00e4nning och \u00e4ventyr.<\/p>\n<h2 class=\"wp-block-heading\"><span class=\"ez-toc-section\" id=\"Styrkor_och_svagheter-2\"><\/span><span class=\"ez-toc-section\" id=\"Fortalezas_y_debilidades-2\"><\/span><span id=\"strengths_and_weaknesses-2\">Styrkor och svagheter<\/span><span class=\"ez-toc-section-end\"><\/span><span class=\"ez-toc-section-end\"><\/span><\/h2>\n<figure class=\"wp-block-image size-full\"><\/figure>\n<p>M\u00e4nniskor f\u00f6dda den 5 juni har unika styrkor och svagheter som g\u00f6r att de sticker ut fr\u00e5n m\u00e4ngden. <\/p>\n<p>  Att f\u00f6rst\u00e5 dessa egenskaper kan hj\u00e4lpa dig att b\u00e4ttre f\u00f6rst\u00e5 och uppskatta stj\u00e4rntecknet f\u00f6r den 5 juni.<\/p>\n<h3 class=\"wp-block-heading\"><span class=\"ez-toc-section\" id=\"Styrkor\"><\/span><span class=\"ez-toc-section\" id=\"Fortalezas\"><\/span><span id=\"strengths\">Styrkor<\/span><span class=\"ez-toc-section-end\"><\/span><span class=\"ez-toc-section-end\"><\/span><\/h3>\n<ul>\n<li><strong>Obegr\u00e4nsad energi och kreativitet:<\/strong> 5 juni M\u00e4nniskor med stj\u00e4rntecknet \u00e4r k\u00e4nda f\u00f6r sin gr\u00e4nsl\u00f6sa energi och kreativa probleml\u00f6sningsf\u00f6rm\u00e5ga.\n<p> De \u00e4r alltid ivriga att anta nya utmaningar och hitta innovativa l\u00f6sningar.<\/p>\n<\/li>\n<li><strong>Intelligens och intelligens:<\/strong> De har ett skarpt intellekt och en naturlig nyfikenhet som controlador dem att l\u00e4ra och utforska.\n<p> De \u00e4r snabba t\u00e4nkare och kan hitta smarta l\u00f6sningar p\u00e5 komplexa problem.<\/p>\n<\/li>\n<li><strong>Karismatisk och inspirerande:<\/strong> 5 juni Stj\u00e4rnteckenindivider har en magnetisk personlighet som drar m\u00e4nniskor till sig.\n<p> De \u00e4r naturliga ledare som inspirerar andra att vara sitt b\u00e4sta jag.<\/p>\n<\/li>\n<li><strong>Positiv attityd:<\/strong> De har en barnslig f\u00f6rundran och en positiv syn p\u00e5 livet som smittar av sig.\n<p> De tror p\u00e5 att g\u00f6ra gott och ha en positiv inverkan p\u00e5 v\u00e4rlden.<\/p>\n<\/li>\n<\/ul>\n<h3 class=\"wp-block-heading\"><span class=\"ez-toc-section\" id=\"svagheter\"><\/span><span class=\"ez-toc-section\" id=\"debilidades\"><\/span><span id=\"weaknesses\">svagheter<\/span><span class=\"ez-toc-section-end\"><\/span><span class=\"ez-toc-section-end\"><\/span><\/h3>\n<ul>\n<li><strong>Impulsiv och rastl\u00f6s:<\/strong> 5 juni Personer med stj\u00e4rntecknet kan vara impetuosa och agera utan att t\u00e4nka igenom saker och ting.\n<p> De kan ocks\u00e5 vara rastl\u00f6sa och l\u00e4tta uttr\u00e5kade, alltid p\u00e5 jakt efter nya upplevelser och utmaningar.<\/p>\n<\/li>\n<li><strong>f\u00f6r s\u00e4ker:<\/strong> Ibland kan de vara alltf\u00f6r s\u00e4kra p\u00e5 sina f\u00f6rm\u00e5gor och ta p\u00e5 sig mer \u00e4n de kan hantera.\n<p> Detta kan leda till utbr\u00e4ndhet och besvikelse.<\/p>\n<\/li>\n<li><strong>Obeslutsam:<\/strong> De kan ha sv\u00e5rt att fatta beslut och kan ifr\u00e5gas\u00e4tta sig sj\u00e4lva.\n<p> Detta kan leda till missade m\u00f6jligheter och bristande framsteg.<\/p>\n<\/li>\n<li><strong>L\u00e4tt distraherad:<\/strong> De kan l\u00e4tt distraheras av nya id\u00e9er och m\u00f6jligheter, vilket kan leda till bristande fokus och uppf\u00f6ljning.<\/li>\n<\/ul>\n<p>5 juni stj\u00e4rnteckenindivider har en unik kombination av styrkor och svagheter som g\u00f6r att de sticker ut fr\u00e5n m\u00e4ngden. <\/p>\n<p>  De \u00e4r kreativa, intelligenta och inspirerande, men de kan ocks\u00e5 vara impetuosa, \u00f6vers\u00e4kra och obeslutsamma. <\/p>\n<p>  Att f\u00f6rst\u00e5 dessa egenskaper kan hj\u00e4lpa dig att uppskatta och arbeta med dem som \u00e4r f\u00f6dda denna dag.<\/p>\n<h2 class=\"wp-block-heading\"><span class=\"ez-toc-section\" id=\"karlek_och_relationer\"><\/span><span class=\"ez-toc-section\" id=\"Amor_y_Relaciones\"><\/span><span id=\"love_and_relationships\">k\u00e4rlek och relationer<\/span><span class=\"ez-toc-section-end\"><\/span><span class=\"ez-toc-section-end\"><\/span><\/h2>\n<figure class=\"wp-block-image size-full\"><\/figure>\n<p>M\u00e4nniskor f\u00f6dda den 5 juni \u00e4r k\u00e4nda f\u00f6r sin k\u00e4rlek till f\u00f6r\u00e4ndring och \u00e4ventyr. <\/p>\n<p>  De \u00e4r frisinnade m\u00e4nniskor som alltid letar efter n\u00e5got nytt och sp\u00e4nnande. <\/p>\n<p>  Denna egenskap \u00f6vers\u00e4tts ofta till ditt k\u00e4rleksliv ocks\u00e5. <\/p>\n<p>De \u00e4r inte r\u00e4dda f\u00f6r att experimentera med olika typer av relationer och \u00e4r \u00f6ppna f\u00f6r att utforska olika m\u00f6jligheter.<\/p>\n<p>5 juni m\u00e4nniskor \u00e4r ocks\u00e5 extremt charmiga och karismatiska. <\/p>\n<p>  De har ett s\u00e4tt med ord och kan l\u00e4tt vinna andras hj\u00e4rtan. <\/p>\n<p>  Detta g\u00f6r dem mycket attraktiva f\u00f6r potentiella partners. <\/p>\n<p>  De \u00e4r flirtig av naturen och njuter av uppm\u00e4rksamheten de f\u00e5r fr\u00e5n andra.<\/p>\n<p>Men trots deras k\u00e4rlek till \u00e4ventyr och sp\u00e4nning kan 5 juni-personer vara ganska sv\u00e5ra att f\u00f6rst\u00e5 n\u00e4r det kommer till relationer. <\/p>\n<p>  De styrs av sina egna sj\u00e4lviska \u00f6nskningar och kan vara v\u00e4ldigt of\u00f6ruts\u00e4gbara. <\/p>\n<p>De kan ha flera k\u00e4rleksrelationer i sitt liv som de anser vara viktiga.<\/p>\n<p>5 juni m\u00e4nniskor \u00e4r mest kompatibla med V\u00e5gen, Vattumannen och V\u00e4duren. <\/p>\n<p>  Dessa tecken delar din k\u00e4rlek till \u00e4ventyr och \u00e4r ocks\u00e5 mycket f\u00f6rst\u00e5else f\u00f6r din frisinnade natur. <\/p>\n<p>  De \u00e4r mindre kompatibla med Skorpionen, Fiskarna och Kr\u00e4ftan. <\/p>\n<p>Dessa tecken kan ha sv\u00e5rt att f\u00f6rst\u00e5 din of\u00f6ruts\u00e4gbara natur.<\/p>\n<p>M\u00e4nniskor som \u00e4r f\u00f6dda den 5 juni \u00e4r passionerade, \u00e4ventyrliga och f\u00f6rdomsfria n\u00e4r det kommer till k\u00e4rlek och relationer. <\/p>\n<p>  De \u00e4r alltid villiga att prova nya saker och utforska olika m\u00f6jligheter.<\/p>\n<h2 class=\"wp-block-heading\"><span class=\"ez-toc-section\" id=\"karriar_och_framgang\"><\/span><span class=\"ez-toc-section\" id=\"Carrera_y_exito\"><\/span><span id=\"career_and_success\">karri\u00e4r och framg\u00e5ng<\/span><span class=\"ez-toc-section-end\"><\/span><span class=\"ez-toc-section-end\"><\/span><\/h2>\n<figure class=\"wp-block-image size-full\"><\/figure>\n<p>M\u00e4nniskor f\u00f6dda den 5 juni \u00e4r k\u00e4nda f\u00f6r sina kreativa och kommunikationsf\u00f6rm\u00e5ga, vilket g\u00f6r dem v\u00e4l l\u00e4mpade f\u00f6r karri\u00e4rer inom konst-, media- och underh\u00e5llningsindustrin. <\/p>\n<p>  De har en naturlig f\u00f6rm\u00e5ga att uttrycka sig p\u00e5 unika och \u00f6vertygande s\u00e4tt, vilket g\u00f6r dem till fantastiska f\u00f6rfattare, sk\u00e5despelare, musiker och artister.<\/p>\n<p>F\u00f6rutom sina konstn\u00e4rliga talanger \u00e4r individer den 5 juni ocks\u00e5 mycket analytiska och detaljorienterade, vilket g\u00f6r dem v\u00e4l l\u00e4mpade f\u00f6r karri\u00e4rer inom vetenskap, forskning och analys. <\/p>\n<p>De har en f\u00f6rm\u00e5ga att l\u00f6sa problem och kan snabbt uppt\u00e4cka m\u00f6nster och trender, vilket g\u00f6r dem till fantastiska vetenskapsm\u00e4n, matematiker och dataanalytiker.<\/p>\n<p>5 juni personer \u00e4r ocks\u00e5 mycket anpassningsbara och flexibla, vilket g\u00f6r dem v\u00e4l l\u00e4mpade f\u00f6r karri\u00e4rer inom f\u00f6rs\u00e4ljning, marknadsf\u00f6ring och aff\u00e4rer. <\/p>\n<p>  De har utm\u00e4rkta kommunikationsf\u00f6rm\u00e5ga och kan snabbt bygga relationer med andra, vilket g\u00f6r dem till utm\u00e4rkta s\u00e4ljare och marknadsf\u00f6rare. <\/p>\n<p>De \u00e4r ocks\u00e5 mycket organiserade och kan hantera flera uppgifter och projekt samtidigt, vilket g\u00f6r dem till utm\u00e4rkta projektledare och f\u00f6retagsledare.<\/p>\n<p>Personer f\u00f6dda den 5 juni har ett brett utbud av f\u00e4rdigheter och talanger som g\u00f6r dem l\u00e4mpliga f\u00f6r en m\u00e4ngd olika karri\u00e4rer. <\/p>\n<p>  De \u00e4r kreativa, analytiska, anpassningsbara och mycket skickliga kommunikat\u00f6rer, vilket g\u00f6r dem till v\u00e4rdefulla tillg\u00e5ngar i alla branscher.<\/p>\n<h2 class=\"wp-block-heading\"><span class=\"ez-toc-section\" id=\"Personlig_tillvaxt_och_utveckling\"><\/span><span class=\"ez-toc-section\" id=\"Crecimiento_y_desarrollo_personal\"><\/span><span id=\"personal_growth_and_development\">Personlig tillv\u00e4xt och utveckling<\/span><span class=\"ez-toc-section-end\"><\/span><span class=\"ez-toc-section-end\"><\/span><\/h2>\n<figure class=\"wp-block-image size-full\"><\/figure>\n<p>Personer f\u00f6dda den 5 juni har stor potential f\u00f6r personlig tillv\u00e4xt och utveckling. <\/p>\n<p>  De \u00e4r nyfikna, intelligenta och anpassningsbara, vilket g\u00f6r dem \u00f6ppna f\u00f6r nya erfarenheter och id\u00e9er. <\/p>\n<p>  De har en naturlig kunskapst\u00f6rst och en \u00f6nskan att l\u00e4ra sig om v\u00e4rlden omkring dem.<\/p>\n<p>Tvillingar f\u00f6dda den 5 juni tenderar att v\u00e4xa upp ensamma. <\/p>\n<p>  De \u00e4r idisslare och slutar aldrig t\u00e4nka, vilket kan vara b\u00e5de en styrka och en svaghet. <\/p>\n<p>  De tenderar att t\u00e4nka f\u00f6r mycket och kan fastna i sina egna tankar, vilket leder till destruktiva och negativa tankem\u00f6nster. <\/p>\n<p>Men n\u00e4r de l\u00e4r sig att kanalisera sina tankar i efectiva och konstruktiva riktningar kan de uppn\u00e5 fantastiska saker.<\/p>\n<p>5 juni Tvillingarna \u00e4r m\u00e5ngsidiga och kreativa. <\/p>\n<p>  De har ett brett utbud av intressen och f\u00f6rm\u00e5gor, och tycker om att utforska nya omr\u00e5den och l\u00e4ra sig nya saker. <\/p>\n<p>  De l\u00e4r sig snabbt och kan l\u00e4tt anpassa sig till nya situationer och utmaningar.<\/p>\n<p>F\u00f6r att uppn\u00e5 personlig tillv\u00e4xt och utveckling m\u00e5ste Tvillingarna 5 juni fokusera p\u00e5 sina kommunikationsf\u00f6rm\u00e5ga. <\/p>\n<p>  De \u00e4r naturliga kommunikat\u00f6rer och har ett s\u00e4tt med ord, men kan ibland ha sv\u00e5rt att uttrycka sina tankar och k\u00e4nslor tydligt. <\/p>\n<p>Genom att arbeta med sina kommunikationsf\u00f6rm\u00e5ga kan de f\u00f6rb\u00e4ttra sina relationer med andra och n\u00e5 st\u00f6rre framg\u00e5ng i sina personliga och professionella liv.<\/p>\n<p>Den 5 juni m\u00e5ste Tvillingarna ocks\u00e5 l\u00e4ra sig att balansera sin intellektuella och k\u00e4nslom\u00e4ssiga vih. <\/p>\n<p>De tenderar att vara v\u00e4ldigt analytiska och logiska, men de har ocks\u00e5 en djup k\u00e4nslom\u00e4ssig vih som de beh\u00f6ver v\u00e5rda. <\/p>\n<p>  Genom att l\u00e4ra dig att balansera ditt intellekt och dina k\u00e4nslor kan du uppn\u00e5 en st\u00f6rre k\u00e4nsla av inre frid och lycka.<\/p>\n<p>5 juni Tvillingarna har stor potential f\u00f6r tillv\u00e4xt och personlig utveckling. <\/p>\n<p>  Genom att fokusera p\u00e5 sin kommunikationsf\u00f6rm\u00e5ga och balansera sitt intellekt och sina k\u00e4nslor kan de uppn\u00e5 fantastiska saker och leva tillfredsst\u00e4llande liv.<\/p>\n<h2 class=\"wp-block-heading\"><span class=\"ez-toc-section\" id=\"Kanda_personer_fodda_den_5_juni\"><\/span><span class=\"ez-toc-section\" id=\"Personajes_famosos_nacidos_el_5_de_junio\"><\/span><span id=\"famous_people_born_on_june_5\">K\u00e4nda personer f\u00f6dda den 5 juni<\/span><span class=\"ez-toc-section-end\"><\/span><span class=\"ez-toc-section-end\"><\/span><\/h2>\n<figure class=\"wp-block-image size-full\"><\/figure>\n<p>M\u00e4nniskor f\u00f6dda den 5 juni delar stj\u00e4rntecknet Tvillingarna och \u00e4r k\u00e4nda f\u00f6r sina \u00e4ventyrliga, uttrycksfulla och engagerande personligheter. <\/p>\n<p>  H\u00e4r \u00e4r n\u00e5gra k\u00e4nda personer f\u00f6dda den 5 juni:<\/p>\n<ul>\n<li><strong>Mark Wahlberg:<\/strong> Den amerikanske sk\u00e5despelaren, producenten och f\u00f6re detta rapparen Mark Wahlberg f\u00f6ddes den 5 juni 1971.\n<p>Han \u00e4r k\u00e4nd f\u00f6r sina roller i filmer som \u00abBoogie Nights\u00bb, \u00abThe Fighter\u00bb och \u00abTed\u00bb. <\/p>\n<p>  Han har ocks\u00e5 producerat flera tv-program, inklusive \u00abEntourage\u00bb och \u00abBoardwalk Empire\u00bb. <\/p>\n<p>  Wahlberg har f\u00e5tt flera priser f\u00f6r sitt arbete, bland annat en Golden Globe f\u00f6r sin roll i \u00abThe Departed\u00bb.<\/p>\n<\/li>\n<li><strong>Troye Sivan:<\/strong> Den australiensiska s\u00e5ngaren, l\u00e5tskrivaren och sk\u00e5despelaren Troye Sivan f\u00f6ddes den 5 juni 1995.\n<p>Han b\u00f6rjade sin karri\u00e4r som YouTuber och blev popul\u00e4r med sina musikvideor. <\/p>\n<p>  Han har sl\u00e4ppt flera album, inklusive \u00abBlue Neighborhood\u00bb, som debuterade som nummer sex p\u00e5 Billboard 200-listan. <\/p>\n<p>  Sivan har vunnit flera priser, inklusive ett GLAAD Media Award f\u00f6r enast\u00e5ende musikartist.<\/p>\n<\/li>\n<li><strong>DenisDailyYT:<\/strong> Den amerikanska YouTubern och spelaren DenisDailyYT f\u00f6ddes den 5 juni 1996.\n<p>Han \u00e4r k\u00e4nd f\u00f6r sina spelvideor, speciellt p\u00e5 spelet \u00abRoblox\u00bb. <\/p>\n<p>  Han har \u00f6ver 10 miljoner prenumeranter p\u00e5 sin YouTube-kanal och har \u00e4ven skrivit en bok med titeln \u00abDenis Daily: The Pals Merchandise\u00bb.<\/p>\n<\/li>\n<li><strong>Anpassa FaZe:<\/strong> Den amerikanska YouTubern och spelaren FaZe Adapt f\u00f6ddes den 5 juni 1997.\n<p>Han \u00e4r medlem i FaZe Clan, en professionell y tambi\u00e9n-sport- och underh\u00e5llningsorganisation. <\/p>\n<p>  Han har mer \u00e4n 5 miljoner prenumeranter p\u00e5 sin YouTube-kanal och \u00e4r k\u00e4nd f\u00f6r sina spelvideor p\u00e5 \u00abCall of Duty\u00bb och \u00abFortnite\u00bb.<\/p>\n<\/li>\n<li><strong>ninja:<\/strong> Den amerikanska Twitch-streamern och spelaren Ninja f\u00f6ddes den 5 juni 1991.\n<p>Han \u00e4r k\u00e4nd f\u00f6r sina spelvideor p\u00e5 \u00abFortnite\u00bb och \u00abMinecraft\u00bb. <\/p>\n<p>  Han har mer \u00e4n 16 miljoner prenumeranter p\u00e5 sin Twitch-kanal och har vunnit flera priser, inklusive 2019 \u00e5rs esportpersonlighet.<\/p>\n<\/li>\n<\/ul>\n<p>Dessa k\u00e4ndisar f\u00f6dda den 5 juni har visat sina talanger och f\u00e4rdigheter inom sina respektive omr\u00e5den och har f\u00e5tt erk\u00e4nnande och framg\u00e5ng.<\/p>\n<h2 class=\"wp-block-heading\"><span class=\"ez-toc-section\" id=\"Historiskt_viktiga_handelser_den_5_juni\"><\/span><span class=\"ez-toc-section\" id=\"Eventos_de_importancia_historica_el_5_de_junio\"><\/span><span id=\"events_of_historical_significance_on_june_5\">Historiskt viktiga h\u00e4ndelser den 5 juni<\/span><span class=\"ez-toc-section-end\"><\/span><span class=\"ez-toc-section-end\"><\/span><\/h2>\n<figure class=\"wp-block-image size-full\"><\/figure>\n<p>Den 5 juni har varit en viktig dag i historien av flera anledningar. <\/p>\n<p>  Fr\u00e5n etableringen av kungad\u00f6men till lanseringen av filmer har denna dag bevittnat flera h\u00e4ndelser som har satt sin pr\u00e4gel p\u00e5 v\u00e4rlden. <\/p>\n<p>  H\u00e4r \u00e4r n\u00e5gra av de historiskt betydelsefulla h\u00e4ndelserna som intr\u00e4ffade den 5 juni:<\/p>\n<ul>\n<li>1806 blev Bataviska republiken kungariket Nederl\u00e4nderna och Louis Bonaparte kr\u00f6ntes till kung.\n<p> Denna h\u00e4ndelse markerade slutet p\u00e5 Bataviska republiken och b\u00f6rjan p\u00e5 kungariket Holland.<\/p>\n<\/li>\n<li>1827, under det grekiska frihetskriget, er\u00f6vrade turkarna Akropolis och tog \u00f6ver Aten.\n<p> Denna h\u00e4ndelse markerade ett betydande bakslag f\u00f6r grekerna, som k\u00e4mpade f\u00f6r sin sj\u00e4lvst\u00e4ndighet.<\/p>\n<\/li>\n<li>1832 b\u00f6rjade ett antimonarkiskt uppror i Paris, k\u00e4nt som juniupproret.\n<p> Upproret leddes av studenter och arbetare som protesterade mot regeringens politik. <\/p>\n<p>  Upproret misslyckades och m\u00e5nga av ledarna arresterades eller avr\u00e4ttades.<\/p>\n<\/li>\n<li>1967 b\u00f6rjade sexdagarskriget mellan Israel och angr\u00e4nsande arabl\u00e4nder.\n<p> Kriget slutade med att Israel gick som segrare och fick kontroll \u00f6ver Sinaihalv\u00f6n, V\u00e4stbanken, Gazaremsan och Golanh\u00f6jderna.<\/p>\n<\/li>\n<li>1989 slutade protesterna p\u00e5 Himmelska fridens torg i Peking, Kina, med v\u00e5ld n\u00e4r den kinesiska regeringen utropade krigslagar och skickade in trupper f\u00f6r att undertrycka protesterna.\n<p> Protesterna b\u00f6rjade i april, med studenter och intellektuella som kr\u00e4vde demokratiska reformer och ett slut p\u00e5 korruptionen.<\/p>\n<\/li>\n<li>2012 intr\u00e4ffade Venus transitering, vilket \u00e4r en s\u00e4llsynt astronomisk h\u00e4ndelse som intr\u00e4ffar n\u00e4r Venus passerar mellan jorden och solen.\n<p> Den sista genomfarten av Venus intr\u00e4ffade 2004 och n\u00e4sta v\u00e4ntas ske 2117.<\/p>\n<\/li>\n<\/ul>\n<p>Dessa h\u00e4ndelser har l\u00e4mnat en betydande inverkan p\u00e5 v\u00e4rlden och format historiens g\u00e5ng p\u00e5 olika s\u00e4tt.<\/p>\n<h2 class=\"wp-block-heading\"><span class=\"ez-toc-section\" id=\"slutgiltiga_tankar\"><\/span><span class=\"ez-toc-section\" id=\"Pensamientos_finales\"><\/span><span id=\"final_thoughts\">slutgiltiga tankar<\/span><span class=\"ez-toc-section-end\"><\/span><span class=\"ez-toc-section-end\"><\/span><\/h2>\n<p>Stj\u00e4rntecknet f\u00f6r den 5 juni \u00e4r Tvillingarna och m\u00e4nniskor som \u00e4r f\u00f6dda denna dag \u00e4r k\u00e4nda f\u00f6r sin \u00f6ppenhet och lugna natur. <\/p>\n<p>  De \u00e4r idealistiska dr\u00f6mmare och deras lyckotal \u00e4r 5, 11, 35, 49, 55, 61 och 63. <\/p>\n<p>F\u00e4rgen som speglar din personlighet \u00e4r blommig vit, mycket tilltalande f\u00f6r \u00f6gat.<\/p>\n<p>Tvillingar f\u00f6dda den 5 juni \u00e4r aktiva och k\u00e4nslom\u00e4ssiga. <\/p>\n<p>  De \u00e4r v\u00e4ldigt anpassningsbara och kan l\u00e4tt charma andra med sin kvickhet och humor. <\/p>\n<p>  De \u00e4r v\u00e4ldigt \u00f6ppna och liberala och f\u00f6rs\u00f6ker alltid vara den lugnaste presenten i rummet.<\/p>\n<p>5 juni Zodiac-m\u00e4nniskor \u00e4r v\u00e4ldigt kommunikativa och \u00e4lskar att uttrycka sig. <\/p>\n<p>  De \u00e4r utm\u00e4rkta p\u00e5 att skapa kontakter med andra och \u00e4r mycket s\u00e4llskapliga. <\/p>\n<p>  De \u00e4r ocks\u00e5 v\u00e4ldigt nyfikna och \u00e4lskar att utforska nya id\u00e9er och koncept.<\/p>\n<p>I allm\u00e4nhet representerar stj\u00e4rntecknet f\u00f6r den 5 juni en person som \u00e4r vidsynt, kommunikativ och lugn. <\/p>\n<p>  De \u00e4r idealistiska dr\u00f6mmare som \u00e4lskar att utforska nya id\u00e9er och koncept. <\/p>\n<p>  De \u00e4r utm\u00e4rkta p\u00e5 att skapa kontakter med andra och \u00e4r mycket s\u00e4llskapliga. <\/p>\n<p>Deras anpassningsf\u00f6rm\u00e5ga och charm g\u00f6r dem till ett bra komplement till alla sociala kretsar.<\/p>\n<h2><span class=\"ez-toc-section\" id=\"Forklaring_av_stjarntecknen_i_juni_for_varje_dag_i_manaden\"><\/span><span class=\"ez-toc-section\" id=\"Explicacion_de_los_signos_del_zodiaco_de_junio_para_cada_dia_del_mes\"><\/span><span id=\"june_zodiac_signs_explained_for_each_day_of_the_month\">F\u00f6rklaring av stj\u00e4rntecknen i juni f\u00f6r varje dag i m\u00e5naden<\/span><span class=\"ez-toc-section-end\"><\/span><span class=\"ez-toc-section-end\"><\/span><\/h2>\n<h2 class=\"wp-block-heading\" id=\"articles-related-to-gemini-men\"><span class=\"ez-toc-section\" id=\"Artiklar_Tvilling_relaterad\"><\/span><span class=\"ez-toc-section\" id=\"Articulos_relacionados_con_Geminis\"><\/span><span id=\"articles_related_to_gemini\">Artiklar Tvilling relaterad<\/span><span class=\"ez-toc-section-end\"><\/span><span class=\"ez-toc-section-end\"><\/span><\/h2>\n<p>Vi hoppas att du gillade v\u00e5r artikel 5 juni Zodiakens tecken: egenskaper och allt relaterat till horoskop, tarot, ritualer och allt relaterat.<\/p>\n<figure class=\"wp-block-table is-style-regular\">\n<\/figure>\n<p>Intressanta saker att veta inneb\u00f6rden: Ritualer  <\/p>\n<p>\u00c4ven h\u00e4r l\u00e4mnar vi \u00e4mnen relaterade till: Ritualer <\/p>\n<\/p>\n<p><\/p>\n<p>Vi hoppas att du gillade v\u00e5r artikel 5 juni Stj\u00e4rntecken: K\u00e4nnetecken<br \/>\n och allt om horoskop, tarot, ritualer och allt relaterat till det &#8230;<\/p>\n<figure class=\"wp-block-table is-style-regular\">\n<table style=\"width: 284px; height: 157px;\">\n<tbody>\n<tr>\n<td class=\"has-text-align-center\" data-align=\"center\"><img loading=\"lazy\" decoding=\"async\" class=\"alignleft\" src=\" https:\/\/goroskop.tv\/wp-content\/uploads\/2023\/05\/rituales1.jpg \" alt=\" 5 juni Stj\u00e4rntecken: K\u00e4nnetecken\n \" width=\"65\" height=\"95\" title=\"\"><img loading=\"lazy\" decoding=\"async\" class=\"alignleft\" style=\"width: 60px;\" src=\" https:\/\/goroskop.tv\/wp-content\/uploads\/2023\/05\/rituales2.jpg \" alt=\" 5 juni Stj\u00e4rntecken: K\u00e4nnetecken\n \" width=\"195\" height=\"300\" title=\"\"><img decoding=\"async\" class=\"alignleft\" style=\"width: 60px;\" src=\" https:\/\/goroskop.tv\/wp-content\/uploads\/2023\/05\/rituales3.jpg \" alt=\" 5 juni Stj\u00e4rntecken: K\u00e4nnetecken\n \" title=\"\"><\/td>\n<\/tr>\n<\/tbody>\n<\/table>\n<\/figure>\n<p>Intressanta saker att veta inneb\u00f6rden: <a href=\"https:\/\/sv.wikipedia.org\/wiki\/Ritualer\" target=\"_blank\" rel=\"nofollow noopener\"> Ritualer <\/a> <\/p>\n<p>H\u00e4r l\u00e4mnar vi ocks\u00e5 \u00e4mnen relaterade till: <a href=\" https:\/\/goroskop.tv\/sw\/karriarguide-for-stjarntecken-den-basta\/\">Ritualer<\/a><\/p>\n<div id=\"ez-toc-container\" class=\"ez-toc-v2_0_82_2 ez-toc-wrap-center counter-hierarchy ez-toc-counter ez-toc-grey ez-toc-container-direction\">\n<div class=\"ez-toc-title-container\">\n<div class=\"ez-toc-title\" style=\"cursor:inherit\">Table of Contents<\/div>\n<span class=\"ez-toc-title-toggle\"><a href=\"#\" class=\"ez-toc-pull-right ez-toc-btn ez-toc-btn-xs ez-toc-btn-default ez-toc-toggle\" aria-label=\"Alternar tabla de contenidos\"><span class=\"ez-toc-js-icon-con\"><span class=\"\"><span class=\"eztoc-hide\" style=\"display:none;\">Toggle<\/span><span class=\"ez-toc-icon-toggle-span\"><svg style=\"fill: #999;color:#999\" xmlns=\"http:\/\/www.w3.org\/2000\/svg\" class=\"list-377408\" width=\"20px\" height=\"20px\" viewBox=\"0 0 24 24\" fill=\"none\"><path d=\"M6 6H4v2h2V6zm14 0H8v2h12V6zM4 11h2v2H4v-2zm16 0H8v2h12v-2zM4 16h2v2H4v-2zm16 0H8v2h12v-2z\" fill=\"currentColor\"><\/path><\/svg><svg style=\"fill: #999;color:#999\" class=\"arrow-unsorted-368013\" xmlns=\"http:\/\/www.w3.org\/2000\/svg\" width=\"10px\" height=\"10px\" viewBox=\"0 0 24 24\" version=\"1.2\" baseProfile=\"tiny\"><path d=\"M18.2 9.3l-6.2-6.3-6.2 6.3c-.2.2-.3.4-.3.7s.1.5.3.7c.2.2.4.3.7.3h11c.3 0 .5-.1.7-.3.2-.2.3-.5.3-.7s-.1-.5-.3-.7zM5.8 14.7l6.2 6.3 6.2-6.3c.2-.2.3-.5.3-.7s-.1-.5-.3-.7c-.2-.2-.4-.3-.7-.3h-11c-.3 0-.5.1-.7.3-.2.2-.3.5-.3.7s.1.5.3.7z\"\/><\/svg><\/span><\/span><\/span><\/a><\/span><\/div>\n<nav><ul class='ez-toc-list ez-toc-list-level-1 eztoc-toggle-hide-by-default' ><li class='ez-toc-page-1 ez-toc-heading-level-2'><a class=\"ez-toc-link ez-toc-heading-1\" href=\"https:\/\/goroskop.tv\/sw\/5-juni-stjarntecken-kannetecken\/#5_juni_Stjarntecken_Kannetecken_och\" >5 juni Stj\u00e4rntecken: K\u00e4nnetecken och<\/a><\/li><li class='ez-toc-page-1 ez-toc-heading-level-2'><a class=\"ez-toc-link ez-toc-heading-2\" href=\"https:\/\/goroskop.tv\/sw\/5-juni-stjarntecken-kannetecken\/#Vilket_ar_stjarntecknet_for_nagon_som_ar_fodd_den_5_juni\" >Vilket \u00e4r stj\u00e4rntecknet f\u00f6r n\u00e5gon som \u00e4r f\u00f6dd den 5 juni?<\/a><\/li><li class='ez-toc-page-1 ez-toc-heading-level-2'><a class=\"ez-toc-link ez-toc-heading-3\" href=\"https:\/\/goroskop.tv\/sw\/5-juni-stjarntecken-kannetecken\/#5_juni_Stjarnteckens_personlighetsdrag\" >5 juni Stj\u00e4rnteckens personlighetsdrag<\/a><ul class='ez-toc-list-level-3' ><li class='ez-toc-heading-level-3'><a class=\"ez-toc-link ez-toc-heading-4\" href=\"https:\/\/goroskop.tv\/sw\/5-juni-stjarntecken-kannetecken\/#efectiva_egenskaper\" >efectiva egenskaper<\/a><\/li><li class='ez-toc-page-1 ez-toc-heading-level-3'><a class=\"ez-toc-link ez-toc-heading-5\" href=\"https:\/\/goroskop.tv\/sw\/5-juni-stjarntecken-kannetecken\/#negativa_egenskaper\" >negativa egenskaper<\/a><\/li><\/ul><\/li><li class='ez-toc-page-1 ez-toc-heading-level-2'><a class=\"ez-toc-link ez-toc-heading-6\" href=\"https:\/\/goroskop.tv\/sw\/5-juni-stjarntecken-kannetecken\/#5_juni_Stjarntecken_och_karlek\" >5 juni Stj\u00e4rntecken och k\u00e4rlek<\/a><ul class='ez-toc-list-level-3' ><li class='ez-toc-heading-level-3'><a class=\"ez-toc-link ez-toc-heading-7\" href=\"https:\/\/goroskop.tv\/sw\/5-juni-stjarntecken-kannetecken\/#Kompatibilitet\" >Kompatibilitet<\/a><\/li><li class='ez-toc-page-1 ez-toc-heading-level-3'><a class=\"ez-toc-link ez-toc-heading-8\" href=\"https:\/\/goroskop.tv\/sw\/5-juni-stjarntecken-kannetecken\/#Romantiska_drag\" >Romantiska drag<\/a><\/li><li class='ez-toc-page-1 ez-toc-heading-level-3'><a class=\"ez-toc-link ez-toc-heading-9\" href=\"https:\/\/goroskop.tv\/sw\/5-juni-stjarntecken-kannetecken\/#styrkor_i_relationer\" >styrkor i relationer<\/a><\/li><li class='ez-toc-page-1 ez-toc-heading-level-3'><a class=\"ez-toc-link ez-toc-heading-10\" href=\"https:\/\/goroskop.tv\/sw\/5-juni-stjarntecken-kannetecken\/#Svagheter_i_relationer\" >Svagheter i relationer<\/a><\/li><\/ul><\/li><li class='ez-toc-page-1 ez-toc-heading-level-2'><a class=\"ez-toc-link ez-toc-heading-11\" href=\"https:\/\/goroskop.tv\/sw\/5-juni-stjarntecken-kannetecken\/#Symboliken_for_stjarntecknet_den_5_juni\" >Symboliken f\u00f6r stj\u00e4rntecknet den 5 juni<\/a><ul class='ez-toc-list-level-3' ><li class='ez-toc-heading-level-3'><a class=\"ez-toc-link ez-toc-heading-12\" href=\"https:\/\/goroskop.tv\/sw\/5-juni-stjarntecken-kannetecken\/#Symbol_och_farg\" >Symbol och f\u00e4rg<\/a><\/li><li class='ez-toc-page-1 ez-toc-heading-level-3'><a class=\"ez-toc-link ez-toc-heading-13\" href=\"https:\/\/goroskop.tv\/sw\/5-juni-stjarntecken-kannetecken\/#Lyckotal\" >Lyckotal<\/a><\/li><li class='ez-toc-page-1 ez-toc-heading-level-3'><a class=\"ez-toc-link ez-toc-heading-14\" href=\"https:\/\/goroskop.tv\/sw\/5-juni-stjarntecken-kannetecken\/#Styrkor_och_svagheter\" >Styrkor och svagheter<\/a><\/li><li class='ez-toc-page-1 ez-toc-heading-level-3'><a class=\"ez-toc-link ez-toc-heading-15\" href=\"https:\/\/goroskop.tv\/sw\/5-juni-stjarntecken-kannetecken\/#planeter\" >planeter<\/a><\/li><li class='ez-toc-page-1 ez-toc-heading-level-3'><a class=\"ez-toc-link ez-toc-heading-16\" href=\"https:\/\/goroskop.tv\/sw\/5-juni-stjarntecken-kannetecken\/#Element_och_konstellationer\" >Element och konstellationer<\/a><\/li><\/ul><\/li><li class='ez-toc-page-1 ez-toc-heading-level-2'><a class=\"ez-toc-link ez-toc-heading-17\" href=\"https:\/\/goroskop.tv\/sw\/5-juni-stjarntecken-kannetecken\/#Personlighetsdrag\" >Personlighetsdrag<\/a><\/li><li class='ez-toc-page-1 ez-toc-heading-level-2'><a class=\"ez-toc-link ez-toc-heading-18\" href=\"https:\/\/goroskop.tv\/sw\/5-juni-stjarntecken-kannetecken\/#Styrkor_och_svagheter-2\" >Styrkor och svagheter<\/a><ul class='ez-toc-list-level-3' ><li class='ez-toc-heading-level-3'><a class=\"ez-toc-link ez-toc-heading-19\" href=\"https:\/\/goroskop.tv\/sw\/5-juni-stjarntecken-kannetecken\/#Styrkor\" >Styrkor<\/a><\/li><li class='ez-toc-page-1 ez-toc-heading-level-3'><a class=\"ez-toc-link ez-toc-heading-20\" href=\"https:\/\/goroskop.tv\/sw\/5-juni-stjarntecken-kannetecken\/#svagheter\" >svagheter<\/a><\/li><\/ul><\/li><li class='ez-toc-page-1 ez-toc-heading-level-2'><a class=\"ez-toc-link ez-toc-heading-21\" href=\"https:\/\/goroskop.tv\/sw\/5-juni-stjarntecken-kannetecken\/#karlek_och_relationer\" >k\u00e4rlek och relationer<\/a><\/li><li class='ez-toc-page-1 ez-toc-heading-level-2'><a class=\"ez-toc-link ez-toc-heading-22\" href=\"https:\/\/goroskop.tv\/sw\/5-juni-stjarntecken-kannetecken\/#karriar_och_framgang\" >karri\u00e4r och framg\u00e5ng<\/a><\/li><li class='ez-toc-page-1 ez-toc-heading-level-2'><a class=\"ez-toc-link ez-toc-heading-23\" href=\"https:\/\/goroskop.tv\/sw\/5-juni-stjarntecken-kannetecken\/#Personlig_tillvaxt_och_utveckling\" >Personlig tillv\u00e4xt och utveckling<\/a><\/li><li class='ez-toc-page-1 ez-toc-heading-level-2'><a class=\"ez-toc-link ez-toc-heading-24\" href=\"https:\/\/goroskop.tv\/sw\/5-juni-stjarntecken-kannetecken\/#Kanda_personer_fodda_den_5_juni\" >K\u00e4nda personer f\u00f6dda den 5 juni<\/a><\/li><li class='ez-toc-page-1 ez-toc-heading-level-2'><a class=\"ez-toc-link ez-toc-heading-25\" href=\"https:\/\/goroskop.tv\/sw\/5-juni-stjarntecken-kannetecken\/#Historiskt_viktiga_handelser_den_5_juni\" >Historiskt viktiga h\u00e4ndelser den 5 juni<\/a><\/li><li class='ez-toc-page-1 ez-toc-heading-level-2'><a class=\"ez-toc-link ez-toc-heading-26\" href=\"https:\/\/goroskop.tv\/sw\/5-juni-stjarntecken-kannetecken\/#slutgiltiga_tankar\" >slutgiltiga tankar<\/a><\/li><li class='ez-toc-page-1 ez-toc-heading-level-2'><a class=\"ez-toc-link ez-toc-heading-27\" href=\"https:\/\/goroskop.tv\/sw\/5-juni-stjarntecken-kannetecken\/#Forklaring_av_stjarntecknen_i_juni_for_varje_dag_i_manaden\" >F\u00f6rklaring av stj\u00e4rntecknen i juni f\u00f6r varje dag i m\u00e5naden<\/a><\/li><li class='ez-toc-page-1 ez-toc-heading-level-2'><a class=\"ez-toc-link ez-toc-heading-28\" href=\"https:\/\/goroskop.tv\/sw\/5-juni-stjarntecken-kannetecken\/#Artiklar_Tvilling_relaterad\" >Artiklar Tvilling relaterad<\/a><\/li><\/ul><\/nav><\/div>\n","protected":false},"excerpt":{"rendered":"<p>5 juni Stj\u00e4rntecken: K\u00e4nnetecken och Vekke Sind st\u00f6ttar l\u00e4sarna. N\u00e4r du k\u00f6per v\u00eda l\u00e4nkar p\u00e5 v\u00e5r webbplats kan vi tj\u00e4na en affiliate-provision. L\u00e4s mer. Stj\u00e4rntecknet f\u00f6r 5 juni faller under stj\u00e4rnbilden Tvillingarna och representerar personer f\u00f6dda mellan 21 maj och 20 juni. Tvillingarna \u00e4r zodiakens tredje tecken och symboliseras av tvillingarna. M\u00e4nniskor f\u00f6dda under detta &hellip;<\/p>\n","protected":false},"author":1,"featured_media":26,"comment_status":"closed","ping_status":"closed","sticky":false,"template":"","format":"standard","meta":{"footnotes":""},"categories":[3],"tags":[207,6699,21],"class_list":["post-15554","post","type-post","status-publish","format-standard","has-post-thumbnail","hentry","category-ritualer","tag-juni","tag-kannetecken","tag-stjarntecken"],"_links":{"self":[{"href":"https:\/\/goroskop.tv\/sw\/wp-json\/wp\/v2\/posts\/15554","targetHints":{"allow":["GET"]}}],"collection":[{"href":"https:\/\/goroskop.tv\/sw\/wp-json\/wp\/v2\/posts"}],"about":[{"href":"https:\/\/goroskop.tv\/sw\/wp-json\/wp\/v2\/types\/post"}],"author":[{"embeddable":true,"href":"https:\/\/goroskop.tv\/sw\/wp-json\/wp\/v2\/users\/1"}],"replies":[{"embeddable":true,"href":"https:\/\/goroskop.tv\/sw\/wp-json\/wp\/v2\/comments?post=15554"}],"version-history":[{"count":0,"href":"https:\/\/goroskop.tv\/sw\/wp-json\/wp\/v2\/posts\/15554\/revisions"}],"wp:featuredmedia":[{"embeddable":true,"href":"https:\/\/goroskop.tv\/sw\/wp-json\/wp\/v2\/media\/26"}],"wp:attachment":[{"href":"https:\/\/goroskop.tv\/sw\/wp-json\/wp\/v2\/media?parent=15554"}],"wp:term":[{"taxonomy":"category","embeddable":true,"href":"https:\/\/goroskop.tv\/sw\/wp-json\/wp\/v2\/categories?post=15554"},{"taxonomy":"post_tag","embeddable":true,"href":"https:\/\/goroskop.tv\/sw\/wp-json\/wp\/v2\/tags?post=15554"}],"curies":[{"name":"wp","href":"https:\/\/api.w.org\/{rel}","templated":true}]}}