{"id":15698,"date":"2023-08-15T20:13:14","date_gmt":"2023-08-15T20:13:14","guid":{"rendered":"https:\/\/goroskop.tv\/sw\/26-juni-stjarntecken-forstaelse-for\/"},"modified":"2023-08-15T20:13:14","modified_gmt":"2023-08-15T20:13:14","slug":"26-juni-stjarntecken-forstaelse-for","status":"publish","type":"post","link":"https:\/\/goroskop.tv\/sw\/26-juni-stjarntecken-forstaelse-for\/","title":{"rendered":"26 juni Stj\u00e4rntecken: f\u00f6rst\u00e5else f\u00f6r"},"content":{"rendered":"<p><\/p>\n<h2><span class=\"ez-toc-section\" id=\"26_juni_Stjarntecken_Forsta_egenskaper\"><\/span><span class=\"ez-toc-section\" id=\"26_de_junio_Signo_del_zodiaco_comprension_de_los_rasgos\"><\/span>  26 juni Stj\u00e4rntecken: F\u00f6rst\u00e5 egenskaper<span class=\"ez-toc-section-end\"><\/span><span class=\"ez-toc-section-end\"><\/span><\/h2>\n<p>\t\t\t\t\t\t\t\tVekke Sind st\u00f6ttar l\u00e4sarna. <\/p>\n<p>  N\u00e4r du k\u00f6per v\u00eda l\u00e4nkar p\u00e5 v\u00e5r webbplats kan vi tj\u00e4na en affiliate-provision. <\/p>\n<p>  L\u00e4s mer.<\/p>\n<p>26 juni Stj\u00e4rntecknet faller under tecknet Kr\u00e4ftan, som \u00e4r stj\u00e4rntecknets fj\u00e4rde. <\/p>\n<p>  M\u00e4nniskor som \u00e4r f\u00f6dda p\u00e5 denna dag tros ha personligheter som p\u00e5verkas av m\u00e5nen, som \u00e4r Kr\u00e4ftans h\u00e4rskande planet. <\/p>\n<p>M\u00e4nniskor f\u00f6dda den 26 juni \u00e4r k\u00e4nda f\u00f6r sin mycket k\u00e4nslom\u00e4ssiga och k\u00e4nsliga natur, vilket \u00e4r ett vanligt drag bland cancerns stj\u00e4rntecken.<\/p>\n<p>Cancer f\u00f6dda den 26 juni \u00e4r k\u00e4nda f\u00f6r att vara bra p\u00e5 att inspirera m\u00e4nniskor runt omkring dem eftersom de alltid \u00e4r glada att erbjuda st\u00f6d och hj\u00e4lp n\u00e4r det beh\u00f6vs. <\/p>\n<p>  Deras personligheter k\u00e4nnetecknas av egenskaper som medk\u00e4nsla, f\u00f6rst\u00e5else och p\u00e5litlighet. <\/p>\n<p>P\u00e5 minussidan kan de ibland vara bedr\u00e4gliga och okunniga.<\/p>\n<p>I den h\u00e4r artikeln kommer vi att utforska de unika egenskaperna och egenskaperna hos stj\u00e4rntecknet den 26 juni. <\/p>\n<p>  Vi kommer att f\u00f6rdjupa oss i personligheten hos Kr\u00e4ftans personer f\u00f6dda denna dag, inklusive deras styrkor, svagheter och kompatibilitet med andra stj\u00e4rntecken. <\/p>\n<p>Vi kommer ocks\u00e5 att unders\u00f6ka m\u00e5nens inverkan p\u00e5 dina personligheter och hur den p\u00e5verkar dina k\u00e4nslor och beteende.<\/p>\n<h2 class=\"wp-block-heading\"><span class=\"ez-toc-section\" id=\"Sammanfattning_av_stjarntecknet_den_26_juni\"><\/span><span class=\"ez-toc-section\" id=\"Resumen_del_signo_zodiacal_del_26_de_junio\"><\/span><span id=\"june_26_zodiac_sign_overview\">Sammanfattning av stj\u00e4rntecknet den 26 juni<\/span><span class=\"ez-toc-section-end\"><\/span><span class=\"ez-toc-section-end\"><\/span><\/h2>\n<h3 class=\"wp-block-heading\"><span class=\"ez-toc-section\" id=\"Vilket_ar_stjarntecknet_for_26_juni\"><\/span><span class=\"ez-toc-section\" id=\"%C2%BFCual_es_el_signo_zodiacal_del_26_de_junio\"><\/span><span id=\"what_is_the_june_26_zodiac_sign\">Vilket \u00e4r stj\u00e4rntecknet f\u00f6r 26 juni?<\/span><span class=\"ez-toc-section-end\"><\/span><span class=\"ez-toc-section-end\"><\/span><\/h3>\n<figure class=\"wp-block-image size-full\"><\/figure>\n<p>Stj\u00e4rntecknet f\u00f6r den 26 juni faller under stj\u00e4rntecknet Kr\u00e4ftan. <\/p>\n<p>  M\u00e4nniskor som \u00e4r f\u00f6dda p\u00e5 denna dag p\u00e5verkas av m\u00e5nen, vilket g\u00f6r dem k\u00e4nsliga, k\u00e4nslom\u00e4ssiga och deducible. <\/p>\n<p>  De \u00e4r ocks\u00e5 k\u00e4nda f\u00f6r sin tillgivna och omt\u00e4nksamma natur.<\/p>\n<h3 class=\"wp-block-heading\"><span class=\"ez-toc-section\" id=\"Personlighetsdrag\"><\/span><span class=\"ez-toc-section\" id=\"Rasgos_de_personalidad\"><\/span><span id=\"personality_traits\">Personlighetsdrag<\/span><span class=\"ez-toc-section-end\"><\/span><span class=\"ez-toc-section-end\"><\/span><\/h3>\n<p>M\u00e4nniskor f\u00f6dda den 26 juni \u00e4r k\u00e4nda f\u00f6r sin kreativitet, k\u00e4nslighet och medk\u00e4nsla. <\/p>\n<p>De har en stark \u00f6nskan att hj\u00e4lpa andra och ses ofta som sk\u00f6tare av sin umg\u00e4ngeskrets. <\/p>\n<p>  De \u00e4r ocks\u00e5 k\u00e4nda f\u00f6r sin starka intuition och k\u00e4nslom\u00e4ssiga intelligens, vilket g\u00f6r att de kan f\u00e5 kontakt med andra p\u00e5 en djupare niv\u00e5.<\/p>\n<h3 class=\"wp-block-heading\"><span class=\"ez-toc-section\" id=\"Styrkor_och_svagheter\"><\/span><span class=\"ez-toc-section\" id=\"Fortalezas_y_debilidades\"><\/span><span id=\"strengths_and_weaknesses\">Styrkor och svagheter<\/span><span class=\"ez-toc-section-end\"><\/span><span class=\"ez-toc-section-end\"><\/span><\/h3>\n<p>En av styrkorna hos personer f\u00f6dda den 26 juni \u00e4r deras f\u00f6rm\u00e5ga att k\u00e4nna empati med andra. <\/p>\n<p>  De \u00e4r ocks\u00e5 kreativa och har en stark k\u00e4nsla f\u00f6r intuition. <\/p>\n<p>  D\u00e4remot kan de ibland vara lynniga och \u00f6verk\u00e4nsliga, vilket kan g\u00f6ra det sv\u00e5rt f\u00f6r dem att uppr\u00e4tth\u00e5lla en relation. <\/p>\n<p>De har ocks\u00e5 en tendens att vara passiv-aggressiva, vilket kan orsaka konflikter med andra.<\/p>\n<h3 class=\"wp-block-heading\"><span class=\"ez-toc-section\" id=\"karlek_och_relationer\"><\/span><span class=\"ez-toc-section\" id=\"Amor_y_Relaciones\"><\/span><span id=\"love_and_relationships\">k\u00e4rlek och relationer<\/span><span class=\"ez-toc-section-end\"><\/span><span class=\"ez-toc-section-end\"><\/span><\/h3>\n<p>M\u00e4nniskor f\u00f6dda den 26 juni \u00e4r romantiska och passionerade. <\/p>\n<p>  De \u00e4r lojala och engagerade partners som v\u00e4rdes\u00e4tter k\u00e4nslom\u00e4ssig intimitet i sina relationer. <\/p>\n<p>  De \u00e4r ocks\u00e5 k\u00e4rleksfulla och tillgivna, vilket g\u00f6r dem till utm\u00e4rkta f\u00f6ljeslagare och f\u00f6r\u00e4ldrar. <\/p>\n<p>Din k\u00e4nslighet och hum\u00f6r kan dock ibland skapa utmaningar i dina relationer.<\/p>\n<h3 class=\"wp-block-heading\"><span class=\"ez-toc-section\" id=\"karriar_och_ekonomi\"><\/span><span class=\"ez-toc-section\" id=\"carrera_y_finanzas\"><\/span><span id=\"career_and_finance\">karri\u00e4r och ekonomi<\/span><span class=\"ez-toc-section-end\"><\/span><span class=\"ez-toc-section-end\"><\/span><\/h3>\n<p>M\u00e4nniskor f\u00f6dda den 26 juni \u00e4r kreativa och fantasifulla, vilket g\u00f6r dem l\u00e4mpliga f\u00f6r karri\u00e4rer inom konst, musik och skrivande. <\/p>\n<p>  De \u00e4r ocks\u00e5 medk\u00e4nnande och omt\u00e4nksamma, vilket g\u00f6r dem till utm\u00e4rkta kandidater f\u00f6r karri\u00e4rer inom h\u00e4lsov\u00e5rd och socialt arbete. <\/p>\n<p>De \u00e4r bra p\u00e5 att hantera ekonomi, men kan ha sv\u00e5rt att fatta ekonomiska beslut p\u00e5 grund av sin k\u00e4nslom\u00e4ssiga natur.<\/p>\n<h3 class=\"wp-block-heading\"><span class=\"ez-toc-section\" id=\"Kompatibilitet\"><\/span><span class=\"ez-toc-section\" id=\"Compatibilidad\"><\/span><span id=\"compatibility\">Kompatibilitet<\/span><span class=\"ez-toc-section-end\"><\/span><span class=\"ez-toc-section-end\"><\/span><\/h3>\n<p>M\u00e4nniskor f\u00f6dda den 26 juni \u00e4r mest kompatibla med personer f\u00f6dda under stj\u00e4rntecknen Skorpionen, Fiskarna och Oxen. <\/p>\n<p>  De \u00e4r mindre kompatibla med dem som \u00e4r f\u00f6dda under stj\u00e4rntecknen V\u00e4duren, Tvillingarna och V\u00e5gen.<\/p>\n<p>I allm\u00e4nhet \u00e4r m\u00e4nniskor f\u00f6dda den 26 juni k\u00e4nsliga, omt\u00e4nksamma och kreativa individer som v\u00e4rdes\u00e4tter k\u00e4nslom\u00e4ssiga kontakter med andra. <\/p>\n<p>  De \u00e4r mycket deducible och v\u00e4l f\u00f6rberedda f\u00f6r karri\u00e4rer inom konst och sjukv\u00e5rd.<\/p>\n<h2 class=\"wp-block-heading\"><span class=\"ez-toc-section\" id=\"Personlighetsdrag-2\"><\/span><span class=\"ez-toc-section\" id=\"Rasgos_de_personalidad-2\"><\/span><span id=\"personality_traits-2\">Personlighetsdrag<\/span><span class=\"ez-toc-section-end\"><\/span><span class=\"ez-toc-section-end\"><\/span><\/h2>\n<figure class=\"wp-block-image size-full\"><\/figure>\n<p>M\u00e4nniskor f\u00f6dda den 26 juni \u00e4r under stj\u00e4rntecknet Kr\u00e4ftan. <\/p>\n<p>  De \u00e4r k\u00e4nda f\u00f6r sina unika personlighetsdrag som g\u00f6r att de sticker ut fr\u00e5n m\u00e4ngden. <\/p>\n<p>  H\u00e4r \u00e4r n\u00e5gra av de mest anm\u00e4rkningsv\u00e4rda personlighetsdragen hos dem som \u00e4r f\u00f6dda den 26 juni:<\/p>\n<ul>\n<li><strong>Intuitiv:<\/strong> M\u00e4nniskor f\u00f6dda den 26 juni har en stark intuition som v\u00e4gleder dem i att fatta beslut.\n<p> De litar ofta p\u00e5 sina instinkter om logik och resonemang.<\/p>\n<\/li>\n<li><strong>Emotionell:<\/strong> Cancer \u00e4r ett vattentecken, och m\u00e4nniskor f\u00f6dda den 26 juni \u00e4r k\u00e4nda f\u00f6r sina djupa k\u00e4nslor.\n<p> De \u00e4r ofta k\u00e4nsliga och empatiska och k\u00e4nner djupt f\u00f6r andra.<\/p>\n<\/li>\n<li><strong>Kreativ:<\/strong> De som \u00e4r f\u00f6dda den 26 juni har en naturlig talang f\u00f6r kreativitet.\n<p> De har ofta ett unikt perspektiv p\u00e5 v\u00e4rlden och kan uttrycka sig p\u00e5 en m\u00e4ngd olika s\u00e4tt.<\/p>\n<\/li>\n<li><strong>Ointresserad:<\/strong> M\u00e4nniskor f\u00f6dda den 26 juni s\u00e4tter ofta andras behov f\u00f6re sina egna.\n<p> De \u00e4r gener\u00f6sa och medk\u00e4nnande och \u00e4r alltid villiga att hj\u00e4lpa till.<\/p>\n<\/li>\n<li><strong>Noggrann:<\/strong> De som \u00e4r f\u00f6dda den 26 juni \u00e4r k\u00e4nda f\u00f6r sin uppm\u00e4rksamhet p\u00e5 detaljer.\n<p> De tar ofta l\u00e5ng tid att fatta beslut eftersom de vill f\u00f6rs\u00e4kra sig om att de har \u00f6verv\u00e4gt alla alternativ.<\/p>\n<\/li>\n<li><strong>P\u00e5litlig:<\/strong> M\u00e4nniskor f\u00f6dda den 26 juni \u00e4r p\u00e5litliga och p\u00e5litliga.\n<p> Det \u00e4r ofta de andra v\u00e4nder sig till f\u00f6r att f\u00e5 hj\u00e4lp eller r\u00e5d.<\/p>\n<\/li>\n<\/ul>\n<p>M\u00e4nniskor f\u00f6dda den 26 juni \u00e4r deducible, k\u00e4nslom\u00e4ssiga, kreativa, osj\u00e4lviska, noggranna och p\u00e5litliga. <\/p>\n<p>  Dessa personlighetsdrag g\u00f6r dem unika och v\u00e4rdefulla medlemmar av samh\u00e4llet.<\/p>\n<h2 class=\"wp-block-heading\"><span class=\"ez-toc-section\" id=\"Styrkor_och_svagheter-2\"><\/span><span class=\"ez-toc-section\" id=\"Fortalezas_y_debilidades-2\"><\/span><span id=\"strengths_and_weaknesses-2\">Styrkor och svagheter<\/span><span class=\"ez-toc-section-end\"><\/span><span class=\"ez-toc-section-end\"><\/span><\/h2>\n<figure class=\"wp-block-image size-full\"><\/figure>\n<p>M\u00e4nniskor f\u00f6dda den 26 juni har en kombination av Tvillingarna och Kr\u00e4ftans stj\u00e4rntecken. <\/p>\n<p>  Som ett resultat har de en unik upps\u00e4ttning styrkor och svagheter.<\/p>\n<h3 class=\"wp-block-heading\"><span class=\"ez-toc-section\" id=\"Styrkor\"><\/span><span class=\"ez-toc-section\" id=\"Fortalezas\"><\/span><span id=\"strengths\">Styrkor<\/span><span class=\"ez-toc-section-end\"><\/span><span class=\"ez-toc-section-end\"><\/span><\/h3>\n<p>De som \u00e4r f\u00f6dda den 26 juni \u00e4r mycket ambiti\u00f6sa och m\u00e5linriktade. <\/p>\n<p>  De har stor ledarskapsf\u00f6rm\u00e5ga och \u00e4r inte r\u00e4dda f\u00f6r att ta ansvar n\u00e4r det beh\u00f6vs. <\/p>\n<p>  De \u00e4r ocks\u00e5 v\u00e4ldigt kreativa och har en naturlig talang f\u00f6r probleml\u00f6sning.<\/p>\n<p>M\u00e4nniskor som \u00e4r f\u00f6dda p\u00e5 detta datum \u00e4r mycket empatiska och medk\u00e4nnande. <\/p>\n<p>  De har en stark \u00f6nskan att hj\u00e4lpa andra och \u00e4r alltid villiga att hj\u00e4lpa. <\/p>\n<p>  De \u00e4r ocks\u00e5 mycket lojala och p\u00e5litliga, vilket g\u00f6r dem till fantastiska v\u00e4nner och partners.<\/p>\n<h3 class=\"wp-block-heading\"><span class=\"ez-toc-section\" id=\"svagheter\"><\/span><span class=\"ez-toc-section\" id=\"debilidades\"><\/span><span id=\"weaknesses\">svagheter<\/span><span class=\"ez-toc-section-end\"><\/span><span class=\"ez-toc-section-end\"><\/span><\/h3>\n<p>En av de st\u00f6rsta svagheterna hos dem som \u00e4r f\u00f6dda den 26 juni \u00e4r deras tendens att vara alltf\u00f6r k\u00e4nslom\u00e4ssiga. <\/p>\n<p>  De kan l\u00e4tt bli skadade och kan ta saker f\u00f6r personligt. <\/p>\n<p>  De har ocks\u00e5 en tendens att vara lynniga och of\u00f6ruts\u00e4gbara.<\/p>\n<p>M\u00e4nniskor som \u00e4r f\u00f6dda p\u00e5 detta datum kan ocks\u00e5 vara v\u00e4ldigt obeslutsamma. <\/p>\n<p>  De kan ha sv\u00e5rt att fatta beslut, s\u00e4rskilt n\u00e4r det g\u00e4ller viktiga fr\u00e5gor. <\/p>\n<p>  De kan ocks\u00e5 ha en tendens att skjuta upp, vilket kan leda till missade m\u00f6jligheter.<\/p>\n<p>I allm\u00e4nhet har de som \u00e4r f\u00f6dda den 26 juni en unik upps\u00e4ttning styrkor och svagheter som g\u00f6r dem till de de \u00e4r. <\/p>\n<p>  Genom att acceptera dina styrkor och arbeta med dina svagheter kan du uppn\u00e5 stora saker i livet.<\/p>\n<h2 class=\"wp-block-heading\"><span class=\"ez-toc-section\" id=\"karlek_och_relationer-2\"><\/span><span class=\"ez-toc-section\" id=\"Amor_y_relaciones\"><\/span><span id=\"love_relationships\">k\u00e4rlek och relationer<\/span><span class=\"ez-toc-section-end\"><\/span><span class=\"ez-toc-section-end\"><\/span><\/h2>\n<figure class=\"wp-block-image size-full\"><\/figure>\n<p>M\u00e4nniskor f\u00f6dda den 26 juni \u00e4r mycket k\u00e4nslom\u00e4ssiga och k\u00e4nsliga till sin natur. <\/p>\n<p>  De \u00e4r v\u00e4ldigt tillgivna och \u00e4lskar att uttrycka sina k\u00e4nslor f\u00f6r sina n\u00e4ra och k\u00e4ra. <\/p>\n<p>  De \u00e4r tillgivna, lojala och \u00e4gande i sina relationer. <\/p>\n<p>De vill ha en partner som kan f\u00f6rst\u00e5 deras k\u00e4nslom\u00e4ssiga behov och \u00e5terg\u00e4lda samma niv\u00e5 av k\u00e4rlek och tillgivenhet.<\/p>\n<p>De inf\u00f6dda den 26 juni \u00e4r v\u00e4ldigt romantiska och njuter av sina n\u00e4ra och k\u00e4ra. <\/p>\n<p>  De \u00e4r k\u00e4nda f\u00f6r att vara stora \u00e4lskare och kan vara v\u00e4ldigt passionerade i sina relationer. <\/p>\n<p>  De letar efter en partner som kan matcha deras intensitetsniv\u00e5 och dela sina romantiska \u00f6nskningar.<\/p>\n<p>I ett f\u00f6rh\u00e5llande \u00e4r den 26 juni inf\u00f6dda v\u00e4ldigt engagerade och h\u00e4ngivna sin partner. <\/p>\n<p>  De v\u00e4rdes\u00e4tter lojalitet och \u00e4rlighet och f\u00f6rv\u00e4ntar sig detsamma av sin partner. <\/p>\n<p>  De kan bli v\u00e4ldigt possessiva och avundsjuka om de k\u00e4nner att deras partner inte ger tillbaka sin k\u00e4rlek eller \u00e4r otrogen.<\/p>\n<p>De inf\u00f6dda den 26 juni \u00e4r v\u00e4ldigt deducible och kan l\u00e4tt f\u00e5nga upp k\u00e4nslorna och k\u00e4nslorna hos sin partner. <\/p>\n<p>  De \u00e4r v\u00e4ldigt empatiska och kan vara bra lyssnare. <\/p>\n<p>  De tycker om att spendera kvalitetstid med sin partner och uppskattar de stunder de delar tillsammans.<\/p>\n<p>De inf\u00f6dda i 26 June \u00e4r mycket k\u00e4nslom\u00e4ssiga, romantiska och tillgivna m\u00e4nniskor som letar efter en partner som kan f\u00f6rst\u00e5 och \u00e5terg\u00e4lda deras k\u00e4rlek och tillgivenhet.<\/p>\n<h2 class=\"wp-block-heading\"><span class=\"ez-toc-section\" id=\"Familj\"><\/span><span class=\"ez-toc-section\" id=\"Familia\"><\/span><span id=\"family\">Familj<\/span><span class=\"ez-toc-section-end\"><\/span><span class=\"ez-toc-section-end\"><\/span><\/h2>\n<figure class=\"wp-block-image size-full\"><\/figure>\n<p>Personer f\u00f6dda den 26 juni \u00e4r k\u00e4nda f\u00f6r sina n\u00e4ra familjerelationer. <\/p>\n<p>  De v\u00e4rdes\u00e4tter sin familj och \u00e4r alltid villiga att g\u00e5 ut ur deras s\u00e4tt att se till att deras n\u00e4ra och k\u00e4ra blir v\u00e4l omh\u00e4ndertagna.<\/p>\n<h3 class=\"wp-block-heading\"><span class=\"ez-toc-section\" id=\"Familjerelationer\"><\/span><span class=\"ez-toc-section\" id=\"Relaciones_familiares\"><\/span><span id=\"family_relationships\">Familjerelationer<\/span><span class=\"ez-toc-section-end\"><\/span><span class=\"ez-toc-section-end\"><\/span><\/h3>\n<p>26 juni stj\u00e4rnteckenindivider \u00e4r k\u00e4nda f\u00f6r sin v\u00e5rdande och tillgivna natur, vilket g\u00f6r dem till utm\u00e4rkta familjemedlemmar. <\/p>\n<p>  De finns alltid d\u00e4r f\u00f6r att ge en hj\u00e4lpande hand, ett lyssnande \u00f6ra och en axel att gr\u00e5ta p\u00e5. <\/p>\n<p>  De \u00e4r djupt kopplade till sin familj och v\u00e4rdes\u00e4tter de band de delar.<\/p>\n<h3 class=\"wp-block-heading\"><span class=\"ez-toc-section\" id=\"Naring_och_kreativitet\"><\/span><span class=\"ez-toc-section\" id=\"Nutricion_y_Creatividad\"><\/span><span id=\"nurturing_and_creativity\">N\u00e4ring och kreativitet<\/span><span class=\"ez-toc-section-end\"><\/span><span class=\"ez-toc-section-end\"><\/span><\/h3>\n<p>De som \u00e4r f\u00f6dda den 26 juni har en naturlig b\u00f6jelse f\u00f6r omv\u00e5rdnad och kreativitet. <\/p>\n<p>De dras ofta till karri\u00e4rer som l\u00e5ter dem uttrycka sin kreativitet och hj\u00e4lpa andra samtidigt. <\/p>\n<p>  De \u00e4r bra p\u00e5 att inspirera m\u00e4nniskorna omkring dem och \u00e4r alltid glada att erbjuda st\u00f6d och hj\u00e4lp n\u00e4r det beh\u00f6vs.<\/p>\n<h3 class=\"wp-block-heading\"><span class=\"ez-toc-section\" id=\"familjekonflikt\"><\/span><span class=\"ez-toc-section\" id=\"Conflicto_familiar\"><\/span><span id=\"family_conflict\">familjekonflikt<\/span><span class=\"ez-toc-section-end\"><\/span><span class=\"ez-toc-section-end\"><\/span><\/h3>\n<p>Medan m\u00e4nniskor i stj\u00e4rntecken den 26 juni v\u00e4rdes\u00e4tter sina familjerelationer, kan konflikter uppst\u00e5 d\u00e5 och d\u00e5. <\/p>\n<p>  De kan vara ganska k\u00e4nsliga och k\u00e4nslom\u00e4ssiga, vilket ibland kan leda till missf\u00f6rst\u00e5nd och s\u00e5rade k\u00e4nslor. <\/p>\n<p>De \u00e4r dock oftast snabba med att f\u00f6rl\u00e5ta och \u00e4r alltid villiga att arbeta f\u00f6r att l\u00f6sa konflikter som kan uppst\u00e5.<\/p>\n<p>M\u00e4nniskor f\u00f6dda den 26 juni har en stark anknytning till sin familj och \u00e4r k\u00e4nda f\u00f6r sin k\u00e4rleksfulla och omt\u00e4nksamma natur. <\/p>\n<p>  De v\u00e4rdes\u00e4tter sina familjerelationer och \u00e4r alltid villiga att g\u00e5 ut ur deras s\u00e4tt att se till att deras n\u00e4ra och k\u00e4ra tas v\u00e4l om hand. <\/p>\n<p>\u00c4ven om konflikter kan uppst\u00e5, \u00e4r de vanligtvis snabba att f\u00f6rl\u00e5ta och arbetar f\u00f6r att l\u00f6sa eventuella problem som kan uppst\u00e5.<\/p>\n<h2 class=\"wp-block-heading\"><span class=\"ez-toc-section\" id=\"karriar_och_ekonomi-2\"><\/span><span class=\"ez-toc-section\" id=\"carrera_y_finanzas-2\"><\/span><span id=\"career_and_finance-2\">karri\u00e4r och ekonomi<\/span><span class=\"ez-toc-section-end\"><\/span><span class=\"ez-toc-section-end\"><\/span><\/h2>\n<h3 class=\"wp-block-heading\"><span class=\"ez-toc-section\" id=\"Karriarsmal\"><\/span><span class=\"ez-toc-section\" id=\"Objetivos_profesionales\"><\/span><span id=\"career_goals\">Karri\u00e4rsm\u00e5l<\/span><span class=\"ez-toc-section-end\"><\/span><span class=\"ez-toc-section-end\"><\/span><\/h3>\n<figure class=\"wp-block-image size-full\"><\/figure>\n<p>M\u00e4nniskor f\u00f6dda den 26 juni dras ofta till karri\u00e4rer som g\u00f6r att de kan hj\u00e4lpa andra. <\/p>\n<p>  De har en naturlig \u00f6nskan att g\u00f6ra en positiv inverkan i v\u00e4rlden och \u00e4r glada n\u00e4r de kan se p\u00e5tagliga resultat av sina anstr\u00e4ngningar. <\/p>\n<p>N\u00e5gra karri\u00e4rer som kan tilltala personer den 26 juni inkluderar utbildning, socialt arbete och offentlig service.<\/p>\n<h3 class=\"wp-block-heading\"><span class=\"ez-toc-section\" id=\"Pa_arbetsplatsen\"><\/span><span class=\"ez-toc-section\" id=\"En_el_lugar_de_trabajo\"><\/span><span id=\"in_the_workplace\">P\u00e5 arbetsplatsen<\/span><span class=\"ez-toc-section-end\"><\/span><span class=\"ez-toc-section-end\"><\/span><\/h3>\n<p>26 juni trivs m\u00e4nniskor i arbetsmilj\u00f6er som \u00e4r st\u00f6djande och samarbetsvilliga. <\/p>\n<p>  De fungerar b\u00e4st n\u00e4r de kan dela id\u00e9er med andra och f\u00e5 retroalimentaci\u00f3n p\u00e5 sitt arbete. <\/p>\n<p>De \u00e4r ocks\u00e5 detaljorienterade och analytiska t\u00e4nkare, vilket g\u00f6r dem v\u00e4l l\u00e4mpade f\u00f6r positioner som kr\u00e4ver uppm\u00e4rksamhet p\u00e5 detaljer och probleml\u00f6sningsf\u00f6rm\u00e5ga.<\/p>\n<h3 class=\"wp-block-heading\"><span class=\"ez-toc-section\" id=\"professionell_inspiration\"><\/span><span class=\"ez-toc-section\" id=\"Inspiracion_profesional\"><\/span><span id=\"career_inspiration\">professionell inspiration<\/span><span class=\"ez-toc-section-end\"><\/span><span class=\"ez-toc-section-end\"><\/span><\/h3>\n<p>M\u00e4nniskor den 26 juni kan hitta inspiration i ber\u00e4ttelser om andra som har haft en betydande inverkan p\u00e5 sina valda karri\u00e4rer. <\/p>\n<p>Till exempel kan de beundra m\u00e4nniskor som Malala Yousafzai, som har \u00e4gnat sitt liv \u00e5t att f\u00f6respr\u00e5ka utbildning och kvinnors r\u00e4ttigheter, eller Jane Addams, som grundade Hull House, ett bos\u00e4ttningshus som gav sociala tj\u00e4nster till Chicagos fattiga.<\/p>\n<p>N\u00e4r det kommer till ekonomi kan personer den 26 juni ha sv\u00e5rt att balansera sin \u00f6nskan att hj\u00e4lpa andra med sin egen ekonomiska stabilitet. <\/p>\n<p>Det \u00e4r viktigt att de hittar en karri\u00e4rv\u00e4g som l\u00e5ter dem g\u00f6ra en positiv inverkan samtidigt som de ger dem den ekonomiska stabilitet de beh\u00f6ver f\u00f6r att f\u00f6rs\u00f6rja sig sj\u00e4lva och sina n\u00e4ra och k\u00e4ra. <\/p>\n<p>I allm\u00e4nhet drivs m\u00e4nniskor den 26 juni av en \u00f6nskan att g\u00f6ra skillnad i v\u00e4rlden och \u00e4r lyckligast n\u00e4r de kan g\u00f6ra det under hela sin karri\u00e4r.<\/p>\n<h2 class=\"wp-block-heading\"><span class=\"ez-toc-section\" id=\"Halsa\"><\/span><span class=\"ez-toc-section\" id=\"Salud\"><\/span><span id=\"health\">H\u00e4lsa<\/span><span class=\"ez-toc-section-end\"><\/span><span class=\"ez-toc-section-end\"><\/span><\/h2>\n<figure class=\"wp-block-image size-full\"><\/figure>\n<p>M\u00e4nniskor f\u00f6dda den 26 juni har ett starkt samband mellan sin k\u00e4nslom\u00e4ssiga och fysiska h\u00e4lsa. <\/p>\n<p>  De \u00e4r i allm\u00e4nhet friska individer, men man m\u00e5ste se till att uppr\u00e4tth\u00e5lla en balans mellan deras k\u00e4nslom\u00e4ssiga och fysiska v\u00e4lbefinnande.<\/p>\n<h3 class=\"wp-block-heading\"><span class=\"ez-toc-section\" id=\"Emotionell_halsa\"><\/span><span class=\"ez-toc-section\" id=\"Salud_emocional\"><\/span><span id=\"emotional_health\">Emotionell h\u00e4lsa<\/span><span class=\"ez-toc-section-end\"><\/span><span class=\"ez-toc-section-end\"><\/span><\/h3>\n<p>M\u00e4nniskor med stj\u00e4rntecknet den 26 juni \u00e4r mycket k\u00e4nsliga och k\u00e4nslom\u00e4ssiga. <\/p>\n<p>  De tenderar att undertrycka sina k\u00e4nslor, vilket kan leda till \u00e5ngest och depression. <\/p>\n<p>  Det \u00e4r viktigt att de uttrycker sina k\u00e4nslor och s\u00f6ker st\u00f6d fr\u00e5n n\u00e4ra och k\u00e4ra eller en mentalv\u00e5rdspersonal om det beh\u00f6vs.<\/p>\n<h3 class=\"wp-block-heading\"><span class=\"ez-toc-section\" id=\"Fysisk_halsa\"><\/span><span class=\"ez-toc-section\" id=\"Salud_fisica\"><\/span><span id=\"physical_health\">Fysisk h\u00e4lsa<\/span><span class=\"ez-toc-section-end\"><\/span><span class=\"ez-toc-section-end\"><\/span><\/h3>\n<p>M\u00e4nniskor med stj\u00e4rntecknet den 26 juni har en tendens att \u00e4ta f\u00f6r mycket och dricka, vilket kan leda till vikt\u00f6kning och andra h\u00e4lsoproblem. <\/p>\n<p>  De m\u00e5ste uppr\u00e4tth\u00e5lla en balanserad kost och regelbunden tr\u00e4ning f\u00f6r att h\u00e5lla sig friska. <\/p>\n<p>De \u00e4r ocks\u00e5 ben\u00e4gna att f\u00e5 matsm\u00e4ltningsproblem, s\u00e5 det \u00e4r viktigt att de bibeh\u00e5ller en frisk tarm.<\/p>\n<h3 class=\"wp-block-heading\"><span class=\"ez-toc-section\" id=\"Barns_halsa\"><\/span><span class=\"ez-toc-section\" id=\"Salud_Infantil\"><\/span><span id=\"children8217s_health\">Barns h\u00e4lsa<\/span><span class=\"ez-toc-section-end\"><\/span><span class=\"ez-toc-section-end\"><\/span><\/h3>\n<p>F\u00f6r\u00e4ldrar till stj\u00e4rntecknet den 26 juni \u00e4r mycket omt\u00e4nksamma och tillgivna mot sina barn. <\/p>\n<p>De tenderar att vara \u00f6verbeskyddande, vilket kan leda till att deras barn skyddas och inte exponeras f\u00f6r omv\u00e4rlden. <\/p>\n<p>  Det \u00e4r viktigt f\u00f6r dem att hitta en balans mellan att skydda sina barn och att l\u00e5ta dem utforska och l\u00e4ra p\u00e5 egen hand.<\/p>\n<p>Sammanfattningsvis m\u00e5ste personer med stj\u00e4rntecknet den 26 juni uppr\u00e4tth\u00e5lla en balans mellan sin k\u00e4nslom\u00e4ssiga och fysiska h\u00e4lsa. <\/p>\n<p>De beh\u00f6ver uttrycka sina k\u00e4nslor och s\u00f6ka st\u00f6d vid behov, uppr\u00e4tth\u00e5lla en h\u00e4lsosam kost och tr\u00e4ningsrutin och hitta en balans mellan att skydda sina barn och l\u00e5ta dem utforska och l\u00e4ra sig p\u00e5 egen hand.<\/p>\n<h2 class=\"wp-block-heading\"><span class=\"ez-toc-section\" id=\"Kanda_personer_fodda_den_26_juni\"><\/span><span class=\"ez-toc-section\" id=\"Personajes_famosos_nacidos_el_26_de_junio\"><\/span><span id=\"famous_people_born_on_june_26\">K\u00e4nda personer f\u00f6dda den 26 juni<\/span><span class=\"ez-toc-section-end\"><\/span><span class=\"ez-toc-section-end\"><\/span><\/h2>\n<figure class=\"wp-block-image size-full\"><\/figure>\n<p>M\u00e4nniskor f\u00f6dda den 26 juni f\u00f6ds under stj\u00e4rntecknet Kr\u00e4ftan. <\/p>\n<p>  De \u00e4r k\u00e4nda f\u00f6r sitt k\u00e4nslom\u00e4ssiga djup, intuition och omt\u00e4nksamma natur. <\/p>\n<p>  H\u00e4r \u00e4r n\u00e5gra k\u00e4nda personer f\u00f6dda den 26 juni:<\/p>\n<ul>\n<li><strong>Ariana Grande<\/strong>: Den h\u00e4r amerikanska s\u00e5ngerskan och sk\u00e5despelerskan f\u00f6ddes den 26 juni 1993.\n<p>Hon blev ber\u00f6mmelse med sin roll i Nickelodeon-serien \u00abVictorious\u00bb och har sedan dess blivit en av de st\u00f6rsta popstj\u00e4rnorna i v\u00e4rlden.<\/p>\n<\/li>\n<li><strong>Derek Jeter<\/strong>: Den h\u00e4r f\u00f6re detta professionella basebollspelaren f\u00f6ddes den 26 juni 1974.\n<p>Han spelade f\u00f6r New York Yanquis hela sin karri\u00e4r och anses vara en av de b\u00e4sta kortstopparna i basebollhistorien.<\/p>\n<\/li>\n<li><strong>Chris O&#8217;Donnell<\/strong>: Den h\u00e4r amerikanska sk\u00e5despelaren f\u00f6ddes den 26 juni 1970.\n<p>Han \u00e4r k\u00e4nd f\u00f6r sina roller i filmer som \u00abScent of a Woman\u00bb och \u00abBatman Forever\u00bb samt sin roll i televisi\u00f3n-serien \u00abNCIS: Los Angeles\u00bb.<\/p>\n<\/li>\n<li><strong>Mick Fleetwood<\/strong>: Den h\u00e4r brittiska musikern f\u00f6ddes den 26 juni 1947.\n<p>Han \u00e4r trummis och medgrundare av bandet Fleetwood Mac, som har s\u00e5lt mer \u00e4n 100 miljoner skivor v\u00e4rlden \u00f6ver.<\/p>\n<\/li>\n<li><strong>p\u00e4rla s.\n<p>dollar<\/p>\n<p><\/strong>: Den h\u00e4r amerikanska f\u00f6rfattaren f\u00f6ddes den 26 juni 1892. <\/p>\n<p>Hon vann Pulitzerpriset i sk\u00f6nlitteratur 1932 f\u00f6r sin roman \u00abThe Good Earth\u00bb och var den f\u00f6rsta amerikanska kvinnan att vinna Nobelpriset i litteratur 1938.<\/p>\n<\/li>\n<\/ul>\n<p>Dessa ber\u00f6mda personer f\u00f6dda den 26 juni visar det k\u00e4nslom\u00e4ssiga djupet och kreativiteten som ofta f\u00f6rknippas med dem som \u00e4r f\u00f6dda under stj\u00e4rntecknet Cancer.<\/p>\n<h2 class=\"wp-block-heading\"><span class=\"ez-toc-section\" id=\"Historiskt_viktiga_handelser_den_26_juni\"><\/span><span class=\"ez-toc-section\" id=\"Eventos_de_importancia_historica_el_26_de_junio\"><\/span><span id=\"events_of_historical_significance_on_june_26\">Historiskt viktiga h\u00e4ndelser den 26 juni<\/span><span class=\"ez-toc-section-end\"><\/span><span class=\"ez-toc-section-end\"><\/span><\/h2>\n<figure class=\"wp-block-image size-full\"><\/figure>\n<p>Den 26 juni har sett m\u00e5nga viktiga h\u00e4ndelser genom historien. <\/p>\n<p>  H\u00e4r \u00e4r n\u00e5gra anm\u00e4rkningsv\u00e4rda:<\/p>\n<p>Den 26 juni har ocks\u00e5 haft n\u00e5gra anm\u00e4rkningsv\u00e4rda f\u00f6delsedagar, inklusive Ariana Grande, som f\u00f6ddes 1993, och Beno\u00eet Hamon, som f\u00f6ddes 1967.<\/p>\n<p>I allm\u00e4nhet har den 26 juni varit en dag av b\u00e5de triumfer och tragedier genom historien.<\/p>\n<h2 class=\"wp-block-heading\"><span class=\"ez-toc-section\" id=\"slutgiltiga_tankar\"><\/span><span class=\"ez-toc-section\" id=\"Pensamientos_finales\"><\/span><span id=\"final_thoughts\">slutgiltiga tankar<\/span><span class=\"ez-toc-section-end\"><\/span><span class=\"ez-toc-section-end\"><\/span><\/h2>\n<p>De som \u00e4r f\u00f6dda den 26 juni \u00e4r speciella individer med unika personligheter och egenskaper. <\/p>\n<p>  De \u00e4r k\u00e4nda f\u00f6r sin k\u00e4nslighet, fantasi och praktiska. <\/p>\n<p>  Deras kombination av Tvilling- och Cancer-egenskaper g\u00f6r dem m\u00e5ngsidiga och anpassningsbara, kan hantera alla situationer som de kastas ut.<\/p>\n<p>M\u00e4nniskor som \u00e4r f\u00f6dda denna dag \u00e4r naturliga v\u00e5rdare och beskyddare, alltid p\u00e5 jakt efter sina n\u00e4ra och k\u00e4ra. <\/p>\n<p>  De \u00e4r ocks\u00e5 kreativa och konstn\u00e4rliga, med ett \u00f6ga f\u00f6r sk\u00f6nhet och estetik. <\/p>\n<p>  Deras starka intuition och k\u00e4nslom\u00e4ssiga intelligens g\u00f6r dem till utm\u00e4rkta kommunikat\u00f6rer och medlare.<\/p>\n<p>De kan ibland vara ben\u00e4gna att f\u00e5 hum\u00f6rsv\u00e4ngningar och \u00e5ngest, vilket kan p\u00e5verka deras f\u00f6rm\u00e5ga att fatta beslut. <\/p>\n<p>  Det \u00e4r viktigt att de som \u00e4r f\u00f6dda den 26 juni tar hand om sin psykiska h\u00e4lsa och s\u00f6ker hj\u00e4lp n\u00e4r de beh\u00f6ver det.<\/p>\n<p>I allm\u00e4nhet de som \u00e4r f\u00f6dda den 26 juni de \u00e4r komplexa och fascinerande m\u00e4nniskor som har mycket att erbjuda v\u00e4rlden. <\/p>\n<p>  Med sin unika kombination av egenskaper och talanger \u00e4r de kapabla att uppn\u00e5 fantastiska saker och g\u00f6ra en positiv inverkan p\u00e5 omgivningen.<\/p>\n<h2><span class=\"ez-toc-section\" id=\"Forklaring_av_stjarntecknen_i_juni_for_varje_dag_i_manaden\"><\/span><span class=\"ez-toc-section\" id=\"Explicacion_de_los_signos_del_zodiaco_de_junio_para_cada_dia_del_mes\"><\/span><span id=\"june_zodiac_signs_explained_for_each_day_of_the_month\">F\u00f6rklaring av stj\u00e4rntecknen i juni f\u00f6r varje dag i m\u00e5naden<\/span><span class=\"ez-toc-section-end\"><\/span><span class=\"ez-toc-section-end\"><\/span><\/h2>\n<h2 class=\"wp-block-heading\" id=\"articles-related-to-the-cancer-man\"><span class=\"ez-toc-section\" id=\"Cancerrelaterade_artiklar\"><\/span><span class=\"ez-toc-section\" id=\"Articulos_Relacionados_con_el_Cancer\"><\/span><span id=\"articles_related_to_the_cancer\">Cancerrelaterade artiklar<\/span><span class=\"ez-toc-section-end\"><\/span><span class=\"ez-toc-section-end\"><\/span><\/h2>\n<p>Vi hoppas att du gillade v\u00e5r artikel 26 juni Stj\u00e4rntecken: f\u00f6rst\u00e5 egenskaperna och allt relaterat till horoskop, tarot, ritualer och allt relaterat..<\/p>\n<figure class=\"wp-block-table is-style-regular\">\n<\/figure>\n<p>Intressanta saker att veta inneb\u00f6rden: Ritualer  <\/p>\n<p>\u00c4ven h\u00e4r l\u00e4mnar vi \u00e4mnen relaterade till: Ritualer <\/p>\n<\/p>\n<p><\/p>\n<p>Vi hoppas att du gillade v\u00e5r artikel 26 juni Stj\u00e4rntecken: f\u00f6rst\u00e5else f\u00f6r<br \/>\n och allt om horoskop, tarot, ritualer och allt relaterat till det &#8230;<\/p>\n<figure class=\"wp-block-table is-style-regular\">\n<table style=\"width: 284px; height: 157px;\">\n<tbody>\n<tr>\n<td class=\"has-text-align-center\" data-align=\"center\"><img loading=\"lazy\" decoding=\"async\" class=\"alignleft\" src=\" https:\/\/goroskop.tv\/wp-content\/uploads\/2023\/05\/rituales1.jpg \" alt=\" 26 juni Stj\u00e4rntecken: f\u00f6rst\u00e5else f\u00f6r\n \" width=\"65\" height=\"95\" title=\"\"><img loading=\"lazy\" decoding=\"async\" class=\"alignleft\" style=\"width: 60px;\" src=\" https:\/\/goroskop.tv\/wp-content\/uploads\/2023\/05\/rituales2.jpg \" alt=\" 26 juni Stj\u00e4rntecken: f\u00f6rst\u00e5else f\u00f6r\n \" width=\"195\" height=\"300\" title=\"\"><img decoding=\"async\" class=\"alignleft\" style=\"width: 60px;\" src=\" https:\/\/goroskop.tv\/wp-content\/uploads\/2023\/05\/rituales3.jpg \" alt=\" 26 juni Stj\u00e4rntecken: f\u00f6rst\u00e5else f\u00f6r\n \" title=\"\"><\/td>\n<\/tr>\n<\/tbody>\n<\/table>\n<\/figure>\n<p>Intressanta saker att veta inneb\u00f6rden: <a href=\"https:\/\/sv.wikipedia.org\/wiki\/Ritualer\" target=\"_blank\" rel=\"nofollow noopener\"> Ritualer <\/a> <\/p>\n<p>H\u00e4r l\u00e4mnar vi ocks\u00e5 \u00e4mnen relaterade till: <a href=\" https:\/\/goroskop.tv\/sw\/karriarguide-for-stjarntecken-den-basta\/\">Ritualer<\/a><\/p>\n<div id=\"ez-toc-container\" class=\"ez-toc-v2_0_82_2 ez-toc-wrap-center counter-hierarchy ez-toc-counter ez-toc-grey ez-toc-container-direction\">\n<div class=\"ez-toc-title-container\">\n<div class=\"ez-toc-title\" style=\"cursor:inherit\">Table of Contents<\/div>\n<span class=\"ez-toc-title-toggle\"><a href=\"#\" class=\"ez-toc-pull-right ez-toc-btn ez-toc-btn-xs ez-toc-btn-default ez-toc-toggle\" aria-label=\"Alternar tabla de contenidos\"><span class=\"ez-toc-js-icon-con\"><span class=\"\"><span class=\"eztoc-hide\" style=\"display:none;\">Toggle<\/span><span class=\"ez-toc-icon-toggle-span\"><svg style=\"fill: #999;color:#999\" xmlns=\"http:\/\/www.w3.org\/2000\/svg\" class=\"list-377408\" width=\"20px\" height=\"20px\" viewBox=\"0 0 24 24\" fill=\"none\"><path d=\"M6 6H4v2h2V6zm14 0H8v2h12V6zM4 11h2v2H4v-2zm16 0H8v2h12v-2zM4 16h2v2H4v-2zm16 0H8v2h12v-2z\" fill=\"currentColor\"><\/path><\/svg><svg style=\"fill: #999;color:#999\" class=\"arrow-unsorted-368013\" xmlns=\"http:\/\/www.w3.org\/2000\/svg\" width=\"10px\" height=\"10px\" viewBox=\"0 0 24 24\" version=\"1.2\" baseProfile=\"tiny\"><path d=\"M18.2 9.3l-6.2-6.3-6.2 6.3c-.2.2-.3.4-.3.7s.1.5.3.7c.2.2.4.3.7.3h11c.3 0 .5-.1.7-.3.2-.2.3-.5.3-.7s-.1-.5-.3-.7zM5.8 14.7l6.2 6.3 6.2-6.3c.2-.2.3-.5.3-.7s-.1-.5-.3-.7c-.2-.2-.4-.3-.7-.3h-11c-.3 0-.5.1-.7.3-.2.2-.3.5-.3.7s.1.5.3.7z\"\/><\/svg><\/span><\/span><\/span><\/a><\/span><\/div>\n<nav><ul class='ez-toc-list ez-toc-list-level-1 eztoc-toggle-hide-by-default' ><li class='ez-toc-page-1 ez-toc-heading-level-2'><a class=\"ez-toc-link ez-toc-heading-1\" href=\"https:\/\/goroskop.tv\/sw\/26-juni-stjarntecken-forstaelse-for\/#26_juni_Stjarntecken_Forsta_egenskaper\" >26 juni Stj\u00e4rntecken: F\u00f6rst\u00e5 egenskaper<\/a><\/li><li class='ez-toc-page-1 ez-toc-heading-level-2'><a class=\"ez-toc-link ez-toc-heading-2\" href=\"https:\/\/goroskop.tv\/sw\/26-juni-stjarntecken-forstaelse-for\/#Sammanfattning_av_stjarntecknet_den_26_juni\" >Sammanfattning av stj\u00e4rntecknet den 26 juni<\/a><ul class='ez-toc-list-level-3' ><li class='ez-toc-heading-level-3'><a class=\"ez-toc-link ez-toc-heading-3\" href=\"https:\/\/goroskop.tv\/sw\/26-juni-stjarntecken-forstaelse-for\/#Vilket_ar_stjarntecknet_for_26_juni\" >Vilket \u00e4r stj\u00e4rntecknet f\u00f6r 26 juni?<\/a><\/li><li class='ez-toc-page-1 ez-toc-heading-level-3'><a class=\"ez-toc-link ez-toc-heading-4\" href=\"https:\/\/goroskop.tv\/sw\/26-juni-stjarntecken-forstaelse-for\/#Personlighetsdrag\" >Personlighetsdrag<\/a><\/li><li class='ez-toc-page-1 ez-toc-heading-level-3'><a class=\"ez-toc-link ez-toc-heading-5\" href=\"https:\/\/goroskop.tv\/sw\/26-juni-stjarntecken-forstaelse-for\/#Styrkor_och_svagheter\" >Styrkor och svagheter<\/a><\/li><li class='ez-toc-page-1 ez-toc-heading-level-3'><a class=\"ez-toc-link ez-toc-heading-6\" href=\"https:\/\/goroskop.tv\/sw\/26-juni-stjarntecken-forstaelse-for\/#karlek_och_relationer\" >k\u00e4rlek och relationer<\/a><\/li><li class='ez-toc-page-1 ez-toc-heading-level-3'><a class=\"ez-toc-link ez-toc-heading-7\" href=\"https:\/\/goroskop.tv\/sw\/26-juni-stjarntecken-forstaelse-for\/#karriar_och_ekonomi\" >karri\u00e4r och ekonomi<\/a><\/li><li class='ez-toc-page-1 ez-toc-heading-level-3'><a class=\"ez-toc-link ez-toc-heading-8\" href=\"https:\/\/goroskop.tv\/sw\/26-juni-stjarntecken-forstaelse-for\/#Kompatibilitet\" >Kompatibilitet<\/a><\/li><\/ul><\/li><li class='ez-toc-page-1 ez-toc-heading-level-2'><a class=\"ez-toc-link ez-toc-heading-9\" href=\"https:\/\/goroskop.tv\/sw\/26-juni-stjarntecken-forstaelse-for\/#Personlighetsdrag-2\" >Personlighetsdrag<\/a><\/li><li class='ez-toc-page-1 ez-toc-heading-level-2'><a class=\"ez-toc-link ez-toc-heading-10\" href=\"https:\/\/goroskop.tv\/sw\/26-juni-stjarntecken-forstaelse-for\/#Styrkor_och_svagheter-2\" >Styrkor och svagheter<\/a><ul class='ez-toc-list-level-3' ><li class='ez-toc-heading-level-3'><a class=\"ez-toc-link ez-toc-heading-11\" href=\"https:\/\/goroskop.tv\/sw\/26-juni-stjarntecken-forstaelse-for\/#Styrkor\" >Styrkor<\/a><\/li><li class='ez-toc-page-1 ez-toc-heading-level-3'><a class=\"ez-toc-link ez-toc-heading-12\" href=\"https:\/\/goroskop.tv\/sw\/26-juni-stjarntecken-forstaelse-for\/#svagheter\" >svagheter<\/a><\/li><\/ul><\/li><li class='ez-toc-page-1 ez-toc-heading-level-2'><a class=\"ez-toc-link ez-toc-heading-13\" href=\"https:\/\/goroskop.tv\/sw\/26-juni-stjarntecken-forstaelse-for\/#karlek_och_relationer-2\" >k\u00e4rlek och relationer<\/a><\/li><li class='ez-toc-page-1 ez-toc-heading-level-2'><a class=\"ez-toc-link ez-toc-heading-14\" href=\"https:\/\/goroskop.tv\/sw\/26-juni-stjarntecken-forstaelse-for\/#Familj\" >Familj<\/a><ul class='ez-toc-list-level-3' ><li class='ez-toc-heading-level-3'><a class=\"ez-toc-link ez-toc-heading-15\" href=\"https:\/\/goroskop.tv\/sw\/26-juni-stjarntecken-forstaelse-for\/#Familjerelationer\" >Familjerelationer<\/a><\/li><li class='ez-toc-page-1 ez-toc-heading-level-3'><a class=\"ez-toc-link ez-toc-heading-16\" href=\"https:\/\/goroskop.tv\/sw\/26-juni-stjarntecken-forstaelse-for\/#Naring_och_kreativitet\" >N\u00e4ring och kreativitet<\/a><\/li><li class='ez-toc-page-1 ez-toc-heading-level-3'><a class=\"ez-toc-link ez-toc-heading-17\" href=\"https:\/\/goroskop.tv\/sw\/26-juni-stjarntecken-forstaelse-for\/#familjekonflikt\" >familjekonflikt<\/a><\/li><\/ul><\/li><li class='ez-toc-page-1 ez-toc-heading-level-2'><a class=\"ez-toc-link ez-toc-heading-18\" href=\"https:\/\/goroskop.tv\/sw\/26-juni-stjarntecken-forstaelse-for\/#karriar_och_ekonomi-2\" >karri\u00e4r och ekonomi<\/a><ul class='ez-toc-list-level-3' ><li class='ez-toc-heading-level-3'><a class=\"ez-toc-link ez-toc-heading-19\" href=\"https:\/\/goroskop.tv\/sw\/26-juni-stjarntecken-forstaelse-for\/#Karriarsmal\" >Karri\u00e4rsm\u00e5l<\/a><\/li><li class='ez-toc-page-1 ez-toc-heading-level-3'><a class=\"ez-toc-link ez-toc-heading-20\" href=\"https:\/\/goroskop.tv\/sw\/26-juni-stjarntecken-forstaelse-for\/#Pa_arbetsplatsen\" >P\u00e5 arbetsplatsen<\/a><\/li><li class='ez-toc-page-1 ez-toc-heading-level-3'><a class=\"ez-toc-link ez-toc-heading-21\" href=\"https:\/\/goroskop.tv\/sw\/26-juni-stjarntecken-forstaelse-for\/#professionell_inspiration\" >professionell inspiration<\/a><\/li><\/ul><\/li><li class='ez-toc-page-1 ez-toc-heading-level-2'><a class=\"ez-toc-link ez-toc-heading-22\" href=\"https:\/\/goroskop.tv\/sw\/26-juni-stjarntecken-forstaelse-for\/#Halsa\" >H\u00e4lsa<\/a><ul class='ez-toc-list-level-3' ><li class='ez-toc-heading-level-3'><a class=\"ez-toc-link ez-toc-heading-23\" href=\"https:\/\/goroskop.tv\/sw\/26-juni-stjarntecken-forstaelse-for\/#Emotionell_halsa\" >Emotionell h\u00e4lsa<\/a><\/li><li class='ez-toc-page-1 ez-toc-heading-level-3'><a class=\"ez-toc-link ez-toc-heading-24\" href=\"https:\/\/goroskop.tv\/sw\/26-juni-stjarntecken-forstaelse-for\/#Fysisk_halsa\" >Fysisk h\u00e4lsa<\/a><\/li><li class='ez-toc-page-1 ez-toc-heading-level-3'><a class=\"ez-toc-link ez-toc-heading-25\" href=\"https:\/\/goroskop.tv\/sw\/26-juni-stjarntecken-forstaelse-for\/#Barns_halsa\" >Barns h\u00e4lsa<\/a><\/li><\/ul><\/li><li class='ez-toc-page-1 ez-toc-heading-level-2'><a class=\"ez-toc-link ez-toc-heading-26\" href=\"https:\/\/goroskop.tv\/sw\/26-juni-stjarntecken-forstaelse-for\/#Kanda_personer_fodda_den_26_juni\" >K\u00e4nda personer f\u00f6dda den 26 juni<\/a><\/li><li class='ez-toc-page-1 ez-toc-heading-level-2'><a class=\"ez-toc-link ez-toc-heading-27\" href=\"https:\/\/goroskop.tv\/sw\/26-juni-stjarntecken-forstaelse-for\/#Historiskt_viktiga_handelser_den_26_juni\" >Historiskt viktiga h\u00e4ndelser den 26 juni<\/a><\/li><li class='ez-toc-page-1 ez-toc-heading-level-2'><a class=\"ez-toc-link ez-toc-heading-28\" href=\"https:\/\/goroskop.tv\/sw\/26-juni-stjarntecken-forstaelse-for\/#slutgiltiga_tankar\" >slutgiltiga tankar<\/a><\/li><li class='ez-toc-page-1 ez-toc-heading-level-2'><a class=\"ez-toc-link ez-toc-heading-29\" href=\"https:\/\/goroskop.tv\/sw\/26-juni-stjarntecken-forstaelse-for\/#Forklaring_av_stjarntecknen_i_juni_for_varje_dag_i_manaden\" >F\u00f6rklaring av stj\u00e4rntecknen i juni f\u00f6r varje dag i m\u00e5naden<\/a><\/li><li class='ez-toc-page-1 ez-toc-heading-level-2'><a class=\"ez-toc-link ez-toc-heading-30\" href=\"https:\/\/goroskop.tv\/sw\/26-juni-stjarntecken-forstaelse-for\/#Cancerrelaterade_artiklar\" >Cancerrelaterade artiklar<\/a><\/li><\/ul><\/nav><\/div>\n","protected":false},"excerpt":{"rendered":"<p>26 juni Stj\u00e4rntecken: F\u00f6rst\u00e5 egenskaper Vekke Sind st\u00f6ttar l\u00e4sarna. N\u00e4r du k\u00f6per v\u00eda l\u00e4nkar p\u00e5 v\u00e5r webbplats kan vi tj\u00e4na en affiliate-provision. L\u00e4s mer. 26 juni Stj\u00e4rntecknet faller under tecknet Kr\u00e4ftan, som \u00e4r stj\u00e4rntecknets fj\u00e4rde. M\u00e4nniskor som \u00e4r f\u00f6dda p\u00e5 denna dag tros ha personligheter som p\u00e5verkas av m\u00e5nen, som \u00e4r Kr\u00e4ftans h\u00e4rskande planet. M\u00e4nniskor &hellip;<\/p>\n","protected":false},"author":1,"featured_media":26,"comment_status":"closed","ping_status":"closed","sticky":false,"template":"","format":"standard","meta":{"footnotes":""},"categories":[3],"tags":[7,4302,207,21],"class_list":["post-15698","post","type-post","status-publish","format-standard","has-post-thumbnail","hentry","category-ritualer","tag-for","tag-forstaelse","tag-juni","tag-stjarntecken"],"_links":{"self":[{"href":"https:\/\/goroskop.tv\/sw\/wp-json\/wp\/v2\/posts\/15698","targetHints":{"allow":["GET"]}}],"collection":[{"href":"https:\/\/goroskop.tv\/sw\/wp-json\/wp\/v2\/posts"}],"about":[{"href":"https:\/\/goroskop.tv\/sw\/wp-json\/wp\/v2\/types\/post"}],"author":[{"embeddable":true,"href":"https:\/\/goroskop.tv\/sw\/wp-json\/wp\/v2\/users\/1"}],"replies":[{"embeddable":true,"href":"https:\/\/goroskop.tv\/sw\/wp-json\/wp\/v2\/comments?post=15698"}],"version-history":[{"count":0,"href":"https:\/\/goroskop.tv\/sw\/wp-json\/wp\/v2\/posts\/15698\/revisions"}],"wp:featuredmedia":[{"embeddable":true,"href":"https:\/\/goroskop.tv\/sw\/wp-json\/wp\/v2\/media\/26"}],"wp:attachment":[{"href":"https:\/\/goroskop.tv\/sw\/wp-json\/wp\/v2\/media?parent=15698"}],"wp:term":[{"taxonomy":"category","embeddable":true,"href":"https:\/\/goroskop.tv\/sw\/wp-json\/wp\/v2\/categories?post=15698"},{"taxonomy":"post_tag","embeddable":true,"href":"https:\/\/goroskop.tv\/sw\/wp-json\/wp\/v2\/tags?post=15698"}],"curies":[{"name":"wp","href":"https:\/\/api.w.org\/{rel}","templated":true}]}}