{"id":15702,"date":"2023-08-15T20:13:58","date_gmt":"2023-08-15T20:13:58","guid":{"rendered":"https:\/\/goroskop.tv\/sw\/27-juni-stjarntecken-egenskaper-och\/"},"modified":"2023-08-15T20:13:58","modified_gmt":"2023-08-15T20:13:58","slug":"27-juni-stjarntecken-egenskaper-och","status":"publish","type":"post","link":"https:\/\/goroskop.tv\/sw\/27-juni-stjarntecken-egenskaper-och\/","title":{"rendered":"27 juni Stj\u00e4rntecken: Egenskaper och"},"content":{"rendered":"<p><\/p>\n<h2><span class=\"ez-toc-section\" id=\"27_juni_Stjarntecken_Egenskaper_och\"><\/span><span class=\"ez-toc-section\" id=\"27_de_junio_Signo_del_Zodiaco_Rasgos_y\"><\/span>  27 juni Stj\u00e4rntecken: Egenskaper och<span class=\"ez-toc-section-end\"><\/span><span class=\"ez-toc-section-end\"><\/span><\/h2>\n<p>\t\t\t\t\t\t\t\tVekke Sind st\u00f6ttar l\u00e4sarna. <\/p>\n<p>  N\u00e4r du k\u00f6per v\u00eda l\u00e4nkar p\u00e5 v\u00e5r webbplats kan vi tj\u00e4na en affiliate-provision. <\/p>\n<p>  L\u00e4s mer.<\/p>\n<p>M\u00e4nniskor f\u00f6dda den 27 juni tillh\u00f6r stj\u00e4rntecknet Kr\u00e4ftan. <\/p>\n<p>  Kr\u00e4ftan \u00e4r zodiakens fj\u00e4rde astrologiska tecken och representeras av krabban. <\/p>\n<p>  De som \u00e4r f\u00f6dda under detta tecken \u00e4r k\u00e4nda f\u00f6r sitt k\u00e4nslom\u00e4ssiga djup, k\u00e4nslighet och k\u00e4rleksfulla natur. <\/p>\n<p>Kr\u00e4ftans h\u00e4rskande planet \u00e4r m\u00e5nen, som \u00e4r f\u00f6rknippad med intuition, k\u00e4nslor och kvinnlighet.<\/p>\n<p>27 juni m\u00e4nniskor \u00e4r k\u00e4nda f\u00f6r sin starka intuition, omt\u00e4nksamma natur och k\u00e4nslom\u00e4ssiga djup. <\/p>\n<p>  De \u00e4r empatiska och medk\u00e4nnande mot andra och \u00e4r ofta den b\u00e4sta presenten f\u00f6r k\u00e4nslom\u00e4ssigt st\u00f6d. <\/p>\n<p>Deras intuition \u00e4r skarp och de kan ofta f\u00f6rst\u00e5 m\u00e4nniskors k\u00e4nslor utan att de beh\u00f6ver s\u00e4ga n\u00e5got. <\/p>\n<p>  De \u00e4r k\u00e4nda f\u00f6r att vara fantastiska lyssnare och finns alltid d\u00e4r f\u00f6r sina n\u00e4ra och k\u00e4ra.<\/p>\n<p>M\u00e4nniskor som \u00e4r f\u00f6dda denna dag \u00e4r ocks\u00e5 k\u00e4nda f\u00f6r sitt ekonomiska sinne. <\/p>\n<p>  De \u00e4r bra p\u00e5 att hantera sin ekonomi och kan ofta samla p\u00e5 sig rikedomar \u00f6ver tid. <\/p>\n<p>  De har en bra k\u00e4nsla f\u00f6r hur de ska investera sina pengar och \u00e4r inte r\u00e4dda f\u00f6r att ta kalkylerade risker. <\/p>\n<p>27 juni m\u00e4nniskor \u00e4r ocks\u00e5 k\u00e4nda f\u00f6r sin k\u00e4rlek till integritet och h\u00e5ller ofta sina privata liv privat.<\/p>\n<h2 class=\"wp-block-heading\"><span class=\"ez-toc-section\" id=\"Stjarntecken_27_juni\"><\/span><span class=\"ez-toc-section\" id=\"27_de_junio_Signo_del_Zodiaco\"><\/span><span id=\"june_27_zodiac_sign\">Stj\u00e4rntecken 27 juni<\/span><span class=\"ez-toc-section-end\"><\/span><span class=\"ez-toc-section-end\"><\/span><\/h2>\n<figure class=\"wp-block-image size-full\"><\/figure>\n<p>M\u00e4nniskor f\u00f6dda den 27 juni tillh\u00f6r stj\u00e4rntecknet Kr\u00e4ftan. <\/p>\n<p>  Cancer \u00e4r ett vattentecken, och m\u00e4nniskor f\u00f6dda under detta tecken \u00e4r k\u00e4nda f\u00f6r sin deducible och v\u00e5rdande natur. <\/p>\n<p>  Kr\u00e4ftans astrologiska symbol \u00e4r krabban, som representerar deras f\u00f6rm\u00e5ga att skydda sig sj\u00e4lva och sina n\u00e4ra och k\u00e4ra.<\/p>\n<h3 class=\"wp-block-heading\"><span class=\"ez-toc-section\" id=\"Allman_beskrivning\"><\/span><span class=\"ez-toc-section\" id=\"Descripcion_general\"><\/span><span id=\"overview\">Allm\u00e4n beskrivning<\/span><span class=\"ez-toc-section-end\"><\/span><span class=\"ez-toc-section-end\"><\/span><\/h3>\n<p>27 juni m\u00e4nniskor \u00e4r k\u00e4nda f\u00f6r sin fantasifulla och uppriktiga natur. <\/p>\n<p>  De \u00e4r tillgivna och empatiska mot andra, vilket g\u00f6r dem till fantastiska v\u00e5rdgivare. <\/p>\n<p>  De \u00e4r ocks\u00e5 sj\u00e4lvst\u00e4ndiga och uth\u00e4rdar genom utmaningar. <\/p>\n<p>  27 juni m\u00e4nniskor \u00e4r m\u00e5ngsidiga och kan anpassa sig till olika situationer med l\u00e4tthet.<\/p>\n<h3 class=\"wp-block-heading\"><span class=\"ez-toc-section\" id=\"Personlighetsdrag\"><\/span><span class=\"ez-toc-section\" id=\"Rasgos_de_personalidad\"><\/span><span id=\"personality_traits\">Personlighetsdrag<\/span><span class=\"ez-toc-section-end\"><\/span><span class=\"ez-toc-section-end\"><\/span><\/h3>\n<p>27 juni individer \u00e4r tillgivna och k\u00e4nsliga, vilket g\u00f6r dem till fantastiska f\u00f6ljeslagare. <\/p>\n<p>  De \u00e4r k\u00e4nda f\u00f6r sin generositet och \u00e4r alltid villiga att hj\u00e4lpa till. <\/p>\n<p>  Men de kan ocks\u00e5 ha negativa egenskaper som hum\u00f6righet och irritabilitet.<\/p>\n<h3 class=\"wp-block-heading\"><span class=\"ez-toc-section\" id=\"karlek_och_relationer\"><\/span><span class=\"ez-toc-section\" id=\"Amor_y_Relaciones\"><\/span><span id=\"love_and_relationships\">k\u00e4rlek och relationer<\/span><span class=\"ez-toc-section-end\"><\/span><span class=\"ez-toc-section-end\"><\/span><\/h3>\n<p>27 juni m\u00e4nniskor \u00e4r passionerade och romantiska i sina relationer. <\/p>\n<p>  De \u00e4r lojala och engagerade i sina partners och f\u00f6rv\u00e4ntar sig detsamma i geng\u00e4ld. <\/p>\n<p>  De \u00e4r mest kompatibla med Vattumannen, Oxen och Lejonet.<\/p>\n<h3 class=\"wp-block-heading\"><span class=\"ez-toc-section\" id=\"Karriar_och_ekonomi\"><\/span><span class=\"ez-toc-section\" id=\"Carrera_y_Finanzas\"><\/span><span id=\"career_and_finances\">Karri\u00e4r och ekonomi<\/span><span class=\"ez-toc-section-end\"><\/span><span class=\"ez-toc-section-end\"><\/span><\/h3>\n<p>27 juni m\u00e4nniskor \u00e4r fantasifulla och kreativa, vilket g\u00f6r dem fantastiska inom omr\u00e5den som konst, skrivande och musik. <\/p>\n<p>  De \u00e4r ocks\u00e5 utm\u00e4rkta v\u00e5rdgivare och kan utm\u00e4rka sig i karri\u00e4rer som omv\u00e5rdnad och undervisning. <\/p>\n<p>  De \u00e4r bra med ekonomi och \u00e4r k\u00e4nda f\u00f6r sin uth\u00e5llighet i att n\u00e5 sina ekonomiska m\u00e5l.<\/p>\n<h3 class=\"wp-block-heading\"><span class=\"ez-toc-section\" id=\"halsa_och_valmaende\"><\/span><span class=\"ez-toc-section\" id=\"Salud_y_Bienestar\"><\/span><span id=\"health_and_wellness\">h\u00e4lsa och v\u00e4lm\u00e5ende<\/span><span class=\"ez-toc-section-end\"><\/span><span class=\"ez-toc-section-end\"><\/span><\/h3>\n<p>M\u00e4nniskor den 27 juni m\u00e5ste ta hand om sin k\u00e4nslom\u00e4ssiga h\u00e4lsa, eftersom de tenderar att vara lynniga och irriterade. <\/p>\n<p>  De b\u00f6r ocks\u00e5 fokusera p\u00e5 sin fysiska h\u00e4lsa och inf\u00f6rliva r\u00f6relse och tr\u00e4ning i sin dagliga rutin. <\/p>\n<p>  Moonstone \u00e4r din f\u00f6delsesten, som tros hj\u00e4lpa till med k\u00e4nslom\u00e4ssig balans.<\/p>\n<p>M\u00e4nniskor f\u00f6dda den 27 juni \u00e4r tillgivna, fantasifulla och uppriktiga. <\/p>\n<p>  De \u00e4r fantastiska v\u00e5rdare och brinner f\u00f6r sina relationer. <\/p>\n<p>  De m\u00e5ste fokusera p\u00e5 att ta hand om sin k\u00e4nslom\u00e4ssiga och fysiska h\u00e4lsa och kan utm\u00e4rka sig i karri\u00e4rer som kr\u00e4ver kreativitet och omsorgsfulla f\u00e4rdigheter.<\/p>\n<h2 class=\"wp-block-heading\"><span class=\"ez-toc-section\" id=\"Allman_beskrivning-2\"><\/span><span class=\"ez-toc-section\" id=\"Descripcion_general-2\"><\/span><span id=\"overview-2\">Allm\u00e4n beskrivning<\/span><span class=\"ez-toc-section-end\"><\/span><span class=\"ez-toc-section-end\"><\/span><\/h2>\n<figure class=\"wp-block-image size-full\"><\/figure>\n<p>Den 27 juni \u00e4r f\u00f6delsedatumet f\u00f6r de som \u00e4r f\u00f6dda under stj\u00e4rntecknet Kr\u00e4ftan. <\/p>\n<p>M\u00e4nniskor som \u00e4r f\u00f6dda denna dag \u00e4r k\u00e4nda f\u00f6r sin k\u00e4nslom\u00e4ssiga natur, intuition och omt\u00e4nksamma personlighetsdrag. <\/p>\n<p>  Cancer \u00e4r ett vattentecken, vilket betyder att m\u00e4nniskor som \u00e4r f\u00f6dda denna dag \u00e4r djupt kopplade till sina k\u00e4nslor och ofta k\u00e4nner saker starkare \u00e4n andra.<\/p>\n<p>Personer med cancer \u00e4r k\u00e4nda f\u00f6r sin lojalitet och h\u00e4ngivenhet till familj och n\u00e4ra och k\u00e4ra. <\/p>\n<p>  De \u00e4r mycket beskyddande mot sina n\u00e4ra och k\u00e4ra och kommer att g\u00e5 l\u00e5ngt f\u00f6r att s\u00e4kerst\u00e4lla deras s\u00e4kerhet och v\u00e4lbefinnande. <\/p>\n<p>  M\u00e4nniskor f\u00f6dda den 27 juni \u00e4r inget undantag och \u00e4r k\u00e4nda f\u00f6r sin omt\u00e4nksamma och k\u00e4nsliga natur.<\/p>\n<p>Den h\u00e4rskande planeten f\u00f6r de f\u00f6dda den 27 juni \u00e4r M\u00e5nen, som ocks\u00e5 styr stj\u00e4rntecknet Kr\u00e4ftan. <\/p>\n<p>  M\u00e5nen \u00e4r f\u00f6rknippad med k\u00e4nslor, intuition och kreativitet, vilket \u00e4r egenskaper som vanligtvis f\u00f6rknippas med cancerm\u00e4nniskor. <\/p>\n<p>M\u00e4nniskor som \u00e4r f\u00f6dda den h\u00e4r dagen \u00e4r vanligtvis v\u00e4ldigt kreativa och har en stark k\u00e4nsla f\u00f6r intuition som v\u00e4gleder dem i deras dagliga liv.<\/p>\n<p>Cancerm\u00e4nniskor \u00e4r ocks\u00e5 k\u00e4nda f\u00f6r sin temperamentsfulla och romantiska natur. <\/p>\n<p>  De kan vara utsatta f\u00f6r hum\u00f6rsv\u00e4ngningar och kan ibland vara sv\u00e5ra att l\u00e4sa. <\/p>\n<p>  Men n\u00e4r de v\u00e4l \u00f6ppnar sig \u00e4r de otroligt lojala och omt\u00e4nksamma partners som kommer att g\u00f6ra allt f\u00f6r att g\u00f6ra sina n\u00e4ra och k\u00e4ra lyckliga.<\/p>\n<p>F\u00e4rgen f\u00f6rknippad med den 27 juni \u00e4r silver, som representerar renhet, klarhet och reflektion. <\/p>\n<p>Denna f\u00e4rg \u00e4r associerad med m\u00e5nen och \u00e5terspeglar den deducible naturen hos de som \u00e4r f\u00f6dda p\u00e5 denna dag. <\/p>\n<p>  Lyckodagen f\u00f6r m\u00e4nniskor som \u00e4r f\u00f6dda den 27 juni \u00e4r m\u00e5ndagen, som ocks\u00e5 \u00e4r f\u00f6rknippad med m\u00e5nen och representerar nya b\u00f6rjan, intuition och omv\u00e5rdnad.<\/p>\n<p>De som \u00e4r f\u00f6dda den 27 juni \u00e4r passionerade, deducible och omt\u00e4nksamma m\u00e4nniskor som \u00e4r djupt kopplade till sina k\u00e4nslor och k\u00e4nslorna hos omgivningen. <\/p>\n<p>  De \u00e4r v\u00e4ldigt kreativa och har en stark k\u00e4nsla f\u00f6r intuition som v\u00e4gleder dem i deras dagliga liv.<\/p>\n<h2 class=\"wp-block-heading\"><span class=\"ez-toc-section\" id=\"Personlighetsdrag-2\"><\/span><span class=\"ez-toc-section\" id=\"Rasgos_de_personalidad-2\"><\/span><span id=\"personality_traits-2\">Personlighetsdrag<\/span><span class=\"ez-toc-section-end\"><\/span><span class=\"ez-toc-section-end\"><\/span><\/h2>\n<figure class=\"wp-block-image size-full\"><\/figure>\n<p>M\u00e4nniskor f\u00f6dda den 27 juni tillh\u00f6r stj\u00e4rntecknet Kr\u00e4ftan. <\/p>\n<p>  De \u00e4r k\u00e4nda f\u00f6r att vara k\u00e4nslom\u00e4ssiga, deducible och passionerade. <\/p>\n<p>  De har en k\u00e4nslig karakt\u00e4r och \u00e4r kreativa och m\u00e5ngsidiga.<\/p>\n<p>Cancerpersoner f\u00f6dda den 27 juni \u00e4r m\u00e5lmedvetna och har en stark k\u00e4nsla av uth\u00e5llighet. <\/p>\n<p>  De \u00e4r fantasifulla och uppriktiga i sin inst\u00e4llning till livet. <\/p>\n<p>  De \u00e4r oberoende och gener\u00f6sa och \u00e4r alltid villiga att hj\u00e4lpa dem som beh\u00f6ver det.<\/p>\n<p>Men som alla andra stj\u00e4rntecken har m\u00e4nniskor f\u00f6dda den 27 juni sina styrkor och svagheter. <\/p>\n<p>  N\u00e5gra av hans efectiva egenskaper inkluderar hans f\u00f6rm\u00e5ga att f\u00e5 kontakt med m\u00e4nniskor p\u00e5 en k\u00e4nslom\u00e4ssig niv\u00e5, hans livliga fantasi och hans uppriktighet. <\/p>\n<p>  De \u00e4r ocks\u00e5 k\u00e4nda f\u00f6r sin uth\u00e5llighet och oberoende.<\/p>\n<p>\u00c5 andra sidan inkluderar hans negativa egenskaper hans tendens att ibland vara lynnig och \u00f6verk\u00e4nslig.<\/p>\n<p>    De kan ocks\u00e5 vara ben\u00e4gna att vara kl\u00e4ngiga och \u00e4gande i sina relationer. <\/p>\n<p>  Dessutom kan cancersjuka f\u00f6dda den 27 juni k\u00e4mpa med obeslutsamhet och kan ha sv\u00e5rt att fatta viktiga beslut.<\/p>\n<p>M\u00e4nniskor f\u00f6dda den 27 juni \u00e4r k\u00e4nda f\u00f6r sitt k\u00e4nslom\u00e4ssiga djup och sin f\u00f6rm\u00e5ga att f\u00e5 kontakt med andra p\u00e5 ett djupare plan. <\/p>\n<p>  De \u00e4r uppriktiga och sj\u00e4lvst\u00e4ndiga, men kan ocks\u00e5 ibland vara lynniga och \u00f6verk\u00e4nsliga.<\/p>\n<h2 class=\"wp-block-heading\"><span class=\"ez-toc-section\" id=\"karlek_och_relationer-2\"><\/span><span class=\"ez-toc-section\" id=\"Amor_y_Relaciones-2\"><\/span><span id=\"love_and_relationships-2\">k\u00e4rlek och relationer<\/span><span class=\"ez-toc-section-end\"><\/span><span class=\"ez-toc-section-end\"><\/span><\/h2>\n<figure class=\"wp-block-image size-full\"><\/figure>\n<p>M\u00e4nniskor f\u00f6dda den 27 juni \u00e4r k\u00e4nda f\u00f6r sin k\u00e4nslom\u00e4ssiga och deducible natur, vilket g\u00f6r dem mycket k\u00e4nsliga och romantiska partners. <\/p>\n<p>  Som ett stj\u00e4rntecken f\u00f6r cancer styrs de av m\u00e5nen och elementet vatten, vilket ytterligare f\u00f6rst\u00e4rker deras n\u00e4rande och n\u00e4rande egenskaper i k\u00e4rlek och relationer.<\/p>\n<p>27 juni stj\u00e4rntecken m\u00e4nniskor \u00e4r k\u00e4nda f\u00f6r att vara skyddande och lojala partners som djupt v\u00e4rdes\u00e4tter sina relationer. <\/p>\n<p>  De \u00e4r v\u00e4ldigt deducible och kan k\u00e4nna av sin partners behov, vilket g\u00f6r dem bra p\u00e5 att v\u00e5rda och ta hand om n\u00e4ra och k\u00e4ra. <\/p>\n<p>De \u00e4r ocks\u00e5 mycket fantasifulla och uppriktiga, vilket g\u00f6r dem utm\u00e4rkta p\u00e5 att uttrycka sin k\u00e4rlek och tillgivenhet.<\/p>\n<p>I ett romantiskt f\u00f6rh\u00e5llande \u00e4r m\u00e4nniskor f\u00f6dda den 27 juni v\u00e4ldigt passionerade och letar efter en partner som kan matcha deras intensitet. <\/p>\n<p>  De \u00e4r mest kompatibla med stj\u00e4rntecknen Vattumannen och Stenbocken, som delar deras k\u00e4nslighet och m\u00e5ngsidighet.<\/p>\n<p>Men deras k\u00e4nslom\u00e4ssiga natur kan ocks\u00e5 g\u00f6ra dem mottagliga f\u00f6r hum\u00f6rsv\u00e4ngningar och os\u00e4kerhet, vilket ibland kan p\u00e5verka deras beteenden. relationer. <\/p>\n<p>  De beh\u00f6ver en partner som kan f\u00f6rst\u00e5 deras k\u00e4nslom\u00e4ssiga behov och ge dem det st\u00f6d och den trygghet de beh\u00f6ver f\u00f6r att k\u00e4nna sig trygga.<\/p>\n<p>M\u00e4nniskor med stj\u00e4rntecknet den 27 juni \u00e4r k\u00e4nda f\u00f6r sin uth\u00e5llighet och sj\u00e4lvst\u00e4ndighet, vilket ibland kan g\u00f6ra det sv\u00e5rt f\u00f6r dem att \u00f6ppna upp och dela sina k\u00e4nslor med sin partner. <\/p>\n<p>Men n\u00e4r de v\u00e4l hittar n\u00e5gon de kan lita p\u00e5 blir de gener\u00f6sa och lojala partners som kommer att g\u00e5 l\u00e5ngt f\u00f6r att v\u00e5rda och skydda sin relation.<\/p>\n<p>M\u00e4nniskor f\u00f6dda den 27 juni \u00e4r mycket k\u00e4nslom\u00e4ssiga och romantiska partners som letar efter en djup och meningsfull kontakt med sina n\u00e4ra och k\u00e4ra. <\/p>\n<p>Deras efectiva drag av k\u00e4nslighet, fantasi och uppriktighet g\u00f6r dem till fantastiska f\u00f6ljeslagare, medan deras negativa drag av hum\u00f6righet och os\u00e4kerhet ibland kan utg\u00f6ra en utmaning i deras relationer.<\/p>\n<h2 class=\"wp-block-heading\"><span class=\"ez-toc-section\" id=\"Karriar_och_ekonomi-2\"><\/span><span class=\"ez-toc-section\" id=\"Carrera_y_Finanzas-2\"><\/span><span id=\"career_and_finances-2\">Karri\u00e4r och ekonomi<\/span><span class=\"ez-toc-section-end\"><\/span><span class=\"ez-toc-section-end\"><\/span><\/h2>\n<figure class=\"wp-block-image size-full\"><\/figure>\n<p>Som stj\u00e4rntecken den 27 juni \u00e4r m\u00e4nniskor k\u00e4nda f\u00f6r sina deducible, kreativa och k\u00e4nsliga egenskaper. <\/p>\n<p>  De \u00e4r lojala och h\u00e5rt arbetande och kan utm\u00e4rka sig i karri\u00e4rer som kr\u00e4ver uppm\u00e4rksamhet p\u00e5 detaljer och k\u00e4nslom\u00e4ssig intelligens.<\/p>\n<p>De som \u00e4r f\u00f6dda under detta stj\u00e4rntecken kan vara m\u00e5ngsidiga och anpassa sig v\u00e4l till olika milj\u00f6er, vilket g\u00f6r dem l\u00e4mpliga f\u00f6r olika jobb. <\/p>\n<p>  De har utm\u00e4rkta kommunikationsf\u00f6rm\u00e5ga och kan arbeta bra i team, vilket g\u00f6r dem idealiska f\u00f6r karri\u00e4rer inom PR, reklam eller marknadsf\u00f6ring.<\/p>\n<p>M\u00e4nniskor f\u00f6dda under stj\u00e4rntecknet den 27 juni kan ocks\u00e5 vara framg\u00e5ngsrika i karri\u00e4rer som involverar att ta hand om andra, s\u00e5som omv\u00e5rdnad, r\u00e5dgivning eller socialt arbete. <\/p>\n<p>  De \u00e4r medk\u00e4nnande och empatiska, vilket g\u00f6r dem till naturliga v\u00e5rdgivare.<\/p>\n<p>P\u00e5 den ekonomiska fronten kan personer f\u00f6dda den 27 juni vara f\u00f6rsiktiga med sina pengar. <\/p>\n<p>  De tenderar att vara praktiska och f\u00f6redrar att spara f\u00f6r framtiden snarare \u00e4n att spendera impulsivt. <\/p>\n<p>  De kan utm\u00e4rka sig i karri\u00e4rer som involverar att hantera ekonomi, s\u00e5som redovisning eller ekonomisk planering.<\/p>\n<p>\u00c4ven om de kanske inte \u00e4r lika intresserade av pengar och materiella \u00e4godelar som andra stj\u00e4rntecken, f\u00f6rst\u00e5r de vikten av finansiell stabilitet och s\u00e4kerhet. <\/p>\n<p>  De kan dras till karri\u00e4rer inom fastighets- eller fastighetsf\u00f6rvaltning, d\u00e4r de kan anv\u00e4nda sina praktiska och analytiska f\u00e4rdigheter f\u00f6r att hantera tillg\u00e5ngar och investeringar.<\/p>\n<p>M\u00e4nniskor f\u00f6dda den 27 juni kan hitta framg\u00e5ng i en m\u00e4ngd olika karri\u00e4rer som g\u00f6r att de kan anv\u00e4nda sina deducible, kreativa och k\u00e4nsliga egenskaper, s\u00e5v\u00e4l som sina praktiska och analytiska f\u00e4rdigheter. <\/p>\n<p>  De kanske f\u00f6redrar karri\u00e4rer som involverar att ta hand om andra, hantera ekonomi eller arbeta i en teamorienterad milj\u00f6.<\/p>\n<h2 class=\"wp-block-heading\"><span class=\"ez-toc-section\" id=\"halsa_och_valmaende-2\"><\/span><span class=\"ez-toc-section\" id=\"Salud_y_Bienestar-2\"><\/span><span id=\"health_and_wellness-2\">h\u00e4lsa och v\u00e4lm\u00e5ende<\/span><span class=\"ez-toc-section-end\"><\/span><span class=\"ez-toc-section-end\"><\/span><\/h2>\n<figure class=\"wp-block-image size-full\"><\/figure>\n<p>M\u00e4nniskor f\u00f6dda den 27 juni \u00e4r generellt h\u00e4lsomedvetna och tar hand om sitt fysiska och k\u00e4nslom\u00e4ssiga v\u00e4lbefinnande. <\/p>\n<p>  De \u00e4r k\u00e4nda f\u00f6r sin omt\u00e4nksamma och empatiska natur, vilket g\u00f6r dem k\u00e4nsliga f\u00f6r sina egna och andras h\u00e4lsobehov.<\/p>\n<p>Eftersom vatten \u00e4r deras element dras de naturligt till aktiviteter som involverar vatten, som simning, surfing eller vattengympa. <\/p>\n<p>  Dessa aktiviteter hj\u00e4lper dem inte bara att h\u00e5lla sig i form, utan ger dem ocks\u00e5 en k\u00e4nsla av lugn och stabilitet.<\/p>\n<p>Moonstone \u00e4r f\u00f6delsestenen f\u00f6r dem som \u00e4r f\u00f6dda den 27 juni, och tros ha helande egenskaper som kan fr\u00e4mja balans och k\u00e4nslom\u00e4ssig stabilitet. <\/p>\n<p>  Att b\u00e4ra m\u00e5nstenssmycken eller b\u00e4ra en m\u00e5nstenskristall kan hj\u00e4lpa dig att h\u00e5lla dig centrerad och lugn under stressiga situationer.<\/p>\n<p>Eftersom de f\u00f6ds under Kr\u00e4ftans tecken, p\u00e5verkas de ocks\u00e5 av m\u00e5nen. <\/p>\n<p>  Detta kan f\u00e5 dem att uppleva hum\u00f6rsv\u00e4ngningar och k\u00e4nslom\u00e4ssiga fluktuationer. <\/p>\n<p>  F\u00f6r att uppr\u00e4tth\u00e5lla k\u00e4nslom\u00e4ssig och mental stabilitet m\u00e5ste de tr\u00e4na mindfulness och meditation.<\/p>\n<p>De som \u00e4r f\u00f6dda den 27 juni \u00e4r m\u00e5ngsidiga och anpassningsbara, vilket ibland kan leda till \u00f6veranstr\u00e4ngning och utmattning. <\/p>\n<p>  F\u00f6r att undvika detta b\u00f6r de prioritera egenv\u00e5rd och ta sig tid att vila och ladda om.<\/p>\n<p>N\u00e4r det g\u00e4ller kosten b\u00f6r de fokusera p\u00e5 mat som \u00e4r n\u00e4ringsrik och \u00e5terfuktande, som frukt och gr\u00f6nsaker. <\/p>\n<p>  Att dricka mycket vatten \u00e4r ocks\u00e5 avg\u00f6rande f\u00f6r din allm\u00e4nna h\u00e4lsa och v\u00e4lbefinnande.<\/p>\n<p>Den 27 juni infaller p\u00e5 en m\u00e5ndag, som f\u00f6rknippas med m\u00e5nen och tecknet Cancers n\u00e4rande energi. <\/p>\n<p>  Detta g\u00f6r det till en idealisk dag f\u00f6r egenv\u00e5rdsaktiviteter, som att ta ett avkopplande bad eller f\u00e5 en massage.<\/p>\n<p>De som \u00e4r f\u00f6dda den 27 juni \u00e4r k\u00e4rleksfulla och st\u00f6djande m\u00e4nniskor som prioriterar sin h\u00e4lsa och sitt v\u00e4lm\u00e5ende. <\/p>\n<p>  Genom att inf\u00f6rliva egenv\u00e5rdsmetoder i sin dagliga rutin kan de uppr\u00e4tth\u00e5lla en h\u00e4lsosam och balanserad livsstil.<\/p>\n<h2 class=\"wp-block-heading\"><span class=\"ez-toc-section\" id=\"Kanda_personer_fodda_den_27_juni\"><\/span><span class=\"ez-toc-section\" id=\"Personajes_famosos_nacidos_el_27_de_junio\"><\/span><span id=\"famous_people_born_on_june_27\">K\u00e4nda personer f\u00f6dda den 27 juni<\/span><span class=\"ez-toc-section-end\"><\/span><span class=\"ez-toc-section-end\"><\/span><\/h2>\n<figure class=\"wp-block-image size-full\"><\/figure>\n<p>Den 27 juni \u00e4r en intressant dag i k\u00e4ndisv\u00e4rlden eftersom den har producerat ett antal beg\u00e5vade och framg\u00e5ngsrika m\u00e4nniskor. <\/p>\n<p>  H\u00e4r \u00e4r n\u00e5gra k\u00e4nda personer f\u00f6dda den 27 juni:<\/p>\n<ul>\n<li><strong>Toby Maguire<\/strong>: Den amerikanske sk\u00e5despelaren \u00e4r mest k\u00e4nd f\u00f6r sin roll som Spider-Man i den popul\u00e4ra filmserien.\n<p> Han f\u00f6ddes 1975 i Kalifornien.<\/p>\n<\/li>\n<li><strong>khloe kardashian<\/strong>: En av de ber\u00f6mda Kardashian-systrarna, Khlo\u00e9 f\u00f6ddes 1984 i Kalifornien.\n<p> Hon \u00e4r en realitystj\u00e4rna, aff\u00e4rskvinna och p\u00e5verkan p\u00e5 sociala medier.<\/p>\n<\/li>\n<li><strong>Vera Wang<\/strong>: Modedesignern f\u00f6ddes 1949 i New York City.\n<p> Hon \u00e4r k\u00e4nd f\u00f6r sina eleganta br\u00f6llopskl\u00e4nningar och har kl\u00e4tt m\u00e5nga k\u00e4nda k\u00e4ndisar till deras br\u00f6llop.<\/p>\n<\/li>\n<li><strong>JJ Abrams<\/strong>: Den amerikanske filmskaparen \u00e4r k\u00e4nd f\u00f6r sitt arbete med popul\u00e4ra tv-program som Lost och Nick, samt storfilmer som Star Wars: The Force Awakens.\n<p> Han f\u00f6ddes 1966 i New York City.<\/p>\n<\/li>\n<li><strong>Helen Keller<\/strong>: Den ber\u00f6mda amerikanska f\u00f6rfattaren och aktivisten f\u00f6ddes 1880 i Alabama.\n<p> Trots att hon var d\u00f6v och blind \u00f6vervann hon m\u00e5nga hinder i sitt liv och blev en kraftfull f\u00f6respr\u00e5kare f\u00f6r m\u00e4nniskor med funktionsneds\u00e4ttning.<\/p>\n<\/li>\n<\/ul>\n<p>Det h\u00e4r \u00e4r bara n\u00e5gra exempel p\u00e5 de m\u00e5nga duktiga och framg\u00e5ngsrika m\u00e4nniskor som f\u00f6ddes den 27 juni. <\/p>\n<p>Fr\u00e5n sk\u00e5despelare och modedesigners till filmskapare och aktivister har denna dag producerat ett brett spektrum av m\u00e4nniskor som har gjort ett betydande inflytande inom sina respektive omr\u00e5den.<\/p>\n<h2 class=\"wp-block-heading\"><span class=\"ez-toc-section\" id=\"Historiskt_viktiga_handelser_den_27_juni\"><\/span><span class=\"ez-toc-section\" id=\"Eventos_de_importancia_historica_el_27_de_junio\"><\/span><span id=\"events_of_historical_significance_on_june_27\">Historiskt viktiga h\u00e4ndelser den 27 juni<\/span><span class=\"ez-toc-section-end\"><\/span><span class=\"ez-toc-section-end\"><\/span><\/h2>\n<figure class=\"wp-block-image size-full\"><\/figure>\n<p>Den 27 juni har varit en betydelsefull dag i historien, pr\u00e4glad av olika h\u00e4ndelser som har p\u00e5verkat v\u00e4rlden p\u00e5 olika s\u00e4tt. <\/p>\n<p>  H\u00e4r \u00e4r n\u00e5gra av de anm\u00e4rkningsv\u00e4rda h\u00e4ndelserna som \u00e4gde rum den h\u00e4r dagen:<\/p>\n<p>Dessa h\u00e4ndelser \u00e4r bara n\u00e5gra exempel p\u00e5 den 27 junis historiska betydelse. <\/p>\n<p>De tj\u00e4nar som en p\u00e5minnelse om vilken inverkan som tidigare h\u00e4ndelser kan ha p\u00e5 nuet och framtiden.<\/p>\n<h2 class=\"wp-block-heading\"><span class=\"ez-toc-section\" id=\"slutgiltiga_tankar\"><\/span><span class=\"ez-toc-section\" id=\"Pensamientos_finales\"><\/span><span id=\"final_thoughts\">slutgiltiga tankar<\/span><span class=\"ez-toc-section-end\"><\/span><span class=\"ez-toc-section-end\"><\/span><\/h2>\n<p>M\u00e4nniskor f\u00f6dda den 27 juni \u00e4r k\u00e4nda f\u00f6r sin k\u00e4rleksfulla och omt\u00e4nksamma natur, s\u00e5v\u00e4l som sin starka vilja och beslutsamhet. <\/p>\n<p>  De \u00e4r vanligtvis k\u00e4nsliga och k\u00e4nslom\u00e4ssiga, men de har ocks\u00e5 ett tufft yttre som g\u00f6r att de kan h\u00e5lla ut i sv\u00e5ra situationer.<\/p>\n<p>Deras stj\u00e4rntecken \u00e4r Kr\u00e4ftan, vilket betyder att de styrs av m\u00e5nen och har en stark koppling till sina k\u00e4nslor. <\/p>\n<p>  De \u00e4r v\u00e4ldigt deducible och kan ofta k\u00e4nna andras k\u00e4nslor utan att de beh\u00f6ver s\u00e4ga ett ord.<\/p>\n<p>27 juni \u00e4r m\u00e4nniskor k\u00e4nda f\u00f6r att vara lojala och h\u00e4ngivna i sina relationer, vare sig det \u00e4r med v\u00e4nner, familj eller romantiska partners. <\/p>\n<p>  De v\u00e4rdes\u00e4tter \u00e4rlighet och f\u00f6rtroende och kommer att g\u00e5 l\u00e5ngt f\u00f6r att beh\u00e5lla dessa egenskaper i sina relationer.<\/p>\n<p>Generellt sett har de som \u00e4r f\u00f6dda den 27 juni en unik kombination av k\u00e4nslighet, styrka och dedikation som g\u00f6r att de sticker ut fr\u00e5n m\u00e4ngden. <\/p>\n<p>  De har en naturlig f\u00f6rm\u00e5ga att knyta an till andra p\u00e5 ett djupt plan och har ofta en positiv inverkan p\u00e5 omgivningen.<\/p>\n<h2><span class=\"ez-toc-section\" id=\"Forklaring_av_stjarntecknen_i_juni_for_varje_dag_i_manaden\"><\/span><span class=\"ez-toc-section\" id=\"Explicacion_de_los_signos_del_zodiaco_de_junio_para_cada_dia_del_mes\"><\/span><span id=\"june_zodiac_signs_explained_for_each_day_of_the_month\">F\u00f6rklaring av stj\u00e4rntecknen i juni f\u00f6r varje dag i m\u00e5naden<\/span><span class=\"ez-toc-section-end\"><\/span><span class=\"ez-toc-section-end\"><\/span><\/h2>\n<h2 class=\"wp-block-heading\" id=\"articles-related-to-the-cancer-man\"><span class=\"ez-toc-section\" id=\"Cancerrelaterade_artiklar\"><\/span><span class=\"ez-toc-section\" id=\"Articulos_Relacionados_con_el_Cancer\"><\/span><span id=\"articles_related_to_the_cancer\">Cancerrelaterade artiklar<\/span><span class=\"ez-toc-section-end\"><\/span><span class=\"ez-toc-section-end\"><\/span><\/h2>\n<p>Vi hoppas att du gillade v\u00e5r artikel 27 juni Stj\u00e4rntecken: Egenskaper och allt relaterat till horoskop, tarot, ritualer och allt relaterat..<\/p>\n<figure class=\"wp-block-table is-style-regular\">\n<\/figure>\n<p>Intressanta saker att veta inneb\u00f6rden: Ritualer  <\/p>\n<p>\u00c4ven h\u00e4r l\u00e4mnar vi \u00e4mnen relaterade till: Ritualer <\/p>\n<\/p>\n<p><\/p>\n<p>Vi hoppas att du gillade v\u00e5r artikel 27 juni Stj\u00e4rntecken: Egenskaper och<br \/>\n och allt om horoskop, tarot, ritualer och allt relaterat till det &#8230;<\/p>\n<figure class=\"wp-block-table is-style-regular\">\n<table style=\"width: 284px; height: 157px;\">\n<tbody>\n<tr>\n<td class=\"has-text-align-center\" data-align=\"center\"><img loading=\"lazy\" decoding=\"async\" class=\"alignleft\" src=\" https:\/\/goroskop.tv\/wp-content\/uploads\/2023\/05\/rituales1.jpg \" alt=\" 27 juni Stj\u00e4rntecken: Egenskaper och\n \" width=\"65\" height=\"95\" title=\"\"><img loading=\"lazy\" decoding=\"async\" class=\"alignleft\" style=\"width: 60px;\" src=\" https:\/\/goroskop.tv\/wp-content\/uploads\/2023\/05\/rituales2.jpg \" alt=\" 27 juni Stj\u00e4rntecken: Egenskaper och\n \" width=\"195\" height=\"300\" title=\"\"><img decoding=\"async\" class=\"alignleft\" style=\"width: 60px;\" src=\" https:\/\/goroskop.tv\/wp-content\/uploads\/2023\/05\/rituales3.jpg \" alt=\" 27 juni Stj\u00e4rntecken: Egenskaper och\n \" title=\"\"><\/td>\n<\/tr>\n<\/tbody>\n<\/table>\n<\/figure>\n<p>Intressanta saker att veta inneb\u00f6rden: <a href=\"https:\/\/sv.wikipedia.org\/wiki\/Ritualer\" target=\"_blank\" rel=\"nofollow noopener\"> Ritualer <\/a> <\/p>\n<p>H\u00e4r l\u00e4mnar vi ocks\u00e5 \u00e4mnen relaterade till: <a href=\" https:\/\/goroskop.tv\/sw\/karriarguide-for-stjarntecken-den-basta\/\">Ritualer<\/a><\/p>\n<div id=\"ez-toc-container\" class=\"ez-toc-v2_0_82_2 ez-toc-wrap-center counter-hierarchy ez-toc-counter ez-toc-grey ez-toc-container-direction\">\n<div class=\"ez-toc-title-container\">\n<div class=\"ez-toc-title\" style=\"cursor:inherit\">Table of Contents<\/div>\n<span class=\"ez-toc-title-toggle\"><a href=\"#\" class=\"ez-toc-pull-right ez-toc-btn ez-toc-btn-xs ez-toc-btn-default ez-toc-toggle\" aria-label=\"Alternar tabla de contenidos\"><span class=\"ez-toc-js-icon-con\"><span class=\"\"><span class=\"eztoc-hide\" style=\"display:none;\">Toggle<\/span><span class=\"ez-toc-icon-toggle-span\"><svg style=\"fill: #999;color:#999\" xmlns=\"http:\/\/www.w3.org\/2000\/svg\" class=\"list-377408\" width=\"20px\" height=\"20px\" viewBox=\"0 0 24 24\" fill=\"none\"><path d=\"M6 6H4v2h2V6zm14 0H8v2h12V6zM4 11h2v2H4v-2zm16 0H8v2h12v-2zM4 16h2v2H4v-2zm16 0H8v2h12v-2z\" fill=\"currentColor\"><\/path><\/svg><svg style=\"fill: #999;color:#999\" class=\"arrow-unsorted-368013\" xmlns=\"http:\/\/www.w3.org\/2000\/svg\" width=\"10px\" height=\"10px\" viewBox=\"0 0 24 24\" version=\"1.2\" baseProfile=\"tiny\"><path d=\"M18.2 9.3l-6.2-6.3-6.2 6.3c-.2.2-.3.4-.3.7s.1.5.3.7c.2.2.4.3.7.3h11c.3 0 .5-.1.7-.3.2-.2.3-.5.3-.7s-.1-.5-.3-.7zM5.8 14.7l6.2 6.3 6.2-6.3c.2-.2.3-.5.3-.7s-.1-.5-.3-.7c-.2-.2-.4-.3-.7-.3h-11c-.3 0-.5.1-.7.3-.2.2-.3.5-.3.7s.1.5.3.7z\"\/><\/svg><\/span><\/span><\/span><\/a><\/span><\/div>\n<nav><ul class='ez-toc-list ez-toc-list-level-1 eztoc-toggle-hide-by-default' ><li class='ez-toc-page-1 ez-toc-heading-level-2'><a class=\"ez-toc-link ez-toc-heading-1\" href=\"https:\/\/goroskop.tv\/sw\/27-juni-stjarntecken-egenskaper-och\/#27_juni_Stjarntecken_Egenskaper_och\" >27 juni Stj\u00e4rntecken: Egenskaper och<\/a><\/li><li class='ez-toc-page-1 ez-toc-heading-level-2'><a class=\"ez-toc-link ez-toc-heading-2\" href=\"https:\/\/goroskop.tv\/sw\/27-juni-stjarntecken-egenskaper-och\/#Stjarntecken_27_juni\" >Stj\u00e4rntecken 27 juni<\/a><ul class='ez-toc-list-level-3' ><li class='ez-toc-heading-level-3'><a class=\"ez-toc-link ez-toc-heading-3\" href=\"https:\/\/goroskop.tv\/sw\/27-juni-stjarntecken-egenskaper-och\/#Allman_beskrivning\" >Allm\u00e4n beskrivning<\/a><\/li><li class='ez-toc-page-1 ez-toc-heading-level-3'><a class=\"ez-toc-link ez-toc-heading-4\" href=\"https:\/\/goroskop.tv\/sw\/27-juni-stjarntecken-egenskaper-och\/#Personlighetsdrag\" >Personlighetsdrag<\/a><\/li><li class='ez-toc-page-1 ez-toc-heading-level-3'><a class=\"ez-toc-link ez-toc-heading-5\" href=\"https:\/\/goroskop.tv\/sw\/27-juni-stjarntecken-egenskaper-och\/#karlek_och_relationer\" >k\u00e4rlek och relationer<\/a><\/li><li class='ez-toc-page-1 ez-toc-heading-level-3'><a class=\"ez-toc-link ez-toc-heading-6\" href=\"https:\/\/goroskop.tv\/sw\/27-juni-stjarntecken-egenskaper-och\/#Karriar_och_ekonomi\" >Karri\u00e4r och ekonomi<\/a><\/li><li class='ez-toc-page-1 ez-toc-heading-level-3'><a class=\"ez-toc-link ez-toc-heading-7\" href=\"https:\/\/goroskop.tv\/sw\/27-juni-stjarntecken-egenskaper-och\/#halsa_och_valmaende\" >h\u00e4lsa och v\u00e4lm\u00e5ende<\/a><\/li><\/ul><\/li><li class='ez-toc-page-1 ez-toc-heading-level-2'><a class=\"ez-toc-link ez-toc-heading-8\" href=\"https:\/\/goroskop.tv\/sw\/27-juni-stjarntecken-egenskaper-och\/#Allman_beskrivning-2\" >Allm\u00e4n beskrivning<\/a><\/li><li class='ez-toc-page-1 ez-toc-heading-level-2'><a class=\"ez-toc-link ez-toc-heading-9\" href=\"https:\/\/goroskop.tv\/sw\/27-juni-stjarntecken-egenskaper-och\/#Personlighetsdrag-2\" >Personlighetsdrag<\/a><\/li><li class='ez-toc-page-1 ez-toc-heading-level-2'><a class=\"ez-toc-link ez-toc-heading-10\" href=\"https:\/\/goroskop.tv\/sw\/27-juni-stjarntecken-egenskaper-och\/#karlek_och_relationer-2\" >k\u00e4rlek och relationer<\/a><\/li><li class='ez-toc-page-1 ez-toc-heading-level-2'><a class=\"ez-toc-link ez-toc-heading-11\" href=\"https:\/\/goroskop.tv\/sw\/27-juni-stjarntecken-egenskaper-och\/#Karriar_och_ekonomi-2\" >Karri\u00e4r och ekonomi<\/a><\/li><li class='ez-toc-page-1 ez-toc-heading-level-2'><a class=\"ez-toc-link ez-toc-heading-12\" href=\"https:\/\/goroskop.tv\/sw\/27-juni-stjarntecken-egenskaper-och\/#halsa_och_valmaende-2\" >h\u00e4lsa och v\u00e4lm\u00e5ende<\/a><\/li><li class='ez-toc-page-1 ez-toc-heading-level-2'><a class=\"ez-toc-link ez-toc-heading-13\" href=\"https:\/\/goroskop.tv\/sw\/27-juni-stjarntecken-egenskaper-och\/#Kanda_personer_fodda_den_27_juni\" >K\u00e4nda personer f\u00f6dda den 27 juni<\/a><\/li><li class='ez-toc-page-1 ez-toc-heading-level-2'><a class=\"ez-toc-link ez-toc-heading-14\" href=\"https:\/\/goroskop.tv\/sw\/27-juni-stjarntecken-egenskaper-och\/#Historiskt_viktiga_handelser_den_27_juni\" >Historiskt viktiga h\u00e4ndelser den 27 juni<\/a><\/li><li class='ez-toc-page-1 ez-toc-heading-level-2'><a class=\"ez-toc-link ez-toc-heading-15\" href=\"https:\/\/goroskop.tv\/sw\/27-juni-stjarntecken-egenskaper-och\/#slutgiltiga_tankar\" >slutgiltiga tankar<\/a><\/li><li class='ez-toc-page-1 ez-toc-heading-level-2'><a class=\"ez-toc-link ez-toc-heading-16\" href=\"https:\/\/goroskop.tv\/sw\/27-juni-stjarntecken-egenskaper-och\/#Forklaring_av_stjarntecknen_i_juni_for_varje_dag_i_manaden\" >F\u00f6rklaring av stj\u00e4rntecknen i juni f\u00f6r varje dag i m\u00e5naden<\/a><\/li><li class='ez-toc-page-1 ez-toc-heading-level-2'><a class=\"ez-toc-link ez-toc-heading-17\" href=\"https:\/\/goroskop.tv\/sw\/27-juni-stjarntecken-egenskaper-och\/#Cancerrelaterade_artiklar\" >Cancerrelaterade artiklar<\/a><\/li><\/ul><\/nav><\/div>\n","protected":false},"excerpt":{"rendered":"<p>27 juni Stj\u00e4rntecken: Egenskaper och Vekke Sind st\u00f6ttar l\u00e4sarna. N\u00e4r du k\u00f6per v\u00eda l\u00e4nkar p\u00e5 v\u00e5r webbplats kan vi tj\u00e4na en affiliate-provision. L\u00e4s mer. M\u00e4nniskor f\u00f6dda den 27 juni tillh\u00f6r stj\u00e4rntecknet Kr\u00e4ftan. Kr\u00e4ftan \u00e4r zodiakens fj\u00e4rde astrologiska tecken och representeras av krabban. De som \u00e4r f\u00f6dda under detta tecken \u00e4r k\u00e4nda f\u00f6r sitt k\u00e4nslom\u00e4ssiga djup, &hellip;<\/p>\n","protected":false},"author":1,"featured_media":65,"comment_status":"closed","ping_status":"closed","sticky":false,"template":"","format":"standard","meta":{"footnotes":""},"categories":[3],"tags":[1614,207,40,21],"class_list":["post-15702","post","type-post","status-publish","format-standard","has-post-thumbnail","hentry","category-ritualer","tag-egenskaper","tag-juni","tag-och","tag-stjarntecken"],"_links":{"self":[{"href":"https:\/\/goroskop.tv\/sw\/wp-json\/wp\/v2\/posts\/15702","targetHints":{"allow":["GET"]}}],"collection":[{"href":"https:\/\/goroskop.tv\/sw\/wp-json\/wp\/v2\/posts"}],"about":[{"href":"https:\/\/goroskop.tv\/sw\/wp-json\/wp\/v2\/types\/post"}],"author":[{"embeddable":true,"href":"https:\/\/goroskop.tv\/sw\/wp-json\/wp\/v2\/users\/1"}],"replies":[{"embeddable":true,"href":"https:\/\/goroskop.tv\/sw\/wp-json\/wp\/v2\/comments?post=15702"}],"version-history":[{"count":0,"href":"https:\/\/goroskop.tv\/sw\/wp-json\/wp\/v2\/posts\/15702\/revisions"}],"wp:featuredmedia":[{"embeddable":true,"href":"https:\/\/goroskop.tv\/sw\/wp-json\/wp\/v2\/media\/65"}],"wp:attachment":[{"href":"https:\/\/goroskop.tv\/sw\/wp-json\/wp\/v2\/media?parent=15702"}],"wp:term":[{"taxonomy":"category","embeddable":true,"href":"https:\/\/goroskop.tv\/sw\/wp-json\/wp\/v2\/categories?post=15702"},{"taxonomy":"post_tag","embeddable":true,"href":"https:\/\/goroskop.tv\/sw\/wp-json\/wp\/v2\/tags?post=15702"}],"curies":[{"name":"wp","href":"https:\/\/api.w.org\/{rel}","templated":true}]}}