{"id":15994,"date":"2023-08-15T21:14:46","date_gmt":"2023-08-15T21:14:46","guid":{"rendered":"https:\/\/goroskop.tv\/sw\/vilken-farg-representerar-vagen-fargar-dig\/"},"modified":"2023-08-15T21:14:46","modified_gmt":"2023-08-15T21:14:46","slug":"vilken-farg-representerar-vagen-fargar-dig","status":"publish","type":"post","link":"https:\/\/goroskop.tv\/sw\/vilken-farg-representerar-vagen-fargar-dig\/","title":{"rendered":"Vilken f\u00e4rg representerar V\u00e5gen?  (&#038; f\u00e4rgar dig"},"content":{"rendered":"<p><\/p>\n<h2><span class=\"ez-toc-section\" id=\"Vilken_farg_representerar_Vagen_fargar_dig\"><\/span><span class=\"ez-toc-section\" id=\"%C2%BFQue_color_representa_a_Libra_te_colorea\"><\/span>    Vilken f\u00e4rg representerar V\u00e5gen?  (&#038; f\u00e4rgar dig<span class=\"ez-toc-section-end\"><\/span><span class=\"ez-toc-section-end\"><\/span><\/h2>\n<figure class=\"wp-block-image aligncenter size-full\"><\/figure>\n<p>F\u00e4rger p\u00e5verkar v\u00e5ra liv och dikterar hur vi uppfattar saker eller vilka val vi g\u00f6r, s\u00e5 vi utvecklar likheter med vissa f\u00e4rger \u00f6ver tiden. <\/p>\n<p>Den h\u00e4r f\u00e4rgen kanske inte \u00e4r din zodiakf\u00e4rg men om den \u00e4r det \u00e4r det gr\u00e4dden p\u00e5 moset f\u00f6r dig eftersom de tar fram det b\u00e4sta i dig.<\/p>\n<p>P\u00e5 tal om v\u00e5gar, det f\u00f6rsta som kommer att t\u00e4nka p\u00e5 \u00e4r skalan, som representerar din zodiak. <\/p>\n<p>  Din personlighet \u00e4r designad f\u00f6r att uppn\u00e5 harmoni, en sorts balans med saker och ting.<\/p>\n<p>Men det mest \u00f6verraskande \u00e4r att n\u00e4r du fr\u00e5gar V\u00e5garna runt omkring dig om deras favoritf\u00e4rger kommer du att m\u00e4rka att de allra flesta av dem kommer att b\u00f6rja med en enkel f\u00e4rg och med tiden attraheras av zodiakens f\u00e4rger. <\/p>\n<p>  Det kanske inte \u00e4r den exakta nyansen\/f\u00e4rgen, men undertonerna kommer att synas i dem.<\/p>\n<p>D\u00e4rf\u00f6r leder det oss till fr\u00e5gan: Vilka f\u00e4rger representerar V\u00e5gen?<\/p>\n<p><strong>De tv\u00e5 prim\u00e4ra f\u00e4rgerna som representerar V\u00e5gens freds\u00e4lskande natur \u00e4r;  rosa och ljusbl\u00e5. <\/strong><\/p>\n<p>  Men nyanser med en pastell underton, som gr\u00e4dde, lavendel och vitt, ger det b\u00e4sta resultatet en v\u00e5g kan \u00f6nska sig.<\/p>\n<p><em>H\u00e4r kommer vi att diskutera effekten av b\u00e5de prim\u00e4ra f\u00e4rger p\u00e5 en V\u00e5gens personlighet och n\u00e5gra sm\u00e5 detaljer om andra f\u00e4rger att undvika.<\/em><\/p>\n<h2 class=\"wp-block-heading\"><span class=\"ez-toc-section\" id=\"Farger_for_Vagen\"><\/span><span class=\"ez-toc-section\" id=\"Colores_para_Libra\"><\/span>F\u00e4rger f\u00f6r V\u00e5gen<span class=\"ez-toc-section-end\"><\/span><span class=\"ez-toc-section-end\"><\/span><\/h2>\n<p>F\u00e4rgerna som diskuteras f\u00f6r en V\u00e5g kompletterar de personlighetsdrag som deras stj\u00e4rntecken ger dessa lufttecken. <\/p>\n<p>  \u00c4ven om din favoritf\u00e4rg kan se l\u00e4tt ut f\u00f6r \u00f6gat, tar dessa f\u00e4rger fram det b\u00e4sta.<\/p>\n<p>Det \u00e4r d\u00e4rf\u00f6r;  du m\u00e5ste integrera dessa f\u00e4rger i ditt liv p\u00e5 ett eller annat s\u00e4tt. <\/p>\n<p>  Det kommer att hj\u00e4lpa dig att m\u00e5 ditt b\u00e4sta och uppn\u00e5 ditt b\u00e4sta. <\/p>\n<p>  Du kan ocks\u00e5 blanda dem med dina favoritf\u00e4rger f\u00f6r att kompensera deras negativa effekt.<\/p>\n<h3 class=\"wp-block-heading\"><span class=\"ez-toc-section\" id=\"Rosa\"><\/span><span class=\"ez-toc-section\" id=\"Rosa\"><\/span>Rosa<span class=\"ez-toc-section-end\"><\/span><span class=\"ez-toc-section-end\"><\/span><\/h3>\n<figure class=\"wp-block-image aligncenter size-full\"><\/figure>\n<p>V\u00e5gar har Venus som sin h\u00e4rskande planet, s\u00e5 du kan gissa att estetik \u00e4r h\u00f6gsta prioritet i deras fall. <\/p>\n<p>  Det \u00e4r d\u00e4rf\u00f6r mode \u00e4r deras h\u00f6gsta prioritet, och att kl\u00e4 sig p\u00e5 b\u00e4sta s\u00e4tt tar fram det inre sj\u00e4lvf\u00f6rtroendet f\u00f6r de flesta v\u00e5gar.<\/p>\n<p>N\u00e4r du h\u00f6r ordet ros \u00e4r den f\u00f6rsta tanken som sl\u00e5r dig flicka, alla hj\u00e4rtans dag eller rosor. <\/p>\n<p>  Utifr\u00e5n det kan vi dra slutsatsen att k\u00e4rleken p\u00e5 n\u00e5got s\u00e4tt \u00e4r intrasslad med f\u00e4rgen rosa.<\/p>\n<p>Men det \u00e4r inte allt f\u00e4rgen rosa f\u00f6r en V\u00e5g \u00e4r b\u00e4ttre av tv\u00e5 anledningar. <\/p>\n<p>  Den f\u00f6rsta \u00e4r sk\u00f6nhetsaspekten som ges av planeten Venus, och den andra \u00e4r hur den interagerar med deras personligheter.<\/p>\n<p>Denna f\u00e4rg lyfter fram lugnet, friden, k\u00e4rleksfulla naturen och optimismen i en v\u00e5g. <\/p>\n<p>  Om du har ett viktigt beslut att ta eller ett steg att ta i ditt liv, \u00e4r rosa din b\u00e4sta insats.<\/p>\n<p>Det betyder dock inte att du m\u00e5ste g\u00f6ra allt rosa. <\/p>\n<p>  Ett litet tillbeh\u00f6r till mobilen, en skjorta, en pl\u00e5nbok, en v\u00e4ska, n\u00e5gra \u00f6rh\u00e4ngen eller ett smycke, g\u00f6r susen. <\/p>\n<p>  Kom ih\u00e5g att ta en liten titt p\u00e5 den accessoaren d\u00e5 och d\u00e5.<\/p>\n<h3 class=\"wp-block-heading\"><span class=\"ez-toc-section\" id=\"Ljusbla\"><\/span><span class=\"ez-toc-section\" id=\"Azul_claro\"><\/span>Ljusbl\u00e5<span class=\"ez-toc-section-end\"><\/span><span class=\"ez-toc-section-end\"><\/span><\/h3>\n<figure class=\"wp-block-image aligncenter size-full\"><\/figure>\n<p>I allm\u00e4nhet, enligt de flesta astrologer, \u00e4r den n\u00e4st b\u00e4sta f\u00e4rgen f\u00f6r V\u00e5gen bl\u00e5. <\/p>\n<p>  Men n\u00e4r du tittar tillr\u00e4ckligt djupt ser du att egenskaperna f\u00f6rknippade med ljusbl\u00e5tt b\u00e4st kompletterar denna zodiak.<\/p>\n<p>\u00c4nnu b\u00e4ttre, nyanser av ljusbl\u00e5tt \u00e4r den b\u00e4sta f\u00e4rgen f\u00f6r en V\u00e5g efter rosa, s\u00e4rskilt himmelsbl\u00e5.<\/p>\n<p>Denna f\u00e4rg tar fram frihetsaspekten av detta stj\u00e4rntecken och tillfredsst\u00e4ller din fantasi. <\/p>\n<p>  Dessa zodiaker \u00e4lskar sk\u00f6nhet p\u00e5 grund av sin personlighet och h\u00e4rskande planet, men deras kreativa natur \u00e4r inget att h\u00e5na, speciellt n\u00e4r det kommer till att visa upp sig.<\/p>\n<p>De \u00e4lskar utseendet och den konstn\u00e4rliga sidan av saker och ting och kan l\u00e4mna dig i v\u00f6rdnad om de slutar t\u00e4nka \u00f6ver, vilket \u00e4r deras st\u00f6rsta svaghet.<\/p>\n<p>Men \u00e4ven h\u00e4r spelar antikbl\u00e5tt en viktig roll. <\/p>\n<p>  Bl\u00e5tt ger lugn och kan hj\u00e4lpa till att lugna sinnet genom att rensa bort on\u00f6diga tankar. <\/p>\n<p>  Om du m\u00e5ste g\u00f6ra s\u00e4kra bed\u00f6mningar \u00e4r bl\u00e5tt det f\u00f6redragna valet f\u00f6r Libras.<\/p>\n<h3 class=\"wp-block-heading\"><span class=\"ez-toc-section\" id=\"Vit\"><\/span><span class=\"ez-toc-section\" id=\"Blanco\"><\/span>Vit<span class=\"ez-toc-section-end\"><\/span><span class=\"ez-toc-section-end\"><\/span><\/h3>\n<figure class=\"wp-block-image aligncenter size-full\"><\/figure>\n<p>Den vanligaste favoritf\u00e4rgen f\u00f6r personer med detta stj\u00e4rntecken \u00e4r vit. <\/p>\n<p>  Det \u00e4r inte en zodiakf\u00e4rg, men den ger egenskaper som fyllighet, \u00f6kar sj\u00e4lvf\u00f6rtroendet och h\u00e5ller V\u00e5garna fokuserade.<\/p>\n<p>D\u00e4rf\u00f6r \u00e4r det inte f\u00f6rv\u00e5nande att m\u00e4nniskor med detta stj\u00e4rntecken dras till vitt.<\/p>\n<h3 class=\"wp-block-heading\"><span class=\"ez-toc-section\" id=\"Lavendel\"><\/span><span class=\"ez-toc-section\" id=\"Lavanda\"><\/span>Lavendel<span class=\"ez-toc-section-end\"><\/span><span class=\"ez-toc-section-end\"><\/span><\/h3>\n<figure class=\"wp-block-image aligncenter size-full\"><\/figure>\n<p>En f\u00e4rg med en ljuslila k\u00e4nsla, lavendel \u00e4r en annan bra f\u00e4rg f\u00f6r v\u00e5gar. <\/p>\n<p>  Anledningen till detta \u00e4r att den kombinerar egenskaperna hos bl\u00e5tt och rosa, s\u00e5 genom att v\u00e4lja den h\u00e4r f\u00e4rgen kan V\u00e5gen f\u00e5 det b\u00e4sta av tv\u00e5 v\u00e4rldar.<\/p>\n<p>Dessutom, det b\u00e4sta av allt, det finns inget fusk. <\/p>\n<p>  Testa dock ljusare nyanser i lavendel f\u00f6r b\u00e4sta resultat, eftersom de kan hj\u00e4lpa till att n\u00e5 framg\u00e5ng.<\/p>\n<h2 class=\"wp-block-heading\"><span class=\"ez-toc-section\" id=\"farger_att_undvika\"><\/span><span class=\"ez-toc-section\" id=\"Colores_a_evitar\"><\/span>f\u00e4rger att undvika<span class=\"ez-toc-section-end\"><\/span><span class=\"ez-toc-section-end\"><\/span><\/h2>\n<p>Det finns flera f\u00e4rger som en V\u00e5g b\u00f6r undvika f\u00f6r att undvika konflikter med deras personlighet och de egenskaper dessa f\u00e4rger ger.<\/p>\n<p>Bland dessa f\u00e4rger \u00e4r f\u00e4rger som ger motsatta energier ett stort nej!<\/p>\n<p>Till exempel representerar r\u00f6tt ilska eller h\u00e4ftighet, vilket \u00e4r motsatsen till v\u00e5r V\u00e5gs personlighetsdrag. <\/p>\n<p>P\u00e5 samma s\u00e4tt v\u00e4cker f\u00e4rgerna brunt och svart dystra k\u00e4nslor, som krockar med din ut\u00e5triktade, sociala och optimistiska vih.<\/p>\n<h2 class=\"wp-block-heading\"><span class=\"ez-toc-section\" id=\"Slutsats\"><\/span><span class=\"ez-toc-section\" id=\"Conclusion\"><\/span>Slutsats<span class=\"ez-toc-section-end\"><\/span><span class=\"ez-toc-section-end\"><\/span><\/h2>\n<p>I slut\u00e4ndan \u00e4r den b\u00e4sta f\u00e4rgen f\u00f6r personer med detta stj\u00e4rntecken rosa och bl\u00e5, men lavendel och vit kan g\u00f6ra underverk om de passar din smak. <\/p>\n<p>  Tv\u00e4rtom, att anv\u00e4nda f\u00e4rger som r\u00f6tt, brunt eller svart \u00e4r okej, bara n\u00e4r du anv\u00e4nder dem tillsammans med andra f\u00e4rger.<\/p>\n<p>Men det \u00e4r b\u00e4ttre att v\u00e4lja zodiakens f\u00e4rger eftersom de kommer att \u00f6ka din personlighet och h\u00e5lla dig i ditt b\u00e4sta.<\/p>\n<p>Vi hoppas att du gillade v\u00e5r artikel Vilken f\u00e4rg representerar V\u00e5gen?  (&#038; f\u00e4rgar dig och allt relaterat till horoskop, tarot, ritualer och allt relaterat&#8230;<\/p>\n<figure class=\"wp-block-table is-style-regular\">\n<\/figure>\n<p>Intressanta saker att veta inneb\u00f6rden: Ritualer  <\/p>\n<p>\u00c4ven h\u00e4r l\u00e4mnar vi \u00e4mnen relaterade till: Ritualer <\/p>\n<\/p>\n<p><\/p>\n<p>Vi hoppas att du gillade v\u00e5r artikel  Vilken f\u00e4rg representerar V\u00e5gen?  (&#038; f\u00e4rgar dig<br \/>\n och allt om horoskop, tarot, ritualer och allt relaterat till det &#8230;<\/p>\n<figure class=\"wp-block-table is-style-regular\">\n<table style=\"width: 284px; height: 157px;\">\n<tbody>\n<tr>\n<td class=\"has-text-align-center\" data-align=\"center\"><img loading=\"lazy\" decoding=\"async\" class=\"alignleft\" src=\" https:\/\/goroskop.tv\/wp-content\/uploads\/2023\/05\/rituales1.jpg \" alt=\"  Vilken f\u00e4rg representerar V\u00e5gen?  (&#038; f\u00e4rgar dig\n \" width=\"65\" height=\"95\" title=\"\"><img loading=\"lazy\" decoding=\"async\" class=\"alignleft\" style=\"width: 60px;\" src=\" https:\/\/goroskop.tv\/wp-content\/uploads\/2023\/05\/rituales2.jpg \" alt=\"  Vilken f\u00e4rg representerar V\u00e5gen?  (&#038; f\u00e4rgar dig\n \" width=\"195\" height=\"300\" title=\"\"><img decoding=\"async\" class=\"alignleft\" style=\"width: 60px;\" src=\" https:\/\/goroskop.tv\/wp-content\/uploads\/2023\/05\/rituales3.jpg \" alt=\"  Vilken f\u00e4rg representerar V\u00e5gen?  (&#038; f\u00e4rgar dig\n \" title=\"\"><\/td>\n<\/tr>\n<\/tbody>\n<\/table>\n<\/figure>\n<p>Intressanta saker att veta inneb\u00f6rden: <a href=\"https:\/\/sv.wikipedia.org\/wiki\/Ritualer\" target=\"_blank\" rel=\"nofollow noopener\"> Ritualer <\/a> <\/p>\n<p>H\u00e4r l\u00e4mnar vi ocks\u00e5 \u00e4mnen relaterade till: <a href=\" https:\/\/goroskop.tv\/sw\/karriarguide-for-stjarntecken-den-basta\/\">Ritualer<\/a><\/p>\n<div id=\"ez-toc-container\" class=\"ez-toc-v2_0_82_2 ez-toc-wrap-center counter-hierarchy ez-toc-counter ez-toc-grey ez-toc-container-direction\">\n<div class=\"ez-toc-title-container\">\n<div class=\"ez-toc-title\" style=\"cursor:inherit\">Table of Contents<\/div>\n<span class=\"ez-toc-title-toggle\"><a href=\"#\" class=\"ez-toc-pull-right ez-toc-btn ez-toc-btn-xs ez-toc-btn-default ez-toc-toggle\" aria-label=\"Alternar tabla de contenidos\"><span class=\"ez-toc-js-icon-con\"><span class=\"\"><span class=\"eztoc-hide\" style=\"display:none;\">Toggle<\/span><span class=\"ez-toc-icon-toggle-span\"><svg style=\"fill: #999;color:#999\" xmlns=\"http:\/\/www.w3.org\/2000\/svg\" class=\"list-377408\" width=\"20px\" height=\"20px\" viewBox=\"0 0 24 24\" fill=\"none\"><path d=\"M6 6H4v2h2V6zm14 0H8v2h12V6zM4 11h2v2H4v-2zm16 0H8v2h12v-2zM4 16h2v2H4v-2zm16 0H8v2h12v-2z\" fill=\"currentColor\"><\/path><\/svg><svg style=\"fill: #999;color:#999\" class=\"arrow-unsorted-368013\" xmlns=\"http:\/\/www.w3.org\/2000\/svg\" width=\"10px\" height=\"10px\" viewBox=\"0 0 24 24\" version=\"1.2\" baseProfile=\"tiny\"><path d=\"M18.2 9.3l-6.2-6.3-6.2 6.3c-.2.2-.3.4-.3.7s.1.5.3.7c.2.2.4.3.7.3h11c.3 0 .5-.1.7-.3.2-.2.3-.5.3-.7s-.1-.5-.3-.7zM5.8 14.7l6.2 6.3 6.2-6.3c.2-.2.3-.5.3-.7s-.1-.5-.3-.7c-.2-.2-.4-.3-.7-.3h-11c-.3 0-.5.1-.7.3-.2.2-.3.5-.3.7s.1.5.3.7z\"\/><\/svg><\/span><\/span><\/span><\/a><\/span><\/div>\n<nav><ul class='ez-toc-list ez-toc-list-level-1 eztoc-toggle-hide-by-default' ><li class='ez-toc-page-1 ez-toc-heading-level-2'><a class=\"ez-toc-link ez-toc-heading-1\" href=\"https:\/\/goroskop.tv\/sw\/vilken-farg-representerar-vagen-fargar-dig\/#Vilken_farg_representerar_Vagen_fargar_dig\" >Vilken f\u00e4rg representerar V\u00e5gen?  (&#038; f\u00e4rgar dig<\/a><\/li><li class='ez-toc-page-1 ez-toc-heading-level-2'><a class=\"ez-toc-link ez-toc-heading-2\" href=\"https:\/\/goroskop.tv\/sw\/vilken-farg-representerar-vagen-fargar-dig\/#Farger_for_Vagen\" >F\u00e4rger f\u00f6r V\u00e5gen<\/a><ul class='ez-toc-list-level-3' ><li class='ez-toc-heading-level-3'><a class=\"ez-toc-link ez-toc-heading-3\" href=\"https:\/\/goroskop.tv\/sw\/vilken-farg-representerar-vagen-fargar-dig\/#Rosa\" >Rosa<\/a><\/li><li class='ez-toc-page-1 ez-toc-heading-level-3'><a class=\"ez-toc-link ez-toc-heading-4\" href=\"https:\/\/goroskop.tv\/sw\/vilken-farg-representerar-vagen-fargar-dig\/#Ljusbla\" >Ljusbl\u00e5<\/a><\/li><li class='ez-toc-page-1 ez-toc-heading-level-3'><a class=\"ez-toc-link ez-toc-heading-5\" href=\"https:\/\/goroskop.tv\/sw\/vilken-farg-representerar-vagen-fargar-dig\/#Vit\" >Vit<\/a><\/li><li class='ez-toc-page-1 ez-toc-heading-level-3'><a class=\"ez-toc-link ez-toc-heading-6\" href=\"https:\/\/goroskop.tv\/sw\/vilken-farg-representerar-vagen-fargar-dig\/#Lavendel\" >Lavendel<\/a><\/li><\/ul><\/li><li class='ez-toc-page-1 ez-toc-heading-level-2'><a class=\"ez-toc-link ez-toc-heading-7\" href=\"https:\/\/goroskop.tv\/sw\/vilken-farg-representerar-vagen-fargar-dig\/#farger_att_undvika\" >f\u00e4rger att undvika<\/a><\/li><li class='ez-toc-page-1 ez-toc-heading-level-2'><a class=\"ez-toc-link ez-toc-heading-8\" href=\"https:\/\/goroskop.tv\/sw\/vilken-farg-representerar-vagen-fargar-dig\/#Slutsats\" >Slutsats<\/a><\/li><\/ul><\/nav><\/div>\n","protected":false},"excerpt":{"rendered":"<p>Vilken f\u00e4rg representerar V\u00e5gen? (&#038; f\u00e4rgar dig F\u00e4rger p\u00e5verkar v\u00e5ra liv och dikterar hur vi uppfattar saker eller vilka val vi g\u00f6r, s\u00e5 vi utvecklar likheter med vissa f\u00e4rger \u00f6ver tiden. Den h\u00e4r f\u00e4rgen kanske inte \u00e4r din zodiakf\u00e4rg men om den \u00e4r det \u00e4r det gr\u00e4dden p\u00e5 moset f\u00f6r dig eftersom de tar fram &hellip;<\/p>\n","protected":false},"author":1,"featured_media":52,"comment_status":"closed","ping_status":"closed","sticky":false,"template":"","format":"standard","meta":{"footnotes":""},"categories":[3],"tags":[14,354,993,308,440,86],"class_list":["post-15994","post","type-post","status-publish","format-standard","has-post-thumbnail","hentry","category-ritualer","tag-dig","tag-farg","tag-fargar","tag-representerar","tag-vagen","tag-vilken"],"_links":{"self":[{"href":"https:\/\/goroskop.tv\/sw\/wp-json\/wp\/v2\/posts\/15994","targetHints":{"allow":["GET"]}}],"collection":[{"href":"https:\/\/goroskop.tv\/sw\/wp-json\/wp\/v2\/posts"}],"about":[{"href":"https:\/\/goroskop.tv\/sw\/wp-json\/wp\/v2\/types\/post"}],"author":[{"embeddable":true,"href":"https:\/\/goroskop.tv\/sw\/wp-json\/wp\/v2\/users\/1"}],"replies":[{"embeddable":true,"href":"https:\/\/goroskop.tv\/sw\/wp-json\/wp\/v2\/comments?post=15994"}],"version-history":[{"count":0,"href":"https:\/\/goroskop.tv\/sw\/wp-json\/wp\/v2\/posts\/15994\/revisions"}],"wp:featuredmedia":[{"embeddable":true,"href":"https:\/\/goroskop.tv\/sw\/wp-json\/wp\/v2\/media\/52"}],"wp:attachment":[{"href":"https:\/\/goroskop.tv\/sw\/wp-json\/wp\/v2\/media?parent=15994"}],"wp:term":[{"taxonomy":"category","embeddable":true,"href":"https:\/\/goroskop.tv\/sw\/wp-json\/wp\/v2\/categories?post=15994"},{"taxonomy":"post_tag","embeddable":true,"href":"https:\/\/goroskop.tv\/sw\/wp-json\/wp\/v2\/tags?post=15994"}],"curies":[{"name":"wp","href":"https:\/\/api.w.org\/{rel}","templated":true}]}}