{"id":17521,"date":"2023-08-16T16:52:12","date_gmt":"2023-08-16T16:52:12","guid":{"rendered":"https:\/\/goroskop.tv\/sw\/lamna-det-forflutna-bakom-dig-med-denna-highlighter\/"},"modified":"2023-08-16T16:52:12","modified_gmt":"2023-08-16T16:52:12","slug":"lamna-det-forflutna-bakom-dig-med-denna-highlighter","status":"publish","type":"post","link":"https:\/\/goroskop.tv\/sw\/lamna-det-forflutna-bakom-dig-med-denna-highlighter\/","title":{"rendered":"L\u00e4mna det f\u00f6rflutna bakom dig med denna highlighter"},"content":{"rendered":"<p><\/p>\n<h2><span class=\"ez-toc-section\" id=\"Lamna_det_forflutna_bakom_dig_med_denna_highlighter\"><\/span><span class=\"ez-toc-section\" id=\"Deja_atras_el_pasado_con_este_iluminador\"><\/span>  L\u00e4mna det f\u00f6rflutna bakom dig med denna highlighter<span class=\"ez-toc-section-end\"><\/span><span class=\"ez-toc-section-end\"><\/span><\/h2>\n<p>Vintersolst\u00e5ndet, \u00e4ven k\u00e4nt som jul, markerar \u00e5rets kortaste dag och l\u00e4ngsta natt p\u00e5 norra halvklotet. <\/p>\n<p>  Detta solst\u00e5nd, som ocks\u00e5 f\u00f6reb\u00e5dar starten p\u00e5 Stenbockens s\u00e4song (21 december) och den astronomiska vintern, \u00e4r en naturlig tid f\u00f6r reflektion och introspektion, vilket ger m\u00f6jligheter till vila, medvetenhet och f\u00f6rnyelse.<\/p>\n<p>Traditionellt firar vintersolst\u00e5ndet solens \u00e5terkomst, eftersom v\u00e5ra dagar fr\u00e5n och med denna tidpunkt p\u00e5 kalendern kommer att bli allt l\u00e4ngre.<\/p>\n<p>S\u00e5 sm\u00e5ningom kommer detta att leda till global uppv\u00e4rmning och \u00e5terv\u00e4xt p\u00e5 v\u00e5ren, men f\u00f6r n\u00e4rvarande har vi en chans att reflektera \u00f6ver de senaste s\u00e4songerna, vad vi har sl\u00e4ppt och hur dessa f\u00f6r\u00e4ndringar har p\u00e5verkat oss.<\/p>\n<p><b>Se till att du inte missar den h\u00e4r artikeln: Vilka tarotkort representerar Stenbocken? <\/b><\/p>\n<h2><span class=\"ez-toc-section\" id=\"Vintersolstandet_ar_en_tid_for_introspektion\"><\/span><span class=\"ez-toc-section\" id=\"El_solsticio_de_invierno_es_un_momento_para_la_introspeccion\"><\/span>Vintersolst\u00e5ndet \u00e4r en tid f\u00f6r introspektion<span class=\"ez-toc-section-end\"><\/span><span class=\"ez-toc-section-end\"><\/span><\/h2>\n<h2><\/h2>\n<p>Den h\u00e4r tiden p\u00e5 \u00e5ret ger en naturlig stillhet, en stilla kontemplation som skapar m\u00f6jligheter att erk\u00e4nna hur vi har v\u00e4xt, de f\u00f6r\u00e4ndringar vi har gjort, f\u00f6rlusterna vi har sett och dr\u00f6mmarna som lever inom oss.<\/p>\n<p>\u00d6verv\u00e4ga:<\/p>\n<ul>\n<li>Vilka n\u00f6dv\u00e4ndiga omvandlingar medf\u00f6rde skorpionen?<\/li>\n<li>Hur har du anammat den nya elden och \u00e4ventyret under Skyttens s\u00e4song?<\/li>\n<li>Och med Capricorn-s\u00e4songen p\u00e5 v\u00e4g att dra ig\u00e5ng, vilka ambitioner och m\u00e5l \u00e4r du villig att str\u00e4va efter?<\/li>\n<\/ul>\n<p>Du kanske tycker att det \u00e4r bra att komma ih\u00e5g var du var under v\u00e5rdagj\u00e4mningen, sommarsolst\u00e5ndet och h\u00f6stdagj\u00e4mningen, med tanke p\u00e5 vad du arbetade med och k\u00e4nde igen under dessa \u00e5rstider. <i><b>Hur har du v\u00e4xt och f\u00f6r\u00e4ndrats sedan dess?  Vad har du l\u00e4rt dig? <\/b><\/i><\/p>\n<p><b>Missa inte: <\/b><b>5 s\u00e4tt att omfamna \u00e5terf\u00f6delse denna vintersolst\u00e5ndet<\/b><\/p>\n<p>T\u00e4nk p\u00e5 vad som lyser upp den h\u00e4r tiden p\u00e5 \u00e5ret: vad du \u00e4r inbjuden att begrunda, att ifr\u00e5gas\u00e4tta, att f\u00f6rest\u00e4lla dig.<\/p>\n<p><i>Vad dr\u00f6mmer du? <\/i><\/p>\n<p><i>Hur har du vidtagit \u00e5tg\u00e4rder f\u00f6r att f\u00f6rverkliga dina \u00f6nskem\u00e5l och vilka m\u00f6jligheter \u00f6ppnar sig? <\/i><\/p>\n<p><i>N\u00e4r solljuset blir ljusare och klarare, vilka \u00f6nskningar avsl\u00f6jas?<\/i><\/p>\n<p><b>Den h\u00e4r tiden p\u00e5 \u00e5ret beh\u00f6ver inte enbart fokusera p\u00e5 prestationer, framg\u00e5ng, tillv\u00e4xtcykler: vintern inbjuder till vilol\u00e4ge, stillhet, reflektion och det handlar inte bara om vila f\u00f6r att \u00f6ka ambitionerna. <\/b><\/p>\n<p><i>Vad l\u00e4r vi oss om oss sj\u00e4lva n\u00e4r vi \u00e4r tysta, stilla, observanta?  Vilka hemliga h\u00f6rn \u00e4r upplysta av solens l\u00e5ngstr\u00e4ckta str\u00e5lar?  Vilka mysterier avsl\u00f6jar de?<\/i><\/p>\n<h2><span class=\"ez-toc-section\" id=\"Ett_tarotpaslag_for_julvintersolstandet\"><\/span>Ett tarotp\u00e5slag f\u00f6r jul\/vintersolst\u00e5ndet<span class=\"ez-toc-section-end\"><\/span><\/h2>\n<figure class=\"rte-img-chosen\" style=\"text-align: center;\">\n<\/figure>\n<p>V\u00e5r diffusion av vintersolst\u00e5ndet fokuserar p\u00e5 uppenbarelse, och p\u00e5minner dig om att sakta ner, vara n\u00e4rvarande och bjuda in ljus, v\u00e4rme och gl\u00e4dje.<\/p>\n<p><b>Genom att reflektera \u00f6ver det f\u00f6rflutna, erk\u00e4nna njutning i nuet och f\u00f6rutse g\u00e5vor i framtiden ger vi plats f\u00f6r kontemplation, aktivering och firande. <\/b>N\u00e4r vi avsiktligt tar ett steg tillbaka fr\u00e5n r\u00f6relsen och lyssnar p\u00e5 de stilla r\u00f6sterna inom oss, kan nya mysterier, nya \u00f6nskningar och nya f\u00f6rst\u00e5elser avsl\u00f6jas.<\/p>\n<p><b>L\u00e4s detta nedan: <\/b><b>En tarotl\u00e4sning f\u00f6r att se vad resten av 2021 har att erbjuda <\/b><\/p>\n<p>Ut\u00f6ver detta uppslag inkluderar jag ocks\u00e5 ett kort provl\u00e4sning s\u00e5 att du kan se hur du anv\u00e4nder denna design i dina egna ritualer.<\/p>\n<p><b>Som alltid, t\u00e4nk p\u00e5 att dessa kort inte drogs f\u00f6r n\u00e5gon speciell person, situation eller utmaning, men du kan fortfarande hitta viss visdom som ger resonans.<\/b><\/p>\n<figure class=\"rte-img-chosen\" style=\"text-align: center;\">\n<\/figure>\n<h2><span class=\"ez-toc-section\" id=\"Kort_ett_en_laxa_fran_det_forflutna\"><\/span><span class=\"ez-toc-section\" id=\"Tarjeta_uno_una_leccion_del_pasado\"><\/span>Kort ett: en l\u00e4xa fr\u00e5n det f\u00f6rflutna<span class=\"ez-toc-section-end\"><\/span><span class=\"ez-toc-section-end\"><\/span><\/h2>\n<h3><span class=\"ez-toc-section\" id=\"8_koppar\"><\/span><span class=\"ez-toc-section\" id=\"8_de_Copas\"><\/span>8 koppar<span class=\"ez-toc-section-end\"><\/span><span class=\"ez-toc-section-end\"><\/span><\/h3>\n<p>Knuten till k\u00e4nslan och hj\u00e4rtat \u00e4r 8 of Cups ett kort f\u00f6r att l\u00e4mna n\u00e5got bakom sig, att v\u00e4lja sig sj\u00e4lv, att vara villig att b\u00f6rja om p\u00e5 nytt.<\/p>\n<p>Ofta talar detta om ett giftigt f\u00f6rh\u00e5llande eller en omst\u00e4ndighet som inte g\u00e5r att \u00f6vervinna, n\u00e5got som \u00e4r trasigt bortom reparation, som vi har gjort allt f\u00f6r att fixa. <\/p>\n<p>  Och genom att vara villiga att f\u00f6rest\u00e4lla oss ett annat s\u00e4tt, genom att prioritera v\u00e5r egen l\u00e4kning och tr\u00f6st framf\u00f6r ett destruktivt m\u00f6nster, \u00f6ppnar vi oss f\u00f6r nya m\u00f6jligheter.<\/p>\n<p>Som en l\u00e4rdom fr\u00e5n det f\u00f6rflutna talar detta kort om ett tidigare val som har tj\u00e4nat oss v\u00e4l, en v\u00e4gsk\u00e4l d\u00e4r vi s\u00e4tter oss sj\u00e4lva f\u00f6rst.<\/p>\n<p><i>Vilka medvetna f\u00f6r\u00e4ndringar har vi gjort och hur st\u00e4ngning av en d\u00f6rr till\u00e4t andra att \u00f6ppnas?<\/i><\/p>\n<h2><span class=\"ez-toc-section\" id=\"Bokstav_tva_En_gladje_i_nuet\"><\/span><span class=\"ez-toc-section\" id=\"Carta_Dos_Una_Alegria_en_el_Presente\"><\/span>Bokstav tv\u00e5: En gl\u00e4dje i nuet<span class=\"ez-toc-section-end\"><\/span><span class=\"ez-toc-section-end\"><\/span><\/h2>\n<h3><span class=\"ez-toc-section\" id=\"Child_of_Cups_Page_of_Cups\"><\/span><span class=\"ez-toc-section\" id=\"Nino_de_Copas_Paje_de_Copas\"><\/span>Child of Cups \/ Page of Cups<span class=\"ez-toc-section-end\"><\/span><span class=\"ez-toc-section-end\"><\/span><\/h3>\n<p>\u00c4ven k\u00e4nd som Page of Cups, \u00e4r detta ett kort av f\u00f6rundran och f\u00f6rundran, att se sk\u00f6nheten i v\u00e4rlden, lita p\u00e5 intuitionen och ha tro p\u00e5 sig sj\u00e4lv.<\/p>\n<p>Ett annat kort i k\u00e4nslans kostym, det h\u00e4r \u00e4r n\u00e5gon ung och oerfaren men med en kraftfull naturlig k\u00e4nsla av konstn\u00e4rskap, anknytning och optimism. <\/p>\n<p>  Sidorna b\u00e4r ofta budskap eller talar om kommunikation, och i denna position av gl\u00e4dje i nuet uppmanar denna figur oss att fira de relationer vi bildar och st\u00e4rker och att l\u00e5ta v\u00e5ra k\u00e4nslor fl\u00f6da fritt.<\/p>\n<p>Det finns s\u00e5 mycket potential runt omkring oss, och genom att h\u00e5lla v\u00e5ra hj\u00e4rtan \u00f6ppna p\u00e5minns vi om att allt \u00e4r m\u00f6jligt.<\/p>\n<h2><span class=\"ez-toc-section\" id=\"Kort_tre_en_gava_i_framtiden\"><\/span><span class=\"ez-toc-section\" id=\"Tarjeta_tres_un_regalo_en_el_futuro\"><\/span>Kort tre: en g\u00e5va i framtiden<span class=\"ez-toc-section-end\"><\/span><span class=\"ez-toc-section-end\"><\/span><\/h2>\n<h3><span class=\"ez-toc-section\" id=\"Eremiten\"><\/span><span class=\"ez-toc-section\" id=\"El_ermitano\"><\/span>Eremiten<span class=\"ez-toc-section-end\"><\/span><span class=\"ez-toc-section-end\"><\/span><\/h3>\n<p>V\u00e5rt f\u00f6rsta Major Arcana-kort av denna l\u00e4sning, Eremiten, \u00e4r en arketyp av ensamhet, sj\u00e4lvrannsakan och djup reflektion. <\/p>\n<p>  Han \u00e4r n\u00e5gon som medvetet valt att bryta sig ur sina rutiner och nu g\u00f6r det h\u00e5rda arbetet med interna f\u00f6rh\u00f6r.<\/p>\n<p>\u00d6verv\u00e4ga:<\/p>\n<ul>\n<li><i>Vilka val har f\u00f6rt oss till denna punkt? <\/i><\/li>\n<li><i>Hur k\u00e4nner vi inf\u00f6r det vi bygger? <\/i><\/li>\n<li><i>Vad har vi l\u00e4rt oss om oss sj\u00e4lva och vad f\u00f6rs\u00f6ker vi fortfarande f\u00f6rst\u00e5? <\/i><\/li>\n<\/ul>\n<p>I denna position som en framtida g\u00e5va, talar Eremiten om en m\u00f6jlighet att f\u00f6r\u00e4ndra v\u00e5ra dagliga m\u00f6nster och f\u00f6rst\u00e5 oss sj\u00e4lva p\u00e5 en ny niv\u00e5. <\/p>\n<p>  Medvetenhet kan ge kraftfulla g\u00e5vor och kan hj\u00e4lpa oss att hitta nytt sj\u00e4lvf\u00f6rtroende, styrka och mod.<\/p>\n<h2><span class=\"ez-toc-section\" id=\"Bokstav_fyra_Nagot_att_se\"><\/span><span class=\"ez-toc-section\" id=\"Carta_Cuatro_Algo_Para_Contemplar\"><\/span>Bokstav fyra: N\u00e5got att se<span class=\"ez-toc-section-end\"><\/span><span class=\"ez-toc-section-end\"><\/span><\/h2>\n<h3><span class=\"ez-toc-section\" id=\"2_koppar\"><\/span><span class=\"ez-toc-section\" id=\"2_de_Copas\"><\/span>2 koppar<span class=\"ez-toc-section-end\"><\/span><span class=\"ez-toc-section-end\"><\/span><\/h3>\n<p>Det tredje och sista kortet i k\u00e4nslof\u00e4rgen i denna l\u00e4sning, 2 of Cups, \u00e4r ofta kopplat till ny k\u00e4rlek eller djupare relationer, p\u00e5 tal om val och potential i hj\u00e4rtefr\u00e5gor.<\/p>\n<p>Romantik och attraktion \u00e4r otroligt kraftfulla krafter, och band som v\u00e4nskap, partnerskap och gemenskap kan ha en enorm inverkan p\u00e5 hur vi ser p\u00e5 oss sj\u00e4lva. <\/p>\n<p>  Som n\u00e5got att t\u00e4nka p\u00e5 vill detta kort att vi ska \u00f6verv\u00e4ga var vi investerar v\u00e5r k\u00e4nslom\u00e4ssiga energi och uppm\u00e4rksamma \u00f6ppnandet av v\u00e5ra hj\u00e4rtan.<\/p>\n<p><i>Vem sl\u00e4pper vi in? <\/i><\/p>\n<h2><span class=\"ez-toc-section\" id=\"Bokstav_fem_nagot_att_aktivera\"><\/span><span class=\"ez-toc-section\" id=\"Carta_cinco_algo_para_activar\"><\/span>Bokstav fem: n\u00e5got att aktivera<span class=\"ez-toc-section-end\"><\/span><span class=\"ez-toc-section-end\"><\/span><\/h2>\n<h3><span class=\"ez-toc-section\" id=\"Warden_of_Wands_Queen_of_Wands\"><\/span><span class=\"ez-toc-section\" id=\"Guardian_de_Bastos_Reina_de_Bastos\"><\/span>Warden of Wands \/ Queen of Wands<span class=\"ez-toc-section-end\"><\/span><span class=\"ez-toc-section-end\"><\/span><\/h3>\n<p>\u00c4ven k\u00e4nd som trollstavarnas drottning, detta \u00e4r en eldh\u00e4rskare, n\u00e5gon med en djup och autentisk f\u00f6rst\u00e5else f\u00f6r sin egen kreativa gnista.<\/p>\n<p>N\u00e4r vi lever i linje med v\u00e5ra mest personliga passioner, n\u00e4r vi l\u00e5ter v\u00e5ra sj\u00e4lar lysa genom v\u00e5rt arbete och lek, kan vi hitta energi, r\u00f6relse och kraft som t\u00e4nder alla omkring oss. <\/p>\n<p>  Och som n\u00e5got att aktivera vill den h\u00e4r drottningen att vi ska omfamna och fira allt som lyser upp oss, som ger oss glans, som inspirerar oss att agera.<\/p>\n<p>Hon ber oss att t\u00e4nka p\u00e5: <i>Vad f\u00e5r dig att lysa?<\/i> Vi har m\u00f6jlighet att l\u00e5ta v\u00e5r magi str\u00e5la ut\u00e5t, att p\u00e5verka v\u00e5ra n\u00e4ra och k\u00e4ra och samh\u00e4llen, att g\u00f6ra en verklig skillnad.  Varf\u00f6r bryr du dig?<\/p>\n<h2><span class=\"ez-toc-section\" id=\"Kort_sex_Nagot_att_fira\"><\/span><span class=\"ez-toc-section\" id=\"Tarjeta_seis_Algo_para_celebrar\"><\/span>Kort sex: N\u00e5got att fira<span class=\"ez-toc-section-end\"><\/span><span class=\"ez-toc-section-end\"><\/span><\/h2>\n<h3><span class=\"ez-toc-section\" id=\"Djavulen\"><\/span><span class=\"ez-toc-section\" id=\"El_diablo\"><\/span>Dj\u00e4vulen<span class=\"ez-toc-section-end\"><\/span><span class=\"ez-toc-section-end\"><\/span><\/h3>\n<p><b>Dj\u00e4vulen<\/b><b>. <\/b><\/p>\n<p>V\u00e5rt andra Major Arcana-kort f\u00f6r denna l\u00e4sning, Dj\u00e4vulen, \u00e4r en utmanande arketyp av frestelser, destruktiva m\u00f6nster och en kamp f\u00f6r kontroll. <\/p>\n<p>  Men i denna festliga position kan vi hitta nya tolkningar av detta kort: m\u00f6jligheter att bryta sig loss fr\u00e5n gamla band eller inbjudningar att omfamna v\u00e5r vilda vih p\u00e5 ett s\u00e4tt som vi inte alltid till\u00e5ter oss sj\u00e4lva.<\/p>\n<p>Dj\u00e4vulen frestar oss ofta tillbaka till v\u00e5ra gamla s\u00e4tt, s\u00e5 det h\u00e4r kan vara en p\u00e5minnelse om de utmaningar vi har \u00f6vervunnit, eller s\u00e5 kan det erbjuda insikt om en del av oss sj\u00e4lva som vi har ignorerat.<\/p>\n<p>\u00d6verv\u00e4ga:<\/p>\n<ul>\n<li><i>Vad \u00e4r du r\u00e4dd f\u00f6r att prova, se, uppleva? <\/i><\/li>\n<li><i>Var kan du h\u00e5lla fast vid kontroll s\u00e5 h\u00e5rt att du har st\u00e4ngt av stigarna till n\u00f6je? <\/i><\/li>\n<li><i>Hur balanserar du sj\u00e4lvdisciplin med \u00e4kta gl\u00e4dje?<\/i><\/li>\n<\/ul>\n<h2><span class=\"ez-toc-section\" id=\"Anvand_dur_och_moll_arcana_for_att_hjalpa_dig_den_har_sasongen\"><\/span><span class=\"ez-toc-section\" id=\"Usa_los_arcanos_mayores_y_menores_para_ayudarte_en_esta_temporada\"><\/span>Anv\u00e4nd dur och moll arcana f\u00f6r att hj\u00e4lpa dig den h\u00e4r s\u00e4songen<span class=\"ez-toc-section-end\"><\/span><span class=\"ez-toc-section-end\"><\/span><\/h2>\n<p>Med tv\u00e5 Major Arcana-arketyper och tre kort fr\u00e5n Suit of Cups \u00e4r denna l\u00e4sning en av hj\u00e4rta, sj\u00e4l och passion.<\/p>\n<p>M\u00e5nga av dessa kort lyfter fram solst\u00e5ndstemat av ensamhet och reflektion, fr\u00e5n B\u00e4garens \u00e5tta och Eremitens fr\u00e4mlingskap fr\u00e5n gamla saker till Trollstavsdrottningens f\u00f6rm\u00e5ga att lysa klart och sj\u00e4lvst\u00e4ndigt. <\/p>\n<p>  Dj\u00e4vulen ger oss m\u00f6jlighet att unders\u00f6ka v\u00e5ra motivationer, att reflektera \u00f6ver vad som verkligen controlador oss och vad vi verkligen har kontroll \u00f6ver.<\/p>\n<p>Och med b\u00e5de sidan och tv\u00e5 koppar i den h\u00e4r l\u00e4sningen sker ocks\u00e5 nya b\u00f6rjan, vackra inbjudningar att h\u00e5lla v\u00e5ra hj\u00e4rtan vid\u00f6ppna och lita p\u00e5 att v\u00e5r intuition v\u00e4gleder oss fram\u00e5t.<\/p>\n<p>I allm\u00e4nhet uppmanar korten till t\u00e5lamod och sj\u00e4lvmedk\u00e4nsla, samt p\u00e5minner oss om att ge oss sj\u00e4lva till\u00e5telse att str\u00e4va efter njutning och lycka.  stabilitet.<\/p>\n<p>Dessa kort uppmanar dig ocks\u00e5 att t\u00e4nka p\u00e5:<\/p>\n<ul>\n<li>Vad \u00e4r det som g\u00f6r dig lycklig egentligen?<\/li>\n<li>Vem f\u00e5r dig att k\u00e4nna dig trygg, sedd, \u00e4lskad?<\/li>\n<li>Hur v\u00e4gleder dina val dig till fast mark?<\/li>\n<\/ul>\n<p>N\u00e4r du reflekterar \u00f6ver den h\u00e4r s\u00e4songen, ge dig sj\u00e4lv verkliga m\u00f6jligheter att vila: inte bara s\u00e5 att du kan bli \u00e4nnu mer produktiv p\u00e5 andra sidan, utan f\u00f6r det verkliga n\u00f6jet och tillfredsst\u00e4llelsen som kommer av att vara stilla. <b>Vad erbjuder din intuition dig n\u00e4r du tar dig tid att lyssna?<\/b><\/p>\n<p><i>Hur skapar du utrymme f\u00f6r medvetenhet, kontemplation och klarhet?<\/i><\/p>\n<p><b>Kontrollera: <\/b><b>Kristaller som \u00f6kar motivationen under varje s\u00e4song<\/b><\/p>\n<p>Vi hoppas att du gillade v\u00e5r artikel L\u00e4mna det f\u00f6rflutna bakom med denna highlighter och allt relaterat till horoskop, tarot, ritualer och allt relaterat.<\/p>\n<figure class=\"wp-block-table is-style-regular\">\n<\/figure>\n<p>Intressanta saker att veta inneb\u00f6rden: Horoskop  <\/p>\n<p>\u00c4ven h\u00e4r l\u00e4mnar vi \u00e4mnen relaterade till: Horoskop<\/p>\n<\/p>\n<ul class=\"ez-toc-list ez-toc-list-level-1 eztoc-toggle-hide-by-default\">\n<li class=\"ez-toc-page-1 ez-toc-heading-level-2\">  L\u00e4mna det f\u00f6rflutna bakom dig med denna highlighter\n <\/li>\n<li class=\"ez-toc-page-1 ez-toc-heading-level-2\">Vintersolst\u00e5ndet \u00e4r en tid f\u00f6r introspektion<\/li>\n<li class=\"ez-toc-page-1 ez-toc-heading-level-2\">\n<p>.ai-rotate  .ai-rotate-hidden  .ai-rotate-hidden-2  .ai-list-data, .ai-ip-data, .ai-filter-check, .ai-fallback, .ai-list-block, .ai-list-block-ip, .ai -list-block-filter  .ai-list-data, .ai-ip-data, .ai-filter-check, .ai-fallback  window.demandSupply &#038;&#038; demandSupply.aparece &#038;&#038; demandSupply. aparece.displayAd(&#8216;goroskop.tv_fluid_lb+sq_3new&#8217;) window.demandSupply &#038;&#038; demandSupply.aparece &#038;&#038; demandSupply.aparece.displayAd(&#8216;goroskop.tv_fluid_lb+sq_1new&#8217;) Den h\u00e4r tiden p\u00e5 \u00e5ret ger en naturlig stillhet, tyst kontemplation som skapar m\u00f6jligheter att k\u00e4nna igen hur vi har v\u00e4xt, f\u00f6r\u00e4ndringarna vi har gjort, f\u00f6rlusterna vi har sett och dr\u00f6mmarna som lever inom oss.  T\u00e4nk p\u00e5: Vilka n\u00f6dv\u00e4ndiga f\u00f6r\u00e4ndringar medf\u00f6rde skorpionen?  Hur har du anammat den nya elden och \u00e4ventyret under Skyttens s\u00e4song?  Och med Capricorn-s\u00e4songen p\u00e5 v\u00e4g att dra ig\u00e5ng, vilka ambitioner och m\u00e5l \u00e4r du villig att str\u00e4va efter?  Du kanske tycker att det \u00e4r bra att komma ih\u00e5g var du var under v\u00e5rdagj\u00e4mningen, sommarsolst\u00e5ndet och h\u00f6stdagj\u00e4mningen, med tanke p\u00e5 vad du arbetade med och k\u00e4nde igen under dessa \u00e5rstider.  Hur har du v\u00e4xt och f\u00f6r\u00e4ndrats sedan dess?  Vad har du l\u00e4rt dig?  Missa inte: 5 s\u00e4tt att omfamna \u00e5terf\u00f6delse denna vintersolst\u00e5ndet .ai-rotate  .ai-rotate-hidden  .ai-rotate-hidden-2  .ai-list-data, .ai-ip-data, .ai-filter-check, .ai-fallback, .ai-list-block, .ai-list-block-ip, .ai -list-block-filter  .ai-list-data, .ai-ip-data, .ai-filter-check, .ai-fallback  window.demandSupply &#038;&#038; demandSupply.aparece &#038;&#038; demandSupply. aparece.displayAd(&#8216;goroskop.tv_fluid_lb+sq_1new&#8217;) window.demandSupply &#038;&#038; demandSupply.aparece &#038;&#038; demandSupply.aparece.displayAd(&#8216;goroskop.tv_fluid_lb+sq_2new&#8217;) Fundera p\u00e5 vad som lyser upp den h\u00e4r tiden p\u00e5 \u00e5ret: vad du \u00e4r inbjuden till reflektera, ifr\u00e5gas\u00e4tta, f\u00f6rest\u00e4lla sig.  Vad dr\u00f6mmer du?  .ai-rotate  .ai-rotate-hidden  .ai-rotate-hidden-2  .ai-list-data, .ai-ip-data, .ai-filter-check, .ai-fallback, .ai-list-block, .ai-list-block-ip, .ai -list-block-filter  .ai-list-data, .ai-ip-data, .ai-filter-check, .ai-fallback  window.demandSupply &#038;&#038; demandSupply.aparece &#038;&#038; demandSupply. aparece.displayAd(&#8216;goroskop.tv_fluid_lb+sq_2new&#8217;) window.demandSupply &#038;&#038; demandSupply.aparece &#038;&#038; demandSupply.aparece.displayAd(&#8216;goroskop.tv_fluid_lb+sq_3new&#8217;) Hur har du vidtagit \u00e5tg\u00e4rder f\u00f6r att f\u00f6rverkliga dina \u00f6nskem\u00e5l och vilka m\u00f6jligheter finns givet att veta?  N\u00e4r solljuset blir ljusare och klarare, vilka \u00f6nskningar avsl\u00f6jas?  Den h\u00e4r tiden p\u00e5 \u00e5ret beh\u00f6ver inte enbart fokusera p\u00e5 prestationer, framg\u00e5ng, tillv\u00e4xtcykler: vintern inbjuder till vilol\u00e4ge, stillhet, reflektion och det handlar inte bara om vila f\u00f6r att \u00f6ka ambitionerna.  .ai-rotate  .ai-rotate-hidden  .ai-rotate-hidden-2  .ai-list-data, .ai-ip-data, .ai-filter-check, .ai-fallback, .ai-list-block, .ai-list-block-ip, .ai -list-block-filter  .ai-list-data, .ai-ip-data, .ai-filter-check, .ai-fallback  window.demandSupply &#038;&#038; demandSupply.aparece &#038;&#038; demandSupply. aparece.displayAd(&#8216;goroskop.tv_fluid_lb+sq_3new&#8217;) window.demandSupply &#038;&#038; demandSupply.aparece &#038;&#038; demandSupply.aparece.displayAd(&#8216;goroskop.tv_fluid_lb+sq_1new&#8217;) Vad l\u00e4r vi oss om oss sj\u00e4lva n\u00e4r vi \u00e4r tysta, stilla, observanta?  Vilka hemliga h\u00f6rn \u00e4r upplysta av solens l\u00e5ngstr\u00e4ckta str\u00e5lar?  Vilka mysterier avsl\u00f6jar de?  Ett tarotp\u00e5slag f\u00f6r jul\/vintersolst\u00e5ndet<\/li>\n<li class=\"ez-toc-page-1 ez-toc-heading-level-2\">Kort ett: en l\u00e4xa fr\u00e5n det f\u00f6rflutna<\/li>\n<li class=\"ez-toc-page-1 ez-toc-heading-level-2\">Bokstav tv\u00e5: En gl\u00e4dje i nuet<\/li>\n<li class=\"ez-toc-page-1 ez-toc-heading-level-2\">Kort tre: en g\u00e5va i framtiden<\/li>\n<li class=\"ez-toc-page-1 ez-toc-heading-level-2\">Bokstav fyra: N\u00e5got att se<\/li>\n<li class=\"ez-toc-page-1 ez-toc-heading-level-2\">Bokstav fem: n\u00e5got att aktivera<\/li>\n<li class=\"ez-toc-page-1 ez-toc-heading-level-2\">Kort sex: N\u00e5got att fira<\/li>\n<li class=\"ez-toc-page-1 ez-toc-heading-level-2\">Anv\u00e4nd dur och moll arcana f\u00f6r att hj\u00e4lpa dig den h\u00e4r s\u00e4songen<\/li>\n<\/ul>\n<p><\/p>\n<p>Vi hoppas att du gillade v\u00e5r artikel L\u00e4mna det f\u00f6rflutna bakom dig med denna highlighter<br \/>\n och allt om horoskop, tarot, ritualer och allt relaterat till det &#8230;<\/p>\n<figure class=\"wp-block-table is-style-regular\">\n<table style=\"width: 284px; height: 157px;\">\n<tbody>\n<tr>\n<td class=\"has-text-align-center\" data-align=\"center\"><img loading=\"lazy\" decoding=\"async\" class=\"alignleft\" src=\" https:\/\/goroskop.tv\/wp-content\/uploads\/2023\/05\/horoscopodo12.jpg \" alt=\" L\u00e4mna det f\u00f6rflutna bakom dig med denna highlighter\n \" width=\"65\" height=\"95\" title=\"\"><img loading=\"lazy\" decoding=\"async\" class=\"alignleft\" style=\"width: 60px;\" src=\" https:\/\/goroskop.tv\/wp-content\/uploads\/2023\/05\/horoscopodo11.jpg \" alt=\" L\u00e4mna det f\u00f6rflutna bakom dig med denna highlighter\n \" width=\"195\" height=\"300\" title=\"\"><img decoding=\"async\" class=\"alignleft\" style=\"width: 60px;\" src=\" https:\/\/goroskop.tv\/wp-content\/uploads\/2023\/05\/horoscopodo10.jpg \" alt=\" L\u00e4mna det f\u00f6rflutna bakom dig med denna highlighter\n \" title=\"\"><\/td>\n<\/tr>\n<\/tbody>\n<\/table>\n<\/figure>\n<p>Intressanta saker att veta inneb\u00f6rden: <a href=\"https:\/\/sv.wikipedia.org\/wiki\/Horoskop\" target=\"_blank\" rel=\"nofollow noopener\"> Horoskop <\/a> <\/p>\n<p>H\u00e4r l\u00e4mnar vi ocks\u00e5 \u00e4mnen relaterade till: <a href=\" https:\/\/goroskop.tv\/sw\/den-perfekta-kandispojkvannen-for-dig\/\">Horoskop<\/a> <\/p>\n<div id=\"ez-toc-container\" class=\"ez-toc-v2_0_82_2 ez-toc-wrap-center counter-hierarchy ez-toc-counter ez-toc-grey ez-toc-container-direction\">\n<div class=\"ez-toc-title-container\">\n<div class=\"ez-toc-title\" style=\"cursor:inherit\">Table of Contents<\/div>\n<span class=\"ez-toc-title-toggle\"><a href=\"#\" class=\"ez-toc-pull-right ez-toc-btn ez-toc-btn-xs ez-toc-btn-default ez-toc-toggle\" aria-label=\"Alternar tabla de contenidos\"><span class=\"ez-toc-js-icon-con\"><span class=\"\"><span class=\"eztoc-hide\" style=\"display:none;\">Toggle<\/span><span class=\"ez-toc-icon-toggle-span\"><svg style=\"fill: #999;color:#999\" xmlns=\"http:\/\/www.w3.org\/2000\/svg\" class=\"list-377408\" width=\"20px\" height=\"20px\" viewBox=\"0 0 24 24\" fill=\"none\"><path d=\"M6 6H4v2h2V6zm14 0H8v2h12V6zM4 11h2v2H4v-2zm16 0H8v2h12v-2zM4 16h2v2H4v-2zm16 0H8v2h12v-2z\" fill=\"currentColor\"><\/path><\/svg><svg style=\"fill: #999;color:#999\" class=\"arrow-unsorted-368013\" xmlns=\"http:\/\/www.w3.org\/2000\/svg\" width=\"10px\" height=\"10px\" viewBox=\"0 0 24 24\" version=\"1.2\" baseProfile=\"tiny\"><path d=\"M18.2 9.3l-6.2-6.3-6.2 6.3c-.2.2-.3.4-.3.7s.1.5.3.7c.2.2.4.3.7.3h11c.3 0 .5-.1.7-.3.2-.2.3-.5.3-.7s-.1-.5-.3-.7zM5.8 14.7l6.2 6.3 6.2-6.3c.2-.2.3-.5.3-.7s-.1-.5-.3-.7c-.2-.2-.4-.3-.7-.3h-11c-.3 0-.5.1-.7.3-.2.2-.3.5-.3.7s.1.5.3.7z\"\/><\/svg><\/span><\/span><\/span><\/a><\/span><\/div>\n<nav><ul class='ez-toc-list ez-toc-list-level-1 eztoc-toggle-hide-by-default' ><li class='ez-toc-page-1 ez-toc-heading-level-2'><a class=\"ez-toc-link ez-toc-heading-1\" href=\"https:\/\/goroskop.tv\/sw\/lamna-det-forflutna-bakom-dig-med-denna-highlighter\/#Lamna_det_forflutna_bakom_dig_med_denna_highlighter\" >L\u00e4mna det f\u00f6rflutna bakom dig med denna highlighter<\/a><\/li><li class='ez-toc-page-1 ez-toc-heading-level-2'><a class=\"ez-toc-link ez-toc-heading-2\" href=\"https:\/\/goroskop.tv\/sw\/lamna-det-forflutna-bakom-dig-med-denna-highlighter\/#Vintersolstandet_ar_en_tid_for_introspektion\" >Vintersolst\u00e5ndet \u00e4r en tid f\u00f6r introspektion<\/a><\/li><li class='ez-toc-page-1 ez-toc-heading-level-2'><a class=\"ez-toc-link ez-toc-heading-3\" href=\"https:\/\/goroskop.tv\/sw\/lamna-det-forflutna-bakom-dig-med-denna-highlighter\/#Ett_tarotpaslag_for_julvintersolstandet\" >Ett tarotp\u00e5slag f\u00f6r jul\/vintersolst\u00e5ndet<\/a><\/li><li class='ez-toc-page-1 ez-toc-heading-level-2'><a class=\"ez-toc-link ez-toc-heading-4\" href=\"https:\/\/goroskop.tv\/sw\/lamna-det-forflutna-bakom-dig-med-denna-highlighter\/#Kort_ett_en_laxa_fran_det_forflutna\" >Kort ett: en l\u00e4xa fr\u00e5n det f\u00f6rflutna<\/a><ul class='ez-toc-list-level-3' ><li class='ez-toc-heading-level-3'><a class=\"ez-toc-link ez-toc-heading-5\" href=\"https:\/\/goroskop.tv\/sw\/lamna-det-forflutna-bakom-dig-med-denna-highlighter\/#8_koppar\" >8 koppar<\/a><\/li><\/ul><\/li><li class='ez-toc-page-1 ez-toc-heading-level-2'><a class=\"ez-toc-link ez-toc-heading-6\" href=\"https:\/\/goroskop.tv\/sw\/lamna-det-forflutna-bakom-dig-med-denna-highlighter\/#Bokstav_tva_En_gladje_i_nuet\" >Bokstav tv\u00e5: En gl\u00e4dje i nuet<\/a><ul class='ez-toc-list-level-3' ><li class='ez-toc-heading-level-3'><a class=\"ez-toc-link ez-toc-heading-7\" href=\"https:\/\/goroskop.tv\/sw\/lamna-det-forflutna-bakom-dig-med-denna-highlighter\/#Child_of_Cups_Page_of_Cups\" >Child of Cups \/ Page of Cups<\/a><\/li><\/ul><\/li><li class='ez-toc-page-1 ez-toc-heading-level-2'><a class=\"ez-toc-link ez-toc-heading-8\" href=\"https:\/\/goroskop.tv\/sw\/lamna-det-forflutna-bakom-dig-med-denna-highlighter\/#Kort_tre_en_gava_i_framtiden\" >Kort tre: en g\u00e5va i framtiden<\/a><ul class='ez-toc-list-level-3' ><li class='ez-toc-heading-level-3'><a class=\"ez-toc-link ez-toc-heading-9\" href=\"https:\/\/goroskop.tv\/sw\/lamna-det-forflutna-bakom-dig-med-denna-highlighter\/#Eremiten\" >Eremiten<\/a><\/li><\/ul><\/li><li class='ez-toc-page-1 ez-toc-heading-level-2'><a class=\"ez-toc-link ez-toc-heading-10\" href=\"https:\/\/goroskop.tv\/sw\/lamna-det-forflutna-bakom-dig-med-denna-highlighter\/#Bokstav_fyra_Nagot_att_se\" >Bokstav fyra: N\u00e5got att se<\/a><ul class='ez-toc-list-level-3' ><li class='ez-toc-heading-level-3'><a class=\"ez-toc-link ez-toc-heading-11\" href=\"https:\/\/goroskop.tv\/sw\/lamna-det-forflutna-bakom-dig-med-denna-highlighter\/#2_koppar\" >2 koppar<\/a><\/li><\/ul><\/li><li class='ez-toc-page-1 ez-toc-heading-level-2'><a class=\"ez-toc-link ez-toc-heading-12\" href=\"https:\/\/goroskop.tv\/sw\/lamna-det-forflutna-bakom-dig-med-denna-highlighter\/#Bokstav_fem_nagot_att_aktivera\" >Bokstav fem: n\u00e5got att aktivera<\/a><ul class='ez-toc-list-level-3' ><li class='ez-toc-heading-level-3'><a class=\"ez-toc-link ez-toc-heading-13\" href=\"https:\/\/goroskop.tv\/sw\/lamna-det-forflutna-bakom-dig-med-denna-highlighter\/#Warden_of_Wands_Queen_of_Wands\" >Warden of Wands \/ Queen of Wands<\/a><\/li><\/ul><\/li><li class='ez-toc-page-1 ez-toc-heading-level-2'><a class=\"ez-toc-link ez-toc-heading-14\" href=\"https:\/\/goroskop.tv\/sw\/lamna-det-forflutna-bakom-dig-med-denna-highlighter\/#Kort_sex_Nagot_att_fira\" >Kort sex: N\u00e5got att fira<\/a><ul class='ez-toc-list-level-3' ><li class='ez-toc-heading-level-3'><a class=\"ez-toc-link ez-toc-heading-15\" href=\"https:\/\/goroskop.tv\/sw\/lamna-det-forflutna-bakom-dig-med-denna-highlighter\/#Djavulen\" >Dj\u00e4vulen<\/a><\/li><\/ul><\/li><li class='ez-toc-page-1 ez-toc-heading-level-2'><a class=\"ez-toc-link ez-toc-heading-16\" href=\"https:\/\/goroskop.tv\/sw\/lamna-det-forflutna-bakom-dig-med-denna-highlighter\/#Anvand_dur_och_moll_arcana_for_att_hjalpa_dig_den_har_sasongen\" >Anv\u00e4nd dur och moll arcana f\u00f6r att hj\u00e4lpa dig den h\u00e4r s\u00e4songen<\/a><\/li><\/ul><\/nav><\/div>\n","protected":false},"excerpt":{"rendered":"<p>L\u00e4mna det f\u00f6rflutna bakom dig med denna highlighter Vintersolst\u00e5ndet, \u00e4ven k\u00e4nt som jul, markerar \u00e5rets kortaste dag och l\u00e4ngsta natt p\u00e5 norra halvklotet. Detta solst\u00e5nd, som ocks\u00e5 f\u00f6reb\u00e5dar starten p\u00e5 Stenbockens s\u00e4song (21 december) och den astronomiska vintern, \u00e4r en naturlig tid f\u00f6r reflektion och introspektion, vilket ger m\u00f6jligheter till vila, medvetenhet och f\u00f6rnyelse. Traditionellt &hellip;<\/p>\n","protected":false},"author":1,"featured_media":0,"comment_status":"closed","ping_status":"closed","sticky":false,"template":"","format":"standard","meta":{"footnotes":""},"categories":[2],"tags":[2441,737,44,14,4982,7113,1956,79],"class_list":["post-17521","post","type-post","status-publish","format-standard","hentry","category-horoskop","tag-bakom","tag-denna","tag-det","tag-dig","tag-forflutna","tag-highlighter","tag-lamna","tag-med"],"_links":{"self":[{"href":"https:\/\/goroskop.tv\/sw\/wp-json\/wp\/v2\/posts\/17521","targetHints":{"allow":["GET"]}}],"collection":[{"href":"https:\/\/goroskop.tv\/sw\/wp-json\/wp\/v2\/posts"}],"about":[{"href":"https:\/\/goroskop.tv\/sw\/wp-json\/wp\/v2\/types\/post"}],"author":[{"embeddable":true,"href":"https:\/\/goroskop.tv\/sw\/wp-json\/wp\/v2\/users\/1"}],"replies":[{"embeddable":true,"href":"https:\/\/goroskop.tv\/sw\/wp-json\/wp\/v2\/comments?post=17521"}],"version-history":[{"count":0,"href":"https:\/\/goroskop.tv\/sw\/wp-json\/wp\/v2\/posts\/17521\/revisions"}],"wp:attachment":[{"href":"https:\/\/goroskop.tv\/sw\/wp-json\/wp\/v2\/media?parent=17521"}],"wp:term":[{"taxonomy":"category","embeddable":true,"href":"https:\/\/goroskop.tv\/sw\/wp-json\/wp\/v2\/categories?post=17521"},{"taxonomy":"post_tag","embeddable":true,"href":"https:\/\/goroskop.tv\/sw\/wp-json\/wp\/v2\/tags?post=17521"}],"curies":[{"name":"wp","href":"https:\/\/api.w.org\/{rel}","templated":true}]}}