{"id":17571,"date":"2023-08-16T17:43:05","date_gmt":"2023-08-16T17:43:05","guid":{"rendered":"https:\/\/goroskop.tv\/sw\/att-oppna-uppfattningens-dorrar\/"},"modified":"2023-08-16T17:43:05","modified_gmt":"2023-08-16T17:43:05","slug":"att-oppna-uppfattningens-dorrar","status":"publish","type":"post","link":"https:\/\/goroskop.tv\/sw\/att-oppna-uppfattningens-dorrar\/","title":{"rendered":"Att \u00f6ppna uppfattningens d\u00f6rrar"},"content":{"rendered":"<p><\/p>\n<h2><span class=\"ez-toc-section\" id=\"Att_oppna_uppfattningens_dorrar\"><\/span><span class=\"ez-toc-section\" id=\"Abriendo_las_puertas_de_la_percepcion\"><\/span>  Att \u00f6ppna uppfattningens d\u00f6rrar<span class=\"ez-toc-section-end\"><\/span><span class=\"ez-toc-section-end\"><\/span><\/h2>\n<p><em>Den fysiska v\u00e4rlden \u00e4r det t\u00e4taste lagret av energi, medan den andliga niv\u00e5n \u00e4r o\u00e4ndligt bra. <\/em><\/p>\n<p>  De t\u00e4ta lagren \u00e4r mer uppenbara och p\u00e5tagliga, medan varje subtilt lager blir allt sv\u00e5rare att urskilja. <\/p>\n<p><em>Uppfattningen av verklighetens icke-fysiska skikt kr\u00e4ver ett mer ut\u00f6kat medvetandetillst\u00e5nd och en h\u00f6gre uppfattning. <\/em><\/p>\n<p>  N\u00e4r din medvetenhet expanderar, blir det som fr\u00e5n b\u00f6rjan \u00e4r m\u00f6rkt, suddigt och vagt mer skarpt definierat. <\/p>\n<p>  \u00d6va p\u00e5 att ut\u00f6ka din uppfattning och snart kommer du att leva mer och mer fullst\u00e4ndigt i en v\u00e4rld av energi och mindre i en v\u00e4rld av fasta, \u00e4ndliga objekt.<\/p>\n<h2><span class=\"ez-toc-section\" id=\"oppna_dina_inre_ogon\"><\/span><span class=\"ez-toc-section\" id=\"Abre_tus_ojos_interiores\"><\/span>\u00f6ppna dina inre \u00f6gon<span class=\"ez-toc-section-end\"><\/span><span class=\"ez-toc-section-end\"><\/span><\/h2>\n<p>Systemen i denna v\u00e4rld, inklusive utbildning, media, religion, h\u00e4lsov\u00e5rd, \u00e4r utformade f\u00f6r att dra din uppm\u00e4rksamhet till kroppen och den materiella v\u00e4rlden. <\/p>\n<p>  Samh\u00e4llet uppm\u00e4rksammar inneh\u00e5llet i de fem sinnena och vidmakth\u00e5ller f\u00f6rest\u00e4llningen att inneh\u00e5llet i de fem sinnena \u00e4r <em>sann verklighet<\/em>.<\/p>\n<p>De brusande sk\u00e4rmarna fr\u00e5n tv-apparater, datorer, telefoner och den actualizada v\u00e4rldens d\u00e5nande ljud betonar vad du kan <em>ser <\/em>och <em>h\u00f6ra<\/em>distraherar dig fr\u00e5n att kultivera de mycket mer imponerande f\u00f6rm\u00e5gorna i ditt h\u00f6gre medvetande.<\/p>\n<p>Kan du f\u00f6rest\u00e4lla dig en civilisation som skulle prioritera och uppmuntra odlingen av intuitionsf\u00f6rm\u00e5gan, eller f\u00f6rm\u00e5gan att k\u00e4nna, tolka och p\u00e5verka vibrationsaktiviteten p\u00e5 de eteriska planen?<\/p>\n<p>Med sn\u00e4v perception registrerar vi endast verkligheten p\u00e5 det fysiska planet, inom vilket din makt att p\u00e5verka \u00e4r begr\u00e4nsad till orsakssambandets och fysikens lagar. <\/p>\n<p>  Det \u00e4r p\u00e5 den h\u00e4r niv\u00e5n som vi utvecklar id\u00e9er som \u00abmight is good\u00bb och \u00abno pain, no gain.\u00bb <\/p>\n<p>  V\u00e4sterl\u00e4ndsk civilisation bygger p\u00e5 tanken att endast de som <em>arbeta h\u00e5rt, k\u00e4mpa<\/em> och <em>offra<\/em> kan bli framg\u00e5ngsrika och att resurserna \u00e4r begr\u00e4nsade. <\/p>\n<p>  Men dessa id\u00e9er \u00e4r baserade p\u00e5 en f\u00f6rest\u00e4llning om verkligheten (och om m\u00e4nniskor) som rent <em>fysisk.<\/em><\/p>\n<p>Men du \u00e4r inte bara ett rent fysiskt g\u00e4ng k\u00f6tt, ben och hj\u00e4rnor.  du \u00e4r l\u00e4tt, du har en kort upplevelse i en fysisk kropp, men du har en <em>evig resa <\/em>som <em>energi. <\/em><\/p>\n<p>N\u00e4r vi \u00e4ndrar v\u00e5r sj\u00e4lvuppfattning f\u00f6r\u00e4ndras ocks\u00e5 det vi kallar \u00abv\u00e4rlden\u00bb.<\/p>\n<h2><span class=\"ez-toc-section\" id=\"Den_stora_magiska_agenten\"><\/span><span class=\"ez-toc-section\" id=\"El_Gran_Agente_Magico\"><\/span>Den stora magiska agenten<span class=\"ez-toc-section-end\"><\/span><span class=\"ez-toc-section-end\"><\/span><\/h2>\n<p>Materia \u00e4r inte verklighet;  materia \u00e4r faktiskt inte en sak. <\/p>\n<p>  \u00c4ven bland forskare har saken blivit ett mysterium. <\/p>\n<p>  \u00abMateria\u00bb \u00e4r bara ett ord f\u00f6r en mental abstraktion vi g\u00f6r av v\u00e5ra sinnesupplevelser, orsakad av en mystisk <em>n\u00e5got<\/em> som vi nu kallar elektricitet eller elektromagnetism. <\/p>\n<p>  \u00abElektricitet\u00bb \u00e4r dock bara en etikett, och i andra l\u00e4nder och dagar fick samma ockulta kraft andra namn.<\/p>\n<p>Medeltida ockultister h\u00e4nvisade till <em>den store magiska agenten,<\/em> som \u00e4r identisk med stj\u00e4rnljus, det vill s\u00e4ga str\u00e5lningsenergin fr\u00e5n avl\u00e4gsna del sol. <\/p>\n<p>  Denna unika kraft sprids genom det o\u00e4ndliga och genom den har alla former sitt v\u00e4sen. <\/p>\n<p>  Denna energi \u00e4r substans och r\u00f6relse p\u00e5 samma g\u00e5ng, en flytande och evig vibration.<\/p>\n<p>Yogis kallade denna kraft f\u00f6r prana, som betyder \u00abgudomlig andedr\u00e4kt\u00bb, och definierade den som den vitala principen f\u00f6r universum och alla dess varelser. <\/p>\n<p>  Prana manifesterar sig som r\u00f6relse, som gravitation, som magnetism. <\/p>\n<p>  Allt som \u00e4r energi eller kraft uppst\u00e5r fr\u00e5n prana, oavsett om det visar sig som kroppens handlingar, som nervstr\u00f6mmar eller som tankens kraft. <\/p>\n<p>  Summan av all kraft i universum, mental eller fysisk, kallas prana. <\/p>\n<p>  I detta hav av Prana r\u00f6r sig de olika himlakropparna med del sol i olika centra.<\/p>\n<p>Alla som kan bem\u00e4stra denna kraft och vet hur man styr den har ett medel till sitt f\u00f6rfogande att f\u00f6rvandla v\u00e4rlden, till och med hela universum. <\/p>\n<p>  Under ledning av denna agent kan vi l\u00e4ka eller s\u00e5ra p\u00e5 avst\u00e5nd, kommunicera omedelbart fr\u00e5n ena \u00e4nden av jorden till den andra, \u00e4ndra ordning p\u00e5 \u00e5rstiderna och forma verkligheten enligt v\u00e5r vilja. <\/p>\n<p>  Att veta hur man styr str\u00f6mmarna fr\u00e5n den store magiska agenten \u00e4r att \u00e4ga \u00f6det.<\/p>\n<p>S\u00e5 hur riktas denna energi?  Faktum \u00e4r att du flyttar denna energi med dina tankar hela tiden. <\/p>\n<p>  Som den ockulte filosofen Eliphas Levi skrev: \u00abIntelligenta varelsers vilja verkar direkt p\u00e5 detta ljus och genom det p\u00e5 hela naturen, som \u00e4r f\u00f6rem\u00e5l f\u00f6r intelligensens modifieringar.\u00bb<\/p>\n<p>Eftersom den \u00e4r livets instrument, ackumuleras denna energi i de levande centran. <\/p>\n<p>  Faktum \u00e4r att vi \u00e4r m\u00e4ttade med detta ljus och projicerar det kontinuerligt f\u00f6r att ge plats \u00e5t fler;  genom denna projektion skapas den personliga atmosf\u00e4ren. <\/p>\n<p>  M\u00f6nstren som du aktiverar i ditt hj\u00e4rta och sinne projiceras ut\u00e5t och skapar inte bara en psykisk atmosf\u00e4r, utan ocks\u00e5 en fysisk verklighet som \u00e5terspeglar de skapade m\u00f6nstren. <\/p>\n<p>  Som du \u00e4r, s\u00e5 \u00e4r v\u00e4rlden omkring dig. <\/p>\n<p>  P\u00e5 s\u00e5 s\u00e4tt lever var och en av oss i en v\u00e4rld av v\u00e5r egen skapelse, byggd enligt v\u00e5rt eget f\u00f6rest\u00e4llda mentala m\u00f6nster. <\/p>\n<p>  Som vi tror, \u200b\u200bs\u00e5 ska det vara.<\/p>\n<p>De flesta av oss g\u00f6r detta p\u00e5 m\u00e5f\u00e5, reagerar impulsivt snarare \u00e4n att medvetet reagera p\u00e5 stimuli fr\u00e5n v\u00e4rlden omkring oss. <\/p>\n<p>  D\u00e4rf\u00f6r \u00e4r v\u00e5r riktning av denna energi oavsiktlig och slumpm\u00e4ssig. <\/p>\n<p>  Denna skapande kraft \u00e4r dock en blind kraft bara s\u00e5 l\u00e4nge vi \u00e4r blinda. <\/p>\n<p>  \u00c4ndra m\u00f6nstret som r\u00e5der i ditt psyke och du kommer att f\u00f6r\u00e4ndra v\u00e4rlden.<\/p>\n<h2><span class=\"ez-toc-section\" id=\"perspektivforskjutningar\"><\/span><span class=\"ez-toc-section\" id=\"Cambios_de_perspectiva\"><\/span>perspektivf\u00f6rskjutningar<span class=\"ez-toc-section-end\"><\/span><span class=\"ez-toc-section-end\"><\/span><\/h2>\n<p>Sl\u00e4pp din koppling till definitionen av v\u00e4rlden som fysisk. <\/p>\n<p>  \u00d6va p\u00e5 att \u00f6ppna uppfattningens d\u00f6rrar och se v\u00e4rlden omkring dig som energisk. <\/p>\n<p>  Om ditt liv \u00e4r en projektion av din egen tro, vilken effekt skulle denna definition av verkligheten ha p\u00e5 din upplevelse?<\/p>\n<p>Om du inte uppfattar dig sj\u00e4lv som en separat och begr\u00e4nsad fysisk varelse, utan som energi kopplad i ett hav av energi med allt annat i skapelsen, kommer du att b\u00f6rja se att ditt inflytandeomr\u00e5de \u00e4r betydligt st\u00f6rre. <\/p>\n<p>  En fysisk varelse kan inte passera genom ett fysiskt block utan stor kraft;  men en energi kan utan anstr\u00e4ngning r\u00f6ra sig genom det omgivande havet av energi.<\/p>\n<p>N\u00e4r det vi trodde var fixat blir f\u00f6r\u00e4nderligt blir vi mer tillg\u00e4ngliga f\u00f6r hj\u00e4lp. <\/p>\n<p>  De begr\u00e4nsande f\u00e4ngelsemurarna i vad vi trodde var \u00abm\u00f6jligt\u00bb rasar ner, och m\u00e5nga dolda lager av universum \u00f6ppnar sig och erbjuder sig sj\u00e4lva som resurser.<\/p>\n<p>Varf\u00f6r inte l\u00e5ta ditt interna m\u00f6nster g\u00e5 l\u00e4tt?  Varf\u00f6r inte prova ett magiskt m\u00f6nster?  Varf\u00f6r inte \u00e5terta kraften som \u00e4r din, energin som du \u00e4r gjord av?  Varf\u00f6r inte projicera kraften i din eviga och obegr\u00e4nsade ande?<\/p>\n<p>Vi hoppas att du gillade v\u00e5r artikel Att \u00f6ppna perceptionens d\u00f6rrar och allt relaterat till horoskop, tarot, ritualer och allt relaterat&#8230;<\/p>\n<figure class=\"wp-block-table is-style-regular\">\n<\/figure>\n<p>Intressanta saker att veta inneb\u00f6rden: Horoskop  <\/p>\n<p>\u00c4ven h\u00e4r l\u00e4mnar vi \u00e4mnen relaterade till: Horoskop<\/p>\n<\/p>\n<p><\/p>\n<p>Vi hoppas att du gillade v\u00e5r artikel Att \u00f6ppna uppfattningens d\u00f6rrar<br \/>\n och allt om horoskop, tarot, ritualer och allt relaterat till det &#8230;<\/p>\n<figure class=\"wp-block-table is-style-regular\">\n<table style=\"width: 284px; height: 157px;\">\n<tbody>\n<tr>\n<td class=\"has-text-align-center\" data-align=\"center\"><img loading=\"lazy\" decoding=\"async\" class=\"alignleft\" src=\" https:\/\/goroskop.tv\/wp-content\/uploads\/2023\/05\/horoscopodo12.jpg \" alt=\" Att \u00f6ppna uppfattningens d\u00f6rrar\n \" width=\"65\" height=\"95\" title=\"\"><img loading=\"lazy\" decoding=\"async\" class=\"alignleft\" style=\"width: 60px;\" src=\" https:\/\/goroskop.tv\/wp-content\/uploads\/2023\/05\/horoscopodo11.jpg \" alt=\" Att \u00f6ppna uppfattningens d\u00f6rrar\n \" width=\"195\" height=\"300\" title=\"\"><img decoding=\"async\" class=\"alignleft\" style=\"width: 60px;\" src=\" https:\/\/goroskop.tv\/wp-content\/uploads\/2023\/05\/horoscopodo10.jpg \" alt=\" Att \u00f6ppna uppfattningens d\u00f6rrar\n \" title=\"\"><\/td>\n<\/tr>\n<\/tbody>\n<\/table>\n<\/figure>\n<p>Intressanta saker att veta inneb\u00f6rden: <a href=\"https:\/\/sv.wikipedia.org\/wiki\/Horoskop\" target=\"_blank\" rel=\"nofollow noopener\"> Horoskop <\/a> <\/p>\n<p>H\u00e4r l\u00e4mnar vi ocks\u00e5 \u00e4mnen relaterade till: <a href=\" https:\/\/goroskop.tv\/sw\/den-perfekta-kandispojkvannen-for-dig\/\">Horoskop<\/a> <\/p>\n<div id=\"ez-toc-container\" class=\"ez-toc-v2_0_82_2 ez-toc-wrap-center counter-hierarchy ez-toc-counter ez-toc-grey ez-toc-container-direction\">\n<div class=\"ez-toc-title-container\">\n<div class=\"ez-toc-title\" style=\"cursor:inherit\">Table of Contents<\/div>\n<span class=\"ez-toc-title-toggle\"><a href=\"#\" class=\"ez-toc-pull-right ez-toc-btn ez-toc-btn-xs ez-toc-btn-default ez-toc-toggle\" aria-label=\"Alternar tabla de contenidos\"><span class=\"ez-toc-js-icon-con\"><span class=\"\"><span class=\"eztoc-hide\" style=\"display:none;\">Toggle<\/span><span class=\"ez-toc-icon-toggle-span\"><svg style=\"fill: #999;color:#999\" xmlns=\"http:\/\/www.w3.org\/2000\/svg\" class=\"list-377408\" width=\"20px\" height=\"20px\" viewBox=\"0 0 24 24\" fill=\"none\"><path d=\"M6 6H4v2h2V6zm14 0H8v2h12V6zM4 11h2v2H4v-2zm16 0H8v2h12v-2zM4 16h2v2H4v-2zm16 0H8v2h12v-2z\" fill=\"currentColor\"><\/path><\/svg><svg style=\"fill: #999;color:#999\" class=\"arrow-unsorted-368013\" xmlns=\"http:\/\/www.w3.org\/2000\/svg\" width=\"10px\" height=\"10px\" viewBox=\"0 0 24 24\" version=\"1.2\" baseProfile=\"tiny\"><path d=\"M18.2 9.3l-6.2-6.3-6.2 6.3c-.2.2-.3.4-.3.7s.1.5.3.7c.2.2.4.3.7.3h11c.3 0 .5-.1.7-.3.2-.2.3-.5.3-.7s-.1-.5-.3-.7zM5.8 14.7l6.2 6.3 6.2-6.3c.2-.2.3-.5.3-.7s-.1-.5-.3-.7c-.2-.2-.4-.3-.7-.3h-11c-.3 0-.5.1-.7.3-.2.2-.3.5-.3.7s.1.5.3.7z\"\/><\/svg><\/span><\/span><\/span><\/a><\/span><\/div>\n<nav><ul class='ez-toc-list ez-toc-list-level-1 eztoc-toggle-hide-by-default' ><li class='ez-toc-page-1 ez-toc-heading-level-2'><a class=\"ez-toc-link ez-toc-heading-1\" href=\"https:\/\/goroskop.tv\/sw\/att-oppna-uppfattningens-dorrar\/#Att_oppna_uppfattningens_dorrar\" >Att \u00f6ppna uppfattningens d\u00f6rrar<\/a><\/li><li class='ez-toc-page-1 ez-toc-heading-level-2'><a class=\"ez-toc-link ez-toc-heading-2\" href=\"https:\/\/goroskop.tv\/sw\/att-oppna-uppfattningens-dorrar\/#oppna_dina_inre_ogon\" >\u00f6ppna dina inre \u00f6gon<\/a><\/li><li class='ez-toc-page-1 ez-toc-heading-level-2'><a class=\"ez-toc-link ez-toc-heading-3\" href=\"https:\/\/goroskop.tv\/sw\/att-oppna-uppfattningens-dorrar\/#Den_stora_magiska_agenten\" >Den stora magiska agenten<\/a><\/li><li class='ez-toc-page-1 ez-toc-heading-level-2'><a class=\"ez-toc-link ez-toc-heading-4\" href=\"https:\/\/goroskop.tv\/sw\/att-oppna-uppfattningens-dorrar\/#perspektivforskjutningar\" >perspektivf\u00f6rskjutningar<\/a><\/li><\/ul><\/nav><\/div>\n","protected":false},"excerpt":{"rendered":"<p>Att \u00f6ppna uppfattningens d\u00f6rrar Den fysiska v\u00e4rlden \u00e4r det t\u00e4taste lagret av energi, medan den andliga niv\u00e5n \u00e4r o\u00e4ndligt bra. De t\u00e4ta lagren \u00e4r mer uppenbara och p\u00e5tagliga, medan varje subtilt lager blir allt sv\u00e5rare att urskilja. Uppfattningen av verklighetens icke-fysiska skikt kr\u00e4ver ett mer ut\u00f6kat medvetandetillst\u00e5nd och en h\u00f6gre uppfattning. N\u00e4r din medvetenhet expanderar, &hellip;<\/p>\n","protected":false},"author":1,"featured_media":41,"comment_status":"closed","ping_status":"closed","sticky":false,"template":"","format":"standard","meta":{"footnotes":""},"categories":[2],"tags":[48,7131,958,7130],"class_list":["post-17571","post","type-post","status-publish","format-standard","has-post-thumbnail","hentry","category-horoskop","tag-att","tag-dorrar","tag-oppna","tag-uppfattningens"],"_links":{"self":[{"href":"https:\/\/goroskop.tv\/sw\/wp-json\/wp\/v2\/posts\/17571","targetHints":{"allow":["GET"]}}],"collection":[{"href":"https:\/\/goroskop.tv\/sw\/wp-json\/wp\/v2\/posts"}],"about":[{"href":"https:\/\/goroskop.tv\/sw\/wp-json\/wp\/v2\/types\/post"}],"author":[{"embeddable":true,"href":"https:\/\/goroskop.tv\/sw\/wp-json\/wp\/v2\/users\/1"}],"replies":[{"embeddable":true,"href":"https:\/\/goroskop.tv\/sw\/wp-json\/wp\/v2\/comments?post=17571"}],"version-history":[{"count":0,"href":"https:\/\/goroskop.tv\/sw\/wp-json\/wp\/v2\/posts\/17571\/revisions"}],"wp:featuredmedia":[{"embeddable":true,"href":"https:\/\/goroskop.tv\/sw\/wp-json\/wp\/v2\/media\/41"}],"wp:attachment":[{"href":"https:\/\/goroskop.tv\/sw\/wp-json\/wp\/v2\/media?parent=17571"}],"wp:term":[{"taxonomy":"category","embeddable":true,"href":"https:\/\/goroskop.tv\/sw\/wp-json\/wp\/v2\/categories?post=17571"},{"taxonomy":"post_tag","embeddable":true,"href":"https:\/\/goroskop.tv\/sw\/wp-json\/wp\/v2\/tags?post=17571"}],"curies":[{"name":"wp","href":"https:\/\/api.w.org\/{rel}","templated":true}]}}