{"id":18583,"date":"2023-08-17T23:05:26","date_gmt":"2023-08-17T23:05:26","guid":{"rendered":"https:\/\/goroskop.tv\/sw\/din-vital-weekly-astrologiska-prognos\/"},"modified":"2023-08-17T23:05:26","modified_gmt":"2023-08-17T23:05:26","slug":"din-vital-weekly-astrologiska-prognos","status":"publish","type":"post","link":"https:\/\/goroskop.tv\/sw\/din-vital-weekly-astrologiska-prognos\/","title":{"rendered":"Din Vital Weekly Astrologiska prognos:"},"content":{"rendered":"<p><\/p>\n<h2><span class=\"ez-toc-section\" id=\"Din_Escencial_Weekly_Astrologiska_prognos\"><\/span><span class=\"ez-toc-section\" id=\"Su_Pronostico_Astrologico_Semanal_Vital\"><\/span>  Din Escencial Weekly Astrologiska prognos:<span class=\"ez-toc-section-end\"><\/span><span class=\"ez-toc-section-end\"><\/span><\/h2>\n<p><strong><em>Hur skulle du k\u00e4nna om en mysig vecka med egenv\u00e5rd, fokus p\u00e5 ditt heliga utrymme och en djupdykning i dina k\u00e4nslor? <\/em><\/strong>L\u00e4s sedan vidare f\u00f6r att ta reda p\u00e5 vad du kan f\u00f6rv\u00e4nta dig och hur du kan utnyttja denna veckas astrologiska energi!<\/p>\n<p>Vi har en stor transitering den h\u00e4r veckan, eftersom det f\u00f6rsta kvartalet M\u00e5nen passerar Kr\u00e4ftan den 28 mars. <\/p>\n<p>  Du kan se fram emot en vecka fylld av k\u00e4nslom\u00e4ssig intensitet, hemcentrerade aktiviteter och fokus p\u00e5 f\u00f6r\u00e4ldraskap och egenv\u00e5rd. <\/p>\n<p>Den f\u00f6rsta kvartalsm\u00e5nen markerar en tid av handling och fram\u00e5tr\u00f6relse. <\/p>\n<p>  I kombination med cancerns k\u00e4nsliga och n\u00e4rande energi kan det vara en kraftfull tid f\u00f6r personlig tillv\u00e4xt och transformation.<\/p>\n<p>Under denna vecka kan du k\u00e4nna \u00f6kad k\u00e4nslom\u00e4ssig k\u00e4nslighet och s\u00f6ka tr\u00f6st och trygghet i din hemmilj\u00f6. <\/p>\n<p>  Du kanske k\u00e4nner en stark \u00f6nskan att f\u00e5 kontakt med familj och n\u00e4ra och k\u00e4ra och engagera dig i aktiviteter som fr\u00e4mjar k\u00e4nslom\u00e4ssigt v\u00e4lbefinnande, som att laga mat, pyssla eller spendera tid i naturen.<\/p>\n<p>Energin fr\u00e5n den v\u00e4xande m\u00e5nen uppmuntrar ocks\u00e5 till handling och framsteg, och under denna transitering kan du komma p\u00e5 att du tar steg mot dina m\u00e5l och ambitioner. <\/p>\n<p>  Men med cancerns k\u00e4nslom\u00e4ssiga natur \u00e4r det viktigt att n\u00e4rma sig dessa handlingar med en k\u00e4nsla av uppm\u00e4rksamhet och egenv\u00e5rd snarare \u00e4n att anstr\u00e4nga sig f\u00f6r mycket.<\/p>\n<p>I relationer kan denna transit fokusera p\u00e5 k\u00e4nslom\u00e4ssig anknytning och n\u00e4ring. <\/p>\n<p>  Du kanske letar efter djupare kontakter med n\u00e4ra och k\u00e4ra eller utforskar nya s\u00e4tt att uttrycka dina k\u00e4nslor och behov. <\/p>\n<p>  Det \u00e4r dock viktigt att vara medveten om gr\u00e4nser och inte l\u00e5ta dina k\u00e4nslor \u00f6verv\u00e4ldiga dig.<\/p>\n<p><strong>Du b\u00f6r ocks\u00e5 l\u00e4sa: <\/strong><strong>Hur man anv\u00e4nder kvartsm\u00e5nfasen f\u00f6r att v\u00e4xa andligt varje m\u00e5nad<\/strong><\/p>\n<h2 class=\"wp-block-heading\"><span class=\"ez-toc-section\" id=\"27_mars-2_april_ar_en_vecka_for_att_varda_dig_sjalv_dina_kanslor_och_ditt_heliga_utrymme\"><\/span><span class=\"ez-toc-section\" id=\"Del_27_de_marzo_al_2_de_abril_es_una_semana_para_nutrirse_a_si_mismo_sus_emociones_y_su_espacio_sagrado\"><\/span>27 mars-2 april \u00e4r en vecka f\u00f6r att v\u00e5rda dig sj\u00e4lv, dina k\u00e4nslor och ditt heliga utrymme.<span class=\"ez-toc-section-end\"><\/span><span class=\"ez-toc-section-end\"><\/span><\/h2>\n<p>Under en vecka med en f\u00f6rsta kvarts M\u00e5ne i Kr\u00e4ftan \u00e4r det en bra tid att fokusera p\u00e5 att v\u00e5rda dig sj\u00e4lv och dina k\u00e4nslom\u00e4ssiga behov och g\u00e5 mot dina m\u00e5l. <\/p>\n<p>  Anslut till dina k\u00e4nslor: Spendera lite tid varje dag f\u00f6r att kolla in hur du k\u00e4nner. <\/p>\n<p>  Du kan skriva i en dagbok, meditera eller bara ta djupa andetag f\u00f6r att hj\u00e4lpa dig att f\u00e5 kontakt med dina k\u00e4nslor.<\/p>\n<p><strong><em>\u00c4r du redo att prioritera egenv\u00e5rd och ta hand om dig sj\u00e4lv genom att f\u00e5 mycket vila, \u00e4ta n\u00e4ringsrik mat och delta i aktiviteter som ger dig gl\u00e4dje och avkoppling?  Du kan beh\u00f6va utmana<\/em><\/strong>    dig sj\u00e4lv att omfamna nya perspektiv och id\u00e9er f\u00f6r att k\u00e4nna dig mer i linje med din ande. <\/p>\n<h2 class=\"wp-block-heading\"><span class=\"ez-toc-section\" id=\"Planetariska_platser_denna_vecka\"><\/span><span class=\"ez-toc-section\" id=\"Ubicaciones_planetarias_durante_esta_semana\"><\/span>Planetariska platser denna vecka<span class=\"ez-toc-section-end\"><\/span><span class=\"ez-toc-section-end\"><\/span><\/h2>\n<ul>\n<li>The Sun: Aries (20 mars 2023 \u2013 20 april 2023)<\/li>\n<li>Merkurius: Fiskarna (2 mars 2023 \u2013 3 april 2023)<\/li>\n<li>Venus: V\u00e4duren (20 februari 2023 \u2013 16 mars 2023)<\/li>\n<li>Mars: Cancer (25 mars 2023 \u2013 20 april 2023)<\/li>\n<li>Jupiter: V\u00e4duren (20 december 2022 \u2013 16 maj 2023)<\/li>\n<li>Saturnus: Vattumannen (17 december 2020 \u2013 7 mars 2023)<\/li>\n<li>Uranus: Oxen (till 25 april 2026)<\/li>\n<li>Neptunus: Fiskarna (till 30 mars 2025)<\/li>\n<li>Pluto: Vattumannen (23 mars 2023 \u2013 11 juni 2023)<\/li>\n<\/ul>\n<h2 class=\"wp-block-heading\"><span class=\"ez-toc-section\" id=\"Dagliga_ogonblicksbilder_av_astrologi\"><\/span><span class=\"ez-toc-section\" id=\"Instantaneas_diarias_de_astrologia\"><\/span>Dagliga \u00f6gonblicksbilder av astrologi<span class=\"ez-toc-section-end\"><\/span><span class=\"ez-toc-section-end\"><\/span><\/h2>\n<h3 class=\"wp-block-heading\"><span class=\"ez-toc-section\" id=\"Mandagen_den_27_mars\"><\/span><span class=\"ez-toc-section\" id=\"lunes_27_de_marzo\"><\/span>M\u00e5ndagen den 27 mars<span class=\"ez-toc-section-end\"><\/span><span class=\"ez-toc-section-end\"><\/span><\/h3>\n<h4 class=\"wp-block-heading\"><span class=\"ez-toc-section\" id=\"Sol\"><\/span><span class=\"ez-toc-section\" id=\"Sol\"><\/span>Sol<span class=\"ez-toc-section-end\"><\/span><span class=\"ez-toc-section-end\"><\/span><\/h4>\n<p>V\u00e4duren: V\u00e4durens sol \u00e4r sj\u00e4lvs\u00e4ker och intensiv och riktar din uppm\u00e4rksamhet mot de projekt som t\u00e4nder din passion. <\/p>\n<p>  Det \u00e4r en bra dag att engagera din kreativa vih och bli fysisk f\u00f6r att sl\u00e4ppa negativitet.<\/p>\n<h4 class=\"wp-block-heading\"><span class=\"ez-toc-section\" id=\"Mane\"><\/span><span class=\"ez-toc-section\" id=\"Luna\"><\/span>M\u00e5ne<span class=\"ez-toc-section-end\"><\/span><span class=\"ez-toc-section-end\"><\/span><\/h4>\n<p>Tvillingarna: M\u00e5nen i Tvillingarna \u00f6kar mental medvetenhet, fokus och kreativitet. <\/p>\n<p>  Tr\u00e4na idag p\u00e5 stimulerande aktiviteter som l\u00e5ter dig uttrycka dig kreativt.<\/p>\n<h4 class=\"wp-block-heading\"><span class=\"ez-toc-section\" id=\"astrologisk_aspekt\"><\/span><span class=\"ez-toc-section\" id=\"Aspecto_astrologico\"><\/span>astrologisk aspekt<span class=\"ez-toc-section-end\"><\/span><span class=\"ez-toc-section-end\"><\/span><\/h4>\n<p>Tvillingm\u00e5nen fyrkantig Neptunus i Fiskarna: Under denna transitering \u00e4r det en bra id\u00e9 att se upp f\u00f6r missf\u00f6rst\u00e5nd eller missf\u00f6rst\u00e5nd och ta tid f\u00f6r sj\u00e4lvreflektion och inre arbete.<\/p>\n<p>K\u00e4nslor och intuition kan \u00f6ka under denna tid, s\u00e5 det \u00e4r viktigt att lita p\u00e5 dina instinkter och ut\u00f6va egenv\u00e5rd.<\/p>\n<h3 class=\"wp-block-heading\"><span class=\"ez-toc-section\" id=\"Tisdagen_den_28_mars\"><\/span><span class=\"ez-toc-section\" id=\"martes_28_de_marzo\"><\/span>Tisdagen den 28 mars<span class=\"ez-toc-section-end\"><\/span><span class=\"ez-toc-section-end\"><\/span><\/h3>\n<h4 class=\"wp-block-heading\"><span class=\"ez-toc-section\" id=\"Sol-2\"><\/span><span class=\"ez-toc-section\" id=\"Sol-2\"><\/span>Sol<span class=\"ez-toc-section-end\"><\/span><span class=\"ez-toc-section-end\"><\/span><\/h4>\n<p>V\u00e4duren<\/p>\n<h4 class=\"wp-block-heading\"><span class=\"ez-toc-section\" id=\"Mane-2\"><\/span><span class=\"ez-toc-section\" id=\"Luna-2\"><\/span>M\u00e5ne<span class=\"ez-toc-section-end\"><\/span><span class=\"ez-toc-section-end\"><\/span><\/h4>\n<p>Cancer: Cancer Moon \u00e4r k\u00e4nslig, intuitiv och kreativ och uppmanar dig att uttrycka djupa k\u00e4nslor idag. <\/p>\n<p>  Att m\u00e5la, skriva, rita och till och med dansa under m\u00e5nskenet \u00e4r perfekta helande aktiviteter.<\/p>\n<h4 class=\"wp-block-heading\"><span class=\"ez-toc-section\" id=\"astrologisk_aspekt-2\"><\/span><span class=\"ez-toc-section\" id=\"Aspecto_astrologico-2\"><\/span>astrologisk aspekt<span class=\"ez-toc-section-end\"><\/span><span class=\"ez-toc-section-end\"><\/span><\/h4>\n<p><strong>Crescent Moon i Kr\u00e4ftan<\/strong><\/p>\n<h3 class=\"wp-block-heading\"><span class=\"ez-toc-section\" id=\"Onsdagen_den_29_mars\"><\/span><span class=\"ez-toc-section\" id=\"miercoles_29_de_marzo\"><\/span>Onsdagen den 29 mars<span class=\"ez-toc-section-end\"><\/span><span class=\"ez-toc-section-end\"><\/span><\/h3>\n<h4 class=\"wp-block-heading\"><span class=\"ez-toc-section\" id=\"Sol-3\"><\/span><span class=\"ez-toc-section\" id=\"Sol-3\"><\/span>Sol<span class=\"ez-toc-section-end\"><\/span><span class=\"ez-toc-section-end\"><\/span><\/h4>\n<p>V\u00e4duren<\/p>\n<h4 class=\"wp-block-heading\"><span class=\"ez-toc-section\" id=\"Mane-3\"><\/span><span class=\"ez-toc-section\" id=\"Luna-3\"><\/span>M\u00e5ne<span class=\"ez-toc-section-end\"><\/span><span class=\"ez-toc-section-end\"><\/span><\/h4>\n<p>Cancer<\/p>\n<h4 class=\"wp-block-heading\"><span class=\"ez-toc-section\" id=\"astrologisk_aspekt-3\"><\/span><span class=\"ez-toc-section\" id=\"Aspecto_astrologico-3\"><\/span>astrologisk aspekt <span class=\"ez-toc-section-end\"><\/span><span class=\"ez-toc-section-end\"><\/span><\/h4>\n<p>Cancer Moon square Jupiter in Aries: Under transiteringen av Cancer Moon square Jupiter i Aries kan du k\u00e4nna ett behov av att ta risker och str\u00e4va efter stora m\u00e5l, men var medveten om potentiella \u00f6verskott och k\u00e4nslom\u00e4ssig intensitet.<\/p>\n<p>\u00d6va mindfulness och fokusera p\u00e5 egenv\u00e5rd f\u00f6r att navigera denna energi med balans och jordning.<\/p>\n<h3 class=\"wp-block-heading\"><span class=\"ez-toc-section\" id=\"Torsdagen_den_30_mars\"><\/span><span class=\"ez-toc-section\" id=\"jueves_30_de_marzo\"><\/span>Torsdagen den 30 mars<span class=\"ez-toc-section-end\"><\/span><span class=\"ez-toc-section-end\"><\/span><\/h3>\n<h4 class=\"wp-block-heading\"><span class=\"ez-toc-section\" id=\"Sol-4\"><\/span><span class=\"ez-toc-section\" id=\"Sol-4\"><\/span>Sol<span class=\"ez-toc-section-end\"><\/span><span class=\"ez-toc-section-end\"><\/span><\/h4>\n<p>V\u00e4duren<\/p>\n<h4 class=\"wp-block-heading\"><span class=\"ez-toc-section\" id=\"Mane-4\"><\/span><span class=\"ez-toc-section\" id=\"Luna-4\"><\/span>M\u00e5ne<span class=\"ez-toc-section-end\"><\/span><span class=\"ez-toc-section-end\"><\/span><\/h4>\n<p>Lejon: M\u00e5nen i Lejonet \u00e4r barnslig och glad, vilket hj\u00e4lper dig att k\u00e4nna dig v\u00e4nligare och tryggare.  Det h\u00e4r \u00e4r en bra dag att dela din k\u00e4rlek med dina n\u00e4ra och k\u00e4ra!<\/p>\n<h4 class=\"wp-block-heading\"><span class=\"ez-toc-section\" id=\"astrologisk_aspekt-4\"><\/span><span class=\"ez-toc-section\" id=\"Aspecto_astrologico-4\"><\/span>astrologisk aspekt<span class=\"ez-toc-section-end\"><\/span><span class=\"ez-toc-section-end\"><\/span><\/h4>\n<p>Mars i Kr\u00e4ftans trigon Saturnus i Fiskarna: Du kanske tycker att dina handlingar \u00e4r mer avsiktliga och effektiva under detta planetariska inflytande. <\/p>\n<p>  Det h\u00e4r \u00e4r ett bra tillf\u00e4lle att fokusera p\u00e5 l\u00e5ngsiktiga m\u00e5l och ta konkreta steg f\u00f6r att uppn\u00e5 dem.<\/p>\n<p><strong>L\u00e4s detta nedan: <\/strong><strong>De perfekta kristallerna f\u00f6r transformation under kvartsm\u00e5nen<\/strong><\/p>\n<h3 class=\"wp-block-heading\"><span class=\"ez-toc-section\" id=\"Fredagen_den_31_mars\"><\/span><span class=\"ez-toc-section\" id=\"viernes_31_de_marzo\"><\/span>Fredagen den 31 mars<span class=\"ez-toc-section-end\"><\/span><span class=\"ez-toc-section-end\"><\/span><\/h3>\n<h4 class=\"wp-block-heading\"><span class=\"ez-toc-section\" id=\"Sol-5\"><\/span><span class=\"ez-toc-section\" id=\"Sol-5\"><\/span>Sol<span class=\"ez-toc-section-end\"><\/span><span class=\"ez-toc-section-end\"><\/span><\/h4>\n<p>V\u00e4duren<\/p>\n<h4 class=\"wp-block-heading\"><span class=\"ez-toc-section\" id=\"Mane-5\"><\/span><span class=\"ez-toc-section\" id=\"Luna-5\"><\/span>M\u00e5ne<span class=\"ez-toc-section-end\"><\/span><span class=\"ez-toc-section-end\"><\/span><\/h4>\n<p>Lejon<\/p>\n<h4 class=\"wp-block-heading\"><span class=\"ez-toc-section\" id=\"astrologisk_aspekt-5\"><\/span><span class=\"ez-toc-section\" id=\"Aspecto_astrologico-5\"><\/span>astrologisk aspekt<span class=\"ez-toc-section-end\"><\/span><span class=\"ez-toc-section-end\"><\/span><\/h4>\n<p>Lejon M\u00e5ntrigon Sol i V\u00e4duren: Denna transit uppmuntrar dig att fokusera p\u00e5 kreativt sj\u00e4lvuttryck och hitta gl\u00e4dje i dina passioner. <\/p>\n<p>  Du kan f\u00f6rv\u00e4nta dig en boost av sj\u00e4lvf\u00f6rtroende och mod att vidta \u00e5tg\u00e4rder mot dina m\u00e5l.<\/p>\n<h3 class=\"wp-block-heading\"><span class=\"ez-toc-section\" id=\"Lordagen_den_1_april\"><\/span><span class=\"ez-toc-section\" id=\"sabado_1_de_abril\"><\/span>L\u00f6rdagen den 1 april<span class=\"ez-toc-section-end\"><\/span><span class=\"ez-toc-section-end\"><\/span><\/h3>\n<h4 class=\"wp-block-heading\"><span class=\"ez-toc-section\" id=\"Sol-6\"><\/span><span class=\"ez-toc-section\" id=\"Sol-6\"><\/span>Sol<span class=\"ez-toc-section-end\"><\/span><span class=\"ez-toc-section-end\"><\/span><\/h4>\n<p>V\u00e4duren<\/p>\n<h4 class=\"wp-block-heading\"><span class=\"ez-toc-section\" id=\"Mane-6\"><\/span><span class=\"ez-toc-section\" id=\"Luna-6\"><\/span>M\u00e5ne<span class=\"ez-toc-section-end\"><\/span><span class=\"ez-toc-section-end\"><\/span><\/h4>\n<p>Lejon<\/p>\n<h4 class=\"wp-block-heading\"><span class=\"ez-toc-section\" id=\"astrologisk_aspekt-6\"><\/span><span class=\"ez-toc-section\" id=\"Aspecto_astrologico-6\"><\/span>astrologisk aspekt<span class=\"ez-toc-section-end\"><\/span><span class=\"ez-toc-section-end\"><\/span><\/h4>\n<p>Lejon m\u00e5ntrigon Jupiter i V\u00e4duren: Denna efectiva och upplyftande transit ger en boost av sj\u00e4lvf\u00f6rtroende och optimism. <\/p>\n<p>  Det \u00e4r en bra tid att ta dj\u00e4rva steg mot dina m\u00e5l och f\u00f6rv\u00e4nta dig efectiva resultat inom omr\u00e5den relaterade till sj\u00e4lvuttryck, kreativitet och ledarskap.<\/p>\n<h3 class=\"wp-block-heading\"><span class=\"ez-toc-section\" id=\"Sondagen_den_2_april\"><\/span><span class=\"ez-toc-section\" id=\"domingo_2_de_abril\"><\/span>S\u00f6ndagen den 2 april<span class=\"ez-toc-section-end\"><\/span><span class=\"ez-toc-section-end\"><\/span><\/h3>\n<h4 class=\"wp-block-heading\"><span class=\"ez-toc-section\" id=\"Sol-7\"><\/span><span class=\"ez-toc-section\" id=\"Sol-7\"><\/span>Sol<span class=\"ez-toc-section-end\"><\/span><span class=\"ez-toc-section-end\"><\/span><\/h4>\n<p>V\u00e4duren<\/p>\n<h4 class=\"wp-block-heading\"><span class=\"ez-toc-section\" id=\"Mane-7\"><\/span><span class=\"ez-toc-section\" id=\"Luna-7\"><\/span>M\u00e5ne<span class=\"ez-toc-section-end\"><\/span><span class=\"ez-toc-section-end\"><\/span><\/h4>\n<p>Jungfrun: Den praktiska Jungfrum\u00e5nen reflekterar solens energi i Jungfrun, och uppmanar dig att fokusera din energi p\u00e5 ditt ansvar. <\/p>\n<p>  Att g\u00f6ra dina sysslor kommer att ge dig en k\u00e4nsla av l\u00e4ttnad och avkoppling.<\/p>\n<p><strong><em>F\u00f6lj sedan med astrologen Terence Guardino f\u00f6r veckans f\u00f6rel\u00e4sning.<\/em><\/strong><strong><em>    astrologisk prognos p\u00e5 v\u00eddeo<\/em><\/strong><strong><em>.<\/em><\/strong><\/p>\n<p>Vi hoppas att du gillade v\u00e5r artikel Your Escencial Weekly Astrological Forecast: och allt relaterat till horoskop, tarot, ritualer och allt relaterat.<\/p>\n<figure class=\"wp-block-table is-style-regular\">\n<\/figure>\n<p>Intressanta saker att veta inneb\u00f6rden: Horoskop  <\/p>\n<p>\u00c4ven h\u00e4r l\u00e4mnar vi \u00e4mnen relaterade till: Horoskop<\/p>\n<\/p>\n<p><\/p>\n<p>Vi hoppas att du gillade v\u00e5r artikel Din Vital Weekly Astrologiska prognos:<br \/>\n och allt om horoskop, tarot, ritualer och allt relaterat till det &#8230;<\/p>\n<figure class=\"wp-block-table is-style-regular\">\n<table style=\"width: 284px; height: 157px;\">\n<tbody>\n<tr>\n<td class=\"has-text-align-center\" data-align=\"center\"><img loading=\"lazy\" decoding=\"async\" class=\"alignleft\" src=\" https:\/\/goroskop.tv\/wp-content\/uploads\/2023\/05\/horoscopodo12.jpg \" alt=\" Din Vital Weekly Astrologiska prognos:\n \" width=\"65\" height=\"95\" title=\"\"><img loading=\"lazy\" decoding=\"async\" class=\"alignleft\" style=\"width: 60px;\" src=\" https:\/\/goroskop.tv\/wp-content\/uploads\/2023\/05\/horoscopodo11.jpg \" alt=\" Din Vital Weekly Astrologiska prognos:\n \" width=\"195\" height=\"300\" title=\"\"><img decoding=\"async\" class=\"alignleft\" style=\"width: 60px;\" src=\" https:\/\/goroskop.tv\/wp-content\/uploads\/2023\/05\/horoscopodo10.jpg \" alt=\" Din Vital Weekly Astrologiska prognos:\n \" title=\"\"><\/td>\n<\/tr>\n<\/tbody>\n<\/table>\n<\/figure>\n<p>Intressanta saker att veta inneb\u00f6rden: <a href=\"https:\/\/sv.wikipedia.org\/wiki\/Horoskop\" target=\"_blank\" rel=\"nofollow noopener\"> Horoskop <\/a> <\/p>\n<p>H\u00e4r l\u00e4mnar vi ocks\u00e5 \u00e4mnen relaterade till: <a href=\" https:\/\/goroskop.tv\/sw\/den-perfekta-kandispojkvannen-for-dig\/\">Horoskop<\/a> <\/p>\n<div id=\"ez-toc-container\" class=\"ez-toc-v2_0_82_2 ez-toc-wrap-center counter-hierarchy ez-toc-counter ez-toc-grey ez-toc-container-direction\">\n<div class=\"ez-toc-title-container\">\n<div class=\"ez-toc-title\" style=\"cursor:inherit\">Table of Contents<\/div>\n<span class=\"ez-toc-title-toggle\"><a href=\"#\" class=\"ez-toc-pull-right ez-toc-btn ez-toc-btn-xs ez-toc-btn-default ez-toc-toggle\" aria-label=\"Alternar tabla de contenidos\"><span class=\"ez-toc-js-icon-con\"><span class=\"\"><span class=\"eztoc-hide\" style=\"display:none;\">Toggle<\/span><span class=\"ez-toc-icon-toggle-span\"><svg style=\"fill: #999;color:#999\" xmlns=\"http:\/\/www.w3.org\/2000\/svg\" class=\"list-377408\" width=\"20px\" height=\"20px\" viewBox=\"0 0 24 24\" fill=\"none\"><path d=\"M6 6H4v2h2V6zm14 0H8v2h12V6zM4 11h2v2H4v-2zm16 0H8v2h12v-2zM4 16h2v2H4v-2zm16 0H8v2h12v-2z\" fill=\"currentColor\"><\/path><\/svg><svg style=\"fill: #999;color:#999\" class=\"arrow-unsorted-368013\" xmlns=\"http:\/\/www.w3.org\/2000\/svg\" width=\"10px\" height=\"10px\" viewBox=\"0 0 24 24\" version=\"1.2\" baseProfile=\"tiny\"><path d=\"M18.2 9.3l-6.2-6.3-6.2 6.3c-.2.2-.3.4-.3.7s.1.5.3.7c.2.2.4.3.7.3h11c.3 0 .5-.1.7-.3.2-.2.3-.5.3-.7s-.1-.5-.3-.7zM5.8 14.7l6.2 6.3 6.2-6.3c.2-.2.3-.5.3-.7s-.1-.5-.3-.7c-.2-.2-.4-.3-.7-.3h-11c-.3 0-.5.1-.7.3-.2.2-.3.5-.3.7s.1.5.3.7z\"\/><\/svg><\/span><\/span><\/span><\/a><\/span><\/div>\n<nav><ul class='ez-toc-list ez-toc-list-level-1 eztoc-toggle-hide-by-default' ><li class='ez-toc-page-1 ez-toc-heading-level-2'><a class=\"ez-toc-link ez-toc-heading-1\" href=\"https:\/\/goroskop.tv\/sw\/din-vital-weekly-astrologiska-prognos\/#Din_Escencial_Weekly_Astrologiska_prognos\" >Din Escencial Weekly Astrologiska prognos:<\/a><\/li><li class='ez-toc-page-1 ez-toc-heading-level-2'><a class=\"ez-toc-link ez-toc-heading-2\" href=\"https:\/\/goroskop.tv\/sw\/din-vital-weekly-astrologiska-prognos\/#27_mars-2_april_ar_en_vecka_for_att_varda_dig_sjalv_dina_kanslor_och_ditt_heliga_utrymme\" >27 mars-2 april \u00e4r en vecka f\u00f6r att v\u00e5rda dig sj\u00e4lv, dina k\u00e4nslor och ditt heliga utrymme.<\/a><\/li><li class='ez-toc-page-1 ez-toc-heading-level-2'><a class=\"ez-toc-link ez-toc-heading-3\" href=\"https:\/\/goroskop.tv\/sw\/din-vital-weekly-astrologiska-prognos\/#Planetariska_platser_denna_vecka\" >Planetariska platser denna vecka<\/a><\/li><li class='ez-toc-page-1 ez-toc-heading-level-2'><a class=\"ez-toc-link ez-toc-heading-4\" href=\"https:\/\/goroskop.tv\/sw\/din-vital-weekly-astrologiska-prognos\/#Dagliga_ogonblicksbilder_av_astrologi\" >Dagliga \u00f6gonblicksbilder av astrologi<\/a><ul class='ez-toc-list-level-3' ><li class='ez-toc-heading-level-3'><a class=\"ez-toc-link ez-toc-heading-5\" href=\"https:\/\/goroskop.tv\/sw\/din-vital-weekly-astrologiska-prognos\/#Mandagen_den_27_mars\" >M\u00e5ndagen den 27 mars<\/a><ul class='ez-toc-list-level-4' ><li class='ez-toc-heading-level-4'><a class=\"ez-toc-link ez-toc-heading-6\" href=\"https:\/\/goroskop.tv\/sw\/din-vital-weekly-astrologiska-prognos\/#Sol\" >Sol<\/a><\/li><li class='ez-toc-page-1 ez-toc-heading-level-4'><a class=\"ez-toc-link ez-toc-heading-7\" href=\"https:\/\/goroskop.tv\/sw\/din-vital-weekly-astrologiska-prognos\/#Mane\" >M\u00e5ne<\/a><\/li><li class='ez-toc-page-1 ez-toc-heading-level-4'><a class=\"ez-toc-link ez-toc-heading-8\" href=\"https:\/\/goroskop.tv\/sw\/din-vital-weekly-astrologiska-prognos\/#astrologisk_aspekt\" >astrologisk aspekt<\/a><\/li><\/ul><\/li><li class='ez-toc-page-1 ez-toc-heading-level-3'><a class=\"ez-toc-link ez-toc-heading-9\" href=\"https:\/\/goroskop.tv\/sw\/din-vital-weekly-astrologiska-prognos\/#Tisdagen_den_28_mars\" >Tisdagen den 28 mars<\/a><ul class='ez-toc-list-level-4' ><li class='ez-toc-heading-level-4'><a class=\"ez-toc-link ez-toc-heading-10\" href=\"https:\/\/goroskop.tv\/sw\/din-vital-weekly-astrologiska-prognos\/#Sol-2\" >Sol<\/a><\/li><li class='ez-toc-page-1 ez-toc-heading-level-4'><a class=\"ez-toc-link ez-toc-heading-11\" href=\"https:\/\/goroskop.tv\/sw\/din-vital-weekly-astrologiska-prognos\/#Mane-2\" >M\u00e5ne<\/a><\/li><li class='ez-toc-page-1 ez-toc-heading-level-4'><a class=\"ez-toc-link ez-toc-heading-12\" href=\"https:\/\/goroskop.tv\/sw\/din-vital-weekly-astrologiska-prognos\/#astrologisk_aspekt-2\" >astrologisk aspekt<\/a><\/li><\/ul><\/li><li class='ez-toc-page-1 ez-toc-heading-level-3'><a class=\"ez-toc-link ez-toc-heading-13\" href=\"https:\/\/goroskop.tv\/sw\/din-vital-weekly-astrologiska-prognos\/#Onsdagen_den_29_mars\" >Onsdagen den 29 mars<\/a><ul class='ez-toc-list-level-4' ><li class='ez-toc-heading-level-4'><a class=\"ez-toc-link ez-toc-heading-14\" href=\"https:\/\/goroskop.tv\/sw\/din-vital-weekly-astrologiska-prognos\/#Sol-3\" >Sol<\/a><\/li><li class='ez-toc-page-1 ez-toc-heading-level-4'><a class=\"ez-toc-link ez-toc-heading-15\" href=\"https:\/\/goroskop.tv\/sw\/din-vital-weekly-astrologiska-prognos\/#Mane-3\" >M\u00e5ne<\/a><\/li><li class='ez-toc-page-1 ez-toc-heading-level-4'><a class=\"ez-toc-link ez-toc-heading-16\" href=\"https:\/\/goroskop.tv\/sw\/din-vital-weekly-astrologiska-prognos\/#astrologisk_aspekt-3\" >astrologisk aspekt<\/a><\/li><\/ul><\/li><li class='ez-toc-page-1 ez-toc-heading-level-3'><a class=\"ez-toc-link ez-toc-heading-17\" href=\"https:\/\/goroskop.tv\/sw\/din-vital-weekly-astrologiska-prognos\/#Torsdagen_den_30_mars\" >Torsdagen den 30 mars<\/a><ul class='ez-toc-list-level-4' ><li class='ez-toc-heading-level-4'><a class=\"ez-toc-link ez-toc-heading-18\" href=\"https:\/\/goroskop.tv\/sw\/din-vital-weekly-astrologiska-prognos\/#Sol-4\" >Sol<\/a><\/li><li class='ez-toc-page-1 ez-toc-heading-level-4'><a class=\"ez-toc-link ez-toc-heading-19\" href=\"https:\/\/goroskop.tv\/sw\/din-vital-weekly-astrologiska-prognos\/#Mane-4\" >M\u00e5ne<\/a><\/li><li class='ez-toc-page-1 ez-toc-heading-level-4'><a class=\"ez-toc-link ez-toc-heading-20\" href=\"https:\/\/goroskop.tv\/sw\/din-vital-weekly-astrologiska-prognos\/#astrologisk_aspekt-4\" >astrologisk aspekt<\/a><\/li><\/ul><\/li><li class='ez-toc-page-1 ez-toc-heading-level-3'><a class=\"ez-toc-link ez-toc-heading-21\" href=\"https:\/\/goroskop.tv\/sw\/din-vital-weekly-astrologiska-prognos\/#Fredagen_den_31_mars\" >Fredagen den 31 mars<\/a><ul class='ez-toc-list-level-4' ><li class='ez-toc-heading-level-4'><a class=\"ez-toc-link ez-toc-heading-22\" href=\"https:\/\/goroskop.tv\/sw\/din-vital-weekly-astrologiska-prognos\/#Sol-5\" >Sol<\/a><\/li><li class='ez-toc-page-1 ez-toc-heading-level-4'><a class=\"ez-toc-link ez-toc-heading-23\" href=\"https:\/\/goroskop.tv\/sw\/din-vital-weekly-astrologiska-prognos\/#Mane-5\" >M\u00e5ne<\/a><\/li><li class='ez-toc-page-1 ez-toc-heading-level-4'><a class=\"ez-toc-link ez-toc-heading-24\" href=\"https:\/\/goroskop.tv\/sw\/din-vital-weekly-astrologiska-prognos\/#astrologisk_aspekt-5\" >astrologisk aspekt<\/a><\/li><\/ul><\/li><li class='ez-toc-page-1 ez-toc-heading-level-3'><a class=\"ez-toc-link ez-toc-heading-25\" href=\"https:\/\/goroskop.tv\/sw\/din-vital-weekly-astrologiska-prognos\/#Lordagen_den_1_april\" >L\u00f6rdagen den 1 april<\/a><ul class='ez-toc-list-level-4' ><li class='ez-toc-heading-level-4'><a class=\"ez-toc-link ez-toc-heading-26\" href=\"https:\/\/goroskop.tv\/sw\/din-vital-weekly-astrologiska-prognos\/#Sol-6\" >Sol<\/a><\/li><li class='ez-toc-page-1 ez-toc-heading-level-4'><a class=\"ez-toc-link ez-toc-heading-27\" href=\"https:\/\/goroskop.tv\/sw\/din-vital-weekly-astrologiska-prognos\/#Mane-6\" >M\u00e5ne<\/a><\/li><li class='ez-toc-page-1 ez-toc-heading-level-4'><a class=\"ez-toc-link ez-toc-heading-28\" href=\"https:\/\/goroskop.tv\/sw\/din-vital-weekly-astrologiska-prognos\/#astrologisk_aspekt-6\" >astrologisk aspekt<\/a><\/li><\/ul><\/li><li class='ez-toc-page-1 ez-toc-heading-level-3'><a class=\"ez-toc-link ez-toc-heading-29\" href=\"https:\/\/goroskop.tv\/sw\/din-vital-weekly-astrologiska-prognos\/#Sondagen_den_2_april\" >S\u00f6ndagen den 2 april<\/a><ul class='ez-toc-list-level-4' ><li class='ez-toc-heading-level-4'><a class=\"ez-toc-link ez-toc-heading-30\" href=\"https:\/\/goroskop.tv\/sw\/din-vital-weekly-astrologiska-prognos\/#Sol-7\" >Sol<\/a><\/li><li class='ez-toc-page-1 ez-toc-heading-level-4'><a class=\"ez-toc-link ez-toc-heading-31\" href=\"https:\/\/goroskop.tv\/sw\/din-vital-weekly-astrologiska-prognos\/#Mane-7\" >M\u00e5ne<\/a><\/li><\/ul><\/li><\/ul><\/li><\/ul><\/nav><\/div>\n","protected":false},"excerpt":{"rendered":"<p>Din Escencial Weekly Astrologiska prognos: Hur skulle du k\u00e4nna om en mysig vecka med egenv\u00e5rd, fokus p\u00e5 ditt heliga utrymme och en djupdykning i dina k\u00e4nslor? L\u00e4s sedan vidare f\u00f6r att ta reda p\u00e5 vad du kan f\u00f6rv\u00e4nta dig och hur du kan utnyttja denna veckas astrologiska energi! Vi har en stor transitering den h\u00e4r &hellip;<\/p>\n","protected":false},"author":1,"featured_media":63,"comment_status":"closed","ping_status":"closed","sticky":false,"template":"","format":"standard","meta":{"footnotes":""},"categories":[2],"tags":[716,88,3497,7441,2139],"class_list":["post-18583","post","type-post","status-publish","format-standard","has-post-thumbnail","hentry","category-horoskop","tag-astrologiska","tag-din","tag-prognos","tag-vital","tag-weekly"],"_links":{"self":[{"href":"https:\/\/goroskop.tv\/sw\/wp-json\/wp\/v2\/posts\/18583","targetHints":{"allow":["GET"]}}],"collection":[{"href":"https:\/\/goroskop.tv\/sw\/wp-json\/wp\/v2\/posts"}],"about":[{"href":"https:\/\/goroskop.tv\/sw\/wp-json\/wp\/v2\/types\/post"}],"author":[{"embeddable":true,"href":"https:\/\/goroskop.tv\/sw\/wp-json\/wp\/v2\/users\/1"}],"replies":[{"embeddable":true,"href":"https:\/\/goroskop.tv\/sw\/wp-json\/wp\/v2\/comments?post=18583"}],"version-history":[{"count":0,"href":"https:\/\/goroskop.tv\/sw\/wp-json\/wp\/v2\/posts\/18583\/revisions"}],"wp:featuredmedia":[{"embeddable":true,"href":"https:\/\/goroskop.tv\/sw\/wp-json\/wp\/v2\/media\/63"}],"wp:attachment":[{"href":"https:\/\/goroskop.tv\/sw\/wp-json\/wp\/v2\/media?parent=18583"}],"wp:term":[{"taxonomy":"category","embeddable":true,"href":"https:\/\/goroskop.tv\/sw\/wp-json\/wp\/v2\/categories?post=18583"},{"taxonomy":"post_tag","embeddable":true,"href":"https:\/\/goroskop.tv\/sw\/wp-json\/wp\/v2\/tags?post=18583"}],"curies":[{"name":"wp","href":"https:\/\/api.w.org\/{rel}","templated":true}]}}