{"id":18780,"date":"2023-08-18T02:43:01","date_gmt":"2023-08-18T02:43:01","guid":{"rendered":"https:\/\/goroskop.tv\/sw\/din-veckovisa-astrologiska-prognos-fran-22-till-28\/"},"modified":"2023-08-18T02:43:01","modified_gmt":"2023-08-18T02:43:01","slug":"din-veckovisa-astrologiska-prognos-fran-22-till-28","status":"publish","type":"post","link":"https:\/\/goroskop.tv\/sw\/din-veckovisa-astrologiska-prognos-fran-22-till-28\/","title":{"rendered":"Din veckovisa astrologiska prognos: fr\u00e5n 22 till 28"},"content":{"rendered":"<p><\/p>\n<h2><span class=\"ez-toc-section\" id=\"Din_veckovisa_astrologiska_prognos_fran_22_till_28_maj\"><\/span><span class=\"ez-toc-section\" id=\"Tu_pronostico_astrologico_semanal_del_22_al_28_de_mayo_de\"><\/span>  Din veckovisa astrologiska prognos: fr\u00e5n 22 till 28 maj,<span class=\"ez-toc-section-end\"><\/span><span class=\"ez-toc-section-end\"><\/span><\/h2>\n<p><strong><em>Hur skulle du k\u00e4nna om en vecka med motivation, grundad energi och fokus p\u00e5 fysisk h\u00e4lsa? <\/em><\/strong>D\u00e5 vill du l\u00e4sa resten av den h\u00e4r artikeln f\u00f6r att ta reda p\u00e5 vad stj\u00e4rnorna har i beredskap f\u00f6r dig den h\u00e4r veckan!<\/p>\n<p>Vi har en stor transit den h\u00e4r veckan: en f\u00f6rsta kvartsm\u00e5ne i Jungfrun som kommer att \u00e4ga rum den 27 maj. <\/p>\n<p>  Under denna tid kan du f\u00f6rv\u00e4nta dig ett fokus p\u00e5 praktiska, organisation och urskillning. <\/p>\n<p>  Denna jordade energi uppmuntrar dig att analysera och f\u00f6rb\u00e4ttra olika aspekter av ditt liv, med betoning p\u00e5 framsteg och fram\u00e5tskridande. <\/p>\n<p>  H\u00e4r \u00e4r n\u00e5gra metoder f\u00f6r att gynna din resa.<\/p>\n<p>Det h\u00e4r \u00e4r en vecka f\u00f6r att f\u00e5 kontakt med jordens energi genom en jordad meditation och praktiska ritualer som \u00e4r i linje med dina v\u00e4rderingar, som att organisera ditt heliga utrymme eller skapa en strukturerad rutin f\u00f6r meditation.<\/p>\n<p>Uppr\u00e4tta en egenv\u00e5rdsrutin som fokuserar p\u00e5 praktiska egenv\u00e5rdsaktiviteter. <\/p>\n<p>  Reflektera \u00f6ver dina k\u00e4nslor och tankem\u00f6nster genom en dagbok. <\/p>\n<p>  Leta efter praktiska f\u00f6rb\u00e4ttringar av ditt k\u00e4nslom\u00e4ssiga v\u00e4lbefinnande.<\/p>\n<p>Se ocks\u00e5 till att prioritera din fysiska h\u00e4lsa genom att utv\u00e4rdera din kost, tr\u00e4ningsrutin och allm\u00e4nna v\u00e4lbefinnande. <\/p>\n<p>  Genomf\u00f6r praktiska f\u00f6rb\u00e4ttringar, som att planera m\u00e5ltider, organisera ditt tr\u00e4ningsprogram eller prova nya tr\u00e4ningsformer. <\/p>\n<p>  F\u00f6rb\u00e4ttra produktiviteten genom att skapa att-g\u00f6ra-listor och dela upp st\u00f6rre projekt i hanterbara steg.<\/p>\n<p>Omfamna den praktiska och analytiska energin fr\u00e5n det f\u00f6rsta kvartalet M\u00e5nen i Jungfrun f\u00f6r att fr\u00e4mja tillv\u00e4xt, f\u00f6rb\u00e4ttra organisationen och manifestera dina m\u00e5l. <\/p>\n<p>  Denna transit erbjuder en v\u00e4rdefull m\u00f6jlighet att anpassa dina handlingar med praktiska och uppm\u00e4rksamhet p\u00e5 detaljer, vilket banar v\u00e4g f\u00f6r framsteg och framg\u00e5ng inom olika omr\u00e5den av ditt liv.<\/p>\n<h2 class=\"wp-block-heading\"><span class=\"ez-toc-section\" id=\"Fran_22_till_28_maj_ar_det_en_vecka_att_ta_till_sig_rutinen_och_egenvard\"><\/span><span class=\"ez-toc-section\" id=\"Del_22_al_28_de_mayo_es_una_semana_para_adoptar_la_rutina_y_el_autocuidado\"><\/span>Fr\u00e5n 22 till 28 maj \u00e4r det en vecka att ta till sig rutinen och egenv\u00e5rd<span class=\"ez-toc-section-end\"><\/span><span class=\"ez-toc-section-end\"><\/span><\/h2>\n<p>Under en vecka med ett \u00f6verg\u00e5ende f\u00f6rsta kvartalet M\u00e5ne i Jungfrun, fokusera p\u00e5 organisation och effektivitet i dina dagliga uppgifter, att g\u00f6ra-listor, dina ansvarsomr\u00e5den och dela upp dem i mindre, hanterbara steg. <\/p>\n<p>  Anta praktiska rutiner f\u00f6r egenv\u00e5rd som fr\u00e4mjar ditt v\u00e4lbefinnande, som att uppr\u00e4tth\u00e5lla en h\u00e4lsosam kost, organisera ditt livsrum och s\u00e4tta gr\u00e4nser f\u00f6r att skydda din energi. <\/p>\n<p>  Reflektera \u00f6ver dina k\u00e4nslor och tankem\u00f6nster genom en dagbok, leta efter id\u00e9er och omr\u00e5den f\u00f6r tillv\u00e4xt. <\/p>\n<p>Hur kan du inf\u00f6rliva det praktiska i din andliga praktik den h\u00e4r veckan?  \u00d6verv\u00e4g att integrera strukturerade ritualer och egenv\u00e5rd i din dagliga rutin. <\/p>\n<h2 class=\"wp-block-heading\"><span class=\"ez-toc-section\" id=\"Planetariska_platser_denna_vecka\"><\/span><span class=\"ez-toc-section\" id=\"Ubicaciones_planetarias_durante_esta_semana\"><\/span>Planetariska platser denna vecka<span class=\"ez-toc-section-end\"><\/span><span class=\"ez-toc-section-end\"><\/span><\/h2>\n<ul>\n<li>The Sun: Gemini (21 maj 2023 \u2013 21 juni 2023)<\/li>\n<li>Merkurius: Oxen (3 april 2023 \u2013 11 juni 2023)<\/li>\n<li>Venus: Cancer (7 maj 2023 \u2013 5 juni 2023)<\/li>\n<li>Mars: Cancer (25 mars 2023 \u2013 20 juni 2023)<\/li>\n<li>Jupiter: Oxen (16 maj 2023 \u2013 25 maj 2024)<\/li>\n<li>Saturnus: Fiskarna (7 mars 2023 \u2013 24 maj 2025)<\/li>\n<li>Uranus: Oxen (till 25 april 2026)<\/li>\n<li>Neptunus: Fiskarna (till 30 mars 2025)<\/li>\n<li>Pluto: Vattumannen (23 mars 2023 \u2013 11 juni 2023)<\/li>\n<\/ul>\n<h2 class=\"wp-block-heading\"><span class=\"ez-toc-section\" id=\"Dagliga_ogonblicksbilder_av_astrologi\"><\/span><span class=\"ez-toc-section\" id=\"Instantaneas_diarias_de_astrologia\"><\/span>Dagliga \u00f6gonblicksbilder av astrologi<span class=\"ez-toc-section-end\"><\/span><span class=\"ez-toc-section-end\"><\/span><\/h2>\n<h3 class=\"wp-block-heading\"><span class=\"ez-toc-section\" id=\"Mandagen_den_22_maj\"><\/span><span class=\"ez-toc-section\" id=\"lunes_22_de_mayo\"><\/span>M\u00e5ndagen den 22 maj<span class=\"ez-toc-section-end\"><\/span><span class=\"ez-toc-section-end\"><\/span><\/h3>\n<h4 class=\"wp-block-heading\"><span class=\"ez-toc-section\" id=\"Sol\"><\/span><span class=\"ez-toc-section\" id=\"Sol\"><\/span>Sol<span class=\"ez-toc-section-end\"><\/span><span class=\"ez-toc-section-end\"><\/span><\/h4>\n<p>Tvillingarna \u2013 Den stimulerande solen Tvillingarna lyfter fram dina tankeprocesser och uppmanar dig att utforska dina tankar och kreativa id\u00e9er idag.  Det \u00e4r en fantastisk m\u00e5nad att m\u00e5la, skriva eller l\u00e4ra dig om nya \u00e4mnen som intresserar dig!<\/p>\n<h4 class=\"wp-block-heading\"><span class=\"ez-toc-section\" id=\"Mane\"><\/span><span class=\"ez-toc-section\" id=\"Luna\"><\/span>M\u00e5ne<span class=\"ez-toc-section-end\"><\/span><span class=\"ez-toc-section-end\"><\/span><\/h4>\n<p>Cancer: Cancer Moon \u00e4r k\u00e4nslig, intuitiv och medk\u00e4nnande, och uppmanar dig att skydda dem du \u00e4lskar. <\/p>\n<p>  Se till att ocks\u00e5 ta hand om dig sj\u00e4lv genom aktiviteter som fyller din ande med gl\u00e4dje.<\/p>\n<h4 class=\"wp-block-heading\"><span class=\"ez-toc-section\" id=\"astrologisk_aspekt\"><\/span><span class=\"ez-toc-section\" id=\"Aspecto_astrologico\"><\/span>astrologisk aspekt<span class=\"ez-toc-section-end\"><\/span><span class=\"ez-toc-section-end\"><\/span><\/h4>\n<p>Solen i Tvillingarnas sextil Mars i Lejonet: F\u00f6rv\u00e4nta dig \u00f6kad energi, entusiasm och en \u00f6nskan om sj\u00e4lvuttryck. <\/p>\n<p>  Det \u00e4r ett \u00f6gonblick av st\u00f6rre sj\u00e4lvf\u00f6rtroende och sj\u00e4lvs\u00e4kerhet. <\/p>\n<p>  Utnyttja m\u00f6jligheterna att kommunicera dina id\u00e9er och \u00f6nskem\u00e5l med passion och karisma. <\/p>\n<p>  Undvik att skynda i beslut utan att \u00f6verv\u00e4ga konsekvenserna. <\/p>\n<h3 class=\"wp-block-heading\"><span class=\"ez-toc-section\" id=\"Tisdagen_den_23_maj\"><\/span><span class=\"ez-toc-section\" id=\"martes_23_de_mayo\"><\/span>Tisdagen den 23 maj<span class=\"ez-toc-section-end\"><\/span><span class=\"ez-toc-section-end\"><\/span><\/h3>\n<h4 class=\"wp-block-heading\"><span class=\"ez-toc-section\" id=\"Sol-2\"><\/span><span class=\"ez-toc-section\" id=\"Sol-2\"><\/span>Sol<span class=\"ez-toc-section-end\"><\/span><span class=\"ez-toc-section-end\"><\/span><\/h4>\n<p>Tvillingarna<\/p>\n<h4 class=\"wp-block-heading\"><span class=\"ez-toc-section\" id=\"Mane-2\"><\/span><span class=\"ez-toc-section\" id=\"Luna-2\"><\/span>M\u00e5ne<span class=\"ez-toc-section-end\"><\/span><span class=\"ez-toc-section-end\"><\/span><\/h4>\n<p>Cancer<\/p>\n<h4 class=\"wp-block-heading\"><span class=\"ez-toc-section\" id=\"astrologisk_aspekt-2\"><\/span><span class=\"ez-toc-section\" id=\"Aspecto_astrologico-2\"><\/span>astrologisk aspekt<span class=\"ez-toc-section-end\"><\/span><span class=\"ez-toc-section-end\"><\/span><\/h4>\n<p>Mars i Lejonkvadrat Jupiter i Oxen: Du kanske k\u00e4nner en dj\u00e4rv och ambiti\u00f6s energif\u00f6rst\u00e4rkning, med en stark \u00f6nskan om expansion och framg\u00e5ng.<\/p>\n<p>Kanalisera din passion och kreativitet till projekt som har potential f\u00f6r tillv\u00e4xt och \u00f6verfl\u00f6d, och dra f\u00f6rdel av Jupiters expansiva inflytande i Oxen. <\/p>\n<p>  Undvik \u00f6vertro eller impulsivt beteende som kan leda till \u00f6verdrivet risktagande eller konflikt med auktoritetspersoner. <\/p>\n<h3 class=\"wp-block-heading\"><span class=\"ez-toc-section\" id=\"Onsdagen_den_24_maj\"><\/span><span class=\"ez-toc-section\" id=\"miercoles_24_de_mayo\"><\/span>Onsdagen den 24 maj<span class=\"ez-toc-section-end\"><\/span><span class=\"ez-toc-section-end\"><\/span><\/h3>\n<h4 class=\"wp-block-heading\"><span class=\"ez-toc-section\" id=\"Sol-3\"><\/span><span class=\"ez-toc-section\" id=\"Sol-3\"><\/span>Sol<span class=\"ez-toc-section-end\"><\/span><span class=\"ez-toc-section-end\"><\/span><\/h4>\n<p>Tvillingarna<\/p>\n<h4 class=\"wp-block-heading\"><span class=\"ez-toc-section\" id=\"Mane-3\"><\/span><span class=\"ez-toc-section\" id=\"Luna-3\"><\/span>M\u00e5ne<span class=\"ez-toc-section-end\"><\/span><span class=\"ez-toc-section-end\"><\/span><\/h4>\n<p>Lejonet \u2013 M\u00e5nen i Lejonet \u00e4r lekfullt och barnsligt, vilket uppmuntrar dig att ha lite kul idag.  Avs\u00e4tt tid f\u00f6r kreativa eller \u00e4ventyrliga aktiviteter som ditt inre barn s\u00e4kert kommer att gilla!<\/p>\n<h3 class=\"wp-block-heading\"><span class=\"ez-toc-section\" id=\"Torsdagen_den_25_maj\"><\/span><span class=\"ez-toc-section\" id=\"jueves_25_de_mayo\"><\/span>Torsdagen den 25 maj<span class=\"ez-toc-section-end\"><\/span><span class=\"ez-toc-section-end\"><\/span><\/h3>\n<h4 class=\"wp-block-heading\"><span class=\"ez-toc-section\" id=\"Sol-4\"><\/span><span class=\"ez-toc-section\" id=\"Sol-4\"><\/span>Sol<span class=\"ez-toc-section-end\"><\/span><span class=\"ez-toc-section-end\"><\/span><\/h4>\n<p>Tvillingarna<\/p>\n<h4 class=\"wp-block-heading\"><span class=\"ez-toc-section\" id=\"Mane-4\"><\/span><span class=\"ez-toc-section\" id=\"Luna-4\"><\/span>M\u00e5ne<span class=\"ez-toc-section-end\"><\/span><span class=\"ez-toc-section-end\"><\/span><\/h4>\n<p>Lejon<\/p>\n<h4 class=\"wp-block-heading\"><span class=\"ez-toc-section\" id=\"astrologisk_aspekt-3\"><\/span><span class=\"ez-toc-section\" id=\"Aspecto_astrologico-3\"><\/span>astrologisk aspekt<span class=\"ez-toc-section-end\"><\/span><span class=\"ez-toc-section-end\"><\/span><\/h4>\n<p>M\u00e5nen p\u00e5 Lejonkvadrat Merkurius i Oxen: Du kan f\u00f6rv\u00e4nta dig intensiva k\u00e4nslor och en konflikt mellan uttrycksfull kommunikation och envishet.<\/p>\n<p>Delta i aktiviteter som t\u00e4nder dina passioner och visar upp dina unika talanger. <\/p>\n<p>  H\u00e4ng inte f\u00f6r mycket p\u00e5 dina \u00e5sikter eller motst\u00e5 opci\u00f3n alternativa perspektiv, eftersom det kan leda till konflikter och missf\u00f6rst\u00e5nd. <\/p>\n<p><strong>L\u00e4s nedan: <\/strong><strong>De perfekta kristallerna f\u00f6r transformation under kvartsm\u00e5nen<\/strong><\/p>\n<h3 class=\"wp-block-heading\"><span class=\"ez-toc-section\" id=\"Fredagen_den_26_maj\"><\/span><span class=\"ez-toc-section\" id=\"viernes_26_de_mayo\"><\/span>Fredagen den 26 maj<span class=\"ez-toc-section-end\"><\/span><span class=\"ez-toc-section-end\"><\/span><\/h3>\n<h4 class=\"wp-block-heading\"><span class=\"ez-toc-section\" id=\"Sol-5\"><\/span><span class=\"ez-toc-section\" id=\"Sol-5\"><\/span>Sol<span class=\"ez-toc-section-end\"><\/span><span class=\"ez-toc-section-end\"><\/span><\/h4>\n<p>Tvillingarna<\/p>\n<h4 class=\"wp-block-heading\"><span class=\"ez-toc-section\" id=\"Mane-5\"><\/span><span class=\"ez-toc-section\" id=\"Luna-5\"><\/span>M\u00e5ne<span class=\"ez-toc-section-end\"><\/span><span class=\"ez-toc-section-end\"><\/span><\/h4>\n<p>Jungfrun: Jungfrum\u00e5nen f\u00f6rst\u00e4rker den jordn\u00e4ra och praktiska energin ytterligare. <\/p>\n<p>  Du kanske vill fokusera p\u00e5 din h\u00e4lsa idag, vilket g\u00f6r det till en bra dag f\u00f6r yoga.<\/p>\n<h4 class=\"wp-block-heading\"><span class=\"ez-toc-section\" id=\"astrologisk_aspekt-4\"><\/span><span class=\"ez-toc-section\" id=\"Aspecto_astrologico-4\"><\/span>astrologisk aspekt<span class=\"ez-toc-section-end\"><\/span><span class=\"ez-toc-section-end\"><\/span><\/h4>\n<p>Venus i cancer Sextil Uranus i Oxen: Denna transit ger en harmonisk kombination av k\u00e4nslom\u00e4ssigt djup och innovativ energi. <\/p>\n<p>  Utforska kreativa och okonventionella f\u00f6rh\u00e5llningss\u00e4tt till k\u00e4rlek och sk\u00f6nhet, och var \u00f6ppen f\u00f6r ov\u00e4ntade romantiska eller ekonomiska m\u00f6jligheter.<\/p>\n<p>Undvik att h\u00e5lla fast vid f\u00f6r\u00e5ldrade m\u00f6nster eller motst\u00e5 f\u00f6r\u00e4ndring, eftersom denna transit uppmuntrar att acceptera det ov\u00e4ntade och att bryta sig loss fr\u00e5n stagnation.<\/p>\n<h3 class=\"wp-block-heading\"><span class=\"ez-toc-section\" id=\"Lordagen_den_27_maj\"><\/span><span class=\"ez-toc-section\" id=\"sabado_27_de_mayo\"><\/span>L\u00f6rdagen den 27 maj<span class=\"ez-toc-section-end\"><\/span><span class=\"ez-toc-section-end\"><\/span><\/h3>\n<h4 class=\"wp-block-heading\"><span class=\"ez-toc-section\" id=\"Sol-6\"><\/span><span class=\"ez-toc-section\" id=\"Sol-6\"><\/span>Sol<span class=\"ez-toc-section-end\"><\/span><span class=\"ez-toc-section-end\"><\/span><\/h4>\n<p>Tvillingarna<\/p>\n<h4 class=\"wp-block-heading\"><span class=\"ez-toc-section\" id=\"Mane-6\"><\/span><span class=\"ez-toc-section\" id=\"Luna-6\"><\/span>M\u00e5ne<span class=\"ez-toc-section-end\"><\/span><span class=\"ez-toc-section-end\"><\/span><\/h4>\n<p>Jungfrun<\/p>\n<h4 class=\"wp-block-heading\"><span class=\"ez-toc-section\" id=\"astrologisk_aspekt-5\"><\/span><span class=\"ez-toc-section\" id=\"Aspecto_astrologico-5\"><\/span>astrologisk aspekt<span class=\"ez-toc-section-end\"><\/span><span class=\"ez-toc-section-end\"><\/span><\/h4>\n<p><strong>Halvm\u00e5ne i Jungfrun<\/strong><\/p>\n<h3 class=\"wp-block-heading\"><span class=\"ez-toc-section\" id=\"Sondagen_den_28_maj\"><\/span><span class=\"ez-toc-section\" id=\"domingo_28_de_mayo\"><\/span>S\u00f6ndagen den 28 maj<span class=\"ez-toc-section-end\"><\/span><span class=\"ez-toc-section-end\"><\/span><\/h3>\n<h4 class=\"wp-block-heading\"><span class=\"ez-toc-section\" id=\"Sol-7\"><\/span><span class=\"ez-toc-section\" id=\"Sol-7\"><\/span>Sol<span class=\"ez-toc-section-end\"><\/span><span class=\"ez-toc-section-end\"><\/span><\/h4>\n<p>Tvillingarna<\/p>\n<h4 class=\"wp-block-heading\"><span class=\"ez-toc-section\" id=\"Mane-7\"><\/span><span class=\"ez-toc-section\" id=\"Luna-7\"><\/span>M\u00e5ne<span class=\"ez-toc-section-end\"><\/span><span class=\"ez-toc-section-end\"><\/span><\/h4>\n<p>Jungfrun<\/p>\n<h4 class=\"wp-block-heading\"><span class=\"ez-toc-section\" id=\"astrologisk_aspekt-6\"><\/span><span class=\"ez-toc-section\" id=\"Aspecto_astrologico-6\"><\/span>astrologisk aspekt<span class=\"ez-toc-section-end\"><\/span><span class=\"ez-toc-section-end\"><\/span><\/h4>\n<p>Sol p\u00e5 Tvillingtorget Saturnus i Fiskarna: Du kanske k\u00e4nner en krock mellan Tvillingarnas m\u00e5ngsidiga och kommunikativa karakt\u00e4r och Saturnus i Fiskarnas restriktiva och in\u00e5tv\u00e4nda energi. <\/p>\n<p>  Omfamna Tvillingarnas energi genom att s\u00f6ka olika perspektiv och engagera sig i \u00f6ppen och \u00e4rlig kommunikation. <\/p>\n<p>  Undvik att vara f\u00f6r kritisk mot dig sj\u00e4lv eller andra idag.<\/p>\n<p><strong>F\u00f6lj sedan med astrologen Terence Guardino f\u00f6r veckans videoastrologiprognos.<\/strong><\/p>\n<p>Vi hoppas att du gillade v\u00e5r artikel Din veckovisa astrologiska prognos: fr\u00e5n 22 till 28 maj, och allt relaterat till horoskop, tarot, ritualer och allt relaterat.<\/p>\n<figure class=\"wp-block-table is-style-regular\">\n<\/figure>\n<p>Intressanta saker att veta inneb\u00f6rden: Horoskop  <\/p>\n<p>\u00c4ven h\u00e4r l\u00e4mnar vi \u00e4mnen relaterade till: Horoskop<\/p>\n<\/p>\n<p><\/p>\n<p>Vi hoppas att du gillade v\u00e5r artikel Din veckovisa astrologiska prognos: fr\u00e5n 22 till 28<br \/>\n och allt om horoskop, tarot, ritualer och allt relaterat till det &#8230;<\/p>\n<figure class=\"wp-block-table is-style-regular\">\n<table style=\"width: 284px; height: 157px;\">\n<tbody>\n<tr>\n<td class=\"has-text-align-center\" data-align=\"center\"><img loading=\"lazy\" decoding=\"async\" class=\"alignleft\" src=\" https:\/\/goroskop.tv\/wp-content\/uploads\/2023\/05\/horoscopodo12.jpg \" alt=\" Din veckovisa astrologiska prognos: fr\u00e5n 22 till 28\n \" width=\"65\" height=\"95\" title=\"\"><img loading=\"lazy\" decoding=\"async\" class=\"alignleft\" style=\"width: 60px;\" src=\" https:\/\/goroskop.tv\/wp-content\/uploads\/2023\/05\/horoscopodo11.jpg \" alt=\" Din veckovisa astrologiska prognos: fr\u00e5n 22 till 28\n \" width=\"195\" height=\"300\" title=\"\"><img decoding=\"async\" class=\"alignleft\" style=\"width: 60px;\" src=\" https:\/\/goroskop.tv\/wp-content\/uploads\/2023\/05\/horoscopodo10.jpg \" alt=\" Din veckovisa astrologiska prognos: fr\u00e5n 22 till 28\n \" title=\"\"><\/td>\n<\/tr>\n<\/tbody>\n<\/table>\n<\/figure>\n<p>Intressanta saker att veta inneb\u00f6rden: <a href=\"https:\/\/sv.wikipedia.org\/wiki\/Horoskop\" target=\"_blank\" rel=\"nofollow noopener\"> Horoskop <\/a> <\/p>\n<p>H\u00e4r l\u00e4mnar vi ocks\u00e5 \u00e4mnen relaterade till: <a href=\" https:\/\/goroskop.tv\/sw\/den-perfekta-kandispojkvannen-for-dig\/\">Horoskop<\/a> <\/p>\n<div id=\"ez-toc-container\" class=\"ez-toc-v2_0_82_2 ez-toc-wrap-center counter-hierarchy ez-toc-counter ez-toc-grey ez-toc-container-direction\">\n<div class=\"ez-toc-title-container\">\n<div class=\"ez-toc-title\" style=\"cursor:inherit\">Table of Contents<\/div>\n<span class=\"ez-toc-title-toggle\"><a href=\"#\" class=\"ez-toc-pull-right ez-toc-btn ez-toc-btn-xs ez-toc-btn-default ez-toc-toggle\" aria-label=\"Alternar tabla de contenidos\"><span class=\"ez-toc-js-icon-con\"><span class=\"\"><span class=\"eztoc-hide\" style=\"display:none;\">Toggle<\/span><span class=\"ez-toc-icon-toggle-span\"><svg style=\"fill: #999;color:#999\" xmlns=\"http:\/\/www.w3.org\/2000\/svg\" class=\"list-377408\" width=\"20px\" height=\"20px\" viewBox=\"0 0 24 24\" fill=\"none\"><path d=\"M6 6H4v2h2V6zm14 0H8v2h12V6zM4 11h2v2H4v-2zm16 0H8v2h12v-2zM4 16h2v2H4v-2zm16 0H8v2h12v-2z\" fill=\"currentColor\"><\/path><\/svg><svg style=\"fill: #999;color:#999\" class=\"arrow-unsorted-368013\" xmlns=\"http:\/\/www.w3.org\/2000\/svg\" width=\"10px\" height=\"10px\" viewBox=\"0 0 24 24\" version=\"1.2\" baseProfile=\"tiny\"><path d=\"M18.2 9.3l-6.2-6.3-6.2 6.3c-.2.2-.3.4-.3.7s.1.5.3.7c.2.2.4.3.7.3h11c.3 0 .5-.1.7-.3.2-.2.3-.5.3-.7s-.1-.5-.3-.7zM5.8 14.7l6.2 6.3 6.2-6.3c.2-.2.3-.5.3-.7s-.1-.5-.3-.7c-.2-.2-.4-.3-.7-.3h-11c-.3 0-.5.1-.7.3-.2.2-.3.5-.3.7s.1.5.3.7z\"\/><\/svg><\/span><\/span><\/span><\/a><\/span><\/div>\n<nav><ul class='ez-toc-list ez-toc-list-level-1 eztoc-toggle-hide-by-default' ><li class='ez-toc-page-1 ez-toc-heading-level-2'><a class=\"ez-toc-link ez-toc-heading-1\" href=\"https:\/\/goroskop.tv\/sw\/din-veckovisa-astrologiska-prognos-fran-22-till-28\/#Din_veckovisa_astrologiska_prognos_fran_22_till_28_maj\" >Din veckovisa astrologiska prognos: fr\u00e5n 22 till 28 maj,<\/a><\/li><li class='ez-toc-page-1 ez-toc-heading-level-2'><a class=\"ez-toc-link ez-toc-heading-2\" href=\"https:\/\/goroskop.tv\/sw\/din-veckovisa-astrologiska-prognos-fran-22-till-28\/#Fran_22_till_28_maj_ar_det_en_vecka_att_ta_till_sig_rutinen_och_egenvard\" >Fr\u00e5n 22 till 28 maj \u00e4r det en vecka att ta till sig rutinen och egenv\u00e5rd<\/a><\/li><li class='ez-toc-page-1 ez-toc-heading-level-2'><a class=\"ez-toc-link ez-toc-heading-3\" href=\"https:\/\/goroskop.tv\/sw\/din-veckovisa-astrologiska-prognos-fran-22-till-28\/#Planetariska_platser_denna_vecka\" >Planetariska platser denna vecka<\/a><\/li><li class='ez-toc-page-1 ez-toc-heading-level-2'><a class=\"ez-toc-link ez-toc-heading-4\" href=\"https:\/\/goroskop.tv\/sw\/din-veckovisa-astrologiska-prognos-fran-22-till-28\/#Dagliga_ogonblicksbilder_av_astrologi\" >Dagliga \u00f6gonblicksbilder av astrologi<\/a><ul class='ez-toc-list-level-3' ><li class='ez-toc-heading-level-3'><a class=\"ez-toc-link ez-toc-heading-5\" href=\"https:\/\/goroskop.tv\/sw\/din-veckovisa-astrologiska-prognos-fran-22-till-28\/#Mandagen_den_22_maj\" >M\u00e5ndagen den 22 maj<\/a><ul class='ez-toc-list-level-4' ><li class='ez-toc-heading-level-4'><a class=\"ez-toc-link ez-toc-heading-6\" href=\"https:\/\/goroskop.tv\/sw\/din-veckovisa-astrologiska-prognos-fran-22-till-28\/#Sol\" >Sol<\/a><\/li><li class='ez-toc-page-1 ez-toc-heading-level-4'><a class=\"ez-toc-link ez-toc-heading-7\" href=\"https:\/\/goroskop.tv\/sw\/din-veckovisa-astrologiska-prognos-fran-22-till-28\/#Mane\" >M\u00e5ne<\/a><\/li><li class='ez-toc-page-1 ez-toc-heading-level-4'><a class=\"ez-toc-link ez-toc-heading-8\" href=\"https:\/\/goroskop.tv\/sw\/din-veckovisa-astrologiska-prognos-fran-22-till-28\/#astrologisk_aspekt\" >astrologisk aspekt<\/a><\/li><\/ul><\/li><li class='ez-toc-page-1 ez-toc-heading-level-3'><a class=\"ez-toc-link ez-toc-heading-9\" href=\"https:\/\/goroskop.tv\/sw\/din-veckovisa-astrologiska-prognos-fran-22-till-28\/#Tisdagen_den_23_maj\" >Tisdagen den 23 maj<\/a><ul class='ez-toc-list-level-4' ><li class='ez-toc-heading-level-4'><a class=\"ez-toc-link ez-toc-heading-10\" href=\"https:\/\/goroskop.tv\/sw\/din-veckovisa-astrologiska-prognos-fran-22-till-28\/#Sol-2\" >Sol<\/a><\/li><li class='ez-toc-page-1 ez-toc-heading-level-4'><a class=\"ez-toc-link ez-toc-heading-11\" href=\"https:\/\/goroskop.tv\/sw\/din-veckovisa-astrologiska-prognos-fran-22-till-28\/#Mane-2\" >M\u00e5ne<\/a><\/li><li class='ez-toc-page-1 ez-toc-heading-level-4'><a class=\"ez-toc-link ez-toc-heading-12\" href=\"https:\/\/goroskop.tv\/sw\/din-veckovisa-astrologiska-prognos-fran-22-till-28\/#astrologisk_aspekt-2\" >astrologisk aspekt<\/a><\/li><\/ul><\/li><li class='ez-toc-page-1 ez-toc-heading-level-3'><a class=\"ez-toc-link ez-toc-heading-13\" href=\"https:\/\/goroskop.tv\/sw\/din-veckovisa-astrologiska-prognos-fran-22-till-28\/#Onsdagen_den_24_maj\" >Onsdagen den 24 maj<\/a><ul class='ez-toc-list-level-4' ><li class='ez-toc-heading-level-4'><a class=\"ez-toc-link ez-toc-heading-14\" href=\"https:\/\/goroskop.tv\/sw\/din-veckovisa-astrologiska-prognos-fran-22-till-28\/#Sol-3\" >Sol<\/a><\/li><li class='ez-toc-page-1 ez-toc-heading-level-4'><a class=\"ez-toc-link ez-toc-heading-15\" href=\"https:\/\/goroskop.tv\/sw\/din-veckovisa-astrologiska-prognos-fran-22-till-28\/#Mane-3\" >M\u00e5ne<\/a><\/li><\/ul><\/li><li class='ez-toc-page-1 ez-toc-heading-level-3'><a class=\"ez-toc-link ez-toc-heading-16\" href=\"https:\/\/goroskop.tv\/sw\/din-veckovisa-astrologiska-prognos-fran-22-till-28\/#Torsdagen_den_25_maj\" >Torsdagen den 25 maj<\/a><ul class='ez-toc-list-level-4' ><li class='ez-toc-heading-level-4'><a class=\"ez-toc-link ez-toc-heading-17\" href=\"https:\/\/goroskop.tv\/sw\/din-veckovisa-astrologiska-prognos-fran-22-till-28\/#Sol-4\" >Sol<\/a><\/li><li class='ez-toc-page-1 ez-toc-heading-level-4'><a class=\"ez-toc-link ez-toc-heading-18\" href=\"https:\/\/goroskop.tv\/sw\/din-veckovisa-astrologiska-prognos-fran-22-till-28\/#Mane-4\" >M\u00e5ne<\/a><\/li><li class='ez-toc-page-1 ez-toc-heading-level-4'><a class=\"ez-toc-link ez-toc-heading-19\" href=\"https:\/\/goroskop.tv\/sw\/din-veckovisa-astrologiska-prognos-fran-22-till-28\/#astrologisk_aspekt-3\" >astrologisk aspekt<\/a><\/li><\/ul><\/li><li class='ez-toc-page-1 ez-toc-heading-level-3'><a class=\"ez-toc-link ez-toc-heading-20\" href=\"https:\/\/goroskop.tv\/sw\/din-veckovisa-astrologiska-prognos-fran-22-till-28\/#Fredagen_den_26_maj\" >Fredagen den 26 maj<\/a><ul class='ez-toc-list-level-4' ><li class='ez-toc-heading-level-4'><a class=\"ez-toc-link ez-toc-heading-21\" href=\"https:\/\/goroskop.tv\/sw\/din-veckovisa-astrologiska-prognos-fran-22-till-28\/#Sol-5\" >Sol<\/a><\/li><li class='ez-toc-page-1 ez-toc-heading-level-4'><a class=\"ez-toc-link ez-toc-heading-22\" href=\"https:\/\/goroskop.tv\/sw\/din-veckovisa-astrologiska-prognos-fran-22-till-28\/#Mane-5\" >M\u00e5ne<\/a><\/li><li class='ez-toc-page-1 ez-toc-heading-level-4'><a class=\"ez-toc-link ez-toc-heading-23\" href=\"https:\/\/goroskop.tv\/sw\/din-veckovisa-astrologiska-prognos-fran-22-till-28\/#astrologisk_aspekt-4\" >astrologisk aspekt<\/a><\/li><\/ul><\/li><li class='ez-toc-page-1 ez-toc-heading-level-3'><a class=\"ez-toc-link ez-toc-heading-24\" href=\"https:\/\/goroskop.tv\/sw\/din-veckovisa-astrologiska-prognos-fran-22-till-28\/#Lordagen_den_27_maj\" >L\u00f6rdagen den 27 maj<\/a><ul class='ez-toc-list-level-4' ><li class='ez-toc-heading-level-4'><a class=\"ez-toc-link ez-toc-heading-25\" href=\"https:\/\/goroskop.tv\/sw\/din-veckovisa-astrologiska-prognos-fran-22-till-28\/#Sol-6\" >Sol<\/a><\/li><li class='ez-toc-page-1 ez-toc-heading-level-4'><a class=\"ez-toc-link ez-toc-heading-26\" href=\"https:\/\/goroskop.tv\/sw\/din-veckovisa-astrologiska-prognos-fran-22-till-28\/#Mane-6\" >M\u00e5ne<\/a><\/li><li class='ez-toc-page-1 ez-toc-heading-level-4'><a class=\"ez-toc-link ez-toc-heading-27\" href=\"https:\/\/goroskop.tv\/sw\/din-veckovisa-astrologiska-prognos-fran-22-till-28\/#astrologisk_aspekt-5\" >astrologisk aspekt<\/a><\/li><\/ul><\/li><li class='ez-toc-page-1 ez-toc-heading-level-3'><a class=\"ez-toc-link ez-toc-heading-28\" href=\"https:\/\/goroskop.tv\/sw\/din-veckovisa-astrologiska-prognos-fran-22-till-28\/#Sondagen_den_28_maj\" >S\u00f6ndagen den 28 maj<\/a><ul class='ez-toc-list-level-4' ><li class='ez-toc-heading-level-4'><a class=\"ez-toc-link ez-toc-heading-29\" href=\"https:\/\/goroskop.tv\/sw\/din-veckovisa-astrologiska-prognos-fran-22-till-28\/#Sol-7\" >Sol<\/a><\/li><li class='ez-toc-page-1 ez-toc-heading-level-4'><a class=\"ez-toc-link ez-toc-heading-30\" href=\"https:\/\/goroskop.tv\/sw\/din-veckovisa-astrologiska-prognos-fran-22-till-28\/#Mane-7\" >M\u00e5ne<\/a><\/li><li class='ez-toc-page-1 ez-toc-heading-level-4'><a class=\"ez-toc-link ez-toc-heading-31\" href=\"https:\/\/goroskop.tv\/sw\/din-veckovisa-astrologiska-prognos-fran-22-till-28\/#astrologisk_aspekt-6\" >astrologisk aspekt<\/a><\/li><\/ul><\/li><\/ul><\/li><\/ul><\/nav><\/div>\n","protected":false},"excerpt":{"rendered":"<p>Din veckovisa astrologiska prognos: fr\u00e5n 22 till 28 maj, Hur skulle du k\u00e4nna om en vecka med motivation, grundad energi och fokus p\u00e5 fysisk h\u00e4lsa? D\u00e5 vill du l\u00e4sa resten av den h\u00e4r artikeln f\u00f6r att ta reda p\u00e5 vad stj\u00e4rnorna har i beredskap f\u00f6r dig den h\u00e4r veckan! Vi har en stor transit den &hellip;<\/p>\n","protected":false},"author":1,"featured_media":72,"comment_status":"closed","ping_status":"closed","sticky":false,"template":"","format":"standard","meta":{"footnotes":""},"categories":[2],"tags":[716,88,439,3497,1551],"class_list":["post-18780","post","type-post","status-publish","format-standard","has-post-thumbnail","hentry","category-horoskop","tag-astrologiska","tag-din","tag-fran","tag-prognos","tag-veckovisa"],"_links":{"self":[{"href":"https:\/\/goroskop.tv\/sw\/wp-json\/wp\/v2\/posts\/18780","targetHints":{"allow":["GET"]}}],"collection":[{"href":"https:\/\/goroskop.tv\/sw\/wp-json\/wp\/v2\/posts"}],"about":[{"href":"https:\/\/goroskop.tv\/sw\/wp-json\/wp\/v2\/types\/post"}],"author":[{"embeddable":true,"href":"https:\/\/goroskop.tv\/sw\/wp-json\/wp\/v2\/users\/1"}],"replies":[{"embeddable":true,"href":"https:\/\/goroskop.tv\/sw\/wp-json\/wp\/v2\/comments?post=18780"}],"version-history":[{"count":0,"href":"https:\/\/goroskop.tv\/sw\/wp-json\/wp\/v2\/posts\/18780\/revisions"}],"wp:featuredmedia":[{"embeddable":true,"href":"https:\/\/goroskop.tv\/sw\/wp-json\/wp\/v2\/media\/72"}],"wp:attachment":[{"href":"https:\/\/goroskop.tv\/sw\/wp-json\/wp\/v2\/media?parent=18780"}],"wp:term":[{"taxonomy":"category","embeddable":true,"href":"https:\/\/goroskop.tv\/sw\/wp-json\/wp\/v2\/categories?post=18780"},{"taxonomy":"post_tag","embeddable":true,"href":"https:\/\/goroskop.tv\/sw\/wp-json\/wp\/v2\/tags?post=18780"}],"curies":[{"name":"wp","href":"https:\/\/api.w.org\/{rel}","templated":true}]}}