{"id":20529,"date":"2023-08-20T04:14:41","date_gmt":"2023-08-20T04:14:41","guid":{"rendered":"https:\/\/goroskop.tv\/sw\/de-2-orden-som-kommer-att-definiera-ditt-2023-enligt\/"},"modified":"2023-08-20T04:14:41","modified_gmt":"2023-08-20T04:14:41","slug":"de-2-orden-som-kommer-att-definiera-ditt-2023-enligt","status":"publish","type":"post","link":"https:\/\/goroskop.tv\/sw\/de-2-orden-som-kommer-att-definiera-ditt-2023-enligt\/","title":{"rendered":"De 2 orden som kommer att definiera ditt 2023, enligt"},"content":{"rendered":"<p><\/p>\n<h2><span class=\"ez-toc-section\" id=\"De_2_orden_som_kommer_att_definiese_ditt_2023_enligt\"><\/span><span class=\"ez-toc-section\" id=\"Las_2_palabras_que_definiran_tu_2023_segun\"><\/span>  De 2 orden som kommer att definiese ditt 2023, enligt<span class=\"ez-toc-section-end\"><\/span><span class=\"ez-toc-section-end\"><\/span><\/h2>\n<h2 class=\"wp-block-heading\"><span class=\"ez-toc-section\" id=\"januari\"><\/span><span class=\"ez-toc-section\" id=\"Enero\"><\/span><b>januari<\/b> <span class=\"ez-toc-section-end\"><\/span><span class=\"ez-toc-section-end\"><\/span><\/h2>\n<p><em>Resor och m\u00f6jligheter <\/em><\/p>\n<p>astrologiska prognoser<\/p>\n<p>Du har en tendens att skjuta upp semestern du f\u00f6rtj\u00e4nar. <\/p>\n<p>  Du jobbar v\u00e4ldigt h\u00e5rt och har f\u00f6rtj\u00e4nat dina lediga dagar, men du k\u00e4nner dig skyldig f\u00f6r att ta det du f\u00f6rtj\u00e4nar eller ge dig sj\u00e4lv en paus. <\/p>\n<p>  Att handla till 110 % \u00e4r beundransv\u00e4rt och du har gjort det mycket bra det senaste \u00e5ret. <\/p>\n<p>  Men det h\u00e4r kommer att bli \u00e5ret d\u00e5 du \u00e4ntligen g\u00e5r n\u00e5gonstans och ser saker och inser hur stor v\u00e4rlden \u00e4r. <\/p>\n<p>  Du kommer tillbaka och k\u00e4nner dig utvilad men ocks\u00e5 inser att du inte beh\u00f6ver g\u00f6ra ditt jobb hela livet. <\/p>\n<p>  Att ha ett jobb ger dig ett fantastiskt liv, men det borde inte vara hela livet. <\/p>\n<p>H\u00e5ll \u00f6gonen \u00f6ppna f\u00f6r nya m\u00f6jligheter som kan g\u00f6ra dig lyckligare, och n\u00e4r den m\u00f6jligheten dyker upp, ha sj\u00e4lvf\u00f6rtroendet att g\u00f6ra en f\u00f6r\u00e4ndring, \u00e4ven om den f\u00f6r\u00e4ndringen \u00e4r lite l\u00e4skigare.  Du har redan bevisat dig sj\u00e4lv! <\/p>\n<h2 class=\"wp-block-heading\"><span class=\"ez-toc-section\" id=\"februari\"><\/span><span class=\"ez-toc-section\" id=\"Febrero\"><\/span>februari <span class=\"ez-toc-section-end\"><\/span><span class=\"ez-toc-section-end\"><\/span><\/h2>\n<p><em>Framg\u00e5ng och familj <\/em><\/p>\n<p>N\u00e4r du hoppar fram\u00e5t mot 2023 kommer du att bli s\u00e5 glad \u00f6ver att se ditt h\u00e5rda arbete under det f\u00f6reg\u00e5ende \u00e5ret b\u00f6rja inte bara uppm\u00e4rksammas utan ocks\u00e5 uppskattas av alla runt omkring dig. <\/p>\n<p>  Din arbetsmoral och allt du har investerat i din karri\u00e4r kommer att b\u00f6rja k\u00e4nnas som att det \u00e4r v\u00e4rt det. <\/p>\n<p>  Men den framg\u00e5ngen och k\u00e4nslan av prestation slutar inte p\u00e5 jobbet;  du kommer att b\u00f6rja se framg\u00e5ng i andra aspekter av ditt liv. <\/p>\n<p>  Pl\u00f6tsligt kommer du att b\u00f6rja se att de r\u00e4tta personerna i ditt liv som f\u00f6rtj\u00e4nar att vara d\u00e4r dyker upp p\u00e5 det s\u00e4tt du f\u00f6rtj\u00e4nar. <\/p>\n<p>N\u00e4r det kommer till familj (eller vad din definition av familj nu \u00e4r), kommer att v\u00e4rdera och uppskatta dem bara f\u00f6rb\u00e4ttra de relationer du redan har med var och en av dem. <\/p>\n<p>  Trots de argument och meningsskiljaktigheter som uppst\u00e5r med familjen kommer du att inse att de \u00e4r dina st\u00f6rsta entusiastas och att de inte kunde vara lyckligare f\u00f6r vem du \u00e4r, vem du har blivit och allt du har \u00e5stadkommit. <\/p>\n<p>  De s\u00e5g dig p\u00e5 ditt b\u00e4sta och v\u00e4rsta, och under ditt b\u00e4sta och mest hj\u00e4rtsk\u00e4rande, och du tog dig igenom det delvis p\u00e5 grund av deras k\u00e4rlek och st\u00f6d. <\/p>\n<h2 class=\"wp-block-heading\"><span class=\"ez-toc-section\" id=\"Mars\"><\/span><span class=\"ez-toc-section\" id=\"Marzo\"><\/span>Mars <span class=\"ez-toc-section-end\"><\/span><span class=\"ez-toc-section-end\"><\/span><\/h2>\n<p><em>Relationer och gr\u00e4nser <\/em><\/p>\n<p>Detta kommer att vara relationernas \u00e5r, och det \u00e4r inte exklusivt f\u00f6r din partner. <\/p>\n<p>  Vad du kommer att se under det kommande \u00e5ret \u00e4r hur tillfredsst\u00e4llande dina relationer har blivit p\u00e5 grund av din sj\u00e4lvmedvetenhet. <\/p>\n<p>  \u00c4ven om det finns en chans att du kommer att \u00abf\u00f6rlora\u00bb m\u00e4nniskor, kom ih\u00e5g att de enda som kan g\u00e5 f\u00f6rlorade \u00e4r de som inte planerade att stanna i f\u00f6rsta hand. <\/p>\n<p>  De gr\u00e4nser du s\u00e4tter, de saker du inte l\u00e4ngre tolererar, kan hota de m\u00e4nniskor som inte hade ditt b\u00e4sta f\u00f6r \u00f6gonen. <\/p>\n<p>  Bra f\u00f6r dig!  M\u00e4nniskor som ser allt det goda i dig och v\u00e4rdes\u00e4tter dig kommer att \u00e4lska dig \u00e4nnu mer f\u00f6r att du \u00e4ntligen har f\u00e5tt sj\u00e4lvf\u00f6rtroendet att st\u00e5 upp f\u00f6r dig sj\u00e4lv. <\/p>\n<p>I denna utforskning av att inse ditt v\u00e4rde kommer k\u00e4rleken att forts\u00e4tta att fl\u00f6da in i varje del av dig. <\/p>\n<p>  Om du \u00e4r i ett f\u00f6rh\u00e5llande kommer det att bli b\u00e4ttre och du g\u00e5r vidare till n\u00e4sta steg. <\/p>\n<p>  Om du \u00e4r singel kommer detta nyvunna sj\u00e4lvf\u00f6rtroende att locka n\u00e5gon lika bra som du. <\/p>\n<h2 class=\"wp-block-heading\"><span class=\"ez-toc-section\" id=\"april\"><\/span><span class=\"ez-toc-section\" id=\"Abril\"><\/span>april <span class=\"ez-toc-section-end\"><\/span><span class=\"ez-toc-section-end\"><\/span><\/h2>\n<p><i><em>H\u00e4lsa och gl\u00e4dje <\/em><\/i><\/p>\n<p>H\u00e4lsa kommer inte bara att se ut som att vara v\u00e4ltr\u00e4nad eller uppn\u00e5 n\u00e5got m\u00e5l du hade i \u00e5tanke, medan det \u00e4r n\u00e5got du kommer att uppn\u00e5, kommer h\u00e4lsan att se ut som en h\u00e4lsosammare relation med dig sj\u00e4lv, en h\u00e4lsosammare relation med v\u00e4nner och familj, en h\u00e4lsosammare relation. <\/p>\n<p>med arbete och att bara hitta ett lugn och balans som du kanske inte har k\u00e4nt till tidigare. <\/p>\n<p>  Det h\u00e4r \u00e5ret kommer att se ut som att du g\u00f6r dig sj\u00e4lv till den prioritet du alltid f\u00f6rtj\u00e4nat att vara och inte s\u00e4tter andra f\u00f6rst. <\/p>\n<p>  F\u00f6r \u00e4ven om den typ av person du har varit \u00e4r beundransv\u00e4rd och det kr\u00e4vs ett speciellt hj\u00e4rta f\u00f6r att s\u00e4ga ja till allt och alla, men jag sl\u00e5r vad om att du har blivit utnyttjad f\u00f6r det. <\/p>\n<p>  Och det \u00e4r tr\u00e5kigt att n\u00e5gon skulle g\u00f6ra s\u00e5 mot dig. <\/p>\n<p>  Men det h\u00e4r \u00e4r \u00e5ret d\u00e5 du kommer att ta tillbaka ditt liv och g\u00f6ra det till ditt eget. <\/p>\n<p>  Att begr\u00e4nsa vad du kommer att g\u00f6ra f\u00f6r andra kommer inte bara att hj\u00e4lpa dig att f\u00e5 sj\u00e4lvf\u00f6rtroende, utan det kommer att f\u00e5 folk att inse att du har f\u00f6r\u00e4ndrats och att saker och ting kommer att f\u00f6r\u00e4ndras i \u00e5r. <\/p>\n<p>I detta nya inre f\u00f6rtroende hittar du ocks\u00e5 lycka!  Ibland f\u00f6rknippar vi lycka med det vi g\u00f6r f\u00f6r andra, bara f\u00f6r att ge oss sj\u00e4lva helt och h\u00e5llet \u00e5t alla och allt och vi l\u00e4mnas tomma. <\/p>\n<p>  Men lycka b\u00f6rjar med dig och att se till att du tas om hand p\u00e5 samma s\u00e4tt som du tar hand om andra. <\/p>\n<p>  Du f\u00f6rtj\u00e4nar att vara lycklig. <\/p>\n<p>  Var inte r\u00e4dd f\u00f6r honom. <\/p>\n<h2 class=\"wp-block-heading\"><span class=\"ez-toc-section\" id=\"Burk\"><\/span><span class=\"ez-toc-section\" id=\"Puede\"><\/span><b>Burk<\/b> <span class=\"ez-toc-section-end\"><\/span><span class=\"ez-toc-section-end\"><\/span><\/h2>\n<p><em>F\u00f6r\u00e4ndring och uppskattning  <\/em><\/p>\n<p>En f\u00f6r\u00e4ndring p\u00e5 det nya \u00e5ret kan vara lite skr\u00e4mmande i b\u00f6rjan. <\/p>\n<p>  Det kanske inte var n\u00e5got du valde. <\/p>\n<p>  Men ibland f\u00f6r\u00e4ndrar universum saker omkring oss n\u00e4r vi f\u00f6rtj\u00e4nar mer eller f\u00f6rtj\u00e4nar b\u00e4ttre. <\/p>\n<p>  Vi bos\u00e4tter oss i v\u00e5ra bekv\u00e4mlighetszoner inte f\u00f6r att vi inte vet att vi f\u00f6rtj\u00e4nar b\u00e4ttre, utan f\u00f6r att vi \u00f6vervinns av r\u00e4dsla f\u00f6r att misslyckas. <\/p>\n<p>  Men i de \u00f6gonblick d\u00e5 han utmanas, i de \u00f6gonblick som kan f\u00e5 honom p\u00e5 kn\u00e4, har han m\u00f6jligheten och chansen att v\u00e4xa p\u00e5 alla s\u00e4tt som han kan ha varit r\u00e4dd f\u00f6r. <\/p>\n<p>  Oavsett vilken m\u00f6jlighet som dyker upp, ta tag i den med b\u00e5da h\u00e4nderna och vet att du kommer att klara dig. <\/p>\n<p>I denna stora f\u00f6r\u00e4ndring \u00e4r det du kommer att l\u00e4ra dig uppskattning. <\/p>\n<p>  Den uppskattningen b\u00f6rjar med att presenten tittar p\u00e5 dig i spegeln. <\/p>\n<p>  Du kommer att l\u00e4ra dig styrka i \u00e5r. <\/p>\n<p>  Du kommer att l\u00e4ra dig motst\u00e5ndskraft. <\/p>\n<p>  Och du kommer att l\u00e4ra dig hur mycket du kan ta. <\/p>\n<p>  I alla dessa lektioner kommer du ocks\u00e5 att l\u00e4ra dig vem som finns d\u00e4r f\u00f6r dig i sv\u00e5ra tider. <\/p>\n<p>  Du kommer att l\u00e4ra dig att uppskatta m\u00e4nniskorna i ditt liv som var d\u00e4r under de tuffa tiderna, och det \u00e4r de m\u00e4nniskorna som f\u00f6rtj\u00e4nar att vara d\u00e4r f\u00f6r firandet och n\u00e4r saker och ting v\u00e4nder. <\/p>\n<p>  Och saker och ting kommer att f\u00f6r\u00e4ndras f\u00f6r dig. <\/p>\n<h2 class=\"wp-block-heading\"><span class=\"ez-toc-section\" id=\"juni\"><\/span><span class=\"ez-toc-section\" id=\"Junio\"><\/span>juni <span class=\"ez-toc-section-end\"><\/span><span class=\"ez-toc-section-end\"><\/span><\/h2>\n<p><em>Utbildning och relationer <\/em><\/p>\n<p>Utbildning kan vara att ta en annan examen eller certifikat eller det kan vara det du l\u00e4r dig sj\u00e4lv. <\/p>\n<p>  Det \u00e4r b\u00f6ckerna du b\u00f6rjar l\u00e4sa, artiklarna du forts\u00e4tter titta p\u00e5 i hopp om att l\u00e4ra dig, poddarna du lyssnar p\u00e5. <\/p>\n<p>  Utbildning \u00e4r i vad du ska g\u00f6ra i \u00e5r f\u00f6r att bli en b\u00e4ttre version av vem du \u00e4r baserat p\u00e5 vad du vet. <\/p>\n<p>  Kunskap \u00e4r makt, och du ska inte vara r\u00e4dd f\u00f6r den kraften. <\/p>\n<p>Att utbildning och f\u00f6rb\u00e4ttring av ditt sinne kommer ocks\u00e5 att sippra ner till andra omr\u00e5den i ditt liv. <\/p>\n<p>  Du kommer att b\u00f6rja leta efter m\u00e4nniskor och m\u00e4nniskor och du kommer att vilja bygga relationer med dem som controlador dig till n\u00e4sta niv\u00e5. <\/p>\n<p>  Oavsett vad den niv\u00e5n \u00e4r, kommer du att ta dig dit med hj\u00e4lp av dem du omger dig med. <\/p>\n<h2 class=\"wp-block-heading\"><span class=\"ez-toc-section\" id=\"juli\"><\/span><span class=\"ez-toc-section\" id=\"Julio\"><\/span>juli <span class=\"ez-toc-section-end\"><\/span><span class=\"ez-toc-section-end\"><\/span><\/h2>\n<p><em>F\u00f6r\u00e4ndring och tillfredsst\u00e4llelse<\/em><\/p>\n<p>2022 var ditt \u00e5r av snubblar och fall. <\/p>\n<p>  Men du studsade tillbaka och bevisade att ingen kan h\u00e5lla dig nere. <\/p>\n<p>  Du kom tillbaka k\u00e4mpande, men jag sl\u00e5r vad om att du \u00e4r tr\u00f6tt p\u00e5 att k\u00e4mpa s\u00e5 mycket. <\/p>\n<p>  Du \u00e4r tr\u00f6tt p\u00e5 att ber\u00e4tta f\u00f6r folk vad du f\u00f6rtj\u00e4nar. <\/p>\n<p>  Du \u00e4r tr\u00f6tt p\u00e5 att f\u00f6rs\u00f6ka bevisa att du f\u00f6rtj\u00e4nar det du i ditt hj\u00e4rta vet att du f\u00f6rtj\u00e4nar. <\/p>\n<p>  Att f\u00f6rs\u00f6ka bevisa dig sj\u00e4lv betyder att du \u00e4r omgiven av m\u00e4nniskor som inte v\u00e4rdes\u00e4tter dig. <\/p>\n<p>  Du \u00e4r omgiven av m\u00e4nniskor som inte har sett klart vad du har gjort. <\/p>\n<p>  Du ska inte beh\u00f6va k\u00e4nna att du hela tiden m\u00e5ste bevisa dig sj\u00e4lv. <\/p>\n<p>  Du ska k\u00e4nna att du har lagt ner 100% p\u00e5 det h\u00e4r, i det h\u00e4r f\u00f6rh\u00e5llandet, p\u00e5 alla och allt runt omkring dig, och det r\u00e4cker f\u00f6r att du r\u00e4cker.<\/p>\n<p>2023 kommer att bli \u00e5ret d\u00e5 du slutar k\u00e4mpa s\u00e5 mycket och b\u00f6rjar se vem som kommer att k\u00e4mpa f\u00f6r dig. <\/p>\n<p>  Och genom att svika din vakt, genom att ta en stund att observera vem och vad som finns omkring dig, kommer du att se vem som f\u00f6rtj\u00e4nar att vara d\u00e4r. <\/p>\n<p>  Alla f\u00f6rtj\u00e4nar inte att vara med i ditt liv, speciellt n\u00e4r du str\u00e4var efter att g\u00f6ra det b\u00e4ttre. <\/p>\n<p>  Det som kommer att f\u00f6rb\u00e4ttras \u00e4r inte bara det liv du lever, utan ocks\u00e5 relationer. <\/p>\n<p>  Det du kommer att finna genom att sl\u00e4ppa taget om att f\u00f6rs\u00f6ka kontrollera saker \u00e4r att l\u00e4ra dig att vara n\u00f6jd med vad du har och vem du har det med.<\/p>\n<h2 class=\"wp-block-heading\"><span class=\"ez-toc-section\" id=\"augusti\"><\/span><span class=\"ez-toc-section\" id=\"Agosto\"><\/span>augusti <span class=\"ez-toc-section-end\"><\/span><span class=\"ez-toc-section-end\"><\/span><\/h2>\n<p><em>k\u00e4rlek och tillv\u00e4xt  <\/em><\/p>\n<p>Det h\u00e4r \u00e4r k\u00e4rlekens \u00e5r f\u00f6r dig. <\/p>\n<p>  Och det kommer att f\u00f6rb\u00e4ttra varje del av ditt liv. <\/p>\n<p>  Men vad du m\u00e5ste komma ih\u00e5g \u00e4r att inte vara r\u00e4dd f\u00f6r att k\u00e4rlek ska komma in i ditt liv och f\u00f6r\u00e4ndra det p\u00e5 n\u00e5got s\u00e4tt. <\/p>\n<p>  Du ska inte vara r\u00e4dd f\u00f6r att sl\u00e4ppa in n\u00e5gon och f\u00e5 dina v\u00e4ggar att falla. <\/p>\n<p>  Du ska inte vara r\u00e4dd f\u00f6r s\u00e5rbarhet och till\u00e5ta dig sj\u00e4lv att bry dig. <\/p>\n<p>  Jag vet att du har blivit s\u00e5rad, och jag vet hur jobbigt det var f\u00f6r dig, och jag vet att du inte vill uppleva sm\u00e4rta igen p\u00e5 den niv\u00e5n du upplevde den. <\/p>\n<p>  Men n\u00e4r Om du till\u00e5ter k\u00e4rleken att \u00e5terv\u00e4nda till ditt liv och hj\u00e4rta, \u00e4r det du ocks\u00e5 kommer att finna helande. <\/p>\n<p>N\u00e4r du \u00f6ppnar dig f\u00f6r k\u00e4rlek kommer du ocks\u00e5 att finna tillv\u00e4xt. <\/p>\n<p>  Du kommer att uppt\u00e4cka att du utmanas p\u00e5 s\u00e4tt som du kanske inte har varit tidigare;  du kommer att uppt\u00e4cka att den h\u00e4r presenten hj\u00e4lper dig att f\u00f6rb\u00e4ttra dig \u00e4ven om du redan \u00e4r utm\u00e4rkt. <\/p>\n<h2 class=\"wp-block-heading\"><span class=\"ez-toc-section\" id=\"september\"><\/span><span class=\"ez-toc-section\" id=\"Septiembre\"><\/span>september <span class=\"ez-toc-section-end\"><\/span><span class=\"ez-toc-section-end\"><\/span><\/h2>\n<p><em>acceptans och f\u00f6rl\u00e5telse<\/em><\/p>\n<p>Ibland \u00e4r det sv\u00e5rast att acceptera saker som skadar ditt hj\u00e4rta eftersom du vet att du inte f\u00f6rtj\u00e4nade det. <\/p>\n<p>  Det finns en del av dig som internt skriker, \u00abHur kunde n\u00e5gon g\u00f6ra s\u00e5 h\u00e4r mot mig?\u00bb  Men det finns en tystare r\u00f6st inom dig som fr\u00e5gar: \u00abVarf\u00f6r gjorde n\u00e5gon det h\u00e4r?\u00bb  Sm\u00e4rtan du k\u00e4nner \u00e4r ett bevis p\u00e5 att n\u00e5got och n\u00e5gon betydde n\u00e5got. <\/p>\n<p>  I den sm\u00e4rtan vill du ibland bara arbeta f\u00f6r att fixa saker, men vad du m\u00e5ste f\u00f6rst\u00e5 \u00e4r att ibland var de saker eller relationer som g\u00e5r s\u00f6nder i ditt liv inte du gjorde. <\/p>\n<p>  Du ska inte sk\u00e4ra dig i fingrarna n\u00e4r du f\u00f6rs\u00f6ker s\u00e4tta ihop n\u00e5got n\u00e4r du inte br\u00f6t det fr\u00e5n b\u00f6rjan. <\/p>\n<p>  Men du \u00e4r en fixare, du \u00e4r n\u00e5gon som gillar att l\u00f6sa problem, och du vill att allt i ditt liv ska vara okej. <\/p>\n<p>  Men folk har gjort dig illa och de borde vilja fixa det.<\/p>\n<p>Det du kommer att l\u00e4ra dig i \u00e5r \u00e4r att acceptera de saker du inte kan f\u00f6r\u00e4ndra och bara sl\u00e4ppa dem. <\/p>\n<p>  I den acceptansen l\u00e4r du dig ocks\u00e5 att f\u00f6rl\u00e5ta dem och dig sj\u00e4lv genom att sl\u00e4ppa skulden som k\u00e4nns f\u00f6rlamande. <\/p>\n<p>  2023 kommer att bli \u00e5ret du \u00e4ntligen g\u00e5r vidare. <\/p>\n<h2 class=\"wp-block-heading\"><span class=\"ez-toc-section\" id=\"oktober\"><\/span><span class=\"ez-toc-section\" id=\"Octubre\"><\/span>oktober <span class=\"ez-toc-section-end\"><\/span><span class=\"ez-toc-section-end\"><\/span><\/h2>\n<p><em>Tydlighet och koppling <\/em><\/p>\n<p>F\u00f6rra \u00e5ret kanske var lite suddigt f\u00f6r dig. <\/p>\n<p>  Det kom med f\u00f6rvirring, os\u00e4kerhet, \u00e5ngest och tyngd. <\/p>\n<p>  Men om 2022 handlade om att inte se klart, d\u00e5 kommer 2023 att ge en tydlig visi\u00f3n om vem du \u00e4r och vad du vill. <\/p>\n<p>  2023 blir \u00e5ret du f\u00e5r allt du f\u00f6rtj\u00e4nar. <\/p>\n<p>Det h\u00e4r \u00e5ret kommer att vara det d\u00e4r du inte bara kommer att ansluta mer till dig sj\u00e4lv och vem du \u00e4r, utan du kommer att vara mer exklusiv om vem du ger tillg\u00e5ng till. <\/p>\n<p>  Vissa m\u00e4nniskor \u00e4r mer nyfikna \u00e4n omt\u00e4nksamma, och kanske har den typen av m\u00e4nniskor lurat dig tidigare. <\/p>\n<p>  Men inte i \u00e5r. <\/p>\n<p>  Det h\u00e4r \u00e4r \u00e5ret som du prioriterar. <\/p>\n<p>  Folk kanske s\u00e4ger att du har f\u00f6r\u00e4ndrats, men om du f\u00f6r\u00e4ndrar ditt liv p\u00e5 ett s\u00e4tt som g\u00f6r det b\u00e4ttre och du \u00e4r lycklig spelar det ingen roll vad andra s\u00e4ger eller tycker. <\/p>\n<h2 class=\"wp-block-heading\"><span class=\"ez-toc-section\" id=\"november\"><\/span><span class=\"ez-toc-section\" id=\"Noviembre\"><\/span>november <span class=\"ez-toc-section-end\"><\/span><span class=\"ez-toc-section-end\"><\/span><\/h2>\n<p><i><em>prestation och lycka <\/em><\/i><\/p>\n<p>Om 2022 var \u00e5ret du tillbringade med att f\u00f6rbereda dig f\u00f6r saker och leda dig mot de m\u00e5l du kommer att uppn\u00e5, \u00e4r 2023 \u00e5ret du kommer att ta dig ur parken. <\/p>\n<p>  Du kommer att uppn\u00e5 vart och ett av dessa m\u00e5l. <\/p>\n<p>  Sanningen \u00e4r att bara du och dina n\u00e4ra har sett hur mycket arbete du har lagt ner och investerat. <\/p>\n<p>  Det har varit m\u00e5nga tidiga morgnar, m\u00e5nga n\u00e4tter och l\u00e5nga dagar utan att klaga, vilket \u00e4r beundransv\u00e4rt. <\/p>\n<p>  Du f\u00f6rtj\u00e4nar denna framg\u00e5ng mer \u00e4n n\u00e5gon annan. <\/p>\n<p>\u00c4ven om du f\u00f6rtj\u00e4nar framg\u00e5ng, f\u00f6rtj\u00e4nar du ocks\u00e5 att vara lycklig.  Och detta kommer att bli ett \u00e5r av lycka f\u00f6r dig!  <\/p>\n<h2 class=\"wp-block-heading\"><span class=\"ez-toc-section\" id=\"december\"><\/span><span class=\"ez-toc-section\" id=\"Diciembre\"><\/span>december <span class=\"ez-toc-section-end\"><\/span><span class=\"ez-toc-section-end\"><\/span><\/h2>\n<p><em>godhet och karma <\/em><\/p>\n<p>2023 \u00e4r \u00e5ret du ska leda med v\u00e4nlighet, och den v\u00e4nligheten b\u00f6rjar med dig och sedan med andra. <\/p>\n<p>  Kanske har du varit f\u00f6r sn\u00e4ll under tidigare \u00e5r, men det h\u00e4r kommer att vara \u00e5ret d\u00e5 du uteslutande kommer att vara sn\u00e4ll mot dem som f\u00f6rtj\u00e4nar det. <\/p>\n<p>Detta kommer ocks\u00e5 att vara \u00e5ret d\u00e5 m\u00e4nniskor som inte var sn\u00e4lla mot dig kommer att f\u00e5 sin besk\u00e4rda del. <\/p>\n<p>  \u00c4ven om din v\u00e4nlighet har uppskattats (men kanske inte som den borde ha varit), kommer karman att vara s\u00e5 stark att du inte ens beh\u00f6ver s\u00e4ga mer.<\/p>\n<p>Vi hoppas att du gillade v\u00e5r artikel De 2 orden som kommer att definiese ditt 2023, enligt och allt relaterat till horoskop, tarot, ritualer och allt relaterat.<\/p>\n<figure class=\"wp-block-table is-style-regular\">\n<\/figure>\n<p>Intressanta saker att veta inneb\u00f6rden: Horoskop  <\/p>\n<p>\u00c4ven h\u00e4r l\u00e4mnar vi \u00e4mnen relaterade till: Horoskop<\/p>\n<\/p>\n<p><\/p>\n<p>Vi hoppas att du gillade v\u00e5r artikel De 2 orden som kommer att definiera ditt 2023, enligt<br \/>\n och allt om horoskop, tarot, ritualer och allt relaterat till det &#8230;<\/p>\n<figure class=\"wp-block-table is-style-regular\">\n<table style=\"width: 284px; height: 157px;\">\n<tbody>\n<tr>\n<td class=\"has-text-align-center\" data-align=\"center\"><img loading=\"lazy\" decoding=\"async\" class=\"alignleft\" src=\" https:\/\/goroskop.tv\/wp-content\/uploads\/2023\/05\/horoscopodo12.jpg \" alt=\" De 2 orden som kommer att definiera ditt 2023, enligt\n \" width=\"65\" height=\"95\" title=\"\"><img loading=\"lazy\" decoding=\"async\" class=\"alignleft\" style=\"width: 60px;\" src=\" https:\/\/goroskop.tv\/wp-content\/uploads\/2023\/05\/horoscopodo11.jpg \" alt=\" De 2 orden som kommer att definiera ditt 2023, enligt\n \" width=\"195\" height=\"300\" title=\"\"><img decoding=\"async\" class=\"alignleft\" style=\"width: 60px;\" src=\" https:\/\/goroskop.tv\/wp-content\/uploads\/2023\/05\/horoscopodo10.jpg \" alt=\" De 2 orden som kommer att definiera ditt 2023, enligt\n \" title=\"\"><\/td>\n<\/tr>\n<\/tbody>\n<\/table>\n<\/figure>\n<p>Intressanta saker att veta inneb\u00f6rden: <a href=\"https:\/\/sv.wikipedia.org\/wiki\/Horoskop\" target=\"_blank\" rel=\"nofollow noopener\"> Horoskop <\/a> <\/p>\n<p>H\u00e4r l\u00e4mnar vi ocks\u00e5 \u00e4mnen relaterade till: <a href=\" https:\/\/goroskop.tv\/sw\/den-perfekta-kandispojkvannen-for-dig\/\">Horoskop<\/a> <\/p>\n<div id=\"ez-toc-container\" class=\"ez-toc-v2_0_82_2 ez-toc-wrap-center counter-hierarchy ez-toc-counter ez-toc-grey ez-toc-container-direction\">\n<div class=\"ez-toc-title-container\">\n<div class=\"ez-toc-title\" style=\"cursor:inherit\">Table of Contents<\/div>\n<span class=\"ez-toc-title-toggle\"><a href=\"#\" class=\"ez-toc-pull-right ez-toc-btn ez-toc-btn-xs ez-toc-btn-default ez-toc-toggle\" aria-label=\"Alternar tabla de contenidos\"><span class=\"ez-toc-js-icon-con\"><span class=\"\"><span class=\"eztoc-hide\" style=\"display:none;\">Toggle<\/span><span class=\"ez-toc-icon-toggle-span\"><svg style=\"fill: #999;color:#999\" xmlns=\"http:\/\/www.w3.org\/2000\/svg\" class=\"list-377408\" width=\"20px\" height=\"20px\" viewBox=\"0 0 24 24\" fill=\"none\"><path d=\"M6 6H4v2h2V6zm14 0H8v2h12V6zM4 11h2v2H4v-2zm16 0H8v2h12v-2zM4 16h2v2H4v-2zm16 0H8v2h12v-2z\" fill=\"currentColor\"><\/path><\/svg><svg style=\"fill: #999;color:#999\" class=\"arrow-unsorted-368013\" xmlns=\"http:\/\/www.w3.org\/2000\/svg\" width=\"10px\" height=\"10px\" viewBox=\"0 0 24 24\" version=\"1.2\" baseProfile=\"tiny\"><path d=\"M18.2 9.3l-6.2-6.3-6.2 6.3c-.2.2-.3.4-.3.7s.1.5.3.7c.2.2.4.3.7.3h11c.3 0 .5-.1.7-.3.2-.2.3-.5.3-.7s-.1-.5-.3-.7zM5.8 14.7l6.2 6.3 6.2-6.3c.2-.2.3-.5.3-.7s-.1-.5-.3-.7c-.2-.2-.4-.3-.7-.3h-11c-.3 0-.5.1-.7.3-.2.2-.3.5-.3.7s.1.5.3.7z\"\/><\/svg><\/span><\/span><\/span><\/a><\/span><\/div>\n<nav><ul class='ez-toc-list ez-toc-list-level-1 eztoc-toggle-hide-by-default' ><li class='ez-toc-page-1 ez-toc-heading-level-2'><a class=\"ez-toc-link ez-toc-heading-1\" href=\"https:\/\/goroskop.tv\/sw\/de-2-orden-som-kommer-att-definiera-ditt-2023-enligt\/#De_2_orden_som_kommer_att_definiese_ditt_2023_enligt\" >De 2 orden som kommer att definiese ditt 2023, enligt<\/a><\/li><li class='ez-toc-page-1 ez-toc-heading-level-2'><a class=\"ez-toc-link ez-toc-heading-2\" href=\"https:\/\/goroskop.tv\/sw\/de-2-orden-som-kommer-att-definiera-ditt-2023-enligt\/#januari\" >januari<\/a><\/li><li class='ez-toc-page-1 ez-toc-heading-level-2'><a class=\"ez-toc-link ez-toc-heading-3\" href=\"https:\/\/goroskop.tv\/sw\/de-2-orden-som-kommer-att-definiera-ditt-2023-enligt\/#februari\" >februari<\/a><\/li><li class='ez-toc-page-1 ez-toc-heading-level-2'><a class=\"ez-toc-link ez-toc-heading-4\" href=\"https:\/\/goroskop.tv\/sw\/de-2-orden-som-kommer-att-definiera-ditt-2023-enligt\/#Mars\" >Mars<\/a><\/li><li class='ez-toc-page-1 ez-toc-heading-level-2'><a class=\"ez-toc-link ez-toc-heading-5\" href=\"https:\/\/goroskop.tv\/sw\/de-2-orden-som-kommer-att-definiera-ditt-2023-enligt\/#april\" >april<\/a><\/li><li class='ez-toc-page-1 ez-toc-heading-level-2'><a class=\"ez-toc-link ez-toc-heading-6\" href=\"https:\/\/goroskop.tv\/sw\/de-2-orden-som-kommer-att-definiera-ditt-2023-enligt\/#Burk\" >Burk<\/a><\/li><li class='ez-toc-page-1 ez-toc-heading-level-2'><a class=\"ez-toc-link ez-toc-heading-7\" href=\"https:\/\/goroskop.tv\/sw\/de-2-orden-som-kommer-att-definiera-ditt-2023-enligt\/#juni\" >juni<\/a><\/li><li class='ez-toc-page-1 ez-toc-heading-level-2'><a class=\"ez-toc-link ez-toc-heading-8\" href=\"https:\/\/goroskop.tv\/sw\/de-2-orden-som-kommer-att-definiera-ditt-2023-enligt\/#juli\" >juli<\/a><\/li><li class='ez-toc-page-1 ez-toc-heading-level-2'><a class=\"ez-toc-link ez-toc-heading-9\" href=\"https:\/\/goroskop.tv\/sw\/de-2-orden-som-kommer-att-definiera-ditt-2023-enligt\/#augusti\" >augusti<\/a><\/li><li class='ez-toc-page-1 ez-toc-heading-level-2'><a class=\"ez-toc-link ez-toc-heading-10\" href=\"https:\/\/goroskop.tv\/sw\/de-2-orden-som-kommer-att-definiera-ditt-2023-enligt\/#september\" >september<\/a><\/li><li class='ez-toc-page-1 ez-toc-heading-level-2'><a class=\"ez-toc-link ez-toc-heading-11\" href=\"https:\/\/goroskop.tv\/sw\/de-2-orden-som-kommer-att-definiera-ditt-2023-enligt\/#oktober\" >oktober<\/a><\/li><li class='ez-toc-page-1 ez-toc-heading-level-2'><a class=\"ez-toc-link ez-toc-heading-12\" href=\"https:\/\/goroskop.tv\/sw\/de-2-orden-som-kommer-att-definiera-ditt-2023-enligt\/#november\" >november<\/a><\/li><li class='ez-toc-page-1 ez-toc-heading-level-2'><a class=\"ez-toc-link ez-toc-heading-13\" href=\"https:\/\/goroskop.tv\/sw\/de-2-orden-som-kommer-att-definiera-ditt-2023-enligt\/#december\" >december<\/a><\/li><\/ul><\/nav><\/div>\n","protected":false},"excerpt":{"rendered":"<p>De 2 orden som kommer att definiese ditt 2023, enligt januari Resor och m\u00f6jligheter astrologiska prognoser Du har en tendens att skjuta upp semestern du f\u00f6rtj\u00e4nar. Du jobbar v\u00e4ldigt h\u00e5rt och har f\u00f6rtj\u00e4nat dina lediga dagar, men du k\u00e4nner dig skyldig f\u00f6r att ta det du f\u00f6rtj\u00e4nar eller ge dig sj\u00e4lv en paus. Att handla &hellip;<\/p>\n","protected":false},"author":1,"featured_media":20,"comment_status":"closed","ping_status":"closed","sticky":false,"template":"","format":"standard","meta":{"footnotes":""},"categories":[2],"tags":[48,7743,71,19,39,4038,16],"class_list":["post-20529","post","type-post","status-publish","format-standard","has-post-thumbnail","hentry","category-horoskop","tag-att","tag-definiera","tag-ditt","tag-enligt","tag-kommer","tag-orden","tag-som"],"_links":{"self":[{"href":"https:\/\/goroskop.tv\/sw\/wp-json\/wp\/v2\/posts\/20529","targetHints":{"allow":["GET"]}}],"collection":[{"href":"https:\/\/goroskop.tv\/sw\/wp-json\/wp\/v2\/posts"}],"about":[{"href":"https:\/\/goroskop.tv\/sw\/wp-json\/wp\/v2\/types\/post"}],"author":[{"embeddable":true,"href":"https:\/\/goroskop.tv\/sw\/wp-json\/wp\/v2\/users\/1"}],"replies":[{"embeddable":true,"href":"https:\/\/goroskop.tv\/sw\/wp-json\/wp\/v2\/comments?post=20529"}],"version-history":[{"count":0,"href":"https:\/\/goroskop.tv\/sw\/wp-json\/wp\/v2\/posts\/20529\/revisions"}],"wp:featuredmedia":[{"embeddable":true,"href":"https:\/\/goroskop.tv\/sw\/wp-json\/wp\/v2\/media\/20"}],"wp:attachment":[{"href":"https:\/\/goroskop.tv\/sw\/wp-json\/wp\/v2\/media?parent=20529"}],"wp:term":[{"taxonomy":"category","embeddable":true,"href":"https:\/\/goroskop.tv\/sw\/wp-json\/wp\/v2\/categories?post=20529"},{"taxonomy":"post_tag","embeddable":true,"href":"https:\/\/goroskop.tv\/sw\/wp-json\/wp\/v2\/tags?post=20529"}],"curies":[{"name":"wp","href":"https:\/\/api.w.org\/{rel}","templated":true}]}}