{"id":20771,"date":"2023-08-20T12:11:40","date_gmt":"2023-08-20T12:11:40","guid":{"rendered":"https:\/\/goroskop.tv\/sw\/varfor-ar-du-radd-for-att-gora-slut-med-dem\/"},"modified":"2023-08-20T12:11:40","modified_gmt":"2023-08-20T12:11:40","slug":"varfor-ar-du-radd-for-att-gora-slut-med-dem","status":"publish","type":"post","link":"https:\/\/goroskop.tv\/sw\/varfor-ar-du-radd-for-att-gora-slut-med-dem\/","title":{"rendered":"Varf\u00f6r \u00e4r du r\u00e4dd f\u00f6r att g\u00f6ra slut med dem,"},"content":{"rendered":"<p><\/p>\n<h2><span class=\"ez-toc-section\" id=\"Varfor_ar_du_radd_for_att_gora_slut_med_dem\"><\/span><span class=\"ez-toc-section\" id=\"Por_que_tienes_miedo_de_romper_con_ellos\"><\/span>  Varf\u00f6r \u00e4r du r\u00e4dd f\u00f6r att g\u00f6ra slut med dem,<span class=\"ez-toc-section-end\"><\/span><span class=\"ez-toc-section-end\"><\/span><\/h2>\n<p class=\"has-large-font-size\"><strong>januari<\/strong><\/p>\n<p>astrologiska prognoser<\/p>\n<p>Du \u00e4r r\u00e4dd f\u00f6r att g\u00f6ra slut med dem eftersom du \u00e4r sj\u00e4lvbel\u00e5ten med de m\u00e4nniskor du \u00e4lskar. <\/p>\n<p>  Man vill inte vara girig och be om vad <em>du<\/em> de vill eftersom deras k\u00e4nslor ocks\u00e5 spelar roll. <\/p>\n<p>  Du \u00e4r alltf\u00f6r bekymrad \u00f6ver vad som kommer att g\u00f6ra dem lyckliga och du \u00f6verv\u00e4ger inte vad som skulle g\u00f6ra dem lyckliga. <\/p>\n<p><em>du<\/em> Lycklig.<\/p>\n<p class=\"has-large-font-size\"><strong>februari<\/strong><\/p>\n<p>Du \u00e4r r\u00e4dd f\u00f6r att g\u00f6ra slut med dem eftersom du motst\u00e5r f\u00f6r\u00e4ndring i allm\u00e4nhet. <\/p>\n<p>  Du vill inte rubba din rutin. <\/p>\n<p>  Du vill inte uts\u00e4tta dig sj\u00e4lv f\u00f6r extra stress. <\/p>\n<p>  Du f\u00f6redrar att forts\u00e4tta g\u00f6ra det du g\u00f6r, \u00e4ven om det inte g\u00f6r dig lycklig.<\/p>\n<p class=\"has-large-font-size\"><strong>Mars<\/strong><\/p>\n<p>Du \u00e4r r\u00e4dd f\u00f6r att g\u00f6ra slut med dem eftersom du \u00e4r orolig f\u00f6r att du inte ska bli \u00e4lskad. <\/p>\n<p>  Du \u00e4r orolig att du aldrig kommer att hitta n\u00e5gon som v\u00e4rdes\u00e4tter och respekterar dig igen. <\/p>\n<p>  Du \u00e4r orolig att bli f\u00f6r\u00e4lskad var en lycktr\u00e4ff, ett eng\u00e5ngserbjudande, s\u00e5 du \u00e4r r\u00e4dd f\u00f6r att sl\u00e4ppa det.<\/p>\n<p class=\"has-large-font-size\"><strong>april<\/strong><\/p>\n<p>Du \u00e4r r\u00e4dd f\u00f6r att g\u00f6ra slut med dem eftersom ni har g\u00e5tt igenom mycket tillsammans. <\/p>\n<p>  En del av dig k\u00e4nner sig tvungen att stanna. <\/p>\n<p>  Du k\u00e4nner att du \u00e4r skyldig dem din tid och uppm\u00e4rksamhet. <\/p>\n<p>  Du k\u00e4nner att det vore moraliskt fel att dela s\u00e5 mycket historia. <\/p>\n<p>  Men du har alltid ett val. <\/p>\n<p>  Du \u00e4r aldrig fast d\u00e4r du \u00e4r.<\/p>\n<p class=\"has-large-font-size\"><strong>Burk<\/strong><\/p>\n<p>Du \u00e4r r\u00e4dd f\u00f6r att g\u00f6ra slut med dem eftersom du inte \u00e4r s\u00e4ker p\u00e5 att du kan hantera livet p\u00e5 egen hand. <\/p>\n<p>  Du \u00e4r inte s\u00e4ker p\u00e5 att du kan f\u00f6rs\u00f6rja dig sj\u00e4lv k\u00e4nslom\u00e4ssigt, fysiskt eller ekonomiskt. <\/p>\n<p>  Du \u00e4r r\u00e4dd f\u00f6r hur livet kommer att se ut utan en annan person som backar upp dig. <\/p>\n<p>  Men du klarar dig sj\u00e4lv. <\/p>\n<p>  Du kan \u00f6verleva detta.<\/p>\n<p class=\"has-large-font-size\"><strong>juni<\/strong><\/p>\n<p>Du \u00e4r r\u00e4dd f\u00f6r att g\u00f6ra slut med dem eftersom du inte \u00e4r helt s\u00e4ker p\u00e5 att det \u00e4r r\u00e4tt drag. <\/p>\n<p>  Du forts\u00e4tter att g\u00e5 fram och tillbaka, \u00f6vertygad om att du har det b\u00e4ttre utan dem, och sedan \u00f6vertygad om att du beh\u00f6ver dem f\u00f6r att \u00f6verleva. <\/p>\n<p>  Du kan inte best\u00e4mma dig och du vill inte \u00e5ngra dig p\u00e5 n\u00e5got s\u00e4tt.<\/p>\n<p class=\"has-large-font-size\"><strong>juli<\/strong><\/p>\n<p>Du \u00e4r r\u00e4dd f\u00f6r att g\u00f6ra slut med dem eftersom du inte orkar tanken p\u00e5 att g\u00e5 tillbaka till singellivet. <\/p>\n<p>  Du kommer aldrig att vilja g\u00e5 p\u00e5 f\u00f6rsta dejten igen. <\/p>\n<p>  Du vill inte riskera ditt hj\u00e4rta p\u00e5 fr\u00e4mlingar som f\u00f6rmodligen inte kommer att behandla dig som du f\u00f6rtj\u00e4nar. <\/p>\n<p>  Du vill inte g\u00e5 tillbaka till ruta ett.<\/p>\n<p class=\"has-large-font-size\"><strong>augusti<\/strong><\/p>\n<p>Du \u00e4r r\u00e4dd f\u00f6r att g\u00f6ra slut med dem eftersom du inte vill f\u00f6rklara dig f\u00f6r din familj och dina v\u00e4nner. <\/p>\n<p>  Du vill inte \u00e4ndra din relationsstatus p\u00e5 sociala medier eller radera alla dina parbilder tillsammans. <\/p>\n<p>  Du vill inte att andra ska d\u00f6ma dig f\u00f6r att du \u00e4r singel igen.<\/p>\n<p class=\"has-large-font-size\"><strong>september<\/strong><\/p>\n<p>Du \u00e4r r\u00e4dd f\u00f6r att g\u00f6ra slut med dem eftersom du vill att timingen ska vara r\u00e4tt. <\/p>\n<p>  Du vill hitta det perfekta \u00f6gonblicket f\u00f6r att ber\u00e4tta nyheterna f\u00f6r dem. <\/p>\n<p>  Du forts\u00e4tter att skjuta upp f\u00f6r att du vill att allt ska g\u00e5 bra, men uppbrott g\u00e5r aldrig bra.<\/p>\n<p class=\"has-large-font-size\"><strong>oktober<\/strong><\/p>\n<p>Du \u00e4r r\u00e4dd f\u00f6r att g\u00f6ra slut med dem f\u00f6r att du \u00e4r r\u00e4dd f\u00f6r konfrontation. <\/p>\n<p>  Du gillar inte att hantera obekv\u00e4ma k\u00e4nslor. <\/p>\n<p>  Du vill hellre sopa dem under mattan och l\u00e5tsas som att de inte finns. <\/p>\n<p>  Du \u00e4r r\u00e4dd f\u00f6r att ta upp dina riktiga tankar, r\u00e4dd f\u00f6r vad hans reaktion kommer att bli.<\/p>\n<p class=\"has-large-font-size\"><strong>november<\/strong><\/p>\n<p>Du \u00e4r r\u00e4dd f\u00f6r att g\u00f6ra slut med dem eftersom du verkligen bryr dig om dem. <\/p>\n<p>  Du vill verkligen inte skada dem. <\/p>\n<p>  Du f\u00f6rs\u00f6ker hantera situationen p\u00e5 ett s\u00e5 respektfullt och moget s\u00e4tt som m\u00f6jligt, men du k\u00e4nner att du g\u00e5r \u00f6verbord.<\/p>\n<p class=\"has-large-font-size\"><strong>december<\/strong><\/p>\n<p>Du \u00e4r r\u00e4dd f\u00f6r att g\u00f6ra slut med dem f\u00f6r att du hatar att s\u00e5ra dina k\u00e4nslor. <\/p>\n<p>  Du hatar att vara anledningen till att n\u00e5gon annan f\u00e4ller t\u00e5rar. <\/p>\n<p>  Du bryr dig om den h\u00e4r personen och du vill inte orsaka dem n\u00f6d. <\/p>\n<p>  Du vill inte f\u00e5 dem att lida, \u00e4ven n\u00e4r du vet att du har det b\u00e4ttre ifr\u00e5n varandra.<\/p>\n<p>Vi hoppas att du gillade v\u00e5r artikel Varf\u00f6r \u00e4r du r\u00e4dd f\u00f6r att g\u00f6ra slut med dem, och allt relaterat till horoskop, tarot, ritualer och allt relaterat&#8230;<\/p>\n<figure class=\"wp-block-table is-style-regular\">\n<\/figure>\n<p>Intressanta saker att veta inneb\u00f6rden: Horoskop  <\/p>\n<p>\u00c4ven h\u00e4r l\u00e4mnar vi \u00e4mnen relaterade till: Horoskop<\/p>\n<\/p>\n<p><\/p>\n<p>Vi hoppas att du gillade v\u00e5r artikel Varf\u00f6r \u00e4r du r\u00e4dd f\u00f6r att g\u00f6ra slut med dem,<br \/>\n och allt om horoskop, tarot, ritualer och allt relaterat till det &#8230;<\/p>\n<figure class=\"wp-block-table is-style-regular\">\n<table style=\"width: 284px; height: 157px;\">\n<tbody>\n<tr>\n<td class=\"has-text-align-center\" data-align=\"center\"><img loading=\"lazy\" decoding=\"async\" class=\"alignleft\" src=\" https:\/\/goroskop.tv\/wp-content\/uploads\/2023\/05\/horoscopodo12.jpg \" alt=\" Varf\u00f6r \u00e4r du r\u00e4dd f\u00f6r att g\u00f6ra slut med dem,\n \" width=\"65\" height=\"95\" title=\"\"><img loading=\"lazy\" decoding=\"async\" class=\"alignleft\" style=\"width: 60px;\" src=\" https:\/\/goroskop.tv\/wp-content\/uploads\/2023\/05\/horoscopodo11.jpg \" alt=\" Varf\u00f6r \u00e4r du r\u00e4dd f\u00f6r att g\u00f6ra slut med dem,\n \" width=\"195\" height=\"300\" title=\"\"><img decoding=\"async\" class=\"alignleft\" style=\"width: 60px;\" src=\" https:\/\/goroskop.tv\/wp-content\/uploads\/2023\/05\/horoscopodo10.jpg \" alt=\" Varf\u00f6r \u00e4r du r\u00e4dd f\u00f6r att g\u00f6ra slut med dem,\n \" title=\"\"><\/td>\n<\/tr>\n<\/tbody>\n<\/table>\n<\/figure>\n<p>Intressanta saker att veta inneb\u00f6rden: <a href=\"https:\/\/sv.wikipedia.org\/wiki\/Horoskop\" target=\"_blank\" rel=\"nofollow noopener\"> Horoskop <\/a> <\/p>\n<p>H\u00e4r l\u00e4mnar vi ocks\u00e5 \u00e4mnen relaterade till: <a href=\" https:\/\/goroskop.tv\/sw\/den-perfekta-kandispojkvannen-for-dig\/\">Horoskop<\/a> <\/p>\n<div id=\"ez-toc-container\" class=\"ez-toc-v2_0_82_2 ez-toc-wrap-center counter-hierarchy ez-toc-counter ez-toc-grey ez-toc-container-direction\">\n<div class=\"ez-toc-title-container\">\n<div class=\"ez-toc-title\" style=\"cursor:inherit\">Table of Contents<\/div>\n<span class=\"ez-toc-title-toggle\"><a href=\"#\" class=\"ez-toc-pull-right ez-toc-btn ez-toc-btn-xs ez-toc-btn-default ez-toc-toggle\" aria-label=\"Alternar tabla de contenidos\"><span class=\"ez-toc-js-icon-con\"><span class=\"\"><span class=\"eztoc-hide\" style=\"display:none;\">Toggle<\/span><span class=\"ez-toc-icon-toggle-span\"><svg style=\"fill: #999;color:#999\" xmlns=\"http:\/\/www.w3.org\/2000\/svg\" class=\"list-377408\" width=\"20px\" height=\"20px\" viewBox=\"0 0 24 24\" fill=\"none\"><path d=\"M6 6H4v2h2V6zm14 0H8v2h12V6zM4 11h2v2H4v-2zm16 0H8v2h12v-2zM4 16h2v2H4v-2zm16 0H8v2h12v-2z\" fill=\"currentColor\"><\/path><\/svg><svg style=\"fill: #999;color:#999\" class=\"arrow-unsorted-368013\" xmlns=\"http:\/\/www.w3.org\/2000\/svg\" width=\"10px\" height=\"10px\" viewBox=\"0 0 24 24\" version=\"1.2\" baseProfile=\"tiny\"><path d=\"M18.2 9.3l-6.2-6.3-6.2 6.3c-.2.2-.3.4-.3.7s.1.5.3.7c.2.2.4.3.7.3h11c.3 0 .5-.1.7-.3.2-.2.3-.5.3-.7s-.1-.5-.3-.7zM5.8 14.7l6.2 6.3 6.2-6.3c.2-.2.3-.5.3-.7s-.1-.5-.3-.7c-.2-.2-.4-.3-.7-.3h-11c-.3 0-.5.1-.7.3-.2.2-.3.5-.3.7s.1.5.3.7z\"\/><\/svg><\/span><\/span><\/span><\/a><\/span><\/div>\n<nav><ul class='ez-toc-list ez-toc-list-level-1 eztoc-toggle-hide-by-default' ><li class='ez-toc-page-1 ez-toc-heading-level-2'><a class=\"ez-toc-link ez-toc-heading-1\" href=\"https:\/\/goroskop.tv\/sw\/varfor-ar-du-radd-for-att-gora-slut-med-dem\/#Varfor_ar_du_radd_for_att_gora_slut_med_dem\" >Varf\u00f6r \u00e4r du r\u00e4dd f\u00f6r att g\u00f6ra slut med dem,<\/a><\/li><\/ul><\/nav><\/div>\n","protected":false},"excerpt":{"rendered":"<p>Varf\u00f6r \u00e4r du r\u00e4dd f\u00f6r att g\u00f6ra slut med dem, januari astrologiska prognoser Du \u00e4r r\u00e4dd f\u00f6r att g\u00f6ra slut med dem eftersom du \u00e4r sj\u00e4lvbel\u00e5ten med de m\u00e4nniskor du \u00e4lskar. Man vill inte vara girig och be om vad du de vill eftersom deras k\u00e4nslor ocks\u00e5 spelar roll. Du \u00e4r alltf\u00f6r bekymrad \u00f6ver vad &hellip;<\/p>\n","protected":false},"author":1,"featured_media":14,"comment_status":"closed","ping_status":"closed","sticky":false,"template":"","format":"standard","meta":{"footnotes":""},"categories":[2],"tags":[10,48,1235,7,58,79,1666,256,28],"class_list":["post-20771","post","type-post","status-publish","format-standard","has-post-thumbnail","hentry","category-horoskop","tag-ar","tag-att","tag-dem","tag-for","tag-gora","tag-med","tag-radd","tag-slut","tag-varfor"],"_links":{"self":[{"href":"https:\/\/goroskop.tv\/sw\/wp-json\/wp\/v2\/posts\/20771","targetHints":{"allow":["GET"]}}],"collection":[{"href":"https:\/\/goroskop.tv\/sw\/wp-json\/wp\/v2\/posts"}],"about":[{"href":"https:\/\/goroskop.tv\/sw\/wp-json\/wp\/v2\/types\/post"}],"author":[{"embeddable":true,"href":"https:\/\/goroskop.tv\/sw\/wp-json\/wp\/v2\/users\/1"}],"replies":[{"embeddable":true,"href":"https:\/\/goroskop.tv\/sw\/wp-json\/wp\/v2\/comments?post=20771"}],"version-history":[{"count":0,"href":"https:\/\/goroskop.tv\/sw\/wp-json\/wp\/v2\/posts\/20771\/revisions"}],"wp:featuredmedia":[{"embeddable":true,"href":"https:\/\/goroskop.tv\/sw\/wp-json\/wp\/v2\/media\/14"}],"wp:attachment":[{"href":"https:\/\/goroskop.tv\/sw\/wp-json\/wp\/v2\/media?parent=20771"}],"wp:term":[{"taxonomy":"category","embeddable":true,"href":"https:\/\/goroskop.tv\/sw\/wp-json\/wp\/v2\/categories?post=20771"},{"taxonomy":"post_tag","embeddable":true,"href":"https:\/\/goroskop.tv\/sw\/wp-json\/wp\/v2\/tags?post=20771"}],"curies":[{"name":"wp","href":"https:\/\/api.w.org\/{rel}","templated":true}]}}