{"id":20773,"date":"2023-08-20T12:13:59","date_gmt":"2023-08-20T12:13:59","guid":{"rendered":"https:\/\/goroskop.tv\/sw\/vilken-typ-av-dotter-du-ar-enligt-dig\/"},"modified":"2023-08-20T12:13:59","modified_gmt":"2023-08-20T12:13:59","slug":"vilken-typ-av-dotter-du-ar-enligt-dig","status":"publish","type":"post","link":"https:\/\/goroskop.tv\/sw\/vilken-typ-av-dotter-du-ar-enligt-dig\/","title":{"rendered":"Vilken typ av dotter du \u00e4r, enligt dig"},"content":{"rendered":"<p><\/p>\n<h2><span class=\"ez-toc-section\" id=\"Vilken_typ_av_dotter_du_ar_enligt_dig\"><\/span><span class=\"ez-toc-section\" id=\"El_tipo_de_hija_que_eres_segun_tu\"><\/span>  Vilken typ av dotter du \u00e4r, enligt dig<span class=\"ez-toc-section-end\"><\/span><span class=\"ez-toc-section-end\"><\/span><\/h2>\n<h2 class=\"wp-block-heading\"><span class=\"ez-toc-section\" id=\"januari\"><\/span><span class=\"ez-toc-section\" id=\"Enero\"><\/span>januari<span class=\"ez-toc-section-end\"><\/span><span class=\"ez-toc-section-end\"><\/span><\/h2>\n<p><strong>Du \u00e4r den sj\u00e4lvf\u00f6rs\u00f6rjande dottern.<\/strong> Dina f\u00f6r\u00e4ldrar beh\u00f6ver inte oroa dig s\u00e5 mycket f\u00f6r dig. <\/p>\n<p>  De vet att du har allt under kontroll. <\/p>\n<p>  De skulle fortfarande vilja att du kommer till dem med fr\u00e5gor s\u00e5 att de fortfarande kan k\u00e4nna den d\u00e4r far-dotter-kopplingen med dig n\u00e4r du forts\u00e4tter ditt liv som en kapabel vuxen. <\/p>\n<p>  Alla gillar att k\u00e4nna sig beh\u00f6vda.<\/p>\n<p>astrologiska prognoser<\/p>\n<h2 class=\"wp-block-heading\"><span class=\"ez-toc-section\" id=\"februari\"><\/span><span class=\"ez-toc-section\" id=\"Febrero\"><\/span>februari<span class=\"ez-toc-section-end\"><\/span><span class=\"ez-toc-section-end\"><\/span><\/h2>\n<p><strong>Du \u00e4r den frisinnade dottern.<\/strong> Du marscherar i din egen takt, vilket \u00e4r en v\u00e4lsignelse f\u00f6r att acceptera f\u00f6r\u00e4ldrar och lite irriterande f\u00f6r f\u00f6r\u00e4ldrar som vill att du ska h\u00e5lla fast vid status quo. <\/p>\n<p>  Framf\u00f6rallt kan man r\u00e4kna med att fatta beslut utifr\u00e5n k\u00e4nslor. <\/p>\n<p>  Dina f\u00f6r\u00e4ldrar kanske inte alltid f\u00f6rst\u00e5r detta, men f\u00f6rhoppningsvis kommer de att st\u00f6tta dig oavsett vad.<\/p>\n<h2 class=\"wp-block-heading\"><span class=\"ez-toc-section\" id=\"Mars\"><\/span><span class=\"ez-toc-section\" id=\"Marzo\"><\/span>Mars<span class=\"ez-toc-section-end\"><\/span><span class=\"ez-toc-section-end\"><\/span><\/h2>\n<p><strong>Du \u00e4r den ensamma dottern.<\/strong> N\u00e4r du var barn f\u00f6rs\u00f6kte dina f\u00f6r\u00e4ldrar antagligen bryta dig ur ditt skal, anm\u00e4la dig till klasser och ta dig till spel. <\/p>\n<p>  F\u00f6rhoppningsvis kommer de i vuxen \u00e5lder att ha insett att du bara \u00e4r en lugn, in\u00e5tv\u00e4nd bebis som inte beh\u00f6ver ett bullrigt liv f\u00f6r att k\u00e4nna sig uppfylld.<\/p>\n<h2 class=\"wp-block-heading\"><span class=\"ez-toc-section\" id=\"april\"><\/span><span class=\"ez-toc-section\" id=\"Abril\"><\/span>april<span class=\"ez-toc-section-end\"><\/span><span class=\"ez-toc-section-end\"><\/span><\/h2>\n<p><strong>Du \u00e4r den egensinniga dottern.<\/strong> Du \u00e4r inte r\u00e4dd f\u00f6r att s\u00e4ga din mening och k\u00e4mpa f\u00f6r de saker, stora som sm\u00e5, som du tror p\u00e5. <\/p>\n<p>Dina f\u00f6r\u00e4ldrar var f\u00f6rmodligen oroliga f\u00f6r att din mun skulle kunna f\u00e5 dig till problem som vuxen. <\/p>\n<p>  De skulle ber\u00e4tta f\u00f6r dig att din attityd skulle vara ett problem n\u00e4r du v\u00e4l g\u00e5r in i arbetskraften, men du kanske till slut har \u00f6vertygat dem om att det inte \u00e4r sant.<\/p>\n<h2 class=\"wp-block-heading\"><span class=\"ez-toc-section\" id=\"Burk\"><\/span><span class=\"ez-toc-section\" id=\"Puede\"><\/span>Burk<span class=\"ez-toc-section-end\"><\/span><span class=\"ez-toc-section-end\"><\/span><\/h2>\n<p><strong>Du \u00e4r den ombytliga dottern. <\/strong><\/p>\n<p>Du blir l\u00e4tt uttr\u00e5kad och mycket av din barndom spenderades med dina f\u00f6r\u00e4ldrar och f\u00f6rs\u00f6kte underh\u00e5lla dig sj\u00e4lv med konst, musik och \u00e4ventyr. <\/p>\n<p>  \u00c4ven om du kanske har slappnat av som vuxen, \u00e4r chansen stor att du fortfarande f\u00e5r listiga g\u00f6r-det-sj\u00e4lv-presenter fr\u00e5n dina semesterbost\u00e4der, och t\u00e4nker att du hellre g\u00f6r n\u00e5got \u00e4n att bli uttr\u00e5kad. <\/p>\n<h2 class=\"wp-block-heading\"><span class=\"ez-toc-section\" id=\"juni\"><\/span><span class=\"ez-toc-section\" id=\"Junio\"><\/span>juni<span class=\"ez-toc-section-end\"><\/span><span class=\"ez-toc-section-end\"><\/span><\/h2>\n<p><strong>Du \u00e4r den melankoliska dottern.<\/strong> Du \u00e4r v\u00e4ldigt k\u00e4nslom\u00e4ssig och ist\u00e4llet f\u00f6r att f\u00e5 massiva raserianfall, skulle du sl\u00e5 igen d\u00f6rren och gr\u00e5ta ensam i ditt rum. <\/p>\n<p>  Dina f\u00f6r\u00e4ldrar kunde inte alltid lista ut varf\u00f6r du var p\u00e5 d\u00e5ligt hum\u00f6r, men de kunde k\u00e4nna hur molnet str\u00e5lade av dig \u00e4ven n\u00e4r andra inte kunde. <\/p>\n<h2 class=\"wp-block-heading\"><span class=\"ez-toc-section\" id=\"juli\"><\/span><span class=\"ez-toc-section\" id=\"Julio\"><\/span>juli<span class=\"ez-toc-section-end\"><\/span><span class=\"ez-toc-section-end\"><\/span><\/h2>\n<p><strong>Du \u00e4r dottern till den k\u00e4nslom\u00e4ssiga berg-och-dalbanan.<\/strong> Du \u00e4r inte r\u00e4dd f\u00f6r att dela dina k\u00e4nslor, oavsett om de \u00e4r positiva eller negativa. <\/p>\n<p>  \u00c4ven om du inte g\u00f6r det med flit, flyttar din entusiasm eller depression bort fr\u00e5n dig och ber\u00f6r alla omkring dig. <\/p>\n<p>  Den d\u00e4r k\u00e4nslom\u00e4ssiga berg-och-dalbanan frustrerade dina f\u00f6r\u00e4ldrar o\u00e4ndligt, men det var \u00e5tminstone inte tr\u00e5kigt att uppfostra dig.<\/p>\n<h2 class=\"wp-block-heading\"><span class=\"ez-toc-section\" id=\"augusti\"><\/span><span class=\"ez-toc-section\" id=\"Agosto\"><\/span>augusti<span class=\"ez-toc-section-end\"><\/span><span class=\"ez-toc-section-end\"><\/span><\/h2>\n<p><strong>Du \u00e4r den familjefokuserade dottern.<\/strong> Du var alltid den som var v\u00e4rd f\u00f6r familjens filmkv\u00e4llar eller ville \u00e5ka p\u00e5 en resa med hela familjen. <\/p>\n<p>  Det kan ha uppr\u00f6rt dina br\u00f6der, men du brydde dig inte. <\/p>\n<p>  Som vuxen kommer du f\u00f6rmodligen att vara den som tar p\u00e5 dig rollen som v\u00e4rd f\u00f6r semesterevenemangen. <\/p>\n<p>  Allt \u00e4r trots allt b\u00e4ttre n\u00e4r de \u00e4r alla tillsammans.<\/p>\n<h2 class=\"wp-block-heading\"><span class=\"ez-toc-section\" id=\"september\"><\/span><span class=\"ez-toc-section\" id=\"Septiembre\"><\/span>september<span class=\"ez-toc-section-end\"><\/span><span class=\"ez-toc-section-end\"><\/span><\/h2>\n<p><strong>Du \u00e4r dottern som t\u00e4nker f\u00f6r mycket. <\/strong><\/p>\n<p>Dina f\u00f6r\u00e4ldrar skulle st\u00e4ndigt uppmuntra dig att f\u00f6lja med str\u00f6mmen eller ber\u00e4tta att situationen inte var s\u00e5 sv\u00e5r som du gjorde den ut att vara. <\/p>\n<p>  Det \u00e4r troligt att de \u00e4ntligen har accepterat att du \u00e4r en k\u00e4nslig sj\u00e4l som kan \u00e4gna din tid \u00e5t att oroa dig f\u00f6r mycket \u00f6ver vad andra m\u00e4nniskor tycker om dig.<\/p>\n<h2 class=\"wp-block-heading\"><span class=\"ez-toc-section\" id=\"oktober\"><\/span><span class=\"ez-toc-section\" id=\"Octubre\"><\/span>oktober<span class=\"ez-toc-section-end\"><\/span><span class=\"ez-toc-section-end\"><\/span><\/h2>\n<p><strong>Du \u00e4r den uppriktiga dottern.<\/strong> Det var du som st\u00e4llde fr\u00e5gor som barn och du ins\u00e5g inte ens att de var ol\u00e4mpliga. <\/p>\n<p>  Dina f\u00f6r\u00e4ldrar var tvungna att be om urs\u00e4kt f\u00f6r dig regelbundet eftersom din \u00e4rlighet skulle gr\u00e4nsa till of\u00f6rsk\u00e4md. <\/p>\n<p>  De kan oroa sig f\u00f6r att din kvickhet och f\u00f6rk\u00e4rlek f\u00f6r trots kan f\u00e5 dig i problem som vuxen.<\/p>\n<h2 class=\"wp-block-heading\"><span class=\"ez-toc-section\" id=\"november\"><\/span><span class=\"ez-toc-section\" id=\"Noviembre\"><\/span>november<span class=\"ez-toc-section-end\"><\/span><span class=\"ez-toc-section-end\"><\/span><\/h2>\n<p><strong>Du \u00e4r den empatiska dottern.<\/strong> Du \u00e4r v\u00e4ldigt inst\u00e4lld p\u00e5 andra m\u00e4nniskors k\u00e4nslor, s\u00e5 du kan ha hoppat p\u00e5 chansen att tr\u00f6sta dina syskon innan dina f\u00f6r\u00e4ldrar kunde s\u00e4ga att n\u00e5got var fel. <\/p>\n<p>  De oroar sig f\u00f6r att din empati och snabbhet att hj\u00e4lpa andra kan l\u00e4mna dig \u00f6ppen f\u00f6r att bli utnyttjad.<\/p>\n<h2 class=\"wp-block-heading\"><span class=\"ez-toc-section\" id=\"december\"><\/span><span class=\"ez-toc-section\" id=\"Diciembre\"><\/span>december<span class=\"ez-toc-section-end\"><\/span><span class=\"ez-toc-section-end\"><\/span><\/h2>\n<p><strong>Du \u00e4r dottern som tar risker. <\/strong><\/p>\n<p>Du t\u00e4nker inte s\u00e5 mycket p\u00e5 farorna innan du hoppar huvudstupa in i ett \u00e4ventyr eller ett livsavg\u00f6rande beslut. <\/p>\n<p>  Dina f\u00f6r\u00e4ldrar oroar dig f\u00f6r att din tur ska ta slut och l\u00e4mna dig med konsekvenserna av att ta risker. <\/p>\n<p>  De \u00e4r inte n\u00f6dv\u00e4ndigtvis f\u00f6rtjusta i tanken p\u00e5 att r\u00e4dda dig hela tiden.<\/p>\n<p>Vi hoppas att du gillade v\u00e5r artikel Vilken typ av dotter du \u00e4r, enligt dig, och allt relaterat till horoskop, tarot, ritualer och allt relaterat&#8230;<\/p>\n<figure class=\"wp-block-table is-style-regular\">\n<\/figure>\n<p>Intressanta saker att veta inneb\u00f6rden: Horoskop  <\/p>\n<p>\u00c4ven h\u00e4r l\u00e4mnar vi \u00e4mnen relaterade till: Horoskop<\/p>\n<\/p>\n<p><\/p>\n<p>Vi hoppas att du gillade v\u00e5r artikel Vilken typ av dotter du \u00e4r, enligt dig<br \/>\n och allt om horoskop, tarot, ritualer och allt relaterat till det &#8230;<\/p>\n<figure class=\"wp-block-table is-style-regular\">\n<table style=\"width: 284px; height: 157px;\">\n<tbody>\n<tr>\n<td class=\"has-text-align-center\" data-align=\"center\"><img loading=\"lazy\" decoding=\"async\" class=\"alignleft\" src=\" https:\/\/goroskop.tv\/wp-content\/uploads\/2023\/05\/horoscopodo12.jpg \" alt=\" Vilken typ av dotter du \u00e4r, enligt dig\n \" width=\"65\" height=\"95\" title=\"\"><img loading=\"lazy\" decoding=\"async\" class=\"alignleft\" style=\"width: 60px;\" src=\" https:\/\/goroskop.tv\/wp-content\/uploads\/2023\/05\/horoscopodo11.jpg \" alt=\" Vilken typ av dotter du \u00e4r, enligt dig\n \" width=\"195\" height=\"300\" title=\"\"><img decoding=\"async\" class=\"alignleft\" style=\"width: 60px;\" src=\" https:\/\/goroskop.tv\/wp-content\/uploads\/2023\/05\/horoscopodo10.jpg \" alt=\" Vilken typ av dotter du \u00e4r, enligt dig\n \" title=\"\"><\/td>\n<\/tr>\n<\/tbody>\n<\/table>\n<\/figure>\n<p>Intressanta saker att veta inneb\u00f6rden: <a href=\"https:\/\/sv.wikipedia.org\/wiki\/Horoskop\" target=\"_blank\" rel=\"nofollow noopener\"> Horoskop <\/a> <\/p>\n<p>H\u00e4r l\u00e4mnar vi ocks\u00e5 \u00e4mnen relaterade till: <a href=\" https:\/\/goroskop.tv\/sw\/den-perfekta-kandispojkvannen-for-dig\/\">Horoskop<\/a> <\/p>\n<div id=\"ez-toc-container\" class=\"ez-toc-v2_0_82_2 ez-toc-wrap-center counter-hierarchy ez-toc-counter ez-toc-grey ez-toc-container-direction\">\n<div class=\"ez-toc-title-container\">\n<div class=\"ez-toc-title\" style=\"cursor:inherit\">Table of Contents<\/div>\n<span class=\"ez-toc-title-toggle\"><a href=\"#\" class=\"ez-toc-pull-right ez-toc-btn ez-toc-btn-xs ez-toc-btn-default ez-toc-toggle\" aria-label=\"Alternar tabla de contenidos\"><span class=\"ez-toc-js-icon-con\"><span class=\"\"><span class=\"eztoc-hide\" style=\"display:none;\">Toggle<\/span><span class=\"ez-toc-icon-toggle-span\"><svg style=\"fill: #999;color:#999\" xmlns=\"http:\/\/www.w3.org\/2000\/svg\" class=\"list-377408\" width=\"20px\" height=\"20px\" viewBox=\"0 0 24 24\" fill=\"none\"><path d=\"M6 6H4v2h2V6zm14 0H8v2h12V6zM4 11h2v2H4v-2zm16 0H8v2h12v-2zM4 16h2v2H4v-2zm16 0H8v2h12v-2z\" fill=\"currentColor\"><\/path><\/svg><svg style=\"fill: #999;color:#999\" class=\"arrow-unsorted-368013\" xmlns=\"http:\/\/www.w3.org\/2000\/svg\" width=\"10px\" height=\"10px\" viewBox=\"0 0 24 24\" version=\"1.2\" baseProfile=\"tiny\"><path d=\"M18.2 9.3l-6.2-6.3-6.2 6.3c-.2.2-.3.4-.3.7s.1.5.3.7c.2.2.4.3.7.3h11c.3 0 .5-.1.7-.3.2-.2.3-.5.3-.7s-.1-.5-.3-.7zM5.8 14.7l6.2 6.3 6.2-6.3c.2-.2.3-.5.3-.7s-.1-.5-.3-.7c-.2-.2-.4-.3-.7-.3h-11c-.3 0-.5.1-.7.3-.2.2-.3.5-.3.7s.1.5.3.7z\"\/><\/svg><\/span><\/span><\/span><\/a><\/span><\/div>\n<nav><ul class='ez-toc-list ez-toc-list-level-1 eztoc-toggle-hide-by-default' ><li class='ez-toc-page-1 ez-toc-heading-level-2'><a class=\"ez-toc-link ez-toc-heading-1\" href=\"https:\/\/goroskop.tv\/sw\/vilken-typ-av-dotter-du-ar-enligt-dig\/#Vilken_typ_av_dotter_du_ar_enligt_dig\" >Vilken typ av dotter du \u00e4r, enligt dig<\/a><\/li><li class='ez-toc-page-1 ez-toc-heading-level-2'><a class=\"ez-toc-link ez-toc-heading-2\" href=\"https:\/\/goroskop.tv\/sw\/vilken-typ-av-dotter-du-ar-enligt-dig\/#januari\" >januari<\/a><\/li><li class='ez-toc-page-1 ez-toc-heading-level-2'><a class=\"ez-toc-link ez-toc-heading-3\" href=\"https:\/\/goroskop.tv\/sw\/vilken-typ-av-dotter-du-ar-enligt-dig\/#februari\" >februari<\/a><\/li><li class='ez-toc-page-1 ez-toc-heading-level-2'><a class=\"ez-toc-link ez-toc-heading-4\" href=\"https:\/\/goroskop.tv\/sw\/vilken-typ-av-dotter-du-ar-enligt-dig\/#Mars\" >Mars<\/a><\/li><li class='ez-toc-page-1 ez-toc-heading-level-2'><a class=\"ez-toc-link ez-toc-heading-5\" href=\"https:\/\/goroskop.tv\/sw\/vilken-typ-av-dotter-du-ar-enligt-dig\/#april\" >april<\/a><\/li><li class='ez-toc-page-1 ez-toc-heading-level-2'><a class=\"ez-toc-link ez-toc-heading-6\" href=\"https:\/\/goroskop.tv\/sw\/vilken-typ-av-dotter-du-ar-enligt-dig\/#Burk\" >Burk<\/a><\/li><li class='ez-toc-page-1 ez-toc-heading-level-2'><a class=\"ez-toc-link ez-toc-heading-7\" href=\"https:\/\/goroskop.tv\/sw\/vilken-typ-av-dotter-du-ar-enligt-dig\/#juni\" >juni<\/a><\/li><li class='ez-toc-page-1 ez-toc-heading-level-2'><a class=\"ez-toc-link ez-toc-heading-8\" href=\"https:\/\/goroskop.tv\/sw\/vilken-typ-av-dotter-du-ar-enligt-dig\/#juli\" >juli<\/a><\/li><li class='ez-toc-page-1 ez-toc-heading-level-2'><a class=\"ez-toc-link ez-toc-heading-9\" href=\"https:\/\/goroskop.tv\/sw\/vilken-typ-av-dotter-du-ar-enligt-dig\/#augusti\" >augusti<\/a><\/li><li class='ez-toc-page-1 ez-toc-heading-level-2'><a class=\"ez-toc-link ez-toc-heading-10\" href=\"https:\/\/goroskop.tv\/sw\/vilken-typ-av-dotter-du-ar-enligt-dig\/#september\" >september<\/a><\/li><li class='ez-toc-page-1 ez-toc-heading-level-2'><a class=\"ez-toc-link ez-toc-heading-11\" href=\"https:\/\/goroskop.tv\/sw\/vilken-typ-av-dotter-du-ar-enligt-dig\/#oktober\" >oktober<\/a><\/li><li class='ez-toc-page-1 ez-toc-heading-level-2'><a class=\"ez-toc-link ez-toc-heading-12\" href=\"https:\/\/goroskop.tv\/sw\/vilken-typ-av-dotter-du-ar-enligt-dig\/#november\" >november<\/a><\/li><li class='ez-toc-page-1 ez-toc-heading-level-2'><a class=\"ez-toc-link ez-toc-heading-13\" href=\"https:\/\/goroskop.tv\/sw\/vilken-typ-av-dotter-du-ar-enligt-dig\/#december\" >december<\/a><\/li><\/ul><\/nav><\/div>\n","protected":false},"excerpt":{"rendered":"<p>Vilken typ av dotter du \u00e4r, enligt dig januari Du \u00e4r den sj\u00e4lvf\u00f6rs\u00f6rjande dottern. Dina f\u00f6r\u00e4ldrar beh\u00f6ver inte oroa dig s\u00e5 mycket f\u00f6r dig. De vet att du har allt under kontroll. De skulle fortfarande vilja att du kommer till dem med fr\u00e5gor s\u00e5 att de fortfarande kan k\u00e4nna den d\u00e4r far-dotter-kopplingen med dig n\u00e4r &hellip;<\/p>\n","protected":false},"author":1,"featured_media":72,"comment_status":"closed","ping_status":"closed","sticky":false,"template":"","format":"standard","meta":{"footnotes":""},"categories":[2],"tags":[10,14,1584,19,314,86],"class_list":["post-20773","post","type-post","status-publish","format-standard","has-post-thumbnail","hentry","category-horoskop","tag-ar","tag-dig","tag-dotter","tag-enligt","tag-typ","tag-vilken"],"_links":{"self":[{"href":"https:\/\/goroskop.tv\/sw\/wp-json\/wp\/v2\/posts\/20773","targetHints":{"allow":["GET"]}}],"collection":[{"href":"https:\/\/goroskop.tv\/sw\/wp-json\/wp\/v2\/posts"}],"about":[{"href":"https:\/\/goroskop.tv\/sw\/wp-json\/wp\/v2\/types\/post"}],"author":[{"embeddable":true,"href":"https:\/\/goroskop.tv\/sw\/wp-json\/wp\/v2\/users\/1"}],"replies":[{"embeddable":true,"href":"https:\/\/goroskop.tv\/sw\/wp-json\/wp\/v2\/comments?post=20773"}],"version-history":[{"count":0,"href":"https:\/\/goroskop.tv\/sw\/wp-json\/wp\/v2\/posts\/20773\/revisions"}],"wp:featuredmedia":[{"embeddable":true,"href":"https:\/\/goroskop.tv\/sw\/wp-json\/wp\/v2\/media\/72"}],"wp:attachment":[{"href":"https:\/\/goroskop.tv\/sw\/wp-json\/wp\/v2\/media?parent=20773"}],"wp:term":[{"taxonomy":"category","embeddable":true,"href":"https:\/\/goroskop.tv\/sw\/wp-json\/wp\/v2\/categories?post=20773"},{"taxonomy":"post_tag","embeddable":true,"href":"https:\/\/goroskop.tv\/sw\/wp-json\/wp\/v2\/tags?post=20773"}],"curies":[{"name":"wp","href":"https:\/\/api.w.org\/{rel}","templated":true}]}}