{"id":2103,"date":"2023-07-21T04:46:17","date_gmt":"2023-07-21T04:46:17","guid":{"rendered":"https:\/\/goroskop.tv\/sw\/10-anledningar-till-varfor-dina-manifestationer-inte-gor-det\/"},"modified":"2023-07-21T04:46:17","modified_gmt":"2023-07-21T04:46:17","slug":"10-anledningar-till-varfor-dina-manifestationer-inte-gor-det","status":"publish","type":"post","link":"https:\/\/goroskop.tv\/sw\/10-anledningar-till-varfor-dina-manifestationer-inte-gor-det\/","title":{"rendered":"10 anledningar till varf\u00f6r dina manifestationer inte g\u00f6r det"},"content":{"rendered":"<p><\/p>\n<h2><span class=\"ez-toc-section\" id=\"10_anledningar_till_varfor_dina_demonstrationer_inte_ar_det\"><\/span><span class=\"ez-toc-section\" id=\"10_razones_por_las_que_tus_manifestaciones_no_lo_son\"><\/span>  10 anledningar till varf\u00f6r dina demonstrationer inte \u00e4r det<span class=\"ez-toc-section-end\"><\/span><span class=\"ez-toc-section-end\"><\/span><\/h2>\n<figure class=\"wp-block-image aligncenter size-full\"><\/figure>\n<p>Manifestering har blivit s\u00e5 popul\u00e4rt av den enkla anledningen att det fungerar. <\/p>\n<p>  Faktum \u00e4r att du har makten att skapa din verklighet n\u00e4r du \u00e4r medveten om de lagar som g\u00e4ller. <\/p>\n<p>  Dina tankar, ord, \u00f6vertygelser och handlingar skapar din frekvens och lockar specifika upplevelser in i ditt liv. <\/p>\n<p>N\u00e4r du l\u00e4r dig att anpassa din vibration och frekvens med den \u00f6nskade verkligheten, b\u00f6rjar dina dr\u00f6mmar att g\u00e5 i uppfyllelse. <\/p>\n<p>  Ibland kommer du att undra om det fungerar och om du g\u00f6r det r\u00e4tt. <\/p>\n<p>Vad ska du g\u00f6ra och vara uppm\u00e4rksam p\u00e5 n\u00e4r du k\u00e4nner att din manifestation inte fungerar?<\/p>\n<p><strong>En vanlig orsak till att manifestation inte fungerar \u00e4r begr\u00e4nsande \u00f6vertygelser. <\/strong><\/p>\n<p>  Om du tvivlar p\u00e5 dig sj\u00e4lv eller h\u00e5ller f\u00f6rbittring, saktar det ner dina manifestationsanstr\u00e4ngningar. <\/p>\n<p>  N\u00e4r du inte ser dina talanger, lever i en bristande medvetenhet och underskattar dig sj\u00e4lv, kan det f\u00f6rhindra att dina manifestationer blir verklighet.<\/p>\n<p><em>Oavsett anledningen till att dina manifestationer inte fungerar, finns det ett s\u00e4tt att v\u00e4nda och korrigera dessa m\u00f6nster.  L\u00e4s vidare f\u00f6r att hitta de mest troliga orsakerna till att dina rallyn inte fungerar och vad du ska g\u00f6ra \u00e5t det!<\/em><\/p>\n<h2 class=\"wp-block-heading\"><span class=\"ez-toc-section\" id=\"10_skal_till_varfor_din_demonstration_kanske_inte_fungerar\"><\/span><span class=\"ez-toc-section\" id=\"10_razones_por_las_que_tu_manifestacion_podria_no_estar_funcionando\"><\/span>10 sk\u00e4l till varf\u00f6r din demonstration kanske inte fungerar<span class=\"ez-toc-section-end\"><\/span><span class=\"ez-toc-section-end\"><\/span><\/h2>\n<figure class=\"wp-block-image aligncenter size-full\"><\/figure>\n<p>Att medvetet manifestera inneb\u00e4r att man medvetet v\u00e4ljer sina tankar, ord, \u00f6vertygelser och handlingar f\u00f6r att anpassa sig till den verklighet som du mest \u00f6nskar. <\/p>\n<p>Det kan tyckas vara sv\u00e5rt till en b\u00f6rjan, eftersom vi \u00e4r betingade att tro att v\u00e5ra \u00f6vertygelser \u00e4r reflektioner av \u00abobjektiv verklighet\u00bb. <\/p>\n<p>  Men det \u00e4r mer komplicerat \u00e4n s\u00e5. <\/p>\n<p>  Var och en av oss upplever en annan verklighet. <\/p>\n<p>\u00c4ven n\u00e4r tv\u00e5 personer \u00e4r i samma rum, uppfattar var och en verklighet ur sin synvinkel, var och en genom sin lins.<\/p>\n<p>N\u00e4r din manifestation inte fungerar kan du beh\u00f6va \u00e4ndra ditt fokus och rena din uppfattning. <\/p>\n<p>  N\u00e4r din uppfattning och ditt fokus f\u00f6r\u00e4ndras, s\u00e5 kommer din verklighet att f\u00f6r\u00e4ndras!<\/p>\n<h3 class=\"wp-block-heading\"><span class=\"ez-toc-section\" id=\"1\"><\/span><span class=\"ez-toc-section\" id=\"1_Tienes_creencias_limitantes\"><\/span>1. <span class=\"ez-toc-section-end\"><\/span><\/h3>\n<p>du har begr\u00e4nsande \u00f6vertygelser<span class=\"ez-toc-section-end\"><\/span>\n<\/p>\n<p>Vi antar v\u00e5ra \u00f6vertygelser under hela v\u00e5rt liv, fr\u00e5n en mycket tidig \u00e5lder. <\/p>\n<p>  De flesta av v\u00e5ra \u00f6vertygelser \u00e4r gjutna och helt formade vid \u00e5tta \u00e5rs \u00e5lder och till och med innan vi f\u00f6ds.<\/p>\n<p>V\u00e5r tro conformar linsen genom vilken vi ser p\u00e5 v\u00e4rlden. <\/p>\n<p>  V\u00e5r \u00f6vertygelse informerar v\u00e5ra k\u00e4nslor, och k\u00e4nslor conformar v\u00e5r frekvens som lockar upplevelser in i v\u00e5ra liv. <\/p>\n<p>Det \u00e4r s\u00e5 v\u00e5r tro conformar v\u00e5r verklighet. <\/p>\n<p>  N\u00e4r dina manifestationer inte fungerar \u00e4r chansen stor att begr\u00e4nsande \u00f6vertygelser h\u00e5ller dig tillbaka.<\/p>\n<p>Det betyder att \u00e4ven om du vill manifestera dina \u00f6nskningar kan en del av dig tro att resurserna \u00e4r knappa, att du inte \u00e4r v\u00e4rd att lyckas eller att andra \u00e4r mer beg\u00e5vade \u00e4n du. <\/p>\n<p>Inget av detta \u00e4r sant och det \u00e4r bara ditt sinne som ber\u00e4ttar en historia baserad p\u00e5 vad du har upplevt tidigare. <\/p>\n<p>  Bara f\u00f6r att n\u00e5got verkade sant i ditt f\u00f6rflutna, beh\u00f6ver det inte vara sant i din framtid och i ditt nuvarande \u00f6gonblick. <\/p>\n<p>S\u00e5 fort du \u00e4ndrar din tro kommer din verklighet ocks\u00e5 att f\u00f6r\u00e4ndras!<\/p>\n<h3 class=\"wp-block-heading\"><span class=\"ez-toc-section\" id=\"2\"><\/span><span class=\"ez-toc-section\" id=\"2_Dudas_de_ti_mismo\"><\/span>2. <span class=\"ez-toc-section-end\"><\/span><\/h3>\n<p>du tvivlar p\u00e5 dig sj\u00e4lv<span class=\"ez-toc-section-end\"><\/span>\n<\/p>\n<p>Om du har misslyckats tidigare \u00e4r det l\u00e4tt att b\u00f6rja tvivla p\u00e5 om du \u00e4r kapabel att n\u00e5 stora h\u00f6jder. <\/p>\n<p>Om du tvivlar p\u00e5 din f\u00f6rm\u00e5ga att lyckas eller din f\u00f6rm\u00e5ga att manifestera din \u00f6nskade verklighet, kom ih\u00e5g att du manifesterar varje \u00f6gonblick av ditt liv, \u00e4ven om du g\u00f6r det omedvetet. <\/p>\n<p>Att manifestera ditt \u00f6nskade liv inneb\u00e4r att flytta ditt fokus och b\u00f6rja medvetet och medvetet skapa ist\u00e4llet f\u00f6r att till\u00e5ta dig sj\u00e4lv att flyta nerf\u00f6r floden och p\u00e5verkas av allt runt omkring dig.<\/p>\n<h3 class=\"wp-block-heading\"><span class=\"ez-toc-section\" id=\"3\"><\/span><span class=\"ez-toc-section\" id=\"3_Sientes_envidia\"><\/span>3. <span class=\"ez-toc-section-end\"><\/span><\/h3>\n<p>du k\u00e4nner avund<span class=\"ez-toc-section-end\"><\/span>\n<\/p>\n<p>Du kan inte locka till dig livserfarenheter som du inte vill ha f\u00f6r andra. <\/p>\n<p>  Om du vill lyckas samtidigt som du ser andra misslyckas \u00e4r du omedveten om att du \u00e4r en del av universum, och n\u00e4r n\u00e5gon lyckas lyckas vi alla kollektivt. <\/p>\n<p>Om du har ett konkurrenst\u00e4nk, f\u00f6rs\u00f6k att \u00e4ndra ditt tankes\u00e4tt fr\u00e5n att konkurrera med andra till att konkurrera med ditt tidigare jag.<\/p>\n<p>N\u00e4r du b\u00f6rjar se p\u00e5 livet p\u00e5 det h\u00e4r s\u00e4ttet kommer du att bli imponerad av alla sm\u00e5 f\u00f6rb\u00e4ttringar i ditt liv som du kanske har tagit f\u00f6r givna. <\/p>\n<p>Ju mer du b\u00f6rjar m\u00e4rka dina framsteg och tackar dig sj\u00e4lv f\u00f6r varje litet steg du tar, desto mer kommer det att st\u00e4mma \u00f6verens med de efectiva upplevelser du f\u00f6rs\u00f6ker manifestera.<\/p>\n<h3 class=\"wp-block-heading\"><span class=\"ez-toc-section\" id=\"4\"><\/span>4. <\/p>\n<span class=\"ez-toc-section-end\"><\/span><\/h3>\n<p>du har f\u00f6rbittring\n<\/p>\n<p>Det har ofta sagts att att hysa agg \u00e4r som att dricka gift och v\u00e4nta p\u00e5 att den andra presenten ska d\u00f6. <\/p>\n<p>Faktum \u00e4r att du kanske har g\u00e5tt igenom sv\u00e5ra och sm\u00e4rtsamma upplevelser, men ju mer du h\u00e5ller fast vid dem och idisslar, desto mer negativitet lockar du in i ditt liv. <\/p>\n<p>Om du k\u00e4nner agg, trots att den andra presenten har misshandlat dig, lever du med offermedvetenhet och visar universum att du inte \u00e4r den medvetna skaparen av din verklighet.<\/p>\n<h3 class=\"wp-block-heading\"><span class=\"ez-toc-section\" id=\"5\"><\/span>5. <\/p>\n<span class=\"ez-toc-section-end\"><\/span><\/h3>\n<p>du litar inte p\u00e5 universum\n<\/p>\n<p>Att lita p\u00e5 universum \u00e4r nyckeln n\u00e4r man manifesterar. <\/p>\n<p>  N\u00e4r du litar p\u00e5 universum betyder det att du \u00e4r medveten om att du \u00e4r en del av universum. <\/p>\n<p>N\u00e4r du ser dig sj\u00e4lv som ett \u00e4lskat barn av universum som \u00e4r oskiljaktigt fr\u00e5n det, vet du att du alltid kommer att v\u00e5rdas och f\u00f6rs\u00f6rjas. <\/p>\n<p>  Det kan helt enkelt inte vara annorlunda. <\/p>\n<p>N\u00e4r du tvivlar p\u00e5 det betyder det att du tror p\u00e5 illusionen av separation och du har tanken att du m\u00e5ste k\u00e4mpa f\u00f6r allt och att du \u00e4r ensam. <\/p>\n<p>Det \u00e4r en vanlig missuppfattning eftersom vi alla uppfattar oss sj\u00e4lva som separata individer, men vi \u00e4r alla sammankopplade p\u00e5 en energisk niv\u00e5. <\/p>\n<p>  N\u00e4r du kommer tillbaka till denna f\u00f6rst\u00e5else \u00f6ppnar du upp dig f\u00f6r att Universum ska ge dig dess v\u00e4lsignelser.<\/p>\n<h3 class=\"wp-block-heading\"><span class=\"ez-toc-section\" id=\"6\"><\/span><span class=\"ez-toc-section\" id=\"6_No_ves_los_regalos_que_ya_tienes\"><\/span>6. <span class=\"ez-toc-section-end\"><\/span><\/h3>\n<p>Du ser inte de g\u00e5vor du redan har<span class=\"ez-toc-section-end\"><\/span>\n<\/p>\n<p>Det \u00e4r l\u00e4tt att g\u00e5 vilse n\u00e4r du t\u00e4nker p\u00e5 de saker du fortfarande vill ha och hur du vill f\u00f6rb\u00e4ttra dig sj\u00e4lv och ditt liv. <\/p>\n<p>Men nyckeln till att manifestera \u00e4r att k\u00e4nna igen och vara medveten om de saker du redan har. <\/p>\n<p>  Om du gav n\u00e5gon en g\u00e5va och de inte uppskattade det, skulle du vilja ge dem fler presenter? <\/p>\n<p>T\u00e4nk p\u00e5 universum p\u00e5 samma s\u00e4tt: visa uppskattning och tacksamhet och l\u00e5t det ta \u00f6ver, och fler v\u00e4lsignelser \u00e4r p\u00e5 v\u00e4g!<\/p>\n<h3 class=\"wp-block-heading\"><span class=\"ez-toc-section\" id=\"7\"><\/span><span class=\"ez-toc-section\" id=\"7_Vives_en_la_falta_de_conciencia\"><\/span>7. <span class=\"ez-toc-section-end\"><\/span><\/h3>\n<p>Du lever i bristande samvete<span class=\"ez-toc-section-end\"><\/span>\n<\/p>\n<p>Bristande medvetenhet \u00e4r ett mycket vanligt problem. <\/p>\n<p>N\u00e4r vi inte hade nog av n\u00e5got som barn, oavsett om det var k\u00e4rlek, acceptans, leksaker eller kl\u00e4der, eller n\u00e4r vi s\u00e5g att andra hade mer \u00e4n vi, kan vi ha fallit in i tron \u200b\u200batt det inte r\u00e4cker f\u00f6r alla eller vem som helst.  Du m\u00e5ste f\u00f6rlora f\u00f6r att n\u00e5gon annan ska vinna. <\/p>\n<p>Det \u00e4r inte sant!<\/p>\n<p>Universum \u00e4r rikligt, och det finns absolut tillr\u00e4ckligt med allt du beh\u00f6ver. <\/p>\n<p>  N\u00e4r du g\u00e5r fr\u00e5n en bristmentalitet till ett \u00f6verfl\u00f6dsmedvetande i ditt t\u00e4nkande, kommer din verklighet att \u00e5terspegla det.<\/p>\n<h3 class=\"wp-block-heading\"><span class=\"ez-toc-section\" id=\"8\"><\/span><span class=\"ez-toc-section\" id=\"8_No_te_tratas_con_amor\"><\/span>8. <span class=\"ez-toc-section-end\"><\/span><\/h3>\n<p>du behandlar dig inte med k\u00e4rlek<span class=\"ez-toc-section-end\"><\/span>\n<\/p>\n<p>Alltf\u00f6r ofta tror vi att vi kommer att behandla oss sj\u00e4lva v\u00e4l n\u00e4r allt faller p\u00e5 plats. <\/p>\n<p>  Vi tror att vi kommer att k\u00f6pa vackra kl\u00e4der n\u00e4r vi har g\u00e5tt ner i vikt eller laga en god m\u00e5ltid bara n\u00e4r vi \u00e4r tillsammans med n\u00e5gon. <\/p>\n<p>Detta \u00e4r ett felaktigt tankes\u00e4tt eftersom det visar universum att du tror att du inte \u00e4r v\u00e4rd att bli behandlad med v\u00e4nlighet och k\u00e4rlek, precis som du \u00e4r just nu.<\/p>\n<p>V\u00e4nd det h\u00e4r m\u00f6nstret genom att visa k\u00e4rlek och omsorg om dig sj\u00e4lv. <\/p>\n<p>Ta en dejt, starta en h\u00e1bito du har skjutit upp och g\u00f6r saker f\u00f6r ren njutning utan resultat i \u00e5tanke, s\u00e5 kommer du att bli f\u00f6rv\u00e5nad \u00f6ver hur snabbt dina manifestationer b\u00f6rjar bli verklighet! <\/p>\n<p>Ju mer du uppskattar dig sj\u00e4lv, desto mer kommer universum att ge dig mirakel.<\/p>\n<h3 class=\"wp-block-heading\"><span class=\"ez-toc-section\" id=\"9\"><\/span><span class=\"ez-toc-section\" id=\"9_No_estas_comprometido\"><\/span>9. <span class=\"ez-toc-section-end\"><\/span><\/h3>\n<p>du \u00e4r inte f\u00f6rlovad<span class=\"ez-toc-section-end\"><\/span>\n<\/p>\n<p>Om du g\u00f6r en manifestationsritual eller ber\u00e4ttar om dina affirmationer och sedan \u00e5terg\u00e5r till negativt t\u00e4nkande och b\u00f6rjar tvivla p\u00e5 manifestationsprocessen, tar du ett steg fram\u00e5t och tv\u00e5 steg tillbaka. <\/p>\n<p>Det \u00e4r ett mycket vanligt misstag eftersom det kr\u00e4ver att nya neurala f\u00f6rbindelser uppr\u00e4ttas f\u00f6r att du ska tro att du \u00e4r v\u00e4rdig att uppn\u00e5 dina m\u00e5l och manifestera dina dr\u00f6mmar. <\/p>\n<p>  Men med tro och t\u00e5lamod \u00e4r allt m\u00f6jligt. <\/p>\n<p>G\u00f6r ett fullt engagemang f\u00f6r att manifestera den verklighet du \u00f6nskar, och meditera om dina tankar och tvivel b\u00f6rjar st\u00f6ra dig.<\/p>\n<h3 class=\"wp-block-heading\"><span class=\"ez-toc-section\" id=\"10\"><\/span><span class=\"ez-toc-section\" id=\"10_Tus_afirmaciones_no_estan_redactadas_correctamente\"><\/span>10. <span class=\"ez-toc-section-end\"><\/span><\/h3>\n<p>Dina p\u00e5st\u00e5enden \u00e4r inte korrekt formulerade<span class=\"ez-toc-section-end\"><\/span>\n<\/p>\n<p>Det \u00e4r viktigt att dina affirmationer \u00e4r korrekt formulerade och att du inte f\u00f6rs\u00f6ker skjuta upp ditt undermedvetna. <\/p>\n<p>Till exempel, ja du \u00e4r pank men du s\u00e4ger som en bekr\u00e4ftelse: \u00abJag \u00e4r rik och jag bor i en herrg\u00e5rd\u00bb, ditt undermedvetna kommer att bli kr\u00e4nkt och kommer inte att svara p\u00e5 n\u00e5got som \u00e4r en l\u00f6gn.<\/p>\n<p>F\u00f6rs\u00f6k ist\u00e4llet att plantera sm\u00e5 fr\u00f6n som har potential att absorberas och v\u00e4xa i ditt undermedvetna. <\/p>\n<p>  Ist\u00e4llet kan du v\u00e4lja att s\u00e4ga: \u00abUniversum \u00e4r rikligt och tar hand om mig. <\/p>\n<p>  \u00d6verfl\u00f6d finns runt omkring mig. <\/p>\n<p>Detta kommer l\u00e5ngsamt att programmera om din uppfattning och l\u00e5ta dig l\u00e4gga m\u00e4rke till de g\u00e5vor som faktiskt redan finns runt dig.<\/p>\n<h2 class=\"wp-block-heading\"><span class=\"ez-toc-section\" id=\"Sammanfattning\"><\/span><span class=\"ez-toc-section\" id=\"Resumen\"><\/span>Sammanfattning<span class=\"ez-toc-section-end\"><\/span><span class=\"ez-toc-section-end\"><\/span><\/h2>\n<p>Manifestering \u00e4r en sp\u00e4nnande resa som kan hj\u00e4lpa dig att leva ditt b\u00e4sta liv. <\/p>\n<p>  N\u00e4r du g\u00f6r det med fullt sj\u00e4lvf\u00f6rtroende har det potentialen att helt f\u00f6r\u00e4ndra ditt s\u00e4tt att se p\u00e5 livet och t\u00e4nka p\u00e5 saker och ting. <\/p>\n<p>N\u00e4r ditt sinne omprogrammeras och linsen f\u00f6r din perception rensas, kommer du att m\u00e4rka en helt ny v\u00e4rld omkring dig. <\/p>\n<p>  Att manifestera f\u00f6r\u00e4ndrar din inre v\u00e4rld och din yttre v\u00e4rld.<\/p>\n<p>Om n\u00e5got inte verkar fungera hj\u00e4lper dessa consejos dig att hitta svaret och l\u00f6sningen, s\u00e5 att du kan b\u00f6rja leva ditt dr\u00f6mliv!<\/p>\n<p>Vi hoppas att du gillade v\u00e5r artikel 10 anledningar till varf\u00f6r dina manifestationer inte \u00e4r och allt relaterat till horoskop, tarot, ritualer och allt relaterat.<\/p>\n<figure class=\"wp-block-table is-style-regular\">\n<\/figure>\n<p>Intressanta saker att veta inneb\u00f6rden: Ritualer  <\/p>\n<p>\u00c4ven h\u00e4r l\u00e4mnar vi \u00e4mnen relaterade till: Ritualer <\/p>\n<\/p>\n<ul class=\"ez-toc-list ez-toc-list-level-1 eztoc-visibility-hide-by-default\">\n<li class=\"ez-toc-page-1 ez-toc-heading-level-2\">  10 anledningar till varf\u00f6r dina demonstrationer inte \u00e4r det\n <\/li>\n<li class=\"ez-toc-page-1 ez-toc-heading-level-2\">10 sk\u00e4l till varf\u00f6r din demonstration kanske inte fungerar\n<ul class=\"ez-toc-list-level-3\">\n<li class=\"ez-toc-heading-level-3\">1. Du har begr\u00e4nsande \u00f6vertygelser<\/li>\n<li class=\"ez-toc-page-1 ez-toc-heading-level-3\">2. Du tvivlar p\u00e5 dig sj\u00e4lv<\/li>\n<li class=\"ez-toc-page-1 ez-toc-heading-level-3\">3. Du k\u00e4nner avund<\/li>\n<li class=\"ez-toc-page-1 ez-toc-heading-level-3\">4. .ai-rotate  .ai-rotate-hidden  .ai-rotate-hidden-2  .ai-list-data, .ai-ip-data, .ai-filter-check, .ai-fallback, .ai-list-block, .ai-list-block-ip, .ai -list-block-filter  .ai-list-data, .ai-ip-data, .ai-filter-check, .ai-fallback  window.demandSupply &#038;&#038; demandSupply.aparece &#038;&#038; demandSupply. aparece.displayAd(&#8216;goroskop.tv_fluid_lb+sq_3new&#8217;) window.demandSupply &#038;&#038; demandSupply.aparece &#038;&#038; demandSupply.aparece.displayAd(&#8216;goroskop.tv_fluid_lb+sq_1new&#8217;) Du har f\u00f6rbittring<\/li>\n<li class=\"ez-toc-page-1 ez-toc-heading-level-3\">5. .ai-rotate  .ai-rotate-hidden  .ai-rotate-hidden-2  .ai-list-data, .ai-ip-data, .ai-filter-check, .ai-fallback, .ai-list-block, .ai-list-block-ip, .ai -list-block-filter  .ai-list-data, .ai-ip-data, .ai-filter-check, .ai-fallback  window.demandSupply &#038;&#038; demandSupply.aparece &#038;&#038; demandSupply. aparece.displayAd(&#8216;goroskop.tv_fluid_lb+sq_2new&#8217;) window.demandSupply &#038;&#038; demandSupply.aparece &#038;&#038; demandSupply.aparece.displayAd(&#8216;goroskop.tv_fluid_lb+sq_3new&#8217;) Du litar inte p\u00e5 universum<\/li>\n<li class=\"ez-toc-page-1 ez-toc-heading-level-3\">6. Du ser inte de g\u00e5vor du redan har<\/li>\n<li class=\"ez-toc-page-1 ez-toc-heading-level-3\">7. Du lever i bristande samvete<\/li>\n<li class=\"ez-toc-page-1 ez-toc-heading-level-3\">8. Du behandlar dig inte med k\u00e4rlek<\/li>\n<li class=\"ez-toc-page-1 ez-toc-heading-level-3\">9. Du \u00e4r inte engagerad<\/li>\n<li class=\"ez-toc-page-1 ez-toc-heading-level-3\">10. Dina affirmationer \u00e4r inte korrekt formulerade<\/li>\n<\/ul>\n<\/li>\n<li class=\"ez-toc-page-1 ez-toc-heading-level-2\">Sammanfattning<\/li>\n<\/ul>\n<p><\/p>\n<p>Vi hoppas att du gillade v\u00e5r artikel 10 anledningar till varf\u00f6r dina manifestationer inte g\u00f6r det<br \/>\n och allt om horoskop, tarot, ritualer och allt relaterat till det &#8230;<\/p>\n<figure class=\"wp-block-table is-style-regular\">\n<table style=\"width: 284px; height: 157px;\">\n<tbody>\n<tr>\n<td class=\"has-text-align-center\" data-align=\"center\"><img loading=\"lazy\" decoding=\"async\" class=\"alignleft\" src=\" https:\/\/goroskop.tv\/wp-content\/uploads\/2023\/05\/rituales1.jpg \" alt=\" 10 anledningar till varf\u00f6r dina manifestationer inte g\u00f6r det\n \" width=\"65\" height=\"95\" title=\"\"><img loading=\"lazy\" decoding=\"async\" class=\"alignleft\" style=\"width: 60px;\" src=\" https:\/\/goroskop.tv\/wp-content\/uploads\/2023\/05\/rituales2.jpg \" alt=\" 10 anledningar till varf\u00f6r dina manifestationer inte g\u00f6r det\n \" width=\"195\" height=\"300\" title=\"\"><img decoding=\"async\" class=\"alignleft\" style=\"width: 60px;\" src=\" https:\/\/goroskop.tv\/wp-content\/uploads\/2023\/05\/rituales3.jpg \" alt=\" 10 anledningar till varf\u00f6r dina manifestationer inte g\u00f6r det\n \" title=\"\"><\/td>\n<\/tr>\n<\/tbody>\n<\/table>\n<\/figure>\n<p>Intressanta saker att veta inneb\u00f6rden: <a href=\"https:\/\/sv.wikipedia.org\/wiki\/Ritualer\" target=\"_blank\" rel=\"nofollow noopener\"> Ritualer <\/a> <\/p>\n<p>H\u00e4r l\u00e4mnar vi ocks\u00e5 \u00e4mnen relaterade till: <a href=\" https:\/\/goroskop.tv\/sw\/karriarguide-for-stjarntecken-den-basta\/\">Ritualer<\/a><\/p>\n<div id=\"ez-toc-container\" class=\"ez-toc-v2_0_82_2 ez-toc-wrap-center counter-hierarchy ez-toc-counter ez-toc-grey ez-toc-container-direction\">\n<div class=\"ez-toc-title-container\">\n<div class=\"ez-toc-title\" style=\"cursor:inherit\">Table of Contents<\/div>\n<span class=\"ez-toc-title-toggle\"><a href=\"#\" class=\"ez-toc-pull-right ez-toc-btn ez-toc-btn-xs ez-toc-btn-default ez-toc-toggle\" aria-label=\"Alternar tabla de contenidos\"><span class=\"ez-toc-js-icon-con\"><span class=\"\"><span class=\"eztoc-hide\" style=\"display:none;\">Toggle<\/span><span class=\"ez-toc-icon-toggle-span\"><svg style=\"fill: #999;color:#999\" xmlns=\"http:\/\/www.w3.org\/2000\/svg\" class=\"list-377408\" width=\"20px\" height=\"20px\" viewBox=\"0 0 24 24\" fill=\"none\"><path d=\"M6 6H4v2h2V6zm14 0H8v2h12V6zM4 11h2v2H4v-2zm16 0H8v2h12v-2zM4 16h2v2H4v-2zm16 0H8v2h12v-2z\" fill=\"currentColor\"><\/path><\/svg><svg style=\"fill: #999;color:#999\" class=\"arrow-unsorted-368013\" xmlns=\"http:\/\/www.w3.org\/2000\/svg\" width=\"10px\" height=\"10px\" viewBox=\"0 0 24 24\" version=\"1.2\" baseProfile=\"tiny\"><path d=\"M18.2 9.3l-6.2-6.3-6.2 6.3c-.2.2-.3.4-.3.7s.1.5.3.7c.2.2.4.3.7.3h11c.3 0 .5-.1.7-.3.2-.2.3-.5.3-.7s-.1-.5-.3-.7zM5.8 14.7l6.2 6.3 6.2-6.3c.2-.2.3-.5.3-.7s-.1-.5-.3-.7c-.2-.2-.4-.3-.7-.3h-11c-.3 0-.5.1-.7.3-.2.2-.3.5-.3.7s.1.5.3.7z\"\/><\/svg><\/span><\/span><\/span><\/a><\/span><\/div>\n<nav><ul class='ez-toc-list ez-toc-list-level-1 eztoc-toggle-hide-by-default' ><li class='ez-toc-page-1 ez-toc-heading-level-2'><a class=\"ez-toc-link ez-toc-heading-1\" href=\"https:\/\/goroskop.tv\/sw\/10-anledningar-till-varfor-dina-manifestationer-inte-gor-det\/#10_anledningar_till_varfor_dina_demonstrationer_inte_ar_det\" >10 anledningar till varf\u00f6r dina demonstrationer inte \u00e4r det<\/a><\/li><li class='ez-toc-page-1 ez-toc-heading-level-2'><a class=\"ez-toc-link ez-toc-heading-2\" href=\"https:\/\/goroskop.tv\/sw\/10-anledningar-till-varfor-dina-manifestationer-inte-gor-det\/#10_skal_till_varfor_din_demonstration_kanske_inte_fungerar\" >10 sk\u00e4l till varf\u00f6r din demonstration kanske inte fungerar<\/a><ul class='ez-toc-list-level-3' ><li class='ez-toc-heading-level-3'><a class=\"ez-toc-link ez-toc-heading-3\" href=\"https:\/\/goroskop.tv\/sw\/10-anledningar-till-varfor-dina-manifestationer-inte-gor-det\/#1\" >1.<\/a><\/li><li class='ez-toc-page-1 ez-toc-heading-level-3'><a class=\"ez-toc-link ez-toc-heading-4\" href=\"https:\/\/goroskop.tv\/sw\/10-anledningar-till-varfor-dina-manifestationer-inte-gor-det\/#2\" >2.<\/a><\/li><li class='ez-toc-page-1 ez-toc-heading-level-3'><a class=\"ez-toc-link ez-toc-heading-5\" href=\"https:\/\/goroskop.tv\/sw\/10-anledningar-till-varfor-dina-manifestationer-inte-gor-det\/#3\" >3.<\/a><\/li><li class='ez-toc-page-1 ez-toc-heading-level-3'><a class=\"ez-toc-link ez-toc-heading-6\" href=\"https:\/\/goroskop.tv\/sw\/10-anledningar-till-varfor-dina-manifestationer-inte-gor-det\/#4\" >4.<\/a><\/li><li class='ez-toc-page-1 ez-toc-heading-level-3'><a class=\"ez-toc-link ez-toc-heading-7\" href=\"https:\/\/goroskop.tv\/sw\/10-anledningar-till-varfor-dina-manifestationer-inte-gor-det\/#5\" >5.<\/a><\/li><li class='ez-toc-page-1 ez-toc-heading-level-3'><a class=\"ez-toc-link ez-toc-heading-8\" href=\"https:\/\/goroskop.tv\/sw\/10-anledningar-till-varfor-dina-manifestationer-inte-gor-det\/#6\" >6.<\/a><\/li><li class='ez-toc-page-1 ez-toc-heading-level-3'><a class=\"ez-toc-link ez-toc-heading-9\" href=\"https:\/\/goroskop.tv\/sw\/10-anledningar-till-varfor-dina-manifestationer-inte-gor-det\/#7\" >7.<\/a><\/li><li class='ez-toc-page-1 ez-toc-heading-level-3'><a class=\"ez-toc-link ez-toc-heading-10\" href=\"https:\/\/goroskop.tv\/sw\/10-anledningar-till-varfor-dina-manifestationer-inte-gor-det\/#8\" >8.<\/a><\/li><li class='ez-toc-page-1 ez-toc-heading-level-3'><a class=\"ez-toc-link ez-toc-heading-11\" href=\"https:\/\/goroskop.tv\/sw\/10-anledningar-till-varfor-dina-manifestationer-inte-gor-det\/#9\" >9.<\/a><\/li><li class='ez-toc-page-1 ez-toc-heading-level-3'><a class=\"ez-toc-link ez-toc-heading-12\" href=\"https:\/\/goroskop.tv\/sw\/10-anledningar-till-varfor-dina-manifestationer-inte-gor-det\/#10\" >10.<\/a><\/li><\/ul><\/li><li class='ez-toc-page-1 ez-toc-heading-level-2'><a class=\"ez-toc-link ez-toc-heading-13\" href=\"https:\/\/goroskop.tv\/sw\/10-anledningar-till-varfor-dina-manifestationer-inte-gor-det\/#Sammanfattning\" >Sammanfattning<\/a><\/li><\/ul><\/nav><\/div>\n","protected":false},"excerpt":{"rendered":"<p>10 anledningar till varf\u00f6r dina demonstrationer inte \u00e4r det Manifestering har blivit s\u00e5 popul\u00e4rt av den enkla anledningen att det fungerar. Faktum \u00e4r att du har makten att skapa din verklighet n\u00e4r du \u00e4r medveten om de lagar som g\u00e4ller. Dina tankar, ord, \u00f6vertygelser och handlingar skapar din frekvens och lockar specifika upplevelser in i &hellip;<\/p>\n","protected":false},"author":1,"featured_media":98,"comment_status":"closed","ping_status":"closed","sticky":false,"template":"","format":"standard","meta":{"footnotes":""},"categories":[3],"tags":[762,44,1282,130,303,1481,28],"class_list":["post-2103","post","type-post","status-publish","format-standard","has-post-thumbnail","hentry","category-ritualer","tag-anledningar","tag-det","tag-dina","tag-gor","tag-inte","tag-manifestationer","tag-varfor"],"_links":{"self":[{"href":"https:\/\/goroskop.tv\/sw\/wp-json\/wp\/v2\/posts\/2103","targetHints":{"allow":["GET"]}}],"collection":[{"href":"https:\/\/goroskop.tv\/sw\/wp-json\/wp\/v2\/posts"}],"about":[{"href":"https:\/\/goroskop.tv\/sw\/wp-json\/wp\/v2\/types\/post"}],"author":[{"embeddable":true,"href":"https:\/\/goroskop.tv\/sw\/wp-json\/wp\/v2\/users\/1"}],"replies":[{"embeddable":true,"href":"https:\/\/goroskop.tv\/sw\/wp-json\/wp\/v2\/comments?post=2103"}],"version-history":[{"count":0,"href":"https:\/\/goroskop.tv\/sw\/wp-json\/wp\/v2\/posts\/2103\/revisions"}],"wp:featuredmedia":[{"embeddable":true,"href":"https:\/\/goroskop.tv\/sw\/wp-json\/wp\/v2\/media\/98"}],"wp:attachment":[{"href":"https:\/\/goroskop.tv\/sw\/wp-json\/wp\/v2\/media?parent=2103"}],"wp:term":[{"taxonomy":"category","embeddable":true,"href":"https:\/\/goroskop.tv\/sw\/wp-json\/wp\/v2\/categories?post=2103"},{"taxonomy":"post_tag","embeddable":true,"href":"https:\/\/goroskop.tv\/sw\/wp-json\/wp\/v2\/tags?post=2103"}],"curies":[{"name":"wp","href":"https:\/\/api.w.org\/{rel}","templated":true}]}}