{"id":2255,"date":"2023-07-21T05:30:57","date_gmt":"2023-07-21T05:30:57","guid":{"rendered":"https:\/\/goroskop.tv\/sw\/hur-man-manifesterar-viktminskning-mer\/"},"modified":"2023-07-21T05:30:57","modified_gmt":"2023-07-21T05:30:57","slug":"hur-man-manifesterar-viktminskning-mer","status":"publish","type":"post","link":"https:\/\/goroskop.tv\/sw\/hur-man-manifesterar-viktminskning-mer\/","title":{"rendered":"Hur man manifesterar viktminskning (mer"},"content":{"rendered":"<p><\/p>\n<h2><span class=\"ez-toc-section\" id=\"Hur_man_manifesterar_viktminskning_mest_effektivt\"><\/span><span class=\"ez-toc-section\" id=\"Como_manifestar_la_perdida_de_peso_mas_efectivo\"><\/span>  Hur man manifesterar viktminskning (mest effektivt<span class=\"ez-toc-section-end\"><\/span><span class=\"ez-toc-section-end\"><\/span><\/h2>\n<figure class=\"wp-block-image aligncenter size-full\"><\/figure>\n<p>Du har s\u00e4kert h\u00f6rt talas om manifesterad viktminskning och undrat om det \u00e4r m\u00f6jligt att g\u00f6ra det. <\/p>\n<p>  Vissa kan till och med avf\u00e4rda m\u00f6jligheten f\u00f6r att de inte tycker att det \u00e4r rimligt.<\/p>\n<p>Medan vissa, \u00e5 andra sidan, kanske hade provat det, och eftersom det inte fungerade f\u00f6r dem, tog de till att starta rykten f\u00f6r att misskreditera det. <\/p>\n<p>  Sanningen \u00e4r att det \u00e4r m\u00f6jligt att manifestera viktminskning med hj\u00e4lp av attraktionslagen.<\/p>\n<p>M\u00e4nniskor har gjort det och g\u00f6r det fortfarande, men det \u00e4r viktigt att k\u00e4nna till de r\u00e4tta strategierna att anv\u00e4nda om du vill f\u00e5 fantastiska resultat.<\/p>\n<p><strong>Att manifestera viktminskning kan vara ineffektivt om du inte g\u00f6r den m\u00e4ngd arbete du ska. <\/strong><\/p>\n<p>  Att anv\u00e4nda bekr\u00e4ftelseord och attraktionslagen kan bara f\u00e5 dig s\u00e5 l\u00e5ngt, men resultaten kanske inte kommer utan verklig anstr\u00e4ngning. <\/p>\n<p>  \u00c4nd\u00e5, om du inte har r\u00e4tt t\u00e4nkes\u00e4tt, kan du bli tr\u00f6tt p\u00e5 linjen.<\/p>\n<p>Genom att manifestera din viktminskning kan du f\u00f6rutse att du uppn\u00e5r den kropp du vill, vilket bidrar till att \u00f6ka dina chanser.<\/p>\n<p><em>L\u00e4s mer f\u00f6r att ta reda p\u00e5 hur du kan manifestera viktminskning.<\/em><\/p>\n<h2 class=\"wp-block-heading\"><span class=\"ez-toc-section\" id=\"Strategier_du_kan_anvanda_for_att_manifestera_viktminskning\"><\/span><span class=\"ez-toc-section\" id=\"Estrategias_que_puede_utilizar_para_manifestar_la_perdida_de_peso\"><\/span>Strategier du kan anv\u00e4nda f\u00f6r att manifestera viktminskning<span class=\"ez-toc-section-end\"><\/span><span class=\"ez-toc-section-end\"><\/span><\/h2>\n<figure class=\"wp-block-image aligncenter size-full\"><\/figure>\n<p>Liksom varje process i livet har manifestationen av viktminskning unika strategier som du kan anv\u00e4nda f\u00f6r att uppn\u00e5 m\u00e4rkbara effekter i din kropp.<\/p>\n<p>Allt du beh\u00f6ver g\u00f6ra \u00e4r att vara konsekvent och h\u00e5lla fast vid principerna. <\/p>\n<p>  Det \u00e4r ocks\u00e5 viktigt att inte bara lita p\u00e5 manifestationsaspekten enbart, utan ocks\u00e5 att g\u00f6ra det r\u00e4tta att g\u00f6ra om du vill uppn\u00e5 snabba resultat.<\/p>\n<p>Du kan g\u00f6ra det genom att f\u00f6lja dessa strategier.<\/p>\n<h3 class=\"wp-block-heading\"><span class=\"ez-toc-section\" id=\"1\"><\/span><span class=\"ez-toc-section\" id=\"1_Lo_que_quieres_y_por_que_lo_quieres\"><\/span>1. <span class=\"ez-toc-section-end\"><\/span><\/h3>\n<p>Vad du vill och varf\u00f6r du vill ha det<span class=\"ez-toc-section-end\"><\/span>\n<\/p>\n<p>Att vara avg\u00f6rande \u00e4r en egenskap som det inte pratas tillr\u00e4ckligt om. <\/p>\n<p>  Det \u00e4r grunden f\u00f6r m\u00e5nga saker, och manifestation \u00e4r en av dem.<\/p>\n<p>F\u00f6r att f\u00f6rst\u00e5 detta b\u00e4ttre b\u00f6r du veta att manifestation inte bara \u00e4r n\u00e5got du g\u00f6r slumpm\u00e4ssigt. <\/p>\n<p>  Det kr\u00e4ver precision och fokus. <\/p>\n<p>  D\u00e4rf\u00f6r \u00e4r det viktigt att best\u00e4mma vad du vill f\u00f6r\u00e4ndra med din kropp.<\/p>\n<p>N\u00e4r du har fattat ett tydligt beslut om vad du vill, kommer detta att fungera som m\u00e5let f\u00f6r manifestationen. <\/p>\n<p>  P\u00e5 s\u00e5 s\u00e4tt vet du vad du arbetar mot och hur du n\u00e5r din milstolpe.<\/p>\n<p>Denna process hj\u00e4lper dig ocks\u00e5 att lista varf\u00f6r du t\u00e4nker ge dig ut p\u00e5 din viktminskningsresa och vad du vill uppn\u00e5 i slut\u00e4ndan.<\/p>\n<h3 class=\"wp-block-heading\"><span class=\"ez-toc-section\" id=\"2\"><\/span><span class=\"ez-toc-section\" id=\"2_Visualiza_tu_nuevo_cuerpo\"><\/span>2. <span class=\"ez-toc-section-end\"><\/span><\/h3>\n<p>visualisera din nya kropp<span class=\"ez-toc-section-end\"><\/span>\n<\/p>\n<p>Ett annat stort misstag som m\u00e4nniskor g\u00f6r n\u00e4r de vill manifestera viktminskning \u00e4r att de \u00e4gnar mer uppm\u00e4rksamhet \u00e5t sin nuvarande kropp ist\u00e4llet f\u00f6r att fokusera p\u00e5 den de vill ha.<\/p>\n<p>Om du \u00e4r f\u00f6r fokuserad p\u00e5 din nuvarande kropps tillst\u00e5nd, kanske du inte s\u00e5 l\u00e4tt ser de f\u00f6rb\u00e4ttringar du g\u00f6r, och det kan avskr\u00e4cka dig i det l\u00e5nga loppet.<\/p>\n<p>Vad du ist\u00e4llet b\u00f6r g\u00f6ra \u00e4r att skapa en bild av hur du vill att din form ska se ut och forts\u00e4tta aniquila in den i ditt undermedvetna tills den stannar d\u00e4r och fokuserar p\u00e5 just det.<\/p>\n<p>Att g\u00f6ra detta kommer att skapa r\u00e4tt t\u00e4nkes\u00e4tt som kommer att uppmuntra din viktminskningsmanifestation och f\u00f6rs\u00e4tta dig i r\u00e4tt sinnesst\u00e4mning.<\/p>\n<h3 class=\"wp-block-heading\"><span class=\"ez-toc-section\" id=\"3\"><\/span><span class=\"ez-toc-section\" id=\"3_Usa_palabras_de_afirmacion\"><\/span>3. <span class=\"ez-toc-section-end\"><\/span><\/h3>\n<p>Anv\u00e4nd bekr\u00e4ftelseord<span class=\"ez-toc-section-end\"><\/span>\n<\/p>\n<p>Den h\u00e4r strategin liknar visualiseringsmetoden, men i det h\u00e4r fallet m\u00e5ste du \u00f6verdosera ord som resonerar i ditt undermedvetna och f\u00e5r din kropp att samarbeta med ditt m\u00e5l.<\/p>\n<p>Att vara extremt v\u00e4nlig och k\u00e4rleksfull mot din kropp \u00e4r en viktig nyckel f\u00f6r att l\u00e5ta din kropp vara i linje med ditt m\u00e5l.<\/p>\n<p>Upprepa dessa bekr\u00e4ftelseord f\u00f6r dig sj\u00e4lv tills du \u00e4ntligen tror p\u00e5 dem och b\u00f6rjar se handling. <\/p>\n<p>  Var positiv och sn\u00e4ll mot dig sj\u00e4lv om du vill f\u00f6rhindra att din kropp g\u00f6r uppror mot dig.<\/p>\n<p>Om du g\u00f6r detta konsekvent kommer du s\u00e4kert att b\u00f6rja m\u00e4rka m\u00e4rkbara f\u00f6r\u00e4ndringar i din kroppsvikt.<\/p>\n<h3 class=\"wp-block-heading\"><span class=\"ez-toc-section\" id=\"4\"><\/span>4. <\/p>\n<span class=\"ez-toc-section-end\"><\/span><\/h3>\n<p>Tveka inte\n<\/p>\n<p>Det \u00e4r en sak att agera positivt och redo att manifestera viktminskning, men den verkliga avg\u00f6rande faktorn ligger inom. <\/p>\n<p>  Det \u00e4r inifr\u00e5n som du kommer att kanalisera all positivitet och uppmuntran du beh\u00f6ver f\u00f6r din viktminskningsresa.<\/p>\n<p>Om du tvivlar p\u00e5 att f\u00e5 uppenbara resultat eller inte tror att det \u00e4r m\u00f6jligt att uppn\u00e5 viktminskning genom att manifestera det, kan du ha sv\u00e5rt att n\u00e5 m\u00e5let.<\/p>\n<p>Du m\u00e5ste medvetet p\u00e5minna dig sj\u00e4lv om ditt m\u00e5l och hur uppn\u00e5eligt det \u00e4r. <\/p>\n<p>  Annars kommer dina tvivel att h\u00e5lla din tro i en l\u00e5da och f\u00f6ljaktligen hindra dig fr\u00e5n att f\u00e5 den kropp du beh\u00f6ver.<\/p>\n<h3 class=\"wp-block-heading\"><span class=\"ez-toc-section\" id=\"5\"><\/span><span class=\"ez-toc-section\" id=\"5_Deja_de_aguantar\"><\/span>5. <span class=\"ez-toc-section-end\"><\/span><\/h3>\n<p>sluta h\u00e5lla p\u00e5<span class=\"ez-toc-section-end\"><\/span>\n<\/p>\n<p>Denna aspekt \u00e4r betydande och m\u00e5nga m\u00e4nniskor tenderar att f\u00f6rbise den n\u00e4r de f\u00f6rs\u00f6ker manifestera viktminskning.<\/p>\n<p>N\u00e4r du v\u00e4l har skapat en tydlig f\u00f6rst\u00e5else f\u00f6r vad din kropps m\u00e5l \u00e4r och har tagit alla n\u00f6dv\u00e4ndiga steg som kr\u00e4vs av dig, \u00e4r det b\u00e4sta du kan g\u00f6ra h\u00e4rn\u00e4st att l\u00e4mna allt till universum och sluta st\u00e4ndigt upprepa manifestationen.<\/p>\n<p>N\u00e4r du sl\u00e4pper all \u00e5ngest och f\u00f6rv\u00e4ntningar kommer universum att ta detta som ett tecken p\u00e5 att du har ett stort f\u00f6rtroende f\u00f6r det. <\/p>\n<p>  I allians med din kropp kommer universum att hj\u00e4lpa till att uppfylla dina hj\u00e4rtans \u00f6nskningar och ge dig den typ av kropp du vill ha.<\/p>\n<p>Med andra ord m\u00e5ste du ha t\u00e5lamod och sluta oroa dig f\u00f6r dagliga f\u00f6rb\u00e4ttringar.<\/p>\n<h2 class=\"wp-block-heading\"><span class=\"ez-toc-section\" id=\"Sammanfattning\"><\/span><span class=\"ez-toc-section\" id=\"Resumen\"><\/span>Sammanfattning<span class=\"ez-toc-section-end\"><\/span><span class=\"ez-toc-section-end\"><\/span><\/h2>\n<p>N\u00e4r du inte avsiktligt har f\u00f6rs\u00f6kt manifestera n\u00e5gonting, kan tanken verka m\u00e4rklig. <\/p>\n<p>  Det f\u00f6r\u00e4ndrar inte det faktum att manifestationen fungerar, och du kan anv\u00e4nda den till m\u00e5nga olika saker, inklusive viktminskning.<\/p>\n<p>S\u00e5 l\u00e4nge du f\u00f6ljer de instruktioner som kr\u00e4vs kommer du att kunna uppn\u00e5 en m\u00e4rkbar f\u00f6r\u00e4ndring i din kropp.<\/p>\n<p>F\u00f6r att manifestera viktminskning \u00e4r det f\u00f6rsta du beh\u00f6ver g\u00f6ra att best\u00e4mma varf\u00f6r du vill g\u00e5 igenom processen och vad du hoppas f\u00e5 ut av den. <\/p>\n<p>  D\u00e4refter kan du anv\u00e4nda n\u00e5gra popul\u00e4ra manifestationsstrategier som visualisering och bekr\u00e4ftande ord.<\/p>\n<p>\u00c4nnu viktigare, det kommer att hj\u00e4lpa dig om du tror att det du vill kan uppn\u00e5s eftersom tvivel kan hindra dig fr\u00e5n att g\u00e5 fram\u00e5t.  <\/p>\n<p>Vi hoppas att du gillade v\u00e5r artikel Hur man manifesterar viktminskning (mer effektivt) och allt relaterat till horoskop, tarot, ritualer och allt relaterat.<\/p>\n<figure class=\"wp-block-table is-style-regular\">\n<\/figure>\n<p>Intressanta saker att veta inneb\u00f6rden: Ritualer  <\/p>\n<p>\u00c4ven h\u00e4r l\u00e4mnar vi \u00e4mnen relaterade till: Ritualer <\/p>\n<\/p>\n<p><\/p>\n<p>Vi hoppas att du gillade v\u00e5r artikel Hur man manifesterar viktminskning (mer<br \/>\n och allt om horoskop, tarot, ritualer och allt relaterat till det &#8230;<\/p>\n<figure class=\"wp-block-table is-style-regular\">\n<table style=\"width: 284px; height: 157px;\">\n<tbody>\n<tr>\n<td class=\"has-text-align-center\" data-align=\"center\"><img loading=\"lazy\" decoding=\"async\" class=\"alignleft\" src=\" https:\/\/goroskop.tv\/wp-content\/uploads\/2023\/05\/rituales1.jpg \" alt=\" Hur man manifesterar viktminskning (mer\n \" width=\"65\" height=\"95\" title=\"\"><img loading=\"lazy\" decoding=\"async\" class=\"alignleft\" style=\"width: 60px;\" src=\" https:\/\/goroskop.tv\/wp-content\/uploads\/2023\/05\/rituales2.jpg \" alt=\" Hur man manifesterar viktminskning (mer\n \" width=\"195\" height=\"300\" title=\"\"><img decoding=\"async\" class=\"alignleft\" style=\"width: 60px;\" src=\" https:\/\/goroskop.tv\/wp-content\/uploads\/2023\/05\/rituales3.jpg \" alt=\" Hur man manifesterar viktminskning (mer\n \" title=\"\"><\/td>\n<\/tr>\n<\/tbody>\n<\/table>\n<\/figure>\n<p>Intressanta saker att veta inneb\u00f6rden: <a href=\"https:\/\/sv.wikipedia.org\/wiki\/Ritualer\" target=\"_blank\" rel=\"nofollow noopener\"> Ritualer <\/a> <\/p>\n<p>H\u00e4r l\u00e4mnar vi ocks\u00e5 \u00e4mnen relaterade till: <a href=\" https:\/\/goroskop.tv\/sw\/karriarguide-for-stjarntecken-den-basta\/\">Ritualer<\/a><\/p>\n<div id=\"ez-toc-container\" class=\"ez-toc-v2_0_82_2 ez-toc-wrap-center counter-hierarchy ez-toc-counter ez-toc-grey ez-toc-container-direction\">\n<div class=\"ez-toc-title-container\">\n<div class=\"ez-toc-title\" style=\"cursor:inherit\">Table of Contents<\/div>\n<span class=\"ez-toc-title-toggle\"><a href=\"#\" class=\"ez-toc-pull-right ez-toc-btn ez-toc-btn-xs ez-toc-btn-default ez-toc-toggle\" aria-label=\"Alternar tabla de contenidos\"><span class=\"ez-toc-js-icon-con\"><span class=\"\"><span class=\"eztoc-hide\" style=\"display:none;\">Toggle<\/span><span class=\"ez-toc-icon-toggle-span\"><svg style=\"fill: #999;color:#999\" xmlns=\"http:\/\/www.w3.org\/2000\/svg\" class=\"list-377408\" width=\"20px\" height=\"20px\" viewBox=\"0 0 24 24\" fill=\"none\"><path d=\"M6 6H4v2h2V6zm14 0H8v2h12V6zM4 11h2v2H4v-2zm16 0H8v2h12v-2zM4 16h2v2H4v-2zm16 0H8v2h12v-2z\" fill=\"currentColor\"><\/path><\/svg><svg style=\"fill: #999;color:#999\" class=\"arrow-unsorted-368013\" xmlns=\"http:\/\/www.w3.org\/2000\/svg\" width=\"10px\" height=\"10px\" viewBox=\"0 0 24 24\" version=\"1.2\" baseProfile=\"tiny\"><path d=\"M18.2 9.3l-6.2-6.3-6.2 6.3c-.2.2-.3.4-.3.7s.1.5.3.7c.2.2.4.3.7.3h11c.3 0 .5-.1.7-.3.2-.2.3-.5.3-.7s-.1-.5-.3-.7zM5.8 14.7l6.2 6.3 6.2-6.3c.2-.2.3-.5.3-.7s-.1-.5-.3-.7c-.2-.2-.4-.3-.7-.3h-11c-.3 0-.5.1-.7.3-.2.2-.3.5-.3.7s.1.5.3.7z\"\/><\/svg><\/span><\/span><\/span><\/a><\/span><\/div>\n<nav><ul class='ez-toc-list ez-toc-list-level-1 eztoc-toggle-hide-by-default' ><li class='ez-toc-page-1 ez-toc-heading-level-2'><a class=\"ez-toc-link ez-toc-heading-1\" href=\"https:\/\/goroskop.tv\/sw\/hur-man-manifesterar-viktminskning-mer\/#Hur_man_manifesterar_viktminskning_mest_effektivt\" >Hur man manifesterar viktminskning (mest effektivt<\/a><\/li><li class='ez-toc-page-1 ez-toc-heading-level-2'><a class=\"ez-toc-link ez-toc-heading-2\" href=\"https:\/\/goroskop.tv\/sw\/hur-man-manifesterar-viktminskning-mer\/#Strategier_du_kan_anvanda_for_att_manifestera_viktminskning\" >Strategier du kan anv\u00e4nda f\u00f6r att manifestera viktminskning<\/a><ul class='ez-toc-list-level-3' ><li class='ez-toc-heading-level-3'><a class=\"ez-toc-link ez-toc-heading-3\" href=\"https:\/\/goroskop.tv\/sw\/hur-man-manifesterar-viktminskning-mer\/#1\" >1.<\/a><\/li><li class='ez-toc-page-1 ez-toc-heading-level-3'><a class=\"ez-toc-link ez-toc-heading-4\" href=\"https:\/\/goroskop.tv\/sw\/hur-man-manifesterar-viktminskning-mer\/#2\" >2.<\/a><\/li><li class='ez-toc-page-1 ez-toc-heading-level-3'><a class=\"ez-toc-link ez-toc-heading-5\" href=\"https:\/\/goroskop.tv\/sw\/hur-man-manifesterar-viktminskning-mer\/#3\" >3.<\/a><\/li><li class='ez-toc-page-1 ez-toc-heading-level-3'><a class=\"ez-toc-link ez-toc-heading-6\" href=\"https:\/\/goroskop.tv\/sw\/hur-man-manifesterar-viktminskning-mer\/#4\" >4.<\/a><\/li><li class='ez-toc-page-1 ez-toc-heading-level-3'><a class=\"ez-toc-link ez-toc-heading-7\" href=\"https:\/\/goroskop.tv\/sw\/hur-man-manifesterar-viktminskning-mer\/#5\" >5.<\/a><\/li><\/ul><\/li><li class='ez-toc-page-1 ez-toc-heading-level-2'><a class=\"ez-toc-link ez-toc-heading-8\" href=\"https:\/\/goroskop.tv\/sw\/hur-man-manifesterar-viktminskning-mer\/#Sammanfattning\" >Sammanfattning<\/a><\/li><\/ul><\/nav><\/div>\n","protected":false},"excerpt":{"rendered":"<p>Hur man manifesterar viktminskning (mest effektivt Du har s\u00e4kert h\u00f6rt talas om manifesterad viktminskning och undrat om det \u00e4r m\u00f6jligt att g\u00f6ra det. Vissa kan till och med avf\u00e4rda m\u00f6jligheten f\u00f6r att de inte tycker att det \u00e4r rimligt. Medan vissa, \u00e5 andra sidan, kanske hade provat det, och eftersom det inte fungerade f\u00f6r dem, &hellip;<\/p>\n","protected":false},"author":1,"featured_media":57,"comment_status":"closed","ping_status":"closed","sticky":false,"template":"","format":"standard","meta":{"footnotes":""},"categories":[3],"tags":[23,24,1093,165,1547],"class_list":["post-2255","post","type-post","status-publish","format-standard","has-post-thumbnail","hentry","category-ritualer","tag-hur","tag-man","tag-manifesterar","tag-mer","tag-viktminskning"],"_links":{"self":[{"href":"https:\/\/goroskop.tv\/sw\/wp-json\/wp\/v2\/posts\/2255","targetHints":{"allow":["GET"]}}],"collection":[{"href":"https:\/\/goroskop.tv\/sw\/wp-json\/wp\/v2\/posts"}],"about":[{"href":"https:\/\/goroskop.tv\/sw\/wp-json\/wp\/v2\/types\/post"}],"author":[{"embeddable":true,"href":"https:\/\/goroskop.tv\/sw\/wp-json\/wp\/v2\/users\/1"}],"replies":[{"embeddable":true,"href":"https:\/\/goroskop.tv\/sw\/wp-json\/wp\/v2\/comments?post=2255"}],"version-history":[{"count":0,"href":"https:\/\/goroskop.tv\/sw\/wp-json\/wp\/v2\/posts\/2255\/revisions"}],"wp:featuredmedia":[{"embeddable":true,"href":"https:\/\/goroskop.tv\/sw\/wp-json\/wp\/v2\/media\/57"}],"wp:attachment":[{"href":"https:\/\/goroskop.tv\/sw\/wp-json\/wp\/v2\/media?parent=2255"}],"wp:term":[{"taxonomy":"category","embeddable":true,"href":"https:\/\/goroskop.tv\/sw\/wp-json\/wp\/v2\/categories?post=2255"},{"taxonomy":"post_tag","embeddable":true,"href":"https:\/\/goroskop.tv\/sw\/wp-json\/wp\/v2\/tags?post=2255"}],"curies":[{"name":"wp","href":"https:\/\/api.w.org\/{rel}","templated":true}]}}