{"id":23247,"date":"2023-08-23T13:15:04","date_gmt":"2023-08-23T13:15:04","guid":{"rendered":"https:\/\/goroskop.tv\/sw\/dina-basta-och-samsta-egenskaper-enligt-din\/"},"modified":"2023-08-23T13:15:04","modified_gmt":"2023-08-23T13:15:04","slug":"dina-basta-och-samsta-egenskaper-enligt-din","status":"publish","type":"post","link":"https:\/\/goroskop.tv\/sw\/dina-basta-och-samsta-egenskaper-enligt-din\/","title":{"rendered":"Dina b\u00e4sta och s\u00e4msta egenskaper, enligt din"},"content":{"rendered":"<p><\/p>\n<h2><span class=\"ez-toc-section\" id=\"Dina_basta_och_samsta_egenskaper_enligt_din\"><\/span><span class=\"ez-toc-section\" id=\"Tus_mejores_y_peores_rasgos_segun_tu\"><\/span>  Dina b\u00e4sta och s\u00e4msta egenskaper, enligt din<span class=\"ez-toc-section-end\"><\/span><span class=\"ez-toc-section-end\"><\/span><\/h2>\n<h2 class=\"wp-block-heading\" id=\"january\"><span class=\"ez-toc-section\" id=\"januari\"><\/span><span class=\"ez-toc-section\" id=\"Enero\"><\/span><strong>januari <\/strong><span class=\"ez-toc-section-end\"><\/span><span class=\"ez-toc-section-end\"><\/span><\/h2>\n<h3 class=\"wp-block-heading\" id=\"at-your-best\"><span class=\"ez-toc-section\" id=\"nar_du_ar_som_bast\"><\/span><span class=\"ez-toc-section\" id=\"en_tu_mejor_momento\"><\/span><strong>n\u00e4r du \u00e4r som b\u00e4st<\/strong><span class=\"ez-toc-section-end\"><\/span><span class=\"ez-toc-section-end\"><\/span><\/h3>\n<p>Om du \u00e4r f\u00f6dd i januari, n\u00e4r du \u00e4r som b\u00e4st, sticker du ut fr\u00e5n m\u00e4ngden och folk f\u00f6ljer dig naturligtvis utan att tveka eftersom du verkligen lutar mot en tyst men \u00e4nd\u00e5 kraftfull karisma. <\/p>\n<p>  Du har en orubblig f\u00f6rm\u00e5ga att f\u00e5 saker att h\u00e4nda och utan anstr\u00e4ngning leda p\u00e5 ett s\u00e4tt som inspirerar omgivningen. <\/p>\n<p>astrologiska prognoser<\/p>\n<h3 class=\"wp-block-heading\" id=\"at-your-worst\"><span class=\"ez-toc-section\" id=\"nar_du_ar_som_varst\"><\/span><span class=\"ez-toc-section\" id=\"En_tu_peor_momento\"><\/span><strong>n\u00e4r du \u00e4r som v\u00e4rst<\/strong><span class=\"ez-toc-section-end\"><\/span><span class=\"ez-toc-section-end\"><\/span><\/h3>\n<p>Men i v\u00e4rsta fall kan du vara ganska envis. <\/p>\n<p>  Detta kan vara ditt enda karakt\u00e4rsfel, men det \u00e4r den typen av personlighetsdrag som har f\u00f6rm\u00e5gan att hindra din tillv\u00e4xt och din natur som ledare. <\/p>\n<p>  Kom ih\u00e5g att om du inte b\u00f6jer dig ibland kommer du att g\u00e5 s\u00f6nder. <\/p>\n<p>  Det \u00e4r viktigt att l\u00e4ra sig att vara flexibel och ta ett steg tillbaka i situationer d\u00e4r du kan l\u00e5ta din orubbliga uth\u00e5llighet h\u00e4mma dig. <\/p>\n<h2 class=\"wp-block-heading\" id=\"february\"><span class=\"ez-toc-section\" id=\"februari\"><\/span><span class=\"ez-toc-section\" id=\"Febrero\"><\/span><strong>februari <\/strong><span class=\"ez-toc-section-end\"><\/span><span class=\"ez-toc-section-end\"><\/span><\/h2>\n<h3 class=\"wp-block-heading\" id=\"at-your-best\"><span class=\"ez-toc-section\" id=\"nar_du_ar_som_bast-2\"><\/span><span class=\"ez-toc-section\" id=\"en_tu_mejor_momento-2\"><\/span><strong>n\u00e4r du \u00e4r som b\u00e4st<\/strong><span class=\"ez-toc-section-end\"><\/span><span class=\"ez-toc-section-end\"><\/span><\/h3>\n<p>Om du \u00e4r f\u00f6dd i februari \u00e4r du som b\u00e4st en djupt intuitiv och empatisk sj\u00e4l. <\/p>\n<p>  F\u00f6r dig ger denna medk\u00e4nnande natur ditt hj\u00e4rta kraft: att \u00e4lska och ta hand om andra \u00e4r i fr\u00e4msta rummet f\u00f6r dina prioriteringar i livet. <\/p>\n<p>  Din st\u00f6rsta dr\u00f6m \u00e4r att hitta de m\u00e4nniskor som f\u00e5r dig att k\u00e4nna dig sedd och st\u00f6ttad i den h\u00e4r v\u00e4rlden, och det \u00e4r d\u00e4rf\u00f6r du utstr\u00e5lar \u00f6mhet och sentimentalitet i allt du g\u00f6r.<\/p>\n<h3 class=\"wp-block-heading\" id=\"at-your-worst\"><span class=\"ez-toc-section\" id=\"nar_du_ar_som_varst-2\"><\/span><span class=\"ez-toc-section\" id=\"En_tu_peor_momento-2\"><\/span><strong>n\u00e4r du \u00e4r som v\u00e4rst<\/strong><span class=\"ez-toc-section-end\"><\/span><span class=\"ez-toc-section-end\"><\/span><\/h3>\n<p>Men ibland kan dess mjukhet komma i v\u00e4gen. <\/p>\n<p>  I v\u00e4rsta fall kommer du ofta in i medberoende relationer och f\u00f6rbindelser, och dessa obalanser har kraften att driva dig in i ett tillst\u00e5nd av depression. <\/p>\n<p>  N\u00e4r du \u00e4r ensam, och n\u00e4r du inte har n\u00e5gon att ta hand om, g\u00e5r du i spiral och det kan vara sv\u00e5rt f\u00f6r dig att vara sj\u00e4lvf\u00f6rs\u00f6rjande. <\/p>\n<p>  Det \u00e4r viktigt att du l\u00e4r dig att ta hand om ditt eget hj\u00e4rta och hitta v\u00e4rdighet helt enkelt genom att \u00e4lska dig sj\u00e4lv, innan du sliter s\u00f6nder dig sj\u00e4lv och f\u00f6rs\u00f6ker \u00e4lska andra.<\/p>\n<h2 class=\"wp-block-heading\" id=\"march\"><span class=\"ez-toc-section\" id=\"Mars\"><\/span><span class=\"ez-toc-section\" id=\"Marzo\"><\/span><strong>Mars<\/strong><span class=\"ez-toc-section-end\"><\/span><span class=\"ez-toc-section-end\"><\/span><\/h2>\n<h3 class=\"wp-block-heading\" id=\"at-your-best\"><span class=\"ez-toc-section\" id=\"nar_du_ar_som_bast-3\"><\/span><span class=\"ez-toc-section\" id=\"en_tu_mejor_momento-3\"><\/span>n\u00e4r du \u00e4r som b\u00e4st<span class=\"ez-toc-section-end\"><\/span><span class=\"ez-toc-section-end\"><\/span><\/h3>\n<p>Om du \u00e4r f\u00f6dd i mars har du som b\u00e4st den karismak\u00e4nslan f\u00f6r dig. <\/p>\n<p>  Du har en k\u00e4rleksfull och attraktiv personlighet. <\/p>\n<p>  Du \u00e4r bekymmersl\u00f6s till den grad att du alltid f\u00f6rlitar dig p\u00e5 din nyfikenhet, och du f\u00f6redrar situationer som hj\u00e4lper dig att luta dig mot din frihet och utforska v\u00e4rldens mysterier. <\/p>\n<p>  Ditt intresse f\u00f6r allt som finns i detta universum h\u00e5ller dig vid liv med f\u00f6rundran och i b\u00e4sta fall \u00e4r du ung i sinnet.<\/p>\n<h3 class=\"wp-block-heading\" id=\"at-your-worst\"><span class=\"ez-toc-section\" id=\"nar_du_ar_som_varst-3\"><\/span><span class=\"ez-toc-section\" id=\"En_tu_peor_momento-3\"><\/span>n\u00e4r du \u00e4r som v\u00e4rst<span class=\"ez-toc-section-end\"><\/span><span class=\"ez-toc-section-end\"><\/span><\/h3>\n<p>Men p\u00e5 grund av din sorgl\u00f6sa natur kan det vara extremt sv\u00e5rt f\u00f6r dig att uppr\u00e4tth\u00e5lla aut\u00e9ntica kontakter i ditt liv. <\/p>\n<p>  Din nyfikenhet och intresse f\u00f6r att v\u00e4nda p\u00e5 varenda sten n\u00e4r det kommer till omv\u00e4rlden g\u00f6r att du ofta \u00e4r otrogen och i v\u00e4rsta fall ben\u00e4gen f\u00f6r missbruk och laster eftersom du kommer att prova allt minst en g\u00e5ng. <\/p>\n<p>  Det \u00e4r viktigt att komma ih\u00e5g att det inte \u00e4r tr\u00e5kigt att hitta en grund och fr\u00e4mja trygghet och balans i ditt liv, det \u00e4r n\u00f6dv\u00e4ndigt. <\/p>\n<p>  Om du fyller ditt liv med r\u00e4tt saker och r\u00e4tt m\u00e4nniskor kommer du aldrig att k\u00e4nna att du offrar din frihet f\u00f6r att beh\u00e5lla dem i din atmosf\u00e4r. <\/p>\n<h2 class=\"wp-block-heading\" id=\"april\"><span class=\"ez-toc-section\" id=\"april\"><\/span><span class=\"ez-toc-section\" id=\"Abril\"><\/span><strong>april<\/strong><span class=\"ez-toc-section-end\"><\/span><span class=\"ez-toc-section-end\"><\/span><\/h2>\n<h3 class=\"wp-block-heading\" id=\"at-your-best\"><span class=\"ez-toc-section\" id=\"nar_du_ar_som_bast-4\"><\/span><span class=\"ez-toc-section\" id=\"en_tu_mejor_momento-4\"><\/span>n\u00e4r du \u00e4r som b\u00e4st<span class=\"ez-toc-section-end\"><\/span><span class=\"ez-toc-section-end\"><\/span><\/h3>\n<p>Om du \u00e4r f\u00f6dd i april, n\u00e4r du \u00e4r som b\u00e4st, skapar din sociala natur en charmig och dynamisk kraft inom dig. <\/p>\n<p>  Du \u00e4r en kontakt och du har denna tendens att f\u00f6ra andra samman och attrahera en m\u00e4ngd olika v\u00e4nner och friare samtidigt som du g\u00f6r det. <\/p>\n<p>  M\u00e4nniskor dras helt enkelt till dig, och n\u00e4r du lutar dig mot den kraft du har, \u00e4r du en magnet f\u00f6r allt som \u00e4r vackert och inspirerande i den h\u00e4r v\u00e4rlden. <\/p>\n<p>  Din energi \u00e4r obestridlig.<\/p>\n<h3 class=\"wp-block-heading\" id=\"at-your-worst\"><span class=\"ez-toc-section\" id=\"nar_du_ar_som_varst-4\"><\/span><span class=\"ez-toc-section\" id=\"En_tu_peor_momento-4\"><\/span>n\u00e4r du \u00e4r som v\u00e4rst<span class=\"ez-toc-section-end\"><\/span><span class=\"ez-toc-section-end\"><\/span><\/h3>\n<p>Men den dynamiska energin som du har inom dig betyder ocks\u00e5 att du \u00e4r en f\u00f6dd ledare. <\/p>\n<p>  Den h\u00e4r typen av personlighetsdrag kommer att ta dig l\u00e5ngt i livet, men i v\u00e4rsta fall kan det ocks\u00e5 g\u00f6ra dig envis, och andra kan ibland uppfatta dig som bossig. <\/p>\n<p>  Man m\u00e5ste se till att inte trycka bort folk genom att vara f\u00f6r dominerande. <\/p>\n<p>  Du kan f\u00f6rsvara dina styrkor utan att beh\u00f6va dominera varje person som f\u00f6rs\u00f6ker komma n\u00e4ra. <\/p>\n<p>  Kom ih\u00e5g att det ocks\u00e5 finns kraft i att vara mjuk.<\/p>\n<h2 class=\"wp-block-heading\" id=\"may\"><span class=\"ez-toc-section\" id=\"Burk\"><\/span><span class=\"ez-toc-section\" id=\"Puede\"><\/span><strong>Burk<\/strong><span class=\"ez-toc-section-end\"><\/span><span class=\"ez-toc-section-end\"><\/span><\/h2>\n<h3 class=\"wp-block-heading\" id=\"at-your-best\"><span class=\"ez-toc-section\" id=\"nar_du_ar_som_bast-5\"><\/span><span class=\"ez-toc-section\" id=\"en_tu_mejor_momento-5\"><\/span>n\u00e4r du \u00e4r som b\u00e4st<span class=\"ez-toc-section-end\"><\/span><span class=\"ez-toc-section-end\"><\/span><\/h3>\n<p>Om du \u00e4r f\u00f6dd i maj f\u00f6rkroppsligar du som b\u00e4st ditt konstn\u00e4rliga uttryck och anv\u00e4nder g\u00e5vorna du fick f\u00f6r att locka andra. <\/p>\n<p>  Du har ett djup av k\u00e4nslor som \u00e4r sv\u00e5rt att ignorera, och din f\u00f6rm\u00e5ga att dela din s\u00e5rbarhet med v\u00e4rlden \u00e4r en magnet som \u00f6ppnar dig f\u00f6r en enorm m\u00e4ngd m\u00f6jligheter. <\/p>\n<p>  Ibland k\u00e4nner du att ditt syfte inom detta universum \u00e4r att dela ditt hj\u00e4rta med andra och i b\u00e4sta fall g\u00f6r du det naturligt och fritt, som om det vore en levande f\u00f6rl\u00e4ngning av dig sj\u00e4lv.<\/p>\n<h3 class=\"wp-block-heading\" id=\"at-your-worst\"><span class=\"ez-toc-section\" id=\"nar_du_ar_som_varst-5\"><\/span><span class=\"ez-toc-section\" id=\"En_tu_peor_momento-5\"><\/span>n\u00e4r du \u00e4r som v\u00e4rst<span class=\"ez-toc-section-end\"><\/span><span class=\"ez-toc-section-end\"><\/span><\/h3>\n<p>I v\u00e4rsta fall, trots din f\u00f6rm\u00e5ga att ansluta och din \u00f6nskan att f\u00f6rdjupa dig djupt i de saker och m\u00e4nniskor du brinner f\u00f6r, kan du ibland ha ett \u00f6verdrivet behov av ensamhet. <\/p>\n<p>  \u00c4ven om att l\u00e4ra sig att vara ensam \u00e4r en grundl\u00e4ggande form av bemyndigande, kan om du v\u00e4ljer det f\u00f6r ofta m\u00f6jligg\u00f6ra vissa delar av dig sj\u00e4lv som hellre g\u00f6mmer sig fr\u00e5n v\u00e4rlden. <\/p>\n<p>  Det \u00e4r viktigt att komma ih\u00e5g att avs\u00e4tta tid f\u00f6r balans i ditt liv. <\/p>\n<p>  Du kan luta dig in i din ensamhet och ladda om, men till\u00e5t dig inte att d\u00f6lja ljuset som lyser s\u00e5 starkt inom dig s\u00e5 l\u00e4tt. <\/p>\n<h2 class=\"wp-block-heading\" id=\"june\"><span class=\"ez-toc-section\" id=\"juni\"><\/span><span class=\"ez-toc-section\" id=\"Junio\"><\/span><strong>juni<\/strong><span class=\"ez-toc-section-end\"><\/span><span class=\"ez-toc-section-end\"><\/span><\/h2>\n<h3 class=\"wp-block-heading\" id=\"at-your-best\"><span class=\"ez-toc-section\" id=\"nar_du_ar_som_bast-6\"><\/span><span class=\"ez-toc-section\" id=\"en_tu_mejor_momento-6\"><\/span>n\u00e4r du \u00e4r som b\u00e4st<span class=\"ez-toc-section-end\"><\/span><span class=\"ez-toc-section-end\"><\/span><\/h3>\n<p>Om du \u00e4r f\u00f6dd i juni, i dina b\u00e4sta \u00e5r, \u00e4r du en extremt romantisk person. <\/p>\n<p>  Du vandrar i den h\u00e4r v\u00e4rlden med din sensualitet och passion, inspirerar andra att mjuka upp sina hj\u00e4rtan och romantisera deras liv lika h\u00e4ngivet som du g\u00f6r ditt. <\/p>\n<p>  Du \u00e4r k\u00e4nslom\u00e4ssig och uttrycksfull, och du har den typen av sj\u00e4l som \u00e4r \u00f6versv\u00e4mmad av sentimentalitet. <\/p>\n<p>  Du tillf\u00f6r en bugg av s\u00f6thet till allt du r\u00f6r och varje rum du g\u00e5r in i, vilket g\u00f6r den h\u00e4r v\u00e4rlden till en mer idealiserad version av sig sj\u00e4lv.<\/p>\n<h3 class=\"wp-block-heading\" id=\"at-your-worst\"><span class=\"ez-toc-section\" id=\"nar_du_ar_som_varst-6\"><\/span><span class=\"ez-toc-section\" id=\"En_tu_peor_momento-6\"><\/span>n\u00e4r du \u00e4r som v\u00e4rst<span class=\"ez-toc-section-end\"><\/span><span class=\"ez-toc-section-end\"><\/span><\/h3>\n<p>Men trots din eteriska och romantiska natur kan du vara v\u00e4ldigt avundsjuk. <\/p>\n<p>  \u00c4ven om det kan verka laissez faire, bryr du dig faktiskt djupt om m\u00e4nniskorna i ditt liv till en besatthet ibland. <\/p>\n<p>  Allt som har f\u00f6rm\u00e5gan att bryta din fantasi, eller ta bort dina muser, ses som ett hot. <\/p>\n<p>  Som en form av projektion har man i v\u00e4rsta fall ocks\u00e5 en tendens att skvallra. <\/p>\n<p>  N\u00e4r detta h\u00e4nder f\u00f6redrar du att riva andra f\u00f6r att k\u00e4nna att du har s\u00e4llskap inom din egen melankoli. <\/p>\n<p>  Kom ih\u00e5g: inget som \u00e4r menat att stanna kvar i ditt liv kommer att l\u00e4mna det. <\/p>\n<p>  Du m\u00e5ste l\u00e4ra dig att \u00e4lska utan bindning. <\/p>\n<h2 class=\"wp-block-heading\" id=\"july\"><span class=\"ez-toc-section\" id=\"juli\"><\/span><span class=\"ez-toc-section\" id=\"Julio\"><\/span><strong>juli<\/strong><span class=\"ez-toc-section-end\"><\/span><span class=\"ez-toc-section-end\"><\/span><\/h2>\n<h3 class=\"wp-block-heading\" id=\"at-your-best\"><span class=\"ez-toc-section\" id=\"nar_du_ar_som_bast-7\"><\/span><span class=\"ez-toc-section\" id=\"en_tu_mejor_momento-7\"><\/span>n\u00e4r du \u00e4r som b\u00e4st<span class=\"ez-toc-section-end\"><\/span><span class=\"ez-toc-section-end\"><\/span><\/h3>\n<p>Om du f\u00f6ddes i juli \u00e4r du som b\u00e4st uppriktig, uppriktig och djupt f\u00f6rst\u00e5ende. <\/p>\n<p>  Du bryr dig om din familj och de m\u00e4nniskor du k\u00e4nner dig knuten till p\u00e5 ett pragmatiskt och oerh\u00f6rt sammansvetsat s\u00e4tt. <\/p>\n<p>  Du g\u00e5r l\u00e5ngt f\u00f6r att beh\u00e5lla och skydda dina relationer. <\/p>\n<p>  Du \u00e4r lojal och gener\u00f6s, och du f\u00e5r andra att tro p\u00e5 m\u00e4nniskors godhet genom din h\u00e4ngivenhet. <\/p>\n<h3 class=\"wp-block-heading\" id=\"at-your-worst\"><span class=\"ez-toc-section\" id=\"nar_du_ar_som_varst-7\"><\/span><span class=\"ez-toc-section\" id=\"En_tu_peor_momento-7\"><\/span>n\u00e4r du \u00e4r som v\u00e4rst<span class=\"ez-toc-section-end\"><\/span><span class=\"ez-toc-section-end\"><\/span><\/h3>\n<p>Men hur stort ditt hj\u00e4rta \u00e4n \u00e4r, tenderar du att ta fel p\u00e5 cynismen och kan ofta dra dig tillbaka i din ensamhet, ibland f\u00f6rvirra dem som ser dig som denna ljusa ljusstr\u00e5le i sina liv. <\/p>\n<p>  Ibland kan du k\u00e4nna att du har djup sorg inom dig sj\u00e4lv, och du \u00e4r s\u00e4rskilt ben\u00e4gen att drabbas av depression n\u00e4r du st\u00f6der dig p\u00e5 dessa sm\u00e4rtsamma k\u00e4nslor och k\u00e4nslor. <\/p>\n<p>  Det \u00e4r viktigt att du kommer ih\u00e5g att komma ih\u00e5g alla m\u00e4nniskor som verkligen bryr sig om dig. <\/p>\n<p>  Du ger mycket av din k\u00e4rlek till andra och ibland kan du gl\u00f6mma att du ocks\u00e5 f\u00f6rtj\u00e4nar det. <\/p>\n<p>  G\u00f6m dig inte. <\/p>\n<p>  L\u00e5t dig h\u00e5llas.<\/p>\n<h2 class=\"wp-block-heading\" id=\"august\"><span class=\"ez-toc-section\" id=\"augusti\"><\/span><span class=\"ez-toc-section\" id=\"Agosto\"><\/span><strong>augusti<\/strong><span class=\"ez-toc-section-end\"><\/span><span class=\"ez-toc-section-end\"><\/span><\/h2>\n<h3 class=\"wp-block-heading\" id=\"at-your-best\"><span class=\"ez-toc-section\" id=\"pa_ditt_basta\"><\/span><span class=\"ez-toc-section\" id=\"en_tu_mejor_momento-8\"><\/span>p\u00e5 ditt b\u00e4sta<span class=\"ez-toc-section-end\"><\/span><span class=\"ez-toc-section-end\"><\/span><\/h3>\n<p>Om du \u00e4r f\u00f6dd i augusti \u00e4r du som b\u00e4st en lysande stj\u00e4rna n\u00e4r det kommer till gemenskap och bindning med omgivningen. <\/p>\n<p>  Han \u00e4r k\u00e4nd som en fullst\u00e4ndig och mycket k\u00e4rleksfull m\u00e4nniska, och v\u00e4rdes\u00e4tter m\u00e5nga av de traditionella sakerna i livet. <\/p>\n<p>  Han jobbar h\u00e5rt f\u00f6r att uppr\u00e4tth\u00e5lla sina relationer, f\u00f6r att st\u00f6dja dem runt omkring honom, f\u00f6r att leda med avsikt och \u00e4rlighet och f\u00f6r att visa upp sig s\u00e5 mycket som m\u00f6jligt varhelst han beh\u00f6vs. <\/p>\n<p>  Du \u00e4r p\u00e5litlig och en genuint uppriktig sj\u00e4l. <\/p>\n<p>  Du ser det goda i alla och str\u00e4var efter att f\u00e5 ut det goda ur dem. <\/p>\n<p>  Folk har tur som har dig i sina liv.<\/p>\n<h3 class=\"wp-block-heading\" id=\"at-your-worst\"><span class=\"ez-toc-section\" id=\"nar_du_ar_som_varst-8\"><\/span><span class=\"ez-toc-section\" id=\"En_tu_peor_momento-8\"><\/span>n\u00e4r du \u00e4r som v\u00e4rst<span class=\"ez-toc-section-end\"><\/span><span class=\"ez-toc-section-end\"><\/span><\/h3>\n<p>Men ibland kan det arbeta f\u00f6r h\u00e5rt och sprid ut dig i jakten p\u00e5 att vara allt f\u00f6r alla omkring dig. <\/p>\n<p>  I v\u00e4rsta fall \u00e4r du utbr\u00e4nd och k\u00e4nslom\u00e4ssigt utmattad, eftersom ditt glas ofta t\u00f6ms av sig sj\u00e4lv. <\/p>\n<p>  Du \u00f6verger dig sj\u00e4lv och dina gr\u00e4nser och pressar dig sj\u00e4lv till gr\u00e4nsen till utmattning. <\/p>\n<p>  Din st\u00f6rsta svaghet kommer ofta i form av h\u00e4lsorelaterade problem som beror p\u00e5 att du \u00e4r \u00f6veranstr\u00e4ngd. <\/p>\n<p>  Kom ih\u00e5g: du r\u00e4cker till f\u00f6r de m\u00e4nniskor som \u00e4lskar dig. <\/p>\n<p>  Du beh\u00f6ver inte vara perfekt f\u00f6r att bli utvald. <\/p>\n<p>  Du beh\u00f6ver inte l\u00e4gga ner s\u00e5 mycket energi f\u00f6r att bli \u00e4lskad. <\/p>\n<p>  Du f\u00e5r ge en del av din energi till dig sj\u00e4lv. <\/p>\n<p>  Du f\u00e5r ocks\u00e5 ta dig tid att fylla i din. <\/p>\n<h2 class=\"wp-block-heading\" id=\"september\"><span class=\"ez-toc-section\" id=\"september\"><\/span><span class=\"ez-toc-section\" id=\"Septiembre\"><\/span><strong>september<\/strong><span class=\"ez-toc-section-end\"><\/span><span class=\"ez-toc-section-end\"><\/span><\/h2>\n<h3 class=\"wp-block-heading\" id=\"at-your-best\"><span class=\"ez-toc-section\" id=\"pa_ditt_basta-2\"><\/span><span class=\"ez-toc-section\" id=\"en_tu_mejor_momento-9\"><\/span>p\u00e5 ditt b\u00e4sta<span class=\"ez-toc-section-end\"><\/span><span class=\"ez-toc-section-end\"><\/span><\/h3>\n<p>Om du \u00e4r f\u00f6dd i september \u00e4r du som b\u00e4st en mycket intelligent och andlig sj\u00e4l. <\/p>\n<p>  Du \u00e4r kopplad till b\u00e5de det h\u00e4r livets sk\u00f6nhet och den v\u00f6rdnad som kommer av att f\u00f6rst\u00e5 det p\u00e5 en niv\u00e5 som de flesta inte f\u00f6rst\u00e5r. <\/p>\n<p>  Ditt sinne \u00e4r extraordin\u00e4rt, och att dela det med andra \u00e4r en av dina st\u00f6rsta g\u00e5vor. <\/p>\n<p>  Du har f\u00f6rm\u00e5gan att g\u00f6ra det mesta som f\u00f6r\u00e4ndrar v\u00e4rlden med ditt intellekt, och n\u00e4r du verkligen st\u00f6der dig p\u00e5 kraften som kommer fr\u00e5n ditt s\u00e4tt att t\u00e4nka kan du flytta berg. <\/p>\n<p>  Du \u00e4r verkligen ostoppbar.<\/p>\n<h3 class=\"wp-block-heading\" id=\"at-your-worst\"><span class=\"ez-toc-section\" id=\"nar_du_ar_som_varst-9\"><\/span><span class=\"ez-toc-section\" id=\"En_tu_peor_momento-9\"><\/span>n\u00e4r du \u00e4r som v\u00e4rst<span class=\"ez-toc-section-end\"><\/span><span class=\"ez-toc-section-end\"><\/span><\/h3>\n<p>Men i v\u00e4rsta fall \u00e4r du ben\u00e4gen att drabbas av depression p\u00e5 grund av att du \u00f6vert\u00e4nker och ofta \u00f6veranalyserar omv\u00e4rlden. <\/p>\n<p>  Du ser s\u00e5 mycket f\u00f6rundran i allt som fyller din atmosf\u00e4r, men dina upplevelser inom den, dina f\u00f6rbindelser, din resa i sig, alla kommer under n\u00e4stan f\u00f6rh\u00f6rande unders\u00f6kningar, och din inre kritiker p\u00e5verkar dig att spiral. <\/p>\n<p>  Det \u00e4r viktigt att komma ih\u00e5g att ta en stund och pausa n\u00e4rhelst du k\u00e4nner att p\u00e5tr\u00e4ngande tankar f\u00f6rs\u00f6ker ber\u00f6va dig den godhet som livet k\u00e4mpar f\u00f6r att visa dig. <\/p>\n<p>  Omfamna dina v\u00e4rdefulla \u00f6gonblick och f\u00f6rbli n\u00e4rvarande i dem. <\/p>\n<p>  G\u00f6r ditt sinne till en vacker plats att vara och var sn\u00e4ll mot det. <\/p>\n<p>  Du f\u00f6rtj\u00e4nar den typen av fred.<\/p>\n<h2 class=\"wp-block-heading\" id=\"october\"><span class=\"ez-toc-section\" id=\"oktober\"><\/span><span class=\"ez-toc-section\" id=\"Octubre\"><\/span><strong>oktober<\/strong><span class=\"ez-toc-section-end\"><\/span><span class=\"ez-toc-section-end\"><\/span><\/h2>\n<h3 class=\"wp-block-heading\" id=\"at-your-best\"><span class=\"ez-toc-section\" id=\"pa_ditt_basta-3\"><\/span><span class=\"ez-toc-section\" id=\"en_tu_mejor_momento-10\"><\/span>p\u00e5 ditt b\u00e4sta<span class=\"ez-toc-section-end\"><\/span><span class=\"ez-toc-section-end\"><\/span><\/h3>\n<p>Om du \u00e4r f\u00f6dd i oktober, i dina b\u00e4sta \u00e5r, \u00e4r du den typen av person som uppn\u00e5r vad du \u00e4n l\u00e4gger din energi p\u00e5. <\/p>\n<p>  N\u00e4r du best\u00e4mmer dig f\u00f6r ett m\u00e5l n\u00e5r du n\u00e4stan alltid det och du har en uth\u00e5llighet inom dig som \u00e4r imponerande. <\/p>\n<p>  Eftersom du tror att du skapar ditt eget \u00f6de \u00e4r du v\u00e4ldigt optimistisk och l\u00e4gger all din energi p\u00e5 att skapa ett s\u00e5dant liv f\u00f6r dig sj\u00e4lv som du kan vara stolt \u00f6ver. <\/p>\n<p>  Du har orubblig tilltro till dina f\u00f6rm\u00e5gor, och n\u00e4r du st\u00e5r f\u00f6r n\u00e5got g\u00f6r du det av hela ditt hj\u00e4rta. <\/p>\n<p>  Du ger hela din sj\u00e4l till k\u00e4rleken, till dina passioner och till de saker i det h\u00e4r livet som v\u00e4cker din nyfikenhet. <\/p>\n<p>  Du \u00e4r verkligen definitionen av \u00aball de hecho\u00bb. <\/p>\n<h3 class=\"wp-block-heading\" id=\"at-your-worst\"><span class=\"ez-toc-section\" id=\"nar_du_ar_som_varst-10\"><\/span><span class=\"ez-toc-section\" id=\"En_tu_peor_momento-10\"><\/span>n\u00e4r du \u00e4r som v\u00e4rst<span class=\"ez-toc-section-end\"><\/span><span class=\"ez-toc-section-end\"><\/span><\/h3>\n<p>Men allt som har f\u00f6rm\u00e5gan att komma i v\u00e4gen f\u00f6r att uppn\u00e5 dina m\u00e5l, eller sv\u00e5righeter i livet som tvingar dig att l\u00e4gga din energi p\u00e5 saker du helst inte vill g\u00f6ra, kan leda till att du k\u00e4nner dig \u00f6verv\u00e4ldigande irriterad. <\/p>\n<p>  Du l\u00e4gger s\u00e5 mycket passion i allt du g\u00f6r, men detta g\u00f6r ocks\u00e5 att du har f\u00f6rm\u00e5gan att l\u00e4gga det i din ilska och mindre efectiva k\u00e4nslor. <\/p>\n<p>  N\u00e4r saker och ting inte g\u00e5r som du vill kan du vara v\u00e4ldigt h\u00e4mndlysten. <\/p>\n<p>  Det \u00e4r viktigt att komma ih\u00e5g att vissa saker i ditt liv tas bort s\u00e5 att b\u00e4ttre kan ta deras plats. <\/p>\n<p>  Du kan omdirigera din energi och fokusera p\u00e5 sk\u00f6nheten som du \u00e4r kapabel att skapa f\u00f6r dig sj\u00e4lv, ist\u00e4llet f\u00f6r att h\u00e5lla fast vid allt som inte har gett resultat. <\/p>\n<p>  Lita p\u00e5 det som f\u00f6rsvinner. <\/p>\n<p>  Lita p\u00e5 vad som komma skall.<\/p>\n<h2 class=\"wp-block-heading\" id=\"november\"><span class=\"ez-toc-section\" id=\"november\"><\/span><span class=\"ez-toc-section\" id=\"Noviembre\"><\/span><strong>november<\/strong><span class=\"ez-toc-section-end\"><\/span><span class=\"ez-toc-section-end\"><\/span><\/h2>\n<h3 class=\"wp-block-heading\" id=\"at-your-best\"><span class=\"ez-toc-section\" id=\"pa_ditt_basta-4\"><\/span><span class=\"ez-toc-section\" id=\"en_tu_mejor_momento-11\"><\/span>p\u00e5 ditt b\u00e4sta<span class=\"ez-toc-section-end\"><\/span><span class=\"ez-toc-section-end\"><\/span><\/h3>\n<p>Om du \u00e4r f\u00f6dd i november \u00e4r du som b\u00e4st medk\u00e4nnande, positiv och din intuition fungerar p\u00e5 en n\u00e4stan psykisk niv\u00e5. <\/p>\n<p>  Du k\u00e4nner allt v\u00e4ldigt djupt i den h\u00e4r v\u00e4rlden och du f\u00f6rbinder dig med det p\u00e5 ett transcendent s\u00e4tt. <\/p>\n<p>  Av alla andra f\u00f6delsem\u00e5nader \u00e4r du den typ av person som de flesta skulle \u00f6verv\u00e4ga att vara empati. <\/p>\n<p>  Du \u00e4r \u00f6ppen f\u00f6r denna v\u00e4rld och mottaglig f\u00f6r dess g\u00e5vor och all sk\u00f6nhet den har att erbjuda. <\/p>\n<p>  P\u00e5 dina b\u00e4sta dagar utstr\u00e5lar du verkligen en l\u00e4tthet som lugnar andra och hj\u00e4lper dem att k\u00e4nna sig sedda och trygga i din energi. <\/p>\n<p>  Dina band \u00e4r eviga.<\/p>\n<h3 class=\"wp-block-heading\" id=\"at-your-worst\"><span class=\"ez-toc-section\" id=\"nar_du_ar_som_varst-11\"><\/span><span class=\"ez-toc-section\" id=\"En_tu_peor_momento-11\"><\/span>n\u00e4r du \u00e4r som v\u00e4rst<span class=\"ez-toc-section-end\"><\/span><span class=\"ez-toc-section-end\"><\/span><\/h3>\n<p>Men med djup k\u00e4nslighet kommer ett otroligt behov av att s\u00e4tta gr\u00e4nser. <\/p>\n<p>  Ibland kan du k\u00e4nna dig \u00f6verv\u00e4ldigad av din f\u00f6rm\u00e5ga att ta del av andras k\u00e4nslor och upplevelser. <\/p>\n<p>  Ibland \u00e4r saker sv\u00e5ra att ta och du kan k\u00e4nna dig tyngd av andras b\u00f6rdor och din medk\u00e4nsla f\u00f6r dem mitt i deras kamp. <\/p>\n<p>  P\u00e5 grund av detta kan du utveckla stressrelaterade sjukdomar och \u00e4r ben\u00e4gen att hantera kronisk tr\u00f6tthet och depression. <\/p>\n<p>  Det \u00e4r viktigt att komma ih\u00e5g att dra ur kontakten d\u00e5 och d\u00e5. <\/p>\n<p>  Du kan inte alltid vara energiskt i samklang med v\u00e4rlden omkring dig, du m\u00e5ste l\u00e4ra dig att luta dig in i v\u00e4rlden som \u00e4r ditt eget sinne, din egen sj\u00e4l och dina egna k\u00e4nslor. <\/p>\n<p>  Du f\u00e5r v\u00e4lja dina egna gr\u00e4nser. <\/p>\n<p>  Du f\u00e5r frig\u00f6ra dig fr\u00e5n k\u00e4nslor och f\u00f6rnimmelser som du helst inte vill b\u00e4ra p\u00e5 egen hand.<\/p>\n<h2 class=\"wp-block-heading\" id=\"december\"><span class=\"ez-toc-section\" id=\"december\"><\/span><span class=\"ez-toc-section\" id=\"Diciembre\"><\/span><strong>december<\/strong><span class=\"ez-toc-section-end\"><\/span><span class=\"ez-toc-section-end\"><\/span><\/h2>\n<h3 class=\"wp-block-heading\" id=\"at-your-best\"><span class=\"ez-toc-section\" id=\"pa_ditt_basta-5\"><\/span><span class=\"ez-toc-section\" id=\"en_tu_mejor_momento-12\"><\/span>p\u00e5 ditt b\u00e4sta<span class=\"ez-toc-section-end\"><\/span><span class=\"ez-toc-section-end\"><\/span><\/h3>\n<p>Om du \u00e4r f\u00f6dd i december, i dina b\u00e4sta \u00e5r, \u00e4r du en \u00f6verv\u00e4ldigande lycklig m\u00e4nniska. <\/p>\n<p>  Bra saker kommer till dig i en alarmerande takt, det \u00e4r som om du kallade dem f\u00f6r att bara \u00f6nska eller t\u00e4nka p\u00e5 dem. <\/p>\n<p>  Du har tur n\u00e4r det kommer till k\u00e4rlek, n\u00e4r det kommer till rikedom, n\u00e4r det kommer till framg\u00e5ng och jakten p\u00e5 dina passioner. <\/p>\n<p>  Andra kanske drar sk\u00e4mt om hur saker tenderar att falla i ditt kn\u00e4 och fungera till din f\u00f6rdel, och de har inte fel. <\/p>\n<p>  Universum \u00e4r konsekvent gener\u00f6st mot dig och du \u00e4r i ett konstant tillst\u00e5nd av bel\u00f6ning. <\/p>\n<h3 class=\"wp-block-heading\" id=\"at-your-worst\"><span class=\"ez-toc-section\" id=\"nar_du_ar_som_varst-12\"><\/span><span class=\"ez-toc-section\" id=\"En_tu_peor_momento-12\"><\/span>n\u00e4r du \u00e4r som v\u00e4rst<span class=\"ez-toc-section-end\"><\/span><span class=\"ez-toc-section-end\"><\/span><\/h3>\n<p>Men faran med att inse hur lyckligt lottad du har i den h\u00e4r v\u00e4rlden \u00e4r att det ibland kan f\u00e5 dig att k\u00e4nna dig od\u00f6dlig. <\/p>\n<p>  Om du forts\u00e4tter att tro att allt \u00e4r ditt och att det inte finns n\u00e5gra konsekvenser f\u00f6r n\u00e5gon handling eftersom saker alltid brukar fungera till din f\u00f6rdel, kan du f\u00f6rs\u00e4tta dig sj\u00e4lv i riskfyllda positioner och hamna i skadliga situationer. <\/p>\n<p>  Det \u00e4r viktigt att p\u00e5minna dig sj\u00e4lv om att du \u00e4r m\u00e4nniska och att det alltid kommer att f\u00e5 konsekvenser f\u00f6r vissa handlingar. <\/p>\n<p>  Du m\u00e5ste ta hand om dig sj\u00e4lv med samma m\u00e4ngd energi som du tror att universum l\u00e4gger p\u00e5 att ta hand om dig. <\/p>\n<p>  Acceptera din tur, men tryck inte p\u00e5 den.<\/p>\n<p>Vi hoppas att du gillade v\u00e5r artikel Dina b\u00e4sta och s\u00e4msta egenskaper, enligt dig och allt relaterat till horoskop, tarot, ritualer och allt relaterat&#8230;<\/p>\n<figure class=\"wp-block-table is-style-regular\">\n<\/figure>\n<p>Intressanta saker att veta inneb\u00f6rden: Horoskop  <\/p>\n<p>\u00c4ven h\u00e4r l\u00e4mnar vi \u00e4mnen relaterade till: Horoskop<\/p>\n<\/p>\n<p><\/p>\n<p>Vi hoppas att du gillade v\u00e5r artikel Dina b\u00e4sta och s\u00e4msta egenskaper, enligt din<br \/>\n och allt om horoskop, tarot, ritualer och allt relaterat till det &#8230;<\/p>\n<figure class=\"wp-block-table is-style-regular\">\n<table style=\"width: 284px; height: 157px;\">\n<tbody>\n<tr>\n<td class=\"has-text-align-center\" data-align=\"center\"><img loading=\"lazy\" decoding=\"async\" class=\"alignleft\" src=\" https:\/\/goroskop.tv\/wp-content\/uploads\/2023\/05\/horoscopodo12.jpg \" alt=\" Dina b\u00e4sta och s\u00e4msta egenskaper, enligt din\n \" width=\"65\" height=\"95\" title=\"\"><img loading=\"lazy\" decoding=\"async\" class=\"alignleft\" style=\"width: 60px;\" src=\" https:\/\/goroskop.tv\/wp-content\/uploads\/2023\/05\/horoscopodo11.jpg \" alt=\" Dina b\u00e4sta och s\u00e4msta egenskaper, enligt din\n \" width=\"195\" height=\"300\" title=\"\"><img decoding=\"async\" class=\"alignleft\" style=\"width: 60px;\" src=\" https:\/\/goroskop.tv\/wp-content\/uploads\/2023\/05\/horoscopodo10.jpg \" alt=\" Dina b\u00e4sta och s\u00e4msta egenskaper, enligt din\n \" title=\"\"><\/td>\n<\/tr>\n<\/tbody>\n<\/table>\n<\/figure>\n<p>Intressanta saker att veta inneb\u00f6rden: <a href=\"https:\/\/sv.wikipedia.org\/wiki\/Horoskop\" target=\"_blank\" rel=\"nofollow noopener\"> Horoskop <\/a> <\/p>\n<p>H\u00e4r l\u00e4mnar vi ocks\u00e5 \u00e4mnen relaterade till: <a href=\" https:\/\/goroskop.tv\/sw\/den-perfekta-kandispojkvannen-for-dig\/\">Horoskop<\/a> <\/p>\n<div id=\"ez-toc-container\" class=\"ez-toc-v2_0_82_2 ez-toc-wrap-center counter-hierarchy ez-toc-counter ez-toc-grey ez-toc-container-direction\">\n<div class=\"ez-toc-title-container\">\n<div class=\"ez-toc-title\" style=\"cursor:inherit\">Table of Contents<\/div>\n<span class=\"ez-toc-title-toggle\"><a href=\"#\" class=\"ez-toc-pull-right ez-toc-btn ez-toc-btn-xs ez-toc-btn-default ez-toc-toggle\" aria-label=\"Alternar tabla de contenidos\"><span class=\"ez-toc-js-icon-con\"><span class=\"\"><span class=\"eztoc-hide\" style=\"display:none;\">Toggle<\/span><span class=\"ez-toc-icon-toggle-span\"><svg style=\"fill: #999;color:#999\" xmlns=\"http:\/\/www.w3.org\/2000\/svg\" class=\"list-377408\" width=\"20px\" height=\"20px\" viewBox=\"0 0 24 24\" fill=\"none\"><path d=\"M6 6H4v2h2V6zm14 0H8v2h12V6zM4 11h2v2H4v-2zm16 0H8v2h12v-2zM4 16h2v2H4v-2zm16 0H8v2h12v-2z\" fill=\"currentColor\"><\/path><\/svg><svg style=\"fill: #999;color:#999\" class=\"arrow-unsorted-368013\" xmlns=\"http:\/\/www.w3.org\/2000\/svg\" width=\"10px\" height=\"10px\" viewBox=\"0 0 24 24\" version=\"1.2\" baseProfile=\"tiny\"><path d=\"M18.2 9.3l-6.2-6.3-6.2 6.3c-.2.2-.3.4-.3.7s.1.5.3.7c.2.2.4.3.7.3h11c.3 0 .5-.1.7-.3.2-.2.3-.5.3-.7s-.1-.5-.3-.7zM5.8 14.7l6.2 6.3 6.2-6.3c.2-.2.3-.5.3-.7s-.1-.5-.3-.7c-.2-.2-.4-.3-.7-.3h-11c-.3 0-.5.1-.7.3-.2.2-.3.5-.3.7s.1.5.3.7z\"\/><\/svg><\/span><\/span><\/span><\/a><\/span><\/div>\n<nav><ul class='ez-toc-list ez-toc-list-level-1 eztoc-toggle-hide-by-default' ><li class='ez-toc-page-1 ez-toc-heading-level-2'><a class=\"ez-toc-link ez-toc-heading-1\" href=\"https:\/\/goroskop.tv\/sw\/dina-basta-och-samsta-egenskaper-enligt-din\/#Dina_basta_och_samsta_egenskaper_enligt_din\" >Dina b\u00e4sta och s\u00e4msta egenskaper, enligt din<\/a><\/li><li class='ez-toc-page-1 ez-toc-heading-level-2'><a class=\"ez-toc-link ez-toc-heading-2\" href=\"https:\/\/goroskop.tv\/sw\/dina-basta-och-samsta-egenskaper-enligt-din\/#januari\" >januari<\/a><ul class='ez-toc-list-level-3' ><li class='ez-toc-heading-level-3'><a class=\"ez-toc-link ez-toc-heading-3\" href=\"https:\/\/goroskop.tv\/sw\/dina-basta-och-samsta-egenskaper-enligt-din\/#nar_du_ar_som_bast\" >n\u00e4r du \u00e4r som b\u00e4st<\/a><\/li><li class='ez-toc-page-1 ez-toc-heading-level-3'><a class=\"ez-toc-link ez-toc-heading-4\" href=\"https:\/\/goroskop.tv\/sw\/dina-basta-och-samsta-egenskaper-enligt-din\/#nar_du_ar_som_varst\" >n\u00e4r du \u00e4r som v\u00e4rst<\/a><\/li><\/ul><\/li><li class='ez-toc-page-1 ez-toc-heading-level-2'><a class=\"ez-toc-link ez-toc-heading-5\" href=\"https:\/\/goroskop.tv\/sw\/dina-basta-och-samsta-egenskaper-enligt-din\/#februari\" >februari<\/a><ul class='ez-toc-list-level-3' ><li class='ez-toc-heading-level-3'><a class=\"ez-toc-link ez-toc-heading-6\" href=\"https:\/\/goroskop.tv\/sw\/dina-basta-och-samsta-egenskaper-enligt-din\/#nar_du_ar_som_bast-2\" >n\u00e4r du \u00e4r som b\u00e4st<\/a><\/li><li class='ez-toc-page-1 ez-toc-heading-level-3'><a class=\"ez-toc-link ez-toc-heading-7\" href=\"https:\/\/goroskop.tv\/sw\/dina-basta-och-samsta-egenskaper-enligt-din\/#nar_du_ar_som_varst-2\" >n\u00e4r du \u00e4r som v\u00e4rst<\/a><\/li><\/ul><\/li><li class='ez-toc-page-1 ez-toc-heading-level-2'><a class=\"ez-toc-link ez-toc-heading-8\" href=\"https:\/\/goroskop.tv\/sw\/dina-basta-och-samsta-egenskaper-enligt-din\/#Mars\" >Mars<\/a><ul class='ez-toc-list-level-3' ><li class='ez-toc-heading-level-3'><a class=\"ez-toc-link ez-toc-heading-9\" href=\"https:\/\/goroskop.tv\/sw\/dina-basta-och-samsta-egenskaper-enligt-din\/#nar_du_ar_som_bast-3\" >n\u00e4r du \u00e4r som b\u00e4st<\/a><\/li><li class='ez-toc-page-1 ez-toc-heading-level-3'><a class=\"ez-toc-link ez-toc-heading-10\" href=\"https:\/\/goroskop.tv\/sw\/dina-basta-och-samsta-egenskaper-enligt-din\/#nar_du_ar_som_varst-3\" >n\u00e4r du \u00e4r som v\u00e4rst<\/a><\/li><\/ul><\/li><li class='ez-toc-page-1 ez-toc-heading-level-2'><a class=\"ez-toc-link ez-toc-heading-11\" href=\"https:\/\/goroskop.tv\/sw\/dina-basta-och-samsta-egenskaper-enligt-din\/#april\" >april<\/a><ul class='ez-toc-list-level-3' ><li class='ez-toc-heading-level-3'><a class=\"ez-toc-link ez-toc-heading-12\" href=\"https:\/\/goroskop.tv\/sw\/dina-basta-och-samsta-egenskaper-enligt-din\/#nar_du_ar_som_bast-4\" >n\u00e4r du \u00e4r som b\u00e4st<\/a><\/li><li class='ez-toc-page-1 ez-toc-heading-level-3'><a class=\"ez-toc-link ez-toc-heading-13\" href=\"https:\/\/goroskop.tv\/sw\/dina-basta-och-samsta-egenskaper-enligt-din\/#nar_du_ar_som_varst-4\" >n\u00e4r du \u00e4r som v\u00e4rst<\/a><\/li><\/ul><\/li><li class='ez-toc-page-1 ez-toc-heading-level-2'><a class=\"ez-toc-link ez-toc-heading-14\" href=\"https:\/\/goroskop.tv\/sw\/dina-basta-och-samsta-egenskaper-enligt-din\/#Burk\" >Burk<\/a><ul class='ez-toc-list-level-3' ><li class='ez-toc-heading-level-3'><a class=\"ez-toc-link ez-toc-heading-15\" href=\"https:\/\/goroskop.tv\/sw\/dina-basta-och-samsta-egenskaper-enligt-din\/#nar_du_ar_som_bast-5\" >n\u00e4r du \u00e4r som b\u00e4st<\/a><\/li><li class='ez-toc-page-1 ez-toc-heading-level-3'><a class=\"ez-toc-link ez-toc-heading-16\" href=\"https:\/\/goroskop.tv\/sw\/dina-basta-och-samsta-egenskaper-enligt-din\/#nar_du_ar_som_varst-5\" >n\u00e4r du \u00e4r som v\u00e4rst<\/a><\/li><\/ul><\/li><li class='ez-toc-page-1 ez-toc-heading-level-2'><a class=\"ez-toc-link ez-toc-heading-17\" href=\"https:\/\/goroskop.tv\/sw\/dina-basta-och-samsta-egenskaper-enligt-din\/#juni\" >juni<\/a><ul class='ez-toc-list-level-3' ><li class='ez-toc-heading-level-3'><a class=\"ez-toc-link ez-toc-heading-18\" href=\"https:\/\/goroskop.tv\/sw\/dina-basta-och-samsta-egenskaper-enligt-din\/#nar_du_ar_som_bast-6\" >n\u00e4r du \u00e4r som b\u00e4st<\/a><\/li><li class='ez-toc-page-1 ez-toc-heading-level-3'><a class=\"ez-toc-link ez-toc-heading-19\" href=\"https:\/\/goroskop.tv\/sw\/dina-basta-och-samsta-egenskaper-enligt-din\/#nar_du_ar_som_varst-6\" >n\u00e4r du \u00e4r som v\u00e4rst<\/a><\/li><\/ul><\/li><li class='ez-toc-page-1 ez-toc-heading-level-2'><a class=\"ez-toc-link ez-toc-heading-20\" href=\"https:\/\/goroskop.tv\/sw\/dina-basta-och-samsta-egenskaper-enligt-din\/#juli\" >juli<\/a><ul class='ez-toc-list-level-3' ><li class='ez-toc-heading-level-3'><a class=\"ez-toc-link ez-toc-heading-21\" href=\"https:\/\/goroskop.tv\/sw\/dina-basta-och-samsta-egenskaper-enligt-din\/#nar_du_ar_som_bast-7\" >n\u00e4r du \u00e4r som b\u00e4st<\/a><\/li><li class='ez-toc-page-1 ez-toc-heading-level-3'><a class=\"ez-toc-link ez-toc-heading-22\" href=\"https:\/\/goroskop.tv\/sw\/dina-basta-och-samsta-egenskaper-enligt-din\/#nar_du_ar_som_varst-7\" >n\u00e4r du \u00e4r som v\u00e4rst<\/a><\/li><\/ul><\/li><li class='ez-toc-page-1 ez-toc-heading-level-2'><a class=\"ez-toc-link ez-toc-heading-23\" href=\"https:\/\/goroskop.tv\/sw\/dina-basta-och-samsta-egenskaper-enligt-din\/#augusti\" >augusti<\/a><ul class='ez-toc-list-level-3' ><li class='ez-toc-heading-level-3'><a class=\"ez-toc-link ez-toc-heading-24\" href=\"https:\/\/goroskop.tv\/sw\/dina-basta-och-samsta-egenskaper-enligt-din\/#pa_ditt_basta\" >p\u00e5 ditt b\u00e4sta<\/a><\/li><li class='ez-toc-page-1 ez-toc-heading-level-3'><a class=\"ez-toc-link ez-toc-heading-25\" href=\"https:\/\/goroskop.tv\/sw\/dina-basta-och-samsta-egenskaper-enligt-din\/#nar_du_ar_som_varst-8\" >n\u00e4r du \u00e4r som v\u00e4rst<\/a><\/li><\/ul><\/li><li class='ez-toc-page-1 ez-toc-heading-level-2'><a class=\"ez-toc-link ez-toc-heading-26\" href=\"https:\/\/goroskop.tv\/sw\/dina-basta-och-samsta-egenskaper-enligt-din\/#september\" >september<\/a><ul class='ez-toc-list-level-3' ><li class='ez-toc-heading-level-3'><a class=\"ez-toc-link ez-toc-heading-27\" href=\"https:\/\/goroskop.tv\/sw\/dina-basta-och-samsta-egenskaper-enligt-din\/#pa_ditt_basta-2\" >p\u00e5 ditt b\u00e4sta<\/a><\/li><li class='ez-toc-page-1 ez-toc-heading-level-3'><a class=\"ez-toc-link ez-toc-heading-28\" href=\"https:\/\/goroskop.tv\/sw\/dina-basta-och-samsta-egenskaper-enligt-din\/#nar_du_ar_som_varst-9\" >n\u00e4r du \u00e4r som v\u00e4rst<\/a><\/li><\/ul><\/li><li class='ez-toc-page-1 ez-toc-heading-level-2'><a class=\"ez-toc-link ez-toc-heading-29\" href=\"https:\/\/goroskop.tv\/sw\/dina-basta-och-samsta-egenskaper-enligt-din\/#oktober\" >oktober<\/a><ul class='ez-toc-list-level-3' ><li class='ez-toc-heading-level-3'><a class=\"ez-toc-link ez-toc-heading-30\" href=\"https:\/\/goroskop.tv\/sw\/dina-basta-och-samsta-egenskaper-enligt-din\/#pa_ditt_basta-3\" >p\u00e5 ditt b\u00e4sta<\/a><\/li><li class='ez-toc-page-1 ez-toc-heading-level-3'><a class=\"ez-toc-link ez-toc-heading-31\" href=\"https:\/\/goroskop.tv\/sw\/dina-basta-och-samsta-egenskaper-enligt-din\/#nar_du_ar_som_varst-10\" >n\u00e4r du \u00e4r som v\u00e4rst<\/a><\/li><\/ul><\/li><li class='ez-toc-page-1 ez-toc-heading-level-2'><a class=\"ez-toc-link ez-toc-heading-32\" href=\"https:\/\/goroskop.tv\/sw\/dina-basta-och-samsta-egenskaper-enligt-din\/#november\" >november<\/a><ul class='ez-toc-list-level-3' ><li class='ez-toc-heading-level-3'><a class=\"ez-toc-link ez-toc-heading-33\" href=\"https:\/\/goroskop.tv\/sw\/dina-basta-och-samsta-egenskaper-enligt-din\/#pa_ditt_basta-4\" >p\u00e5 ditt b\u00e4sta<\/a><\/li><li class='ez-toc-page-1 ez-toc-heading-level-3'><a class=\"ez-toc-link ez-toc-heading-34\" href=\"https:\/\/goroskop.tv\/sw\/dina-basta-och-samsta-egenskaper-enligt-din\/#nar_du_ar_som_varst-11\" >n\u00e4r du \u00e4r som v\u00e4rst<\/a><\/li><\/ul><\/li><li class='ez-toc-page-1 ez-toc-heading-level-2'><a class=\"ez-toc-link ez-toc-heading-35\" href=\"https:\/\/goroskop.tv\/sw\/dina-basta-och-samsta-egenskaper-enligt-din\/#december\" >december<\/a><ul class='ez-toc-list-level-3' ><li class='ez-toc-heading-level-3'><a class=\"ez-toc-link ez-toc-heading-36\" href=\"https:\/\/goroskop.tv\/sw\/dina-basta-och-samsta-egenskaper-enligt-din\/#pa_ditt_basta-5\" >p\u00e5 ditt b\u00e4sta<\/a><\/li><li class='ez-toc-page-1 ez-toc-heading-level-3'><a class=\"ez-toc-link ez-toc-heading-37\" href=\"https:\/\/goroskop.tv\/sw\/dina-basta-och-samsta-egenskaper-enligt-din\/#nar_du_ar_som_varst-12\" >n\u00e4r du \u00e4r som v\u00e4rst<\/a><\/li><\/ul><\/li><\/ul><\/nav><\/div>\n","protected":false},"excerpt":{"rendered":"<p>Dina b\u00e4sta och s\u00e4msta egenskaper, enligt din januari n\u00e4r du \u00e4r som b\u00e4st Om du \u00e4r f\u00f6dd i januari, n\u00e4r du \u00e4r som b\u00e4st, sticker du ut fr\u00e5n m\u00e4ngden och folk f\u00f6ljer dig naturligtvis utan att tveka eftersom du verkligen lutar mot en tyst men \u00e4nd\u00e5 kraftfull karisma. Du har en orubblig f\u00f6rm\u00e5ga att f\u00e5 &hellip;<\/p>\n","protected":false},"author":1,"featured_media":50,"comment_status":"closed","ping_status":"closed","sticky":false,"template":"","format":"standard","meta":{"footnotes":""},"categories":[2],"tags":[22,88,1282,1614,19,40,1085],"class_list":["post-23247","post","type-post","status-publish","format-standard","has-post-thumbnail","hentry","category-horoskop","tag-basta","tag-din","tag-dina","tag-egenskaper","tag-enligt","tag-och","tag-samsta"],"_links":{"self":[{"href":"https:\/\/goroskop.tv\/sw\/wp-json\/wp\/v2\/posts\/23247","targetHints":{"allow":["GET"]}}],"collection":[{"href":"https:\/\/goroskop.tv\/sw\/wp-json\/wp\/v2\/posts"}],"about":[{"href":"https:\/\/goroskop.tv\/sw\/wp-json\/wp\/v2\/types\/post"}],"author":[{"embeddable":true,"href":"https:\/\/goroskop.tv\/sw\/wp-json\/wp\/v2\/users\/1"}],"replies":[{"embeddable":true,"href":"https:\/\/goroskop.tv\/sw\/wp-json\/wp\/v2\/comments?post=23247"}],"version-history":[{"count":0,"href":"https:\/\/goroskop.tv\/sw\/wp-json\/wp\/v2\/posts\/23247\/revisions"}],"wp:featuredmedia":[{"embeddable":true,"href":"https:\/\/goroskop.tv\/sw\/wp-json\/wp\/v2\/media\/50"}],"wp:attachment":[{"href":"https:\/\/goroskop.tv\/sw\/wp-json\/wp\/v2\/media?parent=23247"}],"wp:term":[{"taxonomy":"category","embeddable":true,"href":"https:\/\/goroskop.tv\/sw\/wp-json\/wp\/v2\/categories?post=23247"},{"taxonomy":"post_tag","embeddable":true,"href":"https:\/\/goroskop.tv\/sw\/wp-json\/wp\/v2\/tags?post=23247"}],"curies":[{"name":"wp","href":"https:\/\/api.w.org\/{rel}","templated":true}]}}