{"id":24376,"date":"2023-08-23T18:04:15","date_gmt":"2023-08-23T18:04:15","guid":{"rendered":"https:\/\/goroskop.tv\/sw\/vilken-farg-har-fodelsestenen-for-juni\/"},"modified":"2023-08-23T18:04:15","modified_gmt":"2023-08-23T18:04:15","slug":"vilken-farg-har-fodelsestenen-for-juni","status":"publish","type":"post","link":"https:\/\/goroskop.tv\/sw\/vilken-farg-har-fodelsestenen-for-juni\/","title":{"rendered":"Vilken f\u00e4rg har f\u00f6delsestenen f\u00f6r juni?"},"content":{"rendered":"<p><\/p>\n<h2><span class=\"ez-toc-section\" id=\"Vilken_farg_har_fodelsestenen_for_juni\"><\/span><span class=\"ez-toc-section\" id=\"%C2%BFDe_que_color_es_la_piedra_natal_para_junio\"><\/span>  Vilken f\u00e4rg har f\u00f6delsestenen f\u00f6r juni?<span class=\"ez-toc-section-end\"><\/span><span class=\"ez-toc-section-end\"><\/span><\/h2>\n<p>Junes f\u00f6delsestenar \u00e4r lika utm\u00e4rkande som de kommer eftersom hon har tv\u00e5, Pearl och Alexandrite, som sina f\u00f6delsestenar. <\/p>\n<p>  Alexandrit \u00e4r otroligt s\u00e4llsynt och kan \u00abskifta f\u00e4rg\u00bb, verkar gr\u00f6nt i naturligt ljus och \u00e4ndrar en lila-r\u00f6d nyans i gl\u00f6dande eller artificiellt ljus. <\/p>\n<p>  P\u00e4rlan \u00e4r ocks\u00e5 s\u00e4llsynt eftersom det \u00e4r den enda \u00e4delstenen som produceras av en levande varelse.<\/p>\n<h2><span class=\"ez-toc-section\" id=\"Vilken_var_den_ursprungliga_fodelsestenen_for_junifodelsestenen\"><\/span><span class=\"ez-toc-section\" id=\"%C2%BFCual_fue_la_piedra_de_nacimiento_inicial_de_la_piedra_natal_de_junio\"><\/span><span id=\"ezoic-pub-ad-placeholder-144\" class=\"ezoic-adpicker-ad\"><\/span><span class=\"ezoic-ad ezoic-at-0 box-4 box-4144 adtester-container adtester-container-144\" data-ez-name=\"hiszodiac_com-box-4\"><span id=\"div-gpt-ad-hiszodiac_com-box-4-0\" ezaw=\"468\" ezah=\"60\" style=\"position:relative;z-index:0;display:inline-block;padding:0;width:100%;max-width:1200px;margin-left:auto!important;margin-right:auto!important;min-height:90px;min-width:728px\" class=\"ezoic-ad\"><\/span><\/span>Vilken var den ursprungliga f\u00f6delsestenen f\u00f6r junif\u00f6delsestenen?<span class=\"ez-toc-section-end\"><\/span><span class=\"ez-toc-section-end\"><\/span><\/h2>\n<p>Alexandrit och p\u00e4rla \u00e4r de tv\u00e5 f\u00f6delsestenarna f\u00f6r junif\u00f6delsedagar. <\/p>\n<p>  P\u00e5 grund av sin inneboende sk\u00f6nhet har p\u00e4rlor anv\u00e4nts i smycken i m\u00e5nga \u00e5r. <\/p>\n<p>  \u00c4delstenar gjorda av Alexandrit \u00e4r extremt s\u00e4llsynta och uppskattade eftersom de \u00e4ndrar f\u00e4rg beroende p\u00e5 belysningen.<\/p>\n<h2><span class=\"ez-toc-section\" id=\"Vilken_farg_har_juni_manad\"><\/span><span class=\"ez-toc-section\" id=\"%C2%BFDe_que_color_es_el_mes_de_junio\"><\/span><span id=\"ezoic-pub-ad-placeholder-145\" class=\"ezoic-adpicker-ad\"><\/span><span class=\"ezoic-ad ezoic-at-0 banner-1 banner-1145 adtester-container adtester-container-145\" data-ez-name=\"hiszodiac_com-banner-1\"><span id=\"div-gpt-ad-hiszodiac_com-banner-1-0\" ezaw=\"250\" ezah=\"250\" style=\"position:relative;z-index:0;display:inline-block;padding:0;width:100%;max-width:1200px;margin-left:auto!important;margin-right:auto!important;min-height:90px;min-width:728px\" class=\"ezoic-ad\"><\/span><\/span>Vilken f\u00e4rg har juni m\u00e5nad?<span class=\"ez-toc-section-end\"><\/span><span class=\"ez-toc-section-end\"><\/span><\/h2>\n<p>Juni nyanser \u00e4r ljuslila, vita och kr\u00e4mf\u00e4rgade. <\/p>\n<p>  Tre f\u00e4rger, alla i en ljusare och mer uts\u00f6kt ton, representerar juni m\u00e5nad. <\/p>\n<p>  Vitt \u00e4r renhetens f\u00e4rg, ljuslila \u00e4r f\u00e4rgen p\u00e5 elegans och monarki, och gr\u00e4dde \u00e4r lugnets f\u00e4rg. <\/p>\n<p>  Ordet juni, som betecknar \u00e5rets sj\u00e4tte m\u00e5nad, kommer fr\u00e5n den romerska skyddsgudinnan som kallas Juno. <\/p>\n<p>  Juni \u00e4r en motiverande m\u00e5nad med mycket lust att g\u00f6ra n\u00e5got. <\/p>\n<p>  Att anv\u00e4nda junis f\u00e4rger tar bort negativitet fr\u00e5n ditt hem och uppmuntrar till en glad atmosf\u00e4r vart du \u00e4n g\u00e5r. <\/p>\n<p>  Enligt f\u00e4rgpsykologi har f\u00e4rger en betydande inverkan p\u00e5 v\u00e5rt hum\u00f6r och dagliga liv. <\/p>\n<p>  Egentligen p\u00e5verkar f\u00e4rger ocks\u00e5 v\u00e5rt beteende.<\/p>\n<p>Junis dominerande f\u00e4rg \u00e4r ljuslila. <\/p>\n<p>  Junis tre f\u00e4rger \u00e4r gr\u00e4dde, vit och ljuslila. <\/p>\n<p>  M\u00e5nga m\u00e4nniskor tror starkt p\u00e5 horoskop och f\u00e4rgologi, och varje m\u00e5nad dekorerar de sina hem med m\u00e5nadens f\u00e4rg. <\/p>\n<p>  Du beh\u00f6ver inte ha en nyans av juni i hela utrymmet;  en liten m\u00e4ngd ljuslila eller vitt skulle r\u00e4cka. <\/p>\n<p>  Du kan justera sm\u00e5 dekorativa element eller visa delar till en ljuslila utan att \u00e4ndra f\u00e4rgen p\u00e5 v\u00e4ggarna. <\/p>\n<p>  S\u00e4ngkl\u00e4der \u00e4r ett av de enklaste s\u00e4tten att f\u00e5 in junis f\u00e4rg i sovrummet. <\/p>\n<p>  Utan tvekan byter du ofta ut dina s\u00e4ngkl\u00e4der. <\/p>\n<p>  Vita kuddar och ett ljuslila \u00f6verkast b\u00f6r l\u00e4ggas till utrymmet. <\/p>\n<p>  Du kommer att \u00e4lska det h\u00e4r f\u00e4rgschemat!<\/p>\n<h2><span class=\"ez-toc-section\" id=\"Vilka_ar_de_tva_fargerna_pa_junifodelsestenar\"><\/span><span class=\"ez-toc-section\" id=\"%C2%BFCuales_son_los_dos_colores_de_las_piedras_natales_de_junio\"><\/span><span id=\"ezoic-pub-ad-placeholder-146\" class=\"ezoic-adpicker-ad\"><\/span><span class=\"ezoic-ad ezoic-at-0 large-leaderboard-2 large-leaderboard-2146 adtester-container adtester-container-146\" data-ez-name=\"hiszodiac_com-large-leaderboard-2\"><span id=\"div-gpt-ad-hiszodiac_com-large-leaderboard-2-0\" ezaw=\"300\" ezah=\"250\" style=\"position:relative;z-index:0;display:inline-block;padding:0;min-height:250px;min-width:300px\" class=\"ezoic-ad\"><\/span><\/span>Vilka \u00e4r de tv\u00e5 f\u00e4rgerna p\u00e5 junif\u00f6delsestenar?<span class=\"ez-toc-section-end\"><\/span><span class=\"ez-toc-section-end\"><\/span><\/h2>\n<p>Bara tv\u00e5 m\u00e5nader, juni \u00e4r en av dem, har f\u00f6delsestenarna p\u00e4rl, alexandrit och m\u00e5nsten som en kombination.<\/p>\n<ul>\n<li>Opaliserande p\u00e4rlor, mj\u00f6lkaktig m\u00e5nsten och s\u00e4llsynt f\u00e4rgskiftande alexandrit \u00e4r f\u00f6delsestenar f\u00f6r juni.<\/li>\n<\/ul>\n<h2><span class=\"ez-toc-section\" id=\"Varfor_finns_det_tre_fodelsestenar_for_juni\"><\/span><span class=\"ez-toc-section\" id=\"%C2%BFPor_que_hay_tres_piedras_de_nacimiento_para_junio\"><\/span><span id=\"ezoic-pub-ad-placeholder-147\" class=\"ezoic-adpicker-ad\"><\/span><span class=\"ezoic-ad ezoic-at-0 leader-1 leader-1147 adtester-container adtester-container-147\" data-ez-name=\"hiszodiac_com-leader-1\"><span id=\"div-gpt-ad-hiszodiac_com-leader-1-0\" ezaw=\"300\" ezah=\"250\" style=\"position:relative;z-index:0;display:inline-block;padding:0;min-height:250px;min-width:300px\" class=\"ezoic-ad\"><\/span><\/span>Varf\u00f6r finns det tre f\u00f6delsestenar f\u00f6r juni?<span class=\"ez-toc-section-end\"><\/span><span class=\"ez-toc-section-end\"><\/span><\/h2>\n<p>Varf\u00f6r finns det tre f\u00f6delsestenar f\u00f6r juni?  Vissa m\u00e5nader har mer \u00e4n en f\u00f6delsesten eftersom olika historiska stenar har blivit extremt s\u00e4llsynta, vilket g\u00f6r dem mindre ben\u00e4gna att s\u00e4ljas p\u00e5 marknaden och m\u00f6ta konsumenternas efterfr\u00e5gan.<\/p>\n<h2><span class=\"ez-toc-section\" id=\"Finns_det_tva_fodelsestenar_for_juni\"><\/span><span class=\"ez-toc-section\" id=\"%C2%BFHay_dos_piedras_de_nacimiento_para_junio\"><\/span><span id=\"ezoic-pub-ad-placeholder-148\" class=\"ezoic-adpicker-ad\"><\/span><span class=\"ezoic-ad ezoic-at-0 leader-4 leader-4148 adtester-container adtester-container-148\" data-ez-name=\"hiszodiac_com-leader-4\"><span id=\"div-gpt-ad-hiszodiac_com-leader-4-0\" ezaw=\"336\" ezah=\"280\" style=\"position:relative;z-index:0;display:inline-block;padding:0;width:100%;max-width:1200px;margin-left:auto!important;margin-right:auto!important;min-height:280px;min-width:336px\" class=\"ezoic-ad\"><\/span><\/span>Finns det tv\u00e5 f\u00f6delsestenar f\u00f6r juni?<span class=\"ez-toc-section-end\"><\/span><span class=\"ez-toc-section-end\"><\/span><\/h2>\n<p>F\u00f6delsestenar har en l\u00e5ng och fascinerande historia. <\/p>\n<p>  Kopplingen mellan de tolv stenarna som Aron bar i sin br\u00f6stsk\u00f6ld, \u00e5rets tolv m\u00e5nader och zodiakens tecken skapades f\u00f6rst under biblisk tid. <\/p>\n<p>  Religi\u00f6sa \u00f6verenskommelser fr\u00e5n 800- och 800-talen fastst\u00e4llde att anh\u00e4ngare av den judiska och kristna tron \u200b\u200bskulle \u00e4ga alla tolv stenar och anv\u00e4nda en annan varje m\u00e5nad. <\/p>\n<p>  Sedan, f\u00f6r n\u00e5gra \u00e5rhundraden sedan, b\u00f6rjade m\u00e4nniskor anv\u00e4nda en enda sten som en p\u00e5minnelse om m\u00e5naden de f\u00f6ddes.<\/p>\n<p>National Association of Jewelers of America tr\u00e4ffades 1912 f\u00f6r att diskutera standardiseringen av f\u00f6delsestenar. <\/p>\n<p>  F\u00f6delsestenarna f\u00f6r juni under denna period var fast beslutna att vara p\u00e4rlan och m\u00e5nstenen. <\/p>\n<p>  Senare inkluderade Jewelry Industry Council of America alexandrite p\u00e5 denna lista 1952.<\/p>\n<p>P\u00e4rlan \u00e4r den enda \u00e4delstenen som kommer fr\u00e5n en levande varelse och den enda \u00e4delstenen som inte beh\u00f6ver poleras eller \u00e4ndras f\u00f6r att visa sin inneboende sk\u00f6nhet. <\/p>\n<p>  Sedan urminnes tider har m\u00e4nniskor letat efter p\u00e4rlor. <\/p>\n<p>  1500-talet i Tudor England var k\u00e4nt som \u00abPearl Age\u00bb p\u00e5 grund av p\u00e4rlornas popularitet vid den tiden. <\/p>\n<p>  Sedan 1920-talet har odlade p\u00e4rlor (p\u00e4rlor som odlats under noggrant \u00f6vervakade f\u00f6rh\u00e5llanden av p\u00e4rlb\u00f6nder) i stort sett ersatt naturp\u00e4rlor p\u00e5 marknadsplatsen, d\u00e4r de ursprungligen var den enda typen som anv\u00e4ndes som tillbeh\u00f6r.<\/p>\n<p>Den s\u00e4llsynta actualizada \u00e4delstenen k\u00e4nd som alexandrit fick sitt namn efter Alexander II, tsaren vid den tidpunkt d\u00e5 den uppt\u00e4cktes i Ryssland 1831. <\/p>\n<p>Chrysoberyl, mineralet som bildar alexandrit, ger materialet ett gr\u00f6nt, dagsljus, fluorescerande utseende. <\/p>\n<p>belysning, men n\u00e4r den uts\u00e4tts f\u00f6r gl\u00f6dljus blir den en r\u00f6dlila nyans.<\/p>\n<p>Du har tur om du handlar smycken till en junif\u00f6delsedag eftersom du inte har ett, inte tv\u00e5, utan tre stenalternativ att v\u00e4lja mellan. <\/p>\n<p>  Ta en titt p\u00e5 den fantastiska kollektionen hos Stones Jewelry om du beh\u00f6ver v\u00e4gledning eller hj\u00e4lp. <\/p>\n<p>  Vi har varit i f\u00f6delsedagsbranschen sedan 1911 och vi hj\u00e4lper dig g\u00e4rna att hitta den perfekta muestren.<\/p>\n<h2><span class=\"ez-toc-section\" id=\"Vilken_farg_har_junifodelsestenen\"><\/span><span class=\"ez-toc-section\" id=\"%C2%BFDe_que_color_es_la_piedra_de_nacimiento_de_junio\"><\/span><span id=\"ezoic-pub-ad-placeholder-153\" class=\"ezoic-adpicker-ad\"><\/span><span class=\"ezoic-ad ezoic-at-0 mobile-leaderboard-1 mobile-leaderboard-1153 adtester-container adtester-container-153\" data-ez-name=\"hiszodiac_com-mobile-leaderboard-1\"><span id=\"div-gpt-ad-hiszodiac_com-mobile-leaderboard-1-0\" ezaw=\"336\" ezah=\"280\" style=\"position:relative;z-index:0;display:inline-block;padding:0;width:100%;max-width:1200px;margin-left:auto!important;margin-right:auto!important;min-height:280px;min-width:336px\" class=\"ezoic-ad\"><\/span><\/span>Vilken f\u00e4rg har junif\u00f6delsestenen?<span class=\"ez-toc-section-end\"><\/span><span class=\"ez-toc-section-end\"><\/span><\/h2>\n<p>P\u00e4rlor \u00e4r biologiska, till skillnad fr\u00e5n de flesta \u00e4delstenar som uppt\u00e4ckts p\u00e5 jorden. <\/p>\n<p>  Enkelt uttryckt trivs de inom specifika varianter av ostron- och musselskal. <\/p>\n<p>  Vissa p\u00e4rlor finns naturligt i bl\u00f6tdjur som lever i s\u00f6t- eller saltvatten, till exempel floder. <\/p>\n<p>  Idag odlas ett stort antal p\u00e4rlor p\u00e5 ostronb\u00e4ddar, vilket st\u00f6der en robust p\u00e4rlverksamhet. <\/p>\n<p>  Aragonit, ett m\u00e5ttligt mjukt karbonatmineral (CaCO3) som ocks\u00e5 bildar skal p\u00e5 bl\u00f6tdjur, \u00e4r huvudkomponenten i p\u00e4rlor.<\/p>\n<p>N\u00e4r en liten stenbit, ett sandkorn eller en parasit kommer in i skalet p\u00e5 bl\u00f6tdjuret skapas en p\u00e4rla. <\/p>\n<p>  Ostronet eller musslan reagerar genom att t\u00e4cka det fr\u00e4mmande \u00e4mnet med p\u00e5 varandra f\u00f6ljande lager av skalmaterial eftersom det st\u00f6r dem. <\/p>\n<p>  De flesta av p\u00e4rlorna som bildas inuti skalet \u00e4r krokiga till formen och har lite kommersiellt v\u00e4rde. <\/p>\n<p>  De sf\u00e4riska eller p\u00e4ronformade, som har sitt ursprung i bl\u00f6tdjursv\u00e4vnaden, \u00e4r mycket eftertraktade f\u00f6r smycken.<\/p>\n<h3><span class=\"ez-toc-section\" id=\"Parlor_finns_i_olika_farger\"><\/span><span class=\"ez-toc-section\" id=\"Las_perlas_vienen_en_varios_colores\"><\/span><span id=\"ezoic-pub-ad-placeholder-149\" class=\"ezoic-adpicker-ad\"><\/span><span class=\"ezoic-ad ezoic-at-0 narrow-sky-1 narrow-sky-1149 adtester-container adtester-container-149\" data-ez-name=\"hiszodiac_com-narrow-sky-1\"><span id=\"div-gpt-ad-hiszodiac_com-narrow-sky-1-0\" ezaw=\"728\" ezah=\"90\" style=\"position:relative;z-index:0;display:inline-block;padding:0;width:100%;max-width:1200px;margin-left:auto!important;margin-right:auto!important;min-height:90px;min-width:728px\" class=\"ezoic-ad\"><\/span><\/span>P\u00e4rlor finns i olika f\u00e4rger.<span class=\"ez-toc-section-end\"><\/span><span class=\"ez-toc-section-end\"><\/span><\/h3>\n<p>P\u00e4rlor \u00e4r bland de dyraste \u00e4delstenarna p\u00e5 grund av deras utpr\u00e4glat delikata genomskinlighet och lyster. <\/p>\n<p>  Den typ av bl\u00f6tdjur som skapade p\u00e4rlan, s\u00e5v\u00e4l som dess milj\u00f6, p\u00e5verkar nyansen. <\/p>\n<p>  Generellt sett \u00e4r vita p\u00e4rlor den mest popul\u00e4ra och v\u00e4lk\u00e4nda f\u00e4rgen. <\/p>\n<p>  Men p\u00e4rlor finns ocks\u00e5 i k\u00e4nsliga nyanser av lila, bl\u00e5tt, gult, lavendel, gr\u00f6nt, gr\u00e4dde och gr\u00e5tt. <\/p>\n<p>  Vattnet runt flera \u00f6ar i Stilla havet och Mexikanska golfen inneh\u00e5ller svarta p\u00e4rlor. <\/p>\n<p>  Orientaliska p\u00e4rlor, som \u00e4r magnifika kr\u00e4mf\u00e4rgade p\u00e4rlor, \u00e4r k\u00e4nda f\u00f6r att komma fr\u00e5n Sri Lanka och Persiska viken. <\/p>\n<p>  Vattnet runt den indonesiska \u00f6n Celebes, Kaliforniens golf och Mexikos Stillahavskust \u00e4r ytterligare platser f\u00f6r naturliga havsvattenp\u00e4rlor. <\/p>\n<p>  P\u00e4rlproducerande s\u00f6tvattensmusslor finns i Bayern, Tyskland, l\u00e4ngs Mississippifloden och i skogkl\u00e4dda b\u00e4ckar.<\/p>\n<h3><span class=\"ez-toc-section\" id=\"Vackra_odlade_parlor_ar_ocksa_populara\"><\/span><span class=\"ez-toc-section\" id=\"Tambien_son_populares_las_hermosas_perlas_cultivadas\"><\/span><span id=\"ezoic-pub-ad-placeholder-150\" class=\"ezoic-adpicker-ad\"><\/span><span class=\"ezoic-ad ezoic-at-0 leader-2 leader-2150 adtester-container adtester-container-150\" data-ez-name=\"hiszodiac_com-leader-2\"><span id=\"div-gpt-ad-hiszodiac_com-leader-2-0\" ezaw=\"336\" ezah=\"280\" style=\"position:relative;z-index:0;display:inline-block;padding:0;width:100%;max-width:1200px;margin-left:auto!important;margin-right:auto!important;min-height:280px;min-width:336px\" class=\"ezoic-ad\"><\/span><\/span>Vackra odlade p\u00e4rlor \u00e4r ocks\u00e5 popul\u00e4ra.<span class=\"ez-toc-section-end\"><\/span><span class=\"ez-toc-section-end\"><\/span><\/h3>\n<p>Japanska odlade p\u00e4rlor \u00e4r mycket uppskattade. <\/p>\n<p>  Alla som \u00e4r bekanta med smycken har ocks\u00e5 h\u00f6rt talas om Mikimoto-p\u00e4rlor, som \u00e4r uppkallade efter Kokichi Mikimoto, som grundade verksamheten. <\/p>\n<p>  I japanska vatten st\u00f6djer enorma ostronb\u00e4ddar tillv\u00e4xten av odlade p\u00e4rlor. <\/p>\n<p>  I den k\u00f6ttiga regionen hos 2-3 \u00e5r gamla ostron injiceras ett irriterande \u00e4mne, till exempel en liten bit p\u00e4rlemor. <\/p>\n<p>  Ostron f\u00f6ds sedan upp i 7 till 9 \u00e5r i n\u00e4tp\u00e5sar neds\u00e4nkta i vatten innan de sk\u00f6rdas f\u00f6r sina p\u00e4rlor. <\/p>\n<p>  Ekvatorial\u00f6arna i Stilla havet och Australien har en p\u00e4rlodlingsindustri f\u00f6rutom Japan.<\/p>\n<h3><span class=\"ez-toc-section\" id=\"kanda_parlor\"><\/span><span class=\"ez-toc-section\" id=\"perlas_famosas\"><\/span><span id=\"ezoic-pub-ad-placeholder-151\" class=\"ezoic-adpicker-ad\"><\/span><span class=\"ezoic-ad ezoic-at-0 narrow-sky-2 narrow-sky-2151 adtester-container adtester-container-151\" data-ez-name=\"hiszodiac_com-narrow-sky-2\"><span id=\"div-gpt-ad-hiszodiac_com-narrow-sky-2-0\" ezaw=\"250\" ezah=\"250\" style=\"position:relative;z-index:0;display:inline-block;padding:0;width:100%;max-width:1200px;margin-left:auto!important;margin-right:auto!important;min-height:90px;min-width:728px\" class=\"ezoic-ad\"><\/span><\/span>k\u00e4nda p\u00e4rlor<span class=\"ez-toc-section-end\"><\/span><span class=\"ez-toc-section-end\"><\/span><\/h3>\n<p>Enligt uppskattningar \u00e4r den st\u00f6rsta p\u00e4rlan i v\u00e4rlden cirka 3 tum l\u00e5ng, 2 tum bred och v\u00e4ger cirka 1\/3 pund (0,13 kg). <\/p>\n<p>  Shah Jahan fr\u00e5n Indien gav den till Mumtaz, hans favoritfru, till vars \u00e4ra han hade byggt Taj Mahal. <\/p>\n<p>  Det var k\u00e4nt som Asiens p\u00e4rla.<\/p>\n<p>M\u00e5nga experter tror att La Peregrina (vandraren) \u00e4r den mest imponerande p\u00e4rlan. <\/p>\n<p>  P\u00e5 1500-talet skulle en slav ha uppt\u00e4ckt det i Panama och \u00f6verl\u00e4mnat det i utbyte mot sin frihet. <\/p>\n<p>  Den koloniala h\u00e4rskaren i omr\u00e5det gav p\u00e4rlan till kung Filip II av Spanien 1570. <\/p>\n<p>Denna vita p\u00e4rla \u00e4r 1 1\/2 tum l\u00e5ng och \u00e4r p\u00e4ronformad. <\/p>\n<p>  Den h\u00e4nger i en platinainst\u00e4llning med diamanter. <\/p>\n<p>  Mary I av England fick p\u00e4rlan innan den levererades till prins Louis Napoleon av Frankrike. <\/p>\n<p>  Den brittiska Marquess of Abercorn k\u00f6pte den av honom och hans familj beh\u00f6ll den till 1969, d\u00e5 han auktionerade ut den p\u00e5 Sotheby&#8217;s. <\/p>\n<p>  Till slut k\u00f6ptes f\u00f6rem\u00e5let till Elizabeth Taylor av sk\u00e5despelaren Richard Burton.<\/p>\n<h3><span class=\"ez-toc-section\" id=\"parlkunskap\"><\/span><span class=\"ez-toc-section\" id=\"Conocimiento_de_la_perla\"><\/span><span id=\"ezoic-pub-ad-placeholder-152\" class=\"ezoic-adpicker-ad\"><\/span><span class=\"ezoic-ad ezoic-at-0 leader-3 leader-3152 adtester-container adtester-container-152\" data-ez-name=\"hiszodiac_com-leader-3\"><span id=\"div-gpt-ad-hiszodiac_com-leader-3-0\" ezaw=\"250\" ezah=\"250\" style=\"position:relative;z-index:0;display:inline-block;padding:0;width:100%;max-width:1200px;margin-left:auto!important;margin-right:auto!important;min-height:90px;min-width:728px\" class=\"ezoic-ad\"><\/span><\/span>p\u00e4rlkunskap<span class=\"ez-toc-section-end\"><\/span><span class=\"ez-toc-section-end\"><\/span><\/h3>\n<p>I sydasiatisk tradition skapades p\u00e4rlor n\u00e4r daggdroppar fr\u00e5n himlen f\u00f6ll i havet. <\/p>\n<p>  N\u00e4r m\u00e5nen var full f\u00e5ngades de f\u00f6r skaldjur d\u00e5 solen knappt gick upp. <\/p>\n<p>  Indiska krigare anv\u00e4nde p\u00e4rlor f\u00f6r att dekorera sina sv\u00e4rd f\u00f6r att representera t\u00e5rarna och sorgen som ett sv\u00e4rd f\u00f6rmedlar.<\/p>\n<p>Fram till 1600-talet anv\u00e4ndes p\u00e4rlor ocks\u00e5 allm\u00e4nt som medicin i hela Europa. <\/p>\n<p>  Araber och perser trodde att det var en behandling f\u00f6r olika sjukdomar, inklusive galenskap. <\/p>\n<p>  Redan 2000 f.Kr. anv\u00e4ndes p\u00e4rlor \u00e4ven som medicin i Kina, d\u00e4r de var en symbol f\u00f6r rikedom, makt och livsl\u00e4ngd. <\/p>\n<p>  P\u00e4rlor av l\u00e5g kvalitet krossas fortfarande och anv\u00e4nds som medicin i Asien idag.<\/p>\n<h3><span class=\"ez-toc-section\" id=\"Annu_en_fodelsesten_i_juni_Manstenen\"><\/span><span class=\"ez-toc-section\" id=\"Otra_piedra_natal_de_junio_el_piedra_de_la_luna\"><\/span>\u00c4nnu en f\u00f6delsesten i juni: M\u00e5nstenen<span class=\"ez-toc-section-end\"><\/span><span class=\"ez-toc-section-end\"><\/span><\/h3>\n<p>Moonstone \u00e4r den andra f\u00f6delsestenen f\u00f6r juni. <\/p>\n<p>  M\u00e5nstenar tros ha bl\u00e5vita fl\u00e4ckar inom sig som gav dem deras namn. <\/p>\n<p>  Som ett resultat, n\u00e4r de uts\u00e4tts f\u00f6r ljus, avger de en silverf\u00e4rgad dans av f\u00e4rg som liknar m\u00e5nsken. <\/p>\n<p>  N\u00e4r stenen sv\u00e4nger, f\u00e4rdas de skimrande silverstr\u00e5larna som m\u00e5nstr\u00e5lar som dansar \u00f6ver vattnet.<\/p>\n<p>F\u00e4ltspatfamiljen av mineraler, en viktig klass av silikatmineraler som ofta f\u00f6rekommer i bergarter, inkluderar m\u00e5nsten. <\/p>\n<p>  Jordskorpan best\u00e5r till viss del av f\u00e4ltspat. <\/p>\n<p>  F\u00f6rutom att vara n\u00e4rvarande i m\u00e5nga magmatiska och metamorfa bergarter, utg\u00f6r detta mineral en viktig del av marina jordar och leror.<\/p>\n<p>Varianter av f\u00e4ltspatp\u00e4rlor inklusive m\u00e5nsten, labradorit, amazonit och solsten skapas under ovanliga geologiska omst\u00e4ndigheter. <\/p>\n<p>  De framst\u00e5r som enorma of\u00e4rgade mineralkorn och finns i djupa jordskorpan och pegmatiter, som \u00e4r grovkorniga magmatiska bergarter. <\/p>\n<p>  Mineralaluminatsilikater med aluminium, kisel och syre som kombineras med natrium och kalium \u00e4r det som bildar f\u00e4ltspat av \u00e4delstenskvalitet. <\/p>\n<p>  Sri Lankas m\u00e5nstenar \u00e4r de st\u00f6rsta. <\/p>\n<p>  Dessutom kan de hittas i Indien, Madagaskar, Myanmar (Burma) och Alperna.<\/p>\n<h3><span class=\"ez-toc-section\" id=\"Manstenslaror\"><\/span><span class=\"ez-toc-section\" id=\"Tradicion_de_la_piedra_lunar\"><\/span>M\u00e5nstensl\u00e4ror<span class=\"ez-toc-section-end\"><\/span><span class=\"ez-toc-section-end\"><\/span><\/h3>\n<p>Man trodde fram till 1500-talet att m\u00e5nstenens utseende f\u00f6r\u00e4ndrades med m\u00e5nens faser, enligt den antika romerske naturforskaren Plinius. <\/p>\n<p>  Bilden av m\u00e5ngudinnan Diana var f\u00f6rmodligen inrymd i stenen, enligt de gamla romarna. <\/p>\n<p>  M\u00e4nniskor som bar m\u00e5nsten sades uppleva seger, god h\u00e4lsa och kunskap.<\/p>\n<p>M\u00e5nsten visas ofta p\u00e5 ett gult tyg i Indien, eftersom f\u00e4rgen gul \u00e4r v\u00f6rdad som helig. <\/p>\n<p>  Anden som bor i stenen tros vara ansvarig f\u00f6r stenens lyckobringande egenskaper.<\/p>\n<h3><span class=\"ez-toc-section\" id=\"Eller_valj_alexandrit_som_din_fodelsesten_i_juni\"><\/span><span class=\"ez-toc-section\" id=\"O_seleccione_alejandrita_como_su_piedra_de_nacimiento_de_junio\"><\/span>Eller v\u00e4lj alexandrit som din f\u00f6delsesten i juni.<span class=\"ez-toc-section-end\"><\/span><span class=\"ez-toc-section-end\"><\/span><\/h3>\n<p>Alexandrit \u00e4r den tredje f\u00f6delsestenen f\u00f6r juni. <\/p>\n<p>  Alexandrite har ett charmigt, kameleontliknande temperament. <\/p>\n<p>  Den har en vacker gr\u00f6n nyans i dagsljus, ibland med en bl\u00e5aktig eller brun nyans. <\/p>\n<p>  Stenen \u00e4ndrar dock f\u00e4rg till en r\u00f6dlila eller lila under artificiell belysning.<\/p>\n<p>Mineralet berylliumaluminiumoxid, \u00e4ven k\u00e4nt som alexandrit, \u00e4r en medlem av krysoberylfamiljen och best\u00e5r av grund\u00e4mnena beryllium, aluminium och syre (BeAl2O4). <\/p>\n<p>  De enda h\u00e5rdare mineralerna \u00e4r korund och diamanter (safirer och rubiner). <\/p>\n<p>  N\u00e4rvaron av krom i alexandrit \u00e4r det som ger stenen dess unika nyanser. <\/p>\n<p>  Chrysoberyl visar sig kristallisera i pegmatiter, som \u00e4r berylliumrika, mycket grovkorniga magmatiska bergarter som bildats av magma. <\/p>\n<p>  De kan ocks\u00e5 hittas i alluvialavlagringar, som \u00e4r pegmatiter som har vittrat ut och inneh\u00e5ller \u00e4delstenar och som b\u00e4rs av floder och b\u00e4ckar.<\/p>\n<h3><span class=\"ez-toc-section\" id=\"Alexandrit_ar_sallsynt_och_dyrt\"><\/span><span class=\"ez-toc-section\" id=\"Alejandrita_es_rara_y_costosa\"><\/span>Alexandrit \u00e4r s\u00e4llsynt och dyrt.<span class=\"ez-toc-section-end\"><\/span><span class=\"ez-toc-section-end\"><\/span><\/h3>\n<p>Eftersom det \u00e4r en s\u00e4llsynt sten \u00e4r alexandrit ganska dyrt. <\/p>\n<p>  Idag kommer det mesta av alexandrit fr\u00e5n Sri Lanka, men det har \u00e4ven uppt\u00e4ckts i Brasilien, Madagaskar, Zimbabwe, Tanzania och Myanmar (Burma). <\/p>\n<p>  Samtidigt har en syntetisk alexandrit skapats som liknar en r\u00f6dlila ametist med en ton av gr\u00f6nt. <\/p>\n<p>  Naturlig och artificiell belysning g\u00f6r inte att f\u00e4rgerna p\u00e5 konstgjorda stenar f\u00f6r\u00e4ndras. <\/p>\n<p>  Dessutom har konstgjorda stenar bara sett sporadisk framg\u00e5ng p\u00e5 den amerikanska marknaden.<\/p>\n<h3><span class=\"ez-toc-section\" id=\"Juni_Alexandrite_Birthstone_historia\"><\/span><span class=\"ez-toc-section\" id=\"Historia_de_la_piedra_natal_de_junio_alejandrita\"><\/span>Juni Alexandrite Birthstone historia<span class=\"ez-toc-section-end\"><\/span><span class=\"ez-toc-section-end\"><\/span><\/h3>\n<p>Prins Alexander av Ryssland, som eftertr\u00e4dde tsar Alexander II 1855, \u00e4r hedrad med epitetet \u00abAlexandrite\u00bb. <\/p>\n<p>  I en smaragdgruva i Uralbergen i Ryssland uppt\u00e4cktes alexandrit 1839 p\u00e5 prinsens f\u00f6delsedag.<\/p>\n<p>P\u00e5 grund av hur nyligen denna sten hittades har det inte funnits mycket tid f\u00f6r myter och vidskepelser att utvecklas. <\/p>\n<p>  Stenen var s\u00e4rskilt uppskattad i Ryssland eftersom den \u00e5terspeglade landets gr\u00f6na och r\u00f6da f\u00e4rger och ans\u00e5gs ge lycka.<\/p>\n<h2><span class=\"ez-toc-section\" id=\"Vilken_gron_nyans_ar_Gemini\"><\/span><span class=\"ez-toc-section\" id=\"%C2%BFQue_tono_de_verde_es_Geminis\"><\/span><span id=\"ezoic-pub-ad-placeholder-154\" class=\"ezoic-adpicker-ad\"><\/span><span class=\"ezoic-ad ezoic-at-0 large-mobile-banner-2 large-mobile-banner-2154 adtester-container adtester-container-154\" data-ez-name=\"hiszodiac_com-large-mobile-banner-2\"><span id=\"div-gpt-ad-hiszodiac_com-large-mobile-banner-2-0\" ezaw=\"336\" ezah=\"280\" style=\"position:relative;z-index:0;display:inline-block;padding:0;width:100%;max-width:1200px;margin-left:auto!important;margin-right:auto!important;min-height:280px;min-width:336px\" class=\"ezoic-ad\"><\/span><\/span>Vilken gr\u00f6n nyans \u00e4r Gemini?<span class=\"ez-toc-section-end\"><\/span><span class=\"ez-toc-section-end\"><\/span><\/h2>\n<p>Gult \u00e4r en Gemini f\u00e4rg av makt. <\/p>\n<p>  Gult \u00e4r glad, energigivande och ljust &#8211; bokstavligen den ljusaste f\u00e4rgen i det synliga spektrumet &#8211; ungef\u00e4r som en Tvilling. <\/p>\n<p>  Den stimulerar kreativt t\u00e4nkande och lekfullhet, vilket g\u00f6r den till den perfekta outfiten f\u00f6r Tvillingarnas temperament. <\/p>\n<p>  \u00d6verv\u00e4g att l\u00e4gga till fler gula accenter p\u00e5 ditt hemmakontor eller mysiga utrymmen som foaj\u00e9n eller ytterd\u00f6rren, d\u00e4r du vill ha inspiration.<\/p>\n<h2><span class=\"ez-toc-section\" id=\"Hur_upptrader_alexandrit\"><\/span><span class=\"ez-toc-section\" id=\"%C2%BFComo_aparece_la_alejandrita\"><\/span><span id=\"ezoic-pub-ad-placeholder-155\" class=\"ezoic-adpicker-ad\"><\/span><span class=\"ezoic-ad ezoic-at-0 mobile-leaderboard-2 mobile-leaderboard-2155 adtester-container adtester-container-155\" data-ez-name=\"hiszodiac_com-mobile-leaderboard-2\"><span id=\"div-gpt-ad-hiszodiac_com-mobile-leaderboard-2-0\" ezaw=\"250\" ezah=\"250\" style=\"position:relative;z-index:0;display:inline-block;padding:0;width:100%;max-width:1200px;margin-left:auto!important;margin-right:auto!important;min-height:90px;min-width:728px\" class=\"ezoic-ad\"><\/span><\/span>Hur upptr\u00e4der alexandrit?<span class=\"ez-toc-section-end\"><\/span><span class=\"ez-toc-section-end\"><\/span><\/h2>\n<p>Chrysoberyl finns i n\u00e5gra olika och ovanliga varianter, inklusive den kameleontliknande alexandriten. <\/p>\n<p>  I naturlig eller lysr\u00f6rsbelysning kan det vara en vacker nyans av gr\u00f6nt, men i det varma gl\u00f6dljuset fr\u00e5n en lampa eller en ljusl\u00e5ga kan det bli brunt eller lila-r\u00f6tt. <\/p>\n<p>  Detta \u00e4r resultatet av mineralets komplicerade metod f\u00f6r ljusabsorption.<\/p>\n<h2><span class=\"ez-toc-section\" id=\"Varfor_ar_parlan_junis_fodelsesten\"><\/span><span class=\"ez-toc-section\" id=\"%C2%BFPor_que_la_perla_es_la_piedra_de_nacimiento_de_June\"><\/span><span id=\"ezoic-pub-ad-placeholder-156\" class=\"ezoic-adpicker-ad\"><\/span><span class=\"ezoic-ad ezoic-at-0 large-mobile-banner-1 large-mobile-banner-1156 adtester-container adtester-container-156\" data-ez-name=\"hiszodiac_com-large-mobile-banner-1\"><span id=\"div-gpt-ad-hiszodiac_com-large-mobile-banner-1-0\" ezaw=\"336\" ezah=\"280\" style=\"position:relative;z-index:0;display:inline-block;padding:0;width:100%;max-width:1200px;margin-left:auto!important;margin-right:auto!important;min-height:280px;min-width:336px\" class=\"ezoic-ad\"><\/span><\/span>Varf\u00f6r \u00e4r p\u00e4rlan junis f\u00f6delsesten?<span class=\"ez-toc-section-end\"><\/span><span class=\"ez-toc-section-end\"><\/span><\/h2>\n<p>Enligt astrologin \u00e4r p\u00e4rlan f\u00f6delsestenen f\u00f6r juni. <\/p>\n<p>  Dessutom h\u00e4vdar de att stenen \u00e4r i harmoni med Tvillingarnas stj\u00e4rntecknet. <\/p>\n<p>  M\u00e4nniskor har l\u00e4nge haft tanken att p\u00e4rlor erbjuder lugn, k\u00e4rlek, tur och kunskap.<\/p>\n<p>Dess vita f\u00e4rg \u00e4r kopplad till renhet och ljushet. <\/p>\n<p>  Birdstone p\u00e4rlan \u00e4r d\u00e4rf\u00f6r en symbol f\u00f6r renhet och uppriktighet. <\/p>\n<p>  Att b\u00e4ra den som din f\u00f6delsesten tros ge k\u00e4rlek och tur till nya b\u00f6rjan i livet, som \u00e4ktenskap, flytt och bebisar.<\/p>\n<p>Vi hoppas att du gillade v\u00e5r artikel Vilken f\u00e4rg \u00e4r f\u00f6delsestenen f\u00f6r juni? och allt relaterat till horoskop, tarot, ritualer och allt relaterat.<\/p>\n<figure class=\"wp-block-table is-style-regular\">\n<\/figure>\n<p>Intressanta saker att veta inneb\u00f6rden: Tarot  <\/p>\n<p>\u00c4ven h\u00e4r l\u00e4mnar vi \u00e4mnen relaterade till: Tarot<\/p>\n<\/p>\n<p><\/p>\n<p>Vi hoppas att du gillade v\u00e5r artikel Vilken f\u00e4rg har f\u00f6delsestenen f\u00f6r juni?<br \/>\n och allt om horoskop, tarot, ritualer och allt relaterat till det &#8230;<\/p>\n<figure class=\"wp-block-table is-style-regular\">\n<table style=\"width: 284px; height: 157px;\">\n<tbody>\n<tr>\n<td class=\"has-text-align-center\" data-align=\"center\"><img loading=\"lazy\" decoding=\"async\" class=\"alignleft\" src=\" https:\/\/goroskop.tv\/wp-content\/uploads\/2023\/05\/tarot1.jpg \" alt=\" Vilken f\u00e4rg har f\u00f6delsestenen f\u00f6r juni?\n \" width=\"65\" height=\"95\" title=\"\"><img loading=\"lazy\" decoding=\"async\" class=\"alignleft\" style=\"width: 60px;\" src=\" https:\/\/goroskop.tv\/wp-content\/uploads\/2023\/05\/tarot2.jpg \" alt=\" Vilken f\u00e4rg har f\u00f6delsestenen f\u00f6r juni?\n \" width=\"195\" height=\"300\" title=\"\"><img decoding=\"async\" class=\"alignleft\" style=\"width: 60px;\" src=\" https:\/\/goroskop.tv\/wp-content\/uploads\/2023\/05\/tarot3.jpg \" alt=\" Vilken f\u00e4rg har f\u00f6delsestenen f\u00f6r juni?\n \" title=\"\"><\/td>\n<\/tr>\n<\/tbody>\n<\/table>\n<\/figure>\n<p>Intressanta saker att veta inneb\u00f6rden: <a href=\"https:\/\/sv.wikipedia.org\/wiki\/Tarot\" target=\"_blank\" rel=\"nofollow noopener\"> Tarot <\/a> <\/p>\n<p>H\u00e4r l\u00e4mnar vi ocks\u00e5 \u00e4mnen relaterade till: <a href=\" https:\/\/goroskop.tv\/sw\/kommer-leo-och-skorpionen-overens-som-vanner\/\">Tarot<\/a><\/p>\n<div id=\"ez-toc-container\" class=\"ez-toc-v2_0_82_2 ez-toc-wrap-center counter-hierarchy ez-toc-counter ez-toc-grey ez-toc-container-direction\">\n<div class=\"ez-toc-title-container\">\n<div class=\"ez-toc-title\" style=\"cursor:inherit\">Table of Contents<\/div>\n<span class=\"ez-toc-title-toggle\"><a href=\"#\" class=\"ez-toc-pull-right ez-toc-btn ez-toc-btn-xs ez-toc-btn-default ez-toc-toggle\" aria-label=\"Alternar tabla de contenidos\"><span class=\"ez-toc-js-icon-con\"><span class=\"\"><span class=\"eztoc-hide\" style=\"display:none;\">Toggle<\/span><span class=\"ez-toc-icon-toggle-span\"><svg style=\"fill: #999;color:#999\" xmlns=\"http:\/\/www.w3.org\/2000\/svg\" class=\"list-377408\" width=\"20px\" height=\"20px\" viewBox=\"0 0 24 24\" fill=\"none\"><path d=\"M6 6H4v2h2V6zm14 0H8v2h12V6zM4 11h2v2H4v-2zm16 0H8v2h12v-2zM4 16h2v2H4v-2zm16 0H8v2h12v-2z\" fill=\"currentColor\"><\/path><\/svg><svg style=\"fill: #999;color:#999\" class=\"arrow-unsorted-368013\" xmlns=\"http:\/\/www.w3.org\/2000\/svg\" width=\"10px\" height=\"10px\" viewBox=\"0 0 24 24\" version=\"1.2\" baseProfile=\"tiny\"><path d=\"M18.2 9.3l-6.2-6.3-6.2 6.3c-.2.2-.3.4-.3.7s.1.5.3.7c.2.2.4.3.7.3h11c.3 0 .5-.1.7-.3.2-.2.3-.5.3-.7s-.1-.5-.3-.7zM5.8 14.7l6.2 6.3 6.2-6.3c.2-.2.3-.5.3-.7s-.1-.5-.3-.7c-.2-.2-.4-.3-.7-.3h-11c-.3 0-.5.1-.7.3-.2.2-.3.5-.3.7s.1.5.3.7z\"\/><\/svg><\/span><\/span><\/span><\/a><\/span><\/div>\n<nav><ul class='ez-toc-list ez-toc-list-level-1 eztoc-toggle-hide-by-default' ><li class='ez-toc-page-1 ez-toc-heading-level-2'><a class=\"ez-toc-link ez-toc-heading-1\" href=\"https:\/\/goroskop.tv\/sw\/vilken-farg-har-fodelsestenen-for-juni\/#Vilken_farg_har_fodelsestenen_for_juni\" >Vilken f\u00e4rg har f\u00f6delsestenen f\u00f6r juni?<\/a><\/li><li class='ez-toc-page-1 ez-toc-heading-level-2'><a class=\"ez-toc-link ez-toc-heading-2\" href=\"https:\/\/goroskop.tv\/sw\/vilken-farg-har-fodelsestenen-for-juni\/#Vilken_var_den_ursprungliga_fodelsestenen_for_junifodelsestenen\" >Vilken var den ursprungliga f\u00f6delsestenen f\u00f6r junif\u00f6delsestenen?<\/a><\/li><li class='ez-toc-page-1 ez-toc-heading-level-2'><a class=\"ez-toc-link ez-toc-heading-3\" href=\"https:\/\/goroskop.tv\/sw\/vilken-farg-har-fodelsestenen-for-juni\/#Vilken_farg_har_juni_manad\" >Vilken f\u00e4rg har juni m\u00e5nad?<\/a><\/li><li class='ez-toc-page-1 ez-toc-heading-level-2'><a class=\"ez-toc-link ez-toc-heading-4\" href=\"https:\/\/goroskop.tv\/sw\/vilken-farg-har-fodelsestenen-for-juni\/#Vilka_ar_de_tva_fargerna_pa_junifodelsestenar\" >Vilka \u00e4r de tv\u00e5 f\u00e4rgerna p\u00e5 junif\u00f6delsestenar?<\/a><\/li><li class='ez-toc-page-1 ez-toc-heading-level-2'><a class=\"ez-toc-link ez-toc-heading-5\" href=\"https:\/\/goroskop.tv\/sw\/vilken-farg-har-fodelsestenen-for-juni\/#Varfor_finns_det_tre_fodelsestenar_for_juni\" >Varf\u00f6r finns det tre f\u00f6delsestenar f\u00f6r juni?<\/a><\/li><li class='ez-toc-page-1 ez-toc-heading-level-2'><a class=\"ez-toc-link ez-toc-heading-6\" href=\"https:\/\/goroskop.tv\/sw\/vilken-farg-har-fodelsestenen-for-juni\/#Finns_det_tva_fodelsestenar_for_juni\" >Finns det tv\u00e5 f\u00f6delsestenar f\u00f6r juni?<\/a><\/li><li class='ez-toc-page-1 ez-toc-heading-level-2'><a class=\"ez-toc-link ez-toc-heading-7\" href=\"https:\/\/goroskop.tv\/sw\/vilken-farg-har-fodelsestenen-for-juni\/#Vilken_farg_har_junifodelsestenen\" >Vilken f\u00e4rg har junif\u00f6delsestenen?<\/a><ul class='ez-toc-list-level-3' ><li class='ez-toc-heading-level-3'><a class=\"ez-toc-link ez-toc-heading-8\" href=\"https:\/\/goroskop.tv\/sw\/vilken-farg-har-fodelsestenen-for-juni\/#Parlor_finns_i_olika_farger\" >P\u00e4rlor finns i olika f\u00e4rger.<\/a><\/li><li class='ez-toc-page-1 ez-toc-heading-level-3'><a class=\"ez-toc-link ez-toc-heading-9\" href=\"https:\/\/goroskop.tv\/sw\/vilken-farg-har-fodelsestenen-for-juni\/#Vackra_odlade_parlor_ar_ocksa_populara\" >Vackra odlade p\u00e4rlor \u00e4r ocks\u00e5 popul\u00e4ra.<\/a><\/li><li class='ez-toc-page-1 ez-toc-heading-level-3'><a class=\"ez-toc-link ez-toc-heading-10\" href=\"https:\/\/goroskop.tv\/sw\/vilken-farg-har-fodelsestenen-for-juni\/#kanda_parlor\" >k\u00e4nda p\u00e4rlor<\/a><\/li><li class='ez-toc-page-1 ez-toc-heading-level-3'><a class=\"ez-toc-link ez-toc-heading-11\" href=\"https:\/\/goroskop.tv\/sw\/vilken-farg-har-fodelsestenen-for-juni\/#parlkunskap\" >p\u00e4rlkunskap<\/a><\/li><li class='ez-toc-page-1 ez-toc-heading-level-3'><a class=\"ez-toc-link ez-toc-heading-12\" href=\"https:\/\/goroskop.tv\/sw\/vilken-farg-har-fodelsestenen-for-juni\/#Annu_en_fodelsesten_i_juni_Manstenen\" >\u00c4nnu en f\u00f6delsesten i juni: M\u00e5nstenen<\/a><\/li><li class='ez-toc-page-1 ez-toc-heading-level-3'><a class=\"ez-toc-link ez-toc-heading-13\" href=\"https:\/\/goroskop.tv\/sw\/vilken-farg-har-fodelsestenen-for-juni\/#Manstenslaror\" >M\u00e5nstensl\u00e4ror<\/a><\/li><li class='ez-toc-page-1 ez-toc-heading-level-3'><a class=\"ez-toc-link ez-toc-heading-14\" href=\"https:\/\/goroskop.tv\/sw\/vilken-farg-har-fodelsestenen-for-juni\/#Eller_valj_alexandrit_som_din_fodelsesten_i_juni\" >Eller v\u00e4lj alexandrit som din f\u00f6delsesten i juni.<\/a><\/li><li class='ez-toc-page-1 ez-toc-heading-level-3'><a class=\"ez-toc-link ez-toc-heading-15\" href=\"https:\/\/goroskop.tv\/sw\/vilken-farg-har-fodelsestenen-for-juni\/#Alexandrit_ar_sallsynt_och_dyrt\" >Alexandrit \u00e4r s\u00e4llsynt och dyrt.<\/a><\/li><li class='ez-toc-page-1 ez-toc-heading-level-3'><a class=\"ez-toc-link ez-toc-heading-16\" href=\"https:\/\/goroskop.tv\/sw\/vilken-farg-har-fodelsestenen-for-juni\/#Juni_Alexandrite_Birthstone_historia\" >Juni Alexandrite Birthstone historia<\/a><\/li><\/ul><\/li><li class='ez-toc-page-1 ez-toc-heading-level-2'><a class=\"ez-toc-link ez-toc-heading-17\" href=\"https:\/\/goroskop.tv\/sw\/vilken-farg-har-fodelsestenen-for-juni\/#Vilken_gron_nyans_ar_Gemini\" >Vilken gr\u00f6n nyans \u00e4r Gemini?<\/a><\/li><li class='ez-toc-page-1 ez-toc-heading-level-2'><a class=\"ez-toc-link ez-toc-heading-18\" href=\"https:\/\/goroskop.tv\/sw\/vilken-farg-har-fodelsestenen-for-juni\/#Hur_upptrader_alexandrit\" >Hur upptr\u00e4der alexandrit?<\/a><\/li><li class='ez-toc-page-1 ez-toc-heading-level-2'><a class=\"ez-toc-link ez-toc-heading-19\" href=\"https:\/\/goroskop.tv\/sw\/vilken-farg-har-fodelsestenen-for-juni\/#Varfor_ar_parlan_junis_fodelsesten\" >Varf\u00f6r \u00e4r p\u00e4rlan junis f\u00f6delsesten?<\/a><\/li><\/ul><\/nav><\/div>\n","protected":false},"excerpt":{"rendered":"<p>Vilken f\u00e4rg har f\u00f6delsestenen f\u00f6r juni? Junes f\u00f6delsestenar \u00e4r lika utm\u00e4rkande som de kommer eftersom hon har tv\u00e5, Pearl och Alexandrite, som sina f\u00f6delsestenar. Alexandrit \u00e4r otroligt s\u00e4llsynt och kan \u00abskifta f\u00e4rg\u00bb, verkar gr\u00f6nt i naturligt ljus och \u00e4ndrar en lila-r\u00f6d nyans i gl\u00f6dande eller artificiellt ljus. P\u00e4rlan \u00e4r ocks\u00e5 s\u00e4llsynt eftersom det \u00e4r den &hellip;<\/p>\n","protected":false},"author":1,"featured_media":85,"comment_status":"closed","ping_status":"closed","sticky":false,"template":"","format":"standard","meta":{"footnotes":""},"categories":[4],"tags":[354,125,7,263,207,86],"class_list":["post-24376","post","type-post","status-publish","format-standard","has-post-thumbnail","hentry","category-tarot","tag-farg","tag-fodelsestenen","tag-for","tag-har","tag-juni","tag-vilken"],"_links":{"self":[{"href":"https:\/\/goroskop.tv\/sw\/wp-json\/wp\/v2\/posts\/24376","targetHints":{"allow":["GET"]}}],"collection":[{"href":"https:\/\/goroskop.tv\/sw\/wp-json\/wp\/v2\/posts"}],"about":[{"href":"https:\/\/goroskop.tv\/sw\/wp-json\/wp\/v2\/types\/post"}],"author":[{"embeddable":true,"href":"https:\/\/goroskop.tv\/sw\/wp-json\/wp\/v2\/users\/1"}],"replies":[{"embeddable":true,"href":"https:\/\/goroskop.tv\/sw\/wp-json\/wp\/v2\/comments?post=24376"}],"version-history":[{"count":0,"href":"https:\/\/goroskop.tv\/sw\/wp-json\/wp\/v2\/posts\/24376\/revisions"}],"wp:featuredmedia":[{"embeddable":true,"href":"https:\/\/goroskop.tv\/sw\/wp-json\/wp\/v2\/media\/85"}],"wp:attachment":[{"href":"https:\/\/goroskop.tv\/sw\/wp-json\/wp\/v2\/media?parent=24376"}],"wp:term":[{"taxonomy":"category","embeddable":true,"href":"https:\/\/goroskop.tv\/sw\/wp-json\/wp\/v2\/categories?post=24376"},{"taxonomy":"post_tag","embeddable":true,"href":"https:\/\/goroskop.tv\/sw\/wp-json\/wp\/v2\/tags?post=24376"}],"curies":[{"name":"wp","href":"https:\/\/api.w.org\/{rel}","templated":true}]}}