{"id":2453,"date":"2023-07-21T06:28:52","date_gmt":"2023-07-21T06:28:52","guid":{"rendered":"https:\/\/goroskop.tv\/sw\/hur-man-manifesterar-bra-vader-i-7-kraftfulla\/"},"modified":"2023-07-21T06:28:52","modified_gmt":"2023-07-21T06:28:52","slug":"hur-man-manifesterar-bra-vader-i-7-kraftfulla","status":"publish","type":"post","link":"https:\/\/goroskop.tv\/sw\/hur-man-manifesterar-bra-vader-i-7-kraftfulla\/","title":{"rendered":"Hur man manifesterar bra v\u00e4der (i 7 kraftfulla"},"content":{"rendered":"<p><\/p>\n<h2><span class=\"ez-toc-section\" id=\"Hur_man_manifesterar_bra_vader_i_7_kraftfulla\"><\/span><span class=\"ez-toc-section\" id=\"Como_manifestar_el_buen_tiempo_en_7_poderosos\"><\/span>  Hur man manifesterar bra v\u00e4der (i 7 kraftfulla<span class=\"ez-toc-section-end\"><\/span><span class=\"ez-toc-section-end\"><\/span><\/h2>\n<figure class=\"wp-block-image aligncenter size-full\"><\/figure>\n<p>Hela universum \u00e4r gjort av energi. <\/p>\n<p>  Den fysiska, materiella v\u00e4rld vi f\u00f6rkroppsligar, som verkar s\u00e5 p\u00e5taglig och verklig f\u00f6r oss, \u00e4r en t\u00e4t form av energi som har stelnat till en fysisk form.<\/p>\n<p>Olika energistr\u00f6mmar skapar specifika m\u00f6nster som kallas frekvenser och vibrationer. <\/p>\n<p>  Alla frekvenser attraherar det som resonerar vid v\u00e5gl\u00e4ngder som liknar dem. <\/p>\n<p>  Du \u00e4r en kombination av specifika frekvenser och vibrationer.<\/p>\n<p>D\u00e4rf\u00f6r matchar verkligheten som du upplever din inre verklighet. <\/p>\n<p>  Dina tankar, \u00f6vertygelser och k\u00e4nslor \u00e4r de mest kraftfulla verktygen f\u00f6r att skapa din verklighet.<\/p>\n<p>Allt som h\u00e4nder dig, omkring dig och i ditt liv, matchar din energifrekvens. <\/p>\n<p>  N\u00e4r du medvetet v\u00e4ljer dina \u00f6vertygelser, tankar och k\u00e4nslor skapar du medvetet din verklighet.<\/p>\n<p>Finns det n\u00e5got s\u00e4tt att komma s\u00e5 l\u00e5ngt som att visa bra v\u00e4der?  Om s\u00e5 \u00e4r fallet, hur kan du g\u00f6ra det?<\/p>\n<p>Den yttre verkligheten matchar din inre verklighet. <\/p>\n<p>  Makrokosmos och mikrokosmos speglar varandra. <\/p>\n<p>  D\u00e4rf\u00f6r kommer du, genom att stabilisera ditt inre tillst\u00e5nd, med st\u00f6rsta sannolikhet attrahera en positiv och harmonisk milj\u00f6, inklusive bra v\u00e4der.<\/p>\n<p><strong>F\u00f6r att manifestera det goda v\u00e4dret, fokusera p\u00e5 att visualisera hur det kommer att f\u00e5 dig att k\u00e4nna att vara i den h\u00e4r typen av v\u00e4der, f\u00f6rbered dig f\u00f6r det, sl\u00e4pp alla tvivel och ha full tilltro till att du kommer att kunna manifestera det. <\/strong><\/p>\n<p>  Fokusera ocks\u00e5 p\u00e5 att h\u00f6ja din frekvens, eftersom ju h\u00f6gre din frekvens, desto starkare \u00e4r din manifestationsf\u00f6rm\u00e5ga.<\/p>\n<p>Alltf\u00f6r ofta tvivlar vi p\u00e5 v\u00e5r f\u00f6rm\u00e5ga att manifestera v\u00e5r \u00f6nskade verklighet. <\/p>\n<p>  Kom ih\u00e5g att du alltid manifesterar vare sig du \u00e4r medveten om det eller inte. <\/p>\n<p>  Vad du \u00e4n resonerar med, lockar du hela tiden. <\/p>\n<p>  Detta \u00e4r inte begr\u00e4nsat till dina relationer och framg\u00e5ng, utan till v\u00e4rlden omkring dig.<\/p>\n<p><em>Du har mer makt \u00e4n du inser n\u00e4r det g\u00e4ller att forma den v\u00e4rld du lever i. <\/em><\/p>\n<p>F\u00f6lj dessa steg f\u00f6r att l\u00e4ra dig att dina manifestationskrafter \u00e4r obegr\u00e4nsade och till och med kan ut\u00f6kas f\u00f6r att manifestera ditt \u00f6nskade v\u00e4der.<\/p>\n<h2 class=\"wp-block-heading\"><span class=\"ez-toc-section\" id=\"7_steg_for_att_visa_bra_vader\"><\/span><span class=\"ez-toc-section\" id=\"7_pasos_para_manifestar_el_buen_tiempo\"><\/span>7 steg f\u00f6r att visa bra v\u00e4der<span class=\"ez-toc-section-end\"><\/span><span class=\"ez-toc-section-end\"><\/span><\/h2>\n<figure class=\"wp-block-image aligncenter size-full\"><\/figure>\n<p>Om du redan \u00e4r bekant med manifestation \u00e4r du definitivt medveten om att dina k\u00e4nslor och ditt fulla sj\u00e4lvf\u00f6rtroende \u00e4r nyckelkomponenterna f\u00f6r att f\u00f6rverkliga dina \u00f6nskningar. <\/p>\n<p>  Detsamma g\u00e4ller n\u00e4r det g\u00e4ller att manifestera bra v\u00e4der.<\/p>\n<p>Som det popul\u00e4ra ordspr\u00e5ket s\u00e4ger: \u00abOavsett om du tror att du kan eller inte kan, s\u00e5 har du r\u00e4tt!\u00bb<\/p>\n<p>Om du \u00e4r helt s\u00e4ker p\u00e5 din f\u00f6rm\u00e5ga att manifestera din \u00f6nskade verklighet, kan du manifestera vad som helst. <\/p>\n<p>  Om du tvivlar p\u00e5 dig sj\u00e4lv och din f\u00f6rm\u00e5ga att uppn\u00e5 det blir det n\u00e4stan om\u00f6jligt.<\/p>\n<p>F\u00f6lj dessa steg med fullst\u00e4ndig tillf\u00f6rsikt och kom ih\u00e5g att du redan manifesterar din verklighet;  att g\u00f6ra det medvetet hj\u00e4lper dig att locka till dig de upplevelser du vill ha.<\/p>\n<h3 class=\"wp-block-heading\"><span class=\"ez-toc-section\" id=\"1\"><\/span><span class=\"ez-toc-section\" id=\"1_Visualiza\"><\/span>1. <span class=\"ez-toc-section-end\"><\/span><\/h3>\n<p>visualisera<span class=\"ez-toc-section-end\"><\/span>\n<\/p>\n<p>Visualisering \u00e4r grunden f\u00f6r att manifestera bra v\u00e4der. <\/p>\n<p>  Blunda och fundera \u00f6ver de omst\u00e4ndigheter som du vill befinna dig i. <\/p>\n<p>F\u00f6rest\u00e4ll dig allt omkring dig och visualisera din milj\u00f6.<\/p>\n<p>\u00c4r du p\u00e5 stranden?<\/p>\n<p>Tar du en promenad med dina v\u00e4nner?<\/p>\n<p>K\u00e4nner du den varma sanden under dina bara f\u00f6tter?<\/p>\n<p>\u00c4r det en soluppg\u00e5ng eller \u00e4r det dag?<\/p>\n<p>F\u00f6rest\u00e4ll dig hur den varma solen k\u00e4nns p\u00e5 din hud. <\/p>\n<p>  K\u00e4nn brisen fr\u00e5n den varma vinden p\u00e5 dina kinder. <\/p>\n<p>  F\u00f6rest\u00e4ll dig att du est\u00e1s in den varma luften och f\u00f6rest\u00e4ll dig hur det k\u00e4nns. <\/p>\n<p>  Var s\u00e5 specifik och detaljerad som m\u00f6jligt.<\/p>\n<p>G\u00f6r en visualiseringsritual dagligen.<\/p>\n<p>Du kan g\u00f6ra det tidigt p\u00e5 morgonen, s\u00e5 fort du vaknar, eller p\u00e5 natten, precis innan du ska sova. <\/p>\n<p>  Du kan ocks\u00e5 g\u00f6ra det efter din meditations\u00f6vning.<\/p>\n<p>Det h\u00e4r \u00e4r de tider p\u00e5 dygnet d\u00e5 ditt undermedvetna \u00e4r mest \u00f6ppet f\u00f6r omprogrammering, och de program du matar in i ditt undermedvetna skickar signaler till det st\u00f6rre universum som ytterligare programmerar den verklighet du upplever.<\/p>\n<p>Du kan ocks\u00e5 skapa en visionboard som representerar det idealiska klimatet du dr\u00f6mmer om!<\/p>\n<h3 class=\"wp-block-heading\"><span class=\"ez-toc-section\" id=\"2\"><\/span><span class=\"ez-toc-section\" id=\"2_Libera_tu_mente\"><\/span>2. <span class=\"ez-toc-section-end\"><\/span><\/h3>\n<p>Frig\u00f6r ditt sinne<span class=\"ez-toc-section-end\"><\/span><\/p>\n<figure class=\"wp-block-image aligncenter size-full\"><\/figure>\n<\/p>\n<p>Om du tvivlar p\u00e5 din f\u00f6rm\u00e5ga att manifestera, kommer det att vara n\u00e4stan om\u00f6jligt f\u00f6r dig att manifestera, eftersom manifestation \u00e4r en handling av att anpassa fysisk verklighet med din \u00f6nskade verklighet som g\u00f6rs av ditt fulla f\u00f6rtroende och s\u00e4kerhet.<\/p>\n<p>Du kan ha begr\u00e4nsande \u00f6vertygelser, till exempel:<\/p>\n<ul>\n<li>\u00abDet \u00e4r om\u00f6jligt att visa bra v\u00e4der.\u00bb<\/li>\n<li>\u00abManifest fungerar inte.\u00bb<\/li>\n<li>    \u00abJag \u00e4r inte stark nog att manifestera mig sj\u00e4lv.\u00bb<\/li>\n<\/ul>\n<p>Det \u00e4r vanligt att man snubblar \u00f6ver s\u00e5dana id\u00e9er, och dessa f\u00f6rest\u00e4llningar kan f\u00f6rs\u00f6ka f\u00e5 dig att g\u00e5 av sp\u00e5ret.<\/p>\n<p>Meditera och journalf\u00f6r f\u00f6r att befria ditt sinne fr\u00e5n dessa och alla andra begr\u00e4nsande f\u00f6rest\u00e4llningar du kan ha. <\/p>\n<p>  Befria ditt sinne fr\u00e5n f\u00f6rvirring, tvivel och os\u00e4kerhet. <\/p>\n<p>  Vet att du \u00e4r ett uttryck f\u00f6r universum, och som s\u00e5dan \u00e4r dina krafter obegr\u00e4nsade.<\/p>\n<p>Du deltar i skapelsens eviga dans och du \u00e4r sj\u00e4lv en skapare. <\/p>\n<p>  Ha detta i \u00e5tanke och slappna helt av i denna medvetenhet.<\/p>\n<h3 class=\"wp-block-heading\"><span class=\"ez-toc-section\" id=\"3_Hur_kommer_du_att_ma\"><\/span><span class=\"ez-toc-section\" id=\"3_%C2%BFComo_te_sentiras\"><\/span>3. Hur kommer du att m\u00e5?<span class=\"ez-toc-section-end\"><\/span><span class=\"ez-toc-section-end\"><\/span><\/h3>\n<p>Hur kommer du att k\u00e4nna dig n\u00e4r du befinner dig i det varma v\u00e4dret du har f\u00f6rest\u00e4llt dig?  T\u00e4nk p\u00e5 bilderna och f\u00f6rnimmelserna som kom till dig under visualiserings\u00f6vningen.<\/p>\n<p>K\u00e4nde du dig lugn, glad och avslappnad?  Fick det dig att k\u00e4nna dig glad och upprymd?<\/p>\n<p>Registrera dina k\u00e4nslor och f\u00f6rs\u00f6k att k\u00e4nna dem s\u00e5 djupt som m\u00f6jligt. <\/p>\n<p>  Kom ih\u00e5g att k\u00e4nslor \u00e4r nyckeln till att manifestera sig, s\u00e5 det \u00e4r viktigt att vara uppm\u00e4rksam p\u00e5 hur dina \u00f6nskade omst\u00e4ndigheter f\u00e5r dig att k\u00e4nna.<\/p>\n<h3 class=\"wp-block-heading\"><span class=\"ez-toc-section\" id=\"4\"><\/span><span class=\"ez-toc-section\" id=\"4_Alineate_con_tu_realidad_deseada\"><\/span>4. <span class=\"ez-toc-section-end\"><\/span><\/h3>\n<p>Anpassa dig till din \u00f6nskade verklighet<span class=\"ez-toc-section-end\"><\/span><\/p>\n<figure class=\"wp-block-image aligncenter size-full\"><\/figure>\n<\/p>\n<p>N\u00e4r du har visualiserat och vet hur du kommer att k\u00e4nna dig n\u00e4r du \u00e4r i vackert, varmt v\u00e4der, t\u00e4nk p\u00e5 hur du kan f\u00f6ra in dessa k\u00e4nslor i din nuvarande verklighet.<\/p>\n<p>Om du inser att det kommer att f\u00e5 dig att k\u00e4nna dig avslappnad, glad och n\u00f6jd, t\u00e4nk p\u00e5 allt du kan g\u00f6ra f\u00f6r att f\u00f6ra in dessa k\u00e4nslor, f\u00f6rnimmelser och k\u00e4nslor i ditt liv just i detta \u00f6gonblick.<\/p>\n<p>Det kan till exempel vara en rolig aktivitet, som att rita, m\u00e5la, g\u00e5 p\u00e5 en dansklass, g\u00e5 p\u00e5 spa eller f\u00e5 massage. <\/p>\n<p>  N\u00e4r du g\u00f6r dessa saker som anpassar dig till ditt \u00f6nskade k\u00e4nslom\u00e4ssiga tillst\u00e5nd, beh\u00e5ll \u00f6nskan om bra v\u00e4der i ditt sinne och lita helt p\u00e5 att det kommer att g\u00e5 i uppfyllelse.<\/p>\n<p>T\u00e4nk p\u00e5 att du ocks\u00e5 kan anpassa energin i din fysiska verklighet till ditt \u00f6nskade v\u00e4der. <\/p>\n<p>  Du kan f\u00f6rbereda dig genom att handla r\u00e4tt sorters kl\u00e4der, skor och accessoarer och g\u00f6ra planer f\u00f6r dina aktiviteter under bra v\u00e4der.<\/p>\n<p>Visualisera dig sj\u00e4lv i dessa situationer och omst\u00e4ndigheter och k\u00e4nn tacksamhet f\u00f6r dem.<\/p>\n<h3 class=\"wp-block-heading\"><span class=\"ez-toc-section\" id=\"5\"><\/span>5. <\/p>\n<span class=\"ez-toc-section-end\"><\/span><\/h3>\n<p>h\u00f6ja din frekvens\n<\/p>\n<p>Ju h\u00f6gre frekvens du har, desto st\u00f6rre f\u00f6rm\u00e5ga att attrahera det du vill ha. <\/p>\n<p>  Din frekvens kan vara (ingen ordlek :)) grumlad av negativa tankar och k\u00e4nslor.<\/p>\n<p>Att spendera f\u00f6r mycket tid med negativa m\u00e4nniskor som ofta klagar kan t\u00f6mma din energi. <\/p>\n<p>  Detsamma g\u00e4ller r\u00f6ran i ditt rum, garderob eller ditt sinne. <\/p>\n<p>  Att \u00e4ta en oh\u00e4lsosam kost kan ocks\u00e5 minska din frekvens.<\/p>\n<p>Skriv i en dagbok allt du kan g\u00f6ra f\u00f6r att \u00f6ka din frekvens. <\/p>\n<p>  Det kommer att hj\u00e4lpa dig att se dig sj\u00e4lv och ditt liv tydligare och ge dig fantastiska verktyg f\u00f6r att st\u00e4rka dina manifestationskrafter.<\/p>\n<h3 class=\"wp-block-heading\"><span class=\"ez-toc-section\" id=\"6\"><\/span><span class=\"ez-toc-section\" id=\"6_Estar_abierto_al_universo\"><\/span>6. <span class=\"ez-toc-section-end\"><\/span><\/h3>\n<p>vara \u00f6ppen f\u00f6r universum<span class=\"ez-toc-section-end\"><\/span><\/p>\n<figure class=\"wp-block-image aligncenter size-full\"><\/figure>\n<\/p>\n<p>N\u00e4r du manifesterar \u00e4r det alltid viktigt att ha i \u00e5tanke att dina v\u00e4lsignelser kan komma fr\u00e5n ett annat h\u00e5ll och i en annan form \u00e4n du f\u00f6rv\u00e4ntade dig. <\/p>\n<p>  Universum har en mycket b\u00e4ttre bild av ditt liv \u00e4n du har.<\/p>\n<p>N\u00e4r du vill n\u00e5got v\u00e4ldigt g\u00e4rna kan det komma i en annan form \u00e4n du f\u00f6rest\u00e4llt dig. <\/p>\n<p>  Till exempel, n\u00e4r du har visualiserat dig sj\u00e4lv omgiven av bra v\u00e4der, kan n\u00e5gon ov\u00e4ntat ge dig flygbiljetter till en varm plats.<\/p>\n<p>Du kanske trodde att bra v\u00e4der skulle komma till dig, men du kanske blir den som reser till platsen i bra v\u00e4der!<\/p>\n<p>Din \u00f6nskan kommer fortfarande att g\u00e5 i uppfyllelse, men den kan komma p\u00e5 ett s\u00e4tt som du inte f\u00f6rv\u00e4ntade dig.<\/p>\n<h3 class=\"wp-block-heading\"><span class=\"ez-toc-section\" id=\"7\"><\/span><span class=\"ez-toc-section\" id=\"7_Confianza\"><\/span>7. <span class=\"ez-toc-section-end\"><\/span><\/h3>\n<p>F\u00f6rtroende<span class=\"ez-toc-section-end\"><\/span>\n<\/p>\n<p>Ha fullt f\u00f6rtroende f\u00f6r universum f\u00f6r att f\u00f6rverkliga dina \u00f6nskningar. <\/p>\n<p>  Om du inte litar p\u00e5, hindrar du v\u00e4lsignelser fr\u00e5n att komma till dig.<\/p>\n<p>Till\u00e5t dig sj\u00e4lv att k\u00e4nna efter ditt manifestationer p\u00e5 samma s\u00e4tt som du k\u00e4nner om dina onlinek\u00f6p: n\u00e4r du har lagt best\u00e4llningen har du fullt f\u00f6rtroende f\u00f6r att dina varor kommer att levereras. <\/p>\n<p>  Universum \u00e4lskar dig och f\u00f6rs\u00f6rjer dig alltid.<\/p>\n<p>Din lycka och ditt v\u00e4lbefinnande \u00e4r i universums b\u00e4sta.  Ha fullt f\u00f6rtroende f\u00f6r att dina manifestationer \u00e4r p\u00e5 v\u00e4g!<\/p>\n<h2 class=\"wp-block-heading\"><span class=\"ez-toc-section\" id=\"Sammanfattning\"><\/span><span class=\"ez-toc-section\" id=\"Resumen\"><\/span>Sammanfattning<span class=\"ez-toc-section-end\"><\/span><span class=\"ez-toc-section-end\"><\/span><\/h2>\n<p>Du \u00e4r ett uttryck och en del av universum. <\/p>\n<p>  Du \u00e4r en kraftfull skapare av ditt liv och din verklighet. <\/p>\n<p>  Om du kan f\u00f6rest\u00e4lla dig det, kan du leva det!<\/p>\n<p>Begr\u00e4nsa dig inte genom att tro att du bara kan manifestera h\u00e4ndelser, m\u00e4nniskor och framg\u00e5ng i ditt liv.  Du kan ocks\u00e5 visa bra v\u00e4der om du verkligen tror att det \u00e4r m\u00f6jligt och anpassar din energi till det!<\/p>\n<p>Vi hoppas att du gillade v\u00e5r artikel Hur man manifesterar bra v\u00e4der (i 7 kraftfulla) och allt relaterat till horoskop, tarot, ritualer och allt relaterat&#8230;<\/p>\n<figure class=\"wp-block-table is-style-regular\">\n<\/figure>\n<p>Intressanta saker att veta inneb\u00f6rden: Ritualer  <\/p>\n<p>\u00c4ven h\u00e4r l\u00e4mnar vi \u00e4mnen relaterade till: Ritualer <\/p>\n<\/p>\n<p><\/p>\n<p>Vi hoppas att du gillade v\u00e5r artikel Hur man manifesterar bra v\u00e4der (i 7 kraftfulla<br \/>\n och allt om horoskop, tarot, ritualer och allt relaterat till det &#8230;<\/p>\n<figure class=\"wp-block-table is-style-regular\">\n<table style=\"width: 284px; height: 157px;\">\n<tbody>\n<tr>\n<td class=\"has-text-align-center\" data-align=\"center\"><img loading=\"lazy\" decoding=\"async\" class=\"alignleft\" src=\" https:\/\/goroskop.tv\/wp-content\/uploads\/2023\/05\/rituales1.jpg \" alt=\" Hur man manifesterar bra v\u00e4der (i 7 kraftfulla\n \" width=\"65\" height=\"95\" title=\"\"><img loading=\"lazy\" decoding=\"async\" class=\"alignleft\" style=\"width: 60px;\" src=\" https:\/\/goroskop.tv\/wp-content\/uploads\/2023\/05\/rituales2.jpg \" alt=\" Hur man manifesterar bra v\u00e4der (i 7 kraftfulla\n \" width=\"195\" height=\"300\" title=\"\"><img decoding=\"async\" class=\"alignleft\" style=\"width: 60px;\" src=\" https:\/\/goroskop.tv\/wp-content\/uploads\/2023\/05\/rituales3.jpg \" alt=\" Hur man manifesterar bra v\u00e4der (i 7 kraftfulla\n \" title=\"\"><\/td>\n<\/tr>\n<\/tbody>\n<\/table>\n<\/figure>\n<p>Intressanta saker att veta inneb\u00f6rden: <a href=\"https:\/\/sv.wikipedia.org\/wiki\/Ritualer\" target=\"_blank\" rel=\"nofollow noopener\"> Ritualer <\/a> <\/p>\n<p>H\u00e4r l\u00e4mnar vi ocks\u00e5 \u00e4mnen relaterade till: <a href=\" https:\/\/goroskop.tv\/sw\/karriarguide-for-stjarntecken-den-basta\/\">Ritualer<\/a><\/p>\n<div id=\"ez-toc-container\" class=\"ez-toc-v2_0_82_2 ez-toc-wrap-center counter-hierarchy ez-toc-counter ez-toc-grey ez-toc-container-direction\">\n<div class=\"ez-toc-title-container\">\n<div class=\"ez-toc-title\" style=\"cursor:inherit\">Table of Contents<\/div>\n<span class=\"ez-toc-title-toggle\"><a href=\"#\" class=\"ez-toc-pull-right ez-toc-btn ez-toc-btn-xs ez-toc-btn-default ez-toc-toggle\" aria-label=\"Alternar tabla de contenidos\"><span class=\"ez-toc-js-icon-con\"><span class=\"\"><span class=\"eztoc-hide\" style=\"display:none;\">Toggle<\/span><span class=\"ez-toc-icon-toggle-span\"><svg style=\"fill: #999;color:#999\" xmlns=\"http:\/\/www.w3.org\/2000\/svg\" class=\"list-377408\" width=\"20px\" height=\"20px\" viewBox=\"0 0 24 24\" fill=\"none\"><path d=\"M6 6H4v2h2V6zm14 0H8v2h12V6zM4 11h2v2H4v-2zm16 0H8v2h12v-2zM4 16h2v2H4v-2zm16 0H8v2h12v-2z\" fill=\"currentColor\"><\/path><\/svg><svg style=\"fill: #999;color:#999\" class=\"arrow-unsorted-368013\" xmlns=\"http:\/\/www.w3.org\/2000\/svg\" width=\"10px\" height=\"10px\" viewBox=\"0 0 24 24\" version=\"1.2\" baseProfile=\"tiny\"><path d=\"M18.2 9.3l-6.2-6.3-6.2 6.3c-.2.2-.3.4-.3.7s.1.5.3.7c.2.2.4.3.7.3h11c.3 0 .5-.1.7-.3.2-.2.3-.5.3-.7s-.1-.5-.3-.7zM5.8 14.7l6.2 6.3 6.2-6.3c.2-.2.3-.5.3-.7s-.1-.5-.3-.7c-.2-.2-.4-.3-.7-.3h-11c-.3 0-.5.1-.7.3-.2.2-.3.5-.3.7s.1.5.3.7z\"\/><\/svg><\/span><\/span><\/span><\/a><\/span><\/div>\n<nav><ul class='ez-toc-list ez-toc-list-level-1 eztoc-toggle-hide-by-default' ><li class='ez-toc-page-1 ez-toc-heading-level-2'><a class=\"ez-toc-link ez-toc-heading-1\" href=\"https:\/\/goroskop.tv\/sw\/hur-man-manifesterar-bra-vader-i-7-kraftfulla\/#Hur_man_manifesterar_bra_vader_i_7_kraftfulla\" >Hur man manifesterar bra v\u00e4der (i 7 kraftfulla<\/a><\/li><li class='ez-toc-page-1 ez-toc-heading-level-2'><a class=\"ez-toc-link ez-toc-heading-2\" href=\"https:\/\/goroskop.tv\/sw\/hur-man-manifesterar-bra-vader-i-7-kraftfulla\/#7_steg_for_att_visa_bra_vader\" >7 steg f\u00f6r att visa bra v\u00e4der<\/a><ul class='ez-toc-list-level-3' ><li class='ez-toc-heading-level-3'><a class=\"ez-toc-link ez-toc-heading-3\" href=\"https:\/\/goroskop.tv\/sw\/hur-man-manifesterar-bra-vader-i-7-kraftfulla\/#1\" >1.<\/a><\/li><li class='ez-toc-page-1 ez-toc-heading-level-3'><a class=\"ez-toc-link ez-toc-heading-4\" href=\"https:\/\/goroskop.tv\/sw\/hur-man-manifesterar-bra-vader-i-7-kraftfulla\/#2\" >2.<\/a><\/li><li class='ez-toc-page-1 ez-toc-heading-level-3'><a class=\"ez-toc-link ez-toc-heading-5\" href=\"https:\/\/goroskop.tv\/sw\/hur-man-manifesterar-bra-vader-i-7-kraftfulla\/#3_Hur_kommer_du_att_ma\" >3. Hur kommer du att m\u00e5?<\/a><\/li><li class='ez-toc-page-1 ez-toc-heading-level-3'><a class=\"ez-toc-link ez-toc-heading-6\" href=\"https:\/\/goroskop.tv\/sw\/hur-man-manifesterar-bra-vader-i-7-kraftfulla\/#4\" >4.<\/a><\/li><li class='ez-toc-page-1 ez-toc-heading-level-3'><a class=\"ez-toc-link ez-toc-heading-7\" href=\"https:\/\/goroskop.tv\/sw\/hur-man-manifesterar-bra-vader-i-7-kraftfulla\/#5\" >5.<\/a><\/li><li class='ez-toc-page-1 ez-toc-heading-level-3'><a class=\"ez-toc-link ez-toc-heading-8\" href=\"https:\/\/goroskop.tv\/sw\/hur-man-manifesterar-bra-vader-i-7-kraftfulla\/#6\" >6.<\/a><\/li><li class='ez-toc-page-1 ez-toc-heading-level-3'><a class=\"ez-toc-link ez-toc-heading-9\" href=\"https:\/\/goroskop.tv\/sw\/hur-man-manifesterar-bra-vader-i-7-kraftfulla\/#7\" >7.<\/a><\/li><\/ul><\/li><li class='ez-toc-page-1 ez-toc-heading-level-2'><a class=\"ez-toc-link ez-toc-heading-10\" href=\"https:\/\/goroskop.tv\/sw\/hur-man-manifesterar-bra-vader-i-7-kraftfulla\/#Sammanfattning\" >Sammanfattning<\/a><\/li><\/ul><\/nav><\/div>\n","protected":false},"excerpt":{"rendered":"<p>Hur man manifesterar bra v\u00e4der (i 7 kraftfulla Hela universum \u00e4r gjort av energi. Den fysiska, materiella v\u00e4rld vi f\u00f6rkroppsligar, som verkar s\u00e5 p\u00e5taglig och verklig f\u00f6r oss, \u00e4r en t\u00e4t form av energi som har stelnat till en fysisk form. Olika energistr\u00f6mmar skapar specifika m\u00f6nster som kallas frekvenser och vibrationer. Alla frekvenser attraherar det &hellip;<\/p>\n","protected":false},"author":1,"featured_media":83,"comment_status":"closed","ping_status":"closed","sticky":false,"template":"","format":"standard","meta":{"footnotes":""},"categories":[3],"tags":[282,23,586,24,1093,1651],"class_list":["post-2453","post","type-post","status-publish","format-standard","has-post-thumbnail","hentry","category-ritualer","tag-bra","tag-hur","tag-kraftfulla","tag-man","tag-manifesterar","tag-vader"],"_links":{"self":[{"href":"https:\/\/goroskop.tv\/sw\/wp-json\/wp\/v2\/posts\/2453","targetHints":{"allow":["GET"]}}],"collection":[{"href":"https:\/\/goroskop.tv\/sw\/wp-json\/wp\/v2\/posts"}],"about":[{"href":"https:\/\/goroskop.tv\/sw\/wp-json\/wp\/v2\/types\/post"}],"author":[{"embeddable":true,"href":"https:\/\/goroskop.tv\/sw\/wp-json\/wp\/v2\/users\/1"}],"replies":[{"embeddable":true,"href":"https:\/\/goroskop.tv\/sw\/wp-json\/wp\/v2\/comments?post=2453"}],"version-history":[{"count":0,"href":"https:\/\/goroskop.tv\/sw\/wp-json\/wp\/v2\/posts\/2453\/revisions"}],"wp:featuredmedia":[{"embeddable":true,"href":"https:\/\/goroskop.tv\/sw\/wp-json\/wp\/v2\/media\/83"}],"wp:attachment":[{"href":"https:\/\/goroskop.tv\/sw\/wp-json\/wp\/v2\/media?parent=2453"}],"wp:term":[{"taxonomy":"category","embeddable":true,"href":"https:\/\/goroskop.tv\/sw\/wp-json\/wp\/v2\/categories?post=2453"},{"taxonomy":"post_tag","embeddable":true,"href":"https:\/\/goroskop.tv\/sw\/wp-json\/wp\/v2\/tags?post=2453"}],"curies":[{"name":"wp","href":"https:\/\/api.w.org\/{rel}","templated":true}]}}