{"id":25388,"date":"2023-08-23T22:16:42","date_gmt":"2023-08-23T22:16:42","guid":{"rendered":"https:\/\/goroskop.tv\/sw\/fodelsestenen-for-vilken-manad-ar-parlan\/"},"modified":"2023-08-23T22:16:42","modified_gmt":"2023-08-23T22:16:42","slug":"fodelsestenen-for-vilken-manad-ar-parlan","status":"publish","type":"post","link":"https:\/\/goroskop.tv\/sw\/fodelsestenen-for-vilken-manad-ar-parlan\/","title":{"rendered":"F\u00f6delsestenen f\u00f6r vilken m\u00e5nad \u00e4r p\u00e4rlan"},"content":{"rendered":"<p><\/p>\n<h2><span class=\"ez-toc-section\" id=\"Fodelsestenen_for_vilken_manad_ar_parlan\"><\/span><span class=\"ez-toc-section\" id=\"La_piedra_natal_de_que_mes_es_la_perla\"><\/span>  F\u00f6delsestenen f\u00f6r vilken m\u00e5nad \u00e4r p\u00e4rlan<span class=\"ez-toc-section-end\"><\/span><span class=\"ez-toc-section-end\"><\/span><\/h2>\n<p>Du har turen att ha tre f\u00f6delsestenar att kalla din egen om du \u00e4r f\u00f6dd i juni m\u00e5nad. <\/p>\n<p>  Endast tre m\u00e5nader, juni, augusti och december har vardera tre f\u00f6delsestenar, vilket ger dig ett brett urval av dyrbara f\u00f6delsestenar att v\u00e4lja mellan.<\/p>\n<p>Moonstone, Alexandrite och Pearl \u00e4r f\u00f6delsestenarna f\u00f6r juni. <\/p>\n<p>  P\u00e5 grund av de olika f\u00e4rger och prisklasser som dessa \u00e4delstenar erbjuder, kan personer med junif\u00f6delsedagar hitta en f\u00f6delsesten som passar deras hum\u00f6r eller budget.<\/p>\n<h2><span class=\"ez-toc-section\" id=\"I_vilken_manad_fods_parlan\"><\/span><span class=\"ez-toc-section\" id=\"%C2%BFEn_que_mes_nace_la_perla\"><\/span><span id=\"ezoic-pub-ad-placeholder-144\" class=\"ezoic-adpicker-ad\"><\/span>I vilken m\u00e5nad f\u00f6ds p\u00e4rlan?<span class=\"ez-toc-section-end\"><\/span><span class=\"ez-toc-section-end\"><\/span><\/h2>\n<p>Elever vid Daniel Pearl Magnet High School (DPMHS) b\u00f6rjar repetera inf\u00f6r det \u00e5rliga evenemanget f\u00f6r att hedra den bortg\u00e5ngne Wall Street-f\u00f6rfattaren Daniel Pearl i oktober, och fyller Courtyard 1 South med trummor och gitarrer. <\/p>\n<p>  F\u00f6r att hedra Pearl och hennes k\u00e4rlek till musik och konst anordnades detta evenemang. <\/p>\n<p>  World Music Days har h\u00e5llits i oktober, m\u00e5naden f\u00f6r Pearls f\u00f6delse, sedan 2002 av Daniel Pearl Foundation. <\/p>\n<p>  Dessa \u00abHarmony for Humanity\u00bb-evenemang drar deltagare fr\u00e5n mer \u00e4n 140 l\u00e4nder, och p\u00e5 DPMHS lever s\u00e5ngerna vidare.<\/p>\n<h2><span class=\"ez-toc-section\" id=\"Vilken_adelsten_symboliserar_fodelsen_av_varje_manad\"><\/span><span class=\"ez-toc-section\" id=\"%C2%BFQue_piedra_preciosa_simboliza_el_nacimiento_de_cada_mes\"><\/span><span id=\"ezoic-pub-ad-placeholder-145\" class=\"ezoic-adpicker-ad\"><\/span><span class=\"ezoic-ad ezoic-at-0 banner-1 banner-1145 adtester-container adtester-container-145\" data-ez-name=\"hiszodiac_com-banner-1\"><span id=\"div-gpt-ad-hiszodiac_com-banner-1-0\" ezaw=\"250\" ezah=\"250\" style=\"position:relative;z-index:0;display:inline-block;padding:0;width:100%;max-width:1200px;margin-left:auto!important;margin-right:auto!important;min-height:90px;min-width:728px\" class=\"ezoic-ad\"><\/span><\/span>Vilken \u00e4delsten symboliserar f\u00f6delsen av varje m\u00e5nad?<span class=\"ez-toc-section-end\"><\/span><span class=\"ez-toc-section-end\"><\/span><\/h2>\n<p>Vilka stenar representerar f\u00f6delsen av varje m\u00e5nad?  Granat, ametist, akvamarin, diamant, smaragd, alexandrit, rubin, peridot, safir, turmalin, topas och bl\u00e5 topas \u00e4r de \u00e4delstenar som f\u00f6rknippas med m\u00e5naderna januari till december. <\/p>\n<p>  L\u00e4r dig mer om dessa v\u00e4lk\u00e4nda \u00e4delstenar.<\/p>\n<h2><span class=\"ez-toc-section\" id=\"Parlemor_ar_fodelsestenen_for_vilken_manad\"><\/span><span class=\"ez-toc-section\" id=\"%C2%BFLa_madreperla_es_la_piedra_de_nacimiento_de_que_mes\"><\/span><span id=\"ezoic-pub-ad-placeholder-146\" class=\"ezoic-adpicker-ad\"><\/span><span class=\"ezoic-ad ezoic-at-0 large-leaderboard-2 large-leaderboard-2146 adtester-container adtester-container-146\" data-ez-name=\"hiszodiac_com-large-leaderboard-2\"><span id=\"div-gpt-ad-hiszodiac_com-large-leaderboard-2-0\" ezaw=\"336\" ezah=\"280\" style=\"position:relative;z-index:0;display:inline-block;padding:0;width:100%;max-width:1200px;margin-left:auto!important;margin-right:auto!important;min-height:280px;min-width:336px\" class=\"ezoic-ad\"><\/span><\/span>P\u00e4rlemor \u00e4r f\u00f6delsestenen f\u00f6r vilken m\u00e5nad?<span class=\"ez-toc-section-end\"><\/span><span class=\"ez-toc-section-end\"><\/span><\/h2>\n<p>De traditionella f\u00f6delsestenarna f\u00f6r juni \u00e4r m\u00e5nstenar, alexandrit, p\u00e4rlor och p\u00e4rlemor, men eftersom vi p\u00e5 HBJ studio \u00e4r s\u00e4rskilt dedikerade till det himmelska, introducerar vi ekologisk + m\u00e5ninspirerad p\u00e4rlemor.<\/p>\n<h2><span class=\"ez-toc-section\" id=\"Ar_en_parla_en_fodelsesten_for_juni\"><\/span><span class=\"ez-toc-section\" id=\"%C2%BFEs_una_perla_una_piedra_de_nacimiento_para_junio\"><\/span><span id=\"ezoic-pub-ad-placeholder-147\" class=\"ezoic-adpicker-ad\"><\/span><span class=\"ezoic-ad ezoic-at-0 leader-1 leader-1147 adtester-container adtester-container-147\" data-ez-name=\"hiszodiac_com-leader-1\"><span id=\"div-gpt-ad-hiszodiac_com-leader-1-0\" ezaw=\"336\" ezah=\"280\" style=\"position:relative;z-index:0;display:inline-block;padding:0;width:100%;max-width:1200px;margin-left:auto!important;margin-right:auto!important;min-height:280px;min-width:336px\" class=\"ezoic-ad\"><\/span><\/span>\u00c4r en p\u00e4rla en f\u00f6delsesten f\u00f6r juni?<span class=\"ez-toc-section-end\"><\/span><span class=\"ez-toc-section-end\"><\/span><\/h2>\n<p>Den mest v\u00f6rdade och traditionella junif\u00f6delsestenen \u00e4r p\u00e4rlan. <\/p>\n<p>  De kan l\u00e4gga till stil till alla plagg och ge det en feminin och romantisk k\u00e4nsla. <\/p>\n<p>  De har en l\u00e5ng historia, och legender tyder p\u00e5 att sj\u00f6jungfrur och \u00e4nglars t\u00e5rar anv\u00e4ndes f\u00f6r att skapa dem.<\/p>\n<h2><span class=\"ez-toc-section\" id=\"Ar_parlan_en_sten_eller_en_parla\"><\/span><span class=\"ez-toc-section\" id=\"%C2%BFLa_perla_es_una_piedra_o_una_gema\"><\/span><span id=\"ezoic-pub-ad-placeholder-148\" class=\"ezoic-adpicker-ad\"><\/span><span class=\"ezoic-ad ezoic-at-0 leader-4 leader-4148 adtester-container adtester-container-148\" data-ez-name=\"hiszodiac_com-leader-4\"><span id=\"div-gpt-ad-hiszodiac_com-leader-4-0\" ezaw=\"250\" ezah=\"250\" style=\"position:relative;z-index:0;display:inline-block;padding:0;width:100%;max-width:1200px;margin-left:auto!important;margin-right:auto!important;min-height:90px;min-width:728px\" class=\"ezoic-ad\"><\/span><\/span>\u00c4r p\u00e4rlan en sten eller en p\u00e4rla?<span class=\"ez-toc-section-end\"><\/span><span class=\"ez-toc-section-end\"><\/span><\/h2>\n<p>P\u00e4rlor har prisats som \u00e4delstenar i \u00e5rhundraden, med det f\u00f6rsta historiska omn\u00e4mnandet av dem av en kinesisk historiker 2206 f.Kr. <\/p>\n<p>  Men det finns en betydande skillnad mellan p\u00e4rlor och andra v\u00e4lk\u00e4nda \u00e4delstenar som safirer, rubiner, smaragder och diamanter. <\/p>\n<p>  P\u00e4rlor har organiskt ursprung, till skillnad fr\u00e5n de andra, som utvecklas som underjordiska mineraler. <\/p>\n<p>  De utvecklas inuti en m\u00e4ngd olika s\u00f6tvattens- och saltvattenmolluskarter. <\/p>\n<p>  Med andra ord, p\u00e4rlor \u00e4r \u00e4delstenar, inte stenar. <\/p>\n<p>  De gamla skiljde dock inte mycket mellan p\u00e4rlor och \u00e4kta stenar.<\/p>\n<h2><span class=\"ez-toc-section\" id=\"Finns_det_tva_fodelsestenar_for_varje_manad\"><\/span><span class=\"ez-toc-section\" id=\"%C2%BFHay_dos_piedras_de_nacimiento_para_cada_mes\"><\/span><span id=\"ezoic-pub-ad-placeholder-153\" class=\"ezoic-adpicker-ad\"><\/span><span class=\"ezoic-ad ezoic-at-0 leader-2 leader-2153 adtester-container adtester-container-153\" data-ez-name=\"hiszodiac_com-leader-2\"><span id=\"div-gpt-ad-hiszodiac_com-leader-2-0\" ezaw=\"336\" ezah=\"280\" style=\"position:relative;z-index:0;display:inline-block;padding:0;width:100%;max-width:1200px;margin-left:auto!important;margin-right:auto!important;min-height:280px;min-width:336px\" class=\"ezoic-ad\"><\/span><\/span>Finns det tv\u00e5 f\u00f6delsestenar f\u00f6r varje m\u00e5nad?<span class=\"ez-toc-section-end\"><\/span><span class=\"ez-toc-section-end\"><\/span><\/h2>\n<p>\u00c4ven om varje m\u00e5nad traditionellt bara har en f\u00f6delsesten, har vissa m\u00e5nader m\u00e5nga f\u00f6delsestenar. <\/p>\n<p>  Detta faktum leder till viss f\u00f6rvirring, men variationen av m\u00f6jligheter under n\u00e5gra m\u00e5nader utvecklades f\u00f6r att ge kunderna ett urval av billigare val ut\u00f6ver de mer typiska dyra stenarna.<\/p>\n<h2><span class=\"ez-toc-section\" id=\"Vilken_fodelsesten_faller_egentligen_i_juni\"><\/span><span class=\"ez-toc-section\" id=\"%C2%BFQue_piedra_de_nacimiento_cae_realmente_en_junio\"><\/span><span id=\"ezoic-pub-ad-placeholder-154\" class=\"ezoic-adpicker-ad\"><\/span>Vilken f\u00f6delsesten faller egentligen i juni?<span class=\"ez-toc-section-end\"><\/span><span class=\"ez-toc-section-end\"><\/span><\/h2>\n<p>P\u00e4rlor \u00e4r biologiska, till skillnad fr\u00e5n de flesta \u00e4delstenar som uppt\u00e4ckts p\u00e5 jorden. <\/p>\n<p>  Enkelt uttryckt trivs de inom specifika varianter av ostron- och musselskal. <\/p>\n<p>  Vissa p\u00e4rlor finns naturligt i bl\u00f6tdjur som lever i s\u00f6t- eller saltvatten, till exempel floder. <\/p>\n<p>  Idag odlas ett stort antal p\u00e4rlor p\u00e5 ostronb\u00e4ddar, vilket st\u00f6der en robust p\u00e4rlverksamhet. <\/p>\n<p>  Aragonit, ett m\u00e5ttligt mjukt karbonatmineral (CaCO3) som ocks\u00e5 bildar skal p\u00e5 bl\u00f6tdjur, \u00e4r huvudkomponenten i p\u00e4rlor.<\/p>\n<p>N\u00e4r en liten stenbit, ett sandkorn eller en parasit kommer in i skalet p\u00e5 bl\u00f6tdjuret skapas en p\u00e4rla. <\/p>\n<p>  Ostronet eller musslan reagerar genom att t\u00e4cka det fr\u00e4mmande \u00e4mnet med p\u00e5 varandra f\u00f6ljande lager av skalmaterial eftersom det st\u00f6r dem. <\/p>\n<p>  De flesta av p\u00e4rlorna som bildas inuti skalet \u00e4r krokiga till formen och har lite kommersiellt v\u00e4rde. <\/p>\n<p>  De sf\u00e4riska eller p\u00e4ronformade, som har sitt ursprung i bl\u00f6tdjursv\u00e4vnaden, \u00e4r mycket eftertraktade f\u00f6r smycken.<\/p>\n<h3><span class=\"ez-toc-section\" id=\"Parlor_finns_i_olika_farger\"><\/span><span class=\"ez-toc-section\" id=\"Las_perlas_vienen_en_varios_colores\"><\/span><span id=\"ezoic-pub-ad-placeholder-149\" class=\"ezoic-adpicker-ad\"><\/span><span class=\"ezoic-ad ezoic-at-0 large-mobile-banner-2 large-mobile-banner-2149 adtester-container adtester-container-149\" data-ez-name=\"hiszodiac_com-large-mobile-banner-2\"><span id=\"div-gpt-ad-hiszodiac_com-large-mobile-banner-2-0\" ezaw=\"300\" ezah=\"250\" style=\"position:relative;z-index:0;display:inline-block;padding:0;min-height:250px;min-width:300px\" class=\"ezoic-ad\"><\/span><\/span>P\u00e4rlor finns i olika f\u00e4rger.<span class=\"ez-toc-section-end\"><\/span><span class=\"ez-toc-section-end\"><\/span><\/h3>\n<p>P\u00e4rlor \u00e4r bland de dyraste \u00e4delstenarna p\u00e5 grund av deras utpr\u00e4glat delikata genomskinlighet och lyster. <\/p>\n<p>  Den typ av bl\u00f6tdjur som skapade p\u00e4rlan, s\u00e5v\u00e4l som dess milj\u00f6, p\u00e5verkar nyansen. <\/p>\n<p>  Generellt sett \u00e4r vita p\u00e4rlor den mest popul\u00e4ra och v\u00e4lk\u00e4nda f\u00e4rgen. <\/p>\n<p>  Men p\u00e4rlor finns ocks\u00e5 i k\u00e4nsliga nyanser av lila, bl\u00e5tt, gult, lavendel, gr\u00f6nt, gr\u00e4dde och gr\u00e5tt. <\/p>\n<p>  Vattnet runt flera \u00f6ar i Stilla havet och Mexikanska golfen inneh\u00e5ller svarta p\u00e4rlor. <\/p>\n<p>  Orientaliska p\u00e4rlor, som \u00e4r magnifika kr\u00e4mf\u00e4rgade p\u00e4rlor, \u00e4r k\u00e4nda f\u00f6r att komma fr\u00e5n Sri Lanka och Persiska viken. <\/p>\n<p>  Vattnet runt den indonesiska \u00f6n Celebes, Kaliforniens golf och Mexikos Stillahavskust \u00e4r ytterligare platser f\u00f6r naturliga havsvattenp\u00e4rlor. <\/p>\n<p>  P\u00e4rlproducerande s\u00f6tvattensmusslor finns i Bayern, Tyskland, l\u00e4ngs Mississippifloden och i skogkl\u00e4dda b\u00e4ckar.<\/p>\n<h3><span class=\"ez-toc-section\" id=\"Vackra_odlade_parlor_ar_ocksa_populara\"><\/span><span class=\"ez-toc-section\" id=\"Tambien_son_populares_las_hermosas_perlas_cultivadas\"><\/span><span id=\"ezoic-pub-ad-placeholder-150\" class=\"ezoic-adpicker-ad\"><\/span><span class=\"ezoic-ad ezoic-at-0 mobile-leaderboard-2 mobile-leaderboard-2150 adtester-container adtester-container-150\" data-ez-name=\"hiszodiac_com-mobile-leaderboard-2\"><span id=\"div-gpt-ad-hiszodiac_com-mobile-leaderboard-2-0\" ezaw=\"250\" ezah=\"250\" style=\"position:relative;z-index:0;display:inline-block;padding:0;width:100%;max-width:1200px;margin-left:auto!important;margin-right:auto!important;min-height:90px;min-width:728px\" class=\"ezoic-ad\"><\/span><\/span>Vackra odlade p\u00e4rlor \u00e4r ocks\u00e5 popul\u00e4ra.<span class=\"ez-toc-section-end\"><\/span><span class=\"ez-toc-section-end\"><\/span><\/h3>\n<p>Japanska odlade p\u00e4rlor \u00e4r mycket uppskattade. <\/p>\n<p>  Alla som \u00e4r bekanta med smycken har ocks\u00e5 h\u00f6rt talas om Mikimoto-p\u00e4rlor, som \u00e4r uppkallade efter Kokichi Mikimoto, som grundade verksamheten. <\/p>\n<p>  I japanska vatten st\u00f6djer enorma ostronb\u00e4ddar tillv\u00e4xten av odlade p\u00e4rlor. <\/p>\n<p>  I den k\u00f6ttiga regionen hos 2-3 \u00e5r gamla ostron injiceras ett irriterande \u00e4mne, till exempel en liten bit p\u00e4rlemor. <\/p>\n<p>  Ostron f\u00f6ds sedan upp i 7 till 9 \u00e5r i n\u00e4tp\u00e5sar neds\u00e4nkta i vatten innan de sk\u00f6rdas f\u00f6r sina p\u00e4rlor. <\/p>\n<p>  Ekvatorial\u00f6arna i Stilla havet och Australien har en p\u00e4rlodlingsindustri f\u00f6rutom Japan.<\/p>\n<h3><span class=\"ez-toc-section\" id=\"kanda_parlor\"><\/span><span class=\"ez-toc-section\" id=\"perlas_famosas\"><\/span><span id=\"ezoic-pub-ad-placeholder-151\" class=\"ezoic-adpicker-ad\"><\/span><span class=\"ezoic-ad ezoic-at-0 large-mobile-banner-1 large-mobile-banner-1151 adtester-container adtester-container-151\" data-ez-name=\"hiszodiac_com-large-mobile-banner-1\"><span id=\"div-gpt-ad-hiszodiac_com-large-mobile-banner-1-0\" ezaw=\"728\" ezah=\"90\" style=\"position:relative;z-index:0;display:inline-block;padding:0;width:100%;max-width:1200px;margin-left:auto!important;margin-right:auto!important;min-height:90px;min-width:728px\" class=\"ezoic-ad\"><\/span><\/span>k\u00e4nda p\u00e4rlor<span class=\"ez-toc-section-end\"><\/span><span class=\"ez-toc-section-end\"><\/span><\/h3>\n<p>Enligt uppskattningar \u00e4r v\u00e4rldens st\u00f6rsta p\u00e4rla cirka 3 tum l\u00e5ng, 2 tum bred och v\u00e4ger cirka 1\/3 pund (0,13 kg). <\/p>\n<p>  Shah Jahan fr\u00e5n Indien gav den till Mumtaz, hans favoritfru, till vars \u00e4ra han hade byggt Taj Mahal. <\/p>\n<p>  Det var k\u00e4nt som Asiens p\u00e4rla.<\/p>\n<p>M\u00e5nga experter tror att La Peregrina (vandraren) \u00e4r den mest imponerande p\u00e4rlan. <\/p>\n<p>  P\u00e5 1500-talet skulle en slav ha uppt\u00e4ckt det i Panama och \u00f6verl\u00e4mnat det i utbyte mot sin frihet. <\/p>\n<p>  Den koloniala h\u00e4rskaren i omr\u00e5det gav p\u00e4rlan till kung Filip II av Spanien 1570. <\/p>\n<p>Denna vita p\u00e4rla \u00e4r 1 1\/2 tum l\u00e5ng och \u00e4r p\u00e4ronformad. <\/p>\n<p>  Den h\u00e4nger i en platinainst\u00e4llning med diamanter. <\/p>\n<p>  Mary I av England fick p\u00e4rlan innan den levererades till prins Louis Napoleon av Frankrike. <\/p>\n<p>  Den brittiska Marquess of Abercorn k\u00f6pte den av honom och hans familj beh\u00f6ll den till 1969, d\u00e5 han auktionerade ut den p\u00e5 Sotheby&#8217;s. <\/p>\n<p>  Till slut k\u00f6ptes f\u00f6rem\u00e5let till Elizabeth Taylor av sk\u00e5despelaren Richard Burton.<\/p>\n<h3><span class=\"ez-toc-section\" id=\"parlkunskap\"><\/span><span class=\"ez-toc-section\" id=\"Conocimiento_de_la_perla\"><\/span><span id=\"ezoic-pub-ad-placeholder-152\" class=\"ezoic-adpicker-ad\"><\/span><span class=\"ezoic-ad ezoic-at-0 mobile-leaderboard-1 mobile-leaderboard-1152 adtester-container adtester-container-152\" data-ez-name=\"hiszodiac_com-mobile-leaderboard-1\"><span id=\"div-gpt-ad-hiszodiac_com-mobile-leaderboard-1-0\" ezaw=\"728\" ezah=\"90\" style=\"position:relative;z-index:0;display:inline-block;padding:0;width:100%;max-width:1200px;margin-left:auto!important;margin-right:auto!important;min-height:90px;min-width:728px\" class=\"ezoic-ad\"><\/span><\/span>p\u00e4rlkunskap<span class=\"ez-toc-section-end\"><\/span><span class=\"ez-toc-section-end\"><\/span><\/h3>\n<p>I sydasiatisk tradition skapades p\u00e4rlor n\u00e4r daggdroppar fr\u00e5n himlen f\u00f6ll i havet. <\/p>\n<p>  N\u00e4r m\u00e5nen var full f\u00e5ngades de f\u00f6r skaldjur d\u00e5 solen knappt gick upp. <\/p>\n<p>  Indiska krigare anv\u00e4nde p\u00e4rlor f\u00f6r att dekorera sina sv\u00e4rd f\u00f6r att representera t\u00e5rarna och sorgen som ett sv\u00e4rd f\u00f6rmedlar.<\/p>\n<p>Fram till 1600-talet anv\u00e4ndes p\u00e4rlor ocks\u00e5 allm\u00e4nt som medicin i hela Europa. <\/p>\n<p>  Araber och perser trodde att det var en behandling f\u00f6r olika sjukdomar, inklusive galenskap. <\/p>\n<p>  Redan 2000 f.Kr. anv\u00e4ndes p\u00e4rlor \u00e4ven som medicin i Kina, d\u00e4r de var en symbol f\u00f6r rikedom, makt och livsl\u00e4ngd. <\/p>\n<p>  P\u00e4rlor av l\u00e5g kvalitet krossas fortfarande och anv\u00e4nds som medicin i Asien idag.<\/p>\n<h3><span class=\"ez-toc-section\" id=\"Annu_en_fodelsesten_i_juni_Manstenen\"><\/span><span class=\"ez-toc-section\" id=\"Otra_piedra_natal_de_junio_la_piedra_lunar\"><\/span>\u00c4nnu en f\u00f6delsesten i juni: M\u00e5nstenen<span class=\"ez-toc-section-end\"><\/span><span class=\"ez-toc-section-end\"><\/span><\/h3>\n<p>Moonstone \u00e4r den andra f\u00f6delsestenen f\u00f6r juni. <\/p>\n<p>  M\u00e5nstenar tros ha bl\u00e5vita fl\u00e4ckar inom sig som gav dem deras namn. <\/p>\n<p>  Som ett resultat, n\u00e4r de uts\u00e4tts f\u00f6r ljus, avger de en silverf\u00e4rgad dans av f\u00e4rg som liknar m\u00e5nsken. <\/p>\n<p>  Ocks\u00e5 till N\u00e4r stenen sv\u00e4nger f\u00e4rdas de skimrande silverstr\u00e5larna som m\u00e5nstr\u00e5lar som dansar \u00f6ver vattnet.<\/p>\n<p>F\u00e4ltspatfamiljen av mineraler, en viktig klass av silikatmineraler som ofta f\u00f6rekommer i bergarter, inkluderar m\u00e5nsten. <\/p>\n<p>  Jordskorpan best\u00e5r till viss del av f\u00e4ltspat. <\/p>\n<p>  F\u00f6rutom att vara n\u00e4rvarande i m\u00e5nga magmatiska och metamorfa bergarter, utg\u00f6r detta mineral en viktig del av marina jordar och leror.<\/p>\n<p>Varianter av f\u00e4ltspatp\u00e4rlor inklusive m\u00e5nsten, labradorit, amazonit och solsten skapas under ovanliga geologiska omst\u00e4ndigheter. <\/p>\n<p>  De framst\u00e5r som enorma of\u00e4rgade mineralkorn och finns i djupa jordskorpan och pegmatiter, som \u00e4r grovkorniga magmatiska bergarter. <\/p>\n<p>  Mineralaluminatsilikater med aluminium, kisel och syre som kombineras med natrium och kalium \u00e4r det som bildar f\u00e4ltspat av \u00e4delstenskvalitet. <\/p>\n<p>  Sri Lankas m\u00e5nstenar \u00e4r de st\u00f6rsta. <\/p>\n<p>  Dessutom kan de hittas i Indien, Madagaskar, Myanmar (Burma) och Alperna.<\/p>\n<h3><span class=\"ez-toc-section\" id=\"Manstenslaror\"><\/span><span class=\"ez-toc-section\" id=\"Tradicion_de_la_piedra_lunar\"><\/span>M\u00e5nstensl\u00e4ror<span class=\"ez-toc-section-end\"><\/span><span class=\"ez-toc-section-end\"><\/span><\/h3>\n<p>Man trodde fram till 1500-talet att m\u00e5nstenens utseende f\u00f6r\u00e4ndrades med m\u00e5nens faser, enligt den antika romerske naturforskaren Plinius. <\/p>\n<p>  Bilden av m\u00e5ngudinnan Diana var f\u00f6rmodligen inrymd i stenen, enligt de gamla romarna. <\/p>\n<p>  M\u00e4nniskor som bar m\u00e5nsten sades uppleva seger, god h\u00e4lsa och kunskap.<\/p>\n<p>M\u00e5nsten visas ofta p\u00e5 ett gult tyg i Indien, eftersom f\u00e4rgen gul \u00e4r v\u00f6rdad som helig. <\/p>\n<p>  Man tror att anden som finns i stenen \u00e4r ansvarig f\u00f6r att stenen ger lycka. <\/p>\n<p>egenskaper.<\/p>\n<h3><span class=\"ez-toc-section\" id=\"Eller_valj_alexandrit_som_din_fodelsesten_i_juni\"><\/span><span class=\"ez-toc-section\" id=\"O_seleccione_alejandrita_como_su_piedra_de_nacimiento_de_junio\"><\/span>Eller v\u00e4lj alexandrit som din f\u00f6delsesten i juni.<span class=\"ez-toc-section-end\"><\/span><span class=\"ez-toc-section-end\"><\/span><\/h3>\n<p>Alexandrit \u00e4r den tredje f\u00f6delsestenen f\u00f6r juni. <\/p>\n<p>  Alexandrite har ett charmigt, kameleontliknande temperament. <\/p>\n<p>  Den har en vacker gr\u00f6n nyans i dagsljus, ibland med en bl\u00e5aktig eller brun nyans. <\/p>\n<p>  Stenen \u00e4ndrar dock f\u00e4rg till en r\u00f6dlila eller lila under artificiell belysning.<\/p>\n<p>Mineralet berylliumaluminiumoxid, \u00e4ven k\u00e4nt som alexandrit, \u00e4r en medlem av krysoberylfamiljen och best\u00e5r av grund\u00e4mnena beryllium, aluminium och syre (BeAl2O4). <\/p>\n<p>  De enda h\u00e5rdare mineralerna \u00e4r korund och diamanter (safirer och rubiner). <\/p>\n<p>  N\u00e4rvaron av krom i alexandrit \u00e4r det som ger stenen dess unika nyanser. <\/p>\n<p>  Chrysoberyl visar sig kristallisera i pegmatiter, som \u00e4r berylliumrika, mycket grovkorniga magmatiska bergarter som bildats av magma. <\/p>\n<p>  De kan ocks\u00e5 hittas i alluvialavlagringar, som \u00e4r pegmatiter som har vittrat ut och inneh\u00e5ller \u00e4delstenar och som b\u00e4rs av floder och b\u00e4ckar.<\/p>\n<h3><span class=\"ez-toc-section\" id=\"Alexandrit_ar_sallsynt_och_dyrt\"><\/span><span class=\"ez-toc-section\" id=\"Alejandrita_es_rara_y_costosa\"><\/span>Alexandrit \u00e4r s\u00e4llsynt och dyrt.<span class=\"ez-toc-section-end\"><\/span><span class=\"ez-toc-section-end\"><\/span><\/h3>\n<p>Eftersom det \u00e4r en s\u00e4llsynt sten \u00e4r alexandrit ganska dyrt. <\/p>\n<p>  Idag kommer det mesta av alexandrit fr\u00e5n Sri Lanka, men det har \u00e4ven uppt\u00e4ckts i Brasilien, Madagaskar, Zimbabwe, Tanzania och Myanmar (Burma). <\/p>\n<p>  Samtidigt har en syntetisk alexandrit skapats som liknar en r\u00f6dlila ametist med en ton av gr\u00f6nt. <\/p>\n<p>  Naturlig och artificiell belysning g\u00f6r inte att f\u00e4rgerna p\u00e5 konstgjorda stenar f\u00f6r\u00e4ndras. <\/p>\n<p>  Dessutom har konstgjorda stenar bara sett sporadisk framg\u00e5ng p\u00e5 den amerikanska marknaden.<\/p>\n<h3><span class=\"ez-toc-section\" id=\"Juni_Alexandrite_Birthstone_historia\"><\/span><span class=\"ez-toc-section\" id=\"Historia_de_la_piedra_natal_de_junio_alejandrita\"><\/span>Juni Alexandrite Birthstone historia<span class=\"ez-toc-section-end\"><\/span><span class=\"ez-toc-section-end\"><\/span><\/h3>\n<p>Prins Alexander av Ryssland, som eftertr\u00e4dde tsar Alexander II 1855, \u00e4r hedrad med epitetet \u00abAlexandrite\u00bb. <\/p>\n<p>  I en smaragdgruva i Uralbergen i Ryssland uppt\u00e4cktes alexandrit 1839 p\u00e5 prinsens f\u00f6delsedag.<\/p>\n<p>P\u00e5 grund av hur nyligen denna sten hittades har det inte funnits mycket tid f\u00f6r myter och vidskepelser att utvecklas. <\/p>\n<p>  Stenen var s\u00e4rskilt uppskattad i Ryssland eftersom den \u00e5terspeglade landets gr\u00f6na och r\u00f6da f\u00e4rger och ans\u00e5gs ge lycka.<\/p>\n<h2><span class=\"ez-toc-section\" id=\"Bestams_fodelsestenen_av_manaden_eller_zodiaken\"><\/span><span class=\"ez-toc-section\" id=\"%C2%BFLa_piedra_de_nacimiento_esta_determinada_por_el_mes_o_el_zodiaco\"><\/span><span id=\"ezoic-pub-ad-placeholder-155\" class=\"ezoic-adpicker-ad\"><\/span><span class=\"ezoic-ad ezoic-at-0 leader-3 leader-3155 adtester-container adtester-container-155\" data-ez-name=\"hiszodiac_com-leader-3\"><span id=\"div-gpt-ad-hiszodiac_com-leader-3-0\" ezaw=\"250\" ezah=\"250\" style=\"position:relative;z-index:0;display:inline-block;padding:0;width:100%;max-width:1200px;margin-left:auto!important;margin-right:auto!important;min-height:90px;min-width:728px\" class=\"ezoic-ad\"><\/span><\/span>Best\u00e4ms f\u00f6delsestenen av m\u00e5naden eller zodiaken?<span class=\"ez-toc-section-end\"><\/span><span class=\"ez-toc-section-end\"><\/span><\/h2>\n<p>En f\u00f6delsesten \u00e4r en \u00e4delsten som symboliserar en persons m\u00e5nad eller stj\u00e4rntecken vid f\u00f6dseln. <\/p>\n<p>  Birthstone smycken eller halsband b\u00e4rs ofta.<\/p>\n<p>Vi hoppas att du gillade v\u00e5r artikel F\u00f6delsestenen i vilken m\u00e5nad \u00e4r p\u00e4rlan och allt relaterat till horoskop, tarot, ritualer och allt relaterat.<\/p>\n<figure class=\"wp-block-table is-style-regular\">\n<\/figure>\n<p>Intressanta saker att veta inneb\u00f6rden: Tarot  <\/p>\n<p>\u00c4ven h\u00e4r l\u00e4mnar vi \u00e4mnen relaterade till: Tarot<\/p>\n<\/p>\n<p><\/p>\n<p>Vi hoppas att du gillade v\u00e5r artikel F\u00f6delsestenen f\u00f6r vilken m\u00e5nad \u00e4r p\u00e4rlan<br \/>\n och allt om horoskop, tarot, ritualer och allt relaterat till det &#8230;<\/p>\n<figure class=\"wp-block-table is-style-regular\">\n<table style=\"width: 284px; height: 157px;\">\n<tbody>\n<tr>\n<td class=\"has-text-align-center\" data-align=\"center\"><img loading=\"lazy\" decoding=\"async\" class=\"alignleft\" src=\" https:\/\/goroskop.tv\/wp-content\/uploads\/2023\/05\/tarot1.jpg \" alt=\" F\u00f6delsestenen f\u00f6r vilken m\u00e5nad \u00e4r p\u00e4rlan\n \" width=\"65\" height=\"95\" title=\"\"><img loading=\"lazy\" decoding=\"async\" class=\"alignleft\" style=\"width: 60px;\" src=\" https:\/\/goroskop.tv\/wp-content\/uploads\/2023\/05\/tarot2.jpg \" alt=\" F\u00f6delsestenen f\u00f6r vilken m\u00e5nad \u00e4r p\u00e4rlan\n \" width=\"195\" height=\"300\" title=\"\"><img decoding=\"async\" class=\"alignleft\" style=\"width: 60px;\" src=\" https:\/\/goroskop.tv\/wp-content\/uploads\/2023\/05\/tarot3.jpg \" alt=\" F\u00f6delsestenen f\u00f6r vilken m\u00e5nad \u00e4r p\u00e4rlan\n \" title=\"\"><\/td>\n<\/tr>\n<\/tbody>\n<\/table>\n<\/figure>\n<p>Intressanta saker att veta inneb\u00f6rden: <a href=\"https:\/\/sv.wikipedia.org\/wiki\/Tarot\" target=\"_blank\" rel=\"nofollow noopener\"> Tarot <\/a> <\/p>\n<p>H\u00e4r l\u00e4mnar vi ocks\u00e5 \u00e4mnen relaterade till: <a href=\" https:\/\/goroskop.tv\/sw\/kommer-leo-och-skorpionen-overens-som-vanner\/\">Tarot<\/a><\/p>\n<div id=\"ez-toc-container\" class=\"ez-toc-v2_0_82_2 ez-toc-wrap-center counter-hierarchy ez-toc-counter ez-toc-grey ez-toc-container-direction\">\n<div class=\"ez-toc-title-container\">\n<div class=\"ez-toc-title\" style=\"cursor:inherit\">Table of Contents<\/div>\n<span class=\"ez-toc-title-toggle\"><a href=\"#\" class=\"ez-toc-pull-right ez-toc-btn ez-toc-btn-xs ez-toc-btn-default ez-toc-toggle\" aria-label=\"Alternar tabla de contenidos\"><span class=\"ez-toc-js-icon-con\"><span class=\"\"><span class=\"eztoc-hide\" style=\"display:none;\">Toggle<\/span><span class=\"ez-toc-icon-toggle-span\"><svg style=\"fill: #999;color:#999\" xmlns=\"http:\/\/www.w3.org\/2000\/svg\" class=\"list-377408\" width=\"20px\" height=\"20px\" viewBox=\"0 0 24 24\" fill=\"none\"><path d=\"M6 6H4v2h2V6zm14 0H8v2h12V6zM4 11h2v2H4v-2zm16 0H8v2h12v-2zM4 16h2v2H4v-2zm16 0H8v2h12v-2z\" fill=\"currentColor\"><\/path><\/svg><svg style=\"fill: #999;color:#999\" class=\"arrow-unsorted-368013\" xmlns=\"http:\/\/www.w3.org\/2000\/svg\" width=\"10px\" height=\"10px\" viewBox=\"0 0 24 24\" version=\"1.2\" baseProfile=\"tiny\"><path d=\"M18.2 9.3l-6.2-6.3-6.2 6.3c-.2.2-.3.4-.3.7s.1.5.3.7c.2.2.4.3.7.3h11c.3 0 .5-.1.7-.3.2-.2.3-.5.3-.7s-.1-.5-.3-.7zM5.8 14.7l6.2 6.3 6.2-6.3c.2-.2.3-.5.3-.7s-.1-.5-.3-.7c-.2-.2-.4-.3-.7-.3h-11c-.3 0-.5.1-.7.3-.2.2-.3.5-.3.7s.1.5.3.7z\"\/><\/svg><\/span><\/span><\/span><\/a><\/span><\/div>\n<nav><ul class='ez-toc-list ez-toc-list-level-1 eztoc-toggle-hide-by-default' ><li class='ez-toc-page-1 ez-toc-heading-level-2'><a class=\"ez-toc-link ez-toc-heading-1\" href=\"https:\/\/goroskop.tv\/sw\/fodelsestenen-for-vilken-manad-ar-parlan\/#Fodelsestenen_for_vilken_manad_ar_parlan\" >F\u00f6delsestenen f\u00f6r vilken m\u00e5nad \u00e4r p\u00e4rlan<\/a><\/li><li class='ez-toc-page-1 ez-toc-heading-level-2'><a class=\"ez-toc-link ez-toc-heading-2\" href=\"https:\/\/goroskop.tv\/sw\/fodelsestenen-for-vilken-manad-ar-parlan\/#I_vilken_manad_fods_parlan\" >I vilken m\u00e5nad f\u00f6ds p\u00e4rlan?<\/a><\/li><li class='ez-toc-page-1 ez-toc-heading-level-2'><a class=\"ez-toc-link ez-toc-heading-3\" href=\"https:\/\/goroskop.tv\/sw\/fodelsestenen-for-vilken-manad-ar-parlan\/#Vilken_adelsten_symboliserar_fodelsen_av_varje_manad\" >Vilken \u00e4delsten symboliserar f\u00f6delsen av varje m\u00e5nad?<\/a><\/li><li class='ez-toc-page-1 ez-toc-heading-level-2'><a class=\"ez-toc-link ez-toc-heading-4\" href=\"https:\/\/goroskop.tv\/sw\/fodelsestenen-for-vilken-manad-ar-parlan\/#Parlemor_ar_fodelsestenen_for_vilken_manad\" >P\u00e4rlemor \u00e4r f\u00f6delsestenen f\u00f6r vilken m\u00e5nad?<\/a><\/li><li class='ez-toc-page-1 ez-toc-heading-level-2'><a class=\"ez-toc-link ez-toc-heading-5\" href=\"https:\/\/goroskop.tv\/sw\/fodelsestenen-for-vilken-manad-ar-parlan\/#Ar_en_parla_en_fodelsesten_for_juni\" >\u00c4r en p\u00e4rla en f\u00f6delsesten f\u00f6r juni?<\/a><\/li><li class='ez-toc-page-1 ez-toc-heading-level-2'><a class=\"ez-toc-link ez-toc-heading-6\" href=\"https:\/\/goroskop.tv\/sw\/fodelsestenen-for-vilken-manad-ar-parlan\/#Ar_parlan_en_sten_eller_en_parla\" >\u00c4r p\u00e4rlan en sten eller en p\u00e4rla?<\/a><\/li><li class='ez-toc-page-1 ez-toc-heading-level-2'><a class=\"ez-toc-link ez-toc-heading-7\" href=\"https:\/\/goroskop.tv\/sw\/fodelsestenen-for-vilken-manad-ar-parlan\/#Finns_det_tva_fodelsestenar_for_varje_manad\" >Finns det tv\u00e5 f\u00f6delsestenar f\u00f6r varje m\u00e5nad?<\/a><\/li><li class='ez-toc-page-1 ez-toc-heading-level-2'><a class=\"ez-toc-link ez-toc-heading-8\" href=\"https:\/\/goroskop.tv\/sw\/fodelsestenen-for-vilken-manad-ar-parlan\/#Vilken_fodelsesten_faller_egentligen_i_juni\" >Vilken f\u00f6delsesten faller egentligen i juni?<\/a><ul class='ez-toc-list-level-3' ><li class='ez-toc-heading-level-3'><a class=\"ez-toc-link ez-toc-heading-9\" href=\"https:\/\/goroskop.tv\/sw\/fodelsestenen-for-vilken-manad-ar-parlan\/#Parlor_finns_i_olika_farger\" >P\u00e4rlor finns i olika f\u00e4rger.<\/a><\/li><li class='ez-toc-page-1 ez-toc-heading-level-3'><a class=\"ez-toc-link ez-toc-heading-10\" href=\"https:\/\/goroskop.tv\/sw\/fodelsestenen-for-vilken-manad-ar-parlan\/#Vackra_odlade_parlor_ar_ocksa_populara\" >Vackra odlade p\u00e4rlor \u00e4r ocks\u00e5 popul\u00e4ra.<\/a><\/li><li class='ez-toc-page-1 ez-toc-heading-level-3'><a class=\"ez-toc-link ez-toc-heading-11\" href=\"https:\/\/goroskop.tv\/sw\/fodelsestenen-for-vilken-manad-ar-parlan\/#kanda_parlor\" >k\u00e4nda p\u00e4rlor<\/a><\/li><li class='ez-toc-page-1 ez-toc-heading-level-3'><a class=\"ez-toc-link ez-toc-heading-12\" href=\"https:\/\/goroskop.tv\/sw\/fodelsestenen-for-vilken-manad-ar-parlan\/#parlkunskap\" >p\u00e4rlkunskap<\/a><\/li><li class='ez-toc-page-1 ez-toc-heading-level-3'><a class=\"ez-toc-link ez-toc-heading-13\" href=\"https:\/\/goroskop.tv\/sw\/fodelsestenen-for-vilken-manad-ar-parlan\/#Annu_en_fodelsesten_i_juni_Manstenen\" >\u00c4nnu en f\u00f6delsesten i juni: M\u00e5nstenen<\/a><\/li><li class='ez-toc-page-1 ez-toc-heading-level-3'><a class=\"ez-toc-link ez-toc-heading-14\" href=\"https:\/\/goroskop.tv\/sw\/fodelsestenen-for-vilken-manad-ar-parlan\/#Manstenslaror\" >M\u00e5nstensl\u00e4ror<\/a><\/li><li class='ez-toc-page-1 ez-toc-heading-level-3'><a class=\"ez-toc-link ez-toc-heading-15\" href=\"https:\/\/goroskop.tv\/sw\/fodelsestenen-for-vilken-manad-ar-parlan\/#Eller_valj_alexandrit_som_din_fodelsesten_i_juni\" >Eller v\u00e4lj alexandrit som din f\u00f6delsesten i juni.<\/a><\/li><li class='ez-toc-page-1 ez-toc-heading-level-3'><a class=\"ez-toc-link ez-toc-heading-16\" href=\"https:\/\/goroskop.tv\/sw\/fodelsestenen-for-vilken-manad-ar-parlan\/#Alexandrit_ar_sallsynt_och_dyrt\" >Alexandrit \u00e4r s\u00e4llsynt och dyrt.<\/a><\/li><li class='ez-toc-page-1 ez-toc-heading-level-3'><a class=\"ez-toc-link ez-toc-heading-17\" href=\"https:\/\/goroskop.tv\/sw\/fodelsestenen-for-vilken-manad-ar-parlan\/#Juni_Alexandrite_Birthstone_historia\" >Juni Alexandrite Birthstone historia<\/a><\/li><\/ul><\/li><li class='ez-toc-page-1 ez-toc-heading-level-2'><a class=\"ez-toc-link ez-toc-heading-18\" href=\"https:\/\/goroskop.tv\/sw\/fodelsestenen-for-vilken-manad-ar-parlan\/#Bestams_fodelsestenen_av_manaden_eller_zodiaken\" >Best\u00e4ms f\u00f6delsestenen av m\u00e5naden eller zodiaken?<\/a><\/li><\/ul><\/nav><\/div>\n","protected":false},"excerpt":{"rendered":"<p>F\u00f6delsestenen f\u00f6r vilken m\u00e5nad \u00e4r p\u00e4rlan Du har turen att ha tre f\u00f6delsestenar att kalla din egen om du \u00e4r f\u00f6dd i juni m\u00e5nad. Endast tre m\u00e5nader, juni, augusti och december har vardera tre f\u00f6delsestenar, vilket ger dig ett brett urval av dyrbara f\u00f6delsestenar att v\u00e4lja mellan. Moonstone, Alexandrite och Pearl \u00e4r f\u00f6delsestenarna f\u00f6r juni. &hellip;<\/p>\n","protected":false},"author":1,"featured_media":111,"comment_status":"closed","ping_status":"closed","sticky":false,"template":"","format":"standard","meta":{"footnotes":""},"categories":[4],"tags":[10,125,7,123,6796,86],"class_list":["post-25388","post","type-post","status-publish","format-standard","has-post-thumbnail","hentry","category-tarot","tag-ar","tag-fodelsestenen","tag-for","tag-manad","tag-parlan","tag-vilken"],"_links":{"self":[{"href":"https:\/\/goroskop.tv\/sw\/wp-json\/wp\/v2\/posts\/25388","targetHints":{"allow":["GET"]}}],"collection":[{"href":"https:\/\/goroskop.tv\/sw\/wp-json\/wp\/v2\/posts"}],"about":[{"href":"https:\/\/goroskop.tv\/sw\/wp-json\/wp\/v2\/types\/post"}],"author":[{"embeddable":true,"href":"https:\/\/goroskop.tv\/sw\/wp-json\/wp\/v2\/users\/1"}],"replies":[{"embeddable":true,"href":"https:\/\/goroskop.tv\/sw\/wp-json\/wp\/v2\/comments?post=25388"}],"version-history":[{"count":0,"href":"https:\/\/goroskop.tv\/sw\/wp-json\/wp\/v2\/posts\/25388\/revisions"}],"wp:featuredmedia":[{"embeddable":true,"href":"https:\/\/goroskop.tv\/sw\/wp-json\/wp\/v2\/media\/111"}],"wp:attachment":[{"href":"https:\/\/goroskop.tv\/sw\/wp-json\/wp\/v2\/media?parent=25388"}],"wp:term":[{"taxonomy":"category","embeddable":true,"href":"https:\/\/goroskop.tv\/sw\/wp-json\/wp\/v2\/categories?post=25388"},{"taxonomy":"post_tag","embeddable":true,"href":"https:\/\/goroskop.tv\/sw\/wp-json\/wp\/v2\/tags?post=25388"}],"curies":[{"name":"wp","href":"https:\/\/api.w.org\/{rel}","templated":true}]}}