{"id":27302,"date":"2023-08-24T11:27:27","date_gmt":"2023-08-24T11:27:27","guid":{"rendered":"https:\/\/goroskop.tv\/sw\/6e-son-nagot-stort-hander-den-26e\/"},"modified":"2023-08-24T11:27:27","modified_gmt":"2023-08-24T11:27:27","slug":"6e-son-nagot-stort-hander-den-26e","status":"publish","type":"post","link":"https:\/\/goroskop.tv\/sw\/6e-son-nagot-stort-hander-den-26e\/","title":{"rendered":"6:e s\u00f6n: n\u00e5got STORT h\u00e4nder den 26:e"},"content":{"rendered":"<p><\/p>\n<h2><span class=\"ez-toc-section\" id=\"6_y_tambien_son_nagot_STORT_hander_den_26_y_tambien\"><\/span><span class=\"ez-toc-section\" id=\"6o_Sol_algo_GRANDE_esta_ocurriendo_el_26\"><\/span>  6:y tambi\u00e9n s\u00f6n: n\u00e5got STORT h\u00e4nder den 26:y tambi\u00e9n<span class=\"ez-toc-section-end\"><\/span><span class=\"ez-toc-section-end\"><\/span><\/h2>\n<figure class=\"wp-block-image size-large\"><\/figure>\n<h2 class=\"wp-block-heading\"><span class=\"ez-toc-section\" id=\"Den_aztekiska_profetian_om_den_sjatte_solen\"><\/span><span class=\"ez-toc-section\" id=\"La_profecia_azteca_del_sexto_sol\"><\/span>Den aztekiska profetian om den sj\u00e4tte solen<span class=\"ez-toc-section-end\"><\/span><span class=\"ez-toc-section-end\"><\/span><\/h2>\n<p>F\u00f6rra veckan, n\u00e4r jag kanaliserade ett meddelande fr\u00e5n A\u012bsh-an\u00e9, fick jag en del information om den kommande fullm\u00e5nens m\u00e5nf\u00f6rm\u00f6rkelse i Skytten. <\/p>\n<p>  Jag visste dock att det viktigaste som h\u00e4nder den dagen INTE \u00e4r sj\u00e4lva solf\u00f6rm\u00f6rkelsen. <\/p>\n<p>  F\u00f6rm\u00f6rkelsen \u00e4r ett tecken p\u00e5 en mycket st\u00f6rre F\u00d6R\u00c4NDRING. <\/p>\n<p>  Den aspekt av f\u00f6r\u00e4ndring som diskuteras i det kanaliserade budskapet g\u00e4ller kvinnlig fertilitet.<\/p>\n<p>Inte l\u00e5ngt efter att ha delat detta meddelande fick jag veta att denna f\u00f6r\u00e4ndring profeterades av aztekerna. <\/p>\n<p>  I ditt trossystem \u00e4r den nya tids\u00e5ldern som b\u00f6rjar den 26 maj den 6:y tambi\u00e9n solens \u00e5lder. <\/p>\n<p>  Varje solcykel varar i mer \u00e4n 6 000 \u00e5r. <\/p>\n<p>  Sedan 1990-talet har vi haft en \u00f6verlappning med den 5:y tambi\u00e9n solen. <\/p>\n<p>  Denna \u00f6verlappning slutar den 26:y tambi\u00e9n. <\/p>\n<p>  M\u00e5nf\u00f6rm\u00f6rkelsen \u00e4r \u00e5terst\u00e4llningsknappen. <\/p>\n<h3 class=\"wp-block-heading\"><span class=\"ez-toc-section\" id=\"Fran_utsidan_till_insidan_och_fran_kontroll_till_frihet\"><\/span><span class=\"ez-toc-section\" id=\"Del_exterior_al_interior_y_del_control_a_la_libertad\"><\/span>Fr\u00e5n utsidan till insidan och fr\u00e5n kontroll till frihet<span class=\"ez-toc-section-end\"><\/span><span class=\"ez-toc-section-end\"><\/span><\/h3>\n<p>Det h\u00e4r \u00e4r v\u00e4ldigt vettigt f\u00f6r mig. <\/p>\n<p>  Jag kan inte g\u00f6ra anspr\u00e5k p\u00e5 att jag f\u00f6rst\u00e5r alla detaljer i profetian. <\/p>\n<p>  Titta p\u00e5 den h\u00e4r videon f\u00f6r att l\u00e4ra dig mer. <\/p>\n<p>  I grund och botten flyttar den f\u00f6r\u00e4ndring som sker denna dag oss fr\u00e5n att vara ut\u00e5tv\u00e4nda till in\u00e5tv\u00e4nda. <\/p>\n<p>  Den 6:y tambi\u00e9n solen ger oss ocks\u00e5 mer frihet som suver\u00e4na barn till det Gudomliga. <\/p>\n<p>  Denna uppfattning om f\u00f6r\u00e4ndringen resonerar till 100 % n\u00e4r vi g\u00e5r in i den Helige Andes tids\u00e5lder.<\/p>\n<blockquote class=\"wp-block-quote\">\n<p>N\u00e4r sj\u00e4len t\u00e4nds eller upplyses av den Helige Ande, d\u00e5 segrar den i kroppen, som en stor eld, som f\u00e5r hj\u00e4rtat och njurarna att darra av gl\u00e4dje.<\/p>\n<p>Jacob B\u00f6hme<\/p>\n<\/blockquote>\n<p>Aztekiska profetior, precis som Mayaernas, \u00e4r extremt invecklade och komplexa. <\/p>\n<p>  Ist\u00e4llet f\u00f6r att ta itu med att l\u00e4ra sig exakt vad de betyder f\u00f6r kollektivet, erbjuder jag idag ett tarotverktyg f\u00f6r dig som individ. <\/p>\n<p>  Tarotspridningen hj\u00e4lper dig att f\u00e5 ut det mesta av de f\u00f6rb\u00e4ttringar som erbjuds i gryningen av den 6:y tambi\u00e9n solen. <\/p>\n<p>  F\u00f6rresten, att g\u00f6ra tarotl\u00e4sningar f\u00f6r gudomlig h\u00f6gre harmoni \u00e4r mycket en 6:y tambi\u00e9n solaktivitet!<\/p>\n<h2 class=\"wp-block-heading\"><span class=\"ez-toc-section\" id=\"Den_6_y_tambien_soltarotspridningen\"><\/span><span class=\"ez-toc-section\" id=\"La_Tirada_del_Tarot_del_6o_Sol\"><\/span>Den 6:y tambi\u00e9n soltarotspridningen<span class=\"ez-toc-section-end\"><\/span><span class=\"ez-toc-section-end\"><\/span><\/h2>\n<figure class=\"wp-block-image size-large\"><\/figure>\n<p>Det finns tv\u00e5 korsande trianglar i denna David Star of Tarot Spread. <\/p>\n<p>  Den \u00f6vre triangeln representerar eldelementet och den nedre triangeln representerar vattenelementet. <\/p>\n<p>  Det h\u00e4r \u00e4r de tv\u00e5 elementen som Temperancens \u00e4ngel sm\u00e4lter samman i tonarten till den 14:y tambi\u00e9n Major Arcana. <\/p>\n<p>  Temperans motsvarar Skyttens stj\u00e4rntecknet. <\/p>\n<ol>\n<li>Hur uttrycket f\u00f6r den heliga elden som stiger upp inom mig ser ut n\u00e4r den sj\u00e4tte solen g\u00e5r upp<\/li>\n<li>Vilken gudomlig g\u00e5va f\u00f6rblir fortfarande latent?<\/li>\n<li>hur man v\u00e4cker honom<\/li>\n<li>Hur den Helige Andes uttryck f\u00f6r medk\u00e4nsla ser ut n\u00e4r jag stiger ned fr\u00e5n mitt H\u00f6gre Jag f\u00f6r att inkarnera helt<\/li>\n<li>D\u00e4r jag \u00e4nnu inte \u00e4r \u00abFully Human\u00bb (d\u00e4r jag inte uttrycker min sanning)<\/li>\n<li>Hur kan jag sl\u00e5 mig loss och bli verkligt suver\u00e4n?<\/li>\n<\/ol>\n<p>KLICKA H\u00c4R f\u00f6r att se ett exempel p\u00e5 detta uppslag med In Between Tarot-d\u00e4cket.<\/p>\n<p>F\u00f6r ytterligare justering och aktivering av de sj\u00e4tte solljuskoderna, se detta inl\u00e4gg.<\/p>\n<p>K\u00e4rlek,<\/p>\n<p>Lisa Frideborg <\/p>\n<p>Boka en l\u00e4sning!<\/p>\n<h3 class=\"jp-relatedposts-headline\"><span class=\"ez-toc-section\" id=\"Relaterad\"><\/span><span class=\"ez-toc-section\" id=\"Relacionado\"><\/span><em>Relaterad<\/em><span class=\"ez-toc-section-end\"><\/span><span class=\"ez-toc-section-end\"><\/span><\/h3>\n<p>Vi hoppas att du gillade v\u00e5r artikel 6th Sun: n\u00e5got STORT h\u00e4nder den 26:y tambi\u00e9n och allt relaterat till horoskop, tarot, ritualer och allt relaterat&#8230;<\/p>\n<figure class=\"wp-block-table is-style-regular\">\n<\/figure>\n<p>Intressanta saker att veta inneb\u00f6rden: Horoskop  <\/p>\n<p>\u00c4ven h\u00e4r l\u00e4mnar vi \u00e4mnen relaterade till: Horoskop <\/p>\n<\/p>\n<p><\/p>\n<p>Vi hoppas att du gillade v\u00e5r artikel 6:e s\u00f6n: n\u00e5got STORT h\u00e4nder den 26:e<br \/>\n och allt om horoskop, tarot, ritualer och allt relaterat till det &#8230;<\/p>\n<figure class=\"wp-block-table is-style-regular\">\n<table style=\"width: 284px; height: 157px;\">\n<tbody>\n<tr>\n<td class=\"has-text-align-center\" data-align=\"center\"><img loading=\"lazy\" decoding=\"async\" class=\"alignleft\" src=\" https:\/\/goroskop.tv\/wp-content\/uploads\/2023\/05\/horoscopodo12.jpg \" alt=\" 6:e s\u00f6n: n\u00e5got STORT h\u00e4nder den 26:e\n \" width=\"65\" height=\"95\" title=\"\"><img loading=\"lazy\" decoding=\"async\" class=\"alignleft\" style=\"width: 60px;\" src=\" https:\/\/goroskop.tv\/wp-content\/uploads\/2023\/05\/horoscopodo11.jpg \" alt=\" 6:e s\u00f6n: n\u00e5got STORT h\u00e4nder den 26:e\n \" width=\"195\" height=\"300\" title=\"\"><img decoding=\"async\" class=\"alignleft\" style=\"width: 60px;\" src=\" https:\/\/goroskop.tv\/wp-content\/uploads\/2023\/05\/horoscopodo10.jpg \" alt=\" 6:e s\u00f6n: n\u00e5got STORT h\u00e4nder den 26:e\n \" title=\"\"><\/td>\n<\/tr>\n<\/tbody>\n<\/table>\n<\/figure>\n<p>Intressanta saker att veta inneb\u00f6rden: <a href=\"https:\/\/sv.wikipedia.org\/wiki\/Horoskop\" target=\"_blank\" rel=\"nofollow noopener\"> Horoskop <\/a> <\/p>\n<p>H\u00e4r l\u00e4mnar vi ocks\u00e5 \u00e4mnen relaterade till: <a href=\" https:\/\/goroskop.tv\/sw\/den-perfekta-kandispojkvannen-for-dig\/\">Horoskop<\/a> <\/p>\n<div id=\"ez-toc-container\" class=\"ez-toc-v2_0_82_2 ez-toc-wrap-center counter-hierarchy ez-toc-counter ez-toc-grey ez-toc-container-direction\">\n<div class=\"ez-toc-title-container\">\n<div class=\"ez-toc-title\" style=\"cursor:inherit\">Table of Contents<\/div>\n<span class=\"ez-toc-title-toggle\"><a href=\"#\" class=\"ez-toc-pull-right ez-toc-btn ez-toc-btn-xs ez-toc-btn-default ez-toc-toggle\" aria-label=\"Alternar tabla de contenidos\"><span class=\"ez-toc-js-icon-con\"><span class=\"\"><span class=\"eztoc-hide\" style=\"display:none;\">Toggle<\/span><span class=\"ez-toc-icon-toggle-span\"><svg style=\"fill: #999;color:#999\" xmlns=\"http:\/\/www.w3.org\/2000\/svg\" class=\"list-377408\" width=\"20px\" height=\"20px\" viewBox=\"0 0 24 24\" fill=\"none\"><path d=\"M6 6H4v2h2V6zm14 0H8v2h12V6zM4 11h2v2H4v-2zm16 0H8v2h12v-2zM4 16h2v2H4v-2zm16 0H8v2h12v-2z\" fill=\"currentColor\"><\/path><\/svg><svg style=\"fill: #999;color:#999\" class=\"arrow-unsorted-368013\" xmlns=\"http:\/\/www.w3.org\/2000\/svg\" width=\"10px\" height=\"10px\" viewBox=\"0 0 24 24\" version=\"1.2\" baseProfile=\"tiny\"><path d=\"M18.2 9.3l-6.2-6.3-6.2 6.3c-.2.2-.3.4-.3.7s.1.5.3.7c.2.2.4.3.7.3h11c.3 0 .5-.1.7-.3.2-.2.3-.5.3-.7s-.1-.5-.3-.7zM5.8 14.7l6.2 6.3 6.2-6.3c.2-.2.3-.5.3-.7s-.1-.5-.3-.7c-.2-.2-.4-.3-.7-.3h-11c-.3 0-.5.1-.7.3-.2.2-.3.5-.3.7s.1.5.3.7z\"\/><\/svg><\/span><\/span><\/span><\/a><\/span><\/div>\n<nav><ul class='ez-toc-list ez-toc-list-level-1 eztoc-toggle-hide-by-default' ><li class='ez-toc-page-1 ez-toc-heading-level-2'><a class=\"ez-toc-link ez-toc-heading-1\" href=\"https:\/\/goroskop.tv\/sw\/6e-son-nagot-stort-hander-den-26e\/#6_y_tambien_son_nagot_STORT_hander_den_26_y_tambien\" >6:y tambi\u00e9n s\u00f6n: n\u00e5got STORT h\u00e4nder den 26:y tambi\u00e9n<\/a><\/li><li class='ez-toc-page-1 ez-toc-heading-level-2'><a class=\"ez-toc-link ez-toc-heading-2\" href=\"https:\/\/goroskop.tv\/sw\/6e-son-nagot-stort-hander-den-26e\/#Den_aztekiska_profetian_om_den_sjatte_solen\" >Den aztekiska profetian om den sj\u00e4tte solen<\/a><ul class='ez-toc-list-level-3' ><li class='ez-toc-heading-level-3'><a class=\"ez-toc-link ez-toc-heading-3\" href=\"https:\/\/goroskop.tv\/sw\/6e-son-nagot-stort-hander-den-26e\/#Fran_utsidan_till_insidan_och_fran_kontroll_till_frihet\" >Fr\u00e5n utsidan till insidan och fr\u00e5n kontroll till frihet<\/a><\/li><\/ul><\/li><li class='ez-toc-page-1 ez-toc-heading-level-2'><a class=\"ez-toc-link ez-toc-heading-4\" href=\"https:\/\/goroskop.tv\/sw\/6e-son-nagot-stort-hander-den-26e\/#Den_6_y_tambien_soltarotspridningen\" >Den 6:y tambi\u00e9n soltarotspridningen<\/a><ul class='ez-toc-list-level-3' ><li class='ez-toc-heading-level-3'><a class=\"ez-toc-link ez-toc-heading-5\" href=\"https:\/\/goroskop.tv\/sw\/6e-son-nagot-stort-hander-den-26e\/#Relaterad\" >Relaterad<\/a><\/li><\/ul><\/li><\/ul><\/nav><\/div>\n","protected":false},"excerpt":{"rendered":"<p>6:y tambi\u00e9n s\u00f6n: n\u00e5got STORT h\u00e4nder den 26:y tambi\u00e9n Den aztekiska profetian om den sj\u00e4tte solen F\u00f6rra veckan, n\u00e4r jag kanaliserade ett meddelande fr\u00e5n A\u012bsh-an\u00e9, fick jag en del information om den kommande fullm\u00e5nens m\u00e5nf\u00f6rm\u00f6rkelse i Skytten. Jag visste dock att det viktigaste som h\u00e4nder den dagen INTE \u00e4r sj\u00e4lva solf\u00f6rm\u00f6rkelsen. F\u00f6rm\u00f6rkelsen \u00e4r ett tecken &hellip;<\/p>\n","protected":false},"author":1,"featured_media":72,"comment_status":"closed","ping_status":"closed","sticky":false,"template":"","format":"standard","meta":{"footnotes":""},"categories":[2],"tags":[1467,8,126,1107,592,2921],"class_list":["post-27302","post","type-post","status-publish","format-standard","has-post-thumbnail","hentry","category-horoskop","tag-26e","tag-den","tag-hander","tag-nagot","tag-son","tag-stort"],"_links":{"self":[{"href":"https:\/\/goroskop.tv\/sw\/wp-json\/wp\/v2\/posts\/27302","targetHints":{"allow":["GET"]}}],"collection":[{"href":"https:\/\/goroskop.tv\/sw\/wp-json\/wp\/v2\/posts"}],"about":[{"href":"https:\/\/goroskop.tv\/sw\/wp-json\/wp\/v2\/types\/post"}],"author":[{"embeddable":true,"href":"https:\/\/goroskop.tv\/sw\/wp-json\/wp\/v2\/users\/1"}],"replies":[{"embeddable":true,"href":"https:\/\/goroskop.tv\/sw\/wp-json\/wp\/v2\/comments?post=27302"}],"version-history":[{"count":0,"href":"https:\/\/goroskop.tv\/sw\/wp-json\/wp\/v2\/posts\/27302\/revisions"}],"wp:featuredmedia":[{"embeddable":true,"href":"https:\/\/goroskop.tv\/sw\/wp-json\/wp\/v2\/media\/72"}],"wp:attachment":[{"href":"https:\/\/goroskop.tv\/sw\/wp-json\/wp\/v2\/media?parent=27302"}],"wp:term":[{"taxonomy":"category","embeddable":true,"href":"https:\/\/goroskop.tv\/sw\/wp-json\/wp\/v2\/categories?post=27302"},{"taxonomy":"post_tag","embeddable":true,"href":"https:\/\/goroskop.tv\/sw\/wp-json\/wp\/v2\/tags?post=27302"}],"curies":[{"name":"wp","href":"https:\/\/api.w.org\/{rel}","templated":true}]}}