{"id":27311,"date":"2023-08-24T11:33:22","date_gmt":"2023-08-24T11:33:22","guid":{"rendered":"https:\/\/goroskop.tv\/sw\/koherens-av-hjartats-tarotspridning\/"},"modified":"2023-08-24T11:33:22","modified_gmt":"2023-08-24T11:33:22","slug":"koherens-av-hjartats-tarotspridning","status":"publish","type":"post","link":"https:\/\/goroskop.tv\/sw\/koherens-av-hjartats-tarotspridning\/","title":{"rendered":"Koherens av hj\u00e4rtats tarotspridning"},"content":{"rendered":"<p><\/p>\n<h2><span class=\"ez-toc-section\" id=\"Vagen_Full_Moon_Heart_Coherence_Tarot_Spread\"><\/span><span class=\"ez-toc-section\" id=\"Tirada_del_Tarot_de_la_Coherencia_del_Corazon_de_la_Luna_Llena_de_Libra\"><\/span>  V\u00e5gen Full Moon Heart Coherence Tarot Spread<span class=\"ez-toc-section-end\"><\/span><span class=\"ez-toc-section-end\"><\/span><\/h2>\n<figure class=\"wp-block-image size-large is-resized\"><\/figure>\n<h2 class=\"wp-block-heading\"><span class=\"ez-toc-section\" id=\"Vagen_Full_Moon_Heart_Coherence_Tarot_Spread-2\"><\/span><span class=\"ez-toc-section\" id=\"Tirada_del_Tarot_de_la_Coherencia_del_Corazon_de_la_Luna_Llena_de_Libra-2\"><\/span>V\u00e5gen Full Moon Heart Coherence Tarot Spread<span class=\"ez-toc-section-end\"><\/span><span class=\"ez-toc-section-end\"><\/span><\/h2>\n<p>Jag f\u00f6resl\u00e5r att du anv\u00e4nder en tarotlek och en \u00e4ngla-orakeld\u00e4ck f\u00f6r denna fullm\u00e5neshj\u00e4rta i Libra Coherence Tarot-uppslag. <\/p>\n<p>  Anv\u00e4nd Angel Oracle-kortet f\u00f6r position 7 i layouten.<\/p>\n<p>1. <\/p>\n<p>Vilken energi beh\u00f6ver rensas fr\u00e5n mitt hj\u00e4rtchakra (alla tidigare trauman eller k\u00e4nslom\u00e4ssiga s\u00e5r)<\/p>\n<p>2. <\/p>\n<p>Vad mitt hj\u00e4rta beh\u00f6ver f\u00f6r sig sj\u00e4lv (att ta hand om sig sj\u00e4lv, v\u00e5rda sitt inre barn, etc\u00e9tera.)<\/p>\n<p>3. <\/p>\n<p>Vad mitt hj\u00e4rta beh\u00f6ver ge till andra\/till v\u00e4rlden (hur man kan vara till tj\u00e4nst)<\/p>\n<p>4. <\/p>\n<p>Vilka tv\u00e5ngstankar eller bekymmer beh\u00f6ver jag sl\u00e4ppa?<\/p>\n<p>5. <\/p>\n<p>En utmaning eller hj\u00e4lpsamt inflytande f\u00f6r att anpassa mitt sinne till mitt hj\u00e4rta.<\/p>\n<p>6. <\/p>\n<p>Vart jag ska rikta min hj\u00e4rtchakraenergi f\u00f6r helande, uppvaknande och enhetsmedvetande<\/p>\n<p>7. <\/p>\n<p>Mer \u00e4nglalig v\u00e4gledning och insikt (anv\u00e4nd ett \u00e4ngla-orakelkort i denna position)<\/p>\n<h2 class=\"wp-block-heading\"><span class=\"ez-toc-section\" id=\"Vagens_fullmane\"><\/span><span class=\"ez-toc-section\" id=\"La_Luna_Llena_de_Libra\"><\/span>V\u00e5gens fullm\u00e5ne<span class=\"ez-toc-section-end\"><\/span><span class=\"ez-toc-section-end\"><\/span><\/h2>\n<figure class=\"aligncenter size-large\"><\/figure>\n<p>V\u00e5gens energi handlar om relationer och harmoni i relationer, inte bara mellan oss sj\u00e4lva och andra m\u00e4nniskor, utan ocks\u00e5 mellan v\u00e5ra hj\u00e4rtan och sinnen. <\/p>\n<p>  I Tarot \u00e4r sv\u00e4rd 2, ett kort som anger behovet av att anpassa sinnet med hj\u00e4rtat, det kort som motsvarar M\u00e5nen i V\u00e5gen.<\/p>\n<p>Fullm\u00e5nen \u00e4r en tid f\u00f6r befrielse och inventering av de avsikter vi satte f\u00f6r oss sj\u00e4lva i Nym\u00e5nen. <\/p>\n<p>  Under Fullm\u00e5nen i V\u00e5gen tittar vi p\u00e5 var vi \u00e4r i f\u00f6rh\u00e5llande till de intentioner vi satte p\u00e5 v\u00e5rdagj\u00e4mningen (starten av V\u00e4durs\u00e4songen). <\/p>\n<p>  V\u00e4duren handlar om individuell vilja, sj\u00e4lvuttryck och handling. <\/p>\n<p>  Fullm\u00e5nen i V\u00e5gen hj\u00e4lper oss att balansera denna eldiga energi genom att ta h\u00e4nsyn till vad v\u00e4rlden omkring oss beh\u00f6ver av oss.<\/p>\n<h2 class=\"wp-block-heading\"><span class=\"ez-toc-section\" id=\"hjartkoherensovning\"><\/span><span class=\"ez-toc-section\" id=\"Ejercicio_de_coherencia_cardiaca\"><\/span>hj\u00e4rtkoherens\u00f6vning<span class=\"ez-toc-section-end\"><\/span><span class=\"ez-toc-section-end\"><\/span><\/h2>\n<p>Hj\u00e4rtkoherens \u00e4r ett otroligt verktyg f\u00f6r m\u00e4nskligheten att anv\u00e4nda i dessa sv\u00e5ra tider. <\/p>\n<p>  Det finns krafter som str\u00e4var efter att splittra oss;  Hj\u00e4rtats koherens f\u00f6renar oss. <\/p>\n<p>  Det \u00e4r bokstavligen den hemliga superkraften vi inte visste att vi hade!<\/p>\n<p>Man kunde se hj\u00e4rtats koherens som en form av b\u00f6n. <\/p>\n<p>  Jag tror absolut p\u00e5 b\u00f6nens kraft. <\/p>\n<p>  Det \u00e4r mer n\u00f6dv\u00e4ndigt \u00e4n n\u00e5gonsin. <\/p>\n<p>  Men jag har aldrig varit en f\u00f6r m\u00e5nga ord i b\u00f6n, vilket g\u00f6r Heart Coherence till en perfekt match f\u00f6r mig. <\/p>\n<p>  Det handlar om att anpassa sig till K\u00e4lla och sedan est\u00e1s in den energin av k\u00e4rlek, tacksamhet, \u00f6verfl\u00f6d, etc\u00e9tera. <\/p>\n<p>genom hj\u00e4rtat, rikta det dit det beh\u00f6vs som mest. <\/p>\n<p>  Det \u00e4r en hj\u00e4rtexpanderande upplevelse som stannar kvar med dig i timmar efter att du har slutf\u00f6rt den enkla 4-stegs\u00f6vningen nedan.<\/p>\n<h3 class=\"wp-block-heading\"><span class=\"ez-toc-section\" id=\"Fyra_enkla_steg_till_hjartkoherens\"><\/span><span class=\"ez-toc-section\" id=\"Cuatro_pasos_simples_para_la_coherencia_del_corazon\"><\/span>Fyra enkla steg till hj\u00e4rtkoherens <span class=\"ez-toc-section-end\"><\/span><span class=\"ez-toc-section-end\"><\/span><\/h3>\n<ol>\n<li><strong>L\u00e4gg en hand p\u00e5 ditt hj\u00e4rta <\/strong>att fokusera din uppm\u00e4rksamhet d\u00e4r <\/li>\n<li><strong>Sakta ner din andning<\/strong> och b\u00f6rja est\u00e1s in och est\u00e1s ut genom hj\u00e4rtat.\n<p> Est\u00e1s lugnt och se till att inandningen och utandningen \u00e4r lika l\u00e5ng och ca 5 sekunder vardera. <\/p>\n<p>  G\u00f6r detta tills du k\u00e4nner dig lugn. <\/p>\n<\/li>\n<li><strong>Anslut med ett minne\/k\u00e4nsla som h\u00f6jer din vibration. <\/strong>(Jag v\u00e4ljer ett minne av ett mirakul\u00f6st helande, men det kan vara allt som har en hj\u00e4rtexpanderande effekt, som att leka med ditt husdjur eller h\u00e5lla i ditt barn f\u00f6r f\u00f6rsta g\u00e5ngen)<\/li>\n<li>Ditt sinne \u00e4r nu i linje med den mycket kraftfullare energin i ditt hj\u00e4rta och <strong>du kan b\u00f6rja rikta energi dit den beh\u00f6vs<\/strong>.\n<p> Du kan till exempel skicka den till polisen medan m\u00e4nniskor ut\u00f6var sin r\u00e4tt till fredlig protest. <\/p>\n<p>  Eller till v\u00e5ra regeringsledare s\u00e5 att de kan anpassa sig till det som \u00e4r r\u00e4tt ist\u00e4llet f\u00f6r sj\u00e4lviskt. <\/p>\n<p>  Du kan ocks\u00e5 anv\u00e4nda denna energi med en helande avsikt f\u00f6r att skicka distansl\u00e4kning till n\u00e5gon i n\u00f6d. <\/p>\n<p>  Din egen fantasi s\u00e4tter gr\u00e4nsen f\u00f6r vad du kan anv\u00e4nda denna energi till!<\/p>\n<\/li>\n<\/ol>\n<h3 class=\"wp-block-heading\"><span class=\"ez-toc-section\" id=\"Medvetet_Samskapande_med_Coherence_of_the_Heart_denna_Vagens_fullmane\"><\/span><span class=\"ez-toc-section\" id=\"Co-creacion_Consciente_con_Coherencia_del_Corazon_esta_Luna_Llena_de_Libra\"><\/span>Medvetet Samskapande med Coherence of the Heart denna V\u00e5gens fullm\u00e5ne<span class=\"ez-toc-section-end\"><\/span><span class=\"ez-toc-section-end\"><\/span><\/h3>\n<p>Denna \u00f6vning i hj\u00e4rtats koherens blir exponentiellt mer kraftfull n\u00e4r vi g\u00e5r med andra som har samma avsikt. <\/p>\n<p>  Jag f\u00f6resl\u00e5r att man st\u00e4ller in avsikten med det globala uppvaknandet till enhetsmedvetande p\u00e5 denna fullm\u00e5ne i V\u00e5gen (28 mars). <\/p>\n<p>  F\u00f6rs\u00f6k att f\u00e5 kontakt med andra m\u00e4nniskor som mediterar samtidigt, klockan 17.00. <\/p>\n<p>m., brittisk tid.<\/p>\n<p>Jag gick nyligen med i en h\u00e4rlig grupp p\u00e5 Fb som anv\u00e4nder coherence of heart f\u00f6r att s\u00e4tta gemensamma veckom\u00e5l. <\/p>\n<p>  Kolla in Conscious Creators Unify-gruppen under ledning av Karen Richardson. <\/p>\n<p>  Den h\u00e4r gruppen var precis vad jag hade letat efter och jag k\u00e4nde mig mycket v\u00e4lsignad \u00f6ver att f\u00e5 en inbjudan att g\u00e5 med. <\/p>\n<p>  Jag hoppas att du kommer att g\u00e5 med oss \u200b\u200bom du tror p\u00e5 v\u00e5r kraft att tillsammans skapa en b\u00e4ttre morgondag genom vertikal och horisontell anpassning i k\u00e4rlek.<\/p>\n<h2 class=\"wp-block-heading\"><span class=\"ez-toc-section\" id=\"Hjartats_sammanhallning_och_munskap\"><\/span><span class=\"ez-toc-section\" id=\"Coherencia_del_corazon_y_los_coperos\"><\/span>Hj\u00e4rtats sammanh\u00e5llning och munsk\u00e5p<span class=\"ez-toc-section-end\"><\/span><span class=\"ez-toc-section-end\"><\/span><\/h2>\n<p>Jag skrev nyligen en artikel om munskarna som jag tror \u00e4r de av oss som \u00e4r h\u00e4r f\u00f6r att inleda den Helige Andes tids\u00e5lder. <\/p>\n<p>  Jag tror att hj\u00e4rtats sammanh\u00e5llning \u00e4r den form av b\u00f6n som munsk\u00e5darna har st\u00f6rst samh\u00f6righet med. <\/p>\n<p>  L\u00e4s mer om Cupbearers H\u00c4R. <\/p>\n<p>  Hj\u00e4rtats sammanh\u00e5llning \u00e4r Magdalena del Divino Femininos b\u00f6n.<\/p>\n<figure class=\"aligncenter size-full is-resized\"><\/figure>\n<p class=\"has-white-color has-text-color\">.<\/p>\n<h3 class=\"jp-relatedposts-headline\"><span class=\"ez-toc-section\" id=\"Relaterad\"><\/span><span class=\"ez-toc-section\" id=\"Relacionado\"><\/span><em>Relaterad<\/em><span class=\"ez-toc-section-end\"><\/span><span class=\"ez-toc-section-end\"><\/span><\/h3>\n<p>Vi hoppas att du gillade v\u00e5r artikel Tarot Spread of the Coherence of the Heart of the Full Moon av Libray allt relaterat till horoskop, tarot, ritualer och allt relaterat.<\/p>\n<figure class=\"wp-block-table is-style-regular\">\n<\/figure>\n<p>Intressanta saker att veta inneb\u00f6rden: Horoskop  <\/p>\n<p>\u00c4ven h\u00e4r l\u00e4mnar vi \u00e4mnen relaterade till: Horoskop <\/p>\n<\/p>\n<p><\/p>\n<p>Vi hoppas att du gillade v\u00e5r artikel Koherens av hj\u00e4rtats tarotspridning<br \/>\n och allt om horoskop, tarot, ritualer och allt relaterat till det &#8230;<\/p>\n<figure class=\"wp-block-table is-style-regular\">\n<table style=\"width: 284px; height: 157px;\">\n<tbody>\n<tr>\n<td class=\"has-text-align-center\" data-align=\"center\"><img loading=\"lazy\" decoding=\"async\" class=\"alignleft\" src=\" https:\/\/goroskop.tv\/wp-content\/uploads\/2023\/05\/horoscopodo12.jpg \" alt=\" Koherens av hj\u00e4rtats tarotspridning\n \" width=\"65\" height=\"95\" title=\"\"><img loading=\"lazy\" decoding=\"async\" class=\"alignleft\" style=\"width: 60px;\" src=\" https:\/\/goroskop.tv\/wp-content\/uploads\/2023\/05\/horoscopodo11.jpg \" alt=\" Koherens av hj\u00e4rtats tarotspridning\n \" width=\"195\" height=\"300\" title=\"\"><img decoding=\"async\" class=\"alignleft\" style=\"width: 60px;\" src=\" https:\/\/goroskop.tv\/wp-content\/uploads\/2023\/05\/horoscopodo10.jpg \" alt=\" Koherens av hj\u00e4rtats tarotspridning\n \" title=\"\"><\/td>\n<\/tr>\n<\/tbody>\n<\/table>\n<\/figure>\n<p>Intressanta saker att veta inneb\u00f6rden: <a href=\"https:\/\/sv.wikipedia.org\/wiki\/Horoskop\" target=\"_blank\" rel=\"nofollow noopener\"> Horoskop <\/a> <\/p>\n<p>H\u00e4r l\u00e4mnar vi ocks\u00e5 \u00e4mnen relaterade till: <a href=\" https:\/\/goroskop.tv\/sw\/den-perfekta-kandispojkvannen-for-dig\/\">Horoskop<\/a> <\/p>\n<div id=\"ez-toc-container\" class=\"ez-toc-v2_0_82_2 ez-toc-wrap-center counter-hierarchy ez-toc-counter ez-toc-grey ez-toc-container-direction\">\n<div class=\"ez-toc-title-container\">\n<div class=\"ez-toc-title\" style=\"cursor:inherit\">Table of Contents<\/div>\n<span class=\"ez-toc-title-toggle\"><a href=\"#\" class=\"ez-toc-pull-right ez-toc-btn ez-toc-btn-xs ez-toc-btn-default ez-toc-toggle\" aria-label=\"Alternar tabla de contenidos\"><span class=\"ez-toc-js-icon-con\"><span class=\"\"><span class=\"eztoc-hide\" style=\"display:none;\">Toggle<\/span><span class=\"ez-toc-icon-toggle-span\"><svg style=\"fill: #999;color:#999\" xmlns=\"http:\/\/www.w3.org\/2000\/svg\" class=\"list-377408\" width=\"20px\" height=\"20px\" viewBox=\"0 0 24 24\" fill=\"none\"><path d=\"M6 6H4v2h2V6zm14 0H8v2h12V6zM4 11h2v2H4v-2zm16 0H8v2h12v-2zM4 16h2v2H4v-2zm16 0H8v2h12v-2z\" fill=\"currentColor\"><\/path><\/svg><svg style=\"fill: #999;color:#999\" class=\"arrow-unsorted-368013\" xmlns=\"http:\/\/www.w3.org\/2000\/svg\" width=\"10px\" height=\"10px\" viewBox=\"0 0 24 24\" version=\"1.2\" baseProfile=\"tiny\"><path d=\"M18.2 9.3l-6.2-6.3-6.2 6.3c-.2.2-.3.4-.3.7s.1.5.3.7c.2.2.4.3.7.3h11c.3 0 .5-.1.7-.3.2-.2.3-.5.3-.7s-.1-.5-.3-.7zM5.8 14.7l6.2 6.3 6.2-6.3c.2-.2.3-.5.3-.7s-.1-.5-.3-.7c-.2-.2-.4-.3-.7-.3h-11c-.3 0-.5.1-.7.3-.2.2-.3.5-.3.7s.1.5.3.7z\"\/><\/svg><\/span><\/span><\/span><\/a><\/span><\/div>\n<nav><ul class='ez-toc-list ez-toc-list-level-1 eztoc-toggle-hide-by-default' ><li class='ez-toc-page-1 ez-toc-heading-level-2'><a class=\"ez-toc-link ez-toc-heading-1\" href=\"https:\/\/goroskop.tv\/sw\/koherens-av-hjartats-tarotspridning\/#Vagen_Full_Moon_Heart_Coherence_Tarot_Spread\" >V\u00e5gen Full Moon Heart Coherence Tarot Spread<\/a><\/li><li class='ez-toc-page-1 ez-toc-heading-level-2'><a class=\"ez-toc-link ez-toc-heading-2\" href=\"https:\/\/goroskop.tv\/sw\/koherens-av-hjartats-tarotspridning\/#Vagen_Full_Moon_Heart_Coherence_Tarot_Spread-2\" >V\u00e5gen Full Moon Heart Coherence Tarot Spread<\/a><\/li><li class='ez-toc-page-1 ez-toc-heading-level-2'><a class=\"ez-toc-link ez-toc-heading-3\" href=\"https:\/\/goroskop.tv\/sw\/koherens-av-hjartats-tarotspridning\/#Vagens_fullmane\" >V\u00e5gens fullm\u00e5ne<\/a><\/li><li class='ez-toc-page-1 ez-toc-heading-level-2'><a class=\"ez-toc-link ez-toc-heading-4\" href=\"https:\/\/goroskop.tv\/sw\/koherens-av-hjartats-tarotspridning\/#hjartkoherensovning\" >hj\u00e4rtkoherens\u00f6vning<\/a><ul class='ez-toc-list-level-3' ><li class='ez-toc-heading-level-3'><a class=\"ez-toc-link ez-toc-heading-5\" href=\"https:\/\/goroskop.tv\/sw\/koherens-av-hjartats-tarotspridning\/#Fyra_enkla_steg_till_hjartkoherens\" >Fyra enkla steg till hj\u00e4rtkoherens<\/a><\/li><li class='ez-toc-page-1 ez-toc-heading-level-3'><a class=\"ez-toc-link ez-toc-heading-6\" href=\"https:\/\/goroskop.tv\/sw\/koherens-av-hjartats-tarotspridning\/#Medvetet_Samskapande_med_Coherence_of_the_Heart_denna_Vagens_fullmane\" >Medvetet Samskapande med Coherence of the Heart denna V\u00e5gens fullm\u00e5ne<\/a><\/li><\/ul><\/li><li class='ez-toc-page-1 ez-toc-heading-level-2'><a class=\"ez-toc-link ez-toc-heading-7\" href=\"https:\/\/goroskop.tv\/sw\/koherens-av-hjartats-tarotspridning\/#Hjartats_sammanhallning_och_munskap\" >Hj\u00e4rtats sammanh\u00e5llning och munsk\u00e5p<\/a><ul class='ez-toc-list-level-3' ><li class='ez-toc-heading-level-3'><a class=\"ez-toc-link ez-toc-heading-8\" href=\"https:\/\/goroskop.tv\/sw\/koherens-av-hjartats-tarotspridning\/#Relaterad\" >Relaterad<\/a><\/li><\/ul><\/li><\/ul><\/nav><\/div>\n","protected":false},"excerpt":{"rendered":"<p>V\u00e5gen Full Moon Heart Coherence Tarot Spread V\u00e5gen Full Moon Heart Coherence Tarot Spread Jag f\u00f6resl\u00e5r att du anv\u00e4nder en tarotlek och en \u00e4ngla-orakeld\u00e4ck f\u00f6r denna fullm\u00e5neshj\u00e4rta i Libra Coherence Tarot-uppslag. Anv\u00e4nd Angel Oracle-kortet f\u00f6r position 7 i layouten. 1. Vilken energi beh\u00f6ver rensas fr\u00e5n mitt hj\u00e4rtchakra (alla tidigare trauman eller k\u00e4nslom\u00e4ssiga s\u00e5r) 2. Vad &hellip;<\/p>\n","protected":false},"author":1,"featured_media":55,"comment_status":"closed","ping_status":"closed","sticky":false,"template":"","format":"standard","meta":{"footnotes":""},"categories":[2],"tags":[4404,9320,5646],"class_list":["post-27311","post","type-post","status-publish","format-standard","has-post-thumbnail","hentry","category-horoskop","tag-hjartats","tag-koherens","tag-tarotspridning"],"_links":{"self":[{"href":"https:\/\/goroskop.tv\/sw\/wp-json\/wp\/v2\/posts\/27311","targetHints":{"allow":["GET"]}}],"collection":[{"href":"https:\/\/goroskop.tv\/sw\/wp-json\/wp\/v2\/posts"}],"about":[{"href":"https:\/\/goroskop.tv\/sw\/wp-json\/wp\/v2\/types\/post"}],"author":[{"embeddable":true,"href":"https:\/\/goroskop.tv\/sw\/wp-json\/wp\/v2\/users\/1"}],"replies":[{"embeddable":true,"href":"https:\/\/goroskop.tv\/sw\/wp-json\/wp\/v2\/comments?post=27311"}],"version-history":[{"count":0,"href":"https:\/\/goroskop.tv\/sw\/wp-json\/wp\/v2\/posts\/27311\/revisions"}],"wp:featuredmedia":[{"embeddable":true,"href":"https:\/\/goroskop.tv\/sw\/wp-json\/wp\/v2\/media\/55"}],"wp:attachment":[{"href":"https:\/\/goroskop.tv\/sw\/wp-json\/wp\/v2\/media?parent=27311"}],"wp:term":[{"taxonomy":"category","embeddable":true,"href":"https:\/\/goroskop.tv\/sw\/wp-json\/wp\/v2\/categories?post=27311"},{"taxonomy":"post_tag","embeddable":true,"href":"https:\/\/goroskop.tv\/sw\/wp-json\/wp\/v2\/tags?post=27311"}],"curies":[{"name":"wp","href":"https:\/\/api.w.org\/{rel}","templated":true}]}}