{"id":27547,"date":"2023-08-24T14:12:00","date_gmt":"2023-08-24T14:12:00","guid":{"rendered":"https:\/\/goroskop.tv\/sw\/ett-meddelande-fran-kyrkomassan-for-fornyelse-av\/"},"modified":"2023-08-24T14:12:00","modified_gmt":"2023-08-24T14:12:00","slug":"ett-meddelande-fran-kyrkomassan-for-fornyelse-av","status":"publish","type":"post","link":"https:\/\/goroskop.tv\/sw\/ett-meddelande-fran-kyrkomassan-for-fornyelse-av\/","title":{"rendered":"Ett meddelande fr\u00e5n Kyrkom\u00e4ssan f\u00f6r f\u00f6rnyelse av"},"content":{"rendered":"<p><\/p>\n<h2><span class=\"ez-toc-section\" id=\"Ett_Kyrkomassbudskap_om_Andens_fornyelse\"><\/span><span class=\"ez-toc-section\" id=\"Un_Mensaje_de_la_Candelaria_de_Renovacion_del_Espiritu\"><\/span>  Ett Kyrkom\u00e4ssbudskap om Andens f\u00f6rnyelse<span class=\"ez-toc-section-end\"><\/span><span class=\"ez-toc-section-end\"><\/span><\/h2>\n<figure class=\"wp-block-image size-large\"><\/figure>\n<p>Imbolc\/Candlemas Blessings, mina v\u00e4nner!  Idag ger jag er ett budskap om f\u00f6rnyelse av Candelaria. <\/p>\n<p>  G\u00e5rdagens nym\u00e5ne i Vattumannen f\u00f6rde med sig vindar av f\u00f6r\u00e4ndring med Uranus som kvadrerar Nym\u00e5nen. <\/p>\n<p>  Dessa vindar kommer att forts\u00e4tta att bl\u00e5sa under hela februari. <\/p>\n<p>  Faktum \u00e4r att vi kan f\u00f6rv\u00e4nta oss den ov\u00e4ntade och mycket fram\u00e5triktade r\u00f6relsen under hela Tiger\u00e5ret. <\/p>\n<p>  Det h\u00e4r \u00e4r en kraftfull tid p\u00e5 \u00e5ret f\u00f6r att s\u00e4tta nya avsikter om du vill ha den vinden i ryggen! <\/p>\n<p>F\u00f6r v\u00e4gledning om hur man g\u00f6r detta p\u00e5 en personlig niv\u00e5, se \u00c5ret f\u00f6r vattentigerns tarotspridning.<\/p>\n<p>Det kanske inte \u00e4r v\u00e5r \u00e4n, men energin av att g\u00e5 fram\u00e5t kan f\u00e5 dig att k\u00e4nna att v\u00e5ren redan \u00e4r h\u00e4r eller lurar precis runt h\u00f6rnet. <\/p>\n<p>  Budskapet fr\u00e5n Spirit nedan \u00e4r ett av f\u00f6rnyelse, s\u00e5 det b\u00e4r ocks\u00e5 v\u00e5rens och genombrottets energi.<\/p>\n<h2 class=\"wp-block-heading\" id=\"imbolc-candlemas-message-of-renewal-for-the-collective\"><span class=\"ez-toc-section\" id=\"Candelaria_Renewal_Message_for_kollektivet\"><\/span><span class=\"ez-toc-section\" id=\"Candelaria_Mensaje_de_Renovacion_para_el_Colectivo\"><\/span>Candelaria Renewal Message f\u00f6r kollektivet<span class=\"ez-toc-section-end\"><\/span><span class=\"ez-toc-section-end\"><\/span><\/h2>\n<figure class=\"wp-block-image size-large\"><\/figure>\n<p>Den k\u00e4nslom\u00e4ssiga linsen du har anv\u00e4nt p\u00e5 din uppfattning om andra beh\u00f6ver uppdateras. <\/p>\n<p>  Bryt alla gamla och f\u00f6rlegade modeller av att t\u00e4nka p\u00e5 din granne. <\/p>\n<p>  Och med det menar vi f\u00f6rst\u00e5s vilken modell som helst som presenterades f\u00f6r att skapa splittring. <\/p>\n<p>  De enda \u00abf\u00e5ren\u00bb som finns kvar \u00e4r de som forts\u00e4tter leka. <\/p>\n<p>  Har inte m\u00e4nskligheten f\u00e5tt nog av dela-och-h\u00e4rga-taktik vid det h\u00e4r laget?<\/p>\n<p>Kolla med ditt hj\u00e4rta. <\/p>\n<p>  Vilket tillst\u00e5nd \u00e4r det efter de senaste tv\u00e5 \u00e5ren?  Han lovar att rensa honom fr\u00e5n cynism, splittring och hat. <\/p>\n<p>  Be oss att mjuka upp ditt hj\u00e4rta och \u00f6ppna det f\u00f6r medk\u00e4nsla och k\u00e4rleksfull v\u00e4nlighet om du saknar det. <\/p>\n<p>  Det finns n\u00e5d nog f\u00f6r alla som fr\u00e5gar, s\u00e5 fr\u00e5ga!<\/p>\n<p>Mycket av grunden f\u00f6r att skapa ett mer tolerant och medk\u00e4nnande samh\u00e4lle kan l\u00e4ggas i \u00e5r, men bara om du n\u00e5r ut till din medm\u00e4nniska utan hat i ditt hj\u00e4rta. <\/p>\n<p>  S\u00e5 t\u00e4nk p\u00e5 det. <\/p>\n<p>  Vilka avsikter skulle du vilja s\u00e4tta f\u00f6r ditt hj\u00e4rta och dina relationer i \u00e5r?  Skriv s\u00e5 m\u00e5nga affirmationer baserade p\u00e5 dessa avsikter som du tror kommer att tj\u00e4na dig v\u00e4l under de kommande m\u00e5naderna. <\/p>\n<p>  Be oss v\u00e4lsigna dessa avsikter&#8230; och det kommer vi att g\u00f6ra!<\/p>\n<p>Var och en av er \u00e4r i besittning av en viktig pusselbit f\u00f6r att skapa ett mer medk\u00e4nnande samh\u00e4lle. <\/p>\n<p>  Leta noga efter den h\u00e4r biten inom dig sj\u00e4lv och leta flitigt efter den i andra ocks\u00e5. <\/p>\n<p>  Uppmuntra de unika g\u00e5vorna i varandra att blomstra. <\/p>\n<p>  Odla en st\u00f6djande milj\u00f6 som inneh\u00e5ller konstruktiv kritik som fokuserar p\u00e5 det du skulle vilja se <em>ytterligare <\/em>fr\u00e5n i den andra.<\/p>\n<h2 class=\"wp-block-heading\" id=\"time-to-take-a-leap\"><span class=\"ez-toc-section\" id=\"Dags_att_hoppa\"><\/span><span class=\"ez-toc-section\" id=\"%C2%A1Hora_de_dar_un_salto\"><\/span>Dags att hoppa! <span class=\"ez-toc-section-end\"><\/span><span class=\"ez-toc-section-end\"><\/span><\/h2>\n<p>Under de senaste tv\u00e5 \u00e5ren har m\u00e5nga av er fokuserat p\u00e5 att v\u00e4xa i visdom. <\/p>\n<p>  Mycket tid har \u00e4gnats \u00e5t att studera och l\u00e4ra. <\/p>\n<p>  Det jag tar fr\u00e5n detta Kyrkodagsbudskap \u00e4r att det \u00e4r dags att g\u00e5 ut i v\u00e4rlden och dela med sig av denna kunskap nu. <\/p>\n<p>  Vet att du \u00e4r v\u00e4rdefull och att det du har att dela med v\u00e4rlden ocks\u00e5 \u00e4r v\u00e4rdefullt. <\/p>\n<p>Vissa av er kanske inte vet var de ska b\u00f6rja n\u00e4r det g\u00e4ller att bygga gemenskap och dela med er av era g\u00e5vor. <\/p>\n<p>  Vi vill att du \u00f6verv\u00e4ger att helt enkelt be om hj\u00e4lp. <\/p>\n<p>  De av oss i Anden kan hj\u00e4lpa till med interna knuffar, deducible signaler, s\u00e5v\u00e4l som yttre tecken och timing. <\/p>\n<p>  Dina jordbor kan ocks\u00e5 hj\u00e4lpa dig om du fr\u00e5gar. <\/p>\n<p>  M\u00e5nga \u00e4r ute efter att fastna i att g\u00f6ra skillnad, s\u00e5 de kommer att vara tacksamma f\u00f6r m\u00f6jligheten att hj\u00e4lpa till.<\/p>\n<p>Det \u00e4r okej om saker och ting inte \u00e4r perfekta f\u00f6rst. <\/p>\n<p>  Du kan alltid korrigera n\u00e4r du g\u00e5r, men du m\u00e5ste g\u00e5 fram\u00e5t med vetskapen om att det inte finns n\u00e5gon \u00e5terv\u00e4ndo nu. <\/p>\n<p>  F\u00f6r all del, g\u00f6r din due diligence och forskning innan du engagerar dig f\u00f6r n\u00e5gon sak eller grupp av m\u00e4nniskor. <\/p>\n<p>  Men ta ett steg och g\u00f6r mer av det du verkligen brinner f\u00f6r!<\/p>\n<figure class=\"aligncenter size-full is-resized\"><\/figure>\n<p class=\"has-white-color has-text-color\">.<\/p>\n<p><strong>Anv\u00e4nda omslag:<\/strong> Det v\u00e4lbekanta runh\u00e4xoraklet, enh\u00f6rningarnas orakel, den gyllene dr\u00f6mmen Lenormand och Draconis Tarot<\/p>\n<h3 class=\"jp-relatedposts-headline\"><span class=\"ez-toc-section\" id=\"Relaterad\"><\/span><span class=\"ez-toc-section\" id=\"Relacionado\"><\/span><em>Relaterad<\/em><span class=\"ez-toc-section-end\"><\/span><span class=\"ez-toc-section-end\"><\/span><\/h3>\n<p>Vi hoppas att du gillade v\u00e5r artikel Ett meddelande fr\u00e5n Candlemas for the Renewal of the Spirit och allt relaterat till horoskop, tarot, ritualer och allt relaterat.<\/p>\n<figure class=\"wp-block-table is-style-regular\">\n<\/figure>\n<p>Intressanta saker att veta inneb\u00f6rden: Horoskop  <\/p>\n<p>\u00c4ven h\u00e4r l\u00e4mnar vi \u00e4mnen relaterade till: Horoskop <\/p>\n<\/p>\n<p><\/p>\n<p>Vi hoppas att du gillade v\u00e5r artikel Ett meddelande fr\u00e5n Kyrkom\u00e4ssan f\u00f6r f\u00f6rnyelse av<br \/>\n och allt om horoskop, tarot, ritualer och allt relaterat till det &#8230;<\/p>\n<figure class=\"wp-block-table is-style-regular\">\n<table style=\"width: 284px; height: 157px;\">\n<tbody>\n<tr>\n<td class=\"has-text-align-center\" data-align=\"center\"><img loading=\"lazy\" decoding=\"async\" class=\"alignleft\" src=\" https:\/\/goroskop.tv\/wp-content\/uploads\/2023\/05\/horoscopodo12.jpg \" alt=\" Ett meddelande fr\u00e5n Kyrkom\u00e4ssan f\u00f6r f\u00f6rnyelse av\n \" width=\"65\" height=\"95\" title=\"\"><img loading=\"lazy\" decoding=\"async\" class=\"alignleft\" style=\"width: 60px;\" src=\" https:\/\/goroskop.tv\/wp-content\/uploads\/2023\/05\/horoscopodo11.jpg \" alt=\" Ett meddelande fr\u00e5n Kyrkom\u00e4ssan f\u00f6r f\u00f6rnyelse av\n \" width=\"195\" height=\"300\" title=\"\"><img decoding=\"async\" class=\"alignleft\" style=\"width: 60px;\" src=\" https:\/\/goroskop.tv\/wp-content\/uploads\/2023\/05\/horoscopodo10.jpg \" alt=\" Ett meddelande fr\u00e5n Kyrkom\u00e4ssan f\u00f6r f\u00f6rnyelse av\n \" title=\"\"><\/td>\n<\/tr>\n<\/tbody>\n<\/table>\n<\/figure>\n<p>Intressanta saker att veta inneb\u00f6rden: <a href=\"https:\/\/sv.wikipedia.org\/wiki\/Horoskop\" target=\"_blank\" rel=\"nofollow noopener\"> Horoskop <\/a> <\/p>\n<p>H\u00e4r l\u00e4mnar vi ocks\u00e5 \u00e4mnen relaterade till: <a href=\" https:\/\/goroskop.tv\/sw\/den-perfekta-kandispojkvannen-for-dig\/\">Horoskop<\/a> <\/p>\n<div id=\"ez-toc-container\" class=\"ez-toc-v2_0_82_2 ez-toc-wrap-center counter-hierarchy ez-toc-counter ez-toc-grey ez-toc-container-direction\">\n<div class=\"ez-toc-title-container\">\n<div class=\"ez-toc-title\" style=\"cursor:inherit\">Table of Contents<\/div>\n<span class=\"ez-toc-title-toggle\"><a href=\"#\" class=\"ez-toc-pull-right ez-toc-btn ez-toc-btn-xs ez-toc-btn-default ez-toc-toggle\" aria-label=\"Alternar tabla de contenidos\"><span class=\"ez-toc-js-icon-con\"><span class=\"\"><span class=\"eztoc-hide\" style=\"display:none;\">Toggle<\/span><span class=\"ez-toc-icon-toggle-span\"><svg style=\"fill: #999;color:#999\" xmlns=\"http:\/\/www.w3.org\/2000\/svg\" class=\"list-377408\" width=\"20px\" height=\"20px\" viewBox=\"0 0 24 24\" fill=\"none\"><path d=\"M6 6H4v2h2V6zm14 0H8v2h12V6zM4 11h2v2H4v-2zm16 0H8v2h12v-2zM4 16h2v2H4v-2zm16 0H8v2h12v-2z\" fill=\"currentColor\"><\/path><\/svg><svg style=\"fill: #999;color:#999\" class=\"arrow-unsorted-368013\" xmlns=\"http:\/\/www.w3.org\/2000\/svg\" width=\"10px\" height=\"10px\" viewBox=\"0 0 24 24\" version=\"1.2\" baseProfile=\"tiny\"><path d=\"M18.2 9.3l-6.2-6.3-6.2 6.3c-.2.2-.3.4-.3.7s.1.5.3.7c.2.2.4.3.7.3h11c.3 0 .5-.1.7-.3.2-.2.3-.5.3-.7s-.1-.5-.3-.7zM5.8 14.7l6.2 6.3 6.2-6.3c.2-.2.3-.5.3-.7s-.1-.5-.3-.7c-.2-.2-.4-.3-.7-.3h-11c-.3 0-.5.1-.7.3-.2.2-.3.5-.3.7s.1.5.3.7z\"\/><\/svg><\/span><\/span><\/span><\/a><\/span><\/div>\n<nav><ul class='ez-toc-list ez-toc-list-level-1 eztoc-toggle-hide-by-default' ><li class='ez-toc-page-1 ez-toc-heading-level-2'><a class=\"ez-toc-link ez-toc-heading-1\" href=\"https:\/\/goroskop.tv\/sw\/ett-meddelande-fran-kyrkomassan-for-fornyelse-av\/#Ett_Kyrkomassbudskap_om_Andens_fornyelse\" >Ett Kyrkom\u00e4ssbudskap om Andens f\u00f6rnyelse<\/a><\/li><li class='ez-toc-page-1 ez-toc-heading-level-2'><a class=\"ez-toc-link ez-toc-heading-2\" href=\"https:\/\/goroskop.tv\/sw\/ett-meddelande-fran-kyrkomassan-for-fornyelse-av\/#Candelaria_Renewal_Message_for_kollektivet\" >Candelaria Renewal Message f\u00f6r kollektivet<\/a><\/li><li class='ez-toc-page-1 ez-toc-heading-level-2'><a class=\"ez-toc-link ez-toc-heading-3\" href=\"https:\/\/goroskop.tv\/sw\/ett-meddelande-fran-kyrkomassan-for-fornyelse-av\/#Dags_att_hoppa\" >Dags att hoppa!<\/a><ul class='ez-toc-list-level-3' ><li class='ez-toc-heading-level-3'><a class=\"ez-toc-link ez-toc-heading-4\" href=\"https:\/\/goroskop.tv\/sw\/ett-meddelande-fran-kyrkomassan-for-fornyelse-av\/#Relaterad\" >Relaterad<\/a><\/li><\/ul><\/li><\/ul><\/nav><\/div>\n","protected":false},"excerpt":{"rendered":"<p>Ett Kyrkom\u00e4ssbudskap om Andens f\u00f6rnyelse Imbolc\/Candlemas Blessings, mina v\u00e4nner! Idag ger jag er ett budskap om f\u00f6rnyelse av Candelaria. G\u00e5rdagens nym\u00e5ne i Vattumannen f\u00f6rde med sig vindar av f\u00f6r\u00e4ndring med Uranus som kvadrerar Nym\u00e5nen. Dessa vindar kommer att forts\u00e4tta att bl\u00e5sa under hela februari. Faktum \u00e4r att vi kan f\u00f6rv\u00e4nta oss den ov\u00e4ntade och mycket &hellip;<\/p>\n","protected":false},"author":1,"featured_media":135,"comment_status":"closed","ping_status":"closed","sticky":false,"template":"","format":"standard","meta":{"footnotes":""},"categories":[2],"tags":[332,7,7283,439,9438,1984],"class_list":["post-27547","post","type-post","status-publish","format-standard","has-post-thumbnail","hentry","category-horoskop","tag-ett","tag-for","tag-fornyelse","tag-fran","tag-kyrkomassan","tag-meddelande"],"_links":{"self":[{"href":"https:\/\/goroskop.tv\/sw\/wp-json\/wp\/v2\/posts\/27547","targetHints":{"allow":["GET"]}}],"collection":[{"href":"https:\/\/goroskop.tv\/sw\/wp-json\/wp\/v2\/posts"}],"about":[{"href":"https:\/\/goroskop.tv\/sw\/wp-json\/wp\/v2\/types\/post"}],"author":[{"embeddable":true,"href":"https:\/\/goroskop.tv\/sw\/wp-json\/wp\/v2\/users\/1"}],"replies":[{"embeddable":true,"href":"https:\/\/goroskop.tv\/sw\/wp-json\/wp\/v2\/comments?post=27547"}],"version-history":[{"count":0,"href":"https:\/\/goroskop.tv\/sw\/wp-json\/wp\/v2\/posts\/27547\/revisions"}],"wp:featuredmedia":[{"embeddable":true,"href":"https:\/\/goroskop.tv\/sw\/wp-json\/wp\/v2\/media\/135"}],"wp:attachment":[{"href":"https:\/\/goroskop.tv\/sw\/wp-json\/wp\/v2\/media?parent=27547"}],"wp:term":[{"taxonomy":"category","embeddable":true,"href":"https:\/\/goroskop.tv\/sw\/wp-json\/wp\/v2\/categories?post=27547"},{"taxonomy":"post_tag","embeddable":true,"href":"https:\/\/goroskop.tv\/sw\/wp-json\/wp\/v2\/tags?post=27547"}],"curies":[{"name":"wp","href":"https:\/\/api.w.org\/{rel}","templated":true}]}}