{"id":27567,"date":"2023-08-24T14:26:04","date_gmt":"2023-08-24T14:26:04","guid":{"rendered":"https:\/\/goroskop.tv\/sw\/ancestral-collective-tarot-spread\/"},"modified":"2023-08-24T14:26:04","modified_gmt":"2023-08-24T14:26:04","slug":"ancestral-collective-tarot-spread","status":"publish","type":"post","link":"https:\/\/goroskop.tv\/sw\/ancestral-collective-tarot-spread\/","title":{"rendered":"Ancestral Collective Tarot Spread"},"content":{"rendered":"<p><\/p>\n<h2><span class=\"ez-toc-section\" id=\"Ancestral_Collective_Tarot_Spread\"><\/span><span class=\"ez-toc-section\" id=\"La_Tirada_del_Tarot_Colectivo_Ancestral\"><\/span>  Ancestral Collective Tarot Spread<span class=\"ez-toc-section-end\"><\/span><span class=\"ez-toc-section-end\"><\/span><\/h2>\n<figure class=\"wp-block-image size-large\"><\/figure>\n<h2 class=\"wp-block-heading\"><span class=\"ez-toc-section\" id=\"Mitt_samiska_forfaderskollektiv\"><\/span><span class=\"ez-toc-section\" id=\"Mi_Colectivo_Ancestral_Sami\"><\/span>Mitt samiska f\u00f6rf\u00e4derskollektiv<span class=\"ez-toc-section-end\"><\/span><span class=\"ez-toc-section-end\"><\/span><\/h2>\n<p>F\u00f6r ett par \u00e5r sedan, medan jag gjorde en veckovis mediumskapsutbildning, hade jag en ovanlig upplevelse. <\/p>\n<p>  Jag l\u00e5g i s\u00e4ngen strax efter att jag vaknat n\u00e4r jag helt pl\u00f6tsligt b\u00f6rjade se geometriska former av ljus blinka framf\u00f6r mina \u00f6gon. <\/p>\n<p>  Sedan h\u00f6rde jag ordet \u00absaivo\u00bb upprepas flera g\u00e5nger. <\/p>\n<p>  Till slut h\u00f6rde jag en mansr\u00f6st s\u00e4ga: &#8216;Vi \u00e4r alltid med dig.&#8217; <\/p>\n<p>  Det visar sig att jag hade f\u00e5tt ett meddelande fr\u00e5n mitt f\u00f6rf\u00e4ders kollektiv.<\/p>\n<p>Utan en aning om vad \u00absaivo\u00bb betydde eller vilka \u00abvi\u00bb var gick jag p\u00e5 Google plus f\u00f6r att hitta termen. <\/p>\n<p>  Tydligen, <em>Saivo <\/em>\u00e4r det samiska ordet f\u00f6r platsen dit f\u00f6rf\u00e4derna g\u00e5r n\u00e4r de g\u00e5r \u00f6ver. <\/p>\n<p>  Detta gjorde mig v\u00e4ldigt k\u00e4nslosam vid den tiden, men det skr\u00e4mde mig ocks\u00e5. <\/p>\n<p>  Jag k\u00e4nde att mina samiska f\u00f6rf\u00e4der tittade p\u00e5 mig och att jag inte kunde leva upp till deras f\u00f6rv\u00e4ntningar.<\/p>\n<p>Att ha ett s\u00e5 negativt svar p\u00e5 n\u00e5got s\u00e5 positivt (mina f\u00f6rf\u00e4der vill visa sitt st\u00f6d) \u00e4r bara vettigt n\u00e4r man t\u00e4nker p\u00e5 att jag v\u00e4xte upp i en milj\u00f6 som fr\u00e4mjar PTSD. <\/p>\n<p>  N\u00e4r du v\u00e4xer upp med vanv\u00e5rd och fysisk\/emotionell misshandel har du sv\u00e5rt att lita p\u00e5 att n\u00e5gon (kanske s\u00e4rskilt familjemedlemmar) har ditt b\u00e4sta i \u00e5tanke. <\/p>\n<h2 class=\"wp-block-heading\"><span class=\"ez-toc-section\" id=\"Laka_fran_trauma_och_ta_emot_stod\"><\/span><span class=\"ez-toc-section\" id=\"Curacion_del_trauma_y_aceptacion_del_apoyo\"><\/span>L\u00e4ka fr\u00e5n trauma och ta emot st\u00f6d<span class=\"ez-toc-section-end\"><\/span><span class=\"ez-toc-section-end\"><\/span><\/h2>\n<p>Faktum \u00e4r att det tog mig n\u00e4stan tv\u00e5 \u00e5r att acceptera bes\u00f6ket och nu se det i ett helt positivt ljus. <\/p>\n<p>  F\u00f6rra \u00e5rets Dark Night of the Soul var en del av denna resa f\u00f6r mig. <\/p>\n<p>  Under den resan k\u00e4nde jag ett behov av att helt sluta med tr\u00e4ningen som medium. <\/p>\n<p>  Det var f\u00f6r mycket f\u00f6r mig. <\/p>\n<p>  Jag gick ocks\u00e5 tillbaka till den grad att jag faller tillbaka till en fundamentalistisk kristen v\u00e4rldsbild. <\/p>\n<p>  N\u00e4r v\u00e4rlden blev mer och mer polariserad och ondskan verkligen b\u00f6rjade avsl\u00f6ja sig, var detta det enda s\u00e4ttet hon kunde b\u00f6rja f\u00f6rst\u00e5 vad som h\u00e4nde. <\/p>\n<p>Gradvis, och p\u00e5 ungef\u00e4r sex m\u00e5nader, kunde jag \u00e5terv\u00e4nda till f\u00f6rnuftets ljus. <\/p>\n<p>  Utanf\u00f6r hade v\u00e4ldigt lite f\u00f6r\u00e4ndrats. <\/p>\n<p>  V\u00e4rlden \u00e4r fortfarande lika polariserad som den var under dessa sex m\u00e5nader av min m\u00f6rka natt, den verkar bara inte lika hotfull l\u00e4ngre. <\/p>\n<p>  De flesta utl\u00f6sare \u00e4r inte l\u00e4ngre aktiva. <\/p>\n<p>  Och nu \u00e4r jag redo att s\u00f6ka k\u00e4rleksfullt st\u00f6d fr\u00e5n mitt shamanska f\u00f6rf\u00e4derskollektiv som s\u00e5 n\u00e5digt n\u00e5dde ut till mig. <\/p>\n<p>  Den f\u00f6rf\u00e4ders kollektiva tarotl\u00e4sning nedan \u00e4r inspirerad av dem och helandet de medf\u00f6rt.<\/p>\n<p>Anv\u00e4nd den f\u00f6r att f\u00e5 kontakt med den grupp av f\u00f6rf\u00e4der du k\u00e4nner dig n\u00e4rmast, eller be dem avsl\u00f6ja vilken grupp de vill prata med dig om. <\/p>\n<p>  Till exempel kan du ha f\u00f6rf\u00e4ders r\u00f6tter i mer \u00e4n en kultur men har en affinitet f\u00f6r en framf\u00f6r de andra. <\/p>\n<p>  Detta \u00e4r ett tecken p\u00e5 att det h\u00e4r \u00e4r det kollektiv d\u00e4r du har flest sj\u00e4lsgruppsmedlemmar som vill arbeta med dig.<\/p>\n<p>Kolla in den h\u00e4r guiden om hur du kommer ig\u00e5ng med att arbeta med dina f\u00f6rf\u00e4der!<\/p>\n<blockquote class=\"wp-block-quote\">\n<p>\u00abI min fars herrg\u00e5rd finns det m\u00e5nga rum.\u00bb <\/p>\n<p>Yeshua<\/p>\n<\/blockquote>\n<h2 class=\"wp-block-heading\"><span class=\"ez-toc-section\" id=\"Ancestral_Collective_Tarot_Spread-2\"><\/span><span class=\"ez-toc-section\" id=\"La_Tirada_del_Tarot_Colectivo_Ancestral-2\"><\/span>Ancestral Collective Tarot Spread<span class=\"ez-toc-section-end\"><\/span><span class=\"ez-toc-section-end\"><\/span><\/h2>\n<p>Detta \u00e4r en idealisk sp\u00e5domsoperation att utf\u00f6ra p\u00e5 Samhain\/All Hallows Eve.<\/p>\n<p>\u00c4ven om detta ursprungligen \u00e4r en Tarot-spridning, kan den anv\u00e4ndas med alla typer av orakel som talar till dig. <\/p>\n<p>  Du kanske tycker om att v\u00e4lja ett sp\u00e5domsverktyg som ocks\u00e5 anv\u00e4nds av och \u00e4r bekant f\u00f6r dina f\u00f6rf\u00e4der, men den viktigaste aspekten \u00e4r att du k\u00e4nner till verktyget v\u00e4l. <\/p>\n<p>  Det \u00e4r viktigt att inte f\u00f6rlita sig f\u00f6r mycket p\u00e5 vanliga sp\u00e5domsbetydelser. <\/p>\n<p>  B\u00f6rja din l\u00e4sning med att skapa ett heligt utrymme genom att t\u00e4nda ett ljus och v\u00e4lkomna det f\u00f6rf\u00e4ders kollektiv. <\/p>\n<p>  Be dem att avsl\u00f6ja djupare betydelser och finare punkter i designen. <\/p>\n<p>  De kommer att vara mer \u00e4n villiga att g\u00f6ra det eftersom de ivrigt v\u00e4ntar p\u00e5 att du ska ansluta. <\/p>\n<h3 class=\"wp-block-heading\"><span class=\"ez-toc-section\" id=\"skriv_ner_allt\"><\/span><span class=\"ez-toc-section\" id=\"Escribelo_todo\"><\/span>skriv ner allt<span class=\"ez-toc-section-end\"><\/span><span class=\"ez-toc-section-end\"><\/span><\/h3>\n<p>Skriv allt som kommer till dig. <\/p>\n<p>  Och f\u00f6rl\u00e5t inte att s\u00e4ga tack n\u00e4r du k\u00e4nner att meddelandet \u00e4r komplett.<\/p>\n<p>Efter en f\u00f6rsta l\u00e4sning med detta Tarot-uppslag, kan du anv\u00e4nda den f\u00f6rsta och sista grupperingen ensam f\u00f6r fortsatt v\u00e4gledning f\u00f6r din v\u00e4g och ditt uppdrag i det h\u00e4r livet.<\/p>\n<p>N\u00e4r jag l\u00e4ste nedan med det h\u00e4r uppslaget f\u00f6r mig sj\u00e4lv (med Muse Tarot), k\u00e4nde jag mig f\u00f6ranledd att l\u00e4gga till tre runor i mitten av uppslaget. <\/p>\n<p>  Detta \u00e4r bara ett valfritt complemento. <\/p>\n<p>  12 kort kan r\u00e4cka p\u00e5 egen hand. <\/p>\n<p>  Detta \u00e4r \u00e4rligt talat en av de mest kraftfulla l\u00e4sningarna jag n\u00e5gonsin gjort f\u00f6r mig sj\u00e4lv. <\/p>\n<p>  Jag k\u00e4nner mig v\u00e4ldigt st\u00f6ttad av mina f\u00f6rf\u00e4der efter denna l\u00e4sning. <\/p>\n<p>  Jag hoppas att du ocks\u00e5 kan uppleva detta!<\/p>\n<figure class=\"wp-block-image size-large\"><\/figure>\n<figure class=\"aligncenter size-full is-resized\"><\/figure>\n<p class=\"has-white-color has-text-color\">.<\/p>\n<h3 class=\"jp-relatedposts-headline\"><span class=\"ez-toc-section\" id=\"Relaterad\"><\/span><span class=\"ez-toc-section\" id=\"Relacionado\"><\/span><em>Relaterad<\/em><span class=\"ez-toc-section-end\"><\/span><span class=\"ez-toc-section-end\"><\/span><\/h3>\n<p>Vi hoppas att du gillade v\u00e5r artikel The Ancestral Collective Tarot Throw och allt relaterat till horoskop, tarot, ritualer och allt relaterat.<\/p>\n<figure class=\"wp-block-table is-style-regular\">\n<\/figure>\n<p>Intressanta saker att veta inneb\u00f6rden: Horoskop  <\/p>\n<p>\u00c4ven h\u00e4r l\u00e4mnar vi \u00e4mnen relaterade till: Horoskop <\/p>\n<\/p>\n<p><\/p>\n<p>Vi hoppas att du gillade v\u00e5r artikel Ancestral Collective Tarot Spread<br \/>\n och allt om horoskop, tarot, ritualer och allt relaterat till det &#8230;<\/p>\n<figure class=\"wp-block-table is-style-regular\">\n<table style=\"width: 284px; height: 157px;\">\n<tbody>\n<tr>\n<td class=\"has-text-align-center\" data-align=\"center\"><img loading=\"lazy\" decoding=\"async\" class=\"alignleft\" src=\" https:\/\/goroskop.tv\/wp-content\/uploads\/2023\/05\/horoscopodo12.jpg \" alt=\" Ancestral Collective Tarot Spread\n \" width=\"65\" height=\"95\" title=\"\"><img loading=\"lazy\" decoding=\"async\" class=\"alignleft\" style=\"width: 60px;\" src=\" https:\/\/goroskop.tv\/wp-content\/uploads\/2023\/05\/horoscopodo11.jpg \" alt=\" Ancestral Collective Tarot Spread\n \" width=\"195\" height=\"300\" title=\"\"><img decoding=\"async\" class=\"alignleft\" style=\"width: 60px;\" src=\" https:\/\/goroskop.tv\/wp-content\/uploads\/2023\/05\/horoscopodo10.jpg \" alt=\" Ancestral Collective Tarot Spread\n \" title=\"\"><\/td>\n<\/tr>\n<\/tbody>\n<\/table>\n<\/figure>\n<p>Intressanta saker att veta inneb\u00f6rden: <a href=\"https:\/\/sv.wikipedia.org\/wiki\/Horoskop\" target=\"_blank\" rel=\"nofollow noopener\"> Horoskop <\/a> <\/p>\n<p>H\u00e4r l\u00e4mnar vi ocks\u00e5 \u00e4mnen relaterade till: <a href=\" https:\/\/goroskop.tv\/sw\/den-perfekta-kandispojkvannen-for-dig\/\">Horoskop<\/a> <\/p>\n<div id=\"ez-toc-container\" class=\"ez-toc-v2_0_82_2 ez-toc-wrap-center counter-hierarchy ez-toc-counter ez-toc-grey ez-toc-container-direction\">\n<div class=\"ez-toc-title-container\">\n<div class=\"ez-toc-title\" style=\"cursor:inherit\">Table of Contents<\/div>\n<span class=\"ez-toc-title-toggle\"><a href=\"#\" class=\"ez-toc-pull-right ez-toc-btn ez-toc-btn-xs ez-toc-btn-default ez-toc-toggle\" aria-label=\"Alternar tabla de contenidos\"><span class=\"ez-toc-js-icon-con\"><span class=\"\"><span class=\"eztoc-hide\" style=\"display:none;\">Toggle<\/span><span class=\"ez-toc-icon-toggle-span\"><svg style=\"fill: #999;color:#999\" xmlns=\"http:\/\/www.w3.org\/2000\/svg\" class=\"list-377408\" width=\"20px\" height=\"20px\" viewBox=\"0 0 24 24\" fill=\"none\"><path d=\"M6 6H4v2h2V6zm14 0H8v2h12V6zM4 11h2v2H4v-2zm16 0H8v2h12v-2zM4 16h2v2H4v-2zm16 0H8v2h12v-2z\" fill=\"currentColor\"><\/path><\/svg><svg style=\"fill: #999;color:#999\" class=\"arrow-unsorted-368013\" xmlns=\"http:\/\/www.w3.org\/2000\/svg\" width=\"10px\" height=\"10px\" viewBox=\"0 0 24 24\" version=\"1.2\" baseProfile=\"tiny\"><path d=\"M18.2 9.3l-6.2-6.3-6.2 6.3c-.2.2-.3.4-.3.7s.1.5.3.7c.2.2.4.3.7.3h11c.3 0 .5-.1.7-.3.2-.2.3-.5.3-.7s-.1-.5-.3-.7zM5.8 14.7l6.2 6.3 6.2-6.3c.2-.2.3-.5.3-.7s-.1-.5-.3-.7c-.2-.2-.4-.3-.7-.3h-11c-.3 0-.5.1-.7.3-.2.2-.3.5-.3.7s.1.5.3.7z\"\/><\/svg><\/span><\/span><\/span><\/a><\/span><\/div>\n<nav><ul class='ez-toc-list ez-toc-list-level-1 eztoc-toggle-hide-by-default' ><li class='ez-toc-page-1 ez-toc-heading-level-2'><a class=\"ez-toc-link ez-toc-heading-1\" href=\"https:\/\/goroskop.tv\/sw\/ancestral-collective-tarot-spread\/#Ancestral_Collective_Tarot_Spread\" >Ancestral Collective Tarot Spread<\/a><\/li><li class='ez-toc-page-1 ez-toc-heading-level-2'><a class=\"ez-toc-link ez-toc-heading-2\" href=\"https:\/\/goroskop.tv\/sw\/ancestral-collective-tarot-spread\/#Mitt_samiska_forfaderskollektiv\" >Mitt samiska f\u00f6rf\u00e4derskollektiv<\/a><\/li><li class='ez-toc-page-1 ez-toc-heading-level-2'><a class=\"ez-toc-link ez-toc-heading-3\" href=\"https:\/\/goroskop.tv\/sw\/ancestral-collective-tarot-spread\/#Laka_fran_trauma_och_ta_emot_stod\" >L\u00e4ka fr\u00e5n trauma och ta emot st\u00f6d<\/a><\/li><li class='ez-toc-page-1 ez-toc-heading-level-2'><a class=\"ez-toc-link ez-toc-heading-4\" href=\"https:\/\/goroskop.tv\/sw\/ancestral-collective-tarot-spread\/#Ancestral_Collective_Tarot_Spread-2\" >Ancestral Collective Tarot Spread<\/a><ul class='ez-toc-list-level-3' ><li class='ez-toc-heading-level-3'><a class=\"ez-toc-link ez-toc-heading-5\" href=\"https:\/\/goroskop.tv\/sw\/ancestral-collective-tarot-spread\/#skriv_ner_allt\" >skriv ner allt<\/a><\/li><li class='ez-toc-page-1 ez-toc-heading-level-3'><a class=\"ez-toc-link ez-toc-heading-6\" href=\"https:\/\/goroskop.tv\/sw\/ancestral-collective-tarot-spread\/#Relaterad\" >Relaterad<\/a><\/li><\/ul><\/li><\/ul><\/nav><\/div>\n","protected":false},"excerpt":{"rendered":"<p>Ancestral Collective Tarot Spread Mitt samiska f\u00f6rf\u00e4derskollektiv F\u00f6r ett par \u00e5r sedan, medan jag gjorde en veckovis mediumskapsutbildning, hade jag en ovanlig upplevelse. Jag l\u00e5g i s\u00e4ngen strax efter att jag vaknat n\u00e4r jag helt pl\u00f6tsligt b\u00f6rjade se geometriska former av ljus blinka framf\u00f6r mina \u00f6gon. Sedan h\u00f6rde jag ordet \u00absaivo\u00bb upprepas flera g\u00e5nger. Till &hellip;<\/p>\n","protected":false},"author":1,"featured_media":79,"comment_status":"closed","ping_status":"closed","sticky":false,"template":"","format":"standard","meta":{"footnotes":""},"categories":[2],"tags":[9452,9453,1619,245],"class_list":["post-27567","post","type-post","status-publish","format-standard","has-post-thumbnail","hentry","category-horoskop","tag-ancestral","tag-collective","tag-spread","tag-tarot"],"_links":{"self":[{"href":"https:\/\/goroskop.tv\/sw\/wp-json\/wp\/v2\/posts\/27567","targetHints":{"allow":["GET"]}}],"collection":[{"href":"https:\/\/goroskop.tv\/sw\/wp-json\/wp\/v2\/posts"}],"about":[{"href":"https:\/\/goroskop.tv\/sw\/wp-json\/wp\/v2\/types\/post"}],"author":[{"embeddable":true,"href":"https:\/\/goroskop.tv\/sw\/wp-json\/wp\/v2\/users\/1"}],"replies":[{"embeddable":true,"href":"https:\/\/goroskop.tv\/sw\/wp-json\/wp\/v2\/comments?post=27567"}],"version-history":[{"count":0,"href":"https:\/\/goroskop.tv\/sw\/wp-json\/wp\/v2\/posts\/27567\/revisions"}],"wp:featuredmedia":[{"embeddable":true,"href":"https:\/\/goroskop.tv\/sw\/wp-json\/wp\/v2\/media\/79"}],"wp:attachment":[{"href":"https:\/\/goroskop.tv\/sw\/wp-json\/wp\/v2\/media?parent=27567"}],"wp:term":[{"taxonomy":"category","embeddable":true,"href":"https:\/\/goroskop.tv\/sw\/wp-json\/wp\/v2\/categories?post=27567"},{"taxonomy":"post_tag","embeddable":true,"href":"https:\/\/goroskop.tv\/sw\/wp-json\/wp\/v2\/tags?post=27567"}],"curies":[{"name":"wp","href":"https:\/\/api.w.org\/{rel}","templated":true}]}}