{"id":28602,"date":"2023-08-24T23:42:13","date_gmt":"2023-08-24T23:42:13","guid":{"rendered":"https:\/\/goroskop.tv\/sw\/vilken-ar-den-officiella-fodelsestenen-for-februari\/"},"modified":"2023-08-24T23:42:13","modified_gmt":"2023-08-24T23:42:13","slug":"vilken-ar-den-officiella-fodelsestenen-for-februari","status":"publish","type":"post","link":"https:\/\/goroskop.tv\/sw\/vilken-ar-den-officiella-fodelsestenen-for-februari\/","title":{"rendered":"Vilken \u00e4r den officiella f\u00f6delsestenen f\u00f6r februari?"},"content":{"rendered":"<p><\/p>\n<h2><span class=\"ez-toc-section\" id=\"Vilken_ar_den_officiella_fodelsestenen_for_februari\"><\/span><span class=\"ez-toc-section\" id=\"%C2%BFCual_es_la_piedra_natal_oficial_de_febrero\"><\/span>  Vilken \u00e4r den officiella f\u00f6delsestenen f\u00f6r februari?<span class=\"ez-toc-section-end\"><\/span><span class=\"ez-toc-section-end\"><\/span><\/h2>\n<p>Den lila formen av kvarts k\u00e4nd som ametist, som har fascinerat m\u00e4nniskor i \u00e5rtusenden, \u00e4r din f\u00f6delsesten om du \u00e4r f\u00f6dd i februari. <\/p>\n<p>  Det kan extraheras och tillverkas i ett laboratorium, och dess nyanser fr\u00e5n lavendel till djuplila kan sk\u00e4ras i en m\u00e4ngd olika former och storlekar. <\/p>\n<p>  Asiatiska och europeiska kungafamiljer har ametistsmycken i sina samlingar, som \u00e4r f\u00f6delsestenen f\u00f6r februari. <\/p>\n<p>  Nu har de flesta r\u00e5d. <\/p>\n<p>  \u00d6verv\u00e4g att k\u00f6pa en magnifik ametist till ditt hj\u00e4rtas monark, eller bel\u00f6na dig sj\u00e4lv med en kunglig g\u00e5va. <\/p>\n<p>  Att b\u00e4ra en ametist kan ocks\u00e5 vara ett tecken p\u00e5 inre styrka och sj\u00e4lvf\u00f6rst\u00e4rkning om du fyller \u00e5r i februari.<\/p>\n<h2><span class=\"ez-toc-section\" id=\"Finns_det_tva_fodelsestenar_for_februari\"><\/span><span class=\"ez-toc-section\" id=\"%C2%BFHay_dos_piedras_de_nacimiento_para_febrero\"><\/span><span id=\"ezoic-pub-ad-placeholder-144\" class=\"ezoic-adpicker-ad\"><\/span><span class=\"ezoic-ad ezoic-at-0 box-4 box-4144 adtester-container adtester-container-144\" data-ez-name=\"hiszodiac_com-box-4\"><span id=\"div-gpt-ad-hiszodiac_com-box-4-0\" ezaw=\"250\" ezah=\"250\" style=\"position:relative;z-index:0;display:inline-block;padding:0;width:100%;max-width:1200px;margin-left:auto!important;margin-right:auto!important;min-height:90px;min-width:728px\" class=\"ezoic-ad\"><\/span><\/span>Finns det tv\u00e5 f\u00f6delsestenar f\u00f6r februari?<span class=\"ez-toc-section-end\"><\/span><span class=\"ez-toc-section-end\"><\/span><\/h2>\n<p>I New England \u00e4r vi ordentligt t\u00e4ckta av ett sn\u00f6t\u00e4cke n\u00e4r februari faller. <\/p>\n<p>  Februari f\u00f6delsestenar erbjuder ett v\u00e4lkommet sken bland de dystra dagarna och fortfarande l\u00e5nga vintern\u00e4tterna. <\/p>\n<p>  Den h\u00e4r m\u00e5naden har du n\u00e5gra fantastiska alternativ om du letar efter en present till n\u00e5gon som \u00e4r f\u00f6dd i februari. <\/p>\n<p>  L\u00e5t oss titta p\u00e5 tv\u00e5 underbara f\u00f6delsestensm\u00f6jligheter f\u00f6r personer f\u00f6dda i februari: ametist och jaspis.<\/p>\n<h2><span class=\"ez-toc-section\" id=\"Finns_det_tre_fodelsestenar_for_februari\"><\/span><span class=\"ez-toc-section\" id=\"%C2%BFHay_tres_piedras_de_nacimiento_para_febrero\"><\/span><span id=\"ezoic-pub-ad-placeholder-145\" class=\"ezoic-adpicker-ad\"><\/span>Finns det tre f\u00f6delsestenar f\u00f6r februari?<span class=\"ez-toc-section-end\"><\/span><span class=\"ez-toc-section-end\"><\/span><\/h2>\n<p>Februari f\u00f6delsesten \u00e4r ametist, en form av kvarts med en fantastisk lila f\u00e4rg som str\u00e4cker sig fr\u00e5n en kombination av djupt violett och r\u00f6tt till en ljusare nyans av lila. <\/p>\n<p>  De gamla grekerna trodde att b\u00e4randet av stenen f\u00f6rhindrade f\u00f6rgiftning och hj\u00e4lpte b\u00e4raren att h\u00e5lla huvudet j\u00e4mnt.<\/p>\n<h2><span class=\"ez-toc-section\" id=\"Vilken_adelstenston_motsvarar_februari\"><\/span><span class=\"ez-toc-section\" id=\"%C2%BFQue_tono_de_piedra_preciosa_corresponde_a_febrero\"><\/span><span id=\"ezoic-pub-ad-placeholder-146\" class=\"ezoic-adpicker-ad\"><\/span>Vilken \u00e4delstenston motsvarar februari?<span class=\"ez-toc-section-end\"><\/span><span class=\"ez-toc-section-end\"><\/span><\/h2>\n<p>Ametist. <\/p>\n<p>  I alla delar av v\u00e4rlden kan man hitta ametist, en lila kvarts som \u00e4r en fantastisk kombination av violett och r\u00f6tt. <\/p>\n<p>  Ordet f\u00f6r \u00abberusad\u00bb p\u00e5 antik grekiska \u00e4r methustos, varifr\u00e5n namnet h\u00e4rstammar. <\/p>\n<p>  M\u00e4nniskor i gamla tider som bar \u00e4delstenen trodde att den kunde h\u00e5lla dem nyktra.<\/p>\n<h2><span class=\"ez-toc-section\" id=\"Ar_jade_en_fodelsesten_for_februari\"><\/span><span class=\"ez-toc-section\" id=\"%C2%BFEs_el_jade_una_piedra_de_nacimiento_para_febrero\"><\/span><span id=\"ezoic-pub-ad-placeholder-147\" class=\"ezoic-adpicker-ad\"><\/span>\u00c4r jade en f\u00f6delsesten f\u00f6r februari?<span class=\"ez-toc-section-end\"><\/span><span class=\"ez-toc-section-end\"><\/span><\/h2>\n<p>Jade, en sten k\u00e4nd f\u00f6r sin djupgr\u00f6na f\u00e4rg, \u00e4r en av f\u00f6delsestenarna f\u00f6r augusti m\u00e5nad. <\/p>\n<p>  Jade har anv\u00e4nts i \u00f6ver 7 000 \u00e5r, men trots vad man kan tro med tanke p\u00e5 dess extraordin\u00e4ra h\u00e5rdhet, anv\u00e4ndes den ursprungligen som en mycket praktisk sten f\u00f6r verktyg. <\/p>\n<p>  Jadeit och nefrit \u00e4r tv\u00e5 olika mineraler som utg\u00f6r jade. <\/p>\n<p>  Jadeit har en t\u00e4t tillv\u00e4xt av sm\u00e5 sammankopplade korn, vilket g\u00f6r den extremt robust och motst\u00e5ndskraftig. <\/p>\n<p>  Eftersom den best\u00e5r av fibr\u00f6sa kristaller som \u00e4r sammankopplade i en t\u00e4t, kompakt massa, \u00e4r nefrit, en typ av aktinolit, \u00e4nnu tuffare. <\/p>\n<p>  Jade \u00e4r den h\u00e5rdaste \u00e4delstenen som finns i naturen p\u00e5 grund av kombinationen av dessa tv\u00e5 mineraler, och \u00e4ven om nefrit och jadeit \u00e4r mjukare \u00e4n diamant och repar l\u00e4ttare, har de en mycket h\u00f6g motst\u00e5ndskraft mot flisning. <\/p>\n<p>  Naturens h\u00e5rdaste \u00e4delsten, diamant, kan dock krossas av en kraftig p\u00e5verkan. <\/p>\n<p>  Jade \u00e4r ett utm\u00e4rkt vapen eftersom det \u00e4r starkare \u00e4n granit, sv\u00e5rare att sk\u00e4ra och mindre formbart \u00e4n st\u00e5l.<\/p>\n<p>Jade kan hittas i en m\u00e4ngd olika nyanser, fr\u00e5n en gr\u00e5gr\u00f6n till den mycket uppskattade smaragdgr\u00f6na, allm\u00e4nt k\u00e4nd som \u00abImperial Jade\u00bb. <\/p>\n<p>  Andelen krom, j\u00e4rn och mangan i varje sten best\u00e4mmer f\u00e4rgen p\u00e5 jaden, som ocks\u00e5 varierar beroende p\u00e5 fr\u00e5n vilket land det bryts. <\/p>\n<p>  Endast de b\u00e4sta jadestenarna visar j\u00e4mnt f\u00f6rdelade f\u00e4rger, medan de flesta jades visar brister och skavanker. <\/p>\n<p>  Men ibland ses misslyckanden inte som misslyckanden, utan snarare extremt dyra m\u00f6nster som \u00e4r eftertraktade av m\u00e5nga samlare. <\/p>\n<p>  Satellitdubbarna med Jade-design som n\u00e4mns ovan \u00e4r en av v\u00e5ra skapelser som anv\u00e4nder denna \u00e4delsten.<\/p>\n<p>Jade har sin del av g\u00e5tfulla \u00f6vertygelser och legender, precis som andra \u00e4delstenar. <\/p>\n<p>  Asiater, till exempel, s\u00e4tter stort v\u00e4rde p\u00e5 jade eftersom de k\u00e4nner att stenen har starka energetiska kopplingar till den m\u00e4nskliga formen. <\/p>\n<p>  Eftersom de k\u00e4nner att jade har blivit en del av dem och att ge det till en n\u00e4ra v\u00e4n eller familjemedlem \u00e4r att ge lite av sig sj\u00e4lva, \u00e4r det vanligt att de erbjuder en bit jade som de brukade visa upp ofta som g\u00e5va . <\/p>\n<p>g\u00e5va. <\/p>\n<p>  Den 35:y tambi\u00e9n br\u00f6llopsdagens \u00e4delsten \u00e4r jade, som ocks\u00e5 har kopplats till h\u00e4lsof\u00f6rdelar f\u00f6r njurarna.<\/p>\n<h2><span class=\"ez-toc-section\" id=\"Ar_Jasper_en_fodelsesten_i_februari\"><\/span><span class=\"ez-toc-section\" id=\"%C2%BFEs_Jasper_una_piedra_de_nacimiento_de_febrero\"><\/span><span id=\"ezoic-pub-ad-placeholder-148\" class=\"ezoic-adpicker-ad\"><\/span>\u00c4r Jasper en f\u00f6delsesten i februari?<span class=\"ez-toc-section-end\"><\/span><span class=\"ez-toc-section-end\"><\/span><\/h2>\n<p>Jaspis \u00e4r en vacker jordsten f\u00f6r smycken och tros vara f\u00f6rknippad med mod och visdom. <\/p>\n<p>  Det \u00e4r ocks\u00e5 anv\u00e4ndbart f\u00f6r att bygga styrka och stabilitet.<\/p>\n<p>F\u00f6r februarif\u00f6delsedagar \u00e4r tv\u00e5 uts\u00f6kta f\u00f6delsestensm\u00f6jligheter ametist och jaspis. <\/p>\n<p>  De violetta nyanserna av ametist och de rika jordn\u00e4ra tonerna av gr\u00f6n jaspis \u00e4r fantastiska p\u00e5 egen hand och i kombination. <\/p>\n<p>  Bes\u00f6k v\u00e5rt utbildningscenter f\u00f6r mer information om ametist, ametrin och hematit, och bl\u00e4ddra i hela v\u00e5rt utbud av ametist och jaspis.<\/p>\n<h2><span class=\"ez-toc-section\" id=\"Vilken_sten_var_min_fodelsesten\"><\/span><span class=\"ez-toc-section\" id=\"%C2%BFQue_piedra_fue_mi_piedra_de_nacimiento\"><\/span><span id=\"ezoic-pub-ad-placeholder-153\" class=\"ezoic-adpicker-ad\"><\/span><span class=\"ezoic-ad ezoic-at-0 leader-2 leader-2153 adtester-container adtester-container-153\" data-ez-name=\"hiszodiac_com-leader-2\"><span id=\"div-gpt-ad-hiszodiac_com-leader-2-0\" ezaw=\"300\" ezah=\"250\" style=\"position:relative;z-index:0;display:inline-block;padding:0;min-height:250px;min-width:300px\" class=\"ezoic-ad\"><\/span><\/span>Vilken sten var min f\u00f6delsesten?<span class=\"ez-toc-section-end\"><\/span><span class=\"ez-toc-section-end\"><\/span><\/h2>\n<p>En f\u00f6delsesten \u00e4r helt enkelt en \u00e4delsten som \u00e4r kopplad till en persons f\u00f6delsedatum. <\/p>\n<p>  Att b\u00e4ra en birthstone tros ge lycka och god h\u00e4lsa. <\/p>\n<p>  Beroende p\u00e5 deras koppling till planeterna, tros olika \u00e4delstenar ha \u00f6vernaturliga f\u00f6rm\u00e5gor. <\/p>\n<p>  M\u00e5nga samh\u00e4llen brukade associera en viss \u00e4delsten med f\u00f6dslar som intr\u00e4ffade under varje stj\u00e4rntecken, men med tiden \u00e4ndrades denna sed f\u00f6r att motsvara kalenderm\u00e5nader.<\/p>\n<p>F\u00f6delsestenar har sitt ursprung i antik astrologi och flera olika listor \u00f6ver f\u00f6delsestenar har anv\u00e4nts under tiden. <\/p>\n<p>  Den mest anv\u00e4nda nu \u00e4r baserad p\u00e5 en lista som den amerikanska smyckesindustrin tillhandah\u00e5ller. <\/p>\n<p>USA <\/p>\n<p>offentliggjordes f\u00f6rst p\u00e5 1950-talet.<\/p>\n<p>Baserat p\u00e5 kalenderm\u00e5naderna klassificeras f\u00f6delsestenar enligt f\u00f6ljande:<\/p>\n<h4><span class=\"ez-toc-section\" id=\"Januari_Birthstone_Granat\"><\/span><span class=\"ez-toc-section\" id=\"Piedra_natal_de_eneroGranate\"><\/span><span id=\"ezoic-pub-ad-placeholder-158\" class=\"ezoic-adpicker-ad\"><\/span><span class=\"ezoic-ad ezoic-at-0 leader-4 leader-4158 adtester-container adtester-container-158\" data-ez-name=\"hiszodiac_com-leader-4\"><span id=\"div-gpt-ad-hiszodiac_com-leader-4-0\" ezaw=\"728\" ezah=\"90\" style=\"position:relative;z-index:0;display:inline-block;padding:0;width:100%;max-width:1200px;margin-left:auto!important;margin-right:auto!important;min-height:90px;min-width:728px\" class=\"ezoic-ad\"><\/span><\/span>Januari Birthstone Granat<span class=\"ez-toc-section-end\"><\/span><span class=\"ez-toc-section-end\"><\/span><\/h4>\n<p>Denna sten tros skydda b\u00e4raren fr\u00e5n skada. <\/p>\n<p>  En granat representerar ocks\u00e5 orubblig lojalitet och v\u00e4nskap. <\/p>\n<p>  Denna sten har en l\u00e5ng historia av att vara associerad med blodrening och tros f\u00f6rhindra matf\u00f6rgiftning, ormbett och bl\u00f6dning.<\/p>\n<h4><span class=\"ez-toc-section\" id=\"Mars_Birthstone_Aquamarine\"><\/span><span class=\"ez-toc-section\" id=\"Piedra_natal_de_marzoAguamarina\"><\/span><span id=\"ezoic-pub-ad-placeholder-159\" class=\"ezoic-adpicker-ad\"><\/span><span class=\"ezoic-ad ezoic-at-0 large-mobile-banner-2 large-mobile-banner-2159 adtester-container adtester-container-159\" data-ez-name=\"hiszodiac_com-large-mobile-banner-2\"><span id=\"div-gpt-ad-hiszodiac_com-large-mobile-banner-2-0\" ezaw=\"468\" ezah=\"60\" style=\"position:relative;z-index:0;display:inline-block;padding:0;width:100%;max-width:1200px;margin-left:auto!important;margin-right:auto!important;min-height:90px;min-width:728px\" class=\"ezoic-ad\"><\/span><\/span>Mars Birthstone Aquamarine<span class=\"ez-toc-section-end\"><\/span><span class=\"ez-toc-section-end\"><\/span><\/h4>\n<p>Denna \u00e4delsten ans\u00e5gs skydda sj\u00f6farare och s\u00e4kerst\u00e4lla en s\u00e4ker resa. <\/p>\n<p>  Aquamarines lugnande ton tros lugna hum\u00f6ret, vilket g\u00f6r att b\u00e4raren kan beh\u00e5lla lugnet och objektiviteten. <\/p>\n<p>  Dessutom tros denna sten f\u00f6rdr\u00f6ja effekterna av \u00e5ldrande.<\/p>\n<h4><span class=\"ez-toc-section\" id=\"Maj_Birthstone_Emerald\"><\/span><span class=\"ez-toc-section\" id=\"Piedra_natal_de_mayoEsmeralda\"><\/span><span id=\"ezoic-pub-ad-placeholder-160\" class=\"ezoic-adpicker-ad\"><\/span>Maj Birthstone Emerald<span class=\"ez-toc-section-end\"><\/span><span class=\"ez-toc-section-end\"><\/span><\/h4>\n<p>Denna sten symboliserar \u00e5terf\u00f6delse, och de som b\u00e4r den s\u00e4gs f\u00e5 visdom, tur och ungdom. <\/p>\n<p>  Vissa m\u00e4nniskor tror att b\u00e4ra en smaragd kommer att ge dem t\u00e5lamod, framsteg och visdom. <\/p>\n<p>  Dessutom \u00e4r han k\u00e4nd f\u00f6r sin f\u00f6rm\u00e5ga att f\u00f6rmedla djup k\u00e4rlek.<\/p>\n<h4><span class=\"ez-toc-section\" id=\"Juli_BirthstoneRuby\"><\/span><span class=\"ez-toc-section\" id=\"Piedra_natal_de_julioRubi\"><\/span><span id=\"ezoic-pub-ad-placeholder-161\" class=\"ezoic-adpicker-ad\"><\/span><span class=\"ezoic-ad ezoic-at-0 large-mobile-banner-1 large-mobile-banner-1161 adtester-container adtester-container-161\" data-ez-name=\"hiszodiac_com-large-mobile-banner-1\"><span id=\"div-gpt-ad-hiszodiac_com-large-mobile-banner-1-0\" ezaw=\"250\" ezah=\"250\" style=\"position:relative;z-index:0;display:inline-block;padding:0;width:100%;max-width:1200px;margin-left:auto!important;margin-right:auto!important;min-height:90px;min-width:728px\" class=\"ezoic-ad\"><\/span><\/span>Juli BirthstoneRuby<span class=\"ez-toc-section-end\"><\/span><span class=\"ez-toc-section-end\"><\/span><\/h4>\n<p>Rubiner tros s\u00e4kerst\u00e4lla h\u00e4lsa, intelligens, f\u00f6rm\u00f6genhet och framg\u00e5ng i k\u00e4rlek. <\/p>\n<p>  De v\u00e4cker ocks\u00e5 sinnena och fantasin. <\/p>\n<p>  Ruby tros g\u00f6ra anv\u00e4ndaren smart och ge skydd mot alla m\u00f6jliga olyckor.<\/p>\n<h4><span class=\"ez-toc-section\" id=\"August_Birthstone_Peridot\"><\/span><span class=\"ez-toc-section\" id=\"Piedra_natal_de_agostoPeridoto\"><\/span><span id=\"ezoic-pub-ad-placeholder-162\" class=\"ezoic-adpicker-ad\"><\/span><span class=\"ezoic-ad ezoic-at-0 leader-3 leader-3162 adtester-container adtester-container-162\" data-ez-name=\"hiszodiac_com-leader-3\"><span id=\"div-gpt-ad-hiszodiac_com-leader-3-0\" ezaw=\"336\" ezah=\"280\" style=\"position:relative;z-index:0;display:inline-block;padding:0;width:100%;max-width:1200px;margin-left:auto!important;margin-right:auto!important;min-height:280px;min-width:336px\" class=\"ezoic-ad\"><\/span><\/span>August Birthstone Peridot<span class=\"ez-toc-section-end\"><\/span><span class=\"ez-toc-section-end\"><\/span><\/h4>\n<p>Enligt legenden har peridoten magiska f\u00f6rm\u00e5gor och helande egenskaper som kan avv\u00e4rja mardr\u00f6mmar och ge styrka, inflytande och ett gott nytt \u00e5r till b\u00e4raren. <\/p>\n<p>  Dessutom anv\u00e4ndes denna diamant f\u00f6r att avv\u00e4rja onda caminar.<\/p>\n<h4><span class=\"ez-toc-section\" id=\"September_Birthstone_Safir\"><\/span><span class=\"ez-toc-section\" id=\"Piedra_natal_de_septiembreZafiro\"><\/span>September Birthstone Safir<span class=\"ez-toc-section-end\"><\/span><span class=\"ez-toc-section-end\"><\/span><\/h4>\n<p>B\u00e4raren av safiren och hans n\u00e4ra och k\u00e4ra \u00e4r skyddade fr\u00e5n skada och fiendskap. <\/p>\n<p>  Pr\u00e4ster i gamla tider trodde att safirer kunde f\u00f6ruts\u00e4ga framtiden. <\/p>\n<p>  P\u00e4rlan \u00e4r kopplad till gl\u00e4dje och lugn.<\/p>\n<h4><span class=\"ez-toc-section\" id=\"Oktober_Birthstone_Opal\"><\/span><span class=\"ez-toc-section\" id=\"Piedra_natal_de_octubreOpalo\"><\/span>Oktober Birthstone Opal<span class=\"ez-toc-section-end\"><\/span><span class=\"ez-toc-section-end\"><\/span><\/h4>\n<p>Genom \u00e5rhundradena har opalen varit synonymt med optimism, oskuld och renhet. <\/p>\n<p>  Att b\u00e4ra det sades f\u00f6rb\u00e4ttra b\u00e4rarens syn. <\/p>\n<p>  Dessutom trodde man att det drev bort onda caminar och gynnade barn, underh\u00e5llning, v\u00e4nskap och relationer. k\u00e4nslor.<\/p>\n<h4><span class=\"ez-toc-section\" id=\"November_Birthstone_Citrin\"><\/span><span class=\"ez-toc-section\" id=\"Piedra_natal_de_noviembreCitrino\"><\/span>November Birthstone Citrin<span class=\"ez-toc-section-end\"><\/span><span class=\"ez-toc-section-end\"><\/span><\/h4>\n<p>B\u00e4rarens hopp, entusiasm och v\u00e4rme ska uppmuntras och v\u00e4gledas av denna gyllene \u00e4delsten, som ocks\u00e5 s\u00e4gs \u00f6ka vitalitet och h\u00e4lsa. <\/p>\n<p>  Citriner har ocks\u00e5 anv\u00e4nts som en talisman mot pest, d\u00e5lig hud och d\u00e5liga tankar, samt ett motgift mot ormgift. <\/p>\n<p>  De tros hj\u00e4lpa matsm\u00e4ltningen och hj\u00e4lpa till att befria kroppen fr\u00e5n f\u00f6roreningar.<\/p>\n<h4><span class=\"ez-toc-section\" id=\"December_Birthstone_Turkos\"><\/span><span class=\"ez-toc-section\" id=\"Piedra_natal_de_diciembreTurquesa\"><\/span>December Birthstone Turkos<span class=\"ez-toc-section-end\"><\/span><span class=\"ez-toc-section-end\"><\/span><\/h4>\n<p>Denna \u00e4delsten s\u00e4gs ge lycka och tur till den som b\u00e4r den. <\/p>\n<p>  Turkos var en nyans som indianerna f\u00f6rband med bl\u00e5 himmel och gr\u00f6n jord.<\/p>\n<h2><span class=\"ez-toc-section\" id=\"Vilken_fodelsesten_har_den_sallsynta_stenen\"><\/span><span class=\"ez-toc-section\" id=\"%C2%BFQue_piedra_de_nacimiento_tiene_la_piedra_mas_rara\"><\/span><span id=\"ezoic-pub-ad-placeholder-154\" class=\"ezoic-adpicker-ad\"><\/span>Vilken f\u00f6delsesten har den s\u00e4llsynta stenen?<span class=\"ez-toc-section-end\"><\/span><span class=\"ez-toc-section-end\"><\/span><\/h2>\n<p>Medan vissa f\u00f6delsestenar \u00e4r mer tillg\u00e4ngliga \u00e4n andra, tros s\u00e4rskilt \u00e4delstenar vara relativt s\u00e4llsynta. <\/p>\n<p>  Men eftersom vissa riktigt dyra stenar inte \u00e4r s\u00e5 s\u00e4llsynta och vice versa, kan prislappar vara missvisande n\u00e4r det kommer till s\u00e4llsynthet. <\/p>\n<p>  Till exempel, \u00e4ven om den \u00e4r dyr, \u00e4r aprildiamanten mindre s\u00e4llsynt \u00e4n rubiner, smaragder och alexandrit. <\/p>\n<p>  P\u00e5 tal om alexandrit, det \u00e4r nu den dyraste och s\u00e4llsynta \u00e4delstenen p\u00e5 f\u00f6delsestenslistan. <\/p>\n<p>  Dessutom \u00e4r svarta opaler extremt s\u00e4llsynta.<\/p>\n<p>Birthstones ger ett sp\u00e4nnande s\u00e4tt att v\u00e4lja smycken. <\/p>\n<p>  De till\u00e5ter m\u00e4nniskor att unders\u00f6ka smycken som de annars skulle undvika. <\/p>\n<p>  Men birthstones \u00e4r inte alltid vad folk tror att de \u00e4r, s\u00e5 se till att k\u00f6pa birthstonesmycken av r\u00e4tt anledningar n\u00e4r du g\u00f6r ditt val.<\/p>\n<p>Vi hoppas att du gillade v\u00e5r artikel Vad \u00e4r den officiella f\u00f6delsestenen f\u00f6r februari? och allt relaterat till horoskop, tarot, ritualer och allt relaterat.<\/p>\n<figure class=\"wp-block-table is-style-regular\">\n<\/figure>\n<p>Intressanta saker att veta inneb\u00f6rden: Tarot  <\/p>\n<p>\u00c4ven h\u00e4r l\u00e4mnar vi \u00e4mnen relaterade till: Tarot<\/p>\n<\/p>\n<p><\/p>\n<p>Vi hoppas att du gillade v\u00e5r artikel Vilken \u00e4r den officiella f\u00f6delsestenen f\u00f6r februari?<br \/>\n och allt om horoskop, tarot, ritualer och allt relaterat till det &#8230;<\/p>\n<figure class=\"wp-block-table is-style-regular\">\n<table style=\"width: 284px; height: 157px;\">\n<tbody>\n<tr>\n<td class=\"has-text-align-center\" data-align=\"center\"><img loading=\"lazy\" decoding=\"async\" class=\"alignleft\" src=\" https:\/\/goroskop.tv\/wp-content\/uploads\/2023\/05\/tarot1.jpg \" alt=\" Vilken \u00e4r den officiella f\u00f6delsestenen f\u00f6r februari?\n \" width=\"65\" height=\"95\" title=\"\"><img loading=\"lazy\" decoding=\"async\" class=\"alignleft\" style=\"width: 60px;\" src=\" https:\/\/goroskop.tv\/wp-content\/uploads\/2023\/05\/tarot2.jpg \" alt=\" Vilken \u00e4r den officiella f\u00f6delsestenen f\u00f6r februari?\n \" width=\"195\" height=\"300\" title=\"\"><img decoding=\"async\" class=\"alignleft\" style=\"width: 60px;\" src=\" https:\/\/goroskop.tv\/wp-content\/uploads\/2023\/05\/tarot3.jpg \" alt=\" Vilken \u00e4r den officiella f\u00f6delsestenen f\u00f6r februari?\n \" title=\"\"><\/td>\n<\/tr>\n<\/tbody>\n<\/table>\n<\/figure>\n<p>Intressanta saker att veta inneb\u00f6rden: <a href=\"https:\/\/sv.wikipedia.org\/wiki\/Tarot\" target=\"_blank\" rel=\"nofollow noopener\"> Tarot <\/a> <\/p>\n<p>H\u00e4r l\u00e4mnar vi ocks\u00e5 \u00e4mnen relaterade till: <a href=\" https:\/\/goroskop.tv\/sw\/kommer-leo-och-skorpionen-overens-som-vanner\/\">Tarot<\/a><\/p>\n<div id=\"ez-toc-container\" class=\"ez-toc-v2_0_82_2 ez-toc-wrap-center counter-hierarchy ez-toc-counter ez-toc-grey ez-toc-container-direction\">\n<div class=\"ez-toc-title-container\">\n<div class=\"ez-toc-title\" style=\"cursor:inherit\">Table of Contents<\/div>\n<span class=\"ez-toc-title-toggle\"><a href=\"#\" class=\"ez-toc-pull-right ez-toc-btn ez-toc-btn-xs ez-toc-btn-default ez-toc-toggle\" aria-label=\"Alternar tabla de contenidos\"><span class=\"ez-toc-js-icon-con\"><span class=\"\"><span class=\"eztoc-hide\" style=\"display:none;\">Toggle<\/span><span class=\"ez-toc-icon-toggle-span\"><svg style=\"fill: #999;color:#999\" xmlns=\"http:\/\/www.w3.org\/2000\/svg\" class=\"list-377408\" width=\"20px\" height=\"20px\" viewBox=\"0 0 24 24\" fill=\"none\"><path d=\"M6 6H4v2h2V6zm14 0H8v2h12V6zM4 11h2v2H4v-2zm16 0H8v2h12v-2zM4 16h2v2H4v-2zm16 0H8v2h12v-2z\" fill=\"currentColor\"><\/path><\/svg><svg style=\"fill: #999;color:#999\" class=\"arrow-unsorted-368013\" xmlns=\"http:\/\/www.w3.org\/2000\/svg\" width=\"10px\" height=\"10px\" viewBox=\"0 0 24 24\" version=\"1.2\" baseProfile=\"tiny\"><path d=\"M18.2 9.3l-6.2-6.3-6.2 6.3c-.2.2-.3.4-.3.7s.1.5.3.7c.2.2.4.3.7.3h11c.3 0 .5-.1.7-.3.2-.2.3-.5.3-.7s-.1-.5-.3-.7zM5.8 14.7l6.2 6.3 6.2-6.3c.2-.2.3-.5.3-.7s-.1-.5-.3-.7c-.2-.2-.4-.3-.7-.3h-11c-.3 0-.5.1-.7.3-.2.2-.3.5-.3.7s.1.5.3.7z\"\/><\/svg><\/span><\/span><\/span><\/a><\/span><\/div>\n<nav><ul class='ez-toc-list ez-toc-list-level-1 eztoc-toggle-hide-by-default' ><li class='ez-toc-page-1 ez-toc-heading-level-2'><a class=\"ez-toc-link ez-toc-heading-1\" href=\"https:\/\/goroskop.tv\/sw\/vilken-ar-den-officiella-fodelsestenen-for-februari\/#Vilken_ar_den_officiella_fodelsestenen_for_februari\" >Vilken \u00e4r den officiella f\u00f6delsestenen f\u00f6r februari?<\/a><\/li><li class='ez-toc-page-1 ez-toc-heading-level-2'><a class=\"ez-toc-link ez-toc-heading-2\" href=\"https:\/\/goroskop.tv\/sw\/vilken-ar-den-officiella-fodelsestenen-for-februari\/#Finns_det_tva_fodelsestenar_for_februari\" >Finns det tv\u00e5 f\u00f6delsestenar f\u00f6r februari?<\/a><\/li><li class='ez-toc-page-1 ez-toc-heading-level-2'><a class=\"ez-toc-link ez-toc-heading-3\" href=\"https:\/\/goroskop.tv\/sw\/vilken-ar-den-officiella-fodelsestenen-for-februari\/#Finns_det_tre_fodelsestenar_for_februari\" >Finns det tre f\u00f6delsestenar f\u00f6r februari?<\/a><\/li><li class='ez-toc-page-1 ez-toc-heading-level-2'><a class=\"ez-toc-link ez-toc-heading-4\" href=\"https:\/\/goroskop.tv\/sw\/vilken-ar-den-officiella-fodelsestenen-for-februari\/#Vilken_adelstenston_motsvarar_februari\" >Vilken \u00e4delstenston motsvarar februari?<\/a><\/li><li class='ez-toc-page-1 ez-toc-heading-level-2'><a class=\"ez-toc-link ez-toc-heading-5\" href=\"https:\/\/goroskop.tv\/sw\/vilken-ar-den-officiella-fodelsestenen-for-februari\/#Ar_jade_en_fodelsesten_for_februari\" >\u00c4r jade en f\u00f6delsesten f\u00f6r februari?<\/a><\/li><li class='ez-toc-page-1 ez-toc-heading-level-2'><a class=\"ez-toc-link ez-toc-heading-6\" href=\"https:\/\/goroskop.tv\/sw\/vilken-ar-den-officiella-fodelsestenen-for-februari\/#Ar_Jasper_en_fodelsesten_i_februari\" >\u00c4r Jasper en f\u00f6delsesten i februari?<\/a><\/li><li class='ez-toc-page-1 ez-toc-heading-level-2'><a class=\"ez-toc-link ez-toc-heading-7\" href=\"https:\/\/goroskop.tv\/sw\/vilken-ar-den-officiella-fodelsestenen-for-februari\/#Vilken_sten_var_min_fodelsesten\" >Vilken sten var min f\u00f6delsesten?<\/a><ul class='ez-toc-list-level-4' ><li class='ez-toc-heading-level-4'><ul class='ez-toc-list-level-4' ><li class='ez-toc-heading-level-4'><a class=\"ez-toc-link ez-toc-heading-8\" href=\"https:\/\/goroskop.tv\/sw\/vilken-ar-den-officiella-fodelsestenen-for-februari\/#Januari_Birthstone_Granat\" >Januari Birthstone Granat<\/a><\/li><li class='ez-toc-page-1 ez-toc-heading-level-4'><a class=\"ez-toc-link ez-toc-heading-9\" href=\"https:\/\/goroskop.tv\/sw\/vilken-ar-den-officiella-fodelsestenen-for-februari\/#Mars_Birthstone_Aquamarine\" >Mars Birthstone Aquamarine<\/a><\/li><li class='ez-toc-page-1 ez-toc-heading-level-4'><a class=\"ez-toc-link ez-toc-heading-10\" href=\"https:\/\/goroskop.tv\/sw\/vilken-ar-den-officiella-fodelsestenen-for-februari\/#Maj_Birthstone_Emerald\" >Maj Birthstone Emerald<\/a><\/li><li class='ez-toc-page-1 ez-toc-heading-level-4'><a class=\"ez-toc-link ez-toc-heading-11\" href=\"https:\/\/goroskop.tv\/sw\/vilken-ar-den-officiella-fodelsestenen-for-februari\/#Juli_BirthstoneRuby\" >Juli BirthstoneRuby<\/a><\/li><li class='ez-toc-page-1 ez-toc-heading-level-4'><a class=\"ez-toc-link ez-toc-heading-12\" href=\"https:\/\/goroskop.tv\/sw\/vilken-ar-den-officiella-fodelsestenen-for-februari\/#August_Birthstone_Peridot\" >August Birthstone Peridot<\/a><\/li><li class='ez-toc-page-1 ez-toc-heading-level-4'><a class=\"ez-toc-link ez-toc-heading-13\" href=\"https:\/\/goroskop.tv\/sw\/vilken-ar-den-officiella-fodelsestenen-for-februari\/#September_Birthstone_Safir\" >September Birthstone Safir<\/a><\/li><li class='ez-toc-page-1 ez-toc-heading-level-4'><a class=\"ez-toc-link ez-toc-heading-14\" href=\"https:\/\/goroskop.tv\/sw\/vilken-ar-den-officiella-fodelsestenen-for-februari\/#Oktober_Birthstone_Opal\" >Oktober Birthstone Opal<\/a><\/li><li class='ez-toc-page-1 ez-toc-heading-level-4'><a class=\"ez-toc-link ez-toc-heading-15\" href=\"https:\/\/goroskop.tv\/sw\/vilken-ar-den-officiella-fodelsestenen-for-februari\/#November_Birthstone_Citrin\" >November Birthstone Citrin<\/a><\/li><li class='ez-toc-page-1 ez-toc-heading-level-4'><a class=\"ez-toc-link ez-toc-heading-16\" href=\"https:\/\/goroskop.tv\/sw\/vilken-ar-den-officiella-fodelsestenen-for-februari\/#December_Birthstone_Turkos\" >December Birthstone Turkos<\/a><\/li><\/ul><\/li><\/ul><\/li><li class='ez-toc-page-1 ez-toc-heading-level-2'><a class=\"ez-toc-link ez-toc-heading-17\" href=\"https:\/\/goroskop.tv\/sw\/vilken-ar-den-officiella-fodelsestenen-for-februari\/#Vilken_fodelsesten_har_den_sallsynta_stenen\" >Vilken f\u00f6delsesten har den s\u00e4llsynta stenen?<\/a><\/li><\/ul><\/nav><\/div>\n","protected":false},"excerpt":{"rendered":"<p>Vilken \u00e4r den officiella f\u00f6delsestenen f\u00f6r februari? Den lila formen av kvarts k\u00e4nd som ametist, som har fascinerat m\u00e4nniskor i \u00e5rtusenden, \u00e4r din f\u00f6delsesten om du \u00e4r f\u00f6dd i februari. Det kan extraheras och tillverkas i ett laboratorium, och dess nyanser fr\u00e5n lavendel till djuplila kan sk\u00e4ras i en m\u00e4ngd olika former och storlekar. Asiatiska &hellip;<\/p>\n","protected":false},"author":1,"featured_media":33,"comment_status":"closed","ping_status":"closed","sticky":false,"template":"","format":"standard","meta":{"footnotes":""},"categories":[4],"tags":[10,8,426,125,7,5155,86],"class_list":["post-28602","post","type-post","status-publish","format-standard","has-post-thumbnail","hentry","category-tarot","tag-ar","tag-den","tag-februari","tag-fodelsestenen","tag-for","tag-officiella","tag-vilken"],"_links":{"self":[{"href":"https:\/\/goroskop.tv\/sw\/wp-json\/wp\/v2\/posts\/28602","targetHints":{"allow":["GET"]}}],"collection":[{"href":"https:\/\/goroskop.tv\/sw\/wp-json\/wp\/v2\/posts"}],"about":[{"href":"https:\/\/goroskop.tv\/sw\/wp-json\/wp\/v2\/types\/post"}],"author":[{"embeddable":true,"href":"https:\/\/goroskop.tv\/sw\/wp-json\/wp\/v2\/users\/1"}],"replies":[{"embeddable":true,"href":"https:\/\/goroskop.tv\/sw\/wp-json\/wp\/v2\/comments?post=28602"}],"version-history":[{"count":0,"href":"https:\/\/goroskop.tv\/sw\/wp-json\/wp\/v2\/posts\/28602\/revisions"}],"wp:featuredmedia":[{"embeddable":true,"href":"https:\/\/goroskop.tv\/sw\/wp-json\/wp\/v2\/media\/33"}],"wp:attachment":[{"href":"https:\/\/goroskop.tv\/sw\/wp-json\/wp\/v2\/media?parent=28602"}],"wp:term":[{"taxonomy":"category","embeddable":true,"href":"https:\/\/goroskop.tv\/sw\/wp-json\/wp\/v2\/categories?post=28602"},{"taxonomy":"post_tag","embeddable":true,"href":"https:\/\/goroskop.tv\/sw\/wp-json\/wp\/v2\/tags?post=28602"}],"curies":[{"name":"wp","href":"https:\/\/api.w.org\/{rel}","templated":true}]}}