{"id":29007,"date":"2023-08-25T01:20:12","date_gmt":"2023-08-25T01:20:12","guid":{"rendered":"https:\/\/goroskop.tv\/sw\/dessa-4-stjarntecken-ar-superkorta\/"},"modified":"2023-08-25T01:20:12","modified_gmt":"2023-08-25T01:20:12","slug":"dessa-4-stjarntecken-ar-superkorta","status":"publish","type":"post","link":"https:\/\/goroskop.tv\/sw\/dessa-4-stjarntecken-ar-superkorta\/","title":{"rendered":"Dessa 4 stj\u00e4rntecken \u00e4r superkorta"},"content":{"rendered":"<p><\/p>\n<h2><span class=\"ez-toc-section\" id=\"Dessa_4_stjarntecken_ar_superkorta\"><\/span><span class=\"ez-toc-section\" id=\"Estos_4_signos_del_zodiaco_son_super_bajos\"><\/span>  Dessa 4 stj\u00e4rntecken \u00e4r superkorta<span class=\"ez-toc-section-end\"><\/span><span class=\"ez-toc-section-end\"><\/span><\/h2>\n<p>Vissa m\u00e4nniskor har mindre underh\u00e5ll \u00e4n andra.<\/p>\n<p>F\u00f6rblir du lugn n\u00e4r planerna \u00e4ndras spontant?  \u00c4r du helt okej med en kv\u00e4ll med n\u00e5gra filmer, snacks och tr\u00e4ningsbyxor?<\/p>\n<p>Om det g\u00f6r det \u00e4r det troligtvis l\u00e5gt underh\u00e5ll.<\/p>\n<p>Att ha h\u00f6gt underh\u00e5ll \u00e4r inte n\u00f6dv\u00e4ndigtvis en d\u00e5lig sak!  Alla \u00e4lskar i hemlighet sin v\u00e4n med h\u00f6g underh\u00e5llsf\u00f6rm\u00e5ga som tvingar dig att kl\u00e4 ut dig f\u00f6r en omst\u00e4ndlig kv\u00e4ll p\u00e5 stan.<\/p>\n<p><strong>Men vi har alla en speciell plats i v\u00e5ra hj\u00e4rtan f\u00f6r v\u00e5ra l\u00e5gm\u00e4lda damer som vi alltid kan lita p\u00e5 f\u00f6r avkopplande n\u00e4tter utan f\u00f6rv\u00e4ntningar.<\/strong><\/p>\n<p>Det \u00e4r inte s\u00e5 att du \u00e4r tr\u00e5kig om du har lite underh\u00e5ll, du \u00e4r lika rolig och sp\u00e4nnande som alla andra. <\/p>\n<p>  Det \u00e4r att du \u00e4r villig att g\u00f6ra vad som helst, \u00e4ven om planerna \u00e4ndras en miljon g\u00e5nger.<\/p>\n<p>S\u00e5 l\u00e4nge ditt stj\u00e4rntecken har det bra bryr du dig inte om du inte hade tid att g\u00f6ra klart din makeup eller s\u00e4tta ihop den perfekta outfiten.<\/p>\n<p class=\"article-body-related-links\"><strong>RELATERAT: Varf\u00f6r kvinnor med h\u00f6gt underh\u00e5ll alltid kommer att f\u00e5 de b\u00e4sta killarna<\/strong><\/p>\n<p>Att ha lite underh\u00e5ll betyder bara att han \u00e4r l\u00e4tt att behaga, oavsett situation.<\/p>\n<p>Alla av oss kan inte vara lika l\u00e4ttsamma och avslappnade som v\u00e5ra v\u00e4nner med lite underh\u00e5ll, men om du \u00e4r n\u00e5got av dessa 4 stj\u00e4rntecken \u00e4r du f\u00f6rmodligen en av dem.<\/p>\n<h3 class=\"image_title\"><span class=\"ez-toc-section\" id=\"Tvillingarna_21_maj_%E2%80%93_20_juni\"><\/span><span class=\"ez-toc-section\" id=\"Geminis_21_de_mayo_%E2%80%93_20_de_junio\"><\/span>Tvillingarna (21 maj \u2013 20 juni)<span class=\"ez-toc-section-end\"><\/span><span class=\"ez-toc-section-end\"><\/span><\/h3>\n<p>Du \u00e4r det mest anpassningsbara tecknet och du kan komma \u00f6verens med vem som helst.<\/p>\n<p>S\u00e5 l\u00e4nge du har intressanta samtal med n\u00e4stan vem som helst, har du en bra tid. <\/p>\n<p>  Oavsett om det \u00e4r en fest eller en natt i, s\u00e5 l\u00e4nge du har konversationer som intresserar dig, \u00e4r det v\u00e4ldigt lite underh\u00e5ll. <\/p>\n<p>Du l\u00e4r dig saker v\u00e4ldigt snabbt, s\u00e5 det tar inte l\u00e5ng tid f\u00f6r dig att bli bekv\u00e4m med nya situationer eller m\u00e4nniskor. <\/p>\n<p>Du gillar inte upprepning eller rutin, s\u00e5 n\u00e4r saker och ting inte g\u00e5r som planerat \u00e4r du mer upphetsad \u00e4n besviken! <\/p>\n<h3 class=\"image_title\"><span class=\"ez-toc-section\" id=\"Vagen_23_september_%E2%80%93_22_oktober\"><\/span><span class=\"ez-toc-section\" id=\"Libra_23_de_septiembre_%E2%80%93_22_de_octubre\"><\/span>V\u00e5gen (23 september \u2013 22 oktober)<span class=\"ez-toc-section-end\"><\/span><span class=\"ez-toc-section-end\"><\/span><\/h3>\n<p>Det som g\u00f6r honom till ett av de l\u00e4gsta underh\u00e5llstecknen \u00e4r hur j\u00e4mn och samarbetsvillig han \u00e4r.<\/p>\n<p>Det \u00e4r aldrig bara din v\u00e4g eller motorv\u00e4gen;  Du \u00e4r s\u00e5 diplomatisk att du anser att allas tankar och \u00e5sikter kommer med de b\u00e4sta id\u00e9erna.<\/p>\n<p>S\u00e5 l\u00e4nge du \u00e4r omgiven av m\u00e4nniskor kommer du att k\u00e4nna dig n\u00f6jd och trygg.<\/p>\n<p>Du \u00e4lskar att dela med dig, s\u00e5 du k\u00e4nner aldrig ett behov av att st\u00e5 i centrum f\u00f6r uppm\u00e4rksamheten.  Skulle du hellre st\u00f6tta dina v\u00e4nner p\u00e5 alla s\u00e4tt du kan! <\/p>\n<p>Din fridfulla och milda natur h\u00e5ller dig avslappnad och l\u00e4tt att anpassa i alla situationer, vilket g\u00f6r dig till en v\u00e4n med mycket lite underh\u00e5ll att umg\u00e5s med!<\/p>\n<h3 class=\"image_title\"><span class=\"ez-toc-section\" id=\"Skytten_22_november_%E2%80%93_21_december\"><\/span><span class=\"ez-toc-section\" id=\"Sagitario_22_de_noviembre_%E2%80%93_21_de_diciembre\"><\/span>Skytten (22 november \u2013 21 december)<span class=\"ez-toc-section-end\"><\/span><span class=\"ez-toc-section-end\"><\/span><\/h3>\n<p>Du \u00e5t v\u00e4ldigt gener\u00f6st och idealistiskt, vilket i princip betyder att du \u00e4r villig att g\u00f6ra vad som helst f\u00f6r att ha den b\u00e4sta tiden!<\/p>\n<p>Oavsett vad du har p\u00e5 dig, \u00e4ter eller g\u00f6r, s\u00e5 l\u00e4nge du f\u00e5r folk att skratta \u00e4r du f\u00f6rmodligen s\u00e5 lycklig som du kan bli.<\/p>\n<p>Du \u00e4lskar frihet och hatar kl\u00e4ngiga m\u00e4nniskor, s\u00e5 s\u00e5 l\u00e4nge du kan f\u00f6lja med str\u00f6mmen bryr du dig inte om saker och ting inte g\u00e5r precis som du planerat. <\/p>\n<h3 class=\"image_title\"><span class=\"ez-toc-section\" id=\"Stenbocken_22_december_%E2%80%93_19_januari\"><\/span><span class=\"ez-toc-section\" id=\"Capricornio_22_de_diciembre_%E2%80%93_19_de_enero\"><\/span>Stenbocken (22 december \u2013 19 januari)<span class=\"ez-toc-section-end\"><\/span><span class=\"ez-toc-section-end\"><\/span><\/h3>\n<p>Du \u00e4r lite mer seri\u00f6s \u00e4n dessa andra skyltar med l\u00e5gt underh\u00e5ll, men du \u00e4r fortfarande lika avslappnad.<\/p>\n<p>Du \u00e4r mycket praktisk och seri\u00f6s, men ocks\u00e5 mycket f\u00f6rst\u00e5ende och ansvarstagande i alla situationer. <\/p>\n<p>  I grund och botten verkar du aldrig \u00f6verreagera, f\u00f6r du \u00e4r ocks\u00e5 v\u00e4ldigt jordn\u00e4ra och praktisk.<\/p>\n<p>Du har en envis vih, som ibland kan komma i v\u00e4gen f\u00f6r din vanliga attityd med lite underh\u00e5ll, men du verkar alltid studsa tillbaka eftersom din sj\u00e4lvkontroll \u00e4r otrolig.<\/p>\n<p>Du \u00e4r bra p\u00e5 att hantera hektiska situationer, vilket definitivt beh\u00f6vs som en v\u00e4n med lite underh\u00e5ll.<\/p>\n<p>Vi hoppas att du gillade v\u00e5r artikel Dessa 4 stj\u00e4rntecken \u00e4r superl\u00e5ga och allt relaterat till horoskop, tarot, ritualer och allt relaterat.<\/p>\n<figure class=\"wp-block-table is-style-regular\">\n<\/figure>\n<p>Intressanta saker att veta inneb\u00f6rden: Horoskop  <\/p>\n<p>\u00c4ven h\u00e4r l\u00e4mnar vi \u00e4mnen relaterade till: Horoskop<\/p>\n<\/p>\n<p><\/p>\n<p>Vi hoppas att du gillade v\u00e5r artikel Dessa 4 stj\u00e4rntecken \u00e4r superkorta<br \/>\n och allt om horoskop, tarot, ritualer och allt relaterat till det &#8230;<\/p>\n<figure class=\"wp-block-table is-style-regular\">\n<table style=\"width: 284px; height: 157px;\">\n<tbody>\n<tr>\n<td class=\"has-text-align-center\" data-align=\"center\"><img loading=\"lazy\" decoding=\"async\" class=\"alignleft\" src=\" https:\/\/goroskop.tv\/wp-content\/uploads\/2023\/05\/horoscopodo12.jpg \" alt=\" Dessa 4 stj\u00e4rntecken \u00e4r superkorta\n \" width=\"65\" height=\"95\" title=\"\"><img loading=\"lazy\" decoding=\"async\" class=\"alignleft\" style=\"width: 60px;\" src=\" https:\/\/goroskop.tv\/wp-content\/uploads\/2023\/05\/horoscopodo11.jpg \" alt=\" Dessa 4 stj\u00e4rntecken \u00e4r superkorta\n \" width=\"195\" height=\"300\" title=\"\"><img decoding=\"async\" class=\"alignleft\" style=\"width: 60px;\" src=\" https:\/\/goroskop.tv\/wp-content\/uploads\/2023\/05\/horoscopodo10.jpg \" alt=\" Dessa 4 stj\u00e4rntecken \u00e4r superkorta\n \" title=\"\"><\/td>\n<\/tr>\n<\/tbody>\n<\/table>\n<\/figure>\n<p>Intressanta saker att veta inneb\u00f6rden: <a href=\"https:\/\/sv.wikipedia.org\/wiki\/Horoskop\" target=\"_blank\" rel=\"nofollow noopener\"> Horoskop <\/a> <\/p>\n<p>H\u00e4r l\u00e4mnar vi ocks\u00e5 \u00e4mnen relaterade till: <a href=\" https:\/\/goroskop.tv\/sw\/den-perfekta-kandispojkvannen-for-dig\/\">Horoskop<\/a> <\/p>\n<div id=\"ez-toc-container\" class=\"ez-toc-v2_0_82_2 ez-toc-wrap-center counter-hierarchy ez-toc-counter ez-toc-grey ez-toc-container-direction\">\n<div class=\"ez-toc-title-container\">\n<div class=\"ez-toc-title\" style=\"cursor:inherit\">Table of Contents<\/div>\n<span class=\"ez-toc-title-toggle\"><a href=\"#\" class=\"ez-toc-pull-right ez-toc-btn ez-toc-btn-xs ez-toc-btn-default ez-toc-toggle\" aria-label=\"Alternar tabla de contenidos\"><span class=\"ez-toc-js-icon-con\"><span class=\"\"><span class=\"eztoc-hide\" style=\"display:none;\">Toggle<\/span><span class=\"ez-toc-icon-toggle-span\"><svg style=\"fill: #999;color:#999\" xmlns=\"http:\/\/www.w3.org\/2000\/svg\" class=\"list-377408\" width=\"20px\" height=\"20px\" viewBox=\"0 0 24 24\" fill=\"none\"><path d=\"M6 6H4v2h2V6zm14 0H8v2h12V6zM4 11h2v2H4v-2zm16 0H8v2h12v-2zM4 16h2v2H4v-2zm16 0H8v2h12v-2z\" fill=\"currentColor\"><\/path><\/svg><svg style=\"fill: #999;color:#999\" class=\"arrow-unsorted-368013\" xmlns=\"http:\/\/www.w3.org\/2000\/svg\" width=\"10px\" height=\"10px\" viewBox=\"0 0 24 24\" version=\"1.2\" baseProfile=\"tiny\"><path d=\"M18.2 9.3l-6.2-6.3-6.2 6.3c-.2.2-.3.4-.3.7s.1.5.3.7c.2.2.4.3.7.3h11c.3 0 .5-.1.7-.3.2-.2.3-.5.3-.7s-.1-.5-.3-.7zM5.8 14.7l6.2 6.3 6.2-6.3c.2-.2.3-.5.3-.7s-.1-.5-.3-.7c-.2-.2-.4-.3-.7-.3h-11c-.3 0-.5.1-.7.3-.2.2-.3.5-.3.7s.1.5.3.7z\"\/><\/svg><\/span><\/span><\/span><\/a><\/span><\/div>\n<nav><ul class='ez-toc-list ez-toc-list-level-1 eztoc-toggle-hide-by-default' ><li class='ez-toc-page-1 ez-toc-heading-level-2'><a class=\"ez-toc-link ez-toc-heading-1\" href=\"https:\/\/goroskop.tv\/sw\/dessa-4-stjarntecken-ar-superkorta\/#Dessa_4_stjarntecken_ar_superkorta\" >Dessa 4 stj\u00e4rntecken \u00e4r superkorta<\/a><ul class='ez-toc-list-level-3' ><li class='ez-toc-heading-level-3'><a class=\"ez-toc-link ez-toc-heading-2\" href=\"https:\/\/goroskop.tv\/sw\/dessa-4-stjarntecken-ar-superkorta\/#Tvillingarna_21_maj_%E2%80%93_20_juni\" >Tvillingarna (21 maj \u2013 20 juni)<\/a><\/li><li class='ez-toc-page-1 ez-toc-heading-level-3'><a class=\"ez-toc-link ez-toc-heading-3\" href=\"https:\/\/goroskop.tv\/sw\/dessa-4-stjarntecken-ar-superkorta\/#Vagen_23_september_%E2%80%93_22_oktober\" >V\u00e5gen (23 september \u2013 22 oktober)<\/a><\/li><li class='ez-toc-page-1 ez-toc-heading-level-3'><a class=\"ez-toc-link ez-toc-heading-4\" href=\"https:\/\/goroskop.tv\/sw\/dessa-4-stjarntecken-ar-superkorta\/#Skytten_22_november_%E2%80%93_21_december\" >Skytten (22 november \u2013 21 december)<\/a><\/li><li class='ez-toc-page-1 ez-toc-heading-level-3'><a class=\"ez-toc-link ez-toc-heading-5\" href=\"https:\/\/goroskop.tv\/sw\/dessa-4-stjarntecken-ar-superkorta\/#Stenbocken_22_december_%E2%80%93_19_januari\" >Stenbocken (22 december \u2013 19 januari)<\/a><\/li><\/ul><\/li><\/ul><\/nav><\/div>\n","protected":false},"excerpt":{"rendered":"<p>Dessa 4 stj\u00e4rntecken \u00e4r superkorta Vissa m\u00e4nniskor har mindre underh\u00e5ll \u00e4n andra. F\u00f6rblir du lugn n\u00e4r planerna \u00e4ndras spontant? \u00c4r du helt okej med en kv\u00e4ll med n\u00e5gra filmer, snacks och tr\u00e4ningsbyxor? Om det g\u00f6r det \u00e4r det troligtvis l\u00e5gt underh\u00e5ll. Att ha h\u00f6gt underh\u00e5ll \u00e4r inte n\u00f6dv\u00e4ndigtvis en d\u00e5lig sak! Alla \u00e4lskar i hemlighet &hellip;<\/p>\n","protected":false},"author":1,"featured_media":41,"comment_status":"closed","ping_status":"closed","sticky":false,"template":"","format":"standard","meta":{"footnotes":""},"categories":[2],"tags":[10,340,21,9842],"class_list":["post-29007","post","type-post","status-publish","format-standard","has-post-thumbnail","hentry","category-horoskop","tag-ar","tag-dessa","tag-stjarntecken","tag-superkorta"],"_links":{"self":[{"href":"https:\/\/goroskop.tv\/sw\/wp-json\/wp\/v2\/posts\/29007","targetHints":{"allow":["GET"]}}],"collection":[{"href":"https:\/\/goroskop.tv\/sw\/wp-json\/wp\/v2\/posts"}],"about":[{"href":"https:\/\/goroskop.tv\/sw\/wp-json\/wp\/v2\/types\/post"}],"author":[{"embeddable":true,"href":"https:\/\/goroskop.tv\/sw\/wp-json\/wp\/v2\/users\/1"}],"replies":[{"embeddable":true,"href":"https:\/\/goroskop.tv\/sw\/wp-json\/wp\/v2\/comments?post=29007"}],"version-history":[{"count":0,"href":"https:\/\/goroskop.tv\/sw\/wp-json\/wp\/v2\/posts\/29007\/revisions"}],"wp:featuredmedia":[{"embeddable":true,"href":"https:\/\/goroskop.tv\/sw\/wp-json\/wp\/v2\/media\/41"}],"wp:attachment":[{"href":"https:\/\/goroskop.tv\/sw\/wp-json\/wp\/v2\/media?parent=29007"}],"wp:term":[{"taxonomy":"category","embeddable":true,"href":"https:\/\/goroskop.tv\/sw\/wp-json\/wp\/v2\/categories?post=29007"},{"taxonomy":"post_tag","embeddable":true,"href":"https:\/\/goroskop.tv\/sw\/wp-json\/wp\/v2\/tags?post=29007"}],"curies":[{"name":"wp","href":"https:\/\/api.w.org\/{rel}","templated":true}]}}