{"id":31692,"date":"2023-08-26T02:22:09","date_gmt":"2023-08-26T02:22:09","guid":{"rendered":"https:\/\/goroskop.tv\/sw\/vad-ar-fodelsestenen-for-16-oktober\/"},"modified":"2023-08-26T02:22:09","modified_gmt":"2023-08-26T02:22:09","slug":"vad-ar-fodelsestenen-for-16-oktober","status":"publish","type":"post","link":"https:\/\/goroskop.tv\/sw\/vad-ar-fodelsestenen-for-16-oktober\/","title":{"rendered":"Vad \u00e4r f\u00f6delsestenen f\u00f6r 16 oktober?"},"content":{"rendered":"<p><\/p>\n<h2><span class=\"ez-toc-section\" id=\"Vad_ar_fodelsestenen_for_16_oktober\"><\/span><span class=\"ez-toc-section\" id=\"%C2%BFQue_es_la_piedra_natal_del_16_de_octubre\"><\/span>  Vad \u00e4r f\u00f6delsestenen f\u00f6r 16 oktober?<span class=\"ez-toc-section-end\"><\/span><span class=\"ez-toc-section-end\"><\/span><\/h2>\n<p>Opal och turmalin \u00e4r tv\u00e5 magnifika f\u00f6delsestenar som anv\u00e4nds f\u00f6r att markera f\u00f6delsedagen f\u00f6r dem som \u00e4r f\u00f6dda i oktober. <\/p>\n<p>  B\u00e5da oktoberf\u00f6delsestenarna har fantastisk nyans och otaliga f\u00e4rgkombinationer. <\/p>\n<p>  Uppt\u00e4ck den perfekta muestren till personer f\u00f6dda i den 10:y tambi\u00e9n m\u00e5naden genom att l\u00e4ra dig mer om dessa tv\u00e5 f\u00f6delsestenar i oktober.<\/p>\n<h2><span class=\"ez-toc-section\" id=\"Varfor_har_oktober_tva_fodelsestenar\"><\/span><span class=\"ez-toc-section\" id=\"%C2%BFPor_que_octubre_tiene_dos_piedras_de_nacimiento\"><\/span><span id=\"ezoic-pub-ad-placeholder-144\" class=\"ezoic-adpicker-ad\"><\/span><span class=\"ezoic-ad ezoic-at-0 box-4 box-4144 adtester-container adtester-container-144\" data-ez-name=\"hiszodiac_com-box-4\"><span id=\"div-gpt-ad-hiszodiac_com-box-4-0\" ezaw=\"336\" ezah=\"280\" style=\"position:relative;z-index:0;display:inline-block;padding:0;width:100%;max-width:1200px;margin-left:auto!important;margin-right:auto!important;min-height:280px;min-width:336px\" class=\"ezoic-ad\"><\/span><\/span>Varf\u00f6r har oktober tv\u00e5 f\u00f6delsestenar?<span class=\"ez-toc-section-end\"><\/span><span class=\"ez-toc-section-end\"><\/span><\/h2>\n<p>Opal \u00e4r v\u00f6rdad f\u00f6r sina mystiska egenskaper i m\u00e5nga kulturer. <\/p>\n<p>  De gamla grekerna trodde att opaler gav profetians g\u00e5va och skydd mot sjukdomar, medan beduinerna (nomadiska folk som levde i \u00f6kenomr\u00e5dena i Nordafrika) trodde att opaler inneh\u00f6ll blixtar och f\u00f6ll fr\u00e5n himlen under stormar, elektriska stormar. <\/p>\n<p>  Opal har l\u00e4nge ansetts av europ\u00e9er vara ett tecken p\u00e5 optimism, renhet och sanning, s\u00e5v\u00e4l som f\u00f6rkroppsligandet av alla de dygder och krafter som tillskrivs f\u00e4rgade stenar p\u00e5 grund av deras f\u00f6rm\u00e5ga att \u00e4ndra f\u00e4rg.<\/p>\n<p>\u00c4ven att b\u00e4ra opaler av n\u00e5gon som inte \u00e4r f\u00f6dd i oktober anses vara otur. <\/p>\n<p>  Den var inte inspirerad av n\u00e5got andligt, utan av Sir Walter Scotts bok Anne of Geierstein fr\u00e5n 1892 (\u00e4ven k\u00e4nd som The Maiden of the Mist). <\/p>\n<p>  Opaler ans\u00e5gs historiskt lyckliga f\u00f6re det datumet.<\/p>\n<p>Det \u00e4r viktigt att f\u00f6rst\u00e5 vilken typ av opal du bryr dig om n\u00e4r du best\u00e4mmer dig f\u00f6r hur du ska ta hand om den. <\/p>\n<p>  De otroligt por\u00f6sa etiopiska opalerna \u00e4r till exempel ben\u00e4gna att \u00abskaffa\u00bb fukt. <\/p>\n<p>  Som ett resultat m\u00e5ste denna speciella opal underh\u00e5llas av en kvalificerad juvelerare. <\/p>\n<p>  Andra opaler \u00e4r kompositer, som best\u00e5r av m\u00e5nga material. <\/p>\n<p>  Du m\u00e5ste ocks\u00e5 vara mycket f\u00f6rsiktig n\u00e4r du reng\u00f6r dessa opaler, \u00e4ven k\u00e4nda som dubletter och trillingar.<\/p>\n<p>Opalh\u00e5rdheten str\u00e4cker sig fr\u00e5n 5 till 6,5 p\u00e5 Mohs-skalan. <\/p>\n<p>  Opal b\u00f6r f\u00f6rvaras ensamt f\u00f6r att f\u00f6rhindra skador fr\u00e5n smycken med h\u00e5rdare \u00e4delstenar. <\/p>\n<p>  Vissa opalinst\u00e4llningar, s\u00e5som dubletter eller trillingar, som \u00e4r sm\u00e5 skivor av opal limmade p\u00e5 ett basmaterial och t\u00e4ckta med ett tunt lager av ren kvarts, kan bli spr\u00f6da n\u00e4r de uts\u00e4tts f\u00f6r vatten under en l\u00e4ngre period. <\/p>\n<p>  N\u00e4r den uts\u00e4tts f\u00f6r pl\u00f6tsliga temperaturfluktuationer, s\u00e4rskilt extrem v\u00e4rme, kan naturlig opal spricka.<\/p>\n<p>Det \u00e4r m\u00f6jligt att behandla denna oktobersten med impregnering av olja, vax eller plast, \u00e4ven om vi inte rekommenderar det. <\/p>\n<p>  P\u00e5 Shmukler Design, en anpassad juvelerare i s\u00f6dra Kalifornien, tror vi att handtv\u00e4tt av dina opalsmycken i varmt tv\u00e5lvatten \u00e4r den s\u00e4kraste metoden.<\/p>\n<p>Turmalin \u00e4r ett nyare till\u00e4gg till oktoberf\u00f6delsestensparet. <\/p>\n<p>  Eftersom turmaliner kan ha olika nyanser i en enda kristall, kommer namnet \u00abturmalin\u00bb fr\u00e5n det singalesiska ordet \u00abtoramalli\u00bb, som betyder \u00absten med blandade f\u00e4rger\u00bb. <\/p>\n<p>  Som ett resultat tror vissa att det \u00e4r en \u00abkameleont\u00bb p\u00e4rla som ofta passerar f\u00f6r andra p\u00e4rlor. <\/p>\n<p>  Det fanns en hel del f\u00f6rvirring f\u00f6re 1800-talet n\u00e4r turmalin identifierades som en enda mineralart. <\/p>\n<p>  En spansk conquistador trodde felaktigt att de gr\u00f6na turmalinkristallerna han uppt\u00e4ckte i Brasilien under 1500-talet var smaragder.<\/p>\n<p>Turmalin finns fortfarande oftast i Brasilien, men det bryts \u00e4ven i andra l\u00e4nder, inklusive Afghanistan, Kenya, Pakistan, Madagaskar och \u00e4ven h\u00e4r i USA, n\u00e4rmare best\u00e4mt Kalifornien och Maine. <\/p>\n<p>  Medan kaliforniska turmalinavlagringar fanns i b\u00f6rjan av 1900-talet i San Diego County, identifierades de p\u00e5 Main f\u00f6rst 1822 p\u00e5 s\u00f6dra Main vid Mount Mica (i staden Paris).<\/p>\n<p>Turmalins djupa, livfulla f\u00e4rger \u00e4r resultatet av uppbyggnaden av kopparavlagringar. <\/p>\n<p>  Det var faktiskt inte f\u00f6rr\u00e4n p\u00e5 1980-talet som de f\u00f6rsta elektrifierande gr\u00f6na, bl\u00e5 och violetta turmalinerna hittades.<\/p>\n<p>P\u00e5 grund av turmalins m\u00e5nga f\u00e4rgf\u00f6r\u00e4ndringar trodde m\u00e5nga gamla samh\u00e4llen att det kunde stimulera kreativa uttryck. <\/p>\n<p>  Enligt popul\u00e4r uppfattning kommer turmalin i en m\u00e4ngd olika f\u00e4rger.<\/p>\n<ul>\n<li>Black s\u00e4gs ge skydd och s\u00e4kerhet till sina anv\u00e4ndare.<\/li>\n<li>Gr\u00f6nt s\u00e4gs uppmuntra styrka, mod och styrka.<\/li>\n<li>Rosa tros representera v\u00e4nlighet och tillgivenhet.<\/li>\n<\/ul>\n<p>Den vanliga muestren f\u00f6r den \u00e5ttonde br\u00f6llopsdagen \u00e4r turmalin. <\/p>\n<p>  Rosa turmalin \u00e4r ocks\u00e5 en av de mest \u00e4lskade f\u00e4rgerna att ge som present f\u00f6r sina romantiska egenskaper.<\/p>\n<p>Turmalin varierar fr\u00e5n 7 till 7,5 p\u00e5 Mohs h\u00e5rdhetsskalan, vilket g\u00f6r det n\u00e5got h\u00e5rdare \u00e4n opal. <\/p>\n<p>  Den \u00e4r tuff f\u00f6r dagligt bruk och resistent mot v\u00e4rme, ljus och de flesta kemikalier. <\/p>\n<p>  Vi tror att det \u00e4r den b\u00e4sta metoden att anv\u00e4nda en mjuk borste och varmt tv\u00e5lvatten f\u00f6r att reng\u00f6ra turmalin. <\/p>\n<p>  Vi rekommenderar att du inte anv\u00e4nder \u00e5ng- och ultraljudsreng\u00f6rare p\u00e5 turmalin.<\/p>\n<h2><span class=\"ez-toc-section\" id=\"Vilken_adelsten_symboliserar_Vagen_i_oktober\"><\/span><span class=\"ez-toc-section\" id=\"%C2%BFQue_piedra_preciosa_simboliza_a_Libra_en_octubre\"><\/span><span id=\"ezoic-pub-ad-placeholder-145\" class=\"ezoic-adpicker-ad\"><\/span><span class=\"ezoic-ad ezoic-at-0 banner-1 banner-1145 adtester-container adtester-container-145\" data-ez-name=\"hiszodiac_com-banner-1\"><span id=\"div-gpt-ad-hiszodiac_com-banner-1-0\" ezaw=\"250\" ezah=\"250\" style=\"position:relative;z-index:0;display:inline-block;padding:0;width:100%;max-width:1200px;margin-left:auto!important;margin-right:auto!important;min-height:90px;min-width:728px\" class=\"ezoic-ad\"><\/span><\/span>Vilken \u00e4delsten symboliserar V\u00e5gen i oktober?<span class=\"ez-toc-section-end\"><\/span><span class=\"ez-toc-section-end\"><\/span><\/h2>\n<p>Opal \u00e4r den viktigaste f\u00f6delsestenen f\u00f6r V\u00e5gen. <\/p>\n<p>  Att ha denna sten i n\u00e4rheten kan hj\u00e4lpa dig att vara positiv i dina personliga relationer och skydda dig fr\u00e5n olyckor och mardr\u00f6mmar.<\/p>\n<p>Det \u00e4r en kraftfull sten f\u00f6r en V\u00e5g att st\u00f6dja deras anstr\u00e4ngningar att sprida optimism, uppmuntra personliga framsteg och bli inspirerade. <\/p>\n<p>  Det kommer ocks\u00e5 att hj\u00e4lpa dig att avg\u00f6ra vem i ditt liv som \u00e4r ett bra inflytande och vem som inte l\u00e4ngre b\u00f6r vara en del av dina n\u00e4ra v\u00e4nner och familj.<\/p>\n<h2><span class=\"ez-toc-section\" id=\"Vilken_adelsten_forknippas_med_17_oktober\"><\/span><span class=\"ez-toc-section\" id=\"%C2%BFQue_piedra_preciosa_esta_asociada_con_el_17_de_octubre\"><\/span><span id=\"ezoic-pub-ad-placeholder-146\" class=\"ezoic-adpicker-ad\"><\/span><span class=\"ezoic-ad ezoic-at-0 large-leaderboard-2 large-leaderboard-2146 adtester-container adtester-container-146\" data-ez-name=\"hiszodiac_com-large-leaderboard-2\"><span id=\"div-gpt-ad-hiszodiac_com-large-leaderboard-2-0\" ezaw=\"336\" ezah=\"280\" style=\"position:relative;z-index:0;display:inline-block;padding:0;width:100%;max-width:1200px;margin-left:auto!important;margin-right:auto!important;min-height:280px;min-width:336px\" class=\"ezoic-ad\"><\/span><\/span>Vilken \u00e4delsten f\u00f6rknippas med 17 oktober?<span class=\"ez-toc-section-end\"><\/span><span class=\"ez-toc-section-end\"><\/span><\/h2>\n<p>Turmalin och opal \u00e4r f\u00f6delsestenarna f\u00f6r oktober. <\/p>\n<p>  P\u00e5 grund av sitt breda utbud av l\u00e4ckra f\u00e4rger \u00e4r turmalin en favorit \u00e4delsten f\u00f6r m\u00e5nga. <\/p>\n<p>  Opal \u00e4delstenar \u00e4r helt unika eftersom var och en \u00e4r utsmyckad med en speciell f\u00e4rgkombination.<\/p>\n<h2><span class=\"ez-toc-section\" id=\"Vilken_nyans_ar_oktoberfodelsestenen\"><\/span><span class=\"ez-toc-section\" id=\"%C2%BFDe_que_tono_es_la_piedra_de_nacimiento_de_octubre\"><\/span><span id=\"ezoic-pub-ad-placeholder-147\" class=\"ezoic-adpicker-ad\"><\/span><span class=\"ezoic-ad ezoic-at-0 leader-1 leader-1147 adtester-container adtester-container-147\" data-ez-name=\"hiszodiac_com-leader-1\"><span id=\"div-gpt-ad-hiszodiac_com-leader-1-0\" ezaw=\"336\" ezah=\"280\" style=\"position:relative;z-index:0;display:inline-block;padding:0;width:100%;max-width:1200px;margin-left:auto!important;margin-right:auto!important;min-height:280px;min-width:336px\" class=\"ezoic-ad\"><\/span><\/span>Vilken nyans \u00e4r oktoberf\u00f6delsestenen?<span class=\"ez-toc-section-end\"><\/span><span class=\"ez-toc-section-end\"><\/span><\/h2>\n<p>Opal och turmalin \u00e4r f\u00f6delsestenarna f\u00f6r oktober. <\/p>\n<p>  \u00c4ven om b\u00e5da \u00e4delstenarna finns i ett brett utbud av nyanser, \u00e4r den traditionella vita opalen och rosa turmalinen de tv\u00e5 mest popul\u00e4ra valen f\u00f6r personer som \u00e4r f\u00f6dda denna h\u00f6stm\u00e5nad.<\/p>\n<h2><span class=\"ez-toc-section\" id=\"Vilken_farg_ar_tur_for_Libras\"><\/span><span class=\"ez-toc-section\" id=\"%C2%BFQue_color_es_la_suerte_para_Libras\"><\/span><span id=\"ezoic-pub-ad-placeholder-148\" class=\"ezoic-adpicker-ad\"><\/span><span class=\"ezoic-ad ezoic-at-0 leader-3 leader-3148 adtester-container adtester-container-148\" data-ez-name=\"hiszodiac_com-leader-3\"><span id=\"div-gpt-ad-hiszodiac_com-leader-3-0\" ezaw=\"336\" ezah=\"280\" style=\"position:relative;z-index:0;display:inline-block;padding:0;width:100%;max-width:1200px;margin-left:auto!important;margin-right:auto!important;min-height:280px;min-width:336px\" class=\"ezoic-ad\"><\/span><\/span>Vilken f\u00e4rg \u00e4r tur f\u00f6r Libras?<span class=\"ez-toc-section-end\"><\/span><span class=\"ez-toc-section-end\"><\/span><\/h2>\n<p>Kr\u00e4ftan som styrs av m\u00e5nen k\u00e4nnetecknas av mjuka, mottagliga och v\u00e5rdande nyanser av vitt, gr\u00e5tt, silver och kr\u00e4m. <\/p>\n<p>  De feminina aspekterna av kroppen, inklusive livmodern, reproduktionssystemet och br\u00f6sten, p\u00e5verkas av detta stj\u00e4rntecken och dess f\u00e4rgkonsekvenser.<\/p>\n<p>Lejonet: Solen \u00e4r tecknets v\u00e4gledande och styrande kraft. <\/p>\n<p>  Detta astrologiska tecken \u00e4r f\u00f6rknippat med varma nyanser av guld, kunglig lila och br\u00e4nd orange och har en inverkan p\u00e5 den \u00f6vre delen av ryggen och hj\u00e4rtsystemet.<\/p>\n<p>Jungfrun \u00e4r det sj\u00e4tte stj\u00e4rntecknet. <\/p>\n<p>  Det \u00e4r jordelementets dubbla naturtecken. <\/p>\n<p>  Jungfruns h\u00e4rskande planet \u00e4r Merkurius. <\/p>\n<p>  F\u00e4rger som bl\u00e5tt, gr\u00f6nt, ljusgult och vitt anses vara gynnsamma nyanser f\u00f6r jungfrur. <\/p>\n<p>  Jungfrur b\u00f6r undvika r\u00f6tt n\u00e4r det \u00e4r m\u00f6jligt.<\/p>\n<p>Stj\u00e4rntecknets sjunde tecken \u00e4r V\u00e5gen. <\/p>\n<p>  Planeten Venus styr detta luftiga och f\u00f6r\u00e4nderliga tecken. <\/p>\n<p>  Vitt och ljusbl\u00e5tt tros vara gynnsamma nyanser f\u00f6r v\u00e5gar. <\/p>\n<p>  Alla levande nyanser fungerar bra f\u00f6r en V\u00e5g. <\/p>\n<p>  R\u00f6tt b\u00f6r inte anv\u00e4ndas ofta i livet, enligt denna indikator.<\/p>\n<p>Skorpionen: Skorpionen \u00e4r zodiakens \u00e5ttonde tecken och Mars \u00e4r dess styrande planet. <\/p>\n<p>  De b\u00e4sta f\u00e4rgerna f\u00f6r denna skylt \u00e4r vit, r\u00f6d och m\u00f6rk choklad. <\/p>\n<p>  F\u00e4rger som orange och gult kan ocks\u00e5 vara f\u00f6rdelaktiga. <\/p>\n<p>  N\u00e4r det kommer till nyanser av bl\u00e5tt och gr\u00f6nt m\u00e5ste Scorpions vara f\u00f6rsiktiga.<\/p>\n<h2><span class=\"ez-toc-section\" id=\"Vilken_farg_har_en_vag\"><\/span><span class=\"ez-toc-section\" id=\"%C2%BFDe_que_color_es_un_Libra\"><\/span><span id=\"ezoic-pub-ad-placeholder-153\" class=\"ezoic-adpicker-ad\"><\/span><span class=\"ezoic-ad ezoic-at-0 leader-2 leader-2153 adtester-container adtester-container-153\" data-ez-name=\"hiszodiac_com-leader-2\"><span id=\"div-gpt-ad-hiszodiac_com-leader-2-0\" ezaw=\"468\" ezah=\"60\" style=\"position:relative;z-index:0;display:inline-block;padding:0;width:100%;max-width:1200px;margin-left:auto!important;margin-right:auto!important;min-height:90px;min-width:728px\" class=\"ezoic-ad\"><\/span><\/span>Vilken f\u00e4rg har en v\u00e5g?<span class=\"ez-toc-section-end\"><\/span><span class=\"ez-toc-section-end\"><\/span><\/h2>\n<p>Rosa och bl\u00e5tt, som hj\u00e4lper till att \u00f6ppna hj\u00e4rtat och mjuka upp n\u00e4rvaron, \u00e4r v\u00e5gens f\u00e4rger. <\/p>\n<p>  Dessa mjuka f\u00e4rger representerar sval och lugn luft och ger V\u00e5gens upptr\u00e4dande en lugnande och f\u00f6rtjusande n\u00e4rvaro. <\/p>\n<p>  Rosa betonar V\u00e5gens v\u00e4nliga och medk\u00e4nnande karakt\u00e4r, medan ljusbl\u00e5tt f\u00f6rst\u00e4rker klarhet och balans.<\/p>\n<h2><span class=\"ez-toc-section\" id=\"Vilken_adelsten_forknippas_med_15_oktober\"><\/span><span class=\"ez-toc-section\" id=\"%C2%BFQue_piedra_preciosa_esta_asociada_con_el_15_de_octubre\"><\/span><span id=\"ezoic-pub-ad-placeholder-154\" class=\"ezoic-adpicker-ad\"><\/span><span class=\"ezoic-ad ezoic-at-0 large-mobile-banner-2 large-mobile-banner-2154 adtester-container adtester-container-154\" data-ez-name=\"hiszodiac_com-large-mobile-banner-2\"><span id=\"div-gpt-ad-hiszodiac_com-large-mobile-banner-2-0\" ezaw=\"300\" ezah=\"250\" style=\"position:relative;z-index:0;display:inline-block;padding:0;min-height:250px;min-width:300px\" class=\"ezoic-ad\"><\/span><\/span>Vilken \u00e4delsten f\u00f6rknippas med 15 oktober?<span class=\"ez-toc-section-end\"><\/span><span class=\"ez-toc-section-end\"><\/span><\/h2>\n<p>oktober f\u00f6delsesten <\/p>\n<p>  Opal och turmalin \u00e4r tv\u00e5 magnifika f\u00f6delsestenar som \u00e4r det anv\u00e4nds f\u00f6r att markera f\u00f6delsedagarna f\u00f6r de f\u00f6dda i oktober. <\/p>\n<p>  B\u00e5da oktoberf\u00f6delsestenarna har fantastisk nyans och otaliga f\u00e4rgkombinationer.<\/p>\n<h2><span class=\"ez-toc-section\" id=\"Finns_det_tva_fodelsestenar_for_varje_manad\"><\/span><span class=\"ez-toc-section\" id=\"%C2%BFHay_dos_piedras_de_nacimiento_para_cada_mes\"><\/span><span id=\"ezoic-pub-ad-placeholder-155\" class=\"ezoic-adpicker-ad\"><\/span><span class=\"ezoic-ad ezoic-at-0 large-mobile-banner-1 large-mobile-banner-1155 adtester-container adtester-container-155\" data-ez-name=\"hiszodiac_com-large-mobile-banner-1\"><span id=\"div-gpt-ad-hiszodiac_com-large-mobile-banner-1-0\" ezaw=\"728\" ezah=\"90\" style=\"position:relative;z-index:0;display:inline-block;padding:0;width:100%;max-width:1200px;margin-left:auto!important;margin-right:auto!important;min-height:90px;min-width:728px\" class=\"ezoic-ad\"><\/span><\/span>Finns det tv\u00e5 f\u00f6delsestenar f\u00f6r varje m\u00e5nad?<span class=\"ez-toc-section-end\"><\/span><span class=\"ez-toc-section-end\"><\/span><\/h2>\n<p>\u00c4ven om varje m\u00e5nad traditionellt bara har en f\u00f6delsesten, har vissa m\u00e5nader m\u00e5nga f\u00f6delsestenar. <\/p>\n<p>  Detta faktum leder till viss f\u00f6rvirring, men variationen av m\u00f6jligheter under n\u00e5gra m\u00e5nader utvecklades f\u00f6r att ge kunderna ett urval av billigare val ut\u00f6ver de mer typiska dyra stenarna.<\/p>\n<p>Vi hoppas att du gillade v\u00e5r artikel Vad \u00e4r f\u00f6delsestenen f\u00f6r 16 oktober? och allt relaterat till horoskop, tarot, ritualer och allt relaterat.<\/p>\n<figure class=\"wp-block-table is-style-regular\">\n<\/figure>\n<p>Intressanta saker att veta inneb\u00f6rden: Tarot  <\/p>\n<p>\u00c4ven h\u00e4r l\u00e4mnar vi \u00e4mnen relaterade till: Tarot<\/p>\n<\/p>\n<p><\/p>\n<p>Vi hoppas att du gillade v\u00e5r artikel Vad \u00e4r f\u00f6delsestenen f\u00f6r 16 oktober?<br \/>\n och allt om horoskop, tarot, ritualer och allt relaterat till det &#8230;<\/p>\n<figure class=\"wp-block-table is-style-regular\">\n<table style=\"width: 284px; height: 157px;\">\n<tbody>\n<tr>\n<td class=\"has-text-align-center\" data-align=\"center\"><img loading=\"lazy\" decoding=\"async\" class=\"alignleft\" src=\" https:\/\/goroskop.tv\/wp-content\/uploads\/2023\/05\/tarot1.jpg \" alt=\" Vad \u00e4r f\u00f6delsestenen f\u00f6r 16 oktober?\n \" width=\"65\" height=\"95\" title=\"\"><img loading=\"lazy\" decoding=\"async\" class=\"alignleft\" style=\"width: 60px;\" src=\" https:\/\/goroskop.tv\/wp-content\/uploads\/2023\/05\/tarot2.jpg \" alt=\" Vad \u00e4r f\u00f6delsestenen f\u00f6r 16 oktober?\n \" width=\"195\" height=\"300\" title=\"\"><img decoding=\"async\" class=\"alignleft\" style=\"width: 60px;\" src=\" https:\/\/goroskop.tv\/wp-content\/uploads\/2023\/05\/tarot3.jpg \" alt=\" Vad \u00e4r f\u00f6delsestenen f\u00f6r 16 oktober?\n \" title=\"\"><\/td>\n<\/tr>\n<\/tbody>\n<\/table>\n<\/figure>\n<p>Intressanta saker att veta inneb\u00f6rden: <a href=\"https:\/\/sv.wikipedia.org\/wiki\/Tarot\" target=\"_blank\" rel=\"nofollow noopener\"> Tarot <\/a> <\/p>\n<p>H\u00e4r l\u00e4mnar vi ocks\u00e5 \u00e4mnen relaterade till: <a href=\" https:\/\/goroskop.tv\/sw\/kommer-leo-och-skorpionen-overens-som-vanner\/\">Tarot<\/a><\/p>\n<div id=\"ez-toc-container\" class=\"ez-toc-v2_0_82_2 ez-toc-wrap-center counter-hierarchy ez-toc-counter ez-toc-grey ez-toc-container-direction\">\n<div class=\"ez-toc-title-container\">\n<div class=\"ez-toc-title\" style=\"cursor:inherit\">Table of Contents<\/div>\n<span class=\"ez-toc-title-toggle\"><a href=\"#\" class=\"ez-toc-pull-right ez-toc-btn ez-toc-btn-xs ez-toc-btn-default ez-toc-toggle\" aria-label=\"Alternar tabla de contenidos\"><span class=\"ez-toc-js-icon-con\"><span class=\"\"><span class=\"eztoc-hide\" style=\"display:none;\">Toggle<\/span><span class=\"ez-toc-icon-toggle-span\"><svg style=\"fill: #999;color:#999\" xmlns=\"http:\/\/www.w3.org\/2000\/svg\" class=\"list-377408\" width=\"20px\" height=\"20px\" viewBox=\"0 0 24 24\" fill=\"none\"><path d=\"M6 6H4v2h2V6zm14 0H8v2h12V6zM4 11h2v2H4v-2zm16 0H8v2h12v-2zM4 16h2v2H4v-2zm16 0H8v2h12v-2z\" fill=\"currentColor\"><\/path><\/svg><svg style=\"fill: #999;color:#999\" class=\"arrow-unsorted-368013\" xmlns=\"http:\/\/www.w3.org\/2000\/svg\" width=\"10px\" height=\"10px\" viewBox=\"0 0 24 24\" version=\"1.2\" baseProfile=\"tiny\"><path d=\"M18.2 9.3l-6.2-6.3-6.2 6.3c-.2.2-.3.4-.3.7s.1.5.3.7c.2.2.4.3.7.3h11c.3 0 .5-.1.7-.3.2-.2.3-.5.3-.7s-.1-.5-.3-.7zM5.8 14.7l6.2 6.3 6.2-6.3c.2-.2.3-.5.3-.7s-.1-.5-.3-.7c-.2-.2-.4-.3-.7-.3h-11c-.3 0-.5.1-.7.3-.2.2-.3.5-.3.7s.1.5.3.7z\"\/><\/svg><\/span><\/span><\/span><\/a><\/span><\/div>\n<nav><ul class='ez-toc-list ez-toc-list-level-1 eztoc-toggle-hide-by-default' ><li class='ez-toc-page-1 ez-toc-heading-level-2'><a class=\"ez-toc-link ez-toc-heading-1\" href=\"https:\/\/goroskop.tv\/sw\/vad-ar-fodelsestenen-for-16-oktober\/#Vad_ar_fodelsestenen_for_16_oktober\" >Vad \u00e4r f\u00f6delsestenen f\u00f6r 16 oktober?<\/a><\/li><li class='ez-toc-page-1 ez-toc-heading-level-2'><a class=\"ez-toc-link ez-toc-heading-2\" href=\"https:\/\/goroskop.tv\/sw\/vad-ar-fodelsestenen-for-16-oktober\/#Varfor_har_oktober_tva_fodelsestenar\" >Varf\u00f6r har oktober tv\u00e5 f\u00f6delsestenar?<\/a><\/li><li class='ez-toc-page-1 ez-toc-heading-level-2'><a class=\"ez-toc-link ez-toc-heading-3\" href=\"https:\/\/goroskop.tv\/sw\/vad-ar-fodelsestenen-for-16-oktober\/#Vilken_adelsten_symboliserar_Vagen_i_oktober\" >Vilken \u00e4delsten symboliserar V\u00e5gen i oktober?<\/a><\/li><li class='ez-toc-page-1 ez-toc-heading-level-2'><a class=\"ez-toc-link ez-toc-heading-4\" href=\"https:\/\/goroskop.tv\/sw\/vad-ar-fodelsestenen-for-16-oktober\/#Vilken_adelsten_forknippas_med_17_oktober\" >Vilken \u00e4delsten f\u00f6rknippas med 17 oktober?<\/a><\/li><li class='ez-toc-page-1 ez-toc-heading-level-2'><a class=\"ez-toc-link ez-toc-heading-5\" href=\"https:\/\/goroskop.tv\/sw\/vad-ar-fodelsestenen-for-16-oktober\/#Vilken_nyans_ar_oktoberfodelsestenen\" >Vilken nyans \u00e4r oktoberf\u00f6delsestenen?<\/a><\/li><li class='ez-toc-page-1 ez-toc-heading-level-2'><a class=\"ez-toc-link ez-toc-heading-6\" href=\"https:\/\/goroskop.tv\/sw\/vad-ar-fodelsestenen-for-16-oktober\/#Vilken_farg_ar_tur_for_Libras\" >Vilken f\u00e4rg \u00e4r tur f\u00f6r Libras?<\/a><\/li><li class='ez-toc-page-1 ez-toc-heading-level-2'><a class=\"ez-toc-link ez-toc-heading-7\" href=\"https:\/\/goroskop.tv\/sw\/vad-ar-fodelsestenen-for-16-oktober\/#Vilken_farg_har_en_vag\" >Vilken f\u00e4rg har en v\u00e5g?<\/a><\/li><li class='ez-toc-page-1 ez-toc-heading-level-2'><a class=\"ez-toc-link ez-toc-heading-8\" href=\"https:\/\/goroskop.tv\/sw\/vad-ar-fodelsestenen-for-16-oktober\/#Vilken_adelsten_forknippas_med_15_oktober\" >Vilken \u00e4delsten f\u00f6rknippas med 15 oktober?<\/a><\/li><li class='ez-toc-page-1 ez-toc-heading-level-2'><a class=\"ez-toc-link ez-toc-heading-9\" href=\"https:\/\/goroskop.tv\/sw\/vad-ar-fodelsestenen-for-16-oktober\/#Finns_det_tva_fodelsestenar_for_varje_manad\" >Finns det tv\u00e5 f\u00f6delsestenar f\u00f6r varje m\u00e5nad?<\/a><\/li><\/ul><\/nav><\/div>\n","protected":false},"excerpt":{"rendered":"<p>Vad \u00e4r f\u00f6delsestenen f\u00f6r 16 oktober? Opal och turmalin \u00e4r tv\u00e5 magnifika f\u00f6delsestenar som anv\u00e4nds f\u00f6r att markera f\u00f6delsedagen f\u00f6r dem som \u00e4r f\u00f6dda i oktober. B\u00e5da oktoberf\u00f6delsestenarna har fantastisk nyans och otaliga f\u00e4rgkombinationer. Uppt\u00e4ck den perfekta muestren till personer f\u00f6dda i den 10:y tambi\u00e9n m\u00e5naden genom att l\u00e4ra dig mer om dessa tv\u00e5 f\u00f6delsestenar &hellip;<\/p>\n","protected":false},"author":1,"featured_media":35,"comment_status":"closed","ping_status":"closed","sticky":false,"template":"","format":"standard","meta":{"footnotes":""},"categories":[4],"tags":[10,125,7,803,43],"class_list":["post-31692","post","type-post","status-publish","format-standard","has-post-thumbnail","hentry","category-tarot","tag-ar","tag-fodelsestenen","tag-for","tag-oktober","tag-vad"],"_links":{"self":[{"href":"https:\/\/goroskop.tv\/sw\/wp-json\/wp\/v2\/posts\/31692","targetHints":{"allow":["GET"]}}],"collection":[{"href":"https:\/\/goroskop.tv\/sw\/wp-json\/wp\/v2\/posts"}],"about":[{"href":"https:\/\/goroskop.tv\/sw\/wp-json\/wp\/v2\/types\/post"}],"author":[{"embeddable":true,"href":"https:\/\/goroskop.tv\/sw\/wp-json\/wp\/v2\/users\/1"}],"replies":[{"embeddable":true,"href":"https:\/\/goroskop.tv\/sw\/wp-json\/wp\/v2\/comments?post=31692"}],"version-history":[{"count":0,"href":"https:\/\/goroskop.tv\/sw\/wp-json\/wp\/v2\/posts\/31692\/revisions"}],"wp:featuredmedia":[{"embeddable":true,"href":"https:\/\/goroskop.tv\/sw\/wp-json\/wp\/v2\/media\/35"}],"wp:attachment":[{"href":"https:\/\/goroskop.tv\/sw\/wp-json\/wp\/v2\/media?parent=31692"}],"wp:term":[{"taxonomy":"category","embeddable":true,"href":"https:\/\/goroskop.tv\/sw\/wp-json\/wp\/v2\/categories?post=31692"},{"taxonomy":"post_tag","embeddable":true,"href":"https:\/\/goroskop.tv\/sw\/wp-json\/wp\/v2\/tags?post=31692"}],"curies":[{"name":"wp","href":"https:\/\/api.w.org\/{rel}","templated":true}]}}