{"id":36948,"date":"2023-08-27T16:06:00","date_gmt":"2023-08-27T16:06:00","guid":{"rendered":"https:\/\/goroskop.tv\/sw\/nar-ar-nasta-fullmane-i-kraftan\/"},"modified":"2023-08-27T16:06:00","modified_gmt":"2023-08-27T16:06:00","slug":"nar-ar-nasta-fullmane-i-kraftan","status":"publish","type":"post","link":"https:\/\/goroskop.tv\/sw\/nar-ar-nasta-fullmane-i-kraftan\/","title":{"rendered":"N\u00e4r \u00e4r n\u00e4sta fullm\u00e5ne i Kr\u00e4ftan"},"content":{"rendered":"<p><\/p>\n<h2><span class=\"ez-toc-section\" id=\"Nar_ar_nasta_fullmane_i_Kraftan_2021\"><\/span><span class=\"ez-toc-section\" id=\"%C2%BFCuando_es_la_proxima_luna_llena_en_Cancer_2021\"><\/span>  N\u00e4r \u00e4r n\u00e4sta fullm\u00e5ne i Kr\u00e4ftan 2021?<span class=\"ez-toc-section-end\"><\/span><span class=\"ez-toc-section-end\"><\/span><\/h2>\n<p>\u00c4ven om cancer handlar om stabilitet och komfort, kommer denna fullm\u00e5ne att f\u00e5 oss att t\u00e4nka djupare p\u00e5 alla dolda problem som \u00e4ventyrar v\u00e5r k\u00e4nslom\u00e4ssiga s\u00e4kerhet. <\/p>\n<p>  Solen i Stenbocken, Pluto i Stenbocken och Fullm\u00e5nen i Kr\u00e4ftan kommer att st\u00e5 i opposition till varandra. <\/p>\n<p>  S\u00e4rskilt Plutos inflytande \u00e4r det som ger denna lunation dess st\u00f6rsta kraft.<\/p>\n<h2><span class=\"ez-toc-section\" id=\"Nar_blir_det_fullmane_2021\"><\/span><span class=\"ez-toc-section\" id=\"%C2%BFCuando_habra_luna_llena_en_2021\"><\/span><span id=\"ezoic-pub-ad-placeholder-144\" class=\"ezoic-adpicker-ad\"><\/span>N\u00e4r blir det fullm\u00e5ne 2021?<span class=\"ez-toc-section-end\"><\/span><span class=\"ez-toc-section-end\"><\/span><\/h2>\n<p>Fr\u00e5n vargm\u00e5nen till rosa m\u00e5nen till majsm\u00e5nen, varje m\u00e5nad har sitt eget unika namn f\u00f6r m\u00e5nen. <\/p>\n<p>  Men trots det faktum att Farmer&#8217;s Almanac, som registrerar m\u00e5nens faser, tillskriver m\u00e5nga av dessa vanliga namn till \u00abindianer\u00bb, har olika indiangrupper sina egna namn f\u00f6r de m\u00e5natliga fullm\u00e5narna som kanske eller inte \u00e4r relaterade till namnen de ger ges nedan.<\/p>\n<p>Oavsett dess ursprung, tycks teman som kulturell tidtagning, firande, \u00e5rstidernas cykliska karakt\u00e4r och observationer av den naturliga v\u00e4rlden l\u00f6pa genom m\u00e5nens jargong.<\/p>\n<h2><span class=\"ez-toc-section\" id=\"Vad_betyder_cancerns_nymane_2021\"><\/span><span class=\"ez-toc-section\" id=\"%C2%BFQue_significa_la_luna_nueva_de_Cancer_en_2021\"><\/span><span id=\"ezoic-pub-ad-placeholder-145\" class=\"ezoic-adpicker-ad\"><\/span><span class=\"ezoic-ad ezoic-at-0 banner-1 banner-1145 adtester-container adtester-container-145\" data-ez-name=\"hiszodiac_com-banner-1\"><span id=\"div-gpt-ad-hiszodiac_com-banner-1-0\" ezaw=\"250\" ezah=\"250\" style=\"position:relative;z-index:0;display:inline-block;padding:0;width:100%;max-width:1200px;margin-left:auto!important;margin-right:auto!important;min-height:90px;min-width:728px\" class=\"ezoic-ad\"><\/span><\/span>Vad betyder cancerns nym\u00e5ne 2021?<span class=\"ez-toc-section-end\"><\/span><span class=\"ez-toc-section-end\"><\/span><\/h2>\n<p>Idag den 9 juli klockan 18.17. <\/p>\n<p>m. <\/p>\n<p>PDT, vi har en sp\u00e4nnande New Moon in Cancer som kommer i en liten f\u00f6rkrossande v\u00e5g. <\/p>\n<p>  Denna nym\u00e5ne har den potenta potentialen att f\u00f6rvandla v\u00e4rdel\u00f6sa relationer till st\u00e4rkande och berikande.<\/p>\n<p>Den k\u00e4rleksfulla energin fr\u00e5n cancernym\u00e5nen, tillsammans med en plus boost av hj\u00e4rtenergi, g\u00f6r att vi vill mysa med v\u00e5ra n\u00e4ra och k\u00e4ra och spendera kvalitetstid tillsammans. <\/p>\n<p>  Det v\u00e4cker ocks\u00e5 l\u00e4ngtan efter ett mysigt hem fyllt av kramar och nylagade m\u00e5ltider. <\/p>\n<p>  S\u00e5 hur kan jag uppn\u00e5 denna \u00f6nskan att k\u00e4nna mig hemma i mig sj\u00e4lv, som sedan kommer att \u00e5terspeglas i andra?  Vilka attityder och beteenden kan du modifiera s\u00e5 att din inre och yttre v\u00e4rld f\u00e5r n\u00e4ring och fylls med k\u00e4rlek?<\/p>\n<p>Den magnifika och lite sv\u00e5ra aspekten av denna Nym\u00e5ne av Venus och Mars sammanfogad (vih vid vih) i Lejonkvadrat Uranus och Saturnus i opposition g\u00f6r dessa unders\u00f6kningar extremt fruktbara vid denna tid. <\/p>\n<p>  Detta indikerar att det finns m\u00f6jlighet att v\u00e4sentligt f\u00f6r\u00e4ndra v\u00e5rt s\u00e4tt att relatera till oss sj\u00e4lva och andra genom att \u00e4ndra reglerna och\/eller ordna om dem lite. <\/p>\n<p>  Hur skulle en positiv och st\u00e4rkande koppling till dig sj\u00e4lv och andra se ut om du kunde f\u00f6rest\u00e4lla dig det?  Vad beh\u00f6ver du \u00e4ndra f\u00f6r att uppn\u00e5 detta?  \u00d6ppna filen som \u00e4r tillg\u00e4nglig f\u00f6r denna tur och vidta \u00e5tg\u00e4rder.<\/p>\n<p>Ofta stereotypa som sentimentala, lynniga och tillbakadragna i sina skal tills deras k\u00e4nslor har bearbetats helt, Kr\u00e4ftan \u00e4r ett av de missf\u00f6rst\u00e5dda tecknen p\u00e5 zodiaken.<\/p>\n<p>De \u00e4r verkligen ett kardinaltecken som \u00e4r tufft och handlingsinriktat, \u00e4ven om det finns en viss sanning i detta.<\/p>\n<p>Har du n\u00e5gonsin f\u00f6rs\u00f6kt komma i v\u00e4gen f\u00f6r en bj\u00f6rnmamma och hennes unge?  De kommer att ro vid stora hav f\u00f6r sin familj och n\u00e4ra och k\u00e4ra eftersom de \u00e4r djupt h\u00e4ngivna dem. <\/p>\n<p>  Med Venus och Mars i Lejonet och en T-kvadrat till Uranus och Saturnus, uppmanar denna nym\u00e5ne oss att applicera denna typ av intensiv k\u00e4rlek till b\u00e5de v\u00e5ra inre och yttre liv f\u00f6r att \u00f6ka v\u00e5r niv\u00e5 av lycka.<\/p>\n<p>T-rutor \u00e4r en aktiv transit som motiverar aktivitet genom att skapa tryck och en k\u00e4nsla av att vara inst\u00e4ngd eller irriterad. <\/p>\n<p>  N\u00e4r vi n\u00e5r en bristningsgr\u00e4ns som tvingar oss att omorganisera och rensa upp v\u00e5rt beteende i v\u00e5ra relationer, b\u00e5de inom och utanf\u00f6r oss sj\u00e4lva, kan denna energi d\u00e4rf\u00f6r motivera f\u00f6r\u00e4ndring och handling. <\/p>\n<p>  Detta \u00e4r \u00e4mnet som controlador innovation och f\u00f6r\u00e4ndring.<\/p>\n<p>T\u00e4nk p\u00e5 att denna Cancer New Moon i slut\u00e4ndan handlar om att ut\u00f6va extrem v\u00e4nlighet mot oss sj\u00e4lva och andra. <\/p>\n<p>  N\u00e4r h\u00e5rda ord eller handlingar dyker upp, ta ett djupt andetag och svara med k\u00e4rlek och ditt hj\u00e4rta. <\/p>\n<p>  \u00c4g de omr\u00e5den du beh\u00f6ver f\u00f6r att f\u00f6rb\u00e4ttra och skapa en handlingsplan f\u00f6r h\u00e4lsosammare och mer levande interna och externa kontakter.<\/p>\n<h2><span class=\"ez-toc-section\" id=\"Nar_var_cancerns_fullmane\"><\/span><span class=\"ez-toc-section\" id=\"%C2%BFCuando_fue_la_luna_llena_de_Cancer\"><\/span><span id=\"ezoic-pub-ad-placeholder-146\" class=\"ezoic-adpicker-ad\"><\/span>N\u00e4r var cancerns fullm\u00e5ne?<span class=\"ez-toc-section-end\"><\/span><span class=\"ez-toc-section-end\"><\/span><\/h2>\n<p>17 januari: Kr\u00e4ftans fullm\u00e5ne<\/p>\n<p>Dessa lunationer kan f\u00e5 oss att k\u00e4nna oss mer k\u00e4nslom\u00e4ssiga \u00e4n vanliga fullm\u00e5nar eftersom m\u00e5nen styr cancerv\u00e5rden. <\/p>\n<p>  Kr\u00e4ftan representeras av hemmets och familjens fj\u00e4rde hus, och dessa bed\u00e5rande krabbor njuter alltid av att tillbringa en mysig kv\u00e4ll med sina favoritm\u00e4nniskor och en uts\u00f6kt m\u00e5ltid. <\/p>\n<p>  Att stanna i natt f\u00f6r att spendera tid med din \u00e4lskare, ett husdjur eller ett aktuellt tv-program kan hj\u00e4lpa dig att undvika fullm\u00e5nekonflikter.<\/p>\n<h2><span class=\"ez-toc-section\" id=\"Nar_ar_det_fullmane_i_Kraftan\"><\/span><span class=\"ez-toc-section\" id=\"%C2%BFCuando_es_la_luna_llena_en_Cancer\"><\/span><span id=\"ezoic-pub-ad-placeholder-147\" class=\"ezoic-adpicker-ad\"><\/span><span class=\"ezoic-ad ezoic-at-0 leader-1 leader-1147 adtester-container adtester-container-147\" data-ez-name=\"hiszodiac_com-leader-1\"><span id=\"div-gpt-ad-hiszodiac_com-leader-1-0\" ezaw=\"336\" ezah=\"280\" style=\"position:relative;z-index:0;display:inline-block;padding:0;width:100%;max-width:1200px;margin-left:auto!important;margin-right:auto!important;min-height:280px;min-width:336px\" class=\"ezoic-ad\"><\/span><\/span>N\u00e4r \u00e4r det fullm\u00e5ne i Kr\u00e4ftan?<span class=\"ez-toc-section-end\"><\/span><span class=\"ez-toc-section-end\"><\/span><\/h2>\n<p>Vi kommer att f\u00e5 den n\u00f6dv\u00e4ndiga k\u00e4nslom\u00e4ssiga impulsen fr\u00e5n \u00e5rets f\u00f6rsta fullm\u00e5ne. <\/p>\n<p>  Fullm\u00e5nen i Kr\u00e4ftan den 17 januari 2022 klockan 18:48. <\/p>\n<p>m. Eastern Time kommer att resultera i en fullst\u00e4ndig k\u00e4nslom\u00e4ssig befrielse.<\/p>\n<p>M\u00e5nga av oss har sv\u00e5rt att f\u00f6rst\u00e5 att vi beh\u00f6ver sl\u00e4ppa taget efter ett s\u00e5 sp\u00e4nnande och h\u00e4ndelserikt \u00e5r. <\/p>\n<p>  I verkligheten har m\u00e5nga av oss mycket mer \u00e4n vi \u00e4r medvetna om. <\/p>\n<p>  Vi m\u00e5ste v\u00e4nja oss vid att b\u00e4ra en tyngd som best\u00e5r av stress, k\u00e4nslor och f\u00f6rv\u00e4ntningar.<\/p>\n<h2><span class=\"ez-toc-section\" id=\"Vad_betyder_cancersiffran_69\"><\/span><span class=\"ez-toc-section\" id=\"%C2%BFQue_significa_el_numero_69_de_Cancer\"><\/span><span id=\"ezoic-pub-ad-placeholder-148\" class=\"ezoic-adpicker-ad\"><\/span><span class=\"ezoic-ad ezoic-at-0 large-mobile-banner-2 large-mobile-banner-2148 adtester-container adtester-container-148\" data-ez-name=\"hiszodiac_com-large-mobile-banner-2\"><span id=\"div-gpt-ad-hiszodiac_com-large-mobile-banner-2-0\" ezaw=\"300\" ezah=\"250\" style=\"position:relative;z-index:0;display:inline-block;padding:0;min-height:250px;min-width:300px\" class=\"ezoic-ad\"><\/span><\/span>Vad betyder cancersiffran 69?<span class=\"ez-toc-section-end\"><\/span><span class=\"ez-toc-section-end\"><\/span><\/h2>\n<p>Krabbateckensymbolen visas ibland som en sidled \u00ab69\u00bb f\u00f6r att indikera krabbklor eller en kvinnas br\u00f6st. <\/p>\n<p>  Du \u00e4r ofta zodiakens beskyddare n\u00e4r du v\u00e4rdes\u00e4tter ditt hem, dina r\u00f6tter, din familj och dina barn.<\/p>\n<h3><span class=\"ez-toc-section\" id=\"Cancer_personlighet\"><\/span><span class=\"ez-toc-section\" id=\"Personalidad_Cancer\"><\/span><span id=\"ezoic-pub-ad-placeholder-149\" class=\"ezoic-adpicker-ad\"><\/span>Cancer personlighet<span class=\"ez-toc-section-end\"><\/span><span class=\"ez-toc-section-end\"><\/span><\/h3>\n<p>Din familj \u00e4r anledningen till att du lever. <\/p>\n<p>  Du \u00e4r k\u00e4nslig och sn\u00e4ll och \u00f6nskar bara det b\u00e4sta f\u00f6r de m\u00e4nniskor du \u00e4lskar. <\/p>\n<p>  Du \u00e4r en sakkunnig vaktm\u00e4stare och ofta en av de b\u00e4sta kockarna. <\/p>\n<p>  Du har tunn hud och gillar inte att vara i tumultartade omst\u00e4ndigheter. <\/p>\n<p>  Du str\u00e4var efter att skapa en lugn atmosf\u00e4r i ditt hem och du \u00e4lskar varma och bekv\u00e4ma milj\u00f6er.<\/p>\n<p>Du har ofta sv\u00e5rt att hantera m\u00e4nniskor som \u00e4r f\u00f6r raka, eftersom du gillar nyanser och antydningar. <\/p>\n<p>  Precis som krabban, ditt totemdjur, undviker du obekv\u00e4ma samtal och omst\u00e4ndigheter mycket. <\/p>\n<p>  N\u00e4r det g\u00f6rs f\u00f6r ofta kan detta leda till missuppfattningar.<\/p>\n<h2><span class=\"ez-toc-section\" id=\"Vem_ska_en_cancer_gifta_sig_med\"><\/span><span class=\"ez-toc-section\" id=\"%C2%BFCon_quien_deberia_casarse_un_Cancer\"><\/span><span id=\"ezoic-pub-ad-placeholder-153\" class=\"ezoic-adpicker-ad\"><\/span><span class=\"ezoic-ad ezoic-at-0 large-mobile-banner-1 large-mobile-banner-1153 adtester-container adtester-container-153\" data-ez-name=\"hiszodiac_com-large-mobile-banner-1\"><span id=\"div-gpt-ad-hiszodiac_com-large-mobile-banner-1-0\" ezaw=\"336\" ezah=\"280\" style=\"position:relative;z-index:0;display:inline-block;padding:0;width:100%;max-width:1200px;margin-left:auto!important;margin-right:auto!important;min-height:280px;min-width:336px\" class=\"ezoic-ad\"><\/span><\/span>Vem ska en cancer gifta sig med?<span class=\"ez-toc-section-end\"><\/span><span class=\"ez-toc-section-end\"><\/span><\/h2>\n<p>I allm\u00e4nhet \u00e4r Fiskarna och Skorpionen, b\u00e5da vattentecken, de mest kompatibla med cancer i v\u00e4nskap och romantiska partners eftersom de intuitivt \u00abf\u00f6rst\u00e5r\u00bb tecknets k\u00e4nslospr\u00e5k. <\/p>\n<p>  Jungfrun, Oxen och Stenbocken delar en liknande energi f\u00f6r att h\u00e5lla utrymmet.<\/p>\n<h2><span class=\"ez-toc-section\" id=\"Vad_ar_den_negativa_sidan_av_cancer\"><\/span><span class=\"ez-toc-section\" id=\"%C2%BFCual_es_el_lado_negativo_de_Cancer\"><\/span><span id=\"ezoic-pub-ad-placeholder-154\" class=\"ezoic-adpicker-ad\"><\/span><span class=\"ezoic-ad ezoic-at-0 leader-2 leader-2154 adtester-container adtester-container-154\" data-ez-name=\"hiszodiac_com-leader-2\"><span id=\"div-gpt-ad-hiszodiac_com-leader-2-0\" ezaw=\"300\" ezah=\"250\" style=\"position:relative;z-index:0;display:inline-block;padding:0;min-height:250px;min-width:300px\" class=\"ezoic-ad\"><\/span><\/span>Vad \u00e4r den negativa sidan av cancer?<span class=\"ez-toc-section-end\"><\/span><span class=\"ez-toc-section-end\"><\/span><\/h2>\n<p>Tvillingarna har ett stort intresse av att l\u00e4ra sig nya saker. <\/p>\n<p>  Med praktiskt taget vem som helst kan de sl\u00e5 upp ett argument. <\/p>\n<p>  Samtidigt kan de ha sv\u00e5rt att fokusera p\u00e5 en uppgift och avsluta det de p\u00e5b\u00f6rjat. <\/p>\n<p>  De kan vara ben\u00e4gna att skvallra eftersom de har en g\u00e5va f\u00f6r sm\u00e5prat. <\/p>\n<p>  De tycker om att ber\u00e4tta intressanta historier!<\/p>\n<h3><span class=\"ez-toc-section\" id=\"Cancer\"><\/span><span class=\"ez-toc-section\" id=\"Cancer\"><\/span><span id=\"ezoic-pub-ad-placeholder-150\" class=\"ezoic-adpicker-ad\"><\/span><span class=\"ezoic-ad ezoic-at-0 mobile-leaderboard-2 mobile-leaderboard-2150 adtester-container adtester-container-150\" data-ez-name=\"hiszodiac_com-mobile-leaderboard-2\"><span id=\"div-gpt-ad-hiszodiac_com-mobile-leaderboard-2-0\" ezaw=\"250\" ezah=\"250\" style=\"position:relative;z-index:0;display:inline-block;padding:0;width:100%;max-width:1200px;margin-left:auto!important;margin-right:auto!important;min-height:90px;min-width:728px\" class=\"ezoic-ad\"><\/span><\/span>Cancer<span class=\"ez-toc-section-end\"><\/span><span class=\"ez-toc-section-end\"><\/span><\/h3>\n<p>Det \u00e4r m\u00f6jligt att se Cancers d\u00e5liga rykte som dess m\u00f6rka vih. <\/p>\n<p>  Men cancers sporadiska hum\u00f6rsv\u00e4ngningar orsakas av bristande egenv\u00e5rd. <\/p>\n<p>  Kr\u00e4ftan \u00e4r v\u00e5rdaren av zodiaken och \u00e4r k\u00e4nd f\u00f6r att ta hand om m\u00e4nniskorna han bryr sig om. <\/p>\n<p>  Men cancer kan uppleva utbr\u00e4ndhet eller till och med f\u00f6rbittring om han inte tar hand om sig sj\u00e4lv.<\/p>\n<h2><span class=\"ez-toc-section\" id=\"Vilken_tid_kommer_det_att_vara_fullmane_i_december_2021\"><\/span><span class=\"ez-toc-section\" id=\"%C2%BFA_que_hora_habra_luna_llena_en_diciembre_de_2021\"><\/span><span id=\"ezoic-pub-ad-placeholder-155\" class=\"ezoic-adpicker-ad\"><\/span><span class=\"ezoic-ad ezoic-at-0 mobile-leaderboard-1 mobile-leaderboard-1155 adtester-container adtester-container-155\" data-ez-name=\"hiszodiac_com-mobile-leaderboard-1\"><span id=\"div-gpt-ad-hiszodiac_com-mobile-leaderboard-1-0\" ezaw=\"300\" ezah=\"250\" style=\"position:relative;z-index:0;display:inline-block;padding:0;min-height:250px;min-width:300px\" class=\"ezoic-ad\"><\/span><\/span>Vilken tid kommer det att vara fullm\u00e5ne i december 2021?<span class=\"ez-toc-section-end\"><\/span><span class=\"ez-toc-section-end\"><\/span><\/h2>\n<p>H\u00e4r \u00e4r en mer komplett lista, dag f\u00f6r dag, \u00f6ver de himmelska h\u00e4ndelserna som kommer att intr\u00e4ffa mellan nu och n\u00e4sta fullm\u00e5ne. <\/p>\n<p>  Observera att tiderna och vinklarna jag anger beror p\u00e5 var NASA:s h\u00f6gkvarter ligger i Washington, D.C.<\/p>\n<h3><span class=\"ez-toc-section\" id=\"13_december_2021\"><\/span><span class=\"ez-toc-section\" id=\"13_de_diciembre_de_2021\"><\/span><span id=\"ezoic-pub-ad-placeholder-151\" class=\"ezoic-adpicker-ad\"><\/span><span class=\"ezoic-ad ezoic-at-0 leader-4 leader-4151 adtester-container adtester-container-151\" data-ez-name=\"hiszodiac_com-leader-4\"><span id=\"div-gpt-ad-hiszodiac_com-leader-4-0\" ezaw=\"300\" ezah=\"250\" style=\"position:relative;z-index:0;display:inline-block;padding:0;min-height:250px;min-width:300px\" class=\"ezoic-ad\"><\/span><\/span>13 december 2021<span class=\"ez-toc-section-end\"><\/span><span class=\"ez-toc-section-end\"><\/span><\/h3>\n<p>N\u00e4r kv\u00e4llsskymningen slutar m\u00e5ndagen den 13 december 2021 kl. 17.50. <\/p>\n<p>m. kommer kometen Leonard att stiga cirka 2 grader \u00f6ver den v\u00e4stsydv\u00e4stra horisonten och st\u00e4lla in cirka 12 minuter senare. <\/p>\n<p>  Det h\u00e4r borde vara ett bra tillf\u00e4lle att leta efter den h\u00e4r kometen om du kan hitta en fri sikt \u00f6ver horisonten.<\/p>\n<h3><span class=\"ez-toc-section\" id=\"14_december_2021\"><\/span><span class=\"ez-toc-section\" id=\"14_de_diciembre_de_2021\"><\/span><span id=\"ezoic-pub-ad-placeholder-152\" class=\"ezoic-adpicker-ad\"><\/span><span class=\"ezoic-ad ezoic-at-0 leader-3 leader-3152 adtester-container adtester-container-152\" data-ez-name=\"hiszodiac_com-leader-3\"><span id=\"div-gpt-ad-hiszodiac_com-leader-3-0\" ezaw=\"300\" ezah=\"250\" style=\"position:relative;z-index:0;display:inline-block;padding:0;min-height:250px;min-width:300px\" class=\"ezoic-ad\"><\/span><\/span>14 december 2021<span class=\"ez-toc-section-end\"><\/span><span class=\"ez-toc-section-end\"><\/span><\/h3>\n<p>Geminidernas meteorregn v\u00e4ntas n\u00e5 sin topp tidigt tisdagen den 14 december 2021, som n\u00e4mnts ovan. <\/p>\n<p>  Efter m\u00e5nnedg\u00e5ngen (02:59 <\/p>\n<p>m. <\/p>\n<p>EST), men innan himlen b\u00f6rjar lyser upp med tecken p\u00e5 gryning, \u00e4r n\u00e4r du b\u00f6r titta (6:16 a. <\/p>\n<p>m.). <\/p>\n<p>  Denna meteorregn kan toppa med 140 till 150 synliga meteorer per timme under optimala omst\u00e4ndigheter.<\/p>\n<p>N\u00e4r kv\u00e4llsskymningen slutar tisdagen den 14 december 2021 kommer kometen Leonard att stiga cirka 3,5 grader \u00f6ver den v\u00e4stsydv\u00e4stra horisonten och st\u00e4lla in cirka 22 minuter senare. <\/p>\n<p>  Detta kan vara n\u00e4ra kometens maximala ljusstyrka om kometen avger en stor m\u00e4ngd fram\u00e5tspridande damm (som starkt ljus runt kanten av ett moln som hindrar solen).<\/p>\n<h3><span class=\"ez-toc-section\" id=\"15_december_2021\"><\/span><span class=\"ez-toc-section\" id=\"15_de_diciembre_de_2021\"><\/span>15 december 2021<span class=\"ez-toc-section-end\"><\/span><span class=\"ez-toc-section-end\"><\/span><\/h3>\n<p>Planeten Merkurius kommer f\u00f6rst att synas ovanf\u00f6r den v\u00e4stsydv\u00e4stliga horisonten onsdagen den 15 december 2021, 30 minuter efter solnedg\u00e5ngen (en uppskattning av n\u00e4r den kan b\u00f6rja synas i kv\u00e4llsgl\u00f6den).<\/p>\n<p>N\u00e4r kv\u00e4llsskymningen slutar (kl. 17.51) kommer kometen Leonard att stiga cirka 4,5 grader \u00f6ver den v\u00e4stsydv\u00e4stra horisonten och st\u00e4lla in cirka 29 minuter senare.<\/p>\n<h3><span class=\"ez-toc-section\" id=\"16_december_2021\"><\/span><span class=\"ez-toc-section\" id=\"16_de_diciembre_de_2021\"><\/span>16 december 2021<span class=\"ez-toc-section-end\"><\/span><span class=\"ez-toc-section-end\"><\/span><\/h3>\n<p>N\u00e4r kv\u00e4llsskymningen slutar (kl. 17.51 \u200b\u200bden 16 december 2021), kommer kometen Leonard att stiga cirka 5,5 grader \u00f6ver den sydv\u00e4stra horisonten och st\u00e4lla in cirka 37 minuter senare.<\/p>\n<h3><span class=\"ez-toc-section\" id=\"17_december_2021\"><\/span><span class=\"ez-toc-section\" id=\"17_de_diciembre_de_2021\"><\/span>17 december 2021<span class=\"ez-toc-section-end\"><\/span><span class=\"ez-toc-section-end\"><\/span><\/h3>\n<p>N\u00e4r m\u00f6rkret upph\u00f6r p\u00e5 fredag \u200b\u200beftermiddag den 17 december 2021 kommer kometen Leonard att vara synlig 6 grader \u00f6ver den sydv\u00e4stra horisonten och cirka 5 grader under den ljusa planeten Venus (kl. 17:51. <\/p>\n<p>m.). <\/p>\n<p>  Vid det h\u00e4r laget kan det vara sv\u00e5rt att uppt\u00e4cka utan en kikare eller ett teleskop, men Venus kan fungera som ett framtr\u00e4dande landm\u00e4rke f\u00f6r att hj\u00e4lpa dig att lokalisera kometen. <\/p>\n<p>  Lite \u00f6ver 45 minuter senare kommer kometen att s\u00e4tta sig. <\/p>\n<p>  Fram till omkring den 10 januari 2022 kommer kometen Leonard att f\u00f6rbli synlig ovanf\u00f6r horisonten i sen eftermiddagsskymning och blekna varje natt n\u00e4r den r\u00f6r sig bort fr\u00e5n jorden och mot solen.<\/p>\n<p>M\u00e5nen kommer att vara vid apogee, eller dess l\u00e4ngsta punkt fr\u00e5n jorden under denna omloppsbana, p\u00e5 fredag \u200b\u200bklockan 21:16. <\/p>\n<p>m. <\/p>\n<p>DET \u00c4R T.<\/p>\n<p>\u00c5rets f\u00f6rsta fullm\u00e5ne, k\u00e4nd som Luna Ni\u00f1o, kommer att synas p\u00e5 himlen under n\u00e4tterna fredagen den 17 december och l\u00f6rdagen den 18 december 2021.<\/p>\n<h3><span class=\"ez-toc-section\" id=\"18_december_2021_Nasta_fullmane\"><\/span><span class=\"ez-toc-section\" id=\"18_de_diciembre_de_2021_La_proxima_luna_llena\"><\/span>18 december 2021: N\u00e4sta fullm\u00e5ne<span class=\"ez-toc-section-end\"><\/span><span class=\"ez-toc-section-end\"><\/span><\/h3>\n<p>N\u00e4sta fullm\u00e5ne intr\u00e4ffar l\u00f6rdagen den 18 december 2021 klockan 23:36. <\/p>\n<p>m. <\/p>\n<p>DET \u00c4R T. <\/p>\n<p>  \u00c5rets l\u00e4ngsta fullm\u00e5nnatt kommer att intr\u00e4ffa fr\u00e5n l\u00f6rdag natt till s\u00f6ndag morgon, 18-19 december, d\u00e5 m\u00e5nen kommer att vara synlig p\u00e5 himlen i totalt 15 timmar 33 minuter, med 14 timmar 34 minuter av denna tid n\u00e4r solen \u00e4r nere. <\/p>\n<p>  Denna helg markerar fullm\u00e5nen, som kommer att vara synlig i tre dagar vid denna tid, fr\u00e5n fredag \u200b\u200bkv\u00e4ll till m\u00e5ndag morgon.<\/p>\n<h3><span class=\"ez-toc-section\" id=\"20_december_2021\"><\/span><span class=\"ez-toc-section\" id=\"20_de_diciembre_de_2021\"><\/span>20 december 2021<span class=\"ez-toc-section-end\"><\/span><span class=\"ez-toc-section-end\"><\/span><\/h3>\n<p>I december 2021, 2021, fr\u00e5n m\u00e5ndag kv\u00e4ll till tisdag morgon, kommer den ljusa stj\u00e4rnan Pollux att ses n\u00e4ra den avtagande gibbous m\u00e5nen. <\/p>\n<p>  Vid 18-tiden. <\/p>\n<p>m., kommer M\u00e5nen att stiga \u00f6ver den nord\u00f6stra horisonten, f\u00f6ljt av Pollux cirka 10 minuter senare till nedre v\u00e4nstra delen av M\u00e5nen. <\/p>\n<p>  N\u00e4r m\u00e5nen n\u00e5r sin h\u00f6gsta punkt p\u00e5 himlen tisdag morgon klockan 01:48 kommer Pollux att vara synlig uppe till v\u00e4nster p\u00e5 m\u00e5nen. <\/p>\n<p>  N\u00e4r morgonskymningen b\u00f6rjar klockan 6:20 kommer Pollux att ha r\u00f6rt sig mot m\u00e5nens \u00f6vre h\u00f6gra vih.<\/p>\n<h3><span class=\"ez-toc-section\" id=\"21_december_2021_vintersolstandet\"><\/span><span class=\"ez-toc-section\" id=\"21_de_diciembre_de_2021_el_solsticio_de_invierno\"><\/span>21 december 2021: vintersolst\u00e5ndet<span class=\"ez-toc-section-end\"><\/span><span class=\"ez-toc-section-end\"><\/span><\/h3>\n<p>Vintersolst\u00e5ndet, som markerar det astronomiska slutet av h\u00f6sten och b\u00f6rjan av vintern, kommer att intr\u00e4ffa p\u00e5 norra halvklotet tisdagen den 21 december 2021 klockan 10:59 EST. <\/p>\n<p>  Den h\u00e4r dagen kommer att ha minst m\u00e4ngd dagsljus (9 timmar, 26 minuter och 12,9 sekunder fr\u00e5n soluppg\u00e5ng till solnedg\u00e5ng), och solen kommer att vara p\u00e5 sin l\u00e4gsta punkt p\u00e5 himlen f\u00f6r \u00e5ret vid solens middagstid (27,71 grader). <\/p>\n<p>  Den l\u00e4ngsta soldagen p\u00e5 \u00e5ret, som best\u00e4ms av ett solur fr\u00e5n middag till middag, kommer att intr\u00e4ffa mellan middag den 21 december och middag den 22 december, varar 29,8 sekunder l\u00e4ngre \u00e4n de 24 genomsnittliga timmarna som styr v\u00e5ra klockor.<\/p>\n<h3><span class=\"ez-toc-section\" id=\"23_och_23_december_2021\"><\/span><span class=\"ez-toc-section\" id=\"23_y_23_de_diciembre_de_2021\"><\/span>23 och 23 december 2021<span class=\"ez-toc-section-end\"><\/span><span class=\"ez-toc-section-end\"><\/span><\/h3>\n<p>Den 23 och 24 december 2021 kommer den ljusa stj\u00e4rnan Regulus att vara synlig n\u00e4ra den avtagande gibbous m\u00e5nen. <\/p>\n<p>  Klockan 21:01 <\/p>\n<p>m. kommer M\u00e5nen att stiga \u00f6ver den \u00f6stnordostliga horisonten, f\u00f6ljt av Regulus cirka 23 minuter senare till nedre h\u00f6gra delen av M\u00e5nen. <\/p>\n<p>  P\u00e5 fredag \u200b\u200bklockan 04:13. <\/p>\n<p>m., n\u00e4r m\u00e5nen \u00e4r p\u00e5 sin h\u00f6gsta punkt p\u00e5 himlen, kommer Regulus att dyka upp l\u00e4ngst ner till h\u00f6ger p\u00e5 m\u00e5nen och kommer att ha flyttats till att vara under m\u00e5nen n\u00e4r morgonskymningen b\u00f6rjar (kl. 6:21). <\/p>\n<p>m. <\/p>\n<p>).<\/p>\n<h3><span class=\"ez-toc-section\" id=\"27_december_2021\"><\/span><span class=\"ez-toc-section\" id=\"27_de_diciembre_de_2021\"><\/span>27 december 2021<span class=\"ez-toc-section-end\"><\/span><span class=\"ez-toc-section-end\"><\/span><\/h3>\n<p>Den ljusa stj\u00e4rnan Antares och planeten Mars kommer att vara 4,5 grader fr\u00e5n varandra n\u00e4r de kommer n\u00e4rmast varandra p\u00e5 m\u00e5ndagsmorgonen den 27 december 2021. <\/p>\n<p>Antares kommer att vara l\u00e4ngst ner till h\u00f6ger och Mars l\u00e4ngst upp till v\u00e4nster. <\/p>\n<p>  Mars kommer att se m\u00f6rkare ut \u00e4n Antares eftersom den, sett fr\u00e5n jorden, kommer att vara p\u00e5 andra sidan solen. <\/p>\n<p>  Namnet \u00abAntares\u00bb \u00f6vers\u00e4tts ibland som \u00abMars konkurrent\u00bb eftersom det delar en r\u00f6daktig nyans med Mars. <\/p>\n<p>  Du b\u00f6r nu ha en chans att j\u00e4mf\u00f6ra de tv\u00e5 f\u00f6r dig sj\u00e4lv.<\/p>\n<p>Planeten Merkurius kommer att synas ovanf\u00f6r den v\u00e4stsydv\u00e4stra horisonten n\u00e4r kv\u00e4llsskymningen upph\u00f6r f\u00f6r f\u00f6rsta g\u00e5ngen p\u00e5 m\u00e5ndag.<\/p>\n<h3><span class=\"ez-toc-section\" id=\"28_december_2021\"><\/span><span class=\"ez-toc-section\" id=\"28_de_diciembre_de_2021\"><\/span>28 december 2021<span class=\"ez-toc-section-end\"><\/span><span class=\"ez-toc-section-end\"><\/span><\/h3>\n<p>Den ljusa stj\u00e4rnan Spica kommer att synas p\u00e5 tisdag morgon den 28 december 2021, cirka 4 grader l\u00e4ngst ner till h\u00f6ger om den avtagande m\u00e5nsk\u00e4ra. <\/p>\n<p>  Klockan 1:40 EST kommer Spica att dyka upp ovanf\u00f6r den \u00f6st-syd\u00f6stra horisonten efter m\u00e5nen. <\/p>\n<p>  N\u00e4r morgonskymningen b\u00f6rjar klockan 6:22 kommer paret att synas p\u00e5 en h\u00f6jd av cirka 40 grader \u00f6ver den sydsyd\u00f6stra horisonten.<\/p>\n<p>De ljusa planeterna Venus och Merkurius kommer att synas som n\u00e4rmast p\u00e5 tisdag kv\u00e4ll, l\u00e5gt p\u00e5 den v\u00e4stsydv\u00e4stra horisonten. <\/p>\n<p>  Merkurius kommer att vara cirka 4 grader l\u00e4ngst ner till v\u00e4nster, vilket g\u00f6r den ljusare Venus l\u00e4ttare att se. <\/p>\n<p>  F\u00f6rs\u00f6k att se efter solnedg\u00e5ngen (minst 17:23). <\/p>\n<p>m. <\/p>\n<p>EST), men l\u00e5ngt innan Mercury s\u00e4tter sig klockan 18.00. <\/p>\n<p>m., vilket \u00e4r ungef\u00e4r 30 minuter senare.<\/p>\n<h3><span class=\"ez-toc-section\" id=\"31_december_2021_Nyarsafton\"><\/span><span class=\"ez-toc-section\" id=\"31_de_diciembre_de_2021_Nochevieja\"><\/span>31 december 2021: Ny\u00e5rsafton<span class=\"ez-toc-section-end\"><\/span><span class=\"ez-toc-section-end\"><\/span><\/h3>\n<p>Den avtagande halvm\u00e5nen, den ljusa stj\u00e4rnan Antares och planeten Mars kommer att skapa en triangel n\u00e4ra horisonten p\u00e5 morgonen fredagen den 31 december 2021. <\/p>\n<p>Klockan 5:30 EST kommer Antares att vara det sista objektet som dyker upp ovanf\u00f6r den syd\u00f6stra horisonten, med Mars till v\u00e4nster och m\u00e5nen ovanf\u00f6r. <\/p>\n<p>  N\u00e4r morgonskymningen b\u00f6rjar klockan 06:23. <\/p>\n<p>m., kommer denna triangel att visas cirka 10 grader \u00f6ver den syd\u00f6stra horisonten.<\/p>\n<p>Den ljusa planeten Venus kommer inte l\u00e4ngre att synas ovanf\u00f6r horisonten n\u00e4r kv\u00e4llsskymningen slutar p\u00e5 ny\u00e5rsafton, fredagen den 31 december 2021.<\/p>\n<h3><span class=\"ez-toc-section\" id=\"2_januari_2022\"><\/span><span class=\"ez-toc-section\" id=\"2_de_enero_de_2022\"><\/span>2 januari 2022<span class=\"ez-toc-section-end\"><\/span><span class=\"ez-toc-section-end\"><\/span><\/h3>\n<p>Nym\u00e5nen intr\u00e4ffar s\u00f6ndagen den 2 januari 2022 klockan 13:34. <\/p>\n<p>m. <\/p>\n<p>EST, n\u00e4r m\u00e5nen passerar mellan jorden och solen och inte \u00e4r synlig fr\u00e5n jorden. <\/p>\n<p>  De flesta lunisol\u00e4ra kalendrar b\u00f6rjar en ny m\u00e5nad p\u00e5 eller efter nym\u00e5nen. <\/p>\n<p>  Shevat-s\u00e4songen i den hebreiska kalendern b\u00f6rjar officiellt vid solnedg\u00e5ngen den 2 januari. <\/p>\n<p>Den 3 januari vid midnatt i Kinas tidszon, vilket \u00e4r 13 timmar f\u00f6re EST, b\u00f6rjar den 12:y tambi\u00e9n m\u00e5naden i den kinesiska kalendern. <\/p>\n<p>  Den f\u00f6rsta iakttagelsen av halvm\u00e5nen markerar b\u00f6rjan av m\u00e5naden i den islamiska kalendern. <\/p>\n<p>  M\u00e5nga muslimska samh\u00e4llen anv\u00e4nder nu Saudiarabiens Umm al-Qura-kalender, som anv\u00e4nder astronomiska ber\u00e4kningar f\u00f6r att starta m\u00e5nader p\u00e5 ett mer f\u00f6ruts\u00e4gbart s\u00e4tt. <\/p>\n<p>  Jumada al-Thani, \u00e4ven k\u00e4nd som Jumada al-Akhirah eller Jumada al-Akhir, \u00e5rets sj\u00e4tte m\u00e5nad, kommer sannolikt att b\u00f6rja vid solnedg\u00e5ngen den 3 januari med denna kalender.<\/p>\n<h3><span class=\"ez-toc-section\" id=\"3_januari_2022\"><\/span><span class=\"ez-toc-section\" id=\"3_de_enero_de_2022\"><\/span>3 januari 2022<span class=\"ez-toc-section-end\"><\/span><span class=\"ez-toc-section-end\"><\/span><\/h3>\n<p>Den \u00e5rliga Quadrantids-meteorregnen f\u00f6rv\u00e4ntas n\u00e5 sin topp p\u00e5 eftermiddagen den 3 januari 2022, som redan n\u00e4mnts kommer vi dock inte att kunna se dessa meteorer fr\u00e5n Amerika. <\/p>\n<p>  Om du \u00e4r i ett m\u00f6rkt omr\u00e5de efter midnatt men innan skymningen b\u00f6rjar morgon p\u00e5 s\u00f6ndag och m\u00e5ndag morgon, 3 och 4 januari, och om du har klart v\u00e4der och fri sikt mot himlen, h\u00e5ll utkik eftersom du kan se n\u00e5gra av dessa meteorer, \u00e4ven om vi inte kommer att kunna se detta topp eftersom det inte kommer att finnas n\u00e5got m\u00e5nsken som hindrar oss fr\u00e5n att se det. <\/p>\n<p>  Den maximala hastigheten f\u00f6r meteorer som syns under denna regn (under perfekta omst\u00e4ndigheter) varierar ofta fr\u00e5n 60 till 200 per timme och \u00e4r vanligtvis runt 120 per timme, om du \u00e4r i Asien eller \u00d6steuropa i \u00e5r.<\/p>\n<p>Den tunna halvm\u00e5nen kommer att vara cirka 4 grader under den ljusa planeten Merkurius p\u00e5 m\u00e5ndag kv\u00e4ll, f\u00f6rutsatt att du har fri sikt \u00f6ver den v\u00e4stsydv\u00e4stra horisonten. <\/p>\n<p>  M\u00e5nen kommer att vara cirka 4 grader \u00f6ver horisonten vid solnedg\u00e5ngen (5:29 p. <\/p>\n<p>m. <\/p>\n<p>EST), och du m\u00e5ste titta fr\u00e5n det tills det b\u00f6rjar kl. 18.00.<\/p>\n<h3><span class=\"ez-toc-section\" id=\"4_januari_2022\"><\/span><span class=\"ez-toc-section\" id=\"4_de_enero_de_2022\"><\/span>4 januari 2022<span class=\"ez-toc-section-end\"><\/span><span class=\"ez-toc-section-end\"><\/span><\/h3>\n<p>Jorden kommer att befinna sig i perihelium tidigt tisdagen den 4 januari 2022, vilket \u00e4r d\u00e5 den \u00e4r n\u00e4rmast solen i v\u00e5r omloppsbana. <\/p>\n<p>  En av anledningarna till att \u00e5rstiderna p\u00e5 s\u00f6dra halvklotet \u00e4r mer extrema \u00e4n p\u00e5 norra halvklotet \u00e4r att det \u00e4r en skillnad p\u00e5 cirka 6,7 \u200b\u200b% i intensiteten av solljus som n\u00e5r jorden mellan perihelium och sex m\u00e5nader senare, n\u00e4r jorden \u00e4r l\u00e4ngre bort. <\/p>\n<p>av solen (aphelion). <\/p>\n<p>  Till exempel, om du springer \u00f6sterut vid lokal midnatt, kommer du att resa s\u00e5 fort du kan (i koordinater centrerade p\u00e5 solen) f\u00f6r att komma till din position. <\/p>\n<p>  Perihel \u00e4r ocks\u00e5 den tid d\u00e5 jorden r\u00f6r sig snabbast i sin bana runt solen.<\/p>\n<p>Bortsett fr\u00e5n sommartid \u00e4r soluppg\u00e5ngarna tisdagen den 4 januari och onsdagen den 5 januari 2022 oavgjorda f\u00f6r f\u00f6ljande \u00e5r i Washington, DC-regionen, klockan 7:26:56. <\/p>\n<p>m. <\/p>\n<p>DET \u00c4R T.<\/p>\n<p>Planeten Saturnus kommer att vara synlig till h\u00f6ger om halvm\u00e5nen tisdagskv\u00e4llen den 4 januari 2022. <\/p>\n<p>N\u00e4r kv\u00e4llsskymningen slutar (kl. 18:02 <\/p>\n<p>m. <\/p>\n<p>EST), kommer paret att stiga cirka 11 grader \u00f6ver den sydv\u00e4stra horisonten, med Saturnus inst\u00e4llning f\u00f6rst cirka 1 timme, 11 minuter senare (kl. 19:13).<\/p>\n<h3><span class=\"ez-toc-section\" id=\"5_januari_2022\"><\/span><span class=\"ez-toc-section\" id=\"5_de_enero_de_2022\"><\/span>5 januari 2022<span class=\"ez-toc-section-end\"><\/span><span class=\"ez-toc-section-end\"><\/span><\/h3>\n<p>Den ljusa planeten Venus kommer att befinna sig ovanf\u00f6r horisonten f\u00f6r sista g\u00e5ngen onsdagen den 5 januari 2022, cirka 30 minuter efter solnedg\u00e5ngen, d\u00e5 den inte l\u00e4ngre kommer att synas i kv\u00e4llsskenet.<\/p>\n<p>Vid cirka 7 grader \u00f6ver halvm\u00e5nen kommer den ljusa planeten Jupiter att synas. <\/p>\n<p>  N\u00e4r kv\u00e4llsskymningen slutar 18:03. <\/p>\n<p>m. <\/p>\n<p>EST, m\u00e5nen kommer att synas runt 22 grader \u00f6ver den s\u00f6dra horisonten. <\/p>\n<p>  M\u00e5nen kommer f\u00f6rst att g\u00e5 ner cirka 2 timmar 27 minuter senare klockan 20.30. <\/p>\n<p>m.<\/p>\n<h3><span class=\"ez-toc-section\" id=\"7_januari_2022\"><\/span><span class=\"ez-toc-section\" id=\"7_de_enero_de_2022\"><\/span>7 januari 2022<span class=\"ez-toc-section-end\"><\/span><span class=\"ez-toc-section-end\"><\/span><\/h3>\n<p>Planeten Merkurius kommer att ses som halvt upplyst genom ett tillr\u00e4ckligt stort teleskop fredag \u200b\u200bmorgon den 7 januari 2022, n\u00e4r den n\u00e5r sin st\u00f6rsta vinkelseparation fr\u00e5n solen sett fr\u00e5n jorden f\u00f6r detta utseende (kallad st\u00f6rsta f\u00f6rl\u00e4ngning). <\/p>\n<p>  Datumet d\u00e5 Merkurius och solen dyker upp l\u00e4ngst bort \u00e4r inte detsamma som den tidpunkt d\u00e5 Merkurius \u00e4r h\u00f6gst \u00f6ver horisonten i slutet av kv\u00e4llsskymningen eftersom vinkeln p\u00e5 linjen mellan solen och Merkurius och horisonten \u00e4ndras med \u00e5rstiderna.<\/p>\n<h3><span class=\"ez-toc-section\" id=\"8_januari_2022\"><\/span><span class=\"ez-toc-section\" id=\"8_de_enero_de_2022\"><\/span>8 januari 2022<span class=\"ez-toc-section-end\"><\/span><span class=\"ez-toc-section-end\"><\/span><\/h3>\n<p>I slutet av kv\u00e4llsskymningen l\u00f6rdagen den 8 januari 2022 kommer planeten Merkurius att vara synlig p\u00e5 sin h\u00f6gsta punkt (4,5 grader) \u00f6ver den v\u00e4stsydv\u00e4stra horisonten (kl. 18:05. <\/p>\n<p>m.). <\/p>\n<p>  Klockan 18:33 s\u00e4tter Mercury mindre \u00e4n en halvtimme senare.<\/p>\n<p>Inferior konjunktion, som uppst\u00e5r n\u00e4r en planet passerar mellan jorden och solen sett fr\u00e5n jorden, kommer ocks\u00e5 att intr\u00e4ffa p\u00e5 l\u00f6rdagskv\u00e4llen. <\/p>\n<p>  Det finns tv\u00e5 olika typer av konjunktioner som planeter som kretsar inom jordens omloppsbana kan ha med solen: underl\u00e4gsen (n\u00e4r den passerar mellan jorden och solen) och \u00f6verl\u00e4gsen (n\u00e4r den passerar p\u00e5 solens bortre vih sett fr\u00e5n solen). land). <\/p>\n<p>  Med b\u00f6rjan den 11 januari kommer Venus att b\u00f6rja \u00f6verg\u00e5 fr\u00e5n kv\u00e4llshimlen till morgonhimlen och kommer att b\u00f6rja dyka upp p\u00e5 den \u00f6stra horisonten i gryningen.<\/p>\n<h3><span class=\"ez-toc-section\" id=\"12_januari_2022\"><\/span><span class=\"ez-toc-section\" id=\"12_de_enero_de_2022\"><\/span>12 januari 2022<span class=\"ez-toc-section-end\"><\/span><span class=\"ez-toc-section-end\"><\/span><\/h3>\n<p>Om du har fri sikt \u00f6ver den v\u00e4stsydv\u00e4stra horisonten onsdagen den 12 januari 2022 kan du kanske se Merkurius och Saturnus, som kommer att se ut att vara 3,3 grader fr\u00e5n varandra. <\/p>\n<p>  N\u00e4r kv\u00e4llsskymningen slutar (18:09 EST) kommer Merkurius att befinna sig 4 grader \u00f6ver horisonten med Saturnus i det \u00f6vre v\u00e4nstra h\u00f6rnet. <\/p>\n<p>  Mercury kommer att ta 24 minuter att f\u00f6rst s\u00e4tta sig (6:33 p. <\/p>\n<p>m.). <\/p>\n<p>  Flera n\u00e4tter runt den h\u00e4r tiden kommer duon att dyka upp n\u00e4ra varandra, med ikv\u00e4ll som n\u00e4rmast.<\/p>\n<h3><span class=\"ez-toc-section\" id=\"13_januari_2022\"><\/span><span class=\"ez-toc-section\" id=\"13_de_enero_de_2022\"><\/span>13 januari 2022<span class=\"ez-toc-section-end\"><\/span><span class=\"ez-toc-section-end\"><\/span><\/h3>\n<p>Den 13 och 14 januari 2022 kommer den ljusa stj\u00e4rnan Aldebaran att ses n\u00e4ra den v\u00e4xande m\u00e5nen sent p\u00e5 eftermiddagen och tidigt p\u00e5 morgonen. <\/p>\n<p>  N\u00e4r skymningen slutar torsdag kv\u00e4ll klockan 18.10. <\/p>\n<p>m., Aldebaran kommer att vara ungef\u00e4r 6 grader till nedre h\u00f6gra delen av m\u00e5nen. <\/p>\n<p>  Klockan 21:12 <\/p>\n<p>m., n\u00e4r m\u00e5nen n\u00e5r sin h\u00f6gsta punkt p\u00e5 natthimlen, kommer Aldebaran att ha drivit och kommer nu att vara synlig cirka 7 grader under m\u00e5nen. <\/p>\n<p>  P\u00e5 fredagsmorgonen klockan 4 kommer Aldebaran att l\u00e4gga sig under den v\u00e4stnordv\u00e4stliga horisonten.<\/p>\n<h3><span class=\"ez-toc-section\" id=\"17_januari_2022_Fullmanen_efter_Next\"><\/span><span class=\"ez-toc-section\" id=\"17_de_enero_de_2022_La_luna_llena_despues_de_Next\"><\/span>17 januari 2022: Fullm\u00e5nen efter Next<span class=\"ez-toc-section-end\"><\/span><span class=\"ez-toc-section-end\"><\/span><\/h3>\n<p>N\u00e4sta fullm\u00e5ne intr\u00e4ffar m\u00e5ndagen den 17 januari 2022 klockan 18:48. <\/p>\n<p>m. <\/p>\n<p>DET \u00c4R T. <\/p>\n<p>  Runt denna period kommer m\u00e5nen att vara full i cirka tre dagar, fr\u00e5n s\u00f6ndag kv\u00e4ll till onsdag morgon. <\/p>\n<p>  P\u00e5 s\u00f6ndag och m\u00e5ndag kommer Pollux, den ljusare tvillingstj\u00e4rnan i stj\u00e4rnbilden Tvillingarna, att vara synlig n\u00e4ra fullm\u00e5nen.<\/p>\n<p>Vi hoppas att du gillade v\u00e5r artikel N\u00e4r \u00e4r n\u00e4sta fullm\u00e5ne i Kr\u00e4ftan 2021? och allt relaterat till horoskop, tarot, ritualer och allt relaterat.<\/p>\n<figure class=\"wp-block-table is-style-regular\">\n<\/figure>\n<p>Intressanta saker att veta inneb\u00f6rden: Tarot  <\/p>\n<p>\u00c4ven h\u00e4r l\u00e4mnar vi \u00e4mnen relaterade till: Tarot<\/p>\n<\/p>\n<p><\/p>\n<p>Vi hoppas att du gillade v\u00e5r artikel N\u00e4r \u00e4r n\u00e4sta fullm\u00e5ne i Kr\u00e4ftan<br \/>\n och allt om horoskop, tarot, ritualer och allt relaterat till det &#8230;<\/p>\n<figure class=\"wp-block-table is-style-regular\">\n<table style=\"width: 284px; height: 157px;\">\n<tbody>\n<tr>\n<td class=\"has-text-align-center\" data-align=\"center\"><img loading=\"lazy\" decoding=\"async\" class=\"alignleft\" src=\" https:\/\/goroskop.tv\/wp-content\/uploads\/2023\/05\/tarot1.jpg \" alt=\" N\u00e4r \u00e4r n\u00e4sta fullm\u00e5ne i Kr\u00e4ftan\n \" width=\"65\" height=\"95\" title=\"\"><img loading=\"lazy\" decoding=\"async\" class=\"alignleft\" style=\"width: 60px;\" src=\" https:\/\/goroskop.tv\/wp-content\/uploads\/2023\/05\/tarot2.jpg \" alt=\" N\u00e4r \u00e4r n\u00e4sta fullm\u00e5ne i Kr\u00e4ftan\n \" width=\"195\" height=\"300\" title=\"\"><img decoding=\"async\" class=\"alignleft\" style=\"width: 60px;\" src=\" https:\/\/goroskop.tv\/wp-content\/uploads\/2023\/05\/tarot3.jpg \" alt=\" N\u00e4r \u00e4r n\u00e4sta fullm\u00e5ne i Kr\u00e4ftan\n \" title=\"\"><\/td>\n<\/tr>\n<\/tbody>\n<\/table>\n<\/figure>\n<p>Intressanta saker att veta inneb\u00f6rden: <a href=\"https:\/\/sv.wikipedia.org\/wiki\/Tarot\" target=\"_blank\" rel=\"nofollow noopener\"> Tarot <\/a> <\/p>\n<p>H\u00e4r l\u00e4mnar vi ocks\u00e5 \u00e4mnen relaterade till: <a href=\" https:\/\/goroskop.tv\/sw\/kommer-leo-och-skorpionen-overens-som-vanner\/\">Tarot<\/a><\/p>\n<div id=\"ez-toc-container\" class=\"ez-toc-v2_0_82_2 ez-toc-wrap-center counter-hierarchy ez-toc-counter ez-toc-grey ez-toc-container-direction\">\n<div class=\"ez-toc-title-container\">\n<div class=\"ez-toc-title\" style=\"cursor:inherit\">Table of Contents<\/div>\n<span class=\"ez-toc-title-toggle\"><a href=\"#\" class=\"ez-toc-pull-right ez-toc-btn ez-toc-btn-xs ez-toc-btn-default ez-toc-toggle\" aria-label=\"Alternar tabla de contenidos\"><span class=\"ez-toc-js-icon-con\"><span class=\"\"><span class=\"eztoc-hide\" style=\"display:none;\">Toggle<\/span><span class=\"ez-toc-icon-toggle-span\"><svg style=\"fill: #999;color:#999\" xmlns=\"http:\/\/www.w3.org\/2000\/svg\" class=\"list-377408\" width=\"20px\" height=\"20px\" viewBox=\"0 0 24 24\" fill=\"none\"><path d=\"M6 6H4v2h2V6zm14 0H8v2h12V6zM4 11h2v2H4v-2zm16 0H8v2h12v-2zM4 16h2v2H4v-2zm16 0H8v2h12v-2z\" fill=\"currentColor\"><\/path><\/svg><svg style=\"fill: #999;color:#999\" class=\"arrow-unsorted-368013\" xmlns=\"http:\/\/www.w3.org\/2000\/svg\" width=\"10px\" height=\"10px\" viewBox=\"0 0 24 24\" version=\"1.2\" baseProfile=\"tiny\"><path d=\"M18.2 9.3l-6.2-6.3-6.2 6.3c-.2.2-.3.4-.3.7s.1.5.3.7c.2.2.4.3.7.3h11c.3 0 .5-.1.7-.3.2-.2.3-.5.3-.7s-.1-.5-.3-.7zM5.8 14.7l6.2 6.3 6.2-6.3c.2-.2.3-.5.3-.7s-.1-.5-.3-.7c-.2-.2-.4-.3-.7-.3h-11c-.3 0-.5.1-.7.3-.2.2-.3.5-.3.7s.1.5.3.7z\"\/><\/svg><\/span><\/span><\/span><\/a><\/span><\/div>\n<nav><ul class='ez-toc-list ez-toc-list-level-1 eztoc-toggle-hide-by-default' ><li class='ez-toc-page-1 ez-toc-heading-level-2'><a class=\"ez-toc-link ez-toc-heading-1\" href=\"https:\/\/goroskop.tv\/sw\/nar-ar-nasta-fullmane-i-kraftan\/#Nar_ar_nasta_fullmane_i_Kraftan_2021\" >N\u00e4r \u00e4r n\u00e4sta fullm\u00e5ne i Kr\u00e4ftan 2021?<\/a><\/li><li class='ez-toc-page-1 ez-toc-heading-level-2'><a class=\"ez-toc-link ez-toc-heading-2\" href=\"https:\/\/goroskop.tv\/sw\/nar-ar-nasta-fullmane-i-kraftan\/#Nar_blir_det_fullmane_2021\" >N\u00e4r blir det fullm\u00e5ne 2021?<\/a><\/li><li class='ez-toc-page-1 ez-toc-heading-level-2'><a class=\"ez-toc-link ez-toc-heading-3\" href=\"https:\/\/goroskop.tv\/sw\/nar-ar-nasta-fullmane-i-kraftan\/#Vad_betyder_cancerns_nymane_2021\" >Vad betyder cancerns nym\u00e5ne 2021?<\/a><\/li><li class='ez-toc-page-1 ez-toc-heading-level-2'><a class=\"ez-toc-link ez-toc-heading-4\" href=\"https:\/\/goroskop.tv\/sw\/nar-ar-nasta-fullmane-i-kraftan\/#Nar_var_cancerns_fullmane\" >N\u00e4r var cancerns fullm\u00e5ne?<\/a><\/li><li class='ez-toc-page-1 ez-toc-heading-level-2'><a class=\"ez-toc-link ez-toc-heading-5\" href=\"https:\/\/goroskop.tv\/sw\/nar-ar-nasta-fullmane-i-kraftan\/#Nar_ar_det_fullmane_i_Kraftan\" >N\u00e4r \u00e4r det fullm\u00e5ne i Kr\u00e4ftan?<\/a><\/li><li class='ez-toc-page-1 ez-toc-heading-level-2'><a class=\"ez-toc-link ez-toc-heading-6\" href=\"https:\/\/goroskop.tv\/sw\/nar-ar-nasta-fullmane-i-kraftan\/#Vad_betyder_cancersiffran_69\" >Vad betyder cancersiffran 69?<\/a><ul class='ez-toc-list-level-3' ><li class='ez-toc-heading-level-3'><a class=\"ez-toc-link ez-toc-heading-7\" href=\"https:\/\/goroskop.tv\/sw\/nar-ar-nasta-fullmane-i-kraftan\/#Cancer_personlighet\" >Cancer personlighet<\/a><\/li><\/ul><\/li><li class='ez-toc-page-1 ez-toc-heading-level-2'><a class=\"ez-toc-link ez-toc-heading-8\" href=\"https:\/\/goroskop.tv\/sw\/nar-ar-nasta-fullmane-i-kraftan\/#Vem_ska_en_cancer_gifta_sig_med\" >Vem ska en cancer gifta sig med?<\/a><\/li><li class='ez-toc-page-1 ez-toc-heading-level-2'><a class=\"ez-toc-link ez-toc-heading-9\" href=\"https:\/\/goroskop.tv\/sw\/nar-ar-nasta-fullmane-i-kraftan\/#Vad_ar_den_negativa_sidan_av_cancer\" >Vad \u00e4r den negativa sidan av cancer?<\/a><ul class='ez-toc-list-level-3' ><li class='ez-toc-heading-level-3'><a class=\"ez-toc-link ez-toc-heading-10\" href=\"https:\/\/goroskop.tv\/sw\/nar-ar-nasta-fullmane-i-kraftan\/#Cancer\" >Cancer<\/a><\/li><\/ul><\/li><li class='ez-toc-page-1 ez-toc-heading-level-2'><a class=\"ez-toc-link ez-toc-heading-11\" href=\"https:\/\/goroskop.tv\/sw\/nar-ar-nasta-fullmane-i-kraftan\/#Vilken_tid_kommer_det_att_vara_fullmane_i_december_2021\" >Vilken tid kommer det att vara fullm\u00e5ne i december 2021?<\/a><ul class='ez-toc-list-level-3' ><li class='ez-toc-heading-level-3'><a class=\"ez-toc-link ez-toc-heading-12\" href=\"https:\/\/goroskop.tv\/sw\/nar-ar-nasta-fullmane-i-kraftan\/#13_december_2021\" >13 december 2021<\/a><\/li><li class='ez-toc-page-1 ez-toc-heading-level-3'><a class=\"ez-toc-link ez-toc-heading-13\" href=\"https:\/\/goroskop.tv\/sw\/nar-ar-nasta-fullmane-i-kraftan\/#14_december_2021\" >14 december 2021<\/a><\/li><li class='ez-toc-page-1 ez-toc-heading-level-3'><a class=\"ez-toc-link ez-toc-heading-14\" href=\"https:\/\/goroskop.tv\/sw\/nar-ar-nasta-fullmane-i-kraftan\/#15_december_2021\" >15 december 2021<\/a><\/li><li class='ez-toc-page-1 ez-toc-heading-level-3'><a class=\"ez-toc-link ez-toc-heading-15\" href=\"https:\/\/goroskop.tv\/sw\/nar-ar-nasta-fullmane-i-kraftan\/#16_december_2021\" >16 december 2021<\/a><\/li><li class='ez-toc-page-1 ez-toc-heading-level-3'><a class=\"ez-toc-link ez-toc-heading-16\" href=\"https:\/\/goroskop.tv\/sw\/nar-ar-nasta-fullmane-i-kraftan\/#17_december_2021\" >17 december 2021<\/a><\/li><li class='ez-toc-page-1 ez-toc-heading-level-3'><a class=\"ez-toc-link ez-toc-heading-17\" href=\"https:\/\/goroskop.tv\/sw\/nar-ar-nasta-fullmane-i-kraftan\/#18_december_2021_Nasta_fullmane\" >18 december 2021: N\u00e4sta fullm\u00e5ne<\/a><\/li><li class='ez-toc-page-1 ez-toc-heading-level-3'><a class=\"ez-toc-link ez-toc-heading-18\" href=\"https:\/\/goroskop.tv\/sw\/nar-ar-nasta-fullmane-i-kraftan\/#20_december_2021\" >20 december 2021<\/a><\/li><li class='ez-toc-page-1 ez-toc-heading-level-3'><a class=\"ez-toc-link ez-toc-heading-19\" href=\"https:\/\/goroskop.tv\/sw\/nar-ar-nasta-fullmane-i-kraftan\/#21_december_2021_vintersolstandet\" >21 december 2021: vintersolst\u00e5ndet<\/a><\/li><li class='ez-toc-page-1 ez-toc-heading-level-3'><a class=\"ez-toc-link ez-toc-heading-20\" href=\"https:\/\/goroskop.tv\/sw\/nar-ar-nasta-fullmane-i-kraftan\/#23_och_23_december_2021\" >23 och 23 december 2021<\/a><\/li><li class='ez-toc-page-1 ez-toc-heading-level-3'><a class=\"ez-toc-link ez-toc-heading-21\" href=\"https:\/\/goroskop.tv\/sw\/nar-ar-nasta-fullmane-i-kraftan\/#27_december_2021\" >27 december 2021<\/a><\/li><li class='ez-toc-page-1 ez-toc-heading-level-3'><a class=\"ez-toc-link ez-toc-heading-22\" href=\"https:\/\/goroskop.tv\/sw\/nar-ar-nasta-fullmane-i-kraftan\/#28_december_2021\" >28 december 2021<\/a><\/li><li class='ez-toc-page-1 ez-toc-heading-level-3'><a class=\"ez-toc-link ez-toc-heading-23\" href=\"https:\/\/goroskop.tv\/sw\/nar-ar-nasta-fullmane-i-kraftan\/#31_december_2021_Nyarsafton\" >31 december 2021: Ny\u00e5rsafton<\/a><\/li><li class='ez-toc-page-1 ez-toc-heading-level-3'><a class=\"ez-toc-link ez-toc-heading-24\" href=\"https:\/\/goroskop.tv\/sw\/nar-ar-nasta-fullmane-i-kraftan\/#2_januari_2022\" >2 januari 2022<\/a><\/li><li class='ez-toc-page-1 ez-toc-heading-level-3'><a class=\"ez-toc-link ez-toc-heading-25\" href=\"https:\/\/goroskop.tv\/sw\/nar-ar-nasta-fullmane-i-kraftan\/#3_januari_2022\" >3 januari 2022<\/a><\/li><li class='ez-toc-page-1 ez-toc-heading-level-3'><a class=\"ez-toc-link ez-toc-heading-26\" href=\"https:\/\/goroskop.tv\/sw\/nar-ar-nasta-fullmane-i-kraftan\/#4_januari_2022\" >4 januari 2022<\/a><\/li><li class='ez-toc-page-1 ez-toc-heading-level-3'><a class=\"ez-toc-link ez-toc-heading-27\" href=\"https:\/\/goroskop.tv\/sw\/nar-ar-nasta-fullmane-i-kraftan\/#5_januari_2022\" >5 januari 2022<\/a><\/li><li class='ez-toc-page-1 ez-toc-heading-level-3'><a class=\"ez-toc-link ez-toc-heading-28\" href=\"https:\/\/goroskop.tv\/sw\/nar-ar-nasta-fullmane-i-kraftan\/#7_januari_2022\" >7 januari 2022<\/a><\/li><li class='ez-toc-page-1 ez-toc-heading-level-3'><a class=\"ez-toc-link ez-toc-heading-29\" href=\"https:\/\/goroskop.tv\/sw\/nar-ar-nasta-fullmane-i-kraftan\/#8_januari_2022\" >8 januari 2022<\/a><\/li><li class='ez-toc-page-1 ez-toc-heading-level-3'><a class=\"ez-toc-link ez-toc-heading-30\" href=\"https:\/\/goroskop.tv\/sw\/nar-ar-nasta-fullmane-i-kraftan\/#12_januari_2022\" >12 januari 2022<\/a><\/li><li class='ez-toc-page-1 ez-toc-heading-level-3'><a class=\"ez-toc-link ez-toc-heading-31\" href=\"https:\/\/goroskop.tv\/sw\/nar-ar-nasta-fullmane-i-kraftan\/#13_januari_2022\" >13 januari 2022<\/a><\/li><li class='ez-toc-page-1 ez-toc-heading-level-3'><a class=\"ez-toc-link ez-toc-heading-32\" href=\"https:\/\/goroskop.tv\/sw\/nar-ar-nasta-fullmane-i-kraftan\/#17_januari_2022_Fullmanen_efter_Next\" >17 januari 2022: Fullm\u00e5nen efter Next<\/a><\/li><\/ul><\/li><\/ul><\/nav><\/div>\n","protected":false},"excerpt":{"rendered":"<p>N\u00e4r \u00e4r n\u00e4sta fullm\u00e5ne i Kr\u00e4ftan 2021? \u00c4ven om cancer handlar om stabilitet och komfort, kommer denna fullm\u00e5ne att f\u00e5 oss att t\u00e4nka djupare p\u00e5 alla dolda problem som \u00e4ventyrar v\u00e5r k\u00e4nslom\u00e4ssiga s\u00e4kerhet. Solen i Stenbocken, Pluto i Stenbocken och Fullm\u00e5nen i Kr\u00e4ftan kommer att st\u00e5 i opposition till varandra. S\u00e4rskilt Plutos inflytande \u00e4r det &hellip;<\/p>\n","protected":false},"author":1,"featured_media":85,"comment_status":"closed","ping_status":"closed","sticky":false,"template":"","format":"standard","meta":{"footnotes":""},"categories":[4],"tags":[10,1401,1320,36,1702],"class_list":["post-36948","post","type-post","status-publish","format-standard","has-post-thumbnail","hentry","category-tarot","tag-ar","tag-fullmane","tag-kraftan","tag-nar","tag-nasta"],"_links":{"self":[{"href":"https:\/\/goroskop.tv\/sw\/wp-json\/wp\/v2\/posts\/36948","targetHints":{"allow":["GET"]}}],"collection":[{"href":"https:\/\/goroskop.tv\/sw\/wp-json\/wp\/v2\/posts"}],"about":[{"href":"https:\/\/goroskop.tv\/sw\/wp-json\/wp\/v2\/types\/post"}],"author":[{"embeddable":true,"href":"https:\/\/goroskop.tv\/sw\/wp-json\/wp\/v2\/users\/1"}],"replies":[{"embeddable":true,"href":"https:\/\/goroskop.tv\/sw\/wp-json\/wp\/v2\/comments?post=36948"}],"version-history":[{"count":0,"href":"https:\/\/goroskop.tv\/sw\/wp-json\/wp\/v2\/posts\/36948\/revisions"}],"wp:featuredmedia":[{"embeddable":true,"href":"https:\/\/goroskop.tv\/sw\/wp-json\/wp\/v2\/media\/85"}],"wp:attachment":[{"href":"https:\/\/goroskop.tv\/sw\/wp-json\/wp\/v2\/media?parent=36948"}],"wp:term":[{"taxonomy":"category","embeddable":true,"href":"https:\/\/goroskop.tv\/sw\/wp-json\/wp\/v2\/categories?post=36948"},{"taxonomy":"post_tag","embeddable":true,"href":"https:\/\/goroskop.tv\/sw\/wp-json\/wp\/v2\/tags?post=36948"}],"curies":[{"name":"wp","href":"https:\/\/api.w.org\/{rel}","templated":true}]}}