{"id":37036,"date":"2023-08-27T16:29:18","date_gmt":"2023-08-27T16:29:18","guid":{"rendered":"https:\/\/goroskop.tv\/sw\/vad-ar-stjarntecknet-for-martin-luther-king\/"},"modified":"2023-08-27T16:29:18","modified_gmt":"2023-08-27T16:29:18","slug":"vad-ar-stjarntecknet-for-martin-luther-king","status":"publish","type":"post","link":"https:\/\/goroskop.tv\/sw\/vad-ar-stjarntecknet-for-martin-luther-king\/","title":{"rendered":"Vad \u00e4r stj\u00e4rntecknet f\u00f6r Martin Luther King"},"content":{"rendered":"<p><\/p>\n<h2><span class=\"ez-toc-section\" id=\"Vilket_ar_stjarntecknet_for_Martin_Luther_King_Jr\"><\/span><span class=\"ez-toc-section\" id=\"%C2%BFQue_es_el_signo_zodiacal_de_Martin_Luther_King_Jr\"><\/span>  Vilket \u00e4r stj\u00e4rntecknet f\u00f6r Martin Luther King Jr.?<span class=\"ez-toc-section-end\"><\/span><span class=\"ez-toc-section-end\"><\/span><\/h2>\n<p>En av de viktigaste aspekterna som conformar v\u00e5r personlighet och hur vi uttrycker oss i v\u00e4rlden \u00e4r v\u00e5rt soltecken. <\/p>\n<p>  Solen i Stenbocken av Dr. <\/p>\n<p>King gav honom en stark ledare som effektivt kunde organisera individer och grupper. <\/p>\n<p>  King f\u00f6dde inte bara sina egna barn, utan ocks\u00e5 en r\u00f6relse av ickev\u00e5ldsaktivism. <\/p>\n<p>  Stenbockens m\u00e4n har en stark faderskarakt\u00e4r. <\/p>\n<p>  Det var ett klassiskt jordtecken som sakkunnigt hanterade institutioner som religion och regering. <\/p>\n<p>  1965 var han n\u00e4rvarande n\u00e4r president Lyndon B. <\/p>\n<p>Johnson undertecknade Voting Rights Act, som f\u00f6rbj\u00f6d rasdiskriminering vid r\u00f6stning.<\/p>\n<h2><span class=\"ez-toc-section\" id=\"Martin_Luther_King_Jr_var_en_Fisk\"><\/span><span class=\"ez-toc-section\" id=\"Martin_Luther_King_Jr_era_Piscis\"><\/span><span id=\"ezoic-pub-ad-placeholder-144\" class=\"ezoic-adpicker-ad\"><\/span>Martin Luther King, Jr., var en Fisk.<span class=\"ez-toc-section-end\"><\/span><span class=\"ez-toc-section-end\"><\/span><\/h2>\n<p>F\u00f6delsediagram f\u00f6r Martin Luther King, Jr. <\/p>\n<p>det f\u00f6rklarar mycket om hans arv. <\/p>\n<p>  Han exemplifierade attributen som matchade hans stj\u00e4rnteckenresa, att vara en st\u00e5ndaktig Stenbocken med en m\u00e5ne i empatiska Fiskarna.<\/p>\n<h2><span class=\"ez-toc-section\" id=\"Martin_Luther_King_Jr_var_en_Tvilling\"><\/span><span class=\"ez-toc-section\" id=\"Martin_Luther_King_Jr_era_Geminis\"><\/span><span id=\"ezoic-pub-ad-placeholder-145\" class=\"ezoic-adpicker-ad\"><\/span>Martin Luther King, Jr., var en Tvilling.<span class=\"ez-toc-section-end\"><\/span><span class=\"ez-toc-section-end\"><\/span><\/h2>\n<p>Doktorn. <\/p>\n<p>Martin Luther King Jr. <\/p>\n<p>han \u00e4r en Stenbocken p\u00e5 grund av sin position f\u00f6r soltecken. <\/p>\n<p>  Detta tecken \u00e4r k\u00e4nt f\u00f6r att vara ambiti\u00f6st, p\u00e5litligt, intelligent och h\u00e5rt arbetande. <\/p>\n<p>  F\u00f6delsehoroskopet f\u00f6r Dr. <\/p>\n<p>King kan ha hj\u00e4lpt hennes ledarskapsf\u00f6rm\u00e5ga och drivkraft f\u00f6r j\u00e4mst\u00e4lldhet. <\/p>\n<p>  Universums kosmiska energi kunde ha varit drivkraften bakom denna stora humanit\u00e4rs resa.<\/p>\n<h2><span class=\"ez-toc-section\" id=\"Martin_Luther_foddes_ar_1517\"><\/span><span class=\"ez-toc-section\" id=\"Martin_Lutero_nacio_en_el_ano_1517\"><\/span><span id=\"ezoic-pub-ad-placeholder-146\" class=\"ezoic-adpicker-ad\"><\/span><span class=\"ezoic-ad ezoic-at-0 large-leaderboard-2 large-leaderboard-2146 adtester-container adtester-container-146\" data-ez-name=\"hiszodiac_com-large-leaderboard-2\"><span id=\"div-gpt-ad-hiszodiac_com-large-leaderboard-2-0\" ezaw=\"728\" ezah=\"90\" style=\"position:relative;z-index:0;display:inline-block;padding:0;width:100%;max-width:1200px;margin-left:auto!important;margin-right:auto!important;min-height:90px;min-width:728px\" class=\"ezoic-ad\"><\/span><\/span>Martin Luther f\u00f6ddes \u00e5r 1517.<span class=\"ez-toc-section-end\"><\/span><span class=\"ez-toc-section-end\"><\/span><\/h2>\n<p>Martin Luther f\u00f6ddes den 10 november 1483 i en bondefamilj i Eisleben, det heliga romerska riket, i det som nu \u00e4r \u00f6stra Tyskland.<\/p>\n<p>Luthers familj flyttade fr\u00e5n Eisleben till Mansfeld kort efter hans f\u00f6delse. <\/p>\n<p>  Mansfeld var en st\u00f6rre gruvstad och hans far var en relativt framg\u00e5ngsrik gruvarbetare och sm\u00e4ltverk. <\/p>\n<p>  Martin Luther var den andra sonen till Hans och Magarete (Lindemann) Luther. <\/p>\n<p>  Under pestens utbrott dog tv\u00e5 av hans br\u00f6der. <\/p>\n<p>  James, den andra brodern, levde till vuxen \u00e5lder.<\/p>\n<p>Luthers far var v\u00e4l medveten om att gruvdrift var en cyklisk verksamhet och ville ha mer stabilitet f\u00f6r sin briljanta son.<\/p>\n<p>Hans Luther best\u00e4mde sig f\u00f6r att g\u00f6ra vad som var n\u00f6dv\u00e4ndigt f\u00f6r att s\u00e4kerst\u00e4lla Martins f\u00f6rm\u00e5ga att ut\u00f6va advokatverksamhet. <\/p>\n<p>  Martin b\u00f6rjade skolan i Mansfeld vid cirka sju \u00e5rs \u00e5lder, tack vare Hans insatser. <\/p>\n<p>  Institutionen lade stor vikt vid latin, samt logik och retorik. <\/p>\n<p>  Martin skickades till Magdeburg f\u00f6r att forts\u00e4tta sina studier n\u00e4r han var 14 \u00e5r. <\/p>\n<p>  Han stannade kort i Magdeburg i ett \u00e5r innan han skrev in sig p\u00e5 en latinskola i Eisenach fram till 1501. <\/p>\n<p>\u00c5r 1501 skrev han sig in vid universitetet i Erfurt f\u00f6r att studera grundkursen f\u00f6r en magisterexamen (grammatik, logik, retorik, metafysik, etc\u00e9tera.). <\/p>\n<p>  Betydelsen av William av Occams teologi och metafysik i Erfurts l\u00e4roplan f\u00f6r hans andliga och teologiska utveckling var betydande. <\/p>\n<p>  \u00c5r 1505 verkade det som om Luthers ambitioner om Han \u00e4ntligen skulle f\u00f6rverkligas. <\/p>\n<p>  Hans son var p\u00e5 v\u00e4g att bli advokat. <\/p>\n<p>  Ett \u00e5skv\u00e4der och en omr\u00f6stning st\u00f6rde Luther av Hans planer.<\/p>\n<p>Martin f\u00e5ngades i ett fruktansv\u00e4rt \u00e5skv\u00e4der i juli 1505.<\/p>\n<p>Han ropade ett l\u00f6fte, livr\u00e4dd att han skulle d\u00f6: \u201dJag blir munk om du r\u00e4ddar mig, heliga Anna. <\/p>\n<p>  Santa Ana \u00e4r gruvarbetarnas skyddshelgon och Jungfru Marias mor. <\/p>\n<p>  De flesta tror att viljan att bli munk inte kom fr\u00e5n ingenstans, utan var resultatet av en intensifierande upplevelse d\u00e4r en redan bildad f\u00f6rest\u00e4llning breddades och f\u00f6rdjupades. <\/p>\n<p>  Luther gick in i Augustinerklostret i Erfurt den 17 juli.<\/p>\n<p>Det var ett sv\u00e5rt beslut att g\u00e5 in i klostret. <\/p>\n<p>  Martin var v\u00e4l medveten om att han skulle g\u00f6ra sina f\u00f6r\u00e4ldrar besvikna (och det gjorde han), men han f\u00f6rstod ocks\u00e5 vikten av att h\u00e5lla ett l\u00f6fte till Gud. <\/p>\n<p>  F\u00f6rutom det hade han tvingande interna sk\u00e4l f\u00f6r att g\u00e5 med i klostret. <\/p>\n<p>  Luther pl\u00e5gades av tvivel om sin egen fr\u00e4lsning (han beskriver dessa os\u00e4kerheter i sl\u00e5ende toner och kallar dem Anfectungen, eller Afflictions). <\/p>\n<p>Ett kloster var den idealiska milj\u00f6n f\u00f6r att finna fred.<\/p>\n<p>S\u00e4kerheten, \u00e5 andra sidan, g\u00e4ckade honom. <\/p>\n<p>  Han kastade sig helhj\u00e4rtat in i livet som en munk. <\/p>\n<p>  Det verkade inte vara till n\u00e5gon nytta. <\/p>\n<p>  Slutligen r\u00e5dde hans gu\u00eda honom att enbart fokusera p\u00e5 Kristus i hans s\u00f6kande efter sj\u00e4lvf\u00f6rtroende. <\/p>\n<p>  \u00c4ven om hans r\u00e4dsla skulle forts\u00e4tta att f\u00f6rf\u00f6lja honom i \u00e5ratal, planterade det samtalet r\u00f6tterna f\u00f6r hans eventuella s\u00e4kerhet.<\/p>\n<p>Luther reste till Rom 1510 som en del av en delegation fr\u00e5n sitt kloster (han var inte s\u00e4rskilt imponerad av vad han s\u00e5g). <\/p>\n<p>Han flyttade fr\u00e5n klostret i Erfurt till ett i Wittenberg 1511, d\u00e4r han blev professor i biblisk teologi vid det nyskapade universitetet i Wittenberg efter att ha tagit sin doktorsexamen i gudomlighet.<\/p>\n<p>1513 b\u00f6rjade han f\u00f6r f\u00f6rsta g\u00e5ngen f\u00f6rel\u00e4sa om psaltaren.<\/p>\n<p>Luthers kritik av den religi\u00f6sa v\u00e4rlden omkring honom b\u00f6rjar ta form i dessa f\u00f6rel\u00e4sningar. <\/p>\n<p>  Denna kritik blir mer uppenbar senare, i f\u00f6rel\u00e4sningar om Paulus brev till romarna (1515\/16). <\/p>\n<p>  Luther uppt\u00e4ckte till slut det sj\u00e4lvf\u00f6rtroende som hade g\u00e4ckat honom i \u00e5ratal under dessa konferenser. <\/p>\n<p>  Luthers liv p\u00e5verkades av en uppt\u00e4ckt som \u00e4ndrade riktningen f\u00f6r kyrkohistorien och den europeiska historien. <\/p>\n<p>  Paulus skriver i Romarbrevet om \u201dGuds r\u00e4ttf\u00e4rdighet. <\/p>\n<p>Den frasen har alltid betytt f\u00f6r Luther att Gud var en r\u00e4ttvis domare som kr\u00e4vde m\u00e4nsklig r\u00e4ttvisa. <\/p>\n<p>  Luther s\u00e5g nu r\u00e4ttvisa som en g\u00e5va av Guds n\u00e5d. <\/p>\n<p>  Teorin om r\u00e4ttf\u00e4rdigg\u00f6relsen av enbart n\u00e5d hade hittats (eller \u00e5tervunnits) av honom. <\/p>\n<p>  Denna uppt\u00e4ckt gjorde honom uppr\u00f6rd.<\/p>\n<p>Han lade upp ett avhandlingsark f\u00f6r debatt p\u00e5 d\u00f6rren till universitetskapellet 1517. <\/p>\n<p>Dessa 95 teser presenterade en svidande kritik av kyrkans f\u00f6rs\u00e4ljning av avlatsbrev och f\u00f6rklarade grunderna f\u00f6r r\u00e4ttf\u00e4rdigg\u00f6relse av n\u00e5d enbart. <\/p>\n<p>  Luther skickade ocks\u00e5 en kopia av sina teser till \u00e4rkebiskop Albrecht av Mainz och beg\u00e4rde att f\u00f6rs\u00e4ljningen av avlatsbrev skulle stoppas. <\/p>\n<p>  Alberto var irriterad. <\/p>\n<p>  Kardinalerna i Rom s\u00e5g Luthers teser som en utmaning f\u00f6r p\u00e5vlig auktoritet. <\/p>\n<p>  Luther beskrev sina \u00e5sikter \u00e4nnu mer exakt 1518 vid en konferens f\u00f6r Augustinerorden i Heidelberg. <\/p>\n<p>  Vi kan hitta sp\u00e5r av Luthers sinne som utvecklas och \u00f6ka klarheten kring hans teologiska perspektiv: Korsteologin i Heidelbergstvisten.<\/p>\n<p>Den p\u00e5vliga legaten, kardinal Thomas Cajetan, sa \u00e5t Luther att dra tillbaka sina \u00e5sikter efter Heidelbergm\u00f6tet i oktober 1518. <\/p>\n<p>Luther h\u00e4vdade att han inte kunde dra tillbaka det f\u00f6rr\u00e4n hans fel p\u00e5pekats f\u00f6r honom p\u00e5 auktoritet. <\/p>\n<p>Faktum \u00e4r att han inte kunde dra tillbaka det p\u00e5 grund av skrifterna och f\u00f6rnuftet. <\/p>\n<p>  Luthers ovilja att s\u00e4ga upp sig banade v\u00e4gen f\u00f6r hans utvisning.<\/p>\n<p>Luther fortsatte att f\u00f6rel\u00e4sa och skriva i Wittenberg under hela 1519. <\/p>\n<p>Han deltog i en annan debatt om avlat och p\u00e5ved\u00f6met i Leipzig i juni och juli samma \u00e5r. <\/p>\n<p>  P\u00e5ven fick \u00e4ntligen nog 1520. <\/p>\n<p>P\u00e5ven hotade Luther med bannlysning i en tjur (Exsurge DominiArise O&#8217;Lord) utf\u00e4rdad den 15 juni. <\/p>\n<p>  Den 10 oktober fick Luther tjuren. <\/p>\n<p>  Den 10 december br\u00e4nde han den offentligt.<\/p>\n<p>Luther bannlystes av p\u00e5ven i januari 1521.<\/p>\n<p>Kejsar Karl V kallade honom till Worms i mars f\u00f6r att f\u00f6rsvara sig. <\/p>\n<p>  Luther v\u00e4grade att avs\u00e4ga sig sina \u00e5sikter under riksdagen i Worms. <\/p>\n<p>  Oavsett om han sa det eller inte, \u00abJag st\u00e5r h\u00e4r och vet inte vad jag kan g\u00f6ra mer. <\/p>\n<p>  Vad som \u00e4r k\u00e4nt \u00e4r att han v\u00e4grade att \u00e5terkalla och f\u00f6rsattes i kejserligt f\u00f6rbud den 8 maj.<\/p>\n<p>Detta f\u00f6rsatte Luther och hans hertig i en besv\u00e4rlig situation. <\/p>\n<p>  Luther var nu en efterlyst man som hade d\u00f6mts till d\u00f6den. <\/p>\n<p>  Luther tog sin tillflykt till Wartburg till maj 1522, d\u00e5 han \u00e5terv\u00e4nde till Wittenberg. <\/p>\n<p>  Han fortsatte att undervisa. <\/p>\n<p>  Luther l\u00e4mnade klostret 1524. <\/p>\n<p>Han gifte sig med Katharina von Bora 1525.<\/p>\n<p>Han var dekanus vid Wittenbergs teologiska fakultet fr\u00e5n 1533 till sin d\u00f6d 1546. <\/p>\n<p>Den 18 februari 1546 dog han i Eisleben.<\/p>\n<h2><span class=\"ez-toc-section\" id=\"Nar_faller_Stenbockens_datum\"><\/span><span class=\"ez-toc-section\" id=\"%C2%BFCuando_caen_las_fechas_de_Capricornio\"><\/span><span id=\"ezoic-pub-ad-placeholder-147\" class=\"ezoic-adpicker-ad\"><\/span><span class=\"ezoic-ad ezoic-at-0 leader-1 leader-1147 adtester-container adtester-container-147\" data-ez-name=\"hiszodiac_com-leader-1\"><span id=\"div-gpt-ad-hiszodiac_com-leader-1-0\" ezaw=\"336\" ezah=\"280\" style=\"position:relative;z-index:0;display:inline-block;padding:0;width:100%;max-width:1200px;margin-left:auto!important;margin-right:auto!important;min-height:280px;min-width:336px\" class=\"ezoic-ad\"><\/span><\/span>N\u00e4r faller Stenbockens datum?<span class=\"ez-toc-section-end\"><\/span><span class=\"ez-toc-section-end\"><\/span><\/h2>\n<p>Stenbocken (allm\u00e4nt k\u00e4nd som Stenbocken) \u00e4r det tionde stj\u00e4rntecknet inom astrologi, som styr tidsperioden fr\u00e5n cirka 22 december till cirka 19 januari. <\/p>\n<p>Den grekiska historien om Pan, som hoppade i havet precis n\u00e4r han f\u00f6rvandlades till ett djur. <\/p>\n<p>att fly fr\u00e5n monstret Typhon, ger en f\u00f6rklaring till fisksvansen som geten ofta avbildas med. <\/p>\n<p>  Den \u00f6vre halvan, eller huvudet, tog formen av en get, medan den nedre halvan, eller svansen, tog formen av en fisk.<\/p>\n<h2><span class=\"ez-toc-section\" id=\"Martin_Luther_King_Jr\"><\/span><span id=\"ezoic-pub-ad-placeholder-148\" class=\"ezoic-adpicker-ad\"><\/span><span class=\"ezoic-ad ezoic-at-0 large-mobile-banner-2 large-mobile-banner-2148 adtester-container adtester-container-148\" data-ez-name=\"hiszodiac_com-large-mobile-banner-2\"><span id=\"div-gpt-ad-hiszodiac_com-large-mobile-banner-2-0\" ezaw=\"300\" ezah=\"250\" style=\"position:relative;z-index:0;display:inline-block;padding:0;min-height:250px;min-width:300px\" class=\"ezoic-ad\"><\/span><\/span>Martin Luther King, Jr. <\/p>\n<span class=\"ez-toc-section-end\"><\/span><\/h2>\n<p>skakade hand med vem?\n<\/p>\n<p>President Lyndon B. <\/p>\n<p>Johnson skakar hand med pastor Martin Luther King, Jr., efter att ha erbjudit honom en penna under undertecknandet av Civil Rights Bill i Vita huset den 2 juli 1964. <\/p>\n<p>1964, Washington, D.C.<\/p>\n<p>Tusentals gatunamn och offentliga byggnader i USA \u00e4r uppkallade efter Martin Luther King. <\/p>\n<p>  Det \u00e4r en nationell helgdag p\u00e5 hans f\u00f6delsedag. <\/p>\n<p>  Miljontals har h\u00f6rt hans \u00abI Have a Dream\u00bb-tal. <\/p>\n<p>  Han anses vara en av de mest inflytelserika personerna i kampen f\u00f6r medborgerliga r\u00e4ttigheter runt om i v\u00e4rlden.<\/p>\n<p>P\u00e5 1950- och 1960-talen arbetade King och andra f\u00f6r att eliminera rassegregation (separata offentliga boenden f\u00f6r svarta och vita) och diskriminering av afroamerikaner i s\u00f6dra USA. <\/p>\n<p>  Medborgarr\u00e4ttsr\u00f6relsen fick viktiga framg\u00e5ngar under Kings ledning, inklusive \u00f6kad allm\u00e4nhetens medvetenhet om dess handlingar, \u00f6kad allm\u00e4nhetens sympati f\u00f6r dess m\u00e5l och f\u00f6r\u00e4ndringar i lagstiftningen. <\/p>\n<p>  King organiserade ickev\u00e5ldsprotester i Mahatma Gandhis anda. <\/p>\n<p>  Han h\u00e4vdade att svarta borde \u00e4gna sig \u00e5t tyst motst\u00e5nd mot all brutalitet som beg\u00e5s mot dem (inget mer v\u00e5ld). <\/p>\n<p>  1964 tilldelades han Nobels fredspris.<\/p>\n<p>King var tvungen att hantera oppositionen. <\/p>\n<p>  M\u00e5nga amerikaner motsatte sig att ge svarta ytterligare r\u00e4ttigheter och m\u00f6jligheter. <\/p>\n<p>  Vissa var villiga att d\u00f6 f\u00f6r sina ideal, \u00e4ven om det innebar att man d\u00f6dade medborgarr\u00e4ttsf\u00f6respr\u00e5kare. <\/p>\n<p>  Vissa medborgarr\u00e4ttsaktivister ans\u00e5g \u00e5 andra sidan att King inte gick tillr\u00e4ckligt l\u00e5ngt och ifr\u00e5gasatte om en ickev\u00e5ldsr\u00f6relse kunde lyckas. <\/p>\n<p>  Regeringen motsatte sig Kings direkta agerande. <\/p>\n<p>  M\u00e5nga demonstranter, inklusive King, greps i s\u00f6der under demonstrationer f\u00f6r medborgerliga r\u00e4ttigheter. <\/p>\n<p>  Med b\u00f6rjan 1965 fokuserade Martin Luther King p\u00e5 de underliggande problemen med fattigdom, arbetsl\u00f6shet och bristande utbildning som hindrade svarta fr\u00e5n att \u00e5tnjuta full j\u00e4mst\u00e4lldhet med vita amerikaner. <\/p>\n<p>  Han uttalade sig ocks\u00e5 mot USA:s inblandning i Vietnamkriget. <\/p>\n<p>  Regeringen agade honom f\u00f6r att han gjorde det.<\/p>\n<p>Doktorn. <\/p>\n<p>Martin Luther King Jr. <\/p>\n<p>Han m\u00f6rdades den 4 april 1968 och v\u00e4rlden s\u00f6rjde hans d\u00f6d. <\/p>\n<p>  Varf\u00f6r var denna man f\u00f6rem\u00e5l f\u00f6r b\u00e5de fiendskap och beundran?  Vad var Martin Luther Kings bidrag till medborgarr\u00e4ttsr\u00f6relsen?  Desegregeringen av Little Rock Central High School \u00e4r den f\u00f6rsta bilden i det h\u00e4r galleriet och exemplifierar de utmaningar som medborgarr\u00e4ttsaktivister st\u00e4lldes inf\u00f6r p\u00e5 1950-talet. <\/p>\n<p>  H\u00e4r tittar vi p\u00e5 tv\u00e5 avg\u00f6rande \u00f6gonblick i medborgarr\u00e4ttsr\u00f6relsen innan vi avslutar med Kings alltf\u00f6r tidiga d\u00f6d.<\/p>\n<h2><span class=\"ez-toc-section\" id=\"Martin_Luther_foddes_i_staden_Wittenberg_Tyskland\"><\/span><span class=\"ez-toc-section\" id=\"Martin_Lutero_nacio_en_la_ciudad_de_Wittenberg_Alemania\"><\/span><span id=\"ezoic-pub-ad-placeholder-153\" class=\"ezoic-adpicker-ad\"><\/span><span class=\"ezoic-ad ezoic-at-0 large-mobile-banner-1 large-mobile-banner-1153 adtester-container adtester-container-153\" data-ez-name=\"hiszodiac_com-large-mobile-banner-1\"><span id=\"div-gpt-ad-hiszodiac_com-large-mobile-banner-1-0\" ezaw=\"300\" ezah=\"250\" style=\"position:relative;z-index:0;display:inline-block;padding:0;min-height:250px;min-width:300px\" class=\"ezoic-ad\"><\/span><\/span>Martin Luther f\u00f6ddes i staden Wittenberg, Tyskland.<span class=\"ez-toc-section-end\"><\/span><span class=\"ez-toc-section-end\"><\/span><\/h2>\n<p>Martin Luther (10 november 1483, Eisleben, Sachsen; 18 februari 1546, Eisleben) var en tysk teolog och religi\u00f6s reformator som inledde den protestantiska reformationen p\u00e5 1500-talet.<\/p>\n<p>Vi hoppas att du gillade v\u00e5r artikel Vad \u00e4r stj\u00e4rntecknet f\u00f6r Martin Luther King Jr.? och allt relaterat till horoskop, tarot, ritualer och allt relaterat.<\/p>\n<figure class=\"wp-block-table is-style-regular\">\n<\/figure>\n<p>Intressanta saker att veta inneb\u00f6rden: Tarot  <\/p>\n<p>\u00c4ven h\u00e4r l\u00e4mnar vi \u00e4mnen relaterade till: Tarot<\/p>\n<\/p>\n<ul class=\"ez-toc-list ez-toc-list-level-1 eztoc-toggle-hide-by-default\">\n<li class=\"ez-toc-page-1 ez-toc-heading-level-2\">  Vilket \u00e4r stj\u00e4rntecknet f\u00f6r Martin Luther King Jr.?\n <\/li>\n<li class=\"ez-toc-page-1 ez-toc-heading-level-2\">Martin Luther King, Jr., var en Fisk.<\/li>\n<li class=\"ez-toc-page-1 ez-toc-heading-level-2\">Martin Luther King, Jr., var en Tvilling.<\/li>\n<li class=\"ez-toc-page-1 ez-toc-heading-level-2\">Martin Luther f\u00f6ddes \u00e5r 1517.<\/li>\n<li class=\"ez-toc-page-1 ez-toc-heading-level-2\">N\u00e4r faller Stenbockens datum?<\/li>\n<li class=\"ez-toc-page-1 ez-toc-heading-level-2\">Martin Luther King, Jr. .ai-rotate  .ai-rotate-hidden  .ai-rotate-hidden-2  .ai-list-data, .ai-ip-data, .ai-filter-check, .ai-fallback, .ai-list-block, .ai-list-block-ip, .ai -list-block-filter  .ai-list-data, .ai-ip-data, .ai-filter-check, .ai-fallback  window.demandSupply &#038;&#038; demandSupply.aparece &#038;&#038; demandSupply. aparece.displayAd(&#8216;goroskop.tv_fluid_lb+sq_1new&#8217;) window.demandSupply &#038;&#038; demandSupply.aparece &#038;&#038; demandSupply.aparece.displayAd(&#8216;goroskop.tv_fluid_lb+sq_2new&#8217;) skakade vems hand?<\/li>\n<li class=\"ez-toc-page-1 ez-toc-heading-level-2\">Martin Luther f\u00f6ddes i staden Wittenberg, Tyskland.<\/li>\n<\/ul>\n<p><\/p>\n<p>Vi hoppas att du gillade v\u00e5r artikel Vad \u00e4r stj\u00e4rntecknet f\u00f6r Martin Luther King<br \/>\n och allt om horoskop, tarot, ritualer och allt relaterat till det &#8230;<\/p>\n<figure class=\"wp-block-table is-style-regular\">\n<table style=\"width: 284px; height: 157px;\">\n<tbody>\n<tr>\n<td class=\"has-text-align-center\" data-align=\"center\"><img loading=\"lazy\" decoding=\"async\" class=\"alignleft\" src=\" https:\/\/goroskop.tv\/wp-content\/uploads\/2023\/05\/tarot1.jpg \" alt=\" Vad \u00e4r stj\u00e4rntecknet f\u00f6r Martin Luther King\n \" width=\"65\" height=\"95\" title=\"\"><img loading=\"lazy\" decoding=\"async\" class=\"alignleft\" style=\"width: 60px;\" src=\" https:\/\/goroskop.tv\/wp-content\/uploads\/2023\/05\/tarot2.jpg \" alt=\" Vad \u00e4r stj\u00e4rntecknet f\u00f6r Martin Luther King\n \" width=\"195\" height=\"300\" title=\"\"><img decoding=\"async\" class=\"alignleft\" style=\"width: 60px;\" src=\" https:\/\/goroskop.tv\/wp-content\/uploads\/2023\/05\/tarot3.jpg \" alt=\" Vad \u00e4r stj\u00e4rntecknet f\u00f6r Martin Luther King\n \" title=\"\"><\/td>\n<\/tr>\n<\/tbody>\n<\/table>\n<\/figure>\n<p>Intressanta saker att veta inneb\u00f6rden: <a href=\"https:\/\/sv.wikipedia.org\/wiki\/Tarot\" target=\"_blank\" rel=\"nofollow noopener\"> Tarot <\/a> <\/p>\n<p>H\u00e4r l\u00e4mnar vi ocks\u00e5 \u00e4mnen relaterade till: <a href=\" https:\/\/goroskop.tv\/sw\/kommer-leo-och-skorpionen-overens-som-vanner\/\">Tarot<\/a><\/p>\n<div id=\"ez-toc-container\" class=\"ez-toc-v2_0_82_2 ez-toc-wrap-center counter-hierarchy ez-toc-counter ez-toc-grey ez-toc-container-direction\">\n<div class=\"ez-toc-title-container\">\n<div class=\"ez-toc-title\" style=\"cursor:inherit\">Table of Contents<\/div>\n<span class=\"ez-toc-title-toggle\"><a href=\"#\" class=\"ez-toc-pull-right ez-toc-btn ez-toc-btn-xs ez-toc-btn-default ez-toc-toggle\" aria-label=\"Alternar tabla de contenidos\"><span class=\"ez-toc-js-icon-con\"><span class=\"\"><span class=\"eztoc-hide\" style=\"display:none;\">Toggle<\/span><span class=\"ez-toc-icon-toggle-span\"><svg style=\"fill: #999;color:#999\" xmlns=\"http:\/\/www.w3.org\/2000\/svg\" class=\"list-377408\" width=\"20px\" height=\"20px\" viewBox=\"0 0 24 24\" fill=\"none\"><path d=\"M6 6H4v2h2V6zm14 0H8v2h12V6zM4 11h2v2H4v-2zm16 0H8v2h12v-2zM4 16h2v2H4v-2zm16 0H8v2h12v-2z\" fill=\"currentColor\"><\/path><\/svg><svg style=\"fill: #999;color:#999\" class=\"arrow-unsorted-368013\" xmlns=\"http:\/\/www.w3.org\/2000\/svg\" width=\"10px\" height=\"10px\" viewBox=\"0 0 24 24\" version=\"1.2\" baseProfile=\"tiny\"><path d=\"M18.2 9.3l-6.2-6.3-6.2 6.3c-.2.2-.3.4-.3.7s.1.5.3.7c.2.2.4.3.7.3h11c.3 0 .5-.1.7-.3.2-.2.3-.5.3-.7s-.1-.5-.3-.7zM5.8 14.7l6.2 6.3 6.2-6.3c.2-.2.3-.5.3-.7s-.1-.5-.3-.7c-.2-.2-.4-.3-.7-.3h-11c-.3 0-.5.1-.7.3-.2.2-.3.5-.3.7s.1.5.3.7z\"\/><\/svg><\/span><\/span><\/span><\/a><\/span><\/div>\n<nav><ul class='ez-toc-list ez-toc-list-level-1 eztoc-toggle-hide-by-default' ><li class='ez-toc-page-1 ez-toc-heading-level-2'><a class=\"ez-toc-link ez-toc-heading-1\" href=\"https:\/\/goroskop.tv\/sw\/vad-ar-stjarntecknet-for-martin-luther-king\/#Vilket_ar_stjarntecknet_for_Martin_Luther_King_Jr\" >Vilket \u00e4r stj\u00e4rntecknet f\u00f6r Martin Luther King Jr.?<\/a><\/li><li class='ez-toc-page-1 ez-toc-heading-level-2'><a class=\"ez-toc-link ez-toc-heading-2\" href=\"https:\/\/goroskop.tv\/sw\/vad-ar-stjarntecknet-for-martin-luther-king\/#Martin_Luther_King_Jr_var_en_Fisk\" >Martin Luther King, Jr., var en Fisk.<\/a><\/li><li class='ez-toc-page-1 ez-toc-heading-level-2'><a class=\"ez-toc-link ez-toc-heading-3\" href=\"https:\/\/goroskop.tv\/sw\/vad-ar-stjarntecknet-for-martin-luther-king\/#Martin_Luther_King_Jr_var_en_Tvilling\" >Martin Luther King, Jr., var en Tvilling.<\/a><\/li><li class='ez-toc-page-1 ez-toc-heading-level-2'><a class=\"ez-toc-link ez-toc-heading-4\" href=\"https:\/\/goroskop.tv\/sw\/vad-ar-stjarntecknet-for-martin-luther-king\/#Martin_Luther_foddes_ar_1517\" >Martin Luther f\u00f6ddes \u00e5r 1517.<\/a><\/li><li class='ez-toc-page-1 ez-toc-heading-level-2'><a class=\"ez-toc-link ez-toc-heading-5\" href=\"https:\/\/goroskop.tv\/sw\/vad-ar-stjarntecknet-for-martin-luther-king\/#Nar_faller_Stenbockens_datum\" >N\u00e4r faller Stenbockens datum?<\/a><\/li><li class='ez-toc-page-1 ez-toc-heading-level-2'><a class=\"ez-toc-link ez-toc-heading-6\" href=\"https:\/\/goroskop.tv\/sw\/vad-ar-stjarntecknet-for-martin-luther-king\/#Martin_Luther_King_Jr\" >Martin Luther King, Jr.<\/a><\/li><li class='ez-toc-page-1 ez-toc-heading-level-2'><a class=\"ez-toc-link ez-toc-heading-7\" href=\"https:\/\/goroskop.tv\/sw\/vad-ar-stjarntecknet-for-martin-luther-king\/#Martin_Luther_foddes_i_staden_Wittenberg_Tyskland\" >Martin Luther f\u00f6ddes i staden Wittenberg, Tyskland.<\/a><\/li><\/ul><\/nav><\/div>\n","protected":false},"excerpt":{"rendered":"<p>Vilket \u00e4r stj\u00e4rntecknet f\u00f6r Martin Luther King Jr.? En av de viktigaste aspekterna som conformar v\u00e5r personlighet och hur vi uttrycker oss i v\u00e4rlden \u00e4r v\u00e5rt soltecken. Solen i Stenbocken av Dr. King gav honom en stark ledare som effektivt kunde organisera individer och grupper. King f\u00f6dde inte bara sina egna barn, utan ocks\u00e5 en &hellip;<\/p>\n","protected":false},"author":1,"featured_media":38,"comment_status":"closed","ping_status":"closed","sticky":false,"template":"","format":"standard","meta":{"footnotes":""},"categories":[4],"tags":[10,7,1822,7300,7299,134,43],"class_list":["post-37036","post","type-post","status-publish","format-standard","has-post-thumbnail","hentry","category-tarot","tag-ar","tag-for","tag-king","tag-luther","tag-martin","tag-stjarntecknet","tag-vad"],"_links":{"self":[{"href":"https:\/\/goroskop.tv\/sw\/wp-json\/wp\/v2\/posts\/37036","targetHints":{"allow":["GET"]}}],"collection":[{"href":"https:\/\/goroskop.tv\/sw\/wp-json\/wp\/v2\/posts"}],"about":[{"href":"https:\/\/goroskop.tv\/sw\/wp-json\/wp\/v2\/types\/post"}],"author":[{"embeddable":true,"href":"https:\/\/goroskop.tv\/sw\/wp-json\/wp\/v2\/users\/1"}],"replies":[{"embeddable":true,"href":"https:\/\/goroskop.tv\/sw\/wp-json\/wp\/v2\/comments?post=37036"}],"version-history":[{"count":0,"href":"https:\/\/goroskop.tv\/sw\/wp-json\/wp\/v2\/posts\/37036\/revisions"}],"wp:featuredmedia":[{"embeddable":true,"href":"https:\/\/goroskop.tv\/sw\/wp-json\/wp\/v2\/media\/38"}],"wp:attachment":[{"href":"https:\/\/goroskop.tv\/sw\/wp-json\/wp\/v2\/media?parent=37036"}],"wp:term":[{"taxonomy":"category","embeddable":true,"href":"https:\/\/goroskop.tv\/sw\/wp-json\/wp\/v2\/categories?post=37036"},{"taxonomy":"post_tag","embeddable":true,"href":"https:\/\/goroskop.tv\/sw\/wp-json\/wp\/v2\/tags?post=37036"}],"curies":[{"name":"wp","href":"https:\/\/api.w.org\/{rel}","templated":true}]}}