{"id":37069,"date":"2023-08-27T16:37:05","date_gmt":"2023-08-27T16:37:05","guid":{"rendered":"https:\/\/goroskop.tv\/sw\/vilket-ar-ditt-stjarntecken-for-den-28e\/"},"modified":"2023-08-27T16:37:05","modified_gmt":"2023-08-27T16:37:05","slug":"vilket-ar-ditt-stjarntecken-for-den-28e","status":"publish","type":"post","link":"https:\/\/goroskop.tv\/sw\/vilket-ar-ditt-stjarntecken-for-den-28e\/","title":{"rendered":"Vilket \u00e4r ditt stj\u00e4rntecken f\u00f6r den 28:e"},"content":{"rendered":"<p><\/p>\n<h2><span class=\"ez-toc-section\" id=\"Vilket_ar_ditt_stjarntecken_den_28_september\"><\/span><span class=\"ez-toc-section\" id=\"Cual_es_tu_signo_zodiacal_para_el_28_de_septiembre\"><\/span>  Vilket \u00e4r ditt stj\u00e4rntecken den 28 september?<span class=\"ez-toc-section-end\"><\/span><span class=\"ez-toc-section-end\"><\/span><\/h2>\n<p>R\u00e4ttvisans skalor \u00e4r symbolen f\u00f6r V\u00e5gen, zodiakens sjunde tecken (23 september-22 oktober). <\/p>\n<p>  V\u00e5gen (eller Tula i vedisk astrologi) \u00e4r ett kardinalt lufttecken som styrs av Venus som ofta f\u00f6rknippas med r\u00e4ttvisa, balans, sk\u00f6nhet och harmoni.<\/p>\n<p>H\u00e4r kommer vi att f\u00f6rdjupa oss i egenskaperna hos V\u00e5gens personlighet och unders\u00f6ka hur detta tecken n\u00e4rmar sig relationer, karri\u00e4r och andra aspekter av livet.<\/p>\n<h2><span class=\"ez-toc-section\" id=\"I_vilket_tecken_ar_28_september\"><\/span><span class=\"ez-toc-section\" id=\"%C2%BFEn_que_signo_esta_el_28_de_septiembre\"><\/span><span id=\"ezoic-pub-ad-placeholder-144\" class=\"ezoic-adpicker-ad\"><\/span><span class=\"ezoic-ad ezoic-at-0 box-4 box-4144 adtester-container adtester-container-144\" data-ez-name=\"hiszodiac_com-box-4\"><span id=\"div-gpt-ad-hiszodiac_com-box-4-0\" ezaw=\"250\" ezah=\"250\" style=\"position:relative;z-index:0;display:inline-block;padding:0;width:100%;max-width:1200px;margin-left:auto!important;margin-right:auto!important;min-height:90px;min-width:728px\" class=\"ezoic-ad\"><\/span><\/span>I vilket tecken \u00e4r 28 september?<span class=\"ez-toc-section-end\"><\/span><span class=\"ez-toc-section-end\"><\/span><\/h2>\n<p>Om de har ett m\u00e5l som de tror \u00e4r satt framf\u00f6r dem, \u00e4r V\u00e5gar f\u00f6dda den 28 september utm\u00e4rkta idrottare och perfektionister av alla slag. <\/p>\n<p>  De \u00e4r riktiga k\u00e4mpar f\u00f6r idealet. <\/p>\n<p>  De fungerar effektivt i milj\u00f6er d\u00e4r de kan hj\u00e4lpa offer och alla som har upplevt trauma med en partner eller n\u00e5gon de litar p\u00e5. <\/p>\n<p>  De \u00e4r medvetna om v\u00e4rldens h\u00e5rdhet och v\u00e5ld.<\/p>\n<h2><span class=\"ez-toc-section\" id=\"September_tillhor_vilken_skylt\"><\/span><span class=\"ez-toc-section\" id=\"%C2%BFSeptiembre_pertenece_a_que_signo\"><\/span><span id=\"ezoic-pub-ad-placeholder-145\" class=\"ezoic-adpicker-ad\"><\/span><span class=\"ezoic-ad ezoic-at-0 banner-1 banner-1145 adtester-container adtester-container-145\" data-ez-name=\"hiszodiac_com-banner-1\"><span id=\"div-gpt-ad-hiszodiac_com-banner-1-0\" ezaw=\"468\" ezah=\"60\" style=\"position:relative;z-index:0;display:inline-block;padding:0;width:100%;max-width:1200px;margin-left:auto!important;margin-right:auto!important;min-height:90px;min-width:728px\" class=\"ezoic-ad\"><\/span><\/span>September tillh\u00f6r vilken skylt?<span class=\"ez-toc-section-end\"><\/span><span class=\"ez-toc-section-end\"><\/span><\/h2>\n<p>Jungfrun \u00e4r zodiakens sj\u00e4tte tecken och tros styra tiden fr\u00e5n omkring 23 augusti till omkring 22 september. <\/p>\n<p>Han framst\u00e5r som en ung kvinna som b\u00e4r p\u00e5 en bunt vete.<\/p>\n<h2><span class=\"ez-toc-section\" id=\"Vad_intresserar_Libras\"><\/span><span class=\"ez-toc-section\" id=\"%C2%BFQue_le_interesa_a_los_Libra\"><\/span><span id=\"ezoic-pub-ad-placeholder-146\" class=\"ezoic-adpicker-ad\"><\/span>Vad intresserar Libras?<span class=\"ez-toc-section-end\"><\/span><span class=\"ez-toc-section-end\"><\/span><\/h2>\n<p>Fj\u00e4ll \u00e4r det enda livl\u00f6sa f\u00f6rem\u00e5let i zodiaken och symbolen f\u00f6r V\u00e5gen, ett lufttecken, som understryker V\u00e5gens besatthet av harmoni och balans. <\/p>\n<p>  V\u00e5gen sysslar med symmetri och str\u00e4var efter att uppn\u00e5 harmoni p\u00e5 alla livets sf\u00e4rer. <\/p>\n<p>  Zodiakkonstn\u00e4rer representeras av dessa lufttecken: V\u00e5gar brinner f\u00f6r sk\u00f6n konst, intellektualism och kunskap. <\/p>\n<p>  De styrs av Venus, k\u00e4rlekens, sk\u00f6nhetens och rikedomens planet. <\/p>\n<p>  Despacio Libras beh\u00f6ver omge sig med vackra saker och designutrymmen som \u00e4r en \u00e5terspegling av deras fina preferenser. <\/p>\n<p>  Dessa flygindikationer \u00e4r d\u00e4rf\u00f6r fantastiska stylister, konstkritiker, designers och dekorat\u00f6rer.<\/p>\n<h2><span class=\"ez-toc-section\" id=\"Vilken_typ_av_djur_ar_en_vag\"><\/span><span class=\"ez-toc-section\" id=\"%C2%BFQue_clase_de_animal_es_un_Libra\"><\/span><span id=\"ezoic-pub-ad-placeholder-147\" class=\"ezoic-adpicker-ad\"><\/span><span class=\"ezoic-ad ezoic-at-0 leader-1 leader-1147 adtester-container adtester-container-147\" data-ez-name=\"hiszodiac_com-leader-1\"><span id=\"div-gpt-ad-hiszodiac_com-leader-1-0\" ezaw=\"300\" ezah=\"250\" style=\"position:relative;z-index:0;display:inline-block;padding:0;min-height:250px;min-width:300px\" class=\"ezoic-ad\"><\/span><\/span>Vilken typ av djur \u00e4r en v\u00e5g?<span class=\"ez-toc-section-end\"><\/span><span class=\"ez-toc-section-end\"><\/span><\/h2>\n<p>N\u00e4r de hittar den perfekta presenten \u00e4lskar de uppvaktningen som leder till ett engagerat f\u00f6rh\u00e5llande och hoppas att det varar l\u00e4nge.<\/p>\n<p>Den gr\u00e5 vargen \u00e4r v\u00e5gens andedjur. <\/p>\n<p>  Gr\u00e5 vargar \u00e4r extremt h\u00e4ngivna djur, ungef\u00e4r som stj\u00e4rntecknet.<\/p>\n<p>Liksom deras andedjur hatar V\u00e5gar att vara ensamma och f\u00f6redrar att arbeta i grupper eller par.<\/p>\n<p>GL\u00d6M ALDRIG:<\/p>\n<p>K\u00e4rleksastrologi 2020 relationsf\u00f6ruts\u00e4gelser f\u00f6r Skyttens astrologiska tecken<\/p>\n<h2><span class=\"ez-toc-section\" id=\"Ar_vagar_palitliga\"><\/span><span class=\"ez-toc-section\" id=\"%C2%BFSon_los_Libra_confiables\"><\/span><span id=\"ezoic-pub-ad-placeholder-148\" class=\"ezoic-adpicker-ad\"><\/span><span class=\"ezoic-ad ezoic-at-0 large-mobile-banner-1 large-mobile-banner-1148 adtester-container adtester-container-148\" data-ez-name=\"hiszodiac_com-large-mobile-banner-1\"><span id=\"div-gpt-ad-hiszodiac_com-large-mobile-banner-1-0\" ezaw=\"300\" ezah=\"250\" style=\"position:relative;z-index:0;display:inline-block;padding:0;min-height:250px;min-width:300px\" class=\"ezoic-ad\"><\/span><\/span>\u00c4r v\u00e5gar p\u00e5litliga?<span class=\"ez-toc-section-end\"><\/span><span class=\"ez-toc-section-end\"><\/span><\/h2>\n<p>Du kan aldrig hitta en b\u00e4ttre \u00e4lskare, partner eller v\u00e4n \u00e4n en V\u00e5g, s\u00e5 om du n\u00e5gonsin har \u00e4lskat en annan V\u00e5g som inte l\u00e4ngre finns i ditt liv, v\u00e4nligen acceptera mina uppriktiga urs\u00e4kter. <\/p>\n<p>  Du kanske undrar varf\u00f6r v\u00e5gar \u00e4r s\u00e5 fantastiska. <\/p>\n<p>  M\u00e4nniskor f\u00f6dda mellan 23 september och 22 oktober s\u00f6ker st\u00e4ndigt balans i alla aspekter av sina liv, fr\u00e5n arbete och relationer till familj och relationer. <\/p>\n<p>  V\u00e5gar \u00e4r som b\u00e4st n\u00e4r de s\u00f6ker denna k\u00e4nsla av balans under alla omst\u00e4ndigheter. <\/p>\n<p>  Om du t\u00e4nker, \u00ab\u00c4r v\u00e5garna lojala?\u00bb, \u00e4r svaret definitivt ja. <\/p>\n<p>  Deras drivkraft att f\u00e5 ordning p\u00e5 allt g\u00f6r dem till den idealiska presenten f\u00f6r att ge m\u00e4nniskor perspektiv.<\/p>\n<p>Det enda en V\u00e5g \u00e4r s\u00e4ker p\u00e5 \u00e4r att de \u00e4lskar k\u00e4rlek. <\/p>\n<p>  Dessa m\u00e4nniskor \u00e4r k\u00e4nda f\u00f6r att vara flirtig och charmiga, och de gillar att ge k\u00e4rlek lika mycket som att ta emot den. <\/p>\n<p>  Av k\u00e4rlek \u00e4r de villiga att offra det de beh\u00f6ver f\u00f6r andra och skapa lycka f\u00f6r andra, vilket i sin tur bidrar till deras egen lycka.<\/p>\n<h2><span class=\"ez-toc-section\" id=\"Ar_vagar_utmarkta_alskare\"><\/span><span class=\"ez-toc-section\" id=\"%C2%BFLos_Libra_son_excelentes_amantes\"><\/span><span id=\"ezoic-pub-ad-placeholder-153\" class=\"ezoic-adpicker-ad\"><\/span><span class=\"ezoic-ad ezoic-at-0 large-mobile-banner-2 large-mobile-banner-2153 adtester-container adtester-container-153\" data-ez-name=\"hiszodiac_com-large-mobile-banner-2\"><span id=\"div-gpt-ad-hiszodiac_com-large-mobile-banner-2-0\" ezaw=\"250\" ezah=\"250\" style=\"position:relative;z-index:0;display:inline-block;padding:0;width:100%;max-width:1200px;margin-left:auto!important;margin-right:auto!important;min-height:90px;min-width:728px\" class=\"ezoic-ad\"><\/span><\/span>\u00c4r v\u00e5gar utm\u00e4rkta \u00e4lskare?<span class=\"ez-toc-section-end\"><\/span><span class=\"ez-toc-section-end\"><\/span><\/h2>\n<p>Eftersom de har tr\u00e4nat mycket, \u00e4r V\u00e5gar extremt skickliga p\u00e5 att kyssas, vilket de \u00e4lskar att g\u00f6ra. <\/p>\n<p>  De har ofta de vackra l\u00e4pparna och det m\u00f6rdande leendet som f\u00e5r folk att vilja slappna av. <\/p>\n<p>  Men de kan vara n\u00e5got bullriga, med tung andning och sporadisk upphetsning och st\u00f6n av extas som dyker upp fr\u00e5n ingenstans.<\/p>\n<h2><span class=\"ez-toc-section\" id=\"Vilka_ar_mina_tre_framsta_symtom\"><\/span><span class=\"ez-toc-section\" id=\"%C2%BFCuales_son_mis_tres_sintomas_principales\"><\/span><span id=\"ezoic-pub-ad-placeholder-154\" class=\"ezoic-adpicker-ad\"><\/span><span class=\"ezoic-ad ezoic-at-0 leader-2 leader-2154 adtester-container adtester-container-154\" data-ez-name=\"hiszodiac_com-leader-2\"><span id=\"div-gpt-ad-hiszodiac_com-leader-2-0\" ezaw=\"336\" ezah=\"280\" style=\"position:relative;z-index:0;display:inline-block;padding:0;width:100%;max-width:1200px;margin-left:auto!important;margin-right:auto!important;min-height:90px;min-width:728px\" class=\"ezoic-ad\"><\/span><\/span>Vilka \u00e4r mina tre fr\u00e4msta symtom?<span class=\"ez-toc-section-end\"><\/span><span class=\"ez-toc-section-end\"><\/span><\/h2>\n<p>Ditt soltecken, ditt m\u00e5ntecken och de stigande tecknen, \u00e4ven k\u00e4nda som ditt stigande tecken, \u00e4r de tre viktigaste positionerna i ditt f\u00f6delsediagram. <\/p>\n<p>  Din grundl\u00e4ggande karakt\u00e4r och din essens som person \u00e5terspeglas i ditt soltecken. <\/p>\n<p>  Ditt m\u00e5ntecken indikerar din k\u00e4nslom\u00e4ssiga vih och vem du \u00e4r n\u00e4r du \u00e4r ensam. <\/p>\n<p>  Sist men inte minst representerar ditt stigande tecken hur du f\u00f6rh\u00e5ller dig till andra och hur du ser dig sj\u00e4lv p\u00e5 utsidan.<\/p>\n<p>Vi hoppas att du gillade v\u00e5r artikel Vad \u00e4r ditt stj\u00e4rntecken f\u00f6r 28 september och allt relaterat till horoskop, tarot, ritualer och allt relaterat&#8230;<\/p>\n<figure class=\"wp-block-table is-style-regular\">\n<\/figure>\n<p>Intressanta saker att veta inneb\u00f6rden: Tarot  <\/p>\n<p>\u00c4ven h\u00e4r l\u00e4mnar vi \u00e4mnen relaterade till: Tarot<\/p>\n<\/p>\n<p><\/p>\n<p>Vi hoppas att du gillade v\u00e5r artikel Vilket \u00e4r ditt stj\u00e4rntecken f\u00f6r den 28:e<br \/>\n och allt om horoskop, tarot, ritualer och allt relaterat till det &#8230;<\/p>\n<figure class=\"wp-block-table is-style-regular\">\n<table style=\"width: 284px; height: 157px;\">\n<tbody>\n<tr>\n<td class=\"has-text-align-center\" data-align=\"center\"><img loading=\"lazy\" decoding=\"async\" class=\"alignleft\" src=\" https:\/\/goroskop.tv\/wp-content\/uploads\/2023\/05\/tarot1.jpg \" alt=\" Vilket \u00e4r ditt stj\u00e4rntecken f\u00f6r den 28:e\n \" width=\"65\" height=\"95\" title=\"\"><img loading=\"lazy\" decoding=\"async\" class=\"alignleft\" style=\"width: 60px;\" src=\" https:\/\/goroskop.tv\/wp-content\/uploads\/2023\/05\/tarot2.jpg \" alt=\" Vilket \u00e4r ditt stj\u00e4rntecken f\u00f6r den 28:e\n \" width=\"195\" height=\"300\" title=\"\"><img decoding=\"async\" class=\"alignleft\" style=\"width: 60px;\" src=\" https:\/\/goroskop.tv\/wp-content\/uploads\/2023\/05\/tarot3.jpg \" alt=\" Vilket \u00e4r ditt stj\u00e4rntecken f\u00f6r den 28:e\n \" title=\"\"><\/td>\n<\/tr>\n<\/tbody>\n<\/table>\n<\/figure>\n<p>Intressanta saker att veta inneb\u00f6rden: <a href=\"https:\/\/sv.wikipedia.org\/wiki\/Tarot\" target=\"_blank\" rel=\"nofollow noopener\"> Tarot <\/a> <\/p>\n<p>H\u00e4r l\u00e4mnar vi ocks\u00e5 \u00e4mnen relaterade till: <a href=\" https:\/\/goroskop.tv\/sw\/kommer-leo-och-skorpionen-overens-som-vanner\/\">Tarot<\/a><\/p>\n<div id=\"ez-toc-container\" class=\"ez-toc-v2_0_82_2 ez-toc-wrap-center counter-hierarchy ez-toc-counter ez-toc-grey ez-toc-container-direction\">\n<div class=\"ez-toc-title-container\">\n<div class=\"ez-toc-title\" style=\"cursor:inherit\">Table of Contents<\/div>\n<span class=\"ez-toc-title-toggle\"><a href=\"#\" class=\"ez-toc-pull-right ez-toc-btn ez-toc-btn-xs ez-toc-btn-default ez-toc-toggle\" aria-label=\"Alternar tabla de contenidos\"><span class=\"ez-toc-js-icon-con\"><span class=\"\"><span class=\"eztoc-hide\" style=\"display:none;\">Toggle<\/span><span class=\"ez-toc-icon-toggle-span\"><svg style=\"fill: #999;color:#999\" xmlns=\"http:\/\/www.w3.org\/2000\/svg\" class=\"list-377408\" width=\"20px\" height=\"20px\" viewBox=\"0 0 24 24\" fill=\"none\"><path d=\"M6 6H4v2h2V6zm14 0H8v2h12V6zM4 11h2v2H4v-2zm16 0H8v2h12v-2zM4 16h2v2H4v-2zm16 0H8v2h12v-2z\" fill=\"currentColor\"><\/path><\/svg><svg style=\"fill: #999;color:#999\" class=\"arrow-unsorted-368013\" xmlns=\"http:\/\/www.w3.org\/2000\/svg\" width=\"10px\" height=\"10px\" viewBox=\"0 0 24 24\" version=\"1.2\" baseProfile=\"tiny\"><path d=\"M18.2 9.3l-6.2-6.3-6.2 6.3c-.2.2-.3.4-.3.7s.1.5.3.7c.2.2.4.3.7.3h11c.3 0 .5-.1.7-.3.2-.2.3-.5.3-.7s-.1-.5-.3-.7zM5.8 14.7l6.2 6.3 6.2-6.3c.2-.2.3-.5.3-.7s-.1-.5-.3-.7c-.2-.2-.4-.3-.7-.3h-11c-.3 0-.5.1-.7.3-.2.2-.3.5-.3.7s.1.5.3.7z\"\/><\/svg><\/span><\/span><\/span><\/a><\/span><\/div>\n<nav><ul class='ez-toc-list ez-toc-list-level-1 eztoc-toggle-hide-by-default' ><li class='ez-toc-page-1 ez-toc-heading-level-2'><a class=\"ez-toc-link ez-toc-heading-1\" href=\"https:\/\/goroskop.tv\/sw\/vilket-ar-ditt-stjarntecken-for-den-28e\/#Vilket_ar_ditt_stjarntecken_den_28_september\" >Vilket \u00e4r ditt stj\u00e4rntecken den 28 september?<\/a><\/li><li class='ez-toc-page-1 ez-toc-heading-level-2'><a class=\"ez-toc-link ez-toc-heading-2\" href=\"https:\/\/goroskop.tv\/sw\/vilket-ar-ditt-stjarntecken-for-den-28e\/#I_vilket_tecken_ar_28_september\" >I vilket tecken \u00e4r 28 september?<\/a><\/li><li class='ez-toc-page-1 ez-toc-heading-level-2'><a class=\"ez-toc-link ez-toc-heading-3\" href=\"https:\/\/goroskop.tv\/sw\/vilket-ar-ditt-stjarntecken-for-den-28e\/#September_tillhor_vilken_skylt\" >September tillh\u00f6r vilken skylt?<\/a><\/li><li class='ez-toc-page-1 ez-toc-heading-level-2'><a class=\"ez-toc-link ez-toc-heading-4\" href=\"https:\/\/goroskop.tv\/sw\/vilket-ar-ditt-stjarntecken-for-den-28e\/#Vad_intresserar_Libras\" >Vad intresserar Libras?<\/a><\/li><li class='ez-toc-page-1 ez-toc-heading-level-2'><a class=\"ez-toc-link ez-toc-heading-5\" href=\"https:\/\/goroskop.tv\/sw\/vilket-ar-ditt-stjarntecken-for-den-28e\/#Vilken_typ_av_djur_ar_en_vag\" >Vilken typ av djur \u00e4r en v\u00e5g?<\/a><\/li><li class='ez-toc-page-1 ez-toc-heading-level-2'><a class=\"ez-toc-link ez-toc-heading-6\" href=\"https:\/\/goroskop.tv\/sw\/vilket-ar-ditt-stjarntecken-for-den-28e\/#Ar_vagar_palitliga\" >\u00c4r v\u00e5gar p\u00e5litliga?<\/a><\/li><li class='ez-toc-page-1 ez-toc-heading-level-2'><a class=\"ez-toc-link ez-toc-heading-7\" href=\"https:\/\/goroskop.tv\/sw\/vilket-ar-ditt-stjarntecken-for-den-28e\/#Ar_vagar_utmarkta_alskare\" >\u00c4r v\u00e5gar utm\u00e4rkta \u00e4lskare?<\/a><\/li><li class='ez-toc-page-1 ez-toc-heading-level-2'><a class=\"ez-toc-link ez-toc-heading-8\" href=\"https:\/\/goroskop.tv\/sw\/vilket-ar-ditt-stjarntecken-for-den-28e\/#Vilka_ar_mina_tre_framsta_symtom\" >Vilka \u00e4r mina tre fr\u00e4msta symtom?<\/a><\/li><\/ul><\/nav><\/div>\n","protected":false},"excerpt":{"rendered":"<p>Vilket \u00e4r ditt stj\u00e4rntecken den 28 september? R\u00e4ttvisans skalor \u00e4r symbolen f\u00f6r V\u00e5gen, zodiakens sjunde tecken (23 september-22 oktober). V\u00e5gen (eller Tula i vedisk astrologi) \u00e4r ett kardinalt lufttecken som styrs av Venus som ofta f\u00f6rknippas med r\u00e4ttvisa, balans, sk\u00f6nhet och harmoni. H\u00e4r kommer vi att f\u00f6rdjupa oss i egenskaperna hos V\u00e5gens personlighet och unders\u00f6ka &hellip;<\/p>\n","protected":false},"author":1,"featured_media":85,"comment_status":"closed","ping_status":"closed","sticky":false,"template":"","format":"standard","meta":{"footnotes":""},"categories":[4],"tags":[1437,10,8,71,7,21,80],"class_list":["post-37069","post","type-post","status-publish","format-standard","has-post-thumbnail","hentry","category-tarot","tag-28e","tag-ar","tag-den","tag-ditt","tag-for","tag-stjarntecken","tag-vilket"],"_links":{"self":[{"href":"https:\/\/goroskop.tv\/sw\/wp-json\/wp\/v2\/posts\/37069","targetHints":{"allow":["GET"]}}],"collection":[{"href":"https:\/\/goroskop.tv\/sw\/wp-json\/wp\/v2\/posts"}],"about":[{"href":"https:\/\/goroskop.tv\/sw\/wp-json\/wp\/v2\/types\/post"}],"author":[{"embeddable":true,"href":"https:\/\/goroskop.tv\/sw\/wp-json\/wp\/v2\/users\/1"}],"replies":[{"embeddable":true,"href":"https:\/\/goroskop.tv\/sw\/wp-json\/wp\/v2\/comments?post=37069"}],"version-history":[{"count":0,"href":"https:\/\/goroskop.tv\/sw\/wp-json\/wp\/v2\/posts\/37069\/revisions"}],"wp:featuredmedia":[{"embeddable":true,"href":"https:\/\/goroskop.tv\/sw\/wp-json\/wp\/v2\/media\/85"}],"wp:attachment":[{"href":"https:\/\/goroskop.tv\/sw\/wp-json\/wp\/v2\/media?parent=37069"}],"wp:term":[{"taxonomy":"category","embeddable":true,"href":"https:\/\/goroskop.tv\/sw\/wp-json\/wp\/v2\/categories?post=37069"},{"taxonomy":"post_tag","embeddable":true,"href":"https:\/\/goroskop.tv\/sw\/wp-json\/wp\/v2\/tags?post=37069"}],"curies":[{"name":"wp","href":"https:\/\/api.w.org\/{rel}","templated":true}]}}