{"id":37838,"date":"2023-08-27T19:37:54","date_gmt":"2023-08-27T19:37:54","guid":{"rendered":"https:\/\/goroskop.tv\/sw\/vad-ar-den-dubbla-nymanen-den-20-juli-in\/"},"modified":"2023-08-27T19:37:54","modified_gmt":"2023-08-27T19:37:54","slug":"vad-ar-den-dubbla-nymanen-den-20-juli-in","status":"publish","type":"post","link":"https:\/\/goroskop.tv\/sw\/vad-ar-den-dubbla-nymanen-den-20-juli-in\/","title":{"rendered":"Vad \u00e4r den dubbla nym\u00e5nen den 20 juli in"},"content":{"rendered":"<p><\/p>\n<h2><span class=\"ez-toc-section\" id=\"Vad_ar_den_dubbla_nymanen_den_20_juli_i_Kraftan\"><\/span><span class=\"ez-toc-section\" id=\"Que_es_la_doble_luna_nueva_del_20_de_julio_en_Cancer\"><\/span>  Vad \u00e4r den dubbla nym\u00e5nen den 20 juli i Kr\u00e4ftan<span class=\"ez-toc-section-end\"><\/span><span class=\"ez-toc-section-end\"><\/span><\/h2>\n<p>Precis som temat f\u00f6r 2020 upplever vi \u00e4nnu en o\u00f6vertr\u00e4ffad och s\u00e4llsynt h\u00e4ndelse n\u00e4r vi v\u00e4lkomnar den andra nym\u00e5nen i Kr\u00e4ftan den 20 juli. <\/p>\n<p>  Detta markerar b\u00f6rjan p\u00e5 m\u00f6jligheten att g\u00f6ra f\u00f6r\u00e4ndringar p\u00e5 v\u00e5ra villkor, innan universum g\u00f6r dem p\u00e5 deras.<\/p>\n<p>Vanligtvis f\u00f6ljer nym\u00e5nar en viss cykel genom varje stj\u00e4rntecken;  Men i \u00e5r blir det ingen nym\u00e5ne i Lejonet som normalt \u00e4r fallet i slutet av juli och ist\u00e4llet kommer vi att hedras med ytterligare en nym\u00e5ne i Kr\u00e4ftan, den f\u00f6rsta som intr\u00e4ffade den 21 juni f\u00f6rra m\u00e5naden.<\/p>\n<h2><span class=\"ez-toc-section\" id=\"Men_det_har_ar_en_dubbel_nymane_en_bokstodsmane_dar_vi_far_en_ny_chans_att_se_de_teman_som_kommer_upp_for_oss\"><\/span><span class=\"ez-toc-section\" id=\"Pero_esta_es_una_Luna_Nueva_Doble_una_luna_sujetalibros_en_la_que_se_nos_da_otra_oportunidad_de_ver_los_temas_que_estan_surgiendo_para_nosotros\"><\/span>Men det h\u00e4r \u00e4r en dubbel nym\u00e5ne, en bokst\u00f6dsm\u00e5ne d\u00e4r vi f\u00e5r en ny chans att se de teman som kommer upp f\u00f6r oss.<span class=\"ez-toc-section-end\"><\/span><span class=\"ez-toc-section-end\"><\/span><\/h2>\n<p>Det finns absolut ingenting som \u00e4r slumpm\u00e4ssigt, inklusive astrologi, s\u00e5 f\u00f6r oss att uppleva fyra Kr\u00e4ftans m\u00e5nar p\u00e5 ett \u00e5r \u00e4r verkligen universum inte bara kallar oss hem, utan ger oss m\u00f6jlighet att g\u00f6ra f\u00f6r\u00e4ndringar p\u00e5 hemmafronten.<\/p>\n<p class=\"article-body-related-links\"><strong>RELATERAT: Hur 2020 \u00e5rs m\u00e5n- och solf\u00f6rm\u00f6rkelser p\u00e5verkar varje stj\u00e4rnteckens k\u00e4rleksliv under de kommande 3 m\u00e5naderna<\/strong><\/p>\n<p>N\u00e4r vi beger oss in i den h\u00e4r m\u00e5nen reflekterar vi troligen fortfarande \u00f6ver fullm\u00e5nens m\u00e5nf\u00f6rm\u00f6rkelse i Stenbocken som vi upplevde f\u00f6r bara ett par veckor sedan, d\u00e4r vi blev ombedda att reflektera \u00f6ver de grunder och strukturer vi redan har etablerat. , och de vi hoppas kunna skapa.<\/p>\n<p>Vi \u00e4r ocks\u00e5 just nu med Saturnus p\u00e5 v\u00e4g tillbaka in i Stenbocken som en del av dess retrograda cykel, vilket skapar ett \u00f6gonblick av genomg\u00e5ng f\u00f6r oss av h\u00e4ndelserna som intr\u00e4ffade fr\u00e5n december 2017 till mars 2020. <\/p>\n<p>Det handlar inte bara om att t\u00e4nka om och reflektera \u00f6ver vad vi l\u00e4rt oss, utan att fr\u00e5ga oss sj\u00e4lva om v\u00e4gen vi f\u00f6ljer \u00e4r den v\u00e4g vi vill f\u00f6lja.<\/p>\n<p><strong>Saturnus i Stenbocken, speciellt, h\u00e4nvisar tillbaka till strukturerna och grunderna, till och med \u00f6verenskommelser vi gjorde i v\u00e5ra liv. <\/strong><\/p>\n<p>  D\u00e4rf\u00f6r \u00e4r detta ett utm\u00e4rkt tillf\u00e4lle att reflektera \u00f6ver vad vi har skrivit under i v\u00e5ra liv och om de fortfarande resonerar med den person vi har blivit.<\/p>\n<p>F\u00f6r att l\u00e4gga till energin, v\u00e4nde Mercury direkt i Cancer den 12 juli, och hj\u00e4lpte oss att k\u00e4nna st\u00f6rre l\u00e4tthet och artikulering i att kommunicera de djupa behov som vi kan ha sv\u00e5rt att uttrycka. <\/p>\n<p>  \u00c4ven om vi tittar p\u00e5 energin som kommer in kan vi se att cancer framh\u00e4vs, tecknet p\u00e5 hem, familj, moderskap, men det \u00e4r ocks\u00e5 Stenbocken, det inofficiella tecknet p\u00e5 faderskap och plikt och skyldighet, som ofta binder denna tidning<\/p>\n<p>Men vi m\u00e5ste ta ett steg tillbaka och titta p\u00e5 helheten: m\u00f6nstret som universum har skapat f\u00f6r oss i \u00e5r s\u00e5 att vi kan st\u00e4lla in oss p\u00e5 vad vi beh\u00f6ver se och l\u00e4ra oss.<\/p>\n<p>Vi b\u00f6rjade i \u00e5r med en fullm\u00e5nem\u00e5nf\u00f6rm\u00f6rkelse i Kr\u00e4ftan, vi firade Nym\u00e5nesolf\u00f6rm\u00f6rkelsen i Kr\u00e4ftan, och nu v\u00e4lkomnar vi en Dubbel Nym\u00e5ne i Kr\u00e4ftan.  Vi avslutar december med en dubbel fullm\u00e5ne i Kr\u00e4ftan, eftersom det blir den andra fullm\u00e5nen i det tecknet i \u00e5r! <\/p>\n<h2><span class=\"ez-toc-section\" id=\"Att_ha_fyra_Kraftans_manar_pa_ett_ar_ar_betydelsefullt_och_att_slosa_bort_denna_mojlighet_skulle_vara_tragiskt\"><\/span><span class=\"ez-toc-section\" id=\"Tener_cuatro_lunas_de_Cancer_en_un_ano_es_significativo_y_desperdiciar_esta_oportunidad_seria_tragico\"><\/span>Att ha fyra Kr\u00e4ftans m\u00e5nar p\u00e5 ett \u00e5r \u00e4r betydelsefullt, och att sl\u00f6sa bort denna m\u00f6jlighet skulle vara tragiskt.<span class=\"ez-toc-section-end\"><\/span><span class=\"ez-toc-section-end\"><\/span><\/h2>\n<p class=\"article-body-related-links\"><strong>RELATERAT: M\u00e5nens 8 faser (och vad varje m\u00e5nfas betyder f\u00f6r ditt k\u00e4rleksliv)<\/strong><\/p>\n<p>Hela det h\u00e4r \u00e5ret, ocks\u00e5 tack vare pandemin, uppmanas vi att fokusera p\u00e5 hemmet, familjen och till och med den rollen som mamma\/kvinna. <\/p>\n<p>  P\u00e5 m\u00e5nga s\u00e4tt b\u00f6rjar vi ett nytt kapitel med denna Nym\u00e5ne i Kr\u00e4ftan som vi kommer att se komma till st\u00e5nd i december.<\/p>\n<p>Men vi m\u00e5ste till\u00e5ta oss sj\u00e4lva att se sanningen, v\u00e4xa fr\u00e5n den och sedan g\u00f6ra de n\u00f6dv\u00e4ndiga f\u00f6r\u00e4ndringarna s\u00e5 att ingen av oss 2021 s\u00e4ger att vi bara \u00e4r tillbaka till det normala.<\/p>\n<p>Hur vacker den h\u00e4r m\u00e5nen \u00e4n \u00e4r, kommer den med sina egna utmaningar. <\/p>\n<p>  Venus, k\u00e4rlekens och sk\u00f6nhetens planet, \u00e4ven om den \u00e4r direkt, har \u00e4nnu inte n\u00e5tt graden (fem Tvillingar), och v\u00e4nde retrograd i maj, s\u00e5 vi kanske inte har hela bilden \u00e4nnu.<\/p>\n<p>Dessa energier kan sippra in i denna m\u00e5ne, men vi kanske ocks\u00e5 inser att vi m\u00e5ste best\u00e4mma oss f\u00f6r att agera utan n\u00e5gra garantier.<\/p>\n<p><strong>\u00c4ven om detta potentiellt \u00e4r b\u00f6rjan p\u00e5 ett nytt kapitel i v\u00e5ra liv, med den dubbla fullm\u00e5nen i cancer som intr\u00e4ffar i slutet av december, kan vi uppleva k\u00e4nslor av frustration. <\/strong><\/p>\n<p>Det finns sannolikt en energi av att kunna se resultatet av olika situationer i v\u00e5ra liv, speciellt de som \u00e4r relaterade till hemmet, familjen, engagerade relationer och livsv\u00e4gar;  hur man tar sig dit kan dock vara f\u00f6rvirrande f\u00f6r m\u00e5nga av oss.<\/p>\n<p>Detta \u00e4r helt normalt f\u00f6r var vi \u00e4r nu. <\/p>\n<p>  Men ist\u00e4llet f\u00f6r att ge efter f\u00f6r frustration, f\u00f6rs\u00f6k anv\u00e4nda det som br\u00e4nsle f\u00f6r att forts\u00e4tta. <\/p>\n<p>  Och fr\u00e5ga dig sj\u00e4lv: Vet du verkligen inte hur eller n\u00e4r du kommer fram till den slutliga visionen, eller hoppas du att det finns ett annat s\u00e4tt?<\/p>\n<p class=\"article-body-related-links\"><strong>RELATERAT: Hur varje m\u00e5nads ny- och fullm\u00e5nar i kalendern p\u00e5verkar ditt k\u00e4rleksliv och dina relationer<\/strong><\/p>\n<p>\u00c4ven om vi k\u00e4nner oss os\u00e4kra eller frustrerade \u00f6ver bristen p\u00e5 tydlighet just nu, kan vi fortfarande fira hur l\u00e5ngt vi har kommit, \u00e4ven under m\u00e5naden sedan den senaste nym\u00e5nen i Kr\u00e4ftan. <\/p>\n<p>  Och viktigast av allt, vi kan fortfarande agera den h\u00e4r m\u00e5naden.<\/p>\n<h2><span class=\"ez-toc-section\" id=\"Nymanar_har_att_gora_med_nya_borjan_och_nya_cykler\"><\/span><span class=\"ez-toc-section\" id=\"Las_Lunas_Nuevas_tienen_que_ver_con_nuevos_comienzos_y_nuevos_ciclos_En_muchos_sentidos_esto_no_es_solo_una_Luna_Doble_sino_la_segunda_oportunidad_que_no_siempre_se_nos_presenta_para_reflexionar_sobre_lo_que_queremos_comenzar\"><\/span>Nym\u00e5nar har att g\u00f6ra med nya b\u00f6rjan och nya cykler. <span class=\"ez-toc-section-end\"><\/span><\/h2>\n<p>  P\u00e5 m\u00e5nga s\u00e4tt \u00e4r detta inte bara en dubbelm\u00e5ne, utan den andra chansen som inte alltid kommer i v\u00e5r v\u00e4g att reflektera \u00f6ver vad vi vill starta.<span class=\"ez-toc-section-end\"><\/span>\n<\/p>\n<p>Vilka fr\u00f6n vill vi s\u00e5 s\u00e5 att vi kan sk\u00f6rda n\u00e4sta decembers sk\u00f6rd?  Vilka steg, hur sm\u00e5 de \u00e4n \u00e4r, kan vi ta runt denna nym\u00e5ne n\u00e4r det g\u00e4ller de k\u00e4nsliga omr\u00e5dena hem, familj och engagemang som vi kommer att vara tacksamma f\u00f6r n\u00e4r vi v\u00e4l n\u00e5r 2021?<\/p>\n<h2><span class=\"ez-toc-section\" id=\"Relaterade_berattelser_fran_YourTango\"><\/span><span class=\"ez-toc-section\" id=\"Historias_relacionadas_de_YourTango\"><\/span>Relaterade ber\u00e4ttelser fr\u00e5n YourTango:<span class=\"ez-toc-section-end\"><\/span><span class=\"ez-toc-section-end\"><\/span><\/h2>\n<p>Livet f\u00f6r\u00e4ndras bara f\u00f6r att vi g\u00f6r det. <\/p>\n<p>  Detta \u00e4r n\u00e5got vi m\u00e5ste l\u00e4ra oss allt eftersom: f\u00f6r att verkligen se f\u00f6r\u00e4ndringen i v\u00e5r fysiska milj\u00f6 m\u00e5ste vi f\u00f6rst se den inom oss sj\u00e4lva.<\/p>\n<p>En av de st\u00f6rsta l\u00e4rdomarna vi kommer att uppleva i \u00e5r \u00e4r att vi inte beh\u00f6ver v\u00e4lja mellan r\u00f6tter eller vingar;  vi beh\u00f6ver inte \u00f6verge det som gjorde oss till de m\u00e4nniskor vi \u00e4r f\u00f6r att bli de sj\u00e4lar vi \u00e4r avsedda f\u00f6r.<\/p>\n<p>Ist\u00e4llet m\u00e5ste vi l\u00e4ra oss vilka bitar vi ska ta med oss \u200b\u200boch vilka vi ska l\u00e4mna bakom oss. <\/p>\n<p>  Det h\u00e4r \u00e4r m\u00e5nens g\u00e5va.<\/p>\n<p class=\"article-body-related-links\"><strong>RELATERAT: Vad \u00e4r ditt m\u00e5ntecken och hur det p\u00e5verkar ditt stj\u00e4rntecken<\/strong><\/p>\n<p><em>Kate Rose \u00e4r en konstn\u00e4r, f\u00f6rfattare, passionerad yogi, andlig astrolog, relations- och livscoach och motiverande talare. <\/em><\/p>\n<p>  Som en andlig intuitiv ut\u00f6var hon religionen astrologi och k\u00e4rlek. <\/p>\n<p>  F\u00f6r mer av hans arbete, bes\u00f6k hans hemsida.<\/p>\n<p>Vi hoppas att du gillade v\u00e5r artikel Vad \u00e4r den dubbla nym\u00e5nen den 20 juli i Kr\u00e4ftan och allt relaterat till horoskop, tarot, ritualer och allt relaterat&#8230;<\/p>\n<figure class=\"wp-block-table is-style-regular\">\n<\/figure>\n<p>Intressanta saker att veta inneb\u00f6rden: Horoskop  <\/p>\n<p>\u00c4ven h\u00e4r l\u00e4mnar vi \u00e4mnen relaterade till: Horoskop<\/p>\n<\/p>\n<p><\/p>\n<p>Vi hoppas att du gillade v\u00e5r artikel Vad \u00e4r den dubbla nym\u00e5nen den 20 juli in<br \/>\n och allt om horoskop, tarot, ritualer och allt relaterat till det &#8230;<\/p>\n<figure class=\"wp-block-table is-style-regular\">\n<table style=\"width: 284px; height: 157px;\">\n<tbody>\n<tr>\n<td class=\"has-text-align-center\" data-align=\"center\"><img loading=\"lazy\" decoding=\"async\" class=\"alignleft\" src=\" https:\/\/goroskop.tv\/wp-content\/uploads\/2023\/05\/horoscopodo12.jpg \" alt=\" Vad \u00e4r den dubbla nym\u00e5nen den 20 juli in\n \" width=\"65\" height=\"95\" title=\"\"><img loading=\"lazy\" decoding=\"async\" class=\"alignleft\" style=\"width: 60px;\" src=\" https:\/\/goroskop.tv\/wp-content\/uploads\/2023\/05\/horoscopodo11.jpg \" alt=\" Vad \u00e4r den dubbla nym\u00e5nen den 20 juli in\n \" width=\"195\" height=\"300\" title=\"\"><img decoding=\"async\" class=\"alignleft\" style=\"width: 60px;\" src=\" https:\/\/goroskop.tv\/wp-content\/uploads\/2023\/05\/horoscopodo10.jpg \" alt=\" Vad \u00e4r den dubbla nym\u00e5nen den 20 juli in\n \" title=\"\"><\/td>\n<\/tr>\n<\/tbody>\n<\/table>\n<\/figure>\n<p>Intressanta saker att veta inneb\u00f6rden: <a href=\"https:\/\/sv.wikipedia.org\/wiki\/Horoskop\" target=\"_blank\" rel=\"nofollow noopener\"> Horoskop <\/a> <\/p>\n<p>H\u00e4r l\u00e4mnar vi ocks\u00e5 \u00e4mnen relaterade till: <a href=\" https:\/\/goroskop.tv\/sw\/den-perfekta-kandispojkvannen-for-dig\/\">Horoskop<\/a> <\/p>\n<div id=\"ez-toc-container\" class=\"ez-toc-v2_0_82_2 ez-toc-wrap-center counter-hierarchy ez-toc-counter ez-toc-grey ez-toc-container-direction\">\n<div class=\"ez-toc-title-container\">\n<div class=\"ez-toc-title\" style=\"cursor:inherit\">Table of Contents<\/div>\n<span class=\"ez-toc-title-toggle\"><a href=\"#\" class=\"ez-toc-pull-right ez-toc-btn ez-toc-btn-xs ez-toc-btn-default ez-toc-toggle\" aria-label=\"Alternar tabla de contenidos\"><span class=\"ez-toc-js-icon-con\"><span class=\"\"><span class=\"eztoc-hide\" style=\"display:none;\">Toggle<\/span><span class=\"ez-toc-icon-toggle-span\"><svg style=\"fill: #999;color:#999\" xmlns=\"http:\/\/www.w3.org\/2000\/svg\" class=\"list-377408\" width=\"20px\" height=\"20px\" viewBox=\"0 0 24 24\" fill=\"none\"><path d=\"M6 6H4v2h2V6zm14 0H8v2h12V6zM4 11h2v2H4v-2zm16 0H8v2h12v-2zM4 16h2v2H4v-2zm16 0H8v2h12v-2z\" fill=\"currentColor\"><\/path><\/svg><svg style=\"fill: #999;color:#999\" class=\"arrow-unsorted-368013\" xmlns=\"http:\/\/www.w3.org\/2000\/svg\" width=\"10px\" height=\"10px\" viewBox=\"0 0 24 24\" version=\"1.2\" baseProfile=\"tiny\"><path d=\"M18.2 9.3l-6.2-6.3-6.2 6.3c-.2.2-.3.4-.3.7s.1.5.3.7c.2.2.4.3.7.3h11c.3 0 .5-.1.7-.3.2-.2.3-.5.3-.7s-.1-.5-.3-.7zM5.8 14.7l6.2 6.3 6.2-6.3c.2-.2.3-.5.3-.7s-.1-.5-.3-.7c-.2-.2-.4-.3-.7-.3h-11c-.3 0-.5.1-.7.3-.2.2-.3.5-.3.7s.1.5.3.7z\"\/><\/svg><\/span><\/span><\/span><\/a><\/span><\/div>\n<nav><ul class='ez-toc-list ez-toc-list-level-1 eztoc-toggle-hide-by-default' ><li class='ez-toc-page-1 ez-toc-heading-level-2'><a class=\"ez-toc-link ez-toc-heading-1\" href=\"https:\/\/goroskop.tv\/sw\/vad-ar-den-dubbla-nymanen-den-20-juli-in\/#Vad_ar_den_dubbla_nymanen_den_20_juli_i_Kraftan\" >Vad \u00e4r den dubbla nym\u00e5nen den 20 juli i Kr\u00e4ftan<\/a><\/li><li class='ez-toc-page-1 ez-toc-heading-level-2'><a class=\"ez-toc-link ez-toc-heading-2\" href=\"https:\/\/goroskop.tv\/sw\/vad-ar-den-dubbla-nymanen-den-20-juli-in\/#Men_det_har_ar_en_dubbel_nymane_en_bokstodsmane_dar_vi_far_en_ny_chans_att_se_de_teman_som_kommer_upp_for_oss\" >Men det h\u00e4r \u00e4r en dubbel nym\u00e5ne, en bokst\u00f6dsm\u00e5ne d\u00e4r vi f\u00e5r en ny chans att se de teman som kommer upp f\u00f6r oss.<\/a><\/li><li class='ez-toc-page-1 ez-toc-heading-level-2'><a class=\"ez-toc-link ez-toc-heading-3\" href=\"https:\/\/goroskop.tv\/sw\/vad-ar-den-dubbla-nymanen-den-20-juli-in\/#Att_ha_fyra_Kraftans_manar_pa_ett_ar_ar_betydelsefullt_och_att_slosa_bort_denna_mojlighet_skulle_vara_tragiskt\" >Att ha fyra Kr\u00e4ftans m\u00e5nar p\u00e5 ett \u00e5r \u00e4r betydelsefullt, och att sl\u00f6sa bort denna m\u00f6jlighet skulle vara tragiskt.<\/a><\/li><li class='ez-toc-page-1 ez-toc-heading-level-2'><a class=\"ez-toc-link ez-toc-heading-4\" href=\"https:\/\/goroskop.tv\/sw\/vad-ar-den-dubbla-nymanen-den-20-juli-in\/#Nymanar_har_att_gora_med_nya_borjan_och_nya_cykler\" >Nym\u00e5nar har att g\u00f6ra med nya b\u00f6rjan och nya cykler.<\/a><\/li><li class='ez-toc-page-1 ez-toc-heading-level-2'><a class=\"ez-toc-link ez-toc-heading-5\" href=\"https:\/\/goroskop.tv\/sw\/vad-ar-den-dubbla-nymanen-den-20-juli-in\/#Relaterade_berattelser_fran_YourTango\" >Relaterade ber\u00e4ttelser fr\u00e5n YourTango:<\/a><\/li><\/ul><\/nav><\/div>\n","protected":false},"excerpt":{"rendered":"<p>Vad \u00e4r den dubbla nym\u00e5nen den 20 juli i Kr\u00e4ftan Precis som temat f\u00f6r 2020 upplever vi \u00e4nnu en o\u00f6vertr\u00e4ffad och s\u00e4llsynt h\u00e4ndelse n\u00e4r vi v\u00e4lkomnar den andra nym\u00e5nen i Kr\u00e4ftan den 20 juli. Detta markerar b\u00f6rjan p\u00e5 m\u00f6jligheten att g\u00f6ra f\u00f6r\u00e4ndringar p\u00e5 v\u00e5ra villkor, innan universum g\u00f6r dem p\u00e5 deras. Vanligtvis f\u00f6ljer nym\u00e5nar en &hellip;<\/p>\n","protected":false},"author":1,"featured_media":17,"comment_status":"closed","ping_status":"closed","sticky":false,"template":"","format":"standard","meta":{"footnotes":""},"categories":[2],"tags":[10,8,3030,9,2601,43],"class_list":["post-37838","post","type-post","status-publish","format-standard","has-post-thumbnail","hentry","category-horoskop","tag-ar","tag-den","tag-dubbla","tag-juli","tag-nymanen","tag-vad"],"_links":{"self":[{"href":"https:\/\/goroskop.tv\/sw\/wp-json\/wp\/v2\/posts\/37838","targetHints":{"allow":["GET"]}}],"collection":[{"href":"https:\/\/goroskop.tv\/sw\/wp-json\/wp\/v2\/posts"}],"about":[{"href":"https:\/\/goroskop.tv\/sw\/wp-json\/wp\/v2\/types\/post"}],"author":[{"embeddable":true,"href":"https:\/\/goroskop.tv\/sw\/wp-json\/wp\/v2\/users\/1"}],"replies":[{"embeddable":true,"href":"https:\/\/goroskop.tv\/sw\/wp-json\/wp\/v2\/comments?post=37838"}],"version-history":[{"count":0,"href":"https:\/\/goroskop.tv\/sw\/wp-json\/wp\/v2\/posts\/37838\/revisions"}],"wp:featuredmedia":[{"embeddable":true,"href":"https:\/\/goroskop.tv\/sw\/wp-json\/wp\/v2\/media\/17"}],"wp:attachment":[{"href":"https:\/\/goroskop.tv\/sw\/wp-json\/wp\/v2\/media?parent=37838"}],"wp:term":[{"taxonomy":"category","embeddable":true,"href":"https:\/\/goroskop.tv\/sw\/wp-json\/wp\/v2\/categories?post=37838"},{"taxonomy":"post_tag","embeddable":true,"href":"https:\/\/goroskop.tv\/sw\/wp-json\/wp\/v2\/tags?post=37838"}],"curies":[{"name":"wp","href":"https:\/\/api.w.org\/{rel}","templated":true}]}}