{"id":39668,"date":"2023-08-28T02:57:20","date_gmt":"2023-08-28T02:57:20","guid":{"rendered":"https:\/\/goroskop.tv\/sw\/vad-ar-fodelsestenen-for-5-juni\/"},"modified":"2023-08-28T02:57:20","modified_gmt":"2023-08-28T02:57:20","slug":"vad-ar-fodelsestenen-for-5-juni","status":"publish","type":"post","link":"https:\/\/goroskop.tv\/sw\/vad-ar-fodelsestenen-for-5-juni\/","title":{"rendered":"Vad \u00e4r f\u00f6delsestenen f\u00f6r 5 juni?"},"content":{"rendered":"<p><\/p>\n<h2><span class=\"ez-toc-section\" id=\"Vad_ar_fodelsestenen_for_5_juni\"><\/span><span class=\"ez-toc-section\" id=\"%C2%BFQue_es_la_piedra_natal_del_5_de_junio\"><\/span>  Vad \u00e4r f\u00f6delsestenen f\u00f6r 5 juni?<span class=\"ez-toc-section-end\"><\/span><span class=\"ez-toc-section-end\"><\/span><\/h2>\n<p>Du har turen att ha tre f\u00f6delsestenar att kalla din egen om du \u00e4r f\u00f6dd i juni m\u00e5nad. <\/p>\n<p>  Endast tre m\u00e5nader, juni, augusti och december har vardera tre f\u00f6delsestenar, vilket ger dig ett brett urval av dyrbara f\u00f6delsestenar att v\u00e4lja mellan.<\/p>\n<p>Moonstone, Alexandrite och Pearl \u00e4r f\u00f6delsestenarna f\u00f6r juni. <\/p>\n<p>  P\u00e5 grund av de olika f\u00e4rger och prisklasser som dessa \u00e4delstenar erbjuder, kan personer med junif\u00f6delsedagar hitta en f\u00f6delsesten som passar deras hum\u00f6r eller budget.<\/p>\n<h2><span class=\"ez-toc-section\" id=\"Varfor_finns_det_tre_fodelsestenar_for_juni\"><\/span><span class=\"ez-toc-section\" id=\"%C2%BFPor_que_hay_tres_piedras_de_nacimiento_para_junio\"><\/span><span id=\"ezoic-pub-ad-placeholder-144\" class=\"ezoic-adpicker-ad\"><\/span><span class=\"ezoic-ad ezoic-at-0 box-4 box-4144 adtester-container adtester-container-144\" data-ez-name=\"hiszodiac_com-box-4\"><span id=\"div-gpt-ad-hiszodiac_com-box-4-0\" ezaw=\"250\" ezah=\"250\" style=\"position:relative;z-index:0;display:inline-block;padding:0;width:100%;max-width:1200px;margin-left:auto!important;margin-right:auto!important;min-height:90px;min-width:728px\" class=\"ezoic-ad\"><\/span><\/span>Varf\u00f6r finns det tre f\u00f6delsestenar f\u00f6r juni?<span class=\"ez-toc-section-end\"><\/span><span class=\"ez-toc-section-end\"><\/span><\/h2>\n<p>Varf\u00f6r finns det tre f\u00f6delsestenar f\u00f6r juni?  Vissa m\u00e5nader har mer \u00e4n en f\u00f6delsesten eftersom olika historiska stenar har blivit extremt s\u00e4llsynta, vilket g\u00f6r dem mindre ben\u00e4gna att s\u00e4ljas p\u00e5 marknaden och m\u00f6ta konsumenternas efterfr\u00e5gan.<\/p>\n<h2><span class=\"ez-toc-section\" id=\"Vilka_ar_de_tva_fargerna_pa_junifodelsestenar\"><\/span><span class=\"ez-toc-section\" id=\"%C2%BFCuales_son_los_dos_colores_de_las_piedras_natales_de_junio\"><\/span><span id=\"ezoic-pub-ad-placeholder-145\" class=\"ezoic-adpicker-ad\"><\/span>Vilka \u00e4r de tv\u00e5 f\u00e4rgerna p\u00e5 junif\u00f6delsestenar?<span class=\"ez-toc-section-end\"><\/span><span class=\"ez-toc-section-end\"><\/span><\/h2>\n<p>Bara tv\u00e5 m\u00e5nader, juni \u00e4r en av dem, har f\u00f6delsestenarna p\u00e4rl, alexandrit och m\u00e5nsten som en kombination.<\/p>\n<ul>\n<li>Opaliserande p\u00e4rlor, mj\u00f6lkaktig m\u00e5nsten och s\u00e4llsynt f\u00e4rgskiftande alexandrit \u00e4r f\u00f6delsestenar f\u00f6r juni.<\/li>\n<\/ul>\n<h2><span class=\"ez-toc-section\" id=\"Vilken_adelsten_ar_junifodelsestenen\"><\/span><span class=\"ez-toc-section\" id=\"%C2%BFQue_piedra_preciosa_es_la_piedra_de_nacimiento_de_junio\"><\/span><span id=\"ezoic-pub-ad-placeholder-146\" class=\"ezoic-adpicker-ad\"><\/span>Vilken \u00e4delsten \u00e4r junif\u00f6delsestenen?<span class=\"ez-toc-section-end\"><\/span><span class=\"ez-toc-section-end\"><\/span><\/h2>\n<p>Alexandrite med p\u00e4rla f\u00f6r juni Junis f\u00f6delsestenar \u00e4r lika utm\u00e4rkande som de kommer eftersom hon har tv\u00e5, Pearl och Alexandrite, som sina f\u00f6delsestenar. <\/p>\n<p>  Alexandrit \u00e4r otroligt s\u00e4llsynt och kan \u00abskifta f\u00e4rg\u00bb, verkar gr\u00f6nt i naturligt ljus och v\u00e4nder en lila-r\u00f6d nyans i gl\u00f6dande eller artificiellt ljus.<\/p>\n<h2><span class=\"ez-toc-section\" id=\"Vilken_farg_har_junifodelsestenen\"><\/span><span class=\"ez-toc-section\" id=\"%C2%BFDe_que_color_es_la_piedra_natal_de_junio\"><\/span><span id=\"ezoic-pub-ad-placeholder-147\" class=\"ezoic-adpicker-ad\"><\/span>Vilken f\u00e4rg har junif\u00f6delsestenen?<span class=\"ez-toc-section-end\"><\/span><span class=\"ez-toc-section-end\"><\/span><\/h2>\n<p>P\u00e4rlor \u00e4r biologiska, till skillnad fr\u00e5n de flesta \u00e4delstenar som uppt\u00e4ckts p\u00e5 jorden. <\/p>\n<p>  Enkelt uttryckt trivs de inom specifika varianter av ostron- och musselskal. <\/p>\n<p>  Vissa p\u00e4rlor finns naturligt i bl\u00f6tdjur som lever i s\u00f6t- eller saltvatten, till exempel floder. <\/p>\n<p>  Idag odlas ett stort antal p\u00e4rlor p\u00e5 ostronb\u00e4ddar, vilket st\u00f6der en robust p\u00e4rlverksamhet. <\/p>\n<p>  Aragonit, ett m\u00e5ttligt mjukt karbonatmineral (CaCO3) som ocks\u00e5 bildar skal p\u00e5 bl\u00f6tdjur, \u00e4r huvudkomponenten i p\u00e4rlor.<\/p>\n<p>N\u00e4r en liten stenbit, ett sandkorn eller en parasit kommer in i skalet p\u00e5 bl\u00f6tdjuret skapas en p\u00e4rla. <\/p>\n<p>  Ostronet eller musslan reagerar genom att t\u00e4cka det fr\u00e4mmande \u00e4mnet med p\u00e5 varandra f\u00f6ljande lager av skalmaterial eftersom det st\u00f6r dem. <\/p>\n<p>  De flesta av p\u00e4rlorna som bildas inuti skalet \u00e4r krokiga till formen och har lite kommersiellt v\u00e4rde. <\/p>\n<p>  De sf\u00e4riska eller p\u00e4ronformade, som har sitt ursprung i bl\u00f6tdjursv\u00e4vnaden, \u00e4r mycket eftertraktade f\u00f6r smycken.<\/p>\n<h3><span class=\"ez-toc-section\" id=\"Parlor_finns_i_olika_farger\"><\/span><span class=\"ez-toc-section\" id=\"Las_perlas_vienen_en_varios_colores\"><\/span><span id=\"ezoic-pub-ad-placeholder-149\" class=\"ezoic-adpicker-ad\"><\/span><span class=\"ezoic-ad ezoic-at-0 large-mobile-banner-1 large-mobile-banner-1149 adtester-container adtester-container-149\" data-ez-name=\"hiszodiac_com-large-mobile-banner-1\"><span id=\"div-gpt-ad-hiszodiac_com-large-mobile-banner-1-0\" ezaw=\"336\" ezah=\"280\" style=\"position:relative;z-index:0;display:inline-block;padding:0;width:100%;max-width:1200px;margin-left:auto!important;margin-right:auto!important;min-height:280px;min-width:336px\" class=\"ezoic-ad\"><\/span><\/span>P\u00e4rlor finns i olika f\u00e4rger.<span class=\"ez-toc-section-end\"><\/span><span class=\"ez-toc-section-end\"><\/span><\/h3>\n<p>P\u00e4rlor \u00e4r bland de dyraste \u00e4delstenarna p\u00e5 grund av deras utpr\u00e4glat delikata genomskinlighet och lyster. <\/p>\n<p>  Den typ av bl\u00f6tdjur som skapade p\u00e4rlan, s\u00e5v\u00e4l som dess milj\u00f6, p\u00e5verkar nyansen. <\/p>\n<p>  Generellt sett \u00e4r vita p\u00e4rlor den mest popul\u00e4ra och v\u00e4lk\u00e4nda f\u00e4rgen. <\/p>\n<p>  Men p\u00e4rlor finns ocks\u00e5 i k\u00e4nsliga nyanser av lila, bl\u00e5tt, gult, lavendel, gr\u00f6nt, gr\u00e4dde och gr\u00e5tt. <\/p>\n<p>  Vattnet runt flera \u00f6ar i Stilla havet och Mexikanska golfen inneh\u00e5ller svarta p\u00e4rlor. <\/p>\n<p>  Orientaliska p\u00e4rlor, som \u00e4r magnifika kr\u00e4mf\u00e4rgade p\u00e4rlor, \u00e4r k\u00e4nda f\u00f6r att komma fr\u00e5n Sri Lanka och Persiska viken. <\/p>\n<p>  Vattnet runt den indonesiska \u00f6n Celebes, Kaliforniens golf och Mexikos Stillahavskust \u00e4r ytterligare platser f\u00f6r naturliga havsvattenp\u00e4rlor. <\/p>\n<p>  P\u00e4rlproducerande s\u00f6tvattensmusslor finns i Bayern, Tyskland, l\u00e4ngs Mississippifloden och i skogkl\u00e4dda b\u00e4ckar.<\/p>\n<h3><span class=\"ez-toc-section\" id=\"Vackra_odlade_parlor_ar_ocksa_populara\"><\/span><span class=\"ez-toc-section\" id=\"Tambien_son_populares_las_hermosas_perlas_cultivadas\"><\/span><span id=\"ezoic-pub-ad-placeholder-150\" class=\"ezoic-adpicker-ad\"><\/span><span class=\"ezoic-ad ezoic-at-0 narrow-sky-1 narrow-sky-1150 adtester-container adtester-container-150\" data-ez-name=\"hiszodiac_com-narrow-sky-1\"><span id=\"div-gpt-ad-hiszodiac_com-narrow-sky-1-0\" ezaw=\"336\" ezah=\"280\" style=\"position:relative;z-index:0;display:inline-block;padding:0;width:100%;max-width:1200px;margin-left:auto!important;margin-right:auto!important;min-height:280px;min-width:336px\" class=\"ezoic-ad\"><\/span><\/span>Vackra odlade p\u00e4rlor \u00e4r ocks\u00e5 popul\u00e4ra.<span class=\"ez-toc-section-end\"><\/span><span class=\"ez-toc-section-end\"><\/span><\/h3>\n<p>Japanska odlade p\u00e4rlor \u00e4r mycket uppskattade. <\/p>\n<p>  Alla som \u00e4r bekanta med smycken har ocks\u00e5 h\u00f6rt talas om Mikimoto-p\u00e4rlor, som \u00e4r uppkallade efter Kokichi Mikimoto, som grundade verksamheten. <\/p>\n<p>  I japanska vatten st\u00f6djer enorma ostronb\u00e4ddar tillv\u00e4xten av odlade p\u00e4rlor. <\/p>\n<p>  I den k\u00f6ttiga regionen hos 2-3 \u00e5r gamla ostron injiceras ett irriterande \u00e4mne, till exempel en liten bit p\u00e4rlemor. <\/p>\n<p>  Ostron f\u00f6ds sedan upp i 7 till 9 \u00e5r i n\u00e4tp\u00e5sar neds\u00e4nkta i vatten innan de sk\u00f6rdas f\u00f6r sina p\u00e4rlor. <\/p>\n<p>  Ekvatorial\u00f6arna i Stilla havet och Australien har en p\u00e4rlodlingsindustri f\u00f6rutom Japan.<\/p>\n<h3><span class=\"ez-toc-section\" id=\"kanda_parlor\"><\/span><span class=\"ez-toc-section\" id=\"perlas_famosas\"><\/span><span id=\"ezoic-pub-ad-placeholder-151\" class=\"ezoic-adpicker-ad\"><\/span><span class=\"ezoic-ad ezoic-at-0 portrait-1 portrait-1151 adtester-container adtester-container-151\" data-ez-name=\"hiszodiac_com-portrait-1\"><span id=\"div-gpt-ad-hiszodiac_com-portrait-1-0\" ezaw=\"728\" ezah=\"90\" style=\"position:relative;z-index:0;display:inline-block;padding:0;width:100%;max-width:1200px;margin-left:auto!important;margin-right:auto!important;min-height:90px;min-width:728px\" class=\"ezoic-ad\"><\/span><\/span>k\u00e4nda p\u00e4rlor<span class=\"ez-toc-section-end\"><\/span><span class=\"ez-toc-section-end\"><\/span><\/h3>\n<p>Enligt uppskattningar \u00e4r v\u00e4rldens st\u00f6rsta p\u00e4rla cirka 3 tum l\u00e5ng, 2 tum bred och v\u00e4ger cirka 1\/3 pund (0,13 kg). <\/p>\n<p>  Shah Jahan fr\u00e5n Indien gav den till Mumtaz, hans favoritfru, till vars \u00e4ra han hade byggt Taj Mahal. <\/p>\n<p>  Det var k\u00e4nt som Asiens p\u00e4rla.<\/p>\n<p>M\u00e5nga experter tror att La Peregrina (vandraren) \u00e4r den mest imponerande p\u00e4rlan. <\/p>\n<p>  P\u00e5 1500-talet skulle en slav ha uppt\u00e4ckt det i Panama och \u00f6verl\u00e4mnat det i utbyte mot sin frihet. <\/p>\n<p>  Den koloniala h\u00e4rskaren i omr\u00e5det gav p\u00e4rlan till kung Filip II av Spanien 1570. <\/p>\n<p>Denna vita p\u00e4rla \u00e4r 1 1\/2 tum l\u00e5ng och \u00e4r p\u00e4ronformad. <\/p>\n<p>  Den h\u00e4nger i en platinainst\u00e4llning med diamanter. <\/p>\n<p>  Mary I av England fick p\u00e4rlan innan den levererades till prins Louis Napoleon av Frankrike. <\/p>\n<p>  Den brittiska Marquess of Abercorn k\u00f6pte den av honom och hans familj beh\u00f6ll den till 1969, d\u00e5 han auktionerade ut den p\u00e5 Sotheby&#8217;s. <\/p>\n<p>  Till slut k\u00f6ptes f\u00f6rem\u00e5let till Elizabeth Taylor av sk\u00e5despelaren Richard Burton.<\/p>\n<h3><span class=\"ez-toc-section\" id=\"parlkunskap\"><\/span><span class=\"ez-toc-section\" id=\"Conocimiento_de_la_perla\"><\/span><span id=\"ezoic-pub-ad-placeholder-152\" class=\"ezoic-adpicker-ad\"><\/span><span class=\"ezoic-ad ezoic-at-0 netboard-2 netboard-2152 adtester-container adtester-container-152\" data-ez-name=\"hiszodiac_com-netboard-2\"><span id=\"div-gpt-ad-hiszodiac_com-netboard-2-0\" ezaw=\"468\" ezah=\"60\" style=\"position:relative;z-index:0;display:inline-block;padding:0;width:100%;max-width:1200px;margin-left:auto!important;margin-right:auto!important;min-height:90px;min-width:728px\" class=\"ezoic-ad\"><\/span><\/span>p\u00e4rlkunskap<span class=\"ez-toc-section-end\"><\/span><span class=\"ez-toc-section-end\"><\/span><\/h3>\n<p>I sydasiatisk tradition skapades p\u00e4rlor n\u00e4r daggdroppar fr\u00e5n himlen f\u00f6ll i havet. <\/p>\n<p>  N\u00e4r m\u00e5nen var full f\u00e5ngades de f\u00f6r skaldjur d\u00e5 solen knappt gick upp. <\/p>\n<p>  Indiska krigare anv\u00e4nde p\u00e4rlor f\u00f6r att dekorera sina sv\u00e4rd f\u00f6r att representera t\u00e5rarna och sorgen som ett sv\u00e4rd f\u00f6rmedlar.<\/p>\n<p>Fram till 1600-talet anv\u00e4ndes p\u00e4rlor ocks\u00e5 allm\u00e4nt som medicin i hela Europa. <\/p>\n<p>  Araber och perser trodde att det var en behandling f\u00f6r olika sjukdomar, inklusive galenskap. <\/p>\n<p>  Redan 2000 f.Kr. anv\u00e4ndes p\u00e4rlor \u00e4ven som medicin i Kina, d\u00e4r de var en symbol f\u00f6r rikedom, makt och livsl\u00e4ngd. <\/p>\n<p>  P\u00e4rlor av l\u00e5g kvalitet krossas fortfarande och anv\u00e4nds som medicin i Asien idag.<\/p>\n<h3><span class=\"ez-toc-section\" id=\"Annu_en_fodelsesten_i_juni_Manstenen\"><\/span><span class=\"ez-toc-section\" id=\"Otra_piedra_natal_de_junio_la_piedra_lunar\"><\/span>\u00c4nnu en f\u00f6delsesten i juni: M\u00e5nstenen<span class=\"ez-toc-section-end\"><\/span><span class=\"ez-toc-section-end\"><\/span><\/h3>\n<p>Moonstone \u00e4r den andra f\u00f6delsestenen f\u00f6r juni. <\/p>\n<p>  M\u00e5nstenar tros ha bl\u00e5vita fl\u00e4ckar inom sig som gav dem deras namn. <\/p>\n<p>  Som ett resultat, n\u00e4r de uts\u00e4tts f\u00f6r ljus, avger de en silverf\u00e4rgad dans av f\u00e4rg som liknar m\u00e5nsken. <\/p>\n<p>  N\u00e4r stenen sv\u00e4nger, f\u00e4rdas de skimrande silverstr\u00e5larna som m\u00e5nstr\u00e5lar som dansar \u00f6ver vattnet.<\/p>\n<p>F\u00e4ltspatfamiljen av mineraler, en viktig klass av silikatmineraler som ofta f\u00f6rekommer i bergarter, inkluderar m\u00e5nsten. <\/p>\n<p>  Jordskorpan best\u00e5r till viss del av f\u00e4ltspat. <\/p>\n<p>  F\u00f6rutom att vara n\u00e4rvarande i m\u00e5nga magmatiska och metamorfa bergarter, utg\u00f6r detta mineral en viktig del av marina jordar och leror.<\/p>\n<p>Varianter av f\u00e4ltspatp\u00e4rlor inklusive m\u00e5nsten, labradorit, amazonit och solsten skapas under ovanliga geologiska omst\u00e4ndigheter. <\/p>\n<p>  De framst\u00e5r som enorma of\u00e4rgade mineralkorn och finns i djupa jordskorpan och pegmatiter, som \u00e4r grovkorniga magmatiska bergarter. <\/p>\n<p>  Mineralaluminatsilikater med aluminium, kisel och syre som kombineras med natrium och kalium \u00e4r det som bildar f\u00e4ltspat av \u00e4delstenskvalitet. <\/p>\n<p>  Sri Lankas m\u00e5nstenar \u00e4r de st\u00f6rsta. <\/p>\n<p>  Dessutom kan de hittas i Indien, Madagaskar, Myanmar (Burma) och Alperna.<\/p>\n<h3><span class=\"ez-toc-section\" id=\"Manstenslaror\"><\/span><span class=\"ez-toc-section\" id=\"Tradicion_de_la_piedra_lunar\"><\/span>M\u00e5nstensl\u00e4ror<span class=\"ez-toc-section-end\"><\/span><span class=\"ez-toc-section-end\"><\/span><\/h3>\n<p>Man trodde fram till 1500-talet att m\u00e5nstenens utseende f\u00f6r\u00e4ndrades med m\u00e5nens faser, enligt den antika romerske naturforskaren Plinius. <\/p>\n<p>  Bilden av m\u00e5ngudinnan Diana var f\u00f6rmodligen inrymd i stenen, enligt de gamla romarna. <\/p>\n<p>  M\u00e4nniskor som bar m\u00e5nsten sades uppleva seger, god h\u00e4lsa och kunskap.<\/p>\n<p>M\u00e5nsten visas ofta p\u00e5 ett gult tyg i Indien, eftersom f\u00e4rgen gul \u00e4r v\u00f6rdad som helig. <\/p>\n<p>  Anden som bor i stenen tros vara ansvarig f\u00f6r stenens lyckobringande egenskaper.<\/p>\n<h3><span class=\"ez-toc-section\" id=\"Eller_valj_alexandrit_som_din_fodelsesten_i_juni\"><\/span><span class=\"ez-toc-section\" id=\"O_seleccione_alejandrita_como_su_piedra_de_nacimiento_de_junio\"><\/span>Eller v\u00e4lj alexandrit som din f\u00f6delsesten i juni.<span class=\"ez-toc-section-end\"><\/span><span class=\"ez-toc-section-end\"><\/span><\/h3>\n<p>Alexandrit \u00e4r den tredje f\u00f6delsestenen f\u00f6r juni. <\/p>\n<p>  Alexandrite har ett charmigt, kameleontliknande temperament. <\/p>\n<p>  Den har en vacker gr\u00f6n nyans i dagsljus, ibland med en bl\u00e5aktig eller brun nyans. <\/p>\n<p>  Stenen \u00e4ndrar dock f\u00e4rg till en r\u00f6dlila eller lila under artificiell belysning.<\/p>\n<p>Mineralet berylliumaluminiumoxid, \u00e4ven k\u00e4nt som alexandrit, \u00e4r en medlem av krysoberylfamiljen och best\u00e5r av grund\u00e4mnena beryllium, aluminium och syre (BeAl2O4). <\/p>\n<p>  De enda h\u00e5rdare mineralerna \u00e4r korund och diamanter (safirer och rubiner). <\/p>\n<p>  N\u00e4rvaron av krom i alexandrit \u00e4r det som ger stenen dess unika nyanser. <\/p>\n<p>  Chrysoberyl visar sig kristallisera i pegmatiter, som \u00e4r berylliumrika, mycket grovkorniga magmatiska bergarter som bildats av magma. <\/p>\n<p>  De kan ocks\u00e5 hittas i alluvialavlagringar, som \u00e4r pegmatiter som har vittrat ut och inneh\u00e5ller \u00e4delstenar och som b\u00e4rs av floder och b\u00e4ckar.<\/p>\n<h3><span class=\"ez-toc-section\" id=\"Alexandrit_ar_sallsynt_och_dyrt\"><\/span><span class=\"ez-toc-section\" id=\"Alejandrita_es_rara_y_costosa\"><\/span>Alexandrit \u00e4r s\u00e4llsynt och dyrt.<span class=\"ez-toc-section-end\"><\/span><span class=\"ez-toc-section-end\"><\/span><\/h3>\n<p>Eftersom det \u00e4r en s\u00e4llsynt sten \u00e4r alexandrit ganska dyrt. <\/p>\n<p>  Idag kommer det mesta av alexandrit fr\u00e5n Sri Lanka, men det har \u00e4ven uppt\u00e4ckts i Brasilien, Madagaskar, Zimbabwe, Tanzania och Myanmar (Burma). <\/p>\n<p>  Samtidigt har en syntetisk alexandrit skapats som liknar en r\u00f6dlila ametist med en ton av gr\u00f6nt. <\/p>\n<p>  Naturlig och artificiell belysning g\u00f6r inte att f\u00e4rgerna p\u00e5 konstgjorda stenar f\u00f6r\u00e4ndras. <\/p>\n<p>  Dessutom har konstgjorda stenar bara haft sporadisk marknadsframg\u00e5ng i USA.<\/p>\n<h3><span class=\"ez-toc-section\" id=\"Juni_Alexandrite_Birthstone_historia\"><\/span><span class=\"ez-toc-section\" id=\"Historia_de_la_piedra_natal_de_junio_alejandrita\"><\/span>Juni Alexandrite Birthstone historia<span class=\"ez-toc-section-end\"><\/span><span class=\"ez-toc-section-end\"><\/span><\/h3>\n<p>Prins Alexander av Ryssland, som eftertr\u00e4dde tsar Alexander II 1855, \u00e4r hedrad med epitetet \u00abAlexandrite\u00bb. <\/p>\n<p>  I en smaragdgruva i Uralbergen i Ryssland uppt\u00e4cktes alexandrit 1839 p\u00e5 prinsens f\u00f6delsedag.<\/p>\n<p>P\u00e5 grund av hur nyligen denna sten hittades har det inte funnits mycket tid f\u00f6r myter och vidskepelser att utvecklas. <\/p>\n<p>  Stenen var s\u00e4rskilt uppskattad i Ryssland eftersom den \u00e5terspeglade landets gr\u00f6na och r\u00f6da f\u00e4rger och ans\u00e5gs ge lycka.<\/p>\n<h2><span class=\"ez-toc-section\" id=\"Vad_ar_vardet_av_alexandrit\"><\/span><span class=\"ez-toc-section\" id=\"%C2%BFCual_es_el_valor_de_la_alejandrita\"><\/span><span id=\"ezoic-pub-ad-placeholder-148\" class=\"ezoic-adpicker-ad\"><\/span><span class=\"ezoic-ad ezoic-at-0 mobile-leaderboard-1 mobile-leaderboard-1148 adtester-container adtester-container-148\" data-ez-name=\"hiszodiac_com-mobile-leaderboard-1\"><span id=\"div-gpt-ad-hiszodiac_com-mobile-leaderboard-1-0\" ezaw=\"300\" ezah=\"250\" style=\"position:relative;z-index:0;display:inline-block;padding:0;min-height:250px;min-width:300px\" class=\"ezoic-ad\"><\/span><\/span>Vad \u00e4r v\u00e4rdet av alexandrit?<span class=\"ez-toc-section-end\"><\/span><span class=\"ez-toc-section-end\"><\/span><\/h2>\n<p>F\u00f6r n\u00e4rvarande kan en enkarats alexandritsten kosta runt $15 000. <\/p>\n<p>  Alexandritdiamanter st\u00f6rre \u00e4n en karat kan s\u00e4ljas f\u00f6r mellan $50 000 och $70 000 f\u00f6r varje ytterligare karat. <\/p>\n<p>  Det h\u00e4r \u00e4r vad?  Den mest v\u00e4rdefulla alexandrit som m\u00e4nniskan k\u00e4nner till m\u00e4ter 65,08 karat och tros vara v\u00e4rd \u00f6ver 4 miljoner dollar.<\/p>\n<h2><span class=\"ez-toc-section\" id=\"Vilken_sten_var_min_fodelsesten\"><\/span><span class=\"ez-toc-section\" id=\"%C2%BFQue_piedra_fue_mi_piedra_de_nacimiento\"><\/span><span id=\"ezoic-pub-ad-placeholder-153\" class=\"ezoic-adpicker-ad\"><\/span><span class=\"ezoic-ad ezoic-at-0 large-mobile-banner-2 large-mobile-banner-2153 adtester-container adtester-container-153\" data-ez-name=\"hiszodiac_com-large-mobile-banner-2\"><span id=\"div-gpt-ad-hiszodiac_com-large-mobile-banner-2-0\" ezaw=\"728\" ezah=\"90\" style=\"position:relative;z-index:0;display:inline-block;padding:0;width:100%;max-width:1200px;margin-left:auto!important;margin-right:auto!important;min-height:90px;min-width:728px\" class=\"ezoic-ad\"><\/span><\/span>Vilken sten var min f\u00f6delsesten?<span class=\"ez-toc-section-end\"><\/span><span class=\"ez-toc-section-end\"><\/span><\/h2>\n<p>En f\u00f6delsesten \u00e4r helt enkelt en \u00e4delsten som \u00e4r kopplad till en persons f\u00f6delsedatum. <\/p>\n<p>  Att b\u00e4ra en birthstone tros ge lycka och god h\u00e4lsa. <\/p>\n<p>  Beroende p\u00e5 deras koppling till planeterna, tros olika \u00e4delstenar ha \u00f6vernaturliga f\u00f6rm\u00e5gor. <\/p>\n<p>  M\u00e5nga samh\u00e4llen brukade associera en viss \u00e4delsten med f\u00f6dslar som intr\u00e4ffade under varje stj\u00e4rntecken, men med tiden \u00e4ndrades denna sed f\u00f6r att motsvara kalenderm\u00e5nader.<\/p>\n<p>F\u00f6delsestenar har sitt ursprung i antik astrologi och flera olika listor \u00f6ver f\u00f6delsestenar har anv\u00e4nts under tiden. <\/p>\n<p>  Den mest anv\u00e4nda nu \u00e4r baserad p\u00e5 en lista som den amerikanska smyckesindustrin tillhandah\u00e5ller. <\/p>\n<p>USA <\/p>\n<p>offentliggjordes f\u00f6rst p\u00e5 1950-talet.<\/p>\n<p>Baserat p\u00e5 kalenderm\u00e5naderna klassificeras f\u00f6delsestenar enligt f\u00f6ljande:<\/p>\n<h4><span class=\"ez-toc-section\" id=\"Januari_Birthstone_Granat\"><\/span><span class=\"ez-toc-section\" id=\"Piedra_natal_de_eneroGranate\"><\/span><span id=\"ezoic-pub-ad-placeholder-158\" class=\"ezoic-adpicker-ad\"><\/span><span class=\"ezoic-ad ezoic-at-0 narrow-sky-2 narrow-sky-2158 adtester-container adtester-container-158\" data-ez-name=\"hiszodiac_com-narrow-sky-2\"><span id=\"div-gpt-ad-hiszodiac_com-narrow-sky-2-0\" ezaw=\"250\" ezah=\"250\" style=\"position:relative;z-index:0;display:inline-block;padding:0;width:100%;max-width:1200px;margin-left:auto!important;margin-right:auto!important;min-height:90px;min-width:728px\" class=\"ezoic-ad\"><\/span><\/span>Januari Birthstone Granat<span class=\"ez-toc-section-end\"><\/span><span class=\"ez-toc-section-end\"><\/span><\/h4>\n<p>Denna sten tros skydda b\u00e4raren fr\u00e5n skada. <\/p>\n<p>  En granat representerar ocks\u00e5 orubblig lojalitet och v\u00e4nskap. <\/p>\n<p>  Denna sten har en l\u00e5ng historia av att vara associerad med blodrening och tros f\u00f6rhindra matf\u00f6rgiftning, ormbett och bl\u00f6dning.<\/p>\n<h4><span class=\"ez-toc-section\" id=\"Mars_Birthstone_Aquamarine\"><\/span><span class=\"ez-toc-section\" id=\"Piedra_natal_de_marzoAguamarina\"><\/span><span id=\"ezoic-pub-ad-placeholder-159\" class=\"ezoic-adpicker-ad\"><\/span><span class=\"ezoic-ad ezoic-at-0 leader-2 leader-2159 adtester-container adtester-container-159\" data-ez-name=\"hiszodiac_com-leader-2\"><span id=\"div-gpt-ad-hiszodiac_com-leader-2-0\" ezaw=\"468\" ezah=\"60\" style=\"position:relative;z-index:0;display:inline-block;padding:0;width:100%;max-width:1200px;margin-left:auto!important;margin-right:auto!important;min-height:90px;min-width:728px\" class=\"ezoic-ad\"><\/span><\/span>Mars Birthstone Aquamarine<span class=\"ez-toc-section-end\"><\/span><span class=\"ez-toc-section-end\"><\/span><\/h4>\n<p>Denna \u00e4delsten ans\u00e5gs skydda sj\u00f6farare och s\u00e4kerst\u00e4lla en s\u00e4ker resa. <\/p>\n<p>  Aquamarines lugnande ton tros lugna hum\u00f6ret, vilket g\u00f6r att b\u00e4raren kan beh\u00e5lla lugnet och objektiviteten. <\/p>\n<p>  Dessutom tros denna sten f\u00f6rdr\u00f6ja effekterna av \u00e5ldrande.<\/p>\n<h4><span class=\"ez-toc-section\" id=\"Maj_Birthstone_Emerald\"><\/span><span class=\"ez-toc-section\" id=\"Piedra_natal_de_mayoEsmeralda\"><\/span><span id=\"ezoic-pub-ad-placeholder-160\" class=\"ezoic-adpicker-ad\"><\/span><span class=\"ezoic-ad ezoic-at-0 portrait-2 portrait-2160 adtester-container adtester-container-160\" data-ez-name=\"hiszodiac_com-portrait-2\"><span id=\"div-gpt-ad-hiszodiac_com-portrait-2-0\" ezaw=\"250\" ezah=\"250\" style=\"position:relative;z-index:0;display:inline-block;padding:0;width:100%;max-width:1200px;margin-left:auto!important;margin-right:auto!important;min-height:90px;min-width:728px\" class=\"ezoic-ad\"><\/span><\/span>Maj Birthstone Emerald<span class=\"ez-toc-section-end\"><\/span><span class=\"ez-toc-section-end\"><\/span><\/h4>\n<p>Denna sten symboliserar \u00e5terf\u00f6delse, och de som b\u00e4r den s\u00e4gs f\u00e5 visdom, tur och ungdom. <\/p>\n<p>  Vissa m\u00e4nniskor tror att b\u00e4ra en smaragd kommer att ge dem t\u00e5lamod, framsteg och visdom. <\/p>\n<p>  Dessutom \u00e4r han k\u00e4nd f\u00f6r sin f\u00f6rm\u00e5ga att f\u00f6rmedla djup k\u00e4rlek.<\/p>\n<h4><span class=\"ez-toc-section\" id=\"Juli_BirthstoneRuby\"><\/span><span class=\"ez-toc-section\" id=\"Piedra_natal_de_julioRubi\"><\/span><span id=\"ezoic-pub-ad-placeholder-161\" class=\"ezoic-adpicker-ad\"><\/span>Juli BirthstoneRuby<span class=\"ez-toc-section-end\"><\/span><span class=\"ez-toc-section-end\"><\/span><\/h4>\n<p>Rubiner tros s\u00e4kerst\u00e4lla h\u00e4lsa, intelligens, f\u00f6rm\u00f6genhet och framg\u00e5ng i k\u00e4rlek. <\/p>\n<p>  De v\u00e4cker ocks\u00e5 sinnena och fantasin. <\/p>\n<p>  Ruby tros g\u00f6ra anv\u00e4ndaren smart och ge skydd mot alla m\u00f6jliga olyckor.<\/p>\n<h4><span class=\"ez-toc-section\" id=\"August_Birthstone_Peridot\"><\/span><span class=\"ez-toc-section\" id=\"Piedra_natal_de_agostoPeridoto\"><\/span><span id=\"ezoic-pub-ad-placeholder-162\" class=\"ezoic-adpicker-ad\"><\/span>August Birthstone Peridot<span class=\"ez-toc-section-end\"><\/span><span class=\"ez-toc-section-end\"><\/span><\/h4>\n<p>Enligt legenden har peridoten magiska f\u00f6rm\u00e5gor och helande egenskaper som kan avv\u00e4rja mardr\u00f6mmar och ge styrka, inflytande och ett gott nytt \u00e5r till b\u00e4raren. <\/p>\n<p>  Dessutom anv\u00e4ndes denna diamant f\u00f6r att avv\u00e4rja onda caminar.<\/p>\n<h4><span class=\"ez-toc-section\" id=\"September_Birthstone_Safir\"><\/span><span class=\"ez-toc-section\" id=\"Piedra_natal_de_septiembreZafiro\"><\/span>September Birthstone Safir<span class=\"ez-toc-section-end\"><\/span><span class=\"ez-toc-section-end\"><\/span><\/h4>\n<p>B\u00e4raren av safiren och hans n\u00e4ra och k\u00e4ra \u00e4r skyddade fr\u00e5n skada och fiendskap. <\/p>\n<p>  Pr\u00e4ster i gamla tider trodde att safirer kunde f\u00f6ruts\u00e4ga framtiden. <\/p>\n<p>  P\u00e4rlan \u00e4r kopplad till gl\u00e4dje och lugn.<\/p>\n<h4><span class=\"ez-toc-section\" id=\"Oktober_Birthstone_Opal\"><\/span><span class=\"ez-toc-section\" id=\"Piedra_natal_de_octubreOpalo\"><\/span>Oktober Birthstone Opal<span class=\"ez-toc-section-end\"><\/span><span class=\"ez-toc-section-end\"><\/span><\/h4>\n<p>Genom \u00e5rhundradena har opalen varit synonymt med optimism, oskuld och renhet. <\/p>\n<p>  Att b\u00e4ra det sades f\u00f6rb\u00e4ttra b\u00e4rarens syn. <\/p>\n<p>  Dessutom trodde man att det avv\u00e4rjde onda caminar och gynnade barn, underh\u00e5llning, v\u00e4nskap och k\u00e4nslor.<\/p>\n<h4><span class=\"ez-toc-section\" id=\"November_Birthstone_Citrin\"><\/span><span class=\"ez-toc-section\" id=\"Piedra_natal_de_noviembreCitrino\"><\/span>November Birthstone Citrin<span class=\"ez-toc-section-end\"><\/span><span class=\"ez-toc-section-end\"><\/span><\/h4>\n<p>B\u00e4rarens hopp, entusiasm och v\u00e4rme ska uppmuntras och v\u00e4gledas av denna gyllene \u00e4delsten, som ocks\u00e5 s\u00e4gs \u00f6ka vitalitet och h\u00e4lsa. <\/p>\n<p>  Citriner har ocks\u00e5 anv\u00e4nts som en talisman mot pest, d\u00e5lig hud och d\u00e5liga tankar, samt ett motgift mot ormgift. <\/p>\n<p>  De tros hj\u00e4lpa matsm\u00e4ltningen och hj\u00e4lpa till att befria kroppen fr\u00e5n f\u00f6roreningar.<\/p>\n<h4><span class=\"ez-toc-section\" id=\"December_Birthstone_Turkos\"><\/span><span class=\"ez-toc-section\" id=\"Piedra_natal_de_diciembreTurquesa\"><\/span>December Birthstone Turkos<span class=\"ez-toc-section-end\"><\/span><span class=\"ez-toc-section-end\"><\/span><\/h4>\n<p>Denna \u00e4delsten s\u00e4gs ge lycka och tur till den som b\u00e4r den. <\/p>\n<p>  Turkos var en nyans som indianerna f\u00f6rband med bl\u00e5 himmel och gr\u00f6n jord.<\/p>\n<h2><span class=\"ez-toc-section\" id=\"Finns_det_tva_fodelsestenar_for_varje_manad\"><\/span><span class=\"ez-toc-section\" id=\"%C2%BFHay_dos_piedras_de_nacimiento_para_cada_mes\"><\/span><span id=\"ezoic-pub-ad-placeholder-154\" class=\"ezoic-adpicker-ad\"><\/span><span class=\"ezoic-ad ezoic-at-0 leader-4 leader-4154 adtester-container adtester-container-154\" data-ez-name=\"hiszodiac_com-leader-4\"><span id=\"div-gpt-ad-hiszodiac_com-leader-4-0\" ezaw=\"250\" ezah=\"250\" style=\"position:relative;z-index:0;display:inline-block;padding:0;width:100%;max-width:1200px;margin-left:auto!important;margin-right:auto!important;min-height:90px;min-width:728px\" class=\"ezoic-ad\"><\/span><\/span>Finns det tv\u00e5 f\u00f6delsestenar f\u00f6r varje m\u00e5nad?<span class=\"ez-toc-section-end\"><\/span><span class=\"ez-toc-section-end\"><\/span><\/h2>\n<p>\u00c4ven om varje m\u00e5nad traditionellt bara har en f\u00f6delsesten, har vissa m\u00e5nader m\u00e5nga f\u00f6delsestenar. <\/p>\n<p>  Detta faktum orsakar viss f\u00f6rvirring, men variationen av m\u00f6jligheter under n\u00e5gra m\u00e5nader utvecklades f\u00f6r att ge kunderna ett urval av billigare val ut\u00f6ver de dyrare och mer typiska stenarna.<\/p>\n<h2><span class=\"ez-toc-section\" id=\"Vilken_ton_representerar_juni\"><\/span><span class=\"ez-toc-section\" id=\"%C2%BFQue_tono_representa_junio\"><\/span><span id=\"ezoic-pub-ad-placeholder-155\" class=\"ezoic-adpicker-ad\"><\/span><span class=\"ezoic-ad ezoic-at-0 leader-3 leader-3155 adtester-container adtester-container-155\" data-ez-name=\"hiszodiac_com-leader-3\"><span id=\"div-gpt-ad-hiszodiac_com-leader-3-0\" ezaw=\"336\" ezah=\"280\" style=\"position:relative;z-index:0;display:inline-block;padding:0;width:100%;max-width:1200px;margin-left:auto!important;margin-right:auto!important;min-height:280px;min-width:336px\" class=\"ezoic-ad\"><\/span><\/span>Vilken ton representerar juni?<span class=\"ez-toc-section-end\"><\/span><span class=\"ez-toc-section-end\"><\/span><\/h2>\n<p>Juni nyanser \u00e4r ljuslila, vita och kr\u00e4mf\u00e4rgade. <\/p>\n<p>  Tre f\u00e4rger, alla i en ljusare och mer uts\u00f6kt ton, representerar juni m\u00e5nad. <\/p>\n<p>  Vitt \u00e4r renhetens f\u00e4rg, ljuslila \u00e4r f\u00e4rgen p\u00e5 elegans och monarki, och gr\u00e4dde \u00e4r lugnets f\u00e4rg. <\/p>\n<p>  Ordet juni, som betecknar \u00e5rets sj\u00e4tte m\u00e5nad, kommer fr\u00e5n den romerska skyddsgudinnan som kallas Juno. <\/p>\n<p>  Juni \u00e4r en motiverande m\u00e5nad med mycket lust att g\u00f6ra n\u00e5got. <\/p>\n<p>  Att anv\u00e4nda junis f\u00e4rger tar bort negativitet fr\u00e5n ditt hem och uppmuntrar till en glad atmosf\u00e4r vart du \u00e4n g\u00e5r. <\/p>\n<p>  Enligt f\u00e4rgpsykologi har f\u00e4rger en betydande inverkan p\u00e5 v\u00e5rt hum\u00f6r och dagliga liv. <\/p>\n<p>  Egentligen p\u00e5verkar f\u00e4rger ocks\u00e5 v\u00e5rt beteende.<\/p>\n<p>Junis dominerande f\u00e4rg \u00e4r ljuslila. <\/p>\n<p>  Junis tre f\u00e4rger \u00e4r gr\u00e4dde, vit och ljuslila. <\/p>\n<p>  M\u00e5nga m\u00e4nniskor tror starkt p\u00e5 horoskop och f\u00e4rgologi, och varje m\u00e5nad dekorerar de sina hem med m\u00e5nadens f\u00e4rg. <\/p>\n<p>  Du beh\u00f6ver inte ha en nyans av juni i hela utrymmet;  en liten m\u00e4ngd ljuslila eller vit skulle r\u00e4cka. <\/p>\n<p>  Du kan justera sm\u00e5 dekorativa element eller visa delar till en ljuslila utan att \u00e4ndra f\u00e4rgen p\u00e5 v\u00e4ggarna. <\/p>\n<p>  S\u00e4ngkl\u00e4der \u00e4r ett av de enklaste s\u00e4tten att f\u00e5 in junis f\u00e4rg i sovrummet. <\/p>\n<p>  ingen tvekan med ofta byter ut sina s\u00e4ngkl\u00e4der. <\/p>\n<p>  Vita kuddar och ett ljuslila \u00f6verkast b\u00f6r l\u00e4ggas till i utrymmet. <\/p>\n<p>  Du kommer att \u00e4lska det h\u00e4r f\u00e4rgschemat!<\/p>\n<h2><span class=\"ez-toc-section\" id=\"Hur_ser_Alexandrite_ut\"><\/span><span class=\"ez-toc-section\" id=\"%C2%BFComo_aparece_Alejandrita\"><\/span><span id=\"ezoic-pub-ad-placeholder-156\" class=\"ezoic-adpicker-ad\"><\/span><span class=\"ezoic-ad ezoic-at-0 netboard-1 netboard-1156 adtester-container adtester-container-156\" data-ez-name=\"hiszodiac_com-netboard-1\"><span id=\"div-gpt-ad-hiszodiac_com-netboard-1-0\" ezaw=\"336\" ezah=\"280\" style=\"position:relative;z-index:0;display:inline-block;padding:0;width:100%;max-width:1200px;margin-left:auto!important;margin-right:auto!important;min-height:280px;min-width:336px\" class=\"ezoic-ad\"><\/span><\/span>Hur ser Alexandrite ut?<span class=\"ez-toc-section-end\"><\/span><span class=\"ez-toc-section-end\"><\/span><\/h2>\n<p>Chrysoberyl finns i n\u00e5gra olika och ovanliga varianter, inklusive den kameleontliknande alexandriten. <\/p>\n<p>  I naturlig eller lysr\u00f6rsbelysning kan det vara en vacker nyans av gr\u00f6nt, men i det varma gl\u00f6dljuset fr\u00e5n en lampa eller stearinljusl\u00e5ga kan det bli brunt eller lila-r\u00f6tt. <\/p>\n<p>  Detta \u00e4r resultatet av mineralets komplicerade metod f\u00f6r ljusabsorption.<\/p>\n<h2><span class=\"ez-toc-section\" id=\"Varfor_ar_parlan_junis_fodelsesten\"><\/span><span class=\"ez-toc-section\" id=\"%C2%BFPor_que_la_perla_es_la_piedra_de_nacimiento_de_June\"><\/span><span id=\"ezoic-pub-ad-placeholder-157\" class=\"ezoic-adpicker-ad\"><\/span><span class=\"ezoic-ad ezoic-at-0 mobile-leaderboard-2 mobile-leaderboard-2157 adtester-container adtester-container-157\" data-ez-name=\"hiszodiac_com-mobile-leaderboard-2\"><span id=\"div-gpt-ad-hiszodiac_com-mobile-leaderboard-2-0\" ezaw=\"300\" ezah=\"250\" style=\"position:relative;z-index:0;display:inline-block;padding:0;min-height:250px;min-width:300px\" class=\"ezoic-ad\"><\/span><\/span>Varf\u00f6r \u00e4r p\u00e4rlan junis f\u00f6delsesten?<span class=\"ez-toc-section-end\"><\/span><span class=\"ez-toc-section-end\"><\/span><\/h2>\n<p>Enligt astrologin \u00e4r p\u00e4rlan f\u00f6delsestenen f\u00f6r juni. <\/p>\n<p>  Dessutom h\u00e4vdar de att stenen \u00e4r i harmoni med Tvillingarnas stj\u00e4rntecknet. <\/p>\n<p>  M\u00e4nniskor har l\u00e4nge haft tanken att p\u00e4rlor erbjuder lugn, k\u00e4rlek, tur och kunskap.<\/p>\n<p>Dess vita f\u00e4rg \u00e4r kopplad till renhet och ljushet. <\/p>\n<p>  Birdstone p\u00e4rlan \u00e4r d\u00e4rf\u00f6r en symbol f\u00f6r renhet och uppriktighet. <\/p>\n<p>  Att b\u00e4ra den som din f\u00f6delsesten tros ge k\u00e4rlek och tur till nya b\u00f6rjan i livet, som \u00e4ktenskap, flytt och bebisar.<\/p>\n<p>Vi hoppas att du gillade v\u00e5r artikel Vad \u00e4r f\u00f6delsestenen f\u00f6r 5 juni? och allt relaterat till horoskop, tarot, ritualer och allt relaterat.<\/p>\n<figure class=\"wp-block-table is-style-regular\">\n<\/figure>\n<p>Intressanta saker att veta inneb\u00f6rden: Tarot  <\/p>\n<p>\u00c4ven h\u00e4r l\u00e4mnar vi \u00e4mnen relaterade till: Tarot<\/p>\n<\/p>\n<p><\/p>\n<p>Vi hoppas att du gillade v\u00e5r artikel Vad \u00e4r f\u00f6delsestenen f\u00f6r 5 juni?<br \/>\n och allt om horoskop, tarot, ritualer och allt relaterat till det &#8230;<\/p>\n<figure class=\"wp-block-table is-style-regular\">\n<table style=\"width: 284px; height: 157px;\">\n<tbody>\n<tr>\n<td class=\"has-text-align-center\" data-align=\"center\"><img loading=\"lazy\" decoding=\"async\" class=\"alignleft\" src=\" https:\/\/goroskop.tv\/wp-content\/uploads\/2023\/05\/tarot1.jpg \" alt=\" Vad \u00e4r f\u00f6delsestenen f\u00f6r 5 juni?\n \" width=\"65\" height=\"95\" title=\"\"><img loading=\"lazy\" decoding=\"async\" class=\"alignleft\" style=\"width: 60px;\" src=\" https:\/\/goroskop.tv\/wp-content\/uploads\/2023\/05\/tarot2.jpg \" alt=\" Vad \u00e4r f\u00f6delsestenen f\u00f6r 5 juni?\n \" width=\"195\" height=\"300\" title=\"\"><img decoding=\"async\" class=\"alignleft\" style=\"width: 60px;\" src=\" https:\/\/goroskop.tv\/wp-content\/uploads\/2023\/05\/tarot3.jpg \" alt=\" Vad \u00e4r f\u00f6delsestenen f\u00f6r 5 juni?\n \" title=\"\"><\/td>\n<\/tr>\n<\/tbody>\n<\/table>\n<\/figure>\n<p>Intressanta saker att veta inneb\u00f6rden: <a href=\"https:\/\/sv.wikipedia.org\/wiki\/Tarot\" target=\"_blank\" rel=\"nofollow noopener\"> Tarot <\/a> <\/p>\n<p>H\u00e4r l\u00e4mnar vi ocks\u00e5 \u00e4mnen relaterade till: <a href=\" https:\/\/goroskop.tv\/sw\/kommer-leo-och-skorpionen-overens-som-vanner\/\">Tarot<\/a><\/p>\n<div id=\"ez-toc-container\" class=\"ez-toc-v2_0_82_2 ez-toc-wrap-center counter-hierarchy ez-toc-counter ez-toc-grey ez-toc-container-direction\">\n<div class=\"ez-toc-title-container\">\n<div class=\"ez-toc-title\" style=\"cursor:inherit\">Table of Contents<\/div>\n<span class=\"ez-toc-title-toggle\"><a href=\"#\" class=\"ez-toc-pull-right ez-toc-btn ez-toc-btn-xs ez-toc-btn-default ez-toc-toggle\" aria-label=\"Alternar tabla de contenidos\"><span class=\"ez-toc-js-icon-con\"><span class=\"\"><span class=\"eztoc-hide\" style=\"display:none;\">Toggle<\/span><span class=\"ez-toc-icon-toggle-span\"><svg style=\"fill: #999;color:#999\" xmlns=\"http:\/\/www.w3.org\/2000\/svg\" class=\"list-377408\" width=\"20px\" height=\"20px\" viewBox=\"0 0 24 24\" fill=\"none\"><path d=\"M6 6H4v2h2V6zm14 0H8v2h12V6zM4 11h2v2H4v-2zm16 0H8v2h12v-2zM4 16h2v2H4v-2zm16 0H8v2h12v-2z\" fill=\"currentColor\"><\/path><\/svg><svg style=\"fill: #999;color:#999\" class=\"arrow-unsorted-368013\" xmlns=\"http:\/\/www.w3.org\/2000\/svg\" width=\"10px\" height=\"10px\" viewBox=\"0 0 24 24\" version=\"1.2\" baseProfile=\"tiny\"><path d=\"M18.2 9.3l-6.2-6.3-6.2 6.3c-.2.2-.3.4-.3.7s.1.5.3.7c.2.2.4.3.7.3h11c.3 0 .5-.1.7-.3.2-.2.3-.5.3-.7s-.1-.5-.3-.7zM5.8 14.7l6.2 6.3 6.2-6.3c.2-.2.3-.5.3-.7s-.1-.5-.3-.7c-.2-.2-.4-.3-.7-.3h-11c-.3 0-.5.1-.7.3-.2.2-.3.5-.3.7s.1.5.3.7z\"\/><\/svg><\/span><\/span><\/span><\/a><\/span><\/div>\n<nav><ul class='ez-toc-list ez-toc-list-level-1 eztoc-toggle-hide-by-default' ><li class='ez-toc-page-1 ez-toc-heading-level-2'><a class=\"ez-toc-link ez-toc-heading-1\" href=\"https:\/\/goroskop.tv\/sw\/vad-ar-fodelsestenen-for-5-juni\/#Vad_ar_fodelsestenen_for_5_juni\" >Vad \u00e4r f\u00f6delsestenen f\u00f6r 5 juni?<\/a><\/li><li class='ez-toc-page-1 ez-toc-heading-level-2'><a class=\"ez-toc-link ez-toc-heading-2\" href=\"https:\/\/goroskop.tv\/sw\/vad-ar-fodelsestenen-for-5-juni\/#Varfor_finns_det_tre_fodelsestenar_for_juni\" >Varf\u00f6r finns det tre f\u00f6delsestenar f\u00f6r juni?<\/a><\/li><li class='ez-toc-page-1 ez-toc-heading-level-2'><a class=\"ez-toc-link ez-toc-heading-3\" href=\"https:\/\/goroskop.tv\/sw\/vad-ar-fodelsestenen-for-5-juni\/#Vilka_ar_de_tva_fargerna_pa_junifodelsestenar\" >Vilka \u00e4r de tv\u00e5 f\u00e4rgerna p\u00e5 junif\u00f6delsestenar?<\/a><\/li><li class='ez-toc-page-1 ez-toc-heading-level-2'><a class=\"ez-toc-link ez-toc-heading-4\" href=\"https:\/\/goroskop.tv\/sw\/vad-ar-fodelsestenen-for-5-juni\/#Vilken_adelsten_ar_junifodelsestenen\" >Vilken \u00e4delsten \u00e4r junif\u00f6delsestenen?<\/a><\/li><li class='ez-toc-page-1 ez-toc-heading-level-2'><a class=\"ez-toc-link ez-toc-heading-5\" href=\"https:\/\/goroskop.tv\/sw\/vad-ar-fodelsestenen-for-5-juni\/#Vilken_farg_har_junifodelsestenen\" >Vilken f\u00e4rg har junif\u00f6delsestenen?<\/a><ul class='ez-toc-list-level-3' ><li class='ez-toc-heading-level-3'><a class=\"ez-toc-link ez-toc-heading-6\" href=\"https:\/\/goroskop.tv\/sw\/vad-ar-fodelsestenen-for-5-juni\/#Parlor_finns_i_olika_farger\" >P\u00e4rlor finns i olika f\u00e4rger.<\/a><\/li><li class='ez-toc-page-1 ez-toc-heading-level-3'><a class=\"ez-toc-link ez-toc-heading-7\" href=\"https:\/\/goroskop.tv\/sw\/vad-ar-fodelsestenen-for-5-juni\/#Vackra_odlade_parlor_ar_ocksa_populara\" >Vackra odlade p\u00e4rlor \u00e4r ocks\u00e5 popul\u00e4ra.<\/a><\/li><li class='ez-toc-page-1 ez-toc-heading-level-3'><a class=\"ez-toc-link ez-toc-heading-8\" href=\"https:\/\/goroskop.tv\/sw\/vad-ar-fodelsestenen-for-5-juni\/#kanda_parlor\" >k\u00e4nda p\u00e4rlor<\/a><\/li><li class='ez-toc-page-1 ez-toc-heading-level-3'><a class=\"ez-toc-link ez-toc-heading-9\" href=\"https:\/\/goroskop.tv\/sw\/vad-ar-fodelsestenen-for-5-juni\/#parlkunskap\" >p\u00e4rlkunskap<\/a><\/li><li class='ez-toc-page-1 ez-toc-heading-level-3'><a class=\"ez-toc-link ez-toc-heading-10\" href=\"https:\/\/goroskop.tv\/sw\/vad-ar-fodelsestenen-for-5-juni\/#Annu_en_fodelsesten_i_juni_Manstenen\" >\u00c4nnu en f\u00f6delsesten i juni: M\u00e5nstenen<\/a><\/li><li class='ez-toc-page-1 ez-toc-heading-level-3'><a class=\"ez-toc-link ez-toc-heading-11\" href=\"https:\/\/goroskop.tv\/sw\/vad-ar-fodelsestenen-for-5-juni\/#Manstenslaror\" >M\u00e5nstensl\u00e4ror<\/a><\/li><li class='ez-toc-page-1 ez-toc-heading-level-3'><a class=\"ez-toc-link ez-toc-heading-12\" href=\"https:\/\/goroskop.tv\/sw\/vad-ar-fodelsestenen-for-5-juni\/#Eller_valj_alexandrit_som_din_fodelsesten_i_juni\" >Eller v\u00e4lj alexandrit som din f\u00f6delsesten i juni.<\/a><\/li><li class='ez-toc-page-1 ez-toc-heading-level-3'><a class=\"ez-toc-link ez-toc-heading-13\" href=\"https:\/\/goroskop.tv\/sw\/vad-ar-fodelsestenen-for-5-juni\/#Alexandrit_ar_sallsynt_och_dyrt\" >Alexandrit \u00e4r s\u00e4llsynt och dyrt.<\/a><\/li><li class='ez-toc-page-1 ez-toc-heading-level-3'><a class=\"ez-toc-link ez-toc-heading-14\" href=\"https:\/\/goroskop.tv\/sw\/vad-ar-fodelsestenen-for-5-juni\/#Juni_Alexandrite_Birthstone_historia\" >Juni Alexandrite Birthstone historia<\/a><\/li><\/ul><\/li><li class='ez-toc-page-1 ez-toc-heading-level-2'><a class=\"ez-toc-link ez-toc-heading-15\" href=\"https:\/\/goroskop.tv\/sw\/vad-ar-fodelsestenen-for-5-juni\/#Vad_ar_vardet_av_alexandrit\" >Vad \u00e4r v\u00e4rdet av alexandrit?<\/a><\/li><li class='ez-toc-page-1 ez-toc-heading-level-2'><a class=\"ez-toc-link ez-toc-heading-16\" href=\"https:\/\/goroskop.tv\/sw\/vad-ar-fodelsestenen-for-5-juni\/#Vilken_sten_var_min_fodelsesten\" >Vilken sten var min f\u00f6delsesten?<\/a><ul class='ez-toc-list-level-4' ><li class='ez-toc-heading-level-4'><ul class='ez-toc-list-level-4' ><li class='ez-toc-heading-level-4'><a class=\"ez-toc-link ez-toc-heading-17\" href=\"https:\/\/goroskop.tv\/sw\/vad-ar-fodelsestenen-for-5-juni\/#Januari_Birthstone_Granat\" >Januari Birthstone Granat<\/a><\/li><li class='ez-toc-page-1 ez-toc-heading-level-4'><a class=\"ez-toc-link ez-toc-heading-18\" href=\"https:\/\/goroskop.tv\/sw\/vad-ar-fodelsestenen-for-5-juni\/#Mars_Birthstone_Aquamarine\" >Mars Birthstone Aquamarine<\/a><\/li><li class='ez-toc-page-1 ez-toc-heading-level-4'><a class=\"ez-toc-link ez-toc-heading-19\" href=\"https:\/\/goroskop.tv\/sw\/vad-ar-fodelsestenen-for-5-juni\/#Maj_Birthstone_Emerald\" >Maj Birthstone Emerald<\/a><\/li><li class='ez-toc-page-1 ez-toc-heading-level-4'><a class=\"ez-toc-link ez-toc-heading-20\" href=\"https:\/\/goroskop.tv\/sw\/vad-ar-fodelsestenen-for-5-juni\/#Juli_BirthstoneRuby\" >Juli BirthstoneRuby<\/a><\/li><li class='ez-toc-page-1 ez-toc-heading-level-4'><a class=\"ez-toc-link ez-toc-heading-21\" href=\"https:\/\/goroskop.tv\/sw\/vad-ar-fodelsestenen-for-5-juni\/#August_Birthstone_Peridot\" >August Birthstone Peridot<\/a><\/li><li class='ez-toc-page-1 ez-toc-heading-level-4'><a class=\"ez-toc-link ez-toc-heading-22\" href=\"https:\/\/goroskop.tv\/sw\/vad-ar-fodelsestenen-for-5-juni\/#September_Birthstone_Safir\" >September Birthstone Safir<\/a><\/li><li class='ez-toc-page-1 ez-toc-heading-level-4'><a class=\"ez-toc-link ez-toc-heading-23\" href=\"https:\/\/goroskop.tv\/sw\/vad-ar-fodelsestenen-for-5-juni\/#Oktober_Birthstone_Opal\" >Oktober Birthstone Opal<\/a><\/li><li class='ez-toc-page-1 ez-toc-heading-level-4'><a class=\"ez-toc-link ez-toc-heading-24\" href=\"https:\/\/goroskop.tv\/sw\/vad-ar-fodelsestenen-for-5-juni\/#November_Birthstone_Citrin\" >November Birthstone Citrin<\/a><\/li><li class='ez-toc-page-1 ez-toc-heading-level-4'><a class=\"ez-toc-link ez-toc-heading-25\" href=\"https:\/\/goroskop.tv\/sw\/vad-ar-fodelsestenen-for-5-juni\/#December_Birthstone_Turkos\" >December Birthstone Turkos<\/a><\/li><\/ul><\/li><\/ul><\/li><li class='ez-toc-page-1 ez-toc-heading-level-2'><a class=\"ez-toc-link ez-toc-heading-26\" href=\"https:\/\/goroskop.tv\/sw\/vad-ar-fodelsestenen-for-5-juni\/#Finns_det_tva_fodelsestenar_for_varje_manad\" >Finns det tv\u00e5 f\u00f6delsestenar f\u00f6r varje m\u00e5nad?<\/a><\/li><li class='ez-toc-page-1 ez-toc-heading-level-2'><a class=\"ez-toc-link ez-toc-heading-27\" href=\"https:\/\/goroskop.tv\/sw\/vad-ar-fodelsestenen-for-5-juni\/#Vilken_ton_representerar_juni\" >Vilken ton representerar juni?<\/a><\/li><li class='ez-toc-page-1 ez-toc-heading-level-2'><a class=\"ez-toc-link ez-toc-heading-28\" href=\"https:\/\/goroskop.tv\/sw\/vad-ar-fodelsestenen-for-5-juni\/#Hur_ser_Alexandrite_ut\" >Hur ser Alexandrite ut?<\/a><\/li><li class='ez-toc-page-1 ez-toc-heading-level-2'><a class=\"ez-toc-link ez-toc-heading-29\" href=\"https:\/\/goroskop.tv\/sw\/vad-ar-fodelsestenen-for-5-juni\/#Varfor_ar_parlan_junis_fodelsesten\" >Varf\u00f6r \u00e4r p\u00e4rlan junis f\u00f6delsesten?<\/a><\/li><\/ul><\/nav><\/div>\n","protected":false},"excerpt":{"rendered":"<p>Vad \u00e4r f\u00f6delsestenen f\u00f6r 5 juni? Du har turen att ha tre f\u00f6delsestenar att kalla din egen om du \u00e4r f\u00f6dd i juni m\u00e5nad. Endast tre m\u00e5nader, juni, augusti och december har vardera tre f\u00f6delsestenar, vilket ger dig ett brett urval av dyrbara f\u00f6delsestenar att v\u00e4lja mellan. Moonstone, Alexandrite och Pearl \u00e4r f\u00f6delsestenarna f\u00f6r juni. &hellip;<\/p>\n","protected":false},"author":1,"featured_media":38,"comment_status":"closed","ping_status":"closed","sticky":false,"template":"","format":"standard","meta":{"footnotes":""},"categories":[4],"tags":[10,125,7,207,43],"class_list":["post-39668","post","type-post","status-publish","format-standard","has-post-thumbnail","hentry","category-tarot","tag-ar","tag-fodelsestenen","tag-for","tag-juni","tag-vad"],"_links":{"self":[{"href":"https:\/\/goroskop.tv\/sw\/wp-json\/wp\/v2\/posts\/39668","targetHints":{"allow":["GET"]}}],"collection":[{"href":"https:\/\/goroskop.tv\/sw\/wp-json\/wp\/v2\/posts"}],"about":[{"href":"https:\/\/goroskop.tv\/sw\/wp-json\/wp\/v2\/types\/post"}],"author":[{"embeddable":true,"href":"https:\/\/goroskop.tv\/sw\/wp-json\/wp\/v2\/users\/1"}],"replies":[{"embeddable":true,"href":"https:\/\/goroskop.tv\/sw\/wp-json\/wp\/v2\/comments?post=39668"}],"version-history":[{"count":0,"href":"https:\/\/goroskop.tv\/sw\/wp-json\/wp\/v2\/posts\/39668\/revisions"}],"wp:featuredmedia":[{"embeddable":true,"href":"https:\/\/goroskop.tv\/sw\/wp-json\/wp\/v2\/media\/38"}],"wp:attachment":[{"href":"https:\/\/goroskop.tv\/sw\/wp-json\/wp\/v2\/media?parent=39668"}],"wp:term":[{"taxonomy":"category","embeddable":true,"href":"https:\/\/goroskop.tv\/sw\/wp-json\/wp\/v2\/categories?post=39668"},{"taxonomy":"post_tag","embeddable":true,"href":"https:\/\/goroskop.tv\/sw\/wp-json\/wp\/v2\/tags?post=39668"}],"curies":[{"name":"wp","href":"https:\/\/api.w.org\/{rel}","templated":true}]}}