{"id":41465,"date":"2023-08-28T16:27:37","date_gmt":"2023-08-28T16:27:37","guid":{"rendered":"https:\/\/goroskop.tv\/sw\/vad-ar-meningen-med-manens-tecken\/"},"modified":"2023-08-28T16:27:37","modified_gmt":"2023-08-28T16:27:37","slug":"vad-ar-meningen-med-manens-tecken","status":"publish","type":"post","link":"https:\/\/goroskop.tv\/sw\/vad-ar-meningen-med-manens-tecken\/","title":{"rendered":"Vad \u00e4r meningen med m\u00e5nens tecken"},"content":{"rendered":"<p><\/p>\n<h2><span class=\"ez-toc-section\" id=\"Vad_betyder_det_roda_manetecknet\"><\/span><span class=\"ez-toc-section\" id=\"%C2%BFCual_es_el_significado_del_signo_de_la_luna_roja\"><\/span>  Vad betyder det r\u00f6da m\u00e5netecknet?<span class=\"ez-toc-section-end\"><\/span><span class=\"ez-toc-section-end\"><\/span><\/h2>\n<p>Id\u00e9n om en \u00abblodm\u00e5ne\u00bb som tj\u00e4nar som en indikation p\u00e5 den yttersta tiden kommer fr\u00e5n Joels bok, som s\u00e4ger: \u00absolen skall f\u00f6rvandlas till m\u00f6rker och m\u00e5nen till blod, innan den stora dagen n\u00e4rmar sig &#8230; fruktansv\u00e4rd f\u00f6r Herren.\u00bb<\/p>\n<h2><span class=\"ez-toc-section\" id=\"Vad_hander_om_manen_ar_rod\"><\/span><span class=\"ez-toc-section\" id=\"%C2%BFY_si_la_luna_es_roja\"><\/span><span id=\"ezoic-pub-ad-placeholder-144\" class=\"ezoic-adpicker-ad\"><\/span>Vad h\u00e4nder om m\u00e5nen \u00e4r r\u00f6d?<span class=\"ez-toc-section-end\"><\/span><span class=\"ez-toc-section-end\"><\/span><\/h2>\n<p>En conjunto m\u00e5nf\u00f6rm\u00f6rkelse med en djupt blodr\u00f6d m\u00e5ne str\u00f6k \u00f6ver natthimlen fr\u00e5n s\u00f6ndagskv\u00e4llen till m\u00e5ndagsmorgonen, vilket gav en dramatisk extravaganza i flera delar f\u00f6r stj\u00e4rnsk\u00e5dare.<\/p>\n<p>M\u00e5nen b\u00f6rjade passera in i jordens skugga runt 21:30. <\/p>\n<p>m. <\/p>\n<p>ET. <\/p>\n<p>  Den n\u00e5dde totaliteten, eller att vara helt inom jordens skugga, p\u00e5 ungef\u00e4r tv\u00e5 timmar och stannade d\u00e4r i 85 minuter.<\/p>\n<p>Detta \u00e4r ocks\u00e5 k\u00e4nt som en \u00abblodm\u00e5ne\u00bb eftersom solljus som skiner direkt p\u00e5 jorden passerar genom atmosf\u00e4ren och projiceras p\u00e5 m\u00e5nen, vilket ger den en r\u00f6daktig nyans under f\u00f6rm\u00f6rkelsen.<\/p>\n<p>\u00abDenna liknande \u00e5tg\u00e4rd \u00e4r ansvarig f\u00f6r den r\u00f6dorange f\u00e4rgen p\u00e5 soluppg\u00e5ngar och solnedg\u00e5ngar\u00bb, konstaterar NASA.<\/p>\n<h2><span class=\"ez-toc-section\" id=\"Vad_ar_den_bibliska_versionen_av_den_roda_manen\"><\/span><span class=\"ez-toc-section\" id=\"%C2%BFCual_es_la_version_biblica_de_la_luna_roja\"><\/span><span id=\"ezoic-pub-ad-placeholder-145\" class=\"ezoic-adpicker-ad\"><\/span>Vad \u00e4r den bibliska versionen av den r\u00f6da m\u00e5nen?<span class=\"ez-toc-section-end\"><\/span><span class=\"ez-toc-section-end\"><\/span><\/h2>\n<p>\u00abInnan Herrens stora och fruktansv\u00e4rda dag kommer solen att f\u00f6rvandlas till m\u00f6rker och m\u00e5nen till blod\u00bb, s\u00e4ger Joel 2:31.<\/p>\n<p>Inf\u00f6r Herrens stora och minnesv\u00e4rda dag kommer solen att f\u00f6rvandlas till m\u00f6rker och m\u00e5nen till blod.<\/p>\n<p>Apostlag\u00e4rningarna 2:20 \u00e4r ett avsnitt ur Apostlag\u00e4rningarnas bok.<\/p>\n<h2><span class=\"ez-toc-section\" id=\"Har_blodmanen_nagon_inverkan_pa_manniskor\"><\/span><span class=\"ez-toc-section\" id=\"%C2%BFLa_luna_de_sangre_tiene_algun_impacto_en_los_humanos\"><\/span><span id=\"ezoic-pub-ad-placeholder-146\" class=\"ezoic-adpicker-ad\"><\/span><span data-ez-ph-id=\"146\" style=\"margin-top:15px!important;margin-bottom:15px!important;text-align:center!important;min-height:250px;line-height:0;padding:0;float:none!important;margin-right:auto!important;margin-left:auto!important;display:block!important;min-width:250px;max-width:100%!important\"><\/span>Har blodm\u00e5nen n\u00e5gon inverkan p\u00e5 m\u00e4nniskor?<span class=\"ez-toc-section-end\"><\/span><span class=\"ez-toc-section-end\"><\/span><\/h2>\n<p>\u00c4ven om det inte finns n\u00e5gra tydliga bevis f\u00f6r att m\u00e5nen har en inverkan p\u00e5 m\u00e4nniskors mentala och fysiska h\u00e4lsa, har den observerats i andra organismer: koraller tycks till exempel tajma sin lek enligt m\u00e5nens cykel.<\/p>\n<p>Hur \u00e4r det med m\u00e4nniskor?  Niall McCrae, f\u00f6rfattare till The Moon and Madness, har kritiserat tidigare vetenskapliga studier som visar p\u00e5 ett samband mellan m\u00e5nen och h\u00e4lsa, men utesluter inte m\u00f6jligheten av ett \u00abm\u00e5ninflytande\u00bb.<\/p>\n<p>\u00abVi kan vara s\u00e4kra p\u00e5 att m\u00e5nen har liten effekt p\u00e5 de flesta m\u00e4nniskors liv f\u00f6r det mesta, men vi kan inte utesluta att den kan spela en roll bland andra milj\u00f6faktorer som p\u00e5verkar v\u00e5r s\u00f6mn, hum\u00f6r och kraft,\u00bb sa han .  s\u00e4ger.<\/p>\n<p>I sin bok The Moon s\u00e4ger Richard Dunn: \u00ab\u00d6vertygande vetenskapliga bevis har \u00e4nnu inte hittats f\u00f6r att m\u00e5nen p\u00e5verkar m\u00e4nniskans biologi eller mental h\u00e4lsa.\u00bb  \u00abMen deras mest synliga effekter p\u00e5 jorden, s\u00e5som ljus och gravitation, s\u00e5v\u00e4l som deras regelbundna cykler, har haft en betydande inverkan p\u00e5 hur m\u00e4nniskor har levt sina liv, oavsett om det \u00e4r genom tidsordning, navigering eller f\u00f6rs\u00f6k att f\u00f6ruts\u00e4ga vad framtiden kan h\u00e5lla.<\/p>\n<p>\u00abInverkan av en meteorit under den totala m\u00e5nf\u00f6rm\u00f6rkelsen\u00bb av Rafael Ruiz \u00e4r huvudbilden (Insight Investment Astronomy Photographer of the Year 2019)<\/p>\n<h2><span class=\"ez-toc-section\" id=\"Vad_sager_Bibeln_om_blodmanen\"><\/span><span class=\"ez-toc-section\" id=\"%C2%BFQue_dice_la_Biblia_sobre_la_luna_de_sangre\"><\/span><span id=\"ezoic-pub-ad-placeholder-147\" class=\"ezoic-adpicker-ad\"><\/span>Vad s\u00e4ger Bibeln om blodm\u00e5nen?<span class=\"ez-toc-section-end\"><\/span><span class=\"ez-toc-section-end\"><\/span><\/h2>\n<p>Konceptet att en blodm\u00e5ne \u00e4r ett f\u00f6rebud om den sista tidens b\u00f6rjan kommer fr\u00e5n Joels bok, som s\u00e4ger: \u00absolen skall f\u00f6rvandlas till m\u00f6rker och m\u00e5nen till blod, innan den stora och fruktansv\u00e4rda dagen n\u00e4rmar sig .\u201d av Herren. <\/p>\n<p>  Denna profetia upprepades av Petrus p\u00e5 pingstdagen, enligt Apostlag\u00e4rningarna, \u00e4ven om Petrus h\u00e4vdar att uppfyllelsen av Joels profetia intr\u00e4ffade p\u00e5 pingstdagen, inte vid ett senare tillf\u00e4lle. <\/p>\n<p>  Och jag s\u00e5g efter det att han hade \u00f6ppnat det sj\u00e4tte inseglet, och se, det var en stor jordb\u00e4vning;  och solen blev svart som s\u00e4ckv\u00e4v och m\u00e5nen som blod\u00bb, s\u00e4ger vers 12 i Uppenbarelseboken kapitel 6 vers 1113.<\/p>\n<h2><span class=\"ez-toc-section\" id=\"Vad_ar_frekvensen_for_en_rod_mane\"><\/span><span class=\"ez-toc-section\" id=\"%C2%BFCual_es_la_frecuencia_de_una_luna_roja\"><\/span><span id=\"ezoic-pub-ad-placeholder-148\" class=\"ezoic-adpicker-ad\"><\/span><span data-ez-ph-id=\"148\" style=\"margin-left:0!important;text-align:center!important;align-items:center;min-height:90px;max-width:100%!important;float:none!important;margin-top:15px!important;margin-bottom:15px!important;min-width:728px;display:flex!important;padding:0;margin-right:0!important;flex-direction:column!important;justify-content:center;line-height:0\"><\/span>Vad \u00e4r frekvensen f\u00f6r en r\u00f6d m\u00e5ne?<span class=\"ez-toc-section-end\"><\/span><span class=\"ez-toc-section-end\"><\/span><\/h2>\n<p>N\u00e4r m\u00e5nens oregelbundna bana f\u00f6r den ovanligt n\u00e4ra jorden, verkar den vara st\u00f6rre \u00e4n normalt p\u00e5 himlen som en \u00absuper\u00bb m\u00e5ne. <\/p>\n<p>  En fullm\u00e5ne p\u00e5 norra halvklotet som intr\u00e4ffar p\u00e5 v\u00e5ren \u00e4r k\u00e4nd som en \u00abblomm\u00e5ne\u00bb eftersom den motsvarar blomningen av m\u00e5nga olika arter av blommor. <\/p>\n<p>  Slutligen h\u00e4nvisar en \u00abblod\u00bbm\u00e5ne till den m\u00e4rkliga r\u00f6da f\u00e4rgen som uppst\u00e5r n\u00e4r jorden blockerar m\u00e5nens sol under en m\u00e5nf\u00f6rm\u00f6rkelse, vilket p\u00e5verkar f\u00e4rgen sett fr\u00e5n jorden.<\/p>\n<h3><span class=\"ez-toc-section\" id=\"Hur_sallsynt_ar_en_Super_Flower_Blood_Moon\"><\/span><span class=\"ez-toc-section\" id=\"%C2%BFQue_tan_rara_es_una_Luna_de_Sangre_de_Super_Flor\"><\/span><span id=\"ezoic-pub-ad-placeholder-149\" class=\"ezoic-adpicker-ad\"><\/span><span data-ez-ph-id=\"149\" style=\"margin-bottom:15px!important;margin-left:auto!important;text-align:center!important;margin-top:15px!important;margin-right:auto!important;display:block!important;min-width:250px;min-height:250px;max-width:100%!important;line-height:0;padding:0;float:none!important\"><\/span>Hur s\u00e4llsynt \u00e4r en Super Flower Blood Moon?<span class=\"ez-toc-section-end\"><\/span><span class=\"ez-toc-section-end\"><\/span><\/h3>\n<p>Eftersom en Super Flower Blood Moon \u00e4r en s\u00e4llsynt f\u00f6reteelse p\u00e5 grund av dess speciella egenskaper, intr\u00e4ffar de exakta f\u00f6rh\u00e5llandena som kr\u00e4vs f\u00f6r en s\u00e5dan h\u00e4ndelse inte s\u00e4rskilt ofta. <\/p>\n<p>  Vi kommer inte att se en annan blomm\u00e5ne f\u00f6rr\u00e4n n\u00e4sta v\u00e5r n\u00e4r vi g\u00e5r in i sommarm\u00e5naderna.<\/p>\n<p>M\u00e5nf\u00f6rm\u00f6rkelser, som genererar den r\u00f6da \u00abblodm\u00e5nens\u00bb f\u00e4rg, intr\u00e4ffar i genomsnitt tre g\u00e5nger om \u00e5ret, men de sammanfaller inte alltid med en fullm\u00e5ne p\u00e5 v\u00e5ren.<\/p>\n<p>Superm\u00e5nar orsakas av m\u00e5nens b\u00f6ljande bana i f\u00f6rh\u00e5llande till jorden, och de intr\u00e4ffar i en till synes slumpm\u00e4ssig hastighet. <\/p>\n<p>  Under ett typiskt \u00e5r finns det fyra superm\u00e5nar, men de f\u00f6rekommer ofta i kluster. <\/p>\n<p>  S\u00f6ndagens superm\u00e5ne blir den f\u00f6rsta i en serie av fyra superm\u00e5nar i rad.<\/p>\n<p>Allt detta tyder p\u00e5 att vi inte kommer att se \u00e4nnu en Super Bloom Blood Moon f\u00f6rr\u00e4n \u00e5tminstone i slutet av 2022, om inte mycket l\u00e4ngre.<\/p>\n<h2><span class=\"ez-toc-section\" id=\"Vad_betyder_namnet_%C2%ABblodmane%C2%BB\"><\/span><span class=\"ez-toc-section\" id=\"%C2%BFCual_es_el_significado_del_nombre_%E2%80%9Cluna_de_sangre%E2%80%9D\"><\/span><span id=\"ezoic-pub-ad-placeholder-153\" class=\"ezoic-adpicker-ad\"><\/span><span data-ez-ph-id=\"153\" style=\"float:none!important;min-width:728px;max-width:100%!important;line-height:0;padding:0;min-height:90px;margin-top:15px!important;margin-right:auto!important;margin-bottom:15px!important;margin-left:auto!important;display:block!important;text-align:center!important\"><\/span>Vad betyder namnet \u00abblodm\u00e5ne\u00bb?<span class=\"ez-toc-section-end\"><\/span><span class=\"ez-toc-section-end\"><\/span><\/h2>\n<p>Total m\u00e5nf\u00f6rm\u00f6rkelse 2022: Den 15 och 16 maj kommer miljontals skywatchers runt om i v\u00e4rlden att kunna se den fantastiska totala m\u00e5nf\u00f6rm\u00f6rkelsen, som kommer att vara n\u00e5got st\u00f6rre och r\u00f6daktig i f\u00e4rgen. <\/p>\n<p>  Det \u00e4r den f\u00f6rsta av tv\u00e5 kompletta f\u00f6rm\u00f6rkelser 2022, och \u00e4ven om den inte kommer att vara synlig i Indien, kommer den att vara synlig fr\u00e5n m\u00e5nga delar av v\u00e4rlden, inklusive Rom, New York, Bryssel och Washington, DC. <\/p>\n<p>  Termen \u00abblodm\u00e5ne\u00bb syftar p\u00e5 en conjunto m\u00e5nf\u00f6rm\u00f6rkelse. <\/p>\n<p>  Det h\u00e4r \u00e4r varf\u00f6r. <\/p>\n<p>  (Se \u00e4ven: Kommer Indien att se en suma m\u00e5nf\u00f6rm\u00f6rkelse 2022? Den 15 och 16 maj kommer dessa st\u00e4der att uppleva en blodm\u00e5ne.)<\/p>\n<p>N\u00e4r jorden passerar mellan solen och m\u00e5nen g\u00e5r m\u00e5nen in i umbraen, det djupaste omr\u00e5det av jordens skugga, vilket resulterar i en suma m\u00e5nf\u00f6rm\u00f6rkelse. <\/p>\n<p>  Penumbrala m\u00e5nf\u00f6rm\u00f6rkelser, partiella m\u00e5nf\u00f6rm\u00f6rkelser och den extremt s\u00e4llsynta centrala m\u00e5nf\u00f6rm\u00f6rkelsen \u00e4r alla exempel p\u00e5 m\u00e5nf\u00f6rm\u00f6rkelser.<\/p>\n<p>P\u00e5 grund av sin r\u00f6da f\u00e4rg, kallas en suma m\u00e5nf\u00f6rm\u00f6rkelse ofta som en blodm\u00e5ne. <\/p>\n<p>  R\u00f6da v\u00e5gl\u00e4ngder av solljus passerar genom jordens atmosf\u00e4r och n\u00e5r m\u00e5nens yta, vilket orsakar detta. <\/p>\n<p>  Enligt NASA sprids det mesta bl\u00e5tt ljus av luftmolekyler i jordens atmosf\u00e4r. <\/p>\n<p>  Det kvarvarande ljuset kastar en r\u00f6d gl\u00f6d p\u00e5 m\u00e5nens yta, vilket g\u00f6r att den ser r\u00f6d ut p\u00e5 natthimlen.<\/p>\n<p>Denna fullm\u00e5ne \u00e4r ocks\u00e5 k\u00e4nd som en superm\u00e5ne eftersom den kommer att vara n\u00e4rmast jorden i sin omloppsbana, vilket g\u00f6r att den ser n\u00e5got st\u00f6rre ut.<\/p>\n<p>Enligt NASAs hemsida kommer m\u00e5nf\u00f6rm\u00f6rkelsen att vara synlig fr\u00e5n den \u00f6stra delen av USA, s\u00e5v\u00e4l som hela Sydamerika. <\/p>\n<p>  En stor del av Afrika, V\u00e4steuropa, Central- och Sydamerika och stora delar av Nordamerika kommer att se helheten.<\/p>\n<h2><span class=\"ez-toc-section\" id=\"Vad_ar_legenden_om_blodmanen\"><\/span><span class=\"ez-toc-section\" id=\"%C2%BFCual_es_la_leyenda_de_la_Luna_de_Sangre\"><\/span><span id=\"ezoic-pub-ad-placeholder-154\" class=\"ezoic-adpicker-ad\"><\/span><span data-ez-ph-id=\"154\" style=\"margin-top:15px!important;margin-right:auto!important;margin-bottom:15px!important;display:block!important;text-align:center!important;min-width:728px;padding:0;float:none!important;margin-left:auto!important;min-height:90px;max-width:100%!important;line-height:0\"><\/span>Vad \u00e4r legenden om blodm\u00e5nen?<span class=\"ez-toc-section-end\"><\/span><span class=\"ez-toc-section-end\"><\/span><\/h2>\n<p>Den 21 januari kommer miljontals m\u00e4nniskor att kunna bevittna en m\u00e5nf\u00f6rm\u00f6rkelse, \u00e4ven kallad \u00abblodm\u00e5ne\u00bb i media.<\/p>\n<p>Under en f\u00f6rm\u00f6rkelse r\u00f6r sig fullm\u00e5nen in i solens skugga, vilket kortvarigt g\u00f6r jorden m\u00f6rkare. <\/p>\n<p>  Men en del av solljuset bryts av jordens atmosf\u00e4r och n\u00e5r m\u00e5nen, och lyser upp den mellan aska och m\u00f6rk r\u00f6d, beroende p\u00e5 atmosf\u00e4riska f\u00f6rh\u00e5llanden.<\/p>\n<p>Som en astronomikommunikat\u00f6r irriterar termen \u00abblodm\u00e5ne\u00bb mig eftersom det inneb\u00e4r mer \u00e4n bara en m\u00e5nf\u00f6rm\u00f6rkelse och frammanar visioner av en m\u00e5ne som lyser skarlakansr\u00f6d, vilket \u00e4r l\u00e5ngt ifr\u00e5n verkligt. <\/p>\n<p>  Men som kulturastronom exemplifierar ordet n\u00e5gra av de fascinerande s\u00e4tten som modern kultur konstruerar sina himmelshistorier.<\/p>\n<p>M\u00e5nf\u00f6rm\u00f6rkelser har f\u00e4ngslat samh\u00e4llen runt om i v\u00e4rlden och inspirerat till en uppsj\u00f6 av myter och ber\u00e4ttelser, av vilka m\u00e5nga presenterar h\u00e4ndelsen som ett omen. <\/p>\n<p>  Detta \u00e4r inte ov\u00e4ntat, eftersom allt som st\u00f6r solens eller m\u00e5nens regelbundna rytmer har en betydande inverkan p\u00e5 oss och v\u00e5ra liv.<\/p>\n<h3><span class=\"ez-toc-section\" id=\"manens_illvilja\"><\/span><span class=\"ez-toc-section\" id=\"malevolencia_lunar\"><\/span><span id=\"ezoic-pub-ad-placeholder-150\" class=\"ezoic-adpicker-ad\"><\/span><span data-ez-ph-id=\"150\" style=\"min-height:90px;line-height:0;padding:0;float:none!important;margin-right:auto!important;margin-left:auto!important;text-align:center!important;min-width:728px;max-width:100%!important;margin-top:15px!important;margin-bottom:15px!important;display:block!important\"><\/span>m\u00e5nens illvilja<span class=\"ez-toc-section-end\"><\/span><span class=\"ez-toc-section-end\"><\/span><\/h3>\n<p>M\u00e5nga forntida kulturer s\u00e5g \u00abblodm\u00e5nen\u00bb som ett tecken p\u00e5 f\u00f6rest\u00e5ende underg\u00e5ng. <\/p>\n<p>  Den intensiva r\u00f6da f\u00e4rgen s\u00e5gs av inkafolket som en jaguar som attackerade och slukade m\u00e5nen. <\/p>\n<p>  De trodde att jaguaren d\u00e5 skulle rikta sin uppm\u00e4rksamhet mot jorden, s\u00e5 de skulle skrika, skaka sina spjut och de skulle l\u00e5ta sina hundar sk\u00e4lla och yla i hopp om att skr\u00e4mma bort jaguaren.<\/p>\n<p>En m\u00e5nf\u00f6rm\u00f6rkelse ans\u00e5gs vara en direkt attack mot h\u00e4rskaren i det antika Mesopotamien. <\/p>\n<p>  De skulle utse en proxykung under f\u00f6rm\u00f6rkelsens varaktighet om de kunde f\u00f6ruts\u00e4ga den med rimlig noggrannhet. <\/p>\n<p>  Den riktiga kungen skulle g\u00f6mda sig och v\u00e4nta ut f\u00f6rm\u00f6rkelsen, medan n\u00e5gon som ans\u00e5gs utbytbar (inte ett popul\u00e4rt yrke) skulle posera som monarken. <\/p>\n<p>  D\u00e5 skulle proxykungen f\u00f6rsvinna och den gamla kungen \u00e5teruppr\u00e4ttas.<\/p>\n<p>M\u00e5nf\u00f6rm\u00f6rkelser s\u00e4gs vara resultatet av att demonen Rahu drack od\u00f6dlighetens elixir, enligt hinduisk mytologi. <\/p>\n<p>  Solen och m\u00e5nen halsh\u00f6gg Rahu omedelbart, men Rahus huvud \u00e4r evigt eftersom han drack elixiret. <\/p>\n<p>  Rahus huvud, som s\u00f6ker h\u00e4mnd, jagar solen och m\u00e5nen i avsikt att \u00e4ta upp dem. <\/p>\n<p>  Vi kommer att f\u00e5 en f\u00f6rm\u00f6rkelse om han f\u00e5ngar dem. <\/p>\n<p>  Rahu sv\u00e4ljer m\u00e5nen, som \u00e5terv\u00e4nder fr\u00e5n hans avskurna hals.<\/p>\n<p>En m\u00e5nf\u00f6rm\u00f6rkelse ger m\u00e5nga m\u00e4nniskor i Indien otur. <\/p>\n<p>  Reningsriter utf\u00f6rs och mat och vatten t\u00e4cks. <\/p>\n<p>  F\u00f6r att skydda sitt of\u00f6dda barn b\u00f6r gravida mammor undvika att \u00e4ta och g\u00f6ra hush\u00e5llsarbete. <\/p>\n<p>sysslor.<\/p>\n<h3><span class=\"ez-toc-section\" id=\"ett_snallare_ansikte\"><\/span><span class=\"ez-toc-section\" id=\"Una_cara_mas_amable\"><\/span><span id=\"ezoic-pub-ad-placeholder-151\" class=\"ezoic-adpicker-ad\"><\/span><span data-ez-ph-id=\"151\" style=\"float:none!important;margin-top:15px!important;margin-bottom:15px!important;margin-left:auto!important;text-align:center!important;min-width:300px;min-height:250px;max-width:100%!important;line-height:0;padding:0;margin-right:auto!important;display:block!important\"><\/span>ett sn\u00e4llare ansikte<span class=\"ez-toc-section-end\"><\/span><span class=\"ez-toc-section-end\"><\/span><\/h3>\n<p>Men alla ber\u00e4ttelser om f\u00f6rm\u00f6rkelse \u00e4r inte fulla av s\u00e5dan elakhet. <\/p>\n<p>  Hupa och Luiseo indianstammar i Kalifornien trodde att m\u00e5nen var skadad eller sjuk. <\/p>\n<p>  M\u00e5nen skulle beh\u00f6va helas efter f\u00f6rm\u00f6rkelsen, antingen av m\u00e5nfruarna eller av medlemmar av stammen. <\/p>\n<p>  Till exempel sj\u00f6ng och sj\u00f6ng Luiseo l\u00e4kande hymner till den f\u00f6rm\u00f6rkade m\u00e5nen.<\/p>\n<p>Legenden om Batammaliba-folket i Togo och Benin, Afrika, \u00e4r \u00e4nnu mer inspirerande. <\/p>\n<p>  En m\u00e5nf\u00f6rm\u00f6rkelse ses traditionellt som en kamp mellan solen och m\u00e5nen, som folk borde jubla f\u00f6r att l\u00f6sa sig. <\/p>\n<p>  Som ett resultat av detta \u00e4r det en tid f\u00f6r gamla tvister att l\u00f6sas, en praxis som har best\u00e5tt till denna dag.<\/p>\n<p>F\u00f6rm\u00f6rkelser anses allm\u00e4nt vara icke-vidskepliga i islamiska civilisationer. <\/p>\n<p>  Eftersom solen och m\u00e5nen \u00e4r v\u00f6rdade i islam reciteras specifika b\u00f6ner under f\u00f6rm\u00f6rkelser, inklusive en Salat-al-khusuf, eller \u00abb\u00f6n p\u00e5 en m\u00e5nf\u00f6rm\u00f6rkelse\u00bb. <\/p>\n<p>  Be samtidigt om Allahs f\u00f6rl\u00e5telse och bekr\u00e4fta Allahs majest\u00e4t.<\/p>\n<h3><span class=\"ez-toc-section\" id=\"en_missvisande_historia\"><\/span><span class=\"ez-toc-section\" id=\"Una_historia_enganosa\"><\/span><span id=\"ezoic-pub-ad-placeholder-152\" class=\"ezoic-adpicker-ad\"><\/span><span data-ez-ph-id=\"152\" style=\"min-height:250px;max-width:100%!important;line-height:0;float:none!important;margin-top:15px!important;margin-right:auto!important;margin-left:auto!important;display:block!important;margin-bottom:15px!important;text-align:center!important;min-width:250px;padding:0\"><\/span>en missvisande historia<span class=\"ez-toc-section-end\"><\/span><span class=\"ez-toc-section-end\"><\/span><\/h3>\n<p>F\u00f6r att \u00e5terg\u00e5 till fr\u00e5gan om blod, har kristna l\u00e4nge f\u00f6rknippat m\u00e5nf\u00f6rm\u00f6rkelser med Guds vrede och Jesu korsf\u00e4stelse. <\/p>\n<p>  P\u00e5sk \u00e4r den f\u00f6rsta s\u00f6ndagen efter den f\u00f6rsta fullm\u00e5nen p\u00e5 v\u00e5rs\u00e4songen, vilket s\u00e4kerst\u00e4ller att ingen f\u00f6rm\u00f6rkelse intr\u00e4ffar p\u00e5 p\u00e5skdagen, vilket kan vara ett tecken p\u00e5 Domedagen.<\/p>\n<p>Faktum \u00e4r att efter publiceringen av boken Four Blood Moons av den kristna evangelisten John Hagee 2013 blev termen \u00abblodm\u00e5ne\u00bb popul\u00e4r. <\/p>\n<p>  Han st\u00f6der \u00abblodm\u00e5nsprofetan\u00bb, en apokalyptisk tro baserad p\u00e5 en m\u00e5nsekvens av fyra fullst\u00e4ndiga f\u00f6rm\u00f6rkelser som intr\u00e4ffade 2014\/15. <\/p>\n<p>  Alla fyra f\u00f6ll p\u00e5 judiska helgdagar, enligt Hagee, vilket bara h\u00e4nt tre g\u00e5nger tidigare, varje g\u00e5ng p\u00e5st\u00e5s ha \u00e5tf\u00f6ljts av d\u00e5liga h\u00e4ndelser.<\/p>\n<p>Mike Moore (generalsekreterare f\u00f6r Christian Witness to Israel) motbevisade profetian 2014, \u00e4ven om ordet fortfarande anv\u00e4nds flitigt i media och har blivit en oroande synonym f\u00f6r en m\u00e5nf\u00f6rm\u00f6rkelse. <\/p>\n<p>  Det \u00e4r sv\u00e5rt f\u00f6r vetenskapskommunikat\u00f6rer att \u00f6vertyga folk om att den s\u00e5 kallade \u00abblodm\u00e5nen\u00bb inte \u00e4r n\u00e5got att frukta, med tanke p\u00e5 de ih\u00e4rdiga myterna. <\/p>\n<p>  Det \u00e4r imponerande, och det \u00e4r den l\u00e4ngsta f\u00f6rm\u00f6rkelsen p\u00e5 ett sekel, men det \u00e4r fortfarande bara en f\u00f6rm\u00f6rkelse.<\/p>\n<p>S\u00e5, precis som den hinduiska folksagan om Rahu ger en legendarisk beskrivning av m\u00e5nens omloppsmekanik, kombinerar vi vidskepelse med vetenskap genom att anta termen \u00abblodm\u00e5ne\u00bb. <\/p>\n<p>  \u00abBlodm\u00e5nen\u00bb v\u00e4cker nyfikenhet om himlen och m\u00e5nf\u00f6rm\u00f6rkelser, men snarare \u00e4n att f\u00f6rv\u00e4nta oss pessimism b\u00f6r vi se den som en gigantisk uppvisning av den sp\u00e4nnande och aut\u00e9ntica dynamiken i v\u00e5rt solsystem, som islamisk tolkning antyder.<\/p>\n<p>S\u00e5 h\u00e4r \u00e4r mitt r\u00e5d: h\u00e5ll ett \u00f6ga p\u00e5 m\u00e5nf\u00f6rm\u00f6rkelsen n\u00e4r den utspelar sig ovanf\u00f6r dig. <\/p>\n<p>  Ge det ett unikt namn och betydelse och dela det sedan med dina v\u00e4nner och familj. <\/p>\n<p>  Och jag tror att du kommer att h\u00e5lla med om att termen \u00abblodm\u00e5ne\u00bb inte p\u00e5 ett adekvat s\u00e4tt beskriver sk\u00f6nheten i det du bevittnar.<\/p>\n<p>Konversationen har gett till\u00e5telse att \u00e5terpublicera denna artikel under en Creative Commons-licens. <\/p>\n<p>  L\u00e4s hela artikeln h\u00e4r.<\/p>\n<h2><span class=\"ez-toc-section\" id=\"Vem_ar_manguden_i_Bibeln\"><\/span><span class=\"ez-toc-section\" id=\"En_la_Biblia_%C2%BFquien_es_el_dios_luna\"><\/span><span id=\"ezoic-pub-ad-placeholder-155\" class=\"ezoic-adpicker-ad\"><\/span><span data-ez-ph-id=\"155\" style=\"margin-top:15px!important;margin-bottom:15px!important;margin-left:auto!important;display:block!important;min-height:250px;max-width:100%!important;padding:0;float:none!important;text-align:center!important;min-width:300px;line-height:0;margin-right:auto!important\"><\/span>Vem \u00e4r m\u00e5nguden i Bibeln?<span class=\"ez-toc-section-end\"><\/span><span class=\"ez-toc-section-end\"><\/span><\/h2>\n<p>Yarikh (hebreisk stavning: Jerah, Jarah eller Jorah) \u00e4r en kanaanitisk m\u00e5ngud med tillnamnen \u00abhimlens upplysare\u00bb, \u00abbelysare av otaliga stj\u00e4rnor\u00bb och \u00absk\u00e4rans herre\u00bb. <\/p>\n<p>  Det senare epitetet kan h\u00e4rledas fr\u00e5n m\u00e5nens utseende. <\/p>\n<p>  Yarikh var k\u00e4nd f\u00f6r att ge nattdagg och var gift med gudinnan Nikkal, vars frukttr\u00e4dg\u00e5rdar blomstrade i \u00f6knen tack vare dess fukt. <\/p>\n<p>  Jeriko var ett centrum f\u00f6r deras tillbedjan, och dess namn kan ha sitt ursprung fr\u00e5n Yarikh eller det kannanitiska ordet Yarea, som betyder m\u00e5ne. <\/p>\n<p>  Han verkar ha hurriska f\u00f6rf\u00e4der och kan vara sl\u00e4kt med Kuu, den hurriska m\u00e5nguden.<\/p>\n<p>Vi hoppas att du gillade v\u00e5r artikel Vad \u00e4r meningen med tecknet p\u00e5 den r\u00f6da m\u00e5nen? och allt relaterat till horoskop, tarot, ritualer och allt relaterat..<\/p>\n<figure class=\"wp-block-table is-style-regular\">\n<\/figure>\n<p>Intressanta saker att veta inneb\u00f6rden: Tarot  <\/p>\n<p>\u00c4ven h\u00e4r l\u00e4mnar vi \u00e4mnen relaterade till: Tarot<\/p>\n<\/p>\n<p><\/p>\n<p>Vi hoppas att du gillade v\u00e5r artikel Vad \u00e4r meningen med m\u00e5nens tecken<br \/>\n och allt om horoskop, tarot, ritualer och allt relaterat till det &#8230;<\/p>\n<figure class=\"wp-block-table is-style-regular\">\n<table style=\"width: 284px; height: 157px;\">\n<tbody>\n<tr>\n<td class=\"has-text-align-center\" data-align=\"center\"><img loading=\"lazy\" decoding=\"async\" class=\"alignleft\" src=\" https:\/\/goroskop.tv\/wp-content\/uploads\/2023\/05\/tarot1.jpg \" alt=\" Vad \u00e4r meningen med m\u00e5nens tecken\n \" width=\"65\" height=\"95\" title=\"\"><img loading=\"lazy\" decoding=\"async\" class=\"alignleft\" style=\"width: 60px;\" src=\" https:\/\/goroskop.tv\/wp-content\/uploads\/2023\/05\/tarot2.jpg \" alt=\" Vad \u00e4r meningen med m\u00e5nens tecken\n \" width=\"195\" height=\"300\" title=\"\"><img decoding=\"async\" class=\"alignleft\" style=\"width: 60px;\" src=\" https:\/\/goroskop.tv\/wp-content\/uploads\/2023\/05\/tarot3.jpg \" alt=\" Vad \u00e4r meningen med m\u00e5nens tecken\n \" title=\"\"><\/td>\n<\/tr>\n<\/tbody>\n<\/table>\n<\/figure>\n<p>Intressanta saker att veta inneb\u00f6rden: <a href=\"https:\/\/sv.wikipedia.org\/wiki\/Tarot\" target=\"_blank\" rel=\"nofollow noopener\"> Tarot <\/a> <\/p>\n<p>H\u00e4r l\u00e4mnar vi ocks\u00e5 \u00e4mnen relaterade till: <a href=\" https:\/\/goroskop.tv\/sw\/kommer-leo-och-skorpionen-overens-som-vanner\/\">Tarot<\/a><\/p>\n<div id=\"ez-toc-container\" class=\"ez-toc-v2_0_82_2 ez-toc-wrap-center counter-hierarchy ez-toc-counter ez-toc-grey ez-toc-container-direction\">\n<div class=\"ez-toc-title-container\">\n<div class=\"ez-toc-title\" style=\"cursor:inherit\">Table of Contents<\/div>\n<span class=\"ez-toc-title-toggle\"><a href=\"#\" class=\"ez-toc-pull-right ez-toc-btn ez-toc-btn-xs ez-toc-btn-default ez-toc-toggle\" aria-label=\"Alternar tabla de contenidos\"><span class=\"ez-toc-js-icon-con\"><span class=\"\"><span class=\"eztoc-hide\" style=\"display:none;\">Toggle<\/span><span class=\"ez-toc-icon-toggle-span\"><svg style=\"fill: #999;color:#999\" xmlns=\"http:\/\/www.w3.org\/2000\/svg\" class=\"list-377408\" width=\"20px\" height=\"20px\" viewBox=\"0 0 24 24\" fill=\"none\"><path d=\"M6 6H4v2h2V6zm14 0H8v2h12V6zM4 11h2v2H4v-2zm16 0H8v2h12v-2zM4 16h2v2H4v-2zm16 0H8v2h12v-2z\" fill=\"currentColor\"><\/path><\/svg><svg style=\"fill: #999;color:#999\" class=\"arrow-unsorted-368013\" xmlns=\"http:\/\/www.w3.org\/2000\/svg\" width=\"10px\" height=\"10px\" viewBox=\"0 0 24 24\" version=\"1.2\" baseProfile=\"tiny\"><path d=\"M18.2 9.3l-6.2-6.3-6.2 6.3c-.2.2-.3.4-.3.7s.1.5.3.7c.2.2.4.3.7.3h11c.3 0 .5-.1.7-.3.2-.2.3-.5.3-.7s-.1-.5-.3-.7zM5.8 14.7l6.2 6.3 6.2-6.3c.2-.2.3-.5.3-.7s-.1-.5-.3-.7c-.2-.2-.4-.3-.7-.3h-11c-.3 0-.5.1-.7.3-.2.2-.3.5-.3.7s.1.5.3.7z\"\/><\/svg><\/span><\/span><\/span><\/a><\/span><\/div>\n<nav><ul class='ez-toc-list ez-toc-list-level-1 eztoc-toggle-hide-by-default' ><li class='ez-toc-page-1 ez-toc-heading-level-2'><a class=\"ez-toc-link ez-toc-heading-1\" href=\"https:\/\/goroskop.tv\/sw\/vad-ar-meningen-med-manens-tecken\/#Vad_betyder_det_roda_manetecknet\" >Vad betyder det r\u00f6da m\u00e5netecknet?<\/a><\/li><li class='ez-toc-page-1 ez-toc-heading-level-2'><a class=\"ez-toc-link ez-toc-heading-2\" href=\"https:\/\/goroskop.tv\/sw\/vad-ar-meningen-med-manens-tecken\/#Vad_hander_om_manen_ar_rod\" >Vad h\u00e4nder om m\u00e5nen \u00e4r r\u00f6d?<\/a><\/li><li class='ez-toc-page-1 ez-toc-heading-level-2'><a class=\"ez-toc-link ez-toc-heading-3\" href=\"https:\/\/goroskop.tv\/sw\/vad-ar-meningen-med-manens-tecken\/#Vad_ar_den_bibliska_versionen_av_den_roda_manen\" >Vad \u00e4r den bibliska versionen av den r\u00f6da m\u00e5nen?<\/a><\/li><li class='ez-toc-page-1 ez-toc-heading-level-2'><a class=\"ez-toc-link ez-toc-heading-4\" href=\"https:\/\/goroskop.tv\/sw\/vad-ar-meningen-med-manens-tecken\/#Har_blodmanen_nagon_inverkan_pa_manniskor\" >Har blodm\u00e5nen n\u00e5gon inverkan p\u00e5 m\u00e4nniskor?<\/a><\/li><li class='ez-toc-page-1 ez-toc-heading-level-2'><a class=\"ez-toc-link ez-toc-heading-5\" href=\"https:\/\/goroskop.tv\/sw\/vad-ar-meningen-med-manens-tecken\/#Vad_sager_Bibeln_om_blodmanen\" >Vad s\u00e4ger Bibeln om blodm\u00e5nen?<\/a><\/li><li class='ez-toc-page-1 ez-toc-heading-level-2'><a class=\"ez-toc-link ez-toc-heading-6\" href=\"https:\/\/goroskop.tv\/sw\/vad-ar-meningen-med-manens-tecken\/#Vad_ar_frekvensen_for_en_rod_mane\" >Vad \u00e4r frekvensen f\u00f6r en r\u00f6d m\u00e5ne?<\/a><ul class='ez-toc-list-level-3' ><li class='ez-toc-heading-level-3'><a class=\"ez-toc-link ez-toc-heading-7\" href=\"https:\/\/goroskop.tv\/sw\/vad-ar-meningen-med-manens-tecken\/#Hur_sallsynt_ar_en_Super_Flower_Blood_Moon\" >Hur s\u00e4llsynt \u00e4r en Super Flower Blood Moon?<\/a><\/li><\/ul><\/li><li class='ez-toc-page-1 ez-toc-heading-level-2'><a class=\"ez-toc-link ez-toc-heading-8\" href=\"https:\/\/goroskop.tv\/sw\/vad-ar-meningen-med-manens-tecken\/#Vad_betyder_namnet_%C2%ABblodmane%C2%BB\" >Vad betyder namnet \u00abblodm\u00e5ne\u00bb?<\/a><\/li><li class='ez-toc-page-1 ez-toc-heading-level-2'><a class=\"ez-toc-link ez-toc-heading-9\" href=\"https:\/\/goroskop.tv\/sw\/vad-ar-meningen-med-manens-tecken\/#Vad_ar_legenden_om_blodmanen\" >Vad \u00e4r legenden om blodm\u00e5nen?<\/a><ul class='ez-toc-list-level-3' ><li class='ez-toc-heading-level-3'><a class=\"ez-toc-link ez-toc-heading-10\" href=\"https:\/\/goroskop.tv\/sw\/vad-ar-meningen-med-manens-tecken\/#manens_illvilja\" >m\u00e5nens illvilja<\/a><\/li><li class='ez-toc-page-1 ez-toc-heading-level-3'><a class=\"ez-toc-link ez-toc-heading-11\" href=\"https:\/\/goroskop.tv\/sw\/vad-ar-meningen-med-manens-tecken\/#ett_snallare_ansikte\" >ett sn\u00e4llare ansikte<\/a><\/li><li class='ez-toc-page-1 ez-toc-heading-level-3'><a class=\"ez-toc-link ez-toc-heading-12\" href=\"https:\/\/goroskop.tv\/sw\/vad-ar-meningen-med-manens-tecken\/#en_missvisande_historia\" >en missvisande historia<\/a><\/li><\/ul><\/li><li class='ez-toc-page-1 ez-toc-heading-level-2'><a class=\"ez-toc-link ez-toc-heading-13\" href=\"https:\/\/goroskop.tv\/sw\/vad-ar-meningen-med-manens-tecken\/#Vem_ar_manguden_i_Bibeln\" >Vem \u00e4r m\u00e5nguden i Bibeln?<\/a><\/li><\/ul><\/nav><\/div>\n","protected":false},"excerpt":{"rendered":"<p>Vad betyder det r\u00f6da m\u00e5netecknet? Id\u00e9n om en \u00abblodm\u00e5ne\u00bb som tj\u00e4nar som en indikation p\u00e5 den yttersta tiden kommer fr\u00e5n Joels bok, som s\u00e4ger: \u00absolen skall f\u00f6rvandlas till m\u00f6rker och m\u00e5nen till blod, innan den stora dagen n\u00e4rmar sig &#8230; fruktansv\u00e4rd f\u00f6r Herren.\u00bb Vad h\u00e4nder om m\u00e5nen \u00e4r r\u00f6d? En conjunto m\u00e5nf\u00f6rm\u00f6rkelse med en djupt &hellip;<\/p>\n","protected":false},"author":1,"featured_media":61,"comment_status":"closed","ping_status":"closed","sticky":false,"template":"","format":"standard","meta":{"footnotes":""},"categories":[4],"tags":[10,1303,79,1127,262,43],"class_list":["post-41465","post","type-post","status-publish","format-standard","has-post-thumbnail","hentry","category-tarot","tag-ar","tag-manens","tag-med","tag-meningen","tag-tecken","tag-vad"],"_links":{"self":[{"href":"https:\/\/goroskop.tv\/sw\/wp-json\/wp\/v2\/posts\/41465","targetHints":{"allow":["GET"]}}],"collection":[{"href":"https:\/\/goroskop.tv\/sw\/wp-json\/wp\/v2\/posts"}],"about":[{"href":"https:\/\/goroskop.tv\/sw\/wp-json\/wp\/v2\/types\/post"}],"author":[{"embeddable":true,"href":"https:\/\/goroskop.tv\/sw\/wp-json\/wp\/v2\/users\/1"}],"replies":[{"embeddable":true,"href":"https:\/\/goroskop.tv\/sw\/wp-json\/wp\/v2\/comments?post=41465"}],"version-history":[{"count":0,"href":"https:\/\/goroskop.tv\/sw\/wp-json\/wp\/v2\/posts\/41465\/revisions"}],"wp:featuredmedia":[{"embeddable":true,"href":"https:\/\/goroskop.tv\/sw\/wp-json\/wp\/v2\/media\/61"}],"wp:attachment":[{"href":"https:\/\/goroskop.tv\/sw\/wp-json\/wp\/v2\/media?parent=41465"}],"wp:term":[{"taxonomy":"category","embeddable":true,"href":"https:\/\/goroskop.tv\/sw\/wp-json\/wp\/v2\/categories?post=41465"},{"taxonomy":"post_tag","embeddable":true,"href":"https:\/\/goroskop.tv\/sw\/wp-json\/wp\/v2\/tags?post=41465"}],"curies":[{"name":"wp","href":"https:\/\/api.w.org\/{rel}","templated":true}]}}