{"id":42294,"date":"2023-08-28T19:48:46","date_gmt":"2023-08-28T19:48:46","guid":{"rendered":"https:\/\/goroskop.tv\/sw\/he-said-she-said-februari-2012\/"},"modified":"2023-08-28T19:48:46","modified_gmt":"2023-08-28T19:48:46","slug":"he-said-she-said-februari-2012","status":"publish","type":"post","link":"https:\/\/goroskop.tv\/sw\/he-said-she-said-februari-2012\/","title":{"rendered":"He Said She Said \u2013 februari 2012"},"content":{"rendered":"<p><\/p>\n<h2><span class=\"ez-toc-section\" id=\"He_Said_She_Said_%E2%80%93_februari_2012\"><\/span><span class=\"ez-toc-section\" id=\"El_dijo_que_ella_dijo_%E2%80%93_febrero_de_2012\"><\/span>  He Said She Said \u2013 februari 2012<span class=\"ez-toc-section-end\"><\/span><span class=\"ez-toc-section-end\"><\/span><\/h2>\n<p><em>L\u00e4ser m\u00e4n och kvinnor tarot olika?  \u00c4r inriktningen som vi erbjuder densamma, eller finns det en tydlig maskulin\/feminin touch i v\u00e5ra ord?  F\u00f6lj med Matt Williams och mig varje m\u00e5nad n\u00e4r vi tar itu med fr\u00e5gor fr\u00e5n v\u00e5ra l\u00e4sare och ser hur olika &#8211; eller lika &#8211; vi verkligen \u00e4r med v\u00e5ra tolkningar och r\u00e5d.<\/em><\/p>\n<p><em>Var och en av oss kommer att f\u00f6rbereda en separat l\u00e4sning och sedan kommenterar vi varandras tolkningar och l\u00e4gger ihop det hela i ett roligt (och tankev\u00e4ckande) inl\u00e4gg som v\u00e5ra l\u00e4sare kan njuta av.<\/em><\/p>\n<p><em>Detta \u00e4r inte en \u00abtarotkamp mellan k\u00f6nen\u00bb: det \u00e4r ett utforskande, en blandning, en kontemplation.  <\/em><\/p>\n<p><em>Om du vill se din fr\u00e5ga presenterad, skicka den till mig p\u00e5 tarotlady@wi.rr.com eller Matt p\u00e5 info@personaltarotwithmatt.com med \u00abHan sa att hon sa fr\u00e5gan\u00bb i \u00e4mnesraden.<\/em><\/p>\n<p><strong>Heidis fr\u00e5ga<\/strong>: Nyligen blev jag ombedd att delta i ett arbetsprojekt. <\/p>\n<p>  Projektkoordinatorn gl\u00f6mde ber\u00e4tta att en kollega jag inte t\u00e5l ocks\u00e5 skulle delta. <\/p>\n<p>  Den h\u00e4r kollegan och jag har haft stora problem, och problemen \u00e4r s\u00e5 illa att vi nu undviker varandra. <\/p>\n<p>  Jag har till och med flyttat till en annan l\u00e4genhet s\u00e5 jag beh\u00f6ver s\u00e4llan m\u00f6ta honom. <\/p>\n<p>  Jag \u00e4r rasande p\u00e5 projektkoordinatorn som verkar tycka att vi borde \u00abkomma \u00f6ver det\u00bb och \u00abkomma \u00f6verens\u00bb. <\/p>\n<p>  Jag \u00e4r inte ens s\u00e4ker p\u00e5 vad jag fr\u00e5gar h\u00e4r, jag \u00e4r s\u00e5 arg just nu!  Vad kan du ber\u00e4tta f\u00f6r mig om hur jag ska hantera dynamiken p\u00e5 arbetsplatsen?<\/p>\n<p>Kort: 3 Pentakler omv\u00e4nda;  Krigsmaskin;  Hangman omv\u00e4nd <\/p>\n<p><strong>Matt l\u00e4ser:<\/strong>  Wow, det h\u00e4r \u00e4r en v\u00e4ldigt intressant dynamik, Heidi. <\/p>\n<p>  F\u00f6r det f\u00f6rsta har du Tre av Pentakler omv\u00e4nda. <\/p>\n<p>  Detta ber dig att g\u00e5 bort fr\u00e5n rampljuset och bara vara en del av teamet. <\/p>\n<p>  Minimalt drama, minimal uppm\u00e4rksamhet. <\/p>\n<p>  Det finns inget behov f\u00f6r n\u00e5gon av er att f\u00f6rlora coolheten eller jobbet p\u00e5 grund av sp\u00e4nningen mellan er. <\/p>\n<p>  H\u00e5ll dig tillbaka, fokusera p\u00e5 uppgiften och uppr\u00e4tth\u00e5ll gruppens anonymitet. <\/p>\n<p>  Om det ska fr\u00e4mja dramatik, l\u00e5t det vara med n\u00e5gon annan, du har att g\u00f6ra. <\/p>\n<p>\u00c5 andra sidan har du den h\u00e4ngda mannen bakl\u00e4nges. <\/p>\n<p>  Han s\u00e4ger till dig att det inte finns n\u00e5got behov f\u00f6r dig att offra dig sj\u00e4lv heller. <\/p>\n<p>  Om du hittar dig sj\u00e4lv tillbaka i dramat b\u00f6r du s\u00e4ga ifr\u00e5n. <\/p>\n<p>  Tala din sanning och st\u00e5 p\u00e5 dig, men p\u00e5 ett artigt och professionellt s\u00e4tt. <\/p>\n<p>  Leta inte efter ett br\u00e5k, men fall inte i martyrd\u00f6den heller.<\/p>\n<p>P\u00e5 mellanv\u00e4gen har du vagnen. <\/p>\n<p>  Det h\u00e4r \u00e4r din fokuspunkt. <\/p>\n<p>  Fram\u00e5t momentum, framsteg, forts\u00e4tt i r\u00f6relse. <\/p>\n<p>  Du valdes till det h\u00e4r projektet av en anledning och din talang beh\u00f6vs. <\/p>\n<p>  L\u00e5t inte dramatiken och stressen fr\u00e5n det f\u00f6rflutna hindra dina framsteg. <\/p>\n<p>  Ge dig ut p\u00e5 ett uppdrag f\u00f6r att slutf\u00f6ra projektet efter b\u00e4sta f\u00f6rm\u00e5ga, oavsett st\u00f6tar och hinder. <\/p>\n<p>Du har en utmaning, det \u00e4r helt klart. <\/p>\n<p>  Men h\u00e4r \u00e4r din guide, h\u00e5ll huvudet nere och arbeta h\u00e5rt f\u00f6r stadiga framsteg. <\/p>\n<p>  L\u00e5t ditt arbete tala f\u00f6r dig ist\u00e4llet f\u00f6r dina ord eller handlingar. <\/p>\n<p>  Undvik drama som pesten. <\/p>\n<p>  Om du \u00e4nd\u00e5 hamnar i det, se till att du talar din sanning p\u00e5 ett professionellt och sakligt s\u00e4tt. <\/p>\n<p>  L\u00e5t projektledaren ta hand om dramatiken, du har ett jobb att g\u00f6ra.<\/p>\n<p><strong>Theresas kommentarer om Matts l\u00e4sning: <\/strong> Jag tyckte att det var v\u00e4ldigt intressant att Matt och jag kom med n\u00e5gra v\u00e4ldigt liknande r\u00e5d till Heidi. <\/p>\n<p>  Meddelandet verkar ber\u00e4tta f\u00f6r Heidi att h\u00e5lla kursen och avsluta det p\u00e5g\u00e5ende projektet, men att vara v\u00e4l bev\u00e4pnad och f\u00f6rberedd s\u00e5 att detta inte h\u00e4nder igen. <\/p>\n<p>  Jag gillar Matts r\u00e5d om \u00abber\u00e4tta sanningen och st\u00e5 p\u00e5 dig\u00bb. <\/p>\n<p>Jag har varit i situationer som Heidis, och jag vet att \u00abbevara lugnet\u00bb och \u00abatt vara den bra tjejen\u00bb inte alltid \u00e4r det b\u00e4sta f\u00f6r mig. <\/p>\n<p>  Hans s\u00f6ta men kloka uttalande: \u00abS\u00f6k inte efter ett gr\u00e4l, men g\u00e5 inte in i martyrd\u00f6den heller\u00bb \u00e4r otroligt klokt f\u00f6r den knepiga arbetsplatspolitik m\u00e5nga av oss hamnar i d\u00e5 och d\u00e5. <\/p>\n<p>  Jag ska h\u00e5lla det undang\u00f6mt i bakhuvudet f\u00f6r framtiden. <\/p>\n<p><strong>Theresas l\u00e4sning:<\/strong>  Med 3 av Pentakler omv\u00e4nda som leder denna situation, verkar det som om du verkligen befinner dig i en arbetssituation som \u00e4r problematisk. <\/p>\n<p>  Du blir ombedd att g\u00f6ra n\u00e5got som k\u00e4nns obehagligt och det \u00e4r inte gynnsamt f\u00f6r att g\u00f6ra ditt b\u00e4sta arbete. <\/p>\n<p>  Det h\u00e4r kortet p\u00e5minner mig om en d\u00e5lig \u00abk\u00e4rlekstriangel\u00bb och det kanske inte finns n\u00e5gra vinnare h\u00e4r. <\/p>\n<p>  Om du ger efter kan dina gr\u00e4nser k\u00e4nnas \u00f6verskridna;  Om du h\u00e5ller tillbaka, kommer du att se ut som en k\u00e4rring. <\/p>\n<p>  Det \u00e4r v\u00e4ldigt utmanande. <\/p>\n<p>The Chariot f\u00f6resl\u00e5r att just f\u00f6r det h\u00e4r projektet kanske du beh\u00f6ver ta p\u00e5 dig din rustning och g\u00e5 in d\u00e4r och g\u00f6ra vad du m\u00e5ste g\u00f6ra f\u00f6r att styra det h\u00e4r projektet i en framg\u00e5ngsrik riktning. <\/p>\n<p>  L\u00e4gg m\u00e4rke till hur mannen i bilen tittar rakt fram: han \u00e4r fokuserad p\u00e5 m\u00e5let och bara m\u00e5let. <\/p>\n<p>  Han har b\u00e5da sfinxerna fasth\u00e5llna n\u00e4r han forts\u00e4tter att avancera. <\/p>\n<p>  Det antyder f\u00f6r mig att du beh\u00f6ver fokusera mindre p\u00e5 dynamiken p\u00e5 arbetsplatsen just nu och bara f\u00e5 jobbet gjort. <\/p>\n<p>F\u00f6r det omv\u00e4nda h\u00e4nget i slutpositionen \u00e4r det ocks\u00e5 en indikator p\u00e5 att du inte l\u00e4ngre beh\u00f6ver vara i den h\u00e4r typen av situationer om du k\u00e4nner dig obekv\u00e4m. <\/p>\n<p>  N\u00e4r detta kort \u00e4r \u00f6ppet \u00e4r det en uppoffring: \u00abta ett f\u00f6r laget\u00bb. <\/p>\n<p>  Omv\u00e4nt verkar det s\u00e4ga: s\u00e4tt dig inte i den h\u00e4r typen av situation igen. <\/p>\n<p>  Titta noga p\u00e5 vad som f\u00f6rv\u00e4ntas och vilka som \u00e4r inblandade innan du tar n\u00e5gra chanser igen. <\/p>\n<p>  Om du inte \u00e4r bekv\u00e4m med en situation och om att delta i ett projekt \u00e4r valfritt, skulle du v\u00e4lja bort det. <\/p>\n<p>  Dess gr\u00e4nser m\u00e5ste respekteras. <\/p>\n<p>  Om den h\u00e4r typen av situationer uppst\u00e5r igen kan det vara dags att leta efter en mer st\u00f6djande arbetsmilj\u00f6. <\/p>\n<p><strong>Matts kommentarer om Theresas l\u00e4sning:<\/strong>  Jag m\u00e5ste s\u00e4ga att Theresa och jag verkligen verkade vara synkroniserade med den h\u00e4r. <\/p>\n<p>  Jag gillade verkligen id\u00e9n om de tre pentaklarna och energin i situationen som en d\u00e5lig k\u00e4rlekstriangel. <\/p>\n<p>  Det finns en stor sannolikhet att k\u00e4nslor kommer att fl\u00f6da och att h\u00e5lla sig jordad och fokuserad p\u00e5 uppgifter kommer att vara nyckeln till framg\u00e5ng i detta projekt. <\/p>\n<p>  Det allm\u00e4nna intrycket som jag ser i b\u00e5da v\u00e5ra l\u00e4sningar \u00e4r att t\u00e4nka p\u00e5 att h\u00e5lla huvudet nere och g\u00e5 vidare. <\/p>\n<p>  Jag brukar inte \u00e4gna mig direkt uppm\u00e4rksamhet \u00e5t sfinxerna p\u00e5 Chariot-kortet. <\/p>\n<p>  Men Theresas omn\u00e4mnande av att de var begr\u00e4nsade fick mig att t\u00e4nka p\u00e5 id\u00e9n om vad sfinxerna representerar. <\/p>\n<p>  I grekisk mytologi var sfinxen en varelse som fruktades f\u00f6r sina g\u00e5tor och d\u00f6dsstraffet om den besvarades felaktigt. <\/p>\n<p>  Detta kan ocks\u00e5 vara en indikator p\u00e5 att du beh\u00f6ver h\u00e5lla p\u00e5 och kontrollera r\u00e4dslan i ditt liv. <\/p>\n<p>  L\u00e5t inte din r\u00e4dsla och \u00e5ngest ta dig platser du inte vill g\u00e5. <\/p>\n<p>  Ta ansvar och kontrollera ditt resultat!  <\/p>\n<p>v\u00e4lsignelser,<\/p>\n<p>Det finns en<\/p>\n<p>  Para<\/p>\n<p>Vad tror du?  Vilket r\u00e5d skulle du ge Heidi?  Ser du n\u00e5gra skillnader eller likheter i v\u00e5ra l\u00e4sningar?  Vad f\u00f6rv\u00e5nade dig?  Skriv dina tankar i kommentarsf\u00e4ltet nedan:<\/p>\n<p>Vi hoppas att du gillade v\u00e5r artikel Han sa att hon sa \u2013 februari 2012 och allt relaterat till horoskop, tarot, ritualer och allt relaterat.<\/p>\n<figure class=\"wp-block-table is-style-regular\">\n<\/figure>\n<p>Intressanta saker att veta inneb\u00f6rden: Horoskop  <\/p>\n<p>\u00c4ven h\u00e4r l\u00e4mnar vi \u00e4mnen relaterade till: Horoskop<\/p>\n<\/p>\n<p><\/p>\n<p>Vi hoppas att du gillade v\u00e5r artikel He Said She Said \u2013 februari 2012<br \/>\n och allt om horoskop, tarot, ritualer och allt relaterat till det &#8230;<\/p>\n<figure class=\"wp-block-table is-style-regular\">\n<table style=\"width: 284px; height: 157px;\">\n<tbody>\n<tr>\n<td class=\"has-text-align-center\" data-align=\"center\"><img loading=\"lazy\" decoding=\"async\" class=\"alignleft\" src=\" https:\/\/goroskop.tv\/wp-content\/uploads\/2023\/05\/horoscopodo12.jpg \" alt=\" He Said She Said \u2013 februari 2012\n \" width=\"65\" height=\"95\" title=\"\"><img loading=\"lazy\" decoding=\"async\" class=\"alignleft\" style=\"width: 60px;\" src=\" https:\/\/goroskop.tv\/wp-content\/uploads\/2023\/05\/horoscopodo11.jpg \" alt=\" He Said She Said \u2013 februari 2012\n \" width=\"195\" height=\"300\" title=\"\"><img decoding=\"async\" class=\"alignleft\" style=\"width: 60px;\" src=\" https:\/\/goroskop.tv\/wp-content\/uploads\/2023\/05\/horoscopodo10.jpg \" alt=\" He Said She Said \u2013 februari 2012\n \" title=\"\"><\/td>\n<\/tr>\n<\/tbody>\n<\/table>\n<\/figure>\n<p>Intressanta saker att veta inneb\u00f6rden: <a href=\"https:\/\/sv.wikipedia.org\/wiki\/Horoskop\" target=\"_blank\" rel=\"nofollow noopener\"> Horoskop <\/a> <\/p>\n<p>H\u00e4r l\u00e4mnar vi ocks\u00e5 \u00e4mnen relaterade till: <a href=\" https:\/\/goroskop.tv\/sw\/den-perfekta-kandispojkvannen-for-dig\/\">Horoskop<\/a> <\/p>\n<div id=\"ez-toc-container\" class=\"ez-toc-v2_0_82_2 ez-toc-wrap-center counter-hierarchy ez-toc-counter ez-toc-grey ez-toc-container-direction\">\n<div class=\"ez-toc-title-container\">\n<div class=\"ez-toc-title\" style=\"cursor:inherit\">Table of Contents<\/div>\n<span class=\"ez-toc-title-toggle\"><a href=\"#\" class=\"ez-toc-pull-right ez-toc-btn ez-toc-btn-xs ez-toc-btn-default ez-toc-toggle\" aria-label=\"Alternar tabla de contenidos\"><span class=\"ez-toc-js-icon-con\"><span class=\"\"><span class=\"eztoc-hide\" style=\"display:none;\">Toggle<\/span><span class=\"ez-toc-icon-toggle-span\"><svg style=\"fill: #999;color:#999\" xmlns=\"http:\/\/www.w3.org\/2000\/svg\" class=\"list-377408\" width=\"20px\" height=\"20px\" viewBox=\"0 0 24 24\" fill=\"none\"><path d=\"M6 6H4v2h2V6zm14 0H8v2h12V6zM4 11h2v2H4v-2zm16 0H8v2h12v-2zM4 16h2v2H4v-2zm16 0H8v2h12v-2z\" fill=\"currentColor\"><\/path><\/svg><svg style=\"fill: #999;color:#999\" class=\"arrow-unsorted-368013\" xmlns=\"http:\/\/www.w3.org\/2000\/svg\" width=\"10px\" height=\"10px\" viewBox=\"0 0 24 24\" version=\"1.2\" baseProfile=\"tiny\"><path d=\"M18.2 9.3l-6.2-6.3-6.2 6.3c-.2.2-.3.4-.3.7s.1.5.3.7c.2.2.4.3.7.3h11c.3 0 .5-.1.7-.3.2-.2.3-.5.3-.7s-.1-.5-.3-.7zM5.8 14.7l6.2 6.3 6.2-6.3c.2-.2.3-.5.3-.7s-.1-.5-.3-.7c-.2-.2-.4-.3-.7-.3h-11c-.3 0-.5.1-.7.3-.2.2-.3.5-.3.7s.1.5.3.7z\"\/><\/svg><\/span><\/span><\/span><\/a><\/span><\/div>\n<nav><ul class='ez-toc-list ez-toc-list-level-1 eztoc-toggle-hide-by-default' ><li class='ez-toc-page-1 ez-toc-heading-level-2'><a class=\"ez-toc-link ez-toc-heading-1\" href=\"https:\/\/goroskop.tv\/sw\/he-said-she-said-februari-2012\/#He_Said_She_Said_%E2%80%93_februari_2012\" >He Said She Said \u2013 februari 2012<\/a><\/li><\/ul><\/nav><\/div>\n","protected":false},"excerpt":{"rendered":"<p>He Said She Said \u2013 februari 2012 L\u00e4ser m\u00e4n och kvinnor tarot olika? \u00c4r inriktningen som vi erbjuder densamma, eller finns det en tydlig maskulin\/feminin touch i v\u00e5ra ord? F\u00f6lj med Matt Williams och mig varje m\u00e5nad n\u00e4r vi tar itu med fr\u00e5gor fr\u00e5n v\u00e5ra l\u00e4sare och ser hur olika &#8211; eller lika &#8211; vi &hellip;<\/p>\n","protected":false},"author":1,"featured_media":72,"comment_status":"closed","ping_status":"closed","sticky":false,"template":"","format":"standard","meta":{"footnotes":""},"categories":[2],"tags":[426],"class_list":["post-42294","post","type-post","status-publish","format-standard","has-post-thumbnail","hentry","category-horoskop","tag-februari"],"_links":{"self":[{"href":"https:\/\/goroskop.tv\/sw\/wp-json\/wp\/v2\/posts\/42294","targetHints":{"allow":["GET"]}}],"collection":[{"href":"https:\/\/goroskop.tv\/sw\/wp-json\/wp\/v2\/posts"}],"about":[{"href":"https:\/\/goroskop.tv\/sw\/wp-json\/wp\/v2\/types\/post"}],"author":[{"embeddable":true,"href":"https:\/\/goroskop.tv\/sw\/wp-json\/wp\/v2\/users\/1"}],"replies":[{"embeddable":true,"href":"https:\/\/goroskop.tv\/sw\/wp-json\/wp\/v2\/comments?post=42294"}],"version-history":[{"count":0,"href":"https:\/\/goroskop.tv\/sw\/wp-json\/wp\/v2\/posts\/42294\/revisions"}],"wp:featuredmedia":[{"embeddable":true,"href":"https:\/\/goroskop.tv\/sw\/wp-json\/wp\/v2\/media\/72"}],"wp:attachment":[{"href":"https:\/\/goroskop.tv\/sw\/wp-json\/wp\/v2\/media?parent=42294"}],"wp:term":[{"taxonomy":"category","embeddable":true,"href":"https:\/\/goroskop.tv\/sw\/wp-json\/wp\/v2\/categories?post=42294"},{"taxonomy":"post_tag","embeddable":true,"href":"https:\/\/goroskop.tv\/sw\/wp-json\/wp\/v2\/tags?post=42294"}],"curies":[{"name":"wp","href":"https:\/\/api.w.org\/{rel}","templated":true}]}}