{"id":42783,"date":"2023-08-28T21:49:32","date_gmt":"2023-08-28T21:49:32","guid":{"rendered":"https:\/\/goroskop.tv\/sw\/vilken-fodelsesten-ar-den-30-augusti\/"},"modified":"2023-08-28T21:49:32","modified_gmt":"2023-08-28T21:49:32","slug":"vilken-fodelsesten-ar-den-30-augusti","status":"publish","type":"post","link":"https:\/\/goroskop.tv\/sw\/vilken-fodelsesten-ar-den-30-augusti\/","title":{"rendered":"Vilken f\u00f6delsesten \u00e4r den 30 augusti?"},"content":{"rendered":"<p><\/p>\n<h2><span class=\"ez-toc-section\" id=\"Vilken_fodelsesten_ar_den_30_augusti\"><\/span><span class=\"ez-toc-section\" id=\"%C2%BFQue_piedra_de_nacimiento_es_el_30_de_agosto\"><\/span>  Vilken f\u00f6delsesten \u00e4r den 30 augusti?<span class=\"ez-toc-section-end\"><\/span><span class=\"ez-toc-section-end\"><\/span><\/h2>\n<p>F\u00f6delsestenar f\u00f6r augusti \u00e4r peridot, spinell och sardonyx. <\/p>\n<p>  Som kan uppt\u00e4ckas i meteoriter som har kommit fr\u00e5n rymden, s\u00e5v\u00e4l som stelnad lava som togs upp fr\u00e5n djupt inuti jordens mantel, \u00e4r peridotf\u00f6delsestenen k\u00e4nd f\u00f6r att ha bildats under sv\u00e5ra omst\u00e4ndigheter. <\/p>\n<p>  R\u00f6d spinell f\u00f6rv\u00e4xlades med rubin i \u00e5rtusenden, s\u00e5 f\u00f6delsestenen f\u00f6rblev underv\u00e4rderad tills nyligen, n\u00e4r konsumenterna s\u00f6kte alternativ till rubin. <\/p>\n<p>  Den ursprungliga f\u00f6delsestenen f\u00f6r augusti, sardonyx, har en tradition p\u00e5 \u00f6ver 4 000 \u00e5r. <\/p>\n<p>  L\u00e4r dig mer om dessa tre f\u00f6delsestenar f\u00f6r augusti och den perfekta muestren till augusti-bebisar.<\/p>\n<h2><span class=\"ez-toc-section\" id=\"Vilken_farg_har_fodelsestenen_for_30_augusti\"><\/span><span class=\"ez-toc-section\" id=\"%C2%BFDe_que_color_es_la_piedra_natal_del_30_de_agosto\"><\/span><span id=\"ezoic-pub-ad-placeholder-144\" class=\"ezoic-adpicker-ad\"><\/span><span class=\"ezoic-ad ezoic-at-0 box-4 box-4144 adtester-container adtester-container-144\" data-ez-name=\"hiszodiac_com-box-4\"><span id=\"div-gpt-ad-hiszodiac_com-box-4-0\" ezaw=\"250\" ezah=\"250\" style=\"position:relative;z-index:0;display:inline-block;padding:0;width:100%;max-width:1200px;margin-left:auto!important;margin-right:auto!important;min-height:90px;min-width:728px\" class=\"ezoic-ad\"><\/span><\/span>Vilken f\u00e4rg har f\u00f6delsestenen f\u00f6r 30 augusti?<span class=\"ez-toc-section-end\"><\/span><span class=\"ez-toc-section-end\"><\/span><\/h2>\n<p>Peridot och spinell \u00e4r de nyare f\u00f6delsestenarna i samband med augusti m\u00e5nad. <\/p>\n<p>  Med sin distinkta limegr\u00f6na nyans tros peridot ge styrka och inflytande till dem som b\u00e4r den. <\/p>\n<p>  Spinel kommer i en m\u00e4ngd livfulla f\u00e4rger, och dess b\u00e4rare s\u00e4gs avv\u00e4rja skador och lindra sm\u00e4rta.<\/p>\n<h2><span class=\"ez-toc-section\" id=\"Varfor_ar_augusti_manaden_med_tre_fodelsestenar\"><\/span><span class=\"ez-toc-section\" id=\"%C2%BFPor_que_agosto_es_el_mes_con_tres_piedras_de_nacimiento\"><\/span><span id=\"ezoic-pub-ad-placeholder-145\" class=\"ezoic-adpicker-ad\"><\/span><span class=\"ezoic-ad ezoic-at-0 banner-1 banner-1145 adtester-container adtester-container-145\" data-ez-name=\"hiszodiac_com-banner-1\"><span id=\"div-gpt-ad-hiszodiac_com-banner-1-0\" ezaw=\"468\" ezah=\"60\" style=\"position:relative;z-index:0;display:inline-block;padding:0;width:100%;max-width:1200px;margin-left:auto!important;margin-right:auto!important;min-height:90px;min-width:728px\" class=\"ezoic-ad\"><\/span><\/span>Varf\u00f6r \u00e4r augusti m\u00e5naden med tre f\u00f6delsestenar?<span class=\"ez-toc-section-end\"><\/span><span class=\"ez-toc-section-end\"><\/span><\/h2>\n<p>Varf\u00f6r \u00e4r augusti m\u00e5naden med tre f\u00f6delsestenar?  American Gem Trade Association och Jewelers of America \u00e4r \u00f6verens om att f\u00f6delsestenarna f\u00f6r augusti \u00e4r peridot, spinell och sardonyx. <\/p>\n<p>  Den ursprungliga f\u00f6delsestenen f\u00f6r augusti var sardonyx, en sten med ett spektrum av f\u00e4rger fr\u00e5n b\u00e4rnsten till lysande gr\u00f6nt.<\/p>\n<h2><span class=\"ez-toc-section\" id=\"Vilken_farg_har_fodelsestenen_for_31_augusti\"><\/span><span class=\"ez-toc-section\" id=\"%C2%BFDe_que_color_es_la_piedra_natal_del_31_de_agosto\"><\/span><span id=\"ezoic-pub-ad-placeholder-146\" class=\"ezoic-adpicker-ad\"><\/span><span class=\"ezoic-ad ezoic-at-0 large-leaderboard-2 large-leaderboard-2146 adtester-container adtester-container-146\" data-ez-name=\"hiszodiac_com-large-leaderboard-2\"><span id=\"div-gpt-ad-hiszodiac_com-large-leaderboard-2-0\" ezaw=\"336\" ezah=\"280\" style=\"position:relative;z-index:0;display:inline-block;padding:0;width:100%;max-width:1200px;margin-left:auto!important;margin-right:auto!important;min-height:280px;min-width:336px\" class=\"ezoic-ad\"><\/span><\/span>Vilken f\u00e4rg har f\u00f6delsestenen f\u00f6r 31 augusti?<span class=\"ez-toc-section-end\"><\/span><span class=\"ez-toc-section-end\"><\/span><\/h2>\n<p>F\u00e4rg, betydelse, symbolik och historia av septemberf\u00f6delsestenen. <\/p>\n<p>  Peridot, f\u00f6delsestenen f\u00f6r augusti, \u00e4r en ljusgr\u00f6n kosmisk f\u00f6delsesten som har uppt\u00e4ckts i meteoriter och vulkanisk lava fr\u00e5n Hawaii.<\/p>\n<h2><span class=\"ez-toc-section\" id=\"Ar_peridot_en_vardefull_adelsten\"><\/span><span class=\"ez-toc-section\" id=\"%C2%BFEs_el_peridoto_una_piedra_preciosa_valiosa\"><\/span><span id=\"ezoic-pub-ad-placeholder-147\" class=\"ezoic-adpicker-ad\"><\/span>\u00c4r peridot en v\u00e4rdefull \u00e4delsten?<span class=\"ez-toc-section-end\"><\/span><span class=\"ez-toc-section-end\"><\/span><\/h2>\n<p>\u00c5 andra sidan \u00e4r peridot en halv\u00e4delsten som kan hittas \u00f6ver hela v\u00e4rlden. <\/p>\n<p>  \u00c4ven om det b\u00e4sta fortfarande \u00e4r sv\u00e5rt att hitta, \u00e4r det fortfarande sv\u00e5rare att hitta \u00e4n en smaragd.<\/p>\n<h2><span class=\"ez-toc-section\" id=\"Ar_peridot_en_dyr_parla\"><\/span><span class=\"ez-toc-section\" id=\"%C2%BFEs_el_peridoto_una_gema_costosa\"><\/span><span id=\"ezoic-pub-ad-placeholder-148\" class=\"ezoic-adpicker-ad\"><\/span>\u00c4r peridot en dyr p\u00e4rla?<span class=\"ez-toc-section-end\"><\/span><span class=\"ez-toc-section-end\"><\/span><\/h2>\n<p>Ett utbrett mineral i mafiska och ultramafiska bergarter, olivin, varav peridot \u00e4r en typ, finns ofta i lava och i mantelperidot-xenoliter, som lavan f\u00f6r upp till ytan. <\/p>\n<p>  Men peridot av \u00e4delstenskvalitet finns bara i en liten andel av dessa inst\u00e4llningar. <\/p>\n<p>  Dessutom kan peridoter uppt\u00e4ckas i meteoriter.<\/p>\n<p>Peridoter kan s\u00e4rskiljas baserat p\u00e5 deras storlek och sammans\u00e4ttning. <\/p>\n<p>  J\u00e4mf\u00f6rt med meteoriter har peridoter skapade av vulkanisk aktivitet vanligtvis h\u00f6gre m\u00e4ngder litium, nickel och zink.<\/p>\n<p>\u00c4ven om olivin \u00e4r ett vanligt mineral, \u00e4r peridot av \u00e4delstenskvalitet n\u00e5got sv\u00e5rt att hitta eftersom det \u00e4r kemiskt instabilt p\u00e5 jordens yta. <\/p>\n<p>  De sm\u00e5 olivinkornen som hittas \u00e4r vanligtvis h\u00e5rt v\u00e4derbitna och ol\u00e4mpliga f\u00f6r estetiska till\u00e4mpningar. <\/p>\n<p>  Olivin anses v\u00e4rdefullt eftersom stora kristaller av forsterit, den typ som oftast anv\u00e4nds f\u00f6r att sk\u00e4ra peridot\u00e4delstenar, \u00e4r s\u00e4llsynta.<\/p>\n<p>P\u00e5 \u00f6n St. <\/p>\n<p>John, i R\u00f6da havet, b\u00f6rjade brytningen av peridoter, d\u00e5 k\u00e4nda som topaser, \u00e5r 300 f.Kr.<\/p>\n<p>San Carlos Apache-indianreservatet i Arizona \u00e4r den prim\u00e4ra k\u00e4llan till peridotolivin idag. <\/p>\n<p>  Dessutom bryts det i Australien, Brasilien, Kina, Egypten, Kenya, Mexiko, Myanmar (Burma), Norge, Pakistan, Saudiarabien, Sydafrika, Sri Lanka och Tanzania, samt Hawaii, Arkansas, Nevada, New M\u00e9xico , Hawaii och ett annat omr\u00e5de i Arizona.<\/p>\n<h2><span class=\"ez-toc-section\" id=\"En_ovanlig_fodelsesten_for_augusti\"><\/span><span class=\"ez-toc-section\" id=\"%C2%BFUna_piedra_de_nacimiento_poco_comun_para_agosto\"><\/span><span id=\"ezoic-pub-ad-placeholder-153\" class=\"ezoic-adpicker-ad\"><\/span><span class=\"ezoic-ad ezoic-at-0 large-mobile-banner-2 large-mobile-banner-2153 adtester-container adtester-container-153\" data-ez-name=\"hiszodiac_com-large-mobile-banner-2\"><span id=\"div-gpt-ad-hiszodiac_com-large-mobile-banner-2-0\" ezaw=\"300\" ezah=\"250\" style=\"position:relative;z-index:0;display:inline-block;padding:0;min-height:250px;min-width:300px\" class=\"ezoic-ad\"><\/span><\/span>En ovanlig f\u00f6delsesten f\u00f6r augusti?<span class=\"ez-toc-section-end\"><\/span><span class=\"ez-toc-section-end\"><\/span><\/h2>\n<p>August birthstone \u00e4r en verkligt s\u00e4llsynt och gammal sten som finns i vulkanisk lava eller meteoriter som har fallit till jorden. <\/p>\n<p>  De gamla egyptierna kallade det \u00absolens p\u00e4rla\u00bb.<\/p>\n<p>F\u00f6reningen med ljusa och kosmiska fr\u00e4mmande egenskaper med den ljusa limef\u00e4rgade peridot\u00e4delstenen \u00e4r d\u00e4rf\u00f6r inte f\u00f6rv\u00e5nande.<\/p>\n<p>\u00c4ven om peridot bara finns i en f\u00e4rg (till skillnad fr\u00e5n andra stenar, som kan ha ovanliga nyanser och variationer), kan dess nyanser variera fr\u00e5n ljust gult till ljust brunt.<\/p>\n<p>Men Peridots intressanta f\u00f6rflutna och lockande briljans kan vara hennes mest f\u00f6rf\u00f6riska inslag.<\/p>\n<h2><span class=\"ez-toc-section\" id=\"Vilken_ton_har_August\"><\/span><span class=\"ez-toc-section\" id=\"%C2%BFQue_tono_tiene_agosto\"><\/span><span id=\"ezoic-pub-ad-placeholder-154\" class=\"ezoic-adpicker-ad\"><\/span><span class=\"ezoic-ad ezoic-at-0 large-mobile-banner-1 large-mobile-banner-1154 adtester-container adtester-container-154\" data-ez-name=\"hiszodiac_com-large-mobile-banner-1\"><span id=\"div-gpt-ad-hiszodiac_com-large-mobile-banner-1-0\" ezaw=\"250\" ezah=\"250\" style=\"position:relative;z-index:0;display:inline-block;padding:0;width:100%;max-width:1200px;margin-left:auto!important;margin-right:auto!important;min-height:90px;min-width:728px\" class=\"ezoic-ad\"><\/span><\/span>Vilken ton har August?<span class=\"ez-toc-section-end\"><\/span><span class=\"ez-toc-section-end\"><\/span><\/h2>\n<p>Med sin sv\u00e4llande v\u00e4rme och \u00f6verfl\u00f6d av gr\u00f6nska \u00e4r sensommaren den perfekta tiden f\u00f6r avkopplande aktiviteter, l\u00e4tta sommarkl\u00e4der och en avslappnad livsstil.<\/p>\n<h2><span class=\"ez-toc-section\" id=\"Ursakta_ar_de_dyra\"><\/span><span class=\"ez-toc-section\" id=\"Perdots_son_caros\"><\/span><span id=\"ezoic-pub-ad-placeholder-155\" class=\"ezoic-adpicker-ad\"><\/span>Urs\u00e4kta \u00e4r de dyra?<span class=\"ez-toc-section-end\"><\/span><span class=\"ez-toc-section-end\"><\/span><\/h2>\n<p>Peridot-priset per karat varierar fr\u00e5n cirka 5 080 USD f\u00f6r finskurna \u00e4delstenar i 12-karats storlek till 400 450 USD f\u00f6r \u00e4delstenar av h\u00f6g kvalitet i \u00f6verl\u00e4gsen f\u00e4rg.<\/p>\n<h2><span class=\"ez-toc-section\" id=\"Hur_ser_peridoten_ut\"><\/span><span class=\"ez-toc-section\" id=\"%C2%BFComo_aparece_el_peridoto\"><\/span><span id=\"ezoic-pub-ad-placeholder-156\" class=\"ezoic-adpicker-ad\"><\/span>Hur ser peridoten ut?<span class=\"ez-toc-section-end\"><\/span><span class=\"ez-toc-section-end\"><\/span><\/h2>\n<p>Rent gr\u00f6nt, gulgr\u00f6nt och gr\u00f6ngult \u00e4r de olika nyanserna av peridot. <\/p>\n<p>  Gr\u00f6nt utan inslag av gult eller brunt har den renaste f\u00e4rgen. <\/p>\n<p>  \u00c4delstensf\u00e4rger \u00e4r ofta b\u00e4st p\u00e5 stenar som v\u00e4ger 10 karat och \u00f6ver. <\/p>\n<p>  Brunaktig peridot betecknar en l\u00e4gre kvalitet.<\/p>\n<h2><span class=\"ez-toc-section\" id=\"Finns_det_tva_fodelsestenar_for_varje_manad\"><\/span><span class=\"ez-toc-section\" id=\"%C2%BFHay_dos_piedras_de_nacimiento_para_cada_mes\"><\/span><span id=\"ezoic-pub-ad-placeholder-157\" class=\"ezoic-adpicker-ad\"><\/span><span class=\"ezoic-ad ezoic-at-0 leader-2 leader-2157 adtester-container adtester-container-157\" data-ez-name=\"hiszodiac_com-leader-2\"><span id=\"div-gpt-ad-hiszodiac_com-leader-2-0\" ezaw=\"336\" ezah=\"280\" style=\"position:relative;z-index:0;display:inline-block;padding:0;width:100%;max-width:1200px;margin-left:auto!important;margin-right:auto!important;min-height:280px;min-width:336px\" class=\"ezoic-ad\"><\/span><\/span>Finns det tv\u00e5 f\u00f6delsestenar f\u00f6r varje m\u00e5nad?<span class=\"ez-toc-section-end\"><\/span><span class=\"ez-toc-section-end\"><\/span><\/h2>\n<p>\u00c4ven om varje m\u00e5nad traditionellt bara har en f\u00f6delsesten, har vissa m\u00e5nader m\u00e5nga f\u00f6delsestenar. <\/p>\n<p>  Detta faktum leder till viss f\u00f6rvirring, men variationen av m\u00f6jligheter under n\u00e5gra m\u00e5nader utvecklades f\u00f6r att ge kunderna ett urval av billigare val ut\u00f6ver de mer typiska dyra stenarna.<\/p>\n<p>Vi hoppas att du gillade v\u00e5r artikel What birthstone is den 30 augusti? och allt relaterat till horoskop, tarot, ritualer och allt relaterat&#8230;<\/p>\n<figure class=\"wp-block-table is-style-regular\">\n<\/figure>\n<p>Intressanta saker att veta inneb\u00f6rden: Tarot  <\/p>\n<p>\u00c4ven h\u00e4r l\u00e4mnar vi \u00e4mnen relaterade till: Tarot<\/p>\n<\/p>\n<p><\/p>\n<p>Vi hoppas att du gillade v\u00e5r artikel Vilken f\u00f6delsesten \u00e4r den 30 augusti?<br \/>\n och allt om horoskop, tarot, ritualer och allt relaterat till det &#8230;<\/p>\n<figure class=\"wp-block-table is-style-regular\">\n<table style=\"width: 284px; height: 157px;\">\n<tbody>\n<tr>\n<td class=\"has-text-align-center\" data-align=\"center\"><img loading=\"lazy\" decoding=\"async\" class=\"alignleft\" src=\" https:\/\/goroskop.tv\/wp-content\/uploads\/2023\/05\/tarot1.jpg \" alt=\" Vilken f\u00f6delsesten \u00e4r den 30 augusti?\n \" width=\"65\" height=\"95\" title=\"\"><img loading=\"lazy\" decoding=\"async\" class=\"alignleft\" style=\"width: 60px;\" src=\" https:\/\/goroskop.tv\/wp-content\/uploads\/2023\/05\/tarot2.jpg \" alt=\" Vilken f\u00f6delsesten \u00e4r den 30 augusti?\n \" width=\"195\" height=\"300\" title=\"\"><img decoding=\"async\" class=\"alignleft\" style=\"width: 60px;\" src=\" https:\/\/goroskop.tv\/wp-content\/uploads\/2023\/05\/tarot3.jpg \" alt=\" Vilken f\u00f6delsesten \u00e4r den 30 augusti?\n \" title=\"\"><\/td>\n<\/tr>\n<\/tbody>\n<\/table>\n<\/figure>\n<p>Intressanta saker att veta inneb\u00f6rden: <a href=\"https:\/\/sv.wikipedia.org\/wiki\/Tarot\" target=\"_blank\" rel=\"nofollow noopener\"> Tarot <\/a> <\/p>\n<p>H\u00e4r l\u00e4mnar vi ocks\u00e5 \u00e4mnen relaterade till: <a href=\" https:\/\/goroskop.tv\/sw\/kommer-leo-och-skorpionen-overens-som-vanner\/\">Tarot<\/a><\/p>\n<div id=\"ez-toc-container\" class=\"ez-toc-v2_0_82_2 ez-toc-wrap-center counter-hierarchy ez-toc-counter ez-toc-grey ez-toc-container-direction\">\n<div class=\"ez-toc-title-container\">\n<div class=\"ez-toc-title\" style=\"cursor:inherit\">Table of Contents<\/div>\n<span class=\"ez-toc-title-toggle\"><a href=\"#\" class=\"ez-toc-pull-right ez-toc-btn ez-toc-btn-xs ez-toc-btn-default ez-toc-toggle\" aria-label=\"Alternar tabla de contenidos\"><span class=\"ez-toc-js-icon-con\"><span class=\"\"><span class=\"eztoc-hide\" style=\"display:none;\">Toggle<\/span><span class=\"ez-toc-icon-toggle-span\"><svg style=\"fill: #999;color:#999\" xmlns=\"http:\/\/www.w3.org\/2000\/svg\" class=\"list-377408\" width=\"20px\" height=\"20px\" viewBox=\"0 0 24 24\" fill=\"none\"><path d=\"M6 6H4v2h2V6zm14 0H8v2h12V6zM4 11h2v2H4v-2zm16 0H8v2h12v-2zM4 16h2v2H4v-2zm16 0H8v2h12v-2z\" fill=\"currentColor\"><\/path><\/svg><svg style=\"fill: #999;color:#999\" class=\"arrow-unsorted-368013\" xmlns=\"http:\/\/www.w3.org\/2000\/svg\" width=\"10px\" height=\"10px\" viewBox=\"0 0 24 24\" version=\"1.2\" baseProfile=\"tiny\"><path d=\"M18.2 9.3l-6.2-6.3-6.2 6.3c-.2.2-.3.4-.3.7s.1.5.3.7c.2.2.4.3.7.3h11c.3 0 .5-.1.7-.3.2-.2.3-.5.3-.7s-.1-.5-.3-.7zM5.8 14.7l6.2 6.3 6.2-6.3c.2-.2.3-.5.3-.7s-.1-.5-.3-.7c-.2-.2-.4-.3-.7-.3h-11c-.3 0-.5.1-.7.3-.2.2-.3.5-.3.7s.1.5.3.7z\"\/><\/svg><\/span><\/span><\/span><\/a><\/span><\/div>\n<nav><ul class='ez-toc-list ez-toc-list-level-1 eztoc-toggle-hide-by-default' ><li class='ez-toc-page-1 ez-toc-heading-level-2'><a class=\"ez-toc-link ez-toc-heading-1\" href=\"https:\/\/goroskop.tv\/sw\/vilken-fodelsesten-ar-den-30-augusti\/#Vilken_fodelsesten_ar_den_30_augusti\" >Vilken f\u00f6delsesten \u00e4r den 30 augusti?<\/a><\/li><li class='ez-toc-page-1 ez-toc-heading-level-2'><a class=\"ez-toc-link ez-toc-heading-2\" href=\"https:\/\/goroskop.tv\/sw\/vilken-fodelsesten-ar-den-30-augusti\/#Vilken_farg_har_fodelsestenen_for_30_augusti\" >Vilken f\u00e4rg har f\u00f6delsestenen f\u00f6r 30 augusti?<\/a><\/li><li class='ez-toc-page-1 ez-toc-heading-level-2'><a class=\"ez-toc-link ez-toc-heading-3\" href=\"https:\/\/goroskop.tv\/sw\/vilken-fodelsesten-ar-den-30-augusti\/#Varfor_ar_augusti_manaden_med_tre_fodelsestenar\" >Varf\u00f6r \u00e4r augusti m\u00e5naden med tre f\u00f6delsestenar?<\/a><\/li><li class='ez-toc-page-1 ez-toc-heading-level-2'><a class=\"ez-toc-link ez-toc-heading-4\" href=\"https:\/\/goroskop.tv\/sw\/vilken-fodelsesten-ar-den-30-augusti\/#Vilken_farg_har_fodelsestenen_for_31_augusti\" >Vilken f\u00e4rg har f\u00f6delsestenen f\u00f6r 31 augusti?<\/a><\/li><li class='ez-toc-page-1 ez-toc-heading-level-2'><a class=\"ez-toc-link ez-toc-heading-5\" href=\"https:\/\/goroskop.tv\/sw\/vilken-fodelsesten-ar-den-30-augusti\/#Ar_peridot_en_vardefull_adelsten\" >\u00c4r peridot en v\u00e4rdefull \u00e4delsten?<\/a><\/li><li class='ez-toc-page-1 ez-toc-heading-level-2'><a class=\"ez-toc-link ez-toc-heading-6\" href=\"https:\/\/goroskop.tv\/sw\/vilken-fodelsesten-ar-den-30-augusti\/#Ar_peridot_en_dyr_parla\" >\u00c4r peridot en dyr p\u00e4rla?<\/a><\/li><li class='ez-toc-page-1 ez-toc-heading-level-2'><a class=\"ez-toc-link ez-toc-heading-7\" href=\"https:\/\/goroskop.tv\/sw\/vilken-fodelsesten-ar-den-30-augusti\/#En_ovanlig_fodelsesten_for_augusti\" >En ovanlig f\u00f6delsesten f\u00f6r augusti?<\/a><\/li><li class='ez-toc-page-1 ez-toc-heading-level-2'><a class=\"ez-toc-link ez-toc-heading-8\" href=\"https:\/\/goroskop.tv\/sw\/vilken-fodelsesten-ar-den-30-augusti\/#Vilken_ton_har_August\" >Vilken ton har August?<\/a><\/li><li class='ez-toc-page-1 ez-toc-heading-level-2'><a class=\"ez-toc-link ez-toc-heading-9\" href=\"https:\/\/goroskop.tv\/sw\/vilken-fodelsesten-ar-den-30-augusti\/#Ursakta_ar_de_dyra\" >Urs\u00e4kta \u00e4r de dyra?<\/a><\/li><li class='ez-toc-page-1 ez-toc-heading-level-2'><a class=\"ez-toc-link ez-toc-heading-10\" href=\"https:\/\/goroskop.tv\/sw\/vilken-fodelsesten-ar-den-30-augusti\/#Hur_ser_peridoten_ut\" >Hur ser peridoten ut?<\/a><\/li><li class='ez-toc-page-1 ez-toc-heading-level-2'><a class=\"ez-toc-link ez-toc-heading-11\" href=\"https:\/\/goroskop.tv\/sw\/vilken-fodelsesten-ar-den-30-augusti\/#Finns_det_tva_fodelsestenar_for_varje_manad\" >Finns det tv\u00e5 f\u00f6delsestenar f\u00f6r varje m\u00e5nad?<\/a><\/li><\/ul><\/nav><\/div>\n","protected":false},"excerpt":{"rendered":"<p>Vilken f\u00f6delsesten \u00e4r den 30 augusti? F\u00f6delsestenar f\u00f6r augusti \u00e4r peridot, spinell och sardonyx. Som kan uppt\u00e4ckas i meteoriter som har kommit fr\u00e5n rymden, s\u00e5v\u00e4l som stelnad lava som togs upp fr\u00e5n djupt inuti jordens mantel, \u00e4r peridotf\u00f6delsestenen k\u00e4nd f\u00f6r att ha bildats under sv\u00e5ra omst\u00e4ndigheter. R\u00f6d spinell f\u00f6rv\u00e4xlades med rubin i \u00e5rtusenden, s\u00e5 f\u00f6delsestenen &hellip;<\/p>\n","protected":false},"author":1,"featured_media":59,"comment_status":"closed","ping_status":"closed","sticky":false,"template":"","format":"standard","meta":{"footnotes":""},"categories":[4],"tags":[10,139,8,275,86],"class_list":["post-42783","post","type-post","status-publish","format-standard","has-post-thumbnail","hentry","category-tarot","tag-ar","tag-augusti","tag-den","tag-fodelsesten","tag-vilken"],"_links":{"self":[{"href":"https:\/\/goroskop.tv\/sw\/wp-json\/wp\/v2\/posts\/42783","targetHints":{"allow":["GET"]}}],"collection":[{"href":"https:\/\/goroskop.tv\/sw\/wp-json\/wp\/v2\/posts"}],"about":[{"href":"https:\/\/goroskop.tv\/sw\/wp-json\/wp\/v2\/types\/post"}],"author":[{"embeddable":true,"href":"https:\/\/goroskop.tv\/sw\/wp-json\/wp\/v2\/users\/1"}],"replies":[{"embeddable":true,"href":"https:\/\/goroskop.tv\/sw\/wp-json\/wp\/v2\/comments?post=42783"}],"version-history":[{"count":0,"href":"https:\/\/goroskop.tv\/sw\/wp-json\/wp\/v2\/posts\/42783\/revisions"}],"wp:featuredmedia":[{"embeddable":true,"href":"https:\/\/goroskop.tv\/sw\/wp-json\/wp\/v2\/media\/59"}],"wp:attachment":[{"href":"https:\/\/goroskop.tv\/sw\/wp-json\/wp\/v2\/media?parent=42783"}],"wp:term":[{"taxonomy":"category","embeddable":true,"href":"https:\/\/goroskop.tv\/sw\/wp-json\/wp\/v2\/categories?post=42783"},{"taxonomy":"post_tag","embeddable":true,"href":"https:\/\/goroskop.tv\/sw\/wp-json\/wp\/v2\/tags?post=42783"}],"curies":[{"name":"wp","href":"https:\/\/api.w.org\/{rel}","templated":true}]}}