{"id":42793,"date":"2023-08-28T21:51:54","date_gmt":"2023-08-28T21:51:54","guid":{"rendered":"https:\/\/goroskop.tv\/sw\/den-astrologiska-anledningen-till-att-mandagar-ar\/"},"modified":"2023-08-28T21:51:54","modified_gmt":"2023-08-28T21:51:54","slug":"den-astrologiska-anledningen-till-att-mandagar-ar","status":"publish","type":"post","link":"https:\/\/goroskop.tv\/sw\/den-astrologiska-anledningen-till-att-mandagar-ar\/","title":{"rendered":"Den astrologiska anledningen till att m\u00e5ndagar \u00e4r"},"content":{"rendered":"<p><\/p>\n<h2><span class=\"ez-toc-section\" id=\"Den_astrologiska_anledningen_till_att_mandagar_ar\"><\/span><span class=\"ez-toc-section\" id=\"La_razon_astrologica_por_la_que_los_lunes_son_los\"><\/span>  Den astrologiska anledningen till att m\u00e5ndagar \u00e4r<span class=\"ez-toc-section-end\"><\/span><span class=\"ez-toc-section-end\"><\/span><\/h2>\n<p>Vissa dagar kan k\u00e4nnas l\u00e4ttare att hantera \u00e4n andra, och en sak som vi gemensamt kan komma \u00f6verens om \u00e4r att m\u00e5ndagar ofta \u00e4r veckans s\u00e4msta dag.<\/p>\n<p>\u00c4ven om det kan vara l\u00e4tt att skylla p\u00e5 slutet av helgen med en l\u00e5ng arbetsvecka framf\u00f6r dig, kan det enligt astrologin finnas mer att skylla p\u00e5 \u00e4n bara ditt jobb.<\/p>\n<p>Som det visar sig styrs varje dag i veckan av en annan planet eller ljusk\u00e4lla vars energi kan ge inspiration eller utmaningar:<\/p>\n<ul>\n<li>M\u00e5ndagen styrs av m\u00e5nen.<\/li>\n<li>Tisdagen styrs av Mars<\/li>\n<li>Onsdagen styrs av Merkurius.<\/li>\n<li>Torsdagen styrs av Jupiter.<\/li>\n<li>Fredagen styrs av Venus.<\/li>\n<li>L\u00f6rdagen styrs av Saturnus.<\/li>\n<li>S\u00f6ndagen styrs av solen.<\/li>\n<\/ul>\n<p class=\"article-body-related-links\"><strong>RELATERAT: De 5 h\u00e5rdaste m\u00e5ntecknen<\/strong><\/p>\n<h2><span class=\"ez-toc-section\" id=\"Varfor_mandagar_ar_den_varsta_dagen_i_veckan_enligt_astrologin\"><\/span><span class=\"ez-toc-section\" id=\"Por_que_los_lunes_son_el_peor_dia_de_la_semana_segun_la_astrologia\"><\/span>Varf\u00f6r m\u00e5ndagar \u00e4r den v\u00e4rsta dagen i veckan, enligt astrologin.<span class=\"ez-toc-section-end\"><\/span><span class=\"ez-toc-section-end\"><\/span><\/h2>\n<p>M\u00e5ndagar \u00e4r den v\u00e4rsta dagen i veckan astrologiskt eftersom m\u00e5ndagen styrs av m\u00e5nen.<\/p>\n<p>M\u00e5nens energi f\u00f6rbinder oss med v\u00e5ra djupaste k\u00e4nslor. <\/p>\n<p>  Positionen och stj\u00e4rntecknet m\u00e5nen \u00e4r i p\u00e5verkar ocks\u00e5 hur du k\u00e4nner dig. <\/p>\n<p>  M\u00e5ndagar kan vara sorgliga f\u00f6r m\u00e5nga eftersom vi alla kan uppleva k\u00e4nslom\u00e4ssiga upp- och nedg\u00e5ngar.<\/p>\n<p>Astrologi p\u00e5minner oss om att m\u00e5nen \u00e4r en komplex ljusk\u00e4lla, men lika viktig och kanske till och med kraftfullare \u00e4n solen.<\/p>\n<p>K\u00e4nslor kan g\u00f6ra m\u00e4nniskor obekv\u00e4ma, och det kan vara sv\u00e5rt att f\u00f6rst\u00e5 dem. <\/p>\n<p>  La Luna \u00e4r en unik och intim plats. <\/p>\n<p>  Vi l\u00e4r oss om v\u00e5ra relationer, passioner och \u00f6nskningar med v\u00e5ra m\u00e5ntecken och planeterna som aspekter det i v\u00e5rt diagram. <\/p>\n<p>  M\u00e5ndagen kan k\u00e4nnas kvav p\u00e5 grund av detta. <\/p>\n<p>M\u00e5nen byter tecken varannan dag och det kan k\u00e4nnas som en balansg\u00e5ng f\u00f6r oss. <\/p>\n<p>  Om m\u00e5nen \u00e4ndras fr\u00e5n Fiskarna till V\u00e4duren kan vi k\u00e4nna oss mer bemyndigade och sj\u00e4lvs\u00e4kra. <\/p>\n<p>  Men om det flyttar fr\u00e5n Tvillingarna till Kr\u00e4ftan, kan det visa att v\u00e5ra sociala batterier kan beh\u00f6va laddas i n\u00e5gra dagar innan vi \u00e4r redo att kliva in i Leos eldiga sj\u00e4lvf\u00f6rtroende.<\/p>\n<p>De inf\u00f6dda med Sol, M\u00e5ne eller Ascendant i Kr\u00e4ftan kommer att drabbas mest av m\u00e5ndagar. <\/p>\n<p>  Dessutom kommer personer med tunga aspekter av m\u00e5nen i deras diagram att p\u00e5verkas av dagen.<\/p>\n<p class=\"article-body-related-links\"><strong>RELATERAT: K\u00e4nsliga m\u00e5ntecken, rankad fr\u00e5n mest till minst k\u00e4nslom\u00e4ssigt<\/strong><\/p>\n<h3><span class=\"ez-toc-section\" id=\"Ovriga_dagar_i_veckan_later_oss_pusha_skapa_bygga_och_reflektera\"><\/span><span class=\"ez-toc-section\" id=\"Los_demas_dias_de_la_semana_nos_permiten_empujar_crear_construir_y_reflexionar\"><\/span>\u00d6vriga dagar i veckan l\u00e5ter oss pusha, skapa, bygga och reflektera. <span class=\"ez-toc-section-end\"><\/span><\/h3>\n<p>Vi kunde k\u00e4nna oss mycket mer sj\u00e4lvs\u00e4kra och avslappnade p\u00e5 s\u00f6ndagen eftersom detta \u00e4r den f\u00f6rsta dagen i veckan och styrs av den mest livfulla ljusk\u00e4llan, solen. <\/p>\n<p>  De flesta av oss laddar om p\u00e5 s\u00f6ndagar f\u00f6r att m\u00f6ta de kommande dagarna.<\/p>\n<p>Tisdagar styrs av Mars, s\u00e5 vi kanske k\u00e4nner oss mycket mer v\u00e5gade och ansvariga.<\/p>\n<p>N\u00e4r vi k\u00e4nner oss inspirerade att kommunicera aktiverar vi p\u00e5 onsdagar v\u00e5rt behov av att ansluta eller uttrycka oss.<\/p>\n<p>Torsdagen har Jupiters optimistiska energi, vilket g\u00f6r att vi kan dr\u00f6mma stort och utnyttja v\u00e5r \u00e4ventyrliga vih.<\/p>\n<p>Att hitta en stunds avkoppling kommer att vara mycket anv\u00e4ndbart f\u00f6r oss p\u00e5 fredagar eftersom det styrs av Venus. <\/p>\n<p>  Vi g\u00f6r sp\u00e4nnande saker denna dag och f\u00f6rbereder oss f\u00f6r helgen.<\/p>\n<p>Saturnus styr l\u00f6rdagen och det kan vara en tid d\u00e5 vi reflekterar \u00f6ver det slutf\u00f6rda arbetet och l\u00e4gger upp fler planer f\u00f6r den kommande veckan.<\/p>\n<p>M\u00e5ndagar s\u00e4tter tonen f\u00f6r den kommande veckan, s\u00e5 om dagen k\u00e4nns utmanande kan det demotivera oss.<\/p>\n<h2><span class=\"ez-toc-section\" id=\"Som_sagt_mandagar_kan_vara_den_perfekta_tiden_att_borja_nagot_nytt\"><\/span><span class=\"ez-toc-section\" id=\"Dicho_esto_los_lunes_pueden_ser_el_momento_perfecto_para_iniciar_algo_nuevo\"><\/span>Som sagt, m\u00e5ndagar kan vara den perfekta tiden att b\u00f6rja n\u00e5got nytt.<span class=\"ez-toc-section-end\"><\/span><span class=\"ez-toc-section-end\"><\/span><\/h2>\n<p>N\u00e4r allt kommer omkring, varje m\u00e5nad upplever vi nya cykler med viktiga m\u00e5nfaser.<\/p>\n<h2><span class=\"ez-toc-section\" id=\"Relaterade_berattelser_fran_YourTango\"><\/span><span class=\"ez-toc-section\" id=\"Historias_relacionadas_de_YourTango\"><\/span>Relaterade ber\u00e4ttelser fr\u00e5n YourTango:<span class=\"ez-toc-section-end\"><\/span><span class=\"ez-toc-section-end\"><\/span><\/h2>\n<p>F\u00f6r att bek\u00e4mpa \u00e5ngest eller de komplexa k\u00e4nslor som \u00e4r f\u00f6rknippade med den, var noga med att journalf\u00f6ra, meditera eller hitta n\u00e5got som ger dig lycka. <\/p>\n<p>  Det \u00e4r absolut n\u00f6dv\u00e4ndigt att fokusera p\u00e5 saker som kan f\u00f6r\u00e4ndra v\u00e5rt hum\u00f6r till det b\u00e4ttre.<\/p>\n<p>Undvik stressorer, ta det lugnt p\u00e5 m\u00e5ndag och arbeta i den takt som passar dig b\u00e4st. <\/p>\n<p>  Br\u00e5dska och stress kommer inte att fungera till din f\u00f6rdel.<\/p>\n<p>M\u00e5nen vill att vi ska k\u00e4nna oss balanserade p\u00e5 insidan, s\u00e5 fokusera p\u00e5 harmoni och \u00f6va p\u00e5 t\u00e5lamod.<\/p>\n<p class=\"article-body-related-links\"><strong>RELATERAT: Din mest giftiga egenskap, baserat p\u00e5 ditt m\u00e5ntecken<\/strong><\/p>\n<p><em>AT Nunez \u00e4r en afro-latinsk astrolog och filosof som bor i New York. <\/em><\/p>\n<p>  Han brinner f\u00f6r astrologi och t\u00e4nker forts\u00e4tta skriva mer om stj\u00e4rnsk\u00e5dning i framtiden.<\/p>\n<p>Vi hoppas att du gillade v\u00e5r artikel Den astrologiska anledningen till att m\u00e5ndagar \u00e4r de b\u00e4sta och allt relaterat till horoskop, tarot, ritualer och allt relaterat.<\/p>\n<figure class=\"wp-block-table is-style-regular\">\n<\/figure>\n<p>Intressanta saker att veta inneb\u00f6rden: Horoskop  <\/p>\n<p>\u00c4ven h\u00e4r l\u00e4mnar vi \u00e4mnen relaterade till: Horoskop<\/p>\n<\/p>\n<p><\/p>\n<p>Vi hoppas att du gillade v\u00e5r artikel Den astrologiska anledningen till att m\u00e5ndagar \u00e4r<br \/>\n och allt om horoskop, tarot, ritualer och allt relaterat till det &#8230;<\/p>\n<figure class=\"wp-block-table is-style-regular\">\n<table style=\"width: 284px; height: 157px;\">\n<tbody>\n<tr>\n<td class=\"has-text-align-center\" data-align=\"center\"><img loading=\"lazy\" decoding=\"async\" class=\"alignleft\" src=\" https:\/\/goroskop.tv\/wp-content\/uploads\/2023\/05\/horoscopodo12.jpg \" alt=\" Den astrologiska anledningen till att m\u00e5ndagar \u00e4r\n \" width=\"65\" height=\"95\" title=\"\"><img loading=\"lazy\" decoding=\"async\" class=\"alignleft\" style=\"width: 60px;\" src=\" https:\/\/goroskop.tv\/wp-content\/uploads\/2023\/05\/horoscopodo11.jpg \" alt=\" Den astrologiska anledningen till att m\u00e5ndagar \u00e4r\n \" width=\"195\" height=\"300\" title=\"\"><img decoding=\"async\" class=\"alignleft\" style=\"width: 60px;\" src=\" https:\/\/goroskop.tv\/wp-content\/uploads\/2023\/05\/horoscopodo10.jpg \" alt=\" Den astrologiska anledningen till att m\u00e5ndagar \u00e4r\n \" title=\"\"><\/td>\n<\/tr>\n<\/tbody>\n<\/table>\n<\/figure>\n<p>Intressanta saker att veta inneb\u00f6rden: <a href=\"https:\/\/sv.wikipedia.org\/wiki\/Horoskop\" target=\"_blank\" rel=\"nofollow noopener\"> Horoskop <\/a> <\/p>\n<p>H\u00e4r l\u00e4mnar vi ocks\u00e5 \u00e4mnen relaterade till: <a href=\" https:\/\/goroskop.tv\/sw\/den-perfekta-kandispojkvannen-for-dig\/\">Horoskop<\/a> <\/p>\n<div id=\"ez-toc-container\" class=\"ez-toc-v2_0_82_2 ez-toc-wrap-center counter-hierarchy ez-toc-counter ez-toc-grey ez-toc-container-direction\">\n<div class=\"ez-toc-title-container\">\n<div class=\"ez-toc-title\" style=\"cursor:inherit\">Table of Contents<\/div>\n<span class=\"ez-toc-title-toggle\"><a href=\"#\" class=\"ez-toc-pull-right ez-toc-btn ez-toc-btn-xs ez-toc-btn-default ez-toc-toggle\" aria-label=\"Alternar tabla de contenidos\"><span class=\"ez-toc-js-icon-con\"><span class=\"\"><span class=\"eztoc-hide\" style=\"display:none;\">Toggle<\/span><span class=\"ez-toc-icon-toggle-span\"><svg style=\"fill: #999;color:#999\" xmlns=\"http:\/\/www.w3.org\/2000\/svg\" class=\"list-377408\" width=\"20px\" height=\"20px\" viewBox=\"0 0 24 24\" fill=\"none\"><path d=\"M6 6H4v2h2V6zm14 0H8v2h12V6zM4 11h2v2H4v-2zm16 0H8v2h12v-2zM4 16h2v2H4v-2zm16 0H8v2h12v-2z\" fill=\"currentColor\"><\/path><\/svg><svg style=\"fill: #999;color:#999\" class=\"arrow-unsorted-368013\" xmlns=\"http:\/\/www.w3.org\/2000\/svg\" width=\"10px\" height=\"10px\" viewBox=\"0 0 24 24\" version=\"1.2\" baseProfile=\"tiny\"><path d=\"M18.2 9.3l-6.2-6.3-6.2 6.3c-.2.2-.3.4-.3.7s.1.5.3.7c.2.2.4.3.7.3h11c.3 0 .5-.1.7-.3.2-.2.3-.5.3-.7s-.1-.5-.3-.7zM5.8 14.7l6.2 6.3 6.2-6.3c.2-.2.3-.5.3-.7s-.1-.5-.3-.7c-.2-.2-.4-.3-.7-.3h-11c-.3 0-.5.1-.7.3-.2.2-.3.5-.3.7s.1.5.3.7z\"\/><\/svg><\/span><\/span><\/span><\/a><\/span><\/div>\n<nav><ul class='ez-toc-list ez-toc-list-level-1 eztoc-toggle-hide-by-default' ><li class='ez-toc-page-1 ez-toc-heading-level-2'><a class=\"ez-toc-link ez-toc-heading-1\" href=\"https:\/\/goroskop.tv\/sw\/den-astrologiska-anledningen-till-att-mandagar-ar\/#Den_astrologiska_anledningen_till_att_mandagar_ar\" >Den astrologiska anledningen till att m\u00e5ndagar \u00e4r<\/a><\/li><li class='ez-toc-page-1 ez-toc-heading-level-2'><a class=\"ez-toc-link ez-toc-heading-2\" href=\"https:\/\/goroskop.tv\/sw\/den-astrologiska-anledningen-till-att-mandagar-ar\/#Varfor_mandagar_ar_den_varsta_dagen_i_veckan_enligt_astrologin\" >Varf\u00f6r m\u00e5ndagar \u00e4r den v\u00e4rsta dagen i veckan, enligt astrologin.<\/a><ul class='ez-toc-list-level-3' ><li class='ez-toc-heading-level-3'><a class=\"ez-toc-link ez-toc-heading-3\" href=\"https:\/\/goroskop.tv\/sw\/den-astrologiska-anledningen-till-att-mandagar-ar\/#Ovriga_dagar_i_veckan_later_oss_pusha_skapa_bygga_och_reflektera\" >\u00d6vriga dagar i veckan l\u00e5ter oss pusha, skapa, bygga och reflektera.<\/a><\/li><\/ul><\/li><li class='ez-toc-page-1 ez-toc-heading-level-2'><a class=\"ez-toc-link ez-toc-heading-4\" href=\"https:\/\/goroskop.tv\/sw\/den-astrologiska-anledningen-till-att-mandagar-ar\/#Som_sagt_mandagar_kan_vara_den_perfekta_tiden_att_borja_nagot_nytt\" >Som sagt, m\u00e5ndagar kan vara den perfekta tiden att b\u00f6rja n\u00e5got nytt.<\/a><\/li><li class='ez-toc-page-1 ez-toc-heading-level-2'><a class=\"ez-toc-link ez-toc-heading-5\" href=\"https:\/\/goroskop.tv\/sw\/den-astrologiska-anledningen-till-att-mandagar-ar\/#Relaterade_berattelser_fran_YourTango\" >Relaterade ber\u00e4ttelser fr\u00e5n YourTango:<\/a><\/li><\/ul><\/nav><\/div>\n","protected":false},"excerpt":{"rendered":"<p>Den astrologiska anledningen till att m\u00e5ndagar \u00e4r Vissa dagar kan k\u00e4nnas l\u00e4ttare att hantera \u00e4n andra, och en sak som vi gemensamt kan komma \u00f6verens om \u00e4r att m\u00e5ndagar ofta \u00e4r veckans s\u00e4msta dag. \u00c4ven om det kan vara l\u00e4tt att skylla p\u00e5 slutet av helgen med en l\u00e5ng arbetsvecka framf\u00f6r dig, kan det enligt &hellip;<\/p>\n","protected":false},"author":1,"featured_media":17,"comment_status":"closed","ping_status":"closed","sticky":false,"template":"","format":"standard","meta":{"footnotes":""},"categories":[2],"tags":[254,10,716,48,8,11887],"class_list":["post-42793","post","type-post","status-publish","format-standard","has-post-thumbnail","hentry","category-horoskop","tag-anledningen","tag-ar","tag-astrologiska","tag-att","tag-den","tag-mandagar"],"_links":{"self":[{"href":"https:\/\/goroskop.tv\/sw\/wp-json\/wp\/v2\/posts\/42793","targetHints":{"allow":["GET"]}}],"collection":[{"href":"https:\/\/goroskop.tv\/sw\/wp-json\/wp\/v2\/posts"}],"about":[{"href":"https:\/\/goroskop.tv\/sw\/wp-json\/wp\/v2\/types\/post"}],"author":[{"embeddable":true,"href":"https:\/\/goroskop.tv\/sw\/wp-json\/wp\/v2\/users\/1"}],"replies":[{"embeddable":true,"href":"https:\/\/goroskop.tv\/sw\/wp-json\/wp\/v2\/comments?post=42793"}],"version-history":[{"count":0,"href":"https:\/\/goroskop.tv\/sw\/wp-json\/wp\/v2\/posts\/42793\/revisions"}],"wp:featuredmedia":[{"embeddable":true,"href":"https:\/\/goroskop.tv\/sw\/wp-json\/wp\/v2\/media\/17"}],"wp:attachment":[{"href":"https:\/\/goroskop.tv\/sw\/wp-json\/wp\/v2\/media?parent=42793"}],"wp:term":[{"taxonomy":"category","embeddable":true,"href":"https:\/\/goroskop.tv\/sw\/wp-json\/wp\/v2\/categories?post=42793"},{"taxonomy":"post_tag","embeddable":true,"href":"https:\/\/goroskop.tv\/sw\/wp-json\/wp\/v2\/tags?post=42793"}],"curies":[{"name":"wp","href":"https:\/\/api.w.org\/{rel}","templated":true}]}}