{"id":45196,"date":"2023-08-29T17:28:20","date_gmt":"2023-08-29T17:28:20","guid":{"rendered":"https:\/\/goroskop.tv\/sw\/ar-rokkvarts-en-fodelsesten-for\/"},"modified":"2023-08-29T17:28:20","modified_gmt":"2023-08-29T17:28:20","slug":"ar-rokkvarts-en-fodelsesten-for","status":"publish","type":"post","link":"https:\/\/goroskop.tv\/sw\/ar-rokkvarts-en-fodelsesten-for\/","title":{"rendered":"\u00c4r r\u00f6kkvarts en f\u00f6delsesten f\u00f6r"},"content":{"rendered":"<p><\/p>\n<h2><span class=\"ez-toc-section\" id=\"Ar_rokkvarts_en_junifodelsesten\"><\/span><span class=\"ez-toc-section\" id=\"%C2%BFEs_el_cuarzo_ahumado_una_piedra_natal_de_junio\"><\/span>  \u00c4r r\u00f6kkvarts en junif\u00f6delsesten?<span class=\"ez-toc-section-end\"><\/span><span class=\"ez-toc-section-end\"><\/span><\/h2>\n<p>Alexandrit och p\u00e4rla \u00e4r de tv\u00e5 f\u00f6delsestenarna f\u00f6r junif\u00f6delsedagar. <\/p>\n<p>  P\u00e5 grund av sin inneboende sk\u00f6nhet har p\u00e4rlor anv\u00e4nts i smycken i m\u00e5nga \u00e5r. <\/p>\n<p>  \u00c4delstenar gjorda av Alexandrit \u00e4r extremt s\u00e4llsynta och uppskattade eftersom de \u00e4ndrar f\u00e4rg beroende p\u00e5 belysningen.<\/p>\n<h2><span class=\"ez-toc-section\" id=\"Vilka_ar_de_tva_junifodelsestenarna\"><\/span><span class=\"ez-toc-section\" id=\"%C2%BFCuales_son_las_dos_piedras_de_nacimiento_de_junio\"><\/span><span id=\"ezoic-pub-ad-placeholder-144\" class=\"ezoic-adpicker-ad\"><\/span>Vilka \u00e4r de tv\u00e5 junif\u00f6delsestenarna?<span class=\"ez-toc-section-end\"><\/span><span class=\"ez-toc-section-end\"><\/span><\/h2>\n<p>Du har turen att ha tre f\u00f6delsestenar att kalla din egen om du \u00e4r f\u00f6dd i juni m\u00e5nad. <\/p>\n<p>  Endast tre m\u00e5nader, juni, augusti och december har vardera tre f\u00f6delsestenar, vilket ger dig ett brett urval av dyrbara f\u00f6delsestenar att v\u00e4lja mellan.<\/p>\n<p>Moonstone, Alexandrite och Pearl \u00e4r f\u00f6delsestenarna f\u00f6r juni. <\/p>\n<p>  P\u00e5 grund av de olika f\u00e4rger och prisklasser som dessa \u00e4delstenar erbjuder, kan personer med junif\u00f6delsedagar hitta en f\u00f6delsesten som passar deras hum\u00f6r eller budget.<\/p>\n<h2><span class=\"ez-toc-section\" id=\"Vilken_nyans_ar_junifodelsestenen\"><\/span><span class=\"ez-toc-section\" id=\"%C2%BFDe_que_tono_es_la_piedra_natal_de_junio\"><\/span><span id=\"ezoic-pub-ad-placeholder-145\" class=\"ezoic-adpicker-ad\"><\/span>Vilken nyans \u00e4r junif\u00f6delsestenen?<span class=\"ez-toc-section-end\"><\/span><span class=\"ez-toc-section-end\"><\/span><\/h2>\n<p>Alexandrite med p\u00e4rla f\u00f6r juni Junis f\u00f6delsestenar \u00e4r lika utm\u00e4rkande som de kommer eftersom hon har tv\u00e5, Pearl och Alexandrite, som sina f\u00f6delsestenar. <\/p>\n<p>  Alexandrit \u00e4r otroligt s\u00e4llsynt och kan \u00abskifta f\u00e4rg\u00bb, verkar gr\u00f6nt i naturligt ljus och \u00e4ndrar en lila-r\u00f6d nyans i gl\u00f6dande eller artificiellt ljus.<\/p>\n<h2><span class=\"ez-toc-section\" id=\"Varfor_finns_det_tre_fodelsestenar_for_juni\"><\/span><span class=\"ez-toc-section\" id=\"%C2%BFPor_que_hay_tres_piedras_de_nacimiento_para_junio\"><\/span><span id=\"ezoic-pub-ad-placeholder-146\" class=\"ezoic-adpicker-ad\"><\/span><span class=\"ezoic-ad ezoic-at-0 large-leaderboard-2 large-leaderboard-2146 adtester-container adtester-container-146\" data-ez-name=\"hiszodiac_com-large-leaderboard-2\"><span id=\"div-gpt-ad-hiszodiac_com-large-leaderboard-2-0\" ezaw=\"728\" ezah=\"90\" style=\"position:relative;z-index:0;display:inline-block;padding:0;width:100%;max-width:1200px;margin-left:auto!important;margin-right:auto!important;min-height:90px;min-width:728px\" class=\"ezoic-ad\"><\/span><\/span>Varf\u00f6r finns det tre f\u00f6delsestenar f\u00f6r juni?<span class=\"ez-toc-section-end\"><\/span><span class=\"ez-toc-section-end\"><\/span><\/h2>\n<p>Varf\u00f6r finns det tre f\u00f6delsestenar f\u00f6r juni?  Vissa m\u00e5nader har mer \u00e4n en f\u00f6delsesten eftersom olika historiska stenar har blivit extremt s\u00e4llsynta, vilket g\u00f6r dem mindre ben\u00e4gna att s\u00e4ljas p\u00e5 marknaden och m\u00f6ta konsumenternas efterfr\u00e5gan.<\/p>\n<h2><span class=\"ez-toc-section\" id=\"Vilken_fodelsesten_faller_under_maj_och_juni\"><\/span><span class=\"ez-toc-section\" id=\"%C2%BFQue_piedra_de_nacimiento_cae_debajo_de_mayo_y_junio\"><\/span><span id=\"ezoic-pub-ad-placeholder-147\" class=\"ezoic-adpicker-ad\"><\/span><span class=\"ezoic-ad ezoic-at-0 leader-1 leader-1147 adtester-container adtester-container-147\" data-ez-name=\"hiszodiac_com-leader-1\"><span id=\"div-gpt-ad-hiszodiac_com-leader-1-0\" ezaw=\"250\" ezah=\"250\" style=\"position:relative;z-index:0;display:inline-block;padding:0;width:100%;max-width:1200px;margin-left:auto!important;margin-right:auto!important;min-height:90px;min-width:728px\" class=\"ezoic-ad\"><\/span><\/span>Vilken f\u00f6delsesten faller under maj och juni?<span class=\"ez-toc-section-end\"><\/span><span class=\"ez-toc-section-end\"><\/span><\/h2>\n<p>Vilka stenar representerar f\u00f6delsen av varje m\u00e5nad?  Granat, ametist, akvamarin, diamant, smaragd, alexandrit, rubin, peridot, safir, turmalin, topas och bl\u00e5 topas \u00e4r de \u00e4delstenar som f\u00f6rknippas med m\u00e5naderna januari till december. <\/p>\n<p>  L\u00e4r dig mer om dessa v\u00e4lk\u00e4nda \u00e4delstenar.<\/p>\n<h2><span class=\"ez-toc-section\" id=\"Vad_ar_Tvillingarnas_fodelsesten\"><\/span><span class=\"ez-toc-section\" id=\"%C2%BFCual_es_la_piedra_de_nacimiento_de_Geminis\"><\/span><span id=\"ezoic-pub-ad-placeholder-148\" class=\"ezoic-adpicker-ad\"><\/span><span class=\"ezoic-ad ezoic-at-0 leader-3 leader-3148 adtester-container adtester-container-148\" data-ez-name=\"hiszodiac_com-leader-3\"><span id=\"div-gpt-ad-hiszodiac_com-leader-3-0\" ezaw=\"250\" ezah=\"250\" style=\"position:relative;z-index:0;display:inline-block;padding:0;width:100%;max-width:1200px;margin-left:auto!important;margin-right:auto!important;min-height:90px;min-width:728px\" class=\"ezoic-ad\"><\/span><\/span>Vad \u00e4r Tvillingarnas f\u00f6delsesten?<span class=\"ez-toc-section-end\"><\/span><span class=\"ez-toc-section-end\"><\/span><\/h2>\n<p>Tvillingens f\u00f6delsestensf\u00e4rg representerar renhet och lindrar \u00e5ngest. <\/p>\n<p>  Klar ametist \u00e4r f\u00f6delsestensf\u00e4rgen f\u00f6r alla som \u00e4r f\u00f6dda i juni eller under tvillingarnas stj\u00e4rntecken.<\/p>\n<h2><span class=\"ez-toc-section\" id=\"Svart_fodelsesten_for_juni\"><\/span><span class=\"ez-toc-section\" id=\"Piedra_de_nacimiento_negra_para_junio\"><\/span><span id=\"ezoic-pub-ad-placeholder-153\" class=\"ezoic-adpicker-ad\"><\/span><span class=\"ezoic-ad ezoic-at-0 large-mobile-banner-1 large-mobile-banner-1153 adtester-container adtester-container-153\" data-ez-name=\"hiszodiac_com-large-mobile-banner-1\"><span id=\"div-gpt-ad-hiszodiac_com-large-mobile-banner-1-0\" ezaw=\"250\" ezah=\"250\" style=\"position:relative;z-index:0;display:inline-block;padding:0;width:100%;max-width:1200px;margin-left:auto!important;margin-right:auto!important;min-height:90px;min-width:728px\" class=\"ezoic-ad\"><\/span><\/span>Svart f\u00f6delsesten f\u00f6r juni?<span class=\"ez-toc-section-end\"><\/span><span class=\"ez-toc-section-end\"><\/span><\/h2>\n<p>Medan vitt \u00e4r den mest igenk\u00e4nnliga och popul\u00e4ra f\u00f6delsestenen f\u00f6r juni, finns p\u00e4rlor ocks\u00e5 naturligt i ett brett utbud av iriserande nyanser, inklusive guld, rosa, svart, gr\u00f6nt, bl\u00e5tt, brunt och gr\u00e5tt.<\/p>\n<h2><span class=\"ez-toc-section\" id=\"Vilken_ton_representerar_juni\"><\/span><span class=\"ez-toc-section\" id=\"%C2%BFQue_tono_representa_junio\"><\/span><span id=\"ezoic-pub-ad-placeholder-154\" class=\"ezoic-adpicker-ad\"><\/span><span class=\"ezoic-ad ezoic-at-0 narrow-sky-1 narrow-sky-1154 adtester-container adtester-container-154\" data-ez-name=\"hiszodiac_com-narrow-sky-1\"><span id=\"div-gpt-ad-hiszodiac_com-narrow-sky-1-0\" ezaw=\"300\" ezah=\"250\" style=\"position:relative;z-index:0;display:inline-block;padding:0;min-height:250px;min-width:300px\" class=\"ezoic-ad\"><\/span><\/span>Vilken ton representerar juni?<span class=\"ez-toc-section-end\"><\/span><span class=\"ez-toc-section-end\"><\/span><\/h2>\n<p>De officiella f\u00e4rgerna f\u00f6r juni \u00e4r ljuslila, vit och kr\u00e4mf\u00e4rgad. <\/p>\n<p>  Tre f\u00e4rger, som var och en har en ljusare och vackrare nyans, anv\u00e4nds f\u00f6r att symbolisera juni m\u00e5nad. <\/p>\n<p>  Vitt \u00e4r renhetens f\u00e4rg, gr\u00e4dde \u00e4r fredens f\u00e4rg och ljuslila \u00e4r f\u00f6rknippat med lyx och monarki. <\/p>\n<p>  Ordet juni, som betecknar \u00e5rets sj\u00e4tte m\u00e5nad, kommer fr\u00e5n den romerska skyddsgudinnan som kallas Juno. <\/p>\n<p>  Juni \u00e4r en motiverande m\u00e5nad med ett starkt m\u00e5l. <\/p>\n<p>  Att anv\u00e4nda junis f\u00e4rger tar bort negativitet fr\u00e5n ditt hem och uppmuntrar till en glad atmosf\u00e4r vart du \u00e4n g\u00e5r. <\/p>\n<p>  Enligt f\u00e4rgpsykologi har f\u00e4rger en betydande inverkan p\u00e5 v\u00e5rt hum\u00f6r och dagliga liv. <\/p>\n<p>  Egentligen p\u00e5verkar f\u00e4rger ocks\u00e5 v\u00e5rt beteende.<\/p>\n<p>Junis dominerande f\u00e4rg \u00e4r ljuslila. <\/p>\n<p>  Ljuslila, gr\u00e4dde och vitt \u00e4r junis tre f\u00e4rger. <\/p>\n<p>  M\u00e5nga m\u00e4nniskor tror starkt p\u00e5 horoskop och f\u00e4rgologi, och varje m\u00e5nad dekorerar de sina hem med m\u00e5nadens f\u00e4rg. <\/p>\n<p>  Du beh\u00f6ver inte ha en nyans av juni i hela utrymmet;  en liten m\u00e4ngd ljuslila eller vit skulle r\u00e4cka. <\/p>\n<p>  Du kan justera sm\u00e5 dekorativa element eller visa delar till en ljuslila utan att \u00e4ndra f\u00e4rgen p\u00e5 v\u00e4ggarna. <\/p>\n<p>  S\u00e4ngkl\u00e4der \u00e4r ett av de enklaste s\u00e4tten att f\u00e5 in junis f\u00e4rg i sovrummet. <\/p>\n<p>  Utan tvekan byter du ofta ut dina s\u00e4ngkl\u00e4der. <\/p>\n<p>  Vita kuddar och ett ljuslila \u00f6verkast b\u00f6r l\u00e4ggas till i utrymmet. <\/p>\n<p>  Du kommer att \u00e4lska det h\u00e4r f\u00e4rgschemat!<\/p>\n<h2><span class=\"ez-toc-section\" id=\"Vilken_farg_har_junifodelsestenen\"><\/span><span class=\"ez-toc-section\" id=\"%C2%BFDe_que_color_es_la_piedra_de_nacimiento_de_junio\"><\/span><span id=\"ezoic-pub-ad-placeholder-155\" class=\"ezoic-adpicker-ad\"><\/span><span class=\"ezoic-ad ezoic-at-0 leader-2 leader-2155 adtester-container adtester-container-155\" data-ez-name=\"hiszodiac_com-leader-2\"><span id=\"div-gpt-ad-hiszodiac_com-leader-2-0\" ezaw=\"250\" ezah=\"250\" style=\"position:relative;z-index:0;display:inline-block;padding:0;width:100%;max-width:1200px;margin-left:auto!important;margin-right:auto!important;min-height:90px;min-width:728px\" class=\"ezoic-ad\"><\/span><\/span>Vilken f\u00e4rg har junif\u00f6delsestenen?<span class=\"ez-toc-section-end\"><\/span><span class=\"ez-toc-section-end\"><\/span><\/h2>\n<p>P\u00e4rlor \u00e4r biologiska, till skillnad fr\u00e5n de flesta \u00e4delstenar som uppt\u00e4ckts p\u00e5 jorden. <\/p>\n<p>  Enkelt uttryckt trivs de inom specifika varianter av ostron- och musselskal. <\/p>\n<p>  Vissa p\u00e4rlor finns naturligt i bl\u00f6tdjur som lever i s\u00f6t- eller saltvatten, till exempel floder. <\/p>\n<p>  Idag odlas ett stort antal p\u00e4rlor p\u00e5 ostronb\u00e4ddar, vilket st\u00f6der en robust p\u00e4rlverksamhet. <\/p>\n<p>  Aragonit, ett m\u00e5ttligt mjukt karbonatmineral (CaCO3) som ocks\u00e5 bildar skal p\u00e5 bl\u00f6tdjur, \u00e4r huvudkomponenten i p\u00e4rlor.<\/p>\n<p>N\u00e4r en liten stenbit, ett sandkorn eller en parasit kommer in i skalet p\u00e5 bl\u00f6tdjuret skapas en p\u00e4rla. <\/p>\n<p>  Ostronet eller musslan reagerar genom att t\u00e4cka det fr\u00e4mmande \u00e4mnet med p\u00e5 varandra f\u00f6ljande lager av skalmaterial eftersom det st\u00f6r dem. <\/p>\n<p>  De flesta av p\u00e4rlorna som bildas inuti skalet \u00e4r krokiga till formen och har lite kommersiellt v\u00e4rde. <\/p>\n<p>  De sf\u00e4riska eller p\u00e4ronformade, som har sitt ursprung i bl\u00f6tdjursv\u00e4vnaden, \u00e4r mycket eftertraktade f\u00f6r smycken.<\/p>\n<h3><span class=\"ez-toc-section\" id=\"Parlor_finns_i_olika_farger\"><\/span><span class=\"ez-toc-section\" id=\"Las_perlas_vienen_en_varios_colores\"><\/span><span id=\"ezoic-pub-ad-placeholder-149\" class=\"ezoic-adpicker-ad\"><\/span><span class=\"ezoic-ad ezoic-at-0 large-mobile-banner-2 large-mobile-banner-2149 adtester-container adtester-container-149\" data-ez-name=\"hiszodiac_com-large-mobile-banner-2\"><span id=\"div-gpt-ad-hiszodiac_com-large-mobile-banner-2-0\" ezaw=\"468\" ezah=\"60\" style=\"position:relative;z-index:0;display:inline-block;padding:0;width:100%;max-width:1200px;margin-left:auto!important;margin-right:auto!important;min-height:90px;min-width:728px\" class=\"ezoic-ad\"><\/span><\/span>P\u00e4rlor finns i olika f\u00e4rger.<span class=\"ez-toc-section-end\"><\/span><span class=\"ez-toc-section-end\"><\/span><\/h3>\n<p>En av de dyraste \u00e4delstenarna, p\u00e4rlor \u00e4r uppskattade f\u00f6r sin utpr\u00e4glade delikata genomskinlighet och lyster. <\/p>\n<p>  Den typ av bl\u00f6tdjur som gjorde p\u00e4rlan och dess milj\u00f6 p\u00e5verkar p\u00e4rlans f\u00e4rg. <\/p>\n<p>  Generellt sett \u00e4r vita p\u00e4rlor den mest popul\u00e4ra och v\u00e4lk\u00e4nda f\u00e4rgen. <\/p>\n<p>  Men p\u00e4rlor finns ocks\u00e5 i k\u00e4nsliga nyanser av lila, bl\u00e5tt, gult, lavendel, gr\u00f6nt, gr\u00e4dde och gr\u00e5tt. <\/p>\n<p>  Vattnet runt flera \u00f6ar i Stilla havet och Mexikanska golfen inneh\u00e5ller svarta p\u00e4rlor. <\/p>\n<p>  De vackra kr\u00e4mf\u00e4rgade p\u00e4rlorna som kallas orientaler \u00e4r v\u00e4lk\u00e4nda i Persiska viken och Sri Lanka. <\/p>\n<p>  Vattnet runt den indonesiska \u00f6n Celebes, Kaliforniens golf och Mexikos Stillahavskust \u00e4r ytterligare platser f\u00f6r naturliga havsvattenp\u00e4rlor. <\/p>\n<p>  S\u00f6tvattensmusslor som kan producera p\u00e4rlor finns i Mississippifloden och skogsstr\u00f6mmar i Bayern, Tyskland.<\/p>\n<h3><span class=\"ez-toc-section\" id=\"Vackra_odlade_parlor_ar_ocksa_populara\"><\/span><span class=\"ez-toc-section\" id=\"Tambien_son_populares_las_hermosas_perlas_cultivadas\"><\/span><span id=\"ezoic-pub-ad-placeholder-150\" class=\"ezoic-adpicker-ad\"><\/span><span class=\"ezoic-ad ezoic-at-0 narrow-sky-2 narrow-sky-2150 adtester-container adtester-container-150\" data-ez-name=\"hiszodiac_com-narrow-sky-2\"><span id=\"div-gpt-ad-hiszodiac_com-narrow-sky-2-0\" ezaw=\"250\" ezah=\"250\" style=\"position:relative;z-index:0;display:inline-block;padding:0;width:100%;max-width:1200px;margin-left:auto!important;margin-right:auto!important;min-height:90px;min-width:728px\" class=\"ezoic-ad\"><\/span><\/span>Vackra odlade p\u00e4rlor \u00e4r ocks\u00e5 popul\u00e4ra.<span class=\"ez-toc-section-end\"><\/span><span class=\"ez-toc-section-end\"><\/span><\/h3>\n<p>Odlade p\u00e4rlor \u00e4r mycket uppskattade i Japan. <\/p>\n<p>  Alla som \u00e4r bekanta med smycken har ocks\u00e5 h\u00f6rt talas om Mikimoto-p\u00e4rlor, som \u00e4r uppkallade efter Kokichi Mikimoto, som grundade verksamheten. <\/p>\n<p>  De stora ostronb\u00e4ddarna i japanska vatten \u00e4r d\u00e4r odlade p\u00e4rlor frodas. <\/p>\n<p>  Den k\u00f6ttiga delen av 2- till 3-\u00e5riga ostron uts\u00e4tts f\u00f6r ett \u00abirriterande \u00e4mne, s\u00e5som ett litet fragment av p\u00e4rlemor. <\/p>\n<p>  Ostron f\u00f6ds sedan upp i 7 till 9 \u00e5r i n\u00e4tp\u00e5sar neds\u00e4nkta i vatten innan de sk\u00f6rdas f\u00f6r sina p\u00e4rlor. <\/p>\n<p>  Ekvatorial\u00f6arna i Stilla havet och Australien har en p\u00e4rlodlingsindustri f\u00f6rutom Japan.<\/p>\n<h3><span class=\"ez-toc-section\" id=\"kanda_parlor\"><\/span><span class=\"ez-toc-section\" id=\"perlas_famosas\"><\/span><span id=\"ezoic-pub-ad-placeholder-151\" class=\"ezoic-adpicker-ad\"><\/span><span class=\"ezoic-ad ezoic-at-0 leader-4 leader-4151 adtester-container adtester-container-151\" data-ez-name=\"hiszodiac_com-leader-4\"><span id=\"div-gpt-ad-hiszodiac_com-leader-4-0\" ezaw=\"250\" ezah=\"250\" style=\"position:relative;z-index:0;display:inline-block;padding:0;width:100%;max-width:1200px;margin-left:auto!important;margin-right:auto!important;min-height:90px;min-width:728px\" class=\"ezoic-ad\"><\/span><\/span>k\u00e4nda p\u00e4rlor<span class=\"ez-toc-section-end\"><\/span><span class=\"ez-toc-section-end\"><\/span><\/h3>\n<p>Enligt uppskattningar \u00e4r v\u00e4rldens st\u00f6rsta p\u00e4rla cirka 3 tum l\u00e5ng, 2 tum bred och v\u00e4ger cirka 1\/3 pund (0,13 kg). <\/p>\n<p>  Shah Jahan fr\u00e5n Indien gav den till Mumtaz, hans favoritfru, till vars \u00e4ra han hade byggt Taj Mahal. <\/p>\n<p>  Det var k\u00e4nt som Asiens p\u00e4rla.<\/p>\n<p>M\u00e5nga experter tror att La Peregrina (vandraren) \u00e4r den mest imponerande p\u00e4rlan. <\/p>\n<p>  P\u00e5 1500-talet skulle en slav ha uppt\u00e4ckt det i Panama och \u00f6verl\u00e4mnat det i utbyte mot sin frihet. <\/p>\n<p>  Den koloniala h\u00e4rskaren i omr\u00e5det gav p\u00e4rlan till kung Filip II av Spanien 1570. <\/p>\n<p>Denna vita p\u00e4rla \u00e4r 1 1\/2 tum l\u00e5ng och \u00e4r p\u00e4ronformad. <\/p>\n<p>  Den h\u00e4nger i en platinainst\u00e4llning med diamanter. <\/p>\n<p>  Mary I av England fick p\u00e4rlan innan den levererades till prins Louis Napoleon av Frankrike. <\/p>\n<p>  Den brittiska Marquess of Abercorn k\u00f6pte den av honom och hans familj beh\u00f6ll den till 1969, d\u00e5 han auktionerade ut den p\u00e5 Sotheby&#8217;s. <\/p>\n<p>  Till slut k\u00f6ptes f\u00f6rem\u00e5let till Elizabeth Taylor av sk\u00e5despelaren Richard Burton.<\/p>\n<h3><span class=\"ez-toc-section\" id=\"parlkunskap\"><\/span><span class=\"ez-toc-section\" id=\"Conocimiento_de_la_perla\"><\/span><span id=\"ezoic-pub-ad-placeholder-152\" class=\"ezoic-adpicker-ad\"><\/span><span class=\"ezoic-ad ezoic-at-0 mobile-leaderboard-2 mobile-leaderboard-2152 adtester-container adtester-container-152\" data-ez-name=\"hiszodiac_com-mobile-leaderboard-2\"><span id=\"div-gpt-ad-hiszodiac_com-mobile-leaderboard-2-0\" ezaw=\"336\" ezah=\"280\" style=\"position:relative;z-index:0;display:inline-block;padding:0;width:100%;max-width:1200px;margin-left:auto!important;margin-right:auto!important;min-height:280px;min-width:336px\" class=\"ezoic-ad\"><\/span><\/span>p\u00e4rlkunskap<span class=\"ez-toc-section-end\"><\/span><span class=\"ez-toc-section-end\"><\/span><\/h3>\n<p>I sydasiatisk tradition skapades p\u00e4rlor n\u00e4r daggdroppar fr\u00e5n himlen f\u00f6ll i havet. <\/p>\n<p>  N\u00e4r m\u00e5nen var full f\u00e5ngades de f\u00f6r skaldjur d\u00e5 solen knappt gick upp. <\/p>\n<p>  F\u00f6r att representera sm\u00e4rtan och sorgen som f\u00f6rmedlas av ett sv\u00e4rd, prydde indiska soldater sina sv\u00e4rd med p\u00e4rlor.<\/p>\n<p>Fram till 1600-talet anv\u00e4ndes p\u00e4rlor ocks\u00e5 allm\u00e4nt som medicin i hela Europa. <\/p>\n<p>  Araber och perser trodde att det var en behandling f\u00f6r olika sjukdomar, inklusive galenskap. <\/p>\n<p>  I Kina, d\u00e4r de ans\u00e5gs vara symboler f\u00f6r rikedom, makt och livsl\u00e4ngd, anv\u00e4ndes p\u00e4rlor ocks\u00e5 som medicin redan 2000 f.Kr. <\/p>\n<p>c. <\/p>\n<p>P\u00e4rlor av l\u00e5g kvalitet krossas fortfarande och anv\u00e4nds som medicin i Asien idag.<\/p>\n<h3><span class=\"ez-toc-section\" id=\"Annu_en_fodelsesten_i_juni_Manstenen\"><\/span><span class=\"ez-toc-section\" id=\"Otra_piedra_natal_de_junio_la_piedra_lunar\"><\/span>\u00c4nnu en f\u00f6delsesten i juni: M\u00e5nstenen<span class=\"ez-toc-section-end\"><\/span><span class=\"ez-toc-section-end\"><\/span><\/h3>\n<p>Moonstone \u00e4r den andra f\u00f6delsestenen f\u00f6r juni. <\/p>\n<p>  De bl\u00e5vita fl\u00e4ckarna i m\u00e5nstenarna tros ha gett dem deras namn. <\/p>\n<p>  Som ett resultat, n\u00e4r de uts\u00e4tts f\u00f6r ljus, avger de en silverf\u00e4rgad dans av f\u00e4rg som liknar m\u00e5nsken. <\/p>\n<p>  N\u00e4r stenen sv\u00e4nger, f\u00e4rdas de skimrande silverstr\u00e5larna som m\u00e5nstr\u00e5lar som dansar \u00f6ver vattnet.<\/p>\n<p>F\u00e4ltspatfamiljen av mineraler, en viktig klass av silikatmineraler som ofta f\u00f6rekommer i bergarter, inkluderar m\u00e5nsten. <\/p>\n<p>  F\u00e4ltspat utg\u00f6r ungef\u00e4r h\u00e4lften av jordskorpan. <\/p>\n<p>  F\u00f6rutom att vara n\u00e4rvarande i m\u00e5nga magmatiska och metamorfa bergarter, utg\u00f6r detta mineral en viktig del av marina jordar och leror.<\/p>\n<p>F\u00e4ltspats\u00e4delvarianter som m\u00e5nsten, labradorit, amazonit och solsten \u00e4r resultatet av ovanliga geologiska omst\u00e4ndigheter. <\/p>\n<p>  De framst\u00e5r som enorma of\u00e4rgade mineralkorn och finns i djupa jordskorpan och pegmatiter, som \u00e4r grovkorniga magmatiska bergarter. <\/p>\n<p>  Mineralaluminatsilikater med aluminium, kisel och syre som kombineras med natrium och kalium \u00e4r det som bildar f\u00e4ltspat av \u00e4delstenskvalitet. <\/p>\n<p>  Sri Lanka producerar de b\u00e4sta m\u00e5nstenarna. <\/p>\n<p>  Dessutom kan de hittas i Indien, Madagaskar, Myanmar (Burma) och Alperna.<\/p>\n<h3><span class=\"ez-toc-section\" id=\"Manstenslaror\"><\/span><span class=\"ez-toc-section\" id=\"Tradicion_de_la_piedra_lunar\"><\/span>M\u00e5nstensl\u00e4ror<span class=\"ez-toc-section-end\"><\/span><span class=\"ez-toc-section-end\"><\/span><\/h3>\n<p>Man trodde fram till 1500-talet att m\u00e5nstenens utseende f\u00f6r\u00e4ndrades med m\u00e5nens faser, enligt den antika romerske naturforskaren Plinius. <\/p>\n<p>  Bilden av m\u00e5ngudinnan Diana var f\u00f6rmodligen inrymd i stenen, enligt de gamla romarna. <\/p>\n<p>  M\u00e4nniskor som bar m\u00e5nsten sades uppleva seger, god h\u00e4lsa och kunskap.<\/p>\n<p>I Indien anses m\u00e5nsten vara en helig sten och visas ofta p\u00e5 en gul duk, eftersom gul anses vara en helig f\u00e4rg. <\/p>\n<p>  Anden som bor i stenen tros vara ansvarig f\u00f6r stenens lyckobringande egenskaper.<\/p>\n<h3><span class=\"ez-toc-section\" id=\"Eller_valj_alexandrit_som_din_fodelsesten_i_juni\"><\/span><span class=\"ez-toc-section\" id=\"O_seleccione_alejandrita_como_su_piedra_de_nacimiento_de_junio\"><\/span>Eller v\u00e4lj alexandrit som din f\u00f6delsesten i juni.<span class=\"ez-toc-section-end\"><\/span><span class=\"ez-toc-section-end\"><\/span><\/h3>\n<p>Alexandrit \u00e4r den tredje f\u00f6delsestenen f\u00f6r juni. <\/p>\n<p>  Alexandrite har ett charmigt, kameleontliknande temperament. <\/p>\n<p>  Den har en vacker gr\u00f6n nyans i dagsljus, ibland med en bl\u00e5aktig eller brun nyans. <\/p>\n<p>  Stenen \u00e4ndrar dock f\u00e4rg till en r\u00f6dlila eller lila under artificiell belysning.<\/p>\n<p>Mineralet berylliumaluminiumoxid, \u00e4ven k\u00e4nt som alexandrit, \u00e4r en medlem av krysoberylfamiljen och best\u00e5r av grund\u00e4mnena beryllium, aluminium och syre (BeAl2O4). <\/p>\n<p>  De enda h\u00e5rdare mineralerna \u00e4r korund och diamanter (safirer och rubiner). <\/p>\n<p>  N\u00e4rvaron av krom i alexandrit \u00e4r det som ger stenen dess unika nyanser. <\/p>\n<p>  Chrysoberyl visar sig kristallisera i pegmatiter, som \u00e4r berylliumrika, mycket grovkorniga magmatiska bergarter som bildats av magma. <\/p>\n<p>  De kan ocks\u00e5 hittas i alluvialavlagringar, som \u00e4r pegmatiter som har vittrat ut och inneh\u00e5ller \u00e4delstenar och som b\u00e4rs av floder och b\u00e4ckar.<\/p>\n<h3><span class=\"ez-toc-section\" id=\"Alexandrit_ar_sallsynt_och_dyrt\"><\/span><span class=\"ez-toc-section\" id=\"Alejandrita_es_rara_y_costosa\"><\/span>Alexandrit \u00e4r s\u00e4llsynt och dyrt.<span class=\"ez-toc-section-end\"><\/span><span class=\"ez-toc-section-end\"><\/span><\/h3>\n<p>Eftersom det \u00e4r en s\u00e4llsynt sten \u00e4r alexandrit ganska dyrt. <\/p>\n<p>  Idag kommer det mesta av alexandrit fr\u00e5n Sri Lanka, men det har \u00e4ven uppt\u00e4ckts i Brasilien, Madagaskar, Zimbabwe, Tanzania och Myanmar (Burma). <\/p>\n<p>  Samtidigt har en syntetisk alexandrit skapats som liknar en r\u00f6dlila ametist med en ton av gr\u00f6nt. <\/p>\n<p>  Naturlig och artificiell belysning g\u00f6r inte att f\u00e4rgerna p\u00e5 konstgjorda stenar f\u00f6r\u00e4ndras. <\/p>\n<p>  Dessutom har konstgjorda stenar bara sett sporadisk framg\u00e5ng p\u00e5 den amerikanska marknaden.<\/p>\n<h3><span class=\"ez-toc-section\" id=\"Juni_Alexandrite_Birthstone_historia\"><\/span><span class=\"ez-toc-section\" id=\"Historia_de_la_piedra_natal_de_junio_alejandrita\"><\/span>Juni Alexandrite Birthstone historia<span class=\"ez-toc-section-end\"><\/span><span class=\"ez-toc-section-end\"><\/span><\/h3>\n<p>Prins Alexander av Ryssland, som eftertr\u00e4dde tsar Alexander II 1855, \u00e4r hedrad med epitetet \u00abAlexandrite\u00bb. <\/p>\n<p>  I en smaragdgruva i Uralbergen i Ryssland uppt\u00e4cktes alexandrit 1839 p\u00e5 prinsens f\u00f6delsedag.<\/p>\n<p>Det har inte funnits mycket tid f\u00f6r myter och vidskepelser att utvecklas kring denna extraordin\u00e4ra sten p\u00e5 grund av hur nyligen den uppt\u00e4cktes. <\/p>\n<p>  Eftersom den \u00e5terspeglade den ryska flaggans gr\u00f6na och r\u00f6da f\u00e4rger och ans\u00e5gs ge lycka, var stenen ocks\u00e5 mycket uppskattad i Ryssland.<\/p>\n<h2><span class=\"ez-toc-section\" id=\"Vad_betyder_en_fodelsesten_for_juni\"><\/span><span class=\"ez-toc-section\" id=\"%C2%BFQue_significa_una_piedra_de_nacimiento_para_junio\"><\/span><span id=\"ezoic-pub-ad-placeholder-156\" class=\"ezoic-adpicker-ad\"><\/span><span class=\"ezoic-ad ezoic-at-0 mobile-leaderboard-1 mobile-leaderboard-1156 adtester-container adtester-container-156\" data-ez-name=\"hiszodiac_com-mobile-leaderboard-1\"><span id=\"div-gpt-ad-hiszodiac_com-mobile-leaderboard-1-0\" ezaw=\"336\" ezah=\"280\" style=\"position:relative;z-index:0;display:inline-block;padding:0;width:100%;max-width:1200px;margin-left:auto!important;margin-right:auto!important;min-height:280px;min-width:336px\" class=\"ezoic-ad\"><\/span><\/span>Vad betyder en f\u00f6delsesten f\u00f6r juni?<span class=\"ez-toc-section-end\"><\/span><span class=\"ez-toc-section-end\"><\/span><\/h2>\n<p>P\u00e4rlan \u00e4r f\u00f6delsestenen f\u00f6r juni enligt astrologer. <\/p>\n<p>  Dessutom h\u00e4vdar de att stenen \u00e4r i harmoni med Tvillingarnas stj\u00e4rntecknet. <\/p>\n<p>  M\u00e4nniskor har l\u00e4nge haft tanken att p\u00e4rlor erbjuder lugn, k\u00e4rlek, tur och kunskap.<\/p>\n<p>Dess vita f\u00e4rg \u00e4r kopplad till renhet och ljushet. <\/p>\n<p>  Birdstone p\u00e4rlan \u00e4r d\u00e4rf\u00f6r en symbol f\u00f6r renhet och uppriktighet. <\/p>\n<p>  Att b\u00e4ra den som din f\u00f6delsesten tros ge k\u00e4rlek och tur till nya b\u00f6rjan i livet, som \u00e4ktenskap, flytt och bebisar.<\/p>\n<p>Vi hoppas att du gillade v\u00e5r artikel \u00c4r r\u00f6kkvarts en f\u00f6delsesten f\u00f6r juni? och allt relaterat till horoskop, tarot, ritualer och allt relaterat.<\/p>\n<figure class=\"wp-block-table is-style-regular\">\n<\/figure>\n<p>Intressanta saker att veta inneb\u00f6rden: Tarot  <\/p>\n<p>\u00c4ven h\u00e4r l\u00e4mnar vi \u00e4mnen relaterade till: Tarot<\/p>\n<\/p>\n<p><\/p>\n<p>Vi hoppas att du gillade v\u00e5r artikel \u00c4r r\u00f6kkvarts en f\u00f6delsesten f\u00f6r<br \/>\n och allt om horoskop, tarot, ritualer och allt relaterat till det &#8230;<\/p>\n<figure class=\"wp-block-table is-style-regular\">\n<table style=\"width: 284px; height: 157px;\">\n<tbody>\n<tr>\n<td class=\"has-text-align-center\" data-align=\"center\"><img loading=\"lazy\" decoding=\"async\" class=\"alignleft\" src=\" https:\/\/goroskop.tv\/wp-content\/uploads\/2023\/05\/tarot1.jpg \" alt=\" \u00c4r r\u00f6kkvarts en f\u00f6delsesten f\u00f6r\n \" width=\"65\" height=\"95\" title=\"\"><img loading=\"lazy\" decoding=\"async\" class=\"alignleft\" style=\"width: 60px;\" src=\" https:\/\/goroskop.tv\/wp-content\/uploads\/2023\/05\/tarot2.jpg \" alt=\" \u00c4r r\u00f6kkvarts en f\u00f6delsesten f\u00f6r\n \" width=\"195\" height=\"300\" title=\"\"><img decoding=\"async\" class=\"alignleft\" style=\"width: 60px;\" src=\" https:\/\/goroskop.tv\/wp-content\/uploads\/2023\/05\/tarot3.jpg \" alt=\" \u00c4r r\u00f6kkvarts en f\u00f6delsesten f\u00f6r\n \" title=\"\"><\/td>\n<\/tr>\n<\/tbody>\n<\/table>\n<\/figure>\n<p>Intressanta saker att veta inneb\u00f6rden: <a href=\"https:\/\/sv.wikipedia.org\/wiki\/Tarot\" target=\"_blank\" rel=\"nofollow noopener\"> Tarot <\/a> <\/p>\n<p>H\u00e4r l\u00e4mnar vi ocks\u00e5 \u00e4mnen relaterade till: <a href=\" https:\/\/goroskop.tv\/sw\/kommer-leo-och-skorpionen-overens-som-vanner\/\">Tarot<\/a><\/p>\n<div id=\"ez-toc-container\" class=\"ez-toc-v2_0_82_2 ez-toc-wrap-center counter-hierarchy ez-toc-counter ez-toc-grey ez-toc-container-direction\">\n<div class=\"ez-toc-title-container\">\n<div class=\"ez-toc-title\" style=\"cursor:inherit\">Table of Contents<\/div>\n<span class=\"ez-toc-title-toggle\"><a href=\"#\" class=\"ez-toc-pull-right ez-toc-btn ez-toc-btn-xs ez-toc-btn-default ez-toc-toggle\" aria-label=\"Alternar tabla de contenidos\"><span class=\"ez-toc-js-icon-con\"><span class=\"\"><span class=\"eztoc-hide\" style=\"display:none;\">Toggle<\/span><span class=\"ez-toc-icon-toggle-span\"><svg style=\"fill: #999;color:#999\" xmlns=\"http:\/\/www.w3.org\/2000\/svg\" class=\"list-377408\" width=\"20px\" height=\"20px\" viewBox=\"0 0 24 24\" fill=\"none\"><path d=\"M6 6H4v2h2V6zm14 0H8v2h12V6zM4 11h2v2H4v-2zm16 0H8v2h12v-2zM4 16h2v2H4v-2zm16 0H8v2h12v-2z\" fill=\"currentColor\"><\/path><\/svg><svg style=\"fill: #999;color:#999\" class=\"arrow-unsorted-368013\" xmlns=\"http:\/\/www.w3.org\/2000\/svg\" width=\"10px\" height=\"10px\" viewBox=\"0 0 24 24\" version=\"1.2\" baseProfile=\"tiny\"><path d=\"M18.2 9.3l-6.2-6.3-6.2 6.3c-.2.2-.3.4-.3.7s.1.5.3.7c.2.2.4.3.7.3h11c.3 0 .5-.1.7-.3.2-.2.3-.5.3-.7s-.1-.5-.3-.7zM5.8 14.7l6.2 6.3 6.2-6.3c.2-.2.3-.5.3-.7s-.1-.5-.3-.7c-.2-.2-.4-.3-.7-.3h-11c-.3 0-.5.1-.7.3-.2.2-.3.5-.3.7s.1.5.3.7z\"\/><\/svg><\/span><\/span><\/span><\/a><\/span><\/div>\n<nav><ul class='ez-toc-list ez-toc-list-level-1 eztoc-toggle-hide-by-default' ><li class='ez-toc-page-1 ez-toc-heading-level-2'><a class=\"ez-toc-link ez-toc-heading-1\" href=\"https:\/\/goroskop.tv\/sw\/ar-rokkvarts-en-fodelsesten-for\/#Ar_rokkvarts_en_junifodelsesten\" >\u00c4r r\u00f6kkvarts en junif\u00f6delsesten?<\/a><\/li><li class='ez-toc-page-1 ez-toc-heading-level-2'><a class=\"ez-toc-link ez-toc-heading-2\" href=\"https:\/\/goroskop.tv\/sw\/ar-rokkvarts-en-fodelsesten-for\/#Vilka_ar_de_tva_junifodelsestenarna\" >Vilka \u00e4r de tv\u00e5 junif\u00f6delsestenarna?<\/a><\/li><li class='ez-toc-page-1 ez-toc-heading-level-2'><a class=\"ez-toc-link ez-toc-heading-3\" href=\"https:\/\/goroskop.tv\/sw\/ar-rokkvarts-en-fodelsesten-for\/#Vilken_nyans_ar_junifodelsestenen\" >Vilken nyans \u00e4r junif\u00f6delsestenen?<\/a><\/li><li class='ez-toc-page-1 ez-toc-heading-level-2'><a class=\"ez-toc-link ez-toc-heading-4\" href=\"https:\/\/goroskop.tv\/sw\/ar-rokkvarts-en-fodelsesten-for\/#Varfor_finns_det_tre_fodelsestenar_for_juni\" >Varf\u00f6r finns det tre f\u00f6delsestenar f\u00f6r juni?<\/a><\/li><li class='ez-toc-page-1 ez-toc-heading-level-2'><a class=\"ez-toc-link ez-toc-heading-5\" href=\"https:\/\/goroskop.tv\/sw\/ar-rokkvarts-en-fodelsesten-for\/#Vilken_fodelsesten_faller_under_maj_och_juni\" >Vilken f\u00f6delsesten faller under maj och juni?<\/a><\/li><li class='ez-toc-page-1 ez-toc-heading-level-2'><a class=\"ez-toc-link ez-toc-heading-6\" href=\"https:\/\/goroskop.tv\/sw\/ar-rokkvarts-en-fodelsesten-for\/#Vad_ar_Tvillingarnas_fodelsesten\" >Vad \u00e4r Tvillingarnas f\u00f6delsesten?<\/a><\/li><li class='ez-toc-page-1 ez-toc-heading-level-2'><a class=\"ez-toc-link ez-toc-heading-7\" href=\"https:\/\/goroskop.tv\/sw\/ar-rokkvarts-en-fodelsesten-for\/#Svart_fodelsesten_for_juni\" >Svart f\u00f6delsesten f\u00f6r juni?<\/a><\/li><li class='ez-toc-page-1 ez-toc-heading-level-2'><a class=\"ez-toc-link ez-toc-heading-8\" href=\"https:\/\/goroskop.tv\/sw\/ar-rokkvarts-en-fodelsesten-for\/#Vilken_ton_representerar_juni\" >Vilken ton representerar juni?<\/a><\/li><li class='ez-toc-page-1 ez-toc-heading-level-2'><a class=\"ez-toc-link ez-toc-heading-9\" href=\"https:\/\/goroskop.tv\/sw\/ar-rokkvarts-en-fodelsesten-for\/#Vilken_farg_har_junifodelsestenen\" >Vilken f\u00e4rg har junif\u00f6delsestenen?<\/a><ul class='ez-toc-list-level-3' ><li class='ez-toc-heading-level-3'><a class=\"ez-toc-link ez-toc-heading-10\" href=\"https:\/\/goroskop.tv\/sw\/ar-rokkvarts-en-fodelsesten-for\/#Parlor_finns_i_olika_farger\" >P\u00e4rlor finns i olika f\u00e4rger.<\/a><\/li><li class='ez-toc-page-1 ez-toc-heading-level-3'><a class=\"ez-toc-link ez-toc-heading-11\" href=\"https:\/\/goroskop.tv\/sw\/ar-rokkvarts-en-fodelsesten-for\/#Vackra_odlade_parlor_ar_ocksa_populara\" >Vackra odlade p\u00e4rlor \u00e4r ocks\u00e5 popul\u00e4ra.<\/a><\/li><li class='ez-toc-page-1 ez-toc-heading-level-3'><a class=\"ez-toc-link ez-toc-heading-12\" href=\"https:\/\/goroskop.tv\/sw\/ar-rokkvarts-en-fodelsesten-for\/#kanda_parlor\" >k\u00e4nda p\u00e4rlor<\/a><\/li><li class='ez-toc-page-1 ez-toc-heading-level-3'><a class=\"ez-toc-link ez-toc-heading-13\" href=\"https:\/\/goroskop.tv\/sw\/ar-rokkvarts-en-fodelsesten-for\/#parlkunskap\" >p\u00e4rlkunskap<\/a><\/li><li class='ez-toc-page-1 ez-toc-heading-level-3'><a class=\"ez-toc-link ez-toc-heading-14\" href=\"https:\/\/goroskop.tv\/sw\/ar-rokkvarts-en-fodelsesten-for\/#Annu_en_fodelsesten_i_juni_Manstenen\" >\u00c4nnu en f\u00f6delsesten i juni: M\u00e5nstenen<\/a><\/li><li class='ez-toc-page-1 ez-toc-heading-level-3'><a class=\"ez-toc-link ez-toc-heading-15\" href=\"https:\/\/goroskop.tv\/sw\/ar-rokkvarts-en-fodelsesten-for\/#Manstenslaror\" >M\u00e5nstensl\u00e4ror<\/a><\/li><li class='ez-toc-page-1 ez-toc-heading-level-3'><a class=\"ez-toc-link ez-toc-heading-16\" href=\"https:\/\/goroskop.tv\/sw\/ar-rokkvarts-en-fodelsesten-for\/#Eller_valj_alexandrit_som_din_fodelsesten_i_juni\" >Eller v\u00e4lj alexandrit som din f\u00f6delsesten i juni.<\/a><\/li><li class='ez-toc-page-1 ez-toc-heading-level-3'><a class=\"ez-toc-link ez-toc-heading-17\" href=\"https:\/\/goroskop.tv\/sw\/ar-rokkvarts-en-fodelsesten-for\/#Alexandrit_ar_sallsynt_och_dyrt\" >Alexandrit \u00e4r s\u00e4llsynt och dyrt.<\/a><\/li><li class='ez-toc-page-1 ez-toc-heading-level-3'><a class=\"ez-toc-link ez-toc-heading-18\" href=\"https:\/\/goroskop.tv\/sw\/ar-rokkvarts-en-fodelsesten-for\/#Juni_Alexandrite_Birthstone_historia\" >Juni Alexandrite Birthstone historia<\/a><\/li><\/ul><\/li><li class='ez-toc-page-1 ez-toc-heading-level-2'><a class=\"ez-toc-link ez-toc-heading-19\" href=\"https:\/\/goroskop.tv\/sw\/ar-rokkvarts-en-fodelsesten-for\/#Vad_betyder_en_fodelsesten_for_juni\" >Vad betyder en f\u00f6delsesten f\u00f6r juni?<\/a><\/li><\/ul><\/nav><\/div>\n","protected":false},"excerpt":{"rendered":"<p>\u00c4r r\u00f6kkvarts en junif\u00f6delsesten? Alexandrit och p\u00e4rla \u00e4r de tv\u00e5 f\u00f6delsestenarna f\u00f6r junif\u00f6delsedagar. P\u00e5 grund av sin inneboende sk\u00f6nhet har p\u00e4rlor anv\u00e4nts i smycken i m\u00e5nga \u00e5r. \u00c4delstenar gjorda av Alexandrit \u00e4r extremt s\u00e4llsynta och uppskattade eftersom de \u00e4ndrar f\u00e4rg beroende p\u00e5 belysningen. Vilka \u00e4r de tv\u00e5 junif\u00f6delsestenarna? Du har turen att ha tre f\u00f6delsestenar &hellip;<\/p>\n","protected":false},"author":1,"featured_media":85,"comment_status":"closed","ping_status":"closed","sticky":false,"template":"","format":"standard","meta":{"footnotes":""},"categories":[4],"tags":[10,275,7,12338],"class_list":["post-45196","post","type-post","status-publish","format-standard","has-post-thumbnail","hentry","category-tarot","tag-ar","tag-fodelsesten","tag-for","tag-rokkvarts"],"_links":{"self":[{"href":"https:\/\/goroskop.tv\/sw\/wp-json\/wp\/v2\/posts\/45196","targetHints":{"allow":["GET"]}}],"collection":[{"href":"https:\/\/goroskop.tv\/sw\/wp-json\/wp\/v2\/posts"}],"about":[{"href":"https:\/\/goroskop.tv\/sw\/wp-json\/wp\/v2\/types\/post"}],"author":[{"embeddable":true,"href":"https:\/\/goroskop.tv\/sw\/wp-json\/wp\/v2\/users\/1"}],"replies":[{"embeddable":true,"href":"https:\/\/goroskop.tv\/sw\/wp-json\/wp\/v2\/comments?post=45196"}],"version-history":[{"count":0,"href":"https:\/\/goroskop.tv\/sw\/wp-json\/wp\/v2\/posts\/45196\/revisions"}],"wp:featuredmedia":[{"embeddable":true,"href":"https:\/\/goroskop.tv\/sw\/wp-json\/wp\/v2\/media\/85"}],"wp:attachment":[{"href":"https:\/\/goroskop.tv\/sw\/wp-json\/wp\/v2\/media?parent=45196"}],"wp:term":[{"taxonomy":"category","embeddable":true,"href":"https:\/\/goroskop.tv\/sw\/wp-json\/wp\/v2\/categories?post=45196"},{"taxonomy":"post_tag","embeddable":true,"href":"https:\/\/goroskop.tv\/sw\/wp-json\/wp\/v2\/tags?post=45196"}],"curies":[{"name":"wp","href":"https:\/\/api.w.org\/{rel}","templated":true}]}}