{"id":47041,"date":"2023-08-30T02:56:59","date_gmt":"2023-08-30T02:56:59","guid":{"rendered":"https:\/\/goroskop.tv\/sw\/hitlistan-ibland-ar-varlden-mork\/"},"modified":"2023-08-30T02:56:59","modified_gmt":"2023-08-30T02:56:59","slug":"hitlistan-ibland-ar-varlden-mork","status":"publish","type":"post","link":"https:\/\/goroskop.tv\/sw\/hitlistan-ibland-ar-varlden-mork\/","title":{"rendered":"Hitlistan \u2013 Ibland \u00e4r v\u00e4rlden m\u00f6rk"},"content":{"rendered":"<p><\/p>\n<h2><span class=\"ez-toc-section\" id=\"Hitlistan_%E2%80%93_Ibland_ar_varlden_mork\"><\/span><span class=\"ez-toc-section\" id=\"The_Hit_List_%E2%80%93_A_veces_el_mundo_es_oscuro\"><\/span>  Hitlistan \u2013 Ibland \u00e4r v\u00e4rlden m\u00f6rk<span class=\"ez-toc-section-end\"><\/span><span class=\"ez-toc-section-end\"><\/span><\/h2>\n<p>\u00abJag vill inte h\u00f6ra n\u00e5got d\u00e5ligt.\u00bb<\/p>\n<p>\u00abJag kommer inte att dela det h\u00e4r eftersom det \u00e4r f\u00f6r negativt.\u00bb<\/p>\n<p>\u00abJag vill bara h\u00f6ra de goda sakerna.\u00bb<\/p>\n<p>Ibland h\u00f6r jag den h\u00e4r typen av uttalanden p\u00e5 mitt kontor. <\/p>\n<p>  \u00c4ven om jag f\u00f6rst\u00e5r att ingen gillar \u00abd\u00e5liga nyheter\u00bb, tycker jag att det \u00e4r lite missriktat att ignorera negativitet eller l\u00e5tsas som att den inte existerar.<\/p>\n<p><strong>Ibland \u00e4r v\u00e4rlden m\u00f6rk.<\/strong><\/p>\n<p>D\u00e5liga saker h\u00e4nder hela tiden. <\/p>\n<p>  Det \u00e4r bara ett faktum. <\/p>\n<p>  Om vi \u200b\u200bv\u00e4grar att erk\u00e4nna de sv\u00e5ra sakerna, f\u00f6rnekar vi hela delar av v\u00e5ra liv &#8230; och av oss sj\u00e4lva.<\/p>\n<p>\u00c4ven om jag ser mig sj\u00e4lv som en lycklig tjej, har jag haft n\u00e5gra v\u00e4ldigt m\u00f6rka perioder i mitt liv.<\/p>\n<p>Jag vet hur det \u00e4r att vara hungrig.<\/p>\n<p>Jag har mer \u00e4n n\u00e5gra f\u00e5 misslyckade relationer bakom mig.<\/p>\n<p>Jag har testat f\u00f6rlusten.  M\u00e5nga g\u00e5nger.<\/p>\n<p>Jag har varit sjuk (f\u00f6rresten, jag pratar aldrig om detta offentligt).<\/p>\n<p>Jag har blivit bekant med v\u00e5ld, svek och st\u00f6ld.<\/p>\n<p>Och jag har ocks\u00e5 tagit n\u00e5gra hemska beslut i mitt liv som jag senare \u00e5ngrar.<\/p>\n<p>Ja.<\/p>\n<p>Min v\u00e4rld har varit v\u00e4ldigt, v\u00e4ldigt m\u00f6rk.<\/p>\n<p>N\u00e4r jag anm\u00e4lde mig till det h\u00e4r livet valde jag inte den l\u00e4tta gatan.  Och sanningen?  Ingen g\u00f6r.<\/p>\n<p><strong>Det beror p\u00e5 att sj\u00e4len l\u00e4r sig mer i sv\u00e5ra tider \u00e4n n\u00e4r tempot \u00e4r l\u00e5gt. <\/strong><\/p>\n<p>De flesta av oss l\u00e4r sig n\u00e5gra ganska viktiga saker under v\u00e5r tid h\u00e4r.<\/p>\n<p>Det finns en gammal historia som jag \u00e4lskar: en kung lovade en vacker skatt till alla som kunde f\u00e5 honom att k\u00e4nna sig ifred hela tiden. <\/p>\n<p>  Dussintals m\u00e4nniskor kom och f\u00f6rs\u00f6kte utan resultat. <\/p>\n<p>  En dag kom den lokala vismannen ner fr\u00e5n berget och sa att han hade precis vad kungen beh\u00f6vde. <\/p>\n<p>  Han gav kungen en ring inskriven med orden \u00abOcks\u00e5 detta ska g\u00e5 \u00f6ver.\u00bb <\/p>\n<p>  Han instruerade kungen att titta p\u00e5 honom n\u00e4r livet var sv\u00e5rt &#8230; och n\u00e4r livet var lyckligt.<\/p>\n<p>Under m\u00e5naderna som f\u00f6ljde f\u00f6ljde kungen vismannens instruktioner. <\/p>\n<p>  Till slut fann han frid och vismannen samlade in sin bel\u00f6ning.<\/p>\n<p>Moralen i historien: ingenting \u00e4r permanent. <\/p>\n<p>  Ingen lycka, ingen sm\u00e4rta.<\/p>\n<p>S\u00e5 det \u00e4r b\u00e4st att inte h\u00e5lla fast vid de goda tiderna eller fly fr\u00e5n sorgerna. <\/p>\n<p>  B\u00e5da \u00e4r lika delar av den m\u00e4nskliga upplevelsen. <\/p>\n<p>  \u00c4ven m\u00f6rka saker kan vara v\u00e4rdefulla eftersom de g\u00f6r oss starkare, och \u00e4nnu viktigare, de l\u00e4r oss att uppskatta de goda sakerna. <\/p>\n<p>  Sitt med din skugga n\u00e4r den dyker upp och vet att bakom det m\u00f6rkret finns ett stort ljus som v\u00e4ntar p\u00e5 att skina igen.<\/p>\n<p>\u00abVi m\u00e5ste smaka det bittra innan vi kan smaka det s\u00f6ta.\u00bb  ~ Ok\u00e4nd<\/p>\n<p><strong>Andra saker:<\/strong><\/p>\n<p>Om du verkligen vill starta ett f\u00f6retag och starta det r\u00e4tt rekommenderar jag starkt att du kollar in Conscious Business Design av Racheal Cook. <\/p>\n<p>  Racheal vet vad hon g\u00f6r och hennes arbete \u00e4r SOLID. <\/p>\n<p>  Hon \u00e4r den enda presenten jag litar p\u00e5 till 100 % n\u00e4r det kommer till smarta aff\u00e4rsfr\u00e5gor. <\/p>\n<p>  Hoppa \u00f6ver de andra programmen och anm\u00e4l dig innan d\u00f6rrarna st\u00e4nger den 29 januari: Conscious Business Design.<\/p>\n<p>Fastnat inomhus i sn\u00f6stormen?  H\u00e4r \u00e4r vad du beh\u00f6ver veta om varma toddies, irl\u00e4ndskt kaffe, sm\u00f6rad rom och andra varma drycker.<\/p>\n<p>Intressant ber\u00e4ttelse om kampen f\u00f6r legalisering av abort.<\/p>\n<p>Det verkar som om Erotic Photo Hunt g\u00e5r v\u00e4gen f\u00f6r dodo.<\/p>\n<p>Lyssna: Iggy Pop och Josh Homme slog sig samman f\u00f6r ett nytt album.<\/p>\n<p>Hur man sl\u00f6sar bort massor av tid och inte uppn\u00e5r n\u00e5gonting!  Sarah Von Bargen har l\u00f6sningarna, jag.<\/p>\n<p>Varf\u00f6r \u00e4ger amerikaner vapen?  Den h\u00e4r fotografen best\u00e4mde sig f\u00f6r att ta bilder och fr\u00e5ga varf\u00f6r. <\/p>\n<p>  Fascinerande.<\/p>\n<p>Att t\u00e4nka p\u00e5: att klara av heml\u00f6sa mens. <\/p>\n<p>  Det finns m\u00e5nga kvinnor p\u00e5 gatan, hur kan vi hj\u00e4lpa dem med detta?<\/p>\n<p>Jag \u00e4lskar det h\u00e4r inl\u00e4gget av Christiana Gaudet: Kan vi sn\u00e4lla stoppa f\u00f6rsta v\u00e4rldens andlighet?<\/p>\n<p>Bed\u00e5rande varning: Den h\u00e4r katten har l\u00e4rt sig att ta sina egna autofotos!<\/p>\n<p>Alexandra Franzen p\u00e5minner oss om att allt spelar roll.<\/p>\n<p>Det h\u00e4r inl\u00e4gget \u00e4r min favorit i veckan: en hospicel\u00e4kare skriver ett tackbrev till David Bowie.<\/p>\n<p>Undrar du hur det var att vara en ung svart man under medborgarr\u00e4ttsr\u00f6relsen?  Det h\u00e4r inl\u00e4gget \u00e4r ett du m\u00e5ste l\u00e4sa.<\/p>\n<p>Tungan knuten vid middagen?  Dr. <\/p>\n<p>Suzanne Gelb har n\u00e5gra diskussionspunkter f\u00f6r dig.<\/p>\n<p>Jag \u00e4r nyfiken och jag \u00e4lskar att veta vad andra g\u00f6r: 15 framg\u00e5ngsrika kvinnors nattliga rutiner.<\/p>\n<p>DJ Khaled ger de b\u00e4sta r\u00e5den. <\/p>\n<p>  Kuddar, kuddar.<\/p>\n<p>Jag vill k\u00f6pa detta till alla mina v\u00e4nner.<\/p>\n<p>Denna sibiriska eremit f\u00f6rs in i 2000-talet n\u00e4r hon flygs ut ur bergen.<\/p>\n<p>En intervju med regiss\u00f6ren bakom David Bowies sp\u00f6kfilm <em>Svart stj\u00e4rna<\/em> v\u00eddeo.<\/p>\n<p>\u00c4ven om jag alltid s\u00e4ger att Dallas fr\u00e5n Magic Mike \u00e4r mitt andedjur, \u00e4r jag ocks\u00e5 v\u00e4ldigt f\u00f6rtjust i RuPaul.<\/p>\n<p>Visdom fr\u00e5n Debra Smouse: Rutiner \u00e4r avg\u00f6rande f\u00f6r framg\u00e5ng.<\/p>\n<p>\u00c4nnu ett bra inl\u00e4gg fr\u00e5n Esm\u00e9 Wang \u2013 2016: Alive.<\/p>\n<p>Paul Jarvis fr\u00e5gar: t\u00e4nk om vi till\u00e4mpade minimalism p\u00e5 v\u00e5rt mentala utrymme?  Bra fr\u00e5ga.<\/p>\n<p>P\u00e5 min bok att l\u00e4sa lista: Konkursens kraft: hur tomma fickor, en stram budget och en hunger efter framg\u00e5ng kan bli din st\u00f6rsta konkurrensf\u00f6rdel<\/p>\n<p>\u00c4ven: F\u00f6rl\u00e5telsens bok: Den fyrfaldiga v\u00e4gen till att hela oss sj\u00e4lva och v\u00e5r v\u00e4rld<\/p>\n<p>Varf\u00f6r \u00e4r jag ett s\u00e5 seguidor av bed\u00e5rande f\u00f6rpackade sk\u00f6nhetsprodukter som denna TONYMOLY Pandas Dream So Cool Eye Stick, 1,4 ounce?  Jag tittar p\u00e5 det h\u00e4r hela tiden.<\/p>\n<p>Jag \u00e4r ocks\u00e5 besatt av konstiga hudv\u00e5rdsprodukter som denna: Daiso Japan Reusable Silicon Mask Cover for Sheet Mask Prevent Evaporation F\u00e4rgerna kan variera.<\/p>\n<p>Det \u00e4r f\u00f6rmodligen f\u00f6r att jag l\u00e4ser s\u00e5dant h\u00e4r: The Japanese Skincare Revolution: How to Have the Most Beautiful Skin of Your Life, at Any Age. <\/p>\n<p>  Ja, jag \u00e4r galen i hudv\u00e5rd. <\/p>\n<p>  GALEN.<\/p>\n<p>Jag kommer att l\u00e4sa allt och allt om v\u00e4lst\u00e5nd: Easy Breezy Prosperity: The Five Foundations for a More Joyful, Abundant Life. <\/p>\n<p>  S\u00e5 jag har r\u00e5d med fler av de d\u00e4r konstiga hudv\u00e5rdsprodukterna. <\/p>\n<p>  Sj\u00e4lvklart.<\/p>\n<p><strong>Vad jag \u00e4r tacksam f\u00f6r:<\/strong><\/p>\n<p>soffutrymme<\/p>\n<p>middag med min son<\/p>\n<p>feng shui charm<\/p>\n<p>snabba ringsignaler<\/p>\n<p>Produktivitet<\/p>\n<p>seguidor bokst\u00e4ver<\/p>\n<p>Vaknar varje morgon med en ny chans att g\u00f6ra r\u00e4tt<\/p>\n<p><strong>Soundtrack fr\u00e5n 23\/01\/16:<\/strong> Jag tror p\u00e5 n\u00e5got som heter k\u00e4rlek till m\u00f6rkret, f\u00f6r det \u00e4r s\u00e5 l\u00f6jligt att jag inte ens kan&#8230;<\/p>\n<p>v\u00e4lsignelser,<\/p>\n<p>Det finns en<\/p>\n<p>\u00a9 Theresa Reed |  The Lady of the Tarot 2016<\/p>\n<p><em>bilder fr\u00e5n flickr commons<\/em><\/p>\n<p>Vi hoppas att du gillade v\u00e5r artikel The Hit List \u2013 Ibland \u00e4r v\u00e4rlden m\u00f6rk och allt relaterat till horoskop, tarot, ritualer och allt relaterat.<\/p>\n<figure class=\"wp-block-table is-style-regular\">\n<\/figure>\n<p>Intressanta saker att veta inneb\u00f6rden: Horoskop  <\/p>\n<p>\u00c4ven h\u00e4r l\u00e4mnar vi \u00e4mnen relaterade till: Horoskop<\/p>\n<\/p>\n<p><\/p>\n<p>Vi hoppas att du gillade v\u00e5r artikel Hitlistan \u2013 Ibland \u00e4r v\u00e4rlden m\u00f6rk<br \/>\n och allt om horoskop, tarot, ritualer och allt relaterat till det &#8230;<\/p>\n<figure class=\"wp-block-table is-style-regular\">\n<table style=\"width: 284px; height: 157px;\">\n<tbody>\n<tr>\n<td class=\"has-text-align-center\" data-align=\"center\"><img loading=\"lazy\" decoding=\"async\" class=\"alignleft\" src=\" https:\/\/goroskop.tv\/wp-content\/uploads\/2023\/05\/horoscopodo12.jpg \" alt=\" Hitlistan \u2013 Ibland \u00e4r v\u00e4rlden m\u00f6rk\n \" width=\"65\" height=\"95\" title=\"\"><img loading=\"lazy\" decoding=\"async\" class=\"alignleft\" style=\"width: 60px;\" src=\" https:\/\/goroskop.tv\/wp-content\/uploads\/2023\/05\/horoscopodo11.jpg \" alt=\" Hitlistan \u2013 Ibland \u00e4r v\u00e4rlden m\u00f6rk\n \" width=\"195\" height=\"300\" title=\"\"><img decoding=\"async\" class=\"alignleft\" style=\"width: 60px;\" src=\" https:\/\/goroskop.tv\/wp-content\/uploads\/2023\/05\/horoscopodo10.jpg \" alt=\" Hitlistan \u2013 Ibland \u00e4r v\u00e4rlden m\u00f6rk\n \" title=\"\"><\/td>\n<\/tr>\n<\/tbody>\n<\/table>\n<\/figure>\n<p>Intressanta saker att veta inneb\u00f6rden: <a href=\"https:\/\/sv.wikipedia.org\/wiki\/Horoskop\" target=\"_blank\" rel=\"nofollow noopener\"> Horoskop <\/a> <\/p>\n<p>H\u00e4r l\u00e4mnar vi ocks\u00e5 \u00e4mnen relaterade till: <a href=\" https:\/\/goroskop.tv\/sw\/den-perfekta-kandispojkvannen-for-dig\/\">Horoskop<\/a> <\/p>\n<div id=\"ez-toc-container\" class=\"ez-toc-v2_0_82_2 ez-toc-wrap-center counter-hierarchy ez-toc-counter ez-toc-grey ez-toc-container-direction\">\n<div class=\"ez-toc-title-container\">\n<div class=\"ez-toc-title\" style=\"cursor:inherit\">Table of Contents<\/div>\n<span class=\"ez-toc-title-toggle\"><a href=\"#\" class=\"ez-toc-pull-right ez-toc-btn ez-toc-btn-xs ez-toc-btn-default ez-toc-toggle\" aria-label=\"Alternar tabla de contenidos\"><span class=\"ez-toc-js-icon-con\"><span class=\"\"><span class=\"eztoc-hide\" style=\"display:none;\">Toggle<\/span><span class=\"ez-toc-icon-toggle-span\"><svg style=\"fill: #999;color:#999\" xmlns=\"http:\/\/www.w3.org\/2000\/svg\" class=\"list-377408\" width=\"20px\" height=\"20px\" viewBox=\"0 0 24 24\" fill=\"none\"><path d=\"M6 6H4v2h2V6zm14 0H8v2h12V6zM4 11h2v2H4v-2zm16 0H8v2h12v-2zM4 16h2v2H4v-2zm16 0H8v2h12v-2z\" fill=\"currentColor\"><\/path><\/svg><svg style=\"fill: #999;color:#999\" class=\"arrow-unsorted-368013\" xmlns=\"http:\/\/www.w3.org\/2000\/svg\" width=\"10px\" height=\"10px\" viewBox=\"0 0 24 24\" version=\"1.2\" baseProfile=\"tiny\"><path d=\"M18.2 9.3l-6.2-6.3-6.2 6.3c-.2.2-.3.4-.3.7s.1.5.3.7c.2.2.4.3.7.3h11c.3 0 .5-.1.7-.3.2-.2.3-.5.3-.7s-.1-.5-.3-.7zM5.8 14.7l6.2 6.3 6.2-6.3c.2-.2.3-.5.3-.7s-.1-.5-.3-.7c-.2-.2-.4-.3-.7-.3h-11c-.3 0-.5.1-.7.3-.2.2-.3.5-.3.7s.1.5.3.7z\"\/><\/svg><\/span><\/span><\/span><\/a><\/span><\/div>\n<nav><ul class='ez-toc-list ez-toc-list-level-1 eztoc-toggle-hide-by-default' ><li class='ez-toc-page-1 ez-toc-heading-level-2'><a class=\"ez-toc-link ez-toc-heading-1\" href=\"https:\/\/goroskop.tv\/sw\/hitlistan-ibland-ar-varlden-mork\/#Hitlistan_%E2%80%93_Ibland_ar_varlden_mork\" >Hitlistan \u2013 Ibland \u00e4r v\u00e4rlden m\u00f6rk<\/a><\/li><\/ul><\/nav><\/div>\n","protected":false},"excerpt":{"rendered":"<p>Hitlistan \u2013 Ibland \u00e4r v\u00e4rlden m\u00f6rk \u00abJag vill inte h\u00f6ra n\u00e5got d\u00e5ligt.\u00bb \u00abJag kommer inte att dela det h\u00e4r eftersom det \u00e4r f\u00f6r negativt.\u00bb \u00abJag vill bara h\u00f6ra de goda sakerna.\u00bb Ibland h\u00f6r jag den h\u00e4r typen av uttalanden p\u00e5 mitt kontor. \u00c4ven om jag f\u00f6rst\u00e5r att ingen gillar \u00abd\u00e5liga nyheter\u00bb, tycker jag att det &hellip;<\/p>\n","protected":false},"author":1,"featured_media":55,"comment_status":"closed","ping_status":"closed","sticky":false,"template":"","format":"standard","meta":{"footnotes":""},"categories":[2],"tags":[10,11594,2724,7563,2463],"class_list":["post-47041","post","type-post","status-publish","format-standard","has-post-thumbnail","hentry","category-horoskop","tag-ar","tag-hitlistan","tag-ibland","tag-mork","tag-varlden"],"_links":{"self":[{"href":"https:\/\/goroskop.tv\/sw\/wp-json\/wp\/v2\/posts\/47041","targetHints":{"allow":["GET"]}}],"collection":[{"href":"https:\/\/goroskop.tv\/sw\/wp-json\/wp\/v2\/posts"}],"about":[{"href":"https:\/\/goroskop.tv\/sw\/wp-json\/wp\/v2\/types\/post"}],"author":[{"embeddable":true,"href":"https:\/\/goroskop.tv\/sw\/wp-json\/wp\/v2\/users\/1"}],"replies":[{"embeddable":true,"href":"https:\/\/goroskop.tv\/sw\/wp-json\/wp\/v2\/comments?post=47041"}],"version-history":[{"count":0,"href":"https:\/\/goroskop.tv\/sw\/wp-json\/wp\/v2\/posts\/47041\/revisions"}],"wp:featuredmedia":[{"embeddable":true,"href":"https:\/\/goroskop.tv\/sw\/wp-json\/wp\/v2\/media\/55"}],"wp:attachment":[{"href":"https:\/\/goroskop.tv\/sw\/wp-json\/wp\/v2\/media?parent=47041"}],"wp:term":[{"taxonomy":"category","embeddable":true,"href":"https:\/\/goroskop.tv\/sw\/wp-json\/wp\/v2\/categories?post=47041"},{"taxonomy":"post_tag","embeddable":true,"href":"https:\/\/goroskop.tv\/sw\/wp-json\/wp\/v2\/tags?post=47041"}],"curies":[{"name":"wp","href":"https:\/\/api.w.org\/{rel}","templated":true}]}}