{"id":48173,"date":"2023-08-30T17:59:31","date_gmt":"2023-08-30T17:59:31","guid":{"rendered":"https:\/\/goroskop.tv\/sw\/det-ar-cancermanaden-i-oktober\/"},"modified":"2023-08-30T17:59:31","modified_gmt":"2023-08-30T17:59:31","slug":"det-ar-cancermanaden-i-oktober","status":"publish","type":"post","link":"https:\/\/goroskop.tv\/sw\/det-ar-cancermanaden-i-oktober\/","title":{"rendered":"Det \u00e4r cancerm\u00e5naden i oktober"},"content":{"rendered":"<p><\/p>\n<h2><span class=\"ez-toc-section\" id=\"Det_ar_cancermanaden_i_oktober\"><\/span><span class=\"ez-toc-section\" id=\"Es_el_mes_del_cancer_de_octubre\"><\/span>  Det \u00e4r cancerm\u00e5naden i oktober<span class=\"ez-toc-section-end\"><\/span><span class=\"ez-toc-section-end\"><\/span><\/h2>\n<p>Breast Cancer Awareness Month, som firas varje oktober, syftar till att \u00f6ka allm\u00e4nhetens f\u00f6rst\u00e5else f\u00f6r effekterna av br\u00f6stcancer. <\/p>\n<p>  Kom ST\u00c5 UPP med oss \u200b\u200bn\u00e4r vi st\u00f6djer st\u00e4rkandet av kvinnor i n\u00f6d.<\/p>\n<h2><span class=\"ez-toc-section\" id=\"Vad_ar_Cancer_Awareness_Month\"><\/span><span class=\"ez-toc-section\" id=\"%C2%BFQue_es_el_mes_de_concientizacion_sobre_el_cancer\"><\/span><span id=\"ezoic-pub-ad-placeholder-144\" class=\"ezoic-adpicker-ad\"><\/span>Vad \u00e4r Cancer Awareness Month?<span class=\"ez-toc-section-end\"><\/span><span class=\"ez-toc-section-end\"><\/span><\/h2>\n<p>Stj\u00e4rnbilden Kr\u00e4ftan \u00e4r k\u00e4llan till Kr\u00e4ftan, zodiakens fj\u00e4rde astrologiska tecken.<\/p>\n<p>Solen passerar genom detta tecken ungef\u00e4r mellan 21 juni och 22 juli enligt den tropiska zodiaken. <\/p>\n<p>  Om din f\u00f6delsedag infaller inom detta f\u00f6nster \u00e4r ditt soltecken cancer.<\/p>\n<h3><span class=\"ez-toc-section\" id=\"Cancer_personlighet\"><\/span><span class=\"ez-toc-section\" id=\"Personalidad_Cancer\"><\/span><span id=\"ezoic-pub-ad-placeholder-149\" class=\"ezoic-adpicker-ad\"><\/span><span class=\"ezoic-ad ezoic-at-0 leader-4 leader-4149 adtester-container adtester-container-149\" data-ez-name=\"hiszodiac_com-leader-4\"><span id=\"div-gpt-ad-hiszodiac_com-leader-4-0\" ezaw=\"300\" ezah=\"250\" style=\"position:relative;z-index:0;display:inline-block;padding:0;min-height:250px;min-width:300px\" class=\"ezoic-ad\"><\/span><\/span>Cancer personlighet<span class=\"ez-toc-section-end\"><\/span><span class=\"ez-toc-section-end\"><\/span><\/h3>\n<p>Ni \u00e4r zodiakens patriarker och matriarker. <\/p>\n<p>  Du v\u00e4rdes\u00e4tter din familj \u00f6ver allt annat. <\/p>\n<p>  Du h\u00e5ller ett str\u00e4ngt och svartsjukt \u00f6ga p\u00e5 din flock. <\/p>\n<p>  Varje examen, br\u00f6llop, \u00f6verraskningsfest eller matlagning som dina familjemedlemmar deltar i kan r\u00e4knas med att ha det d\u00e4r. <\/p>\n<p>  De \u00e4r utan tvekan din stam, och du \u00e4r otroligt sn\u00e4ll mot dem alla.<\/p>\n<p>M\u00e5nga av er har framg\u00e5ngsrika karri\u00e4rer eftersom ni vet hur man b\u00e4st f\u00f6rs\u00f6rjer era familjer. <\/p>\n<p>  Andra \u00e4lskar att vara hemma med sina barn f\u00f6r vem skulle kunna \u00e4lska dem mer \u00e4n du?  Du kommer att g\u00f6ra allt som st\u00e5r i din makt f\u00f6r att s\u00e4kerst\u00e4lla deras framg\u00e5ng eftersom du vill att de ska ha det.<\/p>\n<p>Du v\u00e4rdes\u00e4tter ditt hem och din familj s\u00e5 mycket att du \u00e4r villig att l\u00e4gga undan dina personliga behov och \u00f6nskem\u00e5l f\u00f6r att tj\u00e4na din n\u00e4rmaste familj. <\/p>\n<p>  Du har ofta h\u00f6ga ambitioner och vill lyckas s\u00e5 att du kan ge det b\u00e4sta f\u00f6r dina n\u00e4ra och k\u00e4ra.<\/p>\n<p>Hon tycker naturligtvis om att laga mat eftersom hon vet att n\u00e4ring \u00e4r grunden f\u00f6r god h\u00e4lsa. <\/p>\n<p>  Det har kockar, sjuksk\u00f6terskor och sjukv\u00e5rdspersonal som tar hand om fysiskt handikappade och sjuka. <\/p>\n<p>  Du \u00e4r ganska lyh\u00f6rd och kan alltid k\u00e4nna n\u00e4r en av dina laddningar har problem. <\/p>\n<p>  Du blir direkt deprimerad n\u00e4r du g\u00e5r in i ett rum fullt av deprimerade m\u00e4nniskor.<\/p>\n<p>Du f\u00f6redrar att tipsa om saker du tycker \u00e4r utmanande i mjuka toner och svag belysning. <\/p>\n<p>  Han kan k\u00e4mpa f\u00f6r att vara direkt, ungef\u00e4r som hans totem, den undvikande krabban. <\/p>\n<p>  Du m\u00e5ste hitta ett s\u00e4tt att vara tydlig f\u00f6r att undvika missf\u00f6rst\u00e5nd med andra. <\/p>\n<p>  Det kan hj\u00e4lpa att f\u00f6ra ett skriftligt register \u00f6ver allt.<\/p>\n<p>Det \u00e4r intressant att notera att det fanns fyra planeter i Kr\u00e4ftan den 4 juli 1776, ist\u00e4llet f\u00f6r bara en.  \u00c4r det konstigt att vi k\u00e4mpar f\u00f6r att l\u00f6sa v\u00e5ra problem eftersom det \u00e4r dagen vi firar v\u00e5rt lands f\u00f6delsedag?<\/p>\n<p>Du \u00e4r bland de st\u00f6rsta som make eller f\u00f6r\u00e4lder. <\/p>\n<p>  Du visar hela tiden att du bryr dig, s\u00e5 de runt omkring dig beh\u00f6ver aldrig undra om du bryr dig.<\/p>\n<h3><span class=\"ez-toc-section\" id=\"cancerkompatibilitet\"><\/span><span class=\"ez-toc-section\" id=\"Compatibilidad_del_cancer\"><\/span><span id=\"ezoic-pub-ad-placeholder-150\" class=\"ezoic-adpicker-ad\"><\/span><span class=\"ezoic-ad ezoic-at-0 large-mobile-banner-1 large-mobile-banner-1150 adtester-container adtester-container-150\" data-ez-name=\"hiszodiac_com-large-mobile-banner-1\"><span id=\"div-gpt-ad-hiszodiac_com-large-mobile-banner-1-0\" ezaw=\"250\" ezah=\"250\" style=\"position:relative;z-index:0;display:inline-block;padding:0;width:100%;max-width:1200px;margin-left:auto!important;margin-right:auto!important;min-height:90px;min-width:728px\" class=\"ezoic-ad\"><\/span><\/span>cancerkompatibilitet<span class=\"ez-toc-section-end\"><\/span><span class=\"ez-toc-section-end\"><\/span><\/h3>\n<p>Dina idealiska partners \u00e4r:<\/p>\n<p>Rygggnidningar fr\u00e5n en Oxe \u00e4r att d\u00f6 f\u00f6r och de vet hur man f\u00e5r dig att k\u00e4nna bara f\u00f6r honom eller henne. <\/p>\n<p>  Fiskarna uppskattar din k\u00e4nsliga natur och \u00e4r alltid \u00f6ppen f\u00f6r att h\u00f6ra om din dag.<\/p>\n<p>R\u00e4tt partner f\u00f6r dig:<\/p>\n<p>Skorpionen kan l\u00e4sa dina k\u00e4nslor och kommer att utforska alla dina k\u00e4nslor med dig. <\/p>\n<p>  Jungfrun kommer att h\u00e5lla ordning och se till att hyran betalas.<\/p>\n<h2><span class=\"ez-toc-section\" id=\"Vilken_typ_av_cancer_hedras_i_oktober\"><\/span><span class=\"ez-toc-section\" id=\"%C2%BFQue_tipo_de_cancer_se_honra_en_octubre\"><\/span><span id=\"ezoic-pub-ad-placeholder-145\" class=\"ezoic-adpicker-ad\"><\/span>Vilken typ av cancer hedras i oktober?<span class=\"ez-toc-section-end\"><\/span><span class=\"ez-toc-section-end\"><\/span><\/h2>\n<p>Weill Cornell Medicine, Meyer Cancer Center och NewYork-Presbyterian har \u00e5tagit sig att forts\u00e4tta tillhandah\u00e5lla v\u00e5rd i v\u00e4rldsklass f\u00f6r att f\u00f6rebygga och behandla denna sjukdom under oktober, br\u00f6stcancermedvetenhetsm\u00e5naden. <\/p>\n<p>  Den h\u00e4r m\u00e5naden vill vi uppm\u00e4rksamma \u00f6verlevande och deras n\u00e4ra och k\u00e4ra, fr\u00e4mja tidig screening och uppt\u00e4ckt, lyfta fram behandlingsalternativ som har utvecklats och dela med oss \u200b\u200bav ytterligare information om v\u00e5r multidisciplin\u00e4ra inst\u00e4llning till holistisk v\u00e5rd.<\/p>\n<h2><span class=\"ez-toc-section\" id=\"Vad_ar_medvetenhetsmanad_i_oktober\"><\/span><span class=\"ez-toc-section\" id=\"%C2%BFCual_es_el_mes_de_la_concientizacion_en_octubre\"><\/span><span id=\"ezoic-pub-ad-placeholder-146\" class=\"ezoic-adpicker-ad\"><\/span><span class=\"ezoic-ad ezoic-at-0 large-leaderboard-2 large-leaderboard-2146 adtester-container adtester-container-146\" data-ez-name=\"hiszodiac_com-large-leaderboard-2\"><span id=\"div-gpt-ad-hiszodiac_com-large-leaderboard-2-0\" ezaw=\"300\" ezah=\"250\" style=\"position:relative;z-index:0;display:inline-block;padding:0;min-height:250px;min-width:300px\" class=\"ezoic-ad\"><\/span><\/span>Vad \u00e4r medvetenhetsm\u00e5nad i oktober?<span class=\"ez-toc-section-end\"><\/span><span class=\"ez-toc-section-end\"><\/span><\/h2>\n<p>Medvetenhetsm\u00e5nader erbjuder m\u00f6jligheten att sprida kunskap, f\u00f6respr\u00e5ka saker och samla in pengar till dem. <\/p>\n<p>  H\u00e4r \u00e4r n\u00e5gra s\u00e4tt du kan engagera dig den h\u00e4r m\u00e5naden.<\/p>\n<p>Oktober \u00e4r utsedd till National Breast Cancer Awareness Month av American Cancer Society. <\/p>\n<p>  American Cancer Societys program Making Strides Against Breast Cancer har f\u00f6renat m\u00e4nniskor \u00f6ver hela landet i kampen f\u00f6r att eliminera br\u00f6stcancer i mer \u00e4n 20 \u00e5r, genom att anv\u00e4nda allt fr\u00e5n storskaliga traditionella promenader till upplevelser och festligheter.<\/p>\n<p>Oktober \u00e4r Spina Bifida Awareness Month, en tid f\u00f6r att hedra de tiotusentals amerikaner som lever med detta tillst\u00e5nd. <\/p>\n<p>  Spina Bifida Association utmanar oss att \u00f6ka medvetenheten och hj\u00e4lpa de n\u00e4ra dig som drabbas av Spina Bifida varje oktober genom att dela erfarenheter fr\u00e5n samh\u00e4llet. <\/p>\n<p>  H\u00e4r \u00e4r t\u00edo saker du kan g\u00f6ra den h\u00e4r s\u00e4songen f\u00f6r att sprida medvetenhet.<\/p>\n<p>Kongressen inr\u00e4ttade Mental Illness Awareness Week (MIAW) 1990 f\u00f6r att sprida kunskap och \u00f6ka medvetenheten om psykisk oh\u00e4lsa. <\/p>\n<p>  Varje \u00e5r intr\u00e4ffar den f\u00f6rsta hela veckan i oktober.<\/p>\n<p>National Alliance on Mental Illness fokuserar veckan p\u00e5 sin nya medvetenhetskampanj, \u00abTogether for Mental Health\u00bb, som betonar vikten av att tala ut f\u00f6r b\u00e4ttre v\u00e5rd f\u00f6r personer med allvarlig psykisk oh\u00e4lsa (SMI). <\/p>\n<p>  Vi kommer att lyfta fram r\u00f6sterna fr\u00e5n levda upplevelser varje dag den h\u00e4r veckan f\u00f6r att prata om SMI och behovet av att f\u00f6rb\u00e4ttra krishantering och mentalv\u00e5rd.<\/p>\n<p>Varje \u00e5r under Mental Illness Awareness Week n\u00e5r Mental Health America miljontals m\u00e4nniskor genom media, samh\u00e4llsaktiviteter och onlinebed\u00f6mningar. <\/p>\n<p>  Mental Illness Awareness Week \u00e4r ett tillf\u00e4lle att \u00f6ka medvetenheten om vad psykiska problem \u00e4r och hur de p\u00e5verkar m\u00e4nniskors vardag, till skillnad fr\u00e5n Mental Health Month, som betonar vikten av psykisk h\u00e4lsa och v\u00e4lbefinnande f\u00f6r alla.<\/p>\n<p>Kom och fira World Psoriasis Day med National Psoriasis Foundation fredagen den 29 oktober. <\/p>\n<p>Inflammation orsakad av immunsystemsvikt \u00e4r ett k\u00e4nnetecken f\u00f6r sjukdomen psoriasis, som har en ok\u00e4nd etiologi. <\/p>\n<p>  Mer \u00e4n \u00e5tta miljoner amerikaner lider av psoriasis, vilket kan orsaka irritation i kroppen.<\/p>\n<p>Andra medvetenhetsveckor och dagar:<\/p>\n<ul>\n<li>h\u00e4lsoutbildningsm\u00e5nad<\/li>\n<li>National Health Quality Week (okt.\n<p>1723)<\/p>\n<\/li>\n<li>Respiratory Care Week (24\u201330 oktober)<\/li>\n<li>National Health Education Week (18\u201322 oktober)<\/li>\n<\/ul>\n<h2><span class=\"ez-toc-section\" id=\"Vem_ska_en_cancer_gifta_sig_med\"><\/span><span class=\"ez-toc-section\" id=\"%C2%BFCon_quien_deberia_casarse_un_Cancer\"><\/span><span id=\"ezoic-pub-ad-placeholder-147\" class=\"ezoic-adpicker-ad\"><\/span><span class=\"ezoic-ad ezoic-at-0 leader-1 leader-1147 adtester-container adtester-container-147\" data-ez-name=\"hiszodiac_com-leader-1\"><span id=\"div-gpt-ad-hiszodiac_com-leader-1-0\" ezaw=\"300\" ezah=\"250\" style=\"position:relative;z-index:0;display:inline-block;padding:0;min-height:250px;min-width:300px\" class=\"ezoic-ad\"><\/span><\/span>Vem ska en cancer gifta sig med?<span class=\"ez-toc-section-end\"><\/span><span class=\"ez-toc-section-end\"><\/span><\/h2>\n<p>I allm\u00e4nhet \u00e4r Fiskarna och Skorpionen, b\u00e5da vattentecken, de mest kompatibla med cancer i v\u00e4nskap och romantiska partners eftersom de intuitivt \u00abf\u00e5r\u00bb tecknets k\u00e4nslospr\u00e5k. <\/p>\n<p>  Jungfrun, Oxen och Stenbocken delar en liknande energi f\u00f6r att h\u00e5lla utrymmet.<\/p>\n<h2><span class=\"ez-toc-section\" id=\"Vilken_nyans_representerar_cancer\"><\/span><span class=\"ez-toc-section\" id=\"%C2%BFQue_tonalidad_representa_el_cancer\"><\/span><span id=\"ezoic-pub-ad-placeholder-148\" class=\"ezoic-adpicker-ad\"><\/span>Vilken nyans representerar cancer?<span class=\"ez-toc-section-end\"><\/span><span class=\"ez-toc-section-end\"><\/span><\/h2>\n<p>a) Alla typer av cancer Ett lavendelband b\u00e4rs vanligtvis f\u00f6r att visa st\u00f6d f\u00f6r cancerpatienter p\u00e5 alla s\u00e4tt. <\/p>\n<p>  M\u00e5nga m\u00e4nniskor anv\u00e4nder olika f\u00e4rgade band eller en regnb\u00e5ge av band f\u00f6r att representera samma id\u00e9. <\/p>\n<p>  B\u00e5de World Cancer Day och National Cancer Prevention Month firas i februari varje \u00e5r.<\/p>\n<h2><span class=\"ez-toc-section\" id=\"Varfor_ar_brostcancer_i_oktober\"><\/span><span class=\"ez-toc-section\" id=\"%C2%BFPor_que_el_cancer_de_mama_es_en_octubre\"><\/span><span id=\"ezoic-pub-ad-placeholder-153\" class=\"ezoic-adpicker-ad\"><\/span><span class=\"ezoic-ad ezoic-at-0 large-mobile-banner-2 large-mobile-banner-2153 adtester-container adtester-container-153\" data-ez-name=\"hiszodiac_com-large-mobile-banner-2\"><span id=\"div-gpt-ad-hiszodiac_com-large-mobile-banner-2-0\" ezaw=\"468\" ezah=\"60\" style=\"position:relative;z-index:0;display:inline-block;padding:0;width:100%;max-width:1200px;margin-left:auto!important;margin-right:auto!important;min-height:90px;min-width:728px\" class=\"ezoic-ad\"><\/span><\/span>Varf\u00f6r \u00e4r br\u00f6stcancer i oktober?<span class=\"ez-toc-section-end\"><\/span><span class=\"ez-toc-section-end\"><\/span><\/h2>\n<p>Oktober 1985 markerade det f\u00f6rsta \u00e5ret av National Breast Cancer Awareness Month. <\/p>\n<p>  Detta var b\u00f6rjan p\u00e5 landets f\u00f6rsta formella kampanj f\u00f6r att \u00f6ka medvetenheten om riskerna med br\u00f6stcancer. <\/p>\n<p>  Sedan dess har kampanjer f\u00f6r att informera allm\u00e4nheten om denna sjukdom m\u00e5ngdubblats och blomstrat.<\/p>\n<h2><span class=\"ez-toc-section\" id=\"Ar_oktober_bara_for_brostcancermedvetenhet\"><\/span><span class=\"ez-toc-section\" id=\"%C2%BFOctubre_es_solo_para_la_concientizacion_sobre_el_cancer_de_mama\"><\/span><span id=\"ezoic-pub-ad-placeholder-154\" class=\"ezoic-adpicker-ad\"><\/span><span class=\"ezoic-ad ezoic-at-0 leader-2 leader-2154 adtester-container adtester-container-154\" data-ez-name=\"hiszodiac_com-leader-2\"><span id=\"div-gpt-ad-hiszodiac_com-leader-2-0\" ezaw=\"336\" ezah=\"280\" style=\"position:relative;z-index:0;display:inline-block;padding:0;width:100%;max-width:1200px;margin-left:auto!important;margin-right:auto!important;min-height:280px;min-width:336px\" class=\"ezoic-ad\"><\/span><\/span>\u00c4r oktober bara f\u00f6r br\u00f6stcancermedvetenhet?<span class=\"ez-toc-section-end\"><\/span><span class=\"ez-toc-section-end\"><\/span><\/h2>\n<p>Vi kommer alla definitivt att b\u00f6rja se mindre rosa i tv-annonser och i v\u00e5ra favoritartiklar n\u00e4r oktober slutar och m\u00e5naden f\u00f6r br\u00f6stcancermedvetenhet n\u00e4rmar sig sitt slut, men det betyder inte att vi ska sluta t\u00e4nka p\u00e5 br\u00f6stcancer. <\/p>\n<p>  \u00c4ven om m\u00e5naden f\u00f6r medvetenhet om br\u00f6stcancer snart \u00e4r \u00f6ver, \u00e4r v\u00e5r kamp mot br\u00f6stcancer inte det. <\/p>\n<p>  Br\u00f6stcancer b\u00f6r vara ett bekymmer f\u00f6r alla \u00e5ret runt, oavsett om det intr\u00e4ffar i oktober, december, januari eller juni.<\/p>\n<p>H\u00e4r \u00e4r n\u00e5gra saker du kan g\u00f6ra varje m\u00e5nad under det kommande \u00e5ret f\u00f6r att \u00f6ka medvetenheten om br\u00f6stcancer fr\u00e5n januari till december.<\/p>\n<h2><span class=\"ez-toc-section\" id=\"Den_rosa_oktober_manad_varfor\"><\/span><span class=\"ez-toc-section\" id=\"El_mes_rosa_de_octubre_%C2%BFpor_que\"><\/span><span id=\"ezoic-pub-ad-placeholder-155\" class=\"ezoic-adpicker-ad\"><\/span>Den rosa oktober m\u00e5nad, varf\u00f6r?<span class=\"ez-toc-section-end\"><\/span><span class=\"ez-toc-section-end\"><\/span><\/h2>\n<p>\u00c4ven om det \u00e4r mindre vanligt hos m\u00e4n, \u00e4r br\u00f6stcancer fortfarande ett farligt tillst\u00e5nd f\u00f6r dem. <\/p>\n<p>  M\u00e4n ignorerar ofta tecknen p\u00e5 br\u00f6stcancer, vilket g\u00f6r att tillst\u00e5ndet uppt\u00e4cks mycket senare och i ett mycket farligt stadium. <\/p>\n<p>  Tre medicinska och ideella organisationer som str\u00e4var efter att \u00f6ka medvetenheten om manlig br\u00f6stcancer gick samman 2009 f\u00f6r att utse den tredje veckan i Rosa oktober till Male Breast Cancer Awareness Week. <\/p>\n<p>  F\u00f6r att s\u00e4kerst\u00e4lla att m\u00e4n \u00e4r informerade om orsaker, symtom, konsekvenser och behandlingar av sjukdomen har organisationerna Out of the Shadow of Pink, A Man&#8217;s Pink och Brandon Greening Foundation for Breast Cancer in Men planerat en rad evenemang och upplysningsaktiviteter . <\/p>\n<p>anstr\u00e4ngningar<\/p>\n<p>Dagens v\u00e4rld ser m\u00e5nga h\u00e4lsoinsatser och aktiviteter f\u00f6r medvetenhet om br\u00f6stcancer under hela oktober m\u00e5nad varje \u00e5r. <\/p>\n<p>  M\u00e5nga insamlingsevenemang, initiativ f\u00f6r h\u00e4lsomedvetenhet och medicinska unders\u00f6kningar \u00e4r bland de aktiviteter som genomf\u00f6rs globalt av olika filantropiska och medicinska organisationer. <\/p>\n<p>  Ett av huvudm\u00e5len med de flesta evenemang som h\u00f6lls under denna tid var att \u00f6ka medvetenheten om detta tillst\u00e5nd bland m\u00e4nniskor runt om i v\u00e4rlden. <\/p>\n<p>  Olika grupper och individer har varit aktiva i saken i olika l\u00e4nder runt om i v\u00e4rlden, inklusive USA. <\/p>\n<p>USA, Kanada, Storbritannien, Indien, Kina, Australien, Frankrike och m\u00e5nga fler.<\/p>\n<h2><span class=\"ez-toc-section\" id=\"Vilka_manader_betecknas_som_cancermedvetandemanader\"><\/span><span class=\"ez-toc-section\" id=\"%C2%BFQue_meses_se_designan_como_meses_de_concientizacion_sobre_el_cancer\"><\/span><span id=\"ezoic-pub-ad-placeholder-156\" class=\"ezoic-adpicker-ad\"><\/span><span class=\"ezoic-ad ezoic-at-0 leader-3 leader-3156 adtester-container adtester-container-156\" data-ez-name=\"hiszodiac_com-leader-3\"><span id=\"div-gpt-ad-hiszodiac_com-leader-3-0\" ezaw=\"250\" ezah=\"250\" style=\"position:relative;z-index:0;display:inline-block;padding:0;width:100%;max-width:1200px;margin-left:auto!important;margin-right:auto!important;min-height:90px;min-width:728px\" class=\"ezoic-ad\"><\/span><\/span>Vilka m\u00e5nader betecknas som cancermedvetandem\u00e5nader?<span class=\"ez-toc-section-end\"><\/span><span class=\"ez-toc-section-end\"><\/span><\/h2>\n<p>Kalender f\u00f6r Cancer Awareness Month<\/p>\n<ul>\n<li>Preventionsvecka f\u00f6r livmoderhalscancer i januari.<\/li>\n<li>februari.\n<p> Medvetenhet om matstrupscancer. <\/p>\n<p>  Dag mot cancer.<\/p>\n<\/li>\n<li>Mars.\n<p> Medvetenhet om kolorektal cancer. <\/p>\n<p>  Medvetenhet om \u00e4ggstockscancer. <\/p>\n<p>  Kunskap om hj\u00e4rntum\u00f6rer. <\/p>\n<p>  Prostatacancermedvetenhet.<\/p>\n<\/li>\n<\/ul>\n<p>Vi hoppas att du gillade v\u00e5r artikel Det \u00e4r oktober m\u00e5nad cancer och allt relaterat till horoskop, tarot, ritualer och allt relaterat.<\/p>\n<figure class=\"wp-block-table is-style-regular\">\n<\/figure>\n<p>Intressanta saker att veta inneb\u00f6rden: Tarot  <\/p>\n<p>\u00c4ven h\u00e4r l\u00e4mnar vi \u00e4mnen relaterade till: Tarot<\/p>\n<\/p>\n<p><\/p>\n<p>Vi hoppas att du gillade v\u00e5r artikel Det \u00e4r cancerm\u00e5naden i oktober<br \/>\n och allt om horoskop, tarot, ritualer och allt relaterat till det &#8230;<\/p>\n<figure class=\"wp-block-table is-style-regular\">\n<table style=\"width: 284px; height: 157px;\">\n<tbody>\n<tr>\n<td class=\"has-text-align-center\" data-align=\"center\"><img loading=\"lazy\" decoding=\"async\" class=\"alignleft\" src=\" https:\/\/goroskop.tv\/wp-content\/uploads\/2023\/05\/tarot1.jpg \" alt=\" Det \u00e4r cancerm\u00e5naden i oktober\n \" width=\"65\" height=\"95\" title=\"\"><img loading=\"lazy\" decoding=\"async\" class=\"alignleft\" style=\"width: 60px;\" src=\" https:\/\/goroskop.tv\/wp-content\/uploads\/2023\/05\/tarot2.jpg \" alt=\" Det \u00e4r cancerm\u00e5naden i oktober\n \" width=\"195\" height=\"300\" title=\"\"><img decoding=\"async\" class=\"alignleft\" style=\"width: 60px;\" src=\" https:\/\/goroskop.tv\/wp-content\/uploads\/2023\/05\/tarot3.jpg \" alt=\" Det \u00e4r cancerm\u00e5naden i oktober\n \" title=\"\"><\/td>\n<\/tr>\n<\/tbody>\n<\/table>\n<\/figure>\n<p>Intressanta saker att veta inneb\u00f6rden: <a href=\"https:\/\/sv.wikipedia.org\/wiki\/Tarot\" target=\"_blank\" rel=\"nofollow noopener\"> Tarot <\/a> <\/p>\n<p>H\u00e4r l\u00e4mnar vi ocks\u00e5 \u00e4mnen relaterade till: <a href=\" https:\/\/goroskop.tv\/sw\/kommer-leo-och-skorpionen-overens-som-vanner\/\">Tarot<\/a><\/p>\n<div id=\"ez-toc-container\" class=\"ez-toc-v2_0_82_2 ez-toc-wrap-center counter-hierarchy ez-toc-counter ez-toc-grey ez-toc-container-direction\">\n<div class=\"ez-toc-title-container\">\n<div class=\"ez-toc-title\" style=\"cursor:inherit\">Table of Contents<\/div>\n<span class=\"ez-toc-title-toggle\"><a href=\"#\" class=\"ez-toc-pull-right ez-toc-btn ez-toc-btn-xs ez-toc-btn-default ez-toc-toggle\" aria-label=\"Alternar tabla de contenidos\"><span class=\"ez-toc-js-icon-con\"><span class=\"\"><span class=\"eztoc-hide\" style=\"display:none;\">Toggle<\/span><span class=\"ez-toc-icon-toggle-span\"><svg style=\"fill: #999;color:#999\" xmlns=\"http:\/\/www.w3.org\/2000\/svg\" class=\"list-377408\" width=\"20px\" height=\"20px\" viewBox=\"0 0 24 24\" fill=\"none\"><path d=\"M6 6H4v2h2V6zm14 0H8v2h12V6zM4 11h2v2H4v-2zm16 0H8v2h12v-2zM4 16h2v2H4v-2zm16 0H8v2h12v-2z\" fill=\"currentColor\"><\/path><\/svg><svg style=\"fill: #999;color:#999\" class=\"arrow-unsorted-368013\" xmlns=\"http:\/\/www.w3.org\/2000\/svg\" width=\"10px\" height=\"10px\" viewBox=\"0 0 24 24\" version=\"1.2\" baseProfile=\"tiny\"><path d=\"M18.2 9.3l-6.2-6.3-6.2 6.3c-.2.2-.3.4-.3.7s.1.5.3.7c.2.2.4.3.7.3h11c.3 0 .5-.1.7-.3.2-.2.3-.5.3-.7s-.1-.5-.3-.7zM5.8 14.7l6.2 6.3 6.2-6.3c.2-.2.3-.5.3-.7s-.1-.5-.3-.7c-.2-.2-.4-.3-.7-.3h-11c-.3 0-.5.1-.7.3-.2.2-.3.5-.3.7s.1.5.3.7z\"\/><\/svg><\/span><\/span><\/span><\/a><\/span><\/div>\n<nav><ul class='ez-toc-list ez-toc-list-level-1 eztoc-toggle-hide-by-default' ><li class='ez-toc-page-1 ez-toc-heading-level-2'><a class=\"ez-toc-link ez-toc-heading-1\" href=\"https:\/\/goroskop.tv\/sw\/det-ar-cancermanaden-i-oktober\/#Det_ar_cancermanaden_i_oktober\" >Det \u00e4r cancerm\u00e5naden i oktober<\/a><\/li><li class='ez-toc-page-1 ez-toc-heading-level-2'><a class=\"ez-toc-link ez-toc-heading-2\" href=\"https:\/\/goroskop.tv\/sw\/det-ar-cancermanaden-i-oktober\/#Vad_ar_Cancer_Awareness_Month\" >Vad \u00e4r Cancer Awareness Month?<\/a><ul class='ez-toc-list-level-3' ><li class='ez-toc-heading-level-3'><a class=\"ez-toc-link ez-toc-heading-3\" href=\"https:\/\/goroskop.tv\/sw\/det-ar-cancermanaden-i-oktober\/#Cancer_personlighet\" >Cancer personlighet<\/a><\/li><li class='ez-toc-page-1 ez-toc-heading-level-3'><a class=\"ez-toc-link ez-toc-heading-4\" href=\"https:\/\/goroskop.tv\/sw\/det-ar-cancermanaden-i-oktober\/#cancerkompatibilitet\" >cancerkompatibilitet<\/a><\/li><\/ul><\/li><li class='ez-toc-page-1 ez-toc-heading-level-2'><a class=\"ez-toc-link ez-toc-heading-5\" href=\"https:\/\/goroskop.tv\/sw\/det-ar-cancermanaden-i-oktober\/#Vilken_typ_av_cancer_hedras_i_oktober\" >Vilken typ av cancer hedras i oktober?<\/a><\/li><li class='ez-toc-page-1 ez-toc-heading-level-2'><a class=\"ez-toc-link ez-toc-heading-6\" href=\"https:\/\/goroskop.tv\/sw\/det-ar-cancermanaden-i-oktober\/#Vad_ar_medvetenhetsmanad_i_oktober\" >Vad \u00e4r medvetenhetsm\u00e5nad i oktober?<\/a><\/li><li class='ez-toc-page-1 ez-toc-heading-level-2'><a class=\"ez-toc-link ez-toc-heading-7\" href=\"https:\/\/goroskop.tv\/sw\/det-ar-cancermanaden-i-oktober\/#Vem_ska_en_cancer_gifta_sig_med\" >Vem ska en cancer gifta sig med?<\/a><\/li><li class='ez-toc-page-1 ez-toc-heading-level-2'><a class=\"ez-toc-link ez-toc-heading-8\" href=\"https:\/\/goroskop.tv\/sw\/det-ar-cancermanaden-i-oktober\/#Vilken_nyans_representerar_cancer\" >Vilken nyans representerar cancer?<\/a><\/li><li class='ez-toc-page-1 ez-toc-heading-level-2'><a class=\"ez-toc-link ez-toc-heading-9\" href=\"https:\/\/goroskop.tv\/sw\/det-ar-cancermanaden-i-oktober\/#Varfor_ar_brostcancer_i_oktober\" >Varf\u00f6r \u00e4r br\u00f6stcancer i oktober?<\/a><\/li><li class='ez-toc-page-1 ez-toc-heading-level-2'><a class=\"ez-toc-link ez-toc-heading-10\" href=\"https:\/\/goroskop.tv\/sw\/det-ar-cancermanaden-i-oktober\/#Ar_oktober_bara_for_brostcancermedvetenhet\" >\u00c4r oktober bara f\u00f6r br\u00f6stcancermedvetenhet?<\/a><\/li><li class='ez-toc-page-1 ez-toc-heading-level-2'><a class=\"ez-toc-link ez-toc-heading-11\" href=\"https:\/\/goroskop.tv\/sw\/det-ar-cancermanaden-i-oktober\/#Den_rosa_oktober_manad_varfor\" >Den rosa oktober m\u00e5nad, varf\u00f6r?<\/a><\/li><li class='ez-toc-page-1 ez-toc-heading-level-2'><a class=\"ez-toc-link ez-toc-heading-12\" href=\"https:\/\/goroskop.tv\/sw\/det-ar-cancermanaden-i-oktober\/#Vilka_manader_betecknas_som_cancermedvetandemanader\" >Vilka m\u00e5nader betecknas som cancermedvetandem\u00e5nader?<\/a><\/li><\/ul><\/nav><\/div>\n","protected":false},"excerpt":{"rendered":"<p>Det \u00e4r cancerm\u00e5naden i oktober Breast Cancer Awareness Month, som firas varje oktober, syftar till att \u00f6ka allm\u00e4nhetens f\u00f6rst\u00e5else f\u00f6r effekterna av br\u00f6stcancer. Kom ST\u00c5 UPP med oss \u200b\u200bn\u00e4r vi st\u00f6djer st\u00e4rkandet av kvinnor i n\u00f6d. Vad \u00e4r Cancer Awareness Month? Stj\u00e4rnbilden Kr\u00e4ftan \u00e4r k\u00e4llan till Kr\u00e4ftan, zodiakens fj\u00e4rde astrologiska tecken. Solen passerar genom detta &hellip;<\/p>\n","protected":false},"author":1,"featured_media":111,"comment_status":"closed","ping_status":"closed","sticky":false,"template":"","format":"standard","meta":{"footnotes":""},"categories":[4],"tags":[10,5636,44,803],"class_list":["post-48173","post","type-post","status-publish","format-standard","has-post-thumbnail","hentry","category-tarot","tag-ar","tag-cancermanaden","tag-det","tag-oktober"],"_links":{"self":[{"href":"https:\/\/goroskop.tv\/sw\/wp-json\/wp\/v2\/posts\/48173","targetHints":{"allow":["GET"]}}],"collection":[{"href":"https:\/\/goroskop.tv\/sw\/wp-json\/wp\/v2\/posts"}],"about":[{"href":"https:\/\/goroskop.tv\/sw\/wp-json\/wp\/v2\/types\/post"}],"author":[{"embeddable":true,"href":"https:\/\/goroskop.tv\/sw\/wp-json\/wp\/v2\/users\/1"}],"replies":[{"embeddable":true,"href":"https:\/\/goroskop.tv\/sw\/wp-json\/wp\/v2\/comments?post=48173"}],"version-history":[{"count":0,"href":"https:\/\/goroskop.tv\/sw\/wp-json\/wp\/v2\/posts\/48173\/revisions"}],"wp:featuredmedia":[{"embeddable":true,"href":"https:\/\/goroskop.tv\/sw\/wp-json\/wp\/v2\/media\/111"}],"wp:attachment":[{"href":"https:\/\/goroskop.tv\/sw\/wp-json\/wp\/v2\/media?parent=48173"}],"wp:term":[{"taxonomy":"category","embeddable":true,"href":"https:\/\/goroskop.tv\/sw\/wp-json\/wp\/v2\/categories?post=48173"},{"taxonomy":"post_tag","embeddable":true,"href":"https:\/\/goroskop.tv\/sw\/wp-json\/wp\/v2\/tags?post=48173"}],"curies":[{"name":"wp","href":"https:\/\/api.w.org\/{rel}","templated":true}]}}