{"id":48962,"date":"2023-08-31T15:22:53","date_gmt":"2023-08-31T15:22:53","guid":{"rendered":"https:\/\/goroskop.tv\/sw\/vad-hander-med-manastrologi\/"},"modified":"2023-08-31T15:22:53","modified_gmt":"2023-08-31T15:22:53","slug":"vad-hander-med-manastrologi","status":"publish","type":"post","link":"https:\/\/goroskop.tv\/sw\/vad-hander-med-manastrologi\/","title":{"rendered":"Vad h\u00e4nder med m\u00e5nastrologi"},"content":{"rendered":"<p><\/p>\n<h2><span class=\"ez-toc-section\" id=\"Vad_hander_med_manastrologi\"><\/span><span class=\"ez-toc-section\" id=\"Que_esta_pasando_con_la_astrologia_lunar\"><\/span>  Vad h\u00e4nder med m\u00e5nastrologi<span class=\"ez-toc-section-end\"><\/span><span class=\"ez-toc-section-end\"><\/span><\/h2>\n<p>M\u00e5nen i V\u00e5gen \u00e4r en gener\u00f6s planet. <\/p>\n<p>  Vi l\u00e4ngtar efter harmoni, men v\u00e5ra anstr\u00e4ngningar att uppn\u00e5 det i morse kan tyckas orsaka konflikter. <\/p>\n<p>  Vi \u00e4r s\u00e4rskilt k\u00e4nsliga f\u00f6r delar av v\u00e5ra liv (s\u00e4rskilt v\u00e5ra relationer) som \u00e4r i obalans. <\/p>\n<p>  Det kan uppst\u00e5 stor irritation och stridslystnad n\u00e4r m\u00e5nen och Mars \u00e4r i opposition. <\/p>\n<p>  Vi har f\u00f6rm\u00e5gan att reagera snabbt. <\/p>\n<p>  Denna transit stimulerar v\u00e5r lust till handling, aktivitet och utmaningar, vilket kan komma i konflikt med v\u00e5rt k\u00e4nslom\u00e4ssiga tillst\u00e5nd. <\/p>\n<p>  Senare idag triar M\u00e5nen Tvillingsolen, som \u00e4r mer samarbetsvillig. <\/p>\n<p>  Vi \u00e4r idealister, med en stark k\u00e4nsla av att tillh\u00f6ra varandra och till v\u00e5ra id\u00e9er och m\u00e5l.<\/p>\n<h2><span class=\"ez-toc-section\" id=\"Vad_ar_manens_astrologi_idag\"><\/span><span class=\"ez-toc-section\" id=\"%C2%BFCual_es_la_astrologia_de_la_Luna_hoy\"><\/span><span id=\"ezoic-pub-ad-placeholder-144\" class=\"ezoic-adpicker-ad\"><\/span><span class=\"ezoic-ad ezoic-at-0 box-4 box-4144 adtester-container adtester-container-144\" data-ez-name=\"hiszodiac_com-box-4\"><span id=\"div-gpt-ad-hiszodiac_com-box-4-0\" ezaw=\"468\" ezah=\"60\" style=\"position:relative;z-index:0;display:inline-block;padding:0;width:100%;max-width:1200px;margin-left:auto!important;margin-right:auto!important;min-height:90px;min-width:728px\" class=\"ezoic-ad\"><\/span><\/span>Vad \u00e4r m\u00e5nens astrologi idag?<span class=\"ez-toc-section-end\"><\/span><span class=\"ez-toc-section-end\"><\/span><\/h2>\n<p>Crescent Crescent 19 % av rymden \u00e4r upplyst Idag \u00e4r det torsdagen den 5 maj 2022 och m\u00e5nfasen \u00e4r Crescent Crescent. <\/p>\n<p>  Den upplysta delen av m\u00e5nens yta, sett fr\u00e5n jorden, \u00e4r 19 procent och \u00f6kar. <\/p>\n<p>  M\u00e5nen, som bara \u00e4r 4 dagar gammal, \u00e4r i Kr\u00e4ftans tecken.<\/p>\n<h2><span class=\"ez-toc-section\" id=\"Finns_det_ett_samband_mellan_astrologi_och_manen\"><\/span><span class=\"ez-toc-section\" id=\"%C2%BFExiste_una_conexion_entre_la_astrologia_y_la_Luna\"><\/span><span id=\"ezoic-pub-ad-placeholder-145\" class=\"ezoic-adpicker-ad\"><\/span>Finns det ett samband mellan astrologi och m\u00e5nen?<span class=\"ez-toc-section-end\"><\/span><span class=\"ez-toc-section-end\"><\/span><\/h2>\n<p>M\u00e5nen visar v\u00e5ra behov som barn och maten vi fick eller inte fick. <\/p>\n<p>  Om solen \u00e4r v\u00e5r ljusk\u00e4lla, \u00e4r m\u00e5nen v\u00e5r k\u00e4lla till skugga. <\/p>\n<p>  Astrologer tittar p\u00e5 den skuggan i f\u00f6rlossningshoroskopet f\u00f6r att f\u00f6ruts\u00e4ga \u00f6verlevnadsinstinkter, skyddsmekanismer och till och med \u00e4tm\u00f6nster. <\/p>\n<p>  Hur matas och formas vi som m\u00e4nniskor?  I m\u00e5nskenet alltid k\u00e4rleksfull.<\/p>\n<p>Fertilitet och f\u00f6rlossning har l\u00e4nge f\u00f6rknippats med m\u00e5nen. <\/p>\n<p>  P\u00e5 samma s\u00e4tt representerar m\u00e5nen i astrologin inflytandet fr\u00e5n modern och hur vi v\u00e5rdar jorden hos v\u00e5rt inre barn.<\/p>\n<p>Det \u00e4r viktigt att bed\u00f6ma vilket av de tolv husen ditt m\u00e5ntecken faller in i, liksom dess f\u00f6rh\u00e5llande till andra planeter, f\u00f6r att f\u00e5 en b\u00e4ttre uppfattning om vilken roll det spelar i ditt liv. <\/p>\n<p>  Huset d\u00e4r f\u00f6delsem\u00e5nen \u00e4r bel\u00e4gen \u00e5terspeglar de omr\u00e5den i v\u00e5rt liv d\u00e4r vi k\u00e4nner oss mest bekv\u00e4ma.<\/p>\n<h2><span class=\"ez-toc-section\" id=\"Vilken_effekt_har_manen_pa_stjarntecknen\"><\/span><span class=\"ez-toc-section\" id=\"%C2%BFQue_efecto_tiene_la_Luna_en_los_signos_del_zodiaco\"><\/span><span id=\"ezoic-pub-ad-placeholder-146\" class=\"ezoic-adpicker-ad\"><\/span>Vilken effekt har m\u00e5nen p\u00e5 stj\u00e4rntecknen?<span class=\"ez-toc-section-end\"><\/span><span class=\"ez-toc-section-end\"><\/span><\/h2>\n<p>Astrologer tror att den dagliga f\u00f6r\u00e4ndringen av m\u00e5nens position i zodiaken \u00e5terspeglar k\u00e4rnan i m\u00e4nskliga k\u00e4nslor och kan f\u00f6rklara hur m\u00e4nniskor reagerar p\u00e5 specifika h\u00e4ndelser. <\/p>\n<p>  M\u00e5nen har en inverkan p\u00e5 kreativitet, fantasi och m\u00e4nniskors f\u00f6rm\u00e5ga att attrahera andra.<\/p>\n<h2><span class=\"ez-toc-section\" id=\"Vilken_typ_av_retrograd_befinner_vi_oss_i_just_nu\"><\/span><span class=\"ez-toc-section\" id=\"%C2%BFEn_que_tipo_de_retrogrado_estamos_ahora_mismo\"><\/span><span id=\"ezoic-pub-ad-placeholder-147\" class=\"ezoic-adpicker-ad\"><\/span><span class=\"ezoic-ad ezoic-at-0 leader-1 leader-1147 adtester-container adtester-container-147\" data-ez-name=\"hiszodiac_com-leader-1\"><span id=\"div-gpt-ad-hiszodiac_com-leader-1-0\" ezaw=\"250\" ezah=\"250\" style=\"position:relative;z-index:0;display:inline-block;padding:0;width:100%;max-width:1200px;margin-left:auto!important;margin-right:auto!important;min-height:90px;min-width:728px\" class=\"ezoic-ad\"><\/span><\/span>Vilken typ av retrograd befinner vi oss i just nu?<span class=\"ez-toc-section-end\"><\/span><span class=\"ez-toc-section-end\"><\/span><\/h2>\n<p>Den f\u00f6rsta retrograden kommer att ske mellan 14 januari och 3 februari 2022. <\/p>\n<p>Den andra retrograden kommer att ske mellan 10 maj och 3 juni 2022. <\/p>\n<p>Den tredje retrograden kommer att ske mellan 9 september och 2 oktober 2022. <\/p>\n<p>Den fj\u00e4rde retrograden kommer att ske mellan 29 december och 18 januari 2023.<\/p>\n<h2><span class=\"ez-toc-section\" id=\"Vilken_planet_ar_nu_retrograd\"><\/span><span class=\"ez-toc-section\" id=\"%C2%BFQue_planeta_esta_ahora_retrogrado\"><\/span><span id=\"ezoic-pub-ad-placeholder-148\" class=\"ezoic-adpicker-ad\"><\/span><span class=\"ezoic-ad ezoic-at-0 large-mobile-banner-1 large-mobile-banner-1148 adtester-container adtester-container-148\" data-ez-name=\"hiszodiac_com-large-mobile-banner-1\"><span id=\"div-gpt-ad-hiszodiac_com-large-mobile-banner-1-0\" ezaw=\"300\" ezah=\"250\" style=\"position:relative;z-index:0;display:inline-block;padding:0;min-height:250px;min-width:300px\" class=\"ezoic-ad\"><\/span><\/span>Vilken planet \u00e4r nu retrograd?<span class=\"ez-toc-section-end\"><\/span><span class=\"ez-toc-section-end\"><\/span><\/h2>\n<p>Retrograd Pluto 2022, som kommer att intr\u00e4ffa i Stenbocken, kommer att st\u00e4nga uppeh\u00e5llet p\u00e5 n\u00e4stan tre m\u00e5nader.<\/p>\n<p>F\u00f6rnyelsens planet kommer att resa bakl\u00e4nges och l\u00e5ngsamt fr\u00e5n 29 april till 28 oktober. <\/p>\n<p>Det \u00e4r inte en av de snabbaste planeterna i solsystemet, men den \u00e4r ganska kraftfull.<\/p>\n<p>\u00abDet finns en kraft i Pluto som inte bara \u00e4r skr\u00e4mmande och olycksb\u00e5dande\u00bb, s\u00e4ger Girl and Her Moon-astrologen Noush.<\/p>\n<h2><span class=\"ez-toc-section\" id=\"Paverkar_manen_mitt_humor_idag\"><\/span><span class=\"ez-toc-section\" id=\"%C2%BFLa_Luna_esta_teniendo_un_impacto_en_mi_estado_de_animo_hoy\"><\/span><span id=\"ezoic-pub-ad-placeholder-153\" class=\"ezoic-adpicker-ad\"><\/span>P\u00e5verkar m\u00e5nen mitt hum\u00f6r idag?<span class=\"ez-toc-section-end\"><\/span><span class=\"ez-toc-section-end\"><\/span><\/h2>\n<p>Det \u00e4r en felaktighet. <\/p>\n<p>  Mycket forskning har gjorts under \u00e5ren f\u00f6r att leta efter ett f\u00f6rh\u00e5llande, men det har praktiskt taget inga bevis f\u00f6r att m\u00e5nen har en inverkan p\u00e5 m\u00e4nskligt beteende.<\/p>\n<h2><span class=\"ez-toc-section\" id=\"Pa_en_fullmane_varfor_kanner_jag_mig_konstig\"><\/span><span class=\"ez-toc-section\" id=\"En_luna_llena_%C2%BFpor_que_me_siento_extrano\"><\/span><span id=\"ezoic-pub-ad-placeholder-154\" class=\"ezoic-adpicker-ad\"><\/span>P\u00e5 en fullm\u00e5ne, varf\u00f6r k\u00e4nner jag mig konstig?<span class=\"ez-toc-section-end\"><\/span><span class=\"ez-toc-section-end\"><\/span><\/h2>\n<p>Fullm\u00e5nar kan \u00f6ka din \u00e5ngest Under den h\u00e4r fasen \u00e4r m\u00e5nen som ljusast och skapar en extrem opposition till solen, vilket kan f\u00e5 oss att k\u00e4nna oss uppr\u00f6rda.  \u00abDet kan f\u00e5 oss att k\u00e4nna oss oroliga, uppr\u00f6rda och k\u00e4nslom\u00e4ssiga p\u00e5 grund av dess intensitet\u00bb, s\u00e4ger Dr.<\/p>\n<p>Vi hoppas att du gillade v\u00e5r artikel Vad h\u00e4nder med m\u00e5nastrologi och allt relaterat till horoskop, tarot, ritualer och allt relaterat&#8230;<\/p>\n<figure class=\"wp-block-table is-style-regular\">\n<\/figure>\n<p>Intressanta saker att veta inneb\u00f6rden: Tarot  <\/p>\n<p>\u00c4ven h\u00e4r l\u00e4mnar vi \u00e4mnen relaterade till: Tarot<\/p>\n<\/p>\n<p><\/p>\n<p>Vi hoppas att du gillade v\u00e5r artikel Vad h\u00e4nder med m\u00e5nastrologi<br \/>\n och allt om horoskop, tarot, ritualer och allt relaterat till det &#8230;<\/p>\n<figure class=\"wp-block-table is-style-regular\">\n<table style=\"width: 284px; height: 157px;\">\n<tbody>\n<tr>\n<td class=\"has-text-align-center\" data-align=\"center\"><img loading=\"lazy\" decoding=\"async\" class=\"alignleft\" src=\" https:\/\/goroskop.tv\/wp-content\/uploads\/2023\/05\/tarot1.jpg \" alt=\" Vad h\u00e4nder med m\u00e5nastrologi\n \" width=\"65\" height=\"95\" title=\"\"><img loading=\"lazy\" decoding=\"async\" class=\"alignleft\" style=\"width: 60px;\" src=\" https:\/\/goroskop.tv\/wp-content\/uploads\/2023\/05\/tarot2.jpg \" alt=\" Vad h\u00e4nder med m\u00e5nastrologi\n \" width=\"195\" height=\"300\" title=\"\"><img decoding=\"async\" class=\"alignleft\" style=\"width: 60px;\" src=\" https:\/\/goroskop.tv\/wp-content\/uploads\/2023\/05\/tarot3.jpg \" alt=\" Vad h\u00e4nder med m\u00e5nastrologi\n \" title=\"\"><\/td>\n<\/tr>\n<\/tbody>\n<\/table>\n<\/figure>\n<p>Intressanta saker att veta inneb\u00f6rden: <a href=\"https:\/\/sv.wikipedia.org\/wiki\/Tarot\" target=\"_blank\" rel=\"nofollow noopener\"> Tarot <\/a> <\/p>\n<p>H\u00e4r l\u00e4mnar vi ocks\u00e5 \u00e4mnen relaterade till: <a href=\" https:\/\/goroskop.tv\/sw\/kommer-leo-och-skorpionen-overens-som-vanner\/\">Tarot<\/a><\/p>\n<div id=\"ez-toc-container\" class=\"ez-toc-v2_0_82_2 ez-toc-wrap-center counter-hierarchy ez-toc-counter ez-toc-grey ez-toc-container-direction\">\n<div class=\"ez-toc-title-container\">\n<div class=\"ez-toc-title\" style=\"cursor:inherit\">Table of Contents<\/div>\n<span class=\"ez-toc-title-toggle\"><a href=\"#\" class=\"ez-toc-pull-right ez-toc-btn ez-toc-btn-xs ez-toc-btn-default ez-toc-toggle\" aria-label=\"Alternar tabla de contenidos\"><span class=\"ez-toc-js-icon-con\"><span class=\"\"><span class=\"eztoc-hide\" style=\"display:none;\">Toggle<\/span><span class=\"ez-toc-icon-toggle-span\"><svg style=\"fill: #999;color:#999\" xmlns=\"http:\/\/www.w3.org\/2000\/svg\" class=\"list-377408\" width=\"20px\" height=\"20px\" viewBox=\"0 0 24 24\" fill=\"none\"><path d=\"M6 6H4v2h2V6zm14 0H8v2h12V6zM4 11h2v2H4v-2zm16 0H8v2h12v-2zM4 16h2v2H4v-2zm16 0H8v2h12v-2z\" fill=\"currentColor\"><\/path><\/svg><svg style=\"fill: #999;color:#999\" class=\"arrow-unsorted-368013\" xmlns=\"http:\/\/www.w3.org\/2000\/svg\" width=\"10px\" height=\"10px\" viewBox=\"0 0 24 24\" version=\"1.2\" baseProfile=\"tiny\"><path d=\"M18.2 9.3l-6.2-6.3-6.2 6.3c-.2.2-.3.4-.3.7s.1.5.3.7c.2.2.4.3.7.3h11c.3 0 .5-.1.7-.3.2-.2.3-.5.3-.7s-.1-.5-.3-.7zM5.8 14.7l6.2 6.3 6.2-6.3c.2-.2.3-.5.3-.7s-.1-.5-.3-.7c-.2-.2-.4-.3-.7-.3h-11c-.3 0-.5.1-.7.3-.2.2-.3.5-.3.7s.1.5.3.7z\"\/><\/svg><\/span><\/span><\/span><\/a><\/span><\/div>\n<nav><ul class='ez-toc-list ez-toc-list-level-1 eztoc-toggle-hide-by-default' ><li class='ez-toc-page-1 ez-toc-heading-level-2'><a class=\"ez-toc-link ez-toc-heading-1\" href=\"https:\/\/goroskop.tv\/sw\/vad-hander-med-manastrologi\/#Vad_hander_med_manastrologi\" >Vad h\u00e4nder med m\u00e5nastrologi<\/a><\/li><li class='ez-toc-page-1 ez-toc-heading-level-2'><a class=\"ez-toc-link ez-toc-heading-2\" href=\"https:\/\/goroskop.tv\/sw\/vad-hander-med-manastrologi\/#Vad_ar_manens_astrologi_idag\" >Vad \u00e4r m\u00e5nens astrologi idag?<\/a><\/li><li class='ez-toc-page-1 ez-toc-heading-level-2'><a class=\"ez-toc-link ez-toc-heading-3\" href=\"https:\/\/goroskop.tv\/sw\/vad-hander-med-manastrologi\/#Finns_det_ett_samband_mellan_astrologi_och_manen\" >Finns det ett samband mellan astrologi och m\u00e5nen?<\/a><\/li><li class='ez-toc-page-1 ez-toc-heading-level-2'><a class=\"ez-toc-link ez-toc-heading-4\" href=\"https:\/\/goroskop.tv\/sw\/vad-hander-med-manastrologi\/#Vilken_effekt_har_manen_pa_stjarntecknen\" >Vilken effekt har m\u00e5nen p\u00e5 stj\u00e4rntecknen?<\/a><\/li><li class='ez-toc-page-1 ez-toc-heading-level-2'><a class=\"ez-toc-link ez-toc-heading-5\" href=\"https:\/\/goroskop.tv\/sw\/vad-hander-med-manastrologi\/#Vilken_typ_av_retrograd_befinner_vi_oss_i_just_nu\" >Vilken typ av retrograd befinner vi oss i just nu?<\/a><\/li><li class='ez-toc-page-1 ez-toc-heading-level-2'><a class=\"ez-toc-link ez-toc-heading-6\" href=\"https:\/\/goroskop.tv\/sw\/vad-hander-med-manastrologi\/#Vilken_planet_ar_nu_retrograd\" >Vilken planet \u00e4r nu retrograd?<\/a><\/li><li class='ez-toc-page-1 ez-toc-heading-level-2'><a class=\"ez-toc-link ez-toc-heading-7\" href=\"https:\/\/goroskop.tv\/sw\/vad-hander-med-manastrologi\/#Paverkar_manen_mitt_humor_idag\" >P\u00e5verkar m\u00e5nen mitt hum\u00f6r idag?<\/a><\/li><li class='ez-toc-page-1 ez-toc-heading-level-2'><a class=\"ez-toc-link ez-toc-heading-8\" href=\"https:\/\/goroskop.tv\/sw\/vad-hander-med-manastrologi\/#Pa_en_fullmane_varfor_kanner_jag_mig_konstig\" >P\u00e5 en fullm\u00e5ne, varf\u00f6r k\u00e4nner jag mig konstig?<\/a><\/li><\/ul><\/nav><\/div>\n","protected":false},"excerpt":{"rendered":"<p>Vad h\u00e4nder med m\u00e5nastrologi M\u00e5nen i V\u00e5gen \u00e4r en gener\u00f6s planet. Vi l\u00e4ngtar efter harmoni, men v\u00e5ra anstr\u00e4ngningar att uppn\u00e5 det i morse kan tyckas orsaka konflikter. Vi \u00e4r s\u00e4rskilt k\u00e4nsliga f\u00f6r delar av v\u00e5ra liv (s\u00e4rskilt v\u00e5ra relationer) som \u00e4r i obalans. Det kan uppst\u00e5 stor irritation och stridslystnad n\u00e4r m\u00e5nen och Mars \u00e4r &hellip;<\/p>\n","protected":false},"author":1,"featured_media":31,"comment_status":"closed","ping_status":"closed","sticky":false,"template":"","format":"standard","meta":{"footnotes":""},"categories":[4],"tags":[126,10693,79,43],"class_list":["post-48962","post","type-post","status-publish","format-standard","has-post-thumbnail","hentry","category-tarot","tag-hander","tag-manastrologi","tag-med","tag-vad"],"_links":{"self":[{"href":"https:\/\/goroskop.tv\/sw\/wp-json\/wp\/v2\/posts\/48962","targetHints":{"allow":["GET"]}}],"collection":[{"href":"https:\/\/goroskop.tv\/sw\/wp-json\/wp\/v2\/posts"}],"about":[{"href":"https:\/\/goroskop.tv\/sw\/wp-json\/wp\/v2\/types\/post"}],"author":[{"embeddable":true,"href":"https:\/\/goroskop.tv\/sw\/wp-json\/wp\/v2\/users\/1"}],"replies":[{"embeddable":true,"href":"https:\/\/goroskop.tv\/sw\/wp-json\/wp\/v2\/comments?post=48962"}],"version-history":[{"count":0,"href":"https:\/\/goroskop.tv\/sw\/wp-json\/wp\/v2\/posts\/48962\/revisions"}],"wp:featuredmedia":[{"embeddable":true,"href":"https:\/\/goroskop.tv\/sw\/wp-json\/wp\/v2\/media\/31"}],"wp:attachment":[{"href":"https:\/\/goroskop.tv\/sw\/wp-json\/wp\/v2\/media?parent=48962"}],"wp:term":[{"taxonomy":"category","embeddable":true,"href":"https:\/\/goroskop.tv\/sw\/wp-json\/wp\/v2\/categories?post=48962"},{"taxonomy":"post_tag","embeddable":true,"href":"https:\/\/goroskop.tv\/sw\/wp-json\/wp\/v2\/tags?post=48962"}],"curies":[{"name":"wp","href":"https:\/\/api.w.org\/{rel}","templated":true}]}}