{"id":53194,"date":"2023-09-01T18:06:58","date_gmt":"2023-09-01T18:06:58","guid":{"rendered":"https:\/\/goroskop.tv\/sw\/vilken-charmkaraktar-ar-du\/"},"modified":"2023-09-01T18:06:58","modified_gmt":"2023-09-01T18:06:58","slug":"vilken-charmkaraktar-ar-du","status":"publish","type":"post","link":"https:\/\/goroskop.tv\/sw\/vilken-charmkaraktar-ar-du\/","title":{"rendered":"Vilken charmkarakt\u00e4r \u00e4r du?"},"content":{"rendered":"<p><\/p>\n<h2><span class=\"ez-toc-section\" id=\"Vilken_charmkaraktar_ar_du\"><\/span><span class=\"ez-toc-section\" id=\"%C2%BFQue_personaje_de_Encanto_eres\"><\/span>  Vilken charmkarakt\u00e4r \u00e4r du?<span class=\"ez-toc-section-end\"><\/span><span class=\"ez-toc-section-end\"><\/span><\/h2>\n<p>Luisa \u00e4r en Stenbocken i boken, \u00f6vertygad om att det \u00e4r hennes ansvar att b\u00e4ra v\u00e4rldens tyngd och ivriga att lida som ett s\u00e4tt att visa sin k\u00e4rlek. <\/p>\n<p>  Luisa k\u00e4mpar alltid f\u00f6r att beh\u00e5lla lugnet n\u00e4r hon faller samman, och Luisa kan bara koppla av med en \u00e5snespark i en h\u00e4ngmatta. <\/p>\n<p>  Med tiden inser han, som alla Stenbockar, att hans v\u00e4rde inte best\u00e4ms av vad han kan bidra med eller generera.<\/p>\n<h2><span class=\"ez-toc-section\" id=\"Vilka_ar_stjarntecknen_for_karaktarerna_i_Charm\"><\/span><span class=\"ez-toc-section\" id=\"%C2%BFCuales_son_los_signos_zodiacales_de_los_personajes_de_Encanto\"><\/span><span id=\"ezoic-pub-ad-placeholder-144\" class=\"ezoic-adpicker-ad\"><\/span><span class=\"ezoic-ad ezoic-at-0 box-4 box-4144 adtester-container adtester-container-144\" data-ez-name=\"hiszodiac_com-box-4\"><span id=\"div-gpt-ad-hiszodiac_com-box-4-0\" ezaw=\"300\" ezah=\"250\" style=\"position:relative;z-index:0;display:inline-block;padding:0;min-height:250px;min-width:300px\" class=\"ezoic-ad\"><\/span><\/span>Vilka \u00e4r stj\u00e4rntecknen f\u00f6r karakt\u00e4rerna i Charm?<span class=\"ez-toc-section-end\"><\/span><span class=\"ez-toc-section-end\"><\/span><\/h2>\n<p>Charm: Enligt ditt stj\u00e4rntecken, vilken madrigal \u00e4r du?<\/p>\n<ul>\n<li>Pepa \u00e4r otvetydigt Fiskarna.<\/li>\n<li>Camilo \u00e4r en Vattuman, vilket betyder att han f\u00f6ddes under zodiakens tecken.<\/li>\n<li>3 Luisa \u00e4r en Stenbocken som jobbar h\u00e5rt.<\/li>\n<li>4 Skytten \u00e4r precis som Felix avslappnad.<\/li>\n<li>Bruno \u00e4r en skorpion som missf\u00f6rst\u00e5r.<\/li>\n<li>Dolores \u00e4r en v\u00e5g som \u00e4r v\u00e4lbalanserad.<\/li>\n<li>Alma, mormor, agera som en Jungfru.<\/li>\n<\/ul>\n<h2><span class=\"ez-toc-section\" id=\"Vad_ar_Camilo_de_Encantos_stjarntecken\"><\/span><span class=\"ez-toc-section\" id=\"%C2%BFCual_es_el_signo_zodiacal_de_Camilo_de_Encanto\"><\/span><span id=\"ezoic-pub-ad-placeholder-145\" class=\"ezoic-adpicker-ad\"><\/span><span class=\"ezoic-ad ezoic-at-0 banner-1 banner-1145 adtester-container adtester-container-145\" data-ez-name=\"hiszodiac_com-banner-1\"><span id=\"div-gpt-ad-hiszodiac_com-banner-1-0\" ezaw=\"300\" ezah=\"250\" style=\"position:relative;z-index:0;display:inline-block;padding:0;min-height:250px;min-width:300px\" class=\"ezoic-ad\"><\/span><\/span>Vad \u00e4r Camilo de Encantos stj\u00e4rntecken?<span class=\"ez-toc-section-end\"><\/span><span class=\"ez-toc-section-end\"><\/span><\/h2>\n<p>Tvillingarna \u00e4r ett f\u00f6r\u00e4nderligt lufttecken som \u00e4r nyfiket och anpassningsbart. <\/p>\n<p>  Camilo \u00e4r en manifestation av Tvillingarna eftersom han \u00e4r en skicklig shapeshifter som kan f\u00f6rvandlas till vem som helst i stan och bli hans tvilling. <\/p>\n<p>  Tvillingarna, ofta k\u00e4nd som zodiakens kameleont, \u00e4r en v\u00e4lk\u00e4nd formskiftare som kan l\u00e4sa av energin i ett rum och modifiera den d\u00e4refter. <\/p>\n<p>  Tack vare denna talang kan Tvillingarna samtala och k\u00e4nna empati med praktiskt taget alla de m\u00f6ter p\u00e5 en fest. <\/p>\n<p>  Camilos magiska f\u00f6rm\u00e5ga \u00e4r ett fysiskt uttryck f\u00f6r Tvillingarnas tecken. <\/p>\n<p>  Tvillingarna kan se sig reflekterade i andra lika l\u00e4tt som de kan h\u00e5lla upp en spegel f\u00f6r andra. <\/p>\n<p>  Tvillingarna \u00e4r en naturlig kommunikat\u00f6r eftersom det \u00e4r ett lufttecken. <\/p>\n<p>  N\u00e4r alla i byn kommer f\u00f6r att fira Antonios leveransceremoni h\u00e4lsar Camilo dem alla. <\/p>\n<p>  Luftskyltarna \u00e4r ocks\u00e5 k\u00e4nda f\u00f6r sin objektivitet och intellekt.<\/p>\n<h2><span class=\"ez-toc-section\" id=\"Isabella_Madrigal_tillhor_vilket_stjarntecken\"><\/span><span class=\"ez-toc-section\" id=\"%C2%BFIsabella_Madrigal_pertenece_a_que_signo_zodiacal\"><\/span><span id=\"ezoic-pub-ad-placeholder-146\" class=\"ezoic-adpicker-ad\"><\/span><span class=\"ezoic-ad ezoic-at-0 large-leaderboard-2 large-leaderboard-2146 adtester-container adtester-container-146\" data-ez-name=\"hiszodiac_com-large-leaderboard-2\"><span id=\"div-gpt-ad-hiszodiac_com-large-leaderboard-2-0\" ezaw=\"728\" ezah=\"90\" style=\"position:relative;z-index:0;display:inline-block;padding:0;width:100%;max-width:1200px;margin-left:auto!important;margin-right:auto!important;min-height:90px;min-width:728px\" class=\"ezoic-ad\"><\/span><\/span>Isabella Madrigal tillh\u00f6r vilket stj\u00e4rntecken?<span class=\"ez-toc-section-end\"><\/span><span class=\"ez-toc-section-end\"><\/span><\/h2>\n<p>Isabela, Mirabels \u00abperfekta\u00bb storasyster, har f\u00f6rm\u00e5gan att odla blommor. <\/p>\n<p>  Trots att hon verkar felfri p\u00e5 utsidan, till\u00e4gger Charm att detta beror p\u00e5 att hon tror att hon inte har n\u00e5got annat val \u00e4n att vara perfekt, vilket paradoxalt nog passar bra med Jungfrutecknet.<\/p>\n<p>\u00c4ven om Jungfrur \u00e4r realistiska av naturen, h\u00e5ller de och de runt omkring dem dem till l\u00f6jliga standarder som de k\u00e4nner sig tvungna att f\u00f6lja hela tiden.<\/p>\n<h2><span class=\"ez-toc-section\" id=\"Alskling_vad_ar_Isabellas_fodelsedag\"><\/span><span class=\"ez-toc-section\" id=\"Encanto_%C2%BFcual_es_el_cumpleanos_de_Isabella\"><\/span><span id=\"ezoic-pub-ad-placeholder-147\" class=\"ezoic-adpicker-ad\"><\/span><span class=\"ezoic-ad ezoic-at-0 leader-1 leader-1147 adtester-container adtester-container-147\" data-ez-name=\"hiszodiac_com-leader-1\"><span id=\"div-gpt-ad-hiszodiac_com-leader-1-0\" ezaw=\"336\" ezah=\"280\" style=\"position:relative;z-index:0;display:inline-block;padding:0;width:100%;max-width:1200px;margin-left:auto!important;margin-right:auto!important;min-height:280px;min-width:336px\" class=\"ezoic-ad\"><\/span><\/span>\u00c4lskling, vad \u00e4r Isabellas f\u00f6delsedag?<span class=\"ez-toc-section-end\"><\/span><span class=\"ez-toc-section-end\"><\/span><\/h2>\n<ul>\n<li>Isabelas f\u00f6delsedag \u00e4r den 7 augusti, vilket ocks\u00e5 \u00e4r slaget vid Boyac och m\u00e5naden d\u00e5 Celebraci\u00f3n de las Flores \u00e4ger rum.<\/li>\n<li>Ines hette karakt\u00e4ren innan inspelningen b\u00f6rjade.<\/li>\n<li>Isabela \u00e4r 21 \u00e5r gammal och Madrigalernas f\u00f6rstf\u00f6dda barnbarn, enligt Jared Bush.\n<p> Dolores, hennes \u00e4ldre kusin, kom n\u00e5gra veckor senare. <\/p>\n<p>  De kallar henne till och med \u00abIsas skugga\u00bb eftersom hon och Isabela \u00e4r lika gamla, trots att hon \u00e4r n\u00e5gra veckor yngre.<\/p>\n<\/li>\n<li>Isabelas g\u00e5va har endast anv\u00e4nts f\u00f6r dekoration p\u00e5 grund av dess behov av att vara \u00abperfekt\u00bb.\n<p> Vissa kanske h\u00e4vdar att deras f\u00f6rm\u00e5ga att odla v\u00e4xter borde ha ut\u00f6kats till att omfatta odling av v\u00e4xter f\u00f6r mat som tr\u00e4d, gr\u00f6dor, etc\u00e9tera.<\/p>\n<\/li>\n<li>Isabela \u00e4r den spanska och italienska motsvarigheten till Elizabeth, och betyder \u00abvacker\u00bb eller \u00abgraci\u00f6s\u00bb.\n<p> Ordet \u00abhermosa\u00bb betyder \u00abvacker\u00bb p\u00e5 spanska och italienska, d\u00e4rav varf\u00f6r det var ett popul\u00e4rt flicknamn.<\/p>\n<\/li>\n<li>Isabela utm\u00e4rker sig p\u00e5 att b\u00e5de sv\u00e4nga och odla v\u00e4xter och blommor, tack vare sin f\u00f6rm\u00e5ga att odla vinstockar.<\/li>\n<li>Isabelas uttalande att Luisa inte kunde lyfta en empanada kan vara en \u00f6verdrift eftersom hon tappar styrka.<\/li>\n<li>Isabelas \u00f6nskan att undvika att gifta sig med Mariano n\u00e4mns vid flera tillf\u00e4llen innan hon s\u00e4ger till Mirabel direkt:<\/li>\n<li>Under \u00abThe Family Madrigal\u00bb l\u00e4gger Isabela inte m\u00e4rke till Marianos dr\u00f6mska blick.<\/li>\n<li>Dolores blir chockad n\u00e4r Mariano tillk\u00e4nnager sin avsikt att skaffa fem barn med Isabela, och blommor spirar spontant i hennes h\u00e5r.<\/li>\n<li>Isabela tv\u00e4ttar Camilo med blomblad n\u00e4r han f\u00f6rvandlas till Mariano f\u00f6r att leka med henne.\n<p> \u00c4ven om det kunde uppfattas som hennes irritation \u00f6ver hans sk\u00e4mt, kunde det ocks\u00e5 tolkas som hennes ogillande med Marianos m\u00f6jlighet att gifta sig.<\/p>\n<\/li>\n<li>Isabela verkar uppr\u00f6rd och uppr\u00f6rd n\u00e4r hon dansar runt Mirabel under de sista raderna av \u00abWe Don&#8217;t Talk About Bruno\u00bb, trots att hon ber\u00e4ttar om en mer positiv syn som hon fick av Bruno, vilket indikerar hennes sanna k\u00e4nslor om det hotande f\u00f6rslaget hon m\u00e5ste acceptera. .\n<p>samt att hans texter \u00e4ndras till \u00abOch jag m\u00e5r bra, och jag m\u00e5r bra, jag m\u00e5r bra\u00bb, visar hans desperation att behaga sin familj och ignorerar sina egna \u00f6nskem\u00e5l.<\/p>\n<\/li>\n<li>Isabela visar aldrig riktigt en genuin passion f\u00f6r Mariano under frierim\u00e5ltiden.<\/li>\n<li>Mariano ger henne f\u00f6rlovningsringen och hans leende \u00e4r stelt och p\u00e5tvingat, som om det vore ett knep.<\/li>\n<li>Marianos n\u00e4sa tr\u00e4ffas och krossas tv\u00e5 g\u00e5nger av en blomma fr\u00e5n Isabelas g\u00e5va, en g\u00e5ng vid middagen och en g\u00e5ng under \u00abVad kan jag g\u00f6ra?\u00bb  \u00c4ven om det var oavsiktligt visar det hur hon inte vill ha en romantisk kontakt med honom.<\/li>\n<li>Marianos n\u00e4sa, s\u00e4ger han, ser ut som en kl\u00e4md papaya till f\u00f6ljd av den tumultartade middagen.<\/li>\n<li>Isabela var k\u00e4r i en n\u00f6rdig pojke vid namn Bubo M\u00e1rquez som bor i skogen i Encanto (\u00e4ven om ett annat koncept gjorde att han bodde utanf\u00f6r stan) och planerade att fly med honom, enligt en raderad scen, men denna id\u00e9 om \u200bIsabelas skrotades, mycket troligt f\u00f6r att det st\u00f6rde hans b\u00e5ge och utveckling.<\/li>\n<li>Enligt Jared Bush var Isabela och Mirabel n\u00e4ra varandra n\u00e4r de var yngre, men n\u00e4r de blev \u00e4ldre gled de is\u00e4r p\u00e5 grund av deras olikheter i familjestatus och \u00absysterskap\u00bb, det sistn\u00e4mnda syftar p\u00e5 verkliga fall av syskon som separerade n\u00e4r de mognar.\n<p>.<\/p>\n<\/li>\n<li>Isabela sjunger \u00abflor de mayo, by the mile\u00bb p\u00e5 \u00abWhat Else Perro I Do?\u00bb  P\u00e5 engelska syftar termen \u00abFlower of May\u00bb p\u00e5 en blomma som blommar i maj.\n<p> Blommorna p\u00e5 Isabelas kl\u00e4nning och den i h\u00e5ret \u00e4r cattleya trianae-orkid\u00e9er, ofta k\u00e4nda som \u00abmay liles\u00bb eller \u00abflores de mayo\u00bb, och \u00e4r Colombias nationalblomma.<\/p>\n<\/li>\n<li>Isabela sjunger \u00abHe told me my power would unfold like the druves that thrive on the vine\u00bb i \u00abWe Don&#8217;t Talk About Bruno\u00bb, som f\u00f6reb\u00e5dar hennes v\u00e4xande vinstockar i hennes kammare i \u00abWhat Else C\u00e1nido I Do?\u00bb<\/li>\n<li>Isabela har f\u00e5tt ett nytt utseende p\u00e5 Casas nya ytterd\u00f6rr.\n<p> Hennes outfit har \u00e4ndrats f\u00f6r att spegla det faktum att hon inte l\u00e4ngre \u00e4r den prinsessliknande Isabela vi en g\u00e5ng k\u00e4nde. <\/p>\n<p>  Det \u00e4r oklart om hans rum kommer att f\u00f6r\u00e4ndras n\u00e4r han v\u00e4l f\u00e5r tillbaka det.<\/p>\n<\/li>\n<li>Under hela filmen v\u00e4xte Isabela upp och n\u00e4mnde flera av de v\u00e4xter hon trollade fram.\n<p> Rosor, krysantemum, vinrankor, flor de mayo (majblommor), kaktusar, jakaranda, strypfikon, palma de cera (vaxpalm), soldagg och tabebuia var bland v\u00e4xterna han odlade, men han verkar ocks\u00e5 kunna odla ormar . <\/p>\n<p>golv.<\/p>\n<\/li>\n<\/ul>\n<h2><span class=\"ez-toc-section\" id=\"Hur_gammal_ar_Camilo_i_Charm\"><\/span><span class=\"ez-toc-section\" id=\"En_Encanto_%C2%BFcuantos_anos_tiene_Camilo\"><\/span><span id=\"ezoic-pub-ad-placeholder-148\" class=\"ezoic-adpicker-ad\"><\/span><span class=\"ezoic-ad ezoic-at-0 large-mobile-banner-1 large-mobile-banner-1148 adtester-container adtester-container-148\" data-ez-name=\"hiszodiac_com-large-mobile-banner-1\"><span id=\"div-gpt-ad-hiszodiac_com-large-mobile-banner-1-0\" ezaw=\"468\" ezah=\"60\" style=\"position:relative;z-index:0;display:inline-block;padding:0;width:100%;max-width:1200px;margin-left:auto!important;margin-right:auto!important;min-height:90px;min-width:728px\" class=\"ezoic-ad\"><\/span><\/span>Hur gammal \u00e4r Camilo i Charm?<span class=\"ez-toc-section-end\"><\/span><span class=\"ez-toc-section-end\"><\/span><\/h2>\n<p>Varje generation bor i Casa Madrigal. <\/p>\n<p>  Mirabel, huvudpersonen i den h\u00e4r filmen, \u00e4r ungef\u00e4r 15 \u00e5r gammal. <\/p>\n<p>  Isabela, den \u00e4ldsta av Encantos barnbarn, var p\u00e5 v\u00e4g att acceptera ett \u00e4ktenskapsf\u00f6rslag fr\u00e5n en man fr\u00e5n bondg\u00e5rden.<\/p>\n<p>Dolores, Camilo och Antonio \u00e4r tre br\u00f6der i en familj, var och en med sina egna ansvarsomr\u00e5den. <\/p>\n<p>  Dolores, den n\u00e4st \u00e4ldsta, uppges ocks\u00e5 vara 21 \u00e5r gammal. <\/p>\n<p>  Camilo \u00e4r 15 \u00e5r, enligt Screenrant, och bara n\u00e5gra m\u00e5nader \u00e4ldre \u00e4n sin kusin Mirabel.<\/p>\n<p>Som ett resultat \u00e4r han mellanbarnet i sin n\u00e4rmaste familj, och anses vara ett inofficiellt \u00abteaterbarn\u00bb av Disney-entusiastas. <\/p>\n<p>  Antonio, Madrigals yngsta barnbarn, fick sin magiska g\u00e5va under h\u00e4ndelserna i Encanto.<\/p>\n<h2><span class=\"ez-toc-section\" id=\"Midorima_tillhor_vilket_stjarntecken\"><\/span><span class=\"ez-toc-section\" id=\"%C2%BFMidorima_pertenece_a_que_signo_del_zodiaco\"><\/span><span id=\"ezoic-pub-ad-placeholder-153\" class=\"ezoic-adpicker-ad\"><\/span><span class=\"ezoic-ad ezoic-at-0 large-mobile-banner-2 large-mobile-banner-2153 adtester-container adtester-container-153\" data-ez-name=\"hiszodiac_com-large-mobile-banner-2\"><span id=\"div-gpt-ad-hiszodiac_com-large-mobile-banner-2-0\" ezaw=\"250\" ezah=\"250\" style=\"position:relative;z-index:0;display:inline-block;padding:0;width:100%;max-width:1200px;margin-left:auto!important;margin-right:auto!important;min-height:90px;min-width:728px\" class=\"ezoic-ad\"><\/span><\/span>Midorima tillh\u00f6r vilket stj\u00e4rntecken?<span class=\"ez-toc-section-end\"><\/span><span class=\"ez-toc-section-end\"><\/span><\/h2>\n<p>Midorima \u00e4r k\u00e4nd f\u00f6r sitt reserverade upptr\u00e4dande. <\/p>\n<p>  Trots Takaos olika f\u00f6rs\u00f6k att \u00f6vertala honom ser han inte po\u00e4ngen med att spela spelet (det slutar ofta med att han pl\u00e5gar Midorima). <\/p>\n<p>  Han har sv\u00e5rt att vara sn\u00e4ll mot motst\u00e5ndare, \u00e4ven om hans v\u00e4n Takao inte har de problemen. <\/p>\n<p>  Han verkar ofta l\u00e5ng och kraftfull bland andra eftersom han \u00e4r s\u00e4ker p\u00e5 sina talanger (fr\u00e4mst sina lagkamrater). <\/p>\n<p>  Han tror starkt p\u00e5 Oha Asa-horoskop och \u00e4r l\u00e4ttad n\u00e4r han f\u00e5r veta att hans stj\u00e4rntecken, Kr\u00e4ftan, kommer att ha en lycklig dag, till och med g\u00e5 s\u00e5 l\u00e5ngt att han b\u00e4r med sig en \u00ablyckof\u00f6rem\u00e5l\u00bb vart han \u00e4n g\u00e5r. <\/p>\n<p>  Han tror ocks\u00e5 p\u00e5 blodgruppskompatibilitet, vilket framg\u00e5r av hans uttalande att Kurokos A-blodgrupp och hans B-blodgrupp \u00e4r of\u00f6renliga. <\/p>\n<p>  \u00abM\u00e4nniskan friar, Gud f\u00f6rfogar \u00f6ver\u00bb, s\u00e4ger han och antyder att du ska g\u00f6ra s\u00e5 gott du kan och l\u00e5ta \u00f6det avg\u00f6ra resten. <\/p>\n<p>  Takao beskrev en g\u00e5ng sin f\u00f6rberedelse inf\u00f6r matchen som ett beroende, inklusive att fylla sina naglar, binda sina fingrar, lyssna p\u00e5 Oha Asas horoskop och b\u00e4ra hans lyckliga f\u00f6rem\u00e5l f\u00f6r dagen d\u00e4refter.<\/p>\n<p>Midorima har en motvillig respekt f\u00f6r Kuroko och verkar ogilla det faktum att Kuroko trots sin brist p\u00e5 naturlig talang kan ta sig an medlemmarna i The Generation of Miracles, och att han valde ett nytt och relativt ok\u00e4nt lag som Seirin.  Han tror att Kuroko gjorde ett misstag n\u00e4r han skrev in sig p\u00e5 en skola d\u00e4r han inte kan anv\u00e4nda sina krafter.<\/p>\n<p>Trots sitt allm\u00e4nt lugna upptr\u00e4dande tappade han lugnet under Shtokus vintercupmatch mot Seirin High. <\/p>\n<p>  Han varnade Takao att sluta leka och lovade att fullst\u00e4ndigt f\u00f6rst\u00f6ra Seirin. <\/p>\n<p>  Takao j\u00e4mf\u00f6rde det med ett vildsint vilddjur. <\/p>\n<p>  Midorima lade ocks\u00e5 sin stolthet \u00e5t sidan under samma match och b\u00f6rjade spela f\u00f6r att hans lag skulle vinna. <\/p>\n<p>  Tidigare litade han aldrig p\u00e5 andra, men nu prioriterar han seger och spelar som ett riktigt lag. <\/p>\n<p>  Han s\u00e5gs ocks\u00e5 njuta av spelet och skratta, n\u00e5got han s\u00e4llan g\u00f6r, under bra lagspel.<\/p>\n<p>Takao h\u00e4nvisar till honom som en tsundere eftersom han \u00e4r ben\u00e4gen att hj\u00e4lpa andra medan han f\u00f6rnekar. <\/p>\n<p>  Midorima har stor f\u00f6rst\u00e5else f\u00f6r andra m\u00e4nniskors f\u00f6rm\u00e5gor, s\u00e5som Kagamis och Kurokos. <\/p>\n<p>  Under t\u00e4ckmantel av f\u00f6rl\u00f6jligande och kritik ger han dem d\u00e5 och d\u00e5 r\u00e5d. <\/p>\n<p>  Han hj\u00e4lpte Kagami med sin luftmedvetenhet och uppmuntrade Kuroko att spela solo, vilket ledde till skapandet av Vanishing Drive. <\/p>\n<p>  Han diskuterade ocks\u00e5 sin teori om Akashis tvillingf\u00f6rm\u00e5gor med Kagami och Kuroko.<\/p>\n<p>Midorima stack ut bland Generation of Miracles n\u00e4r de blev arroganta, som ber\u00e4ttats i tillbakablicken. <\/p>\n<p>  Han slutade aldrig tr\u00e4na och fortsatte att uppskatta det. <\/p>\n<p>  N\u00e4r Generation of Miracles satsade p\u00e5 vem som kunde f\u00e5 flest po\u00e4ng i ett spel, v\u00e4grade han att delta eftersom allt han ville g\u00f6ra var att g\u00f6ra sin del. <\/p>\n<p>  \u00c4ven om det irriterade honom gick han med p\u00e5 scenariot s\u00e5 l\u00e4nge de vann. <\/p>\n<p>  En annan sak som skiljer honom fr\u00e5n resten av Generation of Miracles \u00e4r att han \u00e4r den enda av dem som har haft modet att st\u00e5 upp mot Akashi hittills. <\/p>\n<p>  Detta kan ses i hans h\u00e4ftiga hat mot Akashi under vintercupens semifinal.<\/p>\n<p>Vi hoppas att du gillade v\u00e5r artikel Vilken charmkarakt\u00e4r \u00e4r du? och allt relaterat till horoskop, tarot, ritualer och allt relaterat.<\/p>\n<figure class=\"wp-block-table is-style-regular\">\n<\/figure>\n<p>Intressanta saker att veta inneb\u00f6rden: Tarot  <\/p>\n<p>\u00c4ven h\u00e4r l\u00e4mnar vi \u00e4mnen relaterade till: Tarot<\/p>\n<\/p>\n<p><\/p>\n<p>Vi hoppas att du gillade v\u00e5r artikel Vilken charmkarakt\u00e4r \u00e4r du?<br \/>\n och allt om horoskop, tarot, ritualer och allt relaterat till det &#8230;<\/p>\n<figure class=\"wp-block-table is-style-regular\">\n<table style=\"width: 284px; height: 157px;\">\n<tbody>\n<tr>\n<td class=\"has-text-align-center\" data-align=\"center\"><img loading=\"lazy\" decoding=\"async\" class=\"alignleft\" src=\" https:\/\/goroskop.tv\/wp-content\/uploads\/2023\/05\/tarot1.jpg \" alt=\" Vilken charmkarakt\u00e4r \u00e4r du?\n \" width=\"65\" height=\"95\" title=\"\"><img loading=\"lazy\" decoding=\"async\" class=\"alignleft\" style=\"width: 60px;\" src=\" https:\/\/goroskop.tv\/wp-content\/uploads\/2023\/05\/tarot2.jpg \" alt=\" Vilken charmkarakt\u00e4r \u00e4r du?\n \" width=\"195\" height=\"300\" title=\"\"><img decoding=\"async\" class=\"alignleft\" style=\"width: 60px;\" src=\" https:\/\/goroskop.tv\/wp-content\/uploads\/2023\/05\/tarot3.jpg \" alt=\" Vilken charmkarakt\u00e4r \u00e4r du?\n \" title=\"\"><\/td>\n<\/tr>\n<\/tbody>\n<\/table>\n<\/figure>\n<p>Intressanta saker att veta inneb\u00f6rden: <a href=\"https:\/\/sv.wikipedia.org\/wiki\/Tarot\" target=\"_blank\" rel=\"nofollow noopener\"> Tarot <\/a> <\/p>\n<p>H\u00e4r l\u00e4mnar vi ocks\u00e5 \u00e4mnen relaterade till: <a href=\" https:\/\/goroskop.tv\/sw\/kommer-leo-och-skorpionen-overens-som-vanner\/\">Tarot<\/a><\/p>\n<div id=\"ez-toc-container\" class=\"ez-toc-v2_0_82_2 ez-toc-wrap-center counter-hierarchy ez-toc-counter ez-toc-grey ez-toc-container-direction\">\n<div class=\"ez-toc-title-container\">\n<div class=\"ez-toc-title\" style=\"cursor:inherit\">Table of Contents<\/div>\n<span class=\"ez-toc-title-toggle\"><a href=\"#\" class=\"ez-toc-pull-right ez-toc-btn ez-toc-btn-xs ez-toc-btn-default ez-toc-toggle\" aria-label=\"Alternar tabla de contenidos\"><span class=\"ez-toc-js-icon-con\"><span class=\"\"><span class=\"eztoc-hide\" style=\"display:none;\">Toggle<\/span><span class=\"ez-toc-icon-toggle-span\"><svg style=\"fill: #999;color:#999\" xmlns=\"http:\/\/www.w3.org\/2000\/svg\" class=\"list-377408\" width=\"20px\" height=\"20px\" viewBox=\"0 0 24 24\" fill=\"none\"><path d=\"M6 6H4v2h2V6zm14 0H8v2h12V6zM4 11h2v2H4v-2zm16 0H8v2h12v-2zM4 16h2v2H4v-2zm16 0H8v2h12v-2z\" fill=\"currentColor\"><\/path><\/svg><svg style=\"fill: #999;color:#999\" class=\"arrow-unsorted-368013\" xmlns=\"http:\/\/www.w3.org\/2000\/svg\" width=\"10px\" height=\"10px\" viewBox=\"0 0 24 24\" version=\"1.2\" baseProfile=\"tiny\"><path d=\"M18.2 9.3l-6.2-6.3-6.2 6.3c-.2.2-.3.4-.3.7s.1.5.3.7c.2.2.4.3.7.3h11c.3 0 .5-.1.7-.3.2-.2.3-.5.3-.7s-.1-.5-.3-.7zM5.8 14.7l6.2 6.3 6.2-6.3c.2-.2.3-.5.3-.7s-.1-.5-.3-.7c-.2-.2-.4-.3-.7-.3h-11c-.3 0-.5.1-.7.3-.2.2-.3.5-.3.7s.1.5.3.7z\"\/><\/svg><\/span><\/span><\/span><\/a><\/span><\/div>\n<nav><ul class='ez-toc-list ez-toc-list-level-1 eztoc-toggle-hide-by-default' ><li class='ez-toc-page-1 ez-toc-heading-level-2'><a class=\"ez-toc-link ez-toc-heading-1\" href=\"https:\/\/goroskop.tv\/sw\/vilken-charmkaraktar-ar-du\/#Vilken_charmkaraktar_ar_du\" >Vilken charmkarakt\u00e4r \u00e4r du?<\/a><\/li><li class='ez-toc-page-1 ez-toc-heading-level-2'><a class=\"ez-toc-link ez-toc-heading-2\" href=\"https:\/\/goroskop.tv\/sw\/vilken-charmkaraktar-ar-du\/#Vilka_ar_stjarntecknen_for_karaktarerna_i_Charm\" >Vilka \u00e4r stj\u00e4rntecknen f\u00f6r karakt\u00e4rerna i Charm?<\/a><\/li><li class='ez-toc-page-1 ez-toc-heading-level-2'><a class=\"ez-toc-link ez-toc-heading-3\" href=\"https:\/\/goroskop.tv\/sw\/vilken-charmkaraktar-ar-du\/#Vad_ar_Camilo_de_Encantos_stjarntecken\" >Vad \u00e4r Camilo de Encantos stj\u00e4rntecken?<\/a><\/li><li class='ez-toc-page-1 ez-toc-heading-level-2'><a class=\"ez-toc-link ez-toc-heading-4\" href=\"https:\/\/goroskop.tv\/sw\/vilken-charmkaraktar-ar-du\/#Isabella_Madrigal_tillhor_vilket_stjarntecken\" >Isabella Madrigal tillh\u00f6r vilket stj\u00e4rntecken?<\/a><\/li><li class='ez-toc-page-1 ez-toc-heading-level-2'><a class=\"ez-toc-link ez-toc-heading-5\" href=\"https:\/\/goroskop.tv\/sw\/vilken-charmkaraktar-ar-du\/#Alskling_vad_ar_Isabellas_fodelsedag\" >\u00c4lskling, vad \u00e4r Isabellas f\u00f6delsedag?<\/a><\/li><li class='ez-toc-page-1 ez-toc-heading-level-2'><a class=\"ez-toc-link ez-toc-heading-6\" href=\"https:\/\/goroskop.tv\/sw\/vilken-charmkaraktar-ar-du\/#Hur_gammal_ar_Camilo_i_Charm\" >Hur gammal \u00e4r Camilo i Charm?<\/a><\/li><li class='ez-toc-page-1 ez-toc-heading-level-2'><a class=\"ez-toc-link ez-toc-heading-7\" href=\"https:\/\/goroskop.tv\/sw\/vilken-charmkaraktar-ar-du\/#Midorima_tillhor_vilket_stjarntecken\" >Midorima tillh\u00f6r vilket stj\u00e4rntecken?<\/a><\/li><\/ul><\/nav><\/div>\n","protected":false},"excerpt":{"rendered":"<p>Vilken charmkarakt\u00e4r \u00e4r du? Luisa \u00e4r en Stenbocken i boken, \u00f6vertygad om att det \u00e4r hennes ansvar att b\u00e4ra v\u00e4rldens tyngd och ivriga att lida som ett s\u00e4tt att visa sin k\u00e4rlek. Luisa k\u00e4mpar alltid f\u00f6r att beh\u00e5lla lugnet n\u00e4r hon faller samman, och Luisa kan bara koppla av med en \u00e5snespark i en h\u00e4ngmatta. &hellip;<\/p>\n","protected":false},"author":1,"featured_media":85,"comment_status":"closed","ping_status":"closed","sticky":false,"template":"","format":"standard","meta":{"footnotes":""},"categories":[4],"tags":[10,13154,86],"class_list":["post-53194","post","type-post","status-publish","format-standard","has-post-thumbnail","hentry","category-tarot","tag-ar","tag-charmkaraktar","tag-vilken"],"_links":{"self":[{"href":"https:\/\/goroskop.tv\/sw\/wp-json\/wp\/v2\/posts\/53194","targetHints":{"allow":["GET"]}}],"collection":[{"href":"https:\/\/goroskop.tv\/sw\/wp-json\/wp\/v2\/posts"}],"about":[{"href":"https:\/\/goroskop.tv\/sw\/wp-json\/wp\/v2\/types\/post"}],"author":[{"embeddable":true,"href":"https:\/\/goroskop.tv\/sw\/wp-json\/wp\/v2\/users\/1"}],"replies":[{"embeddable":true,"href":"https:\/\/goroskop.tv\/sw\/wp-json\/wp\/v2\/comments?post=53194"}],"version-history":[{"count":0,"href":"https:\/\/goroskop.tv\/sw\/wp-json\/wp\/v2\/posts\/53194\/revisions"}],"wp:featuredmedia":[{"embeddable":true,"href":"https:\/\/goroskop.tv\/sw\/wp-json\/wp\/v2\/media\/85"}],"wp:attachment":[{"href":"https:\/\/goroskop.tv\/sw\/wp-json\/wp\/v2\/media?parent=53194"}],"wp:term":[{"taxonomy":"category","embeddable":true,"href":"https:\/\/goroskop.tv\/sw\/wp-json\/wp\/v2\/categories?post=53194"},{"taxonomy":"post_tag","embeddable":true,"href":"https:\/\/goroskop.tv\/sw\/wp-json\/wp\/v2\/tags?post=53194"}],"curies":[{"name":"wp","href":"https:\/\/api.w.org\/{rel}","templated":true}]}}