{"id":53316,"date":"2023-09-01T18:32:08","date_gmt":"2023-09-01T18:32:08","guid":{"rendered":"https:\/\/goroskop.tv\/sw\/vilket-stjarntecken-ar-geralt-of-rivia\/"},"modified":"2023-09-01T18:32:08","modified_gmt":"2023-09-01T18:32:08","slug":"vilket-stjarntecken-ar-geralt-of-rivia","status":"publish","type":"post","link":"https:\/\/goroskop.tv\/sw\/vilket-stjarntecken-ar-geralt-of-rivia\/","title":{"rendered":"Vilket stj\u00e4rntecken \u00e4r Geralt of Rivia?"},"content":{"rendered":"<p><\/p>\n<h2><span class=\"ez-toc-section\" id=\"Vilket_stjarntecken_ar_Geralt_of_Rivia\"><\/span><span class=\"ez-toc-section\" id=\"%C2%BFQue_signo_del_zodiaco_es_Geralt_de_Rivia\"><\/span>  Vilket stj\u00e4rntecken \u00e4r Geralt of Rivia?<span class=\"ez-toc-section-end\"><\/span><span class=\"ez-toc-section-end\"><\/span><\/h2>\n<p>N\u00e4r jag skrev detta kunde jag inte l\u00e5ta bli att b\u00f6rja med spelets huvudkarakt\u00e4r eftersom han \u00e4r en av mina personliga favoriter. <\/p>\n<p>  Geralt \u00e4r en Vattuman utan tvekan;  han \u00e4r reserverad och ocks\u00e5 distanserad. <\/p>\n<p>  En Vattumans ensamst\u00e5ende attityd kan f\u00e5 honom att verka kylig;  de kan vara ensamma utan att offra sina principer, oberoende eller v\u00e4rderingar f\u00f6r n\u00e5gon. <\/p>\n<p>  N\u00e4r en Vattuman blir k\u00e4r, som i det h\u00e4r fallet med Geralt, blir de djupt f\u00f6r\u00e4lskade. <\/p>\n<p>  Du kanske har upplevt detta i f\u00f6rsta hand om du l\u00e4st b\u00f6ckerna eller spelat spelen.<\/p>\n<h2><span class=\"ez-toc-section\" id=\"Vilket_stjarntecken_ar_Yennefer\"><\/span><span class=\"ez-toc-section\" id=\"%C2%BFQue_signo_del_zodiaco_es_Yennefer\"><\/span><span id=\"ezoic-pub-ad-placeholder-144\" class=\"ezoic-adpicker-ad\"><\/span><span class=\"ezoic-ad ezoic-at-0 box-4 box-4144 adtester-container adtester-container-144\" data-ez-name=\"hiszodiac_com-box-4\"><span id=\"div-gpt-ad-hiszodiac_com-box-4-0\" ezaw=\"336\" ezah=\"280\" style=\"position:relative;z-index:0;display:inline-block;padding:0;width:100%;max-width:1200px;margin-left:auto!important;margin-right:auto!important;min-height:280px;min-width:336px\" class=\"ezoic-ad\"><\/span><\/span>Vilket stj\u00e4rntecken \u00e4r Yennefer?<span class=\"ez-toc-section-end\"><\/span><span class=\"ez-toc-section-end\"><\/span><\/h2>\n<p>I b\u00f6rjan av hennes karakt\u00e4rs resa kan Yennefer verka lite h\u00e5gl\u00f6s och sl\u00f6, men hela hennes historia fungerar som ett TED-f\u00f6redrag om id\u00e9n om uth\u00e5llighet. <\/p>\n<p>  Alla andra karakt\u00e4rer i \u00abWitcher\u00bb-universumet som till och med \u00f6verv\u00e4ger att gn\u00e4lla \u00f6ver sin situation i livet borde tvingas l\u00e4sa p\u00e5 om sitt liv. <\/p>\n<p>  Hennes b\u00f6rjan \u00e4r s\u00e5 blygsam som den kommer, och \u00e4ven om hon s\u00e5 sm\u00e5ningom blir en av de mest formidabla och imponerande trollkvinnorna som finns, kr\u00e4vde det en hel del uppoffringar, envishet och lidande. <\/p>\n<p>  Karakt\u00e4rerna i \u00abThe Witcher\u00bb \u00e4r l\u00e5ngt ifr\u00e5n idealiska, och hon har verkligen sina egna brister. <\/p>\n<p>  Men eftersom Yennefer \u00e4r en typisk V\u00e4dur, \u00e4r hon redo att \u00f6vervinna alla hinder som st\u00e5r i hennes v\u00e4g f\u00f6r att uppn\u00e5 storhet.<\/p>\n<h2><span class=\"ez-toc-section\" id=\"Ar_Geralt_of_Rivia_en_Oxe\"><\/span><span class=\"ez-toc-section\" id=\"%C2%BFEs_el_Geralt_de_Rivia_un_Tauro\"><\/span><span id=\"ezoic-pub-ad-placeholder-145\" class=\"ezoic-adpicker-ad\"><\/span><span class=\"ezoic-ad ezoic-at-0 banner-1 banner-1145 adtester-container adtester-container-145\" data-ez-name=\"hiszodiac_com-banner-1\"><span id=\"div-gpt-ad-hiszodiac_com-banner-1-0\" ezaw=\"468\" ezah=\"60\" style=\"position:relative;z-index:0;display:inline-block;padding:0;width:100%;max-width:1200px;margin-left:auto!important;margin-right:auto!important;min-height:90px;min-width:728px\" class=\"ezoic-ad\"><\/span><\/span>\u00c4r Geralt of Rivia en Oxe?<span class=\"ez-toc-section-end\"><\/span><span class=\"ez-toc-section-end\"><\/span><\/h2>\n<p>Givetvis \u00e4r Geralt, huvudpersonen i hela serien, en typisk Oxe. <\/p>\n<p>  Medan han hellre skulle se i omv\u00e4rlden att han \u00e4r likgiltig och ok\u00e4nslig f\u00f6r allt annat \u00e4n pengarna han skulle f\u00e5 i utbyte mot att utf\u00f6ra ett specifikt jobb, finns det fortfarande en stark k\u00e4nsla inom honom. <\/p>\n<p>  Han f\u00f6redrar att vara envis mycket oftare, s\u00e5 han kommer bara ut ibland.<\/p>\n<h2><span class=\"ez-toc-section\" id=\"Hur_gammal_ar_Geralt\"><\/span><span class=\"ez-toc-section\" id=\"%C2%BFQue_edad_tiene_Geralt\"><\/span><span id=\"ezoic-pub-ad-placeholder-146\" class=\"ezoic-adpicker-ad\"><\/span><span class=\"ezoic-ad ezoic-at-0 large-leaderboard-2 large-leaderboard-2146 adtester-container adtester-container-146\" data-ez-name=\"hiszodiac_com-large-leaderboard-2\"><span id=\"div-gpt-ad-hiszodiac_com-large-leaderboard-2-0\" ezaw=\"250\" ezah=\"250\" style=\"position:relative;z-index:0;display:inline-block;padding:0;width:100%;max-width:1200px;margin-left:auto!important;margin-right:auto!important;min-height:90px;min-width:728px\" class=\"ezoic-ad\"><\/span><\/span>Hur gammal \u00e4r Geralt?<span class=\"ez-toc-section-end\"><\/span><span class=\"ez-toc-section-end\"><\/span><\/h2>\n<p>Trots att han spelas av 36-\u00e5rige Henry Cavill \u00e4r Geralt redan 71 \u00e5r n\u00e4r han f\u00f6rsta g\u00e5ngen dyker upp i det f\u00f6rsta avsnittet av Netflix-serien The Witcher. <\/p>\n<p>  Geralt visar inte riktigt sin \u00e5lder med sina katt\u00f6gon, vita h\u00e5r och v\u00e4rldstr\u00f6tta uppf\u00f6rande. <\/p>\n<p>  Vesemir \u00e4r 169 \u00e5r n\u00e4r den andra s\u00e4songen b\u00f6rjar och Geralt \u00e4r 104.<\/p>\n<h2><span class=\"ez-toc-section\" id=\"Vilken_typ_av_personlighet_har_The_Witcher\"><\/span><span class=\"ez-toc-section\" id=\"%C2%BFQue_tipo_de_personalidad_tiene_The_Witcher\"><\/span><span id=\"ezoic-pub-ad-placeholder-147\" class=\"ezoic-adpicker-ad\"><\/span><span class=\"ezoic-ad ezoic-at-0 leader-1 leader-1147 adtester-container adtester-container-147\" data-ez-name=\"hiszodiac_com-leader-1\"><span id=\"div-gpt-ad-hiszodiac_com-leader-1-0\" ezaw=\"300\" ezah=\"250\" style=\"position:relative;z-index:0;display:inline-block;padding:0;min-height:250px;min-width:300px\" class=\"ezoic-ad\"><\/span><\/span>Vilken typ av personlighet har The Witcher?<span class=\"ez-toc-section-end\"><\/span><span class=\"ez-toc-section-end\"><\/span><\/h2>\n<p>Geralt \u00e4r en reserverad och engagerad person som har f\u00f6rm\u00e5gan att hantera kriser snabbt och taktiskt. <\/p>\n<p>  Han d\u00f6ljer sina k\u00e4nslor, som de flesta ISTP:er, men ocks\u00e5 som de flesta ISTP:er, mots\u00e4ger hans strama exteri\u00f6r ett mjukare inre. <\/p>\n<p>  Geralt kommer att g\u00f6ra allt han kan f\u00f6r att skydda dem han \u00e4lskar, \u00e4ven om det inneb\u00e4r att riskera hans liv. <\/p>\n<p>  Han \u00e4r skicklig p\u00e5 att anv\u00e4nda verktyg eller andra f\u00f6rem\u00e5l f\u00f6r att undvika attackerna fr\u00e5n monster som han bek\u00e4mpar och anpassar sig snabbt till sin milj\u00f6. <\/p>\n<p>  Han tar de n\u00f6dv\u00e4ndiga stegen f\u00f6r att bevara sitt oberoende samtidigt som han f\u00f6rsvarar v\u00e4rlden mot ondska eftersom han \u00e4r intelligent, r\u00e4ttvis och analytisk.<\/p>\n<h2><span class=\"ez-toc-section\" id=\"Yennefer_foddes_nar\"><\/span><span class=\"ez-toc-section\" id=\"Yennefer_nacio_cuando\"><\/span><span id=\"ezoic-pub-ad-placeholder-148\" class=\"ezoic-adpicker-ad\"><\/span><span class=\"ezoic-ad ezoic-at-0 large-mobile-banner-2 large-mobile-banner-2148 adtester-container adtester-container-148\" data-ez-name=\"hiszodiac_com-large-mobile-banner-2\"><span id=\"div-gpt-ad-hiszodiac_com-large-mobile-banner-2-0\" ezaw=\"300\" ezah=\"250\" style=\"position:relative;z-index:0;display:inline-block;padding:0;min-height:250px;min-width:300px\" class=\"ezoic-ad\"><\/span><\/span>Yennefer f\u00f6ddes n\u00e4r?<span class=\"ez-toc-section-end\"><\/span><span class=\"ez-toc-section-end\"><\/span><\/h2>\n<p>Trollkvinnan Yennefer de Vengerberg (\u00e4ven k\u00e4nd som Yen eller Yenna) d\u00f6k f\u00f6rst upp i novellsamlingen The Last Wish, d\u00e4r hon ocks\u00e5 d\u00f6k upp i ber\u00e4ttarramen \u00abThe Voice of Reason\u00bb och novellen \u00abThe Last Wish\u00bb.  .\u201d  Han gjorde senare otaliga ytterligare framtr\u00e4danden i Witcher-sagorna och \u00e4r en av nyckelpersonerna i serien.<\/p>\n<p>Possessivitet \u00e4r en beskrivning av Yennefer. <\/p>\n<p>  Trots deras sv\u00e5ra och dramafyllda f\u00f6rh\u00e5llande slutar hon med att bli en av Geralts \u00e4lskare. <\/p>\n<p>  Sorgen f\u00f6rv\u00e4rras av att Yennefer och Geralt b\u00e5da \u00e4r karga. <\/p>\n<p>  Yennefer k\u00e4mpar f\u00f6r att acceptera verkligheten och experimenterar med m\u00e5nga fertilitets\u00e5terst\u00e4llande tekniker. <\/p>\n<p>  Genom att undervisa Ciri och h\u00e5lla ett \u00f6ga p\u00e5 henne medan hon var i Ellander, slutar Yennefer med att bli hennes mamma.<\/p>\n<p>Yennefer f\u00f6ddes \u00e5r 1173 i Belleteyn. <\/p>\n<p>  Han bodde i Vengerberg, Aedirns huvudstad. <\/p>\n<p>  Endast ett litet antal andra trollkarlar p\u00e5 kontinenten har mer makt \u00e4n henne. <\/p>\n<p>  Hon gick med i trollkarlarnas r\u00e5d n\u00e4r hon var ung, och gick senare med i trollkvinnornas loge. <\/p>\n<p>  Hon f\u00f6rblindades av den Nilfgaardska trollkvinnan Fringilla Vigo i slaget vid Sodden Hill. <\/p>\n<p>  Magiskt \u00e5terv\u00e4nde hans syn.<\/p>\n<p>Trots att hon var 94 \u00e5r gammal vid tiden f\u00f6r h\u00e4ndelserna i Svalans torn var Yennefer k\u00e4nd f\u00f6r sin sk\u00f6nhet. <\/p>\n<p>  Hon bar alltid bara svarta och vita kl\u00e4der. <\/p>\n<p>  Den bar dofter av vinb\u00e4r och syren. <\/p>\n<p>  Hon hade kolsvart h\u00e5r och violetta \u00f6gon. <\/p>\n<p>  Tissaia de Vries korrigerade sina abnormiteter medan hon var l\u00e4rling, trots att Geralt kunde uppt\u00e4cka de sneda ledtr\u00e5darna som g\u00f6r att han kan avsl\u00f6ja sanningen. <\/p>\n<p>  Hon var puckelryggig innan hon blev trollkvinna.<\/p>\n<p>Yennefer dukar till slut f\u00f6r utmattning i slutet av romanerna medan han f\u00f6rs\u00f6ker l\u00e4ka Geralt.<\/p>\n<h2><span class=\"ez-toc-section\" id=\"Hur_gammal_ar_Yennefer_i_The_Witcher\"><\/span><span class=\"ez-toc-section\" id=\"En_The_Witcher_%C2%BFcuantos_anos_tiene_Yennefer\"><\/span><span id=\"ezoic-pub-ad-placeholder-153\" class=\"ezoic-adpicker-ad\"><\/span><span class=\"ezoic-ad ezoic-at-0 leader-2 leader-2153 adtester-container adtester-container-153\" data-ez-name=\"hiszodiac_com-leader-2\"><span id=\"div-gpt-ad-hiszodiac_com-leader-2-0\" ezaw=\"728\" ezah=\"90\" style=\"position:relative;z-index:0;display:inline-block;padding:0;width:100%;max-width:1200px;margin-left:auto!important;margin-right:auto!important;min-height:90px;min-width:728px\" class=\"ezoic-ad\"><\/span><\/span>Hur gammal \u00e4r Yennefer i The Witcher?<span class=\"ez-toc-section-end\"><\/span><span class=\"ez-toc-section-end\"><\/span><\/h2>\n<p>Yennefer \u00e4r 90 \u00e5r gammal n\u00e4r slaget vid Sodden Hill, som avbildas i finalen av s\u00e4song ett, intr\u00e4ffar 1263. <\/p>\n<p>Yennefer \u00e4r mycket yngre i Netflix-serien;  F\u00f6dd 1192, han var 14 \u00e5r n\u00e4r han s\u00e5ldes till Tissaia och 18 n\u00e4r han tog examen fr\u00e5n Aretuza.<\/p>\n<h2><span class=\"ez-toc-section\" id=\"Var_kommer_Ciri_ifran\"><\/span><span class=\"ez-toc-section\" id=\"%C2%BFDe_donde_es_Ciri\"><\/span><span id=\"ezoic-pub-ad-placeholder-154\" class=\"ezoic-adpicker-ad\"><\/span><span class=\"ezoic-ad ezoic-at-0 large-mobile-banner-1 large-mobile-banner-1154 adtester-container adtester-container-154\" data-ez-name=\"hiszodiac_com-large-mobile-banner-1\"><span id=\"div-gpt-ad-hiszodiac_com-large-mobile-banner-1-0\" ezaw=\"250\" ezah=\"250\" style=\"position:relative;z-index:0;display:inline-block;padding:0;width:100%;max-width:1200px;margin-left:auto!important;margin-right:auto!important;min-height:90px;min-width:728px\" class=\"ezoic-ad\"><\/span><\/span>Var kommer Ciri ifr\u00e5n?<span class=\"ez-toc-section-end\"><\/span><span class=\"ez-toc-section-end\"><\/span><\/h2>\n<p>Prinsessan av Cintra, ett av de nordliga kungad\u00f6mena, \u00e4r Cirilla Fiona Elen Riannon, \u00e4ven k\u00e4nd som Ciri. <\/p>\n<p>  Hon \u00e4r barnbarn till drottning Calanthe av Cintra, en monark k\u00e4nd f\u00f6r sin tapperhet, sk\u00f6nhet och kvickhet, och dotter till Pavetta och Emhyr var Emreis (Duny). <\/p>\n<p>  I b\u00e5de b\u00f6ckerna och Netflix-serien \u00e4r Ciri en av nyckelpersonerna.<\/p>\n<p>Ciri och Geralt \u00e4r avsedda att vara tillsammans, och Geralt adopterar s\u00e5 sm\u00e5ningom Ciri som sin egen dotter. <\/p>\n<p>  I The Witcher-serien \u00e4r deras koppling en viktig ber\u00e4ttelse. <\/p>\n<p>  Ciri v\u00e4xte upp av sina f\u00f6r\u00e4ldrar, Pavetta och Dunny, som omkom till sj\u00f6ss innan hon var fem \u00e5r gammal, och sedan \u00f6vergick hon till sin mormors v\u00e5rd innan hon kom att bo med Geralt, p\u00e5 grund av \u00f6verraskningslagen. <\/p>\n<p>  Ciris barnflicka ber\u00e4ttade f\u00f6r henne om hennes \u00f6de trots att drottning Calanthe f\u00f6rs\u00f6kte h\u00e5lla det hemligt, s\u00e5 Ciri v\u00e4xte upp med att veta att hon en dag skulle tr\u00e4ffa Geralt av Rivia och bli en h\u00e4xa.<\/p>\n<p>Vi hoppas att du gillade v\u00e5r artikel Vilket stj\u00e4rntecken \u00e4r Geralt de Rivia? och allt relaterat till horoskop, tarot, ritualer och allt relaterat.<\/p>\n<figure class=\"wp-block-table is-style-regular\">\n<\/figure>\n<p>Intressanta saker att veta inneb\u00f6rden: Tarot  <\/p>\n<p>\u00c4ven h\u00e4r l\u00e4mnar vi \u00e4mnen relaterade till: Tarot<\/p>\n<\/p>\n<p><\/p>\n<p>Vi hoppas att du gillade v\u00e5r artikel Vilket stj\u00e4rntecken \u00e4r Geralt of Rivia?<br \/>\n och allt om horoskop, tarot, ritualer och allt relaterat till det &#8230;<\/p>\n<figure class=\"wp-block-table is-style-regular\">\n<table style=\"width: 284px; height: 157px;\">\n<tbody>\n<tr>\n<td class=\"has-text-align-center\" data-align=\"center\"><img loading=\"lazy\" decoding=\"async\" class=\"alignleft\" src=\" https:\/\/goroskop.tv\/wp-content\/uploads\/2023\/05\/tarot1.jpg \" alt=\" Vilket stj\u00e4rntecken \u00e4r Geralt of Rivia?\n \" width=\"65\" height=\"95\" title=\"\"><img loading=\"lazy\" decoding=\"async\" class=\"alignleft\" style=\"width: 60px;\" src=\" https:\/\/goroskop.tv\/wp-content\/uploads\/2023\/05\/tarot2.jpg \" alt=\" Vilket stj\u00e4rntecken \u00e4r Geralt of Rivia?\n \" width=\"195\" height=\"300\" title=\"\"><img decoding=\"async\" class=\"alignleft\" style=\"width: 60px;\" src=\" https:\/\/goroskop.tv\/wp-content\/uploads\/2023\/05\/tarot3.jpg \" alt=\" Vilket stj\u00e4rntecken \u00e4r Geralt of Rivia?\n \" title=\"\"><\/td>\n<\/tr>\n<\/tbody>\n<\/table>\n<\/figure>\n<p>Intressanta saker att veta inneb\u00f6rden: <a href=\"https:\/\/sv.wikipedia.org\/wiki\/Tarot\" target=\"_blank\" rel=\"nofollow noopener\"> Tarot <\/a> <\/p>\n<p>H\u00e4r l\u00e4mnar vi ocks\u00e5 \u00e4mnen relaterade till: <a href=\" https:\/\/goroskop.tv\/sw\/kommer-leo-och-skorpionen-overens-som-vanner\/\">Tarot<\/a><\/p>\n<div id=\"ez-toc-container\" class=\"ez-toc-v2_0_82_2 ez-toc-wrap-center counter-hierarchy ez-toc-counter ez-toc-grey ez-toc-container-direction\">\n<div class=\"ez-toc-title-container\">\n<div class=\"ez-toc-title\" style=\"cursor:inherit\">Table of Contents<\/div>\n<span class=\"ez-toc-title-toggle\"><a href=\"#\" class=\"ez-toc-pull-right ez-toc-btn ez-toc-btn-xs ez-toc-btn-default ez-toc-toggle\" aria-label=\"Alternar tabla de contenidos\"><span class=\"ez-toc-js-icon-con\"><span class=\"\"><span class=\"eztoc-hide\" style=\"display:none;\">Toggle<\/span><span class=\"ez-toc-icon-toggle-span\"><svg style=\"fill: #999;color:#999\" xmlns=\"http:\/\/www.w3.org\/2000\/svg\" class=\"list-377408\" width=\"20px\" height=\"20px\" viewBox=\"0 0 24 24\" fill=\"none\"><path d=\"M6 6H4v2h2V6zm14 0H8v2h12V6zM4 11h2v2H4v-2zm16 0H8v2h12v-2zM4 16h2v2H4v-2zm16 0H8v2h12v-2z\" fill=\"currentColor\"><\/path><\/svg><svg style=\"fill: #999;color:#999\" class=\"arrow-unsorted-368013\" xmlns=\"http:\/\/www.w3.org\/2000\/svg\" width=\"10px\" height=\"10px\" viewBox=\"0 0 24 24\" version=\"1.2\" baseProfile=\"tiny\"><path d=\"M18.2 9.3l-6.2-6.3-6.2 6.3c-.2.2-.3.4-.3.7s.1.5.3.7c.2.2.4.3.7.3h11c.3 0 .5-.1.7-.3.2-.2.3-.5.3-.7s-.1-.5-.3-.7zM5.8 14.7l6.2 6.3 6.2-6.3c.2-.2.3-.5.3-.7s-.1-.5-.3-.7c-.2-.2-.4-.3-.7-.3h-11c-.3 0-.5.1-.7.3-.2.2-.3.5-.3.7s.1.5.3.7z\"\/><\/svg><\/span><\/span><\/span><\/a><\/span><\/div>\n<nav><ul class='ez-toc-list ez-toc-list-level-1 eztoc-toggle-hide-by-default' ><li class='ez-toc-page-1 ez-toc-heading-level-2'><a class=\"ez-toc-link ez-toc-heading-1\" href=\"https:\/\/goroskop.tv\/sw\/vilket-stjarntecken-ar-geralt-of-rivia\/#Vilket_stjarntecken_ar_Geralt_of_Rivia\" >Vilket stj\u00e4rntecken \u00e4r Geralt of Rivia?<\/a><\/li><li class='ez-toc-page-1 ez-toc-heading-level-2'><a class=\"ez-toc-link ez-toc-heading-2\" href=\"https:\/\/goroskop.tv\/sw\/vilket-stjarntecken-ar-geralt-of-rivia\/#Vilket_stjarntecken_ar_Yennefer\" >Vilket stj\u00e4rntecken \u00e4r Yennefer?<\/a><\/li><li class='ez-toc-page-1 ez-toc-heading-level-2'><a class=\"ez-toc-link ez-toc-heading-3\" href=\"https:\/\/goroskop.tv\/sw\/vilket-stjarntecken-ar-geralt-of-rivia\/#Ar_Geralt_of_Rivia_en_Oxe\" >\u00c4r Geralt of Rivia en Oxe?<\/a><\/li><li class='ez-toc-page-1 ez-toc-heading-level-2'><a class=\"ez-toc-link ez-toc-heading-4\" href=\"https:\/\/goroskop.tv\/sw\/vilket-stjarntecken-ar-geralt-of-rivia\/#Hur_gammal_ar_Geralt\" >Hur gammal \u00e4r Geralt?<\/a><\/li><li class='ez-toc-page-1 ez-toc-heading-level-2'><a class=\"ez-toc-link ez-toc-heading-5\" href=\"https:\/\/goroskop.tv\/sw\/vilket-stjarntecken-ar-geralt-of-rivia\/#Vilken_typ_av_personlighet_har_The_Witcher\" >Vilken typ av personlighet har The Witcher?<\/a><\/li><li class='ez-toc-page-1 ez-toc-heading-level-2'><a class=\"ez-toc-link ez-toc-heading-6\" href=\"https:\/\/goroskop.tv\/sw\/vilket-stjarntecken-ar-geralt-of-rivia\/#Yennefer_foddes_nar\" >Yennefer f\u00f6ddes n\u00e4r?<\/a><\/li><li class='ez-toc-page-1 ez-toc-heading-level-2'><a class=\"ez-toc-link ez-toc-heading-7\" href=\"https:\/\/goroskop.tv\/sw\/vilket-stjarntecken-ar-geralt-of-rivia\/#Hur_gammal_ar_Yennefer_i_The_Witcher\" >Hur gammal \u00e4r Yennefer i The Witcher?<\/a><\/li><li class='ez-toc-page-1 ez-toc-heading-level-2'><a class=\"ez-toc-link ez-toc-heading-8\" href=\"https:\/\/goroskop.tv\/sw\/vilket-stjarntecken-ar-geralt-of-rivia\/#Var_kommer_Ciri_ifran\" >Var kommer Ciri ifr\u00e5n?<\/a><\/li><\/ul><\/nav><\/div>\n","protected":false},"excerpt":{"rendered":"<p>Vilket stj\u00e4rntecken \u00e4r Geralt of Rivia? N\u00e4r jag skrev detta kunde jag inte l\u00e5ta bli att b\u00f6rja med spelets huvudkarakt\u00e4r eftersom han \u00e4r en av mina personliga favoriter. Geralt \u00e4r en Vattuman utan tvekan; han \u00e4r reserverad och ocks\u00e5 distanserad. En Vattumans ensamst\u00e5ende attityd kan f\u00e5 honom att verka kylig; de kan vara ensamma utan &hellip;<\/p>\n","protected":false},"author":1,"featured_media":80,"comment_status":"closed","ping_status":"closed","sticky":false,"template":"","format":"standard","meta":{"footnotes":""},"categories":[4],"tags":[10,13166,13167,21,80],"class_list":["post-53316","post","type-post","status-publish","format-standard","has-post-thumbnail","hentry","category-tarot","tag-ar","tag-geralt","tag-rivia","tag-stjarntecken","tag-vilket"],"_links":{"self":[{"href":"https:\/\/goroskop.tv\/sw\/wp-json\/wp\/v2\/posts\/53316","targetHints":{"allow":["GET"]}}],"collection":[{"href":"https:\/\/goroskop.tv\/sw\/wp-json\/wp\/v2\/posts"}],"about":[{"href":"https:\/\/goroskop.tv\/sw\/wp-json\/wp\/v2\/types\/post"}],"author":[{"embeddable":true,"href":"https:\/\/goroskop.tv\/sw\/wp-json\/wp\/v2\/users\/1"}],"replies":[{"embeddable":true,"href":"https:\/\/goroskop.tv\/sw\/wp-json\/wp\/v2\/comments?post=53316"}],"version-history":[{"count":0,"href":"https:\/\/goroskop.tv\/sw\/wp-json\/wp\/v2\/posts\/53316\/revisions"}],"wp:featuredmedia":[{"embeddable":true,"href":"https:\/\/goroskop.tv\/sw\/wp-json\/wp\/v2\/media\/80"}],"wp:attachment":[{"href":"https:\/\/goroskop.tv\/sw\/wp-json\/wp\/v2\/media?parent=53316"}],"wp:term":[{"taxonomy":"category","embeddable":true,"href":"https:\/\/goroskop.tv\/sw\/wp-json\/wp\/v2\/categories?post=53316"},{"taxonomy":"post_tag","embeddable":true,"href":"https:\/\/goroskop.tv\/sw\/wp-json\/wp\/v2\/tags?post=53316"}],"curies":[{"name":"wp","href":"https:\/\/api.w.org\/{rel}","templated":true}]}}