{"id":53317,"date":"2023-09-01T18:32:29","date_gmt":"2023-09-01T18:32:29","guid":{"rendered":"https:\/\/goroskop.tv\/sw\/vilket-ar-stjarntecknet-for-6-juli\/"},"modified":"2023-09-01T18:32:29","modified_gmt":"2023-09-01T18:32:29","slug":"vilket-ar-stjarntecknet-for-6-juli","status":"publish","type":"post","link":"https:\/\/goroskop.tv\/sw\/vilket-ar-stjarntecknet-for-6-juli\/","title":{"rendered":"Vilket \u00e4r stj\u00e4rntecknet f\u00f6r 6 juli?"},"content":{"rendered":"<p><\/p>\n<h2><span class=\"ez-toc-section\" id=\"Vilket_ar_stjarntecknet_for_6_juli\"><\/span><span class=\"ez-toc-section\" id=\"%C2%BFQue_es_el_signo_zodiacal_del_6_de_julio\"><\/span>  Vilket \u00e4r stj\u00e4rntecknet f\u00f6r 6 juli?<span class=\"ez-toc-section-end\"><\/span><span class=\"ez-toc-section-end\"><\/span><\/h2>\n<p>Kr\u00e4ftan \u00e4r det fj\u00e4rde stj\u00e4rntecknet (21 juni till 21 juli) och krabban \u00e4r dess symbol. <\/p>\n<p>  Kr\u00e4ftan (kallad Karkata i vedisk astrologi) \u00e4r ett kardinalvattentecken som styrs av m\u00e5nen. <\/p>\n<p>  Dess energi \u00e4r k\u00e4nslom\u00e4ssig, inhemsk och tr\u00f6stande. <\/p>\n<p>  H\u00e4r ska vi ta en titt p\u00e5 cancerns personlighetsegenskaper och se hur detta tecken bland annat ser p\u00e5 livet, k\u00e4rleken och arbetet.<\/p>\n<h2><span class=\"ez-toc-section\" id=\"Vilken_personlighet_har_ett_cancertecken\"><\/span><span class=\"ez-toc-section\" id=\"%C2%BFComo_es_la_personalidad_de_un_signo_Cancer\"><\/span><span id=\"ezoic-pub-ad-placeholder-144\" class=\"ezoic-adpicker-ad\"><\/span>Vilken personlighet har ett cancertecken?<span class=\"ez-toc-section-end\"><\/span><span class=\"ez-toc-section-end\"><\/span><\/h2>\n<p>Cancer \u00e4r k\u00e4nda f\u00f6r att vara alltf\u00f6r k\u00e4nslom\u00e4ssiga, temperamentsfulla och h\u00e4mndlystna. <\/p>\n<p>  Cancer \u00e4r v\u00e4ldigt f\u00f6rtjust i sina n\u00e4ra och k\u00e4ra, kanske i onormal grad, liksom att vara engagerade. <\/p>\n<p>  De v\u00e4rdes\u00e4tter n\u00e4ra v\u00e4nner och familj och kommer att g\u00e5 hur l\u00e5ngt som helst f\u00f6r att skydda dem, oavsett kostnad.<\/p>\n<h2><span class=\"ez-toc-section\" id=\"Vad_kannetecknar_cancer\"><\/span><span class=\"ez-toc-section\" id=\"%C2%BFCuales_son_las_caracteristicas_de_los_canceres\"><\/span><span id=\"ezoic-pub-ad-placeholder-145\" class=\"ezoic-adpicker-ad\"><\/span><span class=\"ezoic-ad ezoic-at-0 banner-1 banner-1145 adtester-container adtester-container-145\" data-ez-name=\"hiszodiac_com-banner-1\"><span id=\"div-gpt-ad-hiszodiac_com-banner-1-0\" ezaw=\"728\" ezah=\"90\" style=\"position:relative;z-index:0;display:inline-block;padding:0;width:100%;max-width:1200px;margin-left:auto!important;margin-right:auto!important;min-height:90px;min-width:728px\" class=\"ezoic-ad\"><\/span><\/span>Vad k\u00e4nnetecknar cancer?<span class=\"ez-toc-section-end\"><\/span><span class=\"ez-toc-section-end\"><\/span><\/h2>\n<h4><span class=\"ez-toc-section\" id=\"Datumen_ar_fran_21_juni_till_22_juli\"><\/span><span class=\"ez-toc-section\" id=\"Las_fechas_son_del_21_de_junio_al_22_de_julio\"><\/span><span id=\"ezoic-pub-ad-placeholder-158\" class=\"ezoic-adpicker-ad\"><\/span>Datumen \u00e4r fr\u00e5n 21 juni till 22 juli.<span class=\"ez-toc-section-end\"><\/span><span class=\"ez-toc-section-end\"><\/span><\/h4>\n<p>Kr\u00e4ftan \u00e4r det fj\u00e4rde stj\u00e4rntecknet och krabban \u00e4r dess symbol. <\/p>\n<p>  De \u00e4r k\u00e4nda f\u00f6r att vara empatiska, tillgivna och uppm\u00e4rksamma, samt vara k\u00e4nsliga och os\u00e4kra ibland. <\/p>\n<p>  Vatten \u00e4r ditt element\u00e4ra tecken (som det \u00e4r f\u00f6r Fiskarna och Skorpionen), vilket \u00e4r vettigt med tanke p\u00e5 det k\u00e4nslom\u00e4ssiga djupet som detta tecken \u00e4r kopplat till.<\/p>\n<p>Kr\u00e4ftor b\u00e4r sina hj\u00e4rtan p\u00e5 \u00e4rmarna, men de har ett brett spektrum av k\u00e4nslor p\u00e5 insidan, vilket kan f\u00e5 dem att verka alltf\u00f6r sentimentala eller grubblande ibland;  detta beror p\u00e5 deras f\u00f6rh\u00e5llande till m\u00e5nens faser, vilket \u00e4r anledningen till att de kallas \u00abkrabbor\u00bb.<\/p>\n<p>Cancer, som \u00e4kta krabbor, \u00e4r \u00f6k\u00e4nda f\u00f6r att dra sig tillbaka i sina \u00abskal\u00bb och f\u00f6redrar att vara hemma, omgiven av n\u00e4ra och k\u00e4ra. <\/p>\n<p>  De tenderar att vara mer introverta och f\u00f6redrar att bilda djupa, intima band med en liten grupp m\u00e4nniskor snarare \u00e4n att blanda sig i stora grupper, vilket l\u00e4tt kan \u00f6verv\u00e4ldiga dem.<\/p>\n<p>Cancer gillar inte sm\u00e5prat och det kan vara sv\u00e5rt att komma n\u00e4ra dem i b\u00f6rjan, men n\u00e4r du v\u00e4l l\u00e4r k\u00e4nna dem kommer de att vara v\u00e4nner f\u00f6r livet.<\/p>\n<h2><span class=\"ez-toc-section\" id=\"Vad_innebar_det_att_fodas_den_6_juli\"><\/span><span class=\"ez-toc-section\" id=\"%C2%BFQue_significa_nacer_el_6_de_julio\"><\/span><span id=\"ezoic-pub-ad-placeholder-146\" class=\"ezoic-adpicker-ad\"><\/span>Vad inneb\u00e4r det att f\u00f6das den 6 juli?<span class=\"ez-toc-section-end\"><\/span><span class=\"ez-toc-section-end\"><\/span><\/h2>\n<p>6 juli Kr\u00e4ftor \u00e4r taktila varelser som tycker mycket om ett v\u00e4lsk\u00f6tt och inrett hem. <\/p>\n<p>  Medan deras \u00f6nskan att vara omgiven av lyx ofta beror p\u00e5 deras sociala rang, \u00e4r de i grunden jordn\u00e4ra m\u00e4nniskor som gillar att hj\u00e4lpa dem med mindre.<\/p>\n<h2><span class=\"ez-toc-section\" id=\"Vad_ar_cancerns_brister\"><\/span><span class=\"ez-toc-section\" id=\"%C2%BFCuales_son_los_defectos_de_Cancer\"><\/span><span id=\"ezoic-pub-ad-placeholder-147\" class=\"ezoic-adpicker-ad\"><\/span><span class=\"ezoic-ad ezoic-at-0 leader-1 leader-1147 adtester-container adtester-container-147\" data-ez-name=\"hiszodiac_com-leader-1\"><span id=\"div-gpt-ad-hiszodiac_com-leader-1-0\" ezaw=\"250\" ezah=\"250\" style=\"position:relative;z-index:0;display:inline-block;padding:0;width:100%;max-width:1200px;margin-left:auto!important;margin-right:auto!important;min-height:90px;min-width:728px\" class=\"ezoic-ad\"><\/span><\/span>Vad \u00e4r cancerns brister?<span class=\"ez-toc-section-end\"><\/span><span class=\"ez-toc-section-end\"><\/span><\/h2>\n<p>Eftersom cancer \u00e4r s\u00e5 k\u00e4nsliga tar de ofta saker personligt eller misstolkar andras ord eller beteenden. <\/p>\n<p>  \u00c4ven de minsta justeringar i n\u00e5gons energi kan f\u00e5 en cancer att oroa sig, s\u00e5 det \u00e4r viktigt att de uttrycker sina k\u00e4nslor snarare \u00e4n att internalisera dem och g\u00f6ra antaganden.<\/p>\n<h2><span class=\"ez-toc-section\" id=\"Ar_det_latt_for_cancerpatienter_att_bli_kara\"><\/span><span class=\"ez-toc-section\" id=\"%C2%BFA_los_Cancer_les_resulta_facil_enamorarse\"><\/span><span id=\"ezoic-pub-ad-placeholder-148\" class=\"ezoic-adpicker-ad\"><\/span><span class=\"ezoic-ad ezoic-at-0 large-mobile-banner-1 large-mobile-banner-1148 adtester-container adtester-container-148\" data-ez-name=\"hiszodiac_com-large-mobile-banner-1\"><span id=\"div-gpt-ad-hiszodiac_com-large-mobile-banner-1-0\" ezaw=\"250\" ezah=\"250\" style=\"position:relative;z-index:0;display:inline-block;padding:0;width:100%;max-width:1200px;margin-left:auto!important;margin-right:auto!important;min-height:90px;min-width:728px\" class=\"ezoic-ad\"><\/span><\/span>\u00c4r det l\u00e4tt f\u00f6r cancerpatienter att bli k\u00e4ra?<span class=\"ez-toc-section-end\"><\/span><span class=\"ez-toc-section-end\"><\/span><\/h2>\n<p>Cancer \u00e4r extremt k\u00e4nsliga och k\u00e4rleksfulla varelser. <\/p>\n<p>  De f\u00e5r en duns n\u00e4r de blir k\u00e4ra!  De hoppar huvudstupa in i engagemang eftersom de \u00e4r ben\u00e4gna att ge allt. <\/p>\n<p>  Cancer \u00e4r ocks\u00e5 otroligt lojala och fast beslutna att l\u00f6sa saker, till skillnad fr\u00e5n andra tecken som hoppar skeppet n\u00e4r det blir tufft. <\/p>\n<p>  De \u00e4r k\u00e4rleksfulla, trogna och har en stark k\u00e4nsla f\u00f6r vad deras hj\u00e4rtan \u00f6nskar. <\/p>\n<p>  Framf\u00f6r allt kommer de att se till att du f\u00f6rst\u00e5r hur viktig du \u00e4r f\u00f6r dem. <\/p>\n<p>  Slutligen, som det mest k\u00e4nsliga tecknet i zodiaken, n\u00e4rmar sig Kr\u00e4ftan allt med k\u00e4rlek i sinne och hj\u00e4rta. <\/p>\n<p>  De \u00e4r de mest \u00f6mma \u00e4lskare som ett resultat av detta.<\/p>\n<h2><span class=\"ez-toc-section\" id=\"Vilken_typ_av_person_ska_en_cancer_gifta_sig_med\"><\/span><span class=\"ez-toc-section\" id=\"%C2%BFCon_que_tipo_de_persona_debe_casarse_un_Cancer\"><\/span><span id=\"ezoic-pub-ad-placeholder-153\" class=\"ezoic-adpicker-ad\"><\/span><span class=\"ezoic-ad ezoic-at-0 large-mobile-banner-2 large-mobile-banner-2153 adtester-container adtester-container-153\" data-ez-name=\"hiszodiac_com-large-mobile-banner-2\"><span id=\"div-gpt-ad-hiszodiac_com-large-mobile-banner-2-0\" ezaw=\"250\" ezah=\"250\" style=\"position:relative;z-index:0;display:inline-block;padding:0;width:100%;max-width:1200px;margin-left:auto!important;margin-right:auto!important;min-height:90px;min-width:728px\" class=\"ezoic-ad\"><\/span><\/span>Vilken typ av person ska en cancer gifta sig med?<span class=\"ez-toc-section-end\"><\/span><span class=\"ez-toc-section-end\"><\/span><\/h2>\n<p>I allm\u00e4nhet \u00e4r andra vattentecken Fiskarna och Skorpionen de mest kompatibla tecknen f\u00f6r Cancer-v\u00e4nskap och romantiska relationer, eftersom de \u00abfattar det\u00bb n\u00e4r det kommer till Cancers k\u00e4nslospr\u00e5k. <\/p>\n<p>  Jungfrun, Oxen och Stenbocken \u00e4r alla jordtecken med liknande rymdh\u00e5llande energier.<\/p>\n<h2><span class=\"ez-toc-section\" id=\"Ar_cancer_smart\"><\/span><span class=\"ez-toc-section\" id=\"%C2%BFSon_los_canceres_inteligentes\"><\/span><span id=\"ezoic-pub-ad-placeholder-154\" class=\"ezoic-adpicker-ad\"><\/span><span class=\"ezoic-ad ezoic-at-0 leader-2 leader-2154 adtester-container adtester-container-154\" data-ez-name=\"hiszodiac_com-leader-2\"><span id=\"div-gpt-ad-hiszodiac_com-leader-2-0\" ezaw=\"300\" ezah=\"250\" style=\"position:relative;z-index:0;display:inline-block;padding:0;min-height:250px;min-width:300px\" class=\"ezoic-ad\"><\/span><\/span>\u00c4r cancer smart?<span class=\"ez-toc-section-end\"><\/span><span class=\"ez-toc-section-end\"><\/span><\/h2>\n<p>Varje stj\u00e4rntecken har sina egna charmiga egenskaper, oavsett om du \u00e4r en auktoritativ V\u00e4dur eller en mild Kr\u00e4fta. <\/p>\n<p>  Dessa astrologiska m\u00e4tv\u00e4rden kan till och med f\u00f6ruts\u00e4ga din h\u00e4lsa och romantiska kompatibilitet. <\/p>\n<p>  Men vilket tecken har flest hj\u00e4rnor n\u00e4r det kommer till intelligens?<\/p>\n<p>Enligt astrologer \u00e4r det smartaste stj\u00e4rntecknet ett band mellan Vattumannen och Skorpionen, men de delar topprankningen av tv\u00e5 v\u00e4ldigt olika anledningar. <\/p>\n<p>  De h\u00f6gsta niv\u00e5erna av analytisk intelligens ses hos dem som \u00e4r f\u00f6dda under Vattumannens tecken, bed\u00f6md utifr\u00e5n kognitiv f\u00f6rm\u00e5ga och IQ. <\/p>\n<p>  Skorpioner, \u00e5 andra sidan, har en skarpare uppfattning;  de \u00e4r b\u00e4st p\u00e5 att bed\u00f6ma och f\u00f6rst\u00e5 helheten.<\/p>\n<p>D\u00e4rmed inte sagt att de andra stj\u00e4rntecknen inte \u00e4r smarta i sig. <\/p>\n<p>  Enligt Neil Crabtree, en astrolog vid Mayo School of Astrology, har Tvillingarna och V\u00e5gen ocks\u00e5 h\u00f6g mental intelligens. <\/p>\n<p>  Kr\u00e4ftan och Fiskarna \u00e4r de mest k\u00e4nslom\u00e4ssigt intelligenta stj\u00e4rntecknen, vilket betyder att de \u00e4r b\u00e4st p\u00e5 att uppt\u00e4cka och resonera med sina egna och andras k\u00e4nslor.<\/p>\n<p>Jordens tecken Oxen, Jungfrun och Stenbocken visar \u00e5 andra sidan praktisk intelligens. <\/p>\n<p>  Och brandtecknen (V\u00e4dur, Lejon och Skytten) \u00e4r de mest uppm\u00e4rksamma, vilket g\u00f6r dem mer ben\u00e4gna att ta risker och inta ledarpositioner.<\/p>\n<h2><span class=\"ez-toc-section\" id=\"Ar_cancerpatienter_farliga\"><\/span><span class=\"ez-toc-section\" id=\"%C2%BFSon_peligrosos_los_pacientes_con_cancer\"><\/span><span id=\"ezoic-pub-ad-placeholder-155\" class=\"ezoic-adpicker-ad\"><\/span>\u00c4r cancerpatienter farliga?<span class=\"ez-toc-section-end\"><\/span><span class=\"ez-toc-section-end\"><\/span><\/h2>\n<p>Vilka \u00e4r n\u00e5gra av de negativa aspekterna av den cancerska personligheten?  Varf\u00f6r f\u00f6raktar s\u00e5 m\u00e5nga m\u00e4nniskor Cancerians?  De toxiska egenskaperna hos cancer kan ge svar p\u00e5 fr\u00e5gor.<\/p>\n<p>Det \u00e4r pinsamt att erk\u00e4nna, \u00abjag \u00e4r en cancer.\u00bb <\/p>\n<p>  Ingen vill f\u00f6rknippas med ett d\u00f6dligt tillst\u00e5nd. <\/p>\n<p>  Cancer, \u00e5 andra sidan, \u00e4r ett av de b\u00e4sta stj\u00e4rntecknen enligt mig. <\/p>\n<p>  De \u00e4r p\u00e5litliga, h\u00e4ngivna och icke-d\u00f6mande.<\/p>\n<p>Om du har cancerv\u00e4nner s\u00e5 finns de d\u00e4r f\u00f6r dig n\u00e4r du beh\u00f6ver en axel att gr\u00e5ta p\u00e5. <\/p>\n<p>  P\u00e5 ytan verkar de vara tuffa. <\/p>\n<p>  Du skulle bli f\u00f6rv\u00e5nad \u00f6ver hur sn\u00e4lla och medk\u00e4nnande de \u00e4r n\u00e4r du v\u00e4l l\u00e4r k\u00e4nna dem.<\/p>\n<p>De \u00e4r v\u00e4ldigt deducible och k\u00e4nsliga, eftersom de styrs av m\u00e5nen. <\/p>\n<p>  Cancerpatienter har mycket empati, s\u00e5 de kan s\u00e4tta sig i andras skor och uppleva vad de k\u00e4nner. <\/p>\n<p>  Kr\u00e4ftan \u00e4r f\u00f6dda konstn\u00e4rer av denna anledning. <\/p>\n<p>  Meryl Streep, Ariana Grande och Mindy Kaling \u00e4r cancer\u00f6verlevande.<\/p>\n<p>Kr\u00e4ftan har \u00e5 andra sidan en m\u00f6rk vih. <\/p>\n<p>  De f\u00f6ds k\u00e4nslom\u00e4ssiga och os\u00e4kra eftersom de \u00e4r ett vattentecken. <\/p>\n<p>  Detta har potential att g\u00f6ra m\u00e4nniskor galna. <\/p>\n<p>  Vissa cancerpatienter kan ha toxiska egenskaper som kv\u00e4ver omgivningen.<\/p>\n<h2><span class=\"ez-toc-section\" id=\"Ar_cancerformer_reserverade\"><\/span><span class=\"ez-toc-section\" id=\"%C2%BFLos_canceres_estan_reservados\"><\/span><span id=\"ezoic-pub-ad-placeholder-156\" class=\"ezoic-adpicker-ad\"><\/span><span class=\"ezoic-ad ezoic-at-0 leader-3 leader-3156 adtester-container adtester-container-156\" data-ez-name=\"hiszodiac_com-leader-3\"><span id=\"div-gpt-ad-hiszodiac_com-leader-3-0\" ezaw=\"300\" ezah=\"250\" style=\"position:relative;z-index:0;display:inline-block;padding:0;min-height:250px;min-width:300px\" class=\"ezoic-ad\"><\/span><\/span>\u00c4r cancerformer reserverade?<span class=\"ez-toc-section-end\"><\/span><span class=\"ez-toc-section-end\"><\/span><\/h2>\n<p>Cancer \u00e4r blyga till en b\u00f6rjan och det kan vara sv\u00e5rt att s\u00e4ga om de gillar dig. <\/p>\n<p>  Cancer, som deras emblem, krabban, kan ta ett tag att helt komma ur sitt skal och avsl\u00f6ja sitt sanna jag. <\/p>\n<p>  N\u00e4r du dejtar en cancer \u00e4r t\u00e5lamod viktigt. <\/p>\n<p>  Denna k\u00e4nsliga vattenskylt f\u00f6raktar konflikter, s\u00e5 om den blir kr\u00e4nkt kan den bli apatisk. <\/p>\n<p>  En cancer kan f\u00f6rv\u00e4nta sig att du l\u00e4ser dina tankar och tar reda p\u00e5 varf\u00f6r du \u00e4r uppr\u00f6rd, s\u00e5 att ha \u00f6ppna kommunikationslinjer genom hela f\u00f6rh\u00e5llandet \u00e4r avg\u00f6rande.<\/p>\n<p>Vi hoppas att du gillade v\u00e5r artikel Vad \u00e4r stj\u00e4rntecknet den 6 juli? och allt relaterat till horoskop, tarot, ritualer och allt relaterat.<\/p>\n<figure class=\"wp-block-table is-style-regular\">\n<\/figure>\n<p>Intressanta saker att veta inneb\u00f6rden: Tarot  <\/p>\n<p>\u00c4ven h\u00e4r l\u00e4mnar vi \u00e4mnen relaterade till: Tarot<\/p>\n<\/p>\n<p><\/p>\n<p>Vi hoppas att du gillade v\u00e5r artikel Vilket \u00e4r stj\u00e4rntecknet f\u00f6r 6 juli?<br \/>\n och allt om horoskop, tarot, ritualer och allt relaterat till det &#8230;<\/p>\n<figure class=\"wp-block-table is-style-regular\">\n<table style=\"width: 284px; height: 157px;\">\n<tbody>\n<tr>\n<td class=\"has-text-align-center\" data-align=\"center\"><img loading=\"lazy\" decoding=\"async\" class=\"alignleft\" src=\" https:\/\/goroskop.tv\/wp-content\/uploads\/2023\/05\/tarot1.jpg \" alt=\" Vilket \u00e4r stj\u00e4rntecknet f\u00f6r 6 juli?\n \" width=\"65\" height=\"95\" title=\"\"><img loading=\"lazy\" decoding=\"async\" class=\"alignleft\" style=\"width: 60px;\" src=\" https:\/\/goroskop.tv\/wp-content\/uploads\/2023\/05\/tarot2.jpg \" alt=\" Vilket \u00e4r stj\u00e4rntecknet f\u00f6r 6 juli?\n \" width=\"195\" height=\"300\" title=\"\"><img decoding=\"async\" class=\"alignleft\" style=\"width: 60px;\" src=\" https:\/\/goroskop.tv\/wp-content\/uploads\/2023\/05\/tarot3.jpg \" alt=\" Vilket \u00e4r stj\u00e4rntecknet f\u00f6r 6 juli?\n \" title=\"\"><\/td>\n<\/tr>\n<\/tbody>\n<\/table>\n<\/figure>\n<p>Intressanta saker att veta inneb\u00f6rden: <a href=\"https:\/\/sv.wikipedia.org\/wiki\/Tarot\" target=\"_blank\" rel=\"nofollow noopener\"> Tarot <\/a> <\/p>\n<p>H\u00e4r l\u00e4mnar vi ocks\u00e5 \u00e4mnen relaterade till: <a href=\" https:\/\/goroskop.tv\/sw\/kommer-leo-och-skorpionen-overens-som-vanner\/\">Tarot<\/a><\/p>\n<div id=\"ez-toc-container\" class=\"ez-toc-v2_0_82_2 ez-toc-wrap-center counter-hierarchy ez-toc-counter ez-toc-grey ez-toc-container-direction\">\n<div class=\"ez-toc-title-container\">\n<div class=\"ez-toc-title\" style=\"cursor:inherit\">Table of Contents<\/div>\n<span class=\"ez-toc-title-toggle\"><a href=\"#\" class=\"ez-toc-pull-right ez-toc-btn ez-toc-btn-xs ez-toc-btn-default ez-toc-toggle\" aria-label=\"Alternar tabla de contenidos\"><span class=\"ez-toc-js-icon-con\"><span class=\"\"><span class=\"eztoc-hide\" style=\"display:none;\">Toggle<\/span><span class=\"ez-toc-icon-toggle-span\"><svg style=\"fill: #999;color:#999\" xmlns=\"http:\/\/www.w3.org\/2000\/svg\" class=\"list-377408\" width=\"20px\" height=\"20px\" viewBox=\"0 0 24 24\" fill=\"none\"><path d=\"M6 6H4v2h2V6zm14 0H8v2h12V6zM4 11h2v2H4v-2zm16 0H8v2h12v-2zM4 16h2v2H4v-2zm16 0H8v2h12v-2z\" fill=\"currentColor\"><\/path><\/svg><svg style=\"fill: #999;color:#999\" class=\"arrow-unsorted-368013\" xmlns=\"http:\/\/www.w3.org\/2000\/svg\" width=\"10px\" height=\"10px\" viewBox=\"0 0 24 24\" version=\"1.2\" baseProfile=\"tiny\"><path d=\"M18.2 9.3l-6.2-6.3-6.2 6.3c-.2.2-.3.4-.3.7s.1.5.3.7c.2.2.4.3.7.3h11c.3 0 .5-.1.7-.3.2-.2.3-.5.3-.7s-.1-.5-.3-.7zM5.8 14.7l6.2 6.3 6.2-6.3c.2-.2.3-.5.3-.7s-.1-.5-.3-.7c-.2-.2-.4-.3-.7-.3h-11c-.3 0-.5.1-.7.3-.2.2-.3.5-.3.7s.1.5.3.7z\"\/><\/svg><\/span><\/span><\/span><\/a><\/span><\/div>\n<nav><ul class='ez-toc-list ez-toc-list-level-1 eztoc-toggle-hide-by-default' ><li class='ez-toc-page-1 ez-toc-heading-level-2'><a class=\"ez-toc-link ez-toc-heading-1\" href=\"https:\/\/goroskop.tv\/sw\/vilket-ar-stjarntecknet-for-6-juli\/#Vilket_ar_stjarntecknet_for_6_juli\" >Vilket \u00e4r stj\u00e4rntecknet f\u00f6r 6 juli?<\/a><\/li><li class='ez-toc-page-1 ez-toc-heading-level-2'><a class=\"ez-toc-link ez-toc-heading-2\" href=\"https:\/\/goroskop.tv\/sw\/vilket-ar-stjarntecknet-for-6-juli\/#Vilken_personlighet_har_ett_cancertecken\" >Vilken personlighet har ett cancertecken?<\/a><\/li><li class='ez-toc-page-1 ez-toc-heading-level-2'><a class=\"ez-toc-link ez-toc-heading-3\" href=\"https:\/\/goroskop.tv\/sw\/vilket-ar-stjarntecknet-for-6-juli\/#Vad_kannetecknar_cancer\" >Vad k\u00e4nnetecknar cancer?<\/a><ul class='ez-toc-list-level-4' ><li class='ez-toc-heading-level-4'><ul class='ez-toc-list-level-4' ><li class='ez-toc-heading-level-4'><a class=\"ez-toc-link ez-toc-heading-4\" href=\"https:\/\/goroskop.tv\/sw\/vilket-ar-stjarntecknet-for-6-juli\/#Datumen_ar_fran_21_juni_till_22_juli\" >Datumen \u00e4r fr\u00e5n 21 juni till 22 juli.<\/a><\/li><\/ul><\/li><\/ul><\/li><li class='ez-toc-page-1 ez-toc-heading-level-2'><a class=\"ez-toc-link ez-toc-heading-5\" href=\"https:\/\/goroskop.tv\/sw\/vilket-ar-stjarntecknet-for-6-juli\/#Vad_innebar_det_att_fodas_den_6_juli\" >Vad inneb\u00e4r det att f\u00f6das den 6 juli?<\/a><\/li><li class='ez-toc-page-1 ez-toc-heading-level-2'><a class=\"ez-toc-link ez-toc-heading-6\" href=\"https:\/\/goroskop.tv\/sw\/vilket-ar-stjarntecknet-for-6-juli\/#Vad_ar_cancerns_brister\" >Vad \u00e4r cancerns brister?<\/a><\/li><li class='ez-toc-page-1 ez-toc-heading-level-2'><a class=\"ez-toc-link ez-toc-heading-7\" href=\"https:\/\/goroskop.tv\/sw\/vilket-ar-stjarntecknet-for-6-juli\/#Ar_det_latt_for_cancerpatienter_att_bli_kara\" >\u00c4r det l\u00e4tt f\u00f6r cancerpatienter att bli k\u00e4ra?<\/a><\/li><li class='ez-toc-page-1 ez-toc-heading-level-2'><a class=\"ez-toc-link ez-toc-heading-8\" href=\"https:\/\/goroskop.tv\/sw\/vilket-ar-stjarntecknet-for-6-juli\/#Vilken_typ_av_person_ska_en_cancer_gifta_sig_med\" >Vilken typ av person ska en cancer gifta sig med?<\/a><\/li><li class='ez-toc-page-1 ez-toc-heading-level-2'><a class=\"ez-toc-link ez-toc-heading-9\" href=\"https:\/\/goroskop.tv\/sw\/vilket-ar-stjarntecknet-for-6-juli\/#Ar_cancer_smart\" >\u00c4r cancer smart?<\/a><\/li><li class='ez-toc-page-1 ez-toc-heading-level-2'><a class=\"ez-toc-link ez-toc-heading-10\" href=\"https:\/\/goroskop.tv\/sw\/vilket-ar-stjarntecknet-for-6-juli\/#Ar_cancerpatienter_farliga\" >\u00c4r cancerpatienter farliga?<\/a><\/li><li class='ez-toc-page-1 ez-toc-heading-level-2'><a class=\"ez-toc-link ez-toc-heading-11\" href=\"https:\/\/goroskop.tv\/sw\/vilket-ar-stjarntecknet-for-6-juli\/#Ar_cancerformer_reserverade\" >\u00c4r cancerformer reserverade?<\/a><\/li><\/ul><\/nav><\/div>\n","protected":false},"excerpt":{"rendered":"<p>Vilket \u00e4r stj\u00e4rntecknet f\u00f6r 6 juli? Kr\u00e4ftan \u00e4r det fj\u00e4rde stj\u00e4rntecknet (21 juni till 21 juli) och krabban \u00e4r dess symbol. Kr\u00e4ftan (kallad Karkata i vedisk astrologi) \u00e4r ett kardinalvattentecken som styrs av m\u00e5nen. Dess energi \u00e4r k\u00e4nslom\u00e4ssig, inhemsk och tr\u00f6stande. H\u00e4r ska vi ta en titt p\u00e5 cancerns personlighetsegenskaper och se hur detta tecken &hellip;<\/p>\n","protected":false},"author":1,"featured_media":111,"comment_status":"closed","ping_status":"closed","sticky":false,"template":"","format":"standard","meta":{"footnotes":""},"categories":[4],"tags":[10,7,9,134,80],"class_list":["post-53317","post","type-post","status-publish","format-standard","has-post-thumbnail","hentry","category-tarot","tag-ar","tag-for","tag-juli","tag-stjarntecknet","tag-vilket"],"_links":{"self":[{"href":"https:\/\/goroskop.tv\/sw\/wp-json\/wp\/v2\/posts\/53317","targetHints":{"allow":["GET"]}}],"collection":[{"href":"https:\/\/goroskop.tv\/sw\/wp-json\/wp\/v2\/posts"}],"about":[{"href":"https:\/\/goroskop.tv\/sw\/wp-json\/wp\/v2\/types\/post"}],"author":[{"embeddable":true,"href":"https:\/\/goroskop.tv\/sw\/wp-json\/wp\/v2\/users\/1"}],"replies":[{"embeddable":true,"href":"https:\/\/goroskop.tv\/sw\/wp-json\/wp\/v2\/comments?post=53317"}],"version-history":[{"count":0,"href":"https:\/\/goroskop.tv\/sw\/wp-json\/wp\/v2\/posts\/53317\/revisions"}],"wp:featuredmedia":[{"embeddable":true,"href":"https:\/\/goroskop.tv\/sw\/wp-json\/wp\/v2\/media\/111"}],"wp:attachment":[{"href":"https:\/\/goroskop.tv\/sw\/wp-json\/wp\/v2\/media?parent=53317"}],"wp:term":[{"taxonomy":"category","embeddable":true,"href":"https:\/\/goroskop.tv\/sw\/wp-json\/wp\/v2\/categories?post=53317"},{"taxonomy":"post_tag","embeddable":true,"href":"https:\/\/goroskop.tv\/sw\/wp-json\/wp\/v2\/tags?post=53317"}],"curies":[{"name":"wp","href":"https:\/\/api.w.org\/{rel}","templated":true}]}}