{"id":55896,"date":"2023-09-02T09:05:24","date_gmt":"2023-09-02T09:05:24","guid":{"rendered":"https:\/\/goroskop.tv\/sw\/vilken-fodelsesten-ar-den-14e-av\/"},"modified":"2023-09-02T09:05:24","modified_gmt":"2023-09-02T09:05:24","slug":"vilken-fodelsesten-ar-den-14e-av","status":"publish","type":"post","link":"https:\/\/goroskop.tv\/sw\/vilken-fodelsesten-ar-den-14e-av\/","title":{"rendered":"Vilken f\u00f6delsesten \u00e4r den 14:e av"},"content":{"rendered":"<p><\/p>\n<h2><span class=\"ez-toc-section\" id=\"Vilken_fodelsesten_ar_den_14_september\"><\/span><span class=\"ez-toc-section\" id=\"%C2%BFQue_piedra_de_nacimiento_es_el_14_de_septiembre\"><\/span>  Vilken f\u00f6delsesten \u00e4r den 14 september?<span class=\"ez-toc-section-end\"><\/span><span class=\"ez-toc-section-end\"><\/span><\/h2>\n<p>\u00c4ven om termen \u00absafir\u00bb vanligtvis anv\u00e4nds f\u00f6r att beskriva den djupbl\u00e5 \u00e4delstensvariationen av mineralet korund, finns denna faktiska \u00e4delsten faktiskt i en m\u00e4ngd olika f\u00e4rger. <\/p>\n<p>  Alla nyanser utom r\u00f6tt, som klassas som rubin, finns i safirer.<\/p>\n<h2><span class=\"ez-toc-section\" id=\"Vilka_ar_de_tva_fodelsestenarna_for_september\"><\/span><span class=\"ez-toc-section\" id=\"%C2%BFCuales_son_las_dos_piedras_natales_de_septiembre\"><\/span><span id=\"ezoic-pub-ad-placeholder-144\" class=\"ezoic-adpicker-ad\"><\/span><span class=\"ezoic-ad ezoic-at-0 box-4 box-4144 adtester-container adtester-container-144\" data-ez-name=\"hiszodiac_com-box-4\"><span id=\"div-gpt-ad-hiszodiac_com-box-4-0\" ezaw=\"250\" ezah=\"250\" style=\"position:relative;z-index:0;display:inline-block;padding:0;width:100%;max-width:1200px;margin-left:auto!important;margin-right:auto!important;min-height:90px;min-width:728px\" class=\"ezoic-ad\"><\/span><\/span>Vilka \u00e4r de tv\u00e5 f\u00f6delsestenarna f\u00f6r september?<span class=\"ez-toc-section-end\"><\/span><span class=\"ez-toc-section-end\"><\/span><\/h2>\n<p>Safir, f\u00f6delsestenen f\u00f6r september, \u00e4r relaterad till rubin, f\u00f6delsestenen f\u00f6r juli. <\/p>\n<p>  B\u00e5da \u00e4r kristallina varianter av mineralet korund, som \u00e4r sammansatt av aluminiumoxid. <\/p>\n<p>  Ruby \u00e4r namnet p\u00e5 r\u00f6d korund. <\/p>\n<p>  Och safirer \u00e4r namnet p\u00e5 alla andra korundkristaller av \u00e4delstenskvalitet. <\/p>\n<p>  P\u00e5 Mohs-skalan har all korund, inklusive safir, en h\u00e5rdhet p\u00e5 9. <\/p>\n<p>N\u00e4r det g\u00e4ller h\u00e5rdhet \u00e4r safir nu n\u00e4st efter diamant.<\/p>\n<p>Safirer kommer vanligtvis i bl\u00e5 \u00e4delstenar. <\/p>\n<p>  Den exakta f\u00e4rgen varierar beroende p\u00e5 hur mycket titan och j\u00e4rn som finns i kristallstrukturen, allt fr\u00e5n en mycket ljusbl\u00e5 till djup indigo. <\/p>\n<p>  Medeldjup bl\u00e5klintbl\u00e5 \u00e4r den mest v\u00e4rdefulla bl\u00e5. <\/p>\n<p>  Fancy safirer \u00e4r safirer som har ytterligare naturliga f\u00e4rger och nyanser, s\u00e5som f\u00e4rgl\u00f6s, gr\u00e5, gul, ljusrosa, orange, gr\u00f6n och violett. <\/p>\n<p>  De olika f\u00e4rgerna p\u00e5 \u00e4delstenar orsakas av olika typer av f\u00f6roreningar i kristallen. <\/p>\n<p>  Till exempel ger j\u00e4rn (j\u00e4rn) f\u00e4rg till gula safirer, medan f\u00e4rgl\u00f6sa stenar \u00e4r fria fr\u00e5n f\u00f6roreningar.<\/p>\n<p>I synnerhet New South Wales och Queensland i Australien \u00e4r de st\u00f6rsta k\u00e4llorna till safirer i v\u00e4rlden. <\/p>\n<p>  Australiska safirer \u00e4r i allm\u00e4nhet bl\u00e5 \u00e4delstenar med ett m\u00f6rkt, tonat utseende som finns i alluviala avlagringar av v\u00e4derbiten basalt. <\/p>\n<p>  Den indiska regionen Kashmir var en g\u00e5ng k\u00e4nd f\u00f6r att producera bl\u00e5klintsbl\u00e5 stenar. <\/p>\n<p>  Yogo Gulch-gruvan i Montana \u00e4r en stor k\u00e4lla till kol i USA. <\/p>\n<p>  Sm\u00e5 stenar f\u00f6r industriellt bruk \u00e4r huvudproduktionen.<\/p>\n<h3><span class=\"ez-toc-section\" id=\"safirtradition\"><\/span><span class=\"ez-toc-section\" id=\"Tradicion_de_zafiro\"><\/span><span id=\"ezoic-pub-ad-placeholder-149\" class=\"ezoic-adpicker-ad\"><\/span><span class=\"ezoic-ad ezoic-at-0 narrow-sky-1 narrow-sky-1149 adtester-container adtester-container-149\" data-ez-name=\"hiszodiac_com-narrow-sky-1\"><span id=\"div-gpt-ad-hiszodiac_com-narrow-sky-1-0\" ezaw=\"468\" ezah=\"60\" style=\"position:relative;z-index:0;display:inline-block;padding:0;width:100%;max-width:1200px;margin-left:auto!important;margin-right:auto!important;min-height:90px;min-width:728px\" class=\"ezoic-ad\"><\/span><\/span>safirtradition<span class=\"ez-toc-section-end\"><\/span><span class=\"ez-toc-section-end\"><\/span><\/h3>\n<p>Ordet safir har sitt ursprung i gamla spr\u00e5k. <\/p>\n<p>  Det kommer fr\u00e5n det latinska ordet sapphirus, som betyder \u00abbl\u00e5\u00bb, det grekiska ordet sappheiros, som syftar p\u00e5 \u00f6n Sappherine i Arabiska havet, d\u00e4r safirer uppt\u00e4cktes i antikens Grekland, och det arabiska ordet safir. <\/p>\n<p>  Safir var k\u00e4nd som \u00abden himmelska stenen\u00bb i det gamla Persien. <\/p>\n<p>  Det var Apollons diamant, den grekiska profetians gud. <\/p>\n<p>  Safirer bars av m\u00e4nniskor som bes\u00f6kte hennes fristad i Delfi f\u00f6r att be om hennes hj\u00e4lp. <\/p>\n<p>  Safirer anv\u00e4ndes av de gamla etruskerna redan p\u00e5 700-talet f.Kr.<\/p>\n<p>Sapphire sades representera sj\u00e4lens renhet samt vara f\u00f6delsestenen f\u00f6r september. <\/p>\n<p>  Pr\u00e4ster anv\u00e4nde det f\u00f6re och under medeltiden f\u00f6r att avv\u00e4rja omoraliska tankar och fysiska frestelser. <\/p>\n<p>  Kungarna i det medeltida Europa uppskattade dessa stenar f\u00f6r anv\u00e4ndning i ringar och broscher eftersom de trodde att de skulle skydda dem fr\u00e5n skada och fiendskap. <\/p>\n<p>  Warriors gav safirhalsband till sina unga fruar f\u00f6r att s\u00e4kerst\u00e4lla deras lojalitet. <\/p>\n<p>  Stenens f\u00e4rg sades bli m\u00f6rkare om den bars av en \u00e4ktenskapsbrytare, \u00e4ktenskapsbrytare eller n\u00e5gon v\u00e4rdel\u00f6s.<\/p>\n<p>Safirer ans\u00e5gs l\u00e4nge ge skydd \u00e5t ormar. <\/p>\n<p>  Man trodde f\u00f6rr att om man satte giftiga spindlar och reptiler i en burk med stenen skulle djuren d\u00f6 omedelbart. <\/p>\n<p>  P\u00e5 1200-talet trodde fransm\u00e4nnen att safir kunde f\u00f6rvandla d\u00e5lig humor till bra humor och okunskap till visdom.<\/p>\n<p>I Queen Victorias 1838 Imperial State Crown finns en av de mest k\u00e4nda safirerna. <\/p>\n<p>  Den f\u00f6rvaras i British Crown Jewels Collection i Tower of London. <\/p>\n<p>  Denna p\u00e4rla \u00e4r k\u00e4nd som St. Edward&#8217;s Sapphire eftersom den tidigare tillh\u00f6rde Edward the Confessor, som bar den i en ring under sin kr\u00f6ning 1042.<\/p>\n<p>F\u00f6delsestenar f\u00f6r \u00e5rets andra m\u00e5nader hittar du h\u00e4r:<\/p>\n<h2><span class=\"ez-toc-section\" id=\"Vilken_adelsten_ar_egentligen_septemberfodelsestenen\"><\/span><span class=\"ez-toc-section\" id=\"%C2%BFQue_piedra_preciosa_es_en_realidad_la_piedra_de_nacimiento_de_septiembre\"><\/span><span id=\"ezoic-pub-ad-placeholder-145\" class=\"ezoic-adpicker-ad\"><\/span>Vilken \u00e4delsten \u00e4r egentligen septemberf\u00f6delsestenen?<span class=\"ez-toc-section-end\"><\/span><span class=\"ez-toc-section-end\"><\/span><\/h2>\n<p>Safirp\u00e4rlan, som har varit uppskattad i tusentals \u00e5r, \u00e4r f\u00f6delsestenen f\u00f6r september. <\/p>\n<p>  Termen safir syftar generellt p\u00e5 den bl\u00e5 varianten av korund, medan rubin \u00e4r den r\u00f6da versionen, men denna f\u00f6delsesten finns i ett brett utbud av olika nyanser. <\/p>\n<p>  \u00abSafir kommer fr\u00e5n det grekiska ordet sappheiros, och bl\u00e5 safir \u00e4r en av de mest popul\u00e4ra f\u00e4rgade stenarna. <\/p>\n<p>  Safirer har l\u00e4nge f\u00f6rknippats med monarki och romantik. <\/p>\n<p>  De tros ocks\u00e5 representera trohet och sj\u00e4l. <\/p>\n<p>  L\u00e4s vidare f\u00f6r att l\u00e4ra dig mer om septemberf\u00f6delsestenen, inklusive dess ursprung och platser.<\/p>\n<h2><span class=\"ez-toc-section\" id=\"Vilka_tre_adelstenar_ar_septemberfodelsestenar\"><\/span><span class=\"ez-toc-section\" id=\"%C2%BFQue_tres_piedras_preciosas_son_las_piedras_de_nacimiento_de_septiembre\"><\/span><span id=\"ezoic-pub-ad-placeholder-146\" class=\"ezoic-adpicker-ad\"><\/span><span class=\"ezoic-ad ezoic-at-0 large-leaderboard-2 large-leaderboard-2146 adtester-container adtester-container-146\" data-ez-name=\"hiszodiac_com-large-leaderboard-2\"><span id=\"div-gpt-ad-hiszodiac_com-large-leaderboard-2-0\" ezaw=\"336\" ezah=\"280\" style=\"position:relative;z-index:0;display:inline-block;padding:0;width:100%;max-width:1200px;margin-left:auto!important;margin-right:auto!important;min-height:90px;min-width:728px\" class=\"ezoic-ad\"><\/span><\/span>Vilka tre \u00e4delstenar \u00e4r septemberf\u00f6delsestenar?<span class=\"ez-toc-section-end\"><\/span><span class=\"ez-toc-section-end\"><\/span><\/h2>\n<p>September symboliseras av dessa tre \u00e4delstenar. <\/p>\n<p>  Ta reda p\u00e5 varf\u00f6r de \u00e4r septemberf\u00f6delsestenar och vad de symboliskt st\u00e5r f\u00f6r.<\/p>\n<p>Den nionde m\u00e5naden i den gregorianska kalendern \u00e4r september. <\/p>\n<p>  September \u00e4r b\u00f6rjan av h\u00f6sten p\u00e5 norra halvklotet och b\u00f6rjan av v\u00e5ren p\u00e5 s\u00f6dra halvklotet. <\/p>\n<p>  Eftersom september ursprungligen var den sjunde m\u00e5naden i den romerska kalendern, kommer termen september fr\u00e5n det latinska ordet septem, som betyder sju. <\/p>\n<p>  Stj\u00e4rntecknen Jungfrun och V\u00e5gen \u00e4r representerade i september. <\/p>\n<p>  Aster och morning glory \u00e4r septembers f\u00f6delseblommor.<\/p>\n<p>Tre distinkta \u00e4delstenar fungerar som f\u00f6delsestenar f\u00f6r september m\u00e5nad. <\/p>\n<p>  Vi valde safir, lapis lazuli och karneol som de tre signatur\u00e4delstenarna som b\u00e4st exemplifierar september f\u00f6r detta inl\u00e4gg. <\/p>\n<p>  L\u00e5t oss unders\u00f6ka dessa underbara juveler fr\u00e5n september mer i detalj.<\/p>\n<h2><span class=\"ez-toc-section\" id=\"Vilken_farg_ar_fodelsemanaden_september\"><\/span><span class=\"ez-toc-section\" id=\"%C2%BFDe_que_color_es_el_mes_de_nacimiento_de_septiembre\"><\/span><span id=\"ezoic-pub-ad-placeholder-147\" class=\"ezoic-adpicker-ad\"><\/span>Vilken f\u00e4rg \u00e4r f\u00f6delsem\u00e5naden september?<span class=\"ez-toc-section-end\"><\/span><span class=\"ez-toc-section-end\"><\/span><\/h2>\n<p>Bl\u00e5 safir \u00e4r \u00e4delstenen som ger september sin djupbl\u00e5 f\u00f6delsesten. <\/p>\n<p>  Korund \u00e4r ett mineral som finns i m\u00e5nga olika f\u00e4rger som kallas \u00abfancy safirer\u00bb, inklusive bl\u00e5 safir. <\/p>\n<p>  R\u00f6d korund \u00e4r ett undantag eftersom det faktiskt \u00e4r rubinstenen och hanteras annorlunda. <\/p>\n<p>  Korund \u00e4r faktiskt f\u00e4rgl\u00f6s, och de olika f\u00e4rgerna p\u00e5 safirer \u00e4r resultatet av sp\u00e5rm\u00e4ngder av andra element. <\/p>\n<p>  Dessa \u00e4r sp\u00e5r av j\u00e4rn och titan n\u00e4r det g\u00e4ller bl\u00e5 safir.<\/p>\n<p>De historiska uppt\u00e4ckterna av lysande bl\u00e5 safirer gjordes i Kashmir, en avl\u00e4gsen bergig plats i norra Indien. <\/p>\n<p>  De flesta h\u00f6gkvalitativa safirer kommer nu fr\u00e5n Madagaskar i Afrika, samt Myanmar (Burma), Sri Lanka, Thailand och Kambodja i Asien. <\/p>\n<p>  I Australien, Montana, \u00d6stafrika och USA finns safirer av kommersiell kvalitet.<\/p>\n<p>En fantastisk g\u00e5va f\u00f6r en betydande f\u00f6delsedag \u00e4r september birthstone smycken med den ov\u00e4rderliga och dyrbara bl\u00e5 safir \u00e4delstenen.<\/p>\n<h2><span class=\"ez-toc-section\" id=\"Vilken_farg_har_blomman_i_september\"><\/span><span class=\"ez-toc-section\" id=\"%C2%BFDe_que_tono_es_la_flor_en_septiembre\"><\/span><span id=\"ezoic-pub-ad-placeholder-148\" class=\"ezoic-adpicker-ad\"><\/span><span class=\"ezoic-ad ezoic-at-0 mobile-leaderboard-2 mobile-leaderboard-2148 adtester-container adtester-container-148\" data-ez-name=\"hiszodiac_com-mobile-leaderboard-2\"><span id=\"div-gpt-ad-hiszodiac_com-mobile-leaderboard-2-0\" ezaw=\"336\" ezah=\"280\" style=\"position:relative;z-index:0;display:inline-block;padding:0;width:100%;max-width:1200px;margin-left:auto!important;margin-right:auto!important;min-height:90px;min-width:728px\" class=\"ezoic-ad\"><\/span><\/span>Vilken f\u00e4rg har blomman i september?<span class=\"ez-toc-section-end\"><\/span><span class=\"ez-toc-section-end\"><\/span><\/h2>\n<p>Astern \u00e4r blomman av septemberf\u00f6delsedagar. <\/p>\n<p>  Det \u00e4r en sammansatt blomma som tillh\u00f6r familjen tusensk\u00f6nor och har l\u00e5nga kronblad som omger en central k\u00e4rna av sm\u00e5 blomhuvuden. <\/p>\n<p>  Det finns \u00f6ver 600 olika arter av asters, som finns i nyanser fr\u00e5n vitt till r\u00f6tt till orange. <\/p>\n<p>  Men astern \u00e4r mest k\u00e4nd f\u00f6r sin livfulla bl\u00e5lila nyans. <\/p>\n<p>  Denna septemberblomma \u00e4r ocks\u00e5 en av de ljusaste h\u00f6stblommorna.<\/p>\n<p>Asterblomman s\u00e4gs ha sitt ursprung n\u00e4r den grekiska gudinnan Astraea blev deprimerad av bristen p\u00e5 stj\u00e4rnor p\u00e5 himlen. <\/p>\n<p>  Han b\u00f6rjade gr\u00e5ta en natt f\u00f6r att han var s\u00e5 ledsen. <\/p>\n<p>  T\u00e5rar f\u00f6rvandlades till vackra stj\u00e4rnformade asterblommor n\u00e4r de forsade nerf\u00f6r hennes ansikte och landade p\u00e5 marken. <\/p>\n<p>  Aster betyder \u00abstj\u00e4rna\u00bb p\u00e5 grekiska.<\/p>\n<h2><span class=\"ez-toc-section\" id=\"Bar_bebisar_i_september_bla_safirsmycken\"><\/span><span class=\"ez-toc-section\" id=\"%C2%BFLos_bebes_de_septiembre_usan_joyas_de_zafiro_azul\"><\/span><span id=\"ezoic-pub-ad-placeholder-153\" class=\"ezoic-adpicker-ad\"><\/span><span class=\"ezoic-ad ezoic-at-0 netboard-2 netboard-2153 adtester-container adtester-container-153\" data-ez-name=\"hiszodiac_com-netboard-2\"><span id=\"div-gpt-ad-hiszodiac_com-netboard-2-0\" ezaw=\"300\" ezah=\"250\" style=\"position:relative;z-index:0;display:inline-block;padding:0;min-height:250px;min-width:300px\" class=\"ezoic-ad\"><\/span><\/span>B\u00e4r bebisar i september bl\u00e5 safirsmycken?<span class=\"ez-toc-section-end\"><\/span><span class=\"ez-toc-section-end\"><\/span><\/h2>\n<p>Jungfrun \u00e4r stj\u00e4rntecknet f\u00f6r dem som f\u00f6ddes mellan 24 augusti och 22 september. <\/p>\n<p>Merkurius \u00e4r tecknets styrande planet, och Jungfrun \u00e4r dess symbol. <\/p>\n<p>  Beroende p\u00e5 deras styrande planeter, var och en individuella upplever b\u00e5de efectiva och negativa utvecklingar. <\/p>\n<p>  Men att b\u00e4ra en birthstone har en betydande inverkan p\u00e5 att berika och f\u00f6rb\u00e4ttra en persons liv. <\/p>\n<p>  Det kanaliserar all positiv energi fr\u00e5n den styrande planeten och f\u00e5r den att sympatisera med b\u00e4raren.<\/p>\n<p>Jungfruns f\u00f6delsesten \u00e4r bl\u00e5 safir;  Legenden s\u00e4ger att kraften i denna sten ligger i str\u00e5larna den emanerar. <\/p>\n<p>  Det p\u00e5verkar i h\u00f6g grad anv\u00e4ndaren p\u00e5 grund av dess unika ton, kristallstruktur och egenskaper. <\/p>\n<p>  Stenen \u00e4r bl\u00e5, vilket anses vara en mycket viktig och kraftfull nyans. <\/p>\n<p>  J\u00e4mf\u00f6rt med andra stenar av liknande f\u00e4rg, tros den bl\u00e5 nyansen av safir vara den ljusaste.<\/p>\n<h2><span class=\"ez-toc-section\" id=\"Diamanten_som_ar_september\"><\/span><span class=\"ez-toc-section\" id=\"El_Diamante_que_es_septiembre\"><\/span><span id=\"ezoic-pub-ad-placeholder-154\" class=\"ezoic-adpicker-ad\"><\/span><span class=\"ezoic-ad ezoic-at-0 portrait-1 portrait-1154 adtester-container adtester-container-154\" data-ez-name=\"hiszodiac_com-portrait-1\"><span id=\"div-gpt-ad-hiszodiac_com-portrait-1-0\" ezaw=\"468\" ezah=\"60\" style=\"position:relative;z-index:0;display:inline-block;padding:0;width:100%;max-width:1200px;margin-left:auto!important;margin-right:auto!important;min-height:90px;min-width:728px\" class=\"ezoic-ad\"><\/span><\/span>Diamanten som \u00e4r september.<span class=\"ez-toc-section-end\"><\/span><span class=\"ez-toc-section-end\"><\/span><\/h2>\n<p>Safir \u00e4r en vacker bl\u00e5 \u00e4delsten och f\u00f6delsestenen f\u00f6r september. <\/p>\n<p>  Denna f\u00f6delsesten i september representerar majest\u00e4t, kunskap och upplysning. <\/p>\n<p>  I naturen kan safirer hittas i alla regnb\u00e5gens f\u00e4rger, inklusive gr\u00f6nt, rosa och gult, men septemberf\u00f6delsestenen \u00e4r bl\u00e5. <\/p>\n<p>  Korundfamiljen av mineraler inkluderar safirer, som ocks\u00e5 inneh\u00e5ller sp\u00e5rm\u00e4ngder av j\u00e4rn, titan, koppar, magnesium och krom. <\/p>\n<p>  Med en Mohs h\u00e5rdhet p\u00e5 9, bara en grad under diamanter, \u00e4r safirer ett p\u00e5litligt val f\u00f6r vardagsbruk. <\/p>\n<p>  Kolla in dessa h\u00e4rliga f\u00f6delsestenar om din f\u00f6delsedag infaller den 9 respektive 19 september.<\/p>\n<ul>\n<li>Blue Nile Oval Safirh\u00e4nge<\/li>\n<li>James Allen Safir Halo \u00f6rh\u00e4ngen<\/li>\n<\/ul>\n<h3><span class=\"ez-toc-section\" id=\"September_Fodelsesten_Safir\"><\/span><span class=\"ez-toc-section\" id=\"Piedra_natal_de_septiembre_el_zafiro\"><\/span><span id=\"ezoic-pub-ad-placeholder-150\" class=\"ezoic-adpicker-ad\"><\/span><span class=\"ezoic-ad ezoic-at-0 leader-2 leader-2150 adtester-container adtester-container-150\" data-ez-name=\"hiszodiac_com-leader-2\"><span id=\"div-gpt-ad-hiszodiac_com-leader-2-0\" ezaw=\"336\" ezah=\"280\" style=\"position:relative;z-index:0;display:inline-block;padding:0;width:100%;max-width:1200px;margin-left:auto!important;margin-right:auto!important;min-height:90px;min-width:728px\" class=\"ezoic-ad\"><\/span><\/span>September F\u00f6delsesten: Safir<span class=\"ez-toc-section-end\"><\/span><span class=\"ez-toc-section-end\"><\/span><\/h3>\n<p>Vi f\u00f6rest\u00e4ller oss alla att septemberf\u00f6delsestenen \u00e4r djupbl\u00e5. <\/p>\n<p>  Det \u00e4r sant att safir \u00c4R bl\u00e5tt. <\/p>\n<p>  Men den kan ocks\u00e5 dyka upp i en regnb\u00e5ge av nyanser, fr\u00e5n gryningens gyllene nyans till den gl\u00f6dande r\u00f6dorange av en solnedg\u00e5ng och skymningens k\u00e4nsliga violetta. <\/p>\n<p>  Jag blev faktiskt informerad av Graduate Gemologists fr\u00e5n Gemological Institute of America (GIA) h\u00e4r p\u00e5 Jewellers Mutual att safir finns i alla f\u00e4rger utom r\u00f6tt eftersom en \u00abRuby, \u00e4delstenens bror till safir, \u00e4r en r\u00f6d safir.\u00bb<\/p>\n<p>Vi uppt\u00e4ckte ocks\u00e5 att nyansen av korund, den kristallina formen av aluminiumoxid, \u00e4r det som skiljer safirer fr\u00e5n rubiner. <\/p>\n<p>  Termen \u00abren aluminiumoxid\u00bb h\u00e4nvisar till ett f\u00e4rgl\u00f6st material som inneh\u00e5ller sp\u00e5rm\u00e4ngder av alla k\u00e4nda \u00abElegant Sapphire\u00bb-f\u00e4rger.<\/p>\n<h4><span class=\"ez-toc-section\" id=\"Det_ar_varifran_Sapphire-fargerna_kommer\"><\/span><span class=\"ez-toc-section\" id=\"Aqui_es_de_donde_vienen_los_colores_Zafiro\"><\/span><span id=\"ezoic-pub-ad-placeholder-158\" class=\"ezoic-adpicker-ad\"><\/span><span class=\"ezoic-ad ezoic-at-0 mobile-leaderboard-1 mobile-leaderboard-1158 adtester-container adtester-container-158\" data-ez-name=\"hiszodiac_com-mobile-leaderboard-1\"><span id=\"div-gpt-ad-hiszodiac_com-mobile-leaderboard-1-0\" ezaw=\"728\" ezah=\"90\" style=\"position:relative;z-index:0;display:inline-block;padding:0;width:100%;max-width:1200px;margin-left:auto!important;margin-right:auto!important;min-height:90px;min-width:728px\" class=\"ezoic-ad\"><\/span><\/span>Det \u00e4r varifr\u00e5n Sapphire-f\u00e4rgerna kommer:<span class=\"ez-toc-section-end\"><\/span><span class=\"ez-toc-section-end\"><\/span><\/h4>\n<ul>\n<li>j\u00e4rn + titan = bl\u00e5tt<\/li>\n<li>J\u00e4rn \u00e4r gr\u00f6n och gul till f\u00e4rgen.<\/li>\n<li>orange: krom + j\u00e4rn<\/li>\n<\/ul>\n<p>Korundkristall \u00e4r k\u00e4nd som en rubin n\u00e4r den inneh\u00e5ller tillr\u00e4ckligt med krom f\u00f6r att g\u00f6ra den r\u00f6d.<\/p>\n<h3><span class=\"ez-toc-section\" id=\"Vad_man_ska_leta_efter_i_en_safir\"><\/span><span class=\"ez-toc-section\" id=\"Que_buscar_en_un_zafiro\"><\/span><span id=\"ezoic-pub-ad-placeholder-151\" class=\"ezoic-adpicker-ad\"><\/span><span class=\"ezoic-ad ezoic-at-0 portrait-2 portrait-2151 adtester-container adtester-container-151\" data-ez-name=\"hiszodiac_com-portrait-2\"><span id=\"div-gpt-ad-hiszodiac_com-portrait-2-0\" ezaw=\"336\" ezah=\"280\" style=\"position:relative;z-index:0;display:inline-block;padding:0;width:100%;max-width:1200px;margin-left:auto!important;margin-right:auto!important;min-height:90px;min-width:728px\" class=\"ezoic-ad\"><\/span><\/span>Vad man ska leta efter i en safir<span class=\"ez-toc-section-end\"><\/span><span class=\"ez-toc-section-end\"><\/span><\/h3>\n<p>Den dyraste nyansen av safir \u00e4r en djup ren bl\u00e5, ofta kallad sammetsbl\u00e5 eller bl\u00e5klintbl\u00e5. <\/p>\n<p>  Det dyraste armbandet i historien var ett fantastiskt Kashmiri-safir- och diamantarmband som auktionerades ut f\u00f6r 6,9 miljoner dollar den 1 juni som en del av Christie&#8217;s Jewels: The Hong Kong Sale.<\/p>\n<p>En vacker orange-rosa nyans som kallas \u00abPadparadscha\u00bb efter singalesiska termen f\u00f6r lotusblomman \u00e4r en annan ov\u00e4rderlig nyans. <\/p>\n<p>  Med s\u00e5 m\u00e5nga safirnyanser tillg\u00e4ngliga finns det f\u00f6rmodligen en safir som passar alla preferenser och prisklasser. <\/p>\n<p>  Hitta consejos om hur du k\u00f6per dina favorit\u00e4delstenar p\u00e5 American Gem Trade Associations webbplats.<\/p>\n<h3><span class=\"ez-toc-section\" id=\"Adelstenen_for_romantik\"><\/span><span class=\"ez-toc-section\" id=\"La_piedra_preciosa_para_el_romance\"><\/span><span id=\"ezoic-pub-ad-placeholder-152\" class=\"ezoic-adpicker-ad\"><\/span><span class=\"ezoic-ad ezoic-at-0 large-mobile-banner-2 large-mobile-banner-2152 adtester-container adtester-container-152\" data-ez-name=\"hiszodiac_com-large-mobile-banner-2\"><span id=\"div-gpt-ad-hiszodiac_com-large-mobile-banner-2-0\" ezaw=\"250\" ezah=\"250\" style=\"position:relative;z-index:0;display:inline-block;padding:0;width:100%;max-width:1200px;margin-left:auto!important;margin-right:auto!important;min-height:90px;min-width:728px\" class=\"ezoic-ad\"><\/span><\/span>\u00c4delstenen f\u00f6r romantik<span class=\"ez-toc-section-end\"><\/span><span class=\"ez-toc-section-end\"><\/span><\/h3>\n<p>Sapphire har alltid varit kopplad till b\u00e5de romantik och aristokrati. <\/p>\n<p>  Safir \u00e4r en perfekt \u00e4delsten f\u00f6r en f\u00f6rlovningsring, eftersom den representerar ett l\u00f6fte om trohet, h\u00e4ngivenhet och f\u00f6rtroende. <\/p>\n<p>  S\u00e5 det var ingen slump att prins William bad Kate att gifta sig med honom med hj\u00e4lp av prinsessan Dianas f\u00f6rlovningsring i safir. <\/p>\n<p>  Denna Brilliant Earth lookalike l\u00e5ter dig komma s\u00e5 n\u00e4ra det \u00e4kta som m\u00f6jligt. <\/p>\n<p>  Safiren \u00e4r stenen som anv\u00e4nds f\u00f6r att fira 45 \u00e5rs \u00e4ktenskap.<\/p>\n<h3><span class=\"ez-toc-section\" id=\"Hur_man_tar_hand_om_safirer\"><\/span><span class=\"ez-toc-section\" id=\"Como_cuidar_los_zafiros\"><\/span>Hur man tar hand om safirer<span class=\"ez-toc-section-end\"><\/span><span class=\"ez-toc-section-end\"><\/span><\/h3>\n<p>Safirer \u00e4r en stark och h\u00e5llbar \u00e4delsten. <\/p>\n<p>  Som ett resultat \u00e4r safirer de h\u00e5rdaste stenarna. <\/p>\n<p>  Med en ny tandborste, varmt vatten och mild diskmedel kan du reng\u00f6ra dem s\u00e4kert. <\/p>\n<p>  Konsultera GIA f\u00f6r ytterligare information om \u00e4delstenar.<\/p>\n<p>Inneh\u00e5ller dina smycken safirer?  Om s\u00e5 \u00e4r fallet, se till att du \u00e4r s\u00e5 v\u00e4l skyddad som m\u00f6jligt. <\/p>\n<p>  Klicka p\u00e5 knappen nedan f\u00f6r att f\u00e5 en offert p\u00e5 smyckesf\u00f6rs\u00e4kring p\u00e5 mindre \u00e4n en minut. <\/p>\n<p>  Ingen privat information beh\u00f6vs.<\/p>\n<h2><span class=\"ez-toc-section\" id=\"Vilken_sten_var_min_fodelsesten\"><\/span><span class=\"ez-toc-section\" id=\"%C2%BFQue_piedra_fue_mi_piedra_de_nacimiento\"><\/span><span id=\"ezoic-pub-ad-placeholder-155\" class=\"ezoic-adpicker-ad\"><\/span><span class=\"ezoic-ad ezoic-at-0 leader-3 leader-3155 adtester-container adtester-container-155\" data-ez-name=\"hiszodiac_com-leader-3\"><span id=\"div-gpt-ad-hiszodiac_com-leader-3-0\" ezaw=\"300\" ezah=\"250\" style=\"position:relative;z-index:0;display:inline-block;padding:0;min-height:250px;min-width:300px\" class=\"ezoic-ad\"><\/span><\/span>Vilken sten var min f\u00f6delsesten?<span class=\"ez-toc-section-end\"><\/span><span class=\"ez-toc-section-end\"><\/span><\/h2>\n<p>En f\u00f6delsesten \u00e4r helt enkelt en \u00e4delsten som \u00e4r kopplad till en persons f\u00f6delsedatum. <\/p>\n<p>  Att b\u00e4ra en birthstone tros ge lycka och god h\u00e4lsa. <\/p>\n<p>  Beroende p\u00e5 deras koppling till planeterna, tros olika \u00e4delstenar ha \u00f6vernaturliga f\u00f6rm\u00e5gor. <\/p>\n<p>  M\u00e5nga samh\u00e4llen brukade associera en viss \u00e4delsten med f\u00f6dslar som intr\u00e4ffade under varje stj\u00e4rntecken, men med tiden \u00e4ndrades denna sed f\u00f6r att motsvara kalenderm\u00e5nader.<\/p>\n<p>F\u00f6delsestenar har sitt ursprung i antik astrologi och flera olika listor \u00f6ver f\u00f6delsestenar har anv\u00e4nts under tiden. <\/p>\n<p>  Den mest anv\u00e4nda nu \u00e4r baserad p\u00e5 en lista som den amerikanska smyckesindustrin tillhandah\u00e5ller. <\/p>\n<p>USA <\/p>\n<p>offentliggjordes f\u00f6rst p\u00e5 1950-talet.<\/p>\n<p>Baserat p\u00e5 kalenderm\u00e5naderna klassificeras f\u00f6delsestenar enligt f\u00f6ljande:<\/p>\n<h4><span class=\"ez-toc-section\" id=\"Januari_Birthstone_Granat\"><\/span><span class=\"ez-toc-section\" id=\"Piedra_natal_de_eneroGranate\"><\/span><span id=\"ezoic-pub-ad-placeholder-159\" class=\"ezoic-adpicker-ad\"><\/span><span class=\"ezoic-ad ezoic-at-0 leader-4 leader-4159 adtester-container adtester-container-159\" data-ez-name=\"hiszodiac_com-leader-4\"><span id=\"div-gpt-ad-hiszodiac_com-leader-4-0\" ezaw=\"336\" ezah=\"280\" style=\"position:relative;z-index:0;display:inline-block;padding:0;width:100%;max-width:1200px;margin-left:auto!important;margin-right:auto!important;min-height:90px;min-width:728px\" class=\"ezoic-ad\"><\/span><\/span>Januari Birthstone Granat<span class=\"ez-toc-section-end\"><\/span><span class=\"ez-toc-section-end\"><\/span><\/h4>\n<p>Denna sten tros skydda b\u00e4raren fr\u00e5n skada. <\/p>\n<p>  En granat representerar ocks\u00e5 orubblig lojalitet och v\u00e4nskap. <\/p>\n<p>  Denna sten har en l\u00e5ng historia av att vara associerad med blodrening och tros f\u00f6rhindra matf\u00f6rgiftning, ormbett och bl\u00f6dning.<\/p>\n<h4><span class=\"ez-toc-section\" id=\"Mars_Birthstone_Aquamarine\"><\/span><span class=\"ez-toc-section\" id=\"Piedra_natal_de_marzoAguamarina\"><\/span><span id=\"ezoic-pub-ad-placeholder-160\" class=\"ezoic-adpicker-ad\"><\/span><span class=\"ezoic-ad ezoic-at-0 netboard-1 netboard-1160 adtester-container adtester-container-160\" data-ez-name=\"hiszodiac_com-netboard-1\"><span id=\"div-gpt-ad-hiszodiac_com-netboard-1-0\" ezaw=\"336\" ezah=\"280\" style=\"position:relative;z-index:0;display:inline-block;padding:0;width:100%;max-width:1200px;margin-left:auto!important;margin-right:auto!important;min-height:90px;min-width:728px\" class=\"ezoic-ad\"><\/span><\/span>Mars Birthstone Aquamarine<span class=\"ez-toc-section-end\"><\/span><span class=\"ez-toc-section-end\"><\/span><\/h4>\n<p>Denna \u00e4delsten ans\u00e5gs skydda sj\u00f6farare och s\u00e4kerst\u00e4lla en s\u00e4ker resa. <\/p>\n<p>  Aquamarines lugnande ton tros lugna hum\u00f6ret, vilket g\u00f6r att b\u00e4raren kan beh\u00e5lla lugnet och objektiviteten. <\/p>\n<p>  Dessutom tros denna sten f\u00f6rdr\u00f6ja effekterna av \u00e5ldrande.<\/p>\n<h4><span class=\"ez-toc-section\" id=\"Maj_Birthstone_Emerald\"><\/span><span class=\"ez-toc-section\" id=\"Piedra_natal_de_mayoEsmeralda\"><\/span><span id=\"ezoic-pub-ad-placeholder-161\" class=\"ezoic-adpicker-ad\"><\/span><span class=\"ezoic-ad ezoic-at-0 narrow-sky-2 narrow-sky-2161 adtester-container adtester-container-161\" data-ez-name=\"hiszodiac_com-narrow-sky-2\"><span id=\"div-gpt-ad-hiszodiac_com-narrow-sky-2-0\" ezaw=\"250\" ezah=\"250\" style=\"position:relative;z-index:0;display:inline-block;padding:0;width:100%;max-width:1200px;margin-left:auto!important;margin-right:auto!important;min-height:90px;min-width:728px\" class=\"ezoic-ad\"><\/span><\/span>Maj Birthstone Emerald<span class=\"ez-toc-section-end\"><\/span><span class=\"ez-toc-section-end\"><\/span><\/h4>\n<p>Denna sten symboliserar \u00e5terf\u00f6delse, och de som b\u00e4r den s\u00e4gs f\u00e5 visdom, tur och ungdom. <\/p>\n<p>  Vissa m\u00e4nniskor tror att b\u00e4ra en smaragd kommer att ge dem t\u00e5lamod, framsteg och visdom. <\/p>\n<p>  Dessutom \u00e4r han k\u00e4nd f\u00f6r sin f\u00f6rm\u00e5ga att f\u00f6rmedla djup k\u00e4rlek.<\/p>\n<h4><span class=\"ez-toc-section\" id=\"Juli_BirthstoneRuby\"><\/span><span class=\"ez-toc-section\" id=\"Piedra_natal_de_julioRubi\"><\/span><span id=\"ezoic-pub-ad-placeholder-162\" class=\"ezoic-adpicker-ad\"><\/span><span class=\"ezoic-ad ezoic-at-0 large-mobile-banner-1 large-mobile-banner-1162 adtester-container adtester-container-162\" data-ez-name=\"hiszodiac_com-large-mobile-banner-1\"><span id=\"div-gpt-ad-hiszodiac_com-large-mobile-banner-1-0\" ezaw=\"336\" ezah=\"280\" style=\"position:relative;z-index:0;display:inline-block;padding:0;width:100%;max-width:1200px;margin-left:auto!important;margin-right:auto!important;min-height:90px;min-width:728px\" class=\"ezoic-ad\"><\/span><\/span>Juli BirthstoneRuby<span class=\"ez-toc-section-end\"><\/span><span class=\"ez-toc-section-end\"><\/span><\/h4>\n<p>Rubiner tros s\u00e4kerst\u00e4lla h\u00e4lsa, intelligens, f\u00f6rm\u00f6genhet och framg\u00e5ng i k\u00e4rlek. <\/p>\n<p>  De v\u00e4cker ocks\u00e5 sinnena och fantasin. <\/p>\n<p>  Ruby tros g\u00f6ra anv\u00e4ndaren smart och ge skydd mot alla m\u00f6jliga olyckor.<\/p>\n<h4><span class=\"ez-toc-section\" id=\"August_BirthstonePeridot\"><\/span><span class=\"ez-toc-section\" id=\"Piedra_natal_de_agostoPeridoto\"><\/span>August BirthstonePeridot<span class=\"ez-toc-section-end\"><\/span><span class=\"ez-toc-section-end\"><\/span><\/h4>\n<p>Enligt legenden har peridoten magiska f\u00f6rm\u00e5gor och helande egenskaper som kan avv\u00e4rja mardr\u00f6mmar och ge styrka, inflytande och ett gott nytt \u00e5r till b\u00e4raren. <\/p>\n<p>  Dessutom anv\u00e4ndes denna diamant f\u00f6r att avv\u00e4rja onda caminar.<\/p>\n<h4><span class=\"ez-toc-section\" id=\"September_Birthstone_Safir\"><\/span><span class=\"ez-toc-section\" id=\"Piedra_natal_de_septiembreZafiro\"><\/span>September Birthstone Safir<span class=\"ez-toc-section-end\"><\/span><span class=\"ez-toc-section-end\"><\/span><\/h4>\n<p>B\u00e4raren av safiren och hans n\u00e4ra och k\u00e4ra \u00e4r skyddade fr\u00e5n skada och fiendskap. <\/p>\n<p>  Pr\u00e4ster i gamla tider trodde att safirer kunde f\u00f6ruts\u00e4ga framtiden. <\/p>\n<p>  P\u00e4rlan \u00e4r kopplad till gl\u00e4dje och lugn.<\/p>\n<h4><span class=\"ez-toc-section\" id=\"Oktober_Birthstone_Opal\"><\/span><span class=\"ez-toc-section\" id=\"Piedra_natal_de_octubreOpalo\"><\/span>Oktober Birthstone Opal<span class=\"ez-toc-section-end\"><\/span><span class=\"ez-toc-section-end\"><\/span><\/h4>\n<p>Genom \u00e5rhundradena har opalen varit synonymt med optimism, oskuld och renhet. <\/p>\n<p>  Att b\u00e4ra det sades f\u00f6rb\u00e4ttra b\u00e4rarens syn. <\/p>\n<p>  Dessutom trodde man att det avv\u00e4rjde onda caminar och gynnade barn, underh\u00e5llning, v\u00e4nskap och k\u00e4nslor.<\/p>\n<h4><span class=\"ez-toc-section\" id=\"November_Birthstone_Citrin\"><\/span><span class=\"ez-toc-section\" id=\"Piedra_natal_de_noviembreCitrino\"><\/span>November Birthstone Citrin<span class=\"ez-toc-section-end\"><\/span><span class=\"ez-toc-section-end\"><\/span><\/h4>\n<p>B\u00e4rarens hopp, entusiasm och v\u00e4rme ska uppmuntras och v\u00e4gledas av denna gyllene \u00e4delsten, som ocks\u00e5 s\u00e4gs \u00f6ka vitalitet och h\u00e4lsa. <\/p>\n<p>  Citriner har ocks\u00e5 anv\u00e4nts som en talisman mot pest, d\u00e5lig hud och d\u00e5liga tankar, samt ett motgift mot ormgift. <\/p>\n<p>  De tros hj\u00e4lpa matsm\u00e4ltningen och hj\u00e4lpa till att befria kroppen fr\u00e5n f\u00f6roreningar.<\/p>\n<h4><span class=\"ez-toc-section\" id=\"December_Birthstone_Turkos\"><\/span><span class=\"ez-toc-section\" id=\"Piedra_natal_de_diciembreTurquesa\"><\/span>December Birthstone Turkos<span class=\"ez-toc-section-end\"><\/span><span class=\"ez-toc-section-end\"><\/span><\/h4>\n<p>Denna \u00e4delsten s\u00e4gs ge lycka och tur till vem tar det <\/p>\n<p>  Turkos var en nyans som indianerna f\u00f6rband med bl\u00e5 himmel och gr\u00f6n jord.<\/p>\n<p>Vi hoppas att du gillade v\u00e5r artikel Vilken f\u00f6delsesten \u00e4r den 14 september? och allt relaterat till horoskop, tarot, ritualer och allt relaterat.<\/p>\n<figure class=\"wp-block-table is-style-regular\">\n<\/figure>\n<p>Intressanta saker att veta inneb\u00f6rden: Tarot  <\/p>\n<p>\u00c4ven h\u00e4r l\u00e4mnar vi \u00e4mnen relaterade till: Tarot<\/p>\n<\/p>\n<p><\/p>\n<p>Vi hoppas att du gillade v\u00e5r artikel Vilken f\u00f6delsesten \u00e4r den 14:e av<br \/>\n och allt om horoskop, tarot, ritualer och allt relaterat till det &#8230;<\/p>\n<figure class=\"wp-block-table is-style-regular\">\n<table style=\"width: 284px; height: 157px;\">\n<tbody>\n<tr>\n<td class=\"has-text-align-center\" data-align=\"center\"><img loading=\"lazy\" decoding=\"async\" class=\"alignleft\" src=\" https:\/\/goroskop.tv\/wp-content\/uploads\/2023\/05\/tarot1.jpg \" alt=\" Vilken f\u00f6delsesten \u00e4r den 14:e av\n \" width=\"65\" height=\"95\" title=\"\"><img loading=\"lazy\" decoding=\"async\" class=\"alignleft\" style=\"width: 60px;\" src=\" https:\/\/goroskop.tv\/wp-content\/uploads\/2023\/05\/tarot2.jpg \" alt=\" Vilken f\u00f6delsesten \u00e4r den 14:e av\n \" width=\"195\" height=\"300\" title=\"\"><img decoding=\"async\" class=\"alignleft\" style=\"width: 60px;\" src=\" https:\/\/goroskop.tv\/wp-content\/uploads\/2023\/05\/tarot3.jpg \" alt=\" Vilken f\u00f6delsesten \u00e4r den 14:e av\n \" title=\"\"><\/td>\n<\/tr>\n<\/tbody>\n<\/table>\n<\/figure>\n<p>Intressanta saker att veta inneb\u00f6rden: <a href=\"https:\/\/sv.wikipedia.org\/wiki\/Tarot\" target=\"_blank\" rel=\"nofollow noopener\"> Tarot <\/a> <\/p>\n<p>H\u00e4r l\u00e4mnar vi ocks\u00e5 \u00e4mnen relaterade till: <a href=\" https:\/\/goroskop.tv\/sw\/kommer-leo-och-skorpionen-overens-som-vanner\/\">Tarot<\/a><\/p>\n<div id=\"ez-toc-container\" class=\"ez-toc-v2_0_82_2 ez-toc-wrap-center counter-hierarchy ez-toc-counter ez-toc-grey ez-toc-container-direction\">\n<div class=\"ez-toc-title-container\">\n<div class=\"ez-toc-title\" style=\"cursor:inherit\">Table of Contents<\/div>\n<span class=\"ez-toc-title-toggle\"><a href=\"#\" class=\"ez-toc-pull-right ez-toc-btn ez-toc-btn-xs ez-toc-btn-default ez-toc-toggle\" aria-label=\"Alternar tabla de contenidos\"><span class=\"ez-toc-js-icon-con\"><span class=\"\"><span class=\"eztoc-hide\" style=\"display:none;\">Toggle<\/span><span class=\"ez-toc-icon-toggle-span\"><svg style=\"fill: #999;color:#999\" xmlns=\"http:\/\/www.w3.org\/2000\/svg\" class=\"list-377408\" width=\"20px\" height=\"20px\" viewBox=\"0 0 24 24\" fill=\"none\"><path d=\"M6 6H4v2h2V6zm14 0H8v2h12V6zM4 11h2v2H4v-2zm16 0H8v2h12v-2zM4 16h2v2H4v-2zm16 0H8v2h12v-2z\" fill=\"currentColor\"><\/path><\/svg><svg style=\"fill: #999;color:#999\" class=\"arrow-unsorted-368013\" xmlns=\"http:\/\/www.w3.org\/2000\/svg\" width=\"10px\" height=\"10px\" viewBox=\"0 0 24 24\" version=\"1.2\" baseProfile=\"tiny\"><path d=\"M18.2 9.3l-6.2-6.3-6.2 6.3c-.2.2-.3.4-.3.7s.1.5.3.7c.2.2.4.3.7.3h11c.3 0 .5-.1.7-.3.2-.2.3-.5.3-.7s-.1-.5-.3-.7zM5.8 14.7l6.2 6.3 6.2-6.3c.2-.2.3-.5.3-.7s-.1-.5-.3-.7c-.2-.2-.4-.3-.7-.3h-11c-.3 0-.5.1-.7.3-.2.2-.3.5-.3.7s.1.5.3.7z\"\/><\/svg><\/span><\/span><\/span><\/a><\/span><\/div>\n<nav><ul class='ez-toc-list ez-toc-list-level-1 eztoc-toggle-hide-by-default' ><li class='ez-toc-page-1 ez-toc-heading-level-2'><a class=\"ez-toc-link ez-toc-heading-1\" href=\"https:\/\/goroskop.tv\/sw\/vilken-fodelsesten-ar-den-14e-av\/#Vilken_fodelsesten_ar_den_14_september\" >Vilken f\u00f6delsesten \u00e4r den 14 september?<\/a><\/li><li class='ez-toc-page-1 ez-toc-heading-level-2'><a class=\"ez-toc-link ez-toc-heading-2\" href=\"https:\/\/goroskop.tv\/sw\/vilken-fodelsesten-ar-den-14e-av\/#Vilka_ar_de_tva_fodelsestenarna_for_september\" >Vilka \u00e4r de tv\u00e5 f\u00f6delsestenarna f\u00f6r september?<\/a><ul class='ez-toc-list-level-3' ><li class='ez-toc-heading-level-3'><a class=\"ez-toc-link ez-toc-heading-3\" href=\"https:\/\/goroskop.tv\/sw\/vilken-fodelsesten-ar-den-14e-av\/#safirtradition\" >safirtradition<\/a><\/li><\/ul><\/li><li class='ez-toc-page-1 ez-toc-heading-level-2'><a class=\"ez-toc-link ez-toc-heading-4\" href=\"https:\/\/goroskop.tv\/sw\/vilken-fodelsesten-ar-den-14e-av\/#Vilken_adelsten_ar_egentligen_septemberfodelsestenen\" >Vilken \u00e4delsten \u00e4r egentligen septemberf\u00f6delsestenen?<\/a><\/li><li class='ez-toc-page-1 ez-toc-heading-level-2'><a class=\"ez-toc-link ez-toc-heading-5\" href=\"https:\/\/goroskop.tv\/sw\/vilken-fodelsesten-ar-den-14e-av\/#Vilka_tre_adelstenar_ar_septemberfodelsestenar\" >Vilka tre \u00e4delstenar \u00e4r septemberf\u00f6delsestenar?<\/a><\/li><li class='ez-toc-page-1 ez-toc-heading-level-2'><a class=\"ez-toc-link ez-toc-heading-6\" href=\"https:\/\/goroskop.tv\/sw\/vilken-fodelsesten-ar-den-14e-av\/#Vilken_farg_ar_fodelsemanaden_september\" >Vilken f\u00e4rg \u00e4r f\u00f6delsem\u00e5naden september?<\/a><\/li><li class='ez-toc-page-1 ez-toc-heading-level-2'><a class=\"ez-toc-link ez-toc-heading-7\" href=\"https:\/\/goroskop.tv\/sw\/vilken-fodelsesten-ar-den-14e-av\/#Vilken_farg_har_blomman_i_september\" >Vilken f\u00e4rg har blomman i september?<\/a><\/li><li class='ez-toc-page-1 ez-toc-heading-level-2'><a class=\"ez-toc-link ez-toc-heading-8\" href=\"https:\/\/goroskop.tv\/sw\/vilken-fodelsesten-ar-den-14e-av\/#Bar_bebisar_i_september_bla_safirsmycken\" >B\u00e4r bebisar i september bl\u00e5 safirsmycken?<\/a><\/li><li class='ez-toc-page-1 ez-toc-heading-level-2'><a class=\"ez-toc-link ez-toc-heading-9\" href=\"https:\/\/goroskop.tv\/sw\/vilken-fodelsesten-ar-den-14e-av\/#Diamanten_som_ar_september\" >Diamanten som \u00e4r september.<\/a><ul class='ez-toc-list-level-3' ><li class='ez-toc-heading-level-3'><a class=\"ez-toc-link ez-toc-heading-10\" href=\"https:\/\/goroskop.tv\/sw\/vilken-fodelsesten-ar-den-14e-av\/#September_Fodelsesten_Safir\" >September F\u00f6delsesten: Safir<\/a><ul class='ez-toc-list-level-4' ><li class='ez-toc-heading-level-4'><a class=\"ez-toc-link ez-toc-heading-11\" href=\"https:\/\/goroskop.tv\/sw\/vilken-fodelsesten-ar-den-14e-av\/#Det_ar_varifran_Sapphire-fargerna_kommer\" >Det \u00e4r varifr\u00e5n Sapphire-f\u00e4rgerna kommer:<\/a><\/li><\/ul><\/li><li class='ez-toc-page-1 ez-toc-heading-level-3'><a class=\"ez-toc-link ez-toc-heading-12\" href=\"https:\/\/goroskop.tv\/sw\/vilken-fodelsesten-ar-den-14e-av\/#Vad_man_ska_leta_efter_i_en_safir\" >Vad man ska leta efter i en safir<\/a><\/li><li class='ez-toc-page-1 ez-toc-heading-level-3'><a class=\"ez-toc-link ez-toc-heading-13\" href=\"https:\/\/goroskop.tv\/sw\/vilken-fodelsesten-ar-den-14e-av\/#Adelstenen_for_romantik\" >\u00c4delstenen f\u00f6r romantik<\/a><\/li><li class='ez-toc-page-1 ez-toc-heading-level-3'><a class=\"ez-toc-link ez-toc-heading-14\" href=\"https:\/\/goroskop.tv\/sw\/vilken-fodelsesten-ar-den-14e-av\/#Hur_man_tar_hand_om_safirer\" >Hur man tar hand om safirer<\/a><\/li><\/ul><\/li><li class='ez-toc-page-1 ez-toc-heading-level-2'><a class=\"ez-toc-link ez-toc-heading-15\" href=\"https:\/\/goroskop.tv\/sw\/vilken-fodelsesten-ar-den-14e-av\/#Vilken_sten_var_min_fodelsesten\" >Vilken sten var min f\u00f6delsesten?<\/a><ul class='ez-toc-list-level-4' ><li class='ez-toc-heading-level-4'><ul class='ez-toc-list-level-4' ><li class='ez-toc-heading-level-4'><a class=\"ez-toc-link ez-toc-heading-16\" href=\"https:\/\/goroskop.tv\/sw\/vilken-fodelsesten-ar-den-14e-av\/#Januari_Birthstone_Granat\" >Januari Birthstone Granat<\/a><\/li><li class='ez-toc-page-1 ez-toc-heading-level-4'><a class=\"ez-toc-link ez-toc-heading-17\" href=\"https:\/\/goroskop.tv\/sw\/vilken-fodelsesten-ar-den-14e-av\/#Mars_Birthstone_Aquamarine\" >Mars Birthstone Aquamarine<\/a><\/li><li class='ez-toc-page-1 ez-toc-heading-level-4'><a class=\"ez-toc-link ez-toc-heading-18\" href=\"https:\/\/goroskop.tv\/sw\/vilken-fodelsesten-ar-den-14e-av\/#Maj_Birthstone_Emerald\" >Maj Birthstone Emerald<\/a><\/li><li class='ez-toc-page-1 ez-toc-heading-level-4'><a class=\"ez-toc-link ez-toc-heading-19\" href=\"https:\/\/goroskop.tv\/sw\/vilken-fodelsesten-ar-den-14e-av\/#Juli_BirthstoneRuby\" >Juli BirthstoneRuby<\/a><\/li><li class='ez-toc-page-1 ez-toc-heading-level-4'><a class=\"ez-toc-link ez-toc-heading-20\" href=\"https:\/\/goroskop.tv\/sw\/vilken-fodelsesten-ar-den-14e-av\/#August_BirthstonePeridot\" >August BirthstonePeridot<\/a><\/li><li class='ez-toc-page-1 ez-toc-heading-level-4'><a class=\"ez-toc-link ez-toc-heading-21\" href=\"https:\/\/goroskop.tv\/sw\/vilken-fodelsesten-ar-den-14e-av\/#September_Birthstone_Safir\" >September Birthstone Safir<\/a><\/li><li class='ez-toc-page-1 ez-toc-heading-level-4'><a class=\"ez-toc-link ez-toc-heading-22\" href=\"https:\/\/goroskop.tv\/sw\/vilken-fodelsesten-ar-den-14e-av\/#Oktober_Birthstone_Opal\" >Oktober Birthstone Opal<\/a><\/li><li class='ez-toc-page-1 ez-toc-heading-level-4'><a class=\"ez-toc-link ez-toc-heading-23\" href=\"https:\/\/goroskop.tv\/sw\/vilken-fodelsesten-ar-den-14e-av\/#November_Birthstone_Citrin\" >November Birthstone Citrin<\/a><\/li><li class='ez-toc-page-1 ez-toc-heading-level-4'><a class=\"ez-toc-link ez-toc-heading-24\" href=\"https:\/\/goroskop.tv\/sw\/vilken-fodelsesten-ar-den-14e-av\/#December_Birthstone_Turkos\" >December Birthstone Turkos<\/a><\/li><\/ul><\/li><\/ul><\/li><\/ul><\/nav><\/div>\n","protected":false},"excerpt":{"rendered":"<p>Vilken f\u00f6delsesten \u00e4r den 14 september? \u00c4ven om termen \u00absafir\u00bb vanligtvis anv\u00e4nds f\u00f6r att beskriva den djupbl\u00e5 \u00e4delstensvariationen av mineralet korund, finns denna faktiska \u00e4delsten faktiskt i en m\u00e4ngd olika f\u00e4rger. Alla nyanser utom r\u00f6tt, som klassas som rubin, finns i safirer. Vilka \u00e4r de tv\u00e5 f\u00f6delsestenarna f\u00f6r september? Safir, f\u00f6delsestenen f\u00f6r september, \u00e4r relaterad &hellip;<\/p>\n","protected":false},"author":1,"featured_media":33,"comment_status":"closed","ping_status":"closed","sticky":false,"template":"","format":"standard","meta":{"footnotes":""},"categories":[4],"tags":[1232,10,8,275,86],"class_list":["post-55896","post","type-post","status-publish","format-standard","has-post-thumbnail","hentry","category-tarot","tag-14e","tag-ar","tag-den","tag-fodelsesten","tag-vilken"],"_links":{"self":[{"href":"https:\/\/goroskop.tv\/sw\/wp-json\/wp\/v2\/posts\/55896","targetHints":{"allow":["GET"]}}],"collection":[{"href":"https:\/\/goroskop.tv\/sw\/wp-json\/wp\/v2\/posts"}],"about":[{"href":"https:\/\/goroskop.tv\/sw\/wp-json\/wp\/v2\/types\/post"}],"author":[{"embeddable":true,"href":"https:\/\/goroskop.tv\/sw\/wp-json\/wp\/v2\/users\/1"}],"replies":[{"embeddable":true,"href":"https:\/\/goroskop.tv\/sw\/wp-json\/wp\/v2\/comments?post=55896"}],"version-history":[{"count":0,"href":"https:\/\/goroskop.tv\/sw\/wp-json\/wp\/v2\/posts\/55896\/revisions"}],"wp:featuredmedia":[{"embeddable":true,"href":"https:\/\/goroskop.tv\/sw\/wp-json\/wp\/v2\/media\/33"}],"wp:attachment":[{"href":"https:\/\/goroskop.tv\/sw\/wp-json\/wp\/v2\/media?parent=55896"}],"wp:term":[{"taxonomy":"category","embeddable":true,"href":"https:\/\/goroskop.tv\/sw\/wp-json\/wp\/v2\/categories?post=55896"},{"taxonomy":"post_tag","embeddable":true,"href":"https:\/\/goroskop.tv\/sw\/wp-json\/wp\/v2\/tags?post=55896"}],"curies":[{"name":"wp","href":"https:\/\/api.w.org\/{rel}","templated":true}]}}